{"id":37880,"date":"2021-06-14T07:50:35","date_gmt":"2021-06-14T06:50:35","guid":{"rendered":"https:\/\/speyer24news.com\/?p=37880"},"modified":"2021-06-14T07:50:37","modified_gmt":"2021-06-14T06:50:37","slug":"kirche-96","status":"publish","type":"post","link":"https:\/\/speyer24news.com\/?p=37880","title":{"rendered":"Kirche"},"content":{"rendered":"<style type=\"text\/css\">\r\n\t.ads_top_disp{}\r\n\t.ads_top_corner_disp{ float:left; margin:0px 10px 10px 0px; }\r\n\t.ads_first_p_disp{}\r\n\t.ads_bottom_disp{}\r\n\t<\/style>\n<h2 class=\"wp-block-heading\"><strong>Ideen f\u00fcr jeden Tag rund ums Thema Artenvielfalt<\/strong><\/h2>\n\n\n\n<h3 class=\"wp-block-heading\"><strong>Aktion \u201eTrendsetter Weltretter\u201c hat Vorschl\u00e4ge, Aktionen und Ideen f\u00fcr Gruppen ver\u00f6ffentlicht.<\/strong><\/h3>\n\n\n\n<div class=\"wp-block-image\"><figure class=\"aligncenter size-large\"><img decoding=\"async\" loading=\"lazy\" width=\"800\" height=\"638\" src=\"https:\/\/speyer24news.com\/wp-content\/uploads\/2020\/05\/Trendsetter-Weltretter.jpg\" alt=\"\" class=\"wp-image-26620\" srcset=\"https:\/\/speyer24news.com\/wp-content\/uploads\/2020\/05\/Trendsetter-Weltretter.jpg 800w, https:\/\/speyer24news.com\/wp-content\/uploads\/2020\/05\/Trendsetter-Weltretter-300x239.jpg 300w, https:\/\/speyer24news.com\/wp-content\/uploads\/2020\/05\/Trendsetter-Weltretter-768x612.jpg 768w\" sizes=\"(max-width: 800px) 100vw, 800px\" \/><\/figure><\/div>\n\n\n\n<p><strong>Speyer (is\/lk) &#8211; <\/strong>Konkrete Vorschl\u00e4ge machen, wie jede und jeder mit kleinen Ver\u00e4nderungen im Alltag Beitr\u00e4ge zu einem nachhaltigeren Lebensstil leisten kann: Das ist das Ziel der Aktion \u201eTrendsetter Weltretter\u201c, die in der sogenannten Sch\u00f6pfungszeit vom 5. September bis zum Erntedankfest am 3. Oktober stattfindet. Dieses Jahr lautet das Motto \u201enat\u00fcrlich vielf\u00e4ltig\u201c. Es geht es um das Thema Natur und Artenvielfalt, jede Woche mit einem anderen Schwerpunkt.<\/p>\n\n\n\n<p>\u201eWir n\u00e4hern uns dem Thema mit Anregungen zur Naturerfahrung, gehen \u00fcber Wildnis und Garten bis zum gesellschaftlichen Engagement\u201c, erkl\u00e4ren Steffen Glombitza und Sibylle Wiesemann. Sie haben Anregungen f\u00fcr Gruppen zusammengestellt, die ab sofort online verf\u00fcgbar sind. \u201eSo k\u00f6nnen zum Beispiel Frauen-, Senioren-, Konfirmanden-, Firm-, Ministranten-, Eine-Welt- oder Pfadfindergruppen das Thema jetzt schon aufgreifen und auf ihre Weise bearbeiten\u201c, teilen die beiden Umweltbeauftragten mit. Auf insgesamt neun Seiten werden Vorschl\u00e4ge, Aktionen und Ideen f\u00fcr Gruppen dargestellt. Sie reichen von Exkursionen in die Natur und Filmvorf\u00fchrungen mit Diskussion \u00fcber das Entdecken heimischer Vogelarten und \u201eGuerilla-Gardening\u201c bis hin zu Anregungen zum Thema \u201eSch\u00f6pfung erfahren\u201c in der Liturgie und neuen Gottesdienstformen.<\/p>\n\n\n\n<p>\u201eToll gestartet ist unsere Kartoffelaktion\u201c, berichten Sibylle Wiesemann und Steffen Glombitza. Bereits im Februar konnten Einzelpersonen, Kinder- und Jugendgruppen sowie Kirchengemeinden ein Set mit f\u00fcnf seltenen Kartoffelarten bestellen, f\u00fcr den Pflanzk\u00fcbel auf dem Balkon oder das Gartenbeet. \u201eDie Resonanz war riesengro\u00df: 80 Kindertagesst\u00e4tten und Jugendgruppen sowie 120 Einzelpersonen haben sich angemeldet und k\u00f6nnen im September ihre eigenen Kartoffeln ernten\u201c, so Wiesemann.<\/p>\n\n\n\n<p>Auf der Homepage zur Aktion \u201eTrendsetter-Weltretter\u201c werden die Themenschwerpunkte und Veranstaltungsangebote der vier Themenwochen dargestellt. Ein Faltblatt mit allen Informationen steht zum Herunterladen bereit, ebenso das Logo, Plakate, Werbematerialien und Textbausteine f\u00fcr Gemeinden und Einrichtungen. F\u00fcr die Kindertagesst\u00e4tten wurden zudem spannende Impulse entwickelt, wie man Artenvielfalt h\u00f6ren, f\u00fchlen und sehen kann.<\/p>\n\n\n\n<p>Die Mitmachaktion \u201eTrendsetter-Weltretter\u201c organisieren: Evangelische Kirche der Pfalz, Bistum Speyer, Arbeitsgemeinschaft Christlicher Kirchen (ACK S\u00fcdwest) und die Landeszentrale f\u00fcr Umweltaufkl\u00e4rung Rheinland-Pfalz zusammen mit vielen Kooperationspartnern und Unterst\u00fctzern. Sie findet zum vierten Mal statt. Die bisherigen Themenschwerpunkte waren: Einfach anders konsumieren (2018), Einfach anders bewegen (2019) und Einfach anders essen (2020).<\/p>\n\n\n\n<h4 class=\"wp-block-heading\"><strong>Anmeldung und weitere Informationen:<\/strong> <a href=\"https:\/\/www.trendsetter-weltretter.de\/\">https:\/\/www.trendsetter-weltretter.de\/<\/a><\/h4>\n\n\n\n<h4 class=\"wp-block-heading\"><strong>Ansprechpartner:<\/strong><\/h4>\n\n\n\n<p>Steffen Glombitza, Umweltbeauftragter des Bistums Speyer, 06842 7060205,&nbsp;<a href=\"mailto:umweltbeauftragter@bistum-speyer.de\" target=\"_blank\" rel=\"noreferrer noopener\">umweltbeauftragter@bistum-speyer.de<\/a><\/p>\n\n\n\n<p>Sibylle Wiesemann, Umweltbeauftragte der Evangelischen Kirche der Pfalz, 06232 6715-18,&nbsp;<a href=\"mailto:wiesemann@frieden-umwelt-pfalz.de\" target=\"_blank\" rel=\"noreferrer noopener\">wiesemann@frieden-umwelt-pfalz.de<\/a><\/p>\n\n\n\n<p><em>14.06.2021<\/em><\/p>\n\n\n\n<h2 class=\"wp-block-heading\"><strong>\u201eGemeinsam lernen, genau hinzuschauen und f\u00fcr Risiken aufmerksam zu werden\u201c<\/strong><\/h2>\n\n\n\n<h3 class=\"wp-block-heading\"><strong>Pr\u00e4ventionsbeauftragte Christine Lormes im Gespr\u00e4ch \u00fcber das neue Fortbildungsangebot zur Entwicklung eines Institutionellen Schutzkonzeptes<\/strong><\/h3>\n\n\n\n<div class=\"wp-block-image\"><figure class=\"aligncenter size-large\"><img decoding=\"async\" loading=\"lazy\" width=\"500\" height=\"657\" src=\"https:\/\/speyer24news.com\/wp-content\/uploads\/2021\/06\/Christine-Lormes.jpg\" alt=\"\" class=\"wp-image-37881\" srcset=\"https:\/\/speyer24news.com\/wp-content\/uploads\/2021\/06\/Christine-Lormes.jpg 500w, https:\/\/speyer24news.com\/wp-content\/uploads\/2021\/06\/Christine-Lormes-228x300.jpg 228w\" sizes=\"(max-width: 500px) 100vw, 500px\" \/><\/figure><\/div>\n\n\n\n<p>Die Koordinationsstelle Pr\u00e4vention im Bistum Speyer hat am 8. Juni erstmals eine Fortbildung zum Thema \u201eEntwicklung eines Institutionellen&nbsp;Schutzkonzeptes\u201c angeboten. Teilgenommen haben 16 Seelsorgerinnen und Seelsorger aus den Pfarreien und dem Bisch\u00f6flichen Ordinariat. Christine Lormes, Pr\u00e4ventionsbeauftragte im Bistum Speyer,&nbsp;erl\u00e4utert im Gespr\u00e4ch die Ziele und Ma\u00dfnahmen, die mit der Entwicklung der institutionellen Schutzkonzepte im Bistum Speyer verbunden sind.<\/p>\n\n\n\n<h4 class=\"wp-block-heading\"><strong>Wie kommt es, dass Sie zu einer Fortbildung zum Thema \u201eEntwicklung Institutioneller Schutzkonzepte\u201c eingeladen haben?<\/strong><\/h4>\n\n\n\n<p><strong>Christine Lormes:&nbsp;<\/strong>Das Bistum Speyer hat zu Beginn des Jahres die Initiative \u201eSicherer Ort Kirche\u201c gestartet. Die Auftaktveranstaltung fand im Januar mit Bischof Dr. Karl-Heinz Wiesemann und dem Jesuit Klaus Mertes statt. Einrichtungen, Verb\u00e4nde und Pfarreien im Bistum Speyer entwickeln Pr\u00e4ventionskonzepte, die einen Kulturwandel zu mehr Wachsamkeit und Achtsamkeit bewirken sollen. Mit der Initiative wollen wir lernen, genau hinzuschauen und Kinder und Jugendliche in ihrer Pers\u00f6nlichkeit zu st\u00e4rken. Auch hilfebed\u00fcrftige Erwachsene sollen besser besch\u00fctzt werden. Dabei spielt die Entwicklung der Institutionellen Schutzkonzepte eine zentrale Rolle.<\/p>\n\n\n\n<h4 class=\"wp-block-heading\"><strong>Welche Inhalte wurden in der Fortbildung behandelt?<\/strong><\/h4>\n\n\n\n<p><strong>Christine Lormes:<\/strong>&nbsp;In der Fortbildung haben wir \u00fcber die Bedeutung eines institutionellen Schutzkonzeptes f\u00fcr die Pr\u00e4vention von sexualisierter Gewalt gesprochen. Dabei geht es vor allem darum, auf m\u00f6gliche Gefahren aufmerksam zu werden und das eigene Handeln im Blick darauf zu reflektieren, wo Risiken f\u00fcr Kinder und Jugendliche bestehen. Dann werden gezielte Ma\u00dfnahmen entwickelt, wie der Schutz verbessert werden kann. Sie finden als Bausteine in das Institutionelle Schutzkonzept Eingang. Konkret ging es in der Fortbildung auch um die Frage, wer bei der Entwicklung eines Institutionellen Schutzkonzeptes zu beteiligen ist und wie die konkreten Schritte aussehen. Die jeweilige Leitung tr\u00e4gt die Verantwortung daf\u00fcr, dass der Prozess angesto\u00dfen wird und die Konzepte implementiert werden.<\/p>\n\n\n\n<h4 class=\"wp-block-heading\"><strong>Wird es weitere Angebote zum Thema der institutionellen Schutzkonzepte geben?<\/strong><\/h4>\n\n\n\n<p><strong>Christine Lormes:&nbsp;<\/strong>Wir werden weitere Fortbildungen zu diesem Thema anbieten, wie im \u00dcbrigen auch zu anderen Aspekten der Pr\u00e4vention. Zielgruppe sind aktuell vor allem die Seelsorgerinnen und Seelsorger.<\/p>\n\n\n\n<p>Au\u00dferdem bieten wir eine Arbeitshilfe zu dem Thema an. Sie besteht aus acht Heften und dient als Hilfestellung f\u00fcr Einrichtungen, Verb\u00e4nde und Pfarreien, die ihr eigenes Pr\u00e4ventionskonzept entwickeln wollen. In den Heften geht es unter anderem um Schutz- und Risikofaktoren, Personalentwicklung, Verhaltensregeln, Beschwerdewege, Qualit\u00e4tsmanagement und Interventionsma\u00dfnahmen. Die Hefte k\u00f6nnen beim Bistum Speyer bestellt werden, stehen in digitaler Form aber auch auf der Internetseite des Bistums online. F\u00fcr die Kindertagesst\u00e4tten gibt es dar\u00fcber hinaus eine Arbeitshilfe, die speziell auf die Anforderungen in Kindertagesst\u00e4tten zugeschnitten ist.<\/p>\n\n\n\n<p>Einmal im Monate bietet mein Kollege Olaf von Knobelsdorff eine digitale Sprechstunde zum Thema der Institutionellen Schutzkonzepte an. Au\u00dferdem planen wir Austauschtreffen f\u00fcr Mitarbeitende, die bei der Entwicklung des Institutionellen Schutzkonzepts in ihrer Einrichtung schon fortgeschritten sind.<\/p>\n\n\n\n<h4 class=\"wp-block-heading\"><strong>Weitere Informationen zum Thema Pr\u00e4vention im Bistum Speyer:<\/strong> <a href=\"https:\/\/www.bistum-speyer.de\/rat-und-hilfe\/hilfe-und-praevention-von-missbrauch\/praevention-sexualisierte-gewalt\/\">https:\/\/www.bistum-speyer.de\/rat-und-hilfe\/hilfe-und-praevention-von-missbrauch\/praevention-sexualisierte-gewalt\/<\/a><\/h4>\n\n\n\n<h4 class=\"wp-block-heading\"><strong>Kontakt zu den Pr\u00e4ventionsbeauftragten:<\/strong><\/h4>\n\n\n\n<p>Christine Lormes<br>Tel.: 06232 \/ 102-511<br>Handy: 0151 \/ 14 87 96 99<br>E-Mail:&nbsp;<a href=\"mailto:christine.lormes@bistum-speyer.de\" target=\"_blank\" rel=\"noreferrer noopener\">christine.lormes@bistum-speyer.de<\/a><\/p>\n\n\n\n<p>Olaf von Knobelsdorff<br>Tel.: 06232 \/ 102-511<br>Mobil: 0151 \/ 14 88 00 88<br>E-Mail:\u00a0<a rel=\"noreferrer noopener\" href=\"mailto:Heinz-Olaf.von-Knobelsdorff@bistum-speyer.de\" target=\"_blank\">Heinz-Olaf.von-Knobelsdorff@bistum-speyer.de<\/a><\/p>\n\n\n\n<p><em>Bisch\u00f6fliche Pressestelle Speyer<br>14.06.2021<\/em><\/p>\n\n\n\n<h2 class=\"wp-block-heading\"><strong>Jahresged\u00e4chtnis f\u00fcr Bischof Anton Schlembach<\/strong><\/h2>\n\n\n\n<h3 class=\"wp-block-heading\"><strong>Weihbischof Otto Georgens feiert Gottesdienst \u2013 Jahresged\u00e4chtnis f\u00fcr Bischof Anton Schlembach und Gedenken an die toten Bisch\u00f6fe und Priester der Kathedrale<\/strong><\/h3>\n\n\n\n<div class=\"wp-block-image\"><figure class=\"aligncenter size-large\"><img decoding=\"async\" loading=\"lazy\" width=\"500\" height=\"699\" src=\"https:\/\/speyer24news.com\/wp-content\/uploads\/2020\/06\/Dr.-Anton-Schlembach-2.jpg\" alt=\"\" class=\"wp-image-28442\" srcset=\"https:\/\/speyer24news.com\/wp-content\/uploads\/2020\/06\/Dr.-Anton-Schlembach-2.jpg 500w, https:\/\/speyer24news.com\/wp-content\/uploads\/2020\/06\/Dr.-Anton-Schlembach-2-215x300.jpg 215w\" sizes=\"(max-width: 500px) 100vw, 500px\" \/><\/figure><\/div>\n\n\n\n<p><strong>Speyer &#8211; <\/strong>J\u00e4hrlich wird im Dom mit einem Pontifikalrequiem den verstorbenen Bisch\u00f6fen und Priestern der Kathedrale gedacht. In diesem Jahr zelebriert Weihbischof Otto Georgens am Dienstag, 15. Juni um 18 Uhr eine Pontifikalvesper und im Anschluss um 18.30 Uhr ein Pontifikalrequiem. Mit diesem Requiem wird auch das Jahresged\u00e4chtnis f\u00fcr den verstorbenen Bischof em. Dr. Anton Schlembach gefeiert. Die Schola Gregoriana, ein Vokalensemble der Dommusik und der Zweite Domorganist Christoph Keggenhoff gestalten die Vesper und das Requiem musikalisch.<\/p>\n\n\n\n<p>Bischof em. Dr. Anton Schlembach verstarb am 15. Juni 2020 im 89. Lebensjahr. 1983 wurde er von Papst Johannes Paul II. zum Bischof von Speyer ernannt. Bis zu seiner Emeritierung im Jahr 2007 galt seine besondere bisch\u00f6fliche Sorge der Verk\u00fcndigung des Glaubens und der religi\u00f6sen Erneuerung des Bistums. Sein bisch\u00f6flicher Wahlspruch lautete \u201eDeus salus &#8211; Gott ist das Heil\u201c. Bis zuletzt lebte Anton Schlembach in Speyer, im Caritas Altenzentrum St. Martha. Er wurde am 24. Juni 2020 seitlich des Volksaltars im Dom zu Speyer begraben.<\/p>\n\n\n\n<p>Der Termin f\u00fcr das j\u00e4hrliche Requiem f\u00fcr die verstorbenen Bisch\u00f6fe und Priester der Kathedrale richtet sich nach dem Todesdatum des letzten verstorbenen Bischofs. Bis 2020 war das der 30. November, der Todestag von Bischof Isidor Immanuel. Da Bischof Dr. Anton Schlembach am 15. Juni verstarb, wird das Totengedenken ab 2021 in zeitlicher N\u00e4he zu seinem Sterbedatum stattfinden.<\/p>\n\n\n\n<p>Anmeldungen zur Teilnahme an Pontifikalvesper und Requiem sind online unter&nbsp;<a href=\"https:\/\/deref-web.de\/mail\/client\/R07CqIMw-5w\/dereferrer\/?redirectUrl=http%3A%2F%2Fwww.kirchen-in-speyer.de\" target=\"_blank\" rel=\"noreferrer noopener\">www.kirchen-in-speyer.de<\/a>&nbsp;oder telefonisch im Pfarrb\u00fcro unter 102-140 m\u00f6glich.<\/p>\n\n\n\n<h4 class=\"wp-block-heading\"><strong>Dienstag, 15. Juni 2021 &#8211; Gedenktag der verstorbenen Bisch\u00f6fe und Priester der Kathedrale<br>Erstes Jahresged\u00e4chtnis Bischof Anton Schlembach<\/strong><\/h4>\n\n\n\n<ul><li>18:00 Uhr Pontifikalvesper<\/li><li>Deutsche Vesper von der Kirche<\/li><li>Schola\u00a0gregoriana<\/li><\/ul>\n\n\n\n<ul><li>18:30 Uhr Pontifikalrequiem<\/li><li>Claudio Casciolini: Requiem aeternam<\/li><li>Lux aeterna<\/li><li>Gregorianik: Missa mundi<\/li><li>Johann M. Bach: Ich wei\u00df, dass mein Erl\u00f6ser lebt<\/li><li>Johann S. Bach: Christus, der ist mein Leben<\/li><li>Vokalensemble der Dommusik<\/li><\/ul>\n\n\n\n<p><em>Bisch\u00f6fliche Pressestelle Speyer<br>14.06.2021<\/em><\/p>\n\n\n\n<h2 class=\"wp-block-heading\"><strong>Vision und Wirklichkeit<\/strong><\/h2>\n\n\n\n<h3 class=\"wp-block-heading\"><strong>Digitaler Resonanzraum zum Visionsprozess SEGENSORTE im Bistum Speyer mit Prof. Michael Seewald\u00a0 am 17. Juni<\/strong><\/h3>\n\n\n\n<p><strong>Speyer &#8211; <\/strong>Am <strong>Donnerstag, dem 17. Juni<\/strong> um 18.30 Uhr \u00f6ffnet der digitale Segensorte-Resonanzraum zum Visionsprozess im Bistum Speyer wieder seine T\u00fcr. Im Videokonferenzformat ist diesmal Professor Michael Seewald zu Gast und wird mit dem externen Blick des Wissenschaftlers auf den Entwurfstext zur Vision f\u00fcr das Bistum schauen. Seine Einsch\u00e4tzung kann in der anschlie\u00dfenden Austauschrunde kommentiert und erg\u00e4nzt werden. Im Mittelpunkt der Veranstaltung steht die Frage, wie aus Vision Wirklichkeit werden kann.\u00a0<\/p>\n\n\n\n<p>Seewald, 1987 in Saarbr\u00fccken geboren, ist Professor f\u00fcr Dogmatik und Dogmengeschichte an der Westf\u00e4lischen Wilhelms-Universit\u00e4t M\u00fcnster. In seinen B\u00fcchern \u201eDogma im Wandel. Wie Glaubenslehren sich entwickeln\u201c und \u201eReform. Dieselbe Kirche anders denken\u201c thematisiert er Ver\u00e4nderung in der Kirche.<\/p>\n\n\n\n<p>Ein erster Entwurf einer Vision f\u00fcr das Bistum Speyer war bei der Di\u00f6zesanversammlung im November 2020 vorgestellt worden. Seitdem l\u00e4uft die so genannte Resonanzphase, an der sich alle Interessierten beteiligen und ihre Einsch\u00e4tzungen, Erfahrungen und Ideen zu dem Entwurf einbringen k\u00f6nnen. Neben der Teilnahme an den Segensort-Resonanzr\u00e4umen besteht die M\u00f6glichkeit, jederzeit und auf direktem Weg eine digitale R\u00fcckmeldung zu geben. Alle Informationen dazu findet man auf der Homepage zum Visionsprozess. Die Resonanzphase zum Visionsprozess im Bistum Speyer l\u00e4uft noch bis zum 31. August 2021.<\/p>\n\n\n\n<h4 class=\"wp-block-heading\"><strong>Anmeldungen zur der Veranstaltung:<\/strong> <a rel=\"noreferrer noopener\" href=\"https:\/\/deref-web.de\/mail\/client\/YvRaH4DK9IE\/dereferrer\/?redirectUrl=https%3A%2F%2Fsegensorte.bistum-speyer.de%2Fanmeldung-digitaler-resonanzraum%2F\" target=\"_blank\">https:\/\/segensorte.bistum-speyer.de\/anmeldung-digitaler-resonanzraum\/<\/a><\/h4>\n\n\n\n<h4 class=\"wp-block-heading\"><strong>Alle weiteren Informationen zum Visionsprozess unter:<\/strong> <a rel=\"noreferrer noopener\" href=\"https:\/\/deref-web.de\/mail\/client\/xqsqQCKUTz8\/dereferrer\/?redirectUrl=https%3A%2F%2Fsegensorte.bistum-speyer.de%2F\" target=\"_blank\">https:\/\/segensorte.bistum-speyer.de\/<\/a><\/h4>\n\n\n\n<p><em>Bisch\u00f6fliche Pressestelle Speyer<br>14.06.2021<\/em><\/p>\n\n\n\n<h2 class=\"wp-block-heading\"><strong>\u00d6kumenische Zusammenarbeit intensivieren und \u00f6kologisch Verantwortung \u00fcbernehmen<\/strong><\/h2>\n\n\n\n<h3 class=\"wp-block-heading\"><strong>Bistum und Landeskirche nehmen bei \u00f6kumenischem Gipfeltreffen weitere Schritte zu mehr Zusammenarbeit in den Blick<\/strong><\/h3>\n\n\n\n<p><strong>Speyer (lk\/is) &#8211;<\/strong> Einmal im Jahr treffen sich beim \u00f6kumenischen Gipfeltreffen die Kirchenleitungen des Bistums Speyer und der Evangelischen Kirche der Pfalz. Kirchenpr\u00e4sidentin Dorothee W\u00fcst und Generalvikar Andreas Sturm begr\u00fc\u00dften in einer Videokonferenz die Mitglieder des Landeskirchenrates und des Allgemeinen Geistlichen Rates sowie eine Reihe von Fachreferenten.<\/p>\n\n\n\n<p>Die beiden \u00d6kumenereferentinnen Susanne Laun (Bistum) und Anja Behrens (Protestantische Landeskirche) f\u00fchrten in den Prozess \u201ezusammen_wachsen\u201c ein. Die evangelische und katholische Kirche in der Pfalz und im Saarpfalzkreis loten derzeit aus, an welchen Stellen die beiden Kirchen in Zukunft enger zusammenarbeiten k\u00f6nnen. Dies sei ein weiterer Schritt im Sinne des Leitfadens zur \u00f6kumenischen Zusammenarbeit von 2015, so Susanne Laun. Der \u00f6kumenische Mehrwert, die finanzielle Einsparung und gesellschaftliche Relevanz sowie deren Umsetzungsm\u00f6glichkeit seien dabei ma\u00dfgeblich. Anja Behrens konnte auf mehrere Arbeitsbereiche hinweisen, bei denen eine weitergehende \u00f6kumenische Zusammenarbeit schon gut auf den Weg gebracht wurde. Auch in anderen Arbeitsfeldern lie\u00dfen sich die Engagements beider Kirchen gut miteinander verkn\u00fcpfen. Dabei seien Bistum und Landeskirche f\u00fcr die anderen Kirchen in Rheinland-Pfalz gute Vorbilder.<\/p>\n\n\n\n<p>Markus Vogt referierte im Rahmen des Gipfeltreffens \u00fcber \u201e\u00d6kotheologie und kirchliche Verantwortung im Anthropoz\u00e4n\u201c. Der Professor am Lehrstuhl f\u00fcr Christliche Sozialethik der Fakult\u00e4t Katholische Theologie an der Ludwig-Maximilians-Universit\u00e4t M\u00fcnchen f\u00fchrte in \u00f6kologische und sozialethische Grund\u00fcberlegungen des menschengemachten Klimawandels ein. Die Umweltkrise im Anthropoz\u00e4n sei ein \u201eZeichen der Zeit\u201c, an dem sich bew\u00e4hren k\u00f6nne und m\u00fcsse, ob die Theologie f\u00fcr die Gegenwart etwas zu sagen habe und ob sie Hoffnung zu vermitteln vermag. \u201eEine Theologie der Zeichen der Zeit geht davon aus, dass es Gott selbst ist, der durch die Aufbr\u00fcche und Umbr\u00fcche der gegenw\u00e4rtigen Zeit zu uns spricht und eine Antwort fordert\u201c, so Markus Vogt. Die \u00f6kologische Transformation sei ein Ort der Gottesrede heute, an dem sich die \u201eGeistesgegenwart\u201c von Theologie und Kirche entscheide, zeigte sich der Sozialethiker \u00fcberzeugt. Im Sinne einer Umkehr zum Leben brauche es deshalb eine gro\u00dfe \u00f6kumenische Reformation. Bistum und Landeskirche planen eine \u00f6kumenische Offensive \u201eKirche im Anthropoz\u00e4n\u201c, die die bisherigen Aktivit\u00e4ten zusammenf\u00fchrt und weiter vernetzt.<\/p>\n\n\n\n<p><em>14.06.2021<\/em><\/p>\n","protected":false},"excerpt":{"rendered":"<div class=\"mh-excerpt\"><p>Ideen f\u00fcr jeden Tag rund ums Thema Artenvielfalt Aktion \u201eTrendsetter Weltretter\u201c hat Vorschl\u00e4ge, Aktionen und Ideen f\u00fcr Gruppen ver\u00f6ffentlicht. Speyer (is\/lk) &#8211; Konkrete Vorschl\u00e4ge machen, wie jede und jeder mit kleinen Ver\u00e4nderungen im Alltag Beitr\u00e4ge <a class=\"mh-excerpt-more\" href=\"https:\/\/speyer24news.com\/?p=37880\" title=\"Kirche\">[&#8230;]<\/a><\/p>\n<\/div>","protected":false},"author":3,"featured_media":26096,"comment_status":"open","ping_status":"open","sticky":false,"template":"","format":"standard","meta":{"_monsterinsights_skip_tracking":false,"_monsterinsights_sitenote_active":false,"_monsterinsights_sitenote_note":"","_monsterinsights_sitenote_category":0,"footnotes":""},"categories":[120],"tags":[7463,7431,174,187,2360,5132,10422,9693,121,4865,12182,12181,6,1603,6059],"aioseo_notices":[],"amp_enabled":true,"_links":{"self":[{"href":"https:\/\/speyer24news.com\/index.php?rest_route=\/wp\/v2\/posts\/37880"}],"collection":[{"href":"https:\/\/speyer24news.com\/index.php?rest_route=\/wp\/v2\/posts"}],"about":[{"href":"https:\/\/speyer24news.com\/index.php?rest_route=\/wp\/v2\/types\/post"}],"author":[{"embeddable":true,"href":"https:\/\/speyer24news.com\/index.php?rest_route=\/wp\/v2\/users\/3"}],"replies":[{"embeddable":true,"href":"https:\/\/speyer24news.com\/index.php?rest_route=%2Fwp%2Fv2%2Fcomments&post=37880"}],"version-history":[{"count":1,"href":"https:\/\/speyer24news.com\/index.php?rest_route=\/wp\/v2\/posts\/37880\/revisions"}],"predecessor-version":[{"id":37882,"href":"https:\/\/speyer24news.com\/index.php?rest_route=\/wp\/v2\/posts\/37880\/revisions\/37882"}],"wp:featuredmedia":[{"embeddable":true,"href":"https:\/\/speyer24news.com\/index.php?rest_route=\/wp\/v2\/media\/26096"}],"wp:attachment":[{"href":"https:\/\/speyer24news.com\/index.php?rest_route=%2Fwp%2Fv2%2Fmedia&parent=37880"}],"wp:term":[{"taxonomy":"category","embeddable":true,"href":"https:\/\/speyer24news.com\/index.php?rest_route=%2Fwp%2Fv2%2Fcategories&post=37880"},{"taxonomy":"post_tag","embeddable":true,"href":"https:\/\/speyer24news.com\/index.php?rest_route=%2Fwp%2Fv2%2Ftags&post=37880"}],"curies":[{"name":"wp","href":"https:\/\/api.w.org\/{rel}","templated":true}]}}