{"id":37890,"date":"2021-06-14T08:24:46","date_gmt":"2021-06-14T07:24:46","guid":{"rendered":"https:\/\/speyer24news.com\/?p=37890"},"modified":"2021-06-14T15:18:55","modified_gmt":"2021-06-14T14:18:55","slug":"luisenpark-mannheim-freizeit","status":"publish","type":"post","link":"https:\/\/speyer24news.com\/?p=37890","title":{"rendered":"LUISENPARK Mannheim \/ Freizeit"},"content":{"rendered":"<style type=\"text\/css\">\r\n\t.ads_top_disp{}\r\n\t.ads_top_corner_disp{ float:left; margin:0px 10px 10px 0px; }\r\n\t.ads_first_p_disp{}\r\n\t.ads_bottom_disp{}\r\n\t<\/style>\n<h2 class=\"wp-block-heading\"><strong>LUISENPARK SEEB\u00dcHNENZAUBER 2021 <\/strong>&#8211; <strong>Spezial<\/strong><\/h2>\n\n\n\n<div class=\"wp-block-image\"><figure class=\"aligncenter size-large\"><img decoding=\"async\" loading=\"lazy\" width=\"640\" height=\"480\" src=\"https:\/\/speyer24news.com\/wp-content\/uploads\/2021\/05\/LuPa-Seeb\u00fchnenzauber.jpg\" alt=\"\" class=\"wp-image-36008\" srcset=\"https:\/\/speyer24news.com\/wp-content\/uploads\/2021\/05\/LuPa-Seeb\u00fchnenzauber.jpg 640w, https:\/\/speyer24news.com\/wp-content\/uploads\/2021\/05\/LuPa-Seeb\u00fchnenzauber-300x225.jpg 300w, https:\/\/speyer24news.com\/wp-content\/uploads\/2021\/05\/LuPa-Seeb\u00fchnenzauber-326x245.jpg 326w, https:\/\/speyer24news.com\/wp-content\/uploads\/2021\/05\/LuPa-Seeb\u00fchnenzauber-80x60.jpg 80w\" sizes=\"(max-width: 640px) 100vw, 640px\" \/><\/figure><\/div>\n\n\n\n<ul><li><strong>Alex Mayr PARK<\/strong><\/li><li><strong>CD-Release Konzert<\/strong><\/li><li><strong>Fr., 30. Juli 2021, 20 Uhr<\/strong><\/li><li><strong>Luisenpark Mannheim, Seeb\u00fchne<\/strong><\/li><\/ul>\n\n\n\n<div class=\"wp-block-image\"><figure class=\"aligncenter size-large\"><img decoding=\"async\" loading=\"lazy\" width=\"500\" height=\"667\" src=\"https:\/\/speyer24news.com\/wp-content\/uploads\/2021\/06\/PR_ALEX-MAYR-PARK-4-Foto-Sarah-Ungan.jpg\" alt=\"\" class=\"wp-image-37891\" srcset=\"https:\/\/speyer24news.com\/wp-content\/uploads\/2021\/06\/PR_ALEX-MAYR-PARK-4-Foto-Sarah-Ungan.jpg 500w, https:\/\/speyer24news.com\/wp-content\/uploads\/2021\/06\/PR_ALEX-MAYR-PARK-4-Foto-Sarah-Ungan-225x300.jpg 225w\" sizes=\"(max-width: 500px) 100vw, 500px\" \/><figcaption>ALEX MAYR im Luisenpark Mannheim<br><em>Foto: Sarah Ungan<\/em><\/figcaption><\/figure><\/div>\n\n\n\n<p>Den Auftakt zur Reihe bestreitet die wunderbare Alex Mayr, und es kann auch gar nicht anders sein: Alex Mayr ist \u00fcberzeugte Wahl-Mannheimerin und nat\u00fcrlich besitzt sie eine Jahreskarte f\u00fcr die Mannheimer Parks! Zum Gl\u00fcck! Denn ihre Besuche in Mannheims gro\u00dfem gr\u00fcnen Bereich, angefangen mit ihrem Auftritt beim Solidarit\u00e4tsfestival Jetzt-Erst-Recht im vergangenen Jahr, waren die Inspiration f\u00fcr ihr gerade erschienenes Konzeptalbum PARK. Mit geradezu cineastischem Sound aus verzerrten Dreampop-Gitarren, hier einer Wand aus Streichern und Bl\u00e4sern, da ein paar abgehangenen Drums, einem verlorenen Mellotron und jeder Menge Percussion erz\u00e4hlt sie im besten Soundtrackpop mal in Worten feinster Lyrik, mal mit handfesten verbalen Ohrfeigen ihre Geschichten. PARK ist aber nicht nur eine Hommage an den namensgebenden Ort f\u00fcr das Album, sondern beschreibt mit jeder Zeile das selbstbestimmte Leben einer emanzipierten Frau. Apropos: Ihre besondere Musik, die sich erfrischend und wohltuend von \u00fcblichem Mainstream-Deutschpop abhebt, hat auch Ina M\u00fcllers Aufmerksamkeit geweckt und Alex Mayr bereits einen Auftritt in der ber\u00fchmten Nacht-Kneipenshow im Hamburger Schellfischposten beschert. Aber was ist das schon gegen ein abendf\u00fcllendes Konzert auf der Seeb\u00fchne im Luisenpark? Was ist das schon gegen ein Release-Konzert auf dem Parksee, dem zwar eher ruhig als sprudelnden, aber dennoch frischen, belebenden Quell\u00b4 der Inspiration f\u00fcr ein ganzes Album?&nbsp;<\/p>\n\n\n\n<p><strong>Ticketpreise<\/strong><\/p>\n\n\n\n<ul><li><strong>26,00 \u20ac &nbsp;&nbsp;&nbsp;&nbsp;&nbsp;&nbsp;&nbsp;&nbsp; <\/strong>Kategorie 1, \u00fcberdachte Pl\u00e4tze<\/li><li><strong>24,00 \u20ac<\/strong>&nbsp;&nbsp;&nbsp;&nbsp;&nbsp;&nbsp;&nbsp;&nbsp; Kategorie 1, nicht \u00fcberdachte Pl\u00e4tze<\/li><li><strong>22,00 \u20ac<\/strong>&nbsp;&nbsp;&nbsp;&nbsp;&nbsp;&nbsp;&nbsp;&nbsp; Kategorie 2, nicht \u00fcberdachte Pl\u00e4tze<\/li><\/ul>\n\n\n\n<figure class=\"wp-block-image size-large\"><img decoding=\"async\" loading=\"lazy\" width=\"800\" height=\"114\" src=\"https:\/\/speyer24news.com\/wp-content\/uploads\/2021\/05\/Trenner.png\" alt=\"\" class=\"wp-image-37126\" srcset=\"https:\/\/speyer24news.com\/wp-content\/uploads\/2021\/05\/Trenner.png 800w, https:\/\/speyer24news.com\/wp-content\/uploads\/2021\/05\/Trenner-300x43.png 300w, https:\/\/speyer24news.com\/wp-content\/uploads\/2021\/05\/Trenner-768x109.png 768w\" sizes=\"(max-width: 800px) 100vw, 800px\" \/><\/figure>\n\n\n\n<ul><li><strong>Wolfgang Niedecken<\/strong><\/li><li><strong>liest &amp; singt Bob Dylan<\/strong><\/li><li><strong>Fr., 6. August 2021, 20 Uhr<\/strong><\/li><li><strong>Luisenpark Mannheim, Seeb\u00fchne<\/strong><\/li><\/ul>\n\n\n\n<div class=\"wp-block-image\"><figure class=\"aligncenter size-large\"><img decoding=\"async\" loading=\"lazy\" width=\"500\" height=\"697\" src=\"https:\/\/speyer24news.com\/wp-content\/uploads\/2021\/06\/Pressefoto-Niedecken-cTinaNiedecken1.jpg\" alt=\"\" class=\"wp-image-37892\" srcset=\"https:\/\/speyer24news.com\/wp-content\/uploads\/2021\/06\/Pressefoto-Niedecken-cTinaNiedecken1.jpg 500w, https:\/\/speyer24news.com\/wp-content\/uploads\/2021\/06\/Pressefoto-Niedecken-cTinaNiedecken1-215x300.jpg 215w\" sizes=\"(max-width: 500px) 100vw, 500px\" \/><figcaption>Wolfgang Niedecken<br><em>Foto: (c) Tina Niedecken<\/em><\/figcaption><\/figure><\/div>\n\n\n\n<p>Es gibt sicher keinen anderen deutschen Musiker, der eine solche N\u00e4he zu Bob Dylan hat, wie Wolfgang Niedecken. Seit Jahrzehnten pr\u00e4gt er mit seiner Band BAP und als Solomusiker die deutschsprachige Rockmusik und setzt sich dabei immer wieder mit dem Werk Bob Dylans auseinander: Er hat zahlreiche Coverversionen von Dylan Songs ver\u00f6ffentlicht. Sein Vorbild hat er sogar mehrmals pers\u00f6nlich getroffen. Eigentlich wollte Wolfgang Niedecken am 30. M\u00e4rz seinen 70. Geburtstag mit einem gro\u00dfen Konzert in K\u00f6ln feiern, aber das konnte aus bekannten Gr\u00fcnden nicht stattfinden. Auch weitere Planungen mit BAP mussten f\u00fcr dieses Jahr verworfen werden, sodass sich nun ein ideales Zeitfenster f\u00fcr ein ganz besonderes Projekt ergeben hat: NIEDECKEN liest und singt BOB DYLAN in ausgesuchten Locations. An magischen Sommerabenden wird Wolfgang Niedecken lebendig von seinen Treffen mit dem Literatur-Nobelpreistr\u00e4ger Bob Dylan und den Ber\u00fchrungspunkten zwischen seinem eigenen Werk und den Inspirationen, die er durch die Musik und die Texte von Bob Dylan erhalten hat, erz\u00e4hlen. Musikalisch begleitet wird Niedecken von seinem langj\u00e4hrigen Freund, dem Pianisten, Arrangeur und Bigband-Dirigenten Mike Herting.<\/p>\n\n\n\n<p><strong>Ticketpreise<\/strong><\/p>\n\n\n\n<ul><li><strong>49,50 \u20ac &nbsp;&nbsp;&nbsp;&nbsp;&nbsp;&nbsp;&nbsp;&nbsp; <\/strong>Kategorie 1, \u00fcberdachte Pl\u00e4tze<\/li><li><strong>45,00 \u20ac<\/strong>&nbsp;&nbsp;&nbsp;&nbsp;&nbsp;&nbsp;&nbsp;&nbsp; Kategorie 1, nicht \u00fcberdachte Pl\u00e4tze<\/li><li><strong>40,50 \u20ac<\/strong>&nbsp;&nbsp;&nbsp;&nbsp;&nbsp;&nbsp;&nbsp;&nbsp; Kategorie 2, nicht \u00fcberdachte Pl\u00e4tze<\/li><\/ul>\n\n\n\n<div class=\"wp-block-image\"><figure class=\"aligncenter size-large\"><img decoding=\"async\" loading=\"lazy\" width=\"800\" height=\"114\" src=\"https:\/\/speyer24news.com\/wp-content\/uploads\/2021\/05\/Trenner.png\" alt=\"\" class=\"wp-image-37126\" srcset=\"https:\/\/speyer24news.com\/wp-content\/uploads\/2021\/05\/Trenner.png 800w, https:\/\/speyer24news.com\/wp-content\/uploads\/2021\/05\/Trenner-300x43.png 300w, https:\/\/speyer24news.com\/wp-content\/uploads\/2021\/05\/Trenner-768x109.png 768w\" sizes=\"(max-width: 800px) 100vw, 800px\" \/><\/figure><\/div>\n\n\n\n<ul><li><strong>S\u00f6hne Mannheims<\/strong> <strong>PIANO<\/strong><\/li><li><strong>Sa., 7. August, 20 Uhr<\/strong><\/li><li><strong>Luisenpark Mannheim, Seeb\u00fchne<\/strong><\/li><\/ul>\n\n\n\n<div class=\"wp-block-image\"><figure class=\"aligncenter size-large\"><img decoding=\"async\" loading=\"lazy\" width=\"800\" height=\"533\" src=\"https:\/\/speyer24news.com\/wp-content\/uploads\/2021\/06\/PR_Foto_Soehne-Mannheims-Piano_03_21_Foto-Sebastian-Weindel.jpg\" alt=\"\" class=\"wp-image-37893\" srcset=\"https:\/\/speyer24news.com\/wp-content\/uploads\/2021\/06\/PR_Foto_Soehne-Mannheims-Piano_03_21_Foto-Sebastian-Weindel.jpg 800w, https:\/\/speyer24news.com\/wp-content\/uploads\/2021\/06\/PR_Foto_Soehne-Mannheims-Piano_03_21_Foto-Sebastian-Weindel-300x200.jpg 300w, https:\/\/speyer24news.com\/wp-content\/uploads\/2021\/06\/PR_Foto_Soehne-Mannheims-Piano_03_21_Foto-Sebastian-Weindel-768x512.jpg 768w\" sizes=\"(max-width: 800px) 100vw, 800px\" \/><figcaption>S\u00f6hne Mannheims am Piano<br><em>Foto: Sebastian Weindel<\/em><\/figcaption><\/figure><\/div>\n\n\n\n<p>Seit&nbsp;\u00fcber&nbsp;25 Jahren&nbsp;sind die&nbsp;S\u00d6HNE MANNHEIMS eine der erfolgreichsten&nbsp;deutschen&nbsp;Bands. Ein multikulturelles&nbsp;Musikerkollektiv,&nbsp;das&nbsp;jede&nbsp;Note mit Herzblut schreibt.&nbsp;Die S\u00f6hne&nbsp;bleiben&nbsp;sich treu, indem&nbsp;sie sich ver\u00e4ndern. Nach 18 Gold- und 8 Platin-Alben, nach Tourneen durch Clubs&nbsp;und Hallen, nach H\u00f6hen und Tiefen, erz\u00e4hlen&nbsp;sie die&nbsp;Erfolgsgeschichte jetzt weiter: Mit neuen Stimmen,&nbsp;neuer Musik und&nbsp;neuen Projekten wie&nbsp;S\u00d6HNE MANNHEIMS PIANO. Ein Konzertfl\u00fcgel, ein gro\u00dfartiger Pianist,&nbsp;gro\u00dfartige Stimmen und eine akustische Gitarre. Mehr braucht es manchmal&nbsp;nicht, um&nbsp;S\u00f6hne-Hits wie \u201eGeh davon aus\u201c&nbsp;oder \u201eDas hat die Welt noch nicht gesehen\u201c\u201c maximal intensiv auf die B\u00fchne zu&nbsp;bringen. Da&nbsp;Konzerte mit der&nbsp;zw\u00f6lfk\u00f6pfigen S\u00f6hne-Band aufgrund der Corona-Situation aktuell&nbsp;noch&nbsp;nicht&nbsp;m\u00f6glich sind,&nbsp;\u00fcberrascht S\u00d6HNE MANNHEIMS PIANO jetzt mit einem kompakten Quintett. Die&nbsp;S\u00f6hne-S\u00e4nger&nbsp;Dominic Sanz und&nbsp;Karim Amun harmonieren&nbsp;mit ihren starken Soul-Stimmen auf das Beste mit der&nbsp;au\u00dfergew\u00f6hnlichen Klangfarbe von&nbsp;S\u00f6hne Mannheims-Gr\u00fcndungsmitglied Claus Eisenmann, erg\u00e4nzt&nbsp;vom&nbsp;wortgewaltigen&nbsp;langj\u00e4hrigen S\u00f6hne-Rapper&nbsp;Metaphysics.<\/p>\n\n\n\n<p>&nbsp;Auf dem Programm stehen neben&nbsp;Hit-Klassikern wie \u201eUnd wenn&nbsp;ein Lied\u201c&nbsp;auch&nbsp;neue&nbsp;Songs der S\u00f6hne wie&nbsp;\u201eMoral\u201c, \u201eMiracle\u201c oder&nbsp;die&nbsp;gerade frisch erschienene&nbsp;Single&nbsp;\u201eEine Million Lieder\u201c. Dieses besondere Konzertformat&nbsp;im sommerlichen Ambiente der Seeb\u00fchne im Luisenpark&nbsp;sollte man sich auf keinen Fall&nbsp;entgehen lassen.<\/p>\n\n\n\n<p><strong>Ticketpreise<\/strong><\/p>\n\n\n\n<ul><li><strong>35,00 \u20ac &nbsp;&nbsp;&nbsp;&nbsp;&nbsp;&nbsp;&nbsp;&nbsp; <\/strong>Kategorie 1, \u00fcberdachte Pl\u00e4tze<\/li><li><strong>32,00 \u20ac<\/strong>&nbsp;&nbsp;&nbsp;&nbsp;&nbsp;&nbsp;&nbsp;&nbsp; Kategorie 1, nicht \u00fcberdachte Pl\u00e4tze<\/li><li><strong>29,00 \u20ac<\/strong>&nbsp;&nbsp;&nbsp;&nbsp;&nbsp;&nbsp;&nbsp;&nbsp; Kategorie 2, nicht \u00fcberdachte Pl\u00e4tze<\/li><\/ul>\n\n\n\n<div class=\"wp-block-image\"><figure class=\"aligncenter size-large\"><img decoding=\"async\" loading=\"lazy\" width=\"800\" height=\"114\" src=\"https:\/\/speyer24news.com\/wp-content\/uploads\/2021\/05\/Trenner.png\" alt=\"\" class=\"wp-image-37126\" srcset=\"https:\/\/speyer24news.com\/wp-content\/uploads\/2021\/05\/Trenner.png 800w, https:\/\/speyer24news.com\/wp-content\/uploads\/2021\/05\/Trenner-300x43.png 300w, https:\/\/speyer24news.com\/wp-content\/uploads\/2021\/05\/Trenner-768x109.png 768w\" sizes=\"(max-width: 800px) 100vw, 800px\" \/><\/figure><\/div>\n\n\n\n<ul><li><strong>Cassandra Steen &amp; Band<\/strong><\/li><li><strong>Fr., 13. August, 20 Uhr<\/strong><\/li><li><strong>Luisenpark Mannheim, Seeb\u00fchne<\/strong><\/li><\/ul>\n\n\n\n<div class=\"wp-block-image\"><figure class=\"aligncenter size-large\"><img decoding=\"async\" loading=\"lazy\" width=\"800\" height=\"533\" src=\"https:\/\/speyer24news.com\/wp-content\/uploads\/2021\/06\/PR_Foto_Cassandra_Steen_creditThomas_Henne.jpg\" alt=\"\" class=\"wp-image-37894\" srcset=\"https:\/\/speyer24news.com\/wp-content\/uploads\/2021\/06\/PR_Foto_Cassandra_Steen_creditThomas_Henne.jpg 800w, https:\/\/speyer24news.com\/wp-content\/uploads\/2021\/06\/PR_Foto_Cassandra_Steen_creditThomas_Henne-300x200.jpg 300w, https:\/\/speyer24news.com\/wp-content\/uploads\/2021\/06\/PR_Foto_Cassandra_Steen_creditThomas_Henne-768x512.jpg 768w\" sizes=\"(max-width: 800px) 100vw, 800px\" \/><figcaption>Cassandra Steen<br><em>Foto: Thomas Henne<\/em><\/figcaption><\/figure><\/div>\n\n\n\n<p>Cassandra Steen \u2013 wie dieser Name sch\u00f6n klingt und doch ist er nur halb so klangvoll wie die Stimme der Besitzerin. Schon mit 14 Jahren bildete sie diese Stimme in einer beinharten klassischen Musikausbildung aus, interessiert sich in diesen jungen Jahren nicht nur f\u00fcr das, was gerade \u201ein\u201c ist. Nein, diese S\u00e4ngerin kann neben samtweich und engelsgleich auch vollt\u00f6nende Arie. Kein Wunder also, dass alle sie haben wollen: In ihrer musikalischen Vita steht deshalb nicht nur \u201eLeads\u00e4ngerin des Trios Glashaus\u201c, mit dem sie unter Moses Pelhams Label 3P drei kommerziell erfolgreiche Alben ver\u00f6ffentlichte. Cassandra Steen ist gefragt bei K\u00fcnstlern von Azad, J-Luv und Melbeatz \u00fcber Bushido und Naidoo bis hin zu Freundeskreis und Adel Tawil, ebenso wie bei einschl\u00e4gigen TV-Formaten, wie bspw. als Gast beim Tauschkonzert \u201eSing meinen Song\u201c oder bei der deutschen Ausgabe von \u201eThe Masked Singer\u201c, wo sie den zweiten Platz belegte. Dem Mannheimer Publikum pr\u00e4sentierte sie sich zuletzt als Surprise Act neben dem Schweizer S\u00e4nger SEVEN bei seinem Seeb\u00fchnenzauber-Konzert 2019. Und was soll man sagen: Nat\u00fcrlich verzauberte sie alle mit ihrer Hammerstimme \u2013 und das wird sie in diesem Jahr wieder tun!<\/p>\n\n\n\n<p><strong>Ticketpreise<\/strong><\/p>\n\n\n\n<ul><li><strong>40,00 \u20ac &nbsp;&nbsp;&nbsp;&nbsp;&nbsp;&nbsp;&nbsp;&nbsp; <\/strong>Kategorie 1, \u00fcberdachte Pl\u00e4tze<\/li><li><strong>37,50 \u20ac<\/strong>&nbsp;&nbsp;&nbsp;&nbsp;&nbsp;&nbsp;&nbsp;&nbsp; Kategorie 1, nicht \u00fcberdachte Pl\u00e4tze<\/li><li><strong>35,00 \u20ac<\/strong>&nbsp;&nbsp;&nbsp;&nbsp;&nbsp;&nbsp;&nbsp;&nbsp; Kategorie 2, nicht \u00fcberdachte Pl\u00e4tze<\/li><\/ul>\n\n\n\n<div class=\"wp-block-image\"><figure class=\"aligncenter size-large\"><img decoding=\"async\" loading=\"lazy\" width=\"800\" height=\"114\" src=\"https:\/\/speyer24news.com\/wp-content\/uploads\/2021\/05\/Trenner.png\" alt=\"\" class=\"wp-image-37126\" srcset=\"https:\/\/speyer24news.com\/wp-content\/uploads\/2021\/05\/Trenner.png 800w, https:\/\/speyer24news.com\/wp-content\/uploads\/2021\/05\/Trenner-300x43.png 300w, https:\/\/speyer24news.com\/wp-content\/uploads\/2021\/05\/Trenner-768x109.png 768w\" sizes=\"(max-width: 800px) 100vw, 800px\" \/><\/figure><\/div>\n\n\n\n<ul><li><strong>Women in Blues<\/strong><\/li><li><strong>A Tribute to the Blues Ladies<\/strong><\/li><li><strong>pr\u00e4s. von Sweet Soul Music<\/strong><\/li><li><strong>Sa., 14. August, 20 Uhr<\/strong><\/li><li><strong>Luisenpark Mannheim, Seeb\u00fchne<\/strong><\/li><\/ul>\n\n\n\n<div class=\"wp-block-image\"><figure class=\"aligncenter size-large\"><img decoding=\"async\" loading=\"lazy\" width=\"800\" height=\"672\" src=\"https:\/\/speyer24news.com\/wp-content\/uploads\/2021\/06\/PR_Foto_Women_in_Blues-1.jpg\" alt=\"\" class=\"wp-image-37895\" srcset=\"https:\/\/speyer24news.com\/wp-content\/uploads\/2021\/06\/PR_Foto_Women_in_Blues-1.jpg 800w, https:\/\/speyer24news.com\/wp-content\/uploads\/2021\/06\/PR_Foto_Women_in_Blues-1-300x252.jpg 300w, https:\/\/speyer24news.com\/wp-content\/uploads\/2021\/06\/PR_Foto_Women_in_Blues-1-768x645.jpg 768w\" sizes=\"(max-width: 800px) 100vw, 800px\" \/><\/figure><\/div>\n\n\n\n<p>Der &#8222;Blues&#8220; ist die gemeinsame Wurzel von Jazz und Soul bis hin zu Hip-Hop und RAP. Historisch kommt bei der Weitergabe von Kultur den Frauen eine zentrale Rolle zu. Das gilt insbesondere auch f\u00fcr die &#8222;schwarze Musik&#8220;. &#8222;Talking about the facts of life&#8220; ist dabei das zentrale Thema dieser Musik. Seien es Beziehungsprobleme, Geldn\u00f6te oder Diskriminierungserfahrungen: Von Mamie Smith, die vor genau hundert Jahren in den USA den ersten Bluestitel &#8222;Crazy Blues&#8220; aufnahm, \u00fcber Bessie Smith, Nina Simone, Etta James, Koko Taylor und Janis Joplin bis zu den Blues Women der j\u00fcngeren Zeit wie Joss Stone und Amy Winehouse erz\u00e4hlen diese Frauen aus dem wahren Leben und geben Orientierung. Mit <strong>Women In Blues<\/strong>, der neuesten Show der Sweet Soul Music Reihe, wird diese Geschichte<\/p>\n\n\n\n<p>stimmgewaltig auf die Konzertb\u00fchne gebracht und von den authentischen, kraftvollen Vocals Journi Cook, Menoosha Susungi, Flore M und Lisa Benjamin in einem \u00dcberblick des Female Blues der letzten Jahrezehnte&nbsp; interpretiert. Begleitet und unterst\u00fctzt werden sie von einer 4-k\u00f6pfigen Rhythmus-Gruppe plus 3-k\u00f6pfiger Horn-Section.<\/p>\n\n\n\n<h4 class=\"wp-block-heading\"><strong>Female Blues at its best !<\/strong><\/h4>\n\n\n\n<p><strong>Ticketpreise<\/strong><\/p>\n\n\n\n<ul><li><strong>53,00 \u20ac &nbsp;&nbsp;&nbsp;&nbsp;&nbsp;&nbsp;&nbsp;&nbsp; <\/strong>Kategorie 1, \u00fcberdachte Pl\u00e4tze<\/li><li><strong>45,90 \u20ac<\/strong>&nbsp;&nbsp;&nbsp;&nbsp;&nbsp;&nbsp;&nbsp;&nbsp; Kategorie 1, nicht \u00fcberdachte Pl\u00e4tze<\/li><li><strong>39,50 \u20ac<\/strong>&nbsp;&nbsp;&nbsp;&nbsp;&nbsp;&nbsp;&nbsp;&nbsp; Kategorie 2, nicht \u00fcberdachte Pl\u00e4tze<\/li><\/ul>\n\n\n\n<div class=\"wp-block-image\"><figure class=\"aligncenter size-large\"><img decoding=\"async\" loading=\"lazy\" width=\"800\" height=\"114\" src=\"https:\/\/speyer24news.com\/wp-content\/uploads\/2021\/05\/Trenner.png\" alt=\"\" class=\"wp-image-37126\" srcset=\"https:\/\/speyer24news.com\/wp-content\/uploads\/2021\/05\/Trenner.png 800w, https:\/\/speyer24news.com\/wp-content\/uploads\/2021\/05\/Trenner-300x43.png 300w, https:\/\/speyer24news.com\/wp-content\/uploads\/2021\/05\/Trenner-768x109.png 768w\" sizes=\"(max-width: 800px) 100vw, 800px\" \/><\/figure><\/div>\n\n\n\n<ul><li><strong>Julia Neigel<\/strong> <strong>AKUSTISCH 2021<\/strong><\/li><li><strong>Fr., 20. August, 20 Uhr<\/strong><\/li><li><strong>Luisenpark Mannheim, Seeb\u00fchne<\/strong><\/li><\/ul>\n\n\n\n<div class=\"wp-block-image\"><figure class=\"aligncenter size-large\"><img decoding=\"async\" loading=\"lazy\" width=\"800\" height=\"533\" src=\"https:\/\/speyer24news.com\/wp-content\/uploads\/2021\/06\/PR_Foto_Julia-Neigel-Promo2.jpg\" alt=\"\" class=\"wp-image-37896\" srcset=\"https:\/\/speyer24news.com\/wp-content\/uploads\/2021\/06\/PR_Foto_Julia-Neigel-Promo2.jpg 800w, https:\/\/speyer24news.com\/wp-content\/uploads\/2021\/06\/PR_Foto_Julia-Neigel-Promo2-300x200.jpg 300w, https:\/\/speyer24news.com\/wp-content\/uploads\/2021\/06\/PR_Foto_Julia-Neigel-Promo2-768x512.jpg 768w\" sizes=\"(max-width: 800px) 100vw, 800px\" \/><\/figure><\/div>\n\n\n\n<p>Die deutsche S\u00e4ngerin Julia Neigel meldet sich nach neun Jahren Pause mit einem Paukenschlag zur\u00fcck. Das k\u00fcrzlich erschienene neue Album \u201eEhrensache\u201c stieg direkt auf Platz 13 der Deutschen Album Charts ein. Gro\u00dfartig, rockig, dynamisch, powerful, abwechslungsreich, zeitgem\u00e4\u00df \u2013 so die Schlagworte der Kritik. Eigentlich war eine Tour zum neuen Album geplant, auch hier machte Corona einen Strich durch die Planungen. F\u00fcr 2021 hat sie nun kurzerhand ihre Show abgespeckt und f\u00fcr ein Akustik-Set arrangiert, um damit Live-Konzerte corona-konform m\u00f6glich zu machen. Und nun ist es m\u00f6glich!<\/p>\n\n\n\n<p>Ihre neue Band strotzt vor Kraft und Spielfreude, bringt ihre Klassiker wie \u201cSehnsucht\u201d, \u201cDie Seele brennt\u201d oder \u201dSchatten an der Wand\u201d, mit viel Druck und Leidenschaft auf die B\u00fchne. Eine gro\u00dfartige Show mit einer der wohl besten Rocks\u00e4ngerinnen Deutschlands.<br>Das ist sie in jedem Fall f\u00fcr ganz Gro\u00dfe des Business wie Peter Maffay, der sie &#8222;die beste deutsche S\u00e4ngerin&#8220; nennt und f\u00fcr Udo Lindenberg, der ihr das Pr\u00e4dikat &#8222;au\u00dferirdische Erscheinung&#8220; verleiht. Der deutsche Rolling Stone k\u00fcrte Julia Neigel, die mit einem Stimmumfang von mehr als drei Oktaven gesegnet ist, sogar mehrfach zur &#8222;besten S\u00e4ngerin national&#8220;, nicht zu vergessen die zahlreichen Echo-Nominierungen in den Kategorien \u201eBester Live Act\u201c, \u201eBestes Album\u201c, \u201eBestes Video\u201c. Auch als neue S\u00e4ngerin bei der legend\u00e4ren Ostrockband Silly macht Julia Neigel ihren Stellenwert deutlich!<\/p>\n\n\n\n<p><strong>Ticketpreise<\/strong><\/p>\n\n\n\n<ul><li><strong>46,50 \u20ac &nbsp;&nbsp;&nbsp;&nbsp;&nbsp;&nbsp;&nbsp;&nbsp; <\/strong>Kategorie 1, \u00fcberdachte Pl\u00e4tze<\/li><li><strong>43,00 \u20ac<\/strong>&nbsp;&nbsp;&nbsp;&nbsp;&nbsp;&nbsp;&nbsp;&nbsp; Kategorie 1, nicht \u00fcberdachte Pl\u00e4tze<\/li><li><strong>38,50 \u20ac<\/strong>&nbsp;&nbsp;&nbsp;&nbsp;&nbsp;&nbsp;&nbsp;&nbsp; Kategorie 2, nicht \u00fcberdachte Pl\u00e4tze<\/li><\/ul>\n\n\n\n<figure class=\"wp-block-image size-large\"><img decoding=\"async\" loading=\"lazy\" width=\"800\" height=\"346\" src=\"https:\/\/speyer24news.com\/wp-content\/uploads\/2021\/01\/Trennlinie-Spacig-1.jpg\" alt=\"\" class=\"wp-image-32257\" srcset=\"https:\/\/speyer24news.com\/wp-content\/uploads\/2021\/01\/Trennlinie-Spacig-1.jpg 800w, https:\/\/speyer24news.com\/wp-content\/uploads\/2021\/01\/Trennlinie-Spacig-1-300x130.jpg 300w, https:\/\/speyer24news.com\/wp-content\/uploads\/2021\/01\/Trennlinie-Spacig-1-768x332.jpg 768w\" sizes=\"(max-width: 800px) 100vw, 800px\" \/><\/figure>\n\n\n\n<p><strong>EINTRITTSKARTEN f\u00fcr alle Veranstaltungen <\/strong>erh\u00e4ltlich \u00fcber Hotline: (06 21) 41 00 50,&nbsp;an der Ticketbox am Haupteingang&nbsp;im Luisenpark, an allen bekannten Vorverkaufsstellen sowie online auf <a href=\"http:\/\/www.eventim.de\">www.eventim.de<\/a>.<\/p>\n\n\n\n<p><strong>Der Parkeintritt ist im Ticketpreis enthalten.&nbsp;&nbsp;<\/strong>Je nach Vorverkaufsstelle oder bei Online-Kauf k\u00f6nnen unterschiedliche Bearbeitungsgeb\u00fchren und Versandkosten anfallen.<\/p>\n\n\n\n<p>Weitere Info zu den Veranstaltungen und den bis zu den jeweils zum Veranstaltungstermin aktuell geltenden Coronaregeln finden Sie auf&nbsp;<a href=\"http:\/\/www.xn--seebhnenzauber-jsb.de\/\">seeb\u00fchnenzauber.de<\/a><\/p>\n\n\n\n<p><em>Text: Stadtpark Mannheim gemeinn\u00fctzige GmbH Foto: siehe Bildunterschrift<br>14.06.2021<\/em><\/p>\n\n\n\n<h2 class=\"wp-block-heading\">Luisenpark sucht Gastronom f\u00fcr \u201eNeue Parkmitte\u201c<\/h2>\n\n\n\n<div class=\"wp-block-image\"><figure class=\"aligncenter\"><img decoding=\"async\" loading=\"lazy\" width=\"800\" height=\"532\" src=\"https:\/\/speyer24news.com\/wp-content\/uploads\/2021\/06\/Gastronomie-im-Luisenpark.jpg\" alt=\"\" class=\"wp-image-37824\" srcset=\"https:\/\/speyer24news.com\/wp-content\/uploads\/2021\/06\/Gastronomie-im-Luisenpark.jpg 800w, https:\/\/speyer24news.com\/wp-content\/uploads\/2021\/06\/Gastronomie-im-Luisenpark-300x200.jpg 300w, https:\/\/speyer24news.com\/wp-content\/uploads\/2021\/06\/Gastronomie-im-Luisenpark-768x511.jpg 768w\" sizes=\"(max-width: 800px) 100vw, 800px\" \/><\/figure><\/div>\n\n\n\n<p>Der Luisenpark Mannheim wird derzeit zeitgem\u00e4\u00df und nachhaltig weiterentwickelt. Die Stadtpark Mannheim gGmbH als Betreiberin von Mannheims gr\u00f6\u00dfter Parkanlage gestaltet dabei ein Areal von 3,6 Hektar im Parkzentrum f\u00fcr Besucher neu: Die \u201eNeue Parkmitte\u201c mit Unterwasserwelt, gro\u00dfer begehbarer Freiflugvoliere sowie einem Habitat f\u00fcr Pinguine mit Berg- und Flusslandschaft. Besucher*innen k\u00f6nnen sich auf sehr offen gestaltete Erlebnisr\u00e4ume im Innen- und Au\u00dfenbereich und ganz neue Arten der Tierbegegnung freuen. Aktuell sucht die Stadtpark Gesellschaft f\u00fcr diesen Bereich einen kreativen Gastronomen als P\u00e4chter.<\/p>\n\n\n\n<h4 class=\"wp-block-heading\">Neues Parkrestaurant in nat\u00fcrlicher, schwebend leichter Architektur<\/h4>\n\n\n\n<p>Die Entw\u00fcrfe sehen Geb\u00e4ude vor, die wie leichte, verglaste Pavillons aussehen und mit organisch geformten, weit ausragenden Vord\u00e4chern, die unter den Baumkronen liegen, Schutz vor Regen und Sonne bieten \u2013 ein wichtiger Aspekt hinsichtlich der ganzj\u00e4hrigen Nutzbarkeit des Luisenparks. Die geschwungene, am Vorbild der Natur orientierte Architektur mit ihren fast schwebend anmutenden D\u00e4chern umspielt die bestehende Parklandschaft, ohne sie zu dominieren. Durch die angedachten gro\u00dffl\u00e4chigen Verglasungen gehen Innen- und Au\u00dfenr\u00e4ume flie\u00dfend ineinander \u00fcber und erzeugen ein Gef\u00fchl der Transparenz und Durchl\u00e4ssigkeit.<br>Gastronom gesucht<\/p>\n\n\n\n<div class=\"wp-block-image\"><figure class=\"aligncenter\"><img decoding=\"async\" loading=\"lazy\" width=\"800\" height=\"313\" src=\"https:\/\/speyer24news.com\/wp-content\/uploads\/2021\/06\/neue-parkmitte_Gastronomie_linke-Bildhaelfte1.jpg\" alt=\"\" class=\"wp-image-37818\" srcset=\"https:\/\/speyer24news.com\/wp-content\/uploads\/2021\/06\/neue-parkmitte_Gastronomie_linke-Bildhaelfte1.jpg 800w, https:\/\/speyer24news.com\/wp-content\/uploads\/2021\/06\/neue-parkmitte_Gastronomie_linke-Bildhaelfte1-300x117.jpg 300w, https:\/\/speyer24news.com\/wp-content\/uploads\/2021\/06\/neue-parkmitte_Gastronomie_linke-Bildhaelfte1-768x300.jpg 768w\" sizes=\"(max-width: 800px) 100vw, 800px\" \/><\/figure><\/div>\n\n\n\n<p>F\u00fcr den Bereich Neue Parkmitte im Herzen des Luisenparks sucht die Stadtpark Gesellschaft aktuell einen Betreiber im Rahmen einer dauerhaften Verpachtung ab April 2023.<br>Geplant ist ein Quick-Casual-Restaurant mit 150 Pl\u00e4tzen und separatem Raum f\u00fcr Veranstaltungen mit 80 Pl\u00e4tzen. Gro\u00dfz\u00fcgige Au\u00dfensitzbereiche und ein angeschlossener Kiosk erg\u00e4nzen das Angebot.<br>Auch eine Bewirtung von kulinarischen Sonder-Veranstaltungen im Aquarium im Untergeschoss des Zentralgeb\u00e4udes der Neuen Parkmitte soll angeboten werden.<br>Das Konzept f\u00fcr Kulinarik und Gestaltung sollte multikulturell ausgerichtet werden, reflektierend auf das weltoffene Mannheim und seine Menschen mit vielf\u00e4ltigen kulturellen Hintergr\u00fcnden.<\/p>\n\n\n\n<p>Interessierte Gastronomen sind aufgefordert, Ihre formlose Interessensbekundung&nbsp;<strong>bis zum 19.6.2021<\/strong>&nbsp;bei der Stadtpark Gesellschaft an die Mailadresse&nbsp;<a href=\"mailto:vergabe@stadtpark-mannheim.de\">vergabe@stadtpark-mannheim.de<\/a>&nbsp;einzureichen.<br>Die Stadtpark Gesellschaft freut sich \u00fcber zahlreiche Bewerber!<\/p>\n\n\n\n<h4 class=\"wp-block-heading\">Infok\u00e4sten<\/h4>\n\n\n\n<figure class=\"wp-block-image\"><img decoding=\"async\" loading=\"lazy\" width=\"552\" height=\"625\" src=\"https:\/\/speyer24news.com\/wp-content\/uploads\/2021\/06\/LuPa-Gastronom-Schaukasten.png\" alt=\"\" class=\"wp-image-37817\" srcset=\"https:\/\/speyer24news.com\/wp-content\/uploads\/2021\/06\/LuPa-Gastronom-Schaukasten.png 552w, https:\/\/speyer24news.com\/wp-content\/uploads\/2021\/06\/LuPa-Gastronom-Schaukasten-265x300.png 265w\" sizes=\"(max-width: 552px) 100vw, 552px\" \/><\/figure>\n\n\n\n<p><em>Stadtpark Mannheim gemeinn\u00fctzige GmbH<br>13.06.2021<\/em><\/p>\n","protected":false},"excerpt":{"rendered":"<div class=\"mh-excerpt\"><p>LUISENPARK SEEB\u00dcHNENZAUBER 2021 &#8211; Spezial Alex Mayr PARK CD-Release Konzert Fr., 30. Juli 2021, 20 Uhr Luisenpark Mannheim, Seeb\u00fchne Den Auftakt zur Reihe bestreitet die wunderbare Alex Mayr, und es kann auch gar nicht anders <a class=\"mh-excerpt-more\" href=\"https:\/\/speyer24news.com\/?p=37890\" title=\"LUISENPARK Mannheim \/ Freizeit\">[&#8230;]<\/a><\/p>\n<\/div>","protected":false},"author":3,"featured_media":35923,"comment_status":"open","ping_status":"open","sticky":false,"template":"","format":"standard","meta":{"_monsterinsights_skip_tracking":false,"_monsterinsights_sitenote_active":false,"_monsterinsights_sitenote_note":"","_monsterinsights_sitenote_category":0,"footnotes":""},"categories":[11,13],"tags":[601,3518,56,600,1794,7856,2342,7313,7314],"aioseo_notices":[],"amp_enabled":true,"_links":{"self":[{"href":"https:\/\/speyer24news.com\/index.php?rest_route=\/wp\/v2\/posts\/37890"}],"collection":[{"href":"https:\/\/speyer24news.com\/index.php?rest_route=\/wp\/v2\/posts"}],"about":[{"href":"https:\/\/speyer24news.com\/index.php?rest_route=\/wp\/v2\/types\/post"}],"author":[{"embeddable":true,"href":"https:\/\/speyer24news.com\/index.php?rest_route=\/wp\/v2\/users\/3"}],"replies":[{"embeddable":true,"href":"https:\/\/speyer24news.com\/index.php?rest_route=%2Fwp%2Fv2%2Fcomments&post=37890"}],"version-history":[{"count":2,"href":"https:\/\/speyer24news.com\/index.php?rest_route=\/wp\/v2\/posts\/37890\/revisions"}],"predecessor-version":[{"id":37922,"href":"https:\/\/speyer24news.com\/index.php?rest_route=\/wp\/v2\/posts\/37890\/revisions\/37922"}],"wp:featuredmedia":[{"embeddable":true,"href":"https:\/\/speyer24news.com\/index.php?rest_route=\/wp\/v2\/media\/35923"}],"wp:attachment":[{"href":"https:\/\/speyer24news.com\/index.php?rest_route=%2Fwp%2Fv2%2Fmedia&parent=37890"}],"wp:term":[{"taxonomy":"category","embeddable":true,"href":"https:\/\/speyer24news.com\/index.php?rest_route=%2Fwp%2Fv2%2Fcategories&post=37890"},{"taxonomy":"post_tag","embeddable":true,"href":"https:\/\/speyer24news.com\/index.php?rest_route=%2Fwp%2Fv2%2Ftags&post=37890"}],"curies":[{"name":"wp","href":"https:\/\/api.w.org\/{rel}","templated":true}]}}