{"id":37994,"date":"2021-06-18T04:07:23","date_gmt":"2021-06-18T03:07:23","guid":{"rendered":"https:\/\/speyer24news.com\/?p=37994"},"modified":"2021-06-18T04:07:24","modified_gmt":"2021-06-18T03:07:24","slug":"wirtschaft-finanzen-rente-12","status":"publish","type":"post","link":"https:\/\/speyer24news.com\/?p=37994","title":{"rendered":"Wirtschaft \/ Finanzen \/ Rente"},"content":{"rendered":"<style type=\"text\/css\">\r\n\t.ads_top_disp{}\r\n\t.ads_top_corner_disp{ float:left; margin:0px 10px 10px 0px; }\r\n\t.ads_first_p_disp{}\r\n\t.ads_bottom_disp{}\r\n\t<\/style>\n<h1 class=\"has-text-align-center wp-block-heading\">Stadtwerke Speyer (SWS) GmbH<\/h1>\n\n\n\n<div class=\"wp-block-image\"><figure class=\"aligncenter size-large\"><img decoding=\"async\" loading=\"lazy\" width=\"600\" height=\"209\" src=\"https:\/\/speyer24news.com\/wp-content\/uploads\/2020\/10\/SWS-Logo-1024x356.jpg\" alt=\"\" class=\"wp-image-30557\" srcset=\"https:\/\/speyer24news.com\/wp-content\/uploads\/2020\/10\/SWS-Logo-1024x356.jpg 600w, https:\/\/speyer24news.com\/wp-content\/uploads\/2020\/10\/SWS-Logo-1024x356-300x105.jpg 300w\" sizes=\"(max-width: 600px) 100vw, 600px\" \/><\/figure><\/div>\n\n\n\n<h2 class=\"wp-block-heading\"><strong>Glasfaser-Testbetrieb startet in Speyer<\/strong><\/h2>\n\n\n\n<h3 class=\"wp-block-heading\">Kunden gehen am ersten \u201ePoP\u201c online<\/h3>\n\n\n\n<h4 class=\"wp-block-heading\">Das Glasfaserzeitalter im Ausbaugebiet Auestra\u00dfe in Speyer hat f\u00fcr einige Testkunden jetzt offiziell begonnen. Sie surfen mit schnellstem Highspeed-Internet.<\/h4>\n\n\n\n<div class=\"wp-block-image\"><figure class=\"aligncenter size-large\"><img decoding=\"async\" loading=\"lazy\" width=\"800\" height=\"572\" src=\"https:\/\/speyer24news.com\/wp-content\/uploads\/2021\/06\/Glasfaser_Stumpf.jpg\" alt=\"\" class=\"wp-image-37996\" srcset=\"https:\/\/speyer24news.com\/wp-content\/uploads\/2021\/06\/Glasfaser_Stumpf.jpg 800w, https:\/\/speyer24news.com\/wp-content\/uploads\/2021\/06\/Glasfaser_Stumpf-300x215.jpg 300w, https:\/\/speyer24news.com\/wp-content\/uploads\/2021\/06\/Glasfaser_Stumpf-768x549.jpg 768w\" sizes=\"(max-width: 800px) 100vw, 800px\" \/><figcaption>Glasfaser-Highspeed f\u00fcr die ersten Testkunden: (v. l.) Tim Rufenach (SWS), Elke Stoll-Stumpf (Stumpf Datenelektronik), Stephan Rosenow (SWS)<br><em>Foto: Stadtwerke Speyer (SWS) GmbH<\/em><\/figcaption><\/figure><\/div>\n\n\n\n<p>Aktuell wurden Elke und Thomas Stumpf (Stumpf Datenelektronik) aus der Hasenpf\u00fchler Weide im neuen \u201ePoP\u201c \u2013 Point of Presence &#8211; in der Stra\u00dfe Nachtweide\/Ecke Am R\u00fcbsamenw\u00fchl angeschlossen. Der \u201ePoP\u201c dient als Hauptverteiler f\u00fcr die beauftragten Glasfaseranschl\u00fcsse. Der Ausbau des Glasfasernetzes durch die Stadtwerke Speyer (SWS) im Ausbaugebiet Auestra\u00dfe kann somit weiter durchstarten. Die ersten Kunden surfen nun bereits mit Lichtgeschwindigkeit. Die Testphase wollen die SWS nutzen, um die innovative Highspeed-Technologie auf Herz und Nieren zu pr\u00fcfen.<\/p>\n\n\n\n<p>\u201eDiese Testphase dauert einige Wochen und ist ein wichtiger Baustein und letzter Schritt vor der eigentlichen Inbetriebnahme\u201c, erkl\u00e4rt Georg Weyrich, Projektleiter bei den SWS f\u00fcr den Glasfaserausbau. Eigentlich wollte man mit dem Glasfaserausbau bereits weiter sein, aber auch die Arbeiten der SWS und ihren Dienstleitstern zogen sich durch die Corona-Pandemie etwas in die L\u00e4nge. \u201eGeschafft ist dennoch schon viel\u201c, bringt es der Projektleiter auf den Punkt. \u201eSeit dem Baustart haben wir mehr als 8.500 Meter Trasse in Speyer gebaut und 180 Hausanschl\u00fcsse hergestellt. In diese werden die Glasfasern eingebracht. Das entspricht einer Strecke vom Dom bis zum Kollersee\u201c, veranschaulicht Weyrich die Dimensionen des Glasfaserausbaus. \u201eWir befinden uns auf der Zielgeraden im Ausbaugebiet Auestra\u00dfe. Anschl\u00fcsse und Tests im \u201ePoP\u201c sind weitere Meilensteine auf dem Weg in ein digitales Speyer\u201c, fasst der SWS-Mitarbeiter zusammen.<\/p>\n\n\n\n<p><em>Stadtwerke Speyer (SWS) GmbH<br>18.06.2021<\/em><\/p>\n\n\n\n<h1 class=\"has-text-align-center wp-block-heading\">Sparkasse Vorderpfalz<\/h1>\n\n\n\n<figure class=\"wp-block-image size-large\"><img decoding=\"async\" loading=\"lazy\" width=\"1024\" height=\"768\" src=\"https:\/\/speyer24news.com\/wp-content\/uploads\/2019\/10\/Sparkasse-Vorderpfalz-1-1024x768-1-1024x768.jpg\" alt=\"\" class=\"wp-image-20972\" srcset=\"https:\/\/speyer24news.com\/wp-content\/uploads\/2019\/10\/Sparkasse-Vorderpfalz-1-1024x768-1.jpg 1024w, https:\/\/speyer24news.com\/wp-content\/uploads\/2019\/10\/Sparkasse-Vorderpfalz-1-1024x768-1-300x225.jpg 300w, https:\/\/speyer24news.com\/wp-content\/uploads\/2019\/10\/Sparkasse-Vorderpfalz-1-1024x768-1-768x576.jpg 768w, https:\/\/speyer24news.com\/wp-content\/uploads\/2019\/10\/Sparkasse-Vorderpfalz-1-1024x768-1-678x509.jpg 678w, https:\/\/speyer24news.com\/wp-content\/uploads\/2019\/10\/Sparkasse-Vorderpfalz-1-1024x768-1-326x245.jpg 326w, https:\/\/speyer24news.com\/wp-content\/uploads\/2019\/10\/Sparkasse-Vorderpfalz-1-1024x768-1-80x60.jpg 80w\" sizes=\"(max-width: 1024px) 100vw, 1024px\" \/><\/figure>\n\n\n\n<h2 class=\"wp-block-heading\"><strong>Vereint vorangehen: Sparkasse Vorderpfalz verlost erneut 100.000 Euro an in Not geratene Vereine<\/strong><\/h2>\n\n\n\n<h3 class=\"wp-block-heading\">Online-Bewerbungen und Teilnahmebedingungen unter\u00a0<a href=\"https:\/\/deref-web.de\/mail\/client\/coglah8sKBI\/dereferrer\/?redirectUrl=https%3A%2F%2Fwww.sparkasse-vorderpfalz.de%2Fcorona-soforthilfe\" target=\"_blank\" rel=\"noreferrer noopener\">https:\/\/www.sparkasse-vorderpfalz.de\/corona-soforthilfe<\/a><\/h3>\n\n\n\n<div class=\"wp-block-image\"><figure class=\"aligncenter size-large\"><img decoding=\"async\" loading=\"lazy\" width=\"600\" height=\"600\" src=\"https:\/\/speyer24news.com\/wp-content\/uploads\/2021\/06\/Spendenaktion-2021.jpg\" alt=\"\" class=\"wp-image-37995\" srcset=\"https:\/\/speyer24news.com\/wp-content\/uploads\/2021\/06\/Spendenaktion-2021.jpg 600w, https:\/\/speyer24news.com\/wp-content\/uploads\/2021\/06\/Spendenaktion-2021-300x300.jpg 300w, https:\/\/speyer24news.com\/wp-content\/uploads\/2021\/06\/Spendenaktion-2021-150x150.jpg 150w\" sizes=\"(max-width: 600px) 100vw, 600px\" \/><figcaption>Vereint vorangehen: Sparkasse Vorderpfalz verlost erneut 100.000 Euro an in Not geratene Vereine.<\/figcaption><\/figure><\/div>\n\n\n\n<p>Die Sparkasse Vorderpfalz vergibt wie im Vorjahr Spenden von insgesamt 100.000 Euro an gemeinn\u00fctzige Empf\u00e4nger, die durch die Corona-Krise in wirtschaftliche Schwierigkeiten geraten sind. Bewerben k\u00f6nnen sich vom 15. Juni bis 15. Juli gemeinn\u00fctzige Vereine, Organisationen und Initiativen, die Kunde bei der Sparkasse Vorderpfalz sind und ihren Sitz in Ludwigshafen, Speyer oder dem Rhein-Pfalz-Kreis haben. Die Spendenempf\u00e4nger werden von der Sparkasse ausgelost und erhalten eine F\u00f6rderung von jeweils bis zu 2.000 Euro.<\/p>\n\n\n\n<h4 class=\"wp-block-heading\"><strong>Ludwigshafen, Speyer und der Rhein-Pfalz-Kreis werden profitieren<\/strong><\/h4>\n\n\n\n<p>Jutta Steinruck, Vorsitzende im Zweckverband und Verwaltungsrat der Sparkasse Vorderpfalz, und ihre Stellvertreter\/in Stefanie Seiler und Clemens K\u00f6rner erkl\u00e4ren unisono: &#8222;Unsere Gesellschaft profitiert vom pers\u00f6nlichen Einsatz vieler Menschen in Vereinen und Initiativen vor Ort. Doch auch Unternehmen tragen Verantwortung f\u00fcr die Menschen, die Lebensqualit\u00e4t und das gesellschaftliche und kulturelle Leben in der Region. Wir freuen uns, dass die Sparkasse Vorderpfalz mit der 100.000-Euro-Spendenaktion erneut die in Not geratenen Vereine in ihrem Gesch\u00e4ftsgebiet in Ludwigshafen, Speyer und dem Rhein-Pfalz-Kreis unterst\u00fctzen wird&#8220;.<\/p>\n\n\n\n<h4 class=\"wp-block-heading\"><strong>Spendenaktion soll das Ehrenamt und die Vereinsarbeit unterst\u00fctzen<\/strong><\/h4>\n\n\n\n<div class=\"wp-block-image\"><figure class=\"aligncenter size-large\"><img decoding=\"async\" loading=\"lazy\" width=\"500\" height=\"661\" src=\"https:\/\/speyer24news.com\/wp-content\/uploads\/2019\/08\/Traue-Thomas_2.jpg\" alt=\"\" class=\"wp-image-18379\" srcset=\"https:\/\/speyer24news.com\/wp-content\/uploads\/2019\/08\/Traue-Thomas_2.jpg 500w, https:\/\/speyer24news.com\/wp-content\/uploads\/2019\/08\/Traue-Thomas_2-227x300.jpg 227w\" sizes=\"(max-width: 500px) 100vw, 500px\" \/><figcaption>Die Corona-Krise macht auch vor den Vereinen in unserer Region nicht halt. Mit unserer Spendenaktion m\u00f6chten wir sie unterst\u00fctzen.<\/figcaption><\/figure><\/div>\n\n\n\n<p>Sparkassen-Chef Thomas Traue betont: &#8222;Die Corona-Krise dauert auch im zweiten Jahr nach wie vor an und macht auch vor den Vereinen in unserer Region nicht halt. Viele m\u00fcssen Einnahmeausf\u00e4lle verkraften. Andere haben einen h\u00f6heren Aufwand, weil sie sich verst\u00e4rkt um Menschen k\u00fcmmern, die besonders von der Corona-Pandemie betroffen sind. Die Folgen sind oftmals wirtschaftliche Schieflage, verbunden mit dem Ringen um den Fortbestand des Vereins. Eine schwierige Situation, aus der die Betroffenen nicht ohne solidarische Hilfe herauskommen. Bereits im vergangenen Jahr haben wir als regional verankerte Sparkasse schnell und unb\u00fcrokratisch geholfen. Der Erfolg dieser Aktion war enorm, so dass uns die Entscheidung f\u00fcr eine Neuauflage in diesem Jahr leichtgefallen ist. Die Unterst\u00fctzung soll aber auch ehrenamtlich und b\u00fcrgerschaftlich engagierten Menschen weiterhin Mut machen: Gerade jetzt sind sie mit ihrem Engagement und ihrer Hilfsbereitschaft eine wichtige St\u00fctze unserer Gesellschaft. Wir m\u00f6chten sie mit unserer Spendenaktion unterst\u00fctzen, um die Auswirkungen der Pandemie letztlich erfolgreich abmildern zu k\u00f6nnen. Denn unsere Gesellschaft lebt \u2013 insbesondere auch in dieser schwierigen Zeit \u2013 vom pers\u00f6nlichen Einsatz vieler Einzelner, gerade in Vereinen und Initiativen vor Ort.\u201c<\/p>\n\n\n\n<p><em>Sparkasse Vorderpfalz<br>18.06.2021<\/em><\/p>\n\n\n\n<h1 class=\"has-text-align-center wp-block-heading\">Industriegewerkschaft Bauen-Agrar-Umwelt, Bezirksverband Rheinhessen-Vorderpfalz<\/h1>\n\n\n\n<div class=\"wp-block-image\"><figure class=\"aligncenter size-large\"><img decoding=\"async\" loading=\"lazy\" width=\"600\" height=\"242\" src=\"https:\/\/speyer24news.com\/wp-content\/uploads\/2020\/04\/IG-Bauen-Agragr-Umwelt-Logo.png\" alt=\"\" class=\"wp-image-26509\" srcset=\"https:\/\/speyer24news.com\/wp-content\/uploads\/2020\/04\/IG-Bauen-Agragr-Umwelt-Logo.png 600w, https:\/\/speyer24news.com\/wp-content\/uploads\/2020\/04\/IG-Bauen-Agragr-Umwelt-Logo-300x121.png 300w\" sizes=\"(max-width: 600px) 100vw, 600px\" \/><\/figure><\/div>\n\n\n\n<h2 class=\"wp-block-heading\"><strong><u>\u201eAuftragsb\u00fccher prall gef\u00fcllt\u201c | Gewerkschaft fordert Lohn-Plus<\/u><\/strong><\/h2>\n\n\n\n<h3 class=\"wp-block-heading\"><strong>Bau-Boom h\u00e4lt an: 135 neue Wohnungen in Speyer gebaut<\/strong><\/h3>\n\n\n\n<div class=\"wp-block-image\"><figure class=\"aligncenter size-large\"><img decoding=\"async\" loading=\"lazy\" width=\"800\" height=\"533\" src=\"https:\/\/speyer24news.com\/wp-content\/uploads\/2021\/06\/Richtfest.jpg\" alt=\"\" class=\"wp-image-37997\" srcset=\"https:\/\/speyer24news.com\/wp-content\/uploads\/2021\/06\/Richtfest.jpg 800w, https:\/\/speyer24news.com\/wp-content\/uploads\/2021\/06\/Richtfest-300x200.jpg 300w, https:\/\/speyer24news.com\/wp-content\/uploads\/2021\/06\/Richtfest-768x512.jpg 768w\" sizes=\"(max-width: 800px) 100vw, 800px\" \/><\/figure><\/div>\n\n\n\n<p>Boomende Baubranche: In Speyer wurden im vergangenen Jahr 135 neue Wohnungen gebaut \u2013 in Ein- und Zweifamilienh\u00e4usern, in Reihen- und Mehrfamilienh\u00e4usern. Das teilt die Industriegewerkschaft Bauen-Agrar-Umwelt mit. Die IG&nbsp;BAU beruft sich hierbei auf aktuelle Zahlen des Statistischen Bundesamts. Danach flossen f\u00fcr den Neubau in Speyer Investitionen in H\u00f6he von rund 20,4&nbsp;Millionen Euro. \u201eDer Boom der Branche h\u00e4lt schon seit Jahren an. Und es ist kein Ende in Sicht\u201c, sagt Bezirksvorsitzender R\u00fcdiger Wunderlich. Der Gewerkschafter verweist auf einen wachsenden Berg genehmigter, aber noch nicht fertiggestellter Wohnungen, der zu \u201eprall gef\u00fcllten Auftragsb\u00fcchern\u201c bei den Unternehmen f\u00fchre: Nach einer Auswertung des Pestel-Instituts wurden in der Stadt zwischen 2011 und 2019 Baugenehmigungen f\u00fcr rund 220&nbsp;Wohnungen erteilt, die noch gebaut werden m\u00fcssen.<\/p>\n\n\n\n<p>\u201eEs gibt einen regelrechten Stau am Bau. Maurer, Zimmerleute und Fliesenleger arbeiten am Anschlag, um die Auftragsflut zu bew\u00e4ltigen. Statt Kurzarbeit und Homeoffice hei\u00dft es bei ihnen: \u00dcberstunden und Wochenendarbeit\u201c, so Wunderlich. Die IG BAU Rheinhessen-Vorderpfalz fordert, die Besch\u00e4ftigten in der Region an den guten Gesch\u00e4ften der Firmen fair zu beteiligen.<\/p>\n\n\n\n<p>In der laufenden Tarifrunde setzt sich die Gewerkschaft f\u00fcr ein Einkommensplus von 5,3&nbsp;Prozent ein. Au\u00dferdem sollen die sogenannten Wegezeiten, also die langen, meist unbezahlten Fahrzeiten zu den Baustellen, entsch\u00e4digt werden. Dar\u00fcber hinaus sollen die Lohnunterschiede zwischen Ost- und Westdeutschland mehr als 30 Jahre nach der Wiedervereinigung \u00fcberwunden werden.<\/p>\n\n\n\n<p>\u201eBauleute machen einen unverzichtbaren Job: Sie schaffen dringend ben\u00f6tigten Wohnraum, halten Stra\u00dfen und Br\u00fccken instand, bauen Gleise und errichten Windr\u00e4der\u201c, betont IG BAU-Verhandlungsf\u00fchrer Carsten Burckhardt. Zugleich habe die Baubranche die Binnenkonjunktur im Corona-Krisenjahr 2020 entscheidend stabilisiert und einen noch st\u00e4rkeren Einbruch verhindert. \u201eEs ist \u00fcberf\u00e4llig, dass die Arbeitgeber diese Leistung anerkennen\u201c, so Burckhardt. Die Besch\u00e4ftigten erwarteten ein kr\u00e4ftiges Lohn-Plus und einen Ausgleich f\u00fcr die oft stundenlange Pendelei zu den Baustellen \u2013 \u201edas ist Zeit, in der sie ihre Familie nicht sehen, um f\u00fcr den Chef unterwegs zu sein\u201c.<\/p>\n\n\n\n<p>Nach Angaben des Statistischen Bundesamts wurden im vergangenen Jahr 306.376 neue Wohnungen in Deutschland fertiggestellt \u2013 ein Plus von 4,6 Prozent gegen\u00fcber dem Vorjahr. Damit wurden so viele Wohnungen neu gebaut wie seit 2001 nicht mehr. Die Statistikbeh\u00f6rde geht zudem von bundesweit rund 780.000 genehmigten Wohnungen aus, die erst noch gebaut werden m\u00fcssen. Dieser sogenannte Bau\u00fcberhang habe ein Rekordhoch erreicht. Laut Zentralverband des Deutschen Baugewerbes (ZDB) stieg der Umsatz der Branche im vergangenen Jahr um sechs Prozent auf 143 Milliarden Euro. Die Tarifverhandlungen zwischen der IG BAU und den Arbeitgebern gehen am 21. und 22.&nbsp;Juni in Mainz in die zweite Runde.<\/p>\n\n\n\n<p><em>Industriegewerkschaft Bauen-Agrar-Umwelt, Bezirksverband Rheinhessen-Vorderpfalz<br>18.06.2021<\/em><\/p>\n\n\n\n<h1 class=\"has-text-align-center wp-block-heading\">Verband der Immobilienverwalter Rheinland-Pfalz\/Saarland e. V.<\/h1>\n\n\n\n<div class=\"wp-block-image\"><figure class=\"aligncenter size-large\"><img decoding=\"async\" loading=\"lazy\" width=\"800\" height=\"405\" src=\"https:\/\/speyer24news.com\/wp-content\/uploads\/2021\/04\/VDIV-Logo.png\" alt=\"\" class=\"wp-image-35855\" srcset=\"https:\/\/speyer24news.com\/wp-content\/uploads\/2021\/04\/VDIV-Logo.png 800w, https:\/\/speyer24news.com\/wp-content\/uploads\/2021\/04\/VDIV-Logo-300x152.png 300w, https:\/\/speyer24news.com\/wp-content\/uploads\/2021\/04\/VDIV-Logo-768x389.png 768w\" sizes=\"(max-width: 800px) 100vw, 800px\" \/><\/figure><\/div>\n\n\n\n<h2 class=\"wp-block-heading\"><strong>Wissenswertes zu Nebenkostenabrechnung und Steuererkl\u00e4rung<\/strong><\/h2>\n\n\n\n<h3 class=\"wp-block-heading\"><strong>Der VDIV Rheinland-Pfalz\/Saarland e.V. gibt Tipps zur Abgabefrist<\/strong><\/h3>\n\n\n\n<p>Eigent\u00fcmer und Mieter k\u00f6nnen einzelne Ausgaben rund um ihre Wohnung steuerlich absetzen und sich einen Teil der gezahlten Nebenkosten vom Finanzamt wieder \u201ezur\u00fcckholen\u201c. Die Jahresabrechnung ist somit f\u00fcr viele Steuererkl\u00e4rungen ein wichtiges Dokument. Doch welches Abrechnungsjahr ist f\u00fcr die Erstattung entscheidend?<\/p>\n\n\n\n<p>Entstehen finanzielle Nachteile, wenn die Abrechnung bis zur Abgabefrist der Steuererkl\u00e4rung \u2013 in diesem Jahr der 02. August &#8211; nicht vorliegt? Der Verband der Immobilienverwalter Rheinland-Pfalz\/Saarland e.V. (VDIV-RPS) kl\u00e4rt auf. Die zust\u00e4ndige Hausverwaltung erstellt f\u00fcr das vergangene Kalenderjahr die Jahresabrechnung mit allen Einnahmen und Ausgaben der Wohnungseigent\u00fcmergemeinschaft und den entfallenden Anteilen auf die einzelnen Wohneinheiten. Manchmal haben Eigent\u00fcmer oder Mieter diese Kostenaufstellung bis zum gew\u00fcnschten Abgabedatum ihrer selbsterstellten Steuererkl\u00e4rung noch nicht erhalten, da sich die Abrechnung wie aktuell in Corona-Zeiten verz\u00f6gert, die finale Genehmigung seitens der Eigent\u00fcmerversammlung aussteht oder die Abgabe schlicht bereits gleich zu Beginn des Folgejahres erfolgen soll. Dies sorgt gelegentlich f\u00fcr Unmut: viele gehen davon aus, dass beim Finanzamt beispielsweise mit der Steuererkl\u00e4rung 2020 auch die dazugeh\u00f6rige Jahresabrechnung eingereicht werden muss \u2013 doch das ist ein Irrtum.<\/p>\n\n\n\n<p>Eigent\u00fcmer oder Mieter k\u00f6nnen im steuerlichen Umgang mit den Ausgaben ihrer Wohnung grunds\u00e4tzlich ausw\u00e4hlen: J\u00e4hrlich anfallende Ausgaben f\u00fcr Hausmeisterdienste, Gartenpflege oder Reinigungskosten k\u00f6nnen zum Teil bereits im Jahr der Vorauszahlungen steuerlich in Abzug gebracht werden, einmalige Handwerkerkosten f\u00fcr Reparatur-, Sanierungs- oder Umbauma\u00dfnahmen lassen sich meist jedoch erst nach dem Vorliegen der Jahresabrechnung geltend machen.\u00a0Axel Ewen, Vorstandsmitglied im VDIV-RPS, empfiehlt, bei der Steuererkl\u00e4rung nicht auf die WEG-Abrechnung des Vorjahres zu warten: \u201eEntstanden letztes Jahr absetzbare Kosten, die beschlossene Jahresabrechnung 2020 lag aber erst nach der Abgabe der Steuererkl\u00e4rung vor, k\u00f6nnen Sie diese Kosten und Steuervorteile regelm\u00e4\u00dfig einfach mit der folgenden Steuererkl\u00e4rung im Steuerjahr 2021 geltend machen.\u201c <\/p>\n\n\n\n<p>Das bedeutet, dass bei Steuererkl\u00e4rungen derartige Ausgaben zeitversetzt eingereicht werden k\u00f6nnen, so etwa in der Steuererkl\u00e4rung f\u00fcr 2020 die Kosten von 2019, 2019 die von 2018 usw. Bei diesem Vorgehen wird die Steuererkl\u00e4rung ohne finanzielle Nachteile fristgerecht abgegeben und die Wartezeit auf die Jahresabrechnung entf\u00e4llt.\u00a0Als absetzbare Kosten\u00a0z\u00e4hlen ausschlie\u00dflich die auf die Wohneinheit entfallenden anteiligen Arbeits- und entstandenen Fahrtkosten ohne Mehrwertsteuer; Ausgaben f\u00fcr Material oder Verwaltungsgeb\u00fchren k\u00f6nnen nicht steuerlich geltend gemacht werden. Insgesamt lassen sich 20 Prozent der\u00a0gezahlten\u00a0Kosten von der Steuer absetzen, maximal 1.200 Euro pro Jahr. Diese Regelung umfasst nicht allein die Jahresabrechnung, auch eigene Reparatur- und Modernisierungen in der Wohnung k\u00f6nnen regelm\u00e4\u00dfig in der Steuererkl\u00e4rung bei Einreichung der Rechnung und klarer Trennung von Arbeits- und Materialkosten steuerlich geltend gemacht werden.\u00a0<\/p>\n\n\n\n<p>Bei Fragen zu diesen oder andere Themen steht der Verband der Immobilienverwalter Rheinland-Pfalz-Saarland e.V. gerne\u00a0per Mail an\u00a0<a href=\"mailto:office@vdiv-rps.de\" target=\"_blank\" rel=\"noreferrer noopener\">office@vdiv-rps.de<\/a>\u00a0zur Verf\u00fcgung. Allgemeine Informationen rund um Immobilien erhalten Interessierte auch im Internet unter\u00a0<a href=\"https:\/\/deref-web.de\/mail\/client\/Y24ftJjaoL8\/dereferrer\/?redirectUrl=http%3A%2F%2Fwww.vdiv-rps.de\" target=\"_blank\" rel=\"noreferrer noopener\">www.vdiv-rps.de<\/a>\u00a0oder bei\u00a0<a href=\"https:\/\/deref-web.de\/mail\/client\/GVWOXTm6D4Q\/dereferrer\/?redirectUrl=http%3A%2F%2Fwww.facebook.com%2Fvdivrps\" target=\"_blank\" rel=\"noreferrer noopener\">www.facebook.com\/vdivrps<\/a>.<\/p>\n\n\n\n<p><em>Verband der Immobilienverwalter Rheinland-Pfalz\/Saarland e. V.<br>18.06.2021<\/em><\/p>\n\n\n\n<h1 class=\"has-text-align-center wp-block-heading\">Zurich Gruppe Deutschland<\/h1>\n\n\n\n<div class=\"wp-block-image\"><figure class=\"aligncenter size-large\"><img decoding=\"async\" loading=\"lazy\" width=\"600\" height=\"230\" src=\"https:\/\/speyer24news.com\/wp-content\/uploads\/2021\/06\/Zurich-Logo.jpg\" alt=\"\" class=\"wp-image-37815\" srcset=\"https:\/\/speyer24news.com\/wp-content\/uploads\/2021\/06\/Zurich-Logo.jpg 600w, https:\/\/speyer24news.com\/wp-content\/uploads\/2021\/06\/Zurich-Logo-300x115.jpg 300w\" sizes=\"(max-width: 600px) 100vw, 600px\" \/><\/figure><\/div>\n\n\n\n<h2 class=\"wp-block-heading\">Zurich unterst\u00fctzt gemeinsam mit der Z Zurich Foundation die UNICEF Initiative f\u00fcr weltweite Impfstoffversorgung<\/h2>\n\n\n\n<h4 class=\"wp-block-heading\">Die Zurich Gruppe Deutschland unterst\u00fctzt gemeinsam mit der Z Zurich Foundation die weltweite COVAX Kampagne, die sich zum Ziel gesetzt hat, eine gerechte globale Verteilung von Covid-19-Impfstoffen zu erm\u00f6glichen, insbesondere f\u00fcr die \u00e4rmsten L\u00e4nder und Krisenregionen.<\/h4>\n\n\n\n<div class=\"wp-block-image\"><figure class=\"aligncenter size-large\"><img decoding=\"async\" loading=\"lazy\" width=\"800\" height=\"533\" src=\"https:\/\/speyer24news.com\/wp-content\/uploads\/2021\/06\/Zurich-untersuetztz-COVAX-Kampagne.jpg\" alt=\"\" class=\"wp-image-37998\" srcset=\"https:\/\/speyer24news.com\/wp-content\/uploads\/2021\/06\/Zurich-untersuetztz-COVAX-Kampagne.jpg 800w, https:\/\/speyer24news.com\/wp-content\/uploads\/2021\/06\/Zurich-untersuetztz-COVAX-Kampagne-300x200.jpg 300w, https:\/\/speyer24news.com\/wp-content\/uploads\/2021\/06\/Zurich-untersuetztz-COVAX-Kampagne-768x512.jpg 768w\" sizes=\"(max-width: 800px) 100vw, 800px\" \/><figcaption>Auch die Zurich Gruppe unterst\u00fctzt die weltweite COVAX Kampagne der UNICEF. <br><em>Foto: UNICEF<\/em><\/figcaption><\/figure><\/div>\n\n\n\n<p>Die Zurich Gruppe Deutschland unterst\u00fctzt gemeinsam mit der Z Zurich Foundation die weltweite COVAX Kampagne, die sich zum Ziel gesetzt hat, eine gerechte globale Verteilung von Covid-19-Impfstoffen zu erm\u00f6glichen, insbesondere f\u00fcr die \u00e4rmsten L\u00e4nder und Krisenregionen. UNICEF und seine Partner arbeiten im Rahmen der Initiative unerm\u00fcdlich am bisher gr\u00f6\u00dften Beschaffungs- und Lieferprogramm f\u00fcr Impfungen, um Gesundheits- und Sozialarbeiter an vorderster Front sowie gef\u00e4hrdete Menschen auf der ganzen Welt zu impfen. UNICEF stellt f\u00fcr COVAX seine jahrzehntelange Erfahrung bei der Beschaffung und Auslieferung von Impfstoffen sowie sein Logistiknetzwerk zur Verf\u00fcgung. Die Zurich Gruppe Deutschland unterst\u00fctzt gemeinsam mit der weltweiten Z Zurich Foundation diese globalen Bem\u00fchungen. Zurich Mitarbeitende, Vertriebspartner, Kunden und Kooperationspartner sind eingeladen, sich an dieser bedeutenden COVAX-Initiative zu beteiligen. &nbsp;Mit verschiedenen Spendenaktionen sollen \u00fcber die eingerichtete Spendenseite&nbsp;<a href=\"https:\/\/deref-web.de\/mail\/client\/xQV-a1lGP6Q\/dereferrer\/?redirectUrl=https%3A%2F%2Fwww.unicef.de%2Fspenden%2Fcovax-zurich\" target=\"_blank\" rel=\"noreferrer noopener\">https:\/\/www.unicef.de\/spenden\/covax-zurich<\/a>&nbsp;zus\u00e4tzliche Spenden generiert werden.&nbsp;<\/p>\n\n\n\n<p>\u201eDie Pandemie kann nur besiegt werden, wenn sie weltweit gleicherma\u00dfen bek\u00e4mpft wird. W\u00e4hrend das Impfthema nun auch in Deutschland an Geschwindigkeit gewonnen hat, ist es wichtig, dass wir mit diesem Engagement auch den Menschen in weniger privilegierten Regionen der Erde den Zugang zur Impfung ebnen k\u00f6nnen\u201c, unterstreicht Carsten Schildknecht, Vorstandsvorsitzender der Zurich Gruppe Deutschland, die Bedeutung dieser Aktion.&nbsp;<\/p>\n\n\n\n<h4 class=\"wp-block-heading\"><strong>\u00dcber die Z Zurich Foundation&nbsp;<\/strong><\/h4>\n\n\n\n<p>Die Z Zurich Foundation ist eine gemeinn\u00fctzige Stiftung mit Sitz in Z\u00fcrich, die von der &#8222;Z\u00fcrich Versicherungs-Gesellschaft AG&#8220; und der &#8222;Z\u00fcrich Lebensversicherungs-Gesellschaft AG&#8220; in \u00dcbereinstimmung mit Schweizer Recht gegr\u00fcndet wurde. Sie ist das Hauptinstrument, mit dem die Zurich Insurance Group (Zurich) ihre globale Strategie f\u00fcr gemeinn\u00fctzige Investitionen umsetzt.<\/p>\n\n\n\n<p>Die Z Zurich Foundation arbeitet gemeinsam mit Zurich-Mitarbeitern, Unternehmen und Nichtregierungsorganisationen an einer Zukunft, in der die Menschen angesichts zunehmender Klimagefahren gedeihen k\u00f6nnen, in der diejenigen unter uns, die den Stress des Lebens sp\u00fcren, bef\u00e4higt werden, ihre Stimme zu erheben, und in der die Ausgegrenzten in unserer Gesellschaft ihr volles Potenzial erreichen k\u00f6nnen.&nbsp;<\/p>\n\n\n\n<p>Besuchen Sie die Website der Z Zurich Foundation, um mehr \u00fcber ihre&nbsp;Arbeit zu&nbsp;erfahren:&nbsp;<a href=\"https:\/\/deref-web.de\/mail\/client\/g8CyNpMrzLI\/dereferrer\/?redirectUrl=https%3A%2F%2Fzurich.foundation\" target=\"_blank\" rel=\"noreferrer noopener\">https:\/\/zurich.foundation<\/a>.&nbsp;Folgen Sie&nbsp;Z Zurich Foundation&nbsp;auf&nbsp;<a href=\"https:\/\/deref-web.de\/mail\/client\/EuuKXlPHBDw\/dereferrer\/?redirectUrl=https%3A%2F%2Fwww.linkedin.com%2Fshowcase%2Fz-zurich-foundation\" target=\"_blank\" rel=\"noreferrer noopener\">LinkedIn<\/a>,&nbsp;<a href=\"https:\/\/deref-web.de\/mail\/client\/sF6huUndRrg\/dereferrer\/?redirectUrl=https%3A%2F%2Ftwitter.com%2Fzfoundation\" target=\"_blank\" rel=\"noreferrer noopener\">Twitter<\/a>,&nbsp;<a href=\"https:\/\/deref-web.de\/mail\/client\/uAX020f4aXo\/dereferrer\/?redirectUrl=https%3A%2F%2Fwww.facebook.com%2FZZurichFoundation%2F\" target=\"_blank\" rel=\"noreferrer noopener\">Facebook<\/a>,&nbsp;<a href=\"https:\/\/deref-web.de\/mail\/client\/YpeVKbkU1A0\/dereferrer\/?redirectUrl=https%3A%2F%2Fwww.instagram.com%2Fzzurichfoundation%2F\" target=\"_blank\" rel=\"noreferrer noopener\">Instagram<\/a>&nbsp;und&nbsp;<a href=\"https:\/\/deref-web.de\/mail\/client\/sjmnjAtlHiU\/dereferrer\/?redirectUrl=https%3A%2F%2Fwww.youtube.com%2Fchannel%2FUCv_VbSobMXVbez27o7tx5Rw\" target=\"_blank\" rel=\"noreferrer noopener\">YouTube<\/a>.&nbsp;&nbsp;<\/p>\n\n\n\n<h4 class=\"wp-block-heading\"><strong>\u00dcber UNICEF<\/strong><\/h4>\n\n\n\n<p>UNICEF ist die gr\u00f6\u00dfte Kinderorganisation der Welt und arbeitet an einigen der schwierigsten Orte der Welt, um&nbsp;die am meisten benachteiligten Kinder der Welt&nbsp;zu erreichen. In 190 L\u00e4ndern und Territorien arbeiten sie f\u00fcr jedes Kind, \u00fcberall, um eine bessere Welt f\u00fcr alle zu schaffen. Weitere Informationen \u00fcber UNICEF und seine Arbeit f\u00fcr Kinder finden Sie unter&nbsp;<a href=\"https:\/\/deref-web.de\/mail\/client\/uCdAFQX84Xk\/dereferrer\/?redirectUrl=http%3A%2F%2Fwww.unicef.org\" target=\"_blank\" rel=\"noreferrer noopener\">www.unicef.org&nbsp;<\/a>Folgen Sie UNICEF auf&nbsp;<a href=\"https:\/\/deref-web.de\/mail\/client\/HZE8N6p2d2I\/dereferrer\/?redirectUrl=https%3A%2F%2Ftwitter.com%2Funicefmedia\" target=\"_blank\" rel=\"noreferrer noopener\">Twitter<\/a>,&nbsp;<a href=\"https:\/\/deref-web.de\/mail\/client\/pOJbOPoedik\/dereferrer\/?redirectUrl=https%3A%2F%2Fwww.facebook.com%2Funicef%2F\" target=\"_blank\" rel=\"noreferrer noopener\">Facebook<\/a>,&nbsp;<a href=\"https:\/\/deref-web.de\/mail\/client\/41-fi9QZhBU\/dereferrer\/?redirectUrl=https%3A%2F%2Fwww.instagram.com%2Funicef%2F\" target=\"_blank\" rel=\"noreferrer noopener\">Instagram&nbsp;<\/a>und&nbsp;<a href=\"https:\/\/deref-web.de\/mail\/client\/fbiDGRfAyME\/dereferrer\/?redirectUrl=https%3A%2F%2Fwww.youtube.com%2Funicef\" target=\"_blank\" rel=\"noreferrer noopener\">YouTube<\/a><\/p>\n\n\n\n<h4 class=\"wp-block-heading\"><strong>\u00dcber die COVAX-Einrichtung<\/strong><\/h4>\n\n\n\n<p>COVAX ist die Impfstoff-S\u00e4ule des Access to COVID-19 Tools (ACT) Accelerator, einer bahnbrechenden globalen Zusammenarbeit zur Beschleunigung der Entwicklung, Produktion und des gerechten Zugangs zu COVID-19-Tests, -Behandlungen und -Impfstoffen. COVAX wird gemeinsam von Gavi, der Coalition for Epidemic Preparedness Innovations (CEPI) und der WHO geleitet. Ziel ist es, die Entwicklung und Herstellung von COVID-19-Impfstoffen zu beschleunigen und einen fairen und gerechten Zugang f\u00fcr jedes Land der Welt zu gew\u00e4hrleisten.\u00a0<a href=\"https:\/\/deref-web.de\/mail\/client\/3ryRZBpGdG0\/dereferrer\/?redirectUrl=https%3A%2F%2Fwww.who.int%2Finitiatives%2Fact-accelerator%2Fcovax\" target=\"_blank\" rel=\"noreferrer noopener\">https:\/\/www.who.int\/initiatives\/act-accelerator\/covax\u00a0<\/a>UNICEF\u00a0<a href=\"https:\/\/deref-web.de\/mail\/client\/6S9fXmQrK1E\/dereferrer\/?redirectUrl=https%3A%2F%2Fwww.unicef.org%2Fpress-releases%2Funicef-lead-procurement-and-supply-covid-19-vaccines-worlds-largest-and-fastest-ever\" target=\"_blank\" rel=\"noreferrer noopener\">leitet\u00a0<\/a>in Zusammenarbeit mit dem\u00a0<a href=\"https:\/\/deref-web.de\/mail\/client\/DeJOVgMlG3A\/dereferrer\/?redirectUrl=https%3A%2F%2Fwww.paho.org%2Fen%2Fresources%2Fpaho-revolving-fund\" target=\"_blank\" rel=\"noreferrer noopener\">PAHO Revolving Fund\u00a0<\/a><a href=\"https:\/\/deref-web.de\/mail\/client\/6S9fXmQrK1E\/dereferrer\/?redirectUrl=https%3A%2F%2Fwww.unicef.org%2Fpress-releases%2Funicef-lead-procurement-and-supply-covid-19-vaccines-worlds-largest-and-fastest-ever\" target=\"_blank\" rel=\"noreferrer noopener\">die Bem\u00fchungen\u00a0<\/a>zur Beschaffung und Lieferung von COVID-19-Impfdosen im Namen der COVAX Facility. \u00a0Diese Initiative wird die Beschaffung und Lieferung von Impfstoffen f\u00fcr 92 L\u00e4nder mit niedrigem und niedrigem bis mittlerem Einkommen leiten.<\/p>\n\n\n\n<p><em>Text: Zurich Gruppe Deutschland Foto: UNICEF<br>18.06.2021<\/em><\/p>\n","protected":false},"excerpt":{"rendered":"<div class=\"mh-excerpt\"><p>Stadtwerke Speyer (SWS) GmbH Glasfaser-Testbetrieb startet in Speyer Kunden gehen am ersten \u201ePoP\u201c online Das Glasfaserzeitalter im Ausbaugebiet Auestra\u00dfe in Speyer hat f\u00fcr einige Testkunden jetzt offiziell begonnen. Sie surfen mit schnellstem Highspeed-Internet. Aktuell wurden <a class=\"mh-excerpt-more\" href=\"https:\/\/speyer24news.com\/?p=37994\" title=\"Wirtschaft \/ Finanzen \/ Rente\">[&#8230;]<\/a><\/p>\n<\/div>","protected":false},"author":3,"featured_media":30614,"comment_status":"open","ping_status":"open","sticky":false,"template":"","format":"standard","meta":{"_monsterinsights_skip_tracking":false,"_monsterinsights_sitenote_active":false,"_monsterinsights_sitenote_note":"","_monsterinsights_sitenote_category":0,"footnotes":""},"categories":[29],"tags":[12208,12215,12207,12205,5009,5008,12214,6613,12209,303,12206,1442,12210,12212,12213,9207,9143,1087,4698,6539,12211,12145],"aioseo_notices":[],"amp_enabled":true,"_links":{"self":[{"href":"https:\/\/speyer24news.com\/index.php?rest_route=\/wp\/v2\/posts\/37994"}],"collection":[{"href":"https:\/\/speyer24news.com\/index.php?rest_route=\/wp\/v2\/posts"}],"about":[{"href":"https:\/\/speyer24news.com\/index.php?rest_route=\/wp\/v2\/types\/post"}],"author":[{"embeddable":true,"href":"https:\/\/speyer24news.com\/index.php?rest_route=\/wp\/v2\/users\/3"}],"replies":[{"embeddable":true,"href":"https:\/\/speyer24news.com\/index.php?rest_route=%2Fwp%2Fv2%2Fcomments&post=37994"}],"version-history":[{"count":1,"href":"https:\/\/speyer24news.com\/index.php?rest_route=\/wp\/v2\/posts\/37994\/revisions"}],"predecessor-version":[{"id":37999,"href":"https:\/\/speyer24news.com\/index.php?rest_route=\/wp\/v2\/posts\/37994\/revisions\/37999"}],"wp:featuredmedia":[{"embeddable":true,"href":"https:\/\/speyer24news.com\/index.php?rest_route=\/wp\/v2\/media\/30614"}],"wp:attachment":[{"href":"https:\/\/speyer24news.com\/index.php?rest_route=%2Fwp%2Fv2%2Fmedia&parent=37994"}],"wp:term":[{"taxonomy":"category","embeddable":true,"href":"https:\/\/speyer24news.com\/index.php?rest_route=%2Fwp%2Fv2%2Fcategories&post=37994"},{"taxonomy":"post_tag","embeddable":true,"href":"https:\/\/speyer24news.com\/index.php?rest_route=%2Fwp%2Fv2%2Ftags&post=37994"}],"curies":[{"name":"wp","href":"https:\/\/api.w.org\/{rel}","templated":true}]}}