{"id":38032,"date":"2021-06-19T05:58:43","date_gmt":"2021-06-19T04:58:43","guid":{"rendered":"https:\/\/speyer24news.com\/?p=38032"},"modified":"2021-06-19T05:58:44","modified_gmt":"2021-06-19T04:58:44","slug":"corona-virus-speyer-12","status":"publish","type":"post","link":"https:\/\/speyer24news.com\/?p=38032","title":{"rendered":"Corona-Virus Speyer"},"content":{"rendered":"<style type=\"text\/css\">\r\n\t.ads_top_disp{}\r\n\t.ads_top_corner_disp{ float:left; margin:0px 10px 10px 0px; }\r\n\t.ads_first_p_disp{}\r\n\t.ads_bottom_disp{}\r\n\t<\/style>\n<h2 class=\"wp-block-heading\">Tagesaktuelle Fallzahlen f\u00fcr die Stadt Speyer (Freitag, 18.06.2021)<\/h2>\n\n\n\n<figure class=\"wp-block-image\"><img decoding=\"async\" loading=\"lazy\" width=\"800\" height=\"400\" src=\"https:\/\/speyer24news.com\/wp-content\/uploads\/2020\/05\/virus-1812092_1920.jpg\" alt=\"\" class=\"wp-image-26778\" srcset=\"https:\/\/speyer24news.com\/wp-content\/uploads\/2020\/05\/virus-1812092_1920.jpg 800w, https:\/\/speyer24news.com\/wp-content\/uploads\/2020\/05\/virus-1812092_1920-300x150.jpg 300w, https:\/\/speyer24news.com\/wp-content\/uploads\/2020\/05\/virus-1812092_1920-768x384.jpg 768w\" sizes=\"(max-width: 800px) 100vw, 800px\" \/><\/figure>\n\n\n\n<p>Anzahl best\u00e4tigter F\u00e4lle von Coronavirus (SARS-CoV-2)-Infektionen in der Stadt Speyer:\u00a02847 ( + 1 )<br>Davon bereits genesen:\u00a02718<br>Todesf\u00e4lle: 84 ( unver\u00e4ndert )<br>Gemeldete F\u00e4lle der letzten sieben Tage pro 100.000 Einwohner*innen (Inzidenz gem\u00e4\u00df LUA): 11,9 ( unver\u00e4ndert )<\/p>\n\n\n\n<p><em>Landesuntersuchungsamt (LUA) Rheinland-Pfalz<br>19.06.2021<\/em><\/p>\n\n\n\n<h2 class=\"wp-block-heading\"><strong>Entwicklung des Inzidenzwerts in den letzten sieben Tagen in Speyer<\/strong><\/h2>\n\n\n\n<figure class=\"wp-block-image\"><img decoding=\"async\" loading=\"lazy\" width=\"800\" height=\"533\" src=\"https:\/\/speyer24news.com\/wp-content\/uploads\/2020\/02\/coronavirus-4810201_1920.jpg\" alt=\"\" class=\"wp-image-25125\" srcset=\"https:\/\/speyer24news.com\/wp-content\/uploads\/2020\/02\/coronavirus-4810201_1920.jpg 800w, https:\/\/speyer24news.com\/wp-content\/uploads\/2020\/02\/coronavirus-4810201_1920-300x200.jpg 300w, https:\/\/speyer24news.com\/wp-content\/uploads\/2020\/02\/coronavirus-4810201_1920-768x512.jpg 768w\" sizes=\"(max-width: 800px) 100vw, 800px\" \/><\/figure>\n\n\n\n<figure class=\"wp-block-table\"><table><tbody><tr><td>Freitag, 18. Juni 2021<\/td><td>11,9<\/td><\/tr><tr><td>Donnerstag, 17. Juni 2021<\/td><td>11,9<\/td><\/tr><tr><td>Mittwoch, 16. Juni 2021<\/td><td>19,8<\/td><\/tr><tr><td>Dienstag, 15. Mai 2021<\/td><td>17,8<\/td><\/tr><tr><td>Montag, 14. Juni 2021<\/td><td>19,8<\/td><\/tr><tr><td>Sonntag, 13. Juni 2021<\/td><td>19,8<\/td><\/tr><tr><td>Samstag, 12. Juni 2021<\/td><td>23,7<\/td><\/tr><\/tbody><\/table><\/figure>\n\n\n\n<p><em>Robert-Koch-Institut (RKI)<br>19.06..2021<\/em><\/p>\n\n\n\n<h2 class=\"wp-block-heading\"><strong>Verkehrslenkung zur Drive-Thru-Impfaktion am Sonntag, 20. Juni 2021<\/strong><\/h2>\n\n\n\n<figure class=\"wp-block-image size-large\"><img decoding=\"async\" loading=\"lazy\" width=\"600\" height=\"338\" src=\"https:\/\/speyer24news.com\/wp-content\/uploads\/2021\/06\/Drive-Thru-Impfung-Speyer.jpg\" alt=\"\" class=\"wp-image-37966\" srcset=\"https:\/\/speyer24news.com\/wp-content\/uploads\/2021\/06\/Drive-Thru-Impfung-Speyer.jpg 600w, https:\/\/speyer24news.com\/wp-content\/uploads\/2021\/06\/Drive-Thru-Impfung-Speyer-300x169.jpg 300w\" sizes=\"(max-width: 600px) 100vw, 600px\" \/><\/figure>\n\n\n\n<p>Am <strong>Sonntag, 20. Juni 2021, zwischen 7:00 und sp\u00e4testens 15:00 Uhr<\/strong> findet die zweite gro\u00dfe Drive-Thru-Impfaktion auf den Parkpl\u00e4tzen von B\u00d6 Fashion (Hasenpf\u00fchlerweide 1) und EDEKA Stiegler (Am R\u00fcbsamenw\u00fchl 4) statt. Obwohl dieses Mal mit vorheriger Terminvergabe gearbeitet wird, was das Verkehrsaufkommen gegen\u00fcber der ersten Aktion deutlich reduzieren sollte, ist im Bereich der Auestra\u00dfe und der K2 aus Richtung Otterstadt\/Franz-Kirrmeier-Stra\u00dfe mit Verkehrsbehinderungen\u00a0und R\u00fcckstaus\u00a0zu rechnen.<\/p>\n\n\n\n<p>Die Auestra\u00dfe wird zwischen der Hasenpf\u00fchler Weide und der Tullastra\u00dfe grunds\u00e4tzlich f\u00fcr den Individualverkehr gesperrt. Die Zufahrt in die Auestra\u00dfe ist von der Franz-Kirrmeier-Stra\u00dfe kommend ausschlie\u00dflich f\u00fcr Impfwillige mit Termin m\u00f6glich, wenn diese von Norden&nbsp;\u00fcber die K2 aus Richtung Otterstadt (Abfahrt von der B9: Rinkenbergerhof\/Otterstadt) anfahren. Auch f\u00fcr den Personenkreis, der an der Impfaktion teilnimmt, ist die Anfahrt in die Auestra\u00dfe aus Richtung Dom\/S\u00fcden&nbsp;<strong>nicht m\u00f6glich<\/strong>. Die Zufahrt zum Parkplatz von B\u00d6 Fashion erfolgt \u00fcber das Gel\u00e4nde der Firma Blumen Risse. Die Impfwilligen, die am Sonntag zuerst vor Ort sind und den Anfang der Warteschlange bilden, werden gebeten, bereits auf der Auestra\u00dfe anzuhalten und&nbsp;<strong>noch nicht<\/strong>&nbsp;das Gel\u00e4nde der Firma Blumen Risse zu befahren. Zum Aktionsbeginn um 7 Uhr wird an der Einfahrt der Firma Blumen Risse mit der Kontrolle der Terminbest\u00e4tigungen begonnen. Die Zufahrt zur Impf-Warteschleife auf dem Gel\u00e4nde erfolgt dann schrittweise.<\/p>\n\n\n\n<p>Alle anderen Zufahrtswege und Abk\u00fcrzungen sind gesperrt. Die Abfahrt erfolgt ausschlie\u00dflich \u00fcber die Nachtweide und die Tullastra\u00dfe.<\/p>\n\n\n\n<p>F\u00fcr Verkehrsteilnehmende, die in Richtung Abfallwirtschaftshof, Kl\u00e4ranlage und Deutschhof fahren m\u00f6chten, ist die Anfahrt aus Richtung Dom\/S\u00fcden kommend grunds\u00e4tzlich ohne gr\u00f6\u00dfere Probleme m\u00f6glich. Die Abfahrt aus den o.g. Bereichen wird, solange die Wartesituation andauert, ausschlie\u00dflich in Richtung Otterstadt m\u00f6glich sein.<\/p>\n\n\n\n<p>Verkehrsteilnehmende mit dem Ziel Am R\u00fcbsamenw\u00fchl haben die M\u00f6glichkeit \u00fcber die Route Wormser Landstra\u00dfe \u2013 Auestra\u00dfe \u2013 Tullastra\u00dfe \u2013 Nachtweide oder direkt \u00fcber die Waldseer Stra\u00dfe \u2013 Tullastra\u00dfe \u2013 Nachtweide zum Campingplatz, Badestrand und Restaurant am Steinh\u00e4userw\u00fchlsee zu gelangen und auf diesem Wege auch wieder abzufahren.<\/p>\n\n\n\n<p>Der Kommunale Vollzugsdienst der Stadt Speyer und die Polizei werden den Verkehr sowie die gesperrten Zufahrtswege \u00fcberwachen.<\/p>\n\n\n\n<p>Die Stadt Speyer bittet um Verst\u00e4ndnis f\u00fcr die entstehenden Einschr\u00e4nkungen im Stra\u00dfenverkehr.<\/p>\n\n\n\n<p>Alle wichtigen Informationen zum Ablauf des Impf-Drive-Thru von Prof. Dr. Gerald Haupt und Peter B\u00f6deker sind geb\u00fcndelt unter\u00a0<a href=\"https:\/\/deref-web.de\/mail\/client\/uH4qS_Jj4jg\/dereferrer\/?redirectUrl=http%3A%2F%2Fwww.speyer.de%2Fimpfaktion\" target=\"_blank\" rel=\"noreferrer noopener\">www.speyer.de\/impfaktion<\/a>\u00a0zu finden.<\/p>\n\n\n\n<p><em>Stadtverwaltung Speyer<br>19.06.2021<\/em><\/p>\n","protected":false},"excerpt":{"rendered":"<div class=\"mh-excerpt\"><p>Tagesaktuelle Fallzahlen f\u00fcr die Stadt Speyer (Freitag, 18.06.2021) Anzahl best\u00e4tigter F\u00e4lle von Coronavirus (SARS-CoV-2)-Infektionen in der Stadt Speyer:\u00a02847 ( + 1 )Davon bereits genesen:\u00a02718Todesf\u00e4lle: 84 ( unver\u00e4ndert )Gemeldete F\u00e4lle der letzten sieben Tage pro 100.000 <a class=\"mh-excerpt-more\" href=\"https:\/\/speyer24news.com\/?p=38032\" title=\"Corona-Virus Speyer\">[&#8230;]<\/a><\/p>\n<\/div>","protected":false},"author":3,"featured_media":25126,"comment_status":"open","ping_status":"open","sticky":false,"template":"","format":"standard","meta":{"_monsterinsights_skip_tracking":false,"_monsterinsights_sitenote_active":false,"_monsterinsights_sitenote_note":"","_monsterinsights_sitenote_category":0,"footnotes":""},"categories":[11613],"tags":[6401,8404,6367,9176,9247,6940,8725,6359,6370,5904,6358,7003,5801,6342,11590,11591,11269,11270,6],"aioseo_notices":[],"amp_enabled":true,"_links":{"self":[{"href":"https:\/\/speyer24news.com\/index.php?rest_route=\/wp\/v2\/posts\/38032"}],"collection":[{"href":"https:\/\/speyer24news.com\/index.php?rest_route=\/wp\/v2\/posts"}],"about":[{"href":"https:\/\/speyer24news.com\/index.php?rest_route=\/wp\/v2\/types\/post"}],"author":[{"embeddable":true,"href":"https:\/\/speyer24news.com\/index.php?rest_route=\/wp\/v2\/users\/3"}],"replies":[{"embeddable":true,"href":"https:\/\/speyer24news.com\/index.php?rest_route=%2Fwp%2Fv2%2Fcomments&post=38032"}],"version-history":[{"count":1,"href":"https:\/\/speyer24news.com\/index.php?rest_route=\/wp\/v2\/posts\/38032\/revisions"}],"predecessor-version":[{"id":38033,"href":"https:\/\/speyer24news.com\/index.php?rest_route=\/wp\/v2\/posts\/38032\/revisions\/38033"}],"wp:featuredmedia":[{"embeddable":true,"href":"https:\/\/speyer24news.com\/index.php?rest_route=\/wp\/v2\/media\/25126"}],"wp:attachment":[{"href":"https:\/\/speyer24news.com\/index.php?rest_route=%2Fwp%2Fv2%2Fmedia&parent=38032"}],"wp:term":[{"taxonomy":"category","embeddable":true,"href":"https:\/\/speyer24news.com\/index.php?rest_route=%2Fwp%2Fv2%2Fcategories&post=38032"},{"taxonomy":"post_tag","embeddable":true,"href":"https:\/\/speyer24news.com\/index.php?rest_route=%2Fwp%2Fv2%2Ftags&post=38032"}],"curies":[{"name":"wp","href":"https:\/\/api.w.org\/{rel}","templated":true}]}}