{"id":38055,"date":"2021-06-20T05:56:34","date_gmt":"2021-06-20T04:56:34","guid":{"rendered":"https:\/\/speyer24news.com\/?p=38055"},"modified":"2021-06-20T06:04:06","modified_gmt":"2021-06-20T05:04:06","slug":"polizei-616","status":"publish","type":"post","link":"https:\/\/speyer24news.com\/?p=38055","title":{"rendered":"Polizei"},"content":{"rendered":"<style type=\"text\/css\">\r\n\t.ads_top_disp{}\r\n\t.ads_top_corner_disp{ float:left; margin:0px 10px 10px 0px; }\r\n\t.ads_first_p_disp{}\r\n\t.ads_bottom_disp{}\r\n\t<\/style>\n<h2 class=\"wp-block-heading\">Polizeimeldungen vom Samstag (19.06.2021)<\/h2>\n\n\n\n<div class=\"wp-block-image\"><figure class=\"aligncenter size-large\"><img decoding=\"async\" src=\"https:\/\/speyer24news.com\/wp-content\/uploads\/2020\/01\/Aktuelles-Polizeilogo.jpg\" alt=\"\" class=\"wp-image-23832\"\/><\/figure><\/div>\n\n\n\n<h2 class=\"wp-block-heading\">(Speyer) &#8211; Polizei sucht Eigent\u00fcmer<\/h2>\n\n\n\n<div class=\"wp-block-image\"><figure class=\"aligncenter size-large\"><img decoding=\"async\" loading=\"lazy\" width=\"500\" height=\"675\" src=\"https:\/\/speyer24news.com\/wp-content\/uploads\/2021\/06\/ROller.jpg\" alt=\"\" class=\"wp-image-38056\" srcset=\"https:\/\/speyer24news.com\/wp-content\/uploads\/2021\/06\/ROller.jpg 500w, https:\/\/speyer24news.com\/wp-content\/uploads\/2021\/06\/ROller-222x300.jpg 222w\" sizes=\"(max-width: 500px) 100vw, 500px\" \/><\/figure><\/div>\n\n\n\n<p>Im Rahmen eines anderen Einsatzes hat die Polizei am Freitag, 18.06.2021, gegen 18:30 Uhr, in Speyer, Blaulstra\u00dfe, einen Cityroller sichergestellt, der vorher mutma\u00dflich entwendet wurde. Es wird nun der Eigent\u00fcmer, vermutlich aus dem Bereich Burgstra\u00dfe, Josef-Schmitt-Stra\u00dfe bzw. n\u00e4here Umgebung, gebeten, sich bei der Polizei zu melden.<\/p>\n\n\n\n<h2 class=\"wp-block-heading\">(Schweigen-Rechtenbach) &#8211; Unter Alkoholeinwirkung im Stra\u00dfenverkehr unterwegs<\/h2>\n\n\n\n<p>Am Freitag, gegen 20.10 Uhr, wurde eine 60 j\u00e4hrige Autofahrerin mit ihrem Pkw in Schweigen-Rechtenbach einer Verkehrskontrolle unterzogen. Ein freiwillig vor Ort durchgef\u00fchrter Atemalkoholschnelltest best\u00e4tigte die Vermutungen der eingesetzten Beamten auf einen m\u00f6glichen Alkoholkonsum. Die Fahrerin musste daraufhin die Beamten mit zur Dienststelle begleiten, wo eine gerichtsverwertbare Atemalkoholmessung durchgef\u00fchrt wurde. Neben der Untersagung der Weiterfahrt wurde auch ein entsprechendes Ordnungswidrigkeitenverfahren gegen die Fahrerin eingeleitet.<\/p>\n\n\n\n<h2 class=\"wp-block-heading\">(Landau) &#8211; Rotlicht missachtet und Unfall verursacht<\/h2>\n\n\n\n<div class=\"wp-block-image\"><figure class=\"aligncenter size-large\"><img decoding=\"async\" loading=\"lazy\" width=\"500\" height=\"667\" src=\"https:\/\/speyer24news.com\/wp-content\/uploads\/2021\/06\/12.jpg\" alt=\"\" class=\"wp-image-38057\" srcset=\"https:\/\/speyer24news.com\/wp-content\/uploads\/2021\/06\/12.jpg 500w, https:\/\/speyer24news.com\/wp-content\/uploads\/2021\/06\/12-225x300.jpg 225w\" sizes=\"(max-width: 500px) 100vw, 500px\" \/><\/figure><\/div>\n\n\n\n<p>Etwa 25 000 Euro Sachschaden und zwei Leichtverletzte waren das Resultat eines Verkehrsunfalls, welcher sich am Freitagmittag gegen 15:00 Uhr an der Kreuzung Max-Planck-Str. \/ Ecke \u00c4rztezentrum in Landau ereignete. Eine 26 Jahre alte Verkehrsteilnehmerin missachtete dort das Rotlicht der Ampelanlage und kollidierte mit einem 76 Jahre alten Mann im Kreuzungsbereich. Beide wurden zur medizinischen Untersuchung in ein nahegelegenes Krankenhaus gebracht. W\u00e4hrend der polizeilichen Unfallaufnahme kam es zu kleineren Verkehrsbehinderungen.<\/p>\n\n\n\n<h2 class=\"wp-block-heading\">(Landau) &#8211; Auf Drogen die Handbremse vergessen<\/h2>\n\n\n\n<p>Einen nicht unerheblichen Sachschaden verursachte am Freitagmittag gegen 14:30 Uhr ein 25 Jahre alter Paketfahrer in Landau-Nu\u00dfdorf. Der Landauer wollte an einem dortigen Anwesen ein Paket zustellen und verpasste es offensichtlich am Gef\u00e4lle die Handbremse zu ziehen. W\u00e4hrend der Sachverhaltsaufnahme durch Beamte der PI Landau wurde nicht nur ein Sachschaden in H\u00f6he von etwa 10 000 Euro an parkenden Fahrzeugen festgestellt &#8211; der junge Mann r\u00e4umte zudem den Konsum von Cannabisprodukten ein, was ein durchgef\u00fchrter Schnelltest best\u00e4tigte. Den Mann erwartet nun eine Anzeige wegen Stra\u00dfenverkehrsgef\u00e4hrdung und eines Versto\u00dfes gegen das Bet\u00e4ubungsmittelgesetz. F\u00fchrerscheinrechtliche Konsequenzen sind ihm sicher.<\/p>\n\n\n\n<h2 class=\"wp-block-heading\">(Maikammer \/ Edenkoben) &#8211; Traktorgespann entwendet und zwei Unf\u00e4lle verursacht \/ Jugendliche T\u00e4ter fl\u00fcchten<\/h2>\n\n\n\n<div class=\"wp-block-image\"><figure class=\"aligncenter size-large\"><img decoding=\"async\" loading=\"lazy\" width=\"800\" height=\"600\" src=\"https:\/\/speyer24news.com\/wp-content\/uploads\/2021\/06\/UnfalloertlichkeitGespann5Kennzeichenzensur.jpg\" alt=\"\" class=\"wp-image-38058\" srcset=\"https:\/\/speyer24news.com\/wp-content\/uploads\/2021\/06\/UnfalloertlichkeitGespann5Kennzeichenzensur.jpg 800w, https:\/\/speyer24news.com\/wp-content\/uploads\/2021\/06\/UnfalloertlichkeitGespann5Kennzeichenzensur-300x225.jpg 300w, https:\/\/speyer24news.com\/wp-content\/uploads\/2021\/06\/UnfalloertlichkeitGespann5Kennzeichenzensur-768x576.jpg 768w, https:\/\/speyer24news.com\/wp-content\/uploads\/2021\/06\/UnfalloertlichkeitGespann5Kennzeichenzensur-678x509.jpg 678w, https:\/\/speyer24news.com\/wp-content\/uploads\/2021\/06\/UnfalloertlichkeitGespann5Kennzeichenzensur-326x245.jpg 326w, https:\/\/speyer24news.com\/wp-content\/uploads\/2021\/06\/UnfalloertlichkeitGespann5Kennzeichenzensur-80x60.jpg 80w\" sizes=\"(max-width: 800px) 100vw, 800px\" \/><figcaption>Verunfallter Traktor samt Planwagen<\/figcaption><\/figure><\/div>\n\n\n\n<p>Am 19.06.2021 kam es in Maikammer hinter der Bahnhofstra\u00dfe zwischen zwei und drei Uhr nachts zu einem Diebstahl eines Traktors mit Planwagen, woraufhin die drei unbekannten Heranwachsenden auf ihrer Flucht zwei Unf\u00e4lle verursachten.<\/p>\n\n\n\n<p>Durch aufmerksame Passantinnen wurde hiesiger Dienststelle am Samstagmorgen ein verunfallter Traktor im Rebsortenweg in Maikammer mitgeteilt. In der Verl\u00e4ngerung der Turmstra\u00dfe lagen zudem mehrere Gegenst\u00e4nde verteilt auf dem Feldweg. Die Gegenst\u00e4nde konnten dem Traktoranh\u00e4nger zugeordnet werden. Diese wurden durch die T\u00e4ter offensichtlich mutwillig aus dem Anh\u00e4nger geworfen. Der Halter des Traktors wurde verst\u00e4ndigt. Dieser best\u00e4tigte, dass sein 45-Jahre alter Traktor samt Planwagen und Originalschl\u00fcssel entwendet wurde. W\u00e4hrend der Sachverhaltsaufnahme vor Ort teilte ein weiterer Gesch\u00e4digter mit, dass seine Piaggio APE besch\u00e4digt im Hof stehen w\u00fcrde. Einer Nachbarin seien am 19.06.2021 um 3 Uhr nachts drei m\u00e4nnliche Jugendliche\/Heranwachsende auf einem Traktor mit Planwagen in der Kropsburgstra\u00dfe in Edenkoben aufgefallen. Da es sich um eine Sackgasse handelt, mussten die T\u00e4ter offensichtlich im Hof des Gesch\u00e4digten wenden und besch\u00e4digten hierbei die im Hof abgestellte Piaggio APE. Es d\u00fcrfte sich auch hier mit hoher Wahrscheinlich um die gleichen T\u00e4ter handeln. Auf der Flucht von Edenkoben nach Maikammer verunfallten die unbekannten T\u00e4ter daraufhin mit dem Traktor im Rebsortenweg in Maikammer, indem sie nach rechts von der Fahrbahn abkamen und der Traktor umkippte. Der Traktor samt Planwagen wurde hierdurch massiv besch\u00e4digt.<\/p>\n\n\n\n<div class=\"wp-block-image\"><figure class=\"aligncenter size-large\"><img decoding=\"async\" loading=\"lazy\" width=\"800\" height=\"600\" src=\"https:\/\/speyer24news.com\/wp-content\/uploads\/2021\/06\/2Klein.jpg\" alt=\"\" class=\"wp-image-38059\" srcset=\"https:\/\/speyer24news.com\/wp-content\/uploads\/2021\/06\/2Klein.jpg 800w, https:\/\/speyer24news.com\/wp-content\/uploads\/2021\/06\/2Klein-300x225.jpg 300w, https:\/\/speyer24news.com\/wp-content\/uploads\/2021\/06\/2Klein-768x576.jpg 768w, https:\/\/speyer24news.com\/wp-content\/uploads\/2021\/06\/2Klein-678x509.jpg 678w, https:\/\/speyer24news.com\/wp-content\/uploads\/2021\/06\/2Klein-326x245.jpg 326w, https:\/\/speyer24news.com\/wp-content\/uploads\/2021\/06\/2Klein-80x60.jpg 80w\" sizes=\"(max-width: 800px) 100vw, 800px\" \/><figcaption>besch\u00e4digte APE<\/figcaption><\/figure><\/div>\n\n\n\n<h4 class=\"wp-block-heading\">Die Zeugin beschrieb die T\u00e4ter wie folgt:<\/h4>\n\n\n\n<ul><li><strong>drei m\u00e4nnliche Personen<\/strong><\/li><li><strong>ca. 20 Jahre alt<\/strong><\/li><li><strong>Eine Person h\u00e4tte kurze helle Haare und von kr\u00e4ftiger Statur<\/strong><\/li><li><strong>Die andere Person h\u00e4tte dunkle kurze Haare und eine normale Statur.<\/strong><\/li><\/ul>\n\n\n\n<p>Der entstandene Sachschaden bel\u00e4uft sich auf ca. 7000 Euro.<\/p>\n\n\n\n<p>Hinweise der Bev\u00f6lkerung werden von der Polizeiinspektion Edenkoben entgegengenommen.<\/p>\n\n\n\n<h2 class=\"wp-block-heading\">(Neustadt) &#8211; Hausfriedensbruch auf Gel\u00e4nde der Grundschule<\/h2>\n\n\n\n<p>Am Samstag, 19.06.21, gegen 00.05 Uhr konnte durch eine Streife der Polizeiinspektion Neustadt festgestellt werden, dass sich augenscheinlich drei Personen unberechtigt auf dem Gel\u00e4nde der Albert-Finck-Grundschule aufhielten. In der Vergangenheit ist es hier bereits zu Sachbesch\u00e4digungen gekommen, weswegen die Personen angesprochen wurden und kontrolliert werden sollten. Bei Erkennen der Beamten fl\u00fcchteten zwei Personen, konnten jedoch nach kurzer Flucht gestellt werden. Es handelte sich um einen 21-j\u00e4hrigen und einen 24-j\u00e4hrigen aus Neustadt, sowie einen 27-j\u00e4hrigen aus dem Kreis Bad D\u00fcrkheim. Gr\u00fcnde f\u00fcr ihren Aufenthalt auf dem Schulgel\u00e4nde nannten sie nicht. Aktuelle Sachbesch\u00e4digungen konnten nicht festgestellt werden. Die drei M\u00e4nner m\u00fcssen sich jetzt wegen Hausfriedensbruchs verantworten.<\/p>\n\n\n\n<h2 class=\"wp-block-heading\">(Neustadt) &#8211; Verkehrsunfall mit schwerverletztem Kind<\/h2>\n\n\n\n<p>Am Freitag, 18.06.21, um 13.58 Uhr wurde der Polizeiinspektion Neustadt ein Verkehrsunfall mit einem schwer verletztem Kind gemeldet. Ein 23-j\u00e4hriger Pkw-Fahrer befuhr die Konrad-Adenauer-Stra\u00dfe in Fahrtrichung Innenstadt. In entgegengesetzter Richtung kam ihm ein Bus entgegen. Hinter dem Bus rannten f\u00fcr den Pkw-Fahrer nicht erkennbar zwei Kinder \u00fcber die Fahrbahn. Trotz Vollbremsung erfasste der Pkw ein 11-j\u00e4hriges M\u00e4dchen. Diese erlitt schwere, nicht lebensbedrohliche Verletzungen und musste im Anschluss mit dem Rettungswagen ins Krankenhaus verbracht werden. Das andere Kind wurde nicht verletzt.<\/p>\n\n\n\n<h2 class=\"wp-block-heading\">(Neustadt) &#8211; Einbruch in Pfarrheim<\/h2>\n\n\n\n<p>Am Freitag, 18.06.21, gegen 08.00 Uhr wurde der Kriminalpolizei Neustadt ein Einbruch ins Pfarrheim der St. Remigius Gemeinde Diedesfeld gemeldet. Vermutlich in der Nacht von Donnerstag auf Freitag wurde durch unbekannte T\u00e4ter ein Fenster aufgehebelt. Hierzu musste der\/die T\u00e4ter auf den Verbindungsbau zwischen Kirche und Pfarrheim klettern.<\/p>\n\n\n\n<p>Aus der Sakristei wurde eine Reliquienmonstranz aus der Barockzeit, aus vergoldetem Silber mit Edelsteinen best\u00fcckt, sowie aus dem Pfarrheim eine Zinnuhr und ein leerer Tresor entwendet.<\/p>\n\n\n\n<p>Der Sachschaden wird auf 1.000 Euro und der Diebstahlsschaden auf 2.500 Euro gesch\u00e4tzt.<\/p>\n\n\n\n<p>Zeugen, die Hinweise auf T\u00e4ter oder Tathergang geben k\u00f6nnen, werden gebeten sich mit der Kriminalpolizei in Neustadt unter 06321-8540 oder&nbsp;<a href=\"mailto:kineustadt@polizei.rlp.de\">kineustadt@polizei.rlp.de<\/a>&nbsp;in Verbindung zu setzen.<\/p>\n\n\n\n<h2 class=\"wp-block-heading\">(Wachenheim a.d.W.) &#8211; Gegen geparktes Fahrzeug gesto\u00dfen und unerlaubt entfernt<\/h2>\n\n\n\n<p>Ein bislang unbekannter Verkehrsteilnehmer streifte beim Vorbeifahren den ordnungsgem\u00e4\u00df geparkten Pkw Opel Astra, der in Wachenheim im Bornweg geparkt war. Anschlie\u00dfend entfernte sich der Verursacher ohne sich um die Schadensregulierung zu k\u00fcmmern. An dem Opel entstand ein Sachschaden von 1.500 EUR.<\/p>\n\n\n\n<p>Hinweise bitte an die Polizei Bad D\u00fcrkheim unter der 06322-9630 oder&nbsp;<a href=\"mailto:pibadduerkheim@polizei.rlp.de\">pibadduerkheim@polizei.rlp.de<\/a><\/p>\n\n\n\n<h2 class=\"wp-block-heading\">(Bad D\u00fcrkheim) &#8211; Beim Ausparken Pkw touchiert und sich unerlaubt von der Unfallstelle entfernt<\/h2>\n\n\n\n<p>Der Pkw Audi A 4 parkte am 18.06.2021 in der Zeit von 09.55 &#8211; 15.55 Uhr in Bad D\u00fcrkheim auf dem Parkplatz hinter dem Bahnhofsgeb\u00e4ude. In dieser Zeit touchierte ein bislang unbekannter Pkw beim Ein-oder-Ausparken den Audi. Es entstand ein Sachschaden von ca.1000 EUR. Anschlie\u00dfend entfernte sich der bislang unbekannte Fahrzeugf\u00fchrer.<\/p>\n\n\n\n<p>Hinweise bitte an die Polizei Bad D\u00fcrkheim unter der 06322-9630 oder&nbsp;<a href=\"mailto:pibadduerkheim@polizei.rlp.de\">pibadduerkheim@polizei.rlp.de<\/a><\/p>\n\n\n\n<h2 class=\"wp-block-heading\">(Weisenheim am Sand) &#8211; Auf 14-j\u00e4hrige eingeschlagen<\/h2>\n\n\n\n<p>Am 18.06.2021, um 20.30 Uhr wurde der Polizei eine K\u00f6rperverletzung mitgeteilt. Demnach wurde eine 14-j\u00e4hrige Weisenheimerin von einer 15-j\u00e4hrigen Weisenheimerin in Weisenheim am Sand am Bahnhof geschlagen. Hintergrund der Tat sei ein vorangeganges Wortgefecht gewesen, indem die 14-j\u00e4hrige die 15-j\u00e4hrige beleidigte. Hierauf habe die Beschuldigte mehrmals auf die Gesch\u00e4digte mit der Faust auf die Wange und den Nacken geschlagen. Durch weitere Passaten wurde die 15-j\u00e4hrige abgehalten und getrennt. Die Erziehungsberechtigten wurden informiert.<\/p>\n\n\n\n<h2 class=\"wp-block-heading\">(Frankenthal) &#8211; Verkehrsunfall auf der B9<\/h2>\n\n\n\n<p>Am 18.06.2021, gegen 12:30 Uhr, ereignete sich auf der B9 in Fahrtrichtung Worms auf der Ein- und Ausf\u00e4delungsspur zur A6 ein Verkehrsunfall mit einer leicht verletzten Person. Der Pkw einer 40-j\u00e4hrigen Fahrerin blieb dort liegen. Die Fahrerin sicherte ihren Pkw jedoch nicht ausreichend ab. Die 54-j\u00e4hrige Fahrerin eines herannahenden Pkw \u00fcbersah den liegengebliebene Pkw und fuhr auf diesen auf. Die 54-J\u00e4hrige wurde durch das Ausl\u00f6sen der Airbags leicht verletzt und wurde in ein Krankenhaus verbracht. An beiden Pkw entstand erheblicher Sachschaden. Die Pkw waren nicht mehr fahrbereit und mussten abgeschleppt werden. Gerade auf Bundesstra\u00dfen oder Autobahnen ist es besonders wichtig liegengebliebene Fahrzeuge oder Unfallstellen abzusichern. So k\u00f6nnen weitere Unf\u00e4lle vermieden werden.<\/p>\n\n\n\n<h2 class=\"wp-block-heading\">(Bobenheim-Roxheim) &#8211; Vermeintlicher Badeunfall mit gutem Ausgang<\/h2>\n\n\n\n<p>Am Abend des 18.06.2021 beobachteten mehrere Zeugen gegen 19:20 Uhr am Silbersee in Bobenheim-Roxheim wie eine m\u00e4nnliche Person in der Mitte des Sees mehrmals untergetaucht sei. Anschlie\u00dfend h\u00e4tten sie die Person aus den Augen verloren. Umgehend wurden umfangreiche Such- und Rettungsma\u00dfnahmen eingeleitet. Neben der Feuerwehr Bobenheim-Roxheim, der Feuerwehr Frankenthal und der Polizei waren DLRG, Taucher der Berufsfeuerwehr Ludwigshafen, der Rettungsdienst, sowie ein Rettungshubschrauber im Einsatz. Am Ufer des Sees konnten die zur\u00fcckgelassenen pers\u00f6nlichen Gegenst\u00e4nde der m\u00e4nnlichen Person aufgefunden werden. W\u00e4hrend der Such- und Rettungsma\u00dfnahmen kehrte die m\u00e4nnliche Person unversehrt an das Ufer des Silbersees zur\u00fcck.<\/p>\n\n\n\n<h2 class=\"wp-block-heading\">(Birkenheide) &#8211; Schwerer Verkehrsunfall mit verletztem Motorradfahrer \/ Es werden Zeugen zum Unfallhergang gesucht<\/h2>\n\n\n\n<div class=\"wp-block-image\"><figure class=\"aligncenter size-large\"><img decoding=\"async\" loading=\"lazy\" width=\"800\" height=\"600\" src=\"https:\/\/speyer24news.com\/wp-content\/uploads\/2021\/06\/20210618_153726_copy_2016x1512.jpg\" alt=\"\" class=\"wp-image-38060\" srcset=\"https:\/\/speyer24news.com\/wp-content\/uploads\/2021\/06\/20210618_153726_copy_2016x1512.jpg 800w, https:\/\/speyer24news.com\/wp-content\/uploads\/2021\/06\/20210618_153726_copy_2016x1512-300x225.jpg 300w, https:\/\/speyer24news.com\/wp-content\/uploads\/2021\/06\/20210618_153726_copy_2016x1512-768x576.jpg 768w, https:\/\/speyer24news.com\/wp-content\/uploads\/2021\/06\/20210618_153726_copy_2016x1512-678x509.jpg 678w, https:\/\/speyer24news.com\/wp-content\/uploads\/2021\/06\/20210618_153726_copy_2016x1512-326x245.jpg 326w, https:\/\/speyer24news.com\/wp-content\/uploads\/2021\/06\/20210618_153726_copy_2016x1512-80x60.jpg 80w\" sizes=\"(max-width: 800px) 100vw, 800px\" \/><\/figure><\/div>\n\n\n\n<p>Am Freitag, den 18.06.2021, gegen 15:18 Uhr, kam es auf der Mannheimer Stra\u00dfe (L527), Ortsausgang Fahrtrichtung Bad D\u00fcrkheim bei Birkenheide zu einem Auffahrunfall zwischen einem Motorradfahrer und einem PKW-Fahrer. Ersten Hinweisen zu Folge befuhr ein 52-J\u00e4hriger PKW-Fahrer die Mannheimer Stra\u00dfe aus Maxdorf kommend in Fahrtrichtung Bad D\u00fcrkheim. Auf H\u00f6he einer Fu\u00dfg\u00e4ngerfurt nahm der PKW-Fahrer eine Fu\u00dfg\u00e4ngerin wahr, welche augenscheinlich darauf wartete, die Stra\u00dfe zu passieren. Der PKW-Fahrer verzichtete auf sein Vorrecht und bremste bis zum Stillstand ab. Hinter dem PKW-Fahrer befuhr der 55-J\u00e4hriger Motorradfahrer die Mannheimer Stra\u00dfe. Aus bislang ungekl\u00e4rten Gr\u00fcnden leitete der Motorradfahrer eine Vollbremsung ein, verlor die Kontrolle \u00fcber sein Kraftrad, kam zu Sturz und fuhr dem PKW-Fahrer auf. Der Motorradfahrer wurde mit einer Armverletzung und Sch\u00fcrfwunden am K\u00f6rper in eine Klinik zwecks weiterer medizinischer Versorgung verbracht. Generell m\u00f6chte die Polizei nochmals den Hinweis geben, dass das Tragen von Schutzkleidung, auch bei kurzen Fahrten, schwerwiegende Verletzungen verhindern kann.<\/p>\n\n\n\n<h2 class=\"wp-block-heading\">(Birkenheide) &#8211; Verkehrsunfall mit leicht verletztem Kind \/ Der PKW-Fahrer wird gesucht<\/h2>\n\n\n\n<p>Am Freitag, den 18.06.2021 gegen 13:15 kam es an einer Radfahrerfurt \u00fcber die L454 bei Birkenheide zu einem Verkehrsunfall zwischen einem 11 Jahre alten Kind, welches mit einem Fahrrad unterwegs war und einem PKW. Das Kind befuhr mit dem Fahrrad die Sohlstra\u00dfe in Maxdorf und fuhr \u00fcber die Radfahrerfurt \u00fcber die L454 in die Schlesierstra\u00dfe in Birkenheide. Hierbei versuchte sie laut Zeugenaussagen noch vor einem sich aus Richtung Weisenheim n\u00e4hernden PKW die Fahrbahn zu passieren. Der PKW touchierte das Hinterrad des Kindes, wodurch dieses zu Fall kam. Der PKW-Fahrer hielt kurz an und fragte nach dem Befinden. Nachdem das Kind zun\u00e4chst angab, dass alles ok sei fuhr der ca. 50 Jahre alte Mann weiter. Bei dem Fahrzeug soll es sich um einen grauen VAN-artiger PKW handeln. Erst nachdem der Fahrer weggefahren war, bemerkte sich eine Sch\u00fcrfwunde am rechten Knie.<\/p>\n\n\n\n<p>Wer sachdienliche Hinweise zu dem genannten Fall geben kann, wird gebeten sich mit der Polizeiwache Maxdorf unter der Rufnummer 06237 \/ 934-1100 oder der Polizeiinspektion Frankenthal unter der Rufnummer 06233 \/ 313-0 in Verbindung zu setzen. Hinweise k\u00f6nnen auch per E-Mail unter&nbsp;<a href=\"mailto:pwmaxdorf@polizei.rlp.de\">pwmaxdorf@polizei.rlp.de<\/a>&nbsp;\u00fcbermittelt werden.<\/p>\n\n\n\n<h2 class=\"wp-block-heading\">(Mannheim-Innenstadt) &#8211; Verbotenes Kraftfahrzeugrennen \/ Fahrzeug und F\u00fchrerschein des 23-j\u00e4hrigen Fahrers sichergestellt<\/h2>\n\n\n\n<p>Ein 23-j\u00e4hriger Mann veranstaltete am Freitagabend in der Mannheimer Innenstadt ein verbotenes Kraftfahrzeugrennen. Der junge Mann fiel Spezialisten der Verkehrspolizei gegen 23.30 Uhr in der Bismarckstra\u00dfe in H\u00f6he des Schlosses auf, als er in seinem Mercedes AMG mit hoher Geschwindigkeit in Richtung Konrad-Adenauer-Br\u00fccke raste. Die Beamten folgten dem Mercedes und filmten seine Fahrt. In der Kurve der Auffahrt zur Konrad-Adenauer-Br\u00fccke hatte der Mercedes eine Geschwindigkeit von rund 130 km\/h erreicht und brachte das Fahrzeug an seine physikalische Leistungsgrenze. Er konnte schlie\u00dflich auf der Br\u00fccke gestoppt und kontrolliert werden.<\/p>\n\n\n\n<p>Gegen ihn wird nun wegen Teilnahme an einem verbotenen Kraftfahrzeugrennen ermittelt. Sein F\u00fchrerschein wurde einbehalten, der Mercedes wurde zur Vorbereitung der Einziehung sichergestellt.<\/p>\n\n\n\n<h2 class=\"wp-block-heading\">(Mannheim-Herzogenried) &#8211; Ungew\u00f6hnlicher Verkehrsunfall<\/h2>\n\n\n\n<p>Ein ungew\u00f6hnlicher Verkehrsunfall ereignete sich am Freitagnachmittag im Stadtteil Herzogenried. Ein 54-j\u00e4hriger Mann war gegen 14.30 Uhr mit seinem Sattelzug in der Hafenbahnstra\u00dfe unterwegs. Er hatte jedoch offenbar vergessen, die Heckt\u00fcr seines Sattelaufliegers sicher zu verschlie\u00dfen. In H\u00f6he der Einm\u00fcndung zur Stra\u00dfe &#8222;Zum Herrenried&#8220; schlug diese bei einem Fahrstreifenwechsel nach rechts auf und besch\u00e4digte hierdurch eine elektrische Werbeschautafel. Der dabei entstandene Sachschaden l\u00e4sst sich derzeit noch nicht beziffern. Nach Abschluss der Unfallaufnahme musste die Fahrbahn von umher liegenden Glassplittern der Werbetafel gereinigt werden.<\/p>\n\n\n\n<h2 class=\"wp-block-heading\">(Heidelberg-Neuenheim) &#8211; Feiernde Jugendliche auf der Neckarwiese \/ Vorsorgliche R\u00e4umung<\/h2>\n\n\n\n<p>Am Freitagabend feierten zahlreiche Realsch\u00fcler auf der Heidelberger Neckarwiese ihren bestandenen Schulabschluss. Zun\u00e4chst war die Neckarwiese aufgrund der hei\u00dfen Temperaturen nur m\u00e4\u00dfig besucht. Im weiteren Verlauf des Abends setzte jedoch starker Zulauf ein, sodass sich gegen 20.00 Uhr bereits rund 1.500 Personen auf dem Neckarvorland zwischen Wasserspielplatz und Theodor-Heuss-Br\u00fccke befanden, darunter rund 200 bis 300 feiernde Realsch\u00fcler der Abschlussklasse. W\u00e4hrend die Grundstimmung anfangs fr\u00f6hlich und ausgelassen war, waren mit zunehmendem Alkoholkonsum beginnende Aggressionen festzustellen, die sich in Streitigkeiten und Handgreiflichkeiten zeigten. Rund 10 Jugendliche mussten zudem aufgrund \u00fcberm\u00e4\u00dfigen Alkoholkonsums durch Rettungskr\u00e4fte medizinisch versorgt werden. Aufgrund des steigenden Aggressionspotential der Feiernden und der Tatsache, dass \u00fcber soziale Medien weiter zum Besuch der Neckarwiese anl\u00e4sslich der Realabschlussfeierlichkeiten aufgerufen wurde, wurde die Neckarwiese gegen 22.20 Uhr durch Polizei und Kommunalem Ordnungsdienst vorsorglich ger\u00e4umt, um eine Eskalation der Lage zu verhindern. Bereits nach ersten Lautsprecherdurchsagen setzten deutliche Abwanderungen ein und die \u00d6rtlichkeit leerte sich zusehends. Gegen 22.40 Uhr waren keine Personen mehr auf dem Neckarvorland feststellbar. W\u00e4hrend der R\u00e4umung kam es zu keinen Zwischenf\u00e4llen.<\/p>\n\n\n\n<h2 class=\"wp-block-heading\">(Schwetzingen \/ Rhein-Neckar-Kreis) &#8211; Verkehrsunfall mit erheblichem Sachschaden<\/h2>\n\n\n\n<p>Erheblicher Sachschaden entstand bei einem Verkehrsunfall am Freitagabend in Schwetzingen. Ein 68-j\u00e4hriger Mann war kurz vor 18 Uhr mit seinem Mercedes auf der L 630 in Richtung Carl-Theodor-Br\u00fccke unterwegs. Kurz vor der Br\u00fccke befuhr er zun\u00e4chst die Linksabbiegerspur in Richtung Bruchh\u00e4user Stra\u00dfe. Als er bemerkte, dass er eigentlich geradeaus in Richtung Nadlerstra\u00dfe weiterfahren wollte, setzte er den Blinker nach rechts zum Fahrstreifenwechsel. Dabei \u00fcbersah er den rechts neben ihm fahrenden Opel Corsa einer 34-j\u00e4hrigen Frau und stie\u00df mit ihr zusammen. Im weiteren Verlauf wurde der Corsa weiter nach rechts gedr\u00fcckt und stie\u00df gegen eine auf der rechten Geradeausspur fahrende 48-j\u00e4hrige VW-Fahrerin. Alle Beteiligten kamen mit dem Schrecken davon und blieben unverletzt. Der Mercedes des 68-J\u00e4hrigen war so stark besch\u00e4digt, dass er abgeschleppt werden musste. Die beiden weiteren Fahrzeuge blieben fahrbereit. Der Sachschaden wird auf fast 25.000 Euro gesch\u00e4tzt.<\/p>\n\n\n\n<h2 class=\"wp-block-heading\">(Hockenheim \/ Rhein-Neckar-Kreis) &#8211; Unbekannter Mann stellt sich unsittlich zur Schau \/ Polizei sucht Zeugen<\/h2>\n\n\n\n<div class=\"wp-block-image\"><figure class=\"aligncenter size-large\"><img decoding=\"async\" loading=\"lazy\" width=\"801\" height=\"600\" src=\"https:\/\/speyer24news.com\/wp-content\/uploads\/2020\/05\/Zeugen-gesucht-Neutral.jpg\" alt=\"\" class=\"wp-image-26598\" srcset=\"https:\/\/speyer24news.com\/wp-content\/uploads\/2020\/05\/Zeugen-gesucht-Neutral.jpg 801w, https:\/\/speyer24news.com\/wp-content\/uploads\/2020\/05\/Zeugen-gesucht-Neutral-300x225.jpg 300w, https:\/\/speyer24news.com\/wp-content\/uploads\/2020\/05\/Zeugen-gesucht-Neutral-768x575.jpg 768w, https:\/\/speyer24news.com\/wp-content\/uploads\/2020\/05\/Zeugen-gesucht-Neutral-678x509.jpg 678w, https:\/\/speyer24news.com\/wp-content\/uploads\/2020\/05\/Zeugen-gesucht-Neutral-326x245.jpg 326w, https:\/\/speyer24news.com\/wp-content\/uploads\/2020\/05\/Zeugen-gesucht-Neutral-80x60.jpg 80w\" sizes=\"(max-width: 801px) 100vw, 801px\" \/><\/figure><\/div>\n\n\n\n<p>Am Freitagmorgen stellte sich in Hockenheim ein unbekannter Mann unsittlich zur Schau. Er fiel zwei Frauen im Alter von 60 und 67 Jahren auf, als er auf den Stufen vor einem Geldinstitut in der Rathausstra\u00dfe sa\u00df und dabei sein Geschlechtsteil entbl\u00f6\u00dft aus der Hose h\u00e4ngen lie\u00df. Sie sprachen den Mann darauf an, was das denn solle, woraufhin dieser sein Geschlechtsteil wieder in der Hose verstaute und wortlos davonlief.<\/p>\n\n\n\n<h4 class=\"wp-block-heading\">Der Mann wird wie folgt beschrieben:<\/h4>\n\n\n\n<ul><li><strong>Ende 50 Jahre alt<\/strong><\/li><li><strong>Ca. 175 bis 180 cm gro\u00df<\/strong><\/li><li><strong>Wei\u00dfe Haare<\/strong><\/li><li><strong>Bekleidet mit blau-wei\u00df-kariertem Hemd und beigefarbenen Shorts, er trug offenbar keine Unterhose<\/strong><\/li><li><strong>Trug eine Brille <\/strong><\/li><\/ul>\n\n\n\n<p>Zeugen, denen der beschriebene Mann aufgefallen ist, bzw. sachdienliche Hinweise zu dem Mann geben k\u00f6nnen, werden gebeten, sich beim Kriminaldauerdienst der Kriminalpolizeidirektion Heidelberg, Tel.: 0621\/174-4444 zu melden.<\/p>\n\n\n\n<h2 class=\"wp-block-heading\">(St. Leon-Rot \/ Rhein-Neckar-Kreis \/ A 5) &#8211; Fahrzeugbrand auf der BAB 5 im Baustellenbereich<\/h2>\n\n\n\n<p>Am Samstagnachmittag gegen 17.35 Uhr geriet ein gelber 3er BMW auf der BAB 5 in Fahrtrichtung Karlsruhe kurz nach dem Autobahnkreuz Walldorf im Baustellenbereich vermutlich auf Grund eines technischen Defekts in Brand. Der 54-j\u00e4hrige Fahrzeugf\u00fchrer konnte das Fahrzeug kontrolliert zum Stehen bringen und das Fahrzeug mit drei weiteren Fahrzeuginsassen verlassen. Es wurde niemand verletzt. An dem BMW entstand infolge des Brandes Totalschaden. Au\u00dferdem wurde die Fahrbahn und die Leitplanke durch die Hitzeentwicklung besch\u00e4digt. Der Gesamtschaden bel\u00e4uft sich auf ca. 17.500 Euro.<\/p>\n\n\n\n<p>Die BAB 5 musste in Richtung Karlsruhe f\u00fcr die Dauer der L\u00f6sch- und Bergungsarbeiten etwa 30 Minuten gesperrt werden. Es bildete sich ein Stau von ca. drei Kilometern L\u00e4nge. Auf der Gegenfahrbahn, in Richtung Heidelberg, kam es zu zwei Kilometer Stau auf Grund von Gaffern. Vor Ort war die Autobahnpolizei sowie die Freiwillige Feuerwehr aus Kirrlach und Walldorf. Die Autobahnmeisterei war noch bis 21.20 Uhr am Ort des Brandes, um die besch\u00e4digte Fahrbahn auszubessern. F\u00fcr die Dauer blieb der rechte Fahrstreifen gesperrt.<\/p>\n\n\n\n<h2 class=\"wp-block-heading\">(Sinsheim-Eschelbach \/ Rhein-Neckar-Kreis) &#8211; 24-j\u00e4hriger Fahrradfahrerin bei Unfall schwer verletzt<\/h2>\n\n\n\n<p>Am fr\u00fchen Samstagmorgen zog sich eine 24-j\u00e4hrige Fahrradfahrerin bei einem Verkehrsunfall im Ortsteil Eschelbach schwere Verletzungen zu. Die junge Frau war kurz vor 5 Uhr mit ihrem Fahrrad mit hoher Geschwindigkeit auf der Hirschhornstra\u00dfe bergab in Richtung B 39 unterwegs. Dabei kam sie nach links von der Fahrbahn ab und fuhr gegen ein am Fahrbahnrand geparktes Auto. Sie schlug mit dem Kopf auf der Frontscheibe auf und st\u00fcrzte schlie\u00dflich auf die Fahrbahn. Nach Aussage von Ersthelfern habe die Frau auch kurzzeitig das Bewusstsein verloren. Sie wurde zur Behandlung in ein Krankenhaus eingeliefert. Sie hatte sich Verletzungen an der Stirn sowie einen Kieferbruch zugezogen.<\/p>\n\n\n\n<p>Da Rettungskr\u00e4fte Alkoholgeruch im Atem der Radfahrerin bemerkten, wurde ein Alkoholtest durchgef\u00fchrt, der einen Wert von rund 0,7 Promille ergab.<\/p>\n\n\n\n<p>Gegen die Frau wird nun wegen Stra\u00dfenverkehrsgef\u00e4hrdung ermittelt.<\/p>\n","protected":false},"excerpt":{"rendered":"<div class=\"mh-excerpt\"><p>Polizeimeldungen vom Samstag (19.06.2021) (Speyer) &#8211; Polizei sucht Eigent\u00fcmer Im Rahmen eines anderen Einsatzes hat die Polizei am Freitag, 18.06.2021, gegen 18:30 Uhr, in Speyer, Blaulstra\u00dfe, einen Cityroller sichergestellt, der vorher mutma\u00dflich entwendet wurde. Es <a class=\"mh-excerpt-more\" href=\"https:\/\/speyer24news.com\/?p=38055\" title=\"Polizei\">[&#8230;]<\/a><\/p>\n<\/div>","protected":false},"author":3,"featured_media":26162,"comment_status":"open","ping_status":"open","sticky":false,"template":"","format":"standard","meta":{"_monsterinsights_skip_tracking":false,"_monsterinsights_sitenote_active":false,"_monsterinsights_sitenote_note":"","_monsterinsights_sitenote_category":0,"footnotes":""},"categories":[12],"tags":[3614,702,61,2555,6955,6986,6263,63,105,11150,6987,53,4854,4683,1548,102,213,55,5261,103,106,2803,2423,427,2625,380,62,104,979,1565],"aioseo_notices":[],"amp_enabled":true,"_links":{"self":[{"href":"https:\/\/speyer24news.com\/index.php?rest_route=\/wp\/v2\/posts\/38055"}],"collection":[{"href":"https:\/\/speyer24news.com\/index.php?rest_route=\/wp\/v2\/posts"}],"about":[{"href":"https:\/\/speyer24news.com\/index.php?rest_route=\/wp\/v2\/types\/post"}],"author":[{"embeddable":true,"href":"https:\/\/speyer24news.com\/index.php?rest_route=\/wp\/v2\/users\/3"}],"replies":[{"embeddable":true,"href":"https:\/\/speyer24news.com\/index.php?rest_route=%2Fwp%2Fv2%2Fcomments&post=38055"}],"version-history":[{"count":3,"href":"https:\/\/speyer24news.com\/index.php?rest_route=\/wp\/v2\/posts\/38055\/revisions"}],"predecessor-version":[{"id":38066,"href":"https:\/\/speyer24news.com\/index.php?rest_route=\/wp\/v2\/posts\/38055\/revisions\/38066"}],"wp:featuredmedia":[{"embeddable":true,"href":"https:\/\/speyer24news.com\/index.php?rest_route=\/wp\/v2\/media\/26162"}],"wp:attachment":[{"href":"https:\/\/speyer24news.com\/index.php?rest_route=%2Fwp%2Fv2%2Fmedia&parent=38055"}],"wp:term":[{"taxonomy":"category","embeddable":true,"href":"https:\/\/speyer24news.com\/index.php?rest_route=%2Fwp%2Fv2%2Fcategories&post=38055"},{"taxonomy":"post_tag","embeddable":true,"href":"https:\/\/speyer24news.com\/index.php?rest_route=%2Fwp%2Fv2%2Ftags&post=38055"}],"curies":[{"name":"wp","href":"https:\/\/api.w.org\/{rel}","templated":true}]}}