{"id":38073,"date":"2021-06-20T07:10:59","date_gmt":"2021-06-20T06:10:59","guid":{"rendered":"https:\/\/speyer24news.com\/?p=38073"},"modified":"2021-06-20T07:11:14","modified_gmt":"2021-06-20T06:11:14","slug":"wilhelma-zoologisch-botanischer-garten-stuttgart-25","status":"publish","type":"post","link":"https:\/\/speyer24news.com\/?p=38073","title":{"rendered":"Wilhelma, Zoologisch-Botanischer Garten Stuttgart"},"content":{"rendered":"<style type=\"text\/css\">\r\n\t.ads_top_disp{}\r\n\t.ads_top_corner_disp{ float:left; margin:0px 10px 10px 0px; }\r\n\t.ads_first_p_disp{}\r\n\t.ads_bottom_disp{}\r\n\t<\/style>\n<div class=\"wp-block-image\"><figure class=\"aligncenter size-large\"><img decoding=\"async\" loading=\"lazy\" width=\"600\" height=\"264\" src=\"https:\/\/speyer24news.com\/wp-content\/uploads\/2020\/09\/Wilhelma-Logo.png\" alt=\"\" class=\"wp-image-30171\" srcset=\"https:\/\/speyer24news.com\/wp-content\/uploads\/2020\/09\/Wilhelma-Logo.png 600w, https:\/\/speyer24news.com\/wp-content\/uploads\/2020\/09\/Wilhelma-Logo-300x132.png 300w\" sizes=\"(max-width: 600px) 100vw, 600px\" \/><\/figure><\/div>\n\n\n\n<h2 class=\"wp-block-heading\"><strong>Geburten auf dem Schaubauernhof bei Poitou-Eseln und Limpurger Rindern<\/strong><\/h2>\n\n\n\n<h3 class=\"wp-block-heading\"><strong>Fohlen und K\u00e4lbchen bei seltenen alten Nutztierrassen<\/strong><\/h3>\n\n\n\n<div class=\"wp-block-image\"><figure class=\"aligncenter size-large\"><img decoding=\"async\" loading=\"lazy\" width=\"800\" height=\"634\" src=\"https:\/\/speyer24news.com\/wp-content\/uploads\/2021\/06\/KW-24a-Poitou-Eselfohlen-und-Limpurger-Kalb-geboren-18.06.2021-Bild-2.jpg\" alt=\"\" class=\"wp-image-38075\" srcset=\"https:\/\/speyer24news.com\/wp-content\/uploads\/2021\/06\/KW-24a-Poitou-Eselfohlen-und-Limpurger-Kalb-geboren-18.06.2021-Bild-2.jpg 800w, https:\/\/speyer24news.com\/wp-content\/uploads\/2021\/06\/KW-24a-Poitou-Eselfohlen-und-Limpurger-Kalb-geboren-18.06.2021-Bild-2-300x238.jpg 300w, https:\/\/speyer24news.com\/wp-content\/uploads\/2021\/06\/KW-24a-Poitou-Eselfohlen-und-Limpurger-Kalb-geboren-18.06.2021-Bild-2-768x609.jpg 768w\" sizes=\"(max-width: 800px) 100vw, 800px\" \/><figcaption>Das Stutfohlen Lucille ist der j\u00fcngste Nachwuchs von Mutter Brise der seltenen alten Nutztierrasse der Poitou-Esel in der Wilhelma in Stuttgart.<br><em>Foto: Wilhelma Stuttgart<\/em><\/figcaption><\/figure><\/div>\n\n\n\n<p>Bei den alten Nutztierrassen auf dem Schaubauernhof der Wilhelma gab es Nachwuchs. Doch k\u00f6nnte der Kontrast kaum gr\u00f6\u00dfer sein. Das K\u00e4lbchen der Limpurger Rinder kommt bei Farbe und Form ganz nach seinen Eltern. Das Fohlen der Poitou-Esel wirkt dagegen aus der Art geschlagen. Statt des typischen gelbraunen Zottelfells, das als Rastam\u00e4hne die wuchtige K\u00f6rperform der Erwachsenen verdeckt, tr\u00e4gt die schlanke junge Stute figurbetont ein eng anliegendes Pl\u00fcschfell ganz in Schwarz. Ohne Hippiefrisur wirken beim kleinen Langohr die Lauscher gewaltig. Mit noch schlaksigen Beinen und schlackernden Ohren tollt das Jungtier in Galoppspr\u00fcngen um die geduldige Mutter Brise herum, die sich altersgem\u00e4\u00df geruhsam-beh\u00e4big bewegt.<\/p>\n\n\n\n<div class=\"wp-block-image\"><figure class=\"aligncenter size-large\"><img decoding=\"async\" loading=\"lazy\" width=\"800\" height=\"533\" src=\"https:\/\/speyer24news.com\/wp-content\/uploads\/2021\/06\/KW-24a-Poitou-Eselfohlen-und-Limpurger-Kalb-geboren-18.06.2021-Bild-5.jpg\" alt=\"\" class=\"wp-image-38078\" srcset=\"https:\/\/speyer24news.com\/wp-content\/uploads\/2021\/06\/KW-24a-Poitou-Eselfohlen-und-Limpurger-Kalb-geboren-18.06.2021-Bild-5.jpg 800w, https:\/\/speyer24news.com\/wp-content\/uploads\/2021\/06\/KW-24a-Poitou-Eselfohlen-und-Limpurger-Kalb-geboren-18.06.2021-Bild-5-300x200.jpg 300w, https:\/\/speyer24news.com\/wp-content\/uploads\/2021\/06\/KW-24a-Poitou-Eselfohlen-und-Limpurger-Kalb-geboren-18.06.2021-Bild-5-768x512.jpg 768w\" sizes=\"(max-width: 800px) 100vw, 800px\" \/><\/figure><\/div>\n\n\n\n<p>Doch ist es nur eine Frage der Zeit, bis offenbar wird, dass die kleine Lucille durchaus nach der Mutter schl\u00e4gt. Jeweils nach etwa einem Jahr kommt bei den Fohlen die bekannte Fellfarbe, und das Haarkleid wallt immer \u00fcppiger und die Statur wird st\u00e4mmiger. Denn die auch \u201eRiesenesel\u201c genannte Rasse bringt mit bis zu 450 Kilo die schwersten Esel der Welt hervor. Bei einer Schulterh\u00f6he von bis zu 1,50 Metern z\u00e4hlen sie auch zu den gr\u00f6\u00dften Eselrassen. Daf\u00fcr waren sie fr\u00fcher gesch\u00e4tzt. Der seit dem 10. Jahrhundert bekannte \u201eBaudet du Poitou\u201c aus dem Westen Frankreichs kam damals nicht selbst als Nutztier zum Einsatz, sondern diente der Kreuzung mit gro\u00dfen Kaltblutpferden. So entstanden kr\u00e4ftige und widerstandsf\u00e4hige Maultiere, die in der Landwirtschaft und als Transporttiere beim Milit\u00e4r begehrt waren, bevor die Maschinen Einzug hielten. Ohne diesen Bedarf ging danach allerdings der Gesamtbestand bis in die 1970er Jahre weltweit auf 44 Tiere zur\u00fcck. Erst die international koordinierte Zucht, an der sich auch die Wilhelma seit 2007 beteiligt, konnte die Rasse vor dem Aussterben bewahren. Mittlerweile gibt es wieder \u00fcber 500 der charismatischen Poitou-Esel.<\/p>\n\n\n\n<div class=\"wp-block-image\"><figure class=\"aligncenter size-large\"><img decoding=\"async\" loading=\"lazy\" width=\"800\" height=\"533\" src=\"https:\/\/speyer24news.com\/wp-content\/uploads\/2021\/06\/KW-24a-Poitou-Eselfohlen-und-Limpurger-Kalb-geboren-18.06.2021-Bild-6.jpg\" alt=\"\" class=\"wp-image-38079\" srcset=\"https:\/\/speyer24news.com\/wp-content\/uploads\/2021\/06\/KW-24a-Poitou-Eselfohlen-und-Limpurger-Kalb-geboren-18.06.2021-Bild-6.jpg 800w, https:\/\/speyer24news.com\/wp-content\/uploads\/2021\/06\/KW-24a-Poitou-Eselfohlen-und-Limpurger-Kalb-geboren-18.06.2021-Bild-6-300x200.jpg 300w, https:\/\/speyer24news.com\/wp-content\/uploads\/2021\/06\/KW-24a-Poitou-Eselfohlen-und-Limpurger-Kalb-geboren-18.06.2021-Bild-6-768x512.jpg 768w\" sizes=\"(max-width: 800px) 100vw, 800px\" \/><figcaption>Das Kalb der Limpurger Rinder ist den Eltern wie aus dem Gesicht geschnitten.<br><em>Foto: Wilhelma Stuttgart<\/em><\/figcaption><\/figure><\/div>\n\n\n\n<p>Auch das Limpurger Rind schaut auf eine lange Tradition. Es gilt als die \u00e4lteste heute noch lebende Rinderrasse W\u00fcrttembergs. Benannt ist sie nach der fr\u00fcheren Grafschaft Limpurg s\u00fcdlich von Schw\u00e4bisch Hall. Ihre Vielseitigkeit machte sie sehr n\u00fctzlich. Im 17. Jahrhundert aus verschiedenen s\u00fcdwestdeutschen Gelbviehschl\u00e4gen gez\u00fcchtet, diente das Limpurger Rind sowohl als Arbeitstier und lieferte zudem Milch und letztlich Fleisch. Sp\u00e4ter waren es wiederum der Einzug des Maschineneinsatzes in der Landwirtschaft sowie spezialisierte Z\u00fcchtungen f\u00fcr Milch oder Fleisch, die das Limpurger Rind zunehmend verdr\u00e4ngten. Die Z\u00fcchtervereinigung Limpurger Rind e.V. setzt sich \u2013 unterst\u00fctzt von der Gesellschaft zur Erhaltung alter und gef\u00e4hrdeter Haustierrassen (GEH) \u2013 daf\u00fcr ein, dass die Zucht fortgesetzt wird.<\/p>\n\n\n\n<h3 class=\"wp-block-heading\">Fotogalerie:<\/h3>\n\n\n\n<figure class=\"wp-block-gallery columns-2 is-cropped wp-block-gallery-1 is-layout-flex wp-block-gallery-is-layout-flex\"><ul class=\"blocks-gallery-grid\"><li class=\"blocks-gallery-item\"><figure><img decoding=\"async\" loading=\"lazy\" width=\"800\" height=\"533\" src=\"https:\/\/speyer24news.com\/wp-content\/uploads\/2021\/06\/KW-24a-Poitou-Eselfohlen-und-Limpurger-Kalb-geboren-18.06.2021-Bild-1.jpg\" alt=\"\" data-id=\"38074\" data-full-url=\"https:\/\/speyer24news.com\/wp-content\/uploads\/2021\/06\/KW-24a-Poitou-Eselfohlen-und-Limpurger-Kalb-geboren-18.06.2021-Bild-1.jpg\" data-link=\"https:\/\/speyer24news.com\/?attachment_id=38074\" class=\"wp-image-38074\" srcset=\"https:\/\/speyer24news.com\/wp-content\/uploads\/2021\/06\/KW-24a-Poitou-Eselfohlen-und-Limpurger-Kalb-geboren-18.06.2021-Bild-1.jpg 800w, https:\/\/speyer24news.com\/wp-content\/uploads\/2021\/06\/KW-24a-Poitou-Eselfohlen-und-Limpurger-Kalb-geboren-18.06.2021-Bild-1-300x200.jpg 300w, https:\/\/speyer24news.com\/wp-content\/uploads\/2021\/06\/KW-24a-Poitou-Eselfohlen-und-Limpurger-Kalb-geboren-18.06.2021-Bild-1-768x512.jpg 768w\" sizes=\"(max-width: 800px) 100vw, 800px\" \/><\/figure><\/li><li class=\"blocks-gallery-item\"><figure><img decoding=\"async\" loading=\"lazy\" width=\"800\" height=\"634\" src=\"https:\/\/speyer24news.com\/wp-content\/uploads\/2021\/06\/KW-24a-Poitou-Eselfohlen-und-Limpurger-Kalb-geboren-18.06.2021-Bild-2.jpg\" alt=\"\" data-id=\"38075\" data-full-url=\"https:\/\/speyer24news.com\/wp-content\/uploads\/2021\/06\/KW-24a-Poitou-Eselfohlen-und-Limpurger-Kalb-geboren-18.06.2021-Bild-2.jpg\" data-link=\"https:\/\/speyer24news.com\/?attachment_id=38075\" class=\"wp-image-38075\" srcset=\"https:\/\/speyer24news.com\/wp-content\/uploads\/2021\/06\/KW-24a-Poitou-Eselfohlen-und-Limpurger-Kalb-geboren-18.06.2021-Bild-2.jpg 800w, https:\/\/speyer24news.com\/wp-content\/uploads\/2021\/06\/KW-24a-Poitou-Eselfohlen-und-Limpurger-Kalb-geboren-18.06.2021-Bild-2-300x238.jpg 300w, https:\/\/speyer24news.com\/wp-content\/uploads\/2021\/06\/KW-24a-Poitou-Eselfohlen-und-Limpurger-Kalb-geboren-18.06.2021-Bild-2-768x609.jpg 768w\" sizes=\"(max-width: 800px) 100vw, 800px\" \/><\/figure><\/li><li class=\"blocks-gallery-item\"><figure><img decoding=\"async\" loading=\"lazy\" width=\"800\" height=\"583\" src=\"https:\/\/speyer24news.com\/wp-content\/uploads\/2021\/06\/KW-24a-Poitou-Eselfohlen-und-Limpurger-Kalb-geboren-18.06.2021-Bild-3.jpg\" alt=\"\" data-id=\"38076\" data-full-url=\"https:\/\/speyer24news.com\/wp-content\/uploads\/2021\/06\/KW-24a-Poitou-Eselfohlen-und-Limpurger-Kalb-geboren-18.06.2021-Bild-3.jpg\" data-link=\"https:\/\/speyer24news.com\/?attachment_id=38076\" class=\"wp-image-38076\" srcset=\"https:\/\/speyer24news.com\/wp-content\/uploads\/2021\/06\/KW-24a-Poitou-Eselfohlen-und-Limpurger-Kalb-geboren-18.06.2021-Bild-3.jpg 800w, https:\/\/speyer24news.com\/wp-content\/uploads\/2021\/06\/KW-24a-Poitou-Eselfohlen-und-Limpurger-Kalb-geboren-18.06.2021-Bild-3-300x219.jpg 300w, https:\/\/speyer24news.com\/wp-content\/uploads\/2021\/06\/KW-24a-Poitou-Eselfohlen-und-Limpurger-Kalb-geboren-18.06.2021-Bild-3-768x560.jpg 768w\" sizes=\"(max-width: 800px) 100vw, 800px\" \/><\/figure><\/li><li class=\"blocks-gallery-item\"><figure><img decoding=\"async\" loading=\"lazy\" width=\"800\" height=\"533\" src=\"https:\/\/speyer24news.com\/wp-content\/uploads\/2021\/06\/KW-24a-Poitou-Eselfohlen-und-Limpurger-Kalb-geboren-18.06.2021-Bild-4.jpg\" alt=\"\" data-id=\"38077\" data-full-url=\"https:\/\/speyer24news.com\/wp-content\/uploads\/2021\/06\/KW-24a-Poitou-Eselfohlen-und-Limpurger-Kalb-geboren-18.06.2021-Bild-4.jpg\" data-link=\"https:\/\/speyer24news.com\/?attachment_id=38077\" class=\"wp-image-38077\" srcset=\"https:\/\/speyer24news.com\/wp-content\/uploads\/2021\/06\/KW-24a-Poitou-Eselfohlen-und-Limpurger-Kalb-geboren-18.06.2021-Bild-4.jpg 800w, https:\/\/speyer24news.com\/wp-content\/uploads\/2021\/06\/KW-24a-Poitou-Eselfohlen-und-Limpurger-Kalb-geboren-18.06.2021-Bild-4-300x200.jpg 300w, https:\/\/speyer24news.com\/wp-content\/uploads\/2021\/06\/KW-24a-Poitou-Eselfohlen-und-Limpurger-Kalb-geboren-18.06.2021-Bild-4-768x512.jpg 768w\" sizes=\"(max-width: 800px) 100vw, 800px\" \/><\/figure><\/li><li class=\"blocks-gallery-item\"><figure><img decoding=\"async\" loading=\"lazy\" width=\"800\" height=\"533\" src=\"https:\/\/speyer24news.com\/wp-content\/uploads\/2021\/06\/KW-24a-Poitou-Eselfohlen-und-Limpurger-Kalb-geboren-18.06.2021-Bild-5.jpg\" alt=\"\" data-id=\"38078\" data-full-url=\"https:\/\/speyer24news.com\/wp-content\/uploads\/2021\/06\/KW-24a-Poitou-Eselfohlen-und-Limpurger-Kalb-geboren-18.06.2021-Bild-5.jpg\" data-link=\"https:\/\/speyer24news.com\/?attachment_id=38078\" class=\"wp-image-38078\" srcset=\"https:\/\/speyer24news.com\/wp-content\/uploads\/2021\/06\/KW-24a-Poitou-Eselfohlen-und-Limpurger-Kalb-geboren-18.06.2021-Bild-5.jpg 800w, https:\/\/speyer24news.com\/wp-content\/uploads\/2021\/06\/KW-24a-Poitou-Eselfohlen-und-Limpurger-Kalb-geboren-18.06.2021-Bild-5-300x200.jpg 300w, https:\/\/speyer24news.com\/wp-content\/uploads\/2021\/06\/KW-24a-Poitou-Eselfohlen-und-Limpurger-Kalb-geboren-18.06.2021-Bild-5-768x512.jpg 768w\" sizes=\"(max-width: 800px) 100vw, 800px\" \/><\/figure><\/li><li class=\"blocks-gallery-item\"><figure><img decoding=\"async\" loading=\"lazy\" width=\"800\" height=\"533\" src=\"https:\/\/speyer24news.com\/wp-content\/uploads\/2021\/06\/KW-24a-Poitou-Eselfohlen-und-Limpurger-Kalb-geboren-18.06.2021-Bild-6.jpg\" alt=\"\" data-id=\"38079\" data-full-url=\"https:\/\/speyer24news.com\/wp-content\/uploads\/2021\/06\/KW-24a-Poitou-Eselfohlen-und-Limpurger-Kalb-geboren-18.06.2021-Bild-6.jpg\" data-link=\"https:\/\/speyer24news.com\/?attachment_id=38079\" class=\"wp-image-38079\" srcset=\"https:\/\/speyer24news.com\/wp-content\/uploads\/2021\/06\/KW-24a-Poitou-Eselfohlen-und-Limpurger-Kalb-geboren-18.06.2021-Bild-6.jpg 800w, https:\/\/speyer24news.com\/wp-content\/uploads\/2021\/06\/KW-24a-Poitou-Eselfohlen-und-Limpurger-Kalb-geboren-18.06.2021-Bild-6-300x200.jpg 300w, https:\/\/speyer24news.com\/wp-content\/uploads\/2021\/06\/KW-24a-Poitou-Eselfohlen-und-Limpurger-Kalb-geboren-18.06.2021-Bild-6-768x512.jpg 768w\" sizes=\"(max-width: 800px) 100vw, 800px\" \/><\/figure><\/li><li class=\"blocks-gallery-item\"><figure><img decoding=\"async\" loading=\"lazy\" width=\"800\" height=\"626\" src=\"https:\/\/speyer24news.com\/wp-content\/uploads\/2021\/06\/KW-24a-Poitou-Eselfohlen-und-Limpurger-Kalb-geboren-18.06.2021-Bild-7.jpg\" alt=\"\" data-id=\"38080\" data-full-url=\"https:\/\/speyer24news.com\/wp-content\/uploads\/2021\/06\/KW-24a-Poitou-Eselfohlen-und-Limpurger-Kalb-geboren-18.06.2021-Bild-7.jpg\" data-link=\"https:\/\/speyer24news.com\/?attachment_id=38080\" class=\"wp-image-38080\" srcset=\"https:\/\/speyer24news.com\/wp-content\/uploads\/2021\/06\/KW-24a-Poitou-Eselfohlen-und-Limpurger-Kalb-geboren-18.06.2021-Bild-7.jpg 800w, https:\/\/speyer24news.com\/wp-content\/uploads\/2021\/06\/KW-24a-Poitou-Eselfohlen-und-Limpurger-Kalb-geboren-18.06.2021-Bild-7-300x235.jpg 300w, https:\/\/speyer24news.com\/wp-content\/uploads\/2021\/06\/KW-24a-Poitou-Eselfohlen-und-Limpurger-Kalb-geboren-18.06.2021-Bild-7-768x601.jpg 768w\" sizes=\"(max-width: 800px) 100vw, 800px\" \/><\/figure><\/li><\/ul><\/figure>\n\n\n\n<p><em>Wilhelma, Zoologisch-Botanischer Garten Stuttgart<br>20.06.2021<\/em><\/p>\n","protected":false},"excerpt":{"rendered":"<div class=\"mh-excerpt\"><p>Geburten auf dem Schaubauernhof bei Poitou-Eseln und Limpurger Rindern Fohlen und K\u00e4lbchen bei seltenen alten Nutztierrassen Bei den alten Nutztierrassen auf dem Schaubauernhof der Wilhelma gab es Nachwuchs. Doch k\u00f6nnte der Kontrast kaum gr\u00f6\u00dfer sein. <a class=\"mh-excerpt-more\" href=\"https:\/\/speyer24news.com\/?p=38073\" title=\"Wilhelma, Zoologisch-Botanischer Garten Stuttgart\">[&#8230;]<\/a><\/p>\n<\/div>","protected":false},"author":3,"featured_media":36650,"comment_status":"open","ping_status":"open","sticky":false,"template":"","format":"standard","meta":{"_monsterinsights_skip_tracking":false,"_monsterinsights_sitenote_active":false,"_monsterinsights_sitenote_note":"","_monsterinsights_sitenote_category":0,"footnotes":""},"categories":[11],"tags":[8421,8422,12229,12230,12231,12232,8419,8420,10083,11544,11418,8811,6716,8418],"aioseo_notices":[],"amp_enabled":true,"_links":{"self":[{"href":"https:\/\/speyer24news.com\/index.php?rest_route=\/wp\/v2\/posts\/38073"}],"collection":[{"href":"https:\/\/speyer24news.com\/index.php?rest_route=\/wp\/v2\/posts"}],"about":[{"href":"https:\/\/speyer24news.com\/index.php?rest_route=\/wp\/v2\/types\/post"}],"author":[{"embeddable":true,"href":"https:\/\/speyer24news.com\/index.php?rest_route=\/wp\/v2\/users\/3"}],"replies":[{"embeddable":true,"href":"https:\/\/speyer24news.com\/index.php?rest_route=%2Fwp%2Fv2%2Fcomments&post=38073"}],"version-history":[{"count":1,"href":"https:\/\/speyer24news.com\/index.php?rest_route=\/wp\/v2\/posts\/38073\/revisions"}],"predecessor-version":[{"id":38081,"href":"https:\/\/speyer24news.com\/index.php?rest_route=\/wp\/v2\/posts\/38073\/revisions\/38081"}],"wp:featuredmedia":[{"embeddable":true,"href":"https:\/\/speyer24news.com\/index.php?rest_route=\/wp\/v2\/media\/36650"}],"wp:attachment":[{"href":"https:\/\/speyer24news.com\/index.php?rest_route=%2Fwp%2Fv2%2Fmedia&parent=38073"}],"wp:term":[{"taxonomy":"category","embeddable":true,"href":"https:\/\/speyer24news.com\/index.php?rest_route=%2Fwp%2Fv2%2Fcategories&post=38073"},{"taxonomy":"post_tag","embeddable":true,"href":"https:\/\/speyer24news.com\/index.php?rest_route=%2Fwp%2Fv2%2Ftags&post=38073"}],"curies":[{"name":"wp","href":"https:\/\/api.w.org\/{rel}","templated":true}]}}