{"id":38083,"date":"2021-06-20T08:46:29","date_gmt":"2021-06-20T07:46:29","guid":{"rendered":"https:\/\/speyer24news.com\/?p=38083"},"modified":"2021-06-20T08:46:31","modified_gmt":"2021-06-20T07:46:31","slug":"stadtparks-mannheim-2","status":"publish","type":"post","link":"https:\/\/speyer24news.com\/?p=38083","title":{"rendered":"Stadtparks Mannheim"},"content":{"rendered":"<style type=\"text\/css\">\r\n\t.ads_top_disp{}\r\n\t.ads_top_corner_disp{ float:left; margin:0px 10px 10px 0px; }\r\n\t.ads_first_p_disp{}\r\n\t.ads_bottom_disp{}\r\n\t<\/style>\n<div class=\"wp-block-image\"><figure class=\"aligncenter size-large\"><img decoding=\"async\" loading=\"lazy\" width=\"800\" height=\"600\" src=\"https:\/\/speyer24news.com\/wp-content\/uploads\/2021\/04\/LuPa.jpg\" alt=\"\" class=\"wp-image-35923\" srcset=\"https:\/\/speyer24news.com\/wp-content\/uploads\/2021\/04\/LuPa.jpg 800w, https:\/\/speyer24news.com\/wp-content\/uploads\/2021\/04\/LuPa-300x225.jpg 300w, https:\/\/speyer24news.com\/wp-content\/uploads\/2021\/04\/LuPa-768x576.jpg 768w, https:\/\/speyer24news.com\/wp-content\/uploads\/2021\/04\/LuPa-678x509.jpg 678w, https:\/\/speyer24news.com\/wp-content\/uploads\/2021\/04\/LuPa-326x245.jpg 326w, https:\/\/speyer24news.com\/wp-content\/uploads\/2021\/04\/LuPa-80x60.jpg 80w\" sizes=\"(max-width: 800px) 100vw, 800px\" \/><\/figure><\/div>\n\n\n\n<h1 class=\"has-text-align-center wp-block-heading\">Herzogenriedpark<\/h1>\n\n\n\n<h2 class=\"wp-block-heading\">Die Parks und ihre G\u00e4rten<\/h2>\n\n\n\n<h3 class=\"wp-block-heading\">Das Rosarium im Herzogenriedpark<\/h3>\n\n\n\n<div class=\"wp-block-image\"><figure class=\"aligncenter size-large\"><img decoding=\"async\" loading=\"lazy\" width=\"800\" height=\"530\" src=\"https:\/\/speyer24news.com\/wp-content\/uploads\/2021\/06\/Ein-schoener-Ort-zum-Wohnen.jpg\" alt=\"\" class=\"wp-image-38088\" srcset=\"https:\/\/speyer24news.com\/wp-content\/uploads\/2021\/06\/Ein-schoener-Ort-zum-Wohnen.jpg 800w, https:\/\/speyer24news.com\/wp-content\/uploads\/2021\/06\/Ein-schoener-Ort-zum-Wohnen-300x199.jpg 300w, https:\/\/speyer24news.com\/wp-content\/uploads\/2021\/06\/Ein-schoener-Ort-zum-Wohnen-768x509.jpg 768w\" sizes=\"(max-width: 800px) 100vw, 800px\" \/><\/figure><\/div>\n\n\n\n<p>In den beiden Mannheimer Stadtparks gibt es gerade zu dieser Jahreszeit viele bl\u00fchende Themeng\u00e4rten zu entdecken. Die g\u00e4rtnerischen Leiter, Ellen Oswald im Luisenpark und Wolfgang Adrian im Herzogenriedpark, decken mit ihrem floralen Angebot viele Arten ab: Ob Hortensiengarten, P\u00e4onien-, Lagerstr\u00f6mien- oder Kameliengarten im Luisenpark oder die Farng\u00e4rten und Rhododendrong\u00e4rten in beiden Parks: Mannheim bl\u00fcht fast immer!<\/p>\n\n\n\n<p>Derzeit ist ein blumiger H\u00f6hepunkt im Herzogenriedpark erreicht, genauer gesagt im wildromantischen Rosengarten mit seinen vielen kleinen Holzstegen und B\u00e4nkchen. Bis Etwa Ende Juni dauert die derzeitige, \u00fcberbordende Rosenbl\u00fcte im Rosarium noch an.<\/p>\n\n\n\n<div class=\"wp-block-image\"><figure class=\"aligncenter size-large\"><img decoding=\"async\" loading=\"lazy\" width=\"800\" height=\"530\" src=\"https:\/\/speyer24news.com\/wp-content\/uploads\/2021\/06\/Rosen-in-Kaminrot.jpg\" alt=\"\" class=\"wp-image-38091\" srcset=\"https:\/\/speyer24news.com\/wp-content\/uploads\/2021\/06\/Rosen-in-Kaminrot.jpg 800w, https:\/\/speyer24news.com\/wp-content\/uploads\/2021\/06\/Rosen-in-Kaminrot-300x199.jpg 300w, https:\/\/speyer24news.com\/wp-content\/uploads\/2021\/06\/Rosen-in-Kaminrot-768x509.jpg 768w\" sizes=\"(max-width: 800px) 100vw, 800px\" \/><\/figure><\/div>\n\n\n\n<p>Ab Mitte August gibt es dann nochmal eine zweite Bl\u00fctezeit, die gut und gerne bis zum ersten Frost andauern kann. Das Rosarium umfasst ein Gel\u00e4nde von etwa einem Hektar. Auf Dreivierteln der Fl\u00e4che bl\u00fchen Rosen in den sch\u00f6nsten Farben mit gef\u00fcllten oder ungef\u00fcllten Bl\u00fctenk\u00f6pfen in schneewei\u00df, lichtgelb, violett bis tiefrot, und bet\u00f6ren zart oder voll duftend ihre Besucher. Umgeben sind sie von Lavendel, Rosmarin, Kugeldistel und Akelei. Man f\u00fchlt sich fast wie in provencalischen Gefilden, bei den Duftnoten. Mit etwas Gl\u00fcck trifft man im Rosarium die \u201eRosenk\u00f6nigin\u201c Heike Sleet, eine hingebungsvolle G\u00e4rtnerin, die das Bl\u00fchparadies im Herzogenriedpark seit \u00fcber 20 Jahren hegt und pflegt. Sie kennt nicht nur alle \u201eihre\u201c Rosen mit Namen, sie erkennt sie sogar am Duft. \u201eF\u00fcr mich gibt es nichts Feineres als den Duft von Rosen. So unterschiedlich wie das Aussehen der verschiedenen Sorten ist, so unterschiedlich sind sie im Duft,\u201c sagt Heike Sleet. Ihre Lieblinge hei\u00dfen Gloria Dei, Duftzauber oder Schneewittchen \u2013 aber nat\u00fcrlich liebt sie sie alle!<\/p>\n\n\n\n<div class=\"wp-block-image\"><figure class=\"aligncenter size-large\"><img decoding=\"async\" loading=\"lazy\" width=\"800\" height=\"522\" src=\"https:\/\/speyer24news.com\/wp-content\/uploads\/2021\/06\/Wege-im-Rosarium.jpg\" alt=\"\" class=\"wp-image-38094\" srcset=\"https:\/\/speyer24news.com\/wp-content\/uploads\/2021\/06\/Wege-im-Rosarium.jpg 800w, https:\/\/speyer24news.com\/wp-content\/uploads\/2021\/06\/Wege-im-Rosarium-300x196.jpg 300w, https:\/\/speyer24news.com\/wp-content\/uploads\/2021\/06\/Wege-im-Rosarium-768x501.jpg 768w\" sizes=\"(max-width: 800px) 100vw, 800px\" \/><\/figure><\/div>\n\n\n\n<h4 class=\"wp-block-heading\">Hier ein erfrischendes Rezept f\u00fcr einen Rosenbl\u00e4tter-Drink:&nbsp;<strong>Heikes Rosenbowle \u201eGloria Dei\u201c<\/strong><\/h4>\n\n\n\n<p><strong>Zutaten:<\/strong><\/p>\n\n\n\n<ul><li>2 Handvoll sommersonnengereifte Rosenbl\u00e4tter<\/li><li>1 Falsche Riesling, am besten aus der Pfalz<\/li><li>1 Flasche trockenen Sekt\u00a0<\/li><li>3 Essl. brauner Zucker<\/li><\/ul>\n\n\n\n<p><strong>Zubereitung:<\/strong><\/p>\n\n\n\n<p>Die Rosenbl\u00e4tter mit einer Flasche Pf\u00e4lzer Riesling und 3 Essl\u00f6ffeln braunem Zucker ansetzen, \u00fcber Nacht kaltstellen ziehen lassen, kurz vor Verzehr mit einer Flasche eisgek\u00fchltem, trockenem Sekt aufgie\u00dfen und genie\u00dfen!<\/p>\n\n\n\n<h3 class=\"wp-block-heading\">Fotogalerie:<\/h3>\n\n\n\n<div class=\"wp-block-columns is-layout-flex wp-container-6 wp-block-columns-is-layout-flex\">\n<div class=\"wp-block-column is-layout-flow wp-block-column-is-layout-flow\" style=\"flex-basis:100%\">\n<div class=\"wp-block-columns is-layout-flex wp-container-4 wp-block-columns-is-layout-flex\">\n<div class=\"wp-block-column is-layout-flow wp-block-column-is-layout-flow\" style=\"flex-basis:100%\">\n<figure class=\"wp-block-gallery columns-2 is-cropped wp-block-gallery-1 is-layout-flex wp-block-gallery-is-layout-flex\"><ul class=\"blocks-gallery-grid\"><li class=\"blocks-gallery-item\"><figure><img decoding=\"async\" loading=\"lazy\" width=\"800\" height=\"530\" src=\"https:\/\/speyer24news.com\/wp-content\/uploads\/2021\/06\/Ein-schoener-Ort-zum-Wohnen.jpg\" alt=\"\" data-id=\"38088\" data-full-url=\"https:\/\/speyer24news.com\/wp-content\/uploads\/2021\/06\/Ein-schoener-Ort-zum-Wohnen.jpg\" data-link=\"https:\/\/speyer24news.com\/?attachment_id=38088\" class=\"wp-image-38088\" srcset=\"https:\/\/speyer24news.com\/wp-content\/uploads\/2021\/06\/Ein-schoener-Ort-zum-Wohnen.jpg 800w, https:\/\/speyer24news.com\/wp-content\/uploads\/2021\/06\/Ein-schoener-Ort-zum-Wohnen-300x199.jpg 300w, https:\/\/speyer24news.com\/wp-content\/uploads\/2021\/06\/Ein-schoener-Ort-zum-Wohnen-768x509.jpg 768w\" sizes=\"(max-width: 800px) 100vw, 800px\" \/><\/figure><\/li><li class=\"blocks-gallery-item\"><figure><img decoding=\"async\" loading=\"lazy\" width=\"800\" height=\"570\" src=\"https:\/\/speyer24news.com\/wp-content\/uploads\/2021\/06\/Gelbe-Lichtkoenigin.jpg\" alt=\"\" data-id=\"38089\" data-full-url=\"https:\/\/speyer24news.com\/wp-content\/uploads\/2021\/06\/Gelbe-Lichtkoenigin.jpg\" data-link=\"https:\/\/speyer24news.com\/?attachment_id=38089\" class=\"wp-image-38089\" srcset=\"https:\/\/speyer24news.com\/wp-content\/uploads\/2021\/06\/Gelbe-Lichtkoenigin.jpg 800w, https:\/\/speyer24news.com\/wp-content\/uploads\/2021\/06\/Gelbe-Lichtkoenigin-300x214.jpg 300w, https:\/\/speyer24news.com\/wp-content\/uploads\/2021\/06\/Gelbe-Lichtkoenigin-768x547.jpg 768w\" sizes=\"(max-width: 800px) 100vw, 800px\" \/><\/figure><\/li><li class=\"blocks-gallery-item\"><figure><img decoding=\"async\" loading=\"lazy\" width=\"800\" height=\"530\" src=\"https:\/\/speyer24news.com\/wp-content\/uploads\/2021\/06\/Rosen-in-Kaminrot.jpg\" alt=\"\" data-id=\"38091\" data-full-url=\"https:\/\/speyer24news.com\/wp-content\/uploads\/2021\/06\/Rosen-in-Kaminrot.jpg\" data-link=\"https:\/\/speyer24news.com\/?attachment_id=38091\" class=\"wp-image-38091\" srcset=\"https:\/\/speyer24news.com\/wp-content\/uploads\/2021\/06\/Rosen-in-Kaminrot.jpg 800w, https:\/\/speyer24news.com\/wp-content\/uploads\/2021\/06\/Rosen-in-Kaminrot-300x199.jpg 300w, https:\/\/speyer24news.com\/wp-content\/uploads\/2021\/06\/Rosen-in-Kaminrot-768x509.jpg 768w\" sizes=\"(max-width: 800px) 100vw, 800px\" \/><\/figure><\/li><li class=\"blocks-gallery-item\"><figure><img decoding=\"async\" loading=\"lazy\" width=\"800\" height=\"530\" src=\"https:\/\/speyer24news.com\/wp-content\/uploads\/2021\/06\/Rosen-und-Lavendel.jpg\" alt=\"\" data-id=\"38092\" data-full-url=\"https:\/\/speyer24news.com\/wp-content\/uploads\/2021\/06\/Rosen-und-Lavendel.jpg\" data-link=\"https:\/\/speyer24news.com\/?attachment_id=38092\" class=\"wp-image-38092\" srcset=\"https:\/\/speyer24news.com\/wp-content\/uploads\/2021\/06\/Rosen-und-Lavendel.jpg 800w, https:\/\/speyer24news.com\/wp-content\/uploads\/2021\/06\/Rosen-und-Lavendel-300x199.jpg 300w, https:\/\/speyer24news.com\/wp-content\/uploads\/2021\/06\/Rosen-und-Lavendel-768x509.jpg 768w\" sizes=\"(max-width: 800px) 100vw, 800px\" \/><\/figure><\/li><li class=\"blocks-gallery-item\"><figure><img decoding=\"async\" loading=\"lazy\" width=\"800\" height=\"510\" src=\"https:\/\/speyer24news.com\/wp-content\/uploads\/2021\/06\/Tiefrot-und-strahlend-weiss.jpg\" alt=\"\" data-id=\"38093\" data-full-url=\"https:\/\/speyer24news.com\/wp-content\/uploads\/2021\/06\/Tiefrot-und-strahlend-weiss.jpg\" data-link=\"https:\/\/speyer24news.com\/?attachment_id=38093\" class=\"wp-image-38093\" srcset=\"https:\/\/speyer24news.com\/wp-content\/uploads\/2021\/06\/Tiefrot-und-strahlend-weiss.jpg 800w, https:\/\/speyer24news.com\/wp-content\/uploads\/2021\/06\/Tiefrot-und-strahlend-weiss-300x191.jpg 300w, https:\/\/speyer24news.com\/wp-content\/uploads\/2021\/06\/Tiefrot-und-strahlend-weiss-768x490.jpg 768w\" sizes=\"(max-width: 800px) 100vw, 800px\" \/><\/figure><\/li><li class=\"blocks-gallery-item\"><figure><img decoding=\"async\" loading=\"lazy\" width=\"800\" height=\"522\" src=\"https:\/\/speyer24news.com\/wp-content\/uploads\/2021\/06\/Wege-im-Rosarium.jpg\" alt=\"\" data-id=\"38094\" data-full-url=\"https:\/\/speyer24news.com\/wp-content\/uploads\/2021\/06\/Wege-im-Rosarium.jpg\" data-link=\"https:\/\/speyer24news.com\/?attachment_id=38094\" class=\"wp-image-38094\" srcset=\"https:\/\/speyer24news.com\/wp-content\/uploads\/2021\/06\/Wege-im-Rosarium.jpg 800w, https:\/\/speyer24news.com\/wp-content\/uploads\/2021\/06\/Wege-im-Rosarium-300x196.jpg 300w, https:\/\/speyer24news.com\/wp-content\/uploads\/2021\/06\/Wege-im-Rosarium-768x501.jpg 768w\" sizes=\"(max-width: 800px) 100vw, 800px\" \/><\/figure><\/li><\/ul><\/figure>\n<\/div>\n<\/div>\n<\/div>\n<\/div>\n\n\n\n<p><em>Stadtpark Mannheim gemeinn\u00fctzige GmbH<br>20.06.2021<\/em><\/p>\n\n\n\n<h1 class=\"has-text-align-center wp-block-heading\">Luisenpark<\/h1>\n\n\n\n<h1 class=\"wp-block-heading\">Wocheninfo 24.-30.6.2021<\/h1>\n\n\n\n<h2 class=\"wp-block-heading\"><strong>Das Freizeithaus ist zur\u00fcck<\/strong><\/h2>\n\n\n\n<h3 class=\"wp-block-heading\"><strong>Zumindest der Au\u00dfenbereich der beliebten Begegnungsst\u00e4tte ist wieder ge\u00f6ffnet \u2013 und was will man mehr im Sommer!<\/strong><\/h3>\n\n\n\n<div class=\"wp-block-image\"><figure class=\"aligncenter size-large\"><img decoding=\"async\" loading=\"lazy\" width=\"800\" height=\"812\" src=\"https:\/\/speyer24news.com\/wp-content\/uploads\/2021\/06\/Freizeithaus.jpg\" alt=\"\" class=\"wp-image-38084\" srcset=\"https:\/\/speyer24news.com\/wp-content\/uploads\/2021\/06\/Freizeithaus.jpg 800w, https:\/\/speyer24news.com\/wp-content\/uploads\/2021\/06\/Freizeithaus-296x300.jpg 296w, https:\/\/speyer24news.com\/wp-content\/uploads\/2021\/06\/Freizeithaus-768x780.jpg 768w\" sizes=\"(max-width: 800px) 100vw, 800px\" \/><\/figure><\/div>\n\n\n\n<p>Die Innenbereiche sind nur ausnahmsweise, und zwar f\u00fcr angemeldete Kindergeburtstage und die Ferienprogramme zug\u00e4nglich. Beides wird ab Juli 2021 wieder angeboten und ist ab sofort buchbar.<br>N\u00e4here Infos zu den Kindergeburtstagen gibt es hier:<strong>&nbsp;<\/strong><a href=\"https:\/\/deref-web.de\/mail\/client\/zIfVxebobcI\/dereferrer\/?redirectUrl=http%3A%2F%2Fwww.luisenpark.de%2Ffreizeit%2Fkindergeburtstage\" target=\"_blank\" rel=\"noreferrer noopener\">www.luisenpark.de\/freizeit\/kindergeburtstage<\/a><strong><\/strong><\/p>\n\n\n\n<h4 class=\"wp-block-heading\"><strong>T\u00e4gliches Werken<\/strong><\/h4>\n\n\n\n<p>Auch das abwechslungsreiche Mitmachprogramm von Montag &#8211; Freitag um 15 Uhr findet, zwar drau\u00dfen, aber ab Juli 2021 wieder statt. Es darf also in Freizeithaus wieder gebastelt, gemalt, geg\u00e4rtnert, gek\u00fcnstelt, ausprobiert, verziert werden!\u00a0<\/p>\n\n\n\n<h4 class=\"wp-block-heading\"><strong>Outdoorspiele<\/strong><\/h4>\n\n\n\n<p>Outdoorspiele k\u00f6nnen ebenfalls wieder verliehen werden \u2013 \u00a0also ran an die B\u00e4lle, Tischtennisschl\u00e4ger, ans Rasentennis, oder Boggia, etc. Die Spiele werden direkt im Au\u00dfenbereich des Freizeithauses ausgegeben.<br>Geb\u00fchr: 0,50 \u20ac + ein Pfand (hinterlegen).<\/p>\n\n\n\n<p>Und auch die beliebten Trampolin-Coins sind wieder zu erhalten.&nbsp;<\/p>\n\n\n\n<h4 class=\"wp-block-heading\"><strong>Yoga unter freiem Himmel<\/strong><\/h4>\n\n\n\n<p>An jedem 1. Dienstag im Monat ab 3. August 2021 hei\u00dft es dann:\u00a0<strong>Yoga in der Erlebnismulde hinter dem Freizeithaus.<\/strong><br>Beginn: 14 Uhr. Umsonst und drau\u00dfen \u2013 und herrlich!\u00a0Bitte bequeme Kleidung zu tragen.<\/p>\n\n\n\n<h2 class=\"wp-block-heading\"><strong>So., 27.06.2021, 15\u00a0Uhr<br>FAMILIEN-WOCHENEND-SPECIAL<\/strong><\/h2>\n\n\n\n<h3 class=\"wp-block-heading\"><strong>Der Wei\u00dfstorch \u2013 einmal Afrika und zur\u00fcck<\/strong><\/h3>\n\n\n\n<div class=\"wp-block-image\"><figure class=\"aligncenter size-large\"><img decoding=\"async\" loading=\"lazy\" width=\"800\" height=\"584\" src=\"https:\/\/speyer24news.com\/wp-content\/uploads\/2021\/06\/FamilienWochenendSpecial-zum-Weissstorch.jpg\" alt=\"\" class=\"wp-image-38085\" srcset=\"https:\/\/speyer24news.com\/wp-content\/uploads\/2021\/06\/FamilienWochenendSpecial-zum-Weissstorch.jpg 800w, https:\/\/speyer24news.com\/wp-content\/uploads\/2021\/06\/FamilienWochenendSpecial-zum-Weissstorch-300x219.jpg 300w, https:\/\/speyer24news.com\/wp-content\/uploads\/2021\/06\/FamilienWochenendSpecial-zum-Weissstorch-768x561.jpg 768w\" sizes=\"(max-width: 800px) 100vw, 800px\" \/><figcaption>Weissstorch im Flug<\/figcaption><\/figure><\/div>\n\n\n\n<p>Womit kriegt eine Storchenmutter ihre K\u00fcken satt und was macht der Storch in Afrika? Aus unmittelbarer N\u00e4he k\u00f6nnen die St\u00f6rche der gr\u00f6\u00dften innerst\u00e4dtischen Wei\u00dfstorchkolonie Mitteleuropas im Luisenpark beobachtet werden.&nbsp;<\/p>\n\n\n\n<p><strong>Das Angebot eignet sich f\u00fcr Erwachsene und Kinder ab 7 Jahre. Die Veranstaltungen finden unter den jeweils geltenden Hygiene- und Abstandsregeln statt.&nbsp;<br>Dauer: ca. 1 Stunde<br>Geb\u00fchr: 3 \u20ac Erwachsene, 2 \u20ac Kinder, zzgl. Parkeintritt<br>Anmeldung: erforderlich<br>N\u00e4here Information, Treffpunkt und Anmeldung:&nbsp;<br>GR\u00dcNE SCHULE, Tel. (0621) 4 10 05 54<\/strong><\/p>\n\n\n\n<h2 class=\"wp-block-heading\"><strong>So., 27.06.2021, 15\u00a0&#8211;\u00a017\u00a0Uhr,\u00a0Seeb\u00fchne<br>Warehouse Brothers\u00a0<\/strong><\/h2>\n\n\n\n<h3 class=\"wp-block-heading\"><strong>Synthie-Instrumental Chill-Out auf der sch\u00f6nsten B\u00fchne Mannheim<\/strong><\/h3>\n\n\n\n<p>Eine&nbsp;<strong>FFP2- oder vergleichbare medizinische Maske<\/strong>&nbsp;ist beim Betreten des Veranstaltungsbereiches bis zum Einnehmen Ihres Sitzplatzes zu tragen.<br>Das&nbsp;<strong>Abstandsgebot von 1,5 Metern<\/strong>&nbsp;gilt insbesondere auf dem Weg zum Sitzplatz bzw. bei dessen Verlassen.<br>Wir erfassen die Kontaktdaten unserer Veranstaltungsbesucher vor Ort.<br>Die Anzahl der Pl\u00e4tze ist begrenzt nach den jeweiligen gesetzlichen Vorgaben.<br><br>Die Veranstaltung findet nur bei gutem Wetter statt. Eintritt frei!<\/p>\n\n\n\n<h2 class=\"wp-block-heading\"><strong>Di., 29.06.2021, 16.30\u00a0Uhr,\u00a0Gr\u00fcne Schule Luisenpark<br>Gr\u00fcne Stunde<\/strong><\/h2>\n\n\n\n<h3 class=\"wp-block-heading\">Wipfelst\u00fcrmer<\/h3>\n\n\n\n<div class=\"wp-block-image\"><figure class=\"aligncenter size-large\"><img decoding=\"async\" loading=\"lazy\" width=\"500\" height=\"938\" src=\"https:\/\/speyer24news.com\/wp-content\/uploads\/2021\/06\/Gruene-Stunde_Wipfelstuermer.jpg\" alt=\"\" class=\"wp-image-38086\" srcset=\"https:\/\/speyer24news.com\/wp-content\/uploads\/2021\/06\/Gruene-Stunde_Wipfelstuermer.jpg 500w, https:\/\/speyer24news.com\/wp-content\/uploads\/2021\/06\/Gruene-Stunde_Wipfelstuermer-160x300.jpg 160w\" sizes=\"(max-width: 500px) 100vw, 500px\" \/><\/figure><\/div>\n\n\n\n<p>Tief verwurzelt und unvergleichlich sch\u00f6n tragen sie ihr hohes Alter mit stolzer W\u00fcrde. Jeder Baum des Luisenparks hat seine ganz pers\u00f6nliche Geschichte und eine Vielzahl individueller Eigenarten. Eine spannende Entdeckungstour zu bemerkenswerten \u00dcberlebensk\u00fcnstlern, h\u00f6lzernen Giganten und betagten Baumpers\u00f6nlichkeiten.&nbsp;<\/p>\n\n\n\n<p>In der beliebten Vortragsreihe im Gr\u00fcnen vermittelt die Umweltp\u00e4dagogin Ute Rieckmann auf unterhaltsame Weise wissenschaftliche, kulturelle und mythologische Inhalte aus dem Reich von Flora und Fauna.<\/p>\n\n\n\n<p><strong>Die Veranstaltungen finden unter den jeweils geltenden Hygiene- und Abstandsregeln statt. Mit Sitzm\u00f6glichkeit<\/strong><\/p>\n\n\n\n<p><strong>Dauer: 1 Stunde<\/strong>&nbsp;<strong><br>Teilnehmerzahl: max. 15 Personen<br>Geb\u00fchr: 3\u20ac, zzgl. Parkeintritt<br>Anmeldung: erforderlich<br>N\u00e4here Information, Treffpunkt und Anmeldung: GR\u00dcNE SCHULE, Tel. (0621) 4 10 05 54<\/strong><\/p>\n\n\n\n<h2 class=\"wp-block-heading\"><strong>Mi., 30.06.2021, 15.30\u00a0&#8211;\u00a017.30\u00a0Uhr,\u00a0Seeb\u00fchne<br>Susan Horn\u00a0<\/strong><\/h2>\n\n\n\n<h3 class=\"wp-block-heading\"><strong>Susan Horn \/ Best of Evergreens<\/strong><\/h3>\n\n\n\n<div class=\"wp-block-image\"><figure class=\"aligncenter size-large\"><img decoding=\"async\" loading=\"lazy\" width=\"800\" height=\"533\" src=\"https:\/\/speyer24news.com\/wp-content\/uploads\/2021\/06\/Susan-Horn.jpg\" alt=\"\" class=\"wp-image-38087\" srcset=\"https:\/\/speyer24news.com\/wp-content\/uploads\/2021\/06\/Susan-Horn.jpg 800w, https:\/\/speyer24news.com\/wp-content\/uploads\/2021\/06\/Susan-Horn-300x200.jpg 300w, https:\/\/speyer24news.com\/wp-content\/uploads\/2021\/06\/Susan-Horn-768x512.jpg 768w\" sizes=\"(max-width: 800px) 100vw, 800px\" \/><\/figure><\/div>\n\n\n\n<p>Sie ist schon Stammgast auf der Seeb\u00fchne und immer wieder zieht sie die Meute in ihren Bann: Susan Horn, aus der musikkulturellen Szene rund ums Quadrat nicht mehr wegzudenken. Ihr Geheimnis? Einfach gute Mukke! Diesmal wird die charismatische Dame mit Best of Evergreens (und dieser Name ist Programm im \u201eGr\u00fcnen Bereich\u201c) unvergessene Songs aus sechs Jahrzehnten Musikgeschichte pr\u00e4sentieren. Eine Sommer-Melange aus Blues, Pop, Soul und Jazz \u2013 herrlich!<\/p>\n\n\n\n<p>Eine\u00a0<strong>FFP2- oder vergleichbare medizinische Maske<\/strong>\u00a0ist beim Betreten des Veranstaltungsbereiches bis zum Einnehmen Ihres Sitzplatzes zu tragen.<br>Das\u00a0<strong>Abstandsgebot von 1,5 Metern<\/strong>\u00a0gilt insbesondere auf dem Weg zum Sitzplatz bzw. bei dessen Verlassen.<br>Wir erfassen die Kontaktdaten unserer Veranstaltungsbesucher vor Ort.<br>Die Anzahl der Pl\u00e4tze ist begrenzt nach den jeweiligen gesetzlichen Vorgaben.<br><br>Die Veranstaltung findet nur bei gutem Wetter statt. Eintritt frei!<\/p>\n\n\n\n<h2 class=\"wp-block-heading\"><strong><u>Au\u00dferdem findet das JER-Festival auf der Seeb\u00fchne statt.&nbsp;<\/u><\/strong><strong>Veranstalter ist die Baltruschat-Riehle GdBR.<\/strong><strong><u><\/u><\/strong><\/h2>\n\n\n\n<ul><li><strong>Do., 24.06.2021, 20\u00a0&#8211;\u00a022\u00a0Uhr,\u00a0Seeb\u00fchne<\/strong><\/li><li>ROCKT ZU HAUSE<\/li><\/ul>\n\n\n\n<ul><li><strong>Fr., 25.06.2021, 20\u00a0&#8211;\u00a022\u00a0Uhr,\u00a0Seeb\u00fchne<\/strong><\/li><li>The Firebrigade\u00a0<\/li><\/ul>\n\n\n\n<ul><li><strong>Mi., 30.06.2021, 20\u00a0&#8211;\u00a022\u00a0Uhr,\u00a0Seeb\u00fchne<\/strong><\/li><li>Alex Auer &amp; Adax D\u00f6rsam:\u00a0<strong>Songwriting &amp; Gitarrenkunst<\/strong><\/li><\/ul>\n\n\n\n<ul><li><strong>Sa., 26.06.2021, 20\u00a0&#8211;\u00a022\u00a0Uhr,\u00a0Seeb\u00fchne<\/strong><\/li><li>Rolf Stahlhofen &amp; Band feat. Jason Wright\u00a0<\/li><\/ul>\n\n\n\n<h4 class=\"wp-block-heading\"><strong>N\u00e4here Info unter<\/strong>\u00a0<a href=\"https:\/\/deref-web.de\/mail\/client\/mhPUvkxeS2s\/dereferrer\/?redirectUrl=http%3A%2F%2Fwww.jetzterstrechtfestival.de\" target=\"_blank\" rel=\"noreferrer noopener\"><strong>www.jetzterstrechtfestival.de<\/strong><\/a>\u00a0<\/h4>\n\n\n\n<h1 class=\"has-text-align-center wp-block-heading\">Herzogenriedpark<\/h1>\n\n\n\n<h2 class=\"wp-block-heading\"><strong>So., 20.06.2021, 15\u00a0&#8211;\u00a017\u00a0Uhr,\u00a0Konzertmuschel<br>Martin B\u00f6hm<br>Wunschkonzert<\/strong><\/h2>\n\n\n\n<p>Eine&nbsp;<strong>FFP2- oder vergleichbare medizinische Maske<\/strong>&nbsp;ist beim Betreten des Veranstaltungsbereiches bis zum Einnehmen Ihres Sitzplatzes zu tragen.<br>Das&nbsp;<strong>Abstandsgebot von 1,5 Metern<\/strong>&nbsp;gilt insbesondere auf dem Weg zum Sitzplatz bzw. bei dessen Verlassen.<br>Wir erfassen die Kontaktdaten unserer Veranstaltungsbesucher vor Ort.<br>Die Anzahl der Pl\u00e4tze ist begrenzt nach den jeweiligen gesetzlichen Vorgaben.<br><br>Die Veranstaltung findet nur bei gutem Wetter statt. Eintritt frei!<\/p>\n\n\n\n<h2 class=\"wp-block-heading\">So., 27.06.2021, 15\u00a0&#8211;\u00a016.30\u00a0Uhr,\u00a0Konzertmuschel<br>Bremer Stadtmusikanten<\/h2>\n\n\n\n<h3 class=\"wp-block-heading\"><strong>Kindertheater Blinklichter mit Mitspielszenen<\/strong><\/h3>\n\n\n\n<p>\u201eEtwas Besseres als den Tod finden wir \u00fcberall!\u201c Ein alter Esel, ein fast blinder Hund, eine Katze, die keine M\u00e4use mag und ein Hahn kurz vor dem Suppentopf: Vier Au\u00dfenseiter schlie\u00dfen sich als schr\u00e4ge Stadtmusikanten zusammen, um ihr Gl\u00fcck zu finden&#8230; Ein gro\u00dfer Spa\u00df f\u00fcr die Kinder und ein zauberhaftes Vergn\u00fcgen f\u00fcr Erwachsene.<\/p>\n\n\n\n<p>Eine&nbsp;<strong>FFP2- oder vergleichbare medizinische Maske<\/strong>&nbsp;ist beim Betreten des Veranstaltungsbereiches bis zum Einnehmen Ihres Sitzplatzes zu tragen.<br>Das&nbsp;<strong>Abstandsgebot von 1,5 Metern<\/strong>&nbsp;gilt insbesondere auf dem Weg zum Sitzplatz bzw. bei dessen Verlassen.<br>Wir erfassen die Kontaktdaten unserer Veranstaltungsbesucher vor Ort.<br>Die Anzahl der Pl\u00e4tze ist begrenzt nach den jeweiligen gesetzlichen Vorgaben.<br><br>Die Veranstaltung findet nur bei gutem Wetter statt. Eintritt frei!<\/p>\n\n\n\n<h2 class=\"wp-block-heading\">Psst\u2026<\/h2>\n\n\n\n<p>N\u00e4chstes Mal geht es weiter mit 2 Musikreihen: Die Popakademie ist wieder zu Gast in der \u201eMuschel\u201c und au\u00dferdem das Neckarst\u00e4dter Label Brandherd mit tollen Bands!\u00a0<a href=\"https:\/\/deref-web.de\/mail\/client\/p-tVuRYZvGs\/dereferrer\/?redirectUrl=https%3A%2F%2Fwww.herzogenriedpark.de%2Fveranstaltungen%2Fkalender\" target=\"_blank\" rel=\"noreferrer noopener\">Mehr hier\u2026<\/a><\/p>\n\n\n\n<p><em>Stadtpark Mannheim gemeinn\u00fctzige GmbH<br>20.06.2021<\/em><\/p>\n","protected":false},"excerpt":{"rendered":"<div class=\"mh-excerpt\"><p>Herzogenriedpark Die Parks und ihre G\u00e4rten Das Rosarium im Herzogenriedpark In den beiden Mannheimer Stadtparks gibt es gerade zu dieser Jahreszeit viele bl\u00fchende Themeng\u00e4rten zu entdecken. Die g\u00e4rtnerischen Leiter, Ellen Oswald im Luisenpark und Wolfgang <a class=\"mh-excerpt-more\" href=\"https:\/\/speyer24news.com\/?p=38083\" title=\"Stadtparks Mannheim\">[&#8230;]<\/a><\/p>\n<\/div>","protected":false},"author":3,"featured_media":36650,"comment_status":"open","ping_status":"open","sticky":false,"template":"","format":"standard","meta":{"_monsterinsights_skip_tracking":false,"_monsterinsights_sitenote_active":false,"_monsterinsights_sitenote_note":"","_monsterinsights_sitenote_category":0,"footnotes":""},"categories":[11],"tags":[279,280,601,3518,600,12233,12234,12235,12236,2022,1794],"aioseo_notices":[],"amp_enabled":true,"_links":{"self":[{"href":"https:\/\/speyer24news.com\/index.php?rest_route=\/wp\/v2\/posts\/38083"}],"collection":[{"href":"https:\/\/speyer24news.com\/index.php?rest_route=\/wp\/v2\/posts"}],"about":[{"href":"https:\/\/speyer24news.com\/index.php?rest_route=\/wp\/v2\/types\/post"}],"author":[{"embeddable":true,"href":"https:\/\/speyer24news.com\/index.php?rest_route=\/wp\/v2\/users\/3"}],"replies":[{"embeddable":true,"href":"https:\/\/speyer24news.com\/index.php?rest_route=%2Fwp%2Fv2%2Fcomments&post=38083"}],"version-history":[{"count":1,"href":"https:\/\/speyer24news.com\/index.php?rest_route=\/wp\/v2\/posts\/38083\/revisions"}],"predecessor-version":[{"id":38095,"href":"https:\/\/speyer24news.com\/index.php?rest_route=\/wp\/v2\/posts\/38083\/revisions\/38095"}],"wp:featuredmedia":[{"embeddable":true,"href":"https:\/\/speyer24news.com\/index.php?rest_route=\/wp\/v2\/media\/36650"}],"wp:attachment":[{"href":"https:\/\/speyer24news.com\/index.php?rest_route=%2Fwp%2Fv2%2Fmedia&parent=38083"}],"wp:term":[{"taxonomy":"category","embeddable":true,"href":"https:\/\/speyer24news.com\/index.php?rest_route=%2Fwp%2Fv2%2Fcategories&post=38083"},{"taxonomy":"post_tag","embeddable":true,"href":"https:\/\/speyer24news.com\/index.php?rest_route=%2Fwp%2Fv2%2Ftags&post=38083"}],"curies":[{"name":"wp","href":"https:\/\/api.w.org\/{rel}","templated":true}]}}