{"id":38148,"date":"2021-06-20T18:15:19","date_gmt":"2021-06-20T17:15:19","guid":{"rendered":"https:\/\/speyer24news.com\/?p=38148"},"modified":"2021-06-20T18:15:40","modified_gmt":"2021-06-20T17:15:40","slug":"polizei-617","status":"publish","type":"post","link":"https:\/\/speyer24news.com\/?p=38148","title":{"rendered":"Polizei"},"content":{"rendered":"<style type=\"text\/css\">\r\n\t.ads_top_disp{}\r\n\t.ads_top_corner_disp{ float:left; margin:0px 10px 10px 0px; }\r\n\t.ads_first_p_disp{}\r\n\t.ads_bottom_disp{}\r\n\t<\/style>\n<h2 class=\"wp-block-heading\">Polizeimeldungen vom Sonntag (20.06.2021)<\/h2>\n\n\n\n<div class=\"wp-block-image\"><figure class=\"aligncenter size-large\"><img decoding=\"async\" src=\"https:\/\/speyer24news.com\/wp-content\/uploads\/2020\/01\/Aktuelles-Polizeilogo.jpg\" alt=\"\" class=\"wp-image-23832\"\/><\/figure><\/div>\n\n\n\n<h2 class=\"wp-block-heading\">(Schifferstadt) &#8211; Unfallverursacher fl\u00fcchten<\/h2>\n\n\n\n<p>Am Freitag, 18.06.21, zw. 07.45 &#8211; 12.00 Uhr befuhr ein bislang unbekannter Pkw-Fahrer die J\u00e4gerstra\u00dfe und streifte beim Vorbeifahren einen am Fahrbahnrand ordnungsgem\u00e4\u00df geparkten Pkw. Der Unfallverursacher fl\u00fcchtete. Es entstand ein Schaden von ca. 1000.- EUR.<\/p>\n\n\n\n<p>Am Samstag, 19.06.21, zw. 07.30 &#8211; 11.10 Uhr wurde ein in der Stra\u00dfe Am B\u00e4ckersgarten am Fahrbahnrand geparkter Pkw besch\u00e4digt. Auch hier streifte der bislang unbekannte Fahrzeugf\u00fchrer den geparkten Pkw und entfernte sich unerlaubt von der Unfallstelle. Es entstand ein Schaden von ca. 700.- EUR. Zeugen werden gebeten sich bei der PI Schifferstadt unter der Telefonnummer 06235\/495-0 zu melden.<\/p>\n\n\n\n<h2 class=\"wp-block-heading\">(Neupotz) &#8211; Rabiate St\u00f6rche verursachen Stromausfall<\/h2>\n\n\n\n<div class=\"wp-block-image\"><figure class=\"aligncenter size-large\"><img decoding=\"async\" loading=\"lazy\" width=\"800\" height=\"584\" src=\"https:\/\/speyer24news.com\/wp-content\/uploads\/2021\/06\/FamilienWochenendSpecial-zum-Weissstorch.jpg\" alt=\"\" class=\"wp-image-38085\" srcset=\"https:\/\/speyer24news.com\/wp-content\/uploads\/2021\/06\/FamilienWochenendSpecial-zum-Weissstorch.jpg 800w, https:\/\/speyer24news.com\/wp-content\/uploads\/2021\/06\/FamilienWochenendSpecial-zum-Weissstorch-300x219.jpg 300w, https:\/\/speyer24news.com\/wp-content\/uploads\/2021\/06\/FamilienWochenendSpecial-zum-Weissstorch-768x561.jpg 768w\" sizes=\"(max-width: 800px) 100vw, 800px\" \/><\/figure><\/div>\n\n\n\n<p>Am Sonntag gegen 15 Uhr informierte ein Neupotzer B\u00fcrger aus der Hauptstra\u00dfe die Polizei W\u00f6rth, dass zwei St\u00f6rche die Stromoberleitung seines Hauses besch\u00e4digt haben. Das Stromkabel fiel in den Hof, wobei der Pkw des Anwohners leicht besch\u00e4digt wurde. Der Notdienst des Stromversorgers konnte erreicht werden und kam zur Reparatur vor Ort. Da hierf\u00fcr die Stromversorgung in Teilen von Neupotz abgeschaltet werden musste, wurde \u00fcber den B\u00fcrgermeister die entsprechende Information der B\u00fcrger \u00fcber die gl\u00fccklicherweise bestehende Ortsrufanlage veranlasst. Die beiden Klapperst\u00f6rche scherten sich nicht um den entstandenen Schaden und suchten das Weite. Im Bereich der Hauptstra\u00dfe musste der Strom f\u00fcr etwa zwei Stunden abgestellt werden. Anschlie\u00dfend war der Schaden behoben.<\/p>\n\n\n\n<h2 class=\"wp-block-heading\">(Landau) &#8211; Fahrzeugf\u00fchrer unter dem Einfluss von Bet\u00e4ubungsmitteln unterwegs<\/h2>\n\n\n\n<p>Am Nachmittag des 19.06.2021 wurde in der Landauer Innenstadt ein 26-j\u00e4hriger Fahrzeugf\u00fchrer mit seinem PKW kontrolliert. Da der junge Mann k\u00f6rperliche Auff\u00e4lligkeiten zeigte, wurde mit ihm ein Drogenschnelltest durchgef\u00fchrt. Dieser reagierte positiv auf Cannabisprodukte. Aus diesem Grund wurde ihm eine Blutprobe entnommen. Auf den Landauer kommt eine Anzeige wegen einer Trunkenheitsfahrt zu. Zudem wird die Fahrerlaubnisbeh\u00f6rde \u00fcber den Sachverhalt in Kenntnis gesetzt, weshalb er mit f\u00fchrerscheinrechtlichen Konsequenzen rechnen muss.<\/p>\n\n\n\n<h2 class=\"wp-block-heading\">(Neustadt) &#8211; Verkehrskontrolle endet in mehreren Strafanzeigen<\/h2>\n\n\n\n<p>Am Sonntag, den 20.06.2021, gegen 07:40 Uhr befuhr ein PKW der Marke Audi die Karl-Helfferich-Stra\u00dfe in Neustadt und geriet aufgrund fehlender Kennzeichenschilder in den Fokus der Funkstreife. Bei der anschlie\u00dfenden Verkehrskontrolle des 23-j\u00e4hrigen Fahrzeugf\u00fchrers wurde direkt deutlicher Alkoholgeruch wahrgenommen. Ein vor Ort durchgef\u00fchrter Atemalkoholtest ergab einen Wert von 1,35 Promille. Bei der \u00dcberpr\u00fcfung der Fahrzeugpapiere, sowie der im Fahrzeug befindlichen Kennzeichenschilder wurde ferner festgestellt, dass der PKW weder zugelassen war, noch \u00fcber einen g\u00fcltigen Versicherungsschutz verf\u00fcgte. Auch bei den Eigentumsverh\u00e4ltnissen des Kraftfahrtzeuges ergaben sich Unstimmigkeiten, weshalb dieses bis zur zweifelsfreien Kl\u00e4rung pr\u00e4ventiv sichergestellt und abgeschleppt wurde. Dem alkoholisierten Fahrzeugf\u00fchrer wurde eine Blutprobe entnommen. Die F\u00fchrerscheinbeschlagnahme scheiterte an dem Umstand, dass der 23-J\u00e4hrige nicht im Besitz einer g\u00fcltigen Fahrerlaubnis ist. Aufgrund fehlendem Wohnsitz in der Bundesrepublik wurde eine Sicherheitsleistung im vierstelligen Bereich erhoben.<\/p>\n\n\n\n<h2 class=\"wp-block-heading\">(Neustadt) &#8211; Zwei Unf\u00e4lle unter Alkoholeinfluss<\/h2>\n\n\n\n<p>Zun\u00e4chst wurde am Samstag, 20.06.21, gegen 21.10 Uhr ein Verkehrsunfall auf dem Gel\u00e4nde einer Tankstelle in der Branchweilerhofstra\u00dfe gemeldet. Vor Ort wurde bei dem verursachenden 56-j\u00e4hrigen Pkw-Fahrer aus Neustadt deutlicher Atemalkoholgeruch festgestellt. Ein Atemalkoholtest ergab einen Wert von 0,46 Promille, zudem besteht der begr\u00fcndete Verdacht, dass er unter dem Einfluss von Medikamenten stand. Der Pkw-Fahrer wollte auf dem Tankstellengel\u00e4nde r\u00fcckw\u00e4rts seinen Pkw umparken und an einem an der Tanks\u00e4ule stehenden Fahrzeug vorbeifahren. Hierbei streifte er das stehende Fahrzeug \u00fcber die gesamte Fahrzeugseite. Dem Verursacher wurde auf der Dienststelle eine Blutprobe entnommen und der F\u00fchrerschein sichergestellt. Der Sachschaden wird auf 2.000 Euro gesch\u00e4tzt.<\/p>\n\n\n\n<p>Am Samstag, 19.06.21, um 22.05 Uhr wurde der Polizei ein gest\u00fcrzter Motorrollerfahrer in der Neumayerstra\u00dfe gemeldet. Der 67-j\u00e4hrige Fahrer wurde mit dem Roller zwischen den Beinen und eingeschaltetem Motor bzw. Z\u00fcndung auf der Stra\u00dfe liegend durch Zeugen aufgefunden. Augenscheinlich st\u00fcrzte er ohne Fremdeinwirkung. Bei Eintreffen der Polizei musste er durch mehrere Personen gest\u00fctzt werden, da er stark alkoholisiert war. Ein Atemalkoholtest wurde durch ihn verweigert. Auch diesem Fahrer wurde eine Blutprobe entnommen und der F\u00fchrerschein sichergestellt. Am Roller entstand Sachschaden in H\u00f6he von 500 Euro. Der Rollerfahrer erlitt durch den Sturz Prellungen am Oberk\u00f6rper und dem linken Bein.<\/p>\n\n\n\n<h2 class=\"wp-block-heading\">(Ha\u00dfloch) &#8211; Betrunken mit dem Fahrrad unterwegs<\/h2>\n\n\n\n<p>In der Nacht von Samstag, den 19.06., auf Sonntag den 20.06., gegen 22:00 Uhr, fiel der Streifenwagenbesatzung der Polizei Ha\u00dfloch ein Fahrradfahrer ohne Licht auf, der zudem noch in Schlangenlinien fuhr. Er wurde einer Verkehrskontrolle unterzogen. Ein durchgef\u00fchrter Atemalkoholtest ergab 2,06 Promille. Eine Blutprobe wurde in der Polizeiinspektion Ha\u00dfloch entnommen. Den Radfahrer erwartet ein Strafverfahren wegen Trunkenheit im Verkehr.<\/p>\n\n\n\n<h2 class=\"wp-block-heading\">(Bad D\u00fcrkheim) &#8211; Gro\u00dfeinsatz nach Benzingeruch in Mehrfamilienhaus<\/h2>\n\n\n\n<p>In einem Mehrfamilienhaus in der Seebacher Stra\u00dfe in Bad D\u00fcrkheim kam es am Sonntagmorgen gegen 08:20 Uhr zu einem Gro\u00dfeinsatz der Polizei, Feuerwehr und des Rettungsdienstes. Ein 43-j\u00e4hriger, psychisch kranker Bewohner des Hauses hatte in seiner Wohnung Benzin vergossen, der intensive Geruch konnte auch au\u00dferhalb der Wohnung wahrgenommen werden. Nachdem der Bewohner jegliche Kontaktaufnahme verweigerte, wurden die Wohnungen der 27 anwesenden weiteren Bewohner des Geb\u00e4udekomplexes ger\u00e4umt. Im Anschluss gelang es, in die Wohnung einzudringen und den Mann in Gewahrsam zu nehmen. Dieser wurde in eine Fachklinik eingewiesen. Eine Gefahr f\u00fcr die Bewohner des Geb\u00e4udekomplexes bestand nicht.<\/p>\n\n\n\n<h2 class=\"wp-block-heading\">(Bad D\u00fcrkheim) &#8211; Vermisstenfall<\/h2>\n\n\n\n<p>Am 19.06.2021 wurde eine 81-j\u00e4hrige Bad D\u00fcrkheimerin als vermisst gemeldet. Durch Angeh\u00f6rige wird mitgeteilt, dass sich die demente Frau von zu Hause entfernt habe und nicht zur\u00fcckgekommen sei. Dies sei in der Vergangenheit bereits der Fall gewesen. Es wurden gro\u00df angelegte Suchma\u00dfnahmen durchgef\u00fchrt. Bis in die Nacht blieben die Suchma\u00dfnahmen erfolglos. Im Rahmen weiterer Suchma\u00dfnahmen am Folgetag konnte die Frau am 20.06.2021 wohlbehalten in einem Waldst\u00fcck aufgefunden werden. Sie wurde zur vorsorglichen Untersuchung ins Krankenhaus verbracht.<\/p>\n\n\n\n<h2 class=\"wp-block-heading\">(Bad D\u00fcrkheim) &#8211; Diebstahl von Geldb\u00f6rse durch Ausnutzen einer hilflosen Lage<\/h2>\n\n\n\n<p>Am 18.06.2021, 08.30 &#8211; 09.00 Uhr war die 84-j\u00e4hrige Gesch\u00e4digte in einem Lebensmitteldiscounter in Bad D\u00fcrkheim in der Bruchstra\u00dfe einkaufen. Pl\u00f6tzlich wurde der Frau schwarz vor Augen, sie sackte auf ihrem Einkaufswagen nach vorne, da sie kurze Zeit ohnm\u00e4chtig wurde. Als sie wieder zu sich kam, stellte sie den Diebstahl ihres Geldbeutels fest. Dieser befand sich zuvor in ihrer linken Hosentasche. Hinweise bitte an die Polizei Bad D\u00fcrkheim unter der 06322-9630 oder&nbsp;<a href=\"mailto:pibadduerkheim@polizei.rlp.de\">pibadduerkheim@polizei.rlp.de<\/a><\/p>\n\n\n\n<h2 class=\"wp-block-heading\">(Frankenthal) &#8211; Ausfall der Telefonanlage PI Frankenthal<\/h2>\n\n\n\n<p>Die Telefonanlage der Polizei Frankenthal ist am Morgen des 20.06.2021 ausgefallen. Betroffen hiervon sind der Notruf, sowie die Amtsleitung. In Notf\u00e4llen ist die Polizei Frankenthal unter 0152 \/ 28854172 erreichbar. Es wird nachberichtet, wenn die Anlage wieder in funktioniert.<\/p>\n\n\n\n<h2 class=\"wp-block-heading\">(Frankenthal) &#8211; Telefonanlage wieder Einsatzbereit<\/h2>\n\n\n\n<p>Die Polizei Frankenthal ist wieder \u00fcber Notruf und die Amtsleitung erreichbar. Der Ausfall der Telefonanlage konnte behoben werden.<\/p>\n\n\n\n<h2 class=\"wp-block-heading\">(Frankenthal) &#8211; Hausfriedensbruch Strandbad<\/h2>\n\n\n\n<p>Am 19.06.2021 kam es den Tag \u00fcber zu mehreren F\u00e4llen von Hausfriedensbruch im Strandbad Frankenthal. Dort sind mehrere Personen \u00fcber den Zaun geklettert um das Freibad samt gutem Wetter nutzen zu k\u00f6nnen. Um den aktuell geltenden Auflagen gerecht zu werden, muss der Besuch des Freibads \u00fcber ein Online-Portal reserviert werden. Dies haben die Personen nicht gemacht und wollten kurzerhand \u00fcber den Zaun klettern. Gegen die Personen wurden Strafanzeigen wegen Hausfriedensbruchs eingeleitet.<\/p>\n\n\n\n<h2 class=\"wp-block-heading\">(Frankenthal) &#8211; Verkehrsunfallflucht<\/h2>\n\n\n\n<p>Im Zeitraum vom 12.06.2021 &#8211; 19.06.2021 kam es in der Radolfstra\u00dfe in Frankenthal zu einer Verkehrsunfallflucht. Dort hat ein unbekannter Fahrer, vermutlich beim Ein- oder Ausparken, einen schwarzen Peugeot an der hinteren linken Seite besch\u00e4digt. Der Schaden bel\u00e4uft sich auf mindestens 1000EUR. Ein Strafverfahren wurde eingeleitet.<\/p>\n\n\n\n<h2 class=\"wp-block-heading\">(Frankenthal) &#8211; Fl\u00fcchtender Dieb<\/h2>\n\n\n\n<p>Am 19.06.2021, gegen 02:00 Uhr, waren zwei G\u00e4ste einer Kneipe im Innenstadtbereich Frankenthals in Streit geraten. Einer der beiden Streith\u00e4hne entwendete den Rucksack des Kontrahenten und rannte in Richtung Franz-Nissl-Stra\u00dfe davon. Dort konnte ein Teil des Diebesguts aufgefunden werden. <\/p>\n\n\n\n<h4 class=\"wp-block-heading\">Der T\u00e4ter wurde als:<\/h4>\n\n\n\n<ul><li><strong>ca. 26 Jahre alt <\/strong><\/li><li><strong>160cm gro\u00df <\/strong><\/li><\/ul>\n\n\n\n<p>beschrieben.<\/p>\n\n\n\n<h2 class=\"wp-block-heading\">(Frankenthal) &#8211; Sachbesch\u00e4digung an Fahrzeugen<\/h2>\n\n\n\n<p>Am 18.06.2021, im Zeitraum von 17:45 Uhr &#8211; 18:30 Uhr, kam es in der Fohlenstra\u00dfe in Frankenthal zu mehreren Sachbesch\u00e4digungen. Dort hatte ein unbekannter T\u00e4ter mit schwarzer Farbe eine Hauswand und mehrere Fahrzeuge bespr\u00fcht. Es wurde immer wieder der Schriftzug &#8222;D78&#8220; aufgespr\u00fcht. Bez\u00fcglich des Schriftzuges liegen keine Erkenntnisse vor. Hinweise auf den T\u00e4ter gibt es aktuell noch nicht. Ein Strafverfahren wegen Sachbesch\u00e4digung wurde eingeleitet.<\/p>\n\n\n\n<h2 class=\"wp-block-heading\">(Bobenheim-Roxheim) &#8211; Stra\u00dfeneinbruch<\/h2>\n\n\n\n<p>Durch den Mitarbeiter des Bereitschaftsdienstes des Kanalwerks Bobenheim-Roxheim wird am Sonntag gemeldet, dass es in der Albrecht-D\u00fcrer-Stra\u00dfe zu einem beginnenden Stra\u00dfeneinbruch der Teerdecke komme und man diesen bis zur ordnungsgem\u00e4\u00dfen Ausbesserung am kommenden Montag mit einer Platte abdeckt um den Verkehrsfluss gew\u00e4hrleisten zu k\u00f6nnen.<\/p>\n\n\n\n<h2 class=\"wp-block-heading\">(Bobenheim-Roxheim) &#8211; Betrunkener Radfahrer st\u00fcrzt<\/h2>\n\n\n\n<p>Am 19.06.2021, gegen 20:30 Uhr, befuhr ein 67-j\u00e4hriger Radfahrer den Ostring in Bobenheim-Roxheim. Der Radfahrer kippte aus unbekannter Ursache ohne Fremdeinwirkung vom Fahrrad und fiel auf den Kopf. Hierbei zog er sich eine leichte Verletzung zu. Der Radfahrer wies einen Atemalkoholwert von 1,81 Promille auf. Er wurde in das Krankenhaus verbracht, wo ihm dann auch eine Blutprobe entnommen wurde. Ein Strafverfahren wurde eingeleitet.<\/p>\n\n\n\n<h2 class=\"wp-block-heading\">(Bobenheim-Roxheim) &#8211; Bandendiebstahl aufgedeckt<\/h2>\n\n\n\n<p>Am 19.06.2021 stellte der Ladendetektiv eines Supermarktes in Bobenheim-Roxheim ein P\u00e4rchen beim Stehlen von Parf\u00fcm fest. Durch die Polizei konnte im Fahrzeug der Beiden weiteres Diebesgut festgestellt werden. Der Fahrer des Fahrzeugs hatte dar\u00fcber hinaus noch einen gef\u00e4lschten F\u00fchrerschein bei sich, welcher sichergestellt wurde. Das P\u00e4rchen wurde auf die Polizeidienststelle verbracht, wo weitere Ma\u00dfnahmen durchgef\u00fchrt wurden. Mehrere Strafverfahren wurden eingeleitet.<\/p>\n\n\n\n<h2 class=\"wp-block-heading\">(Bobenheim-Roxheim) &#8211; Diebstahl aus PKW<\/h2>\n\n\n\n<p>In der Nacht vom 18.06.2021 auf den 19.06.2021 wurde in der Beethovenstra\u00dfe Bobenheim-Roxheim auf unbekannte Weise ein Fahrzeug ge\u00f6ffnet und aus diesem ein Werkzeugkoffer entwendet. Au\u00dferdem l\u00f6ste der Dieb die Handbremse, sodass das Fahrzeug in den Stra\u00dfenverkehr rollte. Weiteres ist hierbei nicht passiert. Der Schaden wird auf etwa 100EUR gesch\u00e4tzt.<\/p>\n\n\n\n<h2 class=\"wp-block-heading\">(Ludwigshafen \/ B 9) &#8211; Aktuelle Vollsperrung der B9 nach Verkehrsunfall<\/h2>\n\n\n\n<p>Am fr\u00fchen Sonntagmorgen des 20.06.2021 ereignete sich kurz nach 3 Uhr ein Verkehrsunfall auf der B9, in Richtung Speyer, zwischen den Anschlussstellen Oggersheim \/ Wormser Stra\u00dfe und Oggersheim \/ Maxdorf. Aus bislang noch ungekl\u00e4rten Gr\u00fcnden kam eine 21-j\u00e4hrige Frau aus Frankenthal zun\u00e4chst nach rechts von der Fahrbahn ab und kollidierte mit der Schutzplanke. Danach wurde sie wieder zur\u00fcck auf die Fahrbahn geschleudert und kam nach einem Zusammensto\u00df mit der Mittelschutzplanke auf dem linken Fahrstreifen zum Stehen. Die Frankenthalerin stand unter Schock und wurde zur \u00dcberwachung in ein nahegelegenes Krankenhaus verbracht. Aufgrund des Unfalls verlor der PKW auf einer Strecke von ca. 15 Metern \u00d6l, welches sich \u00fcber beide Fahrstreifen verteilte. F\u00fcr die Reinigung der Fahrbahn wurde die Stra\u00dfenmeisterei Gr\u00fcnstadt verst\u00e4ndigt. Die B9 wird aufgrund der Reinigungsarbeiten voraussichtlich noch bis ca. 6 Uhr gesperrt sein. Durch den Verkehrsunfall entstand ein Sachschaden in H\u00f6he von ca. 10000.<\/p>\n\n\n\n<h2 class=\"wp-block-heading\">(Ludwigshafen) &#8211; Versuchte r\u00e4uberische Erpressung<\/h2>\n\n\n\n<div class=\"wp-block-image\"><figure class=\"aligncenter size-large\"><img decoding=\"async\" loading=\"lazy\" width=\"801\" height=\"600\" src=\"https:\/\/speyer24news.com\/wp-content\/uploads\/2020\/05\/Zeugen-gesucht-Neutral.jpg\" alt=\"\" class=\"wp-image-26598\" srcset=\"https:\/\/speyer24news.com\/wp-content\/uploads\/2020\/05\/Zeugen-gesucht-Neutral.jpg 801w, https:\/\/speyer24news.com\/wp-content\/uploads\/2020\/05\/Zeugen-gesucht-Neutral-300x225.jpg 300w, https:\/\/speyer24news.com\/wp-content\/uploads\/2020\/05\/Zeugen-gesucht-Neutral-768x575.jpg 768w, https:\/\/speyer24news.com\/wp-content\/uploads\/2020\/05\/Zeugen-gesucht-Neutral-678x509.jpg 678w, https:\/\/speyer24news.com\/wp-content\/uploads\/2020\/05\/Zeugen-gesucht-Neutral-326x245.jpg 326w, https:\/\/speyer24news.com\/wp-content\/uploads\/2020\/05\/Zeugen-gesucht-Neutral-80x60.jpg 80w\" sizes=\"(max-width: 801px) 100vw, 801px\" \/><\/figure><\/div>\n\n\n\n<p>Am Sonntag, gegen 00:30 Uhr, befanden sich die beiden 18-j\u00e4hrigen Gesch\u00e4digten aus Ludwigshafen fu\u00dfl\u00e4ufig im Bereich des Ludwigshafeners Hauptbahnhof. In der B\u00fcrgermeister-Kutterer-Stra\u00dfe wurden die beiden durch f\u00fcnf bislang unbekannte Beschuldigte angesprochen und nach Geld gefragt. Nachdem dies verneint wurde, forderten die Beschuldigten die beiden jungen M\u00e4nner auf, ihnen Geld zu geben, andernfalls w\u00fcrde man sie schlagen. Aus Angst h\u00e4ndigte einer der Gesch\u00e4digten eine kleine Menge Bargeld aus. Nach einem kurzen Ablenkungsman\u00f6ver konnten beide Gesch\u00e4digte fl\u00fcchten und w\u00e4hrend der Flucht einem der Beschuldigten noch das kurz zuvor \u00fcbergebene Bargeld wieder entrei\u00dfen. <\/p>\n\n\n\n<h4 class=\"wp-block-heading\">Die Beschuldigten werden wie folgt beschrieben: <\/h4>\n\n\n\n<ul><li><strong>16-20 Jahre alt<\/strong><\/li><li><strong>kurze dunkle Haare <\/strong><\/li><li><strong>dunkel bzw. mit Camouflage Hosen bekleidet<\/strong><\/li><li><strong>Einer der f\u00fcnf Beschuldigten trug zudem eine Goldkette und verf\u00fcgt \u00fcber einen Cut in der Augenbraue. <\/strong><\/li><\/ul>\n\n\n\n<p>Hinweise auf die Identit\u00e4t der bislang unbekannten M\u00e4nner nimmt die Polizeiinspektion Ludwigshafen 1 unter der Telefonnummer 0621 &#8211; 963-2122 entgegen.<\/p>\n\n\n\n<h2 class=\"wp-block-heading\">(Ludwigshafen) &#8211; Verkehrsunfall mit entwendetem Pkw<\/h2>\n\n\n\n<p>Im Rahmen der Streifenfahrt fiel den Beamten am Samstag, um 23:50 Uhr, im Bereich der Saarlandstra\u00dfe, ein im Gleisbett stehender roter BMW Z3 auf. Nachdem der 33-j\u00e4hrige Fahrer aus Tschechien sein Fahrzeug wieder auf die Stra\u00dfe lenken konnte, versuchte er seine Fahrt in Schlangenlinien in Richtung Heinigstra\u00dfe fortzusetzen und wurde durch die Funkstreifenwagenbesatzung einer Verkehrskontrolle unterzogen. Hierbei stellte sich heraus, dass der Fahrer aktuell unter dem Einfluss von Alkohol und Bet\u00e4ubungsmittel steht und das sowohl der vorgelegte F\u00fchrerschein als auch Fahrzeug durch Diebstahl entwendet wurden. Die Ermittlungen hierzu dauern noch an. Das Fahrzeug wies zudem mehrere frische Unfallspuren auf, deren Herkunft zum momentanen Zeitpunkt auch nicht gekl\u00e4rt sind. Zeugen m\u00f6glicher Unf\u00e4lle werden gebeten, sich unter der Telefonnummer 0621 &#8211; 963-2122 mit der Polizeiinspektion Ludwigshafen 1 in Verbindung zu setzen.<\/p>\n\n\n\n<h2 class=\"wp-block-heading\">(Ludwigshafen) &#8211; K\u00f6rperverletzung<\/h2>\n\n\n\n<p>Durch die 25-J\u00e4hrige Kellnerin eines Caf\u00e9s in der Ludwigstra\u00dfe in Ludwigshafen wird am Samstag, um 21:50 Uhr, eine k\u00f6rperliche Auseinandersetzung zwischen mehr als 10 Personen gemeldet. Beim Eintreffen der Beamten war bereits kein Beteiligter mehr anwesend. Bei den Fahndungsma\u00dfnahmen konnten keiner der Beteiligten mehr festgestellt werden. Die Ermittlungen zum konkreten Ablauf, den Hintergr\u00fcnden der Tat und zum Motiv dauern an. Wir bitten in diesem Zusammenhang Zeugen, die etwas beobachtet haben, unter der Telefonnummer 0621 &#8211; 963-2122 mit der Polizeiinspektion Ludwigshafen 1 Kontakt aufzunehmen.<\/p>\n\n\n\n<h2 class=\"wp-block-heading\">(Ludwigshafen) &#8211; Auseinandersetzung zwischen zwei Personen<\/h2>\n\n\n\n<p>Am Samstag den 19.06.2021 um 18:50 Uhr kam es in der Rohrlachstra\u00dfe zu einer Auseinandersetzung zwischen zwei m\u00e4nnlichen Personen. Ein 43j\u00e4hriger Mann aus Ludwigshafen fiel hierbei unvermittelt zu Boden. Er erlitt Kopfverletzungen, welche eine station\u00e4re Aufnahme in einem Ludwigshafener Krankenhaus erforderten. Aufgrund seiner Verletzungen, einhergehend mit einer deutlichen Alkoholisierung, konnte sich dieser bislang nicht zur Sache \u00e4u\u00dfern. Sein vermeintlicher Kontrahent verlie\u00df die \u00d6rtlichkeit noch vor dem Eintreffen von Rettungsdienst und Polizei. Das zugrundeliegende Geschehen ist aktuell noch nicht bekannt. Zeugen des Ereignisses setzen sich bitte mit der Polizeiinspektion Ludwigshafen 2 unter der 0621-963-2222 in Verbindung.<\/p>\n\n\n\n<h2 class=\"wp-block-heading\">(Ludwigshafen) &#8211; Verkehrsunfall zwischen Pkw und Radfahrer<\/h2>\n\n\n\n<p>Bei einem Verkehrsunfall in der Bruchwiesenstra\u00dfe in Ludwigshafen am Rhein, am Samstag, um 17:35 Uhr, kam es zu einem Zusammensto\u00df zwischen einem 20-J\u00e4hrigen Autofahrer aus Ludwigshafen und einem 67-J\u00e4hrigen Fahrradfahrer aus Ludwigshafen. Als Folge der durch das Fehlverhalten beider Verkehrsteilnehmer hervorgerufenen Kollision st\u00fcrzte der Fahrradfahrer auf die Stra\u00dfe und blieb zun\u00e4chst bewusstlos liegen. Der unmittelbar verst\u00e4ndigte Notarzt kam mittels Rettungshubschrauber an die Unfallstelle. Zur weiteren Versorgung wurde der zwischenzeitlich wieder ansprechbaren Fahrradfahrer in ein umliegendes Krankenhaus verbracht, in welchem anschlie\u00dfend schwere Verletzungen ausgeschlossen werden konnten. W\u00e4hrend der Unfallaufnahme musste der Bereich um die Unfall\u00f6rtlichkeit Bruchwiesenstra\u00dfe und Bayreuther Stra\u00dfe durch die Polizei gesperrt werden.<\/p>\n\n\n\n<h2 class=\"wp-block-heading\">(Ludwigshafen) &#8211; Entlaufenes Kind in Rhein-Galerie aufgegriffen<\/h2>\n\n\n\n<p>Gem\u00e4\u00df dem Motto &#8222;Selbst ist der Mann&#8220; begab sich Samstagmittag ein 3-J\u00e4hriger aus Ludwigshafen eigenst\u00e4ndig auf Shoppingtour in der Rhein Galerie. Nachdem der kleine Mann durch seine Eltern verzweifelt gesucht wurde, konnte er gl\u00fccklicherweise dank der Aufmerksamkeit weiterer Kunden wohlbehalten in einem Kleidergesch\u00e4ft angetroffen und durch seine Eltern in Empfang genommen werden.<\/p>\n\n\n\n<h2 class=\"wp-block-heading\">(Ludwigshafen) &#8211; Enten auf Abwegen<\/h2>\n\n\n\n<p>Am Samstag den 19.06.2021 gegen 07:00 Uhr meldeten Anwohner in der Goethestra\u00dfe im Stadtteil Nord eine Entenfamilie, welche sich dort in den Innenhof eines Mehrfamilienhauses verirrt haben. Die Gro\u00dffamilie, inklusive mehrerer K\u00fcken, zeigte sich ob dieses Dilemmas aufgeregt. Gemeinsam mit der Berufsfeuerwehr konnten die Enten eingefangen und an einer geeigneten \u00d6rtlichkeit wieder freigelassen werden.<\/p>\n\n\n\n<h2 class=\"wp-block-heading\">(Mannheim) &#8211; 8-j\u00e4hriges Kind im Badesee ertrunken<\/h2>\n\n\n\n<div class=\"wp-block-image\"><figure class=\"aligncenter size-large\"><img decoding=\"async\" loading=\"lazy\" width=\"800\" height=\"533\" src=\"https:\/\/speyer24news.com\/wp-content\/uploads\/2021\/01\/Ruhe-in-Frieden.jpg\" alt=\"\" class=\"wp-image-32361\" srcset=\"https:\/\/speyer24news.com\/wp-content\/uploads\/2021\/01\/Ruhe-in-Frieden.jpg 800w, https:\/\/speyer24news.com\/wp-content\/uploads\/2021\/01\/Ruhe-in-Frieden-300x200.jpg 300w, https:\/\/speyer24news.com\/wp-content\/uploads\/2021\/01\/Ruhe-in-Frieden-768x512.jpg 768w\" sizes=\"(max-width: 800px) 100vw, 800px\" \/><\/figure><\/div>\n\n\n\n<p>Am sp\u00e4ten Samstagabend meldete die Mutter einer 8-J\u00e4hrigen ihr Kind als vermisst, nachdem sie dieses l\u00e4ngere Zeit beim Ausflug am Vogelstangsee nicht mehr gesehen hatte. Im Zuge umfangreicher Suchma\u00dfnahmen konnte das M\u00e4dchen gegen 22.30 Uhr leblos im See unter der Wasseroberfl\u00e4che durch Rettungstaucher der DLRG gefunden werden. Unmittelbar eingeleitete Reanimationsma\u00dfnahmen blieben erfolglos, sodass die 8-J\u00e4hrige letztendlich in einer umliegenden Klinik verstarb. Das Kriminalkommissariat Mannheim hat die Ermittlungen aufgenommen. Unter anderem soll eine Obduktion n\u00e4here Hinweise auf die Umst\u00e4nde des Todes bringen.<\/p>\n\n\n\n<h2 class=\"wp-block-heading\">(Mannheim-K\u00e4fertal) &#8211; Betrunkener Pkw Lenker verliert Kontrolle \u00fcber sein Fahrzeug und versucht nach Unfall zu Fu\u00df zu fl\u00fcchten<\/h2>\n\n\n\n<p>Am Samstagnachmittag, gegen 15.15 Uhr, befuhr ein 32-j\u00e4hriger SAAB Fahrer die B 38 in Richtung der Mannheimer Innenstadt. In H\u00f6her der Heppenheimer Stra\u00dfe verlor der 32-J\u00e4hrige, am Ende der sogenannten SEL-Kurve, die Kontrolle \u00fcber sein Fahrzeug, kam nach links von der Fahrbahn ab und prallte mehrfach gegen Bordsteine und Leitplanken. Nachdem der SAAB zum Stehen kam versuchte der 32-j\u00e4hrige Unfallverursacher seine Fahrt weiter fortzusetzten. Dies gelang ihm jedoch nicht, da das Fahrzeug total besch\u00e4digt und nicht mehr fahrbereit war. Nachdem der Unfallverursacher aus seinem Fahrzeug ausgestiegen war, fl\u00fcchtete er zu Fu\u00df von der Unfallstelle und lie\u00df seine leicht verletzten 30- und 36-j\u00e4hrigen Mitfahrer zur\u00fcck. Im Rahmen der umgehend eingeleiteten Fahndung konnte der Fl\u00fcchtige im Bereich der Trierer Stra\u00dfe festgestellt und festgenommen werden. Schnell war der Grund seiner Flucht klar. Bei seiner Festnahme konnten die Beamten deutlichen Alkoholgeruch bei ihm feststellen. Ein Atemalkoholtest ergab eine Atemalkoholkonzentration von 1,96 Promille. Dem Unfallfahrer wurde eine Blutprobe entnommen und sein F\u00fchrerschein wurde einbehalten. Der Schaden an seinem Pkw wird mit ca. 3000,- Euro beziffert. Er muss sich nun u.a. wegen Stra\u00dfenverkehrsgef\u00e4hrdung und Verkehrsunfallflucht verantworten. \u00dcber die H\u00f6he des Schadens an den verkehrstechnischen Einrichtungen liegen derzeit noch keine Erkenntnisse vor.<\/p>\n\n\n\n<h2 class=\"wp-block-heading\">(Heidelberg-Weststadt) &#8211; Wohnungseinbruch in Mehrfamilienhaus \/ Zeugen gesucht<\/h2>\n\n\n\n<p>Am 19.06.2021, in der von 17.30 Uhr bis 21.20 Uhr, verschafften sich bislang unbekannte T\u00e4ter Zutritt in ein Mehrfamilienhaus der Ringstra\u00dfe. Hier traten die Unbekannten brachial die Wohnungst\u00fcr einer Wohnung ein und gelangten so in die Wohnr\u00e4ume. Nach derzeitigem Ermittlungsstand wurde aus der Wohnung Schmuck im Wert von ca. 5000,- Euro entwendet. An der Wohnungst\u00fcr entstand ein Sachschaden in H\u00f6he von mehreren hundert Euro. Die weiteren Ermittlungen werden durch die Ermittlungsgruppe Eigentum gef\u00fchrt. Zeugen und\/oder Anwohner, die zur fraglichen Zeit verd\u00e4chtige Wahrnehmungen gemacht haben, werden gebeten, Kontakt mit dem Polizeirevier Heidelberg-Mitte Tel.: 06221\/99-1700, oder der Kriminalpolizeidirektion Heidelberg, Tel.: 0621\/174-4444, aufzunehmen.<\/p>\n\n\n\n<h2 class=\"wp-block-heading\">(Heidelberg-Bergheim) &#8211; E-Scooter Fahrer mit 1,82 Promille unterwegs<\/h2>\n\n\n\n<p>Am fr\u00fchen Sonntagmorgen, gegen 00.40 Uhr, unterzog eine Streife des Polizeireviers Heidelberg-Mitte einen 25j\u00e4hriger E-Scooter Fahrer, der in Schlangenlinien die Bismarckstra\u00dfe entlangfuhr. Im Verlauf der Kontrolle bemerkten die Beamten bei dem jungen Mann, dass dieser nach Alkohol roch. Ein Atemalkoholtest f\u00f6rderte einen Atemalkoholwert von 1,82 Promille zu Tage. Dem 25- J\u00e4hrigen wurde eine Blutprobe entnommen und sein F\u00fchrerschein wurde einbehalten. Er muss sich nun wegen der Trunkenheit im Verkehr verantworten.<\/p>\n\n\n\n<h2 class=\"wp-block-heading\">(Nu\u00dfloch \/ Rhein-Neckar-Kreis) &#8211; Nach Einkauf im Supermarkt mit \u00fcber 3 Promille nach Hause gefahren<\/h2>\n\n\n\n<p>Am Samstagabend, gegen 22.30 Uhr, beobachtete in Nu\u00dfloch ein aufmerksamer Kunde eines Supermarktes, wie ein offensichtlich alkoholisierter Mann den Supermarkt verlie\u00df und mit einem Pkw Audi vom Parkplatz davonfuhr. Nachdem der aufmerksame Zeuge seine Beobachtungen und das Kennzeichen der Polizei mitteilte konnte eine Streife des Polizeireviers Wiesloch das Fahrzeug und einen 47-J\u00e4hrigen an der Halteranschrift feststellen. Beim dem 47-J\u00e4hrigen konnten deutliche alkoholbedingte Ausfallerscheinungen festgestellt werden. Ein vor Ort durchgef\u00fchrter Atemalkoholtest f\u00f6rderte eine Atemalkoholkonzentration von 3,14 Promille zu Tage. Dem 47-J\u00e4hrigen wurde eine Blutprobe entnommen und sein F\u00fchrerschein wurde einbehalten. Er muss sich nun wegen Trunkenheit im Stra\u00dfenverkehr verantworten.<\/p>\n\n\n\n<h2 class=\"wp-block-heading\">(Rauenberg-Rhein-Neckar-Kreis) &#8211; Einbruch in Schnellrestaurant \/ Polizei sucht Zeugen<\/h2>\n\n\n\n<p>Am fr\u00fchen Sonntagmorgen verst\u00e4ndigten Angestellte eines Schnellrestaurants in Rauenberg das Polizeirevier Wiesloch, nachdem diese einen Einbruch in das Schnellrestaurants festgestellt hatten. Vor Ort stellten die eingesetzten Beamten fest, dass die Unbekannten in der Nacht von Samstag auf Sonntag, zun\u00e4chst eine Hintert\u00fcr zu den R\u00e4umlichkeiten aufgebrochen hatten. In den R\u00e4umlichkeiten stemmten die T\u00e4ter eine Wand auf, um an den dort befindlichen Tresor zu gelangen. Nach dessen gewaltsamer \u00d6ffnung fl\u00fcchteten die T\u00e4ter mit den Tageseinnahmen in noch unbekannter H\u00f6he vom Tatort. Der entstandene Sachschaden am Geb\u00e4ude d\u00fcrfte mehrere tausend Euro betragen. Zeugen, die sachdienliche Hinweise zum Vorfall geben k\u00f6nnen, werden gebeten, sich mit dem Polizeirevier Wiesloch, Tel.: 06222 \/ 57090, in Verbindung zu setzten.<\/p>\n\n\n\n<h2 class=\"wp-block-heading\">(Eberbach \/ Rhein-Neckar-Kreis) &#8211; St\u00e4dtische Hinweistafeln besch\u00e4digt \/ Zeugen gesucht<\/h2>\n\n\n\n<p>Am fr\u00fchen Sonntagmorgen informierte ein Zeuge das Polizeirevier Eberbach, nachdem er festgestellt hatte, dass mehrere Hinweistafeln des Altstadtrundweges vor der Stadtmauer am Pulverturm besch\u00e4digt wurden. Nach derzeitigem Ermittlungsstand hat ein bislang unbekannter T\u00e4ter, in der Zeit von Samstag, 19.00 Uhr bis Sonntagmorgen, 07.00 Uhr, die Hinweistafeln mit roher Gewalt aus den Edelstahlhalterungen geschlagen. Die H\u00f6he des Sachschadens bel\u00e4uft sich auf circa 200EUR. Zeugen des Vorfalles, die sachdienliche Hinweise geben k\u00f6nnen, werden gebeten, sich mit dem Polizeirevier Eberbach, Tel.: 06271\/92100, in Verbindung zu setzen.<\/p>\n","protected":false},"excerpt":{"rendered":"<div class=\"mh-excerpt\"><p>Polizeimeldungen vom Sonntag (20.06.2021) (Schifferstadt) &#8211; Unfallverursacher fl\u00fcchten Am Freitag, 18.06.21, zw. 07.45 &#8211; 12.00 Uhr befuhr ein bislang unbekannter Pkw-Fahrer die J\u00e4gerstra\u00dfe und streifte beim Vorbeifahren einen am Fahrbahnrand ordnungsgem\u00e4\u00df geparkten Pkw. Der Unfallverursacher <a class=\"mh-excerpt-more\" href=\"https:\/\/speyer24news.com\/?p=38148\" title=\"Polizei\">[&#8230;]<\/a><\/p>\n<\/div>","protected":false},"author":3,"featured_media":26162,"comment_status":"open","ping_status":"open","sticky":false,"template":"","format":"standard","meta":{"_monsterinsights_skip_tracking":false,"_monsterinsights_sitenote_active":false,"_monsterinsights_sitenote_note":"","_monsterinsights_sitenote_category":0,"footnotes":""},"categories":[12],"tags":[702,61,2555,6955,6986,6263,63,105,11150,6987,53,4854,4683,1548,102,213,55,5261,103,106,2803,2423,427,2625,380,62,104,979,1565],"aioseo_notices":[],"amp_enabled":true,"_links":{"self":[{"href":"https:\/\/speyer24news.com\/index.php?rest_route=\/wp\/v2\/posts\/38148"}],"collection":[{"href":"https:\/\/speyer24news.com\/index.php?rest_route=\/wp\/v2\/posts"}],"about":[{"href":"https:\/\/speyer24news.com\/index.php?rest_route=\/wp\/v2\/types\/post"}],"author":[{"embeddable":true,"href":"https:\/\/speyer24news.com\/index.php?rest_route=\/wp\/v2\/users\/3"}],"replies":[{"embeddable":true,"href":"https:\/\/speyer24news.com\/index.php?rest_route=%2Fwp%2Fv2%2Fcomments&post=38148"}],"version-history":[{"count":1,"href":"https:\/\/speyer24news.com\/index.php?rest_route=\/wp\/v2\/posts\/38148\/revisions"}],"predecessor-version":[{"id":38150,"href":"https:\/\/speyer24news.com\/index.php?rest_route=\/wp\/v2\/posts\/38148\/revisions\/38150"}],"wp:featuredmedia":[{"embeddable":true,"href":"https:\/\/speyer24news.com\/index.php?rest_route=\/wp\/v2\/media\/26162"}],"wp:attachment":[{"href":"https:\/\/speyer24news.com\/index.php?rest_route=%2Fwp%2Fv2%2Fmedia&parent=38148"}],"wp:term":[{"taxonomy":"category","embeddable":true,"href":"https:\/\/speyer24news.com\/index.php?rest_route=%2Fwp%2Fv2%2Fcategories&post=38148"},{"taxonomy":"post_tag","embeddable":true,"href":"https:\/\/speyer24news.com\/index.php?rest_route=%2Fwp%2Fv2%2Ftags&post=38148"}],"curies":[{"name":"wp","href":"https:\/\/api.w.org\/{rel}","templated":true}]}}