{"id":38162,"date":"2021-06-21T05:23:14","date_gmt":"2021-06-21T04:23:14","guid":{"rendered":"https:\/\/speyer24news.com\/?p=38162"},"modified":"2021-06-21T05:23:15","modified_gmt":"2021-06-21T04:23:15","slug":"schifferstadt-115","status":"publish","type":"post","link":"https:\/\/speyer24news.com\/?p=38162","title":{"rendered":"Schifferstadt"},"content":{"rendered":"<style type=\"text\/css\">\r\n\t.ads_top_disp{}\r\n\t.ads_top_corner_disp{ float:left; margin:0px 10px 10px 0px; }\r\n\t.ads_first_p_disp{}\r\n\t.ads_bottom_disp{}\r\n\t<\/style>\n<h2 class=\"wp-block-heading\"><strong>Zeitung lesen vor der Stadtb\u00fccherei<\/strong><\/h2>\n\n\n\n<div class=\"wp-block-image\"><figure class=\"aligncenter size-large\"><img decoding=\"async\" loading=\"lazy\" width=\"500\" height=\"667\" src=\"https:\/\/speyer24news.com\/wp-content\/uploads\/2021\/06\/Zeitung1-lesen_Juni-2021.jpg\" alt=\"\" class=\"wp-image-38168\" srcset=\"https:\/\/speyer24news.com\/wp-content\/uploads\/2021\/06\/Zeitung1-lesen_Juni-2021.jpg 500w, https:\/\/speyer24news.com\/wp-content\/uploads\/2021\/06\/Zeitung1-lesen_Juni-2021-225x300.jpg 225w\" sizes=\"(max-width: 500px) 100vw, 500px\" \/><\/figure><\/div>\n\n\n\n<p>Das Neueste aus Schifferstadt und der ganzen Welt k\u00f6nnen Interessierte ab sofort zu den \u00d6ffnungszeiten vor der Stadtb\u00fccherei, Rehbachstra\u00dfe 2, unter freiem Himmel lesen.<\/p>\n\n\n\n<p>Da ein l\u00e4ngerer Aufenthalt im Geb\u00e4ude der B\u00fccherei zurzeit nicht m\u00f6glich ist, haben die Mitarbeiterinnen drau\u00dfen eine kleine Tageszeitungs-Leseecke eingerichtet. Als Sonnenschutz dient ein Schirm. Handdesinfektionsmittel ist vorhanden.<\/p>\n\n\n\n<h4 class=\"wp-block-heading\"><strong>\u00d6ffnungszeiten Stadtb\u00fccherei<\/strong><\/h4>\n\n\n\n<ul><li>Montag, Mittwoch und Donnerstag: 15 bis 18 Uhr (Mittwoch zus\u00e4tzlich 9 bis 12 Uhr)<\/li><li>Dienstag: 15 bis 19 Uhr<\/li><li>Freitag: 9 bis 16 Uhr<\/li><\/ul>\n\n\n\n<p><em>Stadtverwaltung Schifferstadt<br>21.06.2021<\/em><\/p>\n\n\n\n<h2 class=\"wp-block-heading\"><strong>Der neue StadtKurier ist da!<\/strong><\/h2>\n\n\n\n<div class=\"wp-block-image\"><figure class=\"aligncenter size-large\"><img decoding=\"async\" loading=\"lazy\" width=\"600\" height=\"613\" src=\"https:\/\/speyer24news.com\/wp-content\/uploads\/2021\/06\/StadtKurier_Ausgabe-6.jpg\" alt=\"\" class=\"wp-image-38167\" srcset=\"https:\/\/speyer24news.com\/wp-content\/uploads\/2021\/06\/StadtKurier_Ausgabe-6.jpg 600w, https:\/\/speyer24news.com\/wp-content\/uploads\/2021\/06\/StadtKurier_Ausgabe-6-294x300.jpg 294w\" sizes=\"(max-width: 600px) 100vw, 600px\" \/><figcaption>OLYMPUS DIGITAL CAMERA<\/figcaption><\/figure><\/div>\n\n\n\n<p>Im Schatten der Platanen zwischen duftendem Lavendel und Thymian auf einer gem\u00fctlichen Holzbank sitzen und dem lustigen Pl\u00e4tschern des Brunnens lauschen \u2013 seit wenigen Wochen ein wahrgewordener Traum auf dem umgebauten Kreuzplatz. Die passende Lekt\u00fcre f\u00fcrs Sonnenbaden liefert das Stadtmarketing mit der neusten, sechsten Ausgabe des StadtKuriers.<\/p>\n\n\n\n<p>Wie es nach rund einem Jahr Umbau auf dem Kreuzplatz aussieht, wie fair die Schifferstadter Kindertagesst\u00e4tten und Schulen sind und was es eigentlich mit dem Goldenen Hut auf sich hat \u2013 der StadtKurier gibt Einblicke in die Arbeit der Stadtverwaltung. Nat\u00fcrlich kommen auch die Stimmen der B\u00fcrgerinnen und B\u00fcrger nicht zu kurz: Wie Corona das Leben f\u00fcr Kinder, Eltern, Lehrerinnen und Lehrer, Erzieherinnen und Erzieher, Unternehmerinnen und Unternehmer ver\u00e4ndert hat, ist in der gro\u00dfen StadtKurier-Umfrage nachzulesen.<\/p>\n\n\n\n<p>Zwei- bis dreimal im Jahr erscheint das zw\u00f6lfseitige Informationsblatt \u2013 die sechste Ausgabe flatterte am Dienstag in die Briefk\u00e4sten der B\u00fcrgerinnen und B\u00fcrger ohne Werbesperrvermerk. Seit Mittwoch liegt er kostenlos in der Stadtb\u00fccherei, den B\u00e4ckereien G\u00f6rtz und Wilhelmi sowie den Zeitungsboxen am Schillerplatz und vor dem Rathaus aus. Wer lieber bequem von Zuhause aus liest, findet den StadtKurier als PDF auf der Website der Stadt <a href=\"http:\/\/www.schifferstadt.de\">www.schifferstadt.de<\/a>.<\/p>\n\n\n\n<p>Die Stadtverwaltung w\u00fcnscht viel Spa\u00df beim Lesen!<\/p>\n\n\n\n<h4 class=\"wp-block-heading\"><strong>Post aus der Heimat<\/strong><\/h4>\n\n\n\n<p>Sie sind ehemalige Schifferstadterin oder Schifferstadter und m\u00f6chten auf dem Laufenden bleiben, was sich in der Rettichmetropole so tut? Dann melden Sie sich beim Stadtmarketing und erhalten Sie den aktuellen StadtKurier als Brief aus der Heimat. Senden Sie hierzu einfach Ihre vollst\u00e4ndige Adresse per E-Mail an <a href=\"mailto:tatjana.rau@schifferstadt.de\">tatjana.rau@schifferstadt.de<\/a> oder per Post an Stadtverwaltung Schifferstadt, z.Hd. Tatjana Rau, Marktplatz 2, 67105 Schifferstadt.<\/p>\n\n\n\n<p><em>Stadtverwaltung Schifferstadt<br>21.06.2021<\/em><\/p>\n\n\n\n<h2 class=\"wp-block-heading\"><strong>21.06. bis 02.07.: Friedhofsb\u00fcro geschlossen<\/strong><\/h2>\n\n\n\n<h3 class=\"wp-block-heading\"><strong>Ansprechpartnerin im Rathaus telefonisch erreichbar<\/strong><\/h3>\n\n\n\n<p>Von Montag, 21. Juni bis einschlie\u00dflich Freitag, 2. Juli bleibt das Friedhofsb\u00fcro auf dem Waldfriedhof geschlossen. W\u00e4hrend dieser Zeit erreichen B\u00fcrgerinnen und B\u00fcrger Frau Sabine Wegner vom B\u00fcrgerservice telefonisch unter der Nummer 06235 \/ 44311.<\/p>\n\n\n\n<p>Ab Montag, 5. Juli ist das B\u00fcro wieder besetzt. Die Stadtverwaltung dankt f\u00fcr das Verst\u00e4ndnis!<\/p>\n\n\n\n<p><em>Stadtverwaltung Schifferstadt<br>21.06.2021<\/em><\/p>\n\n\n\n<h2 class=\"wp-block-heading\"><strong>F\u00f6rderung f\u00fcrs Alte Rathaus<\/strong><\/h2>\n\n\n\n<h3 class=\"wp-block-heading\"><strong>Bundestagsabgeordnete machen sich ein Bild vor Ort<\/strong><\/h3>\n\n\n\n<div class=\"wp-block-image\"><figure class=\"aligncenter size-large\"><img decoding=\"async\" loading=\"lazy\" width=\"800\" height=\"600\" src=\"https:\/\/speyer24news.com\/wp-content\/uploads\/2021\/06\/Altes-Rathaus_Schifferstadt-2.jpg\" alt=\"\" class=\"wp-image-38166\" srcset=\"https:\/\/speyer24news.com\/wp-content\/uploads\/2021\/06\/Altes-Rathaus_Schifferstadt-2.jpg 800w, https:\/\/speyer24news.com\/wp-content\/uploads\/2021\/06\/Altes-Rathaus_Schifferstadt-2-300x225.jpg 300w, https:\/\/speyer24news.com\/wp-content\/uploads\/2021\/06\/Altes-Rathaus_Schifferstadt-2-768x576.jpg 768w, https:\/\/speyer24news.com\/wp-content\/uploads\/2021\/06\/Altes-Rathaus_Schifferstadt-2-678x509.jpg 678w, https:\/\/speyer24news.com\/wp-content\/uploads\/2021\/06\/Altes-Rathaus_Schifferstadt-2-326x245.jpg 326w, https:\/\/speyer24news.com\/wp-content\/uploads\/2021\/06\/Altes-Rathaus_Schifferstadt-2-80x60.jpg 80w\" sizes=\"(max-width: 800px) 100vw, 800px\" \/><figcaption>v.l.: Isabel Mackensen (Bundestagsabgeordnete, SPD), Ilona Volk (B\u00fcrgermeisterin von Schifferstadt, Gr\u00fcne) und Johannes Steiniger (Bundestagsabgeordneter, CDU).<\/figcaption><\/figure><\/div>\n\n\n\n<p>180.000 Euro erh\u00e4lt die Stadt Schifferstadt f\u00fcr die Sanierung des Alten Rathauses aus den T\u00f6pfen des Denkmalschutz-Sonderprogramms des Bundes. Das hat der Haushaltsausschuss des Deutschen Bundestages im Mai beschlossen. Mit den F\u00f6rdergeldern sollen nationale bedeutsame Kulturdenkm\u00e4ler und damit die kulturelle Vielfalt erhalten werden.<\/p>\n\n\n\n<p>Am vergangenen Montag machten sich die Bundestagsabgeordneten Isabel Mackensen (SPD) und Johannes Steiniger (CDU) gemeinsam mit B\u00fcrgermeisterin Ilona Volk ein Bild vor Ort. Ein besonderes Augenmerk lag dabei auf der historischen Fassade. Nach Beauftragung eines Planers soll die Fachwerkfassade mittels der F\u00f6rdergelder saniert werden.<\/p>\n\n\n\n<p>Das Alte Rathaus aus dem Jahre 1558 ist eines der \u00e4ltesten und gr\u00f6\u00dften Rath\u00e4user in der Pfalz. Heute ist dort das Standesamt untergebracht. Das Obergeschoss wird f\u00fcr vielf\u00e4ltige Veranstaltungen genutzt. \u201eF\u00fcr uns Schifferstadterinnen und Schifferstadter ist das Alte Rathaus nicht nur ein historisch bedeutsames Wahrzeichen der Stadt \u2013 es ist eingebunden in das gesellschaftliche sowie kulturelle Leben und erfreut sich als R\u00e4umlichkeit f\u00fcr Trauungen, Konzerte und Ausstellungen gro\u00dfer Beliebtheit\u201c, sagt Volk.<\/p>\n\n\n\n<p><em>Stadtverwaltung Schifferstadt<br>21.06.2021<\/em><\/p>\n\n\n\n<h2 class=\"wp-block-heading\"><strong>Ort der Trauer f\u00fcr Eltern<\/strong><\/h2>\n\n\n\n<h3 class=\"wp-block-heading\"><strong>Einweihung des Sternengrabfelds auf dem Waldfriedhof<\/strong><\/h3>\n\n\n\n<div class=\"wp-block-image\"><figure class=\"aligncenter size-large\"><img decoding=\"async\" loading=\"lazy\" width=\"800\" height=\"600\" src=\"https:\/\/speyer24news.com\/wp-content\/uploads\/2021\/06\/Einweihung-Sternengrabfeld.jpg\" alt=\"\" class=\"wp-image-38163\" srcset=\"https:\/\/speyer24news.com\/wp-content\/uploads\/2021\/06\/Einweihung-Sternengrabfeld.jpg 800w, https:\/\/speyer24news.com\/wp-content\/uploads\/2021\/06\/Einweihung-Sternengrabfeld-300x225.jpg 300w, https:\/\/speyer24news.com\/wp-content\/uploads\/2021\/06\/Einweihung-Sternengrabfeld-768x576.jpg 768w, https:\/\/speyer24news.com\/wp-content\/uploads\/2021\/06\/Einweihung-Sternengrabfeld-678x509.jpg 678w, https:\/\/speyer24news.com\/wp-content\/uploads\/2021\/06\/Einweihung-Sternengrabfeld-326x245.jpg 326w, https:\/\/speyer24news.com\/wp-content\/uploads\/2021\/06\/Einweihung-Sternengrabfeld-80x60.jpg 80w\" sizes=\"(max-width: 800px) 100vw, 800px\" \/><\/figure><\/div>\n\n\n\n<p>Am Donnerstag (10.06.2021) hat der f\u00fcr den Friedhof zust\u00e4ndige Beigeordnete Hans Schwind im Beisein von B\u00fcrgermeisterin Ilona Volk und den Beigeordneten Ulla Behrendt-Roden und Patrick Poss das Sternengrabfeld auf dem Waldfriedhof eingeweiht.<\/p>\n\n\n\n<p>Damit Eltern von Kindern, die w\u00e4hrend der Schwangerschaft sterben und weniger als 500 Gramm wiegen, in vertrauter Umgebung trauern k\u00f6nnen, hat der Hauptausschuss infolge eines Antrages der CDU-Fraktion beschlossen, eine 24 m\u00b2 gro\u00dfe Gemeinschaftsgrabanlage seitlich des ersten Memoriam Gartens (am linken Hauptweg) einzurichten. In der Mitte steht ein Sandsteinengel. F\u00fcr jedes verstorbene Kind wird ein Sandsteinstern auf dem Feld ausgelegt.\u00a0\u00a0<\/p>\n\n\n\n<figure class=\"wp-block-image size-large\"><img decoding=\"async\" loading=\"lazy\" width=\"800\" height=\"595\" src=\"https:\/\/speyer24news.com\/wp-content\/uploads\/2021\/06\/Einweihung-Sternengrabfeld-2.jpg\" alt=\"\" class=\"wp-image-38164\" srcset=\"https:\/\/speyer24news.com\/wp-content\/uploads\/2021\/06\/Einweihung-Sternengrabfeld-2.jpg 800w, https:\/\/speyer24news.com\/wp-content\/uploads\/2021\/06\/Einweihung-Sternengrabfeld-2-300x223.jpg 300w, https:\/\/speyer24news.com\/wp-content\/uploads\/2021\/06\/Einweihung-Sternengrabfeld-2-768x571.jpg 768w, https:\/\/speyer24news.com\/wp-content\/uploads\/2021\/06\/Einweihung-Sternengrabfeld-2-80x60.jpg 80w\" sizes=\"(max-width: 800px) 100vw, 800px\" \/><\/figure>\n\n\n\n<p>Die Kosten f\u00fcr das \u00d6ffnen und Schlie\u00dfen des Grabes, den Tr\u00e4ger, das Anfertigen und Setzen des Sternes mit Beschriftung \u00fcbernimmt die Firma Bartholom\u00e4 f\u00fcr einen Unkostenbeitrag von 80 Euro. Es sind sowohl Urnen- als auch Erdbestattungen m\u00f6glich. F\u00fcr das Grab gelten die Bestimmungen entsprechend der Friedhofssatzung wie f\u00fcr ein Reihengrab, d.h. die Ruhefrist betr\u00e4gt 15 Jahre, eine Verl\u00e4ngerung ist nicht m\u00f6glich.<\/p>\n\n\n\n<p>\u201eNat\u00fcrlich hoffen wir alle, dass gerade diese Grabfl\u00e4che m\u00f6glichst wenig genutzt werden muss\u201c, sagt der f\u00fcr das Friedhofswesen zust\u00e4ndige Beigeordnete Hans Schwind anl\u00e4sslich der Einweihung. W\u00e4hrend die umliegenden St\u00e4dte wie Speyer oder Ludwigshafen sogenannte Gemeinschaftsgrabanlagen f\u00fcr Sternenkinder h\u00e4tten, wolle man Eltern in Schifferstadt die M\u00f6glichkeit geben, ihre tot geborenen Kinder in W\u00fcrde zu beerdigen und angemessen um sie trauern zu k\u00f6nnen. \u201eWenn Eltern sich von einem Sternenkind verabschieden m\u00fcssen, ver\u00e4ndert sich ihr Leben\u201c, so Schwind. Durch die Kennzeichnung des Grabes mittels eines Sandsteinsterns mit Namen und Geburtsjahr werde ein sichtbarer Bezugspunkt geschaffen.<\/p>\n\n\n\n<div class=\"wp-block-image\"><figure class=\"aligncenter size-large\"><img decoding=\"async\" loading=\"lazy\" width=\"500\" height=\"667\" src=\"https:\/\/speyer24news.com\/wp-content\/uploads\/2021\/06\/Sandsteinstern.jpg\" alt=\"\" class=\"wp-image-38165\" srcset=\"https:\/\/speyer24news.com\/wp-content\/uploads\/2021\/06\/Sandsteinstern.jpg 500w, https:\/\/speyer24news.com\/wp-content\/uploads\/2021\/06\/Sandsteinstern-225x300.jpg 225w\" sizes=\"(max-width: 500px) 100vw, 500px\" \/><\/figure><\/div>\n\n\n\n<p>Im Anschluss an die Segnung des Sternengrabfeldes durch die evangelische und katholische Kirche, vertreten durch Pfarrer Michael Erlenwein und Diakon Hans Sattel, bedankte sich Schwind bei den Mitgliedern des Forst-, Agrar- und Umweltausschusses, die daf\u00fcr gestimmt hatten, keine Nutzungsgeb\u00fchr f\u00fcr die Bestattung zu erheben, sowie bei den ortsans\u00e4ssigen Firmen Sebastian Bartholom\u00e4 f\u00fcr die kostenlose Gestaltung und Aufstellung des Grabsteines und Litz-Sandvik f\u00fcr die kostenlose Gestaltung der Au\u00dfenanlage. Beide Betriebe werden zuk\u00fcnftig die Pflege des Sternengrabfeldes unentgeltlich dauerhaft sicherstellen.<\/p>\n\n\n\n<p><em>Stadtverwaltung Schifferstadt<br>21.06.2021<\/em><\/p>\n\n\n\n<h1 class=\"has-text-align-center wp-block-heading\">Volkshochschule (VHS) Schifferstadt<\/h1>\n\n\n\n<div class=\"wp-block-image\"><figure class=\"aligncenter size-large\"><img decoding=\"async\" loading=\"lazy\" width=\"640\" height=\"295\" src=\"https:\/\/speyer24news.com\/wp-content\/uploads\/2020\/03\/VHS-1.png\" alt=\"\" class=\"wp-image-25692\" srcset=\"https:\/\/speyer24news.com\/wp-content\/uploads\/2020\/03\/VHS-1.png 640w, https:\/\/speyer24news.com\/wp-content\/uploads\/2020\/03\/VHS-1-300x138.png 300w\" sizes=\"(max-width: 640px) 100vw, 640px\" \/><\/figure><\/div>\n\n\n\n<h2 class=\"wp-block-heading\"><strong>Mit \u201ePhotoshop Elements\u201c Bilder und Fotos bearbeiten<\/strong><strong><\/strong><\/h2>\n\n\n\n<p>Am <strong>Montag, 28. Juni<\/strong> beginnt um 18 Uhr der Crashkurs \u201ePhotoshop Elements: Bilder und Fotos bearbeiten\u201c im Schifferstadter vhs-Bildungszentrum, Neust\u00fcckweg 2. Der Kurs umfasst zwei Termine, jeweils von 18 bis 21 Uhr.<\/p>\n\n\n\n<p>Fotografieren mit der Digitalkamera ist leicht. Aber wissen Sie, wie Sie Ihre Bilder am Computer so bearbeiten, dass sie gut aussehen und gedruckt oder verschickt werden k\u00f6nnen? Im Seminar lernen Sie, wie Sie mit dem Programm \u201eAdobe Photoshop Elements\u201c aus Ihren Aufnahmen tolle Bilder machen. Das Gelernte kann selbstverst\u00e4ndlich auch mit anderen Programmen angewendet werden.<\/p>\n\n\n\n<h4 class=\"wp-block-heading\">Inhalte des Kurses:<\/h4>\n\n\n\n<ul><li>Bilder in den Computer \/ zur Bearbeitung vorbereiten<\/li><li>Bildbereiche ausw\u00e4hlen und ausschneiden<\/li><li>Bilder im digitalen Labor bearbeiten<\/li><li>Bildaufl\u00f6sung und Dateigr\u00f6\u00dfe f\u00fcr Druck und Internet <\/li><\/ul>\n\n\n\n<p>F\u00fcr weitere Informationen und Anmeldungen k\u00f6nnen sich Interessierte vormittags bei der Stadtverwaltung Schifferstadt unter der Telefonnummer 06235\/44302 oder 44305 melden.<\/p>\n\n\n\n<p><em>Stadtverwaltung Schifferstadt \/ Volkshochschule (VHS) Schifferstadt<br>21.06.2021<\/em><\/p>\n\n\n\n<h2 class=\"wp-block-heading\"><strong>Englisch einfach online lernen<\/strong><strong><\/strong><\/h2>\n\n\n\n<p>Am <strong>Mittwoch, 4. August<\/strong> beginnt um 9:30 Uhr der Online-Kurs \u201eEnglisch f\u00fcr Wiedereinsteiger*innen A2\u201c. Bei insgesamt f\u00fcnf Terminen \u2013 jeweils mittwochs von 9:30 bis 11 Uhr \u2013 k\u00f6nnen Sie Ihre Sprachkenntnisse verbessern. Anmeldeschluss ist der 2. August.<\/p>\n\n\n\n<p>Es handelt sich um einen idealen Kurs f\u00fcr Wiedereinsteiger*innen mit Vorkenntnissen auf gutem Anf\u00e4ngerniveau.<\/p>\n\n\n\n<p>Vorkenntnisse: Kurse auf A2-Niveau, die jedoch schon l\u00e4nger zur\u00fcckliegen und wenn eine Wiederholung der A2-Inhalte erw\u00fcnscht ist.<\/p>\n\n\n\n<p>Der Kurs wird online \u00fcber Google Hangouts angeboten. Die vhs weist darauf hin, dass die Datenschutzregelung von Google Hangouts nicht mit ihrer eigenen Datenschutzerkl\u00e4rung \u00fcbereinstimmt. Wer an dem Kurs teilnimmt, stimmt zugleich der Nutzung von Google Hangouts zu und willigt bei Anmeldung ein, dass seine E-Mail-Adresse an die Dozentin weitergegeben wird. F\u00fcr die Teilnahme ben\u00f6tigen Sie eine stabile Internetverbindung und PC\/ Laptop mit Headset.<\/p>\n\n\n\n<p>F\u00fcr weitere Informationen und Anmeldungen k\u00f6nnen sich Interessierte bei der Stadtverwaltung Schifferstadt vormittags unter der Telefonnummer 06235\/44302 oder 44305 melden.<\/p>\n\n\n\n<p><em>Stadtverwaltung Schifferstadt \/ Volkshochschule (VHS) Schifferstadt<br>21.06.2021<\/em><\/p>\n\n\n\n<h2 class=\"wp-block-heading\"><strong>Englisch-Auffrischungskurs<\/strong><strong><\/strong><\/h2>\n\n\n\n<p>Am <strong>Donnerstag, 5. August<\/strong> beginnt um 9:30 Uhr der Online-Kurs \u201eEnglisch A1 Auffrischungskurs\u201c \u2013 ein idealer Kurs f\u00fcr Wiedereinsteiger*innen mit Vorkenntnissen auf Anf\u00e4ngerniveau. \u00a0F\u00fcr die insgesamt f\u00fcnf Termine \u2013 jeweils donnerstags von 9:30 bis 11 Uhr \u2013 k\u00f6nnen sich interessierte bis sp\u00e4testens 3. August anmelden.<\/p>\n\n\n\n<p>Vorkenntnisse: Kurse auf A1-Niveau, die jedoch schon l\u00e4nger zur\u00fcckliegen und wenn eine Wiederholung der A1-Inhalte erw\u00fcnscht ist.<\/p>\n\n\n\n<p>Der Kurs wird online \u00fcber Google Hangouts angeboten. Die vhs weist darauf hin, dass die Datenschutzregelung von Google Hangouts nicht mit ihrer eigenen Datenschutzerkl\u00e4rung \u00fcbereinstimmt. Wer an dem Kurs teilnimmt, stimmt zugleich der Nutzung von Google Hangouts zu und willigt bei Anmeldung ein, dass seine E-Mail-Adresse an die Dozentin weitergegeben wird. F\u00fcr die Teilnahme ben\u00f6tigen Sie eine stabile Internetverbindung und PC\/ Laptop mit Headset.<\/p>\n\n\n\n<p>F\u00fcr weitere Informationen und Anmeldungen k\u00f6nnen sich Interessierte vormittags bei der Stadtverwaltung Schifferstadt unter der Telefonnummer 06235\/44302 oder 44305 melden.<\/p>\n\n\n\n<p><em>Stadtverwaltung Schifferstadt \/ Volkshochschule (VHS) Schifferstadt<br>21.06.2021<\/em><\/p>\n","protected":false},"excerpt":{"rendered":"<div class=\"mh-excerpt\"><p>Zeitung lesen vor der Stadtb\u00fccherei Das Neueste aus Schifferstadt und der ganzen Welt k\u00f6nnen Interessierte ab sofort zu den \u00d6ffnungszeiten vor der Stadtb\u00fccherei, Rehbachstra\u00dfe 2, unter freiem Himmel lesen. Da ein l\u00e4ngerer Aufenthalt im Geb\u00e4ude <a class=\"mh-excerpt-more\" href=\"https:\/\/speyer24news.com\/?p=38162\" title=\"Schifferstadt\">[&#8230;]<\/a><\/p>\n<\/div>","protected":false},"author":3,"featured_media":25696,"comment_status":"open","ping_status":"open","sticky":false,"template":"","format":"standard","meta":{"_monsterinsights_skip_tracking":false,"_monsterinsights_sitenote_active":false,"_monsterinsights_sitenote_note":"","_monsterinsights_sitenote_category":0,"footnotes":""},"categories":[126],"tags":[12255,10844,8388,4248,10057,127,5665,5366,12256,2582,3045,6487],"aioseo_notices":[],"amp_enabled":true,"_links":{"self":[{"href":"https:\/\/speyer24news.com\/index.php?rest_route=\/wp\/v2\/posts\/38162"}],"collection":[{"href":"https:\/\/speyer24news.com\/index.php?rest_route=\/wp\/v2\/posts"}],"about":[{"href":"https:\/\/speyer24news.com\/index.php?rest_route=\/wp\/v2\/types\/post"}],"author":[{"embeddable":true,"href":"https:\/\/speyer24news.com\/index.php?rest_route=\/wp\/v2\/users\/3"}],"replies":[{"embeddable":true,"href":"https:\/\/speyer24news.com\/index.php?rest_route=%2Fwp%2Fv2%2Fcomments&post=38162"}],"version-history":[{"count":1,"href":"https:\/\/speyer24news.com\/index.php?rest_route=\/wp\/v2\/posts\/38162\/revisions"}],"predecessor-version":[{"id":38169,"href":"https:\/\/speyer24news.com\/index.php?rest_route=\/wp\/v2\/posts\/38162\/revisions\/38169"}],"wp:featuredmedia":[{"embeddable":true,"href":"https:\/\/speyer24news.com\/index.php?rest_route=\/wp\/v2\/media\/25696"}],"wp:attachment":[{"href":"https:\/\/speyer24news.com\/index.php?rest_route=%2Fwp%2Fv2%2Fmedia&parent=38162"}],"wp:term":[{"taxonomy":"category","embeddable":true,"href":"https:\/\/speyer24news.com\/index.php?rest_route=%2Fwp%2Fv2%2Fcategories&post=38162"},{"taxonomy":"post_tag","embeddable":true,"href":"https:\/\/speyer24news.com\/index.php?rest_route=%2Fwp%2Fv2%2Ftags&post=38162"}],"curies":[{"name":"wp","href":"https:\/\/api.w.org\/{rel}","templated":true}]}}