{"id":38181,"date":"2021-06-22T06:45:12","date_gmt":"2021-06-22T05:45:12","guid":{"rendered":"https:\/\/speyer24news.com\/?p=38181"},"modified":"2021-06-22T06:45:12","modified_gmt":"2021-06-22T05:45:12","slug":"polizei-618","status":"publish","type":"post","link":"https:\/\/speyer24news.com\/?p=38181","title":{"rendered":"Polizei"},"content":{"rendered":"<style type=\"text\/css\">\r\n\t.ads_top_disp{}\r\n\t.ads_top_corner_disp{ float:left; margin:0px 10px 10px 0px; }\r\n\t.ads_first_p_disp{}\r\n\t.ads_bottom_disp{}\r\n\t<\/style>\n<h2 class=\"wp-block-heading\">Polizeimeldungen vom Montag (21.06.2021)<\/h2>\n\n\n\n<div class=\"wp-block-image\"><figure class=\"aligncenter size-large\"><img decoding=\"async\" src=\"https:\/\/speyer24news.com\/wp-content\/uploads\/2020\/01\/Aktuelles-Polizeilogo.jpg\" alt=\"\" class=\"wp-image-23832\"\/><\/figure><\/div>\n\n\n\n<h2 class=\"wp-block-heading\">(B\u00f6hl-Iggelheim) &#8211; Navi f\u00fchrt in Wassergraben<\/h2>\n\n\n\n<div class=\"wp-block-image\"><figure class=\"aligncenter size-large\"><img decoding=\"async\" loading=\"lazy\" width=\"800\" height=\"600\" src=\"https:\/\/speyer24news.com\/wp-content\/uploads\/2021\/06\/IMG_0016.jpg\" alt=\"\" class=\"wp-image-38182\" srcset=\"https:\/\/speyer24news.com\/wp-content\/uploads\/2021\/06\/IMG_0016.jpg 800w, https:\/\/speyer24news.com\/wp-content\/uploads\/2021\/06\/IMG_0016-300x225.jpg 300w, https:\/\/speyer24news.com\/wp-content\/uploads\/2021\/06\/IMG_0016-768x576.jpg 768w, https:\/\/speyer24news.com\/wp-content\/uploads\/2021\/06\/IMG_0016-678x509.jpg 678w, https:\/\/speyer24news.com\/wp-content\/uploads\/2021\/06\/IMG_0016-326x245.jpg 326w, https:\/\/speyer24news.com\/wp-content\/uploads\/2021\/06\/IMG_0016-80x60.jpg 80w\" sizes=\"(max-width: 800px) 100vw, 800px\" \/><\/figure><\/div>\n\n\n\n<p>Eine 19-j\u00e4hrige Frau aus Esthal wollte am Samstagabend zum Niederwiesenweiher. Ihr Navigationssystem f\u00fchrte sie zun\u00e4chst zum nahegelegenen Naturfreundehaus und von dort \u00fcber einen Feldweg zum Weiher. Kurz vor dem Gew\u00e4sser kam sie vom Feldweg ab und geriet in einen Wassergraben, wodurch die Airbags ausl\u00f6sten und Sachschaden am Pkw entstand. Verletzt wurde zum Gl\u00fcck niemand. Der Abschleppdienst befreite den Wagen aus dem Graben.<\/p>\n\n\n\n<h2 class=\"wp-block-heading\">(Schifferstadt) &#8211; Unfall \/ Pkw bleibt auf der Seite liegen, Fahrer alkoholisiert<\/h2>\n\n\n\n<p>Am Sonntagabend gegen 19:35 Uhr ereignete sich in der Hauptstra\u00dfe ein Unfall, bei dem ein Fahrzeug auf der Seite liegen blieb. Bei Eintreffen der Polizei waren Feuerwehr und Rettungsdienst bereits vor Ort. Der 40-j\u00e4hrige Fahrer des Wagens hatte sich selbst aus dem Fahrzeug befreien k\u00f6nnen. Die Beamten nahmen Alkoholgeruch bei ihm wahr. Er musste die Polizisten daher zur Dienststelle begleiten, wo ihm von einem Arzt eine Blutprobe entnommen worden ist. Sein F\u00fchrerschein wurde beschlagnahmt. Der genaue Unfallhergang ist bislang nicht klar. Au\u00dfer dem Fahrzeug ist noch eine Stra\u00dfenlaterne und eine Fensterscheibe eines angrenzenden Spielcasinos besch\u00e4digt worden. Zeugen, die Angaben zum Unfallhergang machen k\u00f6nnen, werden gebeten, sich mit der Polizeiinspektion Schifferstadt unter 06235 495-0 oder\u00a0<a href=\"mailto:pischifferstadt@polizei.rlp.de\">pischifferstadt@polizei.rlp.de<\/a>\u00a0in Verbindung zu setzen.<\/p>\n\n\n\n<h2 class=\"wp-block-heading\">(Schifferstadt) &#8211; Polizei \u00fcberpr\u00fcft Fahrzeugf\u00fchrer auf Alkohol und Drogen<\/h2>\n\n\n\n<p>Am Sonntag haben Beamte der Polizeiinspektion Schifferstadt mehrere Verkehrskontrollen durchgef\u00fchrt und dabei diesmal einen besonderen Schwerpunkt auf die Beeinflussung von Alkohol und Drogen gelegt. Die Beamten haben zahlreiche Autofahrer \u00fcberpr\u00fcft, dabei aber keine entsprechenden Feststellungen getroffen, was als durchaus positiv zu bewerten ist. Es wurden lediglich einige wenige Verst\u00f6\u00dfe gegen die Gurtpflicht und das Handybenutzungsverbot geahndet.<\/p>\n\n\n\n<h2 class=\"wp-block-heading\">(R\u00f6merberg) &#8211; Mit 2,8 Promille vor Polizei gefl\u00fcchtet und Unfall verursacht<\/h2>\n\n\n\n<p>Einer allgemeinen Verkehrskontrolle entziehen wollte sich am Sonntag gegen 12:00 Uhr eine 40-j\u00e4hrige PKW-Fahrerin in der Bergh\u00e4user Stra\u00dfe. Als die Polizeistreife Blaulicht und Anhaltsignal einschalteten, fuhr die Frau mit \u00fcberh\u00f6hter Geschwindigkeit davon und bog nach rechts in den Marxenweidenweg ab. Dabei verlor sie die Kontrolle \u00fcber ihr Fahrzeug, fuhr in der Folge \u00fcber die Gegenfahrbahn und kollidierte schlie\u00dflich mit einem Verkehrszeichen. Gl\u00fccklicherweise wurden keine weiteren Verkehrsteilnehmerinnen bzw. &#8211; teilnehmer gef\u00e4hrdet. Der Grund f\u00fcr das Verhalten der 40-J\u00e4hrigen war schnell klar: Sie stand unter dem Einfluss von Alkohol und hatte einen Atemalkoholwert von 2,8 Promille. Die Beamten brachten die Frau zur Entnahme einer Blutprobe auf die Dienststelle und leiteten ein Strafverfahren ein. Bei dem Unfall entstand Sachschaden von sch\u00e4tzungsweis 5000 Euro.<\/p>\n\n\n\n<h2 class=\"wp-block-heading\">(Germersheim) &#8211; Unwetter sorgt f\u00fcr mehrere Eins\u00e4tze<\/h2>\n\n\n\n<p>Sonntagabend sorgte das Unwetter und insbesondere der Sturm f\u00fcr mehrere Polizeieins\u00e4tze. Insgesamt vier B\u00e4ume st\u00fcrzten auf Stra\u00dfen, wodurch diese teilweise vollst\u00e4ndig gesperrt waren. Betroffen waren neben der B35 bei Germersheim Nord und Mitte, die K6 bei Kuhardt, und die Josef-Probst-Stra\u00dfe in Germersheim. Dabei bekamen die daf\u00fcr origin\u00e4r zust\u00e4ndigen Einsatzkr\u00e4fte auch tatkr\u00e4ftige Unterst\u00fctzung von einem Landwirt, der kurzerhand mit seinem Frontlader einen Baum von der Stra\u00dfe schob. Auch in den kommenden Tagen sind Unwetter gemeldet. Fahren Sie vorsichtig und vorausschauend.<\/p>\n\n\n\n<h2 class=\"wp-block-heading\">(Leimersheim) &#8211; PKW besch\u00e4digt<\/h2>\n\n\n\n<p>Sonntagmittag, gegen 12.30 Uhr, parkte eine 64-j\u00e4hrige Autofahrerin ihren Kleinwagen auf dem Parkplatz des Yachthafens in Leimersheim. Als sie etwa eine Stunde sp\u00e4ter zur\u00fcck an ihr Fahrzeug kam, war die linke Seitenscheibe von einem bislang unbekannten T\u00e4ter offenbar mit einem Stein besch\u00e4digt worden. Wertgegenst\u00e4nde befanden sich nicht im Fahrzeug. Der Sachschaden bel\u00e4uft sich auf etwa 200 Euro. Ein Strafverfahren wurde eingeleitet. Zeugen, die Hinweise zu dem Vorfall geben k\u00f6nnen, sollen sich bitte bei der Polizei Germersheim unter der Telefonnummer 07274-9580 oder per Mail an\u00a0<a target=\"_blank\" rel=\"noreferrer noopener\" href=\"mailto:pigermersheim@polizei.rlp.de\">pigermersheim@polizei.rlp.de<\/a>\u00a0melden.<\/p>\n\n\n\n<h2 class=\"wp-block-heading\">(Billigheim-Ingenheim) &#8211; Betrunken mit PKW unterwegs \/ Unfallstelle gesucht!<\/h2>\n\n\n\n<p>Ein Schlangenlinien fahrender PKW fiel Polizeibeamten der Polizeiinspektion Landau am Sonntagabend zwischen Billigheim und Ingenheim auf. Den Grund f\u00fcr die unsichere Fahrweise konnten die Beamten schnell ermitteln, ein Atemalkoholtest bei der 79-j\u00e4hrigen Fahrerin ergab einen Wert von 2,11 Promille. An dem dunkelgrauen Opel Corsa konnten zudem frische Besch\u00e4digungen im Frontbereich festgestellt werden. Bislang konnten die Besch\u00e4digungen keinem Verkehrsunfall zugeordnet werden. Die Fahrerin \u00e4u\u00dferte von Bad Bergzabern nach Ingenheim und von dort nach Billigheim gefahren zu sein.<\/p>\n\n\n\n<p>Zeugen, die einen Verkehrsunfall beobachtet haben oder in diesem Bereich Besch\u00e4digungen feststellen, werden gebeten sich mit der Polizeiinspektion Landau in Verbindung zu setzen.<\/p>\n\n\n\n<h2 class=\"wp-block-heading\">(Landau) &#8211; Fahrrad entwendet und unter Drogeneinfluss mit E-Scooter gefl\u00fcchtet<\/h2>\n\n\n\n<div class=\"wp-block-image\"><figure class=\"aligncenter size-large\"><img decoding=\"async\" loading=\"lazy\" width=\"800\" height=\"600\" src=\"https:\/\/speyer24news.com\/wp-content\/uploads\/2021\/06\/Fahrrad.jpg\" alt=\"\" class=\"wp-image-38183\" srcset=\"https:\/\/speyer24news.com\/wp-content\/uploads\/2021\/06\/Fahrrad.jpg 800w, https:\/\/speyer24news.com\/wp-content\/uploads\/2021\/06\/Fahrrad-300x225.jpg 300w, https:\/\/speyer24news.com\/wp-content\/uploads\/2021\/06\/Fahrrad-768x576.jpg 768w, https:\/\/speyer24news.com\/wp-content\/uploads\/2021\/06\/Fahrrad-678x509.jpg 678w, https:\/\/speyer24news.com\/wp-content\/uploads\/2021\/06\/Fahrrad-326x245.jpg 326w, https:\/\/speyer24news.com\/wp-content\/uploads\/2021\/06\/Fahrrad-80x60.jpg 80w\" sizes=\"(max-width: 800px) 100vw, 800px\" \/><\/figure><\/div>\n\n\n\n<p>Mehrere Strafverfahren wurden gegen einen 35-j\u00e4hrigen Landauer am Sonntagabend eingeleitet. Nachdem am Schwimmbad im Prie\u00dfnitzweg ein Fahrrad entwendet wurde, konnte dieses in dem Zimmer des Beschuldigten in einer Wohnunterkunft im Prie\u00dfnitzweg gesichtet und nach der Erwirkung eines Durchsuchungsbeschlusses sichergestellt werden. Der 35-J\u00e4hrige war zu diesem Zeitpunkt nicht in seiner Wohnung, konnte allerdings im Nahbereich mit einem E-Scooter ohne Versicherungskennzeichen fahrend festgestellt werden. Nachdem er sich zun\u00e4chst einer Kontrolle entziehen konnte, wurde er im Nahbereich fu\u00dfl\u00e4ufig kontrolliert. Den Roller konnten die Beamten in unmittelbarer N\u00e4he zum Kontrollort in einem Geb\u00fcsch auffinden. Bei der Kontrolle konnten die Polizeibeamten zudem einen Schlagring und geringe Mengen Bet\u00e4ubungsmittel fest- und sicherstellen. Da bei dem Beschuldigten Anzeichen einer Bet\u00e4ubungsmittelbeeinflussung wahrgenommen wurden, wurde ihm auf der Dienststelle eine Blutprobe entnommen. Gegen den 35-J\u00e4hrigen wurden Strafverfahren wegen Fahrraddiebstahls, Versto\u00df gegen das Bet\u00e4ubungsmittel- und Waffengesetz sowie Fahren unter dem Einfluss von Bet\u00e4ubungsmittel und Fahren ohne Versicherungsschutz eingeleitet.<\/p>\n\n\n\n<p>W\u00e4hrend der Durchsuchung seines Zimmers wurde zudem ein weiteres Fahrrad festgestellt. Die Herkunft des Fahrrades ist derzeit noch unklar. M\u00f6gliche Gesch\u00e4digte eines Fahrraddiebstahls werden gebeten sich mit der Polizei Landau in Verbindung zu setzen.<\/p>\n\n\n\n<h2 class=\"wp-block-heading\">(Altdorf) &#8211; Schwerer Verkehrsunfall infolge Vorfahrtsmissachtung<\/h2>\n\n\n\n<div class=\"wp-block-image\"><figure class=\"aligncenter size-large\"><img decoding=\"async\" loading=\"lazy\" width=\"800\" height=\"576\" src=\"https:\/\/speyer24news.com\/wp-content\/uploads\/2021\/06\/20210621_VUzwischenAltdorfundFreimersheim.jpg\" alt=\"\" class=\"wp-image-38184\" srcset=\"https:\/\/speyer24news.com\/wp-content\/uploads\/2021\/06\/20210621_VUzwischenAltdorfundFreimersheim.jpg 800w, https:\/\/speyer24news.com\/wp-content\/uploads\/2021\/06\/20210621_VUzwischenAltdorfundFreimersheim-300x216.jpg 300w, https:\/\/speyer24news.com\/wp-content\/uploads\/2021\/06\/20210621_VUzwischenAltdorfundFreimersheim-768x553.jpg 768w\" sizes=\"(max-width: 800px) 100vw, 800px\" \/><\/figure><\/div>\n\n\n\n<p>Um 09.43 Uhr \u00fcbersah Montagmorgen (21.06.2021) ein 75 Jahre alter Autofahrer beim Einfahren von einem Wirtschaftsweg zwischen Altdorf und Freimersheim auf die L 540 einen von links kommenden 78 Jahre alten BMW-Fahrer, wobei es zum Zusammensto\u00df kam. Durch die Wucht des Zusammensto\u00dfes wurde das Fahrzeug des 75-J\u00e4hrigen auf das Dach geschleudert und kam am Stra\u00dfenrand zum Liegen. Sowohl er als auch seine Ehefrau kamen mit schweren Verletzungen in ein Krankenhaus. Auch der 78-J\u00e4hrige erlitt Verletzungen und musste in ein Krankenhaus eingeliefert werden. An beiden Fahrzeugen entstand wirtschaftlicher Totalschaden. Die Gesamtschadensh\u00f6he liegt bei \u00fcber 10.000 Euro.<\/p>\n\n\n\n<h2 class=\"wp-block-heading\">(Venningen) &#8211; Schwerer Verkehrsunfall mit drei Verletzten auf der K6<\/h2>\n\n\n\n<div class=\"wp-block-image\"><figure class=\"aligncenter size-large\"><img decoding=\"async\" loading=\"lazy\" width=\"800\" height=\"583\" src=\"https:\/\/speyer24news.com\/wp-content\/uploads\/2021\/06\/20210621_VUzwischenAltdorfundVenningen.jpg\" alt=\"\" class=\"wp-image-38185\" srcset=\"https:\/\/speyer24news.com\/wp-content\/uploads\/2021\/06\/20210621_VUzwischenAltdorfundVenningen.jpg 800w, https:\/\/speyer24news.com\/wp-content\/uploads\/2021\/06\/20210621_VUzwischenAltdorfundVenningen-300x219.jpg 300w, https:\/\/speyer24news.com\/wp-content\/uploads\/2021\/06\/20210621_VUzwischenAltdorfundVenningen-768x560.jpg 768w\" sizes=\"(max-width: 800px) 100vw, 800px\" \/><\/figure><\/div>\n\n\n\n<p>Ein schwerer Verkehrsunfall ereignete sich Montagmorgen (21.06.2021, 07.55 Uhr) auf der K6 zwischen Altdorf und Venningen. Eine 47 Jahre alte Autofahrerin wollte auf halber Strecke einen vorausfahrenden Traktor \u00fcberholen, als dieser nach links in einen Feldweg abbiegen wollte. Hierbei kam es zum Zusammensto\u00df. Sie und ihre zwei mitfahrenden Kinder wurden bei der Kollision verletzt und kamen in ein Krankenhaus. W\u00e4hrend an ihrem Fahrzeug wirtschaftlicher Totalschaden entstand, wurde der Traktor leicht besch\u00e4digt. Wegen Aufr\u00e4umarbeiten und Bergung der Fahrzeuge musste die Strecke kurzzeitig vollgesperrt werden. Die Gesamtschadensh\u00f6he liegt bei \u00fcber 5000.- Euro. Es kam zu leichten Verkehrsbehinderungen.<\/p>\n\n\n\n<h2 class=\"wp-block-heading\">(Edenkoben) &#8211; Oldtimer landet im Graben<\/h2>\n\n\n\n<div class=\"wp-block-image\"><figure class=\"aligncenter size-large\"><img decoding=\"async\" loading=\"lazy\" width=\"800\" height=\"600\" src=\"https:\/\/speyer24news.com\/wp-content\/uploads\/2021\/06\/1.jpg\" alt=\"\" class=\"wp-image-38186\" srcset=\"https:\/\/speyer24news.com\/wp-content\/uploads\/2021\/06\/1.jpg 800w, https:\/\/speyer24news.com\/wp-content\/uploads\/2021\/06\/1-300x225.jpg 300w, https:\/\/speyer24news.com\/wp-content\/uploads\/2021\/06\/1-768x576.jpg 768w, https:\/\/speyer24news.com\/wp-content\/uploads\/2021\/06\/1-678x509.jpg 678w, https:\/\/speyer24news.com\/wp-content\/uploads\/2021\/06\/1-326x245.jpg 326w, https:\/\/speyer24news.com\/wp-content\/uploads\/2021\/06\/1-80x60.jpg 80w\" sizes=\"(max-width: 800px) 100vw, 800px\" \/><\/figure><\/div>\n\n\n\n<p>Am Sonntag, 20.06.2021 gegen 19:41 Uhr, kam es  zu einem Verkehrsunfall in Edenkoben in der Staatsstra\u00dfe. Der 18-j\u00e4hrige Fiat-Fahrer befuhr hierbei den Tenneco-Kreisel in Richtung Edesheim. An der Kreisverkehrsausfahrt kam der Oldtimer-Fahrer aufgrund nicht angepasster Geschwindigkeit bei regennasser Fahrbahn ins Schlingern und schlie\u00dflich nach rechts von er Fahrbahn ab. Hierbei kollidierte er mit einem Randstein, sodass der PKW Fiat auf der Seite zum Liegen kam. Bei dem Unfall wurde gl\u00fccklicherweise niemand verletzt. Es entstand Sachschaden in H\u00f6he von 7.000 Euro. Der PKW Fiat war nicht mehr fahrbereit und musste abgeschleppt werden. Auf den Fahrer wird nun ein Bu\u00dfgeldverfahren zukommen. Da sich der Fahrer noch in der Probezeit befindet muss dieser weiterhin mit fahrerlaubnisrechtlichen Konsequenzen rechnen.<\/p>\n\n\n\n<h2 class=\"wp-block-heading\">(Neustadt) &#8211; Aus seinen Fehlern&#8230;<\/h2>\n\n\n\n<p>&#8230;hat ein 19-j\u00e4hriger Neustadter augenscheinlich nicht gelernt, als er am Montag um 11:10 Uhr mit seinem E-Scooter in der Kurt-Schumacher-Stra\u00dfe in Neustadt\/W. durch eine Streife der Polizei Neustadt kontrolliert wurde.<\/p>\n\n\n\n<p>Bei dem 19-j\u00e4hrigen, welcher mit seinem Fahrzeug zuvor die Stra\u00dfe befuhr, konnten im Verlauf der Kontrolle Auffallerscheinung festgestellt werden, welche auf einen zeitnahen Bet\u00e4ubungsmittelkonsum schlie\u00dfen lie\u00dfen. Ein vor Ort durchgef\u00fchrter Drogenvortest best\u00e4tigte den Verdacht der Fahrt unter Bet\u00e4bungsmitteleinfluss.<\/p>\n\n\n\n<p>Dem Neustadter wurde im Anschluss in der Dienststelle eine Blutprobe entnommen. Seinen E-Scooter musste dieser letztlich nach Hause schieben.<\/p>\n\n\n\n<p>Der junge Mann fiel wegen gleicher Sache bereits im Vormonat auf und muss sich nun erneut in einem Strafverfahren, sowie einem Ordnungswidrigkeitenverfahren verantworten.<\/p>\n\n\n\n<p>Des Weiteren wird die zust\u00e4ndige F\u00fchrerscheinstelle \u00fcber den Vorfall in Kenntnis gesetzt.<\/p>\n\n\n\n<h2 class=\"wp-block-heading\">(Neustadt) &#8211; Zeugenaufruf nach Diebstahl von Kfz-Teilen<\/h2>\n\n\n\n<p>Im Zeitraum vom 19.06.2021, 13:30 Uhr, bis zum 21.06.2021, 05:30 Uhr, verschafften sich bislang unbekannte T\u00e4ter Zutritt zu einem Firmengel\u00e4nde in der Joachim-Meichsner-Stra\u00dfe in Neustadt.<\/p>\n\n\n\n<p>Hier wurde letztlich an einem ein VW Crafter mehrere Kfz-Teile demontiert und im Anschluss entwendet.<\/p>\n\n\n\n<p>Der Abtransport muss aufgrund der Gr\u00f6\u00dfe des Diebesgutes mit einem Fahrzeug erfolgt sein.<\/p>\n\n\n\n<p>Die genaue Schadensh\u00f6he konnte bislang noch nicht beziffert werden, d\u00fcrfte aber im vierstelligen Bereich liegen.<\/p>\n\n\n\n<p>Die Polizei bittet Personen, welche Hinweise zur Aufkl\u00e4rung der Tat geben k\u00f6nnen, sich bei der Polizei Neustadt\/W. zu melden.<\/p>\n\n\n\n<h2 class=\"wp-block-heading\">(Neustadt) &#8211; Sturzbetrunken \u00fcber die Autobahn<\/h2>\n\n\n\n<p>Am 20.06.2021, kurz vor 18:00 Uhr, wurde durch eine aufmerksame Verkehrsteilnehmerin einer in starken Schlangenlinien fahrender Pkw gemeldet. Der Pkw, sowie die Zeugin befuhren die BAB 65 in Richtung Neustadt. Er konnte schon auf der Autobahn seinen Pkw nicht kontrollieren und fuhr mehrfach auf die linke Spur, ohne jemanden konkret zu gef\u00e4hrden. Aufgrund der \u00e4u\u00dferst auff\u00e4lligen Fahrweise informierte die Zeugin die Polizei und konnte diese letztendlich lotsen. Noch w\u00e4hrend des Telefonats mit der Wache, fuhr der Fahrer weiterhin in Schlangenlinien, insbesondere auf der B38, zw. dem sog. Steinkreisel und der Mu\u00dfbacher Landstra\u00dfe. Hier kam er mehrfach auf die Gegenfahrbahn. Laut Zeugin herrschte hier gl\u00fccklicherweise kein Gegenverkehr. Die Fahrt ging weiter nach Neustadt und am Rosengarten missachtete der Fahrer des Pkw noch eine rotzeigende Ampel. Der 37j\u00e4hrige Fahrer aus Neustadt konnte in der Maximilianstra\u00dfe angehalten und kontrolliert werden. Tats\u00e4chlich best\u00e4tigte sich die Annahme der Zeugin. Ein durchgef\u00fchrter Atemalkoholtest ergab 3,9 Promille. Der Fahrer wurde zur Dienststelle verbracht, wo ihm eine Blutprobe entnommen wurde. Der F\u00fchrerschein wurde sichergestellt. Die Polizei Neustadt bittet um Mitteilung von Zeugen, welche den Vorgang ebenfalls beobachtet haben oder gar gef\u00e4hrdet wurden.<\/p>\n\n\n\n<h2 class=\"wp-block-heading\">(Ha\u00dfloch) &#8211; Personalwechsel beim Bezirksdienst in Ha\u00dfloch<\/h2>\n\n\n\n<div class=\"wp-block-image\"><figure class=\"aligncenter size-large\"><img decoding=\"async\" loading=\"lazy\" width=\"800\" height=\"600\" src=\"https:\/\/speyer24news.com\/wp-content\/uploads\/2021\/06\/Langohr.jpg\" alt=\"\" class=\"wp-image-38187\" srcset=\"https:\/\/speyer24news.com\/wp-content\/uploads\/2021\/06\/Langohr.jpg 800w, https:\/\/speyer24news.com\/wp-content\/uploads\/2021\/06\/Langohr-300x225.jpg 300w, https:\/\/speyer24news.com\/wp-content\/uploads\/2021\/06\/Langohr-768x576.jpg 768w, https:\/\/speyer24news.com\/wp-content\/uploads\/2021\/06\/Langohr-678x509.jpg 678w, https:\/\/speyer24news.com\/wp-content\/uploads\/2021\/06\/Langohr-326x245.jpg 326w, https:\/\/speyer24news.com\/wp-content\/uploads\/2021\/06\/Langohr-80x60.jpg 80w\" sizes=\"(max-width: 800px) 100vw, 800px\" \/><\/figure><\/div>\n\n\n\n<p>Neu im Bezirksdienst bei der Polizeiinspektion Ha\u00dfloch ist seit wenigen Wochen Polizeihauptkommissar Florian Langohr. Von Peter Stuhlfauth, der am 18. Mai in den Landtag eingezogen ist, hat der 38-J\u00e4hrige die Aufgabe \u00fcbernommen und ist nun Kontaktbeamter f\u00fcr die Ortschaften der Verbandsgemeinde Deidesheim. Der Familienvater aus Ha\u00dfloch blickt auf 19 Jahre Berufserfahrung zur\u00fcck, 13 davon war er auf Streife im Wechselschichtdienst bei den Polizeiinspektionen Schifferstadt und Ha\u00dfloch. <\/p>\n\n\n\n<p>Zu erreichen ist Herr Langohr unter der Telefonnummer: 06324 933-161 oder per E-Mail:\u00a0<a href=\"mailto:pihassloch@polizei.rlp.de\">pihassloch@polizei.rlp.de<\/a><\/p>\n\n\n\n<h2 class=\"wp-block-heading\">(Bad D\u00fcrkheim) &#8211; Motorradfahrer bei Sturz verletzt<\/h2>\n\n\n\n<p>Am 21.06.2021, gegen 13:00 Uhr, kam es auf der Bundesstra\u00dfe 37, zwischen Frankenstein und Bad D\u00fcrkheim zu einem Verkehrsunfall mit einem verletzten Krad-Fahrer. Ein 32-J\u00e4hriger befuhr mit seiner roten BMW XR die B37 von Frankenstein kommend in Richtung Bad D\u00fcrkheim. In einer Linkskurve verlor er, wahrscheinlich aufgrund nicht angepasster Geschwindigkeit, die Kontrolle \u00fcber sein Motorrad, stie\u00df rechts gegen die Leitplanke und schlitterte mit seinem Krad noch etwa 100 Meter an der Leitplanke entlang, bis er zum Stillstand kam. Dabei zog sich der Motorradfahrer mehrere Sch\u00fcrfwunden und Prellungen am ganzen K\u00f6rper zu. Lebensgefahr bestand zu keinem Zeitpunkt. Er wurde durch das DRK behandelt und mit einem Rettungshubschrauber in ein Krankenhaus verbracht. Am seinem Motorrad entstand ein Sachschaden von 9000 Euro. Die B37 musste f\u00fcr die Dauer der Unfallaufnahme 50 Minuten f\u00fcr beide Fahrtrichtungen voll gesperrt werden. Die Polizei Bad D\u00fcrkheim sucht Zeugen die den Verkehrsunfall m\u00f6glicherweise beobachtet haben und bittet um Hinweise unter 06322 963 0 oder per E-Mail an\u00a0<a href=\"mailto:pibadduerkheim@polizei.rlp.de\">pibadduerkheim@polizei.rlp.de<\/a><\/p>\n\n\n\n<h2 class=\"wp-block-heading\">(Erpolzheim) &#8211; Fallschirm an einem Baum gefunden<\/h2>\n\n\n\n<p>Am 20.06.2021, gegen 16:30 Uhr, meldete sich ein Mann bei der Rettungsleitstelle, der einen ge\u00f6ffneten Fallschirm in einem Baum neben der K5 in Erpolzheim festgestellt hatte. Einen dazugeh\u00f6rigen Fallschirmspringer konnte er jedoch nicht feststellen. \u00dcber den Flugplatz Bad D\u00fcrkheim konnte schlie\u00dflich ein Springer des Fallschirmsportclub Bad D\u00fcrkheim ermittelt werden. Dessen Hauptschirm war ins strudeln geraten und musste daher abgeworfen werden. Der Springer konnte aber wohlbehalten mit seinem Ersatzschirm landen. Durch den abgeworfenen Fallschirm wurden keine Personen gef\u00e4hrdet oder verletzt. Auf Anfrage des Fallschirmsportclub \u00fcbernahm schlie\u00dflich die Feuerwehr Bad D\u00fcrkheim die Bergung des Fallschirms aus dem Baum.<\/p>\n\n\n\n<h2 class=\"wp-block-heading\">(Freinsheim) &#8211; Unter Drogeneinwirkung randaliert<\/h2>\n\n\n\n<p>Am 21.06.2021, gegen 09:00 Uhr, kam es auf einem Tankstellengel\u00e4nde in der Erpolzheimer Stra\u00dfe in Freinsheim zu einem Verkehrsunfall. Ein 45-j\u00e4hriger Mann fuhr mit seinem Ford auf einen geparkten Suzuki ACross auf und besch\u00e4digte diesem am Kotfl\u00fcgel und an den Felgen. Es entstand ein Sachschaden von 5000 Euro. Er stieg anschlie\u00dfend aus seinem Fahrzeug aus, schrie laut und sprang vor vorbeifahrende Fahrzeuge. Beim Eintreffen der Streifenbesatzung verhielt sich der 45-J\u00e4hrige immer noch aggressiv und riss sich sogar sein Hemd vom K\u00f6rper. Unter Vorhalt eines polizeilichen Elektroimpulsger\u00e4tes, das nicht aktiviert werden musste, konnte er schlie\u00dflich in Gewahrsam genommen werden. Aufgrund seines psychischen Ausnahmezustandes wurde er durch das DRK in eine Klinik verbracht. Da er laut eigenen Angaben Amphetamin konsumiert hatte, wurde ihm eine Blutprobe entnommen. Sein F\u00fchrerschein wurde sichergestellt. Der Ford war nicht mehr fahrbereit und musste abgeschleppt werden. Gegen ihn wird nun unter anderem wegen Verursachen eines Verkehrsunfalls unter Drogeneinwirkung und Versto\u00df gegen das Bet\u00e4ubungsmittelgesetz ermittelt.<\/p>\n\n\n\n<h2 class=\"wp-block-heading\">(Frankenthal) &#8211; Versuchter Einbruch am Jahnplatz<\/h2>\n\n\n\n<p>In der Nacht vom 20.06.2021 zum 21.06.2021 versuchten unbekannte T\u00e4ter in eine Verkaufsst\u00e4tte einer B\u00e4ckerei am Jahnplatz in Frankenthal einzudringen. Das Eindringen in das Objekt scheiterte augenscheinlich, sodass lediglich eine Glasscheibe besch\u00e4digt wurde. Die Schadensh\u00f6he bewegt sich im niedrigen vierstelligen Bereich. Aufgrund der laufenden Ermittlungen sucht die Polizei nach Zeugen des Vorfalls. Zeugen werden gebeten sich an die Polizeiinspektion Frankenthal unter der Tel.-Nr.: 06233\/313-0 oder an die Polizeiwache Maxdorf unter der Tel.-Nr.: 06237\/934-1100 zu wenden. Gerne nehmen wir Ihre Hinweise auch per E-Mail unter&nbsp;<a href=\"mailto:pifrankenthal@polizei.rlp.de\">pifrankenthal@polizei.rlp.de<\/a>&nbsp;entgegen.<\/p>\n\n\n\n<h2 class=\"wp-block-heading\">(Frankenthal) &#8211; Einbruch am Jakobsplatz<\/h2>\n\n\n\n<p>In der Nacht vom 20.06.2021 zum 21.06.2021 kam es am Jakobsplatz in Frankenthal zu einem vollendeten Einbruchsdiebstahl in ein Ladengesch\u00e4ft. Nach gewaltsamen Eindringen in das Objekt entwendeten unbekannte T\u00e4ter Gegenst\u00e4nde. Die genaue Schadensh\u00f6he ist Teil der Ermittlungen. Aufgrund dieser sucht die Polizei nach Zeugen des Vorfalls. Zeugen werden gebeten sich an die Polizeiinspektion Frankenthal unter der Tel.-Nr.: 06233\/313-0 oder an die Polizeiwache Maxdorf unter der Tel.-Nr.: 06237\/934-1100 zu wenden. Gerne nehmen wir Ihre Hinweise auch per E-Mail unter&nbsp;<a href=\"mailto:pifrankenthal@polizei.rlp.de\">pifrankenthal@polizei.rlp.de<\/a>&nbsp;entgegen.<\/p>\n\n\n\n<h2 class=\"wp-block-heading\">(Frankenthal) &#8211; Verkehrskontrollen im Dienstgebiet<\/h2>\n\n\n\n<p>Am 20.06.2021 wurden im Bereich Frankenthal an zwei Kontrollstellen Verkehrskontrollen durchgef\u00fchrt. Hierbei wurden insgesamt 42 Fahrzeuge kontrolliert, wobei folgende Verst\u00f6\u00dfe festgestellt werden konnten: 2x Fahrzeugf\u00fchrer unter Bet\u00e4ubungsmittel- bzw. Medikamenteneinfluss; 2x Bet\u00e4ubungsmittelfund; 1x Versto\u00df gegen das Pflichtversicherungsgesetz; 1x Au\u00dferbetriebsetzung Pkw; 5x Versto\u00df gegen die Gurtpflicht.<\/p>\n\n\n\n<h2 class=\"wp-block-heading\">(Frankenthal) &#8211; Verkehrsunfallflucht am Mina-Karcher-Platz<\/h2>\n\n\n\n<p>In der Nacht vom 19.06.2021 bis zum 20.06.2021 kam es zu einer Verkehrsunfallflucht am Mina-Karcher-Platz in Frankenthal. Ein unbekannter Verkehrsteilnehmer touchierte vermutlich beim Ein- oder Ausparken einen geparkten blauen Dacia an dessen hinteren Sto\u00dff\u00e4nger. Es entstand Sachschaden im mittleren dreistelligen Bereich. Aufgrund der laufenden Ermittlungen sucht die Polizei nach Zeugen des Vorfalls. Zeugen werden gebeten sich an die Polizeiinspektion Frankenthal unter der Tel.-Nr.: 06233\/313-0 oder an die Polizeiwache Maxdorf unter der Tel.-Nr.: 06237\/934-1100 zu wenden. Gerne nehmen wir Ihre Hinweise auch per E-Mail unter\u00a0<a href=\"mailto:pifrankenthal@polizei.rlp.de\">pifrankenthal@polizei.rlp.de<\/a>\u00a0entgegen.<\/p>\n\n\n\n<h2 class=\"wp-block-heading\">(Frankenthal) &#8211; Mehrere Sachbesch\u00e4digungen durch unbekannte T\u00e4ter<\/h2>\n\n\n\n<p>Im Zeitraum vom 18.06.2021 &#8211; 19.06.2021 kam es im Bereich der Deichstra\u00dfe, Fohlenstra\u00dfe sowie Dudelsackstra\u00dfe in Frankenthal zu mehreren Sachbesch\u00e4digungen durch das Bespr\u00fchen von W\u00e4nden und Fahrzeugen. Insgesamt entstand ein Sachschaden im niedrigen vierstelligen Bereich. Aufgrund der laufenden Ermittlungen sucht die Polizei nach Zeugen, welche sachdienliche Hinweise geben k\u00f6nnen. Zeugen werden gebeten sich an die Polizeiinspektion Frankenthal unter der Tel.-Nr.: 06233\/313-0 oder an die Polizeiwache Maxdorf unter der Tel.-Nr.: 06237\/934-1100 zu wenden. Gerne nehmen wir Ihre Hinweise auch per E-Mail unter\u00a0<a href=\"mailto:pifrankenthal@polizei.rlp.de\">pifrankenthal@polizei.rlp.de<\/a>\u00a0entgegen.<\/p>\n\n\n\n<h2 class=\"wp-block-heading\">(Worms \/ A 61) &#8211; Unter dem Einfluss von Drogen auf Autobahn unterwegs<\/h2>\n\n\n\n<p>Unter dem Einfluss von Drogen war am 18.06.5021, um 13 Uhr, ein 44-J\u00e4hriger mit seinem VW auf der A61 unterwegs. Der Wagen wurde von Beamten der Polizeiautobahnstation Ruchheim auf dem Rasthof Wonnegau einer Verkehrskontrolle unterzogen. Bei der Kontrolle zeigte der Fahrer deutliche Ausfallerscheinungen. Ein Drogenschnelltest best\u00e4tigte den Verdacht, der Mann stand unter dem Einfluss von THC. Ihm wurde daraufhin eine Blutprobe entnommen. Gegen ihn wurde ein Ermittlungsverfahren wegen Versto\u00df gegen das Bet\u00e4ubungsmittelgesetz, und Trunkenheit im Stra\u00dfenverkehr eingeleitet.<\/p>\n\n\n\n<h2 class=\"wp-block-heading\">(Ludwigshafen) &#8211; Drei Eins\u00e4tze<\/h2>\n\n\n\n<p>Am 21.06.2021, gegen 01:15 Uhr, wurde durch mehrere Notrufe eine k\u00f6rperliche Auseinandersetzung in der Schulstra\u00dfe gemeldet. Vor Ort stellt sich heraus, dass es zwischen zwei P\u00e4rchen zu Streitigkeiten gekommen war. Einer der beiden beteiligten M\u00e4nner, ein 32-J\u00e4hriger, hatte bereits um 23:34 Uhr wegen Streitigkeiten mit seiner 25-j\u00e4hrigen Frau einen polizeilichen Einsatz in der Bahnhofstra\u00dfe verursacht. Ihm und seiner Frau war hierbei ein Platzverweis u.a. auch in der Schulstra\u00dfe erteilt worden. Wegen des vorangegangenen Einsatzes und des nicht Befolgen des Platzverweises sollte der 32-J\u00e4hrige in Gewahrsam genommen werden.<\/p>\n\n\n\n<p>W\u00e4hrend der weiteren Sachverhaltsaufnahme fing auch der andere beteiligte Mann, ein 25-J\u00e4hriger, an, sich verbal aggressiv zu verhalten. Da er auf mehrfache Aufforderungen, dies zu unterlassen nicht reagierte, wurde auch ihm die Ingewahrsamnahme er\u00f6ffnet. Nachdem er sich zun\u00e4chst widerstandslos fesseln und durchsuchen lie\u00df, kippte die Stimmung erneut. Er beleidigte die Beamten, versuchte einem der Polizisten einen Kopfsto\u00df zu geben und trat nach diesem. Der 25-J\u00e4hrige wurde daher zu Boden gebracht, bis er in den Gefangentransporter gesetzt werden konnte. Auch hier versuchte er den Polizeibeamten k\u00f6rperlich anzugreifen. Der 25-J\u00e4hrige wird sich nun strafrechtlich wegen des Widerstands gegen Vollstreckungsbeamte verantworten m\u00fcssen.<\/p>\n\n\n\n<p>Beide M\u00e4nner wurden schlie\u00dflich in Gewahrsam genommen. Dort klagte der 32-J\u00e4hrige \u00fcber starke Knieschmerzen. Nach einer Untersuchung durch eine \u00c4rztin und weil er sich zu diesem Zeitpunkt kooperativ zeigte, wurde er um 3:45 Uhr aus dem Gewahrsam entlassen. Seine Frau wollte ihn mit dem Auto in ein Krankenhaus bringen. Stattdessen kam es jedoch zum erneuten Streit zwischen den beiden. Das beobachtete um 04:45 Uhr ein Zeuge in der Berliner Stra\u00dfe, der die Polizei verst\u00e4ndigte. Der 32-J\u00e4hrige habe seine Frau beleidigt, habe nach ihrem Auto getreten und habe sie geschlagen. Abermals fuhr die Polizei vor Ort. Da der 32-J\u00e4hrige weiterhin \u00fcber Schmerzen klagte, wurde au\u00dferdem der Rettungsdienst hinzugerufen. Bei der erneuten Untersuchung ergaben sich kein Anlass f\u00fcr einen Krankenhausaufenthalt. Der Mann wurde wieder in Gewahrsam genommen.<\/p>\n\n\n\n<h2 class=\"wp-block-heading\">(Ludwigshafen) &#8211; Auseinandersetzung zwischen Jugendlichen<\/h2>\n\n\n\n<p>An der Stra\u00dfenbahnhaltestelle Berliner Platz kam es am 20.06.2021, gegen 21:45 Uhr, zu einer k\u00f6rperlichen Auseinandersetzung zwischen Jugendlichen. Ein 19-J\u00e4hriger und sein gleichaltriger Begleiter sollen an der Haltestelle auf einen ebenfalls 19-J\u00e4hrigen eingeschlagen haben. Als dessen 22-j\u00e4hriger Bruder sowie ein weiterer Zeuge schlichtend eingegriffen h\u00e4tten, seien diese ebenfalls angegangen worden. Diese hatten beim Eintreffen der Polizei leichte Verletzungen und wurden vorsorglich in ein Krankenhaus gebracht. Der 19-j\u00e4hrige Gesch\u00e4digte gab au\u00dferdem an, sein Handy sei w\u00e4hrend der Auseinandersetzung gestohlen worden.<\/p>\n\n\n\n<p>Einer der beiden 19-j\u00e4hrigen Angreifer war bereits um 17 Uhr in eine Schl\u00e4gerei bei der Konrad-Adenauer-Br\u00fccke verwickelt gewesen. Gemeinsam mit einem 28-J\u00e4hrigen soll er mit einer Gruppe von drei Jugendlichen im Alter von 16 bis 18 Jahren in Streit geraten sein. W\u00e4hrend der k\u00f6rperlichen Auseinandersetzung h\u00e4tte ein 16-J\u00e4hriger Pfefferspray verspr\u00fcht. Dieses konnte w\u00e4hrend der Sachverhaltsaufnahme sichergestellt werden. Der 19-J\u00e4hrige und sein Begleiter wurden medizinisch versorgt. Der 28-J\u00e4hrige hatte au\u00dferdem ein Messer bei sich. Auch dieses wurde sichergestellt. Allen Jugendlichen wurde bei beiden Eins\u00e4tzen jeweils ein Platzverweis bis zum n\u00e4chsten Tag erteilt.<\/p>\n\n\n\n<h2 class=\"wp-block-heading\">(Ludwigshafen) &#8211; Fensterscheibe besch\u00e4digt<\/h2>\n\n\n\n<p>Die Fensterscheibe eines Lottogesch\u00e4fts in der Schillerstra\u00dfe wurde zwischen dem 19.06.2021, 13:30 Uhr, und dem 20.06.2021, 18 Uhr, besch\u00e4digt. Eine bislang unbekannte Person hatte mit einem harten Gegenstand gegen die Scheibe geschlagen, sodass diese riss. Eine genaue Schadensh\u00f6he wird derzeit ermittelt.<\/p>\n\n\n\n<p>Zeuginnen und Zeugen werden gebeten sich zu melden. Sachdienliche Hinweise bitte an die Polizeiinspektion Ludwigshafen 2, Telefonnummer 0621 963-2222 oder per E-Mail&nbsp;<a href=\"mailto:piludwigshafen2@polizei.rlp.de\">piludwigshafen2@polizei.rlp.de<\/a>&nbsp;.<\/p>\n\n\n\n<h2 class=\"wp-block-heading\">(Ludwigshafen) &#8211; Fahrzeugteile gestohlen<\/h2>\n\n\n\n<p>Mehrere Fahrzeugteile des Rollers eines 38-J\u00e4hrigen wurden am 20.06.2021, zwischen 4:50 Uhr und 17:30 Uhr, aus einem Parkhaus in der Fritz-Trambauer-Stra\u00dfe gestohlen. Der Schaden wird auf 500 Euro gesch\u00e4tzt.<\/p>\n\n\n\n<p>Zeuginnen und Zeugen werden gebeten sich zu melden. Sachdienliche Hinweise bitte an die Polizeiinspektion Ludwigshafen 2, Telefonnummer 0621 963-2222 oder per E-Mail&nbsp;<a href=\"mailto:piludwigshafen2@polizei.rlp.de\">piludwigshafen2@polizei.rlp.de<\/a>&nbsp;.<\/p>\n\n\n\n<h2 class=\"wp-block-heading\">(Ludwigshafen \/ A 650) &#8211; Mercedes Fahrer unter Drogeneinfluss<\/h2>\n\n\n\n<p>An der Anschlussstelle Ruchheim auf der A650 kontrollierten Beamte der Polizeiautobahnstation Ruchheim am 20.06.2021, um 15 Uhr, den Fahrer eines Mercedes Benz. Der 42-j\u00e4hrige Fahrer zeigte dabei deutliche Ausfallerscheinungen. Einen Drogenschnelltest lehnte der Mann ab. Ihm wurde daraufhin eine Blutprobe entnommen. Gegen ihn wurde ein Ermittlungsverfahren wegen Versto\u00df gegen das Bet\u00e4ubungsmittelgesetz, und Trunkenheit im Stra\u00dfenverkehr eingeleitet.<\/p>\n\n\n\n<h2 class=\"wp-block-heading\">(Ludwigshafen) &#8211; Unter Drogeneinfluss gefahren<\/h2>\n\n\n\n<p>Am 20.06.2021, 11:40 Uhr, wurde ein 23-j\u00e4hriger Autofahrer in der Valentin-Bauer-Stra\u00dfe einer Verkehrskontrolle unterzogen. Hierbei ergaben sich Hinweise auf einen m\u00f6glichen Drogenkonsum des jungen Mannes. Ein freiwillig durchgef\u00fchrter Test reagierte positiv auf Kokain. Ihm wurde die Weiterfahrt untersagt und der F\u00fchrerschein pr\u00e4ventiv sichergestellt. Au\u00dferdem wurde eine Blutprobe entnommen.<\/p>\n\n\n\n<h4 class=\"wp-block-heading\">An dieser Stelle noch einmal:<\/h4>\n\n\n\n<p>Wer unter Alkohol- oder Drogeneinfluss f\u00e4hrt, gef\u00e4hrdet nicht nur sich, sondern auch andere. Wer dies missachtet, begeht eine Ordnungswidrigkeit oder sogar eine Straftat.<\/p>\n\n\n\n<p>Im Zust\u00e4ndigkeitsbereich des Polizeipr\u00e4sidiums Rheinpfalz steig die Zahl der Unf\u00e4lle, bei denen eine Drogenbeeinflussung urs\u00e4chlich war, auf 110 Verkehrsunf\u00e4lle im Jahr 2020 an (2019: 91). Vielen Betroffenen ist nicht bewusst, dass im Gegensatz zu Alkohol die konsumierte Droge noch mehrere Tage und abh\u00e4ngig von der Substanz, der Stoffwechselt\u00e4tigkeit des Konsumenten und der H\u00e4ufigkeit des Drogenkonsums sogar mehrere Wochen die Fahrt\u00fcchtigkeit negativ beeinflussen kann und in strafbarer Menge im K\u00f6rper nachweisbar ist.<\/p>\n\n\n\n<p>Die Reduzierung von Verkehrsunf\u00e4llen und die Minimierung von Unfallfolgen ist ein Schwerpunkt der polizeilichen Verkehrssicherheitsarbeit. Noch bis 22.06.2021, beteiligen wir uns au\u00dferdem an der europaweiten Kontrollwoche zur Bek\u00e4mpfung und Verhinderung von Alkohol und Drogen im Stra\u00dfenverkehr. In diesem Zeitraum legen wir bei Verkehrskontrollen einen besonderen Schwerpunkt auf Fahrzeugf\u00fchrer, die unter dem Einfluss von Alkohol- oder Drogen stehen. Weitere Infos zur Kontrollwoche:\u00a0<a target=\"_blank\" href=\"https:\/\/s.rlp.de\/9Ih7j\" rel=\"noreferrer noopener\">https:\/\/s.rlp.de\/9Ih7j<\/a><\/p>\n\n\n\n<h2 class=\"wp-block-heading\">(Mannheim-Innenstadt) &#8211; Verbotenes Kraftfahrzeugrennen \/ Zeugen und Gesch\u00e4digte gesucht<\/h2>\n\n\n\n<h3 class=\"has-text-align-center wp-block-heading\">Pressemeldung Nr. 2<\/h3>\n\n\n\n<p>Wie bereits berichtet, war am Freitagabend, 18.06.2021 ein 23-j\u00e4hriger Mann mit seinem Mercedes-AMG in der Mannheimer Innenstadt an einem verbotenen Kraftfahrzeugrennen beteiligt. Die Beamten waren dem Mercedes gefolgt und hatten dessen Fahrt gefilmt. Bei der Auswertung der Aufnahmen wurde festgestellt, dass ein weiteres Fahrzeug, ein schwarzer BMW M4 aktuelles Modell, an dem Rennen beteiligt war.<\/p>\n\n\n\n<p>Die weiteren Ermittlungen der Verkehrspolizei dauern an. Hierzu werden Zeugen ben\u00f6tigt, die auf das Rennen aufmerksam geworden sind. Insbesondere wird der Fahrer eines schwarzen Mercedes-Sprinter gesucht, der kurz vor der Auffahrt zur Konrad-Adenauer-Br\u00fccke \u00fcberholt wurde und kurzzeitig bremsen musste. Auf der Heckt\u00fcr des Fahrzeugs war ein auffallendes kreisrundes Logo mit roter Inschrift angebracht. Diese sowie weitere Verkehrsteilnehmer, die durch die Fahrweise der beiden Autofahrer gef\u00e4hrdet wurden, werden gebeten, sich bei der Verkehrspolizei Mannheim, Tel.: 0621\/174-4222 zu melden.<\/p>\n\n\n\n<h2 class=\"wp-block-heading\">(Mannheim-Herzogenried) &#8211; Einbruch in Kellerabteil \/ Polizei sucht Zeugen<\/h2>\n\n\n\n<p>In ein Kellerabteil in einem Wohnhaus in der Stra\u00dfe An der Rennbahn in Mannheim-Herzogenried ist zwischen Samstag, 21.30 Uhr, und Sonntag, 10.30 Uhr, eingebrochen worden. Gestohlen wurde nach Angabe des Gesch\u00e4digten aber nichts. Hinweise nimmt das Polizeirevier Mannheim-Neckarstadt unter Telefon 0621\/3301-0 entgegen.<\/p>\n\n\n\n<h2 class=\"wp-block-heading\">(Mannheim-Neckarstadt-West) &#8211; Buntmetall aus Garage gestohlen \/ Polizei sucht Zeugen<\/h2>\n\n\n\n<p>Unbekannte T\u00e4ter entwendeten in der Zeit zwischen Donnerstagabend und Sonntagabend im Stadtteil Neckarstadt-West mehrere hundert Kilogramm Buntmetall aus einer Garage. Die Unbekannten drangen auf noch ungekl\u00e4rte Weise in die Garage in der Humboldtstra\u00dfe ein. Dort lie\u00dfen sie rund 300 Kilogramm Kupfer, 400 Kilogramm Messing, 400 Kilogramm Armaturen aus Edelstahl sowie einen Hubwagen mitgehen. Sie fl\u00fcchteten in unbekannte Richtung.<\/p>\n\n\n\n<p>Zeugen, die verd\u00e4chtige Wahrnehmungen gemacht haben und sachdienliche Hinweise zu den T\u00e4tern geben k\u00f6nnen, werden gebeten, sich beim Polizeirevier Mannheim-Neckarstadt, Tel.: 0621\/3301-0 zu melden.<\/p>\n\n\n\n<h2 class=\"wp-block-heading\">(Mannheim-Neckarau) &#8211; 56-j\u00e4hriger Mann verursacht unter Alkoholeinfluss Verkehrsunfall<\/h2>\n\n\n\n<p>Am Sonntagabend verursachte im Stadtteil Neckarau ein 56-j\u00e4hriger Mofa-Fahrer unter Alkoholeinfluss einen Verkehrsunfall und zog sich dabei Verletzungen zu. Der Mann war kurz nach 22 Uhr mit seinem Mofa (FmH-25) auf der Schwingstra\u00dfe unterwegs. Auf regennasser Fahrbahn kam der 56-J\u00e4hrige, der keinen Helm trug, zu Fall und prallte gegen einen am Fahrbahnrand geparkten BMW. Dabei zog er sich Verletzungen an Arm und Bein zu und wurde zur Behandlung in ein Krankenhaus eingeliefert. Bei der Erstversorgung des Mannes stellten die Beamten Alkoholgeruch in dessen Atem fest. Ein Alkoholtest ergab einen Wert und \u00fcber 1,6 Promille. Ihm wurde eine Blutprobe entnommen. Sein F\u00fchrerschein konnte nicht einbehalten werden, da er nicht im Besitz eines solchen war. Auch eine Mofa-Pr\u00fcfbescheinigung konnte der 56-J\u00e4hrige nicht vorweisen.<\/p>\n\n\n\n<p>Gegen den 56-J\u00e4hrigen wird nun wegen Stra\u00dfenverkehrsgef\u00e4hrdung ermittelt.<\/p>\n\n\n\n<h2 class=\"wp-block-heading\">(Mannheim-Seckenheim) &#8211; Verkehrsunfall mit schwerverletztem Fahrradfahrer<\/h2>\n\n\n\n<p>Bei einem Verkehrsunfall am Samstagnachmittag im Stadtteil Seckenheim erlitt ein 50-j\u00e4hriger Fahrradfahrer schwere Verletzungen. Der Mann war gegen 17.45 Uhr mit seinem Rennrad verbotswidrig auf dem Gehweg der Seckenheimer Landstra\u00dfe in Richtung Neuostheim unterwegs. An der Kreuzung zur Rheinfelder Stra\u00dfe \u00fcberquerte gerade ein 39-j\u00e4hriger Audi-Fahrer die Seckenheimer Stra\u00dfe und bremste sein Fahrzeug wegen des ungebremst auf dem Gehweg herannahenden Radlers stark ab, wodurch es nicht zu einem Zusammensto\u00df kam. Dennoch kam der Radler zu Fall und st\u00fcrzte auf die Fahrbahn, wo er zun\u00e4chst bewusstlos liegen blieb. Der 39-J\u00e4hrige \u00fcberfuhr beim Ausweichen das Hinterrad des auf dem Boden liegenden Fahrrades.<\/p>\n\n\n\n<p>Der Radfahrer hatte sich offenbar Verletzungen am Kopf und im Gesicht zugezogen. Nach not\u00e4rztlicher Erstversorgung wurde er zur Behandlung in ein Krankenhaus eingeliefert. Nachdem der 50-J\u00e4hrige das Bewusstsein wiedererlangt hatte, gab er an, zuvor Bier konsumiert zu haben. Ein Alkoholtest war aufgrund seiner Verletzungen nicht m\u00f6glich. Ihm wurde eine Blutprobe entnommen.<\/p>\n\n\n\n<p>Gegen den Radfahrer wird nun wegen des Verdachts der Stra\u00dfenverkehrsgef\u00e4hrdung ermittelt.<\/p>\n\n\n\n<h2 class=\"wp-block-heading\">(Mannheim-Seckenheim) &#8211; Einbruch in Kellerr\u00e4ume eines Wohnhauses<\/h2>\n\n\n\n<p>Einer oder mehrere unbekannte T\u00e4ter haben sich am Samstag um 16.30 Uhr Zutritt zu den Kellerr\u00e4umen eines Wohnhauses in der Ihringer Stra\u00dfe in Mannheim-Seckenheim verschafft. Sie brachen dort mehrere Kellerparzellen auf. Was genau gestohlen wurde, ist noch unklar. Wie der oder die T\u00e4ter ins Haus kamen, wird noch ermittelt. Hinweise bitte an das Polizeirevier Ladenburg unter Telefon 06203 9305-0.<\/p>\n\n\n\n<h2 class=\"wp-block-heading\">(Mannheim \/ Heidelberg \/ Rhein-Neckar-Kreis) &#8211; Neues Konzept &#8222;Brennpunkte Sommer 2021&#8220;; polizeiliche Bilanz des Wochenendes vom 18.\/19.\/20. Juni 2021<\/h2>\n\n\n\n<p>Die hochsommerlichen Temperaturen lockten auch dieses Wochenende wieder zahlreiche Menschen in Mannheim, Heidelberg und dem Rhein-Neckar-Kreis ins Freie. Dabei waren insbesondere die beliebten und bekannten Treffpunkte, wie die Heidelberger Altstadt, der Mannheimer Jungbusch und die Neckarwiese in Heidelberg sowie in Mannheim, gut besucht. Auch in den Au\u00dfengastronomiebetrieben, vor allem im Bereich der Altstadt in Heidelberg und dem Jungbusch in Mannheim, herrschte am Freitag- und Samstagabend bis in die fr\u00fchen Morgenstunden Hochbetrieb. Viele Gastst\u00e4tten \u00fcbertrugen die Fu\u00dfballspiele der derzeit stattfindenden Fu\u00dfball-Europameisterschaft und sorgten dadurch das ganze Wochenende hinweg f\u00fcr gro\u00dfen Zulauf.<\/p>\n\n\n\n<p>Die Polizei war an diesem Wochenende im Rahmen des eigens erarbeiteten Polizeikonzept &#8222;Brennpunkte Sommer 2021&#8220; mit zus\u00e4tzlichen und flexibel einsetzbaren Kr\u00e4ften im gesamten Zust\u00e4ndigkeitsbereich unterwegs. In den Fu\u00dfg\u00e4ngerzonen in Mannheim und Heidelberg wurde w\u00e4hrend der Gesch\u00e4ftszeiten vermehrt auf polizeiliche Fu\u00dfstreifen zur\u00fcckgegriffen. Die eingesetzten Beamten stie\u00dfen dabei auf viel positive Resonanz seitens der B\u00fcrger. Zum Beispiel konnten viele Rechtsfragen zur bestehenden CoronaVO im pers\u00f6nlichen Gespr\u00e4ch schnell und unkompliziert gekl\u00e4rt werden.<\/p>\n\n\n\n<p>Besondere Vorkommnisse im Zusammenhang mit der Fu\u00dfball-Europameisterschaft waren nicht zur verzeichnen.<\/p>\n\n\n\n<h3 class=\"wp-block-heading\">Im Einzelnen:<\/h3>\n\n\n\n<h3 class=\"wp-block-heading\">Heidelberg:<\/h3>\n\n\n\n<p>In der Nacht von Freitag auf Samstag kam es neben der R\u00e4umung der Neckarwiese (wir haben bereits berichtet:&nbsp;<a target=\"_blank\" href=\"https:\/\/www.presseportal.de\/blaulicht\/pm\/14915\/4946329\" rel=\"noreferrer noopener\">https:\/\/www.presseportal.de\/blaulicht\/pm\/14915\/4946329<\/a>) und einer Person, die angeblich ins Wasser geworfen wurde (siehe Pressemitteilung:&nbsp;<a target=\"_blank\" href=\"https:\/\/www.presseportal.de\/blaulicht\/pm\/14915\/4946173\" rel=\"noreferrer noopener\">https:\/\/www.presseportal.de\/blaulicht\/pm\/14915\/4946173<\/a>) im Bereich der Unteren Stra\u00dfe im weiteren Verlauf der Nacht zu einer Auseinandersetzung mit mehreren Personen. Dank des schnellen Eingreifens durch Einsatzkr\u00e4fte der Polizei konnte dies fr\u00fchzeitig unterbunden werden, den beteiligten Personen wurde jeweils ein Platzverweis ausgesprochen.<\/p>\n\n\n\n<p>Die Altstadt war in der Nacht auf Sonntag mit ca. 3000 bis 5000 Personen ebenfalls stark und dicht gedr\u00e4ngt besucht. Unterhalb der Theodor-Heuss-Br\u00fccke wurde einer Gruppe von ca. 40 Personen gegen 21:45 Uhr ein Platzverweis erteilt, nachdem diese der mehrmaligen Aufforderung, die mitgef\u00fchrte Musikanlage leiser zu stellen, nicht nachgekommen waren. Gegen 0:45 Uhr wurde der letzten Gruppe auf der Neckarwiese ein Platzverweis erteilt, danach leerte sich die \u00d6rtlichkeit.<\/p>\n\n\n\n<p>Nachdem sich die Lage als Folge dieser Ma\u00dfnahmen beruhigt hatte, wurden, basierend auf dem flexiblen Polizeikonzept, Teile der Einsatzkr\u00e4fte zur Unterst\u00fctzung nach Mannheim verlegt, wo sie im Bereich der Neckarwiese gefordert waren.<\/p>\n\n\n\n<h3 class=\"wp-block-heading\">Mannheim:<\/h3>\n\n\n\n<p>Am Freitagabend gab es in Mannheim trotz des hohen Besucheraufkommens keine besonderen Vorkommnisse.<\/p>\n\n\n\n<p>Am Samstagabend hielten sich zwischen 300- 400 Personen auf der Neckarwiese und weitere 300- 400 Personen im Bereich des Quartiersplatzes und der Teufelsbr\u00fccke in Mannheim auf. Es handelte dabei haupts\u00e4chlich um Kleingruppen, die friedlich beisammensa\u00dfen.<\/p>\n\n\n\n<p>Gegen 01:30 Uhr kam es an der Neckarwiese in Mannheim zu einer gef\u00e4hrlichen K\u00f6rperverletzung. Zu diesem Zeitpunkt befanden sich noch ca. 150 Personen an der \u00d6rtlichkeit, die Stimmung war aufgeheizt und aggressiv. Die Neckarwiese wurde infolgedessen bis 02:50 Uhr vollst\u00e4ndig ger\u00e4umt.<\/p>\n\n\n\n<p>Im Anschluss daran hielten sich ca. 150 teilweise sehr stark alkoholisierte und aggressive Personen im Bereich der Tischtennisplatten des Alten Messplatzes auf. Als Platzverweise seitens der Einsatzkr\u00e4fte erteilt wurden, kam es zu W\u00fcrfen mit Steinen und Flaschen, verletzt wurde dabei niemand. Der Platz konnte schnell ger\u00e4umt werden. Eine Person nahm die Polizei zur Feststellung der Personalien in Gewahrsam.<\/p>\n\n\n\n<h3 class=\"wp-block-heading\">Ermittlungsgruppe Poser:<\/h3>\n\n\n\n<p>In der Nacht von Freitag auf Samstag wurden insgesamt 34 Fahrzeuge kontrolliert, darunter 23 in Mannheim, sechs in Heidelberg und weitere f\u00fcnf im Rhein-Neckar-Kreis. Gegen drei Fahrzeugf\u00fchrer wurden Ordnungswidrigkeitenanzeigen wegen verschiedener verkehrsrechtlicher Verst\u00f6\u00dfe gefertigt. Dar\u00fcber hinaus gab es zwei Stra\u00dfensperrungen in Mannheim und dem Rhein-Neckar-Kreis. In Mannheim gelang es der Ermittlungsgruppe Poser am Freitagabend gegen 23:40 Uhr ein illegales Fahrzeugrennen im Bereich der Konrad-Adenauer-Br\u00fccke zu stoppen (siehe Pressemitteilung:&nbsp;<a target=\"_blank\" href=\"https:\/\/www.presseportal.de\/blaulicht\/pm\/14915\/4946330\" rel=\"noreferrer noopener\">https:\/\/www.presseportal.de\/blaulicht\/pm\/14915\/4946330<\/a>).<\/p>\n\n\n\n<p>Am Samstagabend wurden insgesamt 39 Fahrzeuge kontrolliert, darunter 35 in Mannheim, drei in Heidelberg und ein PKW im Rhein-Neckar-Kreis. Es kam zu insgesamt sieben Anzeigen wegen verschiedener verkehrsrechtlicher Verst\u00f6\u00dfe. In Mannheim kam es zu einer Stra\u00dfensperrung.<\/p>\n\n\n\n<p>&#8222;Das vergangene Wochenende hat erneut deutlich gemacht, dass der verst\u00e4rkte polizeiliche Kr\u00e4fteeinsatz nicht nur absolut berechtigt, sondern unabdingbar ist, um die Sicherheit im \u00f6ffentlichen Raum zu gew\u00e4hrleisten und damit die Lebensqualit\u00e4t der B\u00fcrger zu steigern. Dank des flexiblen Konzeptes war es uns m\u00f6glich, die Kr\u00e4fte genau dort einzusetzen, wo sie ben\u00f6tigt wurden&#8220;, so Polizeivizepr\u00e4sident Siegfried Kollmar.<\/p>\n\n\n\n<h2 class=\"wp-block-heading\">(Heidelberg-Altstadt) &#8211; Unbekannte schlagen Mann in der Altstadt nieder \/ Polizei sucht Zeugen<\/h2>\n\n\n\n<p>Ein 26-j\u00e4hriger Mann erstattete am Sonntag eine Anzeige gegen mehrere unbekannte m\u00e4nnliche Personen wegen gef\u00e4hrlicher K\u00f6rperverletzung. Die Unbekannten seien den Mann am Samstagabend gegen 23.20 Uhr auf dem Weg von der &#8222;Alten Br\u00fccke&#8220; zur Unteren Stra\u00dfe aggressiv angegangen. Ohne einen f\u00fcr ihn nachvollziehbaren Grund habe ein Mann einer mehrk\u00f6pfigen Gruppe den 26-J\u00e4hrigen mit einem Faustschlag gegen die Schl\u00e4fe niedergeschlagen. Weitere Personen aus der Gruppe h\u00e4tten ihn dann, am Boden liegend, gegen Kopf und K\u00f6rper getreten. Daraufhin habe er f\u00fcr kurze Zeit das Bewusstsein verloren. Die ihm unbekannten Personen seien in Richtung Neckar gefl\u00fcchtet. Eine T\u00e4terbeschreibung konnte er nicht abgeben. Beschwerden versp\u00fcrte der 26-J\u00e4hrige erst am Sonntagmorgen. Wegen starker Kopfschmerzen suchte er die Notaufnahme im Krankenhaus auf, wo ein Sch\u00e4del-Hirn-Trauma diagnostiziert wurde. Zeugen, die sachdienliche Hinweise zu den unbekannten T\u00e4tern bzw. zum genauen Tathergang geben k\u00f6nnen, setzen sich bitte mit dem Polizeirevier Heidelberg-Mitte, Tel.: 06221\/991700, in Verbindung.<\/p>\n\n\n\n<h2 class=\"wp-block-heading\">(Heidelberg-Weststadt) &#8211; Festnahme eines 18-J\u00e4hrigen wegen des Verdachts der versuchten schweren r\u00e4uberischen Erpressung zum Nachteil eines Edelmetallhandels<\/h2>\n\n\n\n<h3 class=\"wp-block-heading\">Gemeinsame Pressemitteilung der Staatsanwaltschaft Heidelberg und des Polizeipr\u00e4sidiums Mannheim<\/h3>\n\n\n\n<div class=\"wp-block-image\"><figure class=\"aligncenter size-large\"><img decoding=\"async\" loading=\"lazy\" width=\"800\" height=\"533\" src=\"https:\/\/speyer24news.com\/wp-content\/uploads\/2020\/06\/Zelle.jpg\" alt=\"\" class=\"wp-image-28203\" srcset=\"https:\/\/speyer24news.com\/wp-content\/uploads\/2020\/06\/Zelle.jpg 800w, https:\/\/speyer24news.com\/wp-content\/uploads\/2020\/06\/Zelle-300x200.jpg 300w, https:\/\/speyer24news.com\/wp-content\/uploads\/2020\/06\/Zelle-768x512.jpg 768w\" sizes=\"(max-width: 800px) 100vw, 800px\" \/><\/figure><\/div>\n\n\n\n<p>Auf Antrag der Staatsanwaltschaft Heidelberg wurde Haftbefehl gegen einen 18 -j\u00e4hrigen Mann erlassen. Er steht im dringenden Verdacht, am Samstag, den 19.06.2021, kurz vor 13.40 Uhr versucht zu haben, sich den Geldbestand aus der Kasse eines Edelmetallhandels in der Heidelberger Weststadt zu verschaffen, indem er einen Mitarbeiter des Gesch\u00e4fts mit einem K\u00fcchenmesser bedroht haben soll.<\/p>\n\n\n\n<p>Der Tatverd\u00e4chtige soll auf Klingeln an der Eingangst\u00fcr durch einen Mitarbeiter des Edelmetallhandels eingelassen worden sein. Er soll dann ein Messer aus seinem Rucksack genommen haben, auf den Mitarbeiter zugegangen sein und unter Vorhalt des Messers von diesem mit den Worten &#8222;alles Geld&#8220; die Herausgabe des Kassenbestandes gefordert haben. Der Mitarbeiter sei der Forderung nicht nachgekommen, sondern habe stattdessen nach dem Gesch\u00e4ftsinhaber gerufen, der sich zu diesem Zeitpunkt in einem Hinterzimmer aufhielt. Dieser habe daraufhin den Verkaufsraum betreten und dem Tatverd\u00e4chtigen zugerufen, dass die Polizei bereits verst\u00e4ndigt und auf dem Weg sei. Daraufhin soll der 18-J\u00e4hrige ohne Beute das Ladengesch\u00e4ft verlassen haben.<\/p>\n\n\n\n<p>Am Sonntag wurde der 18-j\u00e4hrige italienische Staatsangeh\u00f6rige festgenommen und der Ermittlungsrichterin beim Amtsgericht Heidelberg vorgef\u00fchrt. Diese erlie\u00df auf Antrag der Staatsanwaltschaft Heidelberg Haftbefehl wegen Fluchtgefahr. Gegen Auflagen wurde der Haftbefehl au\u00dfer Vollzug gesetzt. Die Ermittlungen der Staatsanwaltschaft Heidelberg und des Polizeipr\u00e4sidiums Mannheim dauern an.<\/p>\n\n\n\n<h2 class=\"wp-block-heading\">(Heidelberg-Neuenheim) &#8211; Autofahrer will aussteigen, Radfahrer st\u00fcrzt<\/h2>\n\n\n\n<p>Ein Radfahrer hat sich bei einem Unfall am Sonntag kurz nach 18 Uhr in Heidelberg-Neuenheim verletzt. Der 60-J\u00e4hrige aus Heidelberg befuhr mit seinem Pedelec die Neuenheimer Landstra\u00dfe in westlicher Richtung, als ein 35-j\u00e4hriger Autofahrer aus seinem parkenden Auto aussteigen wollte. In dieser Situation kam der Fahrradfahrer zu Fall und musste in ein Krankenhaus gebracht werden. Wie genau der Unfall ablief und ob der Radfahrer die Autot\u00fcr ber\u00fchrte und dadurch st\u00fcrzte, wird derzeit noch ermittelt.<\/p>\n\n\n\n<h2 class=\"wp-block-heading\">(Heidelberg-Neuenheim) &#8211; Badeunfall im Neckar \/ Mann durch drei aufmerksame Tretbootfahrer gerettet<\/h2>\n\n\n\n<p>Am Samstag, 20.06.2021 gegen 18:00 Uhr nahm der Besitzer eines Tretbootverleihs zu einer vorbeifahrenden Besatzung eines schweren Polizeibootes der Wasserschutzpolizeistation Heidelberg durch Heranwinken Kontakt auf. Am Verleih hatte kurz zuvor ein Tretboot mit vier Insassen angelegt, von denen eine 29-j\u00e4hrigen m\u00e4nnliche Person zuvor bei Neckar-km 24,500 verunfallt war und durch die drei anderen m\u00e4nnlichen Bootsinsassen aus dem Wasser ins Boot gezogen und somit gerettet werden konnte. Der Mann hatte sich m\u00f6glicherweise in den Wasserpflanzen verfangen und drohte unterzugehen. Zwar war die Person nach Eintreffen der Einsatzkr\u00e4fte am Tretbootverleih kaum ansprechbar, aber bei Bewusstsein. Die sofort angeforderte Rettungswagenbesatzung verbrachte den mittlerweile stabilisierten verunfallten Mann ins Krankenhaus, das er mittlerweile wieder verlassen konnte. Die Wasserschutzpolizeistation Heidelberg hat die weitere Sachbearbeitung \u00fcbernommen.<\/p>\n\n\n\n<h2 class=\"wp-block-heading\">(Heidelberg-Rohrbach) &#8211; Verkehrsunfall mit zwei verletzten Personen und erheblichem Sachschaden<\/h2>\n\n\n\n<p>Zwei verletzte Beteiligte und betr\u00e4chtlicher Sachschaden sind die Bilanz eines Verkehrsunfalls am Samstagmorgen im Stadtteil Rohrbach. Ein 65-j\u00e4hriger Mann war kurz nach 9 Uhr mit seinem BMW auf der Punkerstra\u00dfe in Richtung Karlsruher Stra\u00dfe unterwegs. Beim Abbiegen in die Karlsruher Stra\u00dfe an der dortigen Kreuzung missachtete er die Vorfahrt einer 82-j\u00e4hrigen VW-Fahrerin und stie\u00df mit ihr zusammen. Der VW schleuderte anschlie\u00dfend \u00fcber die Fahrbahn nach links und kollidierte dort zun\u00e4chst mit einem geparkten Ford bevor sie schlie\u00dflich frontal gegen eine Hausfassade prallte und ihr Fahrzeug zum Stillstand kam. Sowohl der Fahrer des BMW als auch die VW-Fahrerin erlitten leichte Verletzungen und wurden zur Behandlung in Krankenh\u00e4user eingeliefert. Der VW war nach dem Zusammensto\u00df nicht mehr fahrbereit und musste abgeschleppt werden. Der Sachschaden wird auf mindestens 40.000 Euro gesch\u00e4tzt.<\/p>\n\n\n\n<p>W\u00e4hrend der Unfallaufnahme war die Karlsruher Stra\u00dfe vor\u00fcbergehend gesperrt. Davon war auch der Bahnverkehr der rnv betroffen.<\/p>\n\n\n\n<p>Gegen den 65-j\u00e4hrigen Fahrer des BMW wird nun wegen des Verdachts der Stra\u00dfenverkehrsgef\u00e4hrdung und der fahrl\u00e4ssigen K\u00f6rperverletzung ermittelt. Zudem sieht er einem Bu\u00dfgeld wegen Vorfahrtsverletzung mit Unfallfolge entgegen.<\/p>\n\n\n\n<h2 class=\"wp-block-heading\">(Heidelberg-Bergheim) &#8211; 24-J\u00e4hriger wird Opfer eines Raubes \/ Polizei bittet um Mithilfe bei der Suche nach zwei unbekannten m\u00e4nnlichen Tatverd\u00e4chtigen<\/h2>\n\n\n\n<p>Zwei bislang unbekannte m\u00e4nnlichen Personen verletzten am fr\u00fchen Sonntagmorgen gegen 03:40 Uhr einen 24-j\u00e4hrigen Mann am Bismarckplatz. Mit mehreren Schl\u00e4gen ins Gesicht und an das Bein setzten sie den alkoholisierten Mann im Park gegen\u00fcber dem dortigen Krankenhaus au\u00dfer Gefecht und nahmen ihm dann sein Handy der Marke Huawei samt Kopfh\u00f6rer weg. Anschlie\u00dfend fl\u00fcchteten sie zu Fu\u00df in Richtung Galeria Kaufhof. Eine sofort veranlasste Fahndung nach den Unbekannten durch die verst\u00e4ndigte Polizei blieb ohne Ergebnis. <\/p>\n\n\n\n<h4 class=\"wp-block-heading\">Der 24-J\u00e4hrige konnte die beiden Unbekannten nicht genau beschreiben. <\/h4>\n\n\n\n<ul><li><strong>Bei einem der beiden soll es sich um einen s\u00fcdeurop\u00e4ischen Ph\u00e4notypus handeln, ca. 160 bis 170 cm gro\u00df. <\/strong><\/li><\/ul>\n\n\n\n<p>Zeugen, die Hinweise zu den unbekannten Tatverd\u00e4chtigen bzw. zu dem Tathergang machen k\u00f6nnen, werden gebeten, sich beim Kriminaldauerdienst, Tel.: 0621\/174-4444, zu melden.<\/p>\n\n\n\n<h2 class=\"wp-block-heading\">(Schwetzingen \/ Rhein-Neckar-Kreis) &#8211; Zwei 18-J\u00e4hrige von 3er-Gruppe angegriffen<\/h2>\n\n\n\n<p>Zwei 18-j\u00e4hrige M\u00e4nner wurden am fr\u00fchen Samstagmorgen von drei 18 bis 21-J\u00e4hrigen angegriffen und verletzt. Die Personen trafen gegen 1.20 Uhr in der Carl-Theodor-Stra\u00dfe, kurz von der Unterf\u00fchrung am Bahnhof aufeinander und gerieten in Streit. In dessen Verlauf erlitt ein 18-J\u00e4hriger schwere Verletzungen. Er wurde zur Behandlung in ein Krankenhaus gebracht.<\/p>\n\n\n\n<p>Die weiteren Ermittlungen durch das Kriminalkommissariat Mannheim bei der Kriminalpolizeidirektion Heidelberg dauern an.<\/p>\n\n\n\n<p>Zeugen, die in der Zeit zwischen 1.15 Uhr und 1.45 Uhr auf eine Auseinandersetzung auf dem Bahnhofsvorplatz aufmerksam geworden sind und sachdienliche Hinweise zum Vorfall geben k\u00f6nnen, werden gebeten, sich beim Kriminaldauerdienst der Kriminalpolizeidirektion Heidelberg, Tel.: 0621\/174-4444 zu melden.<\/p>\n\n\n\n<h2 class=\"wp-block-heading\">(Eberbach \/ Rhein-Neckar-Kreis) &#8211; Einbruch in Tankstelle \/ Zeugen gesucht<\/h2>\n\n\n\n<p>Ein bislang unbekannter Mann hat sich am Sonntag um 0.20 Uhr unbefugt Zugang in den Lagerraum einer Tankstelle in der Friedrich-Ebert-Stra\u00dfe in Eberbach verschafft. Dort entwendete er Waren im Wert von rund 800 Euro und entnahm aus der Kasse im Verkaufsraum rund 400 Euro. Videoaufnahmen, die den T\u00e4ter zeigen, wurden gesichert. Die Ermittlungen dauern an. <\/p>\n\n\n\n<h4 class=\"wp-block-heading\">Der T\u00e4ter soll:<\/h4>\n\n\n\n<ul><li><strong>zwischen 30 und 40 Jahre alt sein<\/strong><\/li><li><strong>schlank<\/strong><\/li><li><strong>kurze Haare, Geheimratsecken<\/strong><\/li><li><strong>er trug schwarze Adidas-Schuhe, eine Sonnenbrille, eine dreiviertellange Jeans, eine Camouflage-Jacke der Marke &#8222;Under Armour&#8220; und hatte einen schwarzen Rucksack der Marke &#8222;Converse&#8220; bei sich. <\/strong><\/li><\/ul>\n\n\n\n<p>Hinweise bitte ans Polizeirevier Eberbach unter Telefon 06271\/92100.<\/p>\n\n\n\n<h2 class=\"wp-block-heading\">(Eberbach \/ Rhein-Neckar-Kreis) &#8211; Unbekannter besch\u00e4digt mit Fahrzeug Au\u00dfenspiegel eines Lkw und f\u00e4hrt weiter \/ Zeugen gesucht!<\/h2>\n\n\n\n<p>Ein Unbekannter hat mit seinem Fahrzeug in Eberbach-Pleutersbach am Samstag im Zeitraum zwischen 7 und 10.15 Uhr beim Vorbeifahren einen geparkten Lastwagen gestreift und ist weitergefahren. Der Unfallverursacher befuhr die Allem\u00fchler Stra\u00dfe in Richtung Allem\u00fchl und hat dabei den linken Au\u00dfenspiegel des Lkw besch\u00e4digt. Es entstand ein Schaden von rund 300 Euro. Die Polizei ermittelt nun wegen unerlaubten Entfernens vom Unfallort und bittet Zeugen um Hinweise ans Polizeirevier Eberbach unter Telefon 06271\/92100.<\/p>\n\n\n\n<h2 class=\"wp-block-heading\">(Eberbach \/ Rhein-Neckar-Kreis) &#8211; Unbekannter zerkratzt Fahrert\u00fcr eines Wohnmobils \/ Polizei sucht Zeugen<\/h2>\n\n\n\n<p>Zwischen Sonntag, 13. Juni 2021, 12 Uhr, und Donnerstag, 17. Juni 2021, 16 Uhr, hat ein Unbekannter in Eberbach ein in der Akazienstra\u00dfe geparktes Wohnmobil besch\u00e4digt. Die Fahrert\u00fcr wurde zerkratzt. Es entstand ein Schaden von rund 800 Euro. Das Wohnmobil stand ordnungsgem\u00e4\u00df auf einem Stellplatz in H\u00f6he eines Spielplatzes. Die Ermittlungen wegen Sachbesch\u00e4digung laufen. Zeugen werden gebeten, sachdienliche Hinweise dem Polizeirevier Eberbach unter Telefon 06271\/92100 zu geben.<\/p>\n","protected":false},"excerpt":{"rendered":"<div class=\"mh-excerpt\"><p>Polizeimeldungen vom Montag (21.06.2021) (B\u00f6hl-Iggelheim) &#8211; Navi f\u00fchrt in Wassergraben Eine 19-j\u00e4hrige Frau aus Esthal wollte am Samstagabend zum Niederwiesenweiher. Ihr Navigationssystem f\u00fchrte sie zun\u00e4chst zum nahegelegenen Naturfreundehaus und von dort \u00fcber einen Feldweg zum <a class=\"mh-excerpt-more\" href=\"https:\/\/speyer24news.com\/?p=38181\" title=\"Polizei\">[&#8230;]<\/a><\/p>\n<\/div>","protected":false},"author":3,"featured_media":26162,"comment_status":"open","ping_status":"open","sticky":false,"template":"","format":"standard","meta":{"_monsterinsights_skip_tracking":false,"_monsterinsights_sitenote_active":false,"_monsterinsights_sitenote_note":"","_monsterinsights_sitenote_category":0,"footnotes":""},"categories":[12],"tags":[3614,702,61,2555,6955,6986,6263,63,105,11150,6987,53,4854,4683,1548,102,213,55,5261,103,106,2803,2423,427,7118,2625,380,62,104,979,1565],"aioseo_notices":[],"amp_enabled":true,"_links":{"self":[{"href":"https:\/\/speyer24news.com\/index.php?rest_route=\/wp\/v2\/posts\/38181"}],"collection":[{"href":"https:\/\/speyer24news.com\/index.php?rest_route=\/wp\/v2\/posts"}],"about":[{"href":"https:\/\/speyer24news.com\/index.php?rest_route=\/wp\/v2\/types\/post"}],"author":[{"embeddable":true,"href":"https:\/\/speyer24news.com\/index.php?rest_route=\/wp\/v2\/users\/3"}],"replies":[{"embeddable":true,"href":"https:\/\/speyer24news.com\/index.php?rest_route=%2Fwp%2Fv2%2Fcomments&post=38181"}],"version-history":[{"count":1,"href":"https:\/\/speyer24news.com\/index.php?rest_route=\/wp\/v2\/posts\/38181\/revisions"}],"predecessor-version":[{"id":38188,"href":"https:\/\/speyer24news.com\/index.php?rest_route=\/wp\/v2\/posts\/38181\/revisions\/38188"}],"wp:featuredmedia":[{"embeddable":true,"href":"https:\/\/speyer24news.com\/index.php?rest_route=\/wp\/v2\/media\/26162"}],"wp:attachment":[{"href":"https:\/\/speyer24news.com\/index.php?rest_route=%2Fwp%2Fv2%2Fmedia&parent=38181"}],"wp:term":[{"taxonomy":"category","embeddable":true,"href":"https:\/\/speyer24news.com\/index.php?rest_route=%2Fwp%2Fv2%2Fcategories&post=38181"},{"taxonomy":"post_tag","embeddable":true,"href":"https:\/\/speyer24news.com\/index.php?rest_route=%2Fwp%2Fv2%2Ftags&post=38181"}],"curies":[{"name":"wp","href":"https:\/\/api.w.org\/{rel}","templated":true}]}}