{"id":38196,"date":"2021-06-22T07:14:56","date_gmt":"2021-06-22T06:14:56","guid":{"rendered":"https:\/\/speyer24news.com\/?p=38196"},"modified":"2021-06-22T07:14:58","modified_gmt":"2021-06-22T06:14:58","slug":"corona-virus-speyer-13","status":"publish","type":"post","link":"https:\/\/speyer24news.com\/?p=38196","title":{"rendered":"Corona-Virus Speyer"},"content":{"rendered":"<style type=\"text\/css\">\r\n\t.ads_top_disp{}\r\n\t.ads_top_corner_disp{ float:left; margin:0px 10px 10px 0px; }\r\n\t.ads_first_p_disp{}\r\n\t.ads_bottom_disp{}\r\n\t<\/style>\n<h2 class=\"wp-block-heading\">Tagesaktuelle Fallzahlen f\u00fcr die Stadt Speyer (Montag, 21.06.2021)<\/h2>\n\n\n\n<figure class=\"wp-block-image\"><img decoding=\"async\" loading=\"lazy\" width=\"800\" height=\"400\" src=\"https:\/\/speyer24news.com\/wp-content\/uploads\/2020\/05\/virus-1812092_1920.jpg\" alt=\"\" class=\"wp-image-26778\" srcset=\"https:\/\/speyer24news.com\/wp-content\/uploads\/2020\/05\/virus-1812092_1920.jpg 800w, https:\/\/speyer24news.com\/wp-content\/uploads\/2020\/05\/virus-1812092_1920-300x150.jpg 300w, https:\/\/speyer24news.com\/wp-content\/uploads\/2020\/05\/virus-1812092_1920-768x384.jpg 768w\" sizes=\"(max-width: 800px) 100vw, 800px\" \/><\/figure>\n\n\n\n<p>Anzahl best\u00e4tigter F\u00e4lle von Coronavirus (SARS-CoV-2)-Infektionen in der Stadt Speyer:\u00a02850 ( + 4 gegen\u00fcber Freitag )<br>Davon bereits genesen:\u00a02732<br>Todesf\u00e4lle: 84 ( unver\u00e4ndert )<br>Gemeldete F\u00e4lle der letzten sieben Tage pro 100.000 Einwohner*innen (Inzidenz gem\u00e4\u00df LUA): 15,8 ( + 3,9 gegen\u00fcber Freitag )<\/p>\n\n\n\n<p><em>Landesuntersuchungsamt (LUA) Rheinland-Pfalz<br>21.06.2021<\/em><\/p>\n\n\n\n<h2 class=\"wp-block-heading\"><strong>Entwicklung des Inzidenzwerts in den letzten sieben Tagen in Speyer<\/strong><\/h2>\n\n\n\n<figure class=\"wp-block-image\"><img decoding=\"async\" loading=\"lazy\" width=\"800\" height=\"533\" src=\"https:\/\/speyer24news.com\/wp-content\/uploads\/2020\/02\/coronavirus-4810201_1920.jpg\" alt=\"\" class=\"wp-image-25125\" srcset=\"https:\/\/speyer24news.com\/wp-content\/uploads\/2020\/02\/coronavirus-4810201_1920.jpg 800w, https:\/\/speyer24news.com\/wp-content\/uploads\/2020\/02\/coronavirus-4810201_1920-300x200.jpg 300w, https:\/\/speyer24news.com\/wp-content\/uploads\/2020\/02\/coronavirus-4810201_1920-768x512.jpg 768w\" sizes=\"(max-width: 800px) 100vw, 800px\" \/><\/figure>\n\n\n\n<figure class=\"wp-block-table\"><table><tbody><tr><td>Montag, 21. Juni 2021<\/td><td>15,8<\/td><\/tr><tr><td>Sonntag, 20. Juni 2021<\/td><td>11,9<\/td><\/tr><tr><td>Samstag, 19. Juni 2021<\/td><td>11,9<\/td><\/tr><tr><td>Freitag, 18. Juni 2021<\/td><td>11,9<\/td><\/tr><tr><td>Donnerstag, 17. Juni 2021<\/td><td>17,8<\/td><\/tr><tr><td>Mittwoch, 16. Juni 2021<\/td><td>19,8<\/td><\/tr><tr><td>Dienstag, 15. Mai 2021<\/td><td>17,8<\/td><\/tr><\/tbody><\/table><\/figure>\n\n\n\n<p><em>Robert-Koch-Institut (RKI)<br>21.06..2021<\/em><\/p>\n\n\n\n<h2 class=\"wp-block-heading\"><strong>Zweite Drive-Thru-Impfaktion: 2563 Dosen des Vakzins von Johnson &amp; Johnson verimpft<\/strong><\/h2>\n\n\n\n<ul><li><strong>Am Sonntag, 20. Juni 2021, endete am fr\u00fchen Abend die zweite gro\u00dfe Drive-Thru-Impfaktion, die federf\u00fchrend von Prof. Dr. Gerald Haupt und Peter B\u00f6deker organisiert und von der Stadtverwaltung und vielen weiteren Partnern unterst\u00fctzt wurde.<\/strong><\/li><li><strong>Auf den Parkpl\u00e4tzen von B\u00d6 Fashion und EDEKA Stiegler wurden insgesamt 2.563 Dosen des Vakzins von Johnson &amp; Johnson verimpft.<\/strong><\/li><\/ul>\n\n\n\n<div class=\"wp-block-image\"><figure class=\"aligncenter size-large\"><img decoding=\"async\" loading=\"lazy\" width=\"800\" height=\"626\" src=\"https:\/\/speyer24news.com\/wp-content\/uploads\/2021\/06\/Impfaktion-1.jpg\" alt=\"\" class=\"wp-image-38199\" srcset=\"https:\/\/speyer24news.com\/wp-content\/uploads\/2021\/06\/Impfaktion-1.jpg 800w, https:\/\/speyer24news.com\/wp-content\/uploads\/2021\/06\/Impfaktion-1-300x235.jpg 300w, https:\/\/speyer24news.com\/wp-content\/uploads\/2021\/06\/Impfaktion-1-768x601.jpg 768w\" sizes=\"(max-width: 800px) 100vw, 800px\" \/><figcaption><em>v. l.: <\/em>Peter Eymann, Stefanie Seiler, Sascha Gauweiler, Dirk Bachmann, Peter B\u00f6deker, Gisela B\u00f6deker<br><em>Foto: \u00a9 Stadt Speyer<\/em><\/figcaption><\/figure><\/div>\n\n\n\n<p>Anders als bei der ersten Aktion wurde der Kreis der impfberechtigten B\u00fcrger*innen eingegrenzt sowie durch Terminvergabe geregelt. Auch die Verkehrsf\u00fchrung verlief aufgrund umfangreicher Planung, die auf den Erfahrungen der ersten Aktion basierten, reibungslos.<\/p>\n\n\n\n<p>\u201eDie Organisation und Durchf\u00fchrung der Impfaktion war ein enormer Kraftakt \u2013 nach einem Blick in die vielen freudigen Gesichter der heute Geimpften hat sich dieser aber mehr als gelohnt\u201c, so Oberb\u00fcrgermeisterin Stefanie Seiler am gestrigen Sonntag. \u201eIch freue mich sehr, dass die Aktion von Beginn bis zum Schluss reibungslos verlief und danke allen Beteiligten, die dies erm\u00f6glicht haben, f\u00fcr ihren Einsatz und die hervorragende Arbeit! Insbesondere den Hauptorganisatoren Prof. Dr. Gerald Haupt und Peter B\u00f6deker, aber auch den st\u00e4dtischen Mitarbeiterinnen und Mitarbeitern, der Polizei, den medizinischen Fachkr\u00e4ften und selbstverst\u00e4ndlich den vielen freiwilligen Helferinnen und Helfern, die u.a. mit Mineralwasser f\u00fcr Abk\u00fchlung bei den warmen Temperaturen gesorgt haben.\u201c<\/p>\n\n\n\n<p>Von den 2563 Impflingen klagten zwischenzeitlich rund 20 \u00fcber Kreislaufprobleme, die aber laut den medizinischen Fachkr\u00e4ften, die eine unmittelbare Versorgung sicherstellten, nicht auf die Impfung, sondern u.a. auf die Wetterbedingungen und Fl\u00fcssigkeitsmangel zur\u00fcckzuf\u00fchren waren und gut beherrscht werden konnten.<\/p>\n\n\n\n<p>Das St. Vincentius Krankenhaus, Ludwig-Apotheke,&nbsp;EDEKA Stiegler, Zelt Seibert, It&#8217;s Gelato Tolone, Picobello, B\u00e4ckerei Wilhelmi, Toi Toi &amp; Dixi Sanit\u00e4rsysteme und Spira Bau unterst\u00fctzten die Aktion.&nbsp;&nbsp;&nbsp;&nbsp;&nbsp;&nbsp;&nbsp;&nbsp;&nbsp;&nbsp;<br>Hinzu kamen zahlreiche ehrenamtliche und freiwillige Helfer*innen&nbsp;wie die gesamte Familie B\u00f6deker, die an den Planungen sowie der Organisation vor Ort ma\u00dfgeblich beteiligt war.<\/p>\n\n\n\n<p>\u201eDie gesamte Aktion war von erstklassigem Teamwork gepr\u00e4gt und wurde so zu einem vollen Erfolg\u201c, erkl\u00e4rt Peter B\u00f6deker begeistert. \u201eDer Zusammenhalt, der in dieser Stadt herrscht, wurde so wieder einmal deutlich: Alle haben mit angepackt und waren sofort zur Stelle, wenn Unterst\u00fctzung notwendig war. Da k\u00f6nnen die etlichen Helferinnen und Helfer wirklich stolz auf sich sein.\u201c<\/p>\n\n\n\n<p>\u201eMit den rund 2500 Impfungen konnte ein weiterer Meilenstein in der Impfkampagne erreicht werden\u201c, freut sich auch Brand- und Katastrophenschutzinspektor und Co-Organisator Peter Eymann.\u00a0\u201eEin klares Plus des Vakzins von Johnson &amp; Johnson ist, dass nur eine Spritze n\u00f6tig ist \u2013 somit haben alle, die gestern geimpft wurden, nach 14 Tagen\u00a0den vollen Impfschutz. Hinzu kommt, dass das Vakzin auch bei K\u00fchlschranktemperaturen \u00fcber einen l\u00e4ngeren Zeitraum gelagert werden kann. Das ist gerade angesichts der Impfdosen, die gestern nicht verimpft werden konnten, von gro\u00dfem Vorteil.\u201c<\/p>\n\n\n\n<p>Etwa 400 Impfdosen sind nach Ende der Aktion \u00fcbriggeblieben, obwohl alle Personen, die auf der Nachr\u00fcckerliste standen, kontaktiert wurden.<br>\u201eZum Gl\u00fcck konnte aber der Impfstoff in allen aufgezogenen Spritzen verimpft werden und die \u00fcbrigen Impfdosen\u00a0k\u00f6nnen kurzfristig \u00fcber die Praxis verabreicht werden\u201c, stellt Prof. Dr. Gerald Haupt klar, der das Impfstoff-Kontingent \u00fcber das \u201eMedizinische Versorgungszentrum Haupt und Kollegen\u201c bestellt hatte.<\/p>\n","protected":false},"excerpt":{"rendered":"<div class=\"mh-excerpt\"><p>Tagesaktuelle Fallzahlen f\u00fcr die Stadt Speyer (Montag, 21.06.2021) Anzahl best\u00e4tigter F\u00e4lle von Coronavirus (SARS-CoV-2)-Infektionen in der Stadt Speyer:\u00a02850 ( + 4 gegen\u00fcber Freitag )Davon bereits genesen:\u00a02732Todesf\u00e4lle: 84 ( unver\u00e4ndert )Gemeldete F\u00e4lle der letzten sieben Tage <a class=\"mh-excerpt-more\" href=\"https:\/\/speyer24news.com\/?p=38196\" title=\"Corona-Virus Speyer\">[&#8230;]<\/a><\/p>\n<\/div>","protected":false},"author":3,"featured_media":25126,"comment_status":"open","ping_status":"open","sticky":false,"template":"","format":"standard","meta":{"_monsterinsights_skip_tracking":false,"_monsterinsights_sitenote_active":false,"_monsterinsights_sitenote_note":"","_monsterinsights_sitenote_category":0,"footnotes":""},"categories":[11613],"tags":[6401,8404,6367,9176,9247,6940,6359,6370,5904,6358,7003,5801,6342,11590,11591,11269,11270,6],"aioseo_notices":[],"amp_enabled":true,"_links":{"self":[{"href":"https:\/\/speyer24news.com\/index.php?rest_route=\/wp\/v2\/posts\/38196"}],"collection":[{"href":"https:\/\/speyer24news.com\/index.php?rest_route=\/wp\/v2\/posts"}],"about":[{"href":"https:\/\/speyer24news.com\/index.php?rest_route=\/wp\/v2\/types\/post"}],"author":[{"embeddable":true,"href":"https:\/\/speyer24news.com\/index.php?rest_route=\/wp\/v2\/users\/3"}],"replies":[{"embeddable":true,"href":"https:\/\/speyer24news.com\/index.php?rest_route=%2Fwp%2Fv2%2Fcomments&post=38196"}],"version-history":[{"count":1,"href":"https:\/\/speyer24news.com\/index.php?rest_route=\/wp\/v2\/posts\/38196\/revisions"}],"predecessor-version":[{"id":38200,"href":"https:\/\/speyer24news.com\/index.php?rest_route=\/wp\/v2\/posts\/38196\/revisions\/38200"}],"wp:featuredmedia":[{"embeddable":true,"href":"https:\/\/speyer24news.com\/index.php?rest_route=\/wp\/v2\/media\/25126"}],"wp:attachment":[{"href":"https:\/\/speyer24news.com\/index.php?rest_route=%2Fwp%2Fv2%2Fmedia&parent=38196"}],"wp:term":[{"taxonomy":"category","embeddable":true,"href":"https:\/\/speyer24news.com\/index.php?rest_route=%2Fwp%2Fv2%2Fcategories&post=38196"},{"taxonomy":"post_tag","embeddable":true,"href":"https:\/\/speyer24news.com\/index.php?rest_route=%2Fwp%2Fv2%2Ftags&post=38196"}],"curies":[{"name":"wp","href":"https:\/\/api.w.org\/{rel}","templated":true}]}}