{"id":38202,"date":"2021-06-23T06:59:38","date_gmt":"2021-06-23T05:59:38","guid":{"rendered":"https:\/\/speyer24news.com\/?p=38202"},"modified":"2021-06-23T07:07:57","modified_gmt":"2021-06-23T06:07:57","slug":"polizei-619","status":"publish","type":"post","link":"https:\/\/speyer24news.com\/?p=38202","title":{"rendered":"Polizei"},"content":{"rendered":"<style type=\"text\/css\">\r\n\t.ads_top_disp{}\r\n\t.ads_top_corner_disp{ float:left; margin:0px 10px 10px 0px; }\r\n\t.ads_first_p_disp{}\r\n\t.ads_bottom_disp{}\r\n\t<\/style>\n<h2 class=\"wp-block-heading\">Polizeimeldungen vom Dienstag (22.06.2021)<\/h2>\n\n\n\n<div class=\"wp-block-image\"><figure class=\"aligncenter size-large\"><img decoding=\"async\" src=\"https:\/\/speyer24news.com\/wp-content\/uploads\/2020\/01\/Aktuelles-Polizeilogo.jpg\" alt=\"\" class=\"wp-image-23832\"\/><\/figure><\/div>\n\n\n\n<h2 class=\"wp-block-heading\">(Speyer) &#8211; Exhibitionist bel\u00e4stigt Frau am Badesee<\/h2>\n\n\n\n<div class=\"wp-block-image\"><figure class=\"aligncenter size-large\"><img decoding=\"async\" loading=\"lazy\" width=\"801\" height=\"600\" src=\"https:\/\/speyer24news.com\/wp-content\/uploads\/2020\/05\/Zeugen-gesucht-Neutral.jpg\" alt=\"\" class=\"wp-image-26598\" srcset=\"https:\/\/speyer24news.com\/wp-content\/uploads\/2020\/05\/Zeugen-gesucht-Neutral.jpg 801w, https:\/\/speyer24news.com\/wp-content\/uploads\/2020\/05\/Zeugen-gesucht-Neutral-300x225.jpg 300w, https:\/\/speyer24news.com\/wp-content\/uploads\/2020\/05\/Zeugen-gesucht-Neutral-768x575.jpg 768w, https:\/\/speyer24news.com\/wp-content\/uploads\/2020\/05\/Zeugen-gesucht-Neutral-678x509.jpg 678w, https:\/\/speyer24news.com\/wp-content\/uploads\/2020\/05\/Zeugen-gesucht-Neutral-326x245.jpg 326w, https:\/\/speyer24news.com\/wp-content\/uploads\/2020\/05\/Zeugen-gesucht-Neutral-80x60.jpg 80w\" sizes=\"(max-width: 801px) 100vw, 801px\" \/><\/figure><\/div>\n\n\n\n<p>Gleich zwei M\u00e4nner traten am Montag am Badesee Binsfeld als Exhibitionist in Erscheinung. Zun\u00e4chst wurde gegen 13:30 Uhr eine 20-J\u00e4hrige am Kuhunter See von einem unbekannten Mann bel\u00e4stigt. <\/p>\n\n\n\n<ul><li>Der T\u00e4ter wird beschrieben als Mann mit dunkler kurzer &#8222;Igelfrisur&#8220; und einer schwarzen T\u00e4towierung an einem seiner Oberarme (vermutlich Tribals). <\/li><li>Er hatte eine Gr\u00f6\u00dfe von ca. 180-185cm, eine normale Statur und trug eine schwarze Sonnenbrille. <\/li><li>Bekleidet war der Mann mit einem wei\u00dfen T-Shirt oder Tank Top. <\/li><\/ul>\n\n\n\n<p>Um 20:50 Uhr wurde ein weiterer Exhibitionist in einem Geb\u00fcsch sitzend gemeldet. <\/p>\n\n\n\n<ul><li>Dieser Mann wird auf ca. 50-60 Jahre gesch\u00e4tzt. <\/li><li>Er hatte dunkelgraue mittellange Haare, einen grauen Schnauzer, <\/li><li>ist ca. 175 cm-185 cm gro\u00df und <\/li><li>von normaler Statur. <\/li><\/ul>\n\n\n\n<p>Wer hat einen der M\u00e4nner im Bereich des Badesee Binsfeld gesehen oder kann sachdienliche Hinweise geben. Zeugen werden gebeten, sich unter der Tel. 06232\/137-0 oder per Email an&nbsp;<a href=\"mailto:pispeyer@polizei.rlp.de\">pispeyer@polizei.rlp.de<\/a>&nbsp;mit der Polizei Speyer in Verbindung zu setzen.<\/p>\n\n\n\n<h2 class=\"wp-block-heading\">(Ottersheim) &#8211; Gartenabf\u00e4lle im Wald entsorgt<\/h2>\n\n\n\n<p>Bereits letzten Donnerstag konnten aufmerksame Spazierg\u00e4nger in der N\u00e4he des Ottersheimer Teilungswehres einen Autofahrer beobachten, der dort seine in einem Anh\u00e4nger mitgef\u00fchrten Gartenabf\u00e4lle unerlaubt entsorgte. Sie notierten sich das Kennzeichen, wodurch er schnell ermittelt werden konnte. Auf ihn kommt nun ein Bu\u00dfgeld zu.<\/p>\n\n\n\n<h2 class=\"wp-block-heading\">(A 65 \/ Rohrbach) &#8211; \u00dcber die Fahrbahn geschleudert<\/h2>\n\n\n\n<div class=\"wp-block-image\"><figure class=\"aligncenter size-large\"><img decoding=\"async\" loading=\"lazy\" width=\"800\" height=\"729\" src=\"https:\/\/speyer24news.com\/wp-content\/uploads\/2021\/06\/20210622_VUA653.jpg\" alt=\"\" class=\"wp-image-38203\" srcset=\"https:\/\/speyer24news.com\/wp-content\/uploads\/2021\/06\/20210622_VUA653.jpg 800w, https:\/\/speyer24news.com\/wp-content\/uploads\/2021\/06\/20210622_VUA653-300x273.jpg 300w, https:\/\/speyer24news.com\/wp-content\/uploads\/2021\/06\/20210622_VUA653-768x700.jpg 768w\" sizes=\"(max-width: 800px) 100vw, 800px\" \/><\/figure><\/div>\n\n\n\n<p>Kurz vor 13 Uhr kam es am Dienstagmittag (22.06.2021) auf der A65, N\u00e4he der Anschlussstelle Rohrbach (Fahrtrichtung Karlsruhe) zu einem Verkehrsunfall, weil ein 53 Jahre alter Fahrer eines Kleintransporters mit Anh\u00e4nger infolge nicht ordnungsgem\u00e4\u00df gesicherter Ladung bei regennasser Fahrbahn ins Schleudern kam und dabei die Kontrolle \u00fcber sein Fahrzeug verlor. <\/p>\n\n\n\n<div class=\"wp-block-image\"><figure class=\"aligncenter size-large\"><img decoding=\"async\" loading=\"lazy\" width=\"800\" height=\"569\" src=\"https:\/\/speyer24news.com\/wp-content\/uploads\/2021\/06\/20210622_VUA651.jpg\" alt=\"\" class=\"wp-image-38204\" srcset=\"https:\/\/speyer24news.com\/wp-content\/uploads\/2021\/06\/20210622_VUA651.jpg 800w, https:\/\/speyer24news.com\/wp-content\/uploads\/2021\/06\/20210622_VUA651-300x213.jpg 300w, https:\/\/speyer24news.com\/wp-content\/uploads\/2021\/06\/20210622_VUA651-768x546.jpg 768w\" sizes=\"(max-width: 800px) 100vw, 800px\" \/><\/figure><\/div>\n\n\n\n<p>Durch den Schleudervorgang wurde die Anh\u00e4ngerkupplung abgerissen, wobei der Transporter \u00fcber die gesamte Fahrbahn geschleudert und entgegen der Fahrtrichtung zum Stehen kam. W\u00e4hrend der Fahrer unverletzt blieb, entstand an seinem Transporter und an dem mitgef\u00fchrten Anh\u00e4nger ein Sachschaden von 10.000 Euro. <\/p>\n\n\n\n<div class=\"wp-block-image\"><figure class=\"aligncenter size-large\"><img decoding=\"async\" loading=\"lazy\" width=\"800\" height=\"493\" src=\"https:\/\/speyer24news.com\/wp-content\/uploads\/2021\/06\/20210622_VUA652.jpg\" alt=\"\" class=\"wp-image-38205\" srcset=\"https:\/\/speyer24news.com\/wp-content\/uploads\/2021\/06\/20210622_VUA652.jpg 800w, https:\/\/speyer24news.com\/wp-content\/uploads\/2021\/06\/20210622_VUA652-300x185.jpg 300w, https:\/\/speyer24news.com\/wp-content\/uploads\/2021\/06\/20210622_VUA652-768x473.jpg 768w\" sizes=\"(max-width: 800px) 100vw, 800px\" \/><\/figure><\/div>\n\n\n\n<p>Wegen der Bergung des Fahrzeugs musste die A65 in Fahrtrichtung Karlsruhe f\u00fcr \u00fcber eine Stunde halbseitig gesperrt werden. Es kam zu Verkehrsbehinderungen.<\/p>\n\n\n\n<h2 class=\"wp-block-heading\">(Bad Bergzabern) &#8211; Widerstand geleistet und Beamte beleidigt<\/h2>\n\n\n\n<p>Am 21.06.2021, gegen 19:40 Uhr, sollte am Bahnhof in Bad Bergzabern ein Mann wegen einer Kopfplatzwunde vom Rettungsdienst medizinisch versorgt werden. Der Mann zeigte sich sowohl gegen die Rettungskr\u00e4fte, als auch die hinzugerufenen Polizeibeamten \u00e4u\u00dferst aggressiv, sodass der deutlich unter Alkoholeinfluss stehende 33-J\u00e4hrige von den Polizeibeamten auf den Boden gebracht wurde, wo er sich noch gegen die Fesselung wehrte. Zudem wurden die eingesetzten Beamten massiv beleidigt. Zur medizinischen Versorgung wurde der Mann anschlie\u00dfend in ein Krankenhaus verbracht, wo er sich langsam beruhigte. Die eingesetzten Rettungskr\u00e4fte und die Polizeibeamten wurden nicht verletzt. Gegen den Beschuldigten wird nun wegen Widerstand gegen Vollstreckungsbeamte, K\u00f6rperverletzung und Beleidigung ermittelt.<\/p>\n\n\n\n<h2 class=\"wp-block-heading\">(Vorderweidenthal) &#8211; Fahrer \u00fcbersieht Loch am Fahrbahnrand<\/h2>\n\n\n\n<div class=\"wp-block-image\"><figure class=\"aligncenter size-large\"><img decoding=\"async\" loading=\"lazy\" width=\"800\" height=\"662\" src=\"https:\/\/speyer24news.com\/wp-content\/uploads\/2021\/06\/Inkedcdv_photo_004_LI.jpg\" alt=\"\" class=\"wp-image-38206\" srcset=\"https:\/\/speyer24news.com\/wp-content\/uploads\/2021\/06\/Inkedcdv_photo_004_LI.jpg 800w, https:\/\/speyer24news.com\/wp-content\/uploads\/2021\/06\/Inkedcdv_photo_004_LI-300x248.jpg 300w, https:\/\/speyer24news.com\/wp-content\/uploads\/2021\/06\/Inkedcdv_photo_004_LI-768x636.jpg 768w\" sizes=\"(max-width: 800px) 100vw, 800px\" \/><\/figure><\/div>\n\n\n\n<p>Am Dienstag, 22.06.21, gegen 11:30 Uhr, wollte der Fahrer eines Pkw Toyota am Ortsausgang Vorderweidenthal an den Stra\u00dfenrand fahren. Hierbei \u00fcbersieht der 67-J\u00e4hrige ein Loch hinter der dortigen Regenrinne und h\u00e4ngt fest. Das Fahrzeug musste mit einem Kran geborgen werden. Der Schaden an dem Pkw wird auf 1000,-EUR gesch\u00e4tzt.<\/p>\n\n\n\n<h2 class=\"wp-block-heading\">(Landau) &#8211; Aktuelle Warnmeldung der Polizeidirektion Landau<\/h2>\n\n\n\n<p>Die Polizeidirektion Landau m\u00f6chte Sie darauf hinweisen, dass es aktuell im Kreis S\u00fcdliche Weinstra\u00dfe und im Kreis Germersheim vermehrt zu Anrufen bei B\u00fcrgerinnen und B\u00fcrgern kommt, bei denen es sich um Betrugsversuche im Deliktsbereich der falschen Polizeibeamten und Enkeltrickbetr\u00fcgen handeln k\u00f6nnte.<\/p>\n\n\n\n<ul><li>Geben Sie am Telefon keine Auskunft \u00fcber Ihre pers\u00f6nlichen und finanziellen Verh\u00e4ltnisse oder andere sensible Daten.<\/li><li>\u00d6ffnen Sie unbekannten Personen nicht die T\u00fcr. Ziehen Sie gegebenenfalls eine Vertrauensperson hinzu, z. B. Nachbarn oder nahe  Verwandte.<\/li><li>\u00dcbergeben Sie unbekannten Personen kein Geld oder Wertsachen. <\/li><\/ul>\n\n\n\n<p>Wenden Sie sich an das \u00f6rtliche Polizeirevier. Erz\u00e4hlen Sie der Polizei von den Anrufen. Die Polizeidirektion Landau ist f\u00fcr Sie da! Telefonnummer: 06341-287-0 oder 06341-287-2010.<\/p>\n\n\n\n<h2 class=\"wp-block-heading\">(Landau) &#8211; Unwetter \u00fcber Landauer Dienstgebiet<\/h2>\n\n\n\n<div class=\"wp-block-image\"><figure class=\"aligncenter size-large\"><img decoding=\"async\" loading=\"lazy\" width=\"800\" height=\"600\" src=\"https:\/\/speyer24news.com\/wp-content\/uploads\/2021\/06\/albersweiler.jpg\" alt=\"\" class=\"wp-image-38207\" srcset=\"https:\/\/speyer24news.com\/wp-content\/uploads\/2021\/06\/albersweiler.jpg 800w, https:\/\/speyer24news.com\/wp-content\/uploads\/2021\/06\/albersweiler-300x225.jpg 300w, https:\/\/speyer24news.com\/wp-content\/uploads\/2021\/06\/albersweiler-768x576.jpg 768w, https:\/\/speyer24news.com\/wp-content\/uploads\/2021\/06\/albersweiler-678x509.jpg 678w, https:\/\/speyer24news.com\/wp-content\/uploads\/2021\/06\/albersweiler-326x245.jpg 326w, https:\/\/speyer24news.com\/wp-content\/uploads\/2021\/06\/albersweiler-80x60.jpg 80w\" sizes=\"(max-width: 800px) 100vw, 800px\" \/><figcaption>Eu\u00dferthaler Stra\u00dfe in Albersweiler nach Hangrutsch<\/figcaption><\/figure><\/div>\n\n\n\n<p>In der Nacht von Montag auf Dienstag besch\u00e4ftigte ein Unwetter die Polizei Landau. Nach starken Regenf\u00e4llen musste die Polizei zwischen 23:00 Uhr und 02:30 Uhr in Annweiler, Siebeldingen und Albersweiler wegen \u00fcberschwemmter Fahrbahnen und dadurch bedingter Gefahrenstellen im Verkehr anr\u00fccken. <\/p>\n\n\n\n<div class=\"wp-block-image\"><figure class=\"aligncenter size-large\"><img decoding=\"async\" loading=\"lazy\" width=\"800\" height=\"600\" src=\"https:\/\/speyer24news.com\/wp-content\/uploads\/2021\/06\/albersweiler2.jpg\" alt=\"\" class=\"wp-image-38208\" srcset=\"https:\/\/speyer24news.com\/wp-content\/uploads\/2021\/06\/albersweiler2.jpg 800w, https:\/\/speyer24news.com\/wp-content\/uploads\/2021\/06\/albersweiler2-300x225.jpg 300w, https:\/\/speyer24news.com\/wp-content\/uploads\/2021\/06\/albersweiler2-768x576.jpg 768w, https:\/\/speyer24news.com\/wp-content\/uploads\/2021\/06\/albersweiler2-678x509.jpg 678w, https:\/\/speyer24news.com\/wp-content\/uploads\/2021\/06\/albersweiler2-326x245.jpg 326w, https:\/\/speyer24news.com\/wp-content\/uploads\/2021\/06\/albersweiler2-80x60.jpg 80w\" sizes=\"(max-width: 800px) 100vw, 800px\" \/><figcaption>Eu\u00dferthaler Stra\u00dfe in Albersweiler nach Hangrutsch<\/figcaption><\/figure><\/div>\n\n\n\n<p>In Albersweiler musste die Eu\u00dferthaler Stra\u00dfe aufgrund eines abgerutschten Hanges gesperrt werden. In Herxheim lagen zwei B\u00e4ume auf der Fahrbahn, die durch die hinzugezogene Feuerwehr beseitigt werden mussten. Zu Personensch\u00e4den kam es bei dem Unwetter nicht.<\/p>\n\n\n\n<h2 class=\"wp-block-heading\">(Landau) &#8211; Alkoholisiert geparktes Fahrzeug besch\u00e4digt<\/h2>\n\n\n\n<p>Am sp\u00e4ten Montagabend kam es in der Wei\u00dfquartierstra\u00dfe in Landau zu einem Verkehrsunfall, bei dem ein geparktes Fahrzeug erheblich besch\u00e4digt wurde. Der 22-j\u00e4hrige Landauer Fahrzeugf\u00fchrer fuhr mit einem VW Transporter gegen das Heck eines am Stra\u00dfenrand geparkten Fahrzeuges. Bei der anschlie\u00dfenden Unfallaufnahme stellten die eingesetzten Beamten Hinweise auf eine Alkoholisierung des Unfallverursachers fest. Ein durchgef\u00fchrter Atemalkoholtest ergab einen Wert von \u00fcber 1,5 Promille. Dem Fahrzeugf\u00fchrer wurde eine Blutprobe entnommen. Sein F\u00fchrerschein wurde mit dem Ziel der vorl\u00e4ufigen Entziehung sichergestellt. Bei dem Verkehrsunfall entstand ein Sachschaden von ca. 5000 Euro.<\/p>\n\n\n\n<h2 class=\"wp-block-heading\">(Edesheim) &#8211; 14-j\u00e4hrige Radfahrerin verletzt<\/h2>\n\n\n\n<p>In der Staatsstra\u00dfe kam es gegen 13.20 Uhr (22.06.2021) zu einem Verkehrsunfall, bei dem eine 14 Jahre alte Radfahrerin st\u00fcrzte, sich am linken Knie verletzte und in ein Krankenhaus gebracht werden musste. Eine 77 Jahre alte Autofahrerin wollte vom Parkplatz eines Lebensmitteldiscounters nach rechts in die Staatsstra\u00dfe einbiegen und \u00fcbersah hierbei die 14-J\u00e4hrige.<\/p>\n\n\n\n<h2 class=\"wp-block-heading\">(Lambrecht) &#8211; Kupferdiebstahl auf Schulgel\u00e4nde<\/h2>\n\n\n\n<p>Im Zeitraum vom 18.06.2021 ab 15:30 Uhr bis zum 21.06.2021 08:00 Uhr drangen bislang unbekannte T\u00e4ter auf das Gel\u00e4nde der Realschule in Lambrecht ein und entwendeten dort mehrere Kupferfallrohre. Die Rohre wurden durch die T\u00e4ter aus der Halterung gebrochen. Der Schaden liegt bei ca. 2000 Euro. Personen, welche Hinweise zur Aufkl\u00e4rung der Tat geben k\u00f6nnen, werden gebeten sich mit der Polizei Neustadt in Verbindung zu setzen.<\/p>\n\n\n\n<h2 class=\"wp-block-heading\">(Neustadt) &#8211; Zeugenaufruf nach Verkehrsunfallflucht<\/h2>\n\n\n\n<p>Im Zeitraum vom 20.06.2021 ab 22:00 Uhr bis zum 21.06.2021 09:45 Uhr besch\u00e4digte ein bislang unbekannter Fahrzeugf\u00fchrer ein auf dem Parkplatz &#8222;Bachg\u00e4ngel&#8220; abgestellten PKW. Der Verursacher stie\u00df vermutlich beim Ein- oder Ausparken gegen das geparkte Fahrzeug und entfernte sich im Anschluss von der \u00d6rtlichkeit, ohne seinen Pflichten als Verkehrsunfallbeteiligter nachzukommen. An dem geparkten Fahrzeug entstand ein Sachschaden in H\u00f6he von ca. 500 Euro.<\/p>\n\n\n\n<p>Zeugen, welche relevante Beobachtungen gemacht haben, werden gebeten sich mit der Polizei Neustadt in Verbindung zu setzen.<\/p>\n\n\n\n<h2 class=\"wp-block-heading\">(Ha\u00dfloch) &#8211; Verlorene Radieschen<\/h2>\n\n\n\n<div class=\"wp-block-image\"><figure class=\"aligncenter size-large\"><img decoding=\"async\" loading=\"lazy\" width=\"600\" height=\"591\" src=\"https:\/\/speyer24news.com\/wp-content\/uploads\/2021\/06\/radishes-5116751_1920.jpg\" alt=\"\" class=\"wp-image-38209\" srcset=\"https:\/\/speyer24news.com\/wp-content\/uploads\/2021\/06\/radishes-5116751_1920.jpg 600w, https:\/\/speyer24news.com\/wp-content\/uploads\/2021\/06\/radishes-5116751_1920-300x296.jpg 300w\" sizes=\"(max-width: 600px) 100vw, 600px\" \/><\/figure><\/div>\n\n\n\n<p>Am Dienstag, 22.06.2021, gegen 18:50 Uhr, befuhr ein 48-j\u00e4hriger Erntehelfer mit seinem voll beladenen landwirtschaftlichen Gespann die Westrandstra\u00dfe. Bei Einfahrt in den Kreisverkehr L 530 \/ BAB 65 (Auffahrt Richtung Ludwigshafen) verlor der Fahrer ca. 250 &#8211; 300 Kisten mit Radieschen, da diese offensichtlich nicht ordnungsgem\u00e4\u00df gesichert waren. Bei Eintreffen der Einsatzkr\u00e4fte war die Zufahrt zur BAB 65 Fahrtrichtung Ludwigshafen) meterhoch und -breit mit Kisten und Radieschen blockiert. Die verlorene Ladung musste mit Hilfe von Wehrkr\u00e4ften der Feuerwehr Ha\u00dfloch von der Fahrbahn ger\u00e4umt und die Stra\u00dfe gereinigt werden. Die Ladung wurde im Anschluss vom Eigent\u00fcmer und seinen Helfern aufgeladen und abtransportiert. Die Auffahrt zur BAB 65 musste f\u00fcr ca. 60 Minuten, die L 530 f\u00fcr ca. 90 Minuten im Bereich der Unfallstelle gesperrt werden. Es entstand keinerlei Fremdschaden und es wurde auch niemand verletzt. Ein entsprechendes Ordnungswidrigkeitenverfahren wurde eingeleitet.<\/p>\n\n\n\n<h2 class=\"wp-block-heading\">(Bad D\u00fcrkheim) &#8211; Verkehrsunfallflucht \/ Zeugen gesucht<\/h2>\n\n\n\n<p>Am 21.06.2021 stellte die 62-j\u00e4hrige Gesch\u00e4digte ihren grauen Mercedes E220 mit D\u00fcrkheimer Kennzeichen gegen 11.15 Uhr auf dem Parkplatz vor dem Einkaufsmarkt &#8222;Aldi&#8220; in der Bruchstra\u00dfe ab. Nach dem Einkauf musste sie zuhause feststellen, dass ihr Auto an der rechen Seite der Hecksto\u00dfstange besch\u00e4digt worden war. Aufgrund des Schadensbildes d\u00fcrfte es sich bei dem Verursacher um einen Pkw handeln, der beim Ausparken gegen den Wagen der Mercedesfahrerin fuhr. Wer hat Beobachtungen gemacht? Sachdienliche Hinweise bitte an die Polizeiinspektion Bad D\u00fcrkheim unter der Telefonnummer 06322-9630 oder per E-Mail an&nbsp;<a href=\"mailto:pibadduerkheim@polizei.rlp.de\">pibadduerkheim@polizei.rlp.de<\/a><\/p>\n\n\n\n<h2 class=\"wp-block-heading\">(Gr\u00fcnstadt) &#8211; Unfall mit Kind<\/h2>\n\n\n\n<p>Bei einem Verkehrsunfall am Montagnachmittag im \u00d6stlichen Graben fuhr eine 57-j\u00e4hrige PKW-Fahrerin vom Luitpoldplatz kommend Richtung Poststra\u00dfe. In H\u00f6he des Synagogenplatzes fuhr ein 4-J\u00e4hriger mit seinem Tretroller auf dem Gehweg. Der PKW touchierte nach Zeugenangaben den Lenker des Rollers, wodurch das Kind zu Fall kam. Der Junge klagte \u00fcber Schmerzen im R\u00fccken, weshalb ein Krankenwagen gerufen wurde. Bei einer Untersuchung wurden keine ernsthaften Verletzungen festgestellt.<\/p>\n\n\n\n<h2 class=\"wp-block-heading\">(Gr\u00fcnstadt) &#8211; Zaubertrick aufgesessen \/ 25EUR weg<\/h2>\n\n\n\n<div class=\"wp-block-image\"><figure class=\"aligncenter size-large\"><img decoding=\"async\" loading=\"lazy\" width=\"800\" height=\"457\" src=\"https:\/\/speyer24news.com\/wp-content\/uploads\/2021\/06\/magic-2034146_1920.jpg\" alt=\"\" class=\"wp-image-38210\" srcset=\"https:\/\/speyer24news.com\/wp-content\/uploads\/2021\/06\/magic-2034146_1920.jpg 800w, https:\/\/speyer24news.com\/wp-content\/uploads\/2021\/06\/magic-2034146_1920-300x171.jpg 300w, https:\/\/speyer24news.com\/wp-content\/uploads\/2021\/06\/magic-2034146_1920-768x439.jpg 768w\" sizes=\"(max-width: 800px) 100vw, 800px\" \/><\/figure><\/div>\n\n\n\n<p>Ein 26-j\u00e4hriger Gesch\u00e4digter informierte Montagnachmittag die Polizei, nachdem er am Bahnhof Gr\u00fcnstadt einem Zaubertrick aufgesessen war. Ein unbekannter &#8222;Zauberer&#8220; erbat sich vom Gesch\u00e4digten einen 5EUR-Schein und verbrannte diesen vor seinen Augen. Um den Geldschein wieder her zu zaubern verlangte der T\u00e4ter einen 20EUR-Schein. Als der Gesch\u00e4digte diesen aush\u00e4ndigte, rannte der T\u00e4ter los und entkam in einem Zug nach Monsheim. Fahndungsma\u00dfnahmen bleiben erfolglos. Die Ermittlungen dauern an.<\/p>\n\n\n\n<h2 class=\"wp-block-heading\">(Ebertsheim) &#8211; Verkehrsunfall mit \u00fcberschlagenem PKW und hohem Sachschaden<\/h2>\n\n\n\n<p>Am Dienstag, dem 22.06.2021 gegen 13:45 Uhr kam es zu einem Verkehrsunfall in der Eisenberger Stra\u00dfe in Ebertsheim. Ein 82-j\u00e4hriger Mann aus dem Bereich Eisenberg fuhr aus Unachtsamkeit mit seinem PKW an einen am Stra\u00dfenrand stehenden PKW. Durch den Zusammenprall wurde der geparkte PKW einige Meter nach vorne geschoben und der PKW des Unfallverursachers \u00fcberschlug sich ein Mal, sodass das Fahrzeug auf dem Dach liegen blieb. Durch den Einsatz von weiteren Verkehrsteilnehmern konnte der 82-J\u00e4hrige aus dem \u00fcberschlagenen PKW herausgezogen werden und blieb lediglich leichtverletzt. Beide Fahrzeuge waren nicht mehr fahrbereit. Es entstand Sachschaden in H\u00f6he von etwa 22.000 Euro. F\u00fcr die Dauer der Unfallaufnahme und der Erstversorgung durch den Rettungsdienst war die Eisenberger Stra\u00dfe f\u00fcr ca. 45 Minuten voll gesperrt. Der 82-J\u00e4hrige kam f\u00fcr weitere Untersuchungen in ein nahegelegenes Krankenhaus.<\/p>\n\n\n\n<h2 class=\"wp-block-heading\">(Kindenheim) &#8211; Einbruch in Gartenhaus<\/h2>\n\n\n\n<p>Unbekannte T\u00e4ter drangen in der Nacht zum Montag, nach \u00dcberwinden eines Maschendrahtzauns, in ein Gartenhaus ein. Eine Sicherung (Vorh\u00e4ngeschloss) wurde geknackt und aus dem Objekt wurden Werkzeug und ein Gartenschlauch im Wert von insgesamt ca. 500EUR gestohlen.<\/p>\n\n\n\n<h2 class=\"wp-block-heading\">(Frankenthal) &#8211; Verkehrsunfallflucht<\/h2>\n\n\n\n<p>Der Gesch\u00e4digte stellte seinen LKW DAF am 21.06.2021, zwischen 06.00 Uhr und 06.30 Uhr, auf dem \u00f6ffentlichen Parkplatz an der Kl\u00e4ranlage in der Stra\u00dfe Am Spitzenbusch ab. Als er wieder zu seinem LKW kam, musste er feststellen, dass vermutlich ein bislang unbekannter LKW-F\u00fchrer diesen an der rechten Seite besch\u00e4digt hatte. Der Schaden wird auf etwa 3000 Euro gesch\u00e4tzt.<\/p>\n\n\n\n<p>Zeugen werden gebeten sich an die Polizeiinspektion Frankenthal unter der Tel.-Nr.: 06233\/313-0 oder an die Polizeiwache Maxdorf unter der Tel.-Nr.: 06237\/934-1100 zu wenden. Gerne nehmen wir Ihre Hinweise auch per E-Mail unter&nbsp;<a href=\"mailto:pifrankenthal@polizei.rlp.de\">pifrankenthal@polizei.rlp.de<\/a>&nbsp;entgegen.<\/p>\n\n\n\n<h2 class=\"wp-block-heading\">(Ludwigshafen) &#8211; Zeugen gesucht \/ Auseinandersetzung an Endhaltestelle Oggersheim<\/h2>\n\n\n\n<p>Mehrere Jugendliche sollen am Dienstag (22.06.2021), gegen 13:15 Uhr, einen 17-J\u00e4hrigen an der Stra\u00dfenbahn-Endhaltstelle in der M\u00f6rikestra\u00dfe geschlagen haben. Der Gesch\u00e4digte wartete an einem dortigen D\u00f6nerladen als insgesamt 6 Jugendliche ihn zun\u00e4chst provozierten. Als er versuchte in die einfahrende Stra\u00dfenbahn der Linie 4 einzusteigen, hinderten ihn die T\u00e4ter daran und schlugen auf ihn ein. Letztendlich konnte sich der 17-J\u00e4hrige losrei\u00dfen und in die Stra\u00dfenbahn einsteigen, woraufhin die T\u00e4ter in Richtung Schillerstra\u00dfe und der Gesamtschule fl\u00fcchteten.<\/p>\n\n\n\n<p>Der Gesch\u00e4digte wurde am Kopf leicht verletzt.<\/p>\n\n\n\n<ul><li><strong>Die T\u00e4ter waren zwischen 1,40 bis 1,70 m gro\u00df und gesch\u00e4tzte 15 Jahre alt.<\/strong><\/li><\/ul>\n\n\n\n<ol><li><strong>T\u00e4ter trug ein rotes T-Shirt, hatte eine rote Kappe falsch herum auf dem Kopf. <\/strong><\/li><li><strong>T\u00e4ter war mit einer wei\u00dfen Trainingsjacke, roter Jogginghose (Adidas) bekleidet. <\/strong><\/li><li><strong>T\u00e4ter hatte ein schwarzes T-Shirt und schwarze Jeans an, hatte lockiges Haar. <\/strong><\/li><li><strong>T\u00e4ter trug ein rotes T-Shirt und hatte einen schwarzen Rucksack dabei. Zu den anderen Personen liegt keine weitere Beschreibung vor.<\/strong><\/li><\/ol>\n\n\n\n<p>Wer kann Hinweise zu den T\u00e4tern geben?<\/p>\n\n\n\n<p>Sachdienliche Hinweise nimmt die Polizeiwache Oggersheim unter Tel. 0621 963 &#8211; 2403 oder per Mail&nbsp;<a href=\"mailto:pwoggersheim@polizei.rlp.de\">pwoggersheim@polizei.rlp.de<\/a>&nbsp;entgegen.<\/p>\n\n\n\n<h2 class=\"wp-block-heading\">(Ludwigshafen) &#8211; DEIG-Einsatz \/ 36-J\u00e4hriger f\u00e4hrt ohne Fahrschein und legt sich mit Polizeibeamten an<\/h2>\n\n\n\n<div class=\"wp-block-image\"><figure class=\"aligncenter size-large\"><img decoding=\"async\" loading=\"lazy\" width=\"500\" height=\"667\" src=\"https:\/\/speyer24news.com\/wp-content\/uploads\/2021\/03\/DEIG.jpg\" alt=\"\" class=\"wp-image-34585\" srcset=\"https:\/\/speyer24news.com\/wp-content\/uploads\/2021\/03\/DEIG.jpg 500w, https:\/\/speyer24news.com\/wp-content\/uploads\/2021\/03\/DEIG-225x300.jpg 225w\" sizes=\"(max-width: 500px) 100vw, 500px\" \/><\/figure><\/div>\n\n\n\n<p>Am 22.06.2021, gegen 06:45 Uhr, wurde ein 36-J\u00e4hriger bei einer Fahrscheinkontrolle in einem Linienbus kontrolliert. Da er keinen Fahrschein besa\u00df, wollten die Fahrausweispr\u00fcfer seine Personalien aufnehmen. Als er dies verweigerte und ank\u00fcndigte, jeden anzugreifen, der ihn in irgendeiner Art und Weise kontrollieren oder anderweitig mit Sanktionen belegen wollte, wurde die Polizei verst\u00e4ndigt. An der Haltestelle Berliner Platz versuchte der 36-J\u00e4hrige, den Bus zu verlasen und sich an den hinzu gerufenen Polizeibeamten vorbei zu dr\u00e4ngen. Als die Polizeibeamten ihn aufhalten wollten, begann er, nach ihnen zu schlagen und zu treten. Dabei wurde ein 27-J\u00e4hriger Polizeibeamter mehrfach am Kopf getroffen, blieb aber unverletzt. Eine Polizeibeamtin schleuderte er gegen den Linienbus und zog sie an den Haaren. Auch sie blieb soweit unverletzt. Um weitere gef\u00e4hrliche Handlungen zu unterbinden, drohten die Polizeibeamten den Einsatz des Distanzelektroimpulsger\u00e4tes (DEIG) an und setzten es daraufhin auch ein. Dadurch konnte der 36-J\u00e4hrige letztendlich \u00fcberw\u00e4ltigt werden. Da er weder unter dem Einfluss von Alkohol noch von anderen berauschenden Mitteln stand, wurde er dem kommunalen Vollzugsdienst der Stadt Ludwigshafen \u00fcbergeben und kam dann in ein psychiatrisches Krankenhaus. Bis auf minimale Hautverletzungen durch die Elektroden blieb der 36-J\u00e4hrige unverletzt.<\/p>\n\n\n\n<h2 class=\"wp-block-heading\">(Ludwigshafen) &#8211; Mit 2,86 Promille im Auto angetroffen<\/h2>\n\n\n\n<p>Am 21.06.2021, gegen 16:10 Uhr, wurde der Polizei von einer Zeugin mitgeteilt, dass in der Sachsenstra\u00dfe ein Auto stehe, in dem ein Mann auf dem Fahrersitz sitze, der stark nach Alkohol riechen w\u00fcrde. Als die Polizeibeamten vor Ort eintrafen und den Mann baten, aus dem Auto zu steigen, schwankte der 53-J\u00e4hrige sehr stark. Ein freiwillig durchgef\u00fchrter Atemalkoholtest ergab einen Wert von 2,86 Promille. Bei der \u00dcberpr\u00fcfung des Autos stellten die Beamten fest, dass sowohl die Motorhaube als auch die Bremsen warm waren. Auf Grund dessen und einer Zeugenaussage wird davon ausgegangen, dass der 53-J\u00e4hrige in alkoholisiertem Zustand mit dem Auto gefahren ist. Sein F\u00fchrerschein wurde deshalb beschlagnahmt und sein Fahrzeugschl\u00fcssel wurde pr\u00e4ventiv sichergestellt.<\/p>\n\n\n\n<h2 class=\"wp-block-heading\">(Ludwigshafen) &#8211; Fahrradfahrer zerschl\u00e4gt Autoscheibe<\/h2>\n\n\n\n<p>Am 21.06.2021, gegen 14:00 Uhr, fuhr eine 48-J\u00e4hrige mit ihrem Auto auf der Pranckhstra\u00dfe in Richtung Paul-Kleefoot-Platz. Pl\u00f6tzlich kam ihr ein Fahrradfahrer entgegen, der entgegen der Fahrtrichtung fuhr und ihr zuschrie, dass sie falsch in der Einbahnstra\u00dfe fahre. Als die 48-J\u00e4hrige ihm entgegnete, dass er in die falsche Richtung fahren w\u00fcrde, hielt der Fahrradfahrer an, stieg von seinem Fahrrad und klopfte gegen die Autoscheibe der 48-J\u00e4hrigen. Danach stellte er sein Fahrrad vor das Auto der Gesch\u00e4digten, ging erneut zu der Fahrerseite und klopfte immer fester mit der Faust gegen die Scheibe bis diese zerbrach. Durch das herumfliegende Glas wurde die 48-J\u00e4hrige leicht verletzt. Dann drohte der Unbekannte ihr noch, dass er sie umbringen w\u00fcrde und machte Bilder von ihr. Danach fuhr er mit seinem Fahrrad davon.<\/p>\n\n\n\n<p>Wer Hinweise zu dem unbekannten Fahrradfahrer geben kann, wird gebeten, sich an die Polizeiinspektion Ludwigshafen 1, Telefonnummer 0621 963-2122 oder per E-Mail&nbsp;<a href=\"mailto:piludwigshafen1@polizei.rlp.de\">piludwigshafen1@polizei.rlp.de<\/a>&nbsp;zu wenden.<\/p>\n\n\n\n<h2 class=\"wp-block-heading\">(Ludwigshafen) &#8211; Einbruch in Kellerabteil<\/h2>\n\n\n\n<p>Am 21.06.2021, zwischen 00:00 Uhr und 12:30 Uhr, brachen unbekannte T\u00e4ter in ein Kellerabteil eines Mehrfamilienhauses in der Gudrunstra\u00dfe ein. Sie stahlen einen Satz Winterreifen, ein Fahrrad sowie ein Glasterrarium. Der Schaden bel\u00e4uft sich auf etwa 800 Euro.<\/p>\n\n\n\n<p>Sachdienliche Hinweise bitte an die Polizeiinspektion Ludwigshafen 2, Telefonnummer 0621 963-2222 oder per E-Mail&nbsp;<a href=\"mailto:piludwigshafen2@polizei.rlp.de\">piludwigshafen2@polizei.rlp.de<\/a>.<\/p>\n\n\n\n<h2 class=\"wp-block-heading\">(Ludwigshafen) &#8211; Scheibenwischbl\u00e4tter von Auto gestohlen<\/h2>\n\n\n\n<p>In der Zeit zwischen dem 19.06.2021, gegen 16:10 Uhr und dem 21.06.2021, gegen 12:30 Uhr, stahlen unbekannte T\u00e4ter von der Frontscheibe eines BMW, der in der Leuschnerstra\u00dfe geparkt war, die Scheibenwischbl\u00e4tter. Dabei wurde zudem die Lackierung der Motorhaube sowie das Glas der Frontscheibe besch\u00e4digt.<\/p>\n\n\n\n<p>Sachdienliche Hinweise bitte an die Polizeiinspektion Ludwigshafen 2, Telefonnummer 0621 963-2222 oder per E-Mail&nbsp;<a href=\"mailto:piludwigshafen2@polizei.rlp.de\">piludwigshafen2@polizei.rlp.de<\/a>&nbsp;.<\/p>\n\n\n\n<h2 class=\"wp-block-heading\">(Ludwigshafen) &#8211; Versuchter Raub eines Iphones<\/h2>\n\n\n\n<p>Am 21.06.2021, gegen 12:00 Uhr, ging ein 15-J\u00e4hriger durch den Friesenpark nach Hause als er von vier unbekannten Jugendlichen im Alter von etwa 17-19 Jahre angesprochen worden sei. Sie h\u00e4tten von ihm die Herausgabe seines Iphones im Wert von etwa 1.200 Euro gefordert, welches er in der Hand hielt. Nachdem er das Handy nicht hergab, h\u00e4tten die Jugendlichen ihn geschlagen und getreten. An das Handy seien sie jedoch nicht gekommen, da eine unbekannte Passantin geschrien habe, dass sie die Polizei rufen werde, wenn sie nicht von ihm ablassen w\u00fcrden. Daraufhin w\u00e4ren die vier Unbekannten zu Fu\u00df in verschiedene Richtungen gelaufen.<\/p>\n\n\n\n<p>Die Passantin und andere Zeugen, die das Geschehen beobachtet haben, werden gebeten, sich an die Polizeiinspektion Ludwigshafen 2, Telefonnummer 0621 963-2222 oder per E-Mail&nbsp;<a href=\"mailto:piludwigshafen2@polizei.rlp.de\">piludwigshafen2@polizei.rlp.de<\/a>&nbsp;zu wenden.<\/p>\n\n\n\n<h2 class=\"wp-block-heading\">(Ludwigshafen) &#8211; Unfall mit Leichtkraftradfahrer auf der K 1<\/h2>\n\n\n\n<p>Am 21.06.2021, gegen 10.10 Uhr, fuhr eine 21-J\u00e4hrige mit ihrem Auto auf der K1 aus Richtung Oppau kommend in Fahrtrichtung Pfingstweide. Zur gleichen Zeit fuhr ein 57-J\u00e4hriger mit seinem Suzuki Leichtkraftrad (Roller) unmittelbar hinter ihr. Als die 21-J\u00e4hrige aufgrund einer eingerichteten mobilen Geschwindigkeitsmessung etwas abbremste, fuhr der 57-J\u00e4hrige auf ihr Auto auf und fiel zu Boden. Hierdurch wurde er leicht verletzt. Zudem wurden beide Fahrzeuge besch\u00e4digt. Da das umgefallene Leichtkraftrad Treibstoff verlor, wurde die Feuerwehr verst\u00e4ndigt, die die Stra\u00dfe reinigte.<\/p>\n\n\n\n<h2 class=\"wp-block-heading\">(Ludwigshafen) &#8211; Einbruch in Schule<\/h2>\n\n\n\n<p>In der Zeit zwischen dem 18.06.2021, gegen 17:00 Uhr und dem 21.06.2021, gegen 06:30 Uhr, dr\u00fcckten unbekannte T\u00e4ter zwei Fenster der Ernst-Reuter-Schule in der Schlesier Stra\u00dfe nach innen auf und gelangten so in das Schulgeb\u00e4ude. Nach Begehung des Geb\u00e4udes konnten keine weiteren Besch\u00e4digungen festgestellt werden. Gestohlen wurde nach jetzigem Ermittlungsstand nichts. Der Schaden an den Fenstern betr\u00e4gt etwa 200 Euro.<\/p>\n\n\n\n<p>Wer etwas beobachtet hat und Hinweise geben kann, wird gebeten, sich an die Polizeiinspektion Ludwigshafen 1, Telefonnummer 0621 963-2122 oder per E-Mail&nbsp;<a href=\"mailto:piludwigshafen1@polizei.rlp.de\">piludwigshafen1@polizei.rlp.de<\/a>&nbsp;zu wenden.<\/p>\n\n\n\n<h2 class=\"wp-block-heading\">(Ludwigshafen) &#8211; Unbekannter E-Rollstuhlfahrer besch\u00e4digt Auto und fl\u00fcchtet<\/h2>\n\n\n\n<p>Am 20.06.2021, gegen 18:00 Uhr, hielt eine 21-J\u00e4hrige mit ihrem Auto (Opel Vectra) an einer roten Ampel in der Bismarckstra\u00dfe. Pl\u00f6tzlich sei ein \u00e4lterer kr\u00e4ftiger Mann mit grau-braun-melierten Haaren mit einem E-Rollstuhl angefahren gekommen und gegen ihr Auto gefahren. Daraufhin habe der Unbekannte sich den Schaden kurz angeschaut (Kratzer an der hinteren Sto\u00dfstange und am hinteren Kotfl\u00fcgel) und sei dann weggefahren.<\/p>\n\n\n\n<p>Wer den Vorfall beobachtet hat und Hinweise zu dem unbekannten E-Rollstuhlfahrer geben kann, wird gebeten, sich an die Polizeiinspektion Ludwigshafen 1, Telefonnummer 0621 963-2122 oder per E-Mail&nbsp;<a href=\"mailto:piludwigshafen1@polizei.rlp.de\">piludwigshafen1@polizei.rlp.de<\/a>&nbsp;zu wenden.<\/p>\n\n\n\n<h2 class=\"wp-block-heading\">(Mannheim) &#8211; Nach Einbruch in Brillengesch\u00e4ft Zeugen gesucht<\/h2>\n\n\n\n<p>Mehr als 5.000 Euro Sachschaden verursachte ein bislang unbekannter T\u00e4ter bei einem Einbruch in ein Brillengesch\u00e4ft in Nacht von Sonntag auf Montag. Offenbar gelang es dem Einbrecher zun\u00e4chst nicht die Eingangst\u00fcre des Ladens im Quadrat L 12 aufzuhebeln, weshalb dieser die Glasfront besch\u00e4digte und sich so unbefugten Zutritt verschaffte. Der oder die T\u00e4ter fl\u00fcchteten anschlie\u00dfend mit ihrer Beute von mehreren Sonnenbrillen und Elektroger\u00e4ten.<\/p>\n\n\n\n<p>Zeugen, die den Vorfall beobachtet haben oder Hinweise geben k\u00f6nnen, werden gebeten, sich unter 0621 174-3310 an die Ermittler des Polizeireviers Mannheim-Oststadt zu wenden.<\/p>\n\n\n\n<h2 class=\"wp-block-heading\">(Mannheim-Waldhof) &#8211; Radfahrer achtet nicht auf Verkehr und st\u00f6\u00dft mit Auto zusammen<\/h2>\n\n\n\n<p>Als eine 46-J\u00e4hrige aus Mannheim am fr\u00fchen Montagmorgen kurz vor 5 Uhr mit ihrem Dacia im Mannheimer Stadtteil Waldhof von der Alten Frankfurter Stra\u00dfe kommend \u00fcber die Carl-Reuther-Stra\u00dfe in Richtung Supermarkt-Parkplatz gefahren ist, ist sie mit einem Radfahrer zusammengesto\u00dfen. Der 35-j\u00e4hrige Mannheimer radelte aus einer Firmenauffahrt auf die Stra\u00dfe, ohne auf den Verkehr zu achten. Die Frau konnte den Zusammenprall trotz Bremsung nicht verhindern. Der 35-J\u00e4hrige verletzte sich am R\u00fccken und wurde in ein Krankenhaus gebracht.<\/p>\n\n\n\n<h2 class=\"wp-block-heading\">(Mannheim-Friedrichsfeld) &#8211; Einbruch in Firmengel\u00e4nde \/ T\u00e4ter gefasst<\/h2>\n\n\n\n<p>Ein verd\u00e4chtig abgestellter Transporter f\u00fchrte am sp\u00e4ten Montagabend zur Festnahme eines Einbrechers &#8211; der hatte sich kurz zuvor bereits auf einem Firmengel\u00e4nde zu schaffen gemacht.<\/p>\n\n\n\n<p>Gegen 23 Uhr wurden die Beamten des Polizeireviers Ladenburg auf das Auto im Langlachweg aufmerksam, dass mit eingeschaltetem Warnblinker unter einer Br\u00fccke abgestellt war. Bei einer genauen Nachschau entdeckten die Uniformierten einen Mann, der sich unter einem anderen Auto in der N\u00e4he versteckte. Der 35-J\u00e4hrige war kurz zuvor in ein angrenzendes Firmengel\u00e4nde eingebrochen und hatte bereits Metallteile im Wert von mehreren tausend Euro in seinen Transporter geladen als die Polizeistreife ihn \u00fcberraschte. Der 35-J\u00e4hrige wurde umgehend festgenommen, der Transporter und das darin befindliche Diebesgut sichergestellt.<\/p>\n\n\n\n<p>Ob der Mann alleine handelte oder ein Komplize unerkannt fl\u00fcchten konnte, ermittelt nun das Polizeirevier Ladenburg. Ebenso, ob der Mann in der Nacht noch in andere Firmen einbrach.<\/p>\n\n\n\n<h2 class=\"wp-block-heading\">(Heidelberg-Weststadt) &#8211; Mit Auto auf abgestellten Anh\u00e4nger aufgefahren<\/h2>\n\n\n\n<p>Eine 31-J\u00e4hrige aus Heidelberg ist mit ihrem Renault Clio am Montag um 21 Uhr auf der Eppelheimer Stra\u00dfe in \u00f6stliche Richtung unterwegs gewesen, als sie vermutlich aus Unachtsamkeit auf einen am Stra\u00dfenrand auf H\u00f6he einer Tankstelle geparkten Anh\u00e4nger auffuhr. Dabei verletzte sich die Fahrerin, die sich sp\u00e4ter selbst ins Krankenhaus begab. An dem Anh\u00e4nger entstand ein Schaden von rund 500, am Auto von rund 8000 Euro. Auch ob der Anh\u00e4nger korrekt abgestellt war, wird noch ermittelt.<\/p>\n\n\n\n<h2 class=\"wp-block-heading\">(Ketsch \/ Rhein-Neckar-Kreis) &#8211; Bei Einbruch in Lagerraum hochwertige Elektrowerkzeuge entwendet \/ Polizei sucht Zeugen<\/h2>\n\n\n\n<p>Bei einem Einbruch in ein B\u00fcro- und Lagergeb\u00e4ude in der Nacht von Sonntag auf Montag in Ketsch erbeuteten unbekannte T\u00e4ter hochwertige Elektrowerkzeuge. Die Einbrecher \u00fcberstiegen den Zaun des Anwesens in der Anhalter Stra\u00dfe und begaben sich zum Geb\u00e4ude und setzten zun\u00e4chst einen Bewegungsmelder sowie die Au\u00dfenbeleuchtung au\u00dfer Funktion. Anschlie\u00dfend hebelten sie ein Fenster im Erdgeschoss auf, durch das sie schlie\u00dflich ins Geb\u00e4ude einstiegen. Aus einem Lagerraum lie\u00dfen sie schlie\u00dflich eine noch nicht bekannte Anzahl von Elektrowerkzeugen, \u00fcberwiegend der Marke Hilti, mitgehen. Anschlie\u00dfend verlie\u00dfen sie das Gel\u00e4nde wieder und fl\u00fcchteten in unbekannte Richtung.<\/p>\n\n\n\n<p>Zeugen, die verd\u00e4chtige Wahrnehmungen gemacht haben und sachdienliche Hinweise geben k\u00f6nnen, werden gebeten sich beim Polizeirevier Schwetzingen, Tel.: 06202\/288-0 zu melden.<\/p>\n\n\n\n<h2 class=\"wp-block-heading\">(Sch\u00f6nbrunn \/ Rhein-Neckar-Kreis) &#8211; Schwerer Unfall auf Kreisstra\u00dfe \/ Zeugen dringend gesucht<\/h2>\n\n\n\n<p>Ein schwer Verletzter, mehr als 7.000 Euro Sachschaden und ein Rettungshubschraubereinsatz &#8211; so lautet die Bilanz eines Verkehrsunfalls am Montagmittag auf der K4108 zwischen Allem\u00fchl und Schwanheim.<\/p>\n\n\n\n<p>Ein 18-J\u00e4hriger fuhr gegen 11.45 Uhr mit seinem Opel auf der engen Kreisstra\u00dfe als dieser aufgrund eines entgegenkommenden Autos nach rechts ausweichen musste. Dabei geriet er in die angrenzende B\u00f6schung und kollidierte frontal mit einem Baum. Der entgegenkommende Pkw, nach ersten Ermittlungen ein roter Pkw, soll weitergefahren sein. Zu einer Kollision der beiden Autos kam es nicht.<\/p>\n\n\n\n<p>Der Opel-Fahrer wurde durch den Unfall schwer verletzt, konnten sich aber noch selbst aus seinem totalbesch\u00e4digten Auto befreien. Zwei hinzukommende Radfahrer leisteten sofort Erste Hilfe und verst\u00e4ndigten Rettungsdienst und Polizei. Aufgrund der erlittenen Verletzungen wurde der 18-J\u00e4hrige mit einem Hubschrauber in eine Klinik geflogen. Das Fahrzeug musste abgeschleppt, der Baum gef\u00e4llt werden. Zudem musste ein Teil des Erdreichs aufgrund ausgelaufener Fl\u00fcssigkeiten aus dem Pkw abgetragen werden.<\/p>\n\n\n\n<p>Der Verkehrsdienst Heidelberg hat die Ermittlungen aufgenommen. Zeugen, die den Unfall beobachtet haben oder Hinweise zum gesuchten roten Pkw geben k\u00f6nnen, werden gebeten, sich unter 0621 174-4111 an die Beamten zu wenden.<\/p>\n\n\n\n<h2 class=\"wp-block-heading\">(Eberbach \/ Rhein-Neckar-Kreis) &#8211; Schwerpunktkontrollen zur Bek\u00e4mpfung der Hauptunfallursache Alkohol und Drogen im Stra\u00dfenverkehr<\/h2>\n\n\n\n<p>Das Polizeirevier Eberbach f\u00fchrte am Montag, 21.06.2021, zwischen 14.00 Uhr und 21.00 Uhr auf der B 37 in H\u00f6he der Abzweigung in Fahrtrichtung Igelsbach im Rahmen einer landesweiten Schwerpunktwoche &#8222;Drogen und Alkohol im Stra\u00dfenverkehr&#8220; eine Kontrollaktion mit der Zielrichtung Bek\u00e4mpfung der Hauptunfallursache Drogen und Alkohol im Stra\u00dfenverkehr durch.<\/p>\n\n\n\n<p>An der Kontrollstelle waren insgesamt 18 Beamte des Polizeireviers Eberbach, 2 Beamte der Autobahnpolizei Walldorf, 2 Beamte des Polizeireviers Heidelberg-S\u00fcd, sowie 2 Beamte des Einsatzzuges Heidelberg eingesetzt.<\/p>\n\n\n\n<p>Zur Bek\u00e4mpfung des Fahrens unter Drogeneinfluss und zur Aufhellung des offensichtlich bestehenden Dunkelfeldes wurden bei der Kontrolle insgesamt 80 Fahrzeuge und 130 Personen kontrolliert.<\/p>\n\n\n\n<p>Insgesamt wurden 7 Fahrer, die unter Drogeneinfluss am Stra\u00dfenverkehr teilnahmen, festgestellt. Ihnen wurden an der Kontrollstelle durch einen Arzt Blutproben entnommen. Gegen diese Fahrer wird nun zudem wegen des Verdachts des Drogenbesitzes ermittelt.<\/p>\n\n\n\n<p>Im Rahmen der Kontrollen, die nach ganzheitlichen Gesichtspunkten durchgef\u00fchrt wurden, konnte nachfolgende weitere Feststellungen getroffen werden:<\/p>\n\n\n\n<ul><li>4 x Fahren ohne Fahrerlaubnis<\/li><li>1 x Urkundenf\u00e4lschung<\/li><li>2 Strafanzeigen wegen ausl\u00e4nderrechtlicher Verst\u00f6\u00dfe<\/li><li>1 Versto\u00df gegen die Abgabenordnung in Verbindung mit dem Kraftfahrzeugsteuergesetz<\/li><li>Ein F\u00fchrerschein wurde aufgrund einer Fahndungsausschreibung beschlagnahmt<\/li><li>1 Ordnungswidrigkeitenanzeige wegen mangelnder Ladungssicherung <\/li><\/ul>\n\n\n\n<p>Durch die intensive Fortbildung aller Verkehrspolizisten und immer mehr Beamten\/-innen der Streifendienste der Polizeireviere, die Zentralisierung der Qualit\u00e4tskontrolle sowie die \u00dcbernahme der Fachaufsicht durch eine Expertengruppe &#8222;Drogen im Stra\u00dfenverkehr&#8220; konnte in den letzten Jahren eine deutliche Qualit\u00e4tssteigerung und Intensivierung bei der Bek\u00e4mpfung der Hauptunfallursache Drogen im Stra\u00dfenverkehr erreicht werden. Verkehrsteilnehmer, die sich unter Alkohol- oder Drogeneinfluss ans Steuer setzen, m\u00fcssen k\u00fcnftig zu jeder Zeit an jeder beliebigen Stelle damit rechnen, in eine Alkohol- und Drogenkontrolle zu geraten.<\/p>\n\n\n\n<h2 class=\"wp-block-heading\">(L\u00fctzelsachsen \/ Rhein-Neckar-Kreis) &#8211; Angebliche Schlange entpuppt sich als Blindschleiche<\/h2>\n\n\n\n<figure class=\"wp-block-image size-large\"><img decoding=\"async\" loading=\"lazy\" width=\"800\" height=\"533\" src=\"https:\/\/speyer24news.com\/wp-content\/uploads\/2021\/06\/Blindschleiche.jpg\" alt=\"\" class=\"wp-image-38212\" srcset=\"https:\/\/speyer24news.com\/wp-content\/uploads\/2021\/06\/Blindschleiche.jpg 800w, https:\/\/speyer24news.com\/wp-content\/uploads\/2021\/06\/Blindschleiche-300x200.jpg 300w, https:\/\/speyer24news.com\/wp-content\/uploads\/2021\/06\/Blindschleiche-768x512.jpg 768w\" sizes=\"(max-width: 800px) 100vw, 800px\" \/><\/figure>\n\n\n\n<p>Am Montagnachmittag wurde der Polizei eine Schlange in einer Wohnung in L\u00fctzelsachsen gemeldet. Eine Zeugin teilte gegen 16.45 Uhr mit, dass sie in ihrer Wohnung in der Weinheimer Stra\u00dfe eine fast 60 cm lange Schlange gefunden h\u00e4tte.<\/p>\n\n\n\n<p>Beim Eintreffen einer Polizeistreife konnten die Beamten die tats\u00e4chlich nur 30 cm lange Schlange als Blindschleiche, eine friedliche und ungef\u00e4hrliche Echsenart ohne Beine, identifizieren. Das Reptil konnte von den Beamten von Hand eingefangen und nach R\u00fccksprache mit der Tierrettung in einem nahegelegenen Waldst\u00fcck wieder in ihren nat\u00fcrlichen Lebensraum gegeben werden.<\/p>\n\n\n\n<h2 class=\"wp-block-heading\">(Laudenbach \/ Rhein-Neckar-Kreis) &#8211; E-Bike gestohlen \/ Zeugen gesucht<\/h2>\n\n\n\n<p>Ein E-Mountainbike der Marke Corratec, Modell E-Power X-Vert Expert LTD Gent, in den Farben Schwarz, Grau und Neongelb ist am Sonntag in Laudenbach gestohlen worden. Der 63-j\u00e4hrige Eigent\u00fcmer hatte sein markantes Rad unbeaufsichtigt nur einen kurzen Moment um etwa 15.30 Uhr in der Danziger Stra\u00dfe vor der T\u00fcr einer Elektrofirma abgestellt. Als er zur\u00fcckkam, war das Rad weg. Wer Hinweise zum Verbleib des Rads oder zum T\u00e4ter geben kann, meldet sich bitte beim Polizeiposten Hemsbach unter Telefon 06201\/71207.<\/p>\n","protected":false},"excerpt":{"rendered":"<div class=\"mh-excerpt\"><p>Polizeimeldungen vom Dienstag (22.06.2021) (Speyer) &#8211; Exhibitionist bel\u00e4stigt Frau am Badesee Gleich zwei M\u00e4nner traten am Montag am Badesee Binsfeld als Exhibitionist in Erscheinung. Zun\u00e4chst wurde gegen 13:30 Uhr eine 20-J\u00e4hrige am Kuhunter See von <a class=\"mh-excerpt-more\" href=\"https:\/\/speyer24news.com\/?p=38202\" title=\"Polizei\">[&#8230;]<\/a><\/p>\n<\/div>","protected":false},"author":3,"featured_media":26162,"comment_status":"open","ping_status":"open","sticky":false,"template":"","format":"standard","meta":{"_monsterinsights_skip_tracking":false,"_monsterinsights_sitenote_active":false,"_monsterinsights_sitenote_note":"","_monsterinsights_sitenote_category":0,"footnotes":""},"categories":[12],"tags":[3614,702,61,2555,6955,6986,6263,63,105,11150,6987,53,4854,4683,1548,102,213,55,5261,103,106,2803,2423,427,2625,380,62,104,979,1565],"aioseo_notices":[],"amp_enabled":true,"_links":{"self":[{"href":"https:\/\/speyer24news.com\/index.php?rest_route=\/wp\/v2\/posts\/38202"}],"collection":[{"href":"https:\/\/speyer24news.com\/index.php?rest_route=\/wp\/v2\/posts"}],"about":[{"href":"https:\/\/speyer24news.com\/index.php?rest_route=\/wp\/v2\/types\/post"}],"author":[{"embeddable":true,"href":"https:\/\/speyer24news.com\/index.php?rest_route=\/wp\/v2\/users\/3"}],"replies":[{"embeddable":true,"href":"https:\/\/speyer24news.com\/index.php?rest_route=%2Fwp%2Fv2%2Fcomments&post=38202"}],"version-history":[{"count":2,"href":"https:\/\/speyer24news.com\/index.php?rest_route=\/wp\/v2\/posts\/38202\/revisions"}],"predecessor-version":[{"id":38215,"href":"https:\/\/speyer24news.com\/index.php?rest_route=\/wp\/v2\/posts\/38202\/revisions\/38215"}],"wp:featuredmedia":[{"embeddable":true,"href":"https:\/\/speyer24news.com\/index.php?rest_route=\/wp\/v2\/media\/26162"}],"wp:attachment":[{"href":"https:\/\/speyer24news.com\/index.php?rest_route=%2Fwp%2Fv2%2Fmedia&parent=38202"}],"wp:term":[{"taxonomy":"category","embeddable":true,"href":"https:\/\/speyer24news.com\/index.php?rest_route=%2Fwp%2Fv2%2Fcategories&post=38202"},{"taxonomy":"post_tag","embeddable":true,"href":"https:\/\/speyer24news.com\/index.php?rest_route=%2Fwp%2Fv2%2Ftags&post=38202"}],"curies":[{"name":"wp","href":"https:\/\/api.w.org\/{rel}","templated":true}]}}