{"id":38243,"date":"2021-06-24T07:39:07","date_gmt":"2021-06-24T06:39:07","guid":{"rendered":"https:\/\/speyer24news.com\/?p=38243"},"modified":"2021-06-24T07:39:08","modified_gmt":"2021-06-24T06:39:08","slug":"speyer-83","status":"publish","type":"post","link":"https:\/\/speyer24news.com\/?p=38243","title":{"rendered":"Speyer"},"content":{"rendered":"<style type=\"text\/css\">\r\n\t.ads_top_disp{}\r\n\t.ads_top_corner_disp{ float:left; margin:0px 10px 10px 0px; }\r\n\t.ads_first_p_disp{}\r\n\t.ads_bottom_disp{}\r\n\t<\/style>\n<h2 class=\"wp-block-heading\"><strong>Mit Herzblut und Erfahrung f\u00fcr ein besseres Klima: Katrin Berlinghoff ist neue Klimaschutzmanagerin der Stadt Speyer<\/strong><\/h2>\n\n\n\n<div class=\"wp-block-image\"><figure class=\"aligncenter size-large\"><img decoding=\"async\" loading=\"lazy\" width=\"500\" height=\"667\" src=\"https:\/\/speyer24news.com\/wp-content\/uploads\/2021\/06\/Katrin-Berlinghoff-Hochformat.jpg\" alt=\"\" class=\"wp-image-38244\" srcset=\"https:\/\/speyer24news.com\/wp-content\/uploads\/2021\/06\/Katrin-Berlinghoff-Hochformat.jpg 500w, https:\/\/speyer24news.com\/wp-content\/uploads\/2021\/06\/Katrin-Berlinghoff-Hochformat-225x300.jpg 225w\" sizes=\"(max-width: 500px) 100vw, 500px\" \/><figcaption>Zum 1. August 2021 \u00fcbernimmt die geb\u00fcrtige Speyererin Katrin Berlinghoff den Staffelstab im Bereich Klimaschutz und wird neue Klimaschutzmanagerin der Stadt Speyer.<\/figcaption><\/figure><\/div>\n\n\n\n<p>\u201eMit Katrin Berlinghoff haben wir eine junge und engagierte Frau eingestellt, die f\u00fcr ihr Thema brennt und mit viel Leidenschaft und Herzblut die gute Arbeit ihrer Vorg\u00e4ngerin fortf\u00fchren und weiterentwickeln wird\u201c, ist sich Oberb\u00fcrgermeisterin Stefanie Seiler sicher.<\/p>\n\n\n\n<p>\u201eIm Bereich des Klimaschutzes d\u00fcrfen wir Ver\u00e4nderungen nicht abwarten \u2013 wir m\u00fcssen sie aktiv herbeif\u00fchren. Das geht nur mit einer engagierten und kreativen Pers\u00f6nlichkeit, die es schafft, das Thema in der Kommunalverwaltung nachhaltig zu verankern und Menschen f\u00fcr ihr Thema zu begeistern. Gerade deshalb hat sich in den letzten Monaten der Vakanz gezeigt, wie wichtig die Stelle der Klimaschutzmanagerin f\u00fcr eine Kommune ist\u201c, unterstreicht Umweltdezernentin Irmgard M\u00fcnch-Weinmann.<\/p>\n\n\n\n<p>Berlinghoff hat an der Johannes-Gutenberg-Universit\u00e4t in Mainz zun\u00e4chst ein Bachelorstudium in Geographie und anschlie\u00dfend einen Master of Science im Bereich Klima- und Umweltwandel absolviert. Neben dem theoretischen R\u00fcstzeug bringt sie trotz ihrer jungen Jahre auch schon reichlich praktische Erfahrung mit. So hat sie von 2016 bis 2020 bei der Klimaschutzagentur gGmbH in Mannheim als Projektmanagerin und anschlie\u00dfend als Klimaschutzmanagerin im Bereich Schulen gearbeitet und in diesen Positionen an der Umsetzung des gesamtst\u00e4dtischen Klimaschutzkonzeptes der Stadt Mannheim mitgewirkt, Klimaschutzaktionen, Kampagnen und Veranstaltungen geplant und organisiert sowie Fortbildungen und Einarbeitungen geleitet. Den Speyerer*innen ist sie vielleicht noch von der Einf\u00fchrung des Mehrwegbechersystems \u201eBleib deinem Becher treu\u201c bekannt, das in Kooperation mit der Klimaschutzagentur Mannheim in Speyer umgesetzt wurde. Anschlie\u00dfend folgte eine rund einj\u00e4hrige T\u00e4tigkeit als Projektleiterin beim Stadtberatungsb\u00fcro Dr. Sven Fries, wo sie Kommunen in allen Fragen des Klimaschutzes beratend zur Seite stand \u2013 beispielsweise auch der Stadt Speyer im Bereich nachhaltige Mobilit\u00e4t bei der Neufassung des Nahverkehrsplans.<\/p>\n\n\n\n<p>Katrin Berlinghoff freut sich auf die neue Herausforderung in ihrer Heimatstadt. \u201eAls Klimaschutzmanagerin der Stadt Speyer m\u00f6chte ich Jung und Alt und alles dazwischen f\u00fcr Klimaschutz begeistern und gemeinsam ins Tun bringen. Klimaschutz betrifft viele Bereiche, sodass jede und jeder sich beteiligen kann, egal ob als \u201eKlimaschutz-Neuling\u201c oder \u201eKlimaschutz-Expertin oder \u2013Experte\u201c, so die 30-j\u00e4hrige.<\/p>\n\n\n\n<p>Die Stelle der Klimaschutzmanagerin war zum 31. M\u00e4rz 2021 vakant geworden, nachdem Fabienne K\u00f6rner die Stadtverwaltung nach fast acht Jahren verlassen hat und als Gesch\u00e4ftsf\u00fchrerin zur Energieagentur Mittelbaden gewechselt ist.<\/p>\n\n\n\n<p><em>Stadt Speyer<br>24.06.2021<\/em><\/p>\n","protected":false},"excerpt":{"rendered":"<div class=\"mh-excerpt\"><p>Mit Herzblut und Erfahrung f\u00fcr ein besseres Klima: Katrin Berlinghoff ist neue Klimaschutzmanagerin der Stadt Speyer \u201eMit Katrin Berlinghoff haben wir eine junge und engagierte Frau eingestellt, die f\u00fcr ihr Thema brennt und mit viel <a class=\"mh-excerpt-more\" href=\"https:\/\/speyer24news.com\/?p=38243\" title=\"Speyer\">[&#8230;]<\/a><\/p>\n<\/div>","protected":false},"author":3,"featured_media":0,"comment_status":"open","ping_status":"open","sticky":false,"template":"","format":"standard","meta":{"_monsterinsights_skip_tracking":false,"_monsterinsights_sitenote_active":false,"_monsterinsights_sitenote_note":"","_monsterinsights_sitenote_category":0,"footnotes":""},"categories":[9],"tags":[12269,182,10322,3788,12268,9939,6],"aioseo_notices":[],"amp_enabled":true,"_links":{"self":[{"href":"https:\/\/speyer24news.com\/index.php?rest_route=\/wp\/v2\/posts\/38243"}],"collection":[{"href":"https:\/\/speyer24news.com\/index.php?rest_route=\/wp\/v2\/posts"}],"about":[{"href":"https:\/\/speyer24news.com\/index.php?rest_route=\/wp\/v2\/types\/post"}],"author":[{"embeddable":true,"href":"https:\/\/speyer24news.com\/index.php?rest_route=\/wp\/v2\/users\/3"}],"replies":[{"embeddable":true,"href":"https:\/\/speyer24news.com\/index.php?rest_route=%2Fwp%2Fv2%2Fcomments&post=38243"}],"version-history":[{"count":1,"href":"https:\/\/speyer24news.com\/index.php?rest_route=\/wp\/v2\/posts\/38243\/revisions"}],"predecessor-version":[{"id":38245,"href":"https:\/\/speyer24news.com\/index.php?rest_route=\/wp\/v2\/posts\/38243\/revisions\/38245"}],"wp:attachment":[{"href":"https:\/\/speyer24news.com\/index.php?rest_route=%2Fwp%2Fv2%2Fmedia&parent=38243"}],"wp:term":[{"taxonomy":"category","embeddable":true,"href":"https:\/\/speyer24news.com\/index.php?rest_route=%2Fwp%2Fv2%2Fcategories&post=38243"},{"taxonomy":"post_tag","embeddable":true,"href":"https:\/\/speyer24news.com\/index.php?rest_route=%2Fwp%2Fv2%2Ftags&post=38243"}],"curies":[{"name":"wp","href":"https:\/\/api.w.org\/{rel}","templated":true}]}}