{"id":38248,"date":"2021-06-24T07:51:58","date_gmt":"2021-06-24T06:51:58","guid":{"rendered":"https:\/\/speyer24news.com\/?p=38248"},"modified":"2021-06-24T07:51:59","modified_gmt":"2021-06-24T06:51:59","slug":"stadtnotizen-verkehrsnotizen-aus-speyer-39","status":"publish","type":"post","link":"https:\/\/speyer24news.com\/?p=38248","title":{"rendered":"Stadtnotizen &#038; Verkehrsnotizen aus Speyer"},"content":{"rendered":"<style type=\"text\/css\">\r\n\t.ads_top_disp{}\r\n\t.ads_top_corner_disp{ float:left; margin:0px 10px 10px 0px; }\r\n\t.ads_first_p_disp{}\r\n\t.ads_bottom_disp{}\r\n\t<\/style>\n<h1 class=\"has-text-align-center wp-block-heading\">Stadtnotiz<\/h1>\n\n\n\n<div class=\"wp-block-image\"><figure class=\"aligncenter size-large\"><img decoding=\"async\" loading=\"lazy\" width=\"800\" height=\"600\" src=\"https:\/\/speyer24news.com\/wp-content\/uploads\/2020\/01\/Speyer-Stadtnachrichten-2.jpg\" alt=\"\" class=\"wp-image-23901\" srcset=\"https:\/\/speyer24news.com\/wp-content\/uploads\/2020\/01\/Speyer-Stadtnachrichten-2.jpg 800w, https:\/\/speyer24news.com\/wp-content\/uploads\/2020\/01\/Speyer-Stadtnachrichten-2-300x225.jpg 300w, https:\/\/speyer24news.com\/wp-content\/uploads\/2020\/01\/Speyer-Stadtnachrichten-2-768x576.jpg 768w, https:\/\/speyer24news.com\/wp-content\/uploads\/2020\/01\/Speyer-Stadtnachrichten-2-678x509.jpg 678w, https:\/\/speyer24news.com\/wp-content\/uploads\/2020\/01\/Speyer-Stadtnachrichten-2-326x245.jpg 326w, https:\/\/speyer24news.com\/wp-content\/uploads\/2020\/01\/Speyer-Stadtnachrichten-2-80x60.jpg 80w\" sizes=\"(max-width: 800px) 100vw, 800px\" \/><\/figure><\/div>\n\n\n\n<h2 class=\"wp-block-heading\"><strong>Fr\u00fcherziehungskurse an der Musikschule<\/strong><\/h2>\n\n\n\n<div class=\"wp-block-image\"><figure class=\"aligncenter size-large\"><img decoding=\"async\" loading=\"lazy\" width=\"800\" height=\"800\" src=\"https:\/\/speyer24news.com\/wp-content\/uploads\/2021\/06\/Musikschule-Stadt-Speyer-Logo.jpg\" alt=\"\" class=\"wp-image-38249\" srcset=\"https:\/\/speyer24news.com\/wp-content\/uploads\/2021\/06\/Musikschule-Stadt-Speyer-Logo.jpg 800w, https:\/\/speyer24news.com\/wp-content\/uploads\/2021\/06\/Musikschule-Stadt-Speyer-Logo-300x300.jpg 300w, https:\/\/speyer24news.com\/wp-content\/uploads\/2021\/06\/Musikschule-Stadt-Speyer-Logo-150x150.jpg 150w, https:\/\/speyer24news.com\/wp-content\/uploads\/2021\/06\/Musikschule-Stadt-Speyer-Logo-768x768.jpg 768w\" sizes=\"(max-width: 800px) 100vw, 800px\" \/><\/figure><\/div>\n\n\n\n<p>Die Musikschule der Stadt Speyer bietet ab Herbst wieder ihre beliebten Fr\u00fcherziehungskurse an. Je nach Anmeldesituation werden die Kurse im September oder Oktober beginnen.<\/p>\n\n\n\n<p>F\u00fcr Kinder zwischen 18 Monaten und drei Jahren bietet die Musikschule einen Kurs an, an dem auch Eltern oder Begleitpersonen teilnehmen k\u00f6nnen, die &#8222;Krabbl-Kids&#8220;. Die &#8222;Musi-Kids&#8220; sind f\u00fcr Kinder zwischen drei und vier Jahren geeignet, die &#8222;Play-Kids&#8220; f\u00fcr Kinder zwischen vier und sechs Jahren.<\/p>\n\n\n\n<div class=\"wp-block-image\"><figure class=\"aligncenter size-large\"><img decoding=\"async\" loading=\"lazy\" width=\"800\" height=\"425\" src=\"https:\/\/speyer24news.com\/wp-content\/uploads\/2021\/06\/Musikschule-Stadt-Speyer.jpg\" alt=\"\" class=\"wp-image-38250\" srcset=\"https:\/\/speyer24news.com\/wp-content\/uploads\/2021\/06\/Musikschule-Stadt-Speyer.jpg 800w, https:\/\/speyer24news.com\/wp-content\/uploads\/2021\/06\/Musikschule-Stadt-Speyer-300x159.jpg 300w, https:\/\/speyer24news.com\/wp-content\/uploads\/2021\/06\/Musikschule-Stadt-Speyer-768x408.jpg 768w\" sizes=\"(max-width: 800px) 100vw, 800px\" \/><\/figure><\/div>\n\n\n\n<p>Die Kinder werden einmal pro Woche von professionellen Lehrkr\u00e4ften der Musikschule betreut, die alle langj\u00e4hrige Ausbildung und Erfahrung in diesem Bereich aufweisen. Der erste Monat ist als besondere Schnupperaktion kostenlos, danach kann \u00fcber eine regelm\u00e4\u00dfige Teilnahme entschieden werden.<\/p>\n\n\n\n<p>Die Anmeldephase startet ab sofort und endet am 15. August 2021. Die Anmeldung selbst ist unproblematisch, kostenlos und unverbindlich und innerhalb weniger Minuten \u00fcber das Anmeldeformular auf der Homepage der Musikschule m\u00f6glich:&nbsp;<a href=\"https:\/\/deref-web.de\/mail\/client\/Ypk7N8RSvGI\/dereferrer\/?redirectUrl=https%3A%2F%2Fwww.speyer.de%2Fde%2Fbildung%2Fmusikschule-der-stadt-speyer%2Fan-um-abmelden%2Fonline-anmeldung%2F\" target=\"_blank\" rel=\"noreferrer noopener\">https:\/\/www.speyer.de\/de\/bildung\/musikschule-der-stadt-speyer\/an-um-abmelden\/online-anmeldung\/<\/a>.<\/p>\n\n\n\n<p><em>Stadt Speyer<br>24.06.2021<\/em><\/p>\n\n\n\n<h1 class=\"has-text-align-center wp-block-heading\">Verkehrsnotiz<\/h1>\n\n\n\n<div class=\"wp-block-image\"><figure class=\"aligncenter size-large\"><img decoding=\"async\" loading=\"lazy\" width=\"800\" height=\"565\" src=\"https:\/\/speyer24news.com\/wp-content\/uploads\/2020\/01\/Baustelle-2.jpg\" alt=\"\" class=\"wp-image-23900\" srcset=\"https:\/\/speyer24news.com\/wp-content\/uploads\/2020\/01\/Baustelle-2.jpg 800w, https:\/\/speyer24news.com\/wp-content\/uploads\/2020\/01\/Baustelle-2-300x212.jpg 300w, https:\/\/speyer24news.com\/wp-content\/uploads\/2020\/01\/Baustelle-2-768x542.jpg 768w\" sizes=\"(max-width: 800px) 100vw, 800px\" \/><\/figure><\/div>\n\n\n\n<h2 class=\"wp-block-heading\"><strong>Danziger Stra\u00dfe gesperrt<\/strong><\/h2>\n\n\n\n<p>Aufgrund von notwendigen Leitungsarbeiten im Auftrag der Stadtwerke Speyer wird die Danziger Stra\u00dfe zwischen der Stra\u00dfe Im Erlich und dem Pulverm\u00fchlweg <strong>ab dem 28. Juni bis voraussichtlich 31. August 2021<\/strong> f\u00fcr den Durchgangsverkehr gesperrt. F\u00fcr die Dauer der Ma\u00dfnahme wird die Danziger Stra\u00dfe beidseitig als Sackgasse ausgewiesen.<\/p>\n\n\n\n<p>F\u00fcr R\u00fcckfragen steht die Stra\u00dfenverkehrsbeh\u00f6rde unter der Rufnummern 14-2938 zur Verf\u00fcgung.<\/p>\n\n\n\n<p><em>Stadt Speyer<br>24.06.2021<\/em><\/p>\n","protected":false},"excerpt":{"rendered":"<div class=\"mh-excerpt\"><p>Stadtnotiz Fr\u00fcherziehungskurse an der Musikschule Die Musikschule der Stadt Speyer bietet ab Herbst wieder ihre beliebten Fr\u00fcherziehungskurse an. Je nach Anmeldesituation werden die Kurse im September oder Oktober beginnen. F\u00fcr Kinder zwischen 18 Monaten und <a class=\"mh-excerpt-more\" href=\"https:\/\/speyer24news.com\/?p=38248\" title=\"Stadtnotizen &#038; Verkehrsnotizen aus Speyer\">[&#8230;]<\/a><\/p>\n<\/div>","protected":false},"author":3,"featured_media":0,"comment_status":"open","ping_status":"open","sticky":false,"template":"","format":"standard","meta":{"_monsterinsights_skip_tracking":false,"_monsterinsights_sitenote_active":false,"_monsterinsights_sitenote_note":"","_monsterinsights_sitenote_category":0,"footnotes":""},"categories":[47],"tags":[12271,12270,292,6,657,1296,658,1114],"aioseo_notices":[],"amp_enabled":true,"_links":{"self":[{"href":"https:\/\/speyer24news.com\/index.php?rest_route=\/wp\/v2\/posts\/38248"}],"collection":[{"href":"https:\/\/speyer24news.com\/index.php?rest_route=\/wp\/v2\/posts"}],"about":[{"href":"https:\/\/speyer24news.com\/index.php?rest_route=\/wp\/v2\/types\/post"}],"author":[{"embeddable":true,"href":"https:\/\/speyer24news.com\/index.php?rest_route=\/wp\/v2\/users\/3"}],"replies":[{"embeddable":true,"href":"https:\/\/speyer24news.com\/index.php?rest_route=%2Fwp%2Fv2%2Fcomments&post=38248"}],"version-history":[{"count":1,"href":"https:\/\/speyer24news.com\/index.php?rest_route=\/wp\/v2\/posts\/38248\/revisions"}],"predecessor-version":[{"id":38251,"href":"https:\/\/speyer24news.com\/index.php?rest_route=\/wp\/v2\/posts\/38248\/revisions\/38251"}],"wp:attachment":[{"href":"https:\/\/speyer24news.com\/index.php?rest_route=%2Fwp%2Fv2%2Fmedia&parent=38248"}],"wp:term":[{"taxonomy":"category","embeddable":true,"href":"https:\/\/speyer24news.com\/index.php?rest_route=%2Fwp%2Fv2%2Fcategories&post=38248"},{"taxonomy":"post_tag","embeddable":true,"href":"https:\/\/speyer24news.com\/index.php?rest_route=%2Fwp%2Fv2%2Ftags&post=38248"}],"curies":[{"name":"wp","href":"https:\/\/api.w.org\/{rel}","templated":true}]}}