{"id":38295,"date":"2021-06-25T08:30:34","date_gmt":"2021-06-25T07:30:34","guid":{"rendered":"https:\/\/speyer24news.com\/?p=38295"},"modified":"2021-06-25T08:36:19","modified_gmt":"2021-06-25T07:36:19","slug":"hassloch-106","status":"publish","type":"post","link":"https:\/\/speyer24news.com\/?p=38295","title":{"rendered":"Ha\u00dfloch"},"content":{"rendered":"<style type=\"text\/css\">\r\n\t.ads_top_disp{}\r\n\t.ads_top_corner_disp{ float:left; margin:0px 10px 10px 0px; }\r\n\t.ads_first_p_disp{}\r\n\t.ads_bottom_disp{}\r\n\t<\/style>\n<h2 class=\"wp-block-heading\">N\u00e4chster Dreck-weg-Tag am 11. September 2021<\/h2>\n\n\n\n<h3 class=\"wp-block-heading\">Die Gemeinde sucht helfende H\u00e4nde<\/h3>\n\n\n\n<div class=\"wp-block-image\"><figure class=\"aligncenter size-large\"><img decoding=\"async\" loading=\"lazy\" width=\"800\" height=\"600\" src=\"https:\/\/speyer24news.com\/wp-content\/uploads\/2021\/06\/DSC09441.jpg\" alt=\"\" class=\"wp-image-38299\" srcset=\"https:\/\/speyer24news.com\/wp-content\/uploads\/2021\/06\/DSC09441.jpg 800w, https:\/\/speyer24news.com\/wp-content\/uploads\/2021\/06\/DSC09441-300x225.jpg 300w, https:\/\/speyer24news.com\/wp-content\/uploads\/2021\/06\/DSC09441-768x576.jpg 768w, https:\/\/speyer24news.com\/wp-content\/uploads\/2021\/06\/DSC09441-678x509.jpg 678w, https:\/\/speyer24news.com\/wp-content\/uploads\/2021\/06\/DSC09441-326x245.jpg 326w, https:\/\/speyer24news.com\/wp-content\/uploads\/2021\/06\/DSC09441-80x60.jpg 80w\" sizes=\"(max-width: 800px) 100vw, 800px\" \/><\/figure><\/div>\n\n\n\n<p>im Februar 2021 musste der Dreck-weg-Tag vor dem Hintergrund der Corona-Pandemie pausieren, am <strong>11. September 2021<\/strong> soll der Aktionstag nun aber nachgeholt werden. Um nach M\u00f6glichkeit wieder das gesamte Ortsgebiet mit helfenden H\u00e4nden abdecken zu k\u00f6nnen, hofft die Gemeinde auch diesmal auf viele freiwillige Mitstreiter\/innen. Privatpersonen, Vereine, Firmen, Schulen und Kindertagesst\u00e4tten sind angesprochen und k\u00f6nnen sich ab sofort f\u00fcr den Aktionstag anmelden. \u201eDas M\u00fcllproblem ist durch die Pandemie nicht kleiner geworden. Menschen halten sich vermehrt in der Natur auf und lassen ihren Abfall zur\u00fcck. Auch Alltagsmasken zieren mittlerweile die Landschaft\u201c, so die Umweltbeauftragten Hannah Bolz und Andrea H\u00e4ge, die zur Teilnahme am Dreck-weg-Tag herzlich einladen. <\/p>\n\n\n\n<p>Der letzte Dreck-weg-Tag fand am 29. Februar 2020 statt. Damals konnte mit Hilfe von Freiwilligen \u00fcber 15 Kubikmeter Restm\u00fcll gesammelt und fachgerecht entsorgt werden. \u201eWir sind uns ziemlich sicher, dieses Volumen auch am 11. September zu erreichen\u201c, so Umweltdezernent Joachim Bl\u00f6hs. Die Organisation, die Bereitstellung von Arbeitsmitteln und das Abfahren des M\u00fclls erfolgen in bew\u00e4hrter Weise seitens der Gemeindeverwaltung. Anmeldungen als Gruppe, Schulklasse, Verein, Kindergartengruppe oder Privatperson sind <strong>ab sofort und bis zum 23.07.2021<\/strong> m\u00f6glich. Der entsprechende Anmeldebogen ist auch online \u00fcber die Homepage der Gemeinde <a href=\"http:\/\/www.hassloch.de\">www.hassloch.de<\/a> abrufbar. <\/p>\n\n\n\n<p>In der Zeit von 13:00 bis 16:00 Uhr soll am Dreck-weg-Tag 2021 in einer gro\u00dfen Gemeinschaftsaktion m\u00f6glichst viel Unrat gesammelt und entsorgt werden. Auch ein Abschlussfest als Dank an alle Helfer\/innen ist geplant, vorausgesetzt die Corona-Vorgaben lassen eine solche Veranstaltung zu. Der Treffpunkt und Ort des Abschlussfestes wird nach Anmeldung bekanntgegeben.<\/p>\n\n\n\n<p>Die Besprechung der weiteren Organisation findet am <strong>Donnerstag, 02. September 2021<\/strong> um 18.00 Uhr im Ratssaal des Rathauses (Zimmer 101) statt, zu der alle Interessierten herzlich eingeladen sind. Weitere Informationen rund um den Dreck-Weg-Tag erteilen die Umweltbeauftragten Andrea H\u00e4ge und Hannah Bolz. Kontakt ist per Mail an <a href=\"mailto:hannah.bolz@hassloch.de\">hannah.bolz@hassloch.de<\/a> oder <a href=\"mailto:andrea.haege@hassloch.de\">andrea.haege@hassloch.de<\/a> sowie telefonisch unter 06324\/935-330 m\u00f6glich.<\/p>\n\n\n\n<p>Auch wer am Dreck-weg-Tag keine Zeit hat, kann die Aktion unterst\u00fctzen, indem man auf dem Gehweg vor der Haust\u00fcr mal schaut und unachtsam weggeworfenes Papier oder \u00e4hnliches einsammelt. Gleiches gilt f\u00fcr Schulklassen oder Kindergartengruppen. Wenn der Aktionstag lieber in den Klassen- bzw. Gruppenalltag integriert werden soll, kann auch losgel\u00f6st vom 11. September mitgemacht werden. Die Gemeinde unterst\u00fctzt gern bei der Planung und\/oder Bereitstellung von Arbeitsmitteln.<\/p>\n\n\n\n<p><em>Gemeindeverwaltung Ha\u00dfloch<br>25.06.2021<\/em><\/p>\n\n\n\n<h2 class=\"wp-block-heading\">Kein Sicherheits- und Gesundheitstag im September<\/h2>\n\n\n\n<p>Am 11. September 2021 wird es keinen \u201eSicherheits- und Gesundheitstag\u201c in und rund um die Ha\u00dflocher Pfalzhalle geben. Die Gemeindeverwaltung sowie der Ha\u00dflocher Seniorenbeirat und die Polizeiinspektion, die die Organisation und Durchf\u00fchrung des Aktionstages unterst\u00fctzen, haben sich f\u00fcr die Absage entschieden.<\/p>\n\n\n\n<p>Die Resonanz von Ausstellerseite war zuletzt eher zur\u00fcckhaltend. \u201eMit den j\u00fcngsten Lockerungen haben viele erst einmal andere Aufgaben als die Vorbereitung eines Messestandes\u201c, so Beate Gebhard-Diehl vom Ha\u00dflocher Seniorenb\u00fcro, die sich federf\u00fchrend um den \u201eSicherheits- und Gesundheitstag\u201c k\u00fcmmert. Hinzu kommt die weiterhin nicht vorhandene Planungssicherheit. Niemand wei\u00df, wie sich die Delta-Variante in den n\u00e4chsten Wochen und Monaten auf Deutschland auswirken werde und was das f\u00fcr die derzeitigen Lockerungen bedeutet. \u201eDaher haben wir uns dazu entschieden, in diesem Jahr auf den Aktionstag zu verzichten\u201c, so B\u00fcrgermeister Tobias Meyer und der Beigeordnete Claus Wolfer.<\/p>\n\n\n\n<p>Der Sicherheits- und Gesundheitstag ist eine Veranstaltung der Gemeindeverwaltung Ha\u00dfloch mit Unterst\u00fctzung durch den Seniorenbeirat und die Ha\u00dflocher Polizeiinspektion. Der Aktionstag wird in einem zweij\u00e4hrigen Rhythmus veranstaltet und fand zuletzt im September 2019 statt. Neben Ausstellern aus unterschiedlichen Bereichen wird der Tag stets durch ein umfangreiches Vortragsprogramm und diversen Mitmachaktionen umrahmt.<\/p>\n\n\n\n<p><em>Gemeindeverwaltung Ha\u00dfloch<br>25.06.2021<\/em><\/p>\n\n\n\n<h2 class=\"wp-block-heading\">Anmeldungen f\u00fcr Sommerschule ab sofort m\u00f6glich<\/h2>\n\n\n\n<h3 class=\"wp-block-heading\">Die Gemeinde erg\u00e4nzt das Angebot des Landes um zwei weitere Betreuungsstunden<\/h3>\n\n\n\n<div class=\"wp-block-image\"><figure class=\"aligncenter size-large\"><img decoding=\"async\" loading=\"lazy\" width=\"800\" height=\"311\" src=\"https:\/\/speyer24news.com\/wp-content\/uploads\/2020\/07\/Sommerschule.png\" alt=\"\" class=\"wp-image-28934\" srcset=\"https:\/\/speyer24news.com\/wp-content\/uploads\/2020\/07\/Sommerschule.png 800w, https:\/\/speyer24news.com\/wp-content\/uploads\/2020\/07\/Sommerschule-300x117.png 300w, https:\/\/speyer24news.com\/wp-content\/uploads\/2020\/07\/Sommerschule-768x299.png 768w\" sizes=\"(max-width: 800px) 100vw, 800px\" \/><\/figure><\/div>\n\n\n\n<p>Auch in diesem Jahr erm\u00f6glicht das Land Rheinland-Pfalz interessierten Sch\u00fcler\/innen in den letzten beiden Wochen der Sommerferien die Teilnahme an der Sommerschule. Ziel ist, die durch Wechsel- oder Fernunterricht entstandenen L\u00fccken mit Nachhilfeunterricht in Kleingruppen aufzuholen. Auch in Ha\u00dfloch wird sich das Angebot bemerkbar machen. Eltern von Sch\u00fcler\/innen an den beiden Ha\u00dflocher Grundschulen k\u00f6nnen ihre Kinder ab sofort anmelden. Die Sommerschule wird in der Woche vom 16.08. bis 20.08. sowie vom 23.08. bis 27.08.2021 t\u00e4glich zwischen 08:00 und 11:00 Uhr in den R\u00e4umlichkeiten der Ernst-Reuter Schule stattfinden. Das entsprechende Anmeldeformular wird an den Schulen verteilt, kann aber auch online unter <a href=\"http:\/\/www.hassloch.de\">www.hassloch.de<\/a> heruntergeladen werden. <strong>Anmeldeschluss ist am 05.07.2021.<\/strong><\/p>\n\n\n\n<p>Der Unterricht im Rahmen der Sommerschule wird von Lehramtsstudierenden, Lehramtsanw\u00e4rter\/innen, Lehrkr\u00e4ften und p\u00e4dagogischem Personal geleitet. Die Unterrichtsschwerpunkte liegen auf den Kernf\u00e4chern Deutsch und Mathematik. Durch das Nachhilfeangebot sollen die Sch\u00fcler\/innen die Chance erhalten, gut vorbereitet und ohne L\u00fccken im Lernstand ins n\u00e4chste Schuljahr zu starten.<\/p>\n\n\n\n<p>Die Gemeindeverwaltung Ha\u00dfloch wird &#8211; wie bereits im vergangenen Jahr &#8211; das Angebot der Sommerschule um ein zus\u00e4tzliches Betreuungsangebot erweitern. Im Anschluss an den Nachhilfeunterricht k\u00f6nnen die Kinder bei Bedarf zwei weitere Stunden in der Ernst-Reuter-Schule betreut werden. \u201eDas erm\u00f6glicht vor allem berufst\u00e4tigen Eltern eine l\u00fcckenlose Halbtagsbetreuung ihrer Kinder von 08:00 bis 13:00 Uhr\u201c, so B\u00fcrgermeister Tobias Meyer in seiner Funktion als Schuldezernent. Er dankt daher den Mitgliedern des Schultr\u00e4gerausschusses, die der Durchf\u00fchrung der zus\u00e4tzlichen Betreuung bereits bei der Sitzung im Mai zugestimmt hatten.<\/p>\n\n\n\n<p>Die Sommerschule wurde im vergangenen Jahr von rund 80 Kindern der Schillerschule und der Ernst-Reuter-Schule in Anspruch genommen. Von dem anschlie\u00dfenden Betreuungsangebot der Gemeinde machten in der ersten Woche 10, in der zweiten Woche 24 Kinder Gebrauch. Sowohl die Sommerschule als das Betreuungsangebot sind f\u00fcr die Eltern kostenlos.<\/p>\n\n\n\n<p><em>Gemeindeverwaltung Ha\u00dfloch<br>25.06.2021<\/em><\/p>\n","protected":false},"excerpt":{"rendered":"<div class=\"mh-excerpt\"><p>N\u00e4chster Dreck-weg-Tag am 11. September 2021 Die Gemeinde sucht helfende H\u00e4nde im Februar 2021 musste der Dreck-weg-Tag vor dem Hintergrund der Corona-Pandemie pausieren, am 11. September 2021 soll der Aktionstag nun aber nachgeholt werden. Um <a class=\"mh-excerpt-more\" href=\"https:\/\/speyer24news.com\/?p=38295\" title=\"Ha\u00dfloch\">[&#8230;]<\/a><\/p>\n<\/div>","protected":false},"author":3,"featured_media":25888,"comment_status":"open","ping_status":"open","sticky":false,"template":"","format":"standard","meta":{"_monsterinsights_skip_tracking":false,"_monsterinsights_sitenote_active":false,"_monsterinsights_sitenote_note":"","_monsterinsights_sitenote_category":0,"footnotes":""},"categories":[235],"tags":[204,12288,12289,180,12290,12291],"aioseo_notices":[],"amp_enabled":true,"_links":{"self":[{"href":"https:\/\/speyer24news.com\/index.php?rest_route=\/wp\/v2\/posts\/38295"}],"collection":[{"href":"https:\/\/speyer24news.com\/index.php?rest_route=\/wp\/v2\/posts"}],"about":[{"href":"https:\/\/speyer24news.com\/index.php?rest_route=\/wp\/v2\/types\/post"}],"author":[{"embeddable":true,"href":"https:\/\/speyer24news.com\/index.php?rest_route=\/wp\/v2\/users\/3"}],"replies":[{"embeddable":true,"href":"https:\/\/speyer24news.com\/index.php?rest_route=%2Fwp%2Fv2%2Fcomments&post=38295"}],"version-history":[{"count":2,"href":"https:\/\/speyer24news.com\/index.php?rest_route=\/wp\/v2\/posts\/38295\/revisions"}],"predecessor-version":[{"id":38300,"href":"https:\/\/speyer24news.com\/index.php?rest_route=\/wp\/v2\/posts\/38295\/revisions\/38300"}],"wp:featuredmedia":[{"embeddable":true,"href":"https:\/\/speyer24news.com\/index.php?rest_route=\/wp\/v2\/media\/25888"}],"wp:attachment":[{"href":"https:\/\/speyer24news.com\/index.php?rest_route=%2Fwp%2Fv2%2Fmedia&parent=38295"}],"wp:term":[{"taxonomy":"category","embeddable":true,"href":"https:\/\/speyer24news.com\/index.php?rest_route=%2Fwp%2Fv2%2Fcategories&post=38295"},{"taxonomy":"post_tag","embeddable":true,"href":"https:\/\/speyer24news.com\/index.php?rest_route=%2Fwp%2Fv2%2Ftags&post=38295"}],"curies":[{"name":"wp","href":"https:\/\/api.w.org\/{rel}","templated":true}]}}