{"id":38303,"date":"2021-06-25T08:57:07","date_gmt":"2021-06-25T07:57:07","guid":{"rendered":"https:\/\/speyer24news.com\/?p=38303"},"modified":"2021-06-25T09:02:02","modified_gmt":"2021-06-25T08:02:02","slug":"germersheim-landkreis-germersheim-ger-4","status":"publish","type":"post","link":"https:\/\/speyer24news.com\/?p=38303","title":{"rendered":"Germersheim &#038; Landkreis Germersheim (GER)"},"content":{"rendered":"<style type=\"text\/css\">\r\n\t.ads_top_disp{}\r\n\t.ads_top_corner_disp{ float:left; margin:0px 10px 10px 0px; }\r\n\t.ads_first_p_disp{}\r\n\t.ads_bottom_disp{}\r\n\t<\/style>\n<h2 class=\"wp-block-heading\"><strong>Sommerschule an weiterf\u00fchrenden Schulen im Landkreis Germersheim<\/strong><strong><\/strong><\/h2>\n\n\n\n<h3 class=\"wp-block-heading\">Anmeldung bis 8. Juli in den Schulen und beim Kreis m\u00f6glich<\/h3>\n\n\n\n<div class=\"wp-block-image\"><figure class=\"aligncenter size-large\"><img decoding=\"async\" loading=\"lazy\" width=\"800\" height=\"311\" src=\"https:\/\/speyer24news.com\/wp-content\/uploads\/2020\/07\/Sommerschule.png\" alt=\"\" class=\"wp-image-28934\" srcset=\"https:\/\/speyer24news.com\/wp-content\/uploads\/2020\/07\/Sommerschule.png 800w, https:\/\/speyer24news.com\/wp-content\/uploads\/2020\/07\/Sommerschule-300x117.png 300w, https:\/\/speyer24news.com\/wp-content\/uploads\/2020\/07\/Sommerschule-768x299.png 768w\" sizes=\"(max-width: 800px) 100vw, 800px\" \/><\/figure><\/div>\n\n\n\n<p>In den letzten beiden Wochen der Sommerferien, zwischen 16. und 27. August, wird auch in diesem Jahr in Rheinland-Pfalz die \u201eSommerschule 2021\u201c angeboten. Durch F\u00f6rderkurse in den F\u00e4chern Deutsch, Mathematik und eventuell Englisch sollen die Sch\u00fclerinnen und Sch\u00fcler unterst\u00fctzt werden, die w\u00e4hrend der Schulschlie\u00dfungen nicht die gew\u00fcnschten Lernfortschritte erzielen konnten. Die Kurse sind f\u00fcr die Sch\u00fclerinnen und Sch\u00fcler kostenfrei.<\/p>\n\n\n\n<p>F\u00fcr die weiterf\u00fchrenden Schulen in Kreistr\u00e4gerschaft \u2013 also Klasse 5 bis 9 \u2013 organisiert der Landkreis Germersheim im Auftrag des Landes die Sommerschule und stellt seine Schulgeb\u00e4ude zur Verf\u00fcgung. Interessierte Sch\u00fclerinnen und Sch\u00fcler dieser Klassen k\u00f6nnen sich f\u00fcr <strong>eine Woche<\/strong> F\u00f6rderunterricht in den letzten beiden Sommerferienwochen anmelden. Der Unterricht wird an drei Stunden am Vormittag an einer wohnortnahen Schule stattfinden. Angeleitet werden die Lerngruppen von Lehramtsstudierenden, Lehramtsanw\u00e4rter\/innen, Lehrkr\u00e4ften und p\u00e4dagogischem Personal, pensionierten Lehrkr\u00e4ften sowie \u00e4lteren Sch\u00fcler\/innen, die daf\u00fcr vorher geschult werden.<\/p>\n\n\n\n<p>Die Lerngruppen an den weiterf\u00fchrenden Schulen finden f\u00fcr die Klassen 5 bis 9 statt. Die genauen Standorte werden noch bekannt gegeben.<\/p>\n\n\n\n<p>Jede Sch\u00fclerin und jeder Sch\u00fcler, der die Klassen 5 bis 9 besucht, kann sich zur Sommerschule anmelden, auch wenn nicht direkt an der \u201eeigenen\u201c Schule die Kurse stattfinden. Es wird dann der Standort zugeteilt, der in der N\u00e4he der sonst besuchten Schule liegt. Wie sich die Lerngruppen genau zusammensetzen, wird nach Abschluss der Anmeldungen entschieden.<\/p>\n\n\n\n<p>F\u00fcr die Sommerschule, die der Kreis organisiert, ist es m\u00f6glich, sich <strong>bis zum 08.07.2021<\/strong> anzumelden. Das Anmeldeformular ist \u00fcber die eigene Schule zu bekommen.<\/p>\n\n\n\n<p>F\u00fcr die Sommerschule an den Grundschulen sind die jeweiligen Gemeinden vor Ort zust\u00e4ndig.<\/p>\n\n\n\n<h4 class=\"wp-block-heading\">Weitere Informationen zur Sommerschule und eine Liste aller Angebote in Rheinland-Pfalz finden sich unter: <a href=\"http:\/\/ferien.bildung-rp.de\">ferien.bildung-rp.de<\/a><\/h4>\n\n\n\n<p><em>Kreisverwaltung Germersheim<br>25.06.2021<\/em><\/p>\n\n\n\n<h2 class=\"wp-block-heading\"><strong>S\u00fcdpf\u00e4lzer Verwaltungsspitzen danken ehemaligem PAMINA-Pr\u00e4sident R\u00e9mi Bertrand f\u00fcr au\u00dfergew\u00f6hnliches Engagement in au\u00dfergew\u00f6hnlichen Zeiten<\/strong><\/h2>\n\n\n\n<h3 class=\"wp-block-heading\">Von 2017 bis 2021 war er Pr\u00e4sident des Eurodistrikt PAMINA: R\u00e9mi Bertrand.<\/h3>\n\n\n\n<div class=\"wp-block-image\"><figure class=\"aligncenter size-large\"><img decoding=\"async\" loading=\"lazy\" width=\"600\" height=\"400\" src=\"https:\/\/speyer24news.com\/wp-content\/uploads\/2021\/06\/Remi-Bertrand.jpg\" alt=\"\" class=\"wp-image-38306\" srcset=\"https:\/\/speyer24news.com\/wp-content\/uploads\/2021\/06\/Remi-Bertrand.jpg 600w, https:\/\/speyer24news.com\/wp-content\/uploads\/2021\/06\/Remi-Bertrand-300x200.jpg 300w\" sizes=\"(max-width: 600px) 100vw, 600px\" \/><figcaption>R\u00e9mi Bertrand<br><em>Foto: PAMINA Buisness Club<\/em><\/figcaption><\/figure><\/div>\n\n\n\n<p>F\u00fcr au\u00dfergew\u00f6hnliches Engagement in einer au\u00dfergew\u00f6hnlichen Zeit danken ihm die s\u00fcdpf\u00e4lzer Landr\u00e4te Dietmar Seefeldt (Landkreis S\u00fcdliche Weinstra\u00dfe) und Dr. Fritz Brechtel (Landkreis Germersheim) sowie Landaus Oberb\u00fcrgermeister Thomas Hirsch. Die S\u00fcdpf\u00e4lzer Verwaltungschefs nutzten vergangene Woche die Gelegenheit am Rande einer PAMINA-Sitzung, bei der der ehemalige Pr\u00e4sident nochmals anwesend war, um ihre pers\u00f6nliche Anerkennung f\u00fcr die Erfolge w\u00e4hrend Bertands Pr\u00e4sidentschaft von 2017 bis 2021 auszudr\u00fccken.<\/p>\n\n\n\n<p>W\u00e4hrend seiner Amtszeit hat R\u00e9mi Bertrand bedeutende Projekte vorangetrieben. Insbesondere wurde der PAMINA Aktionsplan Mobilit\u00e4t eingef\u00fchrt und umgesetzt sowie EU-F\u00f6rdermittel unter anderem f\u00fcr die INTERREG-Projekte &#8222;MobiPAMINA&#8220; und &#8222;Offre de soins PAMINA Gesundheitsversorung\u201c erfolgreich beantragt \u2013 eine Machbarkeitsstudie zur Reaktivierung der Schienenstrecke Karlsruhe-Rastatt-Haguenau-Saarbr\u00fccken und dem INTERREG-Projekt zur Weiterentwicklung der Nahversorgung im Gesundheitssektor mit allen Beteiligten im Gesundheitswesen. F\u00fcr das p\u00e4dagogische Online-Spiel und INTERREG-Projekt &#8222;Der Weltenbummler&#8220; wurde der EVTZ Eurodistrikt PAMINA 2020 unter der Pr\u00e4sidentschaft von R\u00e9mi Bertrand mit dem EGTC Award des Ausschusses der Regionen ausgezeichnet.<\/p>\n\n\n\n<p>W\u00e4hrend der Corona-Pandemie und den damit verbundenen Herausforderungen an der deutsch-franz\u00f6sischen Grenze hat sich der EVTZ Eurodistrikt PAMINA unter der Leitung von R\u00e9mi Bertrand als sehr aktiv erwiesen, beispielsweise durch einen t\u00e4glichen Newsletter zur Situation in den drei Teilr\u00e4umen, der mit dem dritten Platz beim europ\u00e4ischen Sail of Papenburg Award ausgezeichnet wurde. Auch die Beratungs- und Informationsarbeit f\u00fcr Grenzg\u00e4ngerinnen und Grenzg\u00e4nger (INFOBEST PAMINA) sowie die Koordination verschiedenener Ma\u00dfnahmen in Frankreich und Deutschland hat der EVTZ vorbildlich ausgef\u00fchrt.<\/p>\n\n\n\n<p>R\u00e9mi Bertrands politische Karriere dauerte 38 Jahre und endet offiziell am 27. Juni 2021. Zuletzt war er Vize-Pr\u00e4sident der Collectivit\u00e9 europ\u00e9enne d&#8217;Alsace, die aus der Fusion der D\u00e9partements Bas-Rhin und Haut-Rhin entstanden ist; im Rahmen dieses Mandats war er f\u00fcr die Themenbereiche Europa und Zweisprachigkeit zust\u00e4ndig<\/p>\n\n\n\n<p>\u201eMit R\u00e9mi Betrand konnte sich der EVTZ Eurodistrikt PAMINA weiter als europ\u00e4ische Beispielregion profilieren, insbesondere auf Ebene der EU. F\u00fcr seinen Einsatz im Sinne der deutsch-franz\u00f6sischen Freundschaft geb\u00fchrt ihm Dank und Anerkennung\u201c, so die drei s\u00fcdpf\u00e4lzischen Verwaltungschefs. Dr. Christoph Schnaudigel, Landrat des Landkreises Karlsruhe ist Nachfolger von R\u00e9mi Bertrand im Amt des Pr\u00e4sidenten des Eurodistrikts PAMINA. Seefeldt, Brechtel und Hirsch freuen sich auf die Zusammenarbeit mit ihm.<\/p>\n\n\n\n<p><em>Text: Gemeinsame Pressemitteilung der Landkreise Germersheim und S\u00fcdliche Weinstra\u00dfe sowie der Stadt Landau in der Pfalz Foto: PAMINA Buisness Club<br>25.06.2021<\/em><\/p>\n\n\n\n<h2 class=\"wp-block-heading\"><strong>Smart Factory<\/strong><\/h2>\n\n\n\n<h3 class=\"wp-block-heading\"><strong>Wissenszentrum zum Thema \u201eK\u00fcnstliche Intelligenz\u201c auf der Zielgeraden<\/strong><\/h3>\n\n\n\n<div class=\"wp-block-image\"><figure class=\"aligncenter size-large\"><img decoding=\"async\" loading=\"lazy\" width=\"800\" height=\"535\" src=\"https:\/\/speyer24news.com\/wp-content\/uploads\/2021\/06\/210622_Smart_Factory_Buttweiler_Klein-Ott_Brechtel_Kaesmeier2_Foto-KV-GER-aj.jpg\" alt=\"\" class=\"wp-image-38304\" srcset=\"https:\/\/speyer24news.com\/wp-content\/uploads\/2021\/06\/210622_Smart_Factory_Buttweiler_Klein-Ott_Brechtel_Kaesmeier2_Foto-KV-GER-aj.jpg 800w, https:\/\/speyer24news.com\/wp-content\/uploads\/2021\/06\/210622_Smart_Factory_Buttweiler_Klein-Ott_Brechtel_Kaesmeier2_Foto-KV-GER-aj-300x201.jpg 300w, https:\/\/speyer24news.com\/wp-content\/uploads\/2021\/06\/210622_Smart_Factory_Buttweiler_Klein-Ott_Brechtel_Kaesmeier2_Foto-KV-GER-aj-768x514.jpg 768w\" sizes=\"(max-width: 800px) 100vw, 800px\" \/><figcaption>Landrat Dr. Fritz Brechtel, der Erste Kreisbeigeordnete, Christoph Buttweiler, BBS-Schulleiter Alexander Ott und sein Stellvertreter, Ingolf K\u00e4smeier, betrachten die Fortschritte des Projekts \u201eSmart Factory\u201c.<br><em>Foto: KV GER\/aj<\/em><\/figcaption><\/figure><\/div>\n\n\n\n<p>Die ersten Teile der Smart Factory in der Berufsbildenden Schule in W\u00f6rth sind angekommen und montiert. Das teilen Landrat Dr. Fritz Brechtel und der Erste Kreisbeigeordneter, Christoph Buttweiler, mit. Bis die Anlage komplett steht, offiziell eingeweiht und in den regul\u00e4ren Betrieb gehen kann, wird es voraussichtlich noch bis zum Sp\u00e4tsommer dauern.<\/p>\n\n\n\n<p>Ziel des Aufbaus der Smart Factory ist es, ein deutsch-franz\u00f6sisches und innovatives technologisches Wissenszentrum im Bereich der digitalisierten und vernetzten Produktion zu schaffen, mit dem Sch\u00fcler auf das Thema \u201eK\u00fcnstliche Intelligenz\u201c an der BBS vorbereitet werden. Wie weit die Um- und Aufbauarbeiten fortgeschritten sind, dar\u00fcber informierte aktuell Projektleiterin Regina Klein. Ein Teil der Smart Factory fehlt noch, einige Arbeiten im Schulungsraum m\u00fcssen noch erledigt werden. Mit den franz\u00f6sischen Partnern besteht ein reger Austausch, insbesondere mit den franz\u00f6sischen Schulen werden konkrete Bildungsangebote entwickelt. Erste Einf\u00fchrungen f\u00fcr Lehrkr\u00e4fte haben bereits stattgefunden.<\/p>\n\n\n\n<div class=\"wp-block-image\"><figure class=\"aligncenter size-large\"><img decoding=\"async\" loading=\"lazy\" width=\"800\" height=\"535\" src=\"https:\/\/speyer24news.com\/wp-content\/uploads\/2021\/06\/2106228_Smart_Factory_Buttweiler_Klein_Brechtel_Ott-Kaesmeier1_Foto-KV-GER-aj.jpg\" alt=\"\" class=\"wp-image-38305\" srcset=\"https:\/\/speyer24news.com\/wp-content\/uploads\/2021\/06\/2106228_Smart_Factory_Buttweiler_Klein_Brechtel_Ott-Kaesmeier1_Foto-KV-GER-aj.jpg 800w, https:\/\/speyer24news.com\/wp-content\/uploads\/2021\/06\/2106228_Smart_Factory_Buttweiler_Klein_Brechtel_Ott-Kaesmeier1_Foto-KV-GER-aj-300x201.jpg 300w, https:\/\/speyer24news.com\/wp-content\/uploads\/2021\/06\/2106228_Smart_Factory_Buttweiler_Klein_Brechtel_Ott-Kaesmeier1_Foto-KV-GER-aj-768x514.jpg 768w\" sizes=\"(max-width: 800px) 100vw, 800px\" \/><\/figure><\/div>\n\n\n\n<p>\u201eDie Smart Factory stellt Weichen f\u00fcr ein deutsch-franz\u00f6sisches Miteinander in den Partnergebieten Rheinland-Pfalz und der R\u00e9gion Grand Est. Am Ende wird die Oberrheinregion \u00fcber ein Wissenszentrum im Bereich der digitalisierten Lagerung und Fertigung verf\u00fcgen. Ausdr\u00fccklich m\u00f6chten wir uns bei allen Kooperationspartnern bedanken. Nur so ist es m\u00f6glich ein Projekt dieser Gr\u00f6\u00dfenordnung umzusetzen\u201c, so Landrat Brechtel und der Erste Kreisbeigeordnete Christoph Buttweiler.<\/p>\n\n\n\n<p>Die Smart Factory ist ein Interreg-Projekt und wird unterst\u00fctzt vom Europ\u00e4ischen Fonds f\u00fcr regionale Entwicklung (EFRE).<\/p>\n\n\n\n<p><em>Text: Kreisverwaltung Germersheim Foto: KV GER\/aj<br>25.06.2021<\/em><\/p>\n\n\n\n<h2 class=\"wp-block-heading\"><strong>EULLa Antragsverfahren f\u00fcr Agrarumwelt- und Klimaschutzma\u00dfnahmen er\u00f6ffnet<\/strong><\/h2>\n\n\n\n<p>Das Antragsverfahren f\u00fcr die Agrarumwelt- und Klimaschutzma\u00dfnahmen (EULLa) wurde er\u00f6ffnet. F\u00f6rderantr\u00e4ge k\u00f6nnen<strong> bis zum 16. Juli 2021<\/strong> bei der Kreisverwaltung Germersheim eingereicht werden.<\/p>\n\n\n\n<p>Mit Blick auf den bevorstehenden \u00dcbergang in die neue EU-F\u00f6rderperiode werden Antr\u00e4ge f\u00fcr Neueinsteiger mit einem Verpflichtungszeitraum von zwei Jahren angeboten. Auslaufende Altverpflichtungen k\u00f6nnen f\u00fcr ein Jahr verl\u00e4ngert werden.<\/p>\n\n\n\n<p>\u00dcber das Programm EULLa (Entwicklung von Umwelt, Landwirtschaft und Landschaft) werden insgesamt 16 Teilma\u00dfnahmen einschlie\u00dflich der F\u00f6rderung des \u00f6kologischen Landbaus und f\u00fcnf Vertragsnaturschutzma\u00dfnahmen gef\u00f6rdert.<\/p>\n\n\n\n<h4 class=\"wp-block-heading\">Antr\u00e4ge k\u00f6nnen f\u00fcr die folgenden Programmteile gestellt werden:<\/h4>\n\n\n\n<ul><li>Programmteil A: Umweltschonende Gr\u00fcnlandbewirtschaftung im Unternehmen und tiergerechte Haltung auf Gr\u00fcnland,<\/li><li>Programmteil B: Vielf\u00e4ltige Kulturen im Ackerbau,<\/li><li>Programmteil C: Beibehaltung von Untersaaten und Zwischenfr\u00fcchten \u00fcber Winter,<\/li><li>Programmteil D: Integration von Strukturelementen in der Landschaft (Anlage von Gew\u00e4sserrandstreifen),<\/li><li>Programmteil E: Umweltschonende Bewirtschaftung der Steil- und Steilstlagenrebfl\u00e4chen im Weinbau,<\/li><li>Programmteil F: Anlage von Saum- und Bandstrukturen auf Ackerfl\u00e4chen,<\/li><li>Programmteil G: Umwandlung von Ackerfl\u00e4chen in Gr\u00fcnland,<\/li><li>Programmteil H: Gr\u00fcnlandbewirtschaftung in den Talauen der S\u00fcdpfalz,<\/li><li>Programmteil I: Alternative Pflanzenschutzverfahren,<\/li><li>Programmteil J: Vertragsnaturschutz Gr\u00fcnland,<\/li><li>Programmteil K: Vertragsnaturschutz Kennarten,<\/li><li>Programmteil L: Vertragsnaturschutz Weinberg,<\/li><li>Programmteil M: Vertragsnaturschutz Acker,<\/li><li>Programmteil N: Vertragsnaturschutz Streuobst,<\/li><li>Programmteil O: Biotechnische Pflanzenschutzverfahren im Weinbau,<\/li><li>Programmteil P: \u00d6kologische Wirtschaftsweise im Unternehmen,<\/li><\/ul>\n\n\n\n<p>F\u00fcr die landwirtschaftlichen Programmteile steht ein Finanzplafond von 6,5 Millionen Euro bereit. F\u00fcr die Vertragsnaturschutzma\u00dfnahmen ist 1 Million Euro und f\u00fcr den \u00f6kologischen Landbau 3 Millionen Euro vorgesehen. Falls die eingehenden Antr\u00e4ge das Volumen \u00fcberschreiten sollten, greift ein Ranking nach festgelegten Auswahlkriterien.<\/p>\n\n\n\n<p>Zur F\u00f6rderung der Biodiversit\u00e4t in der Agrarlandschaft tragen unter anderem die landwirtschaftlichen Programmteile Anlage von Saum- und Bandstrukturen auf Ackerfl\u00e4chen, die vielf\u00e4ltigen Kulturen im Ackerbau, die umweltschonende Bewirtschaftung des Gr\u00fcnlandes im Unternehmen sowie die Umstellung auf eine \u00f6kologische Bewirtschaftung bei. Insbesondere bei der Anlage von Bl\u00fchstreifen legen die Landwirtinnen und Landwirte Nahrungsquellen f\u00fcr Bienen und andere Insekten an und leisten somit einen wichtigen Beitrag f\u00fcr die Artenvielfalt in der Agrarlandschaft.<\/p>\n\n\n\n<p>Antragsformulare f\u00fcr die jeweiligen Programmteile, sowie weitere Informationen zum Antragsverfahren EULLa 2021 sind bei der Kreisverwaltung telefonisch unter 07274\/53-257 sowie auf der Internetseite <a href=\"http:\/\/www.agrarumwelt.rlp.de\">www.agrarumwelt.rlp.de<\/a> erh\u00e4ltlich.<\/p>\n\n\n\n<p><em>Kreisverwaltung Germersheim<br>25.06.2021<\/em><\/p>\n\n\n\n<h1 class=\"has-text-align-center wp-block-heading\">Corona-Virus<\/h1>\n\n\n\n<div class=\"wp-block-image\"><figure class=\"aligncenter size-large\"><img decoding=\"async\" loading=\"lazy\" width=\"800\" height=\"346\" src=\"https:\/\/speyer24news.com\/wp-content\/uploads\/2020\/02\/coronavirus-4817450_1920.jpg\" alt=\"\" class=\"wp-image-25126\" srcset=\"https:\/\/speyer24news.com\/wp-content\/uploads\/2020\/02\/coronavirus-4817450_1920.jpg 800w, https:\/\/speyer24news.com\/wp-content\/uploads\/2020\/02\/coronavirus-4817450_1920-300x130.jpg 300w, https:\/\/speyer24news.com\/wp-content\/uploads\/2020\/02\/coronavirus-4817450_1920-768x332.jpg 768w\" sizes=\"(max-width: 800px) 100vw, 800px\" \/><\/figure><\/div>\n\n\n\n<h2 class=\"wp-block-heading\"><strong>Digitaler Impfnachweis im Impfzentrum<\/strong><\/h2>\n\n\n\n<h3 class=\"wp-block-heading\"><strong>Bereits Geimpfte erhalten QR-Code vom Land<\/strong><\/h3>\n\n\n\n<p>Wer sich im Impfzentrum in W\u00f6rth impfen l\u00e4sst, erh\u00e4lt automatisch das&nbsp;EU-Covid-Impfzertifikat mit QR-Code, das dann mit dem Smartphone eingescannt werden kann. Anschlie\u00dfend gibt es den Impfnachweis samt QR-Code auch nochmals per Mail. \u201eDer Digitale Impfnachweis ist ein zus\u00e4tzliches Angebot. Offizielles Dokument ist und bleibt der gelbe Impfausweis bzw. das wei\u00dfe Einlegeblatt. Deshalb muss der Impfausweis zur Impfung auf jeden Fall mitgebracht werden\u201c, macht Impfkoordinator Mathias Deubig deutlich.<\/p>\n\n\n\n<p>\u201eDer digitale Impfnachweis bedeutet eine deutliche Vereinfachung beispielsweise beim Reisen innerhalb der EU\u201c, so Landrat Dr. Fritz Brechtel. Er bittet aber gleichzeitig darum, sich und andere auch weiterhin bestm\u00f6glich zu sch\u00fctzen: \u201eEine Impfung bringt keinen absoluten Schutz. Bitte geben Sie daher auch weiterhin auf sich und ihre N\u00e4chsten Acht, wenn Sie die erreichten Lockerungen und die Sommermonate genie\u00dfen.\u201c<\/p>\n\n\n\n<p>Personen, die bereits vollst\u00e4ndig im Impfzentrum in W\u00f6rth geimpft wurden, erhalten ihren Impfnachweis mit QR-Code per E-Mail und per Post vom Land zugeschickt. Alternativ ist ein Impfnachweis mit QR-Code auch in den \u00f6rtlichen Apotheken erh\u00e4ltlich. Wer sich in Arztpraxen impfen l\u00e4sst, erh\u00e4lt auch dort den entsprechenden QR-Code. Im Impfzentrum direkt kann der Nachweis nicht nachtr\u00e4glich erstellt werden<\/p>\n\n\n\n<p>Der QR-Code wird mit der Corona-Warn-App oder der CovPass-App eingescannt. Informationen rund um das Thema \u201edigitaler Impfnachweise\u201c gibt es auf&nbsp;<a href=\"https:\/\/deref-web.de\/mail\/client\/RwD4w_EyboI\/dereferrer\/?redirectUrl=http%3A%2F%2Fwww.bundesgesundheitsministerium.de%2Fcoronavirus%2Ffaq-covid-19-impfung%2Ffaq-digitaler-impfnachweis.html\" target=\"_blank\" rel=\"noreferrer noopener\">www.bundesgesundheitsministerium.de\/coronavirus\/faq-covid-19-impfung\/faq-digitaler-impfnachweis.html<\/a>&nbsp;oder auch auf&nbsp;<a href=\"https:\/\/deref-web.de\/mail\/client\/msRKm6eKLls\/dereferrer\/?redirectUrl=http%3A%2F%2Fwww.digitaler-impfnachweis-app.de\" target=\"_blank\" rel=\"noreferrer noopener\">www.digitaler-impfnachweis-app.de<\/a>.<\/p>\n\n\n\n<p><em>Kreisverwaltung Germersheim<br>25.06.2021<\/em><\/p>\n\n\n\n<h2 class=\"wp-block-heading\"><strong>Fallzahlen im Landkreis Germersheim (Stand 24.\u00a0Juni 2021, 12 Uhr)<\/strong><\/h2>\n\n\n\n<div class=\"wp-block-image\"><figure class=\"aligncenter size-large\"><img decoding=\"async\" loading=\"lazy\" width=\"800\" height=\"400\" src=\"https:\/\/speyer24news.com\/wp-content\/uploads\/2020\/05\/virus-1812092_1920.jpg\" alt=\"\" class=\"wp-image-26778\" srcset=\"https:\/\/speyer24news.com\/wp-content\/uploads\/2020\/05\/virus-1812092_1920.jpg 800w, https:\/\/speyer24news.com\/wp-content\/uploads\/2020\/05\/virus-1812092_1920-300x150.jpg 300w, https:\/\/speyer24news.com\/wp-content\/uploads\/2020\/05\/virus-1812092_1920-768x384.jpg 768w\" sizes=\"(max-width: 800px) 100vw, 800px\" \/><\/figure><\/div>\n\n\n\n<p>Aktuell gibt es im Landkreis Germersheim 28 best\u00e4tigte positive F\u00e4lle, die Gesamtzahl bel\u00e4uft sich auf 5547 Infizierte seit Beginn der Pandemie. Seit gestern wurde ein neuer Fall registriert. <\/p>\n\n\n\n<figure class=\"wp-block-table\"><table><tbody><tr><td><strong><u>VG \/ Stadt<\/u><\/strong><\/td><td><strong><u>Ort<\/u><\/strong><\/td><td><strong><u>Infizierte seit Beginn der Pandemie<\/u><\/strong><\/td><td><strong><u>Aktuell infizierte Personen<\/u><\/strong><\/td><td><strong><u>Gesundete bzw. nicht mehr infizierte Personen<\/u><\/strong><\/td><td><strong><u>Leider an oder mit Covid-19 verstorbene Personen<\/u><\/strong><\/td><\/tr><tr><td>VG Hagenbach<\/td><td>Berg<\/td><td>50<\/td><td>0<\/td><td>50<\/td><td>0<\/td><\/tr><tr><td>&nbsp;<\/td><td>Hagenbach<\/td><td>200<\/td><td>1<\/td><td>183<\/td><td>16<\/td><\/tr><tr><td>&nbsp;<\/td><td>Neuburg<\/td><td>112<\/td><td>0<\/td><td>107<\/td><td>5<\/td><\/tr><tr><td>&nbsp;<\/td><td>Scheibenhardt<\/td><td>16<\/td><td>0<\/td><td>16<\/td><td>0<\/td><\/tr><tr><td><strong>&nbsp;<\/strong><\/td><td><strong>Summen<\/strong><strong><\/strong><\/td><td><strong>378<\/strong><strong><\/strong><\/td><td><strong>1<\/strong><strong><\/strong><\/td><td><strong>356<\/strong><strong><\/strong><\/td><td><strong>21<\/strong><strong><\/strong><\/td><\/tr><tr><td>W\u00f6rth<\/td><td>Maximiliansau<\/td><td>229<\/td><td>0<\/td><td>225<\/td><td>4<\/td><\/tr><tr><td>&nbsp;<\/td><td>Schaidt<\/td><td>60<\/td><td>0<\/td><td>60<\/td><td>0<\/td><\/tr><tr><td>&nbsp;<\/td><td>W\u00f6rth, Stadt<\/td><td>547<\/td><td>3<\/td><td>540<\/td><td>4<\/td><\/tr><tr><td>&nbsp;<\/td><td>B\u00fcchelberg<\/td><td>31<\/td><td>0<\/td><td>31<\/td><td>0<\/td><\/tr><tr><td><strong>&nbsp;<\/strong><\/td><td><strong>Summen<\/strong><strong><\/strong><\/td><td><strong>867<\/strong><strong><\/strong><\/td><td><strong>3<\/strong><strong><\/strong><\/td><td><strong>856<\/strong><strong><\/strong><\/td><td><strong>8<\/strong><strong><\/strong><\/td><\/tr><tr><td>VG Kandel<\/td><td>Erlenbach<\/td><td>15<\/td><td>0<\/td><td>15<\/td><td>0<\/td><\/tr><tr><td>&nbsp;<\/td><td>Freckenfeld<\/td><td>50<\/td><td>0<\/td><td>50<\/td><td>0<\/td><\/tr><tr><td>&nbsp;<\/td><td>Kandel<\/td><td>285<\/td><td>0<\/td><td>282<\/td><td>3<\/td><\/tr><tr><td>&nbsp;<\/td><td>Minfeld<\/td><td>42<\/td><td>0<\/td><td>42<\/td><td>0<\/td><\/tr><tr><td>&nbsp;<\/td><td>Steinweiler<\/td><td>80<\/td><td>0<\/td><td>79<\/td><td>1<\/td><\/tr><tr><td>&nbsp;<\/td><td>Vollmersweiler<\/td><td>1<\/td><td>0<\/td><td>1<\/td><td>0<\/td><\/tr><tr><td>&nbsp;<\/td><td>Winden<\/td><td>29<\/td><td>0<\/td><td>28<\/td><td>1<\/td><\/tr><tr><td>&nbsp;<\/td><td><strong>Summen<\/strong><strong><\/strong><\/td><td><strong>502<\/strong><strong><\/strong><\/td><td><strong>0<\/strong><strong><\/strong><\/td><td><strong>497<\/strong><strong><\/strong><\/td><td><strong>5<\/strong><strong><\/strong><\/td><\/tr><tr><td>VG Jockgrim<\/td><td>Hatzenb\u00fchl<\/td><td>135<\/td><td>1<\/td><td>131<\/td><td>3<\/td><\/tr><tr><td>&nbsp;<\/td><td>Jockgrim<\/td><td>240<\/td><td>1<\/td><td>234<\/td><td>5<\/td><\/tr><tr><td>&nbsp;<\/td><td>Neupotz<\/td><td>59<\/td><td>0<\/td><td>56<\/td><td>3<\/td><\/tr><tr><td>&nbsp;<\/td><td>Rheinzabern<\/td><td>150<\/td><td>0<\/td><td>147<\/td><td>3<\/td><\/tr><tr><td>&nbsp;<\/td><td><strong>Summen<\/strong><strong><\/strong><\/td><td><strong>584<\/strong><strong><\/strong><\/td><td><strong>2<\/strong><strong><\/strong><\/td><td><strong>568<\/strong><strong><\/strong><\/td><td><strong>14<\/strong><strong><\/strong><\/td><\/tr><tr><td>VG R\u00fclzheim<\/td><td>H\u00f6rdt<\/td><td>114<\/td><td>5<\/td><td>108<\/td><td>1<\/td><\/tr><tr><td>&nbsp;<\/td><td>Kuhardt<\/td><td>69<\/td><td>0<\/td><td>69<\/td><td>0<\/td><\/tr><tr><td>&nbsp;<\/td><td>Leimersheim<\/td><td>69<\/td><td>0<\/td><td>68<\/td><td>1<\/td><\/tr><tr><td>&nbsp;<\/td><td>R\u00fclzheim<\/td><td>288<\/td><td>0<\/td><td>282<\/td><td>6<\/td><\/tr><tr><td>&nbsp;<\/td><td><strong>Summen<\/strong><strong><\/strong><\/td><td><strong>540<\/strong><strong><\/strong><\/td><td><strong>5<\/strong><strong><\/strong><\/td><td><strong>527<\/strong><strong><\/strong><\/td><td><strong>8<\/strong><strong><\/strong><\/td><\/tr><tr><td>VG Bellheim<\/td><td>Bellheim<\/td><td>414<\/td><td>0<\/td><td>386<\/td><td>28<\/td><\/tr><tr><td>&nbsp;<\/td><td>Knittelsheim<\/td><td>50<\/td><td>0<\/td><td>50<\/td><td>0<\/td><\/tr><tr><td>&nbsp;<\/td><td>Ottersheim<\/td><td>90<\/td><td>0<\/td><td>90<\/td><td>0<\/td><\/tr><tr><td>&nbsp;<\/td><td>Zeiskam<\/td><td>98<\/td><td>1<\/td><td>97<\/td><td>0<\/td><\/tr><tr><td>&nbsp;<\/td><td><strong>Summen<\/strong><strong><\/strong><\/td><td><strong>652<\/strong><strong><\/strong><\/td><td><strong>1<\/strong><strong><\/strong><\/td><td><strong>623<\/strong><strong><\/strong><\/td><td><strong>28<\/strong><strong><\/strong><\/td><\/tr><tr><td>Germersheim + So<\/td><td>&nbsp;<\/td><td>1228<\/td><td>7<\/td><td>1203<\/td><td>18<\/td><\/tr><tr><td>&nbsp;<\/td><td><strong>Summen<\/strong><strong><\/strong><\/td><td><strong>1228<\/strong><strong><\/strong><\/td><td><strong>7<\/strong><strong><\/strong><\/td><td><strong>1203<\/strong><strong><\/strong><\/td><td><strong>18<\/strong><strong><\/strong><\/td><\/tr><tr><td>VG Lingenfeld<\/td><td>Freisbach<\/td><td>63<\/td><td>0<\/td><td>62<\/td><td>1<\/td><\/tr><tr><td>&nbsp;<\/td><td>Lingenfeld<\/td><td>262<\/td><td>4<\/td><td>249<\/td><td>9<\/td><\/tr><tr><td>&nbsp;<\/td><td>Lustadt<\/td><td>117<\/td><td>5<\/td><td>110<\/td><td>2<\/td><\/tr><tr><td>&nbsp;<\/td><td>Schwegenheim<\/td><td>146<\/td><td>0<\/td><td>145<\/td><td>1<\/td><\/tr><tr><td>&nbsp;<\/td><td>Weingarten<\/td><td>105<\/td><td>0<\/td><td>104<\/td><td>1<\/td><\/tr><tr><td>&nbsp;<\/td><td>Westheim<\/td><td>103<\/td><td>0<\/td><td>94<\/td><td>9<\/td><\/tr><tr><td>&nbsp;<\/td><td><strong>Summen<\/strong><strong><\/strong><\/td><td><strong>796<\/strong><strong><\/strong><\/td><td><strong>9<\/strong><strong><\/strong><\/td><td><strong>764<\/strong><strong><\/strong><\/td><td><strong>23<\/strong><strong><\/strong><\/td><\/tr><tr><td>&nbsp;<\/td><td>&nbsp;<\/td><td>&nbsp;<\/td><td>&nbsp;<\/td><td>&nbsp;<\/td><td>&nbsp;<\/td><\/tr><tr><td>&nbsp;<\/td><td><strong>Endsummen<\/strong><strong><\/strong><\/td><td><strong>5547<\/strong><strong><\/strong><\/td><td><strong>28<\/strong><strong><\/strong><\/td><td><strong>5394<\/strong><strong><\/strong><\/td><td><strong>125<\/strong><strong><\/strong><\/td><\/tr><\/tbody><\/table><\/figure>\n\n\n\n<p><strong><u>Was bedeutet \u201ebest\u00e4tigter positiver Fall\u201c?<\/u><\/strong><strong><br><\/strong>Von einem best\u00e4tigten positiven Fall spricht das Gesundheitsamt, wenn zu einer Person ein positives PCR-Testergebnis vorliegt. Ein Selbsttest oder Schnelltest reicht hierf\u00fcr nicht aus.<br><strong><u>Was bedeutet \u201eneuer Fall\u201c?<br><\/u><\/strong>Ein neuer Fall entsteht, wenn die Person ein positives PCR-Testergebnis hat und nicht bereits als infiziert erfasst wurde. Es wird nur die Person als Fall gez\u00e4hlt! Weitere positive Testergebnisse der gleichen Person im Verlauf ihrer Erkrankung werden nicht dazugerechnet. Die Person ist und bleibt ein einziger Fall in der Statistik!<br><strong><u>Was bedeutet \u201eaktuell best\u00e4tigte positive F\u00e4lle\u201c?<\/u><br><\/strong>Die Kreisverwaltung ver\u00f6ffentlicht auch die Anzahl der aktuell best\u00e4tigten positiven F\u00e4lle. Hierunter fallen alle aktuell infizierten Personen, die noch nicht als genesen gelten k\u00f6nnen. Alle aktuell best\u00e4tigten positiven F\u00e4lle befinden sich somit noch in Bearbeitung des Gesundheitsamtes.<\/p>\n\n\n\n<p><em>Kreisverwaltung Germersheim<br>25.06.2021<\/em><\/p>\n","protected":false},"excerpt":{"rendered":"<div class=\"mh-excerpt\"><p>Sommerschule an weiterf\u00fchrenden Schulen im Landkreis Germersheim Anmeldung bis 8. Juli in den Schulen und beim Kreis m\u00f6glich In den letzten beiden Wochen der Sommerferien, zwischen 16. und 27. August, wird auch in diesem Jahr <a class=\"mh-excerpt-more\" href=\"https:\/\/speyer24news.com\/?p=38303\" title=\"Germersheim &#038; Landkreis Germersheim (GER)\">[&#8230;]<\/a><\/p>\n<\/div>","protected":false},"author":3,"featured_media":30954,"comment_status":"open","ping_status":"open","sticky":false,"template":"","format":"standard","meta":{"_monsterinsights_skip_tracking":false,"_monsterinsights_sitenote_active":false,"_monsterinsights_sitenote_note":"","_monsterinsights_sitenote_category":0,"footnotes":""},"categories":[449],"tags":[6401,8140,6902,5904,6323,9746,5801,9616,6903,9745,12296,1840,7611,210,5569,5255,12294,12295,4546,4547,7909,12292,12293],"aioseo_notices":[],"amp_enabled":true,"_links":{"self":[{"href":"https:\/\/speyer24news.com\/index.php?rest_route=\/wp\/v2\/posts\/38303"}],"collection":[{"href":"https:\/\/speyer24news.com\/index.php?rest_route=\/wp\/v2\/posts"}],"about":[{"href":"https:\/\/speyer24news.com\/index.php?rest_route=\/wp\/v2\/types\/post"}],"author":[{"embeddable":true,"href":"https:\/\/speyer24news.com\/index.php?rest_route=\/wp\/v2\/users\/3"}],"replies":[{"embeddable":true,"href":"https:\/\/speyer24news.com\/index.php?rest_route=%2Fwp%2Fv2%2Fcomments&post=38303"}],"version-history":[{"count":2,"href":"https:\/\/speyer24news.com\/index.php?rest_route=\/wp\/v2\/posts\/38303\/revisions"}],"predecessor-version":[{"id":38309,"href":"https:\/\/speyer24news.com\/index.php?rest_route=\/wp\/v2\/posts\/38303\/revisions\/38309"}],"wp:featuredmedia":[{"embeddable":true,"href":"https:\/\/speyer24news.com\/index.php?rest_route=\/wp\/v2\/media\/30954"}],"wp:attachment":[{"href":"https:\/\/speyer24news.com\/index.php?rest_route=%2Fwp%2Fv2%2Fmedia&parent=38303"}],"wp:term":[{"taxonomy":"category","embeddable":true,"href":"https:\/\/speyer24news.com\/index.php?rest_route=%2Fwp%2Fv2%2Fcategories&post=38303"},{"taxonomy":"post_tag","embeddable":true,"href":"https:\/\/speyer24news.com\/index.php?rest_route=%2Fwp%2Fv2%2Ftags&post=38303"}],"curies":[{"name":"wp","href":"https:\/\/api.w.org\/{rel}","templated":true}]}}