{"id":38354,"date":"2021-06-27T06:47:38","date_gmt":"2021-06-27T05:47:38","guid":{"rendered":"https:\/\/speyer24news.com\/?p=38354"},"modified":"2021-06-27T06:50:49","modified_gmt":"2021-06-27T05:50:49","slug":"polizei-623","status":"publish","type":"post","link":"https:\/\/speyer24news.com\/?p=38354","title":{"rendered":"Polizei"},"content":{"rendered":"<style type=\"text\/css\">\r\n\t.ads_top_disp{}\r\n\t.ads_top_corner_disp{ float:left; margin:0px 10px 10px 0px; }\r\n\t.ads_first_p_disp{}\r\n\t.ads_bottom_disp{}\r\n\t<\/style>\n<h2 class=\"wp-block-heading\">Polizeimeldungen vom Samstag (26.06.2021)<\/h2>\n\n\n\n<div class=\"wp-block-image\"><figure class=\"aligncenter size-large\"><img decoding=\"async\" src=\"https:\/\/speyer24news.com\/wp-content\/uploads\/2020\/01\/Aktuelles-Polizeilogo.jpg\" alt=\"\" class=\"wp-image-23832\"\/><\/figure><\/div>\n\n\n\n<h2 class=\"wp-block-heading\">(Schifferstadt) &#8211; Verletzte Eule per Anhalter in Auffangstation eskortiert<\/h2>\n\n\n\n<div class=\"wp-block-image\"><figure class=\"aligncenter size-large\"><img decoding=\"async\" loading=\"lazy\" width=\"500\" height=\"667\" src=\"https:\/\/speyer24news.com\/wp-content\/uploads\/2021\/06\/eule.jpg\" alt=\"\" class=\"wp-image-38356\" srcset=\"https:\/\/speyer24news.com\/wp-content\/uploads\/2021\/06\/eule.jpg 500w, https:\/\/speyer24news.com\/wp-content\/uploads\/2021\/06\/eule-225x300.jpg 225w\" sizes=\"(max-width: 500px) 100vw, 500px\" \/><figcaption>Verletzte Eule gerettet<\/figcaption><\/figure><\/div>\n\n\n\n<p>Durch aufmerksame Autofahrer wurde der Polizeiautobahnstation Ruchheim am 26.06.2021 gegen 10:40 Uhr mitgeteilt, dass auf der A61 in Fahrtrichtung Speyer an der Abfahrt Schifferstadt eine verletzte Eule im Abfahrtsbereich sitzen w\u00fcrde. Die entsandte Streife konnte die ausgewachsene Eule direkt an der Fahrbahn feststellen. Die Chemie hat von Anfang an gepasst und so konnte die Eule m\u00fchelos eingefangen und zu einer Auffangstation in Ludwigshafen eskortiert werden. Nach einem ersten medizinischen Check hat die mittlerweile auf &#8222;Razz&#8220; getaufte Eule etwas zu Essen bekommen und wird nun aufgep\u00e4ppelt.<\/p>\n\n\n\n<h2 class=\"wp-block-heading\">(Kandel) &#8211; Demonstrationen in Kandel<\/h2>\n\n\n\n<p>Bei dem Demonstrationen am 26.06.2021 in Kandel nahmen insgesamt etwa 50 Personen teil, wobei das &#8222;Frauenb\u00fcndnis Kandel&#8220; in der Spitze ca. 20 Teilnehmer z\u00e4hlte. An der Gegendemonstration waren insgesamt ca. 30 Personen beteiligt. Die Veranstaltungen verliefen weitgehend st\u00f6rungsfrei, wobei einzelne Verst\u00f6\u00dfe gegen die Coronabek\u00e4mpfungsverordnung gepr\u00fcft werden. Um 16:00 Uhr waren beide Veranstaltungen beendet.<\/p>\n\n\n\n<h2 class=\"wp-block-heading\">(Landau) &#8211; Trunkenheitsfahrt<\/h2>\n\n\n\n<p>Am fr\u00fchen Samstagmorgen konnte ein 18-j\u00e4hriger Fahrradfahrer einer Trunkenheitsfahrt \u00fcberf\u00fchrt werden.<\/p>\n\n\n\n<p>Im Rahmen der Streifenfahrt fiel er in der Martin-Luther-Stra\u00dfe in Landau aufgrund seiner unsicheren und schwankenden Fahrweise auf und wurde daher einer Verkehrskontrolle unterzogen. Ein freiwillig durchgef\u00fchrter Atemalkoholtest ergab einen dazu passenden Wert von 2,03 Promille. Des Weiteren zeigte er zus\u00e4tzliche Auffallerscheinungen, welche auf einen nicht lange zur\u00fcckliegenden Bet\u00e4ubungsmittelkonsum schlie\u00dfen lie\u00dfen.<\/p>\n\n\n\n<p>Dem 18-J\u00e4hrigen wurde darauf eine Blutprobe entnommen und die Weiterfahrt untersagt. Er muss sich nun wegen F\u00fchren eines Fahrzeuges unter dem Einfluss berauschender Mittel verantworten.<\/p>\n\n\n\n<h2 class=\"wp-block-heading\">(Freimersheim) &#8211; Fahrradfahrer am Handy f\u00e4llt vom Rad<\/h2>\n\n\n\n<p>Am Freitag, den 25.06.2021, gegen 14:06 Uhr st\u00fcrzte ein 12-j\u00e4hriger Fahrradfahrer, als er die Rathausstra\u00dfe in Freimersheim befuhr und eine dort befindliche Bremsschwelle \u00fcbersah. Durch den Sturz verletzte er sich am Arm und musste durch einen Krankenwagen in ein umliegendes Krankenhaus verbracht werden. Ermittlungen zu Folge soll der Fahrradfahrer mit seinem Handy w\u00e4hrend der Fahrt telefoniert haben und war hierdurch abgelenkt.<\/p>\n\n\n\n<h2 class=\"wp-block-heading\">(Maikammer) &#8211; Sturz auf absch\u00fcssiger Stra\u00dfe<\/h2>\n\n\n\n<p>Am 26.06.2021 gegen 11:00 Uhr kam es zu einem Verkehrsunfall auf der L515 von der Kalmit kommend Richtung Maikammer. Hierbei befuhr ein 61-j\u00e4hriger Rennradfahrer die absch\u00fcssige Stra\u00dfe und kam circa 3 Kilometer vor dem Ortseingang Maikammer ohne Fremdeinwirkung zu Sturz. Der Rennradfahrer aus dem Kreis S\u00dcW zog sich schwere Kopfverletzungen zu. Er wurde mit einem Rettungshubschrauber zur weiteren Behandlung in ein umliegendes Krankenhaus geflogen. Lebensgefahr besteht nicht, ein getragener Schutz verhinderte wahrscheinlich noch schlimmere Folgen. Am Rennrad entstand Sachschaden in H\u00f6he von 100 Euro, dieses wurde zur Eigentumssicherung sichergestellt. Durch die kurzzeitige Sperrung der L515 kam es zu leichten Verkehrsbehinderungen.<\/p>\n\n\n\n<h2 class=\"wp-block-heading\">(Gr\u00fcnstadt) &#8211; Mehrere Unf\u00e4lle mit Verletzten und unter Alkoholeinfluss<\/h2>\n\n\n\n<p>Im Laufe des Samstag Vormittags besch\u00e4ftigten mehrere, teils schwere Verkehrsunf\u00e4lle die Beamten der PI Gr\u00fcnstadt. Bereits in den fr\u00fchen Morgenstunden gegen 05:30 Uhr befuhr ein 31-j\u00e4hriger Mann die Kirchheimer Stra\u00dfe in Gr\u00fcnstadt und kam aufgrund erh\u00f6hter Geschwindigkeit in einer Rechtskurve von der Fahrbahn ab und schleuderte gegen zwei PKW auf einem Parkplatz. Alle PKW wurden hierbei erheblich besch\u00e4digt und waren teilweise nicht mehr fahrbereit. Im Laufe der Unfallaufnahme wurde beim Fahrer ein Atemalkoholwert von \u00fcber 2,7 Promille gemessen und daraufhin eine Blutprobe entnommen und der F\u00fchrerschein sichergestellt. Ihn erwartet nun ein entsprechendes Strafverfahren.<\/p>\n\n\n\n<p>Gegen 08:15 kam es zu einem Verkehrsunfall auf der Landstra\u00dfe zwischen Gr\u00fcnstadt und Obers\u00fclzen, bei dem ein Motorradfahrer leicht verletzt wurde. Ein 71-j\u00e4hriger PKW-Fahrer aus Gerolsheim fuhr Richtung Gr\u00fcnstadt und musste wegen eines pl\u00f6tzlich auf die Fahrbahn laufenden Hundes bremsen. Der hinterherfahrende 49-j\u00e4hrige Motorradfahrer aus dem Raum Frankenthal konnte nicht mehr rechtzeitig anhalten und kollidierte mit dem Heck des PKW. Hierdurch kam er zu Fall und zog sich Prellungen zu. Er wurde zur Untersuchung ins Krankenhaus Gr\u00fcnstadt gebracht.<\/p>\n\n\n\n<p>Nur eine Stunde sp\u00e4ter ereignete sich der n\u00e4chste Unfall mit einem Verletzten auf der Landstra\u00dfe zwischen Altleiningen und Kleinkarlbach. Ein 28-j\u00e4hriger Mann aus Eisenberg fuhr Richtung Kleinkarlbach, kam nach rechts von der Fahrbahn ab und stie\u00df ca. 50 Meter weiter frontal gegen einen Baum. Nach ersten Angaben habe er einem entgegenkommenden Fahrzeug ausweichen m\u00fcssen. Er konnte sich selbst aus dem PKW befreien, blieb gl\u00fccklicherweise nur leichtverletzt und wurde vom Rettungsdienst ins Krankenhaus gebracht. Der PKW wurde abgeschleppt, wof\u00fcr die Landstra\u00dfe kurzfristig voll gesperrt werden musste. Zeugen, die etwas zu dem bisher unbekannten Fahrzeug im Gegenverkehr sagen k\u00f6nnen, werden gebeten, sich bei der Polizei in Gr\u00fcnstadt zu melden.<\/p>\n\n\n\n<h2 class=\"wp-block-heading\">(Maxdorf) &#8211; Verkehrsunfall auf der Hauptstra\u00dfe in Maxdorf \/ Es wird nach Zeugen gesucht<\/h2>\n\n\n\n<p>Am Freitag, den 26.06.2021, gegen 07:00 Uhr, befuhr die 53-J\u00e4hrige PKW-Fahrerin (grauer VW Golf) die Hauptstra\u00dfe in Maxdorf von dem Kreisverkehr L 454 \/ L 527 \/ Weisenheimer Stra\u00dfe kommend in Fahrtrichtung Joseph-Haydn-Stra\u00dfe. Kurz vor der Einm\u00fcndung zur Joseph-Haydn-Stra\u00dfe \u00fcberholte die 53-J\u00e4hrige einen Kleinbus.<\/p>\n\n\n\n<p>Zeitgleich kam ein anderer 54-J\u00e4hrige Autofahrer (blauer Skoda Superb) aus der Joseph-Haydn-Stra\u00dfe gefahren und bog nach rechts auf die Hauptstra\u00dfe in Richtung Birkenheide, Fu\u00dfg\u00f6nheim ab.<\/p>\n\n\n\n<p>Noch bevor der \u00dcberholvorgang beendet war, kam es zum Zusammensto\u00df auf der Gegenfahrbahn der \u00dcberholerin zwischen den beiden Autofahrern. Es entstand ein Gesamtsachschaden an beiden PKWs von ca. 11.000 EUR.<\/p>\n\n\n\n<p>Wer sachdienliche Hinweise zu dem genannten Fall geben kann, wird gebeten sich mit der Polizeiwache Maxdorf unter der Rufnummer 06237 \/ 934-1100 oder der Polizeiinspektion Frankenthal unter der Rufnummer 06233 \/ 313-0 in Verbindung zu setzen. Hinweise k\u00f6nnen auch per E-Mail unter&nbsp;<a href=\"mailto:pwmaxdorf@polizei.rlp.de\">pwmaxdorf@polizei.rlp.de<\/a>&nbsp;\u00fcbermittelt werden.<\/p>\n\n\n\n<h2 class=\"wp-block-heading\">(Ludwigshafen) &#8211; Verkehrsunfallflucht in der Rheinallee<\/h2>\n\n\n\n<p>Am Freitagabend, den 25.06.2021, kam es zwischen 17:50 Uhr und 18:00 Uhr zu einer Verkehrsunfallflucht in der Rheinallee 22 in Ludwigshafen am Rhein. Ein 74-J\u00e4hriger aus Ludwigshafen hatte sein Auto am rechten Fahrbahnrand in einer Parkbucht geparkt. Innerhalb der zehn Minuten, in denen der 74 &#8211; J\u00e4hrige sich von seinem Auto entfernt hatte, muss ein anderes Auto die hintere linke T\u00fcr seines Autos beim Vorbeifahren besch\u00e4digt haben und danach unerkannt gefl\u00fcchtet sein. Hierdurch entstand ein Schaden von ungef\u00e4hr 1.000 Euro. Aktuell sind keine Hinweise zu dem gefl\u00fcchteten Fahrer oder seinem Auto bekannt. Zeugen, die Hinweise auf das gesuchte Auto oder den Fahrer geben k\u00f6nnen, werden gebeten sich mit der Polizeiinspektion Ludwigshafen 1, Beethovenstra\u00dfe 36, 67061 Ludwigshafen, 0621\/963-2122,&nbsp;<a href=\"mailto:piludwigshafen1@polizei.rlp.de\">piludwigshafen1@polizei.rlp.de<\/a>, in Verbindung zu setzen.<\/p>\n\n\n\n<h2 class=\"wp-block-heading\">(Ludwigshafen) &#8211; Falscher Pr\u00fcfling bei der theoretischen F\u00fchrerscheinpr\u00fcfung<\/h2>\n\n\n\n<p>Am Montagmorgen, den 31.05.2021 um 08:15 Uhr, wurde in der Achtmorgenstra\u00dfe in Ludwigshafen am Rhein eine theoretische F\u00fchrerscheinpr\u00fcfung durchgef\u00fchrt. Dort erschien ein junger Mann zur Pr\u00fcfung. Bei der Anmeldung fiel dem Pr\u00fcfer auf, dass es sich bei dem Mann nicht um den angemeldeten 23 &#8211; j\u00e4hrigen Pr\u00fcfling aus Ludwigshafen am Rhein handelte, f\u00fcr den er sich ausgab. Als der falsche Pr\u00fcfling durch den Pr\u00fcfer darauf angesprochen wurde, fl\u00fcchtete er unerkannt aus dem Geb\u00e4ude. Gegen den eigentlichen Pr\u00fcfling, der nicht selbst zur Pr\u00fcfung erschienen ist, wurde nun ein Strafverfahren wegen mittelbarer Falschbeurkundung und Missbrauch von Ausweispapieren eingeleitet.<\/p>\n\n\n\n<h2 class=\"wp-block-heading\">(Mannheim) &#8211; Brand in der Hochschule Mannheim<\/h2>\n\n\n\n<p>Am Samstagvormittag wurde gegen 09:30 Uhr eine starke Rauchentwicklung an der Hochschule Mannheim festgestellt. Die Feuerwehr r\u00fcckte mit einem Gro\u00dfaufgebot an und konnte schlie\u00dflich in einem Labor einen Brand finden und schnell l\u00f6schen. Die Brandursache ist derzeit noch nicht bekannt. Das zust\u00e4ndige Dezernat vom Kriminalkommissariat Mannheim hat die Ermittlungen in der Sache \u00fcbernommen. Verletzt wurde bei dem Brand niemand. \u00dcber die genaue Schadensh\u00f6he kann nach dem jetzigen Stand der Ermittlungen noch keine Auskunft gegeben werden.<\/p>\n\n\n\n<h2 class=\"wp-block-heading\">(Mannheim-Innenstadt) &#8211; Gruppe junger M\u00e4nner greift zwei Passanten an \/ Polizei sucht Zeugen<\/h2>\n\n\n\n<div class=\"wp-block-image\"><figure class=\"aligncenter size-large\"><img decoding=\"async\" loading=\"lazy\" width=\"801\" height=\"600\" src=\"https:\/\/speyer24news.com\/wp-content\/uploads\/2020\/05\/Zeugen-gesucht-Neutral.jpg\" alt=\"\" class=\"wp-image-26598\" srcset=\"https:\/\/speyer24news.com\/wp-content\/uploads\/2020\/05\/Zeugen-gesucht-Neutral.jpg 801w, https:\/\/speyer24news.com\/wp-content\/uploads\/2020\/05\/Zeugen-gesucht-Neutral-300x225.jpg 300w, https:\/\/speyer24news.com\/wp-content\/uploads\/2020\/05\/Zeugen-gesucht-Neutral-768x575.jpg 768w, https:\/\/speyer24news.com\/wp-content\/uploads\/2020\/05\/Zeugen-gesucht-Neutral-678x509.jpg 678w, https:\/\/speyer24news.com\/wp-content\/uploads\/2020\/05\/Zeugen-gesucht-Neutral-326x245.jpg 326w, https:\/\/speyer24news.com\/wp-content\/uploads\/2020\/05\/Zeugen-gesucht-Neutral-80x60.jpg 80w\" sizes=\"(max-width: 801px) 100vw, 801px\" \/><\/figure><\/div>\n\n\n\n<p>Ein 22-J\u00e4hriger und ein 29-J\u00e4hriger gerieten am Freitagabend gegen 23:35 Uhr am Marktplatz an der dortigen Stra\u00dfenbahnhaltestelle mit einer 6 &#8211; 7-k\u00f6pfigen Personengruppe, bestehend aus jungen m\u00e4nnlichen Personen, in Streit. Es kam dann zu einer k\u00f6rperlichen Auseinandersetzung, bei der die Unbekannten die beiden M\u00e4nner festgehalten und &#8211; unter anderem auch mit einem G\u00fcrtel &#8211; geschlagen haben sollen. \u00dcber die Verletzungen des 22- und des 29-J\u00e4hrigen liegen derzeit keine Erkenntnisse vor. Die Polizei ermittelt wegen gef\u00e4hrlicher K\u00f6rperverletzung und bittet Zeugen, die sachdienliche Hinweise zu den unbekannten Personen bzw. zum Tathergang geben k\u00f6nne, sich bei dem Polizeirevier Mannheim-Innenstadt, Tel.: 0621\/12580, zu melden.<\/p>\n\n\n\n<h2 class=\"wp-block-heading\">(A 656 \/ MA-Hochst\u00e4tt) &#8211; Alleinbeteiligt von Fahrbahn abgekommen und mehrfach \u00fcberschlagen<\/h2>\n\n\n\n<h3 class=\"has-text-align-center wp-block-heading\">Pressemitteilung Nr. 1<\/h3>\n\n\n\n<p>Am Sonntagmorgen, gegen 02.00 Uhr, meldete ein Verkehrsteilnehmer einen Verkehrsunfall auf der BAB 656, zwischen der AS Neckarau und dem ABK Mannheim, in Fahrtrichtung Heidelberg, bei welchem ein Pkw von der Fahrbahn abgekommen ist, sich mehrfach \u00fcberschlagen hat und in einem Feld liegen blieb. Nach derzeitigem Erkenntnisstand ist eine Person verletzt. Rettungskr\u00e4fte und Polizei befinden vor Ort. \u00dcber die Unfallursache liegen noch keine Erkenntnisse vor.<\/p>\n\n\n\n<h2 class=\"wp-block-heading\">(Mannheim-Neckarau) &#8211; Polizei sucht Zeugen nach Verkehrsunfallflucht \/ Unbekannter besch\u00e4digt BMW<\/h2>\n\n\n\n<p>Ein bislang unbekannter Fahrzeugf\u00fchrer besch\u00e4digte im Zeitraum zwischen Mittwoch, 23.06.2021, 00:00 Uhr und Freitag, 25.06.2021, 15:30 Uhr einen in der Niederfeldstra\u00dfe abgestellten 1 er BMW und verlie\u00df die Unfallstelle ohne den Unfall zu melden. An dem BMW entstand ein Sachschaden an der linken Hecksto\u00dfstange und dem Radkasten hinten links in H\u00f6he von ca. 2000EUR. Zeugen, die sachdienliche Hinweise zum Unfallverursacher bzw. zum Unfallhergang geben k\u00f6nnen, setzten sich bitte mit dem Polizeirevier Mannheim-Neckarau, Tel.: 0621\/833970, in Verbindung.<\/p>\n\n\n\n<h2 class=\"wp-block-heading\">(Heidelberg) &#8211; 24-j\u00e4hriger Mann bei Verkehrsunfall verletzt<\/h2>\n\n\n\n<p>Am fr\u00fchen Samstagmorgen, gegen 01.39 Uhr, wurde ein 24-j\u00e4hriger Mann bei einem Verkehrsunfall in der Heidelberger Friedrich-Ebert-Anlage verletzt. Nach derzeitigem Ermittlungsstand verlor der alleinbeteiligte 24-j\u00e4hrige Fahrer eines Pkw Nissan infolge nicht angepasster Geschwindigkeit die Kontrolle \u00fcber sein Fahrzeug und kam kurz nach der Kreuzung am Adenauerplatz nach rechts von der Fahrbahn ab. Dort kollidierte er mit einer Werbetafel und kam mit seinem Fahrzeug auf der Schutzplanke zum Stehen. Zeugen leisteten hierauf unmittelbar Erste-Hilfe, da der 24-J\u00e4hrige nach der Kollision kurzzeitig das Bewusstsein verloren hatte. Mit dem Eintreffen der Rettungskr\u00e4fte wurde er durch den Notarzt weiterversorgt und in ein nahegelegenes Krankenhaus eingeliefert. Dort wurde ihm nach erfolgter medizinischer Behandlung eine Blutprobe zur Feststellung seiner Alkohol- und Drogenbeeinflussung entnommen. Seinen F\u00fchrerschein musste der Fahrzeugf\u00fchrer ebenfalls abgeben. Am Pkw Nissan entstand ein Sachschaden von 6000 EUR. Die H\u00f6he des Sachschadens an der Werbetafel und der Schutzplanke ist derzeit noch nicht bekannt.<\/p>\n\n\n\n<h2 class=\"wp-block-heading\">(Heidelberg-Neuenheim) &#8211; Auffahrunfall an Ampel \/ Zwei Personen verletzt &#8211; Zeugen gesucht<\/h2>\n\n\n\n<p>Am Freitag ereignete sich in der Rottmannstra\u00dfe ein Verkehrsunfall, bei dem zwei Personen leicht verletzt wurden. Gegen 20:40 Uhr hielt der Fahrer eines Hyundai auf der Rottmannstra\u00dfe in s\u00fcdliche Fahrtrichtung vor einer roten Ampel verkehrsbedingt an. Ein hinter ihm fahrender Subaru erkannte die Situation augenscheinlich zu sp\u00e4t und fuhr trotz sofort eingeleiteten Bremsman\u00f6vers auf den Hyundai auf. Fahrer als auch Beifahrerin des Hyundais wurden bei dem Aufprall leicht verletzt. Bei dem Subaru entstand ein erheblicher Schaden an der Motorhaube. Der Hyundai wurde am Heck bis zum Hinterreifen eingedr\u00fcckt. Das Fahrzeug war nach dem Unfall nicht mehr fahrbereit und musste abgeschleppt werden. Der Gesamtschaden wird auf \u00fcber 4000 Euro gesch\u00e4tzt. Zeugen, die Hinweise zum genauen Unfallhergang geben k\u00f6nnen, werden gebeten, sich beim Polizeirevier Heidelberg-Nord, Tel.: 06221 45690, zu melden.<\/p>\n\n\n\n<h2 class=\"wp-block-heading\">(Heidelberg-Rohrbach) &#8211; Medizinischer Notfall im Einkaufszentrum Heidelberg Rohrbach \/ Einsatz des Rettungshubschraubers<\/h2>\n\n\n\n<p>Aufgrund eines medizinischen Notfalls im Einkaufszentrum landet derzeit (26.06.2021 \u2013 13:53) ein Rettungshubschrauber in der N\u00e4he. Es kann kurzfristig zu Verkehrsst\u00f6rungen kommen. Wir bitten alle Verkehrsteilnehmer um Geduld und ein umsichtiges Verhalten.<\/p>\n\n\n\n<h2 class=\"wp-block-heading\">(B 39 \/ Hockenheim \/ Rhein-Neckar-Kreis) &#8211; Sperrung der B 39 nach Verkehrsunfall mit schwerverletztem Motorradfahrer<\/h2>\n\n\n\n<h3 class=\"has-text-align-center wp-block-heading\">Pressemitteilung Nr. 1<\/h3>\n\n\n\n<p>Am Samstag gegen 12:15 Uhr wurde ein schwerer Verkehrsunfall auf der B 39 im Bereich der Anschlussstelle Hockenheim-Nord gemeldet, bei dem ein Motorradfahrer zu Sturz kam. Rettungskr\u00e4fte und Polizei sind derzeit vor Ort. Aufgrund der Landung eines Rettungshubschraubers ist die B 39 zwischen der Anschlussstelle Hockenheim-Talhaus und der Anschlussstelle Schwetzingen voll gesperrt. Die Verkehrspolizei Heidelberg hat die Ermittlungen aufgenommen. Zurzeit liegen noch keine Informationen zu Unfallursache, Schwere der Verletzungen und H\u00f6he des entstandenen Schadens vor.<\/p>\n\n\n\n<h2 class=\"wp-block-heading\">(B 39 \/ Hockenheim \/ Rhein-Neckar-Kreis) &#8211; Sperrung der B 39 nach Verkehrsunfall mit schwerverletzter Motorradfahrerin aufgehoben<\/h2>\n\n\n\n<h3 class=\"has-text-align-center wp-block-heading\">Pressemitteilung Nr. 2<\/h3>\n\n\n\n<p>Seit 14:20 Uhr ist die Fahrbahn der B 39 wieder freigegeben. Nach bisherigem Ermittlungsstand kam eine 57-j\u00e4hrige Motorradfahrerin aus bislang unbekannter Ursache von der Fahrbahn ab, kollidierte mit der Schutzplanke und st\u00fcrzte im Anschluss eine B\u00f6schung hinab. Hierbei zog sie sich mehrere Knochenbr\u00fcche zu und wurde mit einem Rettungshubschrauber, zur weiteren Behandlung, in eine Mannheimer Klinik verbracht. Die Beamten des Verkehrsdienstes Heidelberg haben die Ermittlungen aufgenommen. Der entstandene Sachschaden wird auf ca. 10.000 Euro gesch\u00e4tzt.<\/p>\n\n\n\n<h2 class=\"wp-block-heading\">(Bammental \/ Rhein-Neckar-Kreis) &#8211; Betrug durch Schockanrufer \/ Angeblicher Gerichtsmitarbeiter ergaunert 9000 Euro &#8211; Polizei sucht Zeugen<\/h2>\n\n\n\n<p>Erneut ist es unbekannten Betr\u00fcgern gelungen, mit einer \u00fcblen Masche eine betr\u00e4chtliche Geldsumme zu ergaunern. Am Freitagnachmittag erhielt eine 59-j\u00e4hrige Frau auf ihrem Festnetztelefon einen Anruf eines Unbekannten, der sich als Mitarbeiter des Amtsgerichts ausgab. Er gab vor, dass ihr Sohn in einen Verkehrsunfall verwickelt sei, bei welchem eine Frau t\u00f6dlich verletzt wurde. Um den Sohn &#8222;auszul\u00f6sen&#8220;, m\u00fcsse sie eine Kaution in H\u00f6he von 32.000 Euro hinterlegen. Da die Dame \u00fcber diesen hohen Bargeldbetrag nicht verf\u00fcgte, \u00fcbergab sie stattdessen gegen 17:30 Uhr arglos einem von dem Anrufer angek\u00fcndigten Boten vor ihrer Haust\u00fcre in der Hauptstra\u00dfe Bargeld in H\u00f6he von 9.000 Euro. Das Telefonat mit dem angeblichen Mitarbeiter durfte sie in diesem Zeitraum nicht unterbrechen. Erst nachdem die Geld\u00fcbergabe erfolgt war, legte der Anrufer auf. Nachdem der von dem Unbekannten angek\u00fcndigte zweite Anruf nicht erfolgte, sch\u00f6pfte die Dame Verdacht und rief ihren Sohn an. Dieser kl\u00e4rte den Betrug auf.<\/p>\n\n\n\n<h4 class=\"wp-block-heading\">Der unbekannte Anrufer sprach akzentfreies Deutsch und wurde von der Gesch\u00e4digten auf etwa 45 Jahre gesch\u00e4tzt.<\/h4>\n\n\n\n<h4 class=\"wp-block-heading\">Den Boten, dem sie das Bargeld \u00fcbergeben hatte beschrieb sie wie folgt: <\/h4>\n\n\n\n<ul><li><strong>50 bis 60 Jahre alt<\/strong><\/li><li><strong>kr\u00e4ftige Statur<\/strong><\/li><li><strong>ca 165 cm gro\u00df<\/strong><\/li><li><strong>s\u00fcdl\u00e4ndischer Ph\u00e4notyp<\/strong><\/li><li><strong>Er sprach mit unbekanntem Akzent und war dunkel gekleidet. Au\u00dferdem trug er eine schwarze Mund-Nasen-Schutz-Maske.<\/strong><\/li><\/ul>\n\n\n\n<p>Die Kriminalpolizei hat die Ermittlungen aufgenommen und bittet Zeugen, die sachdienliche Hinweise zu den unbekannten Betr\u00fcgern geben k\u00f6nnen, sich beim Kriminaldauerdienst, Tel.: 0621\/174-4444, zu melden.<\/p>\n\n\n\n<p>Auch in Altlu\u00dfheim erhielt eine Dame am Freitagnachmittag gegen 14.40 Uhr einen Anruf einer unbekannten m\u00e4nnlichen Person mit unterdr\u00fcckter Rufnummer, die mit weinerlichen Worten sagte &#8222;Hallo Mama, ich habe einen Unfall gehabt&#8220;. Da der Dame diese Masche aber bekannt ist und es sich bei der Stimme nicht um die ihres Sohnes handelte, legte sie sofort auf und verst\u00e4ndigte die Polizei.<\/p>\n\n\n\n<p>Falsche Polizeibeamte, falsche Microsoft-Mitarbeiter oder angebliche Enkel &#8211; die Maschen der Betr\u00fcger sind vielseitig. Sie gehen zumeist sehr raffiniert vor, um an das Geld ihrer Opfer zu kommen. Sie k\u00f6nnen sich sch\u00fctzen:<\/p>\n\n\n\n<p>Tipps der Polizei unter&nbsp;<a target=\"_blank\" href=\"https:\/\/www.polizei-beratung.de\/themen-und-tipps\/betrug\/\" rel=\"noreferrer noopener\">https:\/\/www.polizei-beratung.de\/themen-und-tipps\/betrug\/<\/a><\/p>\n\n\n\n<h2 class=\"wp-block-heading\">(Weinheim \/ Rhein-Neckar-Kreis) &#8211; Kellerbrand \/ Keine Verletzten<\/h2>\n\n\n\n<p>Am fr\u00fchen Samstagabend, gegen 19.30 Uhr, kam es im Keller eines Einfamilienhauses in der Bachwiesenstra\u00dfe in Weinheim zu einem Kellerbrand. Durch die Feuerwehr konnte der Kellerbrand z\u00fcgig gel\u00f6scht und die R\u00e4umlichkeiten anschlie\u00dfend gel\u00fcftet werden. Zum Brandzeitpunkt befanden keine Personen im Anwesen. Die H\u00f6he des Sachschadens wird derzeit auf 100.000,- Euro gesch\u00e4tzt. Personen wurden nicht verletzt. Das Polizeirevier Weinheim hat die Ermittlungen zur Brandursache aufgenommen.<\/p>\n","protected":false},"excerpt":{"rendered":"<div class=\"mh-excerpt\"><p>Polizeimeldungen vom Samstag (26.06.2021) (Schifferstadt) &#8211; Verletzte Eule per Anhalter in Auffangstation eskortiert Durch aufmerksame Autofahrer wurde der Polizeiautobahnstation Ruchheim am 26.06.2021 gegen 10:40 Uhr mitgeteilt, dass auf der A61 in Fahrtrichtung Speyer an der <a class=\"mh-excerpt-more\" href=\"https:\/\/speyer24news.com\/?p=38354\" title=\"Polizei\">[&#8230;]<\/a><\/p>\n<\/div>","protected":false},"author":3,"featured_media":26162,"comment_status":"open","ping_status":"open","sticky":false,"template":"","format":"standard","meta":{"_monsterinsights_skip_tracking":false,"_monsterinsights_sitenote_active":false,"_monsterinsights_sitenote_note":"","_monsterinsights_sitenote_category":0,"footnotes":""},"categories":[12],"tags":[3614,702,61,2555,6955,6986,6263,63,105,11150,6987,53,4854,4683,1548,102,213,55,5261,103,106,2803,2423,427,2625,380,62,104,979,1565],"aioseo_notices":[],"amp_enabled":true,"_links":{"self":[{"href":"https:\/\/speyer24news.com\/index.php?rest_route=\/wp\/v2\/posts\/38354"}],"collection":[{"href":"https:\/\/speyer24news.com\/index.php?rest_route=\/wp\/v2\/posts"}],"about":[{"href":"https:\/\/speyer24news.com\/index.php?rest_route=\/wp\/v2\/types\/post"}],"author":[{"embeddable":true,"href":"https:\/\/speyer24news.com\/index.php?rest_route=\/wp\/v2\/users\/3"}],"replies":[{"embeddable":true,"href":"https:\/\/speyer24news.com\/index.php?rest_route=%2Fwp%2Fv2%2Fcomments&post=38354"}],"version-history":[{"count":2,"href":"https:\/\/speyer24news.com\/index.php?rest_route=\/wp\/v2\/posts\/38354\/revisions"}],"predecessor-version":[{"id":38358,"href":"https:\/\/speyer24news.com\/index.php?rest_route=\/wp\/v2\/posts\/38354\/revisions\/38358"}],"wp:featuredmedia":[{"embeddable":true,"href":"https:\/\/speyer24news.com\/index.php?rest_route=\/wp\/v2\/media\/26162"}],"wp:attachment":[{"href":"https:\/\/speyer24news.com\/index.php?rest_route=%2Fwp%2Fv2%2Fmedia&parent=38354"}],"wp:term":[{"taxonomy":"category","embeddable":true,"href":"https:\/\/speyer24news.com\/index.php?rest_route=%2Fwp%2Fv2%2Fcategories&post=38354"},{"taxonomy":"post_tag","embeddable":true,"href":"https:\/\/speyer24news.com\/index.php?rest_route=%2Fwp%2Fv2%2Ftags&post=38354"}],"curies":[{"name":"wp","href":"https:\/\/api.w.org\/{rel}","templated":true}]}}