{"id":38360,"date":"2021-06-27T07:13:42","date_gmt":"2021-06-27T06:13:42","guid":{"rendered":"https:\/\/speyer24news.com\/?p=38360"},"modified":"2021-06-27T07:57:18","modified_gmt":"2021-06-27T06:57:18","slug":"speyer-84","status":"publish","type":"post","link":"https:\/\/speyer24news.com\/?p=38360","title":{"rendered":"Speyer"},"content":{"rendered":"<style type=\"text\/css\">\r\n\t.ads_top_disp{}\r\n\t.ads_top_corner_disp{ float:left; margin:0px 10px 10px 0px; }\r\n\t.ads_first_p_disp{}\r\n\t.ads_bottom_disp{}\r\n\t<\/style>\n<h2 class=\"wp-block-heading\"><strong>Absage des Altstadtfests 2021<\/strong><\/h2>\n\n\n\n<div class=\"wp-block-image\"><figure class=\"aligncenter size-large\"><img decoding=\"async\" loading=\"lazy\" width=\"800\" height=\"530\" src=\"https:\/\/speyer24news.com\/wp-content\/uploads\/2021\/06\/Altstadtfest2-BB.jpg\" alt=\"\" class=\"wp-image-38361\" srcset=\"https:\/\/speyer24news.com\/wp-content\/uploads\/2021\/06\/Altstadtfest2-BB.jpg 800w, https:\/\/speyer24news.com\/wp-content\/uploads\/2021\/06\/Altstadtfest2-BB-300x199.jpg 300w, https:\/\/speyer24news.com\/wp-content\/uploads\/2021\/06\/Altstadtfest2-BB-768x509.jpg 768w\" sizes=\"(max-width: 800px) 100vw, 800px\" \/><\/figure><\/div>\n\n\n\n<p>Die Stadtverwaltung Speyer informiert, dass das Altstadtfest aufgrund der weiterhin andauernden Corona-Pandemie leider auch in diesem Jahr abgesagt werden muss.<\/p>\n\n\n\n<p>\u201eEin Altstadtfest so wie wir es kennen und lieben \u2013 mit vollen Gassen und viel Trubel von der Sonnenbr\u00fccke bis zum Fischmarkt \u2013 ist unter der weiterhin erforderlichen Einhaltung von Abstand- und Hygieneregeln sowie einer Personenbegrenzung inklusive Kontakterfassung nicht m\u00f6glich. Auch mit Blick auf die sich weiter ausbreitende hochansteckende Delta-Variante des Coronavirus hat sich der Verwaltungsstab der Stadt Speyer zu diesem Schritt entschlossen\u201c, f\u00fchrt Oberb\u00fcrgermeisterin Stefanie Seiler aus. \u201eTrotzdem werden wir versuchen, am Altstadtfestwochenende eine Alternative zu finden \u2013 je nach Infektionslage in Form einer Veranstaltung oder einer Aktion\u201c, so die Stadtchefin weiter.<\/p>\n\n\n\n<p>Das n\u00e4chste Altstadtfest soll am 9. und 10. September 2022 stattfinden.<\/p>\n\n\n\n<p><em>Text: Stadtverwaltung Speyer Foto: Speyer 24\/7 News<br>27.06.2021<\/em><\/p>\n\n\n\n<h2 class=\"wp-block-heading\">Altstadtfest Speyer bereits zum zweiten Mal abgesagt wegen Corona<\/h2>\n\n\n\n<h3 class=\"wp-block-heading\">Ein Kommentar von Daniel Kemmerich<\/h3>\n\n\n\n<div class=\"wp-block-image\"><figure class=\"aligncenter size-large\"><img decoding=\"async\" loading=\"lazy\" width=\"640\" height=\"519\" src=\"https:\/\/speyer24news.com\/wp-content\/uploads\/2019\/12\/Speyer-24-7-News-Logo.jpg\" alt=\"\" class=\"wp-image-23456\" srcset=\"https:\/\/speyer24news.com\/wp-content\/uploads\/2019\/12\/Speyer-24-7-News-Logo.jpg 640w, https:\/\/speyer24news.com\/wp-content\/uploads\/2019\/12\/Speyer-24-7-News-Logo-300x243.jpg 300w\" sizes=\"(max-width: 640px) 100vw, 640px\" \/><\/figure><\/div>\n\n\n\n<p>Leider war es schon abzusehen das sich die Stadtf\u00fchrung in Speyer auf eine erneute Absage des Altstadtfestes einigen wird. W\u00e4hrend in Bad D\u00fcrkheim nachgedacht wird ob und wie man den Wurstmarkt stattfinden lassen kann wird in Speyer, rigoros, gestrichen.<\/p>\n\n\n\n<p>Bei immer weiteren sinkenden Inzidenzen sehr traurig. Insbesondere dann wenn man bei der Fu\u00dfball EM sieht wie 40.000 Menschen in Stadien feiern. Und ja, es gibt die neuere Mutation des Corona-Virus aus Indien, die Delta Variante, welche immer mehr die Hoheit gewinnt. Dies war zuletzt allerdings auch bei der B 1.1.7. Variante der Fall und wird es auch bei der n\u00e4chsten Mutation wieder der Fall sein. So funktionieren Viren leider nun einmal\u2026 jede neue Variante ist infekti\u00f6ser und hat andere Krankheitsverl\u00e4ufe. Jeder kennt das Grippevirus und wei\u00df das es so ist!<\/p>\n\n\n\n<p>Wir d\u00fcrfen also gespannt sein was dann zur Herbstmesse und dem Weihnachtsmarkt als Absagegrund kommen wird. Allerdings wagen wir eine Prognose das die Kaisertafel, wenn auch in anderer Form, stattfinden wird. Schlie\u00dflich ist das eher eine Veranstaltung der \u201eReichen &amp; Sch\u00f6nen\u201c und nicht des gemeinen Volkes.<\/p>\n\n\n\n<p>Und Nein, da k\u00f6nnen auch keine 5 Buden im Domgarten dar\u00fcber hinwegtr\u00f6sten. Nat\u00fcrlich eine sch\u00f6ne Geste an \u201eausgesuchte\u201c Schausteller aber halt nicht mit einem Fest zu vergleichen.<\/p>\n\n\n\n<p><em>27.06.2021<\/em><\/p>\n","protected":false},"excerpt":{"rendered":"<div class=\"mh-excerpt\"><p>Absage des Altstadtfests 2021 Die Stadtverwaltung Speyer informiert, dass das Altstadtfest aufgrund der weiterhin andauernden Corona-Pandemie leider auch in diesem Jahr abgesagt werden muss. \u201eEin Altstadtfest so wie wir es kennen und lieben \u2013 mit <a class=\"mh-excerpt-more\" href=\"https:\/\/speyer24news.com\/?p=38360\" title=\"Speyer\">[&#8230;]<\/a><\/p>\n<\/div>","protected":false},"author":3,"featured_media":23902,"comment_status":"open","ping_status":"open","sticky":false,"template":"","format":"standard","meta":{"_monsterinsights_skip_tracking":false,"_monsterinsights_sitenote_active":false,"_monsterinsights_sitenote_note":"","_monsterinsights_sitenote_category":0,"footnotes":""},"categories":[9],"tags":[2911,2912,12326,6940,6359,6358,6342,6],"aioseo_notices":[],"amp_enabled":true,"_links":{"self":[{"href":"https:\/\/speyer24news.com\/index.php?rest_route=\/wp\/v2\/posts\/38360"}],"collection":[{"href":"https:\/\/speyer24news.com\/index.php?rest_route=\/wp\/v2\/posts"}],"about":[{"href":"https:\/\/speyer24news.com\/index.php?rest_route=\/wp\/v2\/types\/post"}],"author":[{"embeddable":true,"href":"https:\/\/speyer24news.com\/index.php?rest_route=\/wp\/v2\/users\/3"}],"replies":[{"embeddable":true,"href":"https:\/\/speyer24news.com\/index.php?rest_route=%2Fwp%2Fv2%2Fcomments&post=38360"}],"version-history":[{"count":2,"href":"https:\/\/speyer24news.com\/index.php?rest_route=\/wp\/v2\/posts\/38360\/revisions"}],"predecessor-version":[{"id":38365,"href":"https:\/\/speyer24news.com\/index.php?rest_route=\/wp\/v2\/posts\/38360\/revisions\/38365"}],"wp:featuredmedia":[{"embeddable":true,"href":"https:\/\/speyer24news.com\/index.php?rest_route=\/wp\/v2\/media\/23902"}],"wp:attachment":[{"href":"https:\/\/speyer24news.com\/index.php?rest_route=%2Fwp%2Fv2%2Fmedia&parent=38360"}],"wp:term":[{"taxonomy":"category","embeddable":true,"href":"https:\/\/speyer24news.com\/index.php?rest_route=%2Fwp%2Fv2%2Fcategories&post=38360"},{"taxonomy":"post_tag","embeddable":true,"href":"https:\/\/speyer24news.com\/index.php?rest_route=%2Fwp%2Fv2%2Ftags&post=38360"}],"curies":[{"name":"wp","href":"https:\/\/api.w.org\/{rel}","templated":true}]}}