{"id":38375,"date":"2021-06-29T07:39:10","date_gmt":"2021-06-29T06:39:10","guid":{"rendered":"https:\/\/speyer24news.com\/?p=38375"},"modified":"2021-06-29T07:49:01","modified_gmt":"2021-06-29T06:49:01","slug":"polizei-624","status":"publish","type":"post","link":"https:\/\/speyer24news.com\/?p=38375","title":{"rendered":"Polizei"},"content":{"rendered":"<style type=\"text\/css\">\r\n\t.ads_top_disp{}\r\n\t.ads_top_corner_disp{ float:left; margin:0px 10px 10px 0px; }\r\n\t.ads_first_p_disp{}\r\n\t.ads_bottom_disp{}\r\n\t<\/style>\n<h2 class=\"wp-block-heading\">Polizeimeldungen vom Sonntag &amp; Montag (27.06. &amp; 28.06.2021)<\/h2>\n\n\n\n<div class=\"wp-block-image\"><figure class=\"aligncenter size-large\"><img decoding=\"async\" loading=\"lazy\" width=\"684\" height=\"200\" src=\"https:\/\/speyer24news.com\/wp-content\/uploads\/2020\/04\/Polizeilogo-Neu.jpg\" alt=\"\" class=\"wp-image-26162\" srcset=\"https:\/\/speyer24news.com\/wp-content\/uploads\/2020\/04\/Polizeilogo-Neu.jpg 684w, https:\/\/speyer24news.com\/wp-content\/uploads\/2020\/04\/Polizeilogo-Neu-300x88.jpg 300w\" sizes=\"(max-width: 684px) 100vw, 684px\" \/><\/figure><\/div>\n\n\n\n<h2 class=\"wp-block-heading\">(Speyer) &#8211; Unfallflucht mit verletzter Person \/ Zeugenaufruf<\/h2>\n\n\n\n<p>Am Montag 28. Juni 2021 gegen 17:10 Uhr kam es auf dem Parkplatz vor SIMENS Schuhcenter, in der Wormser Landstra\u00dfe in Speyer zu einem Unfall. Die 45-j\u00e4hrige Gesch\u00e4digte befand sich am Randes des Parkplatzes, als eine m\u00e4nnliche Person in einem silbernen Kleinwagen an ihr vorbeifahren wollte. Hierbei fuhr dieser \u00fcber den Fu\u00df der Gesch\u00e4digten und entfernte sich danach, ohne sich um die Verletzte zu k\u00fcmmern. Diese verletzte sich hierdurch mindestens leicht und wurde zur weiteren Behandlung ins Krankenhaus verbracht. Zeugen werden gebeten sich bei der Polizei in Speyer unter 06232 1370, oder unter&nbsp;<a href=\"mailto:pipeyer@polizei.rlp.de\">pipeyer@polizei.rlp.de<\/a><\/p>\n\n\n\n<h2 class=\"wp-block-heading\">(Speyer) &#8211; Bei Fu\u00dfstreife Drogen sichergestellt<\/h2>\n\n\n\n<p>Starker Cannabisgeruch f\u00fchrte Beamte der Polizei Speyer bei einer abendlichen Fu\u00dfstreife durch den Sch\u00fctzenpark zu einer 26-J\u00e4hrigen. W\u00e4hrend der anschlie\u00dfenden Personenkontrolle h\u00e4ndigte die junge Frau eine geringe Menge an Marihuana aus. Die Drogen wurden sichergestellt und ein Strafverfahren wegen des Versto\u00dfes gegen das Bet\u00e4ubungsmittelgesetz eingeleitet.<\/p>\n\n\n\n<h2 class=\"wp-block-heading\">(Speyer) &#8211; In zwei F\u00e4llen Betriebserlaubnis erloschen<\/h2>\n\n\n\n<p>In der Nacht von Samstag auf Sonntag mussten durch die Polizei zwei Ordnungswidrigkeitenverfahren aufgrund des Erl\u00f6schens der Betriebserlaubnis gegen zwei Fahrzeugf\u00fchrer eingeleitet werden. W\u00e4hrend der jeweiligen Verkehrskontrollen fiel auf, dass ein 18-j\u00e4hriger Fahrzeugf\u00fchrer die Auspuffanlage seines BMW ver\u00e4nderte. Der 22-j\u00e4hrige Fahrer eines Mercedes ver\u00e4nderte die lichttechnischen Einrichtungen seines Fahrzeuges so, dass die sichere Teilnahme am Stra\u00dfenverkehr nicht mehr gegeben war. Beide Fahrzeugf\u00fchrer m\u00fcssen ihre Fahrzeuge nun bei einer amtlichen Pr\u00fcfstelle vorf\u00fchren und \u00fcberpr\u00fcfen lassen.<\/p>\n\n\n\n<p>Alle Informationen zu einem sicheren und legalen Tuning gibt es unter&nbsp;<a target=\"_blank\" href=\"https:\/\/www.tune-it-safe.de\/\" rel=\"noreferrer noopener\">https:\/\/www.tune-it-safe.de\/<\/a><\/p>\n\n\n\n<h2 class=\"wp-block-heading\">(Speyer) &#8211; Einbruch in Schaustellerwagen<\/h2>\n\n\n\n<p>Unbekannte brachen in der Nacht von Samstag auf Sonntag einen Schaustellerwagen im Domgarten auf. Entwendet wurde nichts, allerdings verursachten die T\u00e4ter einen Gesamtschaden von sch\u00e4tzungsweise 2000 Euro. Die Polizei sucht Zeugen, die in der Tatnacht verd\u00e4chtige Personen im Bereich des Domgartens beobachtet haben.<\/p>\n\n\n\n<p>Hinweise nimmt die Polizei Speyer unter Tel. 06232\/1370 oder per E-Mail an&nbsp;<a href=\"mailto:pispeyer@polizei.rlp.de\">pispeyer@polizei.rlp.de<\/a>&nbsp;entgegen.<\/p>\n\n\n\n<h2 class=\"wp-block-heading\">(Speyer) &#8211; Automatenaufbr\u00fcche in Waschpark<\/h2>\n\n\n\n<p>Zu Aufbr\u00fcchen von mehreren Automaten kam es in der Nacht von Samstag auf Sonntag in einem Waschpark in der Auestra\u00dfe. Unbekannte versuchten Geldwechsel bzw. Staubsaugautomaten aufzubrechen, um an Bargeld zu gelangen. Da die Automaten geleert waren, gingen die T\u00e4ter leer aus. Durch das Aufbrechen verursachten sie Sachschaden von sch\u00e4tzungsweise 1200 Euro.<\/p>\n\n\n\n<p>Zeugen, die vom 26.06.-27.06.2021 verd\u00e4chtige Personen oder Fahrzeuge im Bereich der Auerstra\u00dfe gesehen, haben werden gebeten, sich unter der Tel. 06232\/1370 oder per E-Mail an&nbsp;<a href=\"mailto:pispeyer@polizei.rlp.de\">pispeyer@polizei.rlp.de<\/a>&nbsp;bei der Polizei Speyer zu melden.<\/p>\n\n\n\n<h2 class=\"wp-block-heading\">(Speyer) &#8211; Mit Messer bedroht und anschlie\u00dfend Widerstand geleistet<\/h2>\n\n\n\n<p>Nachdem es am Samstagabend vor einer Supermarktfiliale in Speyer zu einer Bedrohung mit einem Messer kam, wurde der 38-j\u00e4hrige T\u00e4ter durch die Polizei in Gewahrsam genommen. Bei dessen Verbringung widersetzte sich dieser den weiteren Ma\u00dfnahmen der Polizeibeamten, in dem er gegen einen Beamten einen Kopfsto\u00df ausf\u00fchrte und diesen an der Stirn traf. Der Mann konnte \u00fcberw\u00e4ltigt werden. Ihm wurde auf der Dienststelle eine Blutprobe entnommen. Ihn erwartet nun u.a. auch ein Ermittlungsverfahren aufgrund des Widerstandes gegen Vollstreckungsbeamte. Der betroffene Beamte erlitt eine Verletzung am Auge, konnte seinen Dienst aber weiter verrichten.<\/p>\n\n\n\n<h2 class=\"wp-block-heading\">(Speyer) &#8211; Fahrt unter Einwirkung von Bet\u00e4ubungsmittel<\/h2>\n\n\n\n<p>Am 26.06.21 um 00:40 Uhr wurde am Domplatz in Speyer ein Kleinkraftrad einer Verkehrskontrolle unterzogen. Da der 25-j\u00e4hrige Fahrer drogenbedingte Auff\u00e4lligkeiten aufwies wurde diesem ein Drogenschnelltest angeboten, welcher positiv auf Amfetamin reagierte. Ihm wurde eine Blutprobe entnommen und der Fahrzeugschl\u00fcssel sichergestellt.<\/p>\n\n\n\n<h2 class=\"wp-block-heading\">(Speyer) &#8211; Trickdiebstahl und versuchter Trickdiebstahl<\/h2>\n\n\n\n<p>Zu einem Trickdiebstahl kam es am 25.06.21 um 14:25 Uhr in der Mozartstra\u00dfe in Speyer. Mit der Frage nach einem Glas Wasser verschaffte sich die eine T\u00e4terin Zugang zur Wohnung und lenkte die Gesch\u00e4digte ab. Eine zweite T\u00e4terin betrat die Wohnung und entwendete unbemerkt Schmuckst\u00fccke unbekannten Wertes aus dem Schlafzimmer im Obergeschoss. Eine der T\u00e4terinnen wird beschrieben mit korpulentem K\u00f6rperbau, grauer Kleidung, Kopfbedeckung, vermutlich Kopftuch, sprach deutsch mit Akzent, dunklerer Teint. Vermutlich seien diese mit einem schwarzen Kleinwagen davongefahren. Zeugen werden gebeten sich bei der Polizei in Speyer unter 06232 1370, oder unter&nbsp;<a href=\"mailto:pipeyer@polizei.rlp.de\">pipeyer@polizei.rlp.de<\/a><\/p>\n\n\n\n<p>In einem weiteren Fall um 16 Uhr im Emanuel-Geibel-Weg fragte eine Frau nach Zettel und Stift um sich etwas notieren zu k\u00f6nnen. Die Befragte gab der Frau etwas zu schreiben, reagierte richtig und lie\u00df sie nicht in die Wohnung.<\/p>\n\n\n\n<h4 class=\"wp-block-heading\">Um sich vor Trickbetr\u00fcgern zu sch\u00fctzen, r\u00e4t die Polizei:<\/h4>\n\n\n\n<ul><li><strong>wenn es an der T\u00fcr klingelt, sollten Sie diese nicht einfach \u00f6ffnen<\/strong><\/li><li><strong>nutzen Sie ihren T\u00fcrspion oder schauen sie aus dem Fenster, um sich ihren Besucher genau anzuschauen<\/strong><\/li><li><strong>lassen Sie keine Fremden in die Wohnung, bevor Sie nicht genau wissen, mit wem Sie es zu tun haben<\/strong><\/li><li><strong>kommen Ihnen Telefonanrufe komisch vor, legen Sie sofort auf und rufen gegebenenfalls die Polizei an<\/strong><\/li><\/ul>\n\n\n\n<p>Au\u00dferdem gilt: Gesundes Misstrauen gegen\u00fcber Fremden hat nichts mit Unh\u00f6flichkeit zu tun.<\/p>\n\n\n\n<h2 class=\"wp-block-heading\">(Limburgerhof, Altrip und Schifferstadt) &#8211; Mehrerer Trunkenheitsfahrten geahndet<\/h2>\n\n\n\n<p><strong>Limburgerhof:<\/strong> Am Freitagabend, 25.06.2021 gegen 21:00 Uhr, kam es zwischen drei Besuchern einer Gastwirtschaft in Limburgerhof zu einem Streitgespr\u00e4ch, im Anschluss machte sich einer der Beteiligten mit seinem Fahrrad auf den Nachhauseweg. Weil der Mann zuvor mehrere Weinschorlen getrunken haben soll, wurde die Polizei verst\u00e4ndigt. Diese konnte den 75-j\u00e4hrigen Mutterstadter schlie\u00dflich zuhause antreffen. Ein dort durchgef\u00fchrter Atemalkoholtest ergab einen Wert von 1,97 Promille. Gegen ihn wird nun wegen Trunkenheit im Verkehr ermittelt, eine Blutentnahme wurde angeordnet.<\/p>\n\n\n\n<p><strong>Schifferstadt: <\/strong>Ebenfalls am Freitagabend kurz nach 21:00 Uhr meldeten Verkehrsteilnehmer einen unsicher fahrenden Kleintransporter. Das Fahrzeug konnte im Bereich Gro\u00dfe Erde \/ Danhof kontrolliert werden. Beim Aussteigen aus dem Transporter hatte der 32-j\u00e4hrige Fahrer noch eine halbvolle Flasche &#8222;J\u00e4germeister&#8220; in der Hand. Der auf der Dienststelle freiwillig durchgef\u00fchrte Atemalkoholtest ergab eine Wert von 1,49 Promille. Gegen den Mann wurde ein Strafverfahren wegen Trunkenheit im Verkehr eingeleitet, ein Blutprobe wurde entnommen, sein F\u00fchrerschein wurde beschlagnahmt, es droht ihm au\u00dfer einer Geldstrafe der Verlust der Fahrerlaubnis.<\/p>\n\n\n\n<p><strong>Altrip: <\/strong>Am Samstagabend, 26.06.2021, kam es gegen 18:50 Uhr in der Speyerer Stra\u00dfe zu einer Konfliktsituation zwischen zwei Pkw-Fahrern: Der Eine sei dem Anderen aufgefahren. Die eintreffende Polizeistreife stellte zwar keinen messbaren Sachschaden an den Fahrzeugen fest, jedoch Atemalkoholgeruch bei einem 50-j\u00e4hrigen Beteiligten aus Schwetzingen. Der obligatorische Atemalkoholtest zeigte einen Wert von 1,23 Promille. Es wurde eine Blutentnahme angeordnet. Sein F\u00fchrerschein wurde beschlagnahmt, ein Strafverfahren eingeleitet.<\/p>\n\n\n\n<p><strong>Schifferstadt:<\/strong> Am fr\u00fchen Sonntagmorgen, 27.06.2021, kontrollierte eine Funkstreife der Polizeiinspektion Schifferstadt einen Rollerfahrer in der Iggelheimer Stra\u00dfe. W\u00e4hrend der Kontrolle wurden drogentypische Auffallerscheinungen erkannt. Ein freiwillig durchgef\u00fchrter Drogenschnelltest reagierte positiv auf Amphetamin und Cannabis, zudem wurde mittels Atemalkoholtest ein Wert von 1,25 Promille ermittelt. Weiterhin r\u00e4umte der 29-j\u00e4hrige Mann ein, nicht im Besitz einer Fahrerlaubnis zu sein. Gegen ihn wird nun wegen Trunkenheit im Verkehr, Fahren ohne Fahrerlaubnis sowie unerlaubtem Besitz von Bet\u00e4ubungsmitteln ermittelt. Ihm wurde eine Blutprobe entnommen.<\/p>\n\n\n\n<h2 class=\"wp-block-heading\">(Mutterstadt) &#8211; Versuchter Diebstahl von Handtasche aus Pkw<\/h2>\n\n\n\n<p>Am Freitag, 25.06.2021 gegen 12:15 Uhr, belud eine 60-j\u00e4hrige Mutterstadterin ihren Pkw nach dem Einkauf auf dem Parkplatz eines Supermarktes An der Fohlenweide. W\u00e4hrend die Frau am ge\u00f6ffneten Kofferraum ihres Fahrzeugs besch\u00e4ftigt war, \u00f6ffnete ein bislang unbekannter T\u00e4ter die Beifahrert\u00fcr und entwendete die Handtasche der Frau, die hinter dem Beifahrersitz abgestellt war. Die Frau bemerkte den Diebstahl jedoch sofort, begann laut zu rufen und verfolgte den fl\u00fcchtenden T\u00e4ter. Hierbei st\u00fcrzte sie jedoch und verletzte sich leicht. Die Verfolgung wurde unterdessen von Zeugen aufgenommen, die auf die Situation aufmerksam geworden waren. Der T\u00e4ter lie\u00df die gestohlene Tasche auf seiner Flucht fallen und verschwand leider unerkannt im nahegelegenen Wald. Er wurde beschrieben als kr\u00e4ftig, ca. 180 cm gro\u00df, habe eine beige\/graue Base-Cap, ein blaues Poloshirt und blaue Jeans getragen. Zeugen, die Hinweise zu dem unbekannten T\u00e4ter geben k\u00f6nnen, werden gebeten sich mit der Polizeiinspektion Schifferstadt unter der Tel.-Nr. 06235 4950 oder per E-Mail unter&nbsp;<a href=\"mailto:pischifferstadt@polizei.rlp.de\">pischifferstadt@polizei.rlp.de<\/a>&nbsp;in Verbindung zu setzen.<\/p>\n\n\n\n<h2 class=\"wp-block-heading\">(Dannstadt-Schauernheim) &#8211; Fahrradfahrerin bei Verkehrsunfall am Kopf verletzt<\/h2>\n\n\n\n<p>Kurz vor Mitternacht am Freitag, 25.06.2021, kam eine 34-j\u00e4hrige Fahrradfahrerin in der Speyerer Stra\u00dfe zu Fall: Offensichtlich war sie in einem ung\u00fcnstigen Winkel gegen die Bordsteinkante gefahren und ohne Fremdeinwirkung gest\u00fcrzt. Hierbei zog sie sich eine Kopfplatzwunde zu und wurde durch Rettungskr\u00e4fte ins Krankenhaus verbracht. Einen Helm habe die Radfahrerin zum Unfallzeitpunkt nicht getragen.<\/p>\n\n\n\n<h2 class=\"wp-block-heading\">(B 9 \/ R\u00f6merberg) &#8211; Ein Leichtverletzter nach Kollision mit Pannenfahrzeug<\/h2>\n\n\n\n<p>Aktuell (28.06.2021 \u2013 10:50) kommt es auf der B 9 zwischen R\u00f6merberg und Schwegenheim auf der Richtungsfahrbahn Germersheim zu Verkehrsbeeintr\u00e4chtigungen. Eine 25-J\u00e4hrige befuhr mit ihrem Transporter den rechten Fahrstreifen der B9 und streifte einen am rechten Fahrbahnrand stehenden Pannen-LKW eines 32-J\u00e4hrigen. Durch die Kollision erlitt der 32-J\u00e4hrige, der noch im Fahrzeug sa\u00df, leichte Verletzungen und wurde zur weiteren Abkl\u00e4rung in ein Krankenhaus verbracht. Beide Fahrzeuge sind nicht mehr fahrbereit und m\u00fcssen abgeschleppt werden. Der rechte Fahrstreifen ist f\u00fcr die Dauer der Unfallaufnahme gesperrt. Die Ma\u00dfnahmen werden voraussichtlich noch sch\u00e4tzungsweise 30 Minuten andauern.<\/p>\n\n\n\n<h2 class=\"wp-block-heading\">(Germersheim) &#8211; Roller in Queich und Baggersee<\/h2>\n\n\n\n<p>Sonntagmittag wurde der Polizei Germersheim gemeldet, dass ein Motorroller bei der Rudolf-v-Habsburg-Stra\u00dfe in der Queich liegen w\u00fcrde. Zusammen mit der Feuerwehr konnte der Roller aus dem Wasser geborgen werden. Ersten Ermittlungen zufolge stand der Roller zuvor vor einem Wohnanwesen in der Jahnstra\u00dfe und wurde dort durch bislang unbekannte T\u00e4ter entwendet. Kurz sp\u00e4ter ging eine erneute Mitteilung ein. Dieses Mal w\u00fcrde sich ein Motorroller im Sondernheimer Baggersees befinden. Auch dieser Roller wurde zusammen mit der Feuerwehr geborgen. Der Eigent\u00fcmer dieses Fahrzeugs hatte seinen Roller letzte Woche bei der Polizei als gestohlen gemeldet. Gl\u00fccklicherweise wurden in beiden F\u00e4llen die Gew\u00e4sser nicht durch auslaufende Betriebsstoffe verunreinigt. Zeugen, die Hinweise zu den Vorf\u00e4llen geben k\u00f6nnen, sollen sich bitte bei der Polizei Germersheim unter der Telefonnummer 07274-9580 oder per Mail an&nbsp;<a href=\"mailto:pigermersheim@polizei.rlp.de\">pigermersheim@polizei.rlp.de<\/a>&nbsp;melden<\/p>\n\n\n\n<h2 class=\"wp-block-heading\">(Germersheim) &#8211; Gleich zwei getunte Fahrzeuge<\/h2>\n\n\n\n<p>Am vergangenen Wochenende nahmen Germersheimer Polizisten bei ihrer Streifenfahrt durch das Stadtgebiet getunte Fahrzeuge ins Visier. Zun\u00e4chst stoppten sie einen auff\u00e4llig tiefergelegten Kombi. Bei dem ge\u00e4nderten Fahrwerk ergaben sich keine Beanstandungen, daf\u00fcr hatte der Fahrer die vorderen Seitenscheiben verbotenerweise mit T\u00f6nungsfolie beklebt. Er entfernte die Folie noch im Beisein der Beamten und bezahlte eine entsprechende Ordnungswidrigkeit. In der Bergstra\u00dfe kam der Polizei dann ein Fahrzeug mit einem extrem hellen Abblendlicht entgegen. Hier wurde bei der anschlie\u00dfenden Kontrolle festgestellt, dass der Fahrer kurzerhand die \u00e4lteren Scheinwerfer durch eine nicht erlaubte LED Beleuchtung ersetzte. Dadurch war die Betriebserlaubnis seines Fahrzeugs erloschen. Auch auf ihn kommt ein entsprechendes Bu\u00dfgeld zu.<\/p>\n\n\n\n<h2 class=\"wp-block-heading\">(W\u00f6rth) &#8211; Betrunkener Autofahrer unter Drogeneinwirkung<\/h2>\n\n\n\n<p>Am 26.06.2021 f\u00fchrte um 02:00 Uhr eine aufmerksame Polizeistreife der Polizei W\u00f6rth eine Verkehrskontrolle durch. Kontrolliert wurde ein 23-j\u00e4hriger Autofahrer und sein PKW des Herstellers Chevrolet. Am Fahrzeug konnten keine M\u00e4ngel festgestellt werden, jedoch war beim Autofahrer zun\u00e4chst in der Atemluft Alkoholgeruch wahrnehmbar. Ein freiwilliger Alkotest vor Ort ergab einen Wert von mehr als 1,1 Promille. Die Autofahrt wurde beendet und der Kraftfahrer zwecks Blutprobe zur Dienststelle verbracht. Im Rahmen der Ma\u00dfnahmen im eingeleiteten Strafverfahren ergaben sich zus\u00e4tzlich Hinweise auf eine Drogenbeeinflussung. Ein freiwilliger Urintest best\u00e4tigte die Verdachtsmomente bzgl. der Einnahme von Cannabisprodukten. Der Autofahrer f\u00fchrte nach derzeitigem Ermittlungstand seinen PKW nicht nur alkoholisiert sondern auch noch unter Drogeneinfluss. Die entsprechenden Untersuchungsergebnisse Alkohol und Drogen stehen noch aus.<\/p>\n\n\n\n<h2 class=\"wp-block-heading\">(Grenz\u00fcbergang Bienwald) &#8211; Rum\u00e4nischer LKW mit erheblichen Ladungsm\u00e4ngeln<\/h2>\n\n\n\n<p>Am 25.06.2021 konnte um 12:05 Uhr am Grenz\u00fcbergang Bienwald ein rum\u00e4nischer LKW bei der Einreise nach Deutschland \u00fcberpr\u00fcft werden. Am Sattelauflieger konnte unzweifelhaft festgestellt werden, dass die Ladung nicht ordnungsgem\u00e4\u00df gesichert ist. Bei der Kontrolle ergab sich, das sich die Ladung, welche aus Reifen bestand gelockert hat. Die Reifen dr\u00fcckten haltlos gegen die Plane des Aufliegers. Aufgrund der ungesicherten Ladung und der daraus resultierenden Gefahren wurde die Weiterfahrt in Deutschland untersagt. Der LKW wurde zu einem nahgelegenen Parkplatz geleitet und abgestellt. Dort musste der Fahrer mit Hilfe seiner Spedition in Rum\u00e4nien die Umladung organisieren. Diese dauerte noch am 26.06.2021 an. Erst wenn die Ladung ordnungsgem\u00e4\u00df umgeladen und gesichert ist, darf der LKW weiterfahren. Gegen den 48-j\u00e4hrigen Berufskraftfahrer wurde ein Bu\u00dfgeldverfahren eingeleitet.<\/p>\n\n\n\n<h2 class=\"wp-block-heading\">(Niederotterbach) &#8211; Motorradfahrer schwer verletzt<\/h2>\n\n\n\n<p>Am 26.06.2021 um 12:45 Uhr befuhr ein 56-j\u00e4hriger Mann aus dem Kreis Germersheim mit seinem Motorrad die L544 von Oberhausen kommend in Richtung Niederotterbach. In einer langgezogenen Rechtskurve wollte er einen PKW \u00fcberholen und fuhr hierbei leicht auf die Gegenfahrspur, um nach Gegenverkehr zu schauen. Hierbei wurde er durch einen entgegenkommenden PKW gestreift und kam zu Sturz. Der Motorradfahrer wurde mit schweren Verletzungen durch einen Rettungshubschrauber in ein Krankenhaus verbracht. Das Motorrad musste abgeschleppt werden. Es entstand ein Sachschaden in H\u00f6he von etwa 5000 Euro.<\/p>\n\n\n\n<h2 class=\"wp-block-heading\">(Bad Bergzabern) &#8211; Schl\u00e4gerei zwischen mehreren Personen in Shisha-Bar<\/h2>\n\n\n\n<p>In den fr\u00fchen Morgenstunden des 27.06.2021 kam es gegen 01:00 Uhr in einer Shisha-Bar im Stadtgebiet von Bad Bergzabern zu einer Schl\u00e4gerei zwischen etwa 40 Personen. Dabei erlitten die Beteiligten nur leichte Verletzungen. Gegen einen Beteiligten musste die Polizei den Taser einsetzen, um diesen von der Begehung weiterer Straftaten abzuhalten. Die Ermittlungen zu den Hintergr\u00fcnden dauern an.<\/p>\n\n\n\n<h2 class=\"wp-block-heading\">(Bad Bergzabern) &#8211; Betrunkener PKW-Fahrer zur Mittagszeit<\/h2>\n\n\n\n<p>Am 26.06.2021 um 11:45 Uhr befuhr ein 74-j\u00e4hriger PKW-Fahrer aus dem Kreis S\u00fcdliche Weinstra\u00dfe die Steinfelder Stra\u00dfe in Bad Bergzabern, wo er einer allgemeinen Verkehrskontrolle unterzogen wurde. Die Beamten konnten hierbei Alkoholgeruch feststellen. Ein Atemalkoholtest ergab einen Wert von 0,97 Promille. Die Weiterfahrt wurde untersagt. Dem Fahrer drohen nun ein Fahrverbot sowie ein Bu\u00dfgeld in H\u00f6he von 500 Euro.<\/p>\n\n\n\n<h2 class=\"wp-block-heading\">(Birkweiler) &#8211; Bahnschranke besch\u00e4digt<\/h2>\n\n\n\n<p>Am Donnerstag, den 24.06.21, fuhr eine weibliche Fahrzeugf\u00fchrerin mit ihrem blauen PKW auf den Bahn\u00fcbergang bei Siebeldingen-Birkweiler. Beim Schlie\u00dfen der Bahnschranke wurde ihr Fahrzeug so unter der Schranke eingeklemmt, dass sie nicht mehr vor- oder zur\u00fcckfahren konnte. Andere Personen halfen sodann der Fahrerin, die Schranke hochzudr\u00fccken, so dass der PKW den geschlossenen Bahn\u00fcbergang verlassen konnte. Durch diesen Zwischenfall kam zu Versp\u00e4tungen im Zugverkehr. Die Polizei sucht Zeugen, welche den Vorgang beobachtet haben und bittet diese, sich bei der Polizeiwache Annweiler unter 06346\/964619 zu melden.<\/p>\n\n\n\n<h2 class=\"wp-block-heading\">(Landau) &#8211; Randalierender Mann auf offener Stra\u00dfe<\/h2>\n\n\n\n<div class=\"wp-block-image\"><figure class=\"aligncenter size-large\"><img decoding=\"async\" loading=\"lazy\" width=\"500\" height=\"667\" src=\"https:\/\/speyer24news.com\/wp-content\/uploads\/2021\/03\/DEIG.jpg\" alt=\"\" class=\"wp-image-34585\" srcset=\"https:\/\/speyer24news.com\/wp-content\/uploads\/2021\/03\/DEIG.jpg 500w, https:\/\/speyer24news.com\/wp-content\/uploads\/2021\/03\/DEIG-225x300.jpg 225w\" sizes=\"(max-width: 500px) 100vw, 500px\" \/><\/figure><\/div>\n\n\n\n<p>Gegen einen 30-J\u00e4hrigen musste gegen halb elf am Freitagabend in Landau der Taser eingesetzt werden. Der Mann war auf offener Stra\u00dfe ausgerastet, hatte Fahrzeuge angehalten und auf diese eingeschlagen sowie einen Zaun besch\u00e4digt, weshalb bei der Polizei zahlreiche Notrufe eingingen. Laut schreiend ging der Mann in Kampfsportler-Pose auf weitere Fahrzeuge und Personen zu. Da er weder auf Ansprache noch auf die Androhung des Tasers reagierte, musste dieser eingesetzt werden, um eine Sch\u00e4digung weiterer Personen zu verhindern. Der Mann konnte so unter Kontrolle gebracht werden. Er wurde nach einer medizinischen Untersuchung in ein psychiatrisches Krankenhaus verbracht.<\/p>\n\n\n\n<h2 class=\"wp-block-heading\">(L 542 \/ Offenbach) &#8211; Scheibe an PKW eingeschlagen und Tasche entwendet \/ Zeugen gesucht!<\/h2>\n\n\n\n<div class=\"wp-block-image\"><figure class=\"aligncenter size-large\"><img decoding=\"async\" loading=\"lazy\" width=\"800\" height=\"600\" src=\"https:\/\/speyer24news.com\/wp-content\/uploads\/2021\/06\/12-1.jpg\" alt=\"\" class=\"wp-image-38376\" srcset=\"https:\/\/speyer24news.com\/wp-content\/uploads\/2021\/06\/12-1.jpg 800w, https:\/\/speyer24news.com\/wp-content\/uploads\/2021\/06\/12-1-300x225.jpg 300w, https:\/\/speyer24news.com\/wp-content\/uploads\/2021\/06\/12-1-768x576.jpg 768w, https:\/\/speyer24news.com\/wp-content\/uploads\/2021\/06\/12-1-678x509.jpg 678w, https:\/\/speyer24news.com\/wp-content\/uploads\/2021\/06\/12-1-326x245.jpg 326w, https:\/\/speyer24news.com\/wp-content\/uploads\/2021\/06\/12-1-80x60.jpg 80w\" sizes=\"(max-width: 800px) 100vw, 800px\" \/><\/figure><\/div>\n\n\n\n<p>Am Montagmorgen zwischen 08:30 Uhr und 09:20 Uhr schlugen unbekannte T\u00e4ter an einem Parkplatz an der L542 bei Offenbach die Beifahrerscheibe eines geparkten Fahrzeuges ein und entwendeten aus dem Fahrzeug eine Handtasche. Bei dem Fahrzeug handelt es sich um einen grauen Audi A3. In der Tasche befanden sich Schl\u00fcssel und eine Brille. Der Schaden an dem Fahrzeug wird auf ca. 3000 Euro gesch\u00e4tzt. Der Parkplatz ist \u00fcblicherweise, insbesondere von Joggern und Spazierg\u00e4ngern, stark frequentiert. Zeugen, die an der \u00d6rtlichkeit sachdienliche Wahrnehmungen gemacht haben, werden gebeten sich bei der Polizeiinspektion Landau zu melden.<\/p>\n\n\n\n<p>Insbesondere sichtbare Taschen und Wertgegenst\u00e4nde bieten den Dieben einen Tatanreiz. Die Polizei r\u00e4t in diesem Zusammenhang: Lassen Sie generell keine Wertsachen oder Bargeld im Fahrzeug liegen. Auch versteckte Wertsachen werden durch die Diebe schnell ausfindig gemacht.<\/p>\n\n\n\n<h2 class=\"wp-block-heading\">(Essingen) &#8211; Einbruch in Kita<\/h2>\n\n\n\n<p>Bislang Unbekannte brachen in der Nacht von Sonntag, 27.06.2021, zu Montag, 28.06.2021, in die Kita Am Turmplatz in Essingen ein. Nachdem die Unbekannten eine Eingangst\u00fcr an der Geb\u00e4uder\u00fcckseite aufgehebelt hatten, durchsuchten sie die Kita vergeblich nach Wertsachen. Zudem richteten sie durch Besch\u00e4digungen an T\u00fcren hohen Sachschaden in H\u00f6he von etwa 2000 Euro an. Die Kriminalinspektion Landau hat die Ermittlungen aufgenommen und nimmt Hinweise unter 06341\/2870 oder&nbsp;<a href=\"mailto:kilandau@polizei.rlp.de\">kilandau@polizei.rlp.de<\/a>&nbsp;entgegen.<\/p>\n\n\n\n<h2 class=\"wp-block-heading\">(Gleisweiler) &#8211; 30-J\u00e4hrige verliert Kontrolle \u00fcber ihr Pedelec<\/h2>\n\n\n\n<p>Gegen 15.30 Uhr st\u00fcrzte am Sonntag (27.06.2021) eine 30 Jahre alte Fahrradfahrerin in der Weinstra\u00dfe, weil sie bergab die Kontrolle \u00fcber ihr Pedelec verlor, ins Schlingern kam und sich dabei an der Schulter, am Knie sowie im Kopfbereich schwer verletzte. An ihrem Pedelec entstand Sachschaden. Einen Helm trug sie nicht. Mit dem Rettungswagen kam sie in ein Krankenhaus. Die Polizei appelliert: Die meisten Erwachsenen verzichten oft auf den lebensrettenden Kopfschutz. Aber: Bei einem schweren Sturz kann ein Fahrradhelm die Gesundheit oder gar das Leben retten.<\/p>\n\n\n\n<h2 class=\"wp-block-heading\">(Edesheim) &#8211; Einbruch in Kindertagesst\u00e4tte<\/h2>\n\n\n\n<div class=\"wp-block-image\"><figure class=\"aligncenter size-large\"><img decoding=\"async\" loading=\"lazy\" width=\"800\" height=\"533\" src=\"https:\/\/speyer24news.com\/wp-content\/uploads\/2021\/06\/20210628_EDinKiga.jpg\" alt=\"\" class=\"wp-image-38377\" srcset=\"https:\/\/speyer24news.com\/wp-content\/uploads\/2021\/06\/20210628_EDinKiga.jpg 800w, https:\/\/speyer24news.com\/wp-content\/uploads\/2021\/06\/20210628_EDinKiga-300x200.jpg 300w, https:\/\/speyer24news.com\/wp-content\/uploads\/2021\/06\/20210628_EDinKiga-768x512.jpg 768w\" sizes=\"(max-width: 800px) 100vw, 800px\" \/><\/figure><\/div>\n\n\n\n<p>In die Kindertagesst\u00e4tte &#8222;St. Peter und Paul&#8220; In den Hinterwiesen sind Unbekannte \u00fcbers Wochenende (Tatzeit: 26.06, 12 Uhr bis 28.06.2021, 08.30 Uhr) \u00fcber ein Fenster eingebrochen. Im Innern wurden verschiedene R\u00e4umlichkeiten sowie das B\u00fcro der Kindergartenleitung brachial aufgebrochen. Was genau entwendet wurde, steht derzeit nicht fest. Die T\u00e4ter verursachten einen Sachschaden von \u00fcber 2.000 Euro. Hinweise zu den Einbrechern oder zu sonstigen verd\u00e4chtigen Wahrnehmungen nimmt die Polizei Edenkoben unter der Telefonnummer 06323 9550 entgegen.<\/p>\n\n\n\n<h2 class=\"wp-block-heading\">(Edenkoben) &#8211; Kollision mit Bordstein<\/h2>\n\n\n\n<p>Aus Unachtsamkeit kollidierte am Samstagnachmittag (26.06.2021, 16 Uhr) in der Luitpoldstra\u00dfe ein 51 Jahre alter Mountainbike-Fahrer mit dem Bordstein, kam ins Straucheln und st\u00fcrzte. Hierbei zog er sich neben diversen Absch\u00fcrfungen eine Fraktur am linken Schl\u00fcsselbein zu und musste in ein Krankenhaus gebracht werden. An seinem Bike entstand leichter Sachschaden.<\/p>\n\n\n\n<h2 class=\"wp-block-heading\">(Edenkoben) &#8211; Verkehrskontrollen<\/h2>\n\n\n\n<p>Am 26.06.2021 wurde vormittags f\u00fcr circa eine Stunde der flie\u00dfende Verkehr in der Staatsstra\u00dfe in Edenkoben kontrolliert. Hierbei konnten 5 Gurtverst\u00f6\u00dfe bei PKW-Fahrern festgestellt und sanktioniert werden. Eine PKW-Fahrerin tippte auf ihrem Handy w\u00e4hrend der Fahrt. Sie muss mit einem Bu\u00dfgeldbescheid \u00fcber 100 Euro sowie einem Punkt in Flensburg rechnen. Geb\u00fchrenpflichtig verwarnt wurde zudem ein PKW-Fahrer, da seine Hauptuntersuchung schon seit l\u00e4ngerer Zeit abgelaufen war. Um 11 Uhr konnte in der Luitpoldstra\u00dfe weiterhin ein 14-J\u00e4hriger fahrend auf einem E-Scooter festgestellt werden. Eine erforderliche Haftpflichtversicherung f\u00fcr den E-Scooter bestand nicht. Ein Strafverfahren wegen Versto\u00dfes gegen das Pflichtversicherungsgesetz wurde eingeleitet. Der E-Scooter wurde sichergestellt und der 14-j\u00e4hrige wurde an seine Wohnanschrift verbracht.<\/p>\n\n\n\n<h2 class=\"wp-block-heading\">(Edenkoben) &#8211; Au\u00dfenspiegel abgetreten<\/h2>\n\n\n\n<p>In der Nacht vom 25.06. auf den 26.06.2021 kam es in der Bahnhofstra\u00dfe zu einer Sachbesch\u00e4digung an einem PKW Toyota. Hierbei besch\u00e4digten unbekannte T\u00e4ter den rechten Au\u00dfenspiegel an dem geparkten PKW. Wahrscheinlich wurde dieser durch unbekannte T\u00e4ter abgetreten. Die Schadenh\u00f6he betr\u00e4gt circa 100 Euro. Im Rahmen der Ermittlungen konnte der Tatzeitraum auf den 26.06.2021, zwischen 01:30 Uhr und 01:45 Uhr, eingegrenzt werden. Hinweise zu der Sachbesch\u00e4digung nimmt die Polizei Edenkoben unter der Rufnummer 06323 9550 entgegen.<\/p>\n\n\n\n<h2 class=\"wp-block-heading\">(Helmbachtal) &#8211; Mit Quad verungl\u00fcckt<\/h2>\n\n\n\n<p>Am 26.06.2021 gegen 14 Uhr nahm eine 18-J\u00e4hrige aus Karlsruhe an einer gef\u00fchrten Quad-Tour im Bereich des Helmbachtals teil. Eine 22-j\u00e4hrige aus dem Landkreis Karlsruhe fuhr als Sozia auf dem Quad mit. Auf einem Waldweg kurz vor dem Helmbachweiher kam die 18-j\u00e4hrige Quad-Fahrerin aus ungekl\u00e4rter Ursache nach links von der Fahrbahn ab und fuhr einen steilen, circa 15 Meter hohen Abhang hinab. Die Fahrerin und ihre Sozia konnten sich nicht auf dem Quad halten und st\u00fcrzten. Durch den Sturz erlitten beide schwere, jedoch nicht lebensbedrohliche Verletzungen. Zwecks Rettung der verunfallten Personen wurde die freiwillige Feuerwehr hinzugezogen. Hiernach wurden die beiden verletzten Personen zwecks weiterer Behandlung durch einen Rettungswagen in ein umliegendes Krankenhaus verbracht. Das Quad war nicht mehr fahrbereit, die Schadensh\u00f6he betr\u00e4gt circa 750 Euro. Ein Ermittlungsverfahren wegen fahrl\u00e4ssiger K\u00f6rperverletzung wurde eingeleitet.<\/p>\n\n\n\n<h2 class=\"wp-block-heading\">(Lambrecht) &#8211; Unproblematische Impfaktion<\/h2>\n\n\n\n<p>Eine durch einen ortsans\u00e4ssigen Arzt durchgef\u00fchrte Impfaktion in Lambrecht (Pfalz) verlief am 26.06.2021 erfolgreich und st\u00f6rungsfrei. Durch die Polizei Neustadt\/Weinstra\u00dfe wurde insbesondere der Verkehr \u00fcberwacht, wobei kein erh\u00f6htes Verkehrsaufkommen festgestellt wurde. Die vorhandenen Impfdosen konnten bis 12:00 Uhr verimpft und die Aktion somit fr\u00fchzeitig beendet werden.<\/p>\n\n\n\n<h2 class=\"wp-block-heading\">(Neustadt) &#8211; Versuchter Einbruch in Juweliergesch\u00e4ft<\/h2>\n\n\n\n<p>Am 29.06.2021, gegen 02:30 Uhr, versuchten bislang unbekannte T\u00e4ter eine Schaufensterscheibe eines Juweliergesch\u00e4fts in der Hauptstra\u00dfe, in 67433 Neustadt\/W. mit einem Gullydeckel einzuwerfen. Hierdurch wurde die Fensterscheibe zwar besch\u00e4digt, ging jedoch nicht zu Bruch, weshalb nichts entwendet wurde. Trotz einer umgehend eingeleiteten Fahndung konnten der\/die unbekannte\/n T\u00e4ter nicht mehr festgestellt werden. Durch den Eigent\u00fcmer des Gesch\u00e4fts wird der entstandene Sachschaden auf ca. 10.000EUR gesch\u00e4tzt. Zeugen, die zur oben genannten Zeit Ungew\u00f6hnliches bemerkt haben oder Hinweise zu dem\/den T\u00e4ter\/n geben k\u00f6nnen, werden gebeten, sich bei der Polizei Neustadt\/Weinstra\u00dfe zu melden.<\/p>\n\n\n\n<h2 class=\"wp-block-heading\">(Neustadt) &#8211; Brand einer privaten Sauna<\/h2>\n\n\n\n<p>Eine brennende Sauna-H\u00fctte wurde in der Nacht vom 27.06.2021, gegen 02:00, gemeldet. Die Einsatzkr\u00e4fte konnten einen teilweisen Brand einer in der Talstra\u00dfe in Neustadt\/Weinstra\u00dfe befindlichen, privaten Au\u00dfensauna feststellen. Die Brandbek\u00e4mpfung dauerte circa 45 Minuten an. Grund f\u00fcr den Brandausbruch ist nach ersten Einsch\u00e4tzungen ein technischer Defekt einer Lichterkette. Es wurden keine Personen verletzt. Ebenso ist kein Geb\u00e4udeschaden am Anwesen entstanden. Im Einsatz waren neben der Polizei Neustadt\/Weinstra\u00dfe die Feuerwehr Neustadt\/Weinstra\u00dfe sowie das DRK.<\/p>\n\n\n\n<h2 class=\"wp-block-heading\">(Neustadt) &#8211; Geldbeutel entwendet \/ Trotz geschlossenem Rucksack<\/h2>\n\n\n\n<p>Arglosigkeit wurde einer 61-J\u00e4hrigen zum Verh\u00e4ngnis, welche sich am 26.06.2021 gegen 10:30 Uhr in einem Optikergesch\u00e4ft in Neustadt\/Weinstra\u00dfe befand. W\u00e4hrend ihres Aufenthalts trug sie einen Rucksack durchgehend auf dem R\u00fccken. An der Kasse musste sie sodann feststellen, dass ihr Geldbeutel inkl. Dokumenten, Bargeld und Scheckkarten aus dem Rucksack entwendet wurde, obwohl dieser zuvor verschlossen war. Um solche Taten zu verhindern ist es daher ratsam, Taschen grunds\u00e4tzlich geschlossen und vorne zu tragen, am besten gar eine Hand auf der Taschen\u00f6ffnung zu behalten und das Umfeld stets im Blick zu behalten.<\/p>\n\n\n\n<h2 class=\"wp-block-heading\">(Neustadt) &#8211; Einbruchsdiebstahl in Optikergesch\u00e4ft<\/h2>\n\n\n\n<p>Bislang unbekannte T\u00e4ter gelangten am fr\u00fchen Morgen des 26.06.2021 gegen 03:30 Uhr durch das Zerst\u00f6ren eines Schaufensters in ein Optikergesch\u00e4ft in der Friedrichstra\u00dfe in Neustadt\/Weinstra\u00dfe. Das Objekt wurde durchw\u00fchlt vorgefunden. Entwendet wurden mehrere Brillen sowie Bargeld im dreistelligen Bereich. Durch die Beamten wurde eine Spurensuche durchgef\u00fchrt. Zeugen, die zur oben genannten Zeit Ungew\u00f6hnliches bemerkt haben, werden gebeten, sich bei der Polizei Neustadt\/Weinstra\u00dfe zu melden.<\/p>\n\n\n\n<h2 class=\"wp-block-heading\">(Ha\u00dfloch) &#8211; Randalierer beleidigt Polizeibeamte<\/h2>\n\n\n\n<p>In den fr\u00fchen Morgenstunden des 26.06.2021 meldete ein aufmerksamer Zeuge der Polizeiinspektion Ha\u00dfloch, dass ein junger Mann im Industriegebiet Nord \u00fcber einen Zaun eines Firmengel\u00e4ndes geklettert sei und dort einen Pkw besch\u00e4digt habe. Die schnell eintreffenden Beamten konnten den 25j\u00e4hrigen alkoholisierten T\u00e4ter dann auf der Flucht festnehmen. Im Rahmen der Ma\u00dfnahmen wurde die eingesetzten Beamten fortw\u00e4hrend durch den Festgenommenen beleidigt. Ihn erwarten jetzt Strafverfahren wegen Sachbesch\u00e4digung, Hausfriedensbruch und Beleidigung.<\/p>\n\n\n\n<h2 class=\"wp-block-heading\">(Wachenheim) &#8211; Gl\u00fcck im Ungl\u00fcck! Trotz erheblicher Alkoholisierung<\/h2>\n\n\n\n<p>Am 26.06.2021, gegen 22:40 Uhr, kam es in der Friedelsheimer Stra\u00dfe in Wachenheim a.d.W. zu einem Verkehrsunfall zwischen einem Radfahrer und einem PKW der Marke VW. Der 20-j\u00e4hrige Radfahrer befuhr den R\u00f6merweg in Wachenheim und missachtete an der Kreuzung Friedelsheimer Stra\u00dfe die Vorfahrt eines 49-j\u00e4hirgen PKW-Fahrers, welcher in Richtung Weinstra\u00dfe unterwegs war. Es kam zum Zusammensto\u00df im Kreuzungsbereich, wodurch der Radfahrer mehrere Meter weit geschleudert wurde, jedoch letztlich leichtverletzt wurde. Im Rahmen der Unfallaufnahme wurde durch die eingesetzten Polizeibeamten festgestellt, dass der Radfahrer unter dem Einfluss von Alkohol stand. Ein freiwillig durchgef\u00fchrter Atemalkoholtest ergab einen Wert von 1,98 Promille. Nach \u00e4rztlicher Versorgung des Radfahrers im Krankenhaus, wurde diesem eine Blutprobe entnommen. Gegen ihn wird nun wegen Verursachen eines Verkehrsunfalls unter Alkoholeinwirkung ermittelt. Am PKW entstand ein Schaden von 200 Euro. Am Fahrrad entstand ein Schaden von 150 Euro.<\/p>\n\n\n\n<h2 class=\"wp-block-heading\">(Altleiningen \/ Leinigerland) &#8211; Schwerer sexueller Missbrauch eines Kindes \/ \u00d6ffentlichkeitsfahndung<\/h2>\n\n\n\n<div class=\"wp-block-image\"><figure class=\"aligncenter size-large\"><img decoding=\"async\" loading=\"lazy\" width=\"799\" height=\"808\" src=\"https:\/\/speyer24news.com\/wp-content\/uploads\/2021\/06\/Phantombild.jpg\" alt=\"\" class=\"wp-image-38378\" srcset=\"https:\/\/speyer24news.com\/wp-content\/uploads\/2021\/06\/Phantombild.jpg 799w, https:\/\/speyer24news.com\/wp-content\/uploads\/2021\/06\/Phantombild-297x300.jpg 297w, https:\/\/speyer24news.com\/wp-content\/uploads\/2021\/06\/Phantombild-768x777.jpg 768w\" sizes=\"(max-width: 799px) 100vw, 799px\" \/><figcaption>Phantombild des Kindersch\u00e4nders<\/figcaption><\/figure><\/div>\n\n\n\n<p>Wie bereits am 03.05.2021, 13:54 Uhr, berichtet, kam es am 26.04.2021, zwischen 12 und 18 Uhr, zu einem schweren sexuellen Missbrauch eines 13 Jahre alten M\u00e4dchens im Bereich Altleiningen. Die genaue Tat\u00f6rtlichkeit war ein Feldweg bei der L518, Gemarkung Langental, dort der Langgewannweg. Gesucht wird neben dem per Phantombild skizzierten Tatverd\u00e4chtigen auch nach zwei wichtigen Zeugen. Es handelt sich dabei um zwei Radfahrer, die w\u00e4hrend des Tatgeschehens mit T\u00e4ter und Opfer gesprochen hatten. Die beiden M\u00e4nner erkundigten sich nach dem Wohlbefinden des weinenden M\u00e4dchens, wurden durch den T\u00e4ter durch eine Legende beruhigt und setzten ihre Fahrt fort. Die beiden Zeugen werden beschrieben: m\u00e4nnlich mit grauen Haaren, beide trugen Fahrradhosen, Fahrradtrikots, Fahrradhelme und Sonnenbrillen, einer der M\u00e4nner war rot gekleidet. Bei den Fahrr\u00e4dern soll es sich um Stra\u00dfenr\u00e4der mit d\u00fcnner Bereifung gehandelt haben, evtl. Rennr\u00e4der. Ein Fahrrad soll schwarz, das andere wei\u00df gewesen sein. <\/p>\n\n\n\n<h4 class=\"wp-block-heading\">Erg\u00e4nzende Beschreibung des Tatverd\u00e4chtigen zu dem Phantombild: <\/h4>\n\n\n\n<ul><li><strong>M\u00e4nnlich<\/strong><\/li><li><strong>180cm gro\u00df<\/strong><\/li><li><strong>dick<\/strong><\/li><li><strong>ca. 30-35 Jahre alt<\/strong><\/li><li><strong>dunkelblonde, lockige Haare<\/strong><\/li><li><strong>auff\u00e4llig reine Haut<\/strong><\/li><li><strong>vermutlich Deutscher<\/strong><\/li><li><strong>sprach Hochdeutsch ohne Akzent<\/strong><\/li><li><strong>Zur Tatzeit trug der T\u00e4ter eine dunkelgraue Jogginghose und einen dunkelblauen Pullover. <\/strong><\/li><li><strong>Hinweis zum Phantombild: Auff\u00e4llig beim T\u00e4ter ist ein heller Hautfleck im Bereich der rechten Schl\u00e4fe. <\/strong><\/li><\/ul>\n\n\n\n<p>Sachdienliche Hinweise bitte an die Kripo Neustadt unter der Tel.-Nr. 06321\/854-4621 oder 06321\/854-0.<\/p>\n\n\n\n<h2 class=\"wp-block-heading\">(Gro\u00dfniedesheim) &#8211; Versuchter Einbruch in B\u00e4ckerei<\/h2>\n\n\n\n<p>In der Zeit von 26.06.2021, 14.00 Uhr, bis 27.06.2021, 07.00 Uhr, kam es zu einem versuchten Einbruch in eine B\u00e4ckerei in der Hauptstra\u00dfe. Durch bislang unbekannte T\u00e4ter wurde die Eingangst\u00fcr aufgehebelt. Nach bisherigem Ermittlungsstand wurde nichts entwendet. Der Schaden wird auf etwa 400 Euro gesch\u00e4tzt.<\/p>\n\n\n\n<p>Zeugen werden gebeten sich an die Polizeiinspektion Frankenthal unter der Tel.-Nr.: 06233\/313-0 oder an die Polizeiwache Maxdorf unter der Tel.-Nr.: 06237\/934-1100 zu wenden. Gerne nehmen wir Ihre Hinweise auch per E-Mail unter&nbsp;<a href=\"mailto:pifrankenthal@polizei.rlp.de\">pifrankenthal@polizei.rlp.de<\/a>&nbsp;entgegen.<\/p>\n\n\n\n<h2 class=\"wp-block-heading\">(Frankenthal) &#8211; Serie von Sachbesch\u00e4digungen<\/h2>\n\n\n\n<p>In der Nacht von Freitag, den 25.06.2021 auf Samstag, den 26.06.2021, kam es im Stadtgebiet Frankenthal an mindestens vier \u00d6rtlichkeiten zu Sachbesch\u00e4digungen.<\/p>\n\n\n\n<p>Auf dem Gel\u00e4nde des Tiergehege Frankenthal e.V. im Naherholungsgebiet &#8222;Im kleinen Wald&#8220; wurden mehrere Schilder, ein Zaun sowie zwei Futterspender besch\u00e4digt. Die Umst\u00e4nde weisen auf eine Tatzeit um ca. 23 Uhr hin.<\/p>\n\n\n\n<p>Dar\u00fcber hinaus wurde am Hauptbahnhof mittels eines langen Asts die Heckscheibe eines geparkten Peugeots eingeschlagen. Dieser war zwischen zwei Geb\u00e4uden auf dem Bahnhofsgel\u00e4nde ordnungsgem\u00e4\u00df abgestellt.<\/p>\n\n\n\n<p>Zu einer weiteren Tat kam es auf dem am Konrad-Adenauer-Platz befindlichen Spielplatz. Hier wurde die dortige Rutsche derart besch\u00e4digt, sodass diese nicht mehr benutzbar ist. Laut Zeugenaussagen d\u00fcrfte die Tatzeit im Zeitraum von 00:00 Uhr bis 00:30 Uhr liegen.<\/p>\n\n\n\n<p>In der an den Konrad-Adenauer-Platz angrenzenden Philipp-Rauch-Stra\u00dfe wurden des Weiteren an mindestens f\u00fcnf Fahrzeugen die Au\u00dfenspiegel besch\u00e4digt.<\/p>\n\n\n\n<p>Der Gesamtschaden der Taten bel\u00e4uft sich auf ca. 4.000EUR.<\/p>\n\n\n\n<p>Unabh\u00e4ngige Zeugen berichten von einer Gruppe von f\u00fcnf Jugendlichen im Alter von ca. 14-16 Jahren, welche im besagten Zeitraum an zumindest zwei der \u00d6rtlichkeiten festgestellt werden konnten. Diese f\u00fchrten zudem Motorroller mit.<\/p>\n\n\n\n<p>Aufgrund der laufenden Ermittlungen sucht die Polizei nach Zeugen der Vorf\u00e4lle.<\/p>\n\n\n\n<p>Zeugen werden gebeten sich an die Polizeiinspektion Frankenthal unter der Tel.-Nr.: 06233\/313-0 oder an die Polizeiwache Maxdorf unter der Tel.-Nr.: 06237\/934-1100 zu wenden. Gerne nehmen wir Ihre Hinweise auch per E-Mail unter&nbsp;<a href=\"mailto:pifrankenthal@polizei.rlp.de\">pifrankenthal@polizei.rlp.de<\/a>&nbsp;entgegen.<\/p>\n\n\n\n<h2 class=\"wp-block-heading\">(Ludwigshafen) &#8211; Unfall in der Leuschnerstra\u00dfe<\/h2>\n\n\n\n<p>An der Kreuzung Leuschnerstra\u00dfe\/Liebigstra\u00dfe kollidierten am Sonntag (27.06.2021, 15 Uhr) zwei Autos. Beide Unfallbeteiligten, eine 36-J\u00e4hrige und ein 20-J\u00e4hriger, wurden hierbei leicht verletzt. Es entstand ein Sachschaden von insgesamt etwa 6.000 Euro. Beide Autos waren nicht mehr fahrbereit und mussten abgeschleppt werden.<\/p>\n\n\n\n<h2 class=\"wp-block-heading\">(Ludwigshafen) &#8211; 10.000 Euro Schaden<\/h2>\n\n\n\n<p>Ein Sachschaden von etwa 10.000 Euro ist das Resultat eines Unfalls am 27.06.2021, gegen 11:15 Uhr, in der Saarlandstra\u00dfe. Eine 45-J\u00e4hrige war an einer roten Ampel auf einen 67-j\u00e4hrgen Motorradfahrer aufgefahren. Dieser st\u00fcrzte in der Folge des Zusammensto\u00dfes. Er wurde zur Abkl\u00e4rung etwaiger Verletzungen in ein Krankenhaus verbracht.<\/p>\n\n\n\n<h2 class=\"wp-block-heading\">(Ludwigshafen) &#8211; Besch\u00e4digte Eingangst\u00fcr an einer B\u00e4ckerei<\/h2>\n\n\n\n<p>Unbekannte T\u00e4ter besch\u00e4digten im Zeitraum zwischen Samstag, 26.06.2021, 20 Uhr und Sonntag, 27.06.2021, 01:29 Uhr die Personaleingangst\u00fcr einer B\u00e4ckerei in der Leuschnerstra\u00dfe. Durch die Tat wurde die doppelverglaste T\u00fcr teilweise besch\u00e4digt und die erste Schicht zerbrochen. Hierbei entstand ein wirtschaftlicher Schaden von circa 400 EUR. In diesem Zusammenhang sucht die Polizei nach Zeugen, die im Tatzeitraum Wahrnehmungen im Bereich der Leuschnerstra\u00dfe\/B\u00fcrgerstra\u00dfe machen konnten. Hinweise nimmt die Polizei in Ludwigshafen unter der Telefonnummer 0621-963-2222 entgegen.<\/p>\n\n\n\n<h2 class=\"wp-block-heading\">(Ludwigshafen) &#8211; Gef\u00e4hrliche K\u00f6rperverletzung am Berliner Platz<\/h2>\n\n\n\n<p>Am sp\u00e4ten Samstagabend, den 26.06.2021 gegen 23:00 Uhr, kam es am Berliner Platz in Ludwigshafen am Rhein zu einer gef\u00e4hrlichen K\u00f6rperverletzung. Ein 32 &#8211; J\u00e4hriger aus Neuhofen wartete zusammen mit seiner Frau an der Bushaltestelle. Pl\u00f6tzlich kam ein Fahrradfahrer auf das Ehepaar zugefahren und schlug dem 32 &#8211; J\u00e4hrigen unvermittelt eine Tasche in das Gesicht. Danach stieg er wieder auf sein Fahrrad und fuhr unerkannt davon. Durch den Schlag erlitt der 32 &#8211; J\u00e4hrige mehrere Kratzer an der linken Gesichtsh\u00e4lfte. Der Gesch\u00e4digte gab gegen\u00fcber Beamten der PI Ludwigshafen 1 an, den Beschuldigten nicht zu kennen. Der unbekannte T\u00e4ter konnte auch nach einer intensiven Fahndung nicht mehr angetroffen werden. <\/p>\n\n\n\n<h4 class=\"wp-block-heading\">Es handelte sich um:<\/h4>\n\n\n\n<ul><li><strong>einen Mann <\/strong><\/li><li><strong>mit einem roten Fahrrad, <\/strong><\/li><li><strong>einer schwarzen Kappe und einem roten T-Shirt. <\/strong><\/li><\/ul>\n\n\n\n<p>Zeugen, die Hinweise auf den gesuchten Mann geben k\u00f6nnen, werden gebeten, sich mit der Polizeiinspektion Ludwigshafen 1, Beethovenstra\u00dfe 36, 67061 Ludwigshafen, 0621\/963-2122,&nbsp;<a href=\"mailto:piludwigshafen1@polizei.rlp.de\">piludwigshafen1@polizei.rlp.de<\/a>, in Verbindung zu setzen.<\/p>\n\n\n\n<h2 class=\"wp-block-heading\">(Ludwigshafen) &#8211; Sachbesch\u00e4digung am PKW<\/h2>\n\n\n\n<p>Am Samstag, 26.06.2021 kam es in der Zeit zwischen 20:00 Uhr und 22:18 Uhr zu einer Sachbesch\u00e4digung an einem PKW BMW X5. Unbekannte T\u00e4ter besch\u00e4digten mittels Stahlkugeln sowohl die Heckscheibe, als auch den Kofferraumdeckel des Fahrzeugs. Die Kugeln wurden vermutlich mittels einer Schleuder auf das geparkte Fahrzeug geschleudert. Durch die Tat entstand ein wirtschaftlicher Schaden von etwa 2000 EUR. In diesem Zusammenhang sucht die Polizei nach Zeugen, die Wahrnehmungen im genannten Zeitraum in der Poststra\u00dfe, im Ludwigshafener Stadtteil Oggersheim machen k\u00f6nnen. Zeugen des Vorfalls werden gebeten sich bei der Polizeiinspektion 2 unter der Rufnummer 0621-963.-2222 zu melden.<\/p>\n\n\n\n<h2 class=\"wp-block-heading\">(Ludwigshafen) &#8211; Verkehrsunfallaufnahme mit \u00dcberraschungen<\/h2>\n\n\n\n<p>Am Samstagmittag, den 26.06.2021 gegen 15:30 Uhr, kam es in der Maudacher Stra\u00dfe in Ludwigshafen am Rhein zu einem Verkehrsunfall. Ein 26 &#8211; J\u00e4hriger aus Ludwigshafen fuhr mit seinem Auto zusammen mit einem Freund auf ein dortiges Tankstellengel\u00e4nde. Nachdem der Beifahrer vom Verkaufsshop zur\u00fcckkehrte, fuhr der 26 &#8211; J\u00e4hrige los. Dabei fuhr er r\u00fcckw\u00e4rts gegen einen Aufsteller und einen M\u00fclleimer der Tankstelle. Durch den Zusammensto\u00df entstand ein Schaden von 1.000 Euro. Im Rahmen der Unfallaufnahme stellten die Beamten fest, dass es sich bei dem, durch den Fahrer ausgeh\u00e4ndigten F\u00fchrerschein um eine Totalf\u00e4lschung handelt. Der 26 &#8211; J\u00e4hrige gab hierauf an, dass er seinen urspr\u00fcnglichen F\u00fchrerschein verloren habe. Deshalb habe er einen Freund beauftragt, ihm einen neuen F\u00fchrerschein zu besorgen. Der 26 &#8211; J\u00e4hrige war davon \u00fcberzeugt, dass es sich um einen echten F\u00fchrerschein handelt. Da auch der Beifahrer nicht im Besitz eines F\u00fchrerscheins war, wurde die Weiterfahrt untersagt. F\u00fchrerschein und Fahrzeugschl\u00fcssel wurden sichergestellt. Gegen den 26 &#8211; J\u00e4hrigen wird nun, neben den Kosten des Verkehrsunfalls, strafrechtlich ermittelt.<\/p>\n\n\n\n<h2 class=\"wp-block-heading\">(Ludwigshafen) &#8211; Verkehrsunfall mit hohem Sachschaden<\/h2>\n\n\n\n<p>Zu einem Verkehrsunfall mit hohem Sachschaden kam es am Samstagvormittag in der Ernst-Eiselen-Stra\u00dfe in Ludwigshafen. Die Lenkerin eines PKW BMW befuhr die Ernst-Eiselen-Stra\u00dfe und wollte vor Ort in eine Garage einparken. Hierbei touchierte sie eine Stra\u00dfenlaterne und kollidierte mit einem Carport. Die PKW-Lenkerin wurde bei dem Verkehrsunfall nicht verletzt. Es entstand ein wirtschaftlicher Schaden von circa 50.000 EUR.<\/p>\n\n\n\n<h2 class=\"wp-block-heading\">(Ludwigshafen) &#8211; Unfall verursacht und abgehauen<\/h2>\n\n\n\n<p>Am 26.06.2021 erschien ein 47-J\u00e4hriger bei der Polizeiinspektion Ludwigshafen 1 und meldete eine Verkehrsunfallflucht. Er sei gegen 10:30 Uhr die Bliesstra\u00dfe in Richtung Damaschkestra\u00dfe entlanggefahren, als ihm ein Auto auf seiner Fahrbahn entgegenkommen sei. Der 47-j\u00e4hrige hatte daraufhin ausweichen m\u00fcssen, um einen Zusammensto\u00df zu verhindern. Dabei sei er mit seinem Auto gegen einen niedrigen Poller gefahren. Sein Auto sei hierdurch besch\u00e4digt worden. Der Schaden wird auf 500 Euro gesch\u00e4tzt. Die Fahrerin oder der Fahrer des ihm entgegenkommenden Autos fuhr einfach weiter. Es soll sich um ein dunkles Fahrzeug gehandelt haben. Weitere Angaben konnte der 47-J\u00e4hrige nicht machen. Die Polizeiinspektion Ludwigshafen 1 bittet deswegen Zeuginnen und Zeugen des Vorfalls sich zu melden. Sachdienliche Hinweise werden unter Telefonnummer 0621 963-2122 oder per E-Mail&nbsp;<a href=\"mailto:piludwigshafen1@polizei.rlp.de\">piludwigshafen1@polizei.rlp.de<\/a>&nbsp;entgegengenommen.<\/p>\n\n\n\n<h2 class=\"wp-block-heading\">(Mannheim) &#8211; Gelbe Wolke zieht \u00fcber Mannheim hinweg<\/h2>\n\n\n\n<div class=\"wp-block-image\"><figure class=\"aligncenter size-large\"><img decoding=\"async\" loading=\"lazy\" width=\"800\" height=\"511\" src=\"https:\/\/speyer24news.com\/wp-content\/uploads\/2021\/06\/206656085_4121529581217629_3760467971746148798_n.jpg\" alt=\"\" class=\"wp-image-38379\" srcset=\"https:\/\/speyer24news.com\/wp-content\/uploads\/2021\/06\/206656085_4121529581217629_3760467971746148798_n.jpg 800w, https:\/\/speyer24news.com\/wp-content\/uploads\/2021\/06\/206656085_4121529581217629_3760467971746148798_n-300x192.jpg 300w, https:\/\/speyer24news.com\/wp-content\/uploads\/2021\/06\/206656085_4121529581217629_3760467971746148798_n-768x491.jpg 768w\" sizes=\"(max-width: 800px) 100vw, 800px\" \/><\/figure><\/div>\n\n\n\n<p>Am Montag gegen 20:30 Uhr meldeten mehrere Anrufer eine gelbe Wolke \u00fcber Mannheim. Nach R\u00fccksprache mit der Berufsfeuerwehr Mannheim und den beteiligten Dienststellen in Rheinland-Pfalz, konnte schnell Entwarnung gegeben werden. Es wurde folgender Sachverhalt bekannt: Durch den Austritt von Nitrosegasen, aus einer Anlage der BASF in Ludwigshafen, war eine gelbe Wolke in einer H\u00f6he von ca. 300 Metern \u00fcber die n\u00f6rdliche Mannheimer Stadtgrenze in Richtung Lampertheim und den hessischen Odenwald hinweggezogen. <\/p>\n\n\n\n<div class=\"wp-block-image\"><figure class=\"aligncenter size-large\"><img decoding=\"async\" loading=\"lazy\" width=\"800\" height=\"635\" src=\"https:\/\/speyer24news.com\/wp-content\/uploads\/2021\/06\/205704247_4121528867884367_2874887614018028303_n.jpg\" alt=\"\" class=\"wp-image-38380\" srcset=\"https:\/\/speyer24news.com\/wp-content\/uploads\/2021\/06\/205704247_4121528867884367_2874887614018028303_n.jpg 800w, https:\/\/speyer24news.com\/wp-content\/uploads\/2021\/06\/205704247_4121528867884367_2874887614018028303_n-300x238.jpg 300w, https:\/\/speyer24news.com\/wp-content\/uploads\/2021\/06\/205704247_4121528867884367_2874887614018028303_n-768x610.jpg 768w\" sizes=\"(max-width: 800px) 100vw, 800px\" \/><\/figure><\/div>\n\n\n\n<p>Nach Mitteilung der Feuerwehr bestand zu keinem Zeitpunkt eine Gefahr f\u00fcr die Bev\u00f6lkerung. Die Feuerwehr konnte einen weiteren Austritt des Stoffes unterbinden.<\/p>\n\n\n\n<h2 class=\"wp-block-heading\">(Mannheim \/ A 656) &#8211; Gl\u00fcck im Ungl\u00fcck \/ Motorradfahrer bei Unfall trotz fehlender Schutzkleidung nicht schwerer verletzt<\/h2>\n\n\n\n<p>Am Sonntagnachmittag gegen 15:10 Uhr wurde ein Verkehrsunfall auf der BAB 656 in Fahrtrichtung Mannheim zwischen der Anschlussstelle Seckenheim und dem Autobahnkreuz Mannheim gemeldet. Nach bisherigen Ermittlungen war der 28-j\u00e4hrige Fahrer eines Motorrades der Marke Suzuki an der Anschlussstelle Mannheim-Seckenheim auf die BAB 656 in Fahrtrichtung Mannheim aufgefahren. Vermutlich aufgrund nicht angepasster Geschwindigkeit in Verbindung mit einem Fahrfehler, verlor er kurz darauf die Kontrolle \u00fcber sein Motorrad und kam zu Fall. Der Motorradfahrer, der lediglich mit T-Shirt und kurzer Hose bekleidet war, hatte hierbei gro\u00dfes Gl\u00fcck im Ungl\u00fcck. Er trug bei dem Sturz lediglich Sch\u00fcrfwunden und den Verdacht auf eine Sprunggelenksfraktur davon und wurde zur weiteren Behandlung in eine Mannheimer Klinik eingeliefert. Die Autobahnpolizei Mannheim hat die Ermittlungen aufgenommen. Der Schaden an Fahrzeug und Schutzplanke wird auf ca. 4000 Euro gesch\u00e4tzt.<\/p>\n\n\n\n<h2 class=\"wp-block-heading\">(Mannheim-Neckarstadt) &#8211; Mann tritt gegen geparktes Auto<\/h2>\n\n\n\n<p>Ein Unbekannter hat im Zeitraum zwischen Freitag, 9 und 17.45 Uhr, mit Barfu\u00dfschuhen gegen die Beifahrerseite eines Mercedes-Benz SLK mit Heidelberger Kennzeichen getreten. Der Wagen war ordnungsgem\u00e4\u00df in der Dammstra\u00dfe in Mannheim-Neckarstadt im Bereich der Einm\u00fcndung zum Alten Me\u00dfplatz geparkt. Der Kotfl\u00fcgel hinten rechts und die Beifahrert\u00fcr sind eingedellt. Der Schaden betr\u00e4gt rund 2000 Euro. Das Polizeirevier Mannheim-Neckarstadt ermittelt nun wegen Sachbesch\u00e4digung und bittet um Hinweise unter Telefon 0621\/3301-0.<\/p>\n\n\n\n<h2 class=\"wp-block-heading\">(A 656 \/ MA-Hochst\u00e4tt) &#8211; Alleinbeteiligt von Fahrbahn abgekommen und mehrfach \u00fcberschlagen<\/h2>\n\n\n\n<h3 class=\"has-text-align-center wp-block-heading\">Pressemitteilung Nr. 2<\/h3>\n\n\n\n<p>Am Sonntagmorgen gegen 02.00 Uhr kam es auf der BAB 656 in Fahrtrichtung Heidelberg, auf H\u00f6he des MVV Reitstadions, zu einem Verkehrsunfall bei welchem der Fahrzeugf\u00fchrer des verunfallten Pkw verletzt wurde. Der 54-j\u00e4hrige Fahrer eines Daimlerchrysler befuhr den rechten Fahrstreifen der BAB 656 von Mannheim kommend in Richtung AK Mannheim. Unmittelbar nach der AS MA-Neckarau kam er vermutlich aufgrund des \u00fcberm\u00e4\u00dfigen Genusses alkoholischer Getr\u00e4nke ins Schleudern und fuhr unvermittelt gegen die linksseitigen Leitplankenelemente. Hier wurde sein Fahrzeug, ein CLK 200, abgewiesen und schleuderte im weiteren Verlauf \u00fcber alle Fahrstreifen, ca. 150m in das rechts neben der BAB befindliche Feld. Durch die Berufsfeuerwehr Mannheim wurde zur Bergung des verletzten Mannes das Fahrzeugdach des CLK mit schwerem Werkzeug abgetrennt. Der 54-J\u00e4hrige wurde nach erfolgter Erstversorgung an der Unfallstelle mit einem Rettungswagen und unter Begleitung eines Notarztes in ein umliegendes Krankenhaus eingeliefert. Lebensgefahr bestand nicht. Art und Schwere der erlittenen Verletzungen sind derzeit noch nicht bekannt. An dem verunfallten Fahrzeug entstand Totalschaden in H\u00f6he von ca. 10.000 Euro. Zur Bergung des Fahrzeuges mussten der rechte und mittlere Fahrstreifen kurzzeitig gesperrt werden. Zu nennenswerten Verkehrsbehinderung kam es w\u00e4hrend der Unfallaufnahme durch die Kollegen des Verkehrsdienstes Mannheim, Verkehrsgruppe Bundesautobahn, jedoch nicht. Dem Unfallverursacher wurde eine Blutprobe entnommen. Sein F\u00fchrerschein wurde beschlagnahmt. Ihn erwartet eine Anzeige wegen Trunkenheit im Stra\u00dfenverkehr.<\/p>\n\n\n\n<h2 class=\"wp-block-heading\">(Mannheim-Rheinau) &#8211; Unfallflucht mit schwer verletztem Fahrradfahrer \/ Zeugen dringend gesucht<\/h2>\n\n\n\n<p>Bei einem Verkehrsunfall am Sonntagnachmittag wurde ein 60-j\u00e4hriger Fahrradfahrer schwer verletzt.<\/p>\n\n\n\n<p>Der Mann war zwischen 15 Uhr und 17 Uhr mit dem Fahrrad von Leimen zum Rheinausee nach Mannheim unterwegs. Auf dem Weg dorthin nahm ihm, vermutlich im Bereich Schwetzingen, ein unbekannter Autofahrer die Vorfahrt. Beim Ausweichen kam der 60-J\u00e4hrige zu Fall und st\u00fcrzte auf die Fahrbahn. Dabei bekam er offensichtlich den Lenker in den Bauch und schlug mit dem Kopf auf der Fahrbahn auf. Der Radfahrer setzte seinen Weg zun\u00e4chst fort und gelangte auch an den See, wo er auf Bekannte traf. Diese bemerkten seine Verletzungen und brachten ihn umgehend nach Hause. Da sich sein Zustand immer weiter verschlechterte, verst\u00e4ndigte die Ehefrau des Verunfallten den Rettungsdienst und die Polizei. Der 60-J\u00e4hrige wurde zur Behandlung in ein Krankenhaus gebracht. \u00dcber dessen Verletzungen und seinen Gesundheitszustand liegen keine weiteren Informationen vor.<\/p>\n\n\n\n<p>Da die genaue Unfall\u00f6rtlichkeit und der Unfallhergang derzeit noch unklar sind, sucht die Polizei Zeugen, die auf einen Zusammensto\u00df zwischen einem Fahrradfahrer und einem Pkw, vermutlich im Bereich Schwetzingen, aufmerksam geworden sind und sachdienliche Hinweise geben k\u00f6nnen. Diese werden gebeten, sich bei der Verkehrspolizei Mannheim, Tel.: 0621\/174-4222 zu melden.<\/p>\n\n\n\n<h2 class=\"wp-block-heading\">(Mannheim-Vogelstang) &#8211; Radfahrer bei Unfall mit Linienbus schwer verletzt<\/h2>\n\n\n\n<h3 class=\"has-text-align-center wp-block-heading\">Erstmeldung<\/h3>\n\n\n\n<p>Bei einem Unfall mit einem Radfahrer und einem Linienbus ist Montagmorgen im Bereich der Bushaltestelle Vogelstang Zentrum, Gerarer Ring, ein Radfahrer schwer verletzt worden. Wie es zu dem Unfall kam und wie es genau dem Mann geht, ist derzeit noch unklar. Die Einsatzkr\u00e4fe sind vor Ort. Die Ermittlungen laufen.<\/p>\n\n\n\n<h2 class=\"wp-block-heading\">(Mannheim-Vogelstang) &#8211; Radfahrer bei Unfall mit Linienbus schwer verletzt<\/h2>\n\n\n\n<h3 class=\"has-text-align-center wp-block-heading\">Pressemeldung Nr. 2<\/h3>\n\n\n\n<p>Wie bereits berichtet, wurde am Montagmorgen ein Fahrradfahrer bei einem Zusammensto\u00df mit einem Linienbus schwer verletzt. Der 56-j\u00e4hrige Radfahrer \u00fcberquerte gegen 7.15 Uhr an der Stra\u00dfenbahnhaltestelle &#8222;Vogelstang-Center&#8220; an der Fu\u00dfg\u00e4ngerquerung die Gleise der Stra\u00dfenbahn. Dabei wurde er von einem ebenfalls dort verkehrenden Linienbus erfasst und st\u00fcrzte zu Boden. Er zog sich hierbei schwere Verletzungen an Kopf und Oberk\u00f6rper zu. Er wurde zur Behandlung in ein Krankenhaus eingeliefert. Nach Auskunft der \u00c4rzte ist sein Zustand ernst. Nach ersten Erkenntnissen hatte der Mann keinen Fahrradhelm getragen.<\/p>\n\n\n\n<p>Die Fahrerin des Busses kam mit dem Schrecken davon und blieb unverletzt. Fahrg\u00e4ste des Busses kamen ebenfalls nicht zu Schaden.<\/p>\n\n\n\n<p>Der Busverkehr auf der betroffenen Linie war w\u00e4hrend der Unfallaufnahme bis ca. 8.30 Uhr unterbrochen.<\/p>\n\n\n\n<p>Die weiteren Ermittlungen der Unfallspezialisten bei der Verkehrspolizei Mannheim dauern an.<\/p>\n\n\n\n<h2 class=\"wp-block-heading\">(Mannheim \/ Heidelberg \/ Rhein-Neckar-Kreis) &#8211; Polizeiliche Bilanz des Wochenendes 25.\/26.\/27 Juni 2021; Kr\u00e4fte der Polizei stark im Einsatz<\/h2>\n\n\n\n<div class=\"wp-block-image\"><figure class=\"aligncenter size-large\"><img decoding=\"async\" loading=\"lazy\" width=\"678\" height=\"381\" src=\"https:\/\/speyer24news.com\/wp-content\/uploads\/2021\/04\/Polizei-678x381.jpg\" alt=\"\" class=\"wp-image-35265\" srcset=\"https:\/\/speyer24news.com\/wp-content\/uploads\/2021\/04\/Polizei-678x381.jpg 678w, https:\/\/speyer24news.com\/wp-content\/uploads\/2021\/04\/Polizei-678x381-300x169.jpg 300w\" sizes=\"(max-width: 678px) 100vw, 678px\" \/><\/figure><\/div>\n\n\n\n<p>Auch dieses Wochenende war die Polizei wieder im Rahmen des eigens erarbeiteten Polizeikonzepts &#8222;Brennpunkte Sommer 2021&#8220; mit zus\u00e4tzlichen und flexibel einsetzbaren Kr\u00e4ften im gesamten Zust\u00e4ndigkeitsbereich unterwegs. W\u00e4hrend es von Freitag auf Samstag in Heidelberg, Mannheim und dem Rhein-Neckar-Kreis witterungsbedingt vergleichsweise ruhig blieb, war die Polizei von Samstag auf Sonntag stark gefordert. Gerade stark alkoholisierte, teils sehr aggressive Personen forderten die Polizei auf der Heidelberger Neckarwiese und in der Heidelberger Altstadt sowie in Mannheim an der Wasserturmanlage sehr. Mehrfach gelang es nur mit massiver polizeilicher Pr\u00e4senz und konsequenter Intervention Schlimmeres zu verhindern. Dennoch kam es zu \u00fcblen Beleidigungen, Schm\u00e4hungen und Angriffen wie Flaschenw\u00fcrfe gegen\u00fcber Polizeibeamten, Solidarisierungen mit Festgenommenen und dem Abbrennen von Pyrotechnik.<\/p>\n\n\n\n<p>Im Einzelnen:<\/p>\n\n\n\n<h4 class=\"wp-block-heading\">Heidelberg<\/h4>\n\n\n\n<p>Freitagabend war die Neckarwiese witterungsbedingt nur m\u00e4\u00dfig besucht, sie war bereits vor 00.00 Uhr nahezu menschenleer. Die Heidelberger Altstadt war insbesondere rund um die Untere Stra\u00dfe sehr gut besucht. Hier drohte nach Mitternacht die Stimmung von einzelnen Personen immer wieder zu kippen. Durch viel polizeiliche Pr\u00e4senz und Kommunikation gelang es viele Situationen zu entsch\u00e4rfen. Dennoch kam es gegen\u00fcber Polizeibeamten vereinzelt zu Provokationen und einem Flaschenwurf sowie einer K\u00f6rperverletzung um 02.30 Uhr im Bereich Neckarstaden durch sechs bislang fl\u00fcchtige Personen sowie einer weiteren Schl\u00e4gerei an selber \u00d6rtlichkeit, an der zehn Personen beteiligt waren. Das Polizeirevier Heidelberg Mitte hat die Ermittlungen aufgenommen.<\/p>\n\n\n\n<p>Deutlich zugespitzt war die Lage am Samstag. Sowohl die Neckarwiese als auch die Heidelberger Altstadt waren sehr gut besucht. Auf der Heidelberger Neckarwiese fanden sich bis 21.30 Uhr bis zu 1.500 Personen ein, von denen ca. 100 zunehmend aggressiv und alkoholisiert waren. Da sie Pyrotechnik z\u00fcndeten und gegen\u00fcber den Einsatzkr\u00e4ften mit Schm\u00e4hrufen skandierten, musste gegen 22 Uhr die Neckarwiese ger\u00e4umt werden. Hierzu wurde die sog. &#8222;Stresserbeleuchtung&#8220; eingeschaltet und eine Vielzahl an Polizeibeamten hinzugezogen. W\u00e4hrend der R\u00e4umung, die bis 23.30 Uhr beendet war, kam es zu Flaschenw\u00fcrfen und \u00fcblen Beleidigungen gegen\u00fcber den Polizeikr\u00e4ften. Eine Person wurde wegen Beleidung festgenommen. Au\u00dferdem wird wegen der Flaschenw\u00fcrfe ermittelt.<\/p>\n\n\n\n<p>Nach Mitternacht fanden sich rund 100 Personen um den Bismarckparkplatz ein, die ebenfalls \u00e4u\u00dferst aggressiv und beleidigend waren. Mit starker Polizeipr\u00e4senz konnten Straftaten, insb. Sachbesch\u00e4digungen und K\u00f6rperverletzungen verhindert und die Personen zum Verlassen der \u00d6rtlichkeit bewegt werden.<\/p>\n\n\n\n<p>Die Untere Stra\u00dfe war nach der R\u00e4umung der Neckarwiese mit ca. 1000 Personen sehr gut besucht. Die Corona-Regeln konnten schon aufgrund des hohen Personenaufkommens und des begrenzt zur Verf\u00fcgung stehenden Platzes nicht eingehalten werden. Aufgrund der aufgeheizten Grundstimmung und um eine Eskalation der Lage zu verhindern, wurde zun\u00e4chst auf eine R\u00e4umung verzichtet.<\/p>\n\n\n\n<p>Gegen 00:40 Uhr wurde im Bereich der Heidelberger Hauptstra\u00dfe ein Polizeibeamter beleidigt. Bei der Personalienfeststellung solidarisierten sich Personen in der Form, dass der Abtransport des Festgenommenen nur mit einer Polizeikette gelang. Die Polizeikr\u00e4fte mussten aufgrund der Gegenwehr Schutzhelme tragen und vereinzelt auch den Schlagstock einsetzen.<\/p>\n\n\n\n<p>Gegen 01.15 Uhr musste im Bereich der Heiliggeistkirche ebenfalls mit einer Polizeikette ger\u00e4umt werden, um Ausschreitungen zu verhindern. Hier hatte sich eine ca. 200-k\u00f6pfige Personengruppe gebildet, die sehr aggressiv und gr\u00f6\u00dftenteils stark alkoholisiert war und Schm\u00e4hrufe skandierte. Eine weitere Person wurde in diesem Zusammenhang wegen \u00fcbler Beleidigung festgenommen.<\/p>\n\n\n\n<p>Kurze Zeit sp\u00e4ter wurden auf der Alten Br\u00fccke 200 bis 300 Personen festgestellt, die ausufernd Alkohol konsumierten. Die \u00d6rtlichkeit wurde ebenfalls ger\u00e4umt.<\/p>\n\n\n\n<p>Erst in den fr\u00fchen Morgenstunden zog in die Altstadt Ruhe ein.<\/p>\n\n\n\n<h4 class=\"wp-block-heading\">Mannheim<\/h4>\n\n\n\n<p>Freitagabend war kein besonders hohes Personenaufkommen im Stadtgebiet Mannheim festzustellen. Der Gastst\u00e4ttenbereich des Stadtteils Jungbusch war hingegen gut besucht. Um das bestehende Alkoholverbot durchzusetzen und die Nachtruhe zu gew\u00e4hrleisten, mussten Polizeibeamte ab 01.15 Uhr gezielt Besucher und Gastst\u00e4ttenbetreiber ansprechen.<\/p>\n\n\n\n<p>Am Samstagabend lockten die sommerlichen Temperaturen viele B\u00fcrgerinnen und B\u00fcrger ins Freie. Auf der Neckarwiese waren am fr\u00fchen Abend ca. 500 Personen mit lauter Musik und in ausgelassener Partystimmung versammelt. Die Au\u00dfenbewirtschaftung im Jungbusch war zu 100% ausgelastet, auf dem Quartiersplatz hielten sich gr\u00f6\u00dfere, teils stark alkoholisierte Personengruppen auf. Am Strandbad waren ca. 100 Personen festzustellen. Alle Personen reagierten &#8211; sofern erforderlich &#8211; auf polizeiliche Ansprache. Zu besonderen Vorkommnissen kam es nicht.<\/p>\n\n\n\n<p>Nach dem Ende des Achtelfinalspiels der Fu\u00dfballeuropameisterschaft gegen 23.30 Uhr bildete sich am Wasserturm ein Autokorso mit ca. 500 Fahrzeugen. Zus\u00e4tzlich versammelten sich dort ca. 800 Personen um den Mannschaftssieg zu feiern. Um die Verkehrssituation zu regeln, musste der Friedrichsring zwischen der Fressgasse und der Kunststra\u00dfe zeitweise gesperrt werden. Au\u00dferdem wurden zus\u00e4tzlich relevante Zufahrtstra\u00dfen in die Mannheim Innenstadt kurzfristig gesperrt, um einen weiteren Zustrom zu verhindern. Ab ca. 00:30 Uhr spitzte sich die Situation an der Wasserturmanlage noch einmal zu. Es wurde Pyrotechnik abgebrannt und Polizeikr\u00e4fte mit Getr\u00e4nkebechern und Flaschen beworfen. Hierbei wurde ein Polizeibeamter leicht verletzt. Drei Personen versuchten den abgesperrten Wasserturm zu besteigen. Ihnen wurde ein Platzverweis erteilt. Au\u00dferdem werden sie wegen Hausfriedensbruch angezeigt. In der Folge beruhigte sich die Lage und die Personenansammlung l\u00f6ste sich auf.<\/p>\n\n\n\n<h2 class=\"wp-block-heading\">(Heidelberg-Altstadt) &#8211; Unfallflucht mit entwendetem Auto \/ Polizei sucht Zeugen<\/h2>\n\n\n\n<p>In der Nacht von Samstag auf Sonntag entwendete ein unbekannter T\u00e4ter zun\u00e4chst in der Altstadt einen Audi Q 7, verursachte mit diesem einen Verkehrsunfall und fl\u00fcchtete anschlie\u00dfend unerlaubt von der Unfallstelle.<\/p>\n\n\n\n<p>Der Gesch\u00e4digte stellte seinen Audi Q 7 am Samstagabend gegen 16 Uhr auf dem Marsiliusplatz in der Heidelberger Altstadt ab. Als er in der Nacht gegen 1.30 Uhr zum Abstellort zur\u00fcckkehrte, stellte er fest, dass sein Fahrzeug verschwunden war.<\/p>\n\n\n\n<p>In der Zwischenzeit erstattete ein Verkehrsteilnehmer Anzeige wegen Unfallflucht. Er hatte sein Fahrzeug gegen 21 Uhr auf dem Marsiliusplatz abgestellt. Beireits beim Einparken seines Mercedes war dem Gesch\u00e4digten aufgefallen, dass bei dem Audi, neben dem er parkte, der Motor lief und das Licht eingeschaltet war, es sich jedoch niemand im Fahrzeug befand. Als er kurz vor ein Uhr zur\u00fcckkehrte, bemerkte er, dass der Audi nun weg war und sein Fahrzeug Besch\u00e4digungen aufwies.<\/p>\n\n\n\n<p>Am Sonntagnachmittag wurde durch Mitarbeiter des Kommunalen Ordnungsdienstes der Stadt Heidelberg der unfallbesch\u00e4digte Audi in der Stra\u00dfe &#8222;Im Unteren Faulen Pelz&#8220; verbotswidrig geparkt aufgefunden. Das Fahrzeug wurde daraufhin sichergestellt.<\/p>\n\n\n\n<p>Die weiteren Ermittlungen bez\u00fcglich des Diebstahls und der Unfallflucht dauern derzeit noch an. Zeugen, denen in der Nacht von Samstag auf Sonntag der Audi Q 7 mit M-Kennzeichen aufgefallen ist und die sachdienliche Hinweise zu dessen Fahrer geben k\u00f6nnen, werden gebeten, sich beim Kriminaldauerdienst der Kriminalpolizeidirektion Heidelberg, Tel.: 0621\/174-4444 zu melden.<\/p>\n\n\n\n<h2 class=\"wp-block-heading\">(Heidelberg-Neuenheim) &#8211; Schwimmende Person aus dem Neckar geborgen<\/h2>\n\n\n\n<p>Gegen 04:00 Uhr wurde am Sonntagmorgen durch Zeugen mitgeteilt, dass eine Frau im Neckar schwimmen w\u00fcrde. Durch sofort eingeleitete Suchma\u00dfnahmen konnten schlie\u00dflich zwei im Neckar treibende Personen gesichtet werden. Der Mann konnte sich selbstst\u00e4ndig ans Ufer retten, er hatte versucht der Frau zu helfen. Gemeinsam mit einem mittlerweile eingetroffenen Rettungsschwimmer der DLRG, entschloss sich ein Beamter vom Revier Heidelberg-Nord, einen neuen Rettungsversuch zu unternehmen. Den beiden gelang es die Frau zu erreichen und sie auf H\u00f6he des Volleyballfeldes auf den Neckarwiesen, ans Ufer zu bringen. Da sie stark unterk\u00fchlt war und sich in einer psychischen Ausnahmesituation befand, wurde die Frau ins nahegelegene Krankenhaus zur Versorgung gebracht. Die Hintergr\u00fcnde, warum die Frau im Wasser war, sind bisher noch unklar.<\/p>\n\n\n\n<h2 class=\"wp-block-heading\">(Heidelberg-Kirchheim) &#8211; Abgeschlossenes Mountainbike gestohlen \/ Polizei sucht Zeugen<\/h2>\n\n\n\n<div class=\"wp-block-image\"><figure class=\"aligncenter size-large\"><img decoding=\"async\" loading=\"lazy\" width=\"800\" height=\"602\" src=\"https:\/\/speyer24news.com\/wp-content\/uploads\/2021\/06\/Mountainbike.jpg\" alt=\"\" class=\"wp-image-38381\" srcset=\"https:\/\/speyer24news.com\/wp-content\/uploads\/2021\/06\/Mountainbike.jpg 800w, https:\/\/speyer24news.com\/wp-content\/uploads\/2021\/06\/Mountainbike-300x226.jpg 300w, https:\/\/speyer24news.com\/wp-content\/uploads\/2021\/06\/Mountainbike-768x578.jpg 768w, https:\/\/speyer24news.com\/wp-content\/uploads\/2021\/06\/Mountainbike-678x509.jpg 678w, https:\/\/speyer24news.com\/wp-content\/uploads\/2021\/06\/Mountainbike-326x245.jpg 326w, https:\/\/speyer24news.com\/wp-content\/uploads\/2021\/06\/Mountainbike-80x60.jpg 80w\" sizes=\"(max-width: 800px) 100vw, 800px\" \/><\/figure><\/div>\n\n\n\n<p>Ein in etwa der Mitte der Unteren Seegasse in Heidelberg-Kirchheim abgestelltes Mountainbike ist im Zeitraum zwischen Freitag, 14.30 Uhr, und Sonntag, 16 Uhr, gestohlen worden. Das Rad war abgeschlossen. Es handelt sich um ein Mountainbike, 27,5 Zoll, der Marke Grecos, Typ Wild Crossover 650, in der Farbe Limettengr\u00fcn. Der Schaden betr\u00e4gt rund 350 Euro. Der Anzeigenerstatterin war in diesem Zeitraum in der Gegend ein Mann aufgefallen, der auf einem schwarzroten, zu kleinen Mountainbike unterwegs gewesen war. Auff\u00e4llig sei gewesen, dass er unter die Planen von abgedeckten Motorr\u00e4dern gesehen habe. <\/p>\n\n\n\n<h4 class=\"wp-block-heading\">Er wird wie folgt beschrieben: <\/h4>\n\n\n\n<ul><li><strong>30 bis 40 Jahre alt<\/strong><\/li><li><strong>etwa 1,70 Meter gro\u00df<\/strong><\/li><li><strong>normale Statur<\/strong><\/li><li><strong>braune, glatte, mittellange Haare<\/strong><\/li><li><strong>rundliches Gesucht<\/strong><\/li><li><strong>Drei-Tage Bart<\/strong><\/li><li><strong>braun gebrannt<\/strong><\/li><li><strong>braune Augen <\/strong><\/li><li><strong>er trug ein schwarzes T-Shirt, schwarze Jogginghose und schwarze Badelatschen<\/strong><\/li><\/ul>\n\n\n\n<p>Das Polizeirevier Heidelberg-S\u00fcd hat die Ermittlungen aufgenommen und bittet Zeugen um Hinweise unter Telefon 06221\/3418-0.<\/p>\n\n\n\n<h2 class=\"wp-block-heading\">(Plankstadt \/ Rhein-Neckar-Kreis) &#8211; Jugendliche randalieren in Baumlehrpfad \/ Zeugen gesucht<\/h2>\n\n\n\n<p>Eine Unbekannter oder mehrere Unbekannte haben am Freitag kurz nach 21.30 Uhr mehrere Schilder eines Baumlehrpfads der Gemeinde Plankstadt besch\u00e4digt. Eine Zeugin beobachtete eine Gruppe Jugendlicher, wie sie gr\u00f6lend den Lehrpfad entlangliefen und gegen die Beschilderung traten. Hauptt\u00e4ter sei nach Angaben der Frau ein Jugendlicher, der einen Pullover mit dem Aufdruck &#8222;Nasa&#8220; trug. Bei der Kontrolle trafen die Polizeibeamten am Ende des Baumlehrpfades in einer Schutzh\u00fctte einen Jugendlichen an. Er gab an, von der Sachbesch\u00e4digung keine Kenntnis zu haben und nannte die Namen der anderen Jugendlichen nicht, die seiner Aussage nach seit 17 Uhr bei der Schutzh\u00fctte Alkohol konsumiert h\u00e4tten. Die Polizisten fanden dort mehrere leere Bierflaschen, ein leerer Bierkasten und eine unge\u00f6ffnete Flasche Wodka. Der Aufforderung, den M\u00fcll zu beseitigen, kam der junge Mann sofort nach.<\/p>\n\n\n\n<p>Im weiteren Verlauf der Fahndung trafen die Beamte auf einem nahgelegenen Feldweg zwei Jugendliche an, einer rannte, der andere fl\u00fcchtete mit dem Fahrrad. Sie wurden befragt, die Ermittlungen dauern an. Insgesamt wurden neun Schilder besch\u00e4digt. Der Schaden betr\u00e4gt rund 300 Euro. Hinweise bitte an das Polizeirevier Schwetzingen unter Telefon 06202\/288-0.<\/p>\n\n\n\n<h2 class=\"wp-block-heading\">(Schwetzingen \/ Rhein-Neckar-Kreis) &#8211; Unbekannter kracht in Leitplanke und f\u00e4hrt weiter \/ Polizei sucht Zeugen<\/h2>\n\n\n\n<p>Ein unbekannter Autofahrer ist mit seinem Wagen am Samstag um 23.40 Uhr auf der A6 an der Anschlussstelle Mannheim\/Schwetzingen in nordlicher Richtung? bei der Einfahrt von Mannheim-Rheinau in Richtung Mannheim vermutlich aufgrund \u00fcberh\u00f6hter Geschwindigkeit links von der Fahrbahn abgekommen und auf die Leitplanke gekracht. Anschlie\u00dfend entfernte er sich vom Unfallort. Aufgrund der Tr\u00fcmmerteile handelt es sich vermutlich um einen schwarzen Mercedes-Benz, E-Klasse, Typ W212, der massive Sch\u00e4den auf der Fahrerseite haben muss. Die Fahndung lief bislang erfolglos. Der Verkehrsdienst Mannheim sucht daher Zeugen und bittet sie, sich unter 0621\/47093-0 zu melden.<\/p>\n\n\n\n<h2 class=\"wp-block-heading\">(Hockenheim \/ Rhein-Neckar-Kreis) &#8211; Alkoholisierte Br\u00fcder greifen Polizisten an \/ 20-J\u00e4hriger festgenommen<\/h2>\n\n\n\n<div class=\"wp-block-image\"><figure class=\"aligncenter size-large\"><img decoding=\"async\" loading=\"lazy\" width=\"800\" height=\"600\" src=\"https:\/\/speyer24news.com\/wp-content\/uploads\/2019\/06\/Ausn\u00fcchterungszelle.jpg\" alt=\"\" class=\"wp-image-15212\" srcset=\"https:\/\/speyer24news.com\/wp-content\/uploads\/2019\/06\/Ausn\u00fcchterungszelle.jpg 800w, https:\/\/speyer24news.com\/wp-content\/uploads\/2019\/06\/Ausn\u00fcchterungszelle-300x225.jpg 300w, https:\/\/speyer24news.com\/wp-content\/uploads\/2019\/06\/Ausn\u00fcchterungszelle-768x576.jpg 768w, https:\/\/speyer24news.com\/wp-content\/uploads\/2019\/06\/Ausn\u00fcchterungszelle-678x509.jpg 678w, https:\/\/speyer24news.com\/wp-content\/uploads\/2019\/06\/Ausn\u00fcchterungszelle-326x245.jpg 326w, https:\/\/speyer24news.com\/wp-content\/uploads\/2019\/06\/Ausn\u00fcchterungszelle-80x60.jpg 80w\" sizes=\"(max-width: 800px) 100vw, 800px\" \/><\/figure><\/div>\n\n\n\n<p>In der Nacht auf Sonntag fiel den Beamten des Polizeireviers Hockenheim zwei sichtlich alkoholisierte M\u00e4nner auf, die gegen 01:10 Uhr im Bereich der Karlsruher Stra\u00dfe zu Fu\u00df unterwegs waren. Nachdem einer der beiden alkoholbedingt auf die Fahrbahn st\u00fcrzte, stoppten die Polizisten den Streifwagen und kontrollierten die M\u00e4nner. Der 20-J\u00e4hrige, der sich gl\u00fccklicherweise nicht verletzt hatte, sowie sein 23-j\u00e4hriger Bruder zeigten allerdings wenig Verst\u00e4ndnis f\u00fcr die Kontrollma\u00dfnahme. Beide verhielten sich sofort aggressiv gegen\u00fcber den Polizisten und beleidigten diese. Nachdem die Personalien der Br\u00fcder feststanden und sich ihre Gem\u00fcter scheinbar wieder beruhigt hatten, wurden die beiden M\u00e4nner aufgefordert, nach Hause zu gehen.<\/p>\n\n\n\n<p>Was die Polizisten zu diesem Zeitpunkt noch nicht ahnten, lediglich der 23-J\u00e4hrige kam der Aufforderung nach. Sein j\u00fcngerer Bruder hingegen suchte das nahegelegene Polizeirevier auf und beleidigte dort erneut Beamten. Auch nach mehrfacher Aufforderung, die R\u00e4umlichkeiten zu verlassen, wollte der 20-J\u00e4hrige den Anweisungen keine Folge leisten. Die Polizisten, die den jungen Mann bereits zuvor kontrolliert hatten, eilten ihren Kollegen zur Hilfe. Der 20-J\u00e4hrige schlug und trat daraufhin sofort in Richtung der Beamten. Drei Polizisten wurden hierbei leicht verletzt. Der 20-J\u00e4hrige, der sich durch das Sperren ebenfalls leicht verletzte, wurde schlie\u00dflich festgenommen. Nachdem ihm eine Blutprobe entnommen wurde, musste der junge Mann die Nacht im polizeilichen Gewahrsam verbringen. Ihn erwartet nun nicht nur eine Anzeige wegen Beleidigung, sondern auch wegen T\u00e4tlicher Angriff gegen Vollstreckungsbeamte. Sein Bruder muss ebenfalls mit einer Strafanzeige wegen Beleidigung rechnen.<\/p>\n\n\n\n<h2 class=\"wp-block-heading\">(Nu\u00dfloch \/ Rhein-Neckar-Kreis) &#8211; Zwei Unbekannte bespr\u00fchen Garagenwand<\/h2>\n\n\n\n<p>Auf frischer Tat ertappt hat ein Zeuge zwei Sprayer am Sonntag kurz nach 19 Uhr in Nu\u00dfloch. Die beiden Unbekannten hatten ein Graffiti, ein Tag, an eine Garagenwand eines Haus in der Hauptstra\u00dfe von einem Fu\u00dfweg aus gespr\u00fcht. Als der Zeuge die beiden ansprach, zogen sie ihre T-Shirts \u00fcber das Gesicht und fl\u00fcchteten mit einem E-Scooter und einem Fahrrad in Richtung Hebelstra\u00dfe. Die Unbekannten sollen zwischen 16 und 20 Jahre alt gewesen sein, hatten dunkle Oberbekleidung an, einer der beiden trug auff\u00e4llige wei\u00dfe In-Ear-Kopfh\u00f6rer, dem anderen war das mitgef\u00fchrte Fahrrad viel zu klein. Das Polizeirevier Wiesloch ermittelt nun wegen Sachbesch\u00e4digung. Wer Hinweise auf die T\u00e4ter geben kann, meldet sich bitte unter Telefon 06222\/5709-0.<\/p>\n\n\n\n<h2 class=\"wp-block-heading\">(Epfenbach \/ Rhein-Neckar-Kreis) &#8211; Angeblicher Polizeibeamter am Telefon \/ Zeugen gesucht!<\/h2>\n\n\n\n<p>Einem telefonischen Betrugsversuch hat eine 74-J\u00e4hrige aus Epfenbach widerstanden. Ein Unbekannter hat die Frau am Freitag um 11.30 Uhr angerufen und sich als Polizei ausgegeben. Als die 74-J\u00e4hrige die ungew\u00f6hnliche Telefonnummer ansprach, legte der Hochdeutsch sprechende Mann auf. Auf dem Telefondisplay war laut der Frau eine Ziffernkombination aus 0 und 4 zu sehen. Das Polizeirevier Sinsheim ermittelt nun wegen versuchten Betrugs und bittet m\u00f6gliche weitere Gesch\u00e4digte sich unter Telefon 07261\/690-0 zu melden.<\/p>\n\n\n\n<h2 class=\"wp-block-heading\">(Reichartshausen \/ Rhein-Neckar-Kreis) &#8211; 55-j\u00e4hriger Fahrradfahrer bei Verkehrsunfall schwer verletzt<\/h2>\n\n\n\n<p>Bei einem Verkehrsunfall am Sonntagmittag in Reichartshausen wurde ein 55-j\u00e4hriger Fahrradfahrer schwer verletzt.<\/p>\n\n\n\n<p>Ein 20-j\u00e4hriger Mann war kurz vor 13 Uhr mit seinem Dacia auf der Feldstra\u00dfe in Richtung K 4189 unterwegs. An der dortigen Einm\u00fcndung missachtete er beim Linksabbiegen die Vorfahrt des Radlers, der in Richtung Reichartsh\u00e4user Stra\u00dfe unterwegs war und stie\u00df mit ihm zusammen. Der 55-J\u00e4hrige erlitt hierbei schwere Verletzungen und wurde zur Behandlung in ein Krankenhaus eingeliefert. Es war zudem Sachschaden in H\u00f6he von fast 10.000 Euro entstanden.<\/p>\n\n\n\n<h2 class=\"wp-block-heading\">(H\u00fcffenhardt \/ Neckar-Odenwald-Kreis) &#8211; Audi \u00fcberholt Lkw und bremst ihn aus \/ Zeugen gesucht!<\/h2>\n\n\n\n<p>W\u00e4hrend ein Lastwagen am Freitagmorgen die L 530 von Wollenberg in Richtung H\u00fcffenhardt befuhr, hat ihn ein wei\u00dfer Audi A6 \u00fcberholt und ausgebremst. Der Pkw setzte sich vor das Sattelaufliegergespann und vollzog aus rund 50 Stundenkilometern etwa 200 Meter vor dem Ortseingang eine Vollbremsung bis fast zum Stillstand. Der Lkw-Fahrer musste eine Gefahrenbremsung einleiten, um nicht auf den Audi aufzufahren. Danach beschleunigte der Autofahrer wieder seinen Wagen und bog schlie\u00dflich Richtung Heilbronn ab. Verletzt wurde niemand. Beim Entladen stellte der Lkw-Fahrer jedoch fest, dass Ladung besch\u00e4digt worden ist. Das Polizeirevier Sinsheim ermittelt nun gegen den unbekannten Fahrer wegen N\u00f6tigung und gef\u00e4hrlichen Eingriffs in den Stra\u00dfenverkehr. Wer Hinweise zu dem Vorfall oder zum Fahrer geben kann, meldet sich bitte beim Polizeirevier Sinsheim unter Telefon 0761\/690-0.<\/p>\n\n\n\n<h2 class=\"wp-block-heading\">(Eberbach \/ Rhein-Neckar-Kreis) &#8211; Verkehrsunfall mit mehreren Beteiligten \/ Eine Person leicht verletzt<\/h2>\n\n\n\n<p>Eine verletzte Person und erheblicher Sachschaden sind die Bilanz eines Verkehrsunfalls am Sonntagmorgen in Eberbach.<\/p>\n\n\n\n<p>Eine 58-j\u00e4hrige Frau war gegen 9.30 Uhr mit ihrem Renault Clio auf der Hirschhorner Landstra\u00dfe stadteinw\u00e4rts unterwegs. In einer Linkskurve wurde die Frau offenbar durch die tiefstehende Sonne geblendet und kam infolgedessen nach links von der Fahrbahn ab. Dabei stie\u00df sie gegen einen am Fahrbahnrand geparkten Renault Modus und schob diesen gegen eine Hauswand und einen gr\u00f6\u00dferen Blumenk\u00fcbel. Der Blumenk\u00fcbel wurde wiederum durch die Wucht des Aufpralls auf den dahinter abgestellten VW Golf gedr\u00fcckt. Auch der VW wurde um einen Meter nach hinten geschoben.<\/p>\n\n\n\n<p>Die 58-J\u00e4hrige zog sich leichte Verletzungen zu und wurde zur Untersuchung in ein Krankenhaus eingeliefert. Die beiden Renault wurden so stark besch\u00e4digt, dass sie nicht mehr fahrbereit waren und abgeschleppt werden mussten. Der Gesamtschaden wird auf fast 40.000 Euro gesch\u00e4tzt.<\/p>\n\n\n\n<h2 class=\"wp-block-heading\">(Eppelheim \/ Rhein-Neckar-Kreis) &#8211; Verd\u00e4chtiges Verhalten eines unbekannten Mannes verunsichert Kinder und deren Eltern \/ Polizei sucht Zeugen und weitere Betroffene<\/h2>\n\n\n\n<div class=\"wp-block-image is-style-default\"><figure class=\"aligncenter size-large\"><img decoding=\"async\" loading=\"lazy\" width=\"801\" height=\"600\" src=\"https:\/\/speyer24news.com\/wp-content\/uploads\/2020\/05\/Zeugen-gesucht-Neutral.jpg\" alt=\"\" class=\"wp-image-26598\" srcset=\"https:\/\/speyer24news.com\/wp-content\/uploads\/2020\/05\/Zeugen-gesucht-Neutral.jpg 801w, https:\/\/speyer24news.com\/wp-content\/uploads\/2020\/05\/Zeugen-gesucht-Neutral-300x225.jpg 300w, https:\/\/speyer24news.com\/wp-content\/uploads\/2020\/05\/Zeugen-gesucht-Neutral-768x575.jpg 768w, https:\/\/speyer24news.com\/wp-content\/uploads\/2020\/05\/Zeugen-gesucht-Neutral-678x509.jpg 678w, https:\/\/speyer24news.com\/wp-content\/uploads\/2020\/05\/Zeugen-gesucht-Neutral-326x245.jpg 326w, https:\/\/speyer24news.com\/wp-content\/uploads\/2020\/05\/Zeugen-gesucht-Neutral-80x60.jpg 80w\" sizes=\"(max-width: 801px) 100vw, 801px\" \/><\/figure><\/div>\n\n\n\n<p>In Eppelheim wurden in den vergangenen Tagen Kinder im Grundschulalter von einem unbekannten Mann in verd\u00e4chtiger Weise angesprochen. Der Unbekannte bot am Freitag gegen 12:30 Uhr zwei Kindern im Alter von 7-8 Jahren in der Karl-Metz-Stra\u00dfe an, sie k\u00f6nnten bei ihm im Auto mitfahren. Das M\u00e4dchen und der Junge befanden sich auf dem Nachhauseweg von der Schule. Beide Kinder reagierten vorbildlich. Sie nahmen das Angebot des unbekannten Autofahrers nicht an, liefen direkt nach Hause und informierten sofort ihre Eltern \u00fcber das Erlebte. Im Austausch mit anderen Eltern erfuhren sie von weiteren Vorf\u00e4llen, bei denen Kinder in dieser Weise von einem Unbekannten in der N\u00e4he der Theodor-Heuss-Schule und am Spielplatz im Lerchenweg aus einem Auto heraus angesprochen worden waren. Eine Zeugin habe au\u00dferdem am vergangenen Freitag gegen 19:30 Uhr im Bereich der Theodor-Heuss-Schule einen Mann wahrgenommen, der ein M\u00e4dchen beobachtet habe. Dieser h\u00e4tte sich aber von der \u00d6rtlichkeit entfernt, nachdem er die Zeugin bemerkt h\u00e4tte.<\/p>\n\n\n\n<h4 class=\"wp-block-heading\">Der unbekannte Mann, der alleine in einem graublauen Auto sa\u00df, wurde folgenderma\u00dfen beschrieben:<\/h4>\n\n\n\n<ul><li><strong>Ca. 50 bis 55 Jahre alt<\/strong><\/li><li><strong>(Halb-) Glatze mit kurzen hellgrauen Haaren beschrieben<\/strong><\/li><li><strong>Ca. 180 cm gro\u00df<\/strong><\/li><li><strong>Kr\u00e4ftig bis korpulent<\/strong><\/li><li><strong>westeurop\u00e4ischer Ph\u00e4notyp <\/strong><\/li><li><strong>Zum Zeitpunkt eines der zwischenzeitlich bekannt gewordenen Ereignisses war er mit einer kurzen, grauen Cargo-Hose und einem helles T-Shirt bekleidet.<\/strong><\/li><\/ul>\n\n\n\n<p>Die Kriminalpolizeidirektion Heidelberg hat die Ermittlungen aufgenommen und bittet Zeugen, die sachdienliche Hinweise zu dem Unbekannten geben k\u00f6nnen und\/oder Eltern, deren Kinder von \u00e4hnlich gelagerten Ereignissen zu Hause berichteten, sich mit dem Kriminaldauerdienst, Tel.: 0621\/174-4444, in Verbindung zu setzen.<\/p>\n\n\n\n<h2 class=\"wp-block-heading\">(Weinheim-Rippenweier \/ Rhein-Neckar-Kreis) &#8211; Lebensmittelautomaten besch\u00e4digt und gefl\u00fcchtet \/ Zeugen gesucht<\/h2>\n\n\n\n<p>Ein Unbekannter hat am Samstagmorgen um 8.30 Uhr in Weinheim-Rippenweier einen Lebensmittelautomaten besch\u00e4digt. Ein Zeuge beobachtete, wie der T\u00e4ter gegen den Automaten trat und stellte ihn zur Rede. Daraufhin fl\u00fcchtete der Unbekannte zu Fu\u00df in Richtung Oberflockenbach und lie\u00df sein Mountainbike der Marke Whistle sowie einen Korb mit Blumen und Gartenhandschuhen zur\u00fcck. <\/p>\n\n\n\n<h4 class=\"wp-block-heading\">Das Polizeirevier Weinheim hat die Ermittlungen aufgenommen und sucht nach dem Unbekannten mit folgender T\u00e4terbeschreibung:<\/h4>\n\n\n\n<ul><li><strong>1,65 bis 1,70 Meter gro\u00df<\/strong><\/li><li><strong> Normale Statur<\/strong><\/li><li><strong> Braunes, gelocktes Haar<\/strong><\/li><li><strong> Wei\u00dfes Hemd<\/strong><\/li><li><strong>Dunkelblaue Shorts<\/strong><\/li><li><strong>Drei-Tage-Bart<\/strong><\/li><li><strong>Alter Ende 20, Anfang 30<\/strong><\/li><\/ul>\n\n\n\n<p>Hinweise bitte ans Polizeirevier Weinheim unter Telefon 06201\/1003-0.<\/p>\n\n\n\n<h2 class=\"wp-block-heading\">(Hemsbach \/ A 5 \/ Rhein-Neckar-Kreis) &#8211; Verkehrsunfall auf der A 5 verursacht kilometerlangen Stau<\/h2>\n\n\n\n<p>Ein Verkehrsunfall auf der A 5 bei Hemsbach verursachte am Samstagmittag kilometerlangen Stau.<\/p>\n\n\n\n<p>Ein 48-j\u00e4hriger Mann war gegen 13 Uhr mit seinem Volvo auf der linken Fahrspur der A 5 in Richtung Karlsruhe unterwegs. Als der voranfahrende 32-j\u00e4hrige Hyundai-Fahrer sein Fahrzeug verkehrsbedingt abbremsen musste, fuhr ihm der 48-J\u00e4hrige hinten auf. Der Hyundai stellte sich dabei quer und blieb so auf der linken Fahrspur liegen. Die Insassen beider Fahrzeuge erlitten dabei leichte Verletzungen und wurden vorsorglich in Krankenh\u00e4user eingeliefert. Die beiden beteiligten Fahrzeuge waren nicht mehr fahrbereit und mussten abgeschleppt werden. Der Sachschaden wird auf fast 20.000 Euro gesch\u00e4tzt.<\/p>\n\n\n\n<p>W\u00e4hrend der Unfallaufnahme und Fahrbahnreinigung waren beide Fahrstreifen in Richtung Karlsruhe vor\u00fcbergehend voll gesperrt, der Verkehr wurde \u00fcber den Standstreifen an der Unfallstelle vorbeigeleitet. Es bildete sich ein R\u00fcckstau von rund 10 Kilometern in beiden Richtungen.<\/p>\n","protected":false},"excerpt":{"rendered":"<div class=\"mh-excerpt\"><p>Polizeimeldungen vom Sonntag &amp; Montag (27.06. &amp; 28.06.2021) (Speyer) &#8211; Unfallflucht mit verletzter Person \/ Zeugenaufruf Am Montag 28. Juni 2021 gegen 17:10 Uhr kam es auf dem Parkplatz vor SIMENS Schuhcenter, in der Wormser <a class=\"mh-excerpt-more\" href=\"https:\/\/speyer24news.com\/?p=38375\" title=\"Polizei\">[&#8230;]<\/a><\/p>\n<\/div>","protected":false},"author":3,"featured_media":0,"comment_status":"open","ping_status":"open","sticky":false,"template":"","format":"standard","meta":{"_monsterinsights_skip_tracking":false,"_monsterinsights_sitenote_active":false,"_monsterinsights_sitenote_note":"","_monsterinsights_sitenote_category":0,"footnotes":""},"categories":[12],"tags":[3614,702,61,2555,6955,6986,6263,63,105,11150,6987,53,4854,4683,1548,102,213,55,5261,103,106,2803,2423,427,2625,380,62,104,979,1565],"aioseo_notices":[],"amp_enabled":true,"_links":{"self":[{"href":"https:\/\/speyer24news.com\/index.php?rest_route=\/wp\/v2\/posts\/38375"}],"collection":[{"href":"https:\/\/speyer24news.com\/index.php?rest_route=\/wp\/v2\/posts"}],"about":[{"href":"https:\/\/speyer24news.com\/index.php?rest_route=\/wp\/v2\/types\/post"}],"author":[{"embeddable":true,"href":"https:\/\/speyer24news.com\/index.php?rest_route=\/wp\/v2\/users\/3"}],"replies":[{"embeddable":true,"href":"https:\/\/speyer24news.com\/index.php?rest_route=%2Fwp%2Fv2%2Fcomments&post=38375"}],"version-history":[{"count":3,"href":"https:\/\/speyer24news.com\/index.php?rest_route=\/wp\/v2\/posts\/38375\/revisions"}],"predecessor-version":[{"id":38385,"href":"https:\/\/speyer24news.com\/index.php?rest_route=\/wp\/v2\/posts\/38375\/revisions\/38385"}],"wp:attachment":[{"href":"https:\/\/speyer24news.com\/index.php?rest_route=%2Fwp%2Fv2%2Fmedia&parent=38375"}],"wp:term":[{"taxonomy":"category","embeddable":true,"href":"https:\/\/speyer24news.com\/index.php?rest_route=%2Fwp%2Fv2%2Fcategories&post=38375"},{"taxonomy":"post_tag","embeddable":true,"href":"https:\/\/speyer24news.com\/index.php?rest_route=%2Fwp%2Fv2%2Ftags&post=38375"}],"curies":[{"name":"wp","href":"https:\/\/api.w.org\/{rel}","templated":true}]}}