{"id":38411,"date":"2021-07-01T07:17:43","date_gmt":"2021-07-01T06:17:43","guid":{"rendered":"https:\/\/speyer24news.com\/?p=38411"},"modified":"2021-07-03T07:48:30","modified_gmt":"2021-07-03T06:48:30","slug":"geschwindigkeitskontrolle-blitzer-10","status":"publish","type":"post","link":"https:\/\/speyer24news.com\/?p=38411","title":{"rendered":"Geschwindigkeitsmessung \/ Blitzer"},"content":{"rendered":"<style type=\"text\/css\">\r\n\t.ads_top_disp{}\r\n\t.ads_top_corner_disp{ float:left; margin:0px 10px 10px 0px; }\r\n\t.ads_first_p_disp{}\r\n\t.ads_bottom_disp{}\r\n\t<\/style>\n<h2 class=\"wp-block-heading\">Radarkontrollen f\u00fcr die Woche vom 5. Juli bis 11. Juli 2021<\/h2>\n\n\n\n<div class=\"wp-block-image\"><figure class=\"aligncenter size-large\"><img decoding=\"async\" loading=\"lazy\" width=\"800\" height=\"600\" src=\"https:\/\/speyer24news.com\/wp-content\/uploads\/2020\/03\/Blitzer-1.jpg\" alt=\"\" class=\"wp-image-25724\" srcset=\"https:\/\/speyer24news.com\/wp-content\/uploads\/2020\/03\/Blitzer-1.jpg 800w, https:\/\/speyer24news.com\/wp-content\/uploads\/2020\/03\/Blitzer-1-300x225.jpg 300w, https:\/\/speyer24news.com\/wp-content\/uploads\/2020\/03\/Blitzer-1-768x576.jpg 768w, https:\/\/speyer24news.com\/wp-content\/uploads\/2020\/03\/Blitzer-1-678x509.jpg 678w, https:\/\/speyer24news.com\/wp-content\/uploads\/2020\/03\/Blitzer-1-326x245.jpg 326w, https:\/\/speyer24news.com\/wp-content\/uploads\/2020\/03\/Blitzer-1-80x60.jpg 80w\" sizes=\"(max-width: 800px) 100vw, 800px\" \/><\/figure><\/div>\n\n\n\n<p><strong>(Ludwigshafen) &#8211; <\/strong>Die Stadt Ludwigshafen nimmt in folgenden Stadtteilen Radarkontrollen vor.<\/p>\n\n\n\n<ul><li><strong>Montag, 5. Juli: Mundenheim, Mitte und Nord<\/strong><\/li><li><strong>Dienstag, 6. Juli: Oggersheim, Oppau und Pfingstweide<\/strong><\/li><li><strong>Mittwoch, 7. Juli: Rheing\u00f6nheim, S\u00fcd und Ruchheim<\/strong><\/li><li><strong>Donnerstag, 8 Juli: Rheing\u00f6nheim, S\u00fcd und Ruchheim<\/strong><\/li><li><strong>Freitag, 9. Juli: Gartenstadt, Maudach und Mundenheim<\/strong><\/li><li><strong>Samstag, 10. Juli: Mitte, Nord und Oggersheim<\/strong><\/li><\/ul>\n\n\n\n<p>Kurzfristige \u00c4nderungen beh\u00e4lt sich der Bereich Stra\u00dfenverkehr vor. Kontrollen k\u00f6nnen auch kurzfristig an anderen Stellen stattfinden.<\/p>\n\n\n\n<p><em>Stadt Ludwigshafen<br>03.07.2021<\/em><\/p>\n\n\n\n<h2 class=\"wp-block-heading\">Geschwindigkeitskontrollen f\u00fcr die Woche vom 5. bis 9. Juli<\/h2>\n\n\n\n<div class=\"wp-block-image\"><figure class=\"aligncenter size-large\"><img decoding=\"async\" loading=\"lazy\" width=\"640\" height=\"497\" src=\"https:\/\/speyer24news.com\/wp-content\/uploads\/2020\/12\/Blitzer-2.jpg\" alt=\"\" class=\"wp-image-31937\" srcset=\"https:\/\/speyer24news.com\/wp-content\/uploads\/2020\/12\/Blitzer-2.jpg 640w, https:\/\/speyer24news.com\/wp-content\/uploads\/2020\/12\/Blitzer-2-300x233.jpg 300w\" sizes=\"(max-width: 640px) 100vw, 640px\" \/><\/figure><\/div>\n\n\n\n<p><strong>(Mannheim) &#8211; <\/strong>Die Stadt Mannheim f\u00fchrt vom 5. bis 9. Juli in folgenden Stra\u00dfen mobile Geschwindigkeitskontrollen durch:<\/p>\n\n\n\n<ul><li><strong>Augustaanlage<\/strong><\/li><li><strong>Helmut-Kohl-Stra\u00dfe<\/strong><\/li><li><strong>Feldbergstra\u00dfe<\/strong><\/li><li><strong>Industriestra\u00dfe<\/strong><\/li><li><strong>Krefelder Stra\u00dfe<\/strong><\/li><li><strong>Neckarauer Stra\u00dfe<\/strong><\/li><li><strong>Seckenheimer Landstra\u00dfe<\/strong><\/li><li><strong>Unterm\u00fchlaustra\u00dfe<\/strong><\/li><li><strong>Waldstra\u00dfe<\/strong><\/li><\/ul>\n\n\n\n<p>Kurzfristige \u00c4nderungen oder zus\u00e4tzliche Messstellen sind aus aktuellem Anlass m\u00f6glich.<\/p>\n\n\n\n<p><em>Stadt Mannheim<br>03.07.2021<\/em><\/p>\n\n\n\n<h2 class=\"wp-block-heading\">(Pr\u00e4sidiumsbereich Rheinpfalz) \u2013 Radarkontrollen des Polizeipr\u00e4sidiums Rheinpfalz f\u00fcr Juli 2021<\/h2>\n\n\n\n<div class=\"wp-block-image\"><figure class=\"aligncenter\"><img decoding=\"async\" loading=\"lazy\" width=\"800\" height=\"450\" src=\"https:\/\/speyer24news.com\/wp-content\/uploads\/2020\/12\/Blitzer-Logo.jpg\" alt=\"\" class=\"wp-image-31938\" srcset=\"https:\/\/speyer24news.com\/wp-content\/uploads\/2020\/12\/Blitzer-Logo.jpg 800w, https:\/\/speyer24news.com\/wp-content\/uploads\/2020\/12\/Blitzer-Logo-300x169.jpg 300w, https:\/\/speyer24news.com\/wp-content\/uploads\/2020\/12\/Blitzer-Logo-768x432.jpg 768w, https:\/\/speyer24news.com\/wp-content\/uploads\/2020\/12\/Blitzer-Logo-678x381.jpg 678w\" sizes=\"(max-width: 800px) 100vw, 800px\" \/><\/figure><\/div>\n\n\n\n<h4 class=\"wp-block-heading\">Im Bereich der Polizeidirektion Ludwigshafen finden folgende Kontrollen statt:<\/h4>\n\n\n\n<ul><li><strong>Montag, 05.07.2021 im Bereich Speyer.<\/strong><\/li><li><strong>Mittwoch, 07.07.2021 im Bereich Frankenthal.<\/strong><\/li><li><strong>Donnerstag, 22.07.2021 im Bereich Altrip.<\/strong><\/li><li><strong>Dienstag, 27.07.2021 im Bereich B\u00f6hl-Iggelheim.<\/strong><\/li><\/ul>\n\n\n\n<h4 class=\"wp-block-heading\">Im Bereich der Polizeidirektion Landau finden folgende Kontrollen statt:<\/h4>\n\n\n\n<ul><li><strong>Donnerstag, 08.07.2021 im Bereich Godramstein<\/strong><\/li><li><strong>Dienstag, 13.07.2021 im Bereich Zeiskam<\/strong><\/li><li><strong>Mittwoch, 21.07.2021 im Bereich Landau<\/strong><\/li><li><strong>Montag, 26.07.2021 im Bereich Kandel<\/strong><\/li><\/ul>\n\n\n\n<h4 class=\"wp-block-heading\">Im Bereich der Polizeidirektion Neustadt finden folgende Kontrollen statt:<\/h4>\n\n\n\n<ul><li><strong>Dienstag, 06.07.2021 im Bereich Neustadt-K\u00f6nigsbach<\/strong><\/li><li><strong>Donnerstag, 15.07.2021 im Bereich Ruppertsberg<\/strong><\/li><li><strong>Montag, 19.07.2021 im Bereich Bad D\u00fcrkheim<\/strong><\/li><li><strong>Donnerstag, 29.07.2021 im Bereich Bockenheim<\/strong><\/li><\/ul>\n\n\n\n<p>Die Polizei weist ausdr\u00fccklich darauf hin, dass Kontrollen auch au\u00dferhalb der genannten Zeiten und \u00d6rtlichkeiten stattfinden.<\/p>\n\n\n\n<p><em>Polizeipr\u00e4sidium Rheinpfalz<br>01.07.2021<\/em><\/p>\n","protected":false},"excerpt":{"rendered":"<div class=\"mh-excerpt\"><p>Radarkontrollen f\u00fcr die Woche vom 5. Juli bis 11. Juli 2021 (Ludwigshafen) &#8211; Die Stadt Ludwigshafen nimmt in folgenden Stadtteilen Radarkontrollen vor. Montag, 5. Juli: Mundenheim, Mitte und Nord Dienstag, 6. Juli: Oggersheim, Oppau und <a class=\"mh-excerpt-more\" href=\"https:\/\/speyer24news.com\/?p=38411\" title=\"Geschwindigkeitsmessung \/ Blitzer\">[&#8230;]<\/a><\/p>\n<\/div>","protected":false},"author":3,"featured_media":33649,"comment_status":"open","ping_status":"open","sticky":false,"template":"","format":"standard","meta":{"_monsterinsights_skip_tracking":false,"_monsterinsights_sitenote_active":false,"_monsterinsights_sitenote_note":"","_monsterinsights_sitenote_category":0,"footnotes":""},"categories":[64],"tags":[18,8905,7702,4819,4814,7703,5987,19,8920,5148,4822,4817,5149,6285,4228,947,8924,5146,4820,4815,5147,5984,779,4821,4816,153,56,17,7699,7068,7004,7700,7701,949,8928,5150,4818,4813,5151,5986,1310,948,8932,10894,10893,427,1565],"aioseo_notices":[],"amp_enabled":true,"_links":{"self":[{"href":"https:\/\/speyer24news.com\/index.php?rest_route=\/wp\/v2\/posts\/38411"}],"collection":[{"href":"https:\/\/speyer24news.com\/index.php?rest_route=\/wp\/v2\/posts"}],"about":[{"href":"https:\/\/speyer24news.com\/index.php?rest_route=\/wp\/v2\/types\/post"}],"author":[{"embeddable":true,"href":"https:\/\/speyer24news.com\/index.php?rest_route=\/wp\/v2\/users\/3"}],"replies":[{"embeddable":true,"href":"https:\/\/speyer24news.com\/index.php?rest_route=%2Fwp%2Fv2%2Fcomments&post=38411"}],"version-history":[{"count":3,"href":"https:\/\/speyer24news.com\/index.php?rest_route=\/wp\/v2\/posts\/38411\/revisions"}],"predecessor-version":[{"id":38473,"href":"https:\/\/speyer24news.com\/index.php?rest_route=\/wp\/v2\/posts\/38411\/revisions\/38473"}],"wp:featuredmedia":[{"embeddable":true,"href":"https:\/\/speyer24news.com\/index.php?rest_route=\/wp\/v2\/media\/33649"}],"wp:attachment":[{"href":"https:\/\/speyer24news.com\/index.php?rest_route=%2Fwp%2Fv2%2Fmedia&parent=38411"}],"wp:term":[{"taxonomy":"category","embeddable":true,"href":"https:\/\/speyer24news.com\/index.php?rest_route=%2Fwp%2Fv2%2Fcategories&post=38411"},{"taxonomy":"post_tag","embeddable":true,"href":"https:\/\/speyer24news.com\/index.php?rest_route=%2Fwp%2Fv2%2Ftags&post=38411"}],"curies":[{"name":"wp","href":"https:\/\/api.w.org\/{rel}","templated":true}]}}