{"id":38422,"date":"2021-07-02T05:27:40","date_gmt":"2021-07-02T04:27:40","guid":{"rendered":"https:\/\/speyer24news.com\/?p=38422"},"modified":"2021-07-02T05:29:11","modified_gmt":"2021-07-02T04:29:11","slug":"corona-virus-speyer-17","status":"publish","type":"post","link":"https:\/\/speyer24news.com\/?p=38422","title":{"rendered":"Corona-Virus Speyer"},"content":{"rendered":"<style type=\"text\/css\">\r\n\t.ads_top_disp{}\r\n\t.ads_top_corner_disp{ float:left; margin:0px 10px 10px 0px; }\r\n\t.ads_first_p_disp{}\r\n\t.ads_bottom_disp{}\r\n\t<\/style>\n<h2 class=\"wp-block-heading\">Tagesaktuelle Fallzahlen f\u00fcr die Stadt Speyer vom Donnerstag (01.07.2021)<\/h2>\n\n\n\n<figure class=\"wp-block-image\"><img decoding=\"async\" loading=\"lazy\" width=\"800\" height=\"400\" src=\"https:\/\/speyer24news.com\/wp-content\/uploads\/2020\/05\/virus-1812092_1920.jpg\" alt=\"\" class=\"wp-image-26778\" srcset=\"https:\/\/speyer24news.com\/wp-content\/uploads\/2020\/05\/virus-1812092_1920.jpg 800w, https:\/\/speyer24news.com\/wp-content\/uploads\/2020\/05\/virus-1812092_1920-300x150.jpg 300w, https:\/\/speyer24news.com\/wp-content\/uploads\/2020\/05\/virus-1812092_1920-768x384.jpg 768w\" sizes=\"(max-width: 800px) 100vw, 800px\" \/><\/figure>\n\n\n\n<p>Anzahl best\u00e4tigter F\u00e4lle von Coronavirus (SARS-CoV-2)-Infektionen in der Stadt Speyer:&nbsp;2853 ( unver\u00e4ndert )<br>Davon bereits genesen:&nbsp;2750<br>Todesf\u00e4lle: 84 ( unver\u00e4ndert )<br>Gemeldete F\u00e4lle der letzten sieben Tage pro 100.000 Einwohner*innen (Inzidenz gem\u00e4\u00df LUA): 2,0 ( unver\u00e4ndert )<\/p>\n\n\n\n<p><em>Landesuntersuchungsamt (LUA) Rheinland-Pfalz<br><em>02.07.2021<\/em><\/em><\/p>\n\n\n\n<h2 class=\"wp-block-heading\"><strong>Entwicklung des Inzidenzwerts in den letzten sieben Tagen in Speyer<\/strong><\/h2>\n\n\n\n<figure class=\"wp-block-image\"><img decoding=\"async\" loading=\"lazy\" width=\"800\" height=\"533\" src=\"https:\/\/speyer24news.com\/wp-content\/uploads\/2020\/02\/coronavirus-4810201_1920.jpg\" alt=\"\" class=\"wp-image-25125\" srcset=\"https:\/\/speyer24news.com\/wp-content\/uploads\/2020\/02\/coronavirus-4810201_1920.jpg 800w, https:\/\/speyer24news.com\/wp-content\/uploads\/2020\/02\/coronavirus-4810201_1920-300x200.jpg 300w, https:\/\/speyer24news.com\/wp-content\/uploads\/2020\/02\/coronavirus-4810201_1920-768x512.jpg 768w\" sizes=\"(max-width: 800px) 100vw, 800px\" \/><\/figure>\n\n\n\n<figure class=\"wp-block-table\"><table><tbody><tr><td>Donnerstag, 1. Juli 2021<\/td><td>2,0<\/td><\/tr><tr><td>Mittwoch, 30. Juni 2021<\/td><td>2,0<\/td><\/tr><tr><td>Dienstag, 29. Juni 2021<\/td><td>4,0<\/td><\/tr><tr><td>Montag, 28. Juni 2021<\/td><td>4,0<\/td><\/tr><tr><td>Sonntag, 27. Juni 2021<\/td><td>7,9<\/td><\/tr><tr><td>Samstag, 26. Juni 2021<\/td><td>7,9<\/td><\/tr><tr><td>Freitag, 25. Juni 2021<\/td><td>7,9<\/td><\/tr><\/tbody><\/table><\/figure>\n\n\n\n<p><em>Robert-Koch-Institut (RKI)<br>02.07.2021<\/em><\/p>\n\n\n\n<h2 class=\"wp-block-heading\">Impfstatistiken Speyer<\/h2>\n\n\n\n<div class=\"wp-block-image\"><figure class=\"aligncenter size-large\"><img decoding=\"async\" loading=\"lazy\" width=\"800\" height=\"450\" src=\"https:\/\/speyer24news.com\/wp-content\/uploads\/2021\/07\/01-07-2021-impfbericht.jpg\" alt=\"\" class=\"wp-image-38423\" srcset=\"https:\/\/speyer24news.com\/wp-content\/uploads\/2021\/07\/01-07-2021-impfbericht.jpg 800w, https:\/\/speyer24news.com\/wp-content\/uploads\/2021\/07\/01-07-2021-impfbericht-300x169.jpg 300w, https:\/\/speyer24news.com\/wp-content\/uploads\/2021\/07\/01-07-2021-impfbericht-768x432.jpg 768w, https:\/\/speyer24news.com\/wp-content\/uploads\/2021\/07\/01-07-2021-impfbericht-678x381.jpg 678w\" sizes=\"(max-width: 800px) 100vw, 800px\" \/><\/figure><\/div>\n\n\n\n<p><em>Stadt Speyer<br><em>02.07.2021<\/em><\/em><\/p>\n\n\n\n<h2 class=\"wp-block-heading\"><strong>Verkehrslenkung Zweitimpfaktion mit AstraZeneca am Sonntag, 4. Juli 2021<\/strong><\/h2>\n\n\n\n<div class=\"wp-block-image\"><figure class=\"aligncenter size-large\"><img decoding=\"async\" loading=\"lazy\" width=\"600\" height=\"338\" src=\"https:\/\/speyer24news.com\/wp-content\/uploads\/2021\/06\/Drive-Thru-Impfung-Speyer.jpg\" alt=\"\" class=\"wp-image-37966\" srcset=\"https:\/\/speyer24news.com\/wp-content\/uploads\/2021\/06\/Drive-Thru-Impfung-Speyer.jpg 600w, https:\/\/speyer24news.com\/wp-content\/uploads\/2021\/06\/Drive-Thru-Impfung-Speyer-300x169.jpg 300w\" sizes=\"(max-width: 600px) 100vw, 600px\" \/><\/figure><\/div>\n\n\n\n<p>Am Sonntag, 4. Juli 2021, zwischen 9:00 und 16:00 Uhr findet die Zweitimpfaktion mit AstraZeneca als Drive-Thru-Angebot auf den Parkpl\u00e4tzen von B\u00d6 Fashion (Hasenpf\u00fchlerweide 1) und EDEKA Stiegler (Am R\u00fcbsamenw\u00fchl 4) statt. Geimpft werden am Sonntag ausschlie\u00dflich die Personen, die bei der Erstauflage des Impf-Drive-Thru am 16. Mai bereits ihre Erstimpfung mit Astra Zeneca erhalten haben. Da auch dieses Mal mit Terminvergabe gearbeitet wird, ist nur mit geringen Verkehrsbehinderungen und R\u00fcckstaus zu rechnen.<\/p>\n\n\n\n<p>Die Auestra\u00dfe wird dem Kreisverkehr H\u00f6he Hasenpf\u00fchler Weide bis zum Kreisverkehr Franz-Kirrmeier-Stra\u00dfe in beiden Fahrtrichtungen f\u00fcr den Individualverkehr gesperrt. Die Zufahrt in die Auestra\u00dfe ist von der Franz-Kirrmeier-Stra\u00dfe kommend ausschlie\u00dflich f\u00fcr Impfwillige mit Termin und direkte Anlieger*innen m\u00f6glich, wenn diese von Norden&nbsp;\u00fcber die K2 aus Richtung Otterstadt (Abfahrt von der B9: Rinkenbergerhof\/Otterstadt) anfahren. Auch f\u00fcr den Personenkreis, der an der Impfaktion teilnimmt, ist die Anfahrt in die Auestra\u00dfe aus Richtung Dom\/S\u00fcden&nbsp;<strong>nicht m\u00f6glich<\/strong>. Die Zufahrt zum Parkplatz von B\u00d6 Fashion erfolgt \u00fcber das Gel\u00e4nde der Firma Blumen Risse. Die Impfwilligen, die am Sonntag zuerst vor Ort sind und den Anfang der Warteschlange bilden, werden gebeten, bereits auf der Auestra\u00dfe anzuhalten und&nbsp;<strong>noch nicht<\/strong>&nbsp;das Gel\u00e4nde der Firma Blumen Risse zu befahren. Zum Aktionsbeginn um 9 Uhr werden die Wartenden dann autoweise eingelassen. Die Abfahrt erfolgt ausschlie\u00dflich \u00fcber die Nachtweide und die Tullastra\u00dfe.<\/p>\n\n\n\n<p>Alle Impfwilligen werden gebeten p\u00fcnktlich, aber nicht \u00fcberp\u00fcnktlich zu ihrem Termin zu erscheinen. Jede und jeder mit Termin wird auch geimpft.<\/p>\n\n\n\n<p>F\u00fcr Verkehrsteilnehmende, die in Richtung Abfallwirtschaftshof, Kl\u00e4ranlage und Deutschhof fahren m\u00f6chten, ist die Anfahrt aus Richtung Dom\/S\u00fcden kommend grunds\u00e4tzlich ohne gr\u00f6\u00dfere Probleme m\u00f6glich. Die Abfahrt aus den o.g. Bereichen wird, solange die Wartesituation andauert, ausschlie\u00dflich in Richtung Otterstadt m\u00f6glich sein.<\/p>\n\n\n\n<p>Verkehrsteilnehmende mit dem Ziel Am R\u00fcbsamenw\u00fchl haben \u2013 anders als bei der letzten Aktion dieser Art \u2013 die M\u00f6glichkeit \u00fcber die Route Wormser Landstra\u00dfe \u2013 Auestra\u00dfe \u2013 Kreisverkehr Am R\u00fcbsamenw\u00fchl zum Campingplatz, Badestrand und Restaurant am Steinh\u00e4userw\u00fchlsee zu gelangen und auf diesem Wege auch wieder abzufahren.<\/p>\n\n\n\n<p>Der Kommunale Vollzugsdienst der Stadt Speyer und die Polizei werden den Verkehr sowie die gesperrten Zufahrtswege \u00fcberwachen.<\/p>\n\n\n\n<p>Die Stadt Speyer bittet um Verst\u00e4ndnis f\u00fcr die entstehenden Einschr\u00e4nkungen im Stra\u00dfenverkehr.<\/p>\n\n\n\n<p><em>Stadt Speyer<br><em>02.07.2021<\/em><\/em><\/p>\n","protected":false},"excerpt":{"rendered":"<div class=\"mh-excerpt\"><p>Tagesaktuelle Fallzahlen f\u00fcr die Stadt Speyer vom Donnerstag (01.07.2021) Anzahl best\u00e4tigter F\u00e4lle von Coronavirus (SARS-CoV-2)-Infektionen in der Stadt Speyer:&nbsp;2853 ( unver\u00e4ndert )Davon bereits genesen:&nbsp;2750Todesf\u00e4lle: 84 ( unver\u00e4ndert )Gemeldete F\u00e4lle der letzten sieben Tage pro 100.000 <a class=\"mh-excerpt-more\" href=\"https:\/\/speyer24news.com\/?p=38422\" title=\"Corona-Virus Speyer\">[&#8230;]<\/a><\/p>\n<\/div>","protected":false},"author":3,"featured_media":25126,"comment_status":"open","ping_status":"open","sticky":false,"template":"","format":"standard","meta":{"_monsterinsights_skip_tracking":false,"_monsterinsights_sitenote_active":false,"_monsterinsights_sitenote_note":"","_monsterinsights_sitenote_category":0,"footnotes":""},"categories":[11613],"tags":[6401,8404,8844,9169,6367,9176,9247,6940,8725,6359,6370,5904,6358,7003,5801,6342,11590,11591,6],"aioseo_notices":[],"amp_enabled":true,"_links":{"self":[{"href":"https:\/\/speyer24news.com\/index.php?rest_route=\/wp\/v2\/posts\/38422"}],"collection":[{"href":"https:\/\/speyer24news.com\/index.php?rest_route=\/wp\/v2\/posts"}],"about":[{"href":"https:\/\/speyer24news.com\/index.php?rest_route=\/wp\/v2\/types\/post"}],"author":[{"embeddable":true,"href":"https:\/\/speyer24news.com\/index.php?rest_route=\/wp\/v2\/users\/3"}],"replies":[{"embeddable":true,"href":"https:\/\/speyer24news.com\/index.php?rest_route=%2Fwp%2Fv2%2Fcomments&post=38422"}],"version-history":[{"count":2,"href":"https:\/\/speyer24news.com\/index.php?rest_route=\/wp\/v2\/posts\/38422\/revisions"}],"predecessor-version":[{"id":38425,"href":"https:\/\/speyer24news.com\/index.php?rest_route=\/wp\/v2\/posts\/38422\/revisions\/38425"}],"wp:featuredmedia":[{"embeddable":true,"href":"https:\/\/speyer24news.com\/index.php?rest_route=\/wp\/v2\/media\/25126"}],"wp:attachment":[{"href":"https:\/\/speyer24news.com\/index.php?rest_route=%2Fwp%2Fv2%2Fmedia&parent=38422"}],"wp:term":[{"taxonomy":"category","embeddable":true,"href":"https:\/\/speyer24news.com\/index.php?rest_route=%2Fwp%2Fv2%2Fcategories&post=38422"},{"taxonomy":"post_tag","embeddable":true,"href":"https:\/\/speyer24news.com\/index.php?rest_route=%2Fwp%2Fv2%2Ftags&post=38422"}],"curies":[{"name":"wp","href":"https:\/\/api.w.org\/{rel}","templated":true}]}}