{"id":38428,"date":"2021-07-02T05:48:50","date_gmt":"2021-07-02T04:48:50","guid":{"rendered":"https:\/\/speyer24news.com\/?p=38428"},"modified":"2021-07-02T05:48:51","modified_gmt":"2021-07-02T04:48:51","slug":"stadtnotizen-verkehrsnotizen-aus-speyer-40","status":"publish","type":"post","link":"https:\/\/speyer24news.com\/?p=38428","title":{"rendered":"Stadtnotizen &#038; Verkehrsnotizen aus Speyer"},"content":{"rendered":"<style type=\"text\/css\">\r\n\t.ads_top_disp{}\r\n\t.ads_top_corner_disp{ float:left; margin:0px 10px 10px 0px; }\r\n\t.ads_first_p_disp{}\r\n\t.ads_bottom_disp{}\r\n\t<\/style>\n<h1 class=\"has-text-align-center wp-block-heading\">Stadtnotizen<\/h1>\n\n\n\n<div class=\"wp-block-image\"><figure class=\"aligncenter size-large\"><img decoding=\"async\" loading=\"lazy\" width=\"800\" height=\"600\" src=\"https:\/\/speyer24news.com\/wp-content\/uploads\/2020\/01\/Speyer-Stadtnachrichten-2.jpg\" alt=\"\" class=\"wp-image-23901\" srcset=\"https:\/\/speyer24news.com\/wp-content\/uploads\/2020\/01\/Speyer-Stadtnachrichten-2.jpg 800w, https:\/\/speyer24news.com\/wp-content\/uploads\/2020\/01\/Speyer-Stadtnachrichten-2-300x225.jpg 300w, https:\/\/speyer24news.com\/wp-content\/uploads\/2020\/01\/Speyer-Stadtnachrichten-2-768x576.jpg 768w, https:\/\/speyer24news.com\/wp-content\/uploads\/2020\/01\/Speyer-Stadtnachrichten-2-678x509.jpg 678w, https:\/\/speyer24news.com\/wp-content\/uploads\/2020\/01\/Speyer-Stadtnachrichten-2-326x245.jpg 326w, https:\/\/speyer24news.com\/wp-content\/uploads\/2020\/01\/Speyer-Stadtnachrichten-2-80x60.jpg 80w\" sizes=\"(max-width: 800px) 100vw, 800px\" \/><\/figure><\/div>\n\n\n\n<h2 class=\"wp-block-heading\"><strong>\u201eHitzefrei 2021\u201c \u2013 Das Sommerferienprogramm im \u201eFifty\u2018s\u201c f\u00fcr Jugendliche ab elf Jahren<\/strong><\/h2>\n\n\n\n<div class=\"wp-block-image\"><figure class=\"aligncenter size-large\"><img decoding=\"async\" loading=\"lazy\" width=\"800\" height=\"564\" src=\"https:\/\/speyer24news.com\/wp-content\/uploads\/2021\/07\/Vorderseite-Ferienpass-Flyer.jpg\" alt=\"\" class=\"wp-image-38430\" srcset=\"https:\/\/speyer24news.com\/wp-content\/uploads\/2021\/07\/Vorderseite-Ferienpass-Flyer.jpg 800w, https:\/\/speyer24news.com\/wp-content\/uploads\/2021\/07\/Vorderseite-Ferienpass-Flyer-300x212.jpg 300w, https:\/\/speyer24news.com\/wp-content\/uploads\/2021\/07\/Vorderseite-Ferienpass-Flyer-768x541.jpg 768w\" sizes=\"(max-width: 800px) 100vw, 800px\" \/><\/figure><\/div>\n\n\n\n<p>Yippie, die Sommerferien stehen vor der T\u00fcr! Das hat die Jugendf\u00f6rderung zum Anlass genommen, um auf dem Gel\u00e4nde des \u201eFifty\u2018s\u201c (am Ameisenberg hinter der Walderholung) ein Urlaubsparadies f\u00fcr Jugendliche und so gleichzeitig eine neue Basis f\u00fcr das Sommerferienprogramm 2021 zu schaffen. Das Angebot \u201eHitzefrei\u201c richtet sich an Jugendliche, die bislang die 5. bis 10. Klasse besucht haben und in Speyer wohnhaft sind oder zur Schule gehen.<\/p>\n\n\n\n<p>Im Urlaubsparadies wartet eine Menge \u201eAction\u201c, aber auch genug Platz zum Chillen, Quatschen und Abh\u00e4ngen. Au\u00dferdem gibt es wie jedes Jahr eine Vielzahl an coolen Angeboten, Ausfl\u00fcgen und Aktionen, wie zum Beispiel der \u201eMega-Wasserspa\u00df\u201c mit der Feuerwehr, Stand-Up Paddling auf dem Altrhein, Fu\u00dfball- und Hockeytraining sowie Ausfl\u00fcge zum Angeln, Lama-Wandern oder Lasertaggen.<\/p>\n\n\n\n<div class=\"wp-block-image\"><figure class=\"aligncenter size-large\"><img decoding=\"async\" loading=\"lazy\" width=\"800\" height=\"564\" src=\"https:\/\/speyer24news.com\/wp-content\/uploads\/2021\/07\/Rueckseite-Ferienpass-Flyer.jpg\" alt=\"\" class=\"wp-image-38431\" srcset=\"https:\/\/speyer24news.com\/wp-content\/uploads\/2021\/07\/Rueckseite-Ferienpass-Flyer.jpg 800w, https:\/\/speyer24news.com\/wp-content\/uploads\/2021\/07\/Rueckseite-Ferienpass-Flyer-300x212.jpg 300w, https:\/\/speyer24news.com\/wp-content\/uploads\/2021\/07\/Rueckseite-Ferienpass-Flyer-768x541.jpg 768w\" sizes=\"(max-width: 800px) 100vw, 800px\" \/><\/figure><\/div>\n\n\n\n<p>Das vollst\u00e4ndige Programm kann auf der Homepage der Jugendf\u00f6rderung,&nbsp;<a href=\"https:\/\/deref-web.de\/mail\/client\/TDaI6i91rbM\/dereferrer\/?redirectUrl=http%3A%2F%2Fwww.juf%C3%B6.de\" target=\"_blank\" rel=\"noreferrer noopener\">www.juf\u00f6.de<\/a>, eingesehen werden. Anmeldungen sind immer montags ab 12 Uhr f\u00fcr die Termine der Folgewoche m\u00f6glich.<\/p>\n\n\n\n<p>Das Urlaubsparadies am \u201eFifty\u2018s\u201c ist in den Sommerferien sechs Wochen lang t\u00e4glich von 14 bis 18 Uhr kostenfrei und ohne Voranmeldung f\u00fcr die Jugendlichen zug\u00e4nglich.<\/p>\n\n\n\n<p><em>Stadtverwaltung Speyer<br>02.07.2021<\/em><\/p>\n\n\n\n<h2 class=\"wp-block-heading\"><strong>Toilettenanlage auf dem Friedhof vor\u00fcbergehend geschlossen<\/strong><\/h2>\n\n\n\n<p>Die Stadtverwaltung Speyer informiert, dass aufgrund der aktuellen Baut\u00e4tigkeiten am Friedhofseingang Wormser Landstra\u00dfe die dortige Toilettenanlage aus Sicherheitsgr\u00fcnden ab sofort und f\u00fcr voraussichtlich 14 Tage geschlossen werden muss. Friedhofsbesucher*innen werden gebeten, auf die Toiletten an der Trauerhalle und am Eingang Landwehrstra\u00dfe auszuweichen.<\/p>\n\n\n\n<p><em>Stadtverwaltung Speyer<br>02.07.2021<\/em><\/p>\n\n\n\n<h1 class=\"has-text-align-center wp-block-heading\">Verkehrsnotizen<\/h1>\n\n\n\n<div class=\"wp-block-image\"><figure class=\"aligncenter size-large\"><img decoding=\"async\" loading=\"lazy\" width=\"800\" height=\"565\" src=\"https:\/\/speyer24news.com\/wp-content\/uploads\/2020\/01\/Baustelle-2.jpg\" alt=\"\" class=\"wp-image-23900\" srcset=\"https:\/\/speyer24news.com\/wp-content\/uploads\/2020\/01\/Baustelle-2.jpg 800w, https:\/\/speyer24news.com\/wp-content\/uploads\/2020\/01\/Baustelle-2-300x212.jpg 300w, https:\/\/speyer24news.com\/wp-content\/uploads\/2020\/01\/Baustelle-2-768x542.jpg 768w\" sizes=\"(max-width: 800px) 100vw, 800px\" \/><\/figure><\/div>\n\n\n\n<h2 class=\"wp-block-heading\"><strong>Ausbau des Hirschgrabens beginnt<\/strong><\/h2>\n\n\n\n<div class=\"wp-block-image\"><figure class=\"aligncenter size-large\"><img decoding=\"async\" loading=\"lazy\" width=\"800\" height=\"600\" src=\"https:\/\/speyer24news.com\/wp-content\/uploads\/2021\/07\/kopie-foto-21-02-26-10-32-52-2101.jpg\" alt=\"\" class=\"wp-image-38429\" srcset=\"https:\/\/speyer24news.com\/wp-content\/uploads\/2021\/07\/kopie-foto-21-02-26-10-32-52-2101.jpg 800w, https:\/\/speyer24news.com\/wp-content\/uploads\/2021\/07\/kopie-foto-21-02-26-10-32-52-2101-300x225.jpg 300w, https:\/\/speyer24news.com\/wp-content\/uploads\/2021\/07\/kopie-foto-21-02-26-10-32-52-2101-768x576.jpg 768w, https:\/\/speyer24news.com\/wp-content\/uploads\/2021\/07\/kopie-foto-21-02-26-10-32-52-2101-678x509.jpg 678w, https:\/\/speyer24news.com\/wp-content\/uploads\/2021\/07\/kopie-foto-21-02-26-10-32-52-2101-326x245.jpg 326w, https:\/\/speyer24news.com\/wp-content\/uploads\/2021\/07\/kopie-foto-21-02-26-10-32-52-2101-80x60.jpg 80w\" sizes=\"(max-width: 800px) 100vw, 800px\" \/><\/figure><\/div>\n\n\n\n<p>Die Stadtverwaltung Speyer teilt mit, dass <strong>ab Dienstag, 6. Juli 2021<\/strong> der Knotenpunkt Hirschgraben\/Wormser Landstra\u00dfe\/Petschengasse\/St.-Guido-Stifts-Platz in zwei Bauabschnitten zu einem Mini-Kreisel umgebaut wird. In einem dritten Bauabschnitt erfolgt dann der Ausbau des Hirschgrabens.<\/p>\n\n\n\n<p>Die Einrichtung der Verkehrssicherung sowie der Umleitungsbeschilderung f\u00fcr den ersten Bauabschnitt erfolgt bereits am Montag, 5. Juli 2021 im Laufe des Tages. In diesem Zuge wird die Wormser Landstra\u00dfe halbseitig und die Petschengasse voll gesperrt. Die Verkehrsverbindung Wormser Landstra\u00dfe\/St.-Guido-Stifts-Platz wird mittels Ampelschaltung aufrechterhalten. Vom Knotenpunkt in Richtung Bahnhofstra\u00dfe wird der Hirschgraben als Einbahnstra\u00dfe ausgewiesen. Die Umleitung f\u00fchrt \u00fcber die Bahnhofstra\u00dfe-Viehtriftstra\u00dfe-Mausbergweg-Raiffeisenstra\u00dfe und die Dr.-Eduard-Orth-Stra\u00dfe. Die Umleitung f\u00fcr den LKW-Verkehr erfolgt gro\u00dfr\u00e4umig \u00fcber die Auestra\u00dfe und die Franz-Kirrmeier-Stra\u00dfe.<\/p>\n\n\n\n<p>Der Ausbau des Mini-Kreisel erfolgt barrierefrei. Im Zuge dessen werden auch die beiden vorhandenen Bushaltestellen im Hirschgraben barrierefrei ausgebaut. Im Knotenpunkt wird Fernw\u00e4rme verlegt und es werden n\u00f6tige Sanierungsarbeiten an den Sch\u00e4chten durchgef\u00fchrt.<\/p>\n\n\n\n<p>Der Busverkehr wird, sobald er nach dem aktuell laufenden Streik wieder f\u00e4hrt, aufrechterhalten, allerdings entfallen aufgrund der Baut\u00e4tigkeiten die Haltestellen Adenauerpark und St. Guido-Stifts-Platz.<\/p>\n\n\n\n<p>Die <strong>Bauarbeiten werden voraussichtlich bis Ende des Jahres 2021<\/strong> andauern, sind aber witterungsabh\u00e4ngig, sodass es bei schlechten Wetterbedingungen zu Verz\u00f6gerungen kommen kann.<\/p>\n\n\n\n<p>Die Gesamtkosten des Ausbaus belaufen sich auf 1,2 Millionen Euro und werden durch das Land Rheinland-Pfalz finanziell gef\u00f6rdert.<\/p>\n\n\n\n<p><em>Stadtverwaltung Speyer<br>02.07.2021<\/em><\/p>\n","protected":false},"excerpt":{"rendered":"<div class=\"mh-excerpt\"><p>Stadtnotizen \u201eHitzefrei 2021\u201c \u2013 Das Sommerferienprogramm im \u201eFifty\u2018s\u201c f\u00fcr Jugendliche ab elf Jahren Yippie, die Sommerferien stehen vor der T\u00fcr! Das hat die Jugendf\u00f6rderung zum Anlass genommen, um auf dem Gel\u00e4nde des \u201eFifty\u2018s\u201c (am Ameisenberg <a class=\"mh-excerpt-more\" href=\"https:\/\/speyer24news.com\/?p=38428\" title=\"Stadtnotizen &#038; Verkehrsnotizen aus Speyer\">[&#8230;]<\/a><\/p>\n<\/div>","protected":false},"author":3,"featured_media":23902,"comment_status":"open","ping_status":"open","sticky":false,"template":"","format":"standard","meta":{"_monsterinsights_skip_tracking":false,"_monsterinsights_sitenote_active":false,"_monsterinsights_sitenote_note":"","_monsterinsights_sitenote_category":0,"footnotes":""},"categories":[47],"tags":[12337,12336,42,264,12334,7492,7905,6,657,1296,12335,658,1114],"aioseo_notices":[],"amp_enabled":true,"_links":{"self":[{"href":"https:\/\/speyer24news.com\/index.php?rest_route=\/wp\/v2\/posts\/38428"}],"collection":[{"href":"https:\/\/speyer24news.com\/index.php?rest_route=\/wp\/v2\/posts"}],"about":[{"href":"https:\/\/speyer24news.com\/index.php?rest_route=\/wp\/v2\/types\/post"}],"author":[{"embeddable":true,"href":"https:\/\/speyer24news.com\/index.php?rest_route=\/wp\/v2\/users\/3"}],"replies":[{"embeddable":true,"href":"https:\/\/speyer24news.com\/index.php?rest_route=%2Fwp%2Fv2%2Fcomments&post=38428"}],"version-history":[{"count":1,"href":"https:\/\/speyer24news.com\/index.php?rest_route=\/wp\/v2\/posts\/38428\/revisions"}],"predecessor-version":[{"id":38432,"href":"https:\/\/speyer24news.com\/index.php?rest_route=\/wp\/v2\/posts\/38428\/revisions\/38432"}],"wp:featuredmedia":[{"embeddable":true,"href":"https:\/\/speyer24news.com\/index.php?rest_route=\/wp\/v2\/media\/23902"}],"wp:attachment":[{"href":"https:\/\/speyer24news.com\/index.php?rest_route=%2Fwp%2Fv2%2Fmedia&parent=38428"}],"wp:term":[{"taxonomy":"category","embeddable":true,"href":"https:\/\/speyer24news.com\/index.php?rest_route=%2Fwp%2Fv2%2Fcategories&post=38428"},{"taxonomy":"post_tag","embeddable":true,"href":"https:\/\/speyer24news.com\/index.php?rest_route=%2Fwp%2Fv2%2Ftags&post=38428"}],"curies":[{"name":"wp","href":"https:\/\/api.w.org\/{rel}","templated":true}]}}