{"id":38444,"date":"2021-07-02T06:23:56","date_gmt":"2021-07-02T05:23:56","guid":{"rendered":"https:\/\/speyer24news.com\/?p=38444"},"modified":"2021-07-02T06:23:58","modified_gmt":"2021-07-02T05:23:58","slug":"speyer-86","status":"publish","type":"post","link":"https:\/\/speyer24news.com\/?p=38444","title":{"rendered":"Speyer"},"content":{"rendered":"<style type=\"text\/css\">\r\n\t.ads_top_disp{}\r\n\t.ads_top_corner_disp{ float:left; margin:0px 10px 10px 0px; }\r\n\t.ads_first_p_disp{}\r\n\t.ads_bottom_disp{}\r\n\t<\/style>\n<h2 class=\"wp-block-heading\"><strong>Aufbrezeln. Aufbl\u00fchen! \u2013 Zweite B\u00fcrgerbeteiligung zur Landesgartenschau 2026 am Samstag, 3. Juli 2021<\/strong><\/h2>\n\n\n\n<div class=\"wp-block-image\"><figure class=\"aligncenter size-large\"><img decoding=\"async\" loading=\"lazy\" width=\"800\" height=\"368\" src=\"https:\/\/speyer24news.com\/wp-content\/uploads\/2021\/07\/Landesgartenschau-Speyer.png\" alt=\"\" class=\"wp-image-38445\" srcset=\"https:\/\/speyer24news.com\/wp-content\/uploads\/2021\/07\/Landesgartenschau-Speyer.png 800w, https:\/\/speyer24news.com\/wp-content\/uploads\/2021\/07\/Landesgartenschau-Speyer-300x138.png 300w, https:\/\/speyer24news.com\/wp-content\/uploads\/2021\/07\/Landesgartenschau-Speyer-768x353.png 768w\" sizes=\"(max-width: 800px) 100vw, 800px\" \/><\/figure><\/div>\n\n\n\n<p>Speyer bewirbt sich um die Landesgartenschau 2026. Im Rahmen einer Machbarkeitsstudie wird derzeit ein Konzept erarbeitet, das die Grundlage f\u00fcr die Bewerbung im Oktober 2021 bildet. Das Konzept nimmt mehr und mehr Form an und wird am Samstag, 3. Juli 2021 zwischen 11 und 15 Uhr bei einer zweiten B\u00fcrgerbeteiligungsaktion der \u00d6ffentlichkeit pr\u00e4sentiert und zur Diskussion gestellt.<\/p>\n\n\n\n<p>\u201eDie Landesgartenschau 2026 soll ein Projekt f\u00fcr alle Speyererinnen und Speyerer werden. Eine m\u00f6glichst breite Beteiligung und Information der \u00d6ffentlichkeit sind mir daher besonders wichtig\u201c, betont Oberb\u00fcrgermeisterin Stefanie Seiler. \u201eErfreulicherweise l\u00e4sst die Corona-Pandemie erstmals seit langem wieder Pr\u00e4senzveranstaltungen im Freien zu. Dies nutzen wir, um direkt vor Ort mit den B\u00fcrgerinnen und B\u00fcrgern ins Gespr\u00e4ch zu kommen und Ideen und Vorstellungen zu diskutieren\u201c, so die Stadtchefin weiter, die am Samstag selbst vor Ort sein wird.\u00a0<\/p>\n\n\n\n<div class=\"wp-block-image\"><figure class=\"aligncenter size-large\"><img decoding=\"async\" loading=\"lazy\" width=\"800\" height=\"570\" src=\"https:\/\/speyer24news.com\/wp-content\/uploads\/2021\/07\/LAGA-Flyer-vorder.png\" alt=\"\" class=\"wp-image-38446\" srcset=\"https:\/\/speyer24news.com\/wp-content\/uploads\/2021\/07\/LAGA-Flyer-vorder.png 800w, https:\/\/speyer24news.com\/wp-content\/uploads\/2021\/07\/LAGA-Flyer-vorder-300x214.png 300w, https:\/\/speyer24news.com\/wp-content\/uploads\/2021\/07\/LAGA-Flyer-vorder-768x547.png 768w\" sizes=\"(max-width: 800px) 100vw, 800px\" \/><\/figure><\/div>\n\n\n\n<p>Die B\u00fcrgerbeteiligung findet dezentral an mehreren Standorten zwischen der Innenstadt und dem Speyerer Norden statt. An den beiden Kernfl\u00e4chen Kurpfalzkaserne (Nordseite\/Spaldinger Stra\u00dfe am Parkplatz vor der Kaserne) und Klipfelsau (Flaggenmast an der Rheinpromenade) sowie an zwei weiteren Punkten entlang der Korridore (Ecke Otterstadter Weg\/Erlenweg und Hasenpf\u00fchlerweide\/Wendehammer), die die beiden Orte verbinden, k\u00f6nnen sich alle Interessierten informieren, Fragen stellen, und Inhalte im Gespr\u00e4ch mit dem Planungsteam diskutieren.<\/p>\n\n\n\n<p>Dar\u00fcber hinaus k\u00f6nnen im Rahmen eines Spaziergangs oder einer Radtour selbstst\u00e4ndig weitere Stationen erkundet werden. F\u00fcr diese insgesamt elf Stationen gibt es QR-Codes, die von den Teilnehmenden gescannt werden k\u00f6nnen und zu kleinen Frageb\u00f6gen f\u00fchren, deren Fragen f\u00fcr das Planungsteam und die weitere Ausgestaltung des Konzepts besonders relevant sind. Die QR-Codes sind im Aktionsflyer, der an den einzelnen Stationen mitgenommen werden kann, oder auf der Homepage der Stadt Speyer zu finden, sodass die Fragen auch ganz bequem von zu Hause aus beantwortet werden k\u00f6nnen. M\u00f6glich ist das ab Samstag, 3. Juli 2021 bis sp\u00e4testens Donnerstag, 15. Juli 2021.<\/p>\n\n\n\n<div class=\"wp-block-image\"><figure class=\"aligncenter size-large\"><img decoding=\"async\" loading=\"lazy\" width=\"500\" height=\"696\" src=\"https:\/\/speyer24news.com\/wp-content\/uploads\/2021\/07\/LAGA-Flyer-Karte.png\" alt=\"\" class=\"wp-image-38447\" srcset=\"https:\/\/speyer24news.com\/wp-content\/uploads\/2021\/07\/LAGA-Flyer-Karte.png 500w, https:\/\/speyer24news.com\/wp-content\/uploads\/2021\/07\/LAGA-Flyer-Karte-216x300.png 216w\" sizes=\"(max-width: 500px) 100vw, 500px\" \/><\/figure><\/div>\n\n\n\n<p>Alle weiteren Informationen zur Bewerbung um die Landesgartenschau 2026 gibt es unter\u00a0<a href=\"https:\/\/deref-web.de\/mail\/client\/rmSdPEvspTk\/dereferrer\/?redirectUrl=http%3A%2F%2Fwww.speyer.de%2Flandesgartenschau2026\" target=\"_blank\" rel=\"noreferrer noopener\">www.speyer.de\/landesgartenschau2026<\/a>.<\/p>\n\n\n\n<p>Den Flyer zur zweiten B\u00fcrgerbeteiligung k\u00f6nnen sie auch hier als pdf downloaden:<\/p>\n\n\n\n<div class=\"wp-block-file\"><a href=\"https:\/\/speyer24news.com\/wp-content\/uploads\/2021\/07\/Flyer_Buergerbeteiligung-LGS.pdf\">Flyer_Buergerbeteiligung-LGS<\/a><a href=\"https:\/\/speyer24news.com\/wp-content\/uploads\/2021\/07\/Flyer_Buergerbeteiligung-LGS.pdf\" class=\"wp-block-file__button\" download>Herunterladen<\/a><\/div>\n\n\n\n<p>Die Stadtverwaltung weist darauf hin, dass im Rahmen der B\u00fcrgerbeteiligungsaktion die geltenden Schutz- und Hygienema\u00dfnahmen zu beachten sind.<\/p>\n\n\n\n<p><em>Stadtverwaltung Speyer<br>02.07.2021<\/em><\/p>\n","protected":false},"excerpt":{"rendered":"<div class=\"mh-excerpt\"><p>Aufbrezeln. Aufbl\u00fchen! \u2013 Zweite B\u00fcrgerbeteiligung zur Landesgartenschau 2026 am Samstag, 3. Juli 2021 Speyer bewirbt sich um die Landesgartenschau 2026. Im Rahmen einer Machbarkeitsstudie wird derzeit ein Konzept erarbeitet, das die Grundlage f\u00fcr die Bewerbung <a class=\"mh-excerpt-more\" href=\"https:\/\/speyer24news.com\/?p=38444\" title=\"Speyer\">[&#8230;]<\/a><\/p>\n<\/div>","protected":false},"author":3,"featured_media":23902,"comment_status":"open","ping_status":"open","sticky":false,"template":"","format":"standard","meta":{"_monsterinsights_skip_tracking":false,"_monsterinsights_sitenote_active":false,"_monsterinsights_sitenote_note":"","_monsterinsights_sitenote_category":0,"footnotes":""},"categories":[9],"tags":[6294,9506,8185,12338,6295,12339,11263],"aioseo_notices":[],"amp_enabled":true,"_links":{"self":[{"href":"https:\/\/speyer24news.com\/index.php?rest_route=\/wp\/v2\/posts\/38444"}],"collection":[{"href":"https:\/\/speyer24news.com\/index.php?rest_route=\/wp\/v2\/posts"}],"about":[{"href":"https:\/\/speyer24news.com\/index.php?rest_route=\/wp\/v2\/types\/post"}],"author":[{"embeddable":true,"href":"https:\/\/speyer24news.com\/index.php?rest_route=\/wp\/v2\/users\/3"}],"replies":[{"embeddable":true,"href":"https:\/\/speyer24news.com\/index.php?rest_route=%2Fwp%2Fv2%2Fcomments&post=38444"}],"version-history":[{"count":1,"href":"https:\/\/speyer24news.com\/index.php?rest_route=\/wp\/v2\/posts\/38444\/revisions"}],"predecessor-version":[{"id":38449,"href":"https:\/\/speyer24news.com\/index.php?rest_route=\/wp\/v2\/posts\/38444\/revisions\/38449"}],"wp:featuredmedia":[{"embeddable":true,"href":"https:\/\/speyer24news.com\/index.php?rest_route=\/wp\/v2\/media\/23902"}],"wp:attachment":[{"href":"https:\/\/speyer24news.com\/index.php?rest_route=%2Fwp%2Fv2%2Fmedia&parent=38444"}],"wp:term":[{"taxonomy":"category","embeddable":true,"href":"https:\/\/speyer24news.com\/index.php?rest_route=%2Fwp%2Fv2%2Fcategories&post=38444"},{"taxonomy":"post_tag","embeddable":true,"href":"https:\/\/speyer24news.com\/index.php?rest_route=%2Fwp%2Fv2%2Ftags&post=38444"}],"curies":[{"name":"wp","href":"https:\/\/api.w.org\/{rel}","templated":true}]}}