{"id":38458,"date":"2021-07-03T07:28:14","date_gmt":"2021-07-03T06:28:14","guid":{"rendered":"https:\/\/speyer24news.com\/?p=38458"},"modified":"2021-07-06T06:25:04","modified_gmt":"2021-07-06T05:25:04","slug":"polizei-627","status":"publish","type":"post","link":"https:\/\/speyer24news.com\/?p=38458","title":{"rendered":"Polizei"},"content":{"rendered":"<style type=\"text\/css\">\r\n\t.ads_top_disp{}\r\n\t.ads_top_corner_disp{ float:left; margin:0px 10px 10px 0px; }\r\n\t.ads_first_p_disp{}\r\n\t.ads_bottom_disp{}\r\n\t<\/style>\n<h2 class=\"wp-block-heading\">Polizeimeldungen vom Freitag (02.07.2021)<\/h2>\n\n\n\n<div class=\"wp-block-image\"><figure class=\"aligncenter size-large\"><img decoding=\"async\" src=\"https:\/\/speyer24news.com\/wp-content\/uploads\/2019\/11\/Aktuelles-Polizeilogo.jpg\" alt=\"\" class=\"wp-image-21845\"\/><\/figure><\/div>\n\n\n\n<h2 class=\"wp-block-heading\">(Speyer) &#8211; Zwei Verletzte nach Spiritusentz\u00fcndung<\/h2>\n\n\n\n<p>Am Freitagabend gegen 22:15 Uhr kam es w\u00e4hrend eines Ferienlagers im Gemeindehaus Speyer zur Entz\u00fcndung eines Spirituskochers. Hierdurch erlitten ein Kind und ein Betreuer Brandverletzungen. Die Gruppe des Ferienlagers bereitete zu diesem Zeitpunkt mit den Campingkochern gerade eine Mahlzeit vor, als es zur Entz\u00fcndung kam. Sowohl der Betreuer als auch das Kind mussten zur weiteren Behandlung in umliegende Krankenh\u00e4user verbracht werden.<\/p>\n\n\n\n<h2 class=\"wp-block-heading\">(Speyer) &#8211; Betrugsversuch durch falschen Polizeibeamten<\/h2>\n\n\n\n<p>Einen Anruf eines angeblichen Polizeibeamten erhielt am Donnerstag um 17:28 Uhr eine 82-J\u00e4hrige aus Speyer. Als der Mann am Telefon mit der \u00fcblichen Masche begann, von einem Einbruch in der N\u00e4he und der Festnahme zweier T\u00e4ter zu berichten, beendete die Seniorin sofort das Gespr\u00e4ch, da sie wusste was folgen wird: Der unbekannte Anrufer h\u00e4tte mit der Behauptung, einen Zettel mit s\u00e4mtlichen Daten von ihr gefunden zu haben, versucht ihr Geld zu ergaunern.<\/p>\n\n\n\n<h4 class=\"wp-block-heading\">Die Polizei r\u00e4t:<\/h4>\n\n\n\n<ul><li>Seien Sie bei solchen Anrufen immer misstrauisch. Das Ziel der  Betr\u00fcger ist es, das Vertrauen der Opfer mit erfundenen Geschichten  zu erschleichen und sie unter Druck zu setzen. Diese Verbrecher &#8211;  getarnt als Polizeibeamte &#8211; m\u00f6chten, dass Sie Ihr Bargeld, Schmuck  und Wertgegenst\u00e4nde herausgeben.<\/li><li>Denken Sie daran: Die Polizei wird Sie niemals um Geldbetr\u00e4ge  bitten oder dazu auffordern, Geld oder Wertsachen herauszugeben.<\/li><li>Wenden Sie sich beim geringsten Zweifel an Ihre \u00f6rtliche Polizei. Benutzen Sie dabei nicht die R\u00fcckruftaste, da Sie sonst m\u00f6glicherweise wieder bei den Betr\u00fcgern landen, sondern suchen Sie die Nummer selbst heraus.<\/li><\/ul>\n\n\n\n<h2 class=\"wp-block-heading\">(Speyer) &#8211; Beim Abbiegen Radfahrer \u00fcbersehen<\/h2>\n\n\n\n<p>Beim Abbiegen einen Radfahrer \u00fcbersehen hat am Donnerstag um 16:10 Uhr ein 41-j\u00e4hriger PKW Fahrer. Der Mann war auf der Wormser Landstra\u00dfe in Richtung Bahnhofstra\u00dfe unterwegs, als er nach links in den Schwarzen Weg abbiegen wollte. Hierbei \u00fcbersah er einen Radfahrer, der auf dem dortigen Radweg verbotswidrig ebenso in Richtung Bahnhofstra\u00dfe fuhr. Der Radfahrer kam in der Folge der Kollision zu Sturz und erlitt leichte Verletzungen am Kopf.<\/p>\n\n\n\n<p>Auch wenn f\u00fcr Radfahrer\/-innen keine Helmpflicht besteht, empfiehlt die Polizei einen zum eigenen Schutz einen Helm zu tragen. Schwere Kopfverletzungen, welche im \u00e4u\u00dfersten Fall zum Tod f\u00fchren k\u00f6nnten, k\u00f6nnen durch das Tragen eines Helmes verhindert werden. Seien Sie immer wachsam und fahren an Kreuzungen\/Einm\u00fcndungen langsam.<\/p>\n\n\n\n<p>PKW Fahrer\/-innen sollten insbesondere an Kreuzungen\/Einm\u00fcndungen auf die querenden Radfahrer\/-innen achten. Die Polizei r\u00e4t Fahrzeuginsassen grunds\u00e4tzlich zu einem erweiterten Schulterblick (160-Grad-Drehung), um die Gefahr zu minimieren, herannahende Radfahrer zu \u00fcbersehen.<\/p>\n\n\n\n<h2 class=\"wp-block-heading\">(Speyer) &#8211; Senior verwechselt Brems- und Gaspedal und verursacht mehrere Sachsch\u00e4den<\/h2>\n\n\n\n<p>Weil er das Brems- mit dem Gaspedal verwechselte fuhr am Donnerstag gegen 09:00 Uhr ein 87-j\u00e4hriger PKW-Fahrer in der Diakonissenstra\u00dfe gegen eine Hauswand. Anschlie\u00dfend legte der Mann den R\u00fcckw\u00e4rtsgang ein, verwechselte hierbei erneut die Pedale und rammte beim r\u00fcckw\u00e4rts Rangieren einen parkenden PKW. Durch den Aufprall stie\u00df dieser wiederum gegen ein weiteres geparktes Fahrzeug. Durch die Kollisionen war der PKW des 87-J\u00e4hrigen nicht mehr fahrbereit. Sowohl an der Hauswand als auch an allen beteiligten Fahrzeugen entstand Sachschaden von mehreren tausend Euro. Durch die eingesetzte Polizeistreife wurde der F\u00fchrerschein des Seniors sichergestellt.<\/p>\n\n\n\n<h2 class=\"wp-block-heading\">(Altrip) &#8211; 7-j\u00e4hrige Radfahrerin verliert Gleichgewicht durch Ast<\/h2>\n\n\n\n<p>Ein 7-j\u00e4hriges Kind ist am fr\u00fchen Donnerstagabend mit seinem Fahrrad den Gehweg in der Schillerstra\u00dfe entlanggefahren. Sie kam an einem Grundst\u00fcck vorbei, von dem eine Gartenhecke deutlich in den Gehweg hineinragte. An einer Stelle hing noch der Ast eines Dornenbuschs herab. Die 7-J\u00e4hrige verlor wegen des Astes das Gleichgewicht und stie\u00df mit dem Fahrradlenker gegen einen geparkten Pkw. Es entstand dadurch ein leichter, oberfl\u00e4chlicher Lackschaden. Verletzt hat sich das M\u00e4dchen gl\u00fccklicherweise nicht. Die Polizei hat nach der Unfallaufnahme den Besitzer der Hecke aufgefordert, diese zur\u00fcckzuschneiden und auch die Verbandsgemeindeverwaltung dar\u00fcber informiert.<\/p>\n\n\n\n<h2 class=\"wp-block-heading\">(R\u00f6merberg) &#8211; Dank Zeugin Unfallfl\u00fcchtigen gestellt<\/h2>\n\n\n\n<p>Eine Unfallflucht konnte am Donnerstag um 12:10 Uhr durch eine 33-j\u00e4hrige Zeugin in Mechtersheim beobachtet werden. Der Fahrer eines LKW besch\u00e4digte zun\u00e4chst beim Abbiegen von der Friedensstra\u00dfe in die Rheinfeldstra\u00dfe einen abgestellten Anh\u00e4nger bevor er mit einer Regenrinne sowie einer Hauswand kollidierte und hieran ebenfalls einen Schaden verursachte. Der LKW-Fahrer stieg aus, r\u00fcckte den Anh\u00e4nger wieder gerade und verlie\u00df die \u00d6rtlichkeit. Durch eine Polizeistreife konnte der 39-j\u00e4hrige Unfallfl\u00fcchtige schlie\u00dflich in der Haydnstra\u00dfe kontrolliert werden. Gegen den Mann wurde ein Strafverfahren wegen unerlaubten Entfernens vom Unfallort eingeleitet.<\/p>\n\n\n\n<h2 class=\"wp-block-heading\">(R\u00f6merberg) &#8211; Vorfahrt missachtet, Radfahrer verletzt!<\/h2>\n\n\n\n<p>Ein Stoppschild missachtet hat am Donnerstagmorgen um 07:48 Uhr ein 42-j\u00e4hrige PKW-Fahrerin. Die Frau war auf der K 25 von Mechtersheim in Richtung Schwegenheim unterwegs, als sie an der Kreuzung zur L507 den von links aus Richtung Lingenfeld kommenden Pedelec-Fahrer \u00fcbersah und mit diesem kollidierte. Der 55-J\u00e4hrige kam zu Fall und zog sich leichte Verletzungen zu. Zur medizinischen Versorgung wurde er in ein \u00f6rtliches Krankenhaus verbracht. Durch den Unfall entstand an beiden Fahrzeuge insgesamt sch\u00e4tzungsweise 3500 Euro Sachschaden.<\/p>\n\n\n\n<p>Auch wenn kein Fehlverhalten des Radfahrers zum Unfall gef\u00fchrt hat, weist die Polizei daraufhin, Geschwindigkeiten von Pedelcs nicht zu untersch\u00e4tzen. Autofahrer m\u00fcssen sich besonders im Sommer auf eine Vielzahl von Radfahrern einstellen und die Gefahren durch eine aufmerksame Fahrweise fr\u00fchzeitig erkennen.<\/p>\n\n\n\n<h2 class=\"wp-block-heading\">(Germersheim) &#8211; Einsatz am Busbahnhof<\/h2>\n\n\n\n<p>F\u00fcr Aufsehen sorgte am Donnerstag ein 28-j\u00e4hriger Mann am Busbahnhof in Germersheim. Dieser p\u00f6belte dort Passanten an und zeigte ein aggressives und psychisch auff\u00e4lliges Verhalten, weshalb die Polizei verst\u00e4ndigt wurde. Auch gegen\u00fcber den Beamten \u00e4nderte sich sein Verhalten nicht. Der alkoholisierte Mann sollte in Gewahrsam genommen werden, wogegen er sich mit Leibeskr\u00e4ften wehrte. Erst als weitere Einsatzkr\u00e4fte vor Ort eintrafen, konnte er festgenommen werden. Dabei leistete er weiter Widerstand und spuckte gezielt nach den Beamten. Die Nacht verbrachte er zur Ausn\u00fcchterung auf der Dienststelle. Ihn erwarten nun gleich mehrere Strafanzeigen. Bei dem Einsatz wurde eine Polizeikommissarin verletzt und musste mit Verdacht auf eine Armfraktur medizinisch behandelt werden.<\/p>\n\n\n\n<h2 class=\"wp-block-heading\">(Germersheim) &#8211; Kontrollen im Dienstgebiet<\/h2>\n\n\n\n<p>Donnerstagmorgen f\u00fchrten Germersheimer Polizisten mehrere Kontrollen mit unterschiedlichen Zielrichtungen durch. Bei einer Schulweg-\/ und Laserkontrolle konnten in der Mozartstra\u00dfe in Germersheim insgesamt f\u00fcnf Geschwindigkeitsverst\u00f6\u00dfe festgestellt werden. Zudem hatte ein Rollerfahrer keine Fahrerlaubnis und musste den weiteren Weg zu Fu\u00df antreten. Bei der anschlie\u00dfenden \u00dcberwachung des LKW Durchfahrtsverbots in der Poststra\u00dfe in Lustadt ergaben sich erfreulicherweise keine Beanstandungen. Anders sah es in der Hinteren Stra\u00dfe in Bellheim aus. Dort waren nicht nur sieben Autofahrer zu schnell, sondern auch sechs sogenannte Gurtmuffel mussten verwarnt werden. Weil sich auch zwei Kinder ohne jegliche Sicherung im PKW befanden, mussten die M\u00fctter ihre Kinder zu Fu\u00df zum Kindergarten bringen. Zwei LKW-Fahrer befuhren zudem verbotenerweise diese Stra\u00dfe. Abschlie\u00dfend wurde die Geschwindigkeitsmessung in der Joseph-Probst- Stra\u00dfe in Germersheim fortgesetzt. Auch hier waren nochmal f\u00fcnf Autofahrer zu schnell.<\/p>\n\n\n\n<h2 class=\"wp-block-heading\">(Gleiszellen Gleishorbach) &#8211; Dach besch\u00e4digt und weitergefahren<\/h2>\n\n\n\n<p>Am 02.07.2021, gegen 18:00 Uhr befuhr ein LKW-Fahrer die Bergstra\u00dfe in Gleiszellen-Gleishorbach. Hierbei streifte er mit dem gelben LKW den Dachvorsprung, wobei eine Dachziegel herunterfiel. Der LKW-Fahrer setzte seine Fahrt anschlie\u00dfend fort.<\/p>\n\n\n\n<p>Zeugenhinweise bitte an die Polizeiinspektion Bad Bergzabern, Tel. 06343\/93340 oder per E-Mail an&nbsp;<a href=\"mailto:pibadbergzabern@polizei.rlp.de\">pibadbergzabern@polizei.rlp.de<\/a><\/p>\n\n\n\n<h2 class=\"wp-block-heading\">(A 65 \/ AS LD-S\u00fcd) &#8211; Zu schnell unterwegs<\/h2>\n\n\n\n<div class=\"wp-block-image\"><figure class=\"aligncenter size-large\"><img decoding=\"async\" loading=\"lazy\" width=\"800\" height=\"521\" src=\"https:\/\/speyer24news.com\/wp-content\/uploads\/2021\/07\/20210701_VUA65_LDSued.jpg\" alt=\"\" class=\"wp-image-38461\" srcset=\"https:\/\/speyer24news.com\/wp-content\/uploads\/2021\/07\/20210701_VUA65_LDSued.jpg 800w, https:\/\/speyer24news.com\/wp-content\/uploads\/2021\/07\/20210701_VUA65_LDSued-300x195.jpg 300w, https:\/\/speyer24news.com\/wp-content\/uploads\/2021\/07\/20210701_VUA65_LDSued-768x500.jpg 768w\" sizes=\"(max-width: 800px) 100vw, 800px\" \/><\/figure><\/div>\n\n\n\n<p>Am Donnerstag (01.07.2021) kurz nach 12 Uhr verlor eine 20 Jahre alte Autofahrerin im Kurvenbereich bei der Abfahrt der A65, AS Landau-S\u00fcd infolge nicht angepasster Geschwindigkeit die Kontrolle \u00fcber ihr Fahrzeug, kam ins Schleudern und krachte in eine Schutzplanke. Ihr Fahrzeug war nicht mehr fahrbereit und musste abgeschleppt werden. Die junge Fahrerin blieb unverletzt. Die Gesamtschadensh\u00f6he liegt bei \u00fcber 2.000 Euro. Es kam zu leichten Verkehrsbehinderungen.<\/p>\n\n\n\n<h2 class=\"wp-block-heading\">(Landau) &#8211; In der Parkstra\u00dfe Geldb\u00f6rse geraubt<\/h2>\n\n\n\n<p>Am 01.07.2021 hielt sich gegen 00:30 Uhr ein 62-j\u00e4hriger Mann in der Parkstra\u00dfe, Ecke Ravelinstra\u00dfe auf. V\u00f6llig unvermittelt schlug ihm ein bislang unbekannter Mann ins Gesicht, dr\u00fcckte ihn zu Boden und nahm dem Opfer die Geldb\u00f6rse ab. Anschlie\u00dfend fl\u00fcchtete der T\u00e4ter in Richtung Westring. Der T\u00e4ter war m\u00e4nnlich, etwa 20 Jahre alt, trug einen hellen Kapuzenpullover, war etwa 1,80m gro\u00df und von kr\u00e4ftiger Statur. Die Kriminalinspektion Landau hat Ermittlungen aufgenommen. Hinweise werden unter 06341\/2870 oder&nbsp;<a href=\"mailto:kilandau@polizei.rlp.de\">kilandau@polizei.rlp.de<\/a>&nbsp;entgegengenommen.<\/p>\n\n\n\n<h2 class=\"wp-block-heading\">(Landau) &#8211; Am Busbahnhof angegriffen<\/h2>\n\n\n\n<p>Am Mittwoch, 30.06.2021, drohte in der Zeit zwischen 20:00 und 20:30 Uhr ein 46-j\u00e4hriger Mann am Busbahnhof in Landau einem 35-j\u00e4hrigen Mann Schl\u00e4ge an und forderte von diesem Bargeld. Um seiner Forderung Nachdruck zu verleihen, schrie der T\u00e4ter den Gesch\u00e4digten an und warf eine Flasche nach ihm, nachdem sich der 35-j\u00e4hrige etwas entfernen konnte. Als die Situation letztlich in einer Rangelei m\u00fcndete, trennten anwesende Passanten beide Personen. Das 35-j\u00e4hrige Opfer erlitt durch den Angriff leichte Verletzungen. Die Kriminalinspektion Landau hat die Ermittlungen aufgenommen und bittet insbesondere die Passanten, welche schlichtend eingriffen, sich unter 06341\/2870 oder&nbsp;<a href=\"mailto:kilandau@polizei.rlp.de\">kilandau@polizei.rlp.de<\/a>&nbsp;zu melden.<\/p>\n\n\n\n<h2 class=\"wp-block-heading\">(Edenkoben) &#8211; Mit Betonpfeiler kollidiert<\/h2>\n\n\n\n<div class=\"wp-block-image\"><figure class=\"aligncenter size-large\"><img decoding=\"async\" loading=\"lazy\" width=\"800\" height=\"513\" src=\"https:\/\/speyer24news.com\/wp-content\/uploads\/2021\/07\/20210702_VUSchanzstrasse.jpg\" alt=\"\" class=\"wp-image-38462\" srcset=\"https:\/\/speyer24news.com\/wp-content\/uploads\/2021\/07\/20210702_VUSchanzstrasse.jpg 800w, https:\/\/speyer24news.com\/wp-content\/uploads\/2021\/07\/20210702_VUSchanzstrasse-300x192.jpg 300w, https:\/\/speyer24news.com\/wp-content\/uploads\/2021\/07\/20210702_VUSchanzstrasse-768x492.jpg 768w\" sizes=\"(max-width: 800px) 100vw, 800px\" \/><\/figure><\/div>\n\n\n\n<p>In der Schanzstra\u00dfe kam Freitagmorgen (02.07.2021, 06.30 Uhr) ein Fahrer eines Kleintransporters von der Fahrbahn ab und kollidierte mit zwei fest installierten Betonpfeiler, die als Fahrbahnbegrenzung dienen. Dabei wurden sowohl die Pfeiler als auch der Transporter massiv besch\u00e4digt, wobei der Kleinbus nicht mehr fahrbereit war und abgeschleppt werden musste. Die Gesamtschadensh\u00f6he liegt bei \u00fcber 5.000 Euro.<\/p>\n\n\n\n<h2 class=\"wp-block-heading\">(Ha\u00dfloch) &#8211; Radarkontrolle<\/h2>\n\n\n\n<p>Hinweise von Anwohnern auf zu schnelles Fahren in der Moltkestra\u00dfe, veranlasste die Polizei Ha\u00dfloch am Donnerstagnachmittag (1. Juli) von 13-16 Uhr eine Geschwindigkeitskontrolle durchzuf\u00fchren. 25 Mal mussten die Beamten Bu\u00dfgelder verh\u00e4ngen, weil die erlaubten 30 nicht eingehalten wurden. Das Auto einer Fahrerin wurde zu dem aus dem Verkehr gezogen, weil es nicht versichert war. Die 46-J\u00e4hrige belegte auch den gemessenen Spitzwert von 55 km\/h.<\/p>\n\n\n\n<h2 class=\"wp-block-heading\">(Meckenheim) &#8211; Diesel verloren<\/h2>\n\n\n\n<p>F\u00fcr Verkehrsbehinderungen hat am Donnerstagnachmittag eine Dieselspur in der Hauptstra\u00dfe in Meckenheim gesorgt. Freiwillige Feuerwehr und der Landesbetrieb Mobilit\u00e4t sicherten die Dieselspur ab, die sich \u00fcber die L530 fast bis zum Ortseingang Hochdorf-Assenheim zog. F\u00fcr die Dauer der Reinigung des Stra\u00dfenbelags, wof\u00fcr man eine Spezialfirma beauftragte, musste die L530 gesperrt werden. Es kam zu Verkehrsbehinderungen. Verursacht wurde die Dieselspur durch eine geplatzte Kraftstoffleitung eines Traktors.<\/p>\n\n\n\n<h2 class=\"wp-block-heading\">(Bad D\u00fcrkheim) &#8211; Mit Roller gest\u00fcrzt<\/h2>\n\n\n\n<p>Am 01.07.2021 gegen 12:00 Uhr wurde ein 52-j\u00e4hriger Rollerfahrer bei einem Verkehrsunfall in der Mannheimer Stra\u00dfe in Bad D\u00fcrkheim verletzt. Er befuhr mit seinem Piaggio Roller die Mannheimer Stra\u00dfe in Fahrtrichtung Phillip-Fauth-Stra\u00dfe. Als er die dortigen Gleise \u00fcberfahren wollte, rutschte er vermutlich aufgrund nicht angepasster Geschwindigkeit bei regennasser Fahrbahn aus. Hierbei kam er zu Fall, verletzte sich leicht an seiner Schulter und wurde durch das DRK versorgt. Am Roller entstand kein Sachschaden.<\/p>\n\n\n\n<h2 class=\"wp-block-heading\">(Ellerstadt) &#8211; Verkehrsunfallflucht dank eines Zeugen gekl\u00e4rt<\/h2>\n\n\n\n<p>Am 30.06.2021, 19:00 Uhr wurde ein in der Speyerer Stra\u00dfe in Ellerstadt abgestellter Toyota Auris besch\u00e4digt. Ein 87-j\u00e4hriger Fahrer eines Opel Astra besch\u00e4digte im Vorbeifahren den Kotfl\u00fcgel des ordnungsgem\u00e4\u00df geparkten Toyota und entfernte sich anschlie\u00dfend unerlaubt von der Unfallstelle. Am Toyota entstand ein Sachschaden in H\u00f6he von 300 Euro und am Opel von 800 Euro. Der Verkehrsunfall konnte durch einen Zeugen beobachtet werden. Er informierte unverz\u00fcglich die Polizei und konnte sowohl das Kennzeichen des Opel als auch eine gute Beschreibung des Fahrers abgeben. Dadurch konnte der Fahrer an seiner Wohnanschrift im Bereich Ludwigshafen ermittelt werden. Gegen ihn wird nun wegen Verkehrsunfallflucht ermittelt.<\/p>\n\n\n\n<h2 class=\"wp-block-heading\">(Maxdorf) &#8211; Jagdwilderei \/ Freilaufender Hund bei\u00dft Reh<\/h2>\n\n\n\n<p>Am 01.07.2021 gegen 18:00 Uhr kam es in Maxdorf, am Waldrand in der N\u00e4he des Kreishallenbades durch einen freilaufenden, gro\u00dfen Windhund zu einem Angriff auf ein Reh. Der nicht angeleinte Hund lief dem Reh durch den Bachlauf hinterher und verbiss sich in der Flanke des Rehs. Schlie\u00dflich lie\u00df der Hund ab und das Reh fl\u00fcchtete verletzt in den Maxdorfer Wald. Die Polizei weist darauf hin, dass es sich hierbei um den Straftatbestand der Jagdwilderei handelt und gegen den noch unbekannten Hundehalter ein Strafverfahren eingeleitet wurde. Beim Ausf\u00fchren der Hunde muss sichergestellt werden, dass kein Wild gejagt wird. Im Zweifel muss der Hund angeleint werden.<\/p>\n\n\n\n<p>In diesem Zusammenhang wird darauf hingewiesen, dass es sich bei dem betroffenen Heidegebiet, in Maxdorf und Birkenheide, um ein Landschaftsschutzgebiet handelt. Hier sind Hunde generell immer anzuleinen, also auch au\u00dferhalb der bebauten Gebiete. Verst\u00f6\u00dfe k\u00f6nnen mit bis zu 5000EUR geahndet werden. Die Polizei bittet um Beachtung der Beschilderung.<\/p>\n\n\n\n<p>Wer sachdienliche Hinweise zu dem genannten Fall geben kann, wird gebeten sich mit der Polizeiwache Maxdorf unter der Rufnummer 06237 \/ 934-1100 oder der Polizeiinspektion Frankenthal unter der Rufnummer 06233 \/ 313-0 in Verbindung zu setzen. Hinweise k\u00f6nnen auch per E-Mail unter&nbsp;<a href=\"mailto:pwmaxdorf@polizei.rlp.de\">pwmaxdorf@polizei.rlp.de<\/a>&nbsp;\u00fcbermittelt werden.<\/p>\n\n\n\n<h2 class=\"wp-block-heading\">(Lambsheim) &#8211; Unfallflucht \/ LKW besch\u00e4digt Telefonkasten<\/h2>\n\n\n\n<p>Am 01.07.2021 gegen 08:30 Uhr kam es in Lambsheim zu einem Verkehrsunfall mit Flucht. Ein LKW-Fahrer bog von der Frankenthaler Stra\u00dfe in die Bollwerkstra\u00dfe ab. Hierbei besch\u00e4digte der LKW einen Laternenpfosten und einen Telefonverteilerkasten eines Telefonanbieters. Hierdurch kam es zu einem Netzausfall im Umkreis von ca. 1,5km. Obwohl der Fahrer den Unfall bemerkt hatte, setzte er die Fahrt fort, ohne den Schaden zu melden. Der Unfall wurde aber durch Passanten beobachtet.<\/p>\n\n\n\n<p>Gegen den Fahrer wurde ein Strafverfahren wegen Verkehrsunfallflucht eingeleitet. Neben den zivilrechtlichen Anspr\u00fcchen muss er mit dem Verlust des F\u00fchrerscheins und einer Geldstrafe rechnen. Die Polizei r\u00e4t deshalb jeden Unfall zu melden. Das Unerlaubte Entfernen vom Unfallort ist kein Kavaliersdelikt!<\/p>\n\n\n\n<p>Wer sachdienliche Hinweise zu dem genannten Fall geben kann, wird gebeten sich mit der Polizeiwache Maxdorf unter der Rufnummer 06237 \/ 934-1100 oder der Polizeiinspektion Frankenthal unter der Rufnummer 06233 \/ 313-0 in Verbindung zu setzen. Hinweise k\u00f6nnen auch per E-Mail unter&nbsp;<a href=\"mailto:pwmaxdorf@polizei.rlp.de\">pwmaxdorf@polizei.rlp.de<\/a>&nbsp;\u00fcbermittelt werden.<\/p>\n\n\n\n<h2 class=\"wp-block-heading\">(Frankenthal) &#8211; Verkehrsunfallflucht I<\/h2>\n\n\n\n<p>Nach einer Verkehrsunfallflucht am 01.07.2021, gegen 16.35 Uhr, in der Ackerstra\u00dfe, H\u00f6he Hausnummer 6, sucht die Polizei Frankenthal nach dem gesch\u00e4digten Fahrzeug. Es soll sich hierbei um einen blauen Pkw handeln. Dieser d\u00fcrfte Kratzer an der rechten Front- oder Hecksto\u00dfstange haben.<\/p>\n\n\n\n<p>Zeugen werden gebeten sich an die Polizeiinspektion Frankenthal unter der Tel.-Nr.: 06233\/313-0 oder an die Polizeiwache Maxdorf unter der Tel.-Nr.: 06237\/934-1100 zu wenden. Gerne nehmen wir Ihre Hinweise auch per E-Mail unter&nbsp;<a href=\"mailto:pifrankenthal@polizei.rlp.de\">pifrankenthal@polizei.rlp.de<\/a>&nbsp;entgegen.<\/p>\n\n\n\n<h2 class=\"wp-block-heading\">(Frankenthal) &#8211; Verkehrsunfallflucht II<\/h2>\n\n\n\n<p>Der Gesch\u00e4digte befuhr am 01.07.2021, gegen 15.40 Uhr, mit seinem Transporter Peugeot Boxer den Albrecht-D\u00fcrer-Ring in Richtung Benderstra\u00dfe. In H\u00f6he der Hausnummer 29a fuhr ein bislang unbekannter Fahrzeugf\u00fchrer mit seinem silberfarbenen BMW in eine aufgrund eines haltenden Busses entstandene Engstelle ein, sodass der Gesch\u00e4digte nach rechts ausweichen musste und einen parkenden Pkw besch\u00e4digte. Der Schaden wird auf etwa 300 Euro gesch\u00e4tzt.<\/p>\n\n\n\n<p>Zeugen werden gebeten sich an die Polizeiinspektion Frankenthal unter der Tel.-Nr.: 06233\/313-0 oder an die Polizeiwache Maxdorf unter der Tel.-Nr.: 06237\/934-1100 zu wenden. Gerne nehmen wir Ihre Hinweise auch per E-Mail unter&nbsp;<a href=\"mailto:pifrankenthal@polizei.rlp.de\">pifrankenthal@polizei.rlp.de<\/a>&nbsp;entgegen.<\/p>\n\n\n\n<h2 class=\"wp-block-heading\">(Frankenthal) &#8211; Rollerdiebstahl<\/h2>\n\n\n\n<p>Bislang unbekannte T\u00e4ter entwendeten am 01.07.2021, zwischen 11.15 Uhr und 12.25 Uhr, einen in der Westliche Ringstra\u00dfe, vor der dortigen Bank abgestellten Roller der Marke Rex in der Farbe rot, die Front des Rollers ist gelb. Der Schaden wird auf etwa 500 Euro gesch\u00e4tzt.<\/p>\n\n\n\n<p>Zeugen werden gebeten sich an die Polizeiinspektion Frankenthal unter der Tel.-Nr.: 06233\/313-0 oder an die Polizeiwache Maxdorf unter der Tel.-Nr.: 06237\/934-1100 zu wenden. Gerne nehmen wir Ihre Hinweise auch per E-Mail unter&nbsp;<a href=\"mailto:pifrankenthal@polizei.rlp.de\">pifrankenthal@polizei.rlp.de<\/a>&nbsp;entgegen.<\/p>\n\n\n\n<h2 class=\"wp-block-heading\">(Frankenthal) &#8211; Verkehrsunfallflucht III<\/h2>\n\n\n\n<p>Die Gesch\u00e4digte bog am 01.07.2021, gegen 06.50 Uhr, in der Industriestra\u00dfe, H\u00f6he Hausnummer 123, nach links ab, um auf das Gel\u00e4nde des dortigen Versorgungsunternehmens zu fahren. W\u00e4hrend des Abbiegevorganges kollidierte sie mit einem Fahrradfahrer, welcher den Fahrradweg in die falsche Richtung befuhr. Dieser entfernte sich sodann von der Unfallstelle, ohne seine Personalien anzugeben. Beschrieben wird er als m\u00e4nnlich, etwa 20 Jahre alt, blonde Haare, graue Arbeitshosen. Am Pkw der Gesch\u00e4digten entstand ein Schaden von etwa 300 Euro.<\/p>\n\n\n\n<p>Zeugen werden gebeten sich an die Polizeiinspektion Frankenthal unter der Tel.-Nr.: 06233\/313-0 oder an die Polizeiwache Maxdorf unter der Tel.-Nr.: 06237\/934-1100 zu wenden. Gerne nehmen wir Ihre Hinweise auch per E-Mail unter&nbsp;<a href=\"mailto:pifrankenthal@polizei.rlp.de\">pifrankenthal@polizei.rlp.de<\/a>&nbsp;entgegen.<\/p>\n\n\n\n<h2 class=\"wp-block-heading\">(Frankenthal) &#8211; Verkehrsunfallflucht IV<\/h2>\n\n\n\n<p>Bereits am 25.06.2021, gegen 07.35 Uhr, kam es in der Stra\u00dfe Am Kanal zu einer Verkehrsunfallflucht, wobei ein bislang unbekannter Fahrzeugf\u00fchrer mit seinem Pkw, vermutlich dunkelgr\u00fcner VW mit FT-Kennzeichen, Fahrer wird beschrieben als etwa 50 bis 60 Jahre alt, bei der Ausfahrt vom dortigen Parkplatz am Hallenbad mit einem 12-j\u00e4hrigen Radfahrer kollidierte. Dieser wurde hierbei leicht am Knie verletzt.<\/p>\n\n\n\n<p>Zeugen werden gebeten sich an die Polizeiinspektion Frankenthal unter der Tel.-Nr.: 06233\/313-0 oder an die Polizeiwache Maxdorf unter der Tel.-Nr.: 06237\/934-1100 zu wenden. Gerne nehmen wir Ihre Hinweise auch per E-Mail unter&nbsp;<a href=\"mailto:pifrankenthal@polizei.rlp.de\">pifrankenthal@polizei.rlp.de<\/a>&nbsp;entgegen.<\/p>\n\n\n\n<h2 class=\"wp-block-heading\">(Ludwigshafen) &#8211; F\u00fcnf Verletzte nach Schl\u00e4gerei zwischen zwei Familien<\/h2>\n\n\n\n<p>Am Freitagabend, den 02.07.2021 kam es gegen 21:50h in einem Mehrfamilienhaus der Mundenheimer Stra\u00dfe in Ludwigshafen zu einer Schl\u00e4gerei zwischen zwei Familien, welche sich auch auf die Stra\u00dfe verlagerte. Dabei wurden insgesamt f\u00fcnf Personen im Alter von 6 &#8211; 51 Jahren leicht verletzt. Bereits in der Vergangenheit kam es zu diversen Meinungsverschiedenheiten, zweier im selben Anwesen wohnenden Nachbarsfamilien. Am Freitagabend kam es w\u00e4hrend des Auszugs einer der beteiligten Familien zu erneuten Streitigkeiten. Diese eskalierten derart, dass mehrere Familienangeh\u00f6rige aufeinander einschlugen. Dabei wurde u.a. auch ein Feuerl\u00f6scher als Schlagwerkzeug eingesetzt. Durch starke Polizeikr\u00e4fte konnte die Lage schnell unter Kontrolle gebracht und die Parteien voneinander getrennt werden. Der Familie, welche folglich des Auszugs nicht mehr an der Tat\u00f6rtlichkeit wohnt, wurde ein Platzverweis ausgesprochen. Im Einsatz waren mehrere Not\u00e4rzte und Rettungsfahrzeuge, welche die verletzten Personen zur weiteren medizinischen Versorgung in umliegende Krankenh\u00e4user brachten. Durch die Polizei wurden die strafrechtlichen Ermittlungen aufgenommen.<\/p>\n\n\n\n<h2 class=\"wp-block-heading\">(A 650 \/ Ludwigshafen-Oggersheim) &#8211; Porsche \u00fcberholt rechts, bed\u00e4ngt und n\u00f6tigt andere Pkw`s \/ Zeugen gesucht<\/h2>\n\n\n\n<p>Am 02.07.2021, gegen 14.00 Uhr kam es auf der BAB 650 am Oggersheimer Kreuz in Fahrtrichtung Bad D\u00fcrkheim zu einer Stra\u00dfenverkehrsgef\u00e4hrdung durch einen blauen Porsche 911. Dieser hat auf der Strecke andere Pkw`s \u00fcber den rechten Fahrstreifen \u00fcberholt und anschlie\u00dfend mehrere bislang unbekannte Fahrzeugf\u00fchrer durch dichtes Auffahren und bet\u00e4tigen der Lichthupe gen\u00f6tigt und bedr\u00e4ngt. Der Porsche setzte die rasante Fahrt bis nach Bad D\u00fcrkheim fort. Verkehrsteilnehmer die durch die Fahrweise gesch\u00e4digt wurden oder die Fahrweise beobachtet hatten, werden gebeten sich der Polizeiautobahnstation Ruchheim zu melden.<\/p>\n\n\n\n<h2 class=\"wp-block-heading\">(Ludwigshafen) &#8211; Angeblicher Kinderansprecher entpuppt sich als harmlos<\/h2>\n\n\n\n<p>Am Freitag (02.07.2021), gegen 7:30 Uhr, meldeten an der Bushaltestelle in der Pommernstra\u00dfe wartende jugendliche Schulkinder einen sogenannten &#8222;Kinderansprecher&#8220;.<\/p>\n\n\n\n<p>Bei den sofort eingeleiteten Ermittlungen durch Polizeistreifen konnte der Sachverhalt schnell aufgekl\u00e4rt werden. Bei dem vermeintlichen Kinderansprecher handelte es sich um einen 36-j\u00e4hrigen Taxifahrer. Dieser bekam von seiner Zentrale den Auftrag, die ausgefallenen Schulbusse zu ersetzen. Hierzu sprach er die an der Haltestelle wartenden Schulkinder an und bot diesen gem\u00e4\u00df seinem Auftrag die M\u00f6glichkeit des kostenlosen Transports zur Schule an.<\/p>\n\n\n\n<p>Bei den Ermittlungen ergaben sich keine Hinweise auf ein strafbares Verhalten des Mannes. Auch eine Gefahr bestand zu keinem Zeitpunkt.<\/p>\n\n\n\n<p>Meldungen dar\u00fcber, dass Kinder aus Fahrzeugen heraus angesprochen werden, beunruhigen alle Eltern und Erziehungsverantwortlichen. Jedoch hat nicht jeder Fremde, der ein Kind anspricht, B\u00f6ses im Sinn.<\/p>\n\n\n\n<h4 class=\"wp-block-heading\">Folgende Ratschl\u00e4ge sollten Sie beachten, wenn Kinder davon erz\u00e4hlen, dass sie von Fremden angesprochen wurden:<\/h4>\n\n\n\n<ul><li><strong>Loben Sie Ihr Kind daf\u00fcr, dass es sich Ihnen anvertraut hat.<\/strong><\/li><li><strong>Vermeiden Sie Ger\u00fcchte und beugen Sie somit einer Hysterie in Ihrer Nachbarschaft vor.<\/strong><\/li><li><strong>Teilen Sie keine spekulativen Informationen \u00fcber soziale Netzwerke.<\/strong><\/li><li><strong>Melden Sie den Vorfall der Polizei. \u00dcber den Polizeinotruf 110 erreichen Sie diese zu jeder Tages- und Nachtzeit.<\/strong><\/li><li><strong>Bereiten Sie Ihre Kinder auf solche Situationen vor.<\/strong><\/li><li><strong>Eltern sollten Verhaltensregeln f\u00fcr den Schulweg und die Freizeit festlegen.<\/strong><\/li><li><strong>Schicken Sie Ihr Kind m\u00f6glichst nicht allein, sondern in kleinen Gruppen zusammen mit anderen Kindern zur Schule oder zum Spielplatz. Halten Sie es zur P\u00fcnktlichkeit an. <\/strong><\/li><\/ul>\n\n\n\n<p>Wir nehmen Ihre \u00c4ngste ernst und sind stets f\u00fcr Sie ansprechbar. Melden Sie bitte jeden verd\u00e4chtigen Sachverhalt sofort bei Ihrer Polizeidienststelle oder \u00fcber Notruf.<\/p>\n\n\n\n<p>In der Brosch\u00fcre &#8222;Missbrauch verhindern&#8220; unter&nbsp;<a target=\"_blank\" href=\"https:\/\/s.rlp.de\/H99vT\" rel=\"noreferrer noopener\">https:\/\/s.rlp.de\/H99vT<\/a>&nbsp;bzw. auf der Internetseite der polizeilichen Kriminalpr\u00e4vention&nbsp;<a target=\"_blank\" href=\"http:\/\/www.polizei-beratung.de\/\" rel=\"noreferrer noopener\">www.polizei-beratung.de<\/a>&nbsp;finden Sie weitere umfangreiche Informationen zu diesem Thema.<\/p>\n\n\n\n<h2 class=\"wp-block-heading\">(Ludwigshafen) &#8211; Werkzeug aus Auto gestohlen<\/h2>\n\n\n\n<p>Auf dem Parkplatz eines Bowlingcenters in der Pasadenaallee gelang es bislang Unbekannten hochwertiges Werkzeug aus einem Peugeot zu stehlen. Es entstand ein Sachschaden von mehreren tausend Euro. Der Diebstahl ereignete sich in der Zeit vom 01.07.2021, 22 Uhr, bis 02.07.2021, 00:30 Uhr. Sachdienliche Hinweise bitte an die Polizeiinspektion Ludwigshafen 1, Telefonnummer 0621 963-2122 oder per E-Mail&nbsp;<a href=\"mailto:piludwigshafen1@polizei.rlp.de\">piludwigshafen1@polizei.rlp.de<\/a>&nbsp;.<\/p>\n\n\n\n<h2 class=\"wp-block-heading\">(Ludwigshafen) &#8211; Verkehrsunfallzeugen gesucht<\/h2>\n\n\n\n<p>Am 01.07.2021, gegen 14:30 Uhr, kam es aus bislang ungekl\u00e4rter Ursache zu einem Unfall an der Kreuzung Rollesstra\u00dfe\/Lenaustra\u00dfe. Hierbei kollidierten ein 57-J\u00e4hriger Renaultfahrer und ein 43-j\u00e4hriger VW-Fahrer. An beiden Autos entstand ein Sachschaden von etwa 2.500 Euro. Zur Rekonstruktion des Unfallhergangs sucht die Polizeiinspektion Ludwigshafen 2 Zeuginnen und Zeugen. Sachdienliche Hinweise bitte an die Polizeiinspektion Ludwigshafen 2, Telefonnummer 0621 963-2222 oder per E-Mail&nbsp;<a href=\"mailto:piludwigshafen2@polizei.rlp.de\">piludwigshafen2@polizei.rlp.de<\/a>&nbsp;.<\/p>\n\n\n\n<p>Auch an der Kreuzung Orffstra\u00dfe\/Mundenheimer Stra\u00dfe kam es am 01.07.2021, gegen 17:30 Uhr, zu einem Verkehrsunfall. Ein 69-J\u00e4hriger missachtete die Vorfahrt einer 22-J\u00e4hrigen und es kam zur Kollision beider Autos. Insgesamt entstand ein Sachschaden von etwa 1500 Euro. Die Autofahrerin hatte nach dem Unfall Schmerzen und begab sich selbstst\u00e4ndig ins Krankenhaus.<\/p>\n\n\n\n<h2 class=\"wp-block-heading\">(Ludwigshafen) &#8211; Wechseltrickbetrug<\/h2>\n\n\n\n<p>Zu einem Fall von Trickdiebstahl kam es am 01.07.2021, gegen 15 Uhr, in der Kaiser-Wilhelm-Stra\u00dfe. Ein bislang Unbekannter hatte einen 67-J\u00e4hrigen aus Ludwigshafen angesprochen und dieses gebeten, ihm Geld zu wechseln. Als der Ludwigshafener dieser Bitte nachkam, gelang es dem Unbekannten unbemerkt das Scheingeld aus dem Geldbeutel des 67-J\u00e4hrigen zu entwenden. Insgesamt entstand ein Schaden von mehreren hundert Euro. Folgende T\u00e4terbeschreibung konnte der Ludwigshafener abgeben: Etwa 50 Jahre, lichtes Haar, zur Tatzeit trug er Stoffhose und Hemd.<\/p>\n\n\n\n<h2 class=\"wp-block-heading\">(Mannheim \/ A 656) &#8211; Verkehrsunfall auf A 656 zw. Autobahnkreuz Mannheim und Anschlussstelle MA-Neckarau \/ PKW ger\u00e4t ins Schleudern<\/h2>\n\n\n\n<p>PKW ger\u00e4t ins Schleudern &#8211; Fahrbahn nach Mannheim aktuell (01.07.2021 \u2013 17:19) gesperrt.<\/p>\n\n\n\n<h2 class=\"wp-block-heading\">(Mannheim \/ A 656) &#8211; Verkehrsunfall auf A 656 zw. Autobahnkreuz Mannheim und Anschlussstelle MA-Neckarau<\/h2>\n\n\n\n<h3 class=\"has-text-align-center wp-block-heading\">Pressemitteilung Nr. 2<\/h3>\n\n\n\n<p>Am Donnerstag gegen 17.00 Uhr \u00fcbersah ein 21-j\u00e4hriger LKW-Fahrer beim Fahrstreifenwechsel einen neben ihm fahrenden FIAT Punto und streifte diesen. Dadurch geriet der FIAT ins Schleudern und kollidierte erst mit der linken Leitplanke, von wo er dann in die rechte Leitplanke abgewiesen wurde und dort letztendlich zum Stehen kam. Die 21-j\u00e4hrige Fahrerin des FIAT wurde leicht verletzt und wurde in ein nahegelegenes Krankenhaus verbracht. An den Fahrzeugen und der Leitplanke entstand ein Sachschaden von ca. 10.000 Euro. Die Richtungsfahrbahn wurde f\u00fcr ca. 15min gesperrt. Der Verkehr staute sich auf einer L\u00e4nge von ca. 4km.<\/p>\n\n\n\n<h2 class=\"wp-block-heading\">(Mannheim \/ A 6) &#8211; Ohne Fahrerlaubnis, daf\u00fcr aber mit Cannabis auf der A6 unterwegs<\/h2>\n\n\n\n<p>Bei einer Fahrzeugkontrolle am Donnerstag gegen 14.45 Uhr auf der BAB 6 in Fahrtrichtung Heilbronn machte sich ein PKW-Fahrer gleich mehrerer Vergehen schuldig.<\/p>\n\n\n\n<p>Der 35-J\u00e4hrige war auf der Autobahn in einem nicht versicherten Fahrzeug unterwegs und konnte zudem keinen F\u00fchrerschein vorweisen. Eine noch vor Ort durchgef\u00fchrte Abfrage der eingesetzten Polizeibeamten ergab, dass ihm zuvor die Fahrerlaubnis unanfechtbar entzogen worden ist.<\/p>\n\n\n\n<p>Doch dem nicht genug: des Weiteren fand man bei der Fahrzeugdurchsuchung insgesamt 4,97 Gramm Cannabis verpackt in Aluminiumfolie unter dem Beifahrersitz des Autos. Auch der freiwillige Drogenurintest im Anschluss schlug positiv auf THC aus.<\/p>\n\n\n\n<p>So darf sich der besagte Fahrer nun gegen Strafanzeigen wegen des Besitzes von Bet\u00e4ubungsmitteln, Fahren unter Drogeneinfluss, Fahren ohne Fahrerlaubnis und einem Vergehen gegen das Pflichtversicherungsgesetz behaupten.<\/p>\n\n\n\n<h2 class=\"wp-block-heading\">(Mannheim-Neckarau) &#8211; Drei Fahrzeuge liefern sich verbotenes Autorennen \/ Zeugen und Gesch\u00e4digte gesucht<\/h2>\n\n\n\n<p>In der Nacht von Donnerstag auf Freitag lieferten sich im Stadtteil Neckarau drei Autofahrer mit ihren Fahrzeugen ein verbotenes Kraftfahrzeugrennen. Einer Streife der Verkehrspolizei Mannheim fielen die drei Fahrzeuge, ein Audi Q5, ein 3er BMW und ein VW-Polo GTI kurz vor Mitternacht in der Neckarauer Stra\u00dfe auf, als diese zun\u00e4chst mit \u00fcberh\u00f6hter Geschwindigkeit stadtausw\u00e4rts unterwegs waren. Die Beamten folgten ihnen daraufhin und dokumentierten deren weitere Fahrweise. An der Ampel in H\u00f6he der Dannstadter Stra\u00dfe mussten die drei Fahrzeuge aufgrund Rotlichts anhalten. Beim Umschalten auf Gr\u00fcn gaben jedoch alle drei Gas und rasten mit quietschenden Reifen in Richtung Schwetzingen los. Sie beschleunigten auf eine Geschwindigkeit von \u00fcber 170 km\/h bei erlaubten 70 km\/h. Im weiteren Verlauf erreichten sie gar Geschwindigkeiten von deutlich \u00fcber 200 km\/h (hier sind 100 km\/h erlaubt). Dabei wechselten sie st\u00e4ndig die Fahrstreifen und \u00fcberholten sich gegenseitig. Auch andere Verkehrsteilnehmer gef\u00e4hrdeten sie durch ihre r\u00fccksichtslose Fahrweise. W\u00e4hrend der Audi-Fahrer die B 36 in Richtung Mannheimer Landstra\u00dfe verlie\u00df, rasten der BMW und der VW weiter in Richtung B 535\/ A 5. Die gesamte Wegstrecke von rund 8 Kilometern hatte das Trio in rund vier Minuten zur\u00fcckgelegt.<\/p>\n\n\n\n<p>Der Audi konnte am Ortseingang Schwetzingen in H\u00f6he der Br\u00fchler Landstra\u00dfe gestoppt und dessen 28-j\u00e4hriger Fahrer kontrolliert werden. Dieser war zuvor noch einem Mercedes mit rund 160 km\/h dicht hinten aufgefahren und hatte erst im letzten Moment stark heruntergebremst. Dabei hatte er nur noch einen Abstand von weniger als einer Fahrzeugl\u00e4nge zum Mercedes.<\/p>\n\n\n\n<p>Der Audi wurde zur Vorbereitung der Einziehung sichergestellt und mit einem Abschleppfahrzeug zur Dienststelle der Verkehrspolizei Mannheim gebracht. Auch der F\u00fchrerschein des jungen Mannes wurde einbehalten. Gegen ihn wird nun wegen Teilnahme an einem verbotenen Kraftfahrzeugrennen und N\u00f6tigung ermittelt. Er muss nun mit dem Entzug seiner Fahrerlaubnis rechnen. Zudem wird die Einziehung seines Fahrzeugs als Tatmittel beantragt. Seit Anfang 2021 wurden bereits in 6 F\u00e4llen die Fahrzeuge von Teilnehmern solcher verbotenen Kraftfahrzeugrennen zur Vorbereitung der Einziehung beschlagnahmt.<\/p>\n\n\n\n<p>Die Ermittlungen hinsichtlich der beiden weiteren Beteiligten dauern an. Weitere Gesch\u00e4digte sowie Zeugen, die auf das Rennen aufmerksam geworden waren, werden gebeten, sich bei der Verkehrspolizei Mannheim, Tel.: 0621\/174-4222 zu melden.<\/p>\n\n\n\n<h2 class=\"wp-block-heading\">(Mannheim-K\u00e4fertal) &#8211; 89-J\u00e4hriger besch\u00e4digt beim Ausparken mehrere Fahrzeuge<\/h2>\n\n\n\n<p>F\u00fcnf besch\u00e4digte Fahrzeuge und ein Sachschaden in H\u00f6he von rund 15.000 Euro, das ist die Bilanz eines Ausparkman\u00f6vers eines 89-J\u00e4hrigen am Donnerstagmorgen. Gegen 08:50 Uhr verst\u00e4ndigte eine aufmerksame Passantin die Polizei nachdem sie in der Ladenburger Stra\u00dfe, vor einem dortigen Schnellimbiss, einen \u00e4lteren Autofahrer beim Ausparken aus einer Parkl\u00fccke beobachtet hatte, der hierbei gleich mehrere geparkte Autos sowie sein eigenes Fahrzeug besch\u00e4digte. Der 89-J\u00e4hrige streifte zun\u00e4chst einen links von ihm parkenden BMW und stie\u00df beim R\u00fcckw\u00e4rtsfahren gegen einen hinter ihm parkenden Audi. Beim anschlie\u00dfenden Korrigieren kollidierte der Subaru-Fahrer dann mit dem BMW eines 34-J\u00e4hrigen, der zum Unfallzeitpunkt noch im Fahrzeug sa\u00df. Der 34-J\u00e4hrige war durch den Zusammensto\u00df in der Folge derart abgelenkt, dass dieser wiederum gegen einen links von ihm stehenden Hyundai stie\u00df. Gl\u00fccklicherweise wurde niemand verletzt.<\/p>\n\n\n\n<p>Das Polizeirevier Mannheim-K\u00e4fertal hat die weiteren Ermittlungen aufgenommen und pr\u00fcft insbesondere, ob der 89-J\u00e4hrige wom\u00f6glich mit f\u00fchrerscheinrechtlichen Konsequenzen rechnen muss.<\/p>\n\n\n\n<h2 class=\"wp-block-heading\">(Heidelberg \/ A 5) &#8211; Pannenfahrzeug am Autobahnkreuz Heidelberg \/ Fahrbahn in Fahrtrichtung S\u00fcden voll gesperrt<\/h2>\n\n\n\n<h3 class=\"has-text-align-center wp-block-heading\">Pressemeldung Nr. 1<\/h3>\n\n\n\n<p>Aufgrund eines Pannen-Lkw am Autobahnkreuz Heidelberg ist die A 5 zwischen den Anschlussstellen Dossenheim und Heidelberg\/Schwetzingen in Fahrtrichtung Karlsruhe derzeit (02.07.2021 \u2013 13:10) voll gesperrt. Wegen ausgelaufener Betriebsstoffe bildete sich zwischen dem Autobahnkreuz Heidelberg und der Anschlussstelle Heidelberg\/Schwetzingen eine \u00d6lspur auf der Fahrbahn. Aktuell wird die Fahrbahn durch die Autobahnmeisterei gereinigt. Hierzu muss die Autobahn vor\u00fcbergehend voll gesperrt werden. Die Reinigungsma\u00dfnahmen werden bis in die Nachmittagsstunden andauern.<\/p>\n\n\n\n<p>Ortskundige Verkehrsteilnehmer werden gebeten, die \u00d6rtlichkeit weitr\u00e4umig zu umfahren. In Richtung Karlsruhe fahrenden Verkehrsteilnehmern wird empfohlen, ab dem Autobahnkreuz Weinheim \u00fcber die A 659 und anschlie\u00dfend ab dem Autobahnkreuz Viernheim die parallel verlaufende A 6 bis zum Autobahnkreuz Walldorf zu nutzen.<\/p>\n\n\n\n<h2 class=\"wp-block-heading\">(Heidelberg \/ A 5) &#8211; \u00d6lspur auf der A 5 bei Heidelberg \/ Fahrbahn in Fahrtrichtung S\u00fcden voll gesperrt &#8211; Polizei sucht Zeugen<\/h2>\n\n\n\n<h3 class=\"has-text-align-center wp-block-heading\">Pressemeldung Nr. 2<\/h3>\n\n\n\n<p>Gegen 11.45 Uhr wurde der Polizei eine \u00d6lspur auf der A 5 zwischen den Anschlussstellen Dossenheim und Heidelberg\/Schwetzingen gemeldet. Entgegen ersten Erkenntnissen wurde diese nicht durch einen Pannen-Lkw am Autobahnkreuz Heidelberg verursacht, sondern durch einen noch unbekannten Verkehrsteilnehmer in H\u00f6he der Anschlussstelle Dossenheim.<\/p>\n\n\n\n<p>Die Fahrbahnreinigungsarbeiten sind weiterhin im Gange und werden noch bis in die Nachmittagsstunden andauern.<\/p>\n\n\n\n<p>Ortskundige Verkehrsteilnehmer werden gebeten, die \u00d6rtlichkeit weitr\u00e4umig zu umfahren. In Richtung Karlsruhe fahrenden Verkehrsteilnehmern wird empfohlen, ab dem Autobahnkreuz Weinheim \u00fcber die A 659 und anschlie\u00dfend ab dem Autobahnkreuz Viernheim die parallel verlaufende A 6 bis zum Autobahnkreuz Walldorf zu nutzen.<\/p>\n\n\n\n<p>Zeugen, denen ein Pannenfahrzeug an genannter \u00d6rtlichkeit aufgefallen ist, oder die ein Fahrzeug beobachtet haben, das w\u00e4hrend der Fahrt Betriebsstoffe verliert, werden gebeten, sich bei der Autobahnpolizei Mannheim, Tel:. 0621\/47093-0 zu melden.<\/p>\n\n\n\n<h2 class=\"wp-block-heading\">(Heidelberg \/ A 5) &#8211; \u00d6lspur auf der A 5 bei Heidelberg \/ Fahrbahn in Fahrtrichtung S\u00fcden wieder frei<\/h2>\n\n\n\n<h3 class=\"has-text-align-center wp-block-heading\">Pressemeldung Nr. 3<\/h3>\n\n\n\n<p>Die gemeldete Gefahr einer \u00d6lspur auf der A 5 zwischen den Anschlussstellen Dossenheim und Heidelberg\/Schwetzingen besteht nicht mehr. Die Fahrbahnreinigungsarbeiten sind abgeschlossen und die Fahrbahn ist f\u00fcr den Fahrzeugverkehr wieder freigegeben.<\/p>\n\n\n\n<h2 class=\"wp-block-heading\">(Heidelberg) &#8211; Ausschreitungen am Pfingstwochenende auf dem Neuenheimer Neckarvorland; Bilanz der Ermittlungsgruppe &#8222;Neckarwiese&#8220;<\/h2>\n\n\n\n<h3 class=\"wp-block-heading\">Gemeinsame Pressemitteilung des PP Mannheim und der StA Heidelberg<\/h3>\n\n\n\n<p>Eine verletzte Polizeibeamtin und ein verletzter Polizeibeamter, acht besch\u00e4digte Dienstfahrzeuge, erhebliche Besch\u00e4digungen an einer Toilettenanlage, an Parkb\u00e4nken, an Tischen, an einem Verkaufsstand von Schaustellern sowie an einem mobilen Corona-Testzelt mit einem Gesamtschaden von ca. 47.000 Euro sind die Bilanz der Ausschreitungen in der Nacht zum Pfingstsonntag auf der Neckarwiese in Heidelberg-Neuenheim.<\/p>\n\n\n\n<p>Die bisherigen Ermittlungen wurden durch die Ermittlungsgruppe &#8222;Neckarwiese&#8220; des Polizeipr\u00e4sidiums Mannheim in Zusammenarbeit mit der Staatsanwaltschaft Heidelberg gef\u00fchrt.<\/p>\n\n\n\n<h4 class=\"wp-block-heading\">Die Bilanz der bisherigen Ermittlungsarbeit:<\/h4>\n\n\n\n<p>Zwischenzeitlich konnten 13 Beschuldigte im Alter zwischen 17 und 22 Jahren ermittelt werden, die aus dem Landkreis Karlsruhe, aus Mannheim, Heidelberg, dem Rhein-Neckar- und dem Hohenlohekreis stammen. Gegen sie hat die Staatsanwaltschaft Heidelberg Ermittlungsverfahren u.a. wegen schweren Landfriedensbruchs eingeleitet. Gegen zwei der 13 Beschuldigten wurden Haftbefehle erlassen.<\/p>\n\n\n\n<p>Einer der beiden Haftbefehle, der sich gegen einen 18 Jahre alten Heranwachsenden aus dem Landkreis Karlsruhe richtet, wurde in Vollzug gesetzt. Die Staatsanwaltschaft hat zwischenzeitlich &#8211; wie bereits bekannt (Pressemitteilung der Staatsanwaltschaft Heidelberg vom 25.06.2021) &#8211; die Anklage beim Jugendsch\u00f6ffengericht erhoben. Gegen einen weiteren 19-J\u00e4hrigen aus dem Landkreis Karlsruhe wurde der Haftbefehl gegen Auflagen au\u00dfer Vollzug gesetzt.<\/p>\n\n\n\n<p>Dar\u00fcber hinaus bittet die Polizei die \u00d6ffentlichkeit um Mithilfe bei der Fahndung nach und Identifizierung von zwei weiteren m\u00e4nnlichen Tatverd\u00e4chtigen. Ihre Fotos sind auf dem Fahndungsportal der Polizei Baden-W\u00fcrttemberg ver\u00f6ffentlicht. Zeugen werden gebeten, sich an den Kriminaldauerdienst des Polizeipr\u00e4sidiums Mannheim, Tel.: 0621\/174-4444, zu wenden.<\/p>\n\n\n\n<p>Im Zuge der Ermittlungen wurden bislang \u00fcber 20 Wohnungen durchsucht, umfangreiches Beweismittel, darunter 21 Mobiltelefone, beschlagnahmt und rund 250 \u00fcbermittelte Videoaufzeichnungen in einer Datenmenge von \u00fcber einem Terabyte ausgewertet. Au\u00dferdem gingen knapp 50 Hinweise ein, denen im Rahmen der Ermittlungen nachgegangen wurde.<\/p>\n\n\n\n<p>Gegen s\u00e4mtliche Beschuldigte werden seitens der Stadt Heidelberg Aufenthaltsverbote f\u00fcr Bereiche des Stadtgebiets bzw. f\u00fcr das Neckarvorland gepr\u00fcft und wurden teilweise bereits erlassen.<\/p>\n\n\n\n<p>Die Ermittlungen der Ermittlungsgruppe &#8222;Neckarwiese&#8220; dauern an. Insbesondere wird bei neun weiteren Personen gepr\u00fcft, ob auch gegen sie ein strafrechtlicher Anfangsverdacht besteht.<\/p>\n\n\n\n<p>Link zur Pressemitteilung der Staatsanwaltschaft Heidelberg vom 25.06.2021:&nbsp;<a target=\"_blank\" href=\"https:\/\/staatsanwaltschaft-heidelberg.justiz-bw.de\/pb\/,Lde\/Startseite\/Presse\/Ausschreitungen+auf+der+Neckarwiese+vom+22_23_+Mai_+Staatsanwaltschfft+Heidelberg+erhebt+Anklage+gegen++inhaftierten+Heranwachsenden\" rel=\"noreferrer noopener\">https:\/\/staatsanwaltschaft-heidelberg.justiz-bw.de\/pb\/,Lde\/Startseite\/Presse\/Ausschreitungen+auf+der+Neckarwiese+vom+22_23_+Mai_+Staatsanwaltschfft+Heidelberg+erhebt+Anklage+gegen++inhaftierten+Heranwachsenden<\/a><\/p>\n\n\n\n<p>Link zum Fahndungsportal der Polizei Baden-W\u00fcrttemberg:&nbsp;<a target=\"_blank\" href=\"https:\/\/fahndung.polizei-bw.de\/tracing\/heidelberg-besonders-schwerer-fall-des-landfriedensbruchs\/\" rel=\"noreferrer noopener\">https:\/\/fahndung.polizei-bw.de\/tracing\/heidelberg-besonders-schwerer-fall-des-landfriedensbruchs\/<\/a><\/p>\n\n\n\n<h2 class=\"wp-block-heading\">(Heidelberg) &#8211; Erg\u00e4nzende Hinweise des Polizeipr\u00e4sidiums Mannheim zu der Bilanz der Ermittlungsgruppe &#8222;Neckarwiese&#8220;<\/h2>\n\n\n\n<p>Als Reaktion auf die Straftaten in der Nacht zum Pfingstsonntag auf der Heidelberger Neckarwiese hat das Polizeipr\u00e4sidium Mannheim bereits am Morgen der Krawallnacht die Ermittlungsgruppe &#8222;Neckarwiese&#8220; eingerichtet. Mit 21 Beamtinnen und Beamten der Kriminal- und Schutzpolizei, darunter Spezialisten aus den Bereichen Kapitalverbrechen, Cybercrime und Multimediaforensik sowie Jugendkriminalit\u00e4t, arbeitet sie seither an der Aufkl\u00e4rung der Geschehnisse. Im Zuge der bisherigen Ermittlungen wurden auch eine spezielle Software zur Gesichtserkennung und besonders bef\u00e4higte Kolleginnen und Kollegen zur Widererkennung von Personen, sogenannte Super-Recognizer, eingesetzt.<\/p>\n\n\n\n<p>&#8222;Die Ermittlungsbilanz zeigt, dass wir mit aller Konsequenz und Entschlossenheit die Geschehnisse aufkl\u00e4ren. Jeder, der sich an solchen Handlungen beteiligt, muss wissen, dass wir es nicht auf sich beruhen lassen, sondern mit all unseren F\u00e4higkeiten und mit Nachdruck die Taten aufkl\u00e4ren und die T\u00e4ter ermitteln. Bei den Ausschreitungen handelt es sich nicht um Spa\u00df, sondern um schwere oder sogar schwerste Straften,&#8220; so der aktuelle Leiter des Polizeipr\u00e4sidiums Mannheim, Polizeivizepr\u00e4sident Siegfried Kollmar.<\/p>\n\n\n\n<h2 class=\"wp-block-heading\">(Leimen \/ Rhein-Neckar-Kreis) &#8211; 12-j\u00e4hriger Fahrradfahrer bei Verkehrsunfall verletzt \/ Verursacher fl\u00fcchtig &#8211; Polizei sucht Zeugen<\/h2>\n\n\n\n<p>Ein 12-j\u00e4hriger Junge wurde am Donnerstagmorgen in Leimen bei einem Verkehrsunfall leicht verletzt.<\/p>\n\n\n\n<p>Ein unbekannter Autofahrer war gegen 7.45 Uhr in der Hirtenwiesenstra\u00dfe in Richtung Rohrbacher Stra\u00dfe unterwegs. Beim Rechtsabbiegen in die B\u00fcrgermeister-Wiedemeier-Stra\u00dfe erfasste er den 12-J\u00e4hrigen, der sich mit dem Fahrrad auf dem Weg zur Schule befand. Der Junge st\u00fcrzte daraufhin auf die Fahrbahn. Zun\u00e4chst verlangsamte der Unbekannte seine Fahrt, fuhr dann aber doch, ohne sich um den gest\u00fcrzten Jungen zu k\u00fcmmern, einfach weiter.<\/p>\n\n\n\n<p>Der 12-J\u00e4hrige zog sich bei dem Sturz Verletzungen am Ellenbogen zu und wurde zur Behandlung in ein Krankenhaus eingeliefert.<\/p>\n\n\n\n<p>Bei dem Fahrzeug des Unbekannten soll es sich nach Zeugenaussagen um ein wei\u00dfes Familienauto mit get\u00f6nten Scheiben gehandelt haben. Es soll Mannheimer Kennzeichen mit vier Ziffern haben. Zudem seien an dem Fahrzeug auff\u00e4llige Felgen angebracht.<\/p>\n\n\n\n<p>Zeugen, die den Unfall beobachtet haben und sachdienliche Hinweise zum fl\u00fcchtigen Fahrzeug und dessen Fahrer geben k\u00f6nnen, werden gebeten, sich beim Polizeirevier Wiesloch, Tel.: 06222\/5709-0 zu melden.<\/p>\n\n\n\n<h2 class=\"wp-block-heading\">(Walldorf \/ L 598 \/ Rhein-Neckar-Kreis) &#8211; Nach Stra\u00dfenverkehrsgef\u00e4hrdung weitere Verkehrsteilnehmer gesucht!<\/h2>\n\n\n\n<p>Bereits am Samstag, den 26.06.2021 kam es am sp\u00e4ten Nachmittag zu einer Stra\u00dfenverkehrsgef\u00e4hrdung auf der Landstra\u00dfe 598 in Fahrrichtung St. Leon-Rot. Der Fahrer eines schwarzen BMW soll gegen 17.15 Uhr kurz vor der Zufahrt Hochholzer See mit deutlich \u00fcberh\u00f6hter Geschwindigkeit zwei Fahrzeuge im un\u00fcbersichtlichen Kurvenbereich \u00fcberholt haben. Dabei wurden nicht nur die \u00dcberholten, sondern auch der Gegenverkehr erheblich gef\u00e4hrdet &#8211; gl\u00fccklicherweise kam es nicht zu einem Zusammensto\u00df. Die andauernden Ermittlungen werden von den Beamten des Polizeipostens Walldorf gef\u00fchrt. Der vermeintliche BMW wurde bereits ermittelt, allerdings sind die Ermittler noch immer auf der Suche nach Verkehrsteilnehmer, die durch das \u00dcberholman\u00f6ver gef\u00e4hrdet wurden. Insbesondere der oder die Fahrer\/in eines wei\u00dfen VW Passats und eines nicht n\u00e4her bekannten schwarzen Pkw werden gebeten, sich unter 06227 8419990 an die Beamten zu wenden.<\/p>\n\n\n\n<h2 class=\"wp-block-heading\">(Hockenheim \/ Rhein-Neckar-Kreis) &#8211; Nach mehreren Einbr\u00fcchen Zeugen gesucht!<\/h2>\n\n\n\n<p>In der Nacht von Donnerstag auf Freitag kam es gleich zu drei Einbr\u00fcchen in der Heidelberger Stra\u00dfe &#8211; das Polizeirevier Hockenheim hat die Ermittlungen aufgenommen und sucht Zeugen.<\/p>\n\n\n\n<p>Der oder die T\u00e4ter verschafften sich durch das Einschlagen von Fenstern unbefugt Zutritt in zwei Kinderg\u00e4rten. Darin wurden offensichtlich mehrere B\u00fcror\u00e4ume nach Wertsachen durchsucht. In einem der Kinderg\u00e4rten wurde der Einbrecher f\u00fcndig und entwendete mehrere hundert Euro Bargeld. An beiden Einrichtungen entstand nicht unerheblicher Sachschaden. Auch in Hotel in derselben Stra\u00dfe stellte in den fr\u00fchen Morgenstunden eine aufgebrochene Kasse fest. Ob hier die- oder derselbe T\u00e4ter am Werk waren ist derzeit Ermittlungssache. Neben Sachschaden entstand auch ein Diebstahlsschaden von mehreren hundert Euro Bargeld.<\/p>\n\n\n\n<p>Zeugen, die in der Nacht Verd\u00e4chtiges beobachteten oder Hinweise geben k\u00f6nnen, werden gebeten, sich unter 06205 28600 an die Beamten zu wenden.<\/p>\n\n\n\n<h2 class=\"wp-block-heading\">(Kronau \/ A 5 \/ Rhein-Neckar-Kreis) &#8211; Schwerer LKW-Unfall \/ Rettungskr\u00e4fte im Einsatz- Autobahn Richtung Frankfurt gesperrt<\/h2>\n\n\n\n<h3 class=\"has-text-align-center wp-block-heading\">Pressemeldung Nr. 1<\/h3>\n\n\n\n<p>Am Donnerstagabend, gegen 20.00 Uhr, ereignete sich auf der BAB 5, Fahrtrichtung Frankfurt, ein schwerer Verkehrsunfall mit zwei LKW. Einsatzkr\u00e4fte von Polzei, Feuerwehr und Rettungsdienst sind aktuell im Einsatz. Ein Rettungshubschrauber ist angefordert. Die Autobahn ist momentan in Fahrtrichtung Frankfurt gesperrt. Ausleitung erfolgt an der AS Kronau.<\/p>\n\n\n\n<h2 class=\"wp-block-heading\">(Kronau \/ A 5 \/ Rhein-Neckar-Kreis) &#8211; LKW-Unfall in Richtung Frankfurt unmittelbar nach der Anschlussstelle Kronau<\/h2>\n\n\n\n<h3 class=\"has-text-align-center wp-block-heading\">Pressemitteilung Nr. 2<\/h3>\n\n\n\n<p>Gegen 20.00 Uhr prallte aus noch unbekannter Ursache ein Sattelzug der Marke DAF auf einen auf dem Standstreifen stehenden Sattelzug der Marke Scania. Der DAF Sattelzug wurde durch den Aufprall nach links abgewiesen und kollidierte dort mit der Betonbegrenzung. Der Unfallverursacher wurde hierbei eingeklemmt aber nach bisherigem Kenntnisstand nur leicht verletzt. Er wurde in ein Krankenhaus verbracht. Durch die beiden besch\u00e4digten Sattelz\u00fcge sind derzeit alle Fahrstreifen blockiert. Aktuell wird damit gerechnet, dass die Bergungs- und Aufr\u00e4umarbeiten noch bis etwa 03.30 Uhr andauern werden. Der Verkehr wird an der Anschlussstelle Kronau abgeleitet.<\/p>\n\n\n\n<h2 class=\"wp-block-heading\">(Kronau \/ A 5 \/ Rhein-Neckar-Kreis) &#8211; LKW-Unfall in Richtung Frankfurt unmittelbar nach der Anschlussstelle Kronau<\/h2>\n\n\n\n<h3 class=\"has-text-align-center wp-block-heading\">Pressemitteilung Nr. 3<\/h3>\n\n\n\n<p>Nach einem schweren LKW-Unfall am Donnerstagabend sind die Bergungs- und Reinigungsarbeiten mittlerweile abgeschlossen. Der gesamte Streckenabschnitt ist seit 5 Uhr wieder freigegeben.<\/p>\n\n\n\n<p>Bei dem Unfall entstand ein Sachschaden von mindestens 170.000 Euro.<\/p>\n\n\n\n<h2 class=\"wp-block-heading\">(Rauenberg \/ Rhein-Neckar-Kreis) &#8211; Autofahrer fl\u00fcchtet vor Polizei \/ Zeugen gesucht<\/h2>\n\n\n\n<p>Am sp\u00e4ten Donnerstagnachmittag brachte ein Pkw-F\u00fchrer sich und andere Verkehrsteilnehmer in Gefahr, als er vor einer Polizeistreife auf der B 39, H\u00f6he Rauenberg, fl\u00fcchtete. Hierbei sollte ein mit vier Personen besetzter dunkler Pkw BMW gegen 17.40 Uhr einer Verkehrskontrolle unterzogen werden, als dieser pl\u00f6tzlich mit hoher Geschwindigkeit davonfuhr. Dabei \u00fcberholte er auf der B 39, zwischen Rauenberg und dem Abzweig Rotenberg, andere Fahrzeugf\u00fchrer in riskanter Weise , die dadurch m\u00f6glicherweise gef\u00e4hrdet wurden. Als der 20-J\u00e4hrige im Zentrum von Rotenberg gestoppt werden konnte, kam es zum Zusammensto\u00df mit dem Einsatzfahrzeug der Polizeistreife. Die Insassen fl\u00fcchteten darauf zu Fu\u00df in unterschiedliche Richtungen, konnten aber im Zuge der eingeleiteten Fahndungsma\u00dfnahmen mit mehreren Streifenwagen allesamt angetroffen werden. An der erfolgreichen Suche war auch ein Polizeihubschrauber beteiligt. Warum der 20-J\u00e4hrige und seine 17- bis 18-j\u00e4hrigen Begleiter fl\u00fcchteten, ist Gegenstand der weiteren Ermittlungen, die der Verkehrsdienst Heidelberg aufgenommen hat. Am Einsatzfahrzeug der Polizei entstand ein Sachschaden von 1000EUR, am BMW von 1500 EUR. Verletzt wurde niemand. Zeugen des Vorfalles, die sachdienliche Hinweise geben k\u00f6nnen oder gef\u00e4hrdet wurden, werden gebeten, sich mit dem Verkehrsdienst Heidelberg, unter Tel. 0621-174-4110, in Verbindung zu setzten.<\/p>\n\n\n\n<h2 class=\"wp-block-heading\">(Dielheim \/ Rhein-Neckar-Kreis) &#8211; Vermisstensuche mit Lichtbild \/ Polizei bittet um Hinweise aus der Bev\u00f6lkerung<\/h2>\n\n\n\n<p>Seit Mittwochnacht gegen 01:00 Uhr wird der 60-J\u00e4hrige Matthias L. aus Dielheim vermisst. Die bisherigen polizeilichen Suchma\u00dfnahmen f\u00fchrten bislang nicht zum Auffinden von Matthias L., weshalb das Polizeipr\u00e4sidium Mannheim nun die Bev\u00f6lkerung um Mithilfe bittet.<\/p>\n\n\n\n<p>Matthias L. wurde zuletzt am Mittwoch gegen 00:40 Uhr im Bereich Pupinweg in Darmstadt (Hessen) gesehen. Zu diesem Zeitpunkt wollte er sich mit den \u00f6ffentlichen Verkehrsmitteln auf den Heimweg nach Dielheim machen, wo er jedoch nie ankam.<\/p>\n\n\n\n<p>Derzeit kann nicht ausgeschlossen werden, dass sich Matthias L. in einer hilflosen Lage befindet.<\/p>\n\n\n\n<h4 class=\"wp-block-heading\">Der 60-J\u00e4hrige wird wie folgt beschrieben:<\/h4>\n\n\n\n<ul><li><strong>ca. 183 cm gro\u00df<\/strong><\/li><li><strong>kr\u00e4ftige Statur<\/strong><\/li><li><strong>blaue Augen<\/strong><\/li><li><strong>kurze\/ braun-graue Haare mit deutlichen Geheimratsecken<\/strong><\/li><li><strong>gr\u00fcnes T-shirt, schwarze Arbeitshose und dunkle Schuhe<\/strong><\/li><\/ul>\n\n\n\n<p>Personen die Hinweise zum Aufenthaltsort des Vermissten geben k\u00f6nnen, werden gebeten, sich unter der Tel.: 0621 174-4444 oder unter dem Polizeinotruf 110 an die Polizei zu wenden.<\/p>\n\n\n\n<h2 class=\"wp-block-heading\">(Neckargem\u00fcnd \/ Rhein-Neckar-Kreis) &#8211; Unfall auf dem Schulweg \/ 8-j\u00e4hriges Kind bei Zusammensto\u00df mit PKW verletzt.<\/h2>\n\n\n\n<p>Am Freitag gegen 13:35 Uhr wurde ein Verkehrsunfall in Neckargem\u00fcnd, im Bereich der Kreuzung Bahnhofstra\u00dfe\/ An der Friedensbr\u00fccke gemeldet, bei welchem es zu einem Zusammensto\u00df zwischen einem Kind und einem PKW gekommen sei. Das Polizeirevier Neckargem\u00fcnd und der Verkehrsdienst Heidelberg-Verkehrsunfallaufnahme haben die Ermittlungen vor Ort aufgenommen. Bislang ist nicht gesichert, ob der PKW-F\u00fchrer oder das 8-j\u00e4hrige Kind bei Rotlicht die dortige Lichtzeichenanlage gequert hatten und es hierdurch zur Kollision kam. Zeugen des Vorfalls werden gebeten sich mit dem Verkehrsdienst Heidelberg unter 0621\/174-4110 in Verbindung zu setzen. Das 8-j\u00e4hrige Kind, welches es sich auf dem Nachhauseweg von der Schule befand, wurde augenscheinlich leicht verletzt und zur Untersuchung in eine Heidelberger Klinik verbracht. Am PKW des Unfallbeteiligten entstand lediglich geringer Sachschaden. W\u00e4hrend der Unfallaufnahme kommt es zu kurzfristigen Verkehrsst\u00f6rungen im Bereich der Unfallstelle. Die Unfallaufnahme vor Ort wird voraussichtlich gegen 15:00 Uhr beendet sein, sodass die Fahrbahn wieder komplett freigegeben werden kann.<\/p>\n\n\n\n<h2 class=\"wp-block-heading\">(Schriesheim \/ Rhein-Neckar-Kreis) &#8211; 18-J\u00e4hriger nach Diebst\u00e4hlen in Wohnung und Hotel in Untersuchungshaft<\/h2>\n\n\n\n<h3 class=\"wp-block-heading\">Gemeinsame Pressemitteilung der Staatsanwaltschaft Mannheim und des Polizeipr\u00e4sidiums Mannheim<\/h3>\n\n\n\n<div class=\"wp-block-image\"><figure class=\"aligncenter size-large\"><img decoding=\"async\" loading=\"lazy\" width=\"800\" height=\"600\" src=\"https:\/\/speyer24news.com\/wp-content\/uploads\/2019\/06\/Ausn\u00fcchterungszelle.jpg\" alt=\"\" class=\"wp-image-15212\" srcset=\"https:\/\/speyer24news.com\/wp-content\/uploads\/2019\/06\/Ausn\u00fcchterungszelle.jpg 800w, https:\/\/speyer24news.com\/wp-content\/uploads\/2019\/06\/Ausn\u00fcchterungszelle-300x225.jpg 300w, https:\/\/speyer24news.com\/wp-content\/uploads\/2019\/06\/Ausn\u00fcchterungszelle-768x576.jpg 768w, https:\/\/speyer24news.com\/wp-content\/uploads\/2019\/06\/Ausn\u00fcchterungszelle-678x509.jpg 678w, https:\/\/speyer24news.com\/wp-content\/uploads\/2019\/06\/Ausn\u00fcchterungszelle-326x245.jpg 326w, https:\/\/speyer24news.com\/wp-content\/uploads\/2019\/06\/Ausn\u00fcchterungszelle-80x60.jpg 80w\" sizes=\"(max-width: 800px) 100vw, 800px\" \/><\/figure><\/div>\n\n\n\n<p>Auf Antrag der Staatsanwaltschaft Mannheim wurde Haftbefehl gegen einen jungen Mann im Alter von 18 Jahren wegen des Verdachts des besonders schweren Falls des Diebstahls in zwei F\u00e4llen erlassen.<\/p>\n\n\n\n<p>Der 18-J\u00e4hrige soll zun\u00e4chst am fr\u00fchen Freitagmorgen, 11.06.2021 in die Wohnr\u00e4ume seiner Arbeitgeberin in der Bahnhofstra\u00dfe eingedrungen sein und dort Gegenst\u00e4nde im Gesamtwert von rund 1000 Euro entwendet haben. Zuvor soll er ihren Schl\u00fcsselbund gestohlen und rechtswidrig an sich genommen haben.<\/p>\n\n\n\n<p>Am Donnerstagmorgen, 29.06.2021 soll er dann einen weiteren Diebstahl begangen haben. Dieses Mal allerdings in den Gesch\u00e4ftsr\u00e4umen seines ehemaligen Arbeitgebers im Eichenweg. Dort soll er den Umstand eines gekippten Fensters ausgenutzt haben, um sich so Zutritt in das Innere des Hotels zu verschaffen. Bei seiner anschlie\u00dfenden Suche nach Wertgegenst\u00e4nden soll der Tatverd\u00e4chtige auf einen geringen Bargeldbetrag gesto\u00dfen sein, den er in der Folge an sich genommen haben soll.<\/p>\n\n\n\n<p>Die Ermittlungsgruppe Eigentum der Kriminalpolizeidirektion Heidelberg konnte den 18-J\u00e4hrigen im Rahmen der weiterf\u00fchrenden Ermittlungen identifizieren und in der Folge festnehmen.<\/p>\n\n\n\n<p>Bei einer anschlie\u00dfenden Wohnungsdurchsuchung fanden die Ermittler Teile des Stehlguts und weitere Beweismittel.<\/p>\n\n\n\n<p>Am Freitagmittag, 02.07.2021 wurde der junge Mann schlie\u00dflich dem Ermittlungsrichter beim Amtsgericht Mannheim vorgef\u00fchrt. Dieser erlie\u00df auf Antrag der Staatsanwaltschaft Mannheim Haftbefehl gegen den 18-J\u00e4hrigen wegen des Verdachts des besonders schweren Falls des Diebstahls in zwei F\u00e4llen.<\/p>\n\n\n\n<p>Anschlie\u00dfend wurde er in eine Justizvollzugsanstalt eingeliefert.<\/p>\n\n\n\n<p>Die weiteren Ermittlungen dauern derzeit noch an.<\/p>\n","protected":false},"excerpt":{"rendered":"<div class=\"mh-excerpt\"><p>Polizeimeldungen vom Freitag (02.07.2021) (Speyer) &#8211; Zwei Verletzte nach Spiritusentz\u00fcndung Am Freitagabend gegen 22:15 Uhr kam es w\u00e4hrend eines Ferienlagers im Gemeindehaus Speyer zur Entz\u00fcndung eines Spirituskochers. Hierdurch erlitten ein Kind und ein Betreuer Brandverletzungen. <a class=\"mh-excerpt-more\" href=\"https:\/\/speyer24news.com\/?p=38458\" title=\"Polizei\">[&#8230;]<\/a><\/p>\n<\/div>","protected":false},"author":3,"featured_media":26162,"comment_status":"open","ping_status":"open","sticky":false,"template":"","format":"standard","meta":{"_monsterinsights_skip_tracking":false,"_monsterinsights_sitenote_active":false,"_monsterinsights_sitenote_note":"","_monsterinsights_sitenote_category":0,"footnotes":""},"categories":[12],"tags":[3614,702,61,2555,6955,6986,6263,63,105,11150,6987,53,4854,4683,1548,102,213,55,5261,103,106,2803,2423,427,2625,380,62,104,979,1565],"aioseo_notices":[],"amp_enabled":true,"_links":{"self":[{"href":"https:\/\/speyer24news.com\/index.php?rest_route=\/wp\/v2\/posts\/38458"}],"collection":[{"href":"https:\/\/speyer24news.com\/index.php?rest_route=\/wp\/v2\/posts"}],"about":[{"href":"https:\/\/speyer24news.com\/index.php?rest_route=\/wp\/v2\/types\/post"}],"author":[{"embeddable":true,"href":"https:\/\/speyer24news.com\/index.php?rest_route=\/wp\/v2\/users\/3"}],"replies":[{"embeddable":true,"href":"https:\/\/speyer24news.com\/index.php?rest_route=%2Fwp%2Fv2%2Fcomments&post=38458"}],"version-history":[{"count":3,"href":"https:\/\/speyer24news.com\/index.php?rest_route=\/wp\/v2\/posts\/38458\/revisions"}],"predecessor-version":[{"id":38624,"href":"https:\/\/speyer24news.com\/index.php?rest_route=\/wp\/v2\/posts\/38458\/revisions\/38624"}],"wp:featuredmedia":[{"embeddable":true,"href":"https:\/\/speyer24news.com\/index.php?rest_route=\/wp\/v2\/media\/26162"}],"wp:attachment":[{"href":"https:\/\/speyer24news.com\/index.php?rest_route=%2Fwp%2Fv2%2Fmedia&parent=38458"}],"wp:term":[{"taxonomy":"category","embeddable":true,"href":"https:\/\/speyer24news.com\/index.php?rest_route=%2Fwp%2Fv2%2Fcategories&post=38458"},{"taxonomy":"post_tag","embeddable":true,"href":"https:\/\/speyer24news.com\/index.php?rest_route=%2Fwp%2Fv2%2Ftags&post=38458"}],"curies":[{"name":"wp","href":"https:\/\/api.w.org\/{rel}","templated":true}]}}