{"id":38467,"date":"2021-07-03T07:38:46","date_gmt":"2021-07-03T06:38:46","guid":{"rendered":"https:\/\/speyer24news.com\/?p=38467"},"modified":"2021-07-06T06:28:38","modified_gmt":"2021-07-06T05:28:38","slug":"vermisstensuche-vermisste-person-7","status":"publish","type":"post","link":"https:\/\/speyer24news.com\/?p=38467","title":{"rendered":"Vermisstensuche \/ Vermisste Person"},"content":{"rendered":"<style type=\"text\/css\">\r\n\t.ads_top_disp{}\r\n\t.ads_top_corner_disp{ float:left; margin:0px 10px 10px 0px; }\r\n\t.ads_first_p_disp{}\r\n\t.ads_bottom_disp{}\r\n\t<\/style>\n<h2 class=\"wp-block-heading\">Vermisstensuche mit Lichtbild &#8211; Gesuchte Person aufgefunden und wohlauf<\/h2>\n\n\n\n<p><strong>(Dielheim \/ Rhein-Neckar-Kreis) &#8211; <\/strong>Der seit Mittwochnacht als vermisst gemeldete 60-j\u00e4hrige Matthias L., der zuletzt am Mittwoch in Darmstadt gesehen wurde, konnte wohlbehalten angetroffen werden. Der 60-J\u00e4hrige meldete sich am Samstag selbstst\u00e4ndig bei Angeh\u00f6rigen und gab telefonisch an, auf dem Heimweg zu sein. Beamte des Polizeireviers Wiesloch konnten Matthias L. dann gegen 17:15 Uhr fu\u00dfl\u00e4ufig auf dem Radweg zwischen Wiesloch und Dielheim antreffen. Die genauen Hintergr\u00fcnde zum Verschwinden sind derzeit nicht bekannt.<\/p>\n\n\n\n<p><em>Polizeipr\u00e4sidium Mannheim<br>06.07.2021<\/em><\/p>\n\n\n\n<h2 class=\"wp-block-heading\">Vermisstensuche mit Lichtbild<\/h2>\n\n\n\n<h3 class=\"wp-block-heading\">Polizei bittet um Hinweise aus der Bev\u00f6lkerung<\/h3>\n\n\n\n<p><strong>(Dielheim \/ Rhein-Neckar-Kreis) \u2013 <\/strong>Seit Mittwochnacht gegen 01:00 Uhr wird der 60-J\u00e4hrige Matthias L. aus Dielheim vermisst. Die bisherigen polizeilichen Suchma\u00dfnahmen f\u00fchrten bislang nicht zum Auffinden von Matthias L., weshalb das Polizeipr\u00e4sidium Mannheim nun die Bev\u00f6lkerung um Mithilfe bittet.<\/p>\n\n\n\n<p>Matthias L. wurde zuletzt am Mittwoch gegen 00:40 Uhr im Bereich Pupinweg in Darmstadt (Hessen) gesehen. Zu diesem Zeitpunkt wollte er sich mit den \u00f6ffentlichen Verkehrsmitteln auf den Heimweg nach Dielheim machen, wo er jedoch nie ankam.<\/p>\n\n\n\n<p>Derzeit kann nicht ausgeschlossen werden, dass sich Matthias L. in einer hilflosen Lage befindet.<\/p>\n\n\n\n<h4 class=\"wp-block-heading\">Der 60-J\u00e4hrige wird wie folgt beschrieben:<\/h4>\n\n\n\n<ul><li><strong>ca. 183 cm gro\u00df<\/strong><\/li><li><strong>kr\u00e4ftige Statur<\/strong><\/li><li><strong>blaue Augen<\/strong><\/li><li><strong>kurze\/ braun-graue Haare mit deutlichen Geheimratsecken<\/strong><\/li><li><strong>gr\u00fcnes T-shirt, schwarze Arbeitshose und dunkle Schuhe<\/strong><\/li><\/ul>\n\n\n\n<p>Personen die Hinweise zum Aufenthaltsort des Vermissten geben k\u00f6nnen, werden gebeten, sich unter der Tel.: 0621 174-4444 oder unter dem Polizeinotruf 110 an die Polizei zu wenden.<\/p>\n\n\n\n<p><em>Polizeipr\u00e4sidium Mannheim<br>03.07.2021<\/em><\/p>\n","protected":false},"excerpt":{"rendered":"<div class=\"mh-excerpt\"><p>Vermisstensuche mit Lichtbild &#8211; Gesuchte Person aufgefunden und wohlauf (Dielheim \/ Rhein-Neckar-Kreis) &#8211; Der seit Mittwochnacht als vermisst gemeldete 60-j\u00e4hrige Matthias L., der zuletzt am Mittwoch in Darmstadt gesehen wurde, konnte wohlbehalten angetroffen werden. Der <a class=\"mh-excerpt-more\" href=\"https:\/\/speyer24news.com\/?p=38467\" title=\"Vermisstensuche \/ Vermisste Person\">[&#8230;]<\/a><\/p>\n<\/div>","protected":false},"author":3,"featured_media":0,"comment_status":"open","ping_status":"open","sticky":false,"template":"","format":"standard","meta":{"_monsterinsights_skip_tracking":false,"_monsterinsights_sitenote_active":false,"_monsterinsights_sitenote_note":"","_monsterinsights_sitenote_category":0,"footnotes":""},"categories":[12],"tags":[11397,103,62,1117,12342,619,12343,618,12341,12345,12344],"aioseo_notices":[],"amp_enabled":true,"_links":{"self":[{"href":"https:\/\/speyer24news.com\/index.php?rest_route=\/wp\/v2\/posts\/38467"}],"collection":[{"href":"https:\/\/speyer24news.com\/index.php?rest_route=\/wp\/v2\/posts"}],"about":[{"href":"https:\/\/speyer24news.com\/index.php?rest_route=\/wp\/v2\/types\/post"}],"author":[{"embeddable":true,"href":"https:\/\/speyer24news.com\/index.php?rest_route=\/wp\/v2\/users\/3"}],"replies":[{"embeddable":true,"href":"https:\/\/speyer24news.com\/index.php?rest_route=%2Fwp%2Fv2%2Fcomments&post=38467"}],"version-history":[{"count":2,"href":"https:\/\/speyer24news.com\/index.php?rest_route=\/wp\/v2\/posts\/38467\/revisions"}],"predecessor-version":[{"id":38627,"href":"https:\/\/speyer24news.com\/index.php?rest_route=\/wp\/v2\/posts\/38467\/revisions\/38627"}],"wp:attachment":[{"href":"https:\/\/speyer24news.com\/index.php?rest_route=%2Fwp%2Fv2%2Fmedia&parent=38467"}],"wp:term":[{"taxonomy":"category","embeddable":true,"href":"https:\/\/speyer24news.com\/index.php?rest_route=%2Fwp%2Fv2%2Fcategories&post=38467"},{"taxonomy":"post_tag","embeddable":true,"href":"https:\/\/speyer24news.com\/index.php?rest_route=%2Fwp%2Fv2%2Ftags&post=38467"}],"curies":[{"name":"wp","href":"https:\/\/api.w.org\/{rel}","templated":true}]}}