{"id":38494,"date":"2021-07-03T08:25:32","date_gmt":"2021-07-03T07:25:32","guid":{"rendered":"https:\/\/speyer24news.com\/?p=38494"},"modified":"2021-07-03T08:25:35","modified_gmt":"2021-07-03T07:25:35","slug":"speyer-88","status":"publish","type":"post","link":"https:\/\/speyer24news.com\/?p=38494","title":{"rendered":"Speyer"},"content":{"rendered":"<style type=\"text\/css\">\r\n\t.ads_top_disp{}\r\n\t.ads_top_corner_disp{ float:left; margin:0px 10px 10px 0px; }\r\n\t.ads_first_p_disp{}\r\n\t.ads_bottom_disp{}\r\n\t<\/style>\n<h2 class=\"wp-block-heading\"><strong>Oberb\u00fcrgermeisterin Stefanie Seiler erfreut \u00fcber hohe Impfquote in Speyer<\/strong><\/h2>\n\n\n\n<div class=\"wp-block-image\"><figure class=\"aligncenter size-large\"><img decoding=\"async\" loading=\"lazy\" width=\"800\" height=\"492\" src=\"https:\/\/speyer24news.com\/wp-content\/uploads\/2020\/11\/vaccine-4948463_1920.jpg\" alt=\"\" class=\"wp-image-31277\" srcset=\"https:\/\/speyer24news.com\/wp-content\/uploads\/2020\/11\/vaccine-4948463_1920.jpg 800w, https:\/\/speyer24news.com\/wp-content\/uploads\/2020\/11\/vaccine-4948463_1920-300x185.jpg 300w, https:\/\/speyer24news.com\/wp-content\/uploads\/2020\/11\/vaccine-4948463_1920-768x472.jpg 768w\" sizes=\"(max-width: 800px) 100vw, 800px\" \/><\/figure><\/div>\n\n\n\n<p>Am Freitag, 2. Juli 2021, hat das Land Rheinland-Pfalz der Stadt Speyer ein Impfquotenmonitoring mit Stand vom 30. Juni 2021 \u00fcbermittelt. Gem\u00e4\u00df diesem haben bereits 69,32 Prozent der Menschen \u00fcber 18 Jahren mit Wohnort Speyer ihre Erstimpfung erhalten. Bei 47,63 Prozent dieser Menschen konnte die Impfserie bereits abgeschlossen werden, sodass vollst\u00e4ndiger Impfschutz besteht.<\/p>\n\n\n\n<p>\u201eDie hohe Impfquote in unserer Stadt stimmt mich hoffnungsvoll, dass wir bald die sogenannte Herdenimmunit\u00e4t erreichen und uns dies den dauerhaften Ausweg aus der Corona-Pandemie ebnet\u201c, betont Oberb\u00fcrgermeisterin Stefanie Seiler. \u201eFast 70 Prozent der Menschen in unserer Stadt sind erstgeimpft \u2013 das spricht f\u00fcr eine erfreulich hohe Impfbereitschaft. Umso wichtiger ist mir der Appell an die Menschen, die sich bislang noch nicht impfen lassen haben: Lassen Sie sich impfen, sch\u00fctzen Sie sich und andere und tragen Sie dazu bei, dass wir diese Pandemie so schnell wie m\u00f6glich hinter uns lassen k\u00f6nnen. Sollten Sie sich bewusst gegen die Impfung entschieden haben, bitte ich Sie, diese Entscheidung angesichts der seit \u00fcber einem halben Jahr laufenden Impfkampagne, die uns zeigt, dass die Impfstoffe wirksam und sicher sind, zu \u00fcberdenken\u201c, so Seiler weiter.<\/p>\n\n\n\n<div class=\"wp-block-image\"><figure class=\"aligncenter size-large\"><img decoding=\"async\" loading=\"lazy\" width=\"800\" height=\"535\" src=\"https:\/\/speyer24news.com\/wp-content\/uploads\/2021\/01\/Coronaimpfung.jpg\" alt=\"\" class=\"wp-image-32040\" srcset=\"https:\/\/speyer24news.com\/wp-content\/uploads\/2021\/01\/Coronaimpfung.jpg 800w, https:\/\/speyer24news.com\/wp-content\/uploads\/2021\/01\/Coronaimpfung-300x201.jpg 300w, https:\/\/speyer24news.com\/wp-content\/uploads\/2021\/01\/Coronaimpfung-768x514.jpg 768w\" sizes=\"(max-width: 800px) 100vw, 800px\" \/><\/figure><\/div>\n\n\n\n<p>Bisher hatte die Stadt Speyer nur Zugriff auf die statistischen Daten derjenigen Personen, die im Speyerer Impfzentrum geimpft wurden, die aber nicht unbedingt in Speyer wohnhaft sind. B\u00fcrger*innen der Stadt, die au\u00dferhalb geimpft wurden, konnten in der Statistik bislang nicht erfasst werden. Das Monitoring, dass das Land Rheinland-Pfalz nun zur Verf\u00fcgung gestellt hat, l\u00e4sst erstmals statistisch gest\u00fctzte R\u00fcckschl\u00fcsse \u00fcber die tats\u00e4chliche H\u00f6he der Impfquote in Speyer zu. F\u00fcr eine weiterhin bestehende statistische Unsch\u00e4rfe sorgen allerdings die Daten der Kassen\u00e4rztlichen Vereinigung. Diese betrifft all jene, die bei einem niedergelassenen Art oder einer niedergelassenen \u00c4rztin geimpft wurden. Dadurch, dass die Daten in aggregierter Form \u00fcbermittelt werden, sind keine Aussagen \u00fcber den Wohnort des Impflings m\u00f6glich. Die Aufschl\u00fcsselung der Impfungen erfolgt nach dem Ort der Impfung je Landkreis.<\/p>\n\n\n\n<h4 class=\"wp-block-heading\">Die genauen statistischen Auswertungen des Landes Rheinland-Pfalz k\u00f6nnen den beigef\u00fcgten pdf-Dateien (Quelle: Impfdokumentation Rheinland-Pfalz) entnommen werden.<\/h4>\n\n\n\n<div class=\"wp-block-file\"><a href=\"https:\/\/speyer24news.com\/wp-content\/uploads\/2021\/07\/2021-06-30_IQM_Landkreise_Schnelluebersicht.pdf\">2021-06-30_IQM_Landkreise_Schnelluebersicht<\/a><a href=\"https:\/\/speyer24news.com\/wp-content\/uploads\/2021\/07\/2021-06-30_IQM_Landkreise_Schnelluebersicht.pdf\" class=\"wp-block-file__button\" download>Herunterladen<\/a><\/div>\n\n\n\n<div class=\"wp-block-file\"><a href=\"https:\/\/speyer24news.com\/wp-content\/uploads\/2021\/07\/2021-06-30_IQM_Landkreise_Kreis_Speyer-Stadt.pdf\">2021-06-30_IQM_Landkreise_Kreis_Speyer-Stadt<\/a><a href=\"https:\/\/speyer24news.com\/wp-content\/uploads\/2021\/07\/2021-06-30_IQM_Landkreise_Kreis_Speyer-Stadt.pdf\" class=\"wp-block-file__button\" download>Herunterladen<\/a><\/div>\n\n\n\n<div class=\"wp-block-file\"><a href=\"https:\/\/speyer24news.com\/wp-content\/uploads\/2021\/07\/2021-06-30_IQM_Landkreise_IZ_Speyer.pdf\">2021-06-30_IQM_Landkreise_IZ_Speyer<\/a><a href=\"https:\/\/speyer24news.com\/wp-content\/uploads\/2021\/07\/2021-06-30_IQM_Landkreise_IZ_Speyer.pdf\" class=\"wp-block-file__button\" download>Herunterladen<\/a><\/div>\n\n\n\n<p><em>Text: Stadtverwaltung Speyer pdf: Impfdokumentation Rheinland-Pfalz<br>03.07.2021<\/em><\/p>\n","protected":false},"excerpt":{"rendered":"<div class=\"mh-excerpt\"><p>Oberb\u00fcrgermeisterin Stefanie Seiler erfreut \u00fcber hohe Impfquote in Speyer Am Freitag, 2. Juli 2021, hat das Land Rheinland-Pfalz der Stadt Speyer ein Impfquotenmonitoring mit Stand vom 30. Juni 2021 \u00fcbermittelt. Gem\u00e4\u00df diesem haben bereits 69,32 <a class=\"mh-excerpt-more\" href=\"https:\/\/speyer24news.com\/?p=38494\" title=\"Speyer\">[&#8230;]<\/a><\/p>\n<\/div>","protected":false},"author":3,"featured_media":23902,"comment_status":"open","ping_status":"open","sticky":false,"template":"","format":"standard","meta":{"_monsterinsights_skip_tracking":false,"_monsterinsights_sitenote_active":false,"_monsterinsights_sitenote_note":"","_monsterinsights_sitenote_category":0,"footnotes":""},"categories":[9],"tags":[6401,8844,9169,6367,9176,9247,6940,6359,6370,5904,6358,5801,6342,6],"aioseo_notices":[],"amp_enabled":true,"_links":{"self":[{"href":"https:\/\/speyer24news.com\/index.php?rest_route=\/wp\/v2\/posts\/38494"}],"collection":[{"href":"https:\/\/speyer24news.com\/index.php?rest_route=\/wp\/v2\/posts"}],"about":[{"href":"https:\/\/speyer24news.com\/index.php?rest_route=\/wp\/v2\/types\/post"}],"author":[{"embeddable":true,"href":"https:\/\/speyer24news.com\/index.php?rest_route=\/wp\/v2\/users\/3"}],"replies":[{"embeddable":true,"href":"https:\/\/speyer24news.com\/index.php?rest_route=%2Fwp%2Fv2%2Fcomments&post=38494"}],"version-history":[{"count":1,"href":"https:\/\/speyer24news.com\/index.php?rest_route=\/wp\/v2\/posts\/38494\/revisions"}],"predecessor-version":[{"id":38498,"href":"https:\/\/speyer24news.com\/index.php?rest_route=\/wp\/v2\/posts\/38494\/revisions\/38498"}],"wp:featuredmedia":[{"embeddable":true,"href":"https:\/\/speyer24news.com\/index.php?rest_route=\/wp\/v2\/media\/23902"}],"wp:attachment":[{"href":"https:\/\/speyer24news.com\/index.php?rest_route=%2Fwp%2Fv2%2Fmedia&parent=38494"}],"wp:term":[{"taxonomy":"category","embeddable":true,"href":"https:\/\/speyer24news.com\/index.php?rest_route=%2Fwp%2Fv2%2Fcategories&post=38494"},{"taxonomy":"post_tag","embeddable":true,"href":"https:\/\/speyer24news.com\/index.php?rest_route=%2Fwp%2Fv2%2Ftags&post=38494"}],"curies":[{"name":"wp","href":"https:\/\/api.w.org\/{rel}","templated":true}]}}