{"id":38631,"date":"2021-07-06T06:50:39","date_gmt":"2021-07-06T05:50:39","guid":{"rendered":"https:\/\/speyer24news.com\/?p=38631"},"modified":"2021-07-06T06:50:41","modified_gmt":"2021-07-06T05:50:41","slug":"corona-virus-speyer-19","status":"publish","type":"post","link":"https:\/\/speyer24news.com\/?p=38631","title":{"rendered":"Corona-Virus Speyer"},"content":{"rendered":"<style type=\"text\/css\">\r\n\t.ads_top_disp{}\r\n\t.ads_top_corner_disp{ float:left; margin:0px 10px 10px 0px; }\r\n\t.ads_first_p_disp{}\r\n\t.ads_bottom_disp{}\r\n\t<\/style>\n<h2 class=\"wp-block-heading\">Tagesaktuelle Fallzahlen f\u00fcr die Stadt Speyer vom Montag (05.07.2021)<\/h2>\n\n\n\n<h3 class=\"wp-block-heading\">Inzidenz bleibt auch weiterhin bei 0,0<\/h3>\n\n\n\n<figure class=\"wp-block-image\"><img decoding=\"async\" loading=\"lazy\" width=\"800\" height=\"400\" src=\"https:\/\/speyer24news.com\/wp-content\/uploads\/2020\/05\/virus-1812092_1920.jpg\" alt=\"\" class=\"wp-image-26778\" srcset=\"https:\/\/speyer24news.com\/wp-content\/uploads\/2020\/05\/virus-1812092_1920.jpg 800w, https:\/\/speyer24news.com\/wp-content\/uploads\/2020\/05\/virus-1812092_1920-300x150.jpg 300w, https:\/\/speyer24news.com\/wp-content\/uploads\/2020\/05\/virus-1812092_1920-768x384.jpg 768w\" sizes=\"(max-width: 800px) 100vw, 800px\" \/><\/figure>\n\n\n\n<p>Anzahl best\u00e4tigter F\u00e4lle von Coronavirus (SARS-CoV-2)-Infektionen in der Stadt Speyer:\u00a02853 ( unver\u00e4ndert )<br>Davon bereits genesen:\u00a02756<br>Todesf\u00e4lle: 84 ( unver\u00e4ndert )<br>Gemeldete F\u00e4lle der letzten sieben Tage pro 100.000 Einwohner*innen (Inzidenz gem\u00e4\u00df LUA): 0,0 ( unver\u00e4ndert )<\/p>\n\n\n\n<p><em>Landesuntersuchungsamt (LUA) Rheinland-Pfalz<br>06.07.2021<\/em><\/p>\n\n\n\n<h2 class=\"wp-block-heading\"><strong>Entwicklung des Inzidenzwerts in den letzten sieben Tagen in Speyer<\/strong><\/h2>\n\n\n\n<figure class=\"wp-block-image\"><img decoding=\"async\" loading=\"lazy\" width=\"800\" height=\"533\" src=\"https:\/\/speyer24news.com\/wp-content\/uploads\/2020\/02\/coronavirus-4810201_1920.jpg\" alt=\"\" class=\"wp-image-25125\" srcset=\"https:\/\/speyer24news.com\/wp-content\/uploads\/2020\/02\/coronavirus-4810201_1920.jpg 800w, https:\/\/speyer24news.com\/wp-content\/uploads\/2020\/02\/coronavirus-4810201_1920-300x200.jpg 300w, https:\/\/speyer24news.com\/wp-content\/uploads\/2020\/02\/coronavirus-4810201_1920-768x512.jpg 768w\" sizes=\"(max-width: 800px) 100vw, 800px\" \/><\/figure>\n\n\n\n<figure class=\"wp-block-table\"><table><tbody><tr><td>Montag, 5. Juli 2021<\/td><td>0,0<\/td><\/tr><tr><td>Sonntag, 4. Juli 2021<\/td><td>0,0<\/td><\/tr><tr><td>Samstag, 3. Juli 2021<\/td><td>2,0<\/td><\/tr><tr><td>Freitag, 2. Juli 2021<\/td><td>2,0<\/td><\/tr><tr><td>Donnerstag, 1. Juli 2021<\/td><td>2,0<\/td><\/tr><tr><td>Mittwoch, 30. Juni 2021<\/td><td>2,0<\/td><\/tr><tr><td>Dienstag, 29. Juni 2021<\/td><td>4,0<\/td><\/tr><\/tbody><\/table><\/figure>\n\n\n\n<p><em>Robert-Koch-Institut (RKI)<br>06.07.2021<\/em><\/p>\n\n\n\n<h2 class=\"wp-block-heading\"><strong>Zweit-Impfaktion mit AstraZeneca am Sonntag erfolgreich verlaufen<\/strong><\/h2>\n\n\n\n<h3 class=\"wp-block-heading\"><strong>Zus\u00e4tzliche Impfaktion an den weiterf\u00fchrenden Schulen<\/strong><\/h3>\n\n\n\n<div class=\"wp-block-image\"><figure class=\"aligncenter size-large\"><img decoding=\"async\" loading=\"lazy\" width=\"600\" height=\"338\" src=\"https:\/\/speyer24news.com\/wp-content\/uploads\/2021\/06\/Drive-Thru-Impfung-Speyer.jpg\" alt=\"\" class=\"wp-image-37966\" srcset=\"https:\/\/speyer24news.com\/wp-content\/uploads\/2021\/06\/Drive-Thru-Impfung-Speyer.jpg 600w, https:\/\/speyer24news.com\/wp-content\/uploads\/2021\/06\/Drive-Thru-Impfung-Speyer-300x169.jpg 300w\" sizes=\"(max-width: 600px) 100vw, 600px\" \/><\/figure><\/div>\n\n\n\n<p>Die Stadtverwaltung Speyer informiert, dass auch die gro\u00dfe Zweitimpfaktion mit AstraZeneca am Sonntag, 4. Juli 2021, sehr erfolgreich verlaufen ist. Von 1.621 im Mai erstgeimpften Personen haben 1.362 auch die Zweitimpfung wahrgenommen \u2013 trotz der am vergangenen Freitag bekannt gewordenen ge\u00e4nderten Empfehlung der St\u00e4ndigen Impfkommission (STIKO), wonach nach einer Erstimpfung mit AstraZeneca die Zweitimpfung nun mit einem mRNA-Impfstogg (BioNTech oder Moderna) erfolgen soll.<\/p>\n\n\n\n<p>\u201eDie Terminvergabe und die hervorragende Organisation im Vorfeld haben sich erneut bew\u00e4hrt. Auch die Zweitimpfaktion ging ohne R\u00fcckstaus oder gr\u00f6\u00dfere Verkehrsbehinderungen \u00fcber die B\u00fchne \u2013 eine rundum gelungene Aktion. Mein gro\u00dfer Dank gilt den Organisatoren Prof. Dr. Gerald Haupt und Peter B\u00f6deker mit ihren Teams sowie allen Helferinnen und Helfern, die zum Gelingen der Aktion beigetragen haben\u201c, betont Oberb\u00fcrgermeisterin Stefanie Seiler.<\/p>\n\n\n\n<p>All jenen Personen, die ihren Termin aufgrund der STIKO-Empfehlung abgesagt haben, hat Prof. Dr. Haupt einen Zweitimpftermin mit einem mRNA-Impfstoff in seiner Praxis angeboten. Auch die \u00fcbrigen Dosen AstraZeneca werden ab dieser Woche Mittwoch nach vorheriger Terminvereinbarung in der Praxis verimpft.<\/p>\n\n\n\n<p>Selbst nach mittlerweile drei gro\u00dfen Impfaktionen, die alle Beteiligten viel Energie und Zeit gekostet haben, engagiert sich Prof. Dr. Gerald Haupt weiter daf\u00fcr, dass m\u00f6glichst viele Menschen m\u00f6glichst schnell ihren Impfschutz erhalten: Gemeinsam mit den weiterf\u00fchrenden Schulen organisiert er eine Impfaktion f\u00fcr Sch\u00fcler*innen ab 12 Jahren. Zur Verf\u00fcgung stehen rund 1.000 Dosen des Impfstoffs von BioNTech\/Pfizer, das derzeit einzige f\u00fcr diese Altersgruppe zugelassene Vakzin. Am Freitag, 9. Juli 2021 wird am Hans-Purrmann-Gymnasium geimpft. Der Termin steht auch den Sch\u00fcler*innen der umliegenden Schulen offen. Termine mit den anderen Schulen befinden sich aktuell noch in der Abstimmung. Voraussetzung f\u00fcr die Impfung ist das Einverst\u00e4ndnis des Sch\u00fclers oder der Sch\u00fclerin sowie der Erziehungsberechtigten. Informationen zur Anmeldung \u00fcbermittelt die jeweilige Schule.<\/p>\n\n\n\n<p>\u201eIch begr\u00fc\u00dfe die gemeinsame Aktion von Prof. Dr. Haupt und den weiterf\u00fchrenden Schulen sehr, tr\u00e4gt sie doch entscheidend dazu bei, dass auch junge Menschen nun schnell und barrierearm geimpft werden k\u00f6nnen. Das sorgt einerseits f\u00fcr mehr Sicherheit in den Klassens\u00e4len nach den Sommerferien und andererseits daf\u00fcr, dass die aus geplatzten Terminen in den Arztpraxen \u00fcbrig gebliebenen Impfdosen ohne gro\u00dfe Umwege f\u00fcr Jugendliche verwendet werden, die geimpft werden m\u00f6chten \u2013 eine klassische Win-Win-Situation\u201c, freut sich die Stadtchefin.<\/p>\n\n\n\n<p><em>Stadtverwaltung Speyer<br>06.07.2021<\/em><\/p>\n","protected":false},"excerpt":{"rendered":"<div class=\"mh-excerpt\"><p>Tagesaktuelle Fallzahlen f\u00fcr die Stadt Speyer vom Montag (05.07.2021) Inzidenz bleibt auch weiterhin bei 0,0 Anzahl best\u00e4tigter F\u00e4lle von Coronavirus (SARS-CoV-2)-Infektionen in der Stadt Speyer:\u00a02853 ( unver\u00e4ndert )Davon bereits genesen:\u00a02756Todesf\u00e4lle: 84 ( unver\u00e4ndert )Gemeldete F\u00e4lle <a class=\"mh-excerpt-more\" href=\"https:\/\/speyer24news.com\/?p=38631\" title=\"Corona-Virus Speyer\">[&#8230;]<\/a><\/p>\n<\/div>","protected":false},"author":3,"featured_media":25126,"comment_status":"open","ping_status":"open","sticky":false,"template":"","format":"standard","meta":{"_monsterinsights_skip_tracking":false,"_monsterinsights_sitenote_active":false,"_monsterinsights_sitenote_note":"","_monsterinsights_sitenote_category":0,"footnotes":""},"categories":[11613],"tags":[6401,8404,6367,9176,9247,6940,6359,6370,5904,6358,7003,5801,6342,11590,11591,11269,11270,6],"aioseo_notices":[],"amp_enabled":true,"_links":{"self":[{"href":"https:\/\/speyer24news.com\/index.php?rest_route=\/wp\/v2\/posts\/38631"}],"collection":[{"href":"https:\/\/speyer24news.com\/index.php?rest_route=\/wp\/v2\/posts"}],"about":[{"href":"https:\/\/speyer24news.com\/index.php?rest_route=\/wp\/v2\/types\/post"}],"author":[{"embeddable":true,"href":"https:\/\/speyer24news.com\/index.php?rest_route=\/wp\/v2\/users\/3"}],"replies":[{"embeddable":true,"href":"https:\/\/speyer24news.com\/index.php?rest_route=%2Fwp%2Fv2%2Fcomments&post=38631"}],"version-history":[{"count":1,"href":"https:\/\/speyer24news.com\/index.php?rest_route=\/wp\/v2\/posts\/38631\/revisions"}],"predecessor-version":[{"id":38632,"href":"https:\/\/speyer24news.com\/index.php?rest_route=\/wp\/v2\/posts\/38631\/revisions\/38632"}],"wp:featuredmedia":[{"embeddable":true,"href":"https:\/\/speyer24news.com\/index.php?rest_route=\/wp\/v2\/media\/25126"}],"wp:attachment":[{"href":"https:\/\/speyer24news.com\/index.php?rest_route=%2Fwp%2Fv2%2Fmedia&parent=38631"}],"wp:term":[{"taxonomy":"category","embeddable":true,"href":"https:\/\/speyer24news.com\/index.php?rest_route=%2Fwp%2Fv2%2Fcategories&post=38631"},{"taxonomy":"post_tag","embeddable":true,"href":"https:\/\/speyer24news.com\/index.php?rest_route=%2Fwp%2Fv2%2Ftags&post=38631"}],"curies":[{"name":"wp","href":"https:\/\/api.w.org\/{rel}","templated":true}]}}