{"id":38689,"date":"2021-07-08T08:00:36","date_gmt":"2021-07-08T07:00:36","guid":{"rendered":"https:\/\/speyer24news.com\/?p=38689"},"modified":"2021-07-08T08:03:13","modified_gmt":"2021-07-08T07:03:13","slug":"polizei-632","status":"publish","type":"post","link":"https:\/\/speyer24news.com\/?p=38689","title":{"rendered":"Polizei"},"content":{"rendered":"<style type=\"text\/css\">\r\n\t.ads_top_disp{}\r\n\t.ads_top_corner_disp{ float:left; margin:0px 10px 10px 0px; }\r\n\t.ads_first_p_disp{}\r\n\t.ads_bottom_disp{}\r\n\t<\/style>\n<h2 class=\"wp-block-heading\">Polizeimeldungen vom Mittwoch (07.07.2021)<\/h2>\n\n\n\n<div class=\"wp-block-image\"><figure class=\"aligncenter size-large\"><img decoding=\"async\" src=\"https:\/\/speyer24news.com\/wp-content\/uploads\/2019\/11\/Aktuelles-Polizeilogo.jpg\" alt=\"\" class=\"wp-image-21845\"\/><\/figure><\/div>\n\n\n\n<h2 class=\"wp-block-heading\">(Speyer) &#8211; Vorfahrt missachtet, Unfall verursacht<\/h2>\n\n\n\n<p>Die Vorfahrt missachtet hat am Mittwoch um 17:11 Uhr eine 39-J\u00e4hrige, die mit ihrem Leichtkraftrad die Kreisstra\u00dfe 31 in Richtung Speyer befuhr. In H\u00f6he der Einm\u00fcndung zur Kreisstra\u00dfe 23 \u00fcbersah sie den entgegenkommenden und vorfahrtsberechtigten LKW eines 59-J\u00e4hrigen der von der Kreisstra\u00dfe 23 nach links in Richtung Otterstadt abbiegen wollte. Die 39-J\u00e4hrige st\u00fcrzte und erlitt hierbei leichte Verletzungen. Bei dem Unfall entstand ein Sachschaden von sch\u00e4tzungsweise 1000 Euro.<\/p>\n\n\n\n<h2 class=\"wp-block-heading\">(Speyer) &#8211; 16-J\u00e4hrige st\u00fcrzt mit E-Roller<\/h2>\n\n\n\n<p>Zu Fall kam am Dienstag um 16:45 Uhr eine 16-J\u00e4hrige, die mit ihrem E-Roller in der Bahnhofstra\u00dfe unterwegs war. Als sie in H\u00f6he des Postplatzes auf den B\u00fcrgersteig fahren wollte, st\u00fcrzte sie und zog sich hierbei Verletzungen zu. Zur weiteren Abkl\u00e4rung wurde sie in ein Krankenhaus verbracht.<\/p>\n\n\n\n<h2 class=\"wp-block-heading\">(Speyer) &#8211; Enkeltrick Betrug gescheitert<\/h2>\n\n\n\n<p>Opfer eines versuchten sogenannten &#8222;Enkeltrick Betruges&#8220; wurde am Dienstag gegen 12:00 Uhr eine 93-J\u00e4hrige aus Speyer. Die Seniorin erhielt einen Anruf einer unbekannten Frau, die sich als ihre Tochter ausgab. Mit der Behauptung, Geld zur Regulierung eines Unfalls zu ben\u00f6tigen, wollte sich die Betr\u00fcgerin am Verm\u00f6gen der Seniorin bereichern. Diese verhielt sich richtig und erkundigte sich mehrmals nach dem Namen der Anruferin, woraufhin die Betr\u00fcgerin letztlich das Gespr\u00e4ch beendete<\/p>\n\n\n\n<h4 class=\"wp-block-heading\">Die Polizei r\u00e4t:<\/h4>\n\n\n\n<ul><li><strong>Seien Sie misstrauisch, wenn sich Anrufer am Telefon nicht selber mit Namen melden. Raten Sie nicht, wer anruft, sondern fordern Sie Anrufer grunds\u00e4tzlich dazu auf, ihren Namen selbst zu nennen.<\/strong><\/li><li><strong>Seien Sie misstrauisch, wenn sich Personen am Telefon als Verwandte oder Bekannte ausgeben, die Sie als solche nicht erkennen. Erfragen Sie beim Anrufer bzw. bei der Anruferin Dinge, die nur der richtige Verwandte\/Bekannte wissen kann.<\/strong><\/li><li><strong>Geben Sie keine Details zu Ihren famili\u00e4ren und finanziellen Verh\u00e4ltnissen preis.<\/strong><\/li><li><strong>Wenn ein Anrufer Geld oder andere Wertsachen von Ihnen fordert: Besprechen Sie dies mit Familienangeh\u00f6rigen oder anderen Ihnen nahestehende Personen. <\/strong><\/li><\/ul>\n\n\n\n<h2 class=\"wp-block-heading\">(Speyer) &#8211; Fahrradkontrollen<\/h2>\n\n\n\n<p>Der morgendliche Fahrradverkehr wurde am Dienstag zwischen 07:20 Uhr und 08:00 Uhr in der Waldseer Stra\u00dfe \u00fcberwacht. Von 70 kontrollierten Radfahrerinnen und Radfahrern befuhren 21 den Radweg entgegengesetzt der vorgeschriebenen Fahrtrichtung. Hierunter befanden sich 20 Schulkinder.<\/p>\n\n\n\n<h4 class=\"wp-block-heading\">Bitte beachten Sie:<\/h4>\n\n\n\n<p>Der Stra\u00dfenverkehr ist f\u00fcr Kinder sehr anspruchsvoll. Sie m\u00fcssen nicht nur ihr Fahrrad beherrschen, sondern auch viele Dinge beachten, die rundherum passieren. F\u00fcr den Weg zur Schule ist nicht immer die k\u00fcrzeste, sondern die sicherste Strecke die richtige. Vor der ersten alleinigen Fahrt zur Schule sollte Ihr Kind nicht nur die wichtigsten Verhaltensregeln kennen, sondern auch den weg. Fahren Sie die Strecke so oft wie m\u00f6glich gemeinsam mit ihrem Kind ab, beobachten Sie sein Verhalten und erkl\u00e4ren Sie worauf es ankommt.<\/p>\n\n\n\n<h2 class=\"wp-block-heading\">(Waldsee) &#8211; Unfall unter Alkoholeinfluss<\/h2>\n\n\n\n<p>In der Nacht von Dienstag auf Mittwoch ereignete sich an der Einm\u00fcndung K 13 \/ Altriper Stra\u00dfe ein Verkehrsunfall. Der 31-j\u00e4hrige Fahrer eines Pkw wollte von der K 13 nach links in die Altriper Stra\u00dfe einbiegen, verlor dabei aber die Kontrolle \u00fcber sein Fahrzeug. Er geriet in einen Gr\u00fcnstreifen, stie\u00df gegen ein Verkehrsschild, kollidierte dann mit einem Baum und kam zum Stehen. Ein Zeuge ist durch den Knall auf den Unfall aufmerksam geworden und hat die Polizei gerufen. Diese traf vor Ort auf den 31-J\u00e4hrigen, der angab, nur der Beifahrer zu sein. Er konnte jedoch keine plausiblen Angaben zum Fahrer machen. Die Spurenlage deutete au\u00dferdem darauf hin, dass er der Fahrer war. Die Beamten nahmen bei dem Mann Alkoholgeruch wahr. Ein freiwillig durchgef\u00fchrter Atemalkoholtest ergab einen Wert von 2,12 Promille. Er musste mit zur Dienststelle kommen, wo ihm ein Arzt eine Blutprobe entnommen hat. In erwartet nun ein Strafverfahren wegen Gef\u00e4hrdung des Stra\u00dfenverkehrs, seinen F\u00fchrerschein hat die Polizei sichergestellt. Immerhin war der Mann unverletzt.<\/p>\n\n\n\n<h2 class=\"wp-block-heading\">(R\u00f6merberg) &#8211; Betrugsmasche mit Gewinnversprechen<\/h2>\n\n\n\n<p>Als Mitarbeiter eines Verlags gab sich am Dienstag um 16:15 Uhr ein Betr\u00fcger gegen\u00fcber einer 74-J\u00e4hrigen am Telefon aus. Er behauptete, dass der Verlag sein Jubil\u00e4um feiern w\u00fcrde und die Frau ausgelost worden w\u00e4re. N\u00e4here Informationen nannte der Mann nicht, da das Gespr\u00e4ch beendet wurde. Vermutlich handelte es sich hierbei um die Betrugsmasche mit Gewinnversprechen, die in unterschiedlichen Varianten durchgef\u00fchrt wird. Die Betr\u00fcger informieren ihre Opfer per Telefonanruf oder mittels E-Mail, dass sie bei einem Gewinnspiel gewonnen haben. Doch vor der Gewinn\u00fcbergabe sollen die vermeintlichen Gewinner eine Gegenleistung erbringen. Dabei kann es sich unter anderem um eine Bearbeitungsgeb\u00fchr handeln oder um angebliche Kosten, die durch den Transport von Sachpreisen angefallen sind.<\/p>\n\n\n\n<ul><li>Machen Sie sich bewusst: Wenn Sie nicht an einer Lotterie teilgenommen haben, k\u00f6nnen Sie auch nichts gewonnen haben!<\/li><li>Geben Sie niemals Geld aus, um einen vermeintlichen Gewinn einzufordern, zahlen Sie keine Geb\u00fchren oder w\u00e4hlen geb\u00fchrenpflichtige Sondernummern (geb\u00fchrenpflichtige Sondernummern beginnen z.B. mit der Vorwahl: 0900&#8230;, 0180&#8230;, 0137&#8230;).<\/li><li>Machen Sie keinerlei Zusagen am Telefon.<\/li><li>Geben Sie niemals pers\u00f6nliche Informationen weiter: keine Telefonnummern und Adressen, Kontodaten, Bankleitzahlen, Kreditkartennummern oder \u00c4hnliches.<\/li><li>Fragen Sie den Anrufer nach Namen, Adresse und Telefonnummer der Verantwortlichen, um welche Art von Gewinnspiel es sich handelt und was genau Sie gewonnen haben. Notieren sie sich seine Antworten<\/li><\/ul>\n\n\n\n<h2 class=\"wp-block-heading\">(Weingarten) &#8211; Achtung Hundebesitzer<\/h2>\n\n\n\n<p>Am Dienstag wurde in der N\u00e4he des Sportplatzes Weingarten von einem Hundebesitzer offenbar manipuliertes Hundefutter aufgefunden. Der vermeintliche Giftk\u00f6der hatte sich in dem Fressschutz seines Hundes verfangen. Die Polizei hat die Ermittlungen aufgenommen und appelliert an Hundebesitzer, besondere Vorsicht walten zu lassen. Hinweise werden unter der Rufnummer 07274\/958-0 entgegengenommen.<\/p>\n\n\n\n<h2 class=\"wp-block-heading\">(Germersheim) &#8211; Geschwindigkeitskontrollen<\/h2>\n\n\n\n<p>Am Dienstag wurden in Germersheim zwei Laserkontrollen durchgef\u00fchrt. Zuerst \u00fcberwachten die Beamten den Verkehr in der Stra\u00dfe &#8222;An Fronte Beckers&#8220;. Dort waren insgesamt 13 Autofahrer zu schnell unterwegs, vier waren nicht angeschnallt und ein Fahrradfahrer wurde mit dem Handy am Ohr erwischt. Bei der anschlie\u00dfenden Kontrolle &#8222;Am Unkenfunk&#8220; waren auch 13 Autofahrer zu schnell. Zudem konnten auch hier zwei davon ohne angelegten Sicherheitsgurt festgestellt werden.<\/p>\n\n\n\n<h2 class=\"wp-block-heading\">(Bellheim) &#8211; &#8222;R\u00fcstige Rentnerin&#8220; beh\u00e4lt den Durchblick<\/h2>\n\n\n\n<p>Am Dienstagmittag rief ein Betr\u00fcger eine 86-j\u00e4hrige Frau aus Bellheim an. Er wollte ihr mit geschickter Gespr\u00e4chsf\u00fchrung einen h\u00f6heren Pflegezuschuss vorgaukeln. Diesen Plan hat er ohne die r\u00fcstige Rentnerin gemacht. Sie durchschaute den Betr\u00fcger und konfrontierte ihn damit. Als er nach pers\u00f6nlichen Daten fragte, legte sie einfach auf und verst\u00e4ndigte die Polizei.<\/p>\n\n\n\n<h2 class=\"wp-block-heading\">(Niederotterbach) &#8211; Verkehrsunfall unter Alkoholeinfluss<\/h2>\n\n\n\n<p>Am Mittwoch, 07.07.2021, gegen 00:00 Uhr, befuhr ein 37j\u00e4hriger PKW Fahrer aus dem Kreis Germersheim die L 544 aus Richtung Niederotterbach kommend in Richtung Oberhausen. Im Kurvenbereich kam er, vermutlich aufgrund Alkoholisierung, nach links von der Fahrbahn ab und blieb im Feld stehen. Anschlie\u00dfen verlie\u00df er unerlaubt die Unfallstelle. Der Fahrer konnte ermittelt werden. Da er offensichtlich unter dem Einfluss von Alkohol und Medikamenten stand wurde ihm eine Blutprobe entnommen und sein F\u00fchrerschein sichergestellt.<\/p>\n\n\n\n<h2 class=\"wp-block-heading\">(Bad Bergzabern) &#8211; Verkehrskontrolle<\/h2>\n\n\n\n<p>Am Dienstag, 06.07.2021, in der Zeit von 09.45 Uhr bis 12.45 Uhr, f\u00fchrten Unterst\u00fctzungskr\u00e4fte des Polizeipr\u00e4sidiums Einsatz Logistik und Technik, im Dienstgebiet der PI Bad Bergzabern, mehrere Verkehrskontrollen durch. Dabei wurden gegen 10 Verkehrsteilnehmer wegen fehlendem Sicherheitsgurt und 5 wegen Benutzung eines Mobiltelefons w\u00e4hrend der Fahrt ein Ordnungswidrigkeitenverfahren eingeleitet.<\/p>\n\n\n\n<h2 class=\"wp-block-heading\">(Bad Bergzabern) &#8211; Verkehrsunfall mit Sachschaden<\/h2>\n\n\n\n<p>Ca. 5500 Euro Sachschaden entstand bei einem Unfall in der Zeppelinstra\u00dfe in Bad Bergzabern. Beim Abbiegen streifte am Montag, 05.07.2021, 07.30 Uhr, ein LKW mit Auflieger einen geparkten PKW der am rechten Fahrbahnrand geparkt war.<\/p>\n\n\n\n<h2 class=\"wp-block-heading\">(Silz) &#8211; Ast auf Fahrbahn<\/h2>\n\n\n\n<p>Am Montag, 06.07.21, gegen 11.20 Uhr, meldeten mehrere Verkehrsteilnehmer bei der PI Bad Bergzabern einen gr\u00f6\u00dferen Ast auf der L 494 zwischen Silz und Gossersweiler-Stein. Die eingesetzte Funkstreifenbesatzung konnte den Ast entfernen. Da aber der gesamte Baum umzufallen drohte, wurde die Strecke f\u00fcr ca. 1 Stunde komplett gesperrt. Die Gefahrenstelle konnte durch die Stra\u00dfenmeisterei beseitigt werden.<\/p>\n\n\n\n<h2 class=\"wp-block-heading\">(Landau) &#8211; Schwerer Verkehrsunfall mit Motorrad<\/h2>\n\n\n\n<div class=\"wp-block-image\"><figure class=\"aligncenter size-large\"><img decoding=\"async\" loading=\"lazy\" width=\"800\" height=\"573\" src=\"https:\/\/speyer24news.com\/wp-content\/uploads\/2021\/07\/UebersichtMotorrad.jpg\" alt=\"\" class=\"wp-image-38692\" srcset=\"https:\/\/speyer24news.com\/wp-content\/uploads\/2021\/07\/UebersichtMotorrad.jpg 800w, https:\/\/speyer24news.com\/wp-content\/uploads\/2021\/07\/UebersichtMotorrad-300x215.jpg 300w, https:\/\/speyer24news.com\/wp-content\/uploads\/2021\/07\/UebersichtMotorrad-768x550.jpg 768w\" sizes=\"(max-width: 800px) 100vw, 800px\" \/><\/figure><\/div>\n\n\n\n<p>Am 07.07.2021 ereignete sich um 16:59 Uhr auf der K 16 in der Gemarkung Minfeld ein schwerer Motorradunfall. Nach derzeitigem Stand fuhr ein 50- j\u00e4hriger Motorradfahrer mit seiner Kawasaki auf der K 16 in Richtung Minfeld. Der Motorradfahrer wollte einen vorausfahrenden PKW \u00fcberholen und stie\u00df beim Beginn des \u00dcberholvorganges frontal gegen einen entgegenkommenden PKW. Warum der \u00fcberholende Motorradfahrer das entgegenkommende Auto offensichtlich \u00fcbersah und den \u00dcberholvorgang begann ist derzeit noch unklar. Es kam zum schweren Zusammensto\u00df, der Motorradfahrer blieb schwerst verletzt im angrenzenden Gr\u00fcnstreifen liegen und musste von anwesenden Ersthelfern versorgt werden. Er wurde nach \u00dcbernahme durch den Rettungsdienst mit Notarzt per Helikopter in ein Krankenhaus in Offenburg geflogen. Die K 16 musste aufgrund der Unfallaufnahme und den Bergungsma\u00dfnahmen f\u00fcr 2,5 Stunden gesperrt werden. Die Feuerwehr W\u00f6rth war mit mehreren Einsatzfahrzeugen vor Ort.<\/p>\n\n\n\n<h2 class=\"wp-block-heading\">(A 65, AS Landau-S\u00fcd) &#8211; Zu schnell in die Ausfahrt<\/h2>\n\n\n\n<div class=\"wp-block-image\"><figure class=\"aligncenter size-large\"><img decoding=\"async\" loading=\"lazy\" width=\"800\" height=\"442\" src=\"https:\/\/speyer24news.com\/wp-content\/uploads\/2021\/07\/20210706_A65Bild1.jpg\" alt=\"\" class=\"wp-image-38690\" srcset=\"https:\/\/speyer24news.com\/wp-content\/uploads\/2021\/07\/20210706_A65Bild1.jpg 800w, https:\/\/speyer24news.com\/wp-content\/uploads\/2021\/07\/20210706_A65Bild1-300x166.jpg 300w, https:\/\/speyer24news.com\/wp-content\/uploads\/2021\/07\/20210706_A65Bild1-768x424.jpg 768w\" sizes=\"(max-width: 800px) 100vw, 800px\" \/><\/figure><\/div>\n\n\n\n<p>Ein 48 Jahre alter Renaultfahrer kam am Dienstagmittag (06.07.2021, 14.30 Uhr) bei der Autobahnausfahrt A 65\/AS Landau-S\u00fcd auf regennasser Fahrbahn infolge nicht angepasster Geschwindigkeit zun\u00e4chst nach rechts von der Fahrbahn ab. Beim Versuch, gegenzulenken, verlor er die Kontrolle \u00fcber sein Auto, drehte sich und kollidierte mit der Schutzplanke. Hierbei erlitt der Fahrer leichte Verletzungen am Arm. <\/p>\n\n\n\n<div class=\"wp-block-image\"><figure class=\"aligncenter size-large\"><img decoding=\"async\" loading=\"lazy\" width=\"800\" height=\"459\" src=\"https:\/\/speyer24news.com\/wp-content\/uploads\/2021\/07\/20210706_A65Bild2.jpg\" alt=\"\" class=\"wp-image-38691\" srcset=\"https:\/\/speyer24news.com\/wp-content\/uploads\/2021\/07\/20210706_A65Bild2.jpg 800w, https:\/\/speyer24news.com\/wp-content\/uploads\/2021\/07\/20210706_A65Bild2-300x172.jpg 300w, https:\/\/speyer24news.com\/wp-content\/uploads\/2021\/07\/20210706_A65Bild2-768x441.jpg 768w\" sizes=\"(max-width: 800px) 100vw, 800px\" \/><\/figure><\/div>\n\n\n\n<p>Da sein Fahrzeug nicht mehr fahrbereit war, musste es abgeschleppt werden. Die Gesamtschadensh\u00f6he liegt bei \u00fcber 3000 Euro. Es kam zu leichten Verkehrsbehinderungen.<\/p>\n\n\n\n<h2 class=\"wp-block-heading\">(Landau \/ Herxheim) &#8211; Geschwindigkeitskontrollen<\/h2>\n\n\n\n<p>27 Verst\u00f6\u00dfe gegen die erlaubte H\u00f6chstgeschwindigkeit stellten Beamte der Polizei Landau am Dienstag bei Geschwindigkeitskontrollen in Landau und Herxheim fest. Zun\u00e4chst waren am Morgen Kontrollen in der Godramsteiner Hauptstra\u00dfe durchgef\u00fchrt worden. Von 70 gemessenen Fahrzeugen waren 20 Autofahrer zu schnell unterwegs. Bei der Kontrolle Am Kleinwald im Herxheim wurden 55 Fahrzeuge gemessen und sieben Geschwindigkeitsverst\u00f6\u00dfe festgestellt. Der Schnellste war hier mit 73 km\/h bei erlaubten 50 km\/h unterwegs.<\/p>\n\n\n\n<h2 class=\"wp-block-heading\">(A 65 \/ Edenkoben  &#8211; Rastanlage Ost) &#8211; Auslaufendes Gefahrgut \/ Vollsperrung auf A65<\/h2>\n\n\n\n<p>Derzeit (Mittwochnachmittag) wird die A65 bei Edenkoben an der Rastanlage Pf\u00e4lzer Weinstra\u00dfe Ost in beide Richtungen voll gesperrt. Grund ist ein undichter Transportbeh\u00e4lter f\u00fcr Gefahrgut. Der Stoff wird derzeit von der Feuerwehr untersucht. Aufgrund m\u00f6glicher Gefahren f\u00fcr Personen und Umwelt wird die Rastanlage weitr\u00e4umig abgesperrt. Ableitungen von der A65 erfolgen in Richtung Karlsruhe bie Edenkoben und in Richtung Ludwigshafen bei Landau Nord auf der B272.<\/p>\n\n\n\n<h2 class=\"wp-block-heading\">(Edenkoben) &#8211; 18 Jahre alter Rennradfahrer wird bei Verkehrsunfall schwer verletzt<\/h2>\n\n\n\n<div class=\"wp-block-image\"><figure class=\"aligncenter size-large\"><img decoding=\"async\" loading=\"lazy\" width=\"500\" height=\"799\" src=\"https:\/\/speyer24news.com\/wp-content\/uploads\/2021\/07\/20210706_VURadeburgerStrasse.jpg\" alt=\"\" class=\"wp-image-38694\" srcset=\"https:\/\/speyer24news.com\/wp-content\/uploads\/2021\/07\/20210706_VURadeburgerStrasse.jpg 500w, https:\/\/speyer24news.com\/wp-content\/uploads\/2021\/07\/20210706_VURadeburgerStrasse-188x300.jpg 188w\" sizes=\"(max-width: 500px) 100vw, 500px\" \/><\/figure><\/div>\n\n\n\n<p>In der Radeburger Stra\u00dfe kam es am Dienstagabend (06.07.2021, 20.30 Uhr) zu einem Verkehrsunfall, bei dem ein 18 Jahre alter Rennradfahrer schwer verletzt wurde und in ein Krankenhaus geflogen werden musste. Eine 44 Jahre alte Autofahrerin wollte von der Radeburger Stra\u00dfe nach links in die Poststra\u00dfe abbiegen und \u00fcbersah hierbei den entgegenkommenden Radfahrer. Durch den Zusammensto\u00df wurde der 18-J\u00e4hrige, der ohne Helm unterwegs war, \u00fcber das Fahrzeug geschleudert. Mit Verdacht auf ein schweres Sch\u00e4del-Hirn-Trauma sowie Thorax- und R\u00fcckenverletzungen wurde er mit einem Rettungshubschrauber in ein Klinikum geflogen. Ein Gutachter wurde eingeschaltet. Die Polizei appelliert: Ein Helm ist ein lebensrettender Kopfschutz. Bei einem Unfall oder schweren Sturz kann ein Fahrradhelm die Gesundheit oder gar das Leben retten.<\/p>\n\n\n\n<h2 class=\"wp-block-heading\">(Neustadt) &#8211; Zeugen nach Diebstahl von Seitenspiegeln gesucht<\/h2>\n\n\n\n<p>Zum Zwecke der weiteren Ermittlung sucht die Polizei in Neustadt a. d. W. Zeugen, welche Angaben zu folgendem Sachverhalt machen k\u00f6nnen: Unbekannte T\u00e4ter entfernten, im Tatzeitraum vom 06.07.2021 23:00 Uhr bis zum 07.07.2021 15:00 Uhr, beide Seitenspiegel an einem Personenkraftwagen, welcher geparkt in der Sauterstra\u00dfe stand. Der\/die T\u00e4ter gingen dabei mit einem vermutlich daf\u00fcr geeigneten Schneidewerkzeug vor, da die Abtrennung professionell erfolgte. Zudem k\u00f6nnten die Fahrzeugteile f\u00fcr den Verkauf im Internet angeboten werden. Es handelt sich bei den Seitenspiegeln um Teile eines grauen Audi 4G \/ S6 Avant.<\/p>\n\n\n\n<h2 class=\"wp-block-heading\">(Neustadt) &#8211; Schlagstock sichergestellt<\/h2>\n\n\n\n<p>Ein 35-j\u00e4hriger Mann wurde am 07.07.2021 gegen 03:30 Uhr in der Innenstadt in Neustadt kontrolliert, da er sich f\u00fcr die Auslage eines Schmuckgesch\u00e4ftes interessierte. Bei der Kontrolle wurde bei dem Mann ein Teleskopschlagstock aufgefunden und sichergestellt. Ihn erwartet jetzt eine Anzeige wegen Versto\u00dfes gegen das Waffengesetz.<\/p>\n\n\n\n<h2 class=\"wp-block-heading\">(Neustadt) &#8211; Ohne g\u00fcltige Fahrerlaubnis mit Pkw unterwegs<\/h2>\n\n\n\n<p>Ein 31-j\u00e4hriger Fahrer war am 06.07.2021 gegen 20:15 Uhr in der Allensteiner Stra\u00dfe mit seinem Pkw unterwegs. Im Rahmen einer Verkehrskontrolle wurde ein F\u00fchrerschein aus einem nicht europ\u00e4ischen Ausland vorgelegt. Der 31-J\u00e4hrige ist bereits seit 2019 beh\u00f6rdlich in Deutschland gemeldet und hat die Frist zur Umschreibung des F\u00fchrerscheins (sechs Monate) vers\u00e4umt, weshalb der Verdacht des Fahrens ohne g\u00fcltige Fahrerlaubnis im Raum steht. Der Sachverhalt wird der Staatsanwaltschaft zur Pr\u00fcfung vorgelegt.<\/p>\n\n\n\n<h2 class=\"wp-block-heading\">(Neustadt) &#8211; Mit Mofa zu schnell unterwegs<\/h2>\n\n\n\n<p>Am 06.07.2021 gegen 09:50 Uhr wurde ein 17-j\u00e4hriger Fahrer eines Mofas in der Adolf-Kolping-Stra\u00dfe in Neustadt angehalten und einer Verkehrskontrolle unterzogen, da er mit einer Geschwindigkeit von ca. 45km\/h unterwegs war. Hierbei stellte sich heraus, dass der Fahrer lediglich eine Pr\u00fcfbescheinigung besa\u00df und somit ohne g\u00fcltige Fahrererlaubnis fuhr. Die Fahrzeugschl\u00fcssel wurden an den Erziehungsberechtigten ausgeh\u00e4ndigt, die Weiterfahrt untersagt.<\/p>\n\n\n\n<h2 class=\"wp-block-heading\">(Ha\u00dfloch) &#8211; Radfahrer \u00fcbersehen<\/h2>\n\n\n\n<p>In der Kr\u00e4mergasse einen Fahrradfahrer \u00fcbersehen, hat am Mittwochmorgen (7. Juli, 9 Uhr) der 65-J\u00e4hrige Fahrer eines Mercedes beim \u00dcberholen eines M\u00fcllwagens. Der 59-J\u00e4hrige Radfahrer wich dem Auto aus und st\u00fcrzte auf den Gehweg. Mit einer Kopfplatzwunde und Prellungen kam er nach Neustadt ins Krankenhaus. Die Polizei ermittelt wegen fahrl\u00e4ssiger K\u00f6rperverletzung.<\/p>\n\n\n\n<h2 class=\"wp-block-heading\">(Ha\u00dfloch) &#8211; Zwei Raub\u00fcberf\u00e4lle gekl\u00e4rt<\/h2>\n\n\n\n<p>Mit einem Messer bedroht und Geld von einem 15-J\u00e4hrigen gefordert hat am Donnerstagnachmittag (1. Juli, 14 Uhr) eine Gruppe Jugendlicher am Bahnhof in Ha\u00dfloch. F\u00fcnf Euro erbeuteten sie und fl\u00fcchteten. Nur einen Tag sp\u00e4ter (2. Juli, 13:15 Uhr) waren es drei T\u00e4ter, aus der gleichen Gruppe, wie sich sp\u00e4ter herausstellte, die sich am Bahnsteig vor einem 14-J\u00e4hrigen Sch\u00fcler aufbauten und die Herausgabe von Geld verlangten. Sie durchsuchten den Schulranzen und flohen ohne Beute. Nach Hinweisen durch Zeugen und Einsatzma\u00dfnahmen an den Tatorten gelangs es jetzt der Polizei Ha\u00dfloch f\u00fcnf Tatverd\u00e4chtige im Alter von 15-17 Jahren zu identifizieren. Sie stammen aus Neustadt und sind keine Unbekannten f\u00fcr die Beamten. Weil sich die Taten am Bahnhof ereigneten, wird die Bundespolizei die weiteren Ermittlungen wegen schweren Raubes und r\u00e4uberischer Erpressung \u00fcbernehmen.<\/p>\n\n\n\n<h2 class=\"wp-block-heading\">(Gr\u00fcnstadt) &#8211; Unfall mit verletztem Fahrradfahrer<\/h2>\n\n\n\n<p>Eine 63-J\u00e4hrige PKW-Fahrerin fuhr am Dienstagnachmittag auf der Ferdinand-Porsche-Stra\u00dfe Richtung Obers\u00fclzer Stra\u00dfe. An der Einm\u00fcndung missachtete sie die Vorfahrt eines 57-j\u00e4hrigen Radfahrers, der auf dem Radweg fuhr. Beim Zusammensto\u00df verletzte sich der Radfahrer am Knie, weshalb er ins Gr\u00fcnstadter Krankenhaus verbracht wurde. Es entstand geringer Sachschaden.<\/p>\n\n\n\n<h2 class=\"wp-block-heading\">(Gr\u00fcnstadt) &#8211; Polizei kontrolliert nach B\u00fcrgerbeschwerden<\/h2>\n\n\n\n<p>Aufgrund von B\u00fcrgerbeschwerden f\u00fchrte die PI Gr\u00fcnstadt mit Unterst\u00fctzung der Bereitschaftspolizei am 06.07.2021 verschiedene Verkehrskontrollen durch, u.a. in Asselheim (Tempo \/ Allgemein) und an der Kl\u00e4ranlage (Durchfahrtverbot). Insgesamt wurden \u00fcber 40 Fahrzeuge kontrolliert. 28 x mussten die Autofahrer beanstandet werden, u.a. wegen Verst\u00f6\u00dfen gegen Zeichen 250 (Durchfahrtverbot), gegen die Gurtanlegepflicht und wegen Handynutzung am Steuer.<\/p>\n\n\n\n<h2 class=\"wp-block-heading\">(Gr\u00fcnstadt-Sausenheim) &#8211; Diebstahl aus PKW<\/h2>\n\n\n\n<p>Die 38-j\u00e4hrige Gesch\u00e4digte bemerkte am fr\u00fchen Dienstagmorgen, dass in der Nacht jemand in ihren PKW eingedrungen war, der vorm Anwesen geparkt war. Der T\u00e4ter entwendete ein Notebook, einen Ausweis und einen Schl\u00fcssel. T\u00e4terhinweise liegen nicht vor. Der Schaden wird auf 800EUR gesch\u00e4tzt.<\/p>\n\n\n\n<h2 class=\"wp-block-heading\">(Gr\u00fcnstadt-Sausenheim) &#8211; Diebstahl eines Mountainbikes<\/h2>\n\n\n\n<p>Am Nachmittag des 05.07.2021 wurde das Mountainbike (Marke: Lakes, Farbe: schwarz-wei\u00df) eines 15-J\u00e4hrigen vom Privatgrundst\u00fcck entwendet wurde. Das Fahrrad war verschlossen abgestellt. T\u00e4terhinweise liegen keine vor. Der Wert des MTB wurde mit 600EUR angegeben.<\/p>\n\n\n\n<h2 class=\"wp-block-heading\">(Frankenthal) &#8211; Verkehrsunfall mit zwei leichtverletzten Personen<\/h2>\n\n\n\n<p>Am 06.07.2021, gegen 16.45 Uhr, befuhr eine 25-j\u00e4hrige Frau aus Frankenthal mit ihrem Pkw den Meergartenweg in Richtung Benderstra\u00dfe. Dort missachtete sie die Vorfahrt einer 51-j\u00e4hrigen Frau aus Frankenthal, welche die Benderstra\u00dfe in Richtung Europaring mit ihrem Pkw befuhr. Durch den Zusammensto\u00df waren beide Pkw nicht mehr fahrbereit und mussten abgeschleppt werden. Beide Fahrzeugf\u00fchrerinnen wurden leicht verletzt und zur weiteren Untersuchung in ein Krankenhaus verbracht. Der Gesamtschaden wird auf etwa 15000 Euro gesch\u00e4tzt.<\/p>\n\n\n\n<p>Zeugen werden gebeten sich an die Polizeiinspektion Frankenthal unter der Tel.-Nr.: 06233\/313-0 oder an die Polizeiwache Maxdorf unter der Tel.-Nr.: 06237\/934-1100 zu wenden. Gerne nehmen wir Ihre Hinweise auch per E-Mail unter&nbsp;<a href=\"mailto:pifrankenthal@polizei.rlp.de\">pifrankenthal@polizei.rlp.de<\/a>&nbsp;entgegen.<\/p>\n\n\n\n<h2 class=\"wp-block-heading\">(Frankenthal) &#8211; Sachbesch\u00e4digungsserie an Pkw<\/h2>\n\n\n\n<p>Bislang unbekannte T\u00e4ter besch\u00e4digten in der Zeit von 05.07.2021, 19.00 Uhr, bis 06.07.2021, 08.45 Uhr, insgesamt f\u00fcnf Pkw, welche alle in der Isenachstra\u00dfe abgestellt waren, durch Zerkratzen. Der Gesamtschaden wird auf etwa 2500 Euro gesch\u00e4tzt.<\/p>\n\n\n\n<p>Zeugen werden gebeten sich an die Polizeiinspektion Frankenthal unter der Tel.-Nr.: 06233\/313-0 oder an die Polizeiwache Maxdorf unter der Tel.-Nr.: 06237\/934-1100 zu wenden. Gerne nehmen wir Ihre Hinweise auch per E-Mail unter&nbsp;<a href=\"mailto:pifrankenthal@polizei.rlp.de\">pifrankenthal@polizei.rlp.de<\/a>&nbsp;entgegen.<\/p>\n\n\n\n<h2 class=\"wp-block-heading\">(Frankenthal) &#8211; Unerlaubtes Handeltreiben mit Bet\u00e4ubungsmitteln \/ 3 Tatverd\u00e4chtige in Haft<\/h2>\n\n\n\n<h3 class=\"wp-block-heading\">Gemeinsame Pressemitteilung der Staatsanwaltschaft Frankenthal und des Polizeipr\u00e4sidiums Rheinpfalz<\/h3>\n\n\n\n<div class=\"wp-block-image\"><figure class=\"aligncenter size-large\"><img decoding=\"async\" loading=\"lazy\" width=\"640\" height=\"559\" src=\"https:\/\/speyer24news.com\/wp-content\/uploads\/2021\/02\/Cannabis-Beispielbild.jpg\" alt=\"\" class=\"wp-image-32792\" srcset=\"https:\/\/speyer24news.com\/wp-content\/uploads\/2021\/02\/Cannabis-Beispielbild.jpg 640w, https:\/\/speyer24news.com\/wp-content\/uploads\/2021\/02\/Cannabis-Beispielbild-300x262.jpg 300w\" sizes=\"(max-width: 640px) 100vw, 640px\" \/><\/figure><\/div>\n\n\n\n<p>Auf Grund von Ermittlungen ergab sich der Verdacht, dass in einem leerstehenden Geb\u00e4ude illegal Marihuana angebaut wird. Nach richterlicher Anordnung wurde das Geb\u00e4ude am Montag (05.07.2021) durchsucht, wobei drei Tatverd\u00e4chtige im Alter von 21, 31 und 32 Jahren vorl\u00e4ufig festgenommen wurden. Im Geb\u00e4ude befand sich eine hochprofessionelle Indooranlage mit rund 1.300 Marihuanapflanzen. Auf Grund der Gr\u00f6\u00dfe der Anlage zogen sich die umfangreichen Sicherstellungsma\u00dfnahmen bis Dienstag (06.07.2021) hin. Hierzu mussten Spezialisten des Landeskriminalamtes und des Polizeipr\u00e4sidiums Einsatz, Logistik und Technik angefordert werden.<\/p>\n\n\n\n<p>Die Beschuldigten wurden am Dienstag (06.07.2021) dem Haftrichter des Amtsgerichts Frankenthal vorgef\u00fchrt. Dieser erlie\u00df auf Antrag der Staatsanwaltschaft Frankenthal Untersuchungshaftbefehle wegen des dringenden Verdachts des mitt\u00e4terschaftlichen Handeltreibens mit Bet\u00e4ubungsmitteln in nicht geringen Mengen. Die drei Beschuldigten wurden in Justizvollzugsanstalten gebracht.<\/p>\n\n\n\n<p>Die Ermittlungen von Staatsanwaltschaft und Kriminalpolizei dauern an.<\/p>\n\n\n\n<h2 class=\"wp-block-heading\">(Ludwigshafen) &#8211; 37-J\u00e4hriger geht auf Nachbar los<\/h2>\n\n\n\n<p>Ein 37-J\u00e4hriger traf sich am Dienstag (06.07.2021, 21.45 Uhr) mit seinem 47-j\u00e4hrigen Nachbarn in dessen Wohnung in der Weinbietstra\u00dfe. Beide tranken reichlich Alkohol, als pl\u00f6tzlich ein Streit zwischen den beiden M\u00e4nnern entstand. Hierbei ging der 37-J\u00e4hrige mit einem Topfdeckel auf seinen Nachbarn zu und versuchte auf ihn einzuschlagen. Der 47-J\u00e4hrige fl\u00fcchtete aus der Wohnung und verst\u00e4ndigte die Polizei. Als die Polizei erschien br\u00fcllte der 37-J\u00e4hrige vom Fenster aus lautstark in Richtung der Polizeibeamtinnen und Polizeibeamten. Gleichzeitig versuchte er wieder zu seinem Nachbarn zu gelangen und auf ihn einzuschlagen. Die Polizei mussten den 37-J\u00e4hrigen schlie\u00dflich fesseln und zu einer Polizeidienststelle bringen, wo ihm eine Blutprobe entnommen wurde. Zus\u00e4tzlich musste er die Nacht im Polizeigewahrsam verbringen.<\/p>\n\n\n\n<h2 class=\"wp-block-heading\">(Ludwigshafen) &#8211; Radfahrerin bei Unfall leicht verletzt<\/h2>\n\n\n\n<p>Am 06.07.2021, gegen 16:15 Uhr, kam es auf der Niedererdstra\u00dfe zu einem Verkehrsunfall. Ein Lieferwagen soll beim R\u00fcckw\u00e4rtsfahren eine hinter ihm stehende Radfahrerin angefahren haben. Da bei Beteiligten zun\u00e4chst keinen Schaden feststellen konnten, tauschten sie vor Ort keine Daten aus. Erst sp\u00e4ter bemerkte die Fahrradfahrerin, dass ihr Fahrrad besch\u00e4digt wurde und sie auch leichte Verletzungen erlitt.<\/p>\n\n\n\n<p>Der Fahrer des Lieferwagens oder Personen die Hinweise geben k\u00f6nnen, werden gebeten sich mit der Polizeiwache Oggersheim unter Tel. 0621 963 &#8211; 2403 oder per Mail&nbsp;<a href=\"mailto:pwoggersheim@polizei.rlp.de\">pwoggersheim@polizei.rlp.de<\/a>&nbsp;in Verbindung zu setzen.<\/p>\n\n\n\n<h2 class=\"wp-block-heading\">(Ludwigshafen) &#8211; Unfall zwischen Fahrradfahrer und PKW<\/h2>\n\n\n\n<p>Ein 14-j\u00e4hriger Fahrradfahrer war am Dienstag (06.07.2021) gegen 7.35 Uhr in der Bruchwiesenstra\u00dfe unterwegs. Hierbei fuhr er verbotswidrig auf dem Fahrradstreifen entgegen der Fahrtrichtung. Ein PKW wollte im Kreuzungsbereich zur Maudacher Stra\u00dfe abbiegen, \u00fcbersah den Fahrradfahrer und kollidierte mit dem 14-J\u00e4hrigen. Der Jugendliche st\u00fcrzte zu Boden und verletzte sich hierbei leicht. Der PKW-Fahrer k\u00fcmmerte sich sofort um den 14-J\u00e4rhigen. Da dieser aber zun\u00e4chst angab nicht verletzt zu sein, verlie\u00df der PKW-Fahrer die \u00d6rtlichkeit wieder. Ein aufmerksamer Zeuge notierte sich das Kennzeichen. Die Polizei ermittelt nun Fahrer.<\/p>\n\n\n\n<h2 class=\"wp-block-heading\">(Mannheim \/ Heidelberg \/ Rhein-Neckar-Kreis) &#8211; Fu\u00dfballeuropameisterschaft EURO 2020 \/ Bilanz nach der Halbfinalbegegnung Italien &#8211; Spanien<\/h2>\n\n\n\n<div class=\"wp-block-image\"><figure class=\"aligncenter size-large\"><img decoding=\"async\" loading=\"lazy\" width=\"800\" height=\"512\" src=\"https:\/\/speyer24news.com\/wp-content\/uploads\/2021\/06\/football-1448551_1280.png\" alt=\"\" class=\"wp-image-37686\" srcset=\"https:\/\/speyer24news.com\/wp-content\/uploads\/2021\/06\/football-1448551_1280.png 800w, https:\/\/speyer24news.com\/wp-content\/uploads\/2021\/06\/football-1448551_1280-300x192.png 300w, https:\/\/speyer24news.com\/wp-content\/uploads\/2021\/06\/football-1448551_1280-768x492.png 768w\" sizes=\"(max-width: 800px) 100vw, 800px\" \/><\/figure><\/div>\n\n\n\n<p>Nach dem Sieg der italienischen Fu\u00dfballnationalmannschaft am Dienstagabend im Halbfinalspiel gegen Spanien kam es in Mannheim und mehreren Kommunen im Rhein-Neckar-Kreis zu spontanen Jubelfeiern von Anh\u00e4ngern der siegreichen italienischen Mannschaft.<\/p>\n\n\n\n<p>In Mannheim sammelten sich unmittelbar nach Spielende gegen 23.45 Uhr am Plankenkopf und auf dem Friedrichsring rund 400 feiernde Personen. Um Gef\u00e4hrdungen zu vermeiden, wurde die Fahrbahn zwischen Planken und Wasserturmanlage vor\u00fcbergehend gesperrt und der Verkehr abgeleitet. Im weiteren Verlauf stieg die Anzahl auf bis zu 650 Personen rund um den Wasserturm an, die dort ausgelassen den Einzug der italienischen Mannschaft ins Finale der Fu\u00dfball-Europameisterschaft feierten. Dabei kam es vereinzelt zum Z\u00fcnden und Abbrennen von pyrotechnischen Gegenst\u00e4nden.<\/p>\n\n\n\n<p>Zeitgleich formierte sich ein Autokorso von rund 50 Fahrzeugen, der hupender Weise durch die Mannheimer Innenstadt kreiste.<\/p>\n\n\n\n<p>Ab 0.30 Uhr setzten starke Abwanderungsbewegungen am Wasserturm ein. Kurz vor ein Uhr waren noch rund 70 Feiernde am Wasserturm verblieben. Diese wurden durch Polizeikr\u00e4fte daraufhin aufgefordert, die \u00d6rtlichkeit zu verlassen, sodass wenig sp\u00e4ter, nachdem sich auch der Autokorso aufgel\u00f6st hatte, wieder Ruhe in der Mannheimer Innenstadt eingekehrt war.<\/p>\n\n\n\n<p>Auch in Sinsheim kam es in der Hauptstra\u00dfe zu einer Siegesfeier italienischer Fans mit bis zu 40 Personen. Zudem bildete sich ein Autokorso mit hupenden und gr\u00f6lenden Fans. Als dieser Autokorso im Bereich der feiernden Fans in der Hauptstra\u00dfe stoppte, um gemeinsam zu feiern, kam es zu einer kurzzeitigen Sperrung der Hauptstra\u00dfe, die wieder aufgehoben werden konnte, nachdem sich die Fahrzeuge wieder in Bewegung gesetzt hatten.<\/p>\n\n\n\n<p>Dar\u00fcber hinaus waren weitere Autokorsos und Ruhest\u00f6rungen in folgenden Kommunen bekanntgeworden:<\/p>\n\n\n\n<ul><li>Eberbach: rund 30 Fahrzeuge<\/li><li>Schwetzingen: 20 Fahrzeuge<\/li><li>Sandhausen: 30 Fahrzeuge <\/li><\/ul>\n\n\n\n<p>Auch hier kehrte gegen ein Uhr wieder Ruhe ein.<\/p>\n\n\n\n<p>In Heidelberg kam es zu keinen besonderen Vorkommnissen im Zusammenhang mit der Fu\u00dfballeuropameisterschaft.<\/p>\n\n\n\n<h2 class=\"wp-block-heading\">(Heidelberg \/ Leimen, L594 \/ L600 \/ Rhein-Neckar-Kreis) &#8211; Nach Unfall mit PKW zwei Kinder schwer verletzt<\/h2>\n\n\n\n<p>Am Dienstagabend gegen 18:15 Uhr befuhr ein 34-j\u00e4hriger Smart-Fahrer die L594 von Leimen kommend in Fahrtrichtung Heidelberg. Auf H\u00f6he der Kreuzung, Karlsruher Stra\u00dfe\/ Haberstra\u00dfe, zeigte die f\u00fcr ihn geltende Ampel gr\u00fcn, sodass er seine Fahrt auf dem linken der beiden Fahrstreifen fortsetzte. Zu diesem Zeitpunkt warteten ein 12-j\u00e4hriges sowie ein 14-j\u00e4hriges Kind auf einer Verkehrsinsel, mittig der Karlsruher Stra\u00dfe, an der f\u00fcr sie rot zeigenden Fu\u00dfg\u00e4ngerampel. Als der 34-J\u00e4hrige in den Kreuzungsbereich einfuhr, rannten die beiden Kinder pl\u00f6tzlich los und wollten die Fahrbahn \u00fcberqueren. Hierbei stie\u00dfen sie mit der linken Fahrzeugseite des 34-J\u00e4hrigen zusammen. Das 12-j\u00e4hrige Kind, das nach dem Zusammensto\u00df bewusstlos und schwer verletzt am Boden liegen blieb, wurde in der Folge mit einem Rettungswagen in eine naheliegende Klinik gebracht. Das 14-j\u00e4hrige Kind war ansprechbar und wurde ebenfalls mit einem Rettungswagen in ein Krankenhaus gebracht. Die Eltern der beiden Kinder wurden umgehend verst\u00e4ndigt und kamen vor Ort. Der 34-j\u00e4hrige blieb unverletzt. An dem Smart entstand ein Sachschaden in H\u00f6he von rund 1500 Euro.<\/p>\n\n\n\n<p>Die Fahrbahn in Richtung Heidelberg war f\u00fcr die Dauer der Unfallaufnahme, f\u00fcr rund 1 \u00bd Stunden, voll gesperrt. Der Verkehr von der Haberstra\u00dfe sowie von Leimen aus kommend, wurde \u00fcber die Stra\u00dfenbahnhaltestelle abgeleitet.<\/p>\n\n\n\n<h2 class=\"wp-block-heading\">(Heidelberg-Ziegelhausen \/ Neckargem\u00fcnd \/ Rhein-Neckar-Kreis) &#8211; Busfahrerin verursacht erheblichen Schaden und fl\u00fcchtet; F\u00fchrerschein beschlagnahmt<\/h2>\n\n\n\n<p>F\u00fcr viel Aufregung sorgte am Dienstagmittag ein Verkehrsunfall im Stadtteil Ziegelhausen, bei dem ein Schaden von nahezu 40.000.- Euro entstand. Die Verursacherin, die Fahrerin eines Linienbusses war gegen 12 Uhr vom K\u00f6pfelweg in den engen Rainweg eingefahren und hatte im Verlauf einer l\u00e4ngeren Strecke, zwischen den Anwesen Nr. 5 und Nr. 70, insgesamt zwei Hausw\u00e4nde und f\u00fcnf Autos gestreift und dabei zum Teil erheblich besch\u00e4digt. Anschlie\u00dfend fuhr sie weiter und stellte den Bus im Depot des Transportunternehmens in einer Gemeinde des Rhein-Neckar-Kreises ab. Mehrere Zeugen hatten die Unfallserie beobachtet, die Polizei informiert und das Kennzeichen des Busses mitgeteilt. Im Busdepot wurde das Fahrzeug, das ringsherum Besch\u00e4digungen aufwies, rund eineinhalb Stunden sp\u00e4ter begutachtet. Die verantwortliche Fahrerin wurde zudem dort angetroffen. Ihr F\u00fchrerschein wurde daraufhin beschlagnahmt. Wie die weiteren Ermittlungen ergaben, hatte die Frau bereits am Vortag in der Bahnhofstra\u00dfe in Neckargem\u00fcnd mit demselben Bus einen Verkehrsunfall verursacht und war anschlie\u00dfend, ohne anzuhalten, weitergefahren. Die Frau hatte am Montagvormittag, kurz nach 9 Uhr, auf dem Weg in Richtung Heidelberg, in H\u00f6he des Anwesens Nr. 60, einen geparkten Fiat gestreift und dort einen Schaden von sch\u00e4tzungsweise \u00fcber 1.000.- Euro angerichtet. Ein Zeuge hatte auch hier den Unfall beobachtet du die Polizei verst\u00e4ndigt. Die Verkehrspolizei Heidelberg hat die Ermittlungen zu beiden Unfallkomplexen \u00fcbernommen.<\/p>\n\n\n\n<h2 class=\"wp-block-heading\">(Schwetzingen \/ Rhein-Neckar-Kreis) &#8211; 55-j\u00e4hrige Frau als Geisterfahrerin unterwegs<\/h2>\n\n\n\n<p>Eine 55-j\u00e4hrige Frau war am Dienstagabend auf der B 535 bei Schwetzingen als Geisterfahrerin unterwegs. Ein Verkehrsteilnehmer meldete der Polizei gegen 23:30 Uhr einen Ford, der in H\u00f6he der Abfahrt Oftersheim\/Plankstadt entgegen der Fahrtrichtung auf der autobahn\u00e4hnlich ausgebauten B 535 in Richtung Heidelberg unterwegs war. Die Strecke wurde mit mehreren Polizeistreifen \u00fcberpr\u00fcft und abgesichert. Dabei konnte die 55-J\u00e4hrige mit ihrem Ford kurz vor der Ausfahrt, mit Warnblinklicht auf dem Seitenstreifen stehend, angetroffen werden. Nach ersten Erkenntnissen hatte sie offenbar die Fahranweisungen ihres Navigationsger\u00e4tes falsch interpretiert und war dadurch entgegen der Fahrtrichtung auf die B 535 aufgefahren. An welcher Stelle sie aufgefahren war, konnte die ortsunkundige Verkehrsteilnehmerin nicht sagen. Nach derzeitigem Sachstand war es w\u00e4hrend ihrer Geisterfahrt nicht zu Gef\u00e4hrdungen anderer Verkehrsteilnehmer gekommen.<\/p>\n\n\n\n<p>Gegen die Frau wurde ein Ordnungswidrigkeitsverfahren eingeleitet. Sie sieht nun einem empfindlichen Bu\u00dfgeld sowie einem Fahrverbot entgegen.<\/p>\n\n\n\n<h2 class=\"wp-block-heading\">(Rauenberg \/ Rhein-Neckar-Kreis) &#8211; Trickdiebe erbeuten Schmuck \/ Polizei sucht Zeugen<br>Warnhinweise<\/h2>\n\n\n\n<p>Wie erst jetzt bekannt wurde, waren am Sonntagabend offenbar zwei Trickdiebe in Rauenberg unterwegs, die unter einem Vorwand in die Wohnung einer \u00fcber 80-j\u00e4hrigen Frau gelangten und aus dieser mehrere Schmuckst\u00fccke entwendeten.<\/p>\n\n\n\n<p>Am Sonntag gegen 20:00 Uhr klingelte es pl\u00f6tzlich an der Wohnungst\u00fcr einer \u00fcber 80-j\u00e4hrigen. Vor ihrer T\u00fcr stand eine junge, ihr unbekannte Frau, die vorgab, eine Altenpflegerin zu sein. Die Wohnungsinhaberin, die tats\u00e4chlich regelm\u00e4\u00dfig die Unterst\u00fctzung einer entsprechenden Einrichtung in Anspruch nimmt, war sichtlich irritiert und gab an, dass bereits eine andere Pflegerin zuvor da gewesen w\u00e4re. Die junge Frau, die nicht weiter darauf einging, bat stattdessen um eine Geldspende. Die hilfsbereite \u00fcber 80-j\u00e4hrige suchte daraufhin den Wohn-Essbereich auf, um ihre Geldb\u00f6rse zu holen. Diesen Moment nutzte die Trickdiebin sofort aus, betrat selbstst\u00e4ndig die Wohnr\u00e4ume und lotste die \u00e4ltere Frau anschlie\u00dfend gezielt in die angrenzende K\u00fcche. Dort verwickelte sie die Wohnungsinhaberin in ein Gespr\u00e4ch und bat in der Folge um Leitungswasser.<\/p>\n\n\n\n<p>W\u00e4hrenddessen betrat ein Komplize\/eine Komplizin unbemerkt die Wohnung und machten sich auf die Suche nach Wertgegenst\u00e4nden. Nachdem die T\u00e4terschaft in einem Schrank im Flur der \u00fcber 80-J\u00e4hrgen f\u00fcndig wurde, verlie\u00df diese die Wohnung der \u00e4lteren Frau wieder unbemerkt. Die junge Trickdiebin brach daraufhin sofort das Gespr\u00e4ch ab und folgte ihrem Mitt\u00e4ter\/ihrer Mitt\u00e4terin. Beide fl\u00fcchteten gemeinsam in unbekannte Richtung. Erst am Dienstagmorgen bemerkte die Wohnungsinhaberin dann das Fehlen ihres Goldschmucks. Der Gesamtwert des Stehlguts ist derzeit noch nicht bekannt.<\/p>\n\n\n\n<h4 class=\"wp-block-heading\">Beschreibung der Trickdiebin:<\/h4>\n\n\n\n<ul><li><strong>ca. 20-30 Jahre alt, schulterlanges\/braunes Haar. Sie soll zudem deutsch mit einem ausl\u00e4ndischen Akzent gesprochen haben. Weitere Hinweise zu der jungen Frau sowie ihrer Komplizin\/ ihres Komplizen liegen bislang nicht vor.<\/strong><\/li><\/ul>\n\n\n\n<p>Zeugen, die verd\u00e4chtige Personen oder Fahrzeuge im Bereich gesehen haben sowie Hinweise zu deren Fluchtrichtung geben k\u00f6nnen, werden gebeten sich beim Polizeiposten M\u00fchlhausen unter der Tel.: 06222 662850 zu melden.<\/p>\n\n\n\n<h4 class=\"wp-block-heading\">Die Polizei gibt folgende Warnhinweise:<\/h4>\n\n\n\n<ul><li><strong>Lassen Sie sich von keinen unbekannten Personen Taschen oder Gegenst\u00e4nde IN die Wohnung tragen.<\/strong><\/li><li><strong>Lassen Sie nie Unbekannte in Ihre Wohnung allein oder bitten Sie, wenn m\u00f6glich, eine Vertrauensperson hinzu.<\/strong><\/li><li><strong>Lassen Sie die Personen nicht sich unbeaufsichtigt in Ihrer Wohnung bewegen.<\/strong><\/li><li><strong>Reichen Sie Stifte, Wasser usw. immer nur durch den T\u00fcrspalt einer per T\u00fcrsperre gesicherten T\u00fcr oder durch das Fenster.<\/strong><\/li><li><strong>Schlie\u00dfen Sie Schmuckst\u00fccke und Wertsachen immer sicher weg. <\/strong><\/li><\/ul>\n\n\n\n<h2 class=\"wp-block-heading\">(Meckesheim \/ B 45 \/ Rhein-Neckar-Kreis) &#8211; Vorfahrt missachtet \/ Zwei Personen schwer verletzt; Fahrbahnsperrung<\/h2>\n\n\n\n<p>Am Dienstagabend gegen 18:30 Uhr befuhr ein 32-J\u00e4hriger mit seinem VW die B45 von Zuzenhausen kommend und wollte an der Einm\u00fcndung Meckesheim-Mitte nach links abbiegen. Zu diesem Zeitpunkt befuhr eine 25-J\u00e4hrige die B45 von Mauer kommend und wollte den Einm\u00fcndungsbereich geradeaus mit ihrem BMW passieren. Hierbei missachtete der 32-J\u00e4hrige aus bislang nicht bekannten Gr\u00fcnden die Vorfahrt der jungen Autofahrerin, woraufhin es zum Frontalzusammensto\u00df kam. Beide Verkehrsteilnehmer wurden bei dem Aufprall schwer verletzt und mussten mit Rettungsw\u00e4gen in umliegende Krankenh\u00e4user gebracht werden. Die Fahrzeuge waren nicht mehr fahrbereit und wurden abgeschleppt. Es entstand ein Gesamtsachschaden in H\u00f6he von rund 17000 Euro.<\/p>\n\n\n\n<p>Die Fahrbahn in Richtung Zuzenhausen war f\u00fcr den Zeitraum der Unfallaufnahme bis ca. 20:45 Uhr voll gesperrt.<\/p>\n\n\n\n<h2 class=\"wp-block-heading\">(Sinsheim\/ Rhein-Neckar-Kreis) &#8211; &#8222;Sicher in Sinsheim&#8220; Treffen von Oberb\u00fcrgermeister J\u00f6rg Albrecht und Polizeivizepr\u00e4sident Siegfried Kollmar<\/h2>\n\n\n\n<h3 class=\"wp-block-heading\">Gemeinsame Pressemitteilung des Polizeipr\u00e4sidiums Mannheim und der Stadt Sinsheim<\/h3>\n\n\n\n<div class=\"wp-block-image\"><figure class=\"aligncenter size-large\"><img decoding=\"async\" loading=\"lazy\" width=\"500\" height=\"687\" src=\"https:\/\/speyer24news.com\/wp-content\/uploads\/2021\/07\/KollmarundAlbrecht.jpg\" alt=\"\" class=\"wp-image-38695\" srcset=\"https:\/\/speyer24news.com\/wp-content\/uploads\/2021\/07\/KollmarundAlbrecht.jpg 500w, https:\/\/speyer24news.com\/wp-content\/uploads\/2021\/07\/KollmarundAlbrecht-218x300.jpg 218w\" sizes=\"(max-width: 500px) 100vw, 500px\" \/><figcaption>(Foto:Polizeipr\u00e4sidium Mannheim): Polizeivizepr\u00e4sident Siegfried Kollmar (l.) empfing Oberb\u00fcrgermeister J\u00f6rg Albrecht zum Austausch in Mannheim<\/figcaption><\/figure><\/div>\n\n\n\n<p>Vor einigen Wochen haben das Polizeipr\u00e4sidium Mannheim mit dem Polizeirevier Sinsheim und die Stadt Sinsheim ein beh\u00f6rden\u00fcbergreifendes Ma\u00dfnahmenpaket erarbeitet, mit dem St\u00f6rungen im \u00f6ffentlichen Raum verhindert und die Sicherheit noch einmal gesteigert werden soll. &#8222;Sicher in Sinsheim&#8220; wird stetig weiterentwickelt und gemeinsam durch das Polizeirevier Sinsheim und die Stadt Sinsheim vorausschauend sowie schwerpunktorientiert an die aktuellen Entwicklungen der Kriminalit\u00e4tslage und an das Sicherheitsgef\u00fchl der Bev\u00f6lkerung angepasst.<\/p>\n\n\n\n<p>Vor diesem Hintergrund empfing Polizeivizepr\u00e4sident Siegfried Kollmar Oberb\u00fcrgermeister J\u00f6rg Albrecht zum gegenseitigen Austausch in Mannheim.<\/p>\n\n\n\n<p>&#8222;Bereits nach wenigen Wochen k\u00f6nnen wir mit dem Konzept &#8222;Sicher in Sinsheim&#8220; eine erste positive Bilanz ziehen. Vor allem das gemeinsame und konsequente Einschreiten von Polizei und Gemeindevollzugsdienst zeigt Wirkung. Die positive Resonanz aus der Bev\u00f6lkerung best\u00e4tigt das Sicherheitskonzept zus\u00e4tzlich und zeigt, dass unsere Ma\u00dfnahmen richtig sind. Gemeinsam mit der Stadt Sinsheim werden wir auch in den kommenden Wochen pr\u00e4sent und b\u00fcrgernah f\u00fcr Sicherheit in Sinsheim sorgen&#8220;, so der aktuelle Leiter des Polizeipr\u00e4sidiums Mannheim, Polizeivizepr\u00e4sident Siegfried Kollmar.<\/p>\n\n\n\n<p>&#8222;Es gelingt uns fortw\u00e4hrend, die bereits sehr gute Zusammenarbeit mit der Polizei weiter zu verbessern&#8220;, zeigt sich Oberb\u00fcrgermeister J\u00f6rg Albrecht erfreut. &#8222;Gemeinsam mit unserem Ordnungsamt, das insbesondere in den vergangenen sehr fordernden Monaten hervorragende Arbeit geleistet hat und weiter leistet, sorgt die Polizei b\u00fcrgernah und pr\u00e4sent daf\u00fcr, die insgesamt bereits hohe Sicherheit im \u00f6ffentlichen Raum zu erhalten und gezielt zu verbessern.&#8220;<\/p>\n\n\n\n<h2 class=\"wp-block-heading\">(Neckarbischofsheim \/ Rhein-Neckar-Kreis) &#8211; Zwei Fahrzeuge prallten gegen quer \u00fcber Fahrbahn liegenden Baum; keine Verletzte; zweimal Totalschaden; Feuerwehr im Einsatz<\/h2>\n\n\n\n<p>Am sp\u00e4ten Dienstagabend kam es auf der K 4284, zwischen Sinsheim-Hasselbach und Neckarbischofsheim zu einem Verkehrsunfall, bei dem zwei Autos total besch\u00e4digt wurden und ein Sachschaden von weit \u00fcber 60.000.- Euro entstand. Kurz vor Mitternacht waren zwei junge M\u00e4nner mit ihren Fahrzeugen, einem VW und einem mit insgesamt vier Personen voll besetzten Mercedes, hintereinander von Hasselbach in Richtung Neckarbischofsheim unterwegs. Kurz hinter einer Kurve prallten beide Fahrzeuge in einen Baum, der quer \u00fcber die gesamte Fahrbahn ragte. Die Freiwillige Feuerwehr Neckarbischofsheim war zur Sperrung der Fahrbahn und Beseitigung des Baumes im Einsatz. Beide Fahrzeuge wurden abgeschleppt. Verletzt wurde zum Gl\u00fcck niemand. Die Sperrung der Fahrbahn wurde gegen 1.30 Uhr wieder aufgehoben.<\/p>\n\n\n\n<h2 class=\"wp-block-heading\">(Eberbach \/ Rhein-Neckar-Kreis) &#8211; Unfall zwischen zwei PKWs \/ Polizei sucht dringend eine Gruppe Jugendlicher sowie weitere Zeugen<\/h2>\n\n\n\n<p>Am Montagabend gegen 19:20 Uhr befuhr eine 22-J\u00e4hrige mit ihrem Ford den Schafwiesenweg in Fahrtrichtung G\u00fcterbahnhofstra\u00dfe. Auf H\u00f6he der Einm\u00fcndung zur Panoramastra\u00dfe stie\u00df die junge Autofahrerin mit einem 82-j\u00e4hrigen, von rechts kommenden VW-Fahrer zusammen. Beide Autofahrer blieben unverletzt. An den Fahrzeugen entstand Sachschaden in einer Gesamth\u00f6he von rund 4000 Euro.<\/p>\n\n\n\n<p>Da die beiden Verkehrsteilnehmer bei der anschlie\u00dfenden Unfallaufnahme unterschiedliche Angaben zu dem Unfallhergang machten, sucht die Polizei nun dringend weitere Zeugen.<\/p>\n\n\n\n<p>Das Polizeirevier Eberbach bittet insbesondere eine Gruppe unbekannter Jugendlicher, die sich zum Unfallzeitpunkt im Bereich des Schafwiesenwegs aufgehalten haben sollen, sich unter der Tel.: 06271 92100 zu melden.<\/p>\n\n\n\n<h2 class=\"wp-block-heading\">(Ladenburg \/ Rhein-Neckar-Kreis) &#8211; Raub\u00fcberfall auf Discount-Markt; Zeugen gesucht<\/h2>\n\n\n\n<div class=\"wp-block-image\"><figure class=\"aligncenter size-large\"><img decoding=\"async\" loading=\"lazy\" width=\"801\" height=\"600\" src=\"https:\/\/speyer24news.com\/wp-content\/uploads\/2020\/05\/Zeugen-gesucht-Neutral.jpg\" alt=\"\" class=\"wp-image-26598\" srcset=\"https:\/\/speyer24news.com\/wp-content\/uploads\/2020\/05\/Zeugen-gesucht-Neutral.jpg 801w, https:\/\/speyer24news.com\/wp-content\/uploads\/2020\/05\/Zeugen-gesucht-Neutral-300x225.jpg 300w, https:\/\/speyer24news.com\/wp-content\/uploads\/2020\/05\/Zeugen-gesucht-Neutral-768x575.jpg 768w, https:\/\/speyer24news.com\/wp-content\/uploads\/2020\/05\/Zeugen-gesucht-Neutral-678x509.jpg 678w, https:\/\/speyer24news.com\/wp-content\/uploads\/2020\/05\/Zeugen-gesucht-Neutral-326x245.jpg 326w, https:\/\/speyer24news.com\/wp-content\/uploads\/2020\/05\/Zeugen-gesucht-Neutral-80x60.jpg 80w\" sizes=\"(max-width: 801px) 100vw, 801px\" \/><\/figure><\/div>\n\n\n\n<p>Am Dienstagabend, kurz vor 21 Uhr, wurde der Norma-Markt in der Wallstadter Stra\u00dfe von einem noch unbekannten T\u00e4ter \u00fcberfallen.<\/p>\n\n\n\n<p>Er bedrohte die Kassiererin mit einer dunklen Schusswaffe und forderte die Herausgabe des Bargeldes. Die Beute verstaute der T\u00e4ter in einer roten REWE-Mehrwegplastiktasche und fl\u00fcchtete daraufhin aus der Supermarktfiliale.<\/p>\n\n\n\n<p>Ein Angestellter des Marktes verfolgte den Mann und versuchte ihn festzuhalten. Dieser schlug jedoch mit der Waffe auf den 32-J\u00e4hrigen ein, setzte seine Flucht in unbekannte Richtung fort und lie\u00df den am Kopf verletzten Angestellten, der medizinisch versorgt werden, musste zur\u00fcck. Die Kassiererin blieb unverletzt.<\/p>\n\n\n\n<h4 class=\"wp-block-heading\">Der T\u00e4ter wird wie folgt beschrieben: <\/h4>\n\n\n\n<ul><li><strong>ca. 25-35 Jahre<\/strong><\/li><li><strong>ca. 170 cm<\/strong><\/li><li><strong>schlank<\/strong><\/li><li><strong>s\u00fcdl\u00e4ndisches Aussehen<\/strong><\/li><li><strong>braune Augen<\/strong><\/li><li><strong>Er war schwarz gekleidet, trug dunkle Schuhe, eine blaue Base-Cap, eine blaue OP-Maske und sprach akzentfreies Deutsch.<\/strong><\/li><\/ul>\n\n\n\n<p>Eine sofort eingeleitete Fahndung mit insgesamt 15 Streifenwagen verlief bislang ohne Ergebnis. Die Zentrale Kriminaltechnik der Kriminalpolizeidirektion Heidelberg f\u00fchrte noch am selben Abend vor Ort die Spurensicherung durch.<\/p>\n\n\n\n<p>Das Raubdezernat des Kriminalkommissariats Mannheim hat die weiteren Ermittlungen \u00fcbernommen.<\/p>\n\n\n\n<p>Zeugen, die Hinweise zum \u00dcberfall geben k\u00f6nnen, denen der T\u00e4ter aber auch vor oder nach der Tat aufgefallen ist, werden gebeten, sich mit dem Kriminaldauerdienst, Tel.: 0621\/174-4444 oder mit dem Polizeirevier Ladenburg, Tel.: 06203\/9305-0 in Verbindung zu setzen.<\/p>\n","protected":false},"excerpt":{"rendered":"<div class=\"mh-excerpt\"><p>Polizeimeldungen vom Mittwoch (07.07.2021) (Speyer) &#8211; Vorfahrt missachtet, Unfall verursacht Die Vorfahrt missachtet hat am Mittwoch um 17:11 Uhr eine 39-J\u00e4hrige, die mit ihrem Leichtkraftrad die Kreisstra\u00dfe 31 in Richtung Speyer befuhr. In H\u00f6he der <a class=\"mh-excerpt-more\" href=\"https:\/\/speyer24news.com\/?p=38689\" title=\"Polizei\">[&#8230;]<\/a><\/p>\n<\/div>","protected":false},"author":3,"featured_media":26162,"comment_status":"open","ping_status":"open","sticky":false,"template":"","format":"standard","meta":{"_monsterinsights_skip_tracking":false,"_monsterinsights_sitenote_active":false,"_monsterinsights_sitenote_note":"","_monsterinsights_sitenote_category":0,"footnotes":""},"categories":[12],"tags":[3614,702,61,2555,6955,6986,6263,63,105,11150,6987,53,4854,4683,1548,102,213,55,5261,103,106,2803,2423,427,2625,380,62,104,979,1565],"aioseo_notices":[],"amp_enabled":true,"_links":{"self":[{"href":"https:\/\/speyer24news.com\/index.php?rest_route=\/wp\/v2\/posts\/38689"}],"collection":[{"href":"https:\/\/speyer24news.com\/index.php?rest_route=\/wp\/v2\/posts"}],"about":[{"href":"https:\/\/speyer24news.com\/index.php?rest_route=\/wp\/v2\/types\/post"}],"author":[{"embeddable":true,"href":"https:\/\/speyer24news.com\/index.php?rest_route=\/wp\/v2\/users\/3"}],"replies":[{"embeddable":true,"href":"https:\/\/speyer24news.com\/index.php?rest_route=%2Fwp%2Fv2%2Fcomments&post=38689"}],"version-history":[{"count":2,"href":"https:\/\/speyer24news.com\/index.php?rest_route=\/wp\/v2\/posts\/38689\/revisions"}],"predecessor-version":[{"id":38696,"href":"https:\/\/speyer24news.com\/index.php?rest_route=\/wp\/v2\/posts\/38689\/revisions\/38696"}],"wp:featuredmedia":[{"embeddable":true,"href":"https:\/\/speyer24news.com\/index.php?rest_route=\/wp\/v2\/media\/26162"}],"wp:attachment":[{"href":"https:\/\/speyer24news.com\/index.php?rest_route=%2Fwp%2Fv2%2Fmedia&parent=38689"}],"wp:term":[{"taxonomy":"category","embeddable":true,"href":"https:\/\/speyer24news.com\/index.php?rest_route=%2Fwp%2Fv2%2Fcategories&post=38689"},{"taxonomy":"post_tag","embeddable":true,"href":"https:\/\/speyer24news.com\/index.php?rest_route=%2Fwp%2Fv2%2Ftags&post=38689"}],"curies":[{"name":"wp","href":"https:\/\/api.w.org\/{rel}","templated":true}]}}