{"id":38735,"date":"2021-07-10T07:01:26","date_gmt":"2021-07-10T06:01:26","guid":{"rendered":"https:\/\/speyer24news.com\/?p=38735"},"modified":"2021-07-10T07:01:28","modified_gmt":"2021-07-10T06:01:28","slug":"speyer-91","status":"publish","type":"post","link":"https:\/\/speyer24news.com\/?p=38735","title":{"rendered":"Speyer"},"content":{"rendered":"<style type=\"text\/css\">\r\n\t.ads_top_disp{}\r\n\t.ads_top_corner_disp{ float:left; margin:0px 10px 10px 0px; }\r\n\t.ads_first_p_disp{}\r\n\t.ads_bottom_disp{}\r\n\t<\/style>\n<h2 class=\"wp-block-heading\"><strong>Brezelwoche im Domgarten<\/strong><\/h2>\n\n\n\n<div class=\"wp-block-image\"><figure class=\"aligncenter size-large\"><img decoding=\"async\" loading=\"lazy\" width=\"500\" height=\"677\" src=\"https:\/\/speyer24news.com\/wp-content\/uploads\/2021\/07\/Brezelwoche-Banner.png\" alt=\"\" class=\"wp-image-38736\" srcset=\"https:\/\/speyer24news.com\/wp-content\/uploads\/2021\/07\/Brezelwoche-Banner.png 500w, https:\/\/speyer24news.com\/wp-content\/uploads\/2021\/07\/Brezelwoche-Banner-222x300.png 222w\" sizes=\"(max-width: 500px) 100vw, 500px\" \/><\/figure><\/div>\n\n\n\n<p>Auch wenn nichts das abgesagte Brezelfest ersetzen kann: Die Schausteller*innen im Domgarten haben sich etwas Besonderes einfallen lassen! <strong>Von Montag, 12. Juli 2021 bis Sonntag, 18. Juli 2021<\/strong> wird im Domgarten die Brezelwoche mit t\u00e4glich wechselnden Aktionen gefeiert.<\/p>\n\n\n\n<p>\u201eDass das Brezelfest nun schon das zweite Jahr in Folge aufgrund der Corona-Pandemie abgesagt werden musste, schmerzt mich, wie wohl alle echten Speyererinnen und Speyerer, sehr. Umso mehr freut es mich, dass sich unsere Schaustellerbetriebe die M\u00fche gemacht haben, eine Aktionswoche auf die Beine zu stellen, um so im Domgarten f\u00fcr gute Laune f\u00fcr Gro\u00df und Klein zu sorgen\u201c, freut sich Oberb\u00fcrgermeisterin Stefanie Seiler.<\/p>\n\n\n\n<ul><li>Los geht\u2019s am Montag, 12. Juli 2021, ausnahmsweise schon ab 11:30 Uhr, mit dem Tag der Betriebe und einer Bildversteigerung. <\/li><li>Am \u201eDirndl-Tag\u201c am Dienstag, 13. Juli 2021, wieder wie gewohnt ab 12 Uhr, wartet auf alle, die in Tracht in den Domgarten kommen, ein kostenloses Willkommens-Getr\u00e4nk. <\/li><li>Am Familien-Tag am Mittwoch, 14. Juli 2021 gelten an allen St\u00e4nden erm\u00e4\u00dfigte Preise. <\/li><li>Eine Besonderheit wartet am Donnerstag, 15. Juli 2021 auf alle Kinder: Sie d\u00fcrfen kostenlos und nach Herzenslust Lebkuchenherzen verzieren und beschriften. F\u00fcr diese Aktion wird zum Zwecke der besseren Planbarkeit um vorherige Anmeldung an\u00a0<a href=\"mailto:heidi.jester@stadt-speyer.de\" target=\"_blank\" rel=\"noreferrer noopener\">heidi.jester@stadt-speyer.de<\/a>\u00a0gebeten. <\/li><li>Am Freitag, 16. Juli 2021 erwartet alle Paare und Verliebte ein romantischer Abend bei Kerzenschein und Live-Musik.<\/li><li>Am Samstag, 17. Juli 2021 besuchen verschiedene Kinderhelden den Domgarten \u2013 man darf gespannt sein!<\/li><\/ul>\n\n\n\n<p>Als besondere Aktion wird der gesamte Speyerer Stadtvorstand die Schausteller*innen vor Ort f\u00fcr jeweils eine Stunde beim Verkauf ihrer Waren unterst\u00fctzen. Das in dieser Zeit eingenommene Geld wird von den Schaustellerbetrieben aufgestockt und vollumf\u00e4nglich an das Kinderhospiz Sterntaler&nbsp; e.V. in Dudenhofen gespendet.<\/p>\n\n\n\n<div class=\"wp-block-image\"><figure class=\"aligncenter size-large\"><img decoding=\"async\" loading=\"lazy\" width=\"500\" height=\"751\" src=\"https:\/\/speyer24news.com\/wp-content\/uploads\/2021\/06\/Echter-Speymer-\u00a9-Klaus-Venus.jpg\" alt=\"\" class=\"wp-image-37756\" srcset=\"https:\/\/speyer24news.com\/wp-content\/uploads\/2021\/06\/Echter-Speymer-\u00a9-Klaus-Venus.jpg 500w, https:\/\/speyer24news.com\/wp-content\/uploads\/2021\/06\/Echter-Speymer-\u00a9-Klaus-Venus-200x300.jpg 200w\" sizes=\"(max-width: 500px) 100vw, 500px\" \/><\/figure><\/div>\n\n\n\n<p>Oberb\u00fcrgermeisterin Stefanie Seiler hilft&nbsp; am Montag, 12. Juli 2021, ab 17 Uhr, Schaustellerfamilie von Olnhausen beim S\u00fc\u00dfwarenverkauf und Familie Zinnecker beim Getr\u00e4nkeverkauf aus. Ebenfalls am Montag, allerdings schon um 15 Uhr, unterst\u00fctzt Beigeordnete Irmgard M\u00fcnch-Weinmann bei Familie Lemke am Ausschank und bei Harald Klauder am S\u00fc\u00dfwarenstand. B\u00fcrgermeisterin Monika Kabs \u00fcbernimmt am Freitag. 16. Juli 2021, ab 12 Uhr den Ausschank der Familie Barth und anschlie\u00dfend den Cr\u00eapesverkauf bei Familie Lemke. Beigeordnete Sandra Selg wird im Laufe der Woche Anja Ruppert-Keller am Karussell und Beate Wittmann beim Fischeangeln unter die Arme greifen.<\/p>\n\n\n\n<p>Wer au\u00dferhalb der Verkaufsaktion spenden m\u00f6chte, hat dazu mittels der an den St\u00e4nden aufgestellten Spendendosen des Kinderhospizes die M\u00f6glichkeit.<\/p>\n\n\n\n<p>Oberb\u00fcrgermeisterin Seiler unterstreicht: \u201eDass die Speyerer Schaustellerbetriebe trotz der Durststrecke der letzten eineinhalb Jahre, in denen ihnen fast jegliche Einnahmem\u00f6glichkeit gefehlt hat, weiterhin den sozialen Gedanken leben und an das Kinderhospiz Sterntaler spenden, verdient gro\u00dfe Anerkennung und unseren herzlichen Dank. Ihr, liebe Schaustellerinnen und Schausteller, zeigt, was wir seit \u00fcber einem Jahr immer gerne wiederholen: Speyer h\u00e4lt zusammen!\u201c<\/p>\n\n\n\n<p><\/p>\n","protected":false},"excerpt":{"rendered":"<div class=\"mh-excerpt\"><p>Brezelwoche im Domgarten Auch wenn nichts das abgesagte Brezelfest ersetzen kann: Die Schausteller*innen im Domgarten haben sich etwas Besonderes einfallen lassen! Von Montag, 12. Juli 2021 bis Sonntag, 18. Juli 2021 wird im Domgarten die <a class=\"mh-excerpt-more\" href=\"https:\/\/speyer24news.com\/?p=38735\" title=\"Speyer\">[&#8230;]<\/a><\/p>\n<\/div>","protected":false},"author":3,"featured_media":36650,"comment_status":"open","ping_status":"open","sticky":false,"template":"","format":"standard","meta":{"_monsterinsights_skip_tracking":false,"_monsterinsights_sitenote_active":false,"_monsterinsights_sitenote_note":"","_monsterinsights_sitenote_category":0,"footnotes":""},"categories":[11],"tags":[1067,12381,12380,12382,6195,6],"aioseo_notices":[],"amp_enabled":true,"_links":{"self":[{"href":"https:\/\/speyer24news.com\/index.php?rest_route=\/wp\/v2\/posts\/38735"}],"collection":[{"href":"https:\/\/speyer24news.com\/index.php?rest_route=\/wp\/v2\/posts"}],"about":[{"href":"https:\/\/speyer24news.com\/index.php?rest_route=\/wp\/v2\/types\/post"}],"author":[{"embeddable":true,"href":"https:\/\/speyer24news.com\/index.php?rest_route=\/wp\/v2\/users\/3"}],"replies":[{"embeddable":true,"href":"https:\/\/speyer24news.com\/index.php?rest_route=%2Fwp%2Fv2%2Fcomments&post=38735"}],"version-history":[{"count":1,"href":"https:\/\/speyer24news.com\/index.php?rest_route=\/wp\/v2\/posts\/38735\/revisions"}],"predecessor-version":[{"id":38737,"href":"https:\/\/speyer24news.com\/index.php?rest_route=\/wp\/v2\/posts\/38735\/revisions\/38737"}],"wp:featuredmedia":[{"embeddable":true,"href":"https:\/\/speyer24news.com\/index.php?rest_route=\/wp\/v2\/media\/36650"}],"wp:attachment":[{"href":"https:\/\/speyer24news.com\/index.php?rest_route=%2Fwp%2Fv2%2Fmedia&parent=38735"}],"wp:term":[{"taxonomy":"category","embeddable":true,"href":"https:\/\/speyer24news.com\/index.php?rest_route=%2Fwp%2Fv2%2Fcategories&post=38735"},{"taxonomy":"post_tag","embeddable":true,"href":"https:\/\/speyer24news.com\/index.php?rest_route=%2Fwp%2Fv2%2Ftags&post=38735"}],"curies":[{"name":"wp","href":"https:\/\/api.w.org\/{rel}","templated":true}]}}