{"id":38789,"date":"2021-07-11T10:31:39","date_gmt":"2021-07-11T09:31:39","guid":{"rendered":"https:\/\/speyer24news.com\/?p=38789"},"modified":"2021-07-11T10:31:41","modified_gmt":"2021-07-11T09:31:41","slug":"wocheninfo-aus-den-stadtparks-mannheim-von-15-bis-21-juli-2021","status":"publish","type":"post","link":"https:\/\/speyer24news.com\/?p=38789","title":{"rendered":"Wocheninfo aus den Stadtparks Mannheim von 15. bis 21. Juli. 2021"},"content":{"rendered":"<style type=\"text\/css\">\r\n\t.ads_top_disp{}\r\n\t.ads_top_corner_disp{ float:left; margin:0px 10px 10px 0px; }\r\n\t.ads_first_p_disp{}\r\n\t.ads_bottom_disp{}\r\n\t<\/style>\n<h1 class=\"has-text-align-center wp-block-heading\">Luisenpark<\/h1>\n\n\n\n<div class=\"wp-block-image\"><figure class=\"aligncenter size-large\"><img decoding=\"async\" loading=\"lazy\" width=\"600\" height=\"248\" src=\"https:\/\/speyer24news.com\/wp-content\/uploads\/2021\/04\/LuPa-Neue-Parkmitte-Header-1.png\" alt=\"\" class=\"wp-image-35922\" srcset=\"https:\/\/speyer24news.com\/wp-content\/uploads\/2021\/04\/LuPa-Neue-Parkmitte-Header-1.png 600w, https:\/\/speyer24news.com\/wp-content\/uploads\/2021\/04\/LuPa-Neue-Parkmitte-Header-1-300x124.png 300w\" sizes=\"(max-width: 600px) 100vw, 600px\" \/><\/figure><\/div>\n\n\n\n<h2 class=\"wp-block-heading\">Matin\u00e9e im Gr\u00fcnen<\/h2>\n\n\n\n<h3 class=\"wp-block-heading\">So., 18.07.2021, 10.30\u00a0&#8211;\u00a012\u00a0Uhr,\u00a0Chinesisches Teehaus<\/h3>\n\n\n\n<div class=\"wp-block-image\"><figure class=\"aligncenter size-large\"><img decoding=\"async\" loading=\"lazy\" width=\"500\" height=\"619\" src=\"https:\/\/speyer24news.com\/wp-content\/uploads\/2021\/07\/Floetenenselmble-der-Mannheimer-Blaeserphilharmonie.jpg\" alt=\"\" class=\"wp-image-38790\" srcset=\"https:\/\/speyer24news.com\/wp-content\/uploads\/2021\/07\/Floetenenselmble-der-Mannheimer-Blaeserphilharmonie.jpg 500w, https:\/\/speyer24news.com\/wp-content\/uploads\/2021\/07\/Floetenenselmble-der-Mannheimer-Blaeserphilharmonie-242x300.jpg 242w\" sizes=\"(max-width: 500px) 100vw, 500px\" \/><\/figure><\/div>\n\n\n\n<p>Auf die Fl\u00f6tenensembles der Mannheimer Bl\u00e4serphilharmonie d\u00fcrfen sich die Besucher des Chinesischen Gartens im Luisenpark Mannheim am 18. Juli 2021 freuen. In verschiedenen Besetzungen spielen die Querfl\u00f6tistinnen und -fl\u00f6tisten unter anderem Bearbeitungen von Opern-Ouvert\u00fcren aus Nabucco oder der ber\u00fchmten Zauberfl\u00f6te, sowie weitere popul\u00e4re Werke.<\/p>\n\n\n\n<p>In der Besetzung:<br>Silvia Becker-Bender, Anja Busch, Sarah Rothfu\u00df, Ernst Wulf, Lukas Kuhlmay &amp; Inken Albers.<\/p>\n\n\n\n<p><strong>Der Eintritt ist frei,\u00a0Parkeintritt\u00a0muss entrichtet werden.\u00a0<\/strong><br>Bitte beachten Sie unsere Pandemieregeln:<br>Eine\u00a0<strong>FFP2- oder vergleichbare medizinische Maske<\/strong>\u00a0ist beim Betreten des Veranstaltungsbereiches bis zum Einnehmen Ihres Sitzplatzes zu tragen.<br>Das\u00a0<strong>Abstandsgebot von 1,5 Metern<\/strong>\u00a0gilt insbesondere auf dem Weg zum Sitzplatz bzw. bei dessen Verlassen.<br>Wir erfassen die Kontaktdaten unserer Veranstaltungsbesucher vor Ort.<br>Die Anzahl der Pl\u00e4tze ist begrenzt nach den jeweiligen gesetzlichen Vorgaben.<\/p>\n\n\n\n<p>Weitere Veranstaltung mit der Mannheimer Bl\u00e4serphilharmonie: So., 25.07.2021, 10.30\u00a0&#8211;\u00a012\u00a0Uhr:\u00a0Holzbl\u00e4serquintett<\/p>\n\n\n\n<h2 class=\"wp-block-heading\">FAMILIEN-WOCHENEND-SPECIAL<\/h2>\n\n\n\n<h2 class=\"wp-block-heading\"><strong>Geniale Erfindungen<\/strong><\/h2>\n\n\n\n<h3 class=\"wp-block-heading\"><strong>So., 18.07.2021, 15\u00a0Uhr<\/strong><\/h3>\n\n\n\n<p>Au\u00dfergew\u00f6hnliche F\u00e4higkeiten von Tieren und Pflanzen befl\u00fcgeln seit jeher die Menschen geniale Dinge zu erfinden und zu konstruieren. Eine Tour f\u00fcr pfiffige Entdecker zu wissenschaftlichen und technischen Sensationen. Bionik &#8211; abgeschaut der Trickkiste der Natur.&nbsp;<\/p>\n\n\n\n<p><strong>Das Angebot eignet sich f\u00fcr Erwachsene und Kinder ab 7 Jahre. Die Veranstaltungen finden unter den jeweils geltenden Hygiene- und Abstandsregeln statt.\u00a0<br>Dauer: ca. 1 Stunde<br>Geb\u00fchr: 3 \u20ac Erwachsene, 2 \u20ac Kinder, zzgl. Parkeintritt<br>Anmeldung: erforderlich<br>N\u00e4here Information, Treffpunkt und Anmeldung:\u00a0<br>GR\u00dcNE SCHULE, Tel. (0621) 4 10 05 54<\/strong><\/p>\n\n\n\n<h2 class=\"wp-block-heading\">SONGSLAM<\/h2>\n\n\n\n<h3 class=\"wp-block-heading\"><strong>So., 18.07.2021, 15\u00a0&#8211;\u00a017\u00a0Uhr,\u00a0Seeb\u00fchne<\/strong><\/h3>\n\n\n\n<h4 class=\"wp-block-heading\"><strong>Singwettbewerb vor Publikumsjury<\/strong><\/h4>\n\n\n\n<div class=\"wp-block-image\"><figure class=\"aligncenter size-large\"><img decoding=\"async\" loading=\"lazy\" width=\"800\" height=\"537\" src=\"https:\/\/speyer24news.com\/wp-content\/uploads\/2021\/07\/Songslam-Seebuehne.jpg\" alt=\"\" class=\"wp-image-38792\" srcset=\"https:\/\/speyer24news.com\/wp-content\/uploads\/2021\/07\/Songslam-Seebuehne.jpg 800w, https:\/\/speyer24news.com\/wp-content\/uploads\/2021\/07\/Songslam-Seebuehne-300x201.jpg 300w, https:\/\/speyer24news.com\/wp-content\/uploads\/2021\/07\/Songslam-Seebuehne-768x516.jpg 768w\" sizes=\"(max-width: 800px) 100vw, 800px\" \/><\/figure><\/div>\n\n\n\n<p>Hier wird sch\u00f6n geslammt, eine Publikumsjury bestimmt, wer am sch\u00f6nsten singt beim musikalischen Slam, live, in Farbe und vor allem: Unter freiem Himmel auf Mannheims sch\u00f6nster B\u00fchne, der Seeb\u00fchne Luisenpark!<\/p>\n\n\n\n<p>Bitte beachten Sie unsere Pandemieregeln:<br>Eine\u00a0<strong>FFP2- oder vergleichbare medizinische Maske<\/strong>\u00a0ist beim Betreten des Veranstaltungsbereiches bis zum Einnehmen Ihres Sitzplatzes zu tragen.<br>Das\u00a0<strong>Abstandsgebot von 1,5 Metern<\/strong>\u00a0gilt insbesondere auf dem Weg zum Sitzplatz bzw. bei dessen Verlassen.<br>Wir erfassen die Kontaktdaten unserer Veranstaltungsbesucher vor Ort.<br>Die Anzahl der Pl\u00e4tze ist begrenzt nach den jeweiligen gesetzlichen Vorgaben.<br><strong>Die Veranstaltung findet nur bei gutem Wetter statt. Eintritt frei!<\/strong><\/p>\n\n\n\n<h2 class=\"wp-block-heading\">Gr\u00fcne Stunde<\/h2>\n\n\n\n<h3 class=\"wp-block-heading\"><strong>Di., 20.07.2021, 16.30\u00a0Uhr,\u00a0Gr\u00fcne Schule Luisenpark<\/strong><\/h3>\n\n\n\n<h4 class=\"wp-block-heading\"><strong>Hexen-, Heil-, und Wunderkr\u00e4uter<\/strong><\/h4>\n\n\n\n<div class=\"wp-block-image\"><figure class=\"aligncenter size-large\"><img decoding=\"async\" loading=\"lazy\" width=\"500\" height=\"667\" src=\"https:\/\/speyer24news.com\/wp-content\/uploads\/2021\/07\/HexenHeilUndWunderkraeuter_Fuehrung.jpg\" alt=\"\" class=\"wp-image-38791\" srcset=\"https:\/\/speyer24news.com\/wp-content\/uploads\/2021\/07\/HexenHeilUndWunderkraeuter_Fuehrung.jpg 500w, https:\/\/speyer24news.com\/wp-content\/uploads\/2021\/07\/HexenHeilUndWunderkraeuter_Fuehrung-225x300.jpg 225w\" sizes=\"(max-width: 500px) 100vw, 500px\" \/><\/figure><\/div>\n\n\n\n<p>Seit Jahrhunderten werden Kr\u00e4uter zur Heilung von Krankheiten eingesetzt. Ob echte Heilkraft, Quacksalberei oder alles nur Hokuspokus \u2013 das bleibt jedem selbst \u00fcberlassen. In der beliebten Vortragsreihe im Gr\u00fcnen vermittelt die Umweltp\u00e4dagogin Ute Rieckmann auf unterhaltsame Weise wissenschaftliche, kulturelle und mythologische Inhalte aus dem Reich von Flora und Fauna.<\/p>\n\n\n\n<p><strong>Die Veranstaltungen finden unter den jeweils geltenden Hygiene- und Abstandsregeln statt. Mit Sitzm\u00f6glichkeit<\/strong><\/p>\n\n\n\n<p><strong>Dauer: 1 Stunde\u00a0<br>Teilnehmerzahl: max. 15 Personen<br>Geb\u00fchr: 3\u20ac, zzgl. Parkeintritt<br>Anmeldung: erforderlich<br>N\u00e4here Information, Treffpunkt und Anmeldung: GR\u00dcNE SCHULE, Tel. (0621) 4 10 05 54<\/strong><\/p>\n\n\n\n<h2 class=\"wp-block-heading\">Heidelberger Salonitas<\/h2>\n\n\n\n<h3 class=\"wp-block-heading\"><strong>Mi., 21.07.2021, 15.30\u00a0&#8211;\u00a017.30\u00a0Uhr,\u00a0Seeb\u00fchne<\/strong><\/h3>\n\n\n\n<h4 class=\"wp-block-heading\"><strong>Salonmusik mit Witz und Charme<\/strong><\/h4>\n\n\n\n<div class=\"wp-block-image\"><figure class=\"aligncenter size-large\"><img decoding=\"async\" loading=\"lazy\" width=\"800\" height=\"704\" src=\"https:\/\/speyer24news.com\/wp-content\/uploads\/2021\/07\/Heidelberger-Salonitas.jpg\" alt=\"\" class=\"wp-image-38793\" srcset=\"https:\/\/speyer24news.com\/wp-content\/uploads\/2021\/07\/Heidelberger-Salonitas.jpg 800w, https:\/\/speyer24news.com\/wp-content\/uploads\/2021\/07\/Heidelberger-Salonitas-300x264.jpg 300w, https:\/\/speyer24news.com\/wp-content\/uploads\/2021\/07\/Heidelberger-Salonitas-768x676.jpg 768w\" sizes=\"(max-width: 800px) 100vw, 800px\" \/><\/figure><\/div>\n\n\n\n<p>In die herrschaftlichen Salons von der Gr\u00fcnderzeit bis zu den Roaring Twenties entf\u00fchren die Heidelberger Salonitas ihre Zuh\u00f6rer mit Herz und Seele. Virtuosit\u00e4t, Witz und Charme charakterisieren das Programm des Duos, das Klassiker der Operette ebenso wie feurige Zigeunerweisen und lebenslustige Chansons auf die B\u00fchne bringt und mit Christina Vetter am Klavier und Cornelia Klose an der Violine und am Mikrofon ein musikalisches Feuerwerk entfacht. Mit ber\u00fchmten Balladen wird das Programm abgerundet, so dass auch die Freunde der leisen und vertr\u00e4umten T\u00f6ne auf ihre Kosten kommen.<br>Lassen Sie sich ein auf eine musikalische Reise voller Inspiration.<\/p>\n\n\n\n<p>Bitte beachten Sie unsere Pandemieregeln:<br>Eine&nbsp;<strong>FFP2- oder vergleichbare medizinische Maske<\/strong>&nbsp;ist beim Betreten des Veranstaltungsbereiches bis zum Einnehmen Ihres Sitzplatzes zu tragen.<br>Das&nbsp;<strong>Abstandsgebot von 1,5 Metern<\/strong>&nbsp;gilt insbesondere auf dem Weg zum Sitzplatz bzw. bei dessen Verlassen.<br>Wir erfassen die Kontaktdaten unserer Veranstaltungsbesucher vor Ort.<br>Die Anzahl der Pl\u00e4tze ist begrenzt nach den jeweiligen gesetzlichen Vorgaben.<br><br><strong>Die Veranstaltung findet nur bei gutem Wetter statt. Eintritt frei!<\/strong><\/p>\n\n\n\n<h1 class=\"has-text-align-center wp-block-heading\">Herzogenriedpark<\/h1>\n\n\n\n<h2 class=\"wp-block-heading\">Olli Roth<\/h2>\n\n\n\n<h3 class=\"wp-block-heading\"><strong>So., 18.07.2021, 15\u00a0&#8211;\u00a017\u00a0Uhr,\u00a0Konzertmuschel<\/strong><\/h3>\n\n\n\n<div class=\"wp-block-image\"><figure class=\"aligncenter size-large\"><img decoding=\"async\" loading=\"lazy\" width=\"800\" height=\"613\" src=\"https:\/\/speyer24news.com\/wp-content\/uploads\/2021\/07\/OlliROTHrocks.jpg\" alt=\"\" class=\"wp-image-38794\" srcset=\"https:\/\/speyer24news.com\/wp-content\/uploads\/2021\/07\/OlliROTHrocks.jpg 800w, https:\/\/speyer24news.com\/wp-content\/uploads\/2021\/07\/OlliROTHrocks-300x230.jpg 300w, https:\/\/speyer24news.com\/wp-content\/uploads\/2021\/07\/OlliROTHrocks-768x588.jpg 768w, https:\/\/speyer24news.com\/wp-content\/uploads\/2021\/07\/OlliROTHrocks-80x60.jpg 80w\" sizes=\"(max-width: 800px) 100vw, 800px\" \/><\/figure><\/div>\n\n\n\n<p>Er stand schon mit den Hooters auf der B\u00fchne, trank Kaffee mit Paul Simon und sogar James Brown. Olli Roth, am 18.7. zu Gast auf der Seeb\u00fchne im Luisenpark! Die akustische Gitarre und die herausragende Stimme sind das Markenzeichen dieses Musikers, der gef\u00fchlvolle Balladen, Uptempo-Songs oder auch mal stampfende Swamp-Grooves auf Lager hat.&nbsp;Handgemachte Musik direkt aus der Seele so k\u00f6nnte man seine Kunst beschreiben.<\/p>\n\n\n\n<p>Eines der herausragenden Merkmale von Olli Roth ist sicherlich unglaubliche Spielfreude und die musikalische Hingabe, mit der er selbst jedes einfache St\u00fcck zu einem eigenen Song werden l\u00e4sst. Ob Akustik-Session oder gro\u00df besetzte Band, durch seine begnadete Stimme, seine Professionalit\u00e4t und sein Charisma wird jedes Konzert zu einem Highlight f\u00fcr Seele und Ohren!<\/p>\n\n\n\n<h2 class=\"wp-block-heading\"><strong><u>Bei all unseren Veranstaltungen gilt:<\/u><\/strong><\/h2>\n\n\n\n<p>Bitte beachten Sie unsere Pandemieregeln:<br>Eine\u00a0<strong>FFP2- oder vergleichbare medizinische Maske<\/strong>\u00a0ist beim Betreten des Veranstaltungsbereiches bis zum Einnehmen Ihres Sitzplatzes zu tragen.<br>Das\u00a0<strong>Abstandsgebot von 1,5 Metern<\/strong>\u00a0gilt insbesondere auf dem Weg zum Sitzplatz bzw. bei dessen Verlassen.<br>Wir erfassen die Kontaktdaten unserer Veranstaltungsbesucher vor Ort.<br>Die Anzahl der Pl\u00e4tze ist begrenzt nach den jeweiligen gesetzlichen Vorgaben.<br><strong>Die Veranstaltung findet nur bei gutem Wetter statt. Eintritt frei!<\/strong><\/p>\n\n\n\n<p><em>Stadtpark Mannheim gemeinn\u00fctzige GmbH<br>11.07.2021<\/em><\/p>\n\n\n\n<h2 class=\"wp-block-heading\"><strong>Zackelschafe: Neuer Stall \u2013 Familiengl\u00fcck!<\/strong><\/h2>\n\n\n\n<h3 class=\"wp-block-heading\"><strong>Im Herzogenriedpark wird erst gebaut, dann kommt der Nachwuchs<\/strong><\/h3>\n\n\n\n<div class=\"wp-block-image\"><figure class=\"aligncenter size-large\"><img decoding=\"async\" loading=\"lazy\" width=\"800\" height=\"533\" src=\"https:\/\/speyer24news.com\/wp-content\/uploads\/2021\/07\/Neuer-Stall-und-groesseres-Gehege.jpg\" alt=\"\" class=\"wp-image-38795\" srcset=\"https:\/\/speyer24news.com\/wp-content\/uploads\/2021\/07\/Neuer-Stall-und-groesseres-Gehege.jpg 800w, https:\/\/speyer24news.com\/wp-content\/uploads\/2021\/07\/Neuer-Stall-und-groesseres-Gehege-300x200.jpg 300w, https:\/\/speyer24news.com\/wp-content\/uploads\/2021\/07\/Neuer-Stall-und-groesseres-Gehege-768x512.jpg 768w\" sizes=\"(max-width: 800px) 100vw, 800px\" \/><\/figure><\/div>\n\n\n\n<p>Die Zackelschafe im Herzogenriedpark Mannheim geh\u00f6ren mit zu den beliebtesten Bewohnern der dortigen Nutztier-Arche, die Besuchern archaische Tierrassen zeigt.<\/p>\n\n\n\n<p>Vor zwei Jahren bekamen die Zackelschafe Zuwachs durch einen kraftvollen kleinen Bock, der sich mitten in der Pubert\u00e4t befand und auf den Namen Ewald h\u00f6rt. Mit diesem temperamentvollen Mitbewohner, der sich zu sage und schreibe drei Zackelschaf-Weibchen gesellte, war sehr schnell klar: Die \u201eBude\u201c wird langsam zu eng f\u00fcr den gl\u00fccklichen Ewald und seine drei Damen. Nicht nur, weil vor allem das B\u00f6cklein seine R\u00e4ume brauchte, sondern auch, weil er viel vorhatte, wie sich bald herausstellen sollte.<\/p>\n\n\n\n<div class=\"wp-block-image\"><figure class=\"aligncenter size-large\"><img decoding=\"async\" loading=\"lazy\" width=\"800\" height=\"609\" src=\"https:\/\/speyer24news.com\/wp-content\/uploads\/2021\/07\/Das-kleine-Schwarze.jpeg\" alt=\"\" class=\"wp-image-38801\" srcset=\"https:\/\/speyer24news.com\/wp-content\/uploads\/2021\/07\/Das-kleine-Schwarze.jpeg 800w, https:\/\/speyer24news.com\/wp-content\/uploads\/2021\/07\/Das-kleine-Schwarze-300x228.jpeg 300w, https:\/\/speyer24news.com\/wp-content\/uploads\/2021\/07\/Das-kleine-Schwarze-768x585.jpeg 768w, https:\/\/speyer24news.com\/wp-content\/uploads\/2021\/07\/Das-kleine-Schwarze-80x60.jpeg 80w\" sizes=\"(max-width: 800px) 100vw, 800px\" \/><\/figure><\/div>\n\n\n\n<p>Und so griff Chef-Zoologin Christine Kr\u00e4mer zum Planbrett und konzipierte eine gr\u00f6\u00dfere Behausung f\u00fcr die \u201cZackelschafs\u201c. Und siehe da, die M\u00fche hatte sich gelohnt. Mittlerweile ist aus dem jungen B\u00f6cklein ein Herr in den besten Jahren geworden und vor allem einer, der es mit gleich drei Artgenossinnen aufnimmt. Ewald\u2019s drei Herzdamen schenkten ihm schlie\u00dflich ebenso viel Nachwuchs: Seit diesem Fr\u00fchjahr bereichern drei zuckers\u00fc\u00dfe Zackelschafe, ein B\u00f6cklein und zwei Weibchen, den sch\u00f6nen Bauernhof mit neuem Stall in der Neckarstadt. Also: Sch\u00f6ne Bude, dann klappt es auch mit dem Nachwuchs.<\/p>\n\n\n\n<p>Ein Effekt \u00fcbrigens, der in der Tierwelt kein seltener ist: Ein lebenswertes, artgerechtes Habitat, in dem sich Tiere wohlf\u00fchlen, ist Voraussetzung daf\u00fcr, dass sie sich fortpflanzen. Nachweislich bei Familie Zackelschaf!<\/p>\n\n\n\n<div class=\"wp-block-image\"><figure class=\"aligncenter size-large\"><img decoding=\"async\" loading=\"lazy\" width=\"800\" height=\"533\" src=\"https:\/\/speyer24news.com\/wp-content\/uploads\/2021\/07\/Der-neue-Stall-wird-gut-angenommen.jpg\" alt=\"\" class=\"wp-image-38796\" srcset=\"https:\/\/speyer24news.com\/wp-content\/uploads\/2021\/07\/Der-neue-Stall-wird-gut-angenommen.jpg 800w, https:\/\/speyer24news.com\/wp-content\/uploads\/2021\/07\/Der-neue-Stall-wird-gut-angenommen-300x200.jpg 300w, https:\/\/speyer24news.com\/wp-content\/uploads\/2021\/07\/Der-neue-Stall-wird-gut-angenommen-768x512.jpg 768w\" sizes=\"(max-width: 800px) 100vw, 800px\" \/><\/figure><\/div>\n\n\n\n<p>M\u00f6glich gemacht wurde der neue Stall f\u00fcr die Zackelschafe durch eine gro\u00dfz\u00fcgige Spende der Deutschen Postcode\u00a0Lotterie: Mit rund 30 000 Euro unterst\u00fctzte die Lotterie das Zackelschaf-Projekt, wie sie mit ihren Einnahmen immer wieder soziale Projekte f\u00f6rdert. \u201eWir sind sehr dankbar f\u00fcr diese gro\u00dfz\u00fcgige Spende der Postcode Lotterie\u201c, sagt Christine Kr\u00e4mer. \u201eMit dieser Hilfe konnte f\u00fcr unsere Zackelschafe nicht nur der Stall, sondern auch das Gehege umgestaltet und Richtung Eingangsbereich Jakob-Trumpfheller-Stra\u00dfe erweitert werden \u2013 ein gro\u00dfer Gewinn f\u00fcr unsere Tierhaltung.\u201c Nachwuchs braucht eben Platz!<\/p>\n\n\n\n<figure class=\"wp-block-gallery columns-2 is-cropped wp-block-gallery-1 is-layout-flex wp-block-gallery-is-layout-flex\"><ul class=\"blocks-gallery-grid\"><li class=\"blocks-gallery-item\"><figure><img decoding=\"async\" loading=\"lazy\" width=\"800\" height=\"533\" src=\"https:\/\/speyer24news.com\/wp-content\/uploads\/2021\/07\/Neuer-Stall-und-groesseres-Gehege.jpg\" alt=\"\" data-id=\"38795\" data-link=\"https:\/\/speyer24news.com\/?attachment_id=38795\" class=\"wp-image-38795\" srcset=\"https:\/\/speyer24news.com\/wp-content\/uploads\/2021\/07\/Neuer-Stall-und-groesseres-Gehege.jpg 800w, https:\/\/speyer24news.com\/wp-content\/uploads\/2021\/07\/Neuer-Stall-und-groesseres-Gehege-300x200.jpg 300w, https:\/\/speyer24news.com\/wp-content\/uploads\/2021\/07\/Neuer-Stall-und-groesseres-Gehege-768x512.jpg 768w\" sizes=\"(max-width: 800px) 100vw, 800px\" \/><\/figure><\/li><li class=\"blocks-gallery-item\"><figure><img decoding=\"async\" loading=\"lazy\" width=\"800\" height=\"533\" src=\"https:\/\/speyer24news.com\/wp-content\/uploads\/2021\/07\/Der-neue-Stall-wird-gut-angenommen.jpg\" alt=\"\" data-id=\"38796\" data-link=\"https:\/\/speyer24news.com\/?attachment_id=38796\" class=\"wp-image-38796\" srcset=\"https:\/\/speyer24news.com\/wp-content\/uploads\/2021\/07\/Der-neue-Stall-wird-gut-angenommen.jpg 800w, https:\/\/speyer24news.com\/wp-content\/uploads\/2021\/07\/Der-neue-Stall-wird-gut-angenommen-300x200.jpg 300w, https:\/\/speyer24news.com\/wp-content\/uploads\/2021\/07\/Der-neue-Stall-wird-gut-angenommen-768x512.jpg 768w\" sizes=\"(max-width: 800px) 100vw, 800px\" \/><\/figure><\/li><li class=\"blocks-gallery-item\"><figure><img decoding=\"async\" loading=\"lazy\" width=\"800\" height=\"533\" src=\"https:\/\/speyer24news.com\/wp-content\/uploads\/2021\/07\/Familie-Zackelschaf.jpg\" alt=\"\" data-id=\"38797\" data-link=\"https:\/\/speyer24news.com\/?attachment_id=38797\" class=\"wp-image-38797\" srcset=\"https:\/\/speyer24news.com\/wp-content\/uploads\/2021\/07\/Familie-Zackelschaf.jpg 800w, https:\/\/speyer24news.com\/wp-content\/uploads\/2021\/07\/Familie-Zackelschaf-300x200.jpg 300w, https:\/\/speyer24news.com\/wp-content\/uploads\/2021\/07\/Familie-Zackelschaf-768x512.jpg 768w\" sizes=\"(max-width: 800px) 100vw, 800px\" \/><\/figure><\/li><li class=\"blocks-gallery-item\"><figure><img decoding=\"async\" loading=\"lazy\" width=\"800\" height=\"538\" src=\"https:\/\/speyer24news.com\/wp-content\/uploads\/2021\/07\/Zackelschafmutter-ungeschoren-mit-Jungem.jpg\" alt=\"\" data-id=\"38799\" data-link=\"https:\/\/speyer24news.com\/?attachment_id=38799\" class=\"wp-image-38799\" srcset=\"https:\/\/speyer24news.com\/wp-content\/uploads\/2021\/07\/Zackelschafmutter-ungeschoren-mit-Jungem.jpg 800w, https:\/\/speyer24news.com\/wp-content\/uploads\/2021\/07\/Zackelschafmutter-ungeschoren-mit-Jungem-300x202.jpg 300w, https:\/\/speyer24news.com\/wp-content\/uploads\/2021\/07\/Zackelschafmutter-ungeschoren-mit-Jungem-768x516.jpg 768w\" sizes=\"(max-width: 800px) 100vw, 800px\" \/><\/figure><\/li><li class=\"blocks-gallery-item\"><figure><img decoding=\"async\" loading=\"lazy\" width=\"800\" height=\"528\" src=\"https:\/\/speyer24news.com\/wp-content\/uploads\/2021\/07\/Vater-Zackelschaf.jpg\" alt=\"\" data-id=\"38800\" data-link=\"https:\/\/speyer24news.com\/?attachment_id=38800\" class=\"wp-image-38800\" srcset=\"https:\/\/speyer24news.com\/wp-content\/uploads\/2021\/07\/Vater-Zackelschaf.jpg 800w, https:\/\/speyer24news.com\/wp-content\/uploads\/2021\/07\/Vater-Zackelschaf-300x198.jpg 300w, https:\/\/speyer24news.com\/wp-content\/uploads\/2021\/07\/Vater-Zackelschaf-768x507.jpg 768w\" sizes=\"(max-width: 800px) 100vw, 800px\" \/><\/figure><\/li><li class=\"blocks-gallery-item\"><figure><img decoding=\"async\" loading=\"lazy\" width=\"800\" height=\"609\" src=\"https:\/\/speyer24news.com\/wp-content\/uploads\/2021\/07\/Das-kleine-Schwarze.jpeg\" alt=\"\" data-id=\"38801\" data-link=\"https:\/\/speyer24news.com\/?attachment_id=38801\" class=\"wp-image-38801\" srcset=\"https:\/\/speyer24news.com\/wp-content\/uploads\/2021\/07\/Das-kleine-Schwarze.jpeg 800w, https:\/\/speyer24news.com\/wp-content\/uploads\/2021\/07\/Das-kleine-Schwarze-300x228.jpeg 300w, https:\/\/speyer24news.com\/wp-content\/uploads\/2021\/07\/Das-kleine-Schwarze-768x585.jpeg 768w, https:\/\/speyer24news.com\/wp-content\/uploads\/2021\/07\/Das-kleine-Schwarze-80x60.jpeg 80w\" sizes=\"(max-width: 800px) 100vw, 800px\" \/><\/figure><\/li><li class=\"blocks-gallery-item\"><figure><img decoding=\"async\" loading=\"lazy\" width=\"800\" height=\"533\" src=\"https:\/\/speyer24news.com\/wp-content\/uploads\/2021\/07\/Am-Futtern.jpg\" alt=\"\" data-id=\"38802\" data-full-url=\"https:\/\/speyer24news.com\/wp-content\/uploads\/2021\/07\/Am-Futtern.jpg\" data-link=\"https:\/\/speyer24news.com\/?attachment_id=38802\" class=\"wp-image-38802\" srcset=\"https:\/\/speyer24news.com\/wp-content\/uploads\/2021\/07\/Am-Futtern.jpg 800w, https:\/\/speyer24news.com\/wp-content\/uploads\/2021\/07\/Am-Futtern-300x200.jpg 300w, https:\/\/speyer24news.com\/wp-content\/uploads\/2021\/07\/Am-Futtern-768x512.jpg 768w\" sizes=\"(max-width: 800px) 100vw, 800px\" \/><\/figure><\/li><\/ul><\/figure>\n\n\n\n<p><em>Stadtpark Mannheim gemeinn\u00fctzige GmbH<br>11.07.2021<\/em><\/p>\n","protected":false},"excerpt":{"rendered":"<div class=\"mh-excerpt\"><p>Luisenpark Matin\u00e9e im Gr\u00fcnen So., 18.07.2021, 10.30\u00a0&#8211;\u00a012\u00a0Uhr,\u00a0Chinesisches Teehaus Auf die Fl\u00f6tenensembles der Mannheimer Bl\u00e4serphilharmonie d\u00fcrfen sich die Besucher des Chinesischen Gartens im Luisenpark Mannheim am 18. Juli 2021 freuen. In verschiedenen Besetzungen spielen die Querfl\u00f6tistinnen <a class=\"mh-excerpt-more\" href=\"https:\/\/speyer24news.com\/?p=38789\" title=\"Wocheninfo aus den Stadtparks Mannheim von 15. bis 21. Juli. 2021\">[&#8230;]<\/a><\/p>\n<\/div>","protected":false},"author":3,"featured_media":35923,"comment_status":"open","ping_status":"open","sticky":false,"template":"","format":"standard","meta":{"_monsterinsights_skip_tracking":false,"_monsterinsights_sitenote_active":false,"_monsterinsights_sitenote_note":"","_monsterinsights_sitenote_category":0,"footnotes":""},"categories":[11],"tags":[279,280,601,3518,56,12400],"aioseo_notices":[],"amp_enabled":true,"_links":{"self":[{"href":"https:\/\/speyer24news.com\/index.php?rest_route=\/wp\/v2\/posts\/38789"}],"collection":[{"href":"https:\/\/speyer24news.com\/index.php?rest_route=\/wp\/v2\/posts"}],"about":[{"href":"https:\/\/speyer24news.com\/index.php?rest_route=\/wp\/v2\/types\/post"}],"author":[{"embeddable":true,"href":"https:\/\/speyer24news.com\/index.php?rest_route=\/wp\/v2\/users\/3"}],"replies":[{"embeddable":true,"href":"https:\/\/speyer24news.com\/index.php?rest_route=%2Fwp%2Fv2%2Fcomments&post=38789"}],"version-history":[{"count":1,"href":"https:\/\/speyer24news.com\/index.php?rest_route=\/wp\/v2\/posts\/38789\/revisions"}],"predecessor-version":[{"id":38803,"href":"https:\/\/speyer24news.com\/index.php?rest_route=\/wp\/v2\/posts\/38789\/revisions\/38803"}],"wp:featuredmedia":[{"embeddable":true,"href":"https:\/\/speyer24news.com\/index.php?rest_route=\/wp\/v2\/media\/35923"}],"wp:attachment":[{"href":"https:\/\/speyer24news.com\/index.php?rest_route=%2Fwp%2Fv2%2Fmedia&parent=38789"}],"wp:term":[{"taxonomy":"category","embeddable":true,"href":"https:\/\/speyer24news.com\/index.php?rest_route=%2Fwp%2Fv2%2Fcategories&post=38789"},{"taxonomy":"post_tag","embeddable":true,"href":"https:\/\/speyer24news.com\/index.php?rest_route=%2Fwp%2Fv2%2Ftags&post=38789"}],"curies":[{"name":"wp","href":"https:\/\/api.w.org\/{rel}","templated":true}]}}