{"id":38815,"date":"2021-07-12T06:14:38","date_gmt":"2021-07-12T05:14:38","guid":{"rendered":"https:\/\/speyer24news.com\/?p=38815"},"modified":"2021-07-12T06:14:39","modified_gmt":"2021-07-12T05:14:39","slug":"polizei-635","status":"publish","type":"post","link":"https:\/\/speyer24news.com\/?p=38815","title":{"rendered":"Polizei"},"content":{"rendered":"<style type=\"text\/css\">\r\n\t.ads_top_disp{}\r\n\t.ads_top_corner_disp{ float:left; margin:0px 10px 10px 0px; }\r\n\t.ads_first_p_disp{}\r\n\t.ads_bottom_disp{}\r\n\t<\/style>\n<h2 class=\"wp-block-heading\">Polizeimeldungen vom Sonntag (11.07.2021)<\/h2>\n\n\n\n<div class=\"wp-block-image\"><figure class=\"aligncenter size-large\"><img decoding=\"async\" src=\"https:\/\/speyer24news.com\/wp-content\/uploads\/2019\/11\/Aktuelles-Polizeilogo.jpg\" alt=\"\" class=\"wp-image-21845\"\/><\/figure><\/div>\n\n\n\n<h2 class=\"wp-block-heading\">(B\u00f6hl-Iggelheim) &#8211; Sachbesch\u00e4digung am Ger\u00e4tehaus der Feuerwehr<\/h2>\n\n\n\n<p>In der Nacht von Freitag 19:00 Uhr auf Samstag 08:30 Uhr wurde eine Scheibe am Ger\u00e4tehaus der Freiwilligen Feuerwehr in B\u00f6hl-Iggelheim besch\u00e4digt. Die \u00e4u\u00dfere von zwei Fensterscheiben am Treppenhaus wurde zum Bersten gebracht. Der Sachschaden bel\u00e4uft sich auf etwa 250 EUR. Zeugen, die Hinweise zu dem Vorfall geben k\u00f6nnen, werden gebeten, sich mit der Polizeiinspektion Schifferstadt unter 06235 495-0 oder\u00a0<a href=\"mailto:pischifferstadt@polizei.rlp.de\">pischifferstadt@polizei.rlp.de<\/a>\u00a0in Verbindung zu setzen.<\/p>\n\n\n\n<h2 class=\"wp-block-heading\">(B\u00f6hl-Iggelheim) &#8211; Verkehrsunfallflucht<\/h2>\n\n\n\n<p>Am Freitag dem 09.07.2021, gegen 13:00 Uhr stellte die 65-j\u00e4hrige Fahrerin eines Fiat Punto ihren Pkw in der L\u00fctzelstra\u00dfe in B\u00f6hl-Iggelheim ab. Als sie etwa zweieinhalb Stunden sp\u00e4ter zu ihrem Pkw zur\u00fcckkehrte musste sie feststellen, dass jemand offensichtlich beim Vorbeifahren den Au\u00dfenspiegel ihres Fahrzeugs besch\u00e4digte und danach die Unfallstelle verlassen hat ohne weitere Ma\u00dfnahmen zu treffen. Zeugen, die Hinweise zu dem Vorfall geben k\u00f6nnen, werden gebeten, sich mit der Polizeiinspektion Schifferstadt unter 06235 495-0 oder\u00a0<a href=\"mailto:pischifferstadt@polizei.rlp.de\">pischifferstadt@polizei.rlp.de<\/a>\u00a0in Verbindung zu setzen.<\/p>\n\n\n\n<h2 class=\"wp-block-heading\">(B\u00f6hl-Iggelheim) &#8211; Verkehrsunfall mit Leichtverletzten<\/h2>\n\n\n\n<p>Am Freitag, dem 09.07.2021, gegen 08:00 Uhr befuhr die 30-j\u00e4hrige Fahrerin eines PKW die Bismarckstra\u00dfe in Richtung Hauptstra\u00dfe. An der dortigen Einm\u00fcndung wollte sie nach rechts abbiegen. Zeitgleich befuhren ein 7- und ein 8-j\u00e4hriges Kind mit ihren R\u00e4dern den linken Gehweg in Richtung der Einm\u00fcndung. Laut Zeugen \u00fcbersah die PKW-Fahrerin die Kinder, die die Hauptstra\u00dfe geradeaus weiter befahren wollten. Der Pkw erfasste das 8-j\u00e4hrige Kind welches hierbei st\u00fcrzte und sich gl\u00fccklicherweise nur Prellungen zuzog. Das Fahrrad wurde unter dem PKW eingeklemmt.<\/p>\n\n\n\n<h2 class=\"wp-block-heading\">(Neuhofen) &#8211; Verkehrsgef\u00e4hrdung<\/h2>\n\n\n\n<p>Am 10.07.2021 gegen 01:30 Uhr wurde in der Rottstra\u00dfe in Neuhofen ein Stein auf einen fahrenden Linienbus geworfen. Dadurch zersprangen die Seitenscheibe und eine Anzeigetafel \u00fcber dem rechten Vorderrad. Nur durch Gl\u00fcck wurde keiner der Fahrg\u00e4ste verletzt. Der Sachschaden am Bus bel\u00e4uft sich auf etwa 2000 EUR. Zeugen, die Hinweise zu dem Vorfall geben k\u00f6nnen, werden gebeten, sich mit der Polizeiinspektion Schifferstadt unter 06235 495-0 oder\u00a0<a href=\"mailto:pischifferstadt@polizei.rlp.de\">pischifferstadt@polizei.rlp.de<\/a>\u00a0in Verbindung zu setzen.<\/p>\n\n\n\n<h2 class=\"wp-block-heading\">(Schwegenheim) &#8211; Geschwindigkeitsmessung<\/h2>\n\n\n\n<p>Am Freitagvormittag wurde in der Bahnhofstra\u00dfe in Schwegenheim eine Geschwindigkeitsmessung durchgef\u00fchrt. In dem Zeitraum zwischen 09:50 Uhr und 11:40 Uhr waren von insgesamt 30 gemessenen Fahrzeuge 11 Fahrzeuge zu schnell unterwegs. Zudem stellten die eingesetzten Beamten bei drei Fahrzeugen kleinere M\u00e4ngel fest, die im Nachhinein behoben werden m\u00fcssen.<\/p>\n\n\n\n<h2 class=\"wp-block-heading\">(Germersheim) &#8211; Neandertaler scheitert am Fahrraddiebstahl<\/h2>\n\n\n\n<p>Eine eher ungew\u00f6hnliche und offensichtlich wenig effektive Art das Schloss eines Fahrrades zu knacken, w\u00e4hlte am fr\u00fchen Sonntagmorgen gegen 4:30 Uhr ein unbekannter Fahrraddieb. Eine Anwohnerin beschwerte sich \u00fcber seit eineinhalb Stunden andauernde Klopfger\u00e4usche aus dem Unipark. Bei einer \u00dcberpr\u00fcfung staunten die Beamten nicht schlecht, als sie einen Mann sahen, der mit zwei gro\u00dfen Steinen versuchte, ein Fahrradschloss zu knacken. Beim Erkennen der Polizei fl\u00fcchtete der Mann und konnte nicht mehr gestellt werden. Das Objekt seiner Begierde: ein altes lilafarbenes Damenrad mit einem Wert von zirka 30 Euro.<\/p>\n\n\n\n<h2 class=\"wp-block-heading\">(Germersheim) &#8211; Betrunken mit Fahrrad Unfall verursacht<\/h2>\n\n\n\n<p>Ein 72-j\u00e4hriger Radfahrer verursachte am Freitagabend mit seinem Fahrrad einen Sachschaden in H\u00f6he von etwa 1.500 Euro. Gegen 23:30 Uhr fuhr der Radfahrer auf dem Radweg an der &#8222;Alten Ziegelei&#8220; in Germersheim. Aus bisher ungekl\u00e4rter Ursache kollidierte der 72-J\u00e4hrige mit einem geparkten Fahrzeug und besch\u00e4digte dieses. Die beiden Unfallbeteiligten einigten sich zun\u00e4chst vor Ort, obwohl der 72-J\u00e4hrige dem 19-j\u00e4hrige Fahrzeugf\u00fchrer beichtete, dass er etwas Alkohol getrunken h\u00e4tte. Nach einem Gespr\u00e4ch mit seinen Eltern erschien der 19-J\u00e4hrige doch noch bei der Polizei und meldete den Unfall nach. Nachdem die Polizeibeamten zu dem 72-j\u00e4hrigen Radfahrer fuhren, beichtete er auch ihnen, dass er vor der Fahrt Alkohol getrunken h\u00e4tte. Ein Atemalkoholtest ergab einen Wert von 0,58 Promille. Dem 72-J\u00e4hrigen wurde im Anschluss eine Blutprobe entnommen. Gegen den Radfahrer wurde nun ein Strafverfahren eingeleitet.<\/p>\n\n\n\n<h2 class=\"wp-block-heading\">(Herxheim) &#8211; Raubdelikt<\/h2>\n\n\n\n<p>Am sp\u00e4ten Abend des Samstag, 10. Juli 2021, wurde ein 26-J\u00e4hriger aus der VG Herxheim gegen 23:15 Uhr von einem bisher unbekannten m\u00e4nnlichen T\u00e4ter \u00fcberfallen als er sich fu\u00dfl\u00e4ufig auf dem parallel zur Verbindungsstra\u00dfe (L542) zwischen Hayna und Herxheim verlaufenden Radweg befand. W\u00e4hrend der Tathandlung wurde der Gesch\u00e4digte vom T\u00e4ter in den Unterbauch geboxt und die Herausgabe eines dreistelligen Geldbetrages erpresst. Der Gesch\u00e4digte gab an, dass zur Tatzeit mehrere Fahrzeuge die Landstra\u00dfe befahren haben. Es ist somit nicht auszuschlie\u00dfen, dass ein aufmerksamer Fahrzeugf\u00fchrer den T\u00e4ter oder das gesamte Geschehen beobachtet hat. <\/p>\n\n\n\n<h4 class=\"wp-block-heading\">Der T\u00e4ter wird wie folgt beschrieben: <\/h4>\n\n\n\n<ul><li><strong>30-35 Jahre alt<\/strong><\/li><li><strong>ca. 1,80m gro\u00df<\/strong><\/li><li><strong>kr\u00e4ftige Statur (100-110kg schwer)<\/strong><\/li><li><strong>Dreitagebart<\/strong><\/li><li><strong>sog. Stiernacken<\/strong><\/li><li><strong>Zudem sprach der T\u00e4ter mit &#8222;kratziger&#8220; Stimme<\/strong><\/li><\/ul>\n\n\n\n<p>Zeugen, die Hinweise zum T\u00e4ter oder zur Tat geben k\u00f6nnen, werden gebeten, sich bei der Polizei in Landau (06341-2870) zu melden.<\/p>\n\n\n\n<h2 class=\"wp-block-heading\">(Herxheim) &#8211; Gest\u00fcrzter, alkoholisierter Fahrradfahrer<\/h2>\n\n\n\n<p>W\u00e4hrend der Unfallaufnahme im S\u00fcdring gegen 21:30 Uhr am 10. Juli konnten bei einem 52-j\u00e4hrigen Radfahrer aus der VG Herxheim Hinweise auf eine erhebliche Alkoholisierung festgestellt werden. Dem Mann wurde Blutprobe entnommen und ein Verfahren wegen Gef\u00e4hrdung des Stra\u00dfenverkehrs eingeleitet. Die Polizei weist an dieser Stelle darauf hin, dass auch die alkoholisierte Teilnahme am Stra\u00dfenverkehr als Radfahrer Konsequenzen f\u00fcr die Fahrerlaubnis f\u00fcr Kraftfahrzeuge haben kann.<\/p>\n\n\n\n<h2 class=\"wp-block-heading\">(Rheinzabern) &#8211; Verkehrsunfall unter Alkohol<\/h2>\n\n\n\n<p>In der Nacht von Samstag auf Sonntag stie\u00df gegen Mitternacht die 44-j\u00e4hrige Fahrerin eines VW Passat zun\u00e4chst r\u00fcckw\u00e4rts gegen die Hauswand eines Anwesens in der Ziegelgasse. Anschlie\u00dfend fuhr sie gegen eine weitere Hauswand. Unfallursache d\u00fcrfte in der Alkoholisierung zu sehen sein, der Atemalkoholtest ergab 1,65 Promille. Der F\u00fchrerschein wurde sichergestellt und der Fahrerin wurde eine Blutprobe entnommen. Au\u00dferdem wird die Fahrerin beanzeigt. Am PKW entstand ein Schaden von ca. 3000 Euro, die Schadensh\u00f6he an den H\u00e4usern ist noch nicht bekannt.<\/p>\n\n\n\n<h2 class=\"wp-block-heading\">(W\u00f6rth) &#8211; Qualmender Linienbus<\/h2>\n\n\n\n<p>Am 10.07.21 gegen 13:48 Uhr musste ein im Linienverkehr eingesetzter Omnibus aufgrund technischen Defekt in der Bahnhofstra\u00dfe kurz vor der Endhaltestelle seine Fahrt unterbrechen. Aufgrund des Defekts im Motorraum am Heck begann der Bus w\u00e4hrend der Fahrt zu qualmen, was der Fahrer rechtzeitig bemerkte und den Omnibus anhalten konnte. Die Fahrg\u00e4ste konnten den Bus unversehrt verlassen. Die gerufene Feuerwehr sicherte die Gefahrenstelle.<\/p>\n\n\n\n<h2 class=\"wp-block-heading\">(A 65 \/ Kandel) &#8211; Fahrt unter Alkohol<\/h2>\n\n\n\n<p>Im Rahmen der Streifenfahrt fiel den Beamten auf der A65 in Richtung Karlsruhe am11.07.2021 um 00:50 Uhr ein schwarzer PKW auf, dessen Fahrer deutliche Ausfallerscheinungen w\u00e4hrend seiner Fahrt zeigte. Bei W\u00f6rth Dorschberg wurde der PKW-Fahrer von der Autobahn gezogen und einer Kontrolle unterzogen. Die freiwillig durchgef\u00fchrte Atemalkoholkontrolle ergab einen Wert von 1,45 Promille. Der F\u00fchrerschein wurde sichergestellt, der PKW an Ort und Stelle geparkt. Auf den 33-j\u00e4hrigen Fahrer kommt eine Anzeige wegen Trunkenheit im Verkehr zu.<\/p>\n\n\n\n<h2 class=\"wp-block-heading\">(Bad Bergzabern) &#8211; Gut versteckt<\/h2>\n\n\n\n<div class=\"wp-block-image\"><figure class=\"aligncenter size-large\"><img decoding=\"async\" loading=\"lazy\" width=\"800\" height=\"533\" src=\"https:\/\/speyer24news.com\/wp-content\/uploads\/2021\/07\/IMG_9686_1.jpg\" alt=\"\" class=\"wp-image-38816\" srcset=\"https:\/\/speyer24news.com\/wp-content\/uploads\/2021\/07\/IMG_9686_1.jpg 800w, https:\/\/speyer24news.com\/wp-content\/uploads\/2021\/07\/IMG_9686_1-300x200.jpg 300w, https:\/\/speyer24news.com\/wp-content\/uploads\/2021\/07\/IMG_9686_1-768x512.jpg 768w\" sizes=\"(max-width: 800px) 100vw, 800px\" \/><figcaption>verunfallter PKW im Wald<\/figcaption><\/figure><\/div>\n\n\n\n<p>Ein 27 Jahre alter PKW-Fahrer aus Wissembourg befuhr am Sonntagmorgen gg. 07:00 Uhr die Bundesstra\u00dfe 38 von Bad Bergzabern in Fahrtrichtung Oberotterbach. Hierbei kam er aufgrund nicht angepasster Geschwindigkeit kurz vor der Abfahrt zur K23 nach rechts von der Fahrbahn ab. Er verursachte hierbei keinen Schaden, rutschte jedoch ca. 15 m eine B\u00f6schung hinunter und blieb im Gestr\u00fcpp h\u00e4ngen. Dieses dr\u00fcckte die T\u00fcren zu, sodass sich der Fahrer selbst nicht befreien konnte. Da er dar\u00fcber hinaus von der Stra\u00dfe nicht zu sehen war und er keine genaue Ortsangabe machen konnte, gestaltete sich die Suche nach ihm schwierig. Schlie\u00dflich konnte er durch eine Polizeistreife aufgefunden und aus seinem Fzg. befreit werden. Sein PKW wurde durch Abschleppdienst herausgezogen und er konnte seine Fahrt fortsetzen. Der eigene Schaden bel\u00e4uft sich auf ca. 150.- EUR<\/p>\n\n\n\n<h2 class=\"wp-block-heading\">(Bad Bergzabern) &#8211; PKW besch\u00e4digt und einfach weitergefahren<\/h2>\n\n\n\n<p>Am Samstag, den 10.07.21, zw. 07.00-07:30 Uhr, wurde ein in der Steinfelder Stra\u00dfe abgestellter PKW, Peugeot 206 mit S\u00dcW-Kennzeichen, durch ein vorbeifahrendes Wohnmobil besch\u00e4digt. Hierbei wurde die Fahrerseite am geparkten PKW eingedr\u00fcckt\/versch\u00fcrft. Der Schaden d\u00fcrfte bei 750-1000EUR liegen. Beim Verursacher soll es sich um ein Wohnmobil mit KA-Kennzeichen gehandelt haben.<\/p>\n\n\n\n<h2 class=\"wp-block-heading\">(Bad Bergzabern) &#8211; Verkehrszeichen besch\u00e4digt und weg<\/h2>\n\n\n\n<div class=\"wp-block-image\"><figure class=\"aligncenter size-large\"><img decoding=\"async\" loading=\"lazy\" width=\"800\" height=\"600\" src=\"https:\/\/speyer24news.com\/wp-content\/uploads\/2021\/07\/2.jpg\" alt=\"\" class=\"wp-image-38817\" srcset=\"https:\/\/speyer24news.com\/wp-content\/uploads\/2021\/07\/2.jpg 800w, https:\/\/speyer24news.com\/wp-content\/uploads\/2021\/07\/2-300x225.jpg 300w, https:\/\/speyer24news.com\/wp-content\/uploads\/2021\/07\/2-768x576.jpg 768w, https:\/\/speyer24news.com\/wp-content\/uploads\/2021\/07\/2-678x509.jpg 678w, https:\/\/speyer24news.com\/wp-content\/uploads\/2021\/07\/2-326x245.jpg 326w, https:\/\/speyer24news.com\/wp-content\/uploads\/2021\/07\/2-80x60.jpg 80w\" sizes=\"(max-width: 800px) 100vw, 800px\" \/><\/figure><\/div>\n\n\n\n<p>Innerhalb der letzten paar Tage wurde augenscheinlich durch einen LKW ein Verkehrszeichen in der Auffahrt von der Bundesstra\u00dfe 427 zur Bundesstra\u00dfe 38, Bereich des SBK, umgerissen. Der Verursacher entfernte sich bisher unerkannt und ohne sich um den Schaden zu k\u00fcmmern. Dieser muss durch die Stra\u00dfenmeisterei Annweiler \u00fcberpr\u00fcft und behoben werden. Vermutlich ist er vierstellig. Besch\u00e4digt wurde eine Warnbake und ein Verkehrszeichen f\u00fcr die vorgeschriebene Vorbeifahrt, sowie die Halterung und der Sockel.<\/p>\n\n\n\n<p>Zeugenhinweise bitte an die Polizeiinspektion Bad Bergzabern, Tel. 06343\/93340 oder per E-Mail an\u00a0<a href=\"mailto:pibadbergzabern@polizei.rlp.de\">pibadbergzabern@polizei.rlp.de<\/a><\/p>\n\n\n\n<h2 class=\"wp-block-heading\">(Klingenm\u00fcnster) &#8211; Hilferufe aus dem Wald<\/h2>\n\n\n\n<p>In den Abendstunden wurden Hilferufe aus dem Bereich der Burg Landeck\/ des Waldrandes bei der Polizei Bad Bergzabern gemeldet. Bei der anschlie\u00dfenden Vermisstensuche wird auch ein Polizeihubschrauber gegen Mitternacht den Feld- und Waldbereich rund um die Burg Landeck mittels einer speziellen Kamera absuchen. Im Ernstfall soll die Person in hilfloser Lage damit ausfindig gemacht und wenn n\u00f6tig einer medizinischen Versorgung zugef\u00fchrt werden.<\/p>\n\n\n\n<h2 class=\"wp-block-heading\">(V\u00f6lkersweiler) &#8211; Krad-Fahrer leicht verletzt<\/h2>\n\n\n\n<p>Eine 82 Jahre alte PKW-Fahrerin befuhr am Samstag, gg. 15:00 Uhr, die Landstra\u00dfe 494 in Fahrtrichtung V\u00f6lkersweiler. Hierbei kam ihr der 59 Jahre alte Krad-Fahrer entgegen. In der Vorbeifahrt streife die PKW-Fahrerin vermutlich aufgrund Abweichen vom Rechtsfahrgebot den Krad-Fahrer am Arm und Fahrzeug. Dieser konnte einen Sturz vermeiden, zog sich jedoch leichte Verletzungen am linken Arm zu. Er wurde durch RTW ins Krankenhaus verbracht, wo er sp\u00e4ter jedoch wieder entlassen werden konnte. An seinem Fahrzeug entstand ein Schaden von ca. 300.-, bei der Verursacherin von ca. 1000.-.<\/p>\n\n\n\n<p>Zeugenhinweise bitte an die Polizeiinspektion Bad Bergzabern, Tel. 06343\/93340 oder per E-Mail an&nbsp;<a href=\"mailto:pibadbergzabern@polizei.rlp.de\">pibadbergzabern@polizei.rlp.de<\/a><\/p>\n\n\n\n<h2 class=\"wp-block-heading\">(A 65 \/ Landau) &#8211; Verkehrsunfall mit Flucht auf der BAB65, Unfallbeteiligte verletzt<\/h2>\n\n\n\n<p>Am Sonntag, 11.07.2021 gegen 01:00 Uhr war ein 18-j\u00e4hriger BMW-Fahrer aus dem Kreis Germersheim auf der A65 in Fahrtrichtung Ludwigshafen unterwegs. In H\u00f6he der Anschlussstelle Landau-Zentrum fuhr ein Pkw BMW nahezu ungebremst auf den Pkw des Fahranf\u00e4ngers auf. W\u00e4hrend der 18-J\u00e4hrige seinen besch\u00e4digten Pkw auf dem Standstreifen zum Stillstand brachte, entfernte sich der andere Pkw von der Unfallstelle, ohne sich um den entstandenen Schaden zu k\u00fcmmern. Durch den Aufprall wurde die 18-j\u00e4hrige Beifahrerin des Fahranf\u00e4ngers leicht verletzt und musste sich in \u00e4rztliche Behandlung begeben. Am Pkw entstand ein Schaden von mindestens 2500EUR. Trotz Fahndungsma\u00dfnahmen konnte der BMW des Unfallverursachers nicht mehr festgestellt werden. Da das Kennzeichen des BMW jedoch bekannt ist, wurden Ermittlungen hinsichtlich des Unfallverursachers aufgenommen. Ein Strafverfahren wegen Verkehrsunfallflucht und fahrl\u00e4ssiger K\u00f6rperverletzung wurde eingeleitet. Zeugen, die Hinweise zum Unfallverursacher geben k\u00f6nnen, richten diese an die Polizei Edenkoben unter Tel: 06323-9550 oder per Email an\u00a0<a href=\"mailto:piedenkoben@polizei.rlp.de\">piedenkoben@polizei.rlp.de<\/a><\/p>\n\n\n\n<h2 class=\"wp-block-heading\">(Edesheim) &#8211; Verkehrsunfallflucht auf Wirtschaftsweg<\/h2>\n\n\n\n<p>Ein bislang unbekannter Fahrzeugf\u00fchrer hat am Samstag, 10.07.2021 zwischen 08:30 Uhr und 10:00 Uhr den Pkw VW eines 70-j\u00e4hrigen S\u00fcdpf\u00e4lzers besch\u00e4digt. Der VW war im Weinberg entlang eines Wirtschaftsweges in Edesheim zwischen der L516 und der Ruprechtstra\u00dfe abgestellt. Bei dem Unfallverursacher k\u00f6nnte es sich um ein land- oder forstwirtschaftliches Fahrzeug gehandelt habe, da die gesamte rechte Seite des Pkws eingedellt wurde. Der unbekannte Fahrer setzte nach dem Unfall seine Fahrt fort, ohne sich um den entstandenen Schaden zu k\u00fcmmern. Es entstand ein Schaden in H\u00f6he von 2500 EUR. Hinweise nimmt die Polizei Edenkoben unter Tel: 06323-9550 oder per Email\u00a0<a href=\"mailto:piedenkoben@polizei.rlp.de\">piedenkoben@polizei.rlp.de<\/a>\u00a0entgegen.<\/p>\n\n\n\n<h2 class=\"wp-block-heading\">(Neustadt) &#8211; Gelegenheit macht Diebe<\/h2>\n\n\n\n<p>Am 09.07.2021 zwischen 12:30 Uhr und 13:45 Uhr wurde einer 58-j\u00e4hrigen Neustadterin im Rahmen eines Einkaufes in einem Supermarkt in der Martin-Luther-Stra\u00dfe ihre Geldb\u00f6rse entwendet. Diese befand sich zum Zeitpunkt des Diebstahls in ihrem Rucksack, welchen sie unbeaufsichtigt in ihrem Einkaufswagen abgestellt hatte. T\u00e4terhinweise sind zum jetzigen Zeitpunkt nicht vorhanden. Am 10.07.2021 wurde ein 23-j\u00e4hriger Opfer eines Trickdiebstahls. Hier verschafften sich zwei bislang unbekannte T\u00e4ter die Gelegenheit, indem sie den Bedarf am Mobiltelefon des Gesch\u00e4digten zum T\u00e4tigen eines Anrufes vort\u00e4uschten. In der Handyh\u00fclle des Smartphones befanden sich 150 Euro, welche bei R\u00fcckgabe des Telefons nicht mehr vorhanden waren. Die T\u00e4ter entfernten sich bevor der Gesch\u00e4digte das Fehlen des Geldes feststellen konnte von der \u00d6rtlichkeit. Sachdienliche Hinweise nimmt die Polizei Neustadt unter der Telefonnummer 06321\/854-0 oder der E-Mail-Adresse\u00a0<a href=\"mailto:pineustadt@polizei.rlp.de\">pineustadt@polizei.rlp.de<\/a>\u00a0entgegen. Tipps zur Vermeidung von Diebst\u00e4hlen sind der Internetseite\u00a0<a target=\"_blank\" href=\"http:\/\/www.polizei-beratung.de\/\" rel=\"noreferrer noopener\">www.polizei-beratung.de<\/a>\u00a0zu entnehmen.<\/p>\n\n\n\n<h2 class=\"wp-block-heading\">(Frankenthal) &#8211; Einsatz des Tasers \/ Polizeibeamte bedroht und beleidigt<\/h2>\n\n\n\n<div class=\"wp-block-image\"><figure class=\"aligncenter size-large\"><img decoding=\"async\" loading=\"lazy\" width=\"800\" height=\"462\" src=\"https:\/\/speyer24news.com\/wp-content\/uploads\/2021\/07\/DEIG.jpg\" alt=\"\" class=\"wp-image-38818\" srcset=\"https:\/\/speyer24news.com\/wp-content\/uploads\/2021\/07\/DEIG.jpg 800w, https:\/\/speyer24news.com\/wp-content\/uploads\/2021\/07\/DEIG-300x173.jpg 300w, https:\/\/speyer24news.com\/wp-content\/uploads\/2021\/07\/DEIG-768x444.jpg 768w\" sizes=\"(max-width: 800px) 100vw, 800px\" \/><\/figure><\/div>\n\n\n\n<p>Zu dem Einsatz des Tasers kam es am Samstagabend, dem 10.07.2021, gegen 22:15 Uhr, in der Eisenbahnstra\u00dfe. Nach der Meldung \u00fcber eine randalierende Person wurde ein 17-j\u00e4hriger Frankenthaler von der Polizei kontrolliert. Schon zu Beginn der Kontrolle verhielt dieser sich aggressiv und beleidigte und bedrohte die Beamten. Durch den Einsatz des Tasers konnte der 17-J\u00e4hrige schlie\u00dflich gefesselt und fixiert werden. Der offensichtlich unter starkem Alkohol- und Bet\u00e4ubungsmitteleinfluss stehende Beschuldigte, ein Atemalkoholtest ergab einen Wert von 3,7 Promille, wurde nach erfolgter Anzeigenaufnahme in ein Krankenhaus gebracht.<\/p>\n\n\n\n<h2 class=\"wp-block-heading\">(Bobenheim-Roxheim) &#8211; Festnahme nach Diebstahl von Parf\u00fcmartikeln im Wert von 560 Euro<\/h2>\n\n\n\n<p>Durch insgesamt f\u00fcnf Personen wurden am Samstag, dem 10.07.02021, gegen 15:00 Uhr, Parf\u00fcmartikel im Wert von ca. 560 Euro entwendet. Durch den aufmerksamen Ladendetektiv des betreffenden Supermarkts im S\u00fcdring konnte der Diebstahl beobachtet und drei der f\u00fcnf T\u00e4ter angehalten werden. Den zwei bislang unbekannten T\u00e4tern gelang die Flucht. Durch die hinzugerufene Polizei konnte ein Gro\u00dfteil des Diebesguts sichergestellt und wieder an den Markt ausgeh\u00e4ndigt werden. Gegen die T\u00e4ter wurde eine Anzeige wegen schweren Diebstahls aufgenommen. Zudem wurden sie erkennungsdienstlich behandelt. Die Ermittlungen zu den weiteren T\u00e4tern dauern an.<\/p>\n\n\n\n<p>Zeugen werden gebeten sich an die Polizeiinspektion Frankenthal unter der Tel.-Nr.: 06233\/313-0 oder an die Polizeiwache Maxdorf unter der Tel.-Nr.: 06237\/934-1100 zu wenden. Gerne nehmen wir Ihre Hinweise auch per E-Mail unter\u00a0<a href=\"mailto:pifrankenthal@polizei.rlp.de\">pifrankenthal@polizei.rlp.de<\/a>\u00a0entgegen.<\/p>\n\n\n\n<h2 class=\"wp-block-heading\">(Ludwigshafen) &#8211; Motorradfahrer nach Unfall leicht verletzt<\/h2>\n\n\n\n<p>Am Samstag, den 10.07.2021, gegen 14:00 Uhr, befuhren sowohl ein Autofahrer, als auch ein Motorradfahrer die zweispurige Heinigstra\u00dfe in Ludwigshafen am Rhein in Fahrtrichtung Kaiser-Wilhelm-Stra\u00dfe. Als der 44-j\u00e4hrige Pkw-Fahrer den Fahrstreifen wechseln wollte, \u00fcbersah er den leicht nach hinten versetzt fahrenden 23-j\u00e4hrigen Motorradfahrer. Durch die Kollision kam der Motorradfahrer zu Fall und zog sich hierbei leichte Verletzungen in Form von Sch\u00fcrfwunden und einer Prellung des Sprunggelenkes zu. Beide Fahrzeuge wurden durch den Zusammensto\u00df besch\u00e4digt.<\/p>\n\n\n\n<h2 class=\"wp-block-heading\">(Mannheim) &#8211; Vorfahrtsmissachtung \/ vier Personen schwer verletzt &#8211; Rettungshubschrauber im Einsatz<\/h2>\n\n\n\n<p>Am Sonntag gegen 11.30 Uhr missachtete der Fahrer eines Lexus bei der Abfahrt von der B 38 a zur Mallaustra\u00dfe die Vorfahrt eines Skoda-Fahrers, weshalb es zum Frontalzusammensto\u00df kam, der Skoda \u00fcber die Mallaustra\u00dfe geschleudert wurde und schlie\u00dflich gegen die gegen\u00fcberliegende Haltestelle prallte. Bei dem Zusammensto\u00df wurden sowohl der 74-j\u00e4hrige Verursacher als auch die dreik\u00f6pfige Familie im Skoda schwer verletzt. Zum Abtransport der Verletzten wurde ein Rettungshubschrauber eingesetzt. Beide Fahrzeuge mussten abgeschleppt werden. Die H\u00f6he des Sachschadens betr\u00e4gt ca. 53.000,- Euro. W\u00e4hrend der Unfallaufnahme musste die Mallaustra\u00dfe in beide Richtungen bis gegen 14.30 Uhr gesperrt werden.<\/p>\n\n\n\n<h2 class=\"wp-block-heading\">(Mannheim-Innenstadt) &#8211; Zusammensto\u00df zweier Autos verursacht erheblichen Sachschaden<\/h2>\n\n\n\n<p>Bei einem Zusammensto\u00df am Samstagabend zwischen zwei Autos in der Mannheimer Innenstadt entstand erheblicher Sachschaden. Ein 26-j\u00e4hriger Mann war gegen 23 Uhr mit seinem Mercedes auf der Stra\u00dfe zwischen M 1 und M 2 in Richtung Kunststra\u00dfe unterwegs. An der Kreuzung M 1\/ N2 nahm er einem von rechts kommenden, in Richtung Pf\u00e4lzer Stra\u00dfe fahrenden 50-J\u00e4hrigen mit seinem VW die Vorfahrt und stie\u00df mit ihm zusammen. Dabei wurden beide Fahrzeuge so stark besch\u00e4digt, dass sie nicht mehr fahrf\u00e4hig waren und abgeschleppt werden mussten. Der Sachschaden wird auf rund 20.000 Euro gesch\u00e4tzt.<\/p>\n\n\n\n<h2 class=\"wp-block-heading\">(Mannheim-Neckarstadt) &#8211; Nach Zusammensto\u00df \/ PKW mehrfach \u00fcberschlagen &#8211; eine Person schwer verletzt<\/h2>\n\n\n\n<h3 class=\"has-text-align-center wp-block-heading\">1. Pressemitteilung<\/h3>\n\n\n\n<p>Nachdem am Sonntag kurz nach 15.00 Uhr ein Linksabbieger von der Industriestra\u00dfe in die Helmholzstra\u00dfe einen entgegenkommenden PKW \u00fcbersah, \u00fcberschlug der sich nach dem Zusammensto\u00df mehrfach. Zwei Personen wurden schwer verletzt. Die Einsatzkr\u00e4fte sind derzeit vor Ort.<\/p>\n\n\n\n<h2 class=\"wp-block-heading\">(Mannheim-Neckarstadt) &#8211; PKW \u00fcberschlagen \/ zwei Personen schwer verletzt<\/h2>\n\n\n\n<h3 class=\"has-text-align-center wp-block-heading\">2. Pressemeldung<\/h3>\n\n\n\n<p>Ein 53-j\u00e4hriger Nissan-Fahrer wollte kurz nach 15.00 Uhr von der Helmholtzstra\u00dfe nach links in die Inselstra\u00dfe abbiegen und \u00fcbersah hierbei einen von der Inselstra\u00dfe in Richtung Industriestra\u00dfe fahrenden Hyundai. Dieser \u00fcberschlug sich daraufhin durch die Wucht des Aufpralls mehrfach. Sowohl der 58-j\u00e4hrige Fahrer des Hyundai sowie seine 61-j\u00e4hrige Mitfahrerin wurden hierdurch schwer verletzt und kamen in umliegende Krankenh\u00e4user. Beide PKW waren nicht mehr fahrbereit und mussten abgeschleppt werden. Die H\u00f6he des Sachschadens wird auf ca. 20.000,- Euro gesch\u00e4tzt. W\u00e4hrend der Unfallaufnahme kam es zu keinen Verkehrsst\u00f6rungen.<\/p>\n\n\n\n<h2 class=\"wp-block-heading\">(Mannheim-K\u00e4fertal) &#8211; Brennendes Auto am Fahrbahnrand \/ Zeugen gesucht<\/h2>\n\n\n\n<p>Am Samstagabend wurden Polizei und Feuerwehr ein brennendes Auto im Stadtteil K\u00e4fertal gemeldet. Ein am Fahrbahnrand der Maikammerstra\u00dfe war gegen 23.30 Uhr in Brand geraten und wurde durch die Flammen stark besch\u00e4digt. Die Feuerwehr konnte den Brand jedoch rasch l\u00f6schen und so ein \u00dcbergreifen auf angrenzende Geb\u00e4ude und Vegetation verhindern.<\/p>\n\n\n\n<p>Die Ursache f\u00fcr den Brandausbruch ist derzeit noch unklar.<\/p>\n\n\n\n<p>Zeugen, die verd\u00e4chtige Wahrnehmungen gemacht haben und sachdienliche Hinweise geben k\u00f6nnen, werden gebeten, sich beim Kriminaldauerdienst der Kriminalpolizeidirektion Heidelberg, Tel.: 0621\/174-4444 zu melden.<\/p>\n\n\n\n<h2 class=\"wp-block-heading\">(Mannheim \/ Heidelberg \/ Rhein-Neckar-Kreis) &#8211; Vorl\u00e4ufige Bilanz des Polizeieinsatzes in den N\u00e4chten vom 09.-11. Juli 2021<\/h2>\n\n\n\n<div class=\"wp-block-image\"><figure class=\"aligncenter size-large\"><img decoding=\"async\" loading=\"lazy\" width=\"678\" height=\"381\" src=\"https:\/\/speyer24news.com\/wp-content\/uploads\/2021\/04\/Polizei-678x381.jpg\" alt=\"\" class=\"wp-image-35265\" srcset=\"https:\/\/speyer24news.com\/wp-content\/uploads\/2021\/04\/Polizei-678x381.jpg 678w, https:\/\/speyer24news.com\/wp-content\/uploads\/2021\/04\/Polizei-678x381-300x169.jpg 300w\" sizes=\"(max-width: 678px) 100vw, 678px\" \/><\/figure><\/div>\n\n\n\n<p>Auch dieses Wochenende war die Polizei wieder im Rahmen des eigens erarbeiteten Polizeikonzepts &#8222;Brennpunkte Sommer 2021&#8220; mit zus\u00e4tzlichen und flexibel agierenden Kr\u00e4ften im gesamten Zust\u00e4ndigkeitsbereich im Einsatz. W\u00e4hrend es von Freitag auf Samstag in Heidelberg, Mannheim und dem Rhein-Neckar-Kreis witterungsbedingt vergleichsweise ruhig blieb, war die Polizei von Samstag auf Sonntag st\u00e4rker gefordert. Mit polizeilicher Pr\u00e4senz und konsequenter Intervention gelang es der Polizei, die Lage unter Kontrolle zu halten. Im Verlauf der Nacht kam es zu zahlreichen Ruhest\u00f6rungen im gesamten Zust\u00e4ndigkeitsbereich, vereinzelt zum Abbrennen von Pyrotechnik in Heidelberg.<\/p>\n\n\n\n<p>Im Einzelnen:<\/p>\n\n\n\n<h3 class=\"wp-block-heading\">Heidelberg<\/h3>\n\n\n\n<p>Freitagabend war die Neckarwiese witterungsbedingt nur m\u00e4\u00dfig besucht. Die Heidelberger Altstadt war insbesondere rund um die Untere Stra\u00dfe und die Alte Br\u00fccke wochenendtypisch frequentiert. Unsere Kommunikationteams waren im Einsatz und kamen mit vielen Neckarwiesenbesucher bereits fr\u00fch am Abend uns Gespr\u00e4ch.<\/p>\n\n\n\n<p>Ab Mitternacht wurde das Alkoholkonsumverbot insbesondere an neuralgischen Punkten in der Altstadt wie auf der Alten Br\u00fccke und in der Unteren Stra\u00dfe \u00fcberwacht. Bis auf wenige Ausnahmen hielt sich die \u00fcberwiegende Mehrzahl der Besucher daran.<\/p>\n\n\n\n<p>Ein anderes Bild zeigte sich am Samstag. Sowohl die Neckarwiese als auch die Heidelberger Altstadt waren sehr gut besucht. Auf der Heidelberger Neckarwiese fanden in den Abendstunden bis zu 1.000 Personen ein. Erkannte gr\u00f6\u00dfere Personengruppen wurden fr\u00fchzeitig und gezielt angesprochen und hinsichtlich der derzeitigen Situation sensibilisiert. Gegen 20.45 Uhr wurden erste Lautsprecherdurchsagen mit dem Hinweis auf das Aufenthaltsverbot durchgef\u00fchrt. Eine Gruppe von rund 200 Personen, die auf die Durchsagen zun\u00e4chst nicht reagierte, konnte schlie\u00dflich doch durch gezieltes Ansprechen und Zeigen polizeilicher Pr\u00e4senz zum friedlichen Verlassen der \u00d6rtlichkeit bewegt werden, sodass die Neckarwiese kurz nach 21 Uhr menschenleer war. Um eine R\u00fcckkehr von Personen zu verhindern, wurde die sogenannte &#8222;Stresserbeleuchtung&#8220; eingeschaltet.<\/p>\n\n\n\n<p>In der weiteren Folge wurden zunehmend in der Altstadt, mit Schwerpunkt auf der Alten Br\u00fccke, wiederholt Personengruppen gemeldet, die durch ruhest\u00f6renden L\u00e4rm wie Gr\u00f6len und lauter Musik aus elektrischen Ger\u00e4ten auffielen. In einem Fall war schlie\u00dflich Ruhe, nachdem die Beschlagnahme des Ger\u00e4ts angedroht worden war. Gegen 23 Uhr wurden durch Unbekannte im Bereich der Alten Br\u00fccke Raucht\u00f6pfe gez\u00fcndet. Verletzt wurde hierdurch niemand. Gegen Mitternacht musste einer rund 60-k\u00f6pfigen Gruppe im Bereich des Heumarktes ein Platzverweis f\u00fcr den Bereich der Altstadt erteilt werden. Die Personalien aller Beteiligten wurden festgestellt. Zu weiteren St\u00f6rungen durch diese Gruppierung kam es nicht mehr.<\/p>\n\n\n\n<p>Ab ca. 1 Uhr kehrte in der Altstadt wieder Ruhe ein.<\/p>\n\n\n\n<h3 class=\"wp-block-heading\">Mannheim<\/h3>\n\n\n\n<p>Die Bereiche Neckarwiese, Alter Messplatz, Rheinterrassen und Jungbusch waren Freitag- und Samstagabend gut besucht. Am Samstagabend versammelten sich am Alten Me\u00dfplatz aufgrund einer Veranstaltung in einer ans\u00e4ssigen Lokalit\u00e4t zahlreiche Personen. Zu St\u00f6rungen kam es dabei jedoch nicht. Nach Mitternacht wurden im Jungbusch mehrere Ruhest\u00f6rungen ausgehend von Personengruppen mit Musikger\u00e4ten gemeldet. Diese reagierten auf Ansprache jedoch einsichtig und stellten ihr st\u00f6rendes Verhalten ein. Weitere Ereignisse waren hier nicht zu vermelden.<\/p>\n\n\n\n<h2 class=\"wp-block-heading\">(Mannheim \/ Heidelberg \/ Rhein-Neckar-Kreis) &#8211; Poser-Kontrollen am Freitag- und Samstagabend<\/h2>\n\n\n\n<p>Auch am Freitag- und Samstagabend waren die Spezialisten der EG Poser wieder im Zust\u00e4ndigkeitsbereich des Polizeipr\u00e4sidiums Mannheim, mit Schwerpunkt in Mannheim und Heidelberg unterwegs. Dabei wurden am Freitagabend 23 Fahrzeuge und 55 Personen \u00fcberpr\u00fcft. Am Samstagabend kontrollierten die Beamten 18 Fahrzeuge und 28 Personen. Dabei wurden an vier Fahrzeugen technische Ver\u00e4nderungen festgestellt, die zum Erl\u00f6schen der Betriebserlaubnis f\u00fchrten. Die Ver\u00e4nderungen wirkten sich haupts\u00e4chlich auf die Ger\u00e4uschemissionen der Fahrzeuge aus. In drei F\u00e4llen waren unzul\u00e4ssige Soundmodule in Autos eingebaut worden, in einem Fall war die Auspuffanlage eines Motorrads derart ver\u00e4ndert, dass die Ger\u00e4uschentwicklung um 14dB\/A \u00fcber dem zul\u00e4ssigen Wert lag.<\/p>\n\n\n\n<p>Alle Betroffenen sehen nun empfindlichen Bu\u00dfgeldern entgegen. Zudem m\u00fcssen die Ver\u00e4nderungen zur\u00fcckgebaut werden, bevor ihre Fahrzeuge wieder im \u00f6ffentlichen Verkehrsraum in Betrieb genommen werden d\u00fcrfen.<\/p>\n\n\n\n<h2 class=\"wp-block-heading\">(Heidelberg-Weststadt) &#8211; 82-j\u00e4hrige Frau von r\u00fccksichtsloser T\u00e4terin \u00fcberfallen \/ Polizei sucht Zeugen<\/h2>\n\n\n\n<p>Eine 82-j\u00e4hrige Frau wurde am fr\u00fchen Samstagnachmittag Opfer einer r\u00fccksichtslosen T\u00e4terin im Stadtteil Weststadt. Die Seniorin, die sich mit einem Rollator fortbewegt, hatte sich gegen 13.45 Uhr auf die Wartebank an der Stra\u00dfenbahnhaltestelle &#8222;Stadtwerke&#8220; gesetzt. Ihre Handtasche hatte sie zwischen den Beinen auf den Boden gelegt, den Umh\u00e4ngeriemen fest in der Hand. Pl\u00f6tzlich kam eine unbekannte Frau auf die 82-J\u00e4hrige zugelaufen und schlug ihr unvermittelt ins Gesicht. Anschlie\u00dfend riss sie die Gesch\u00e4digte zu Boden. Weil die Seniorin die Tasche weiterhin festhielt, trat ihr die Unbekannte auf den Unterarm. Letztlich versuchte die T\u00e4ter, ihrem Opfer die Tasche zu entrei\u00dfen. Als ein Zeuge, der den Vorfall beobachtet hatte, dem Opfer schlie\u00dflich zu Hilfe eilte, lie\u00df die T\u00e4terin von der 82-J\u00e4hrigen ab und fl\u00fcchtete in Richtung R\u00f6merkreis.<\/p>\n\n\n\n<h4 class=\"wp-block-heading\">Die unbekannte T\u00e4terin wird wie folgt beschrieben:<\/h4>\n\n\n\n<ul><li><strong>Ca. 160 bis 170 cm gro\u00df<\/strong><\/li><li><strong>Ca. 40 bis 50 Jahre alt<\/strong><\/li><li><strong>Schwarze, lange, zerzauste Haare<\/strong><\/li><li><strong>Bekleidet mit hellblauem Oberteil<\/strong><\/li><\/ul>\n\n\n\n<p>Zeugen, die auf dem Vorfall aufmerksam geworden sind und sachdienliche Hinweise zur T\u00e4terin geben k\u00f6nnen, werden gebeten, sich beim Kriminaldauerdienst der Kriminalpolizeidirektion Heidelberg, Tel.: 0621\/174-4444 zu melden.<\/p>\n\n\n\n<h2 class=\"wp-block-heading\">(Heidelberg-Bergheim) &#8211; Unbekannter versucht Geldautomaten aufzubrechen \/ Polizei sucht Zeugen<\/h2>\n\n\n\n<p>Ein unbekannter T\u00e4ter versuchte am Samstagabend im Stadtteil Bergheim einen Geldautomaten aufzubrechen. Eine Zeugin meldete gegen 22.30 Uhr, dass in der Filiale eines Geldinstituts in der Poststra\u00dfe sich ein Unbekannter gerade an einem Geldautomaten zu schaffen mache. Als wenig sp\u00e4ter eine Polizeistreife vor Ort eintraf, hatte sich der Unbekannte bereits aus dem Staub gemacht. An einem Geldautomat war das Geldausgabefach aufgebrochen, an der Schlie\u00dfvorrichtung der darunterliegenden T\u00fcr waren ebenfalls Hebelspuren erkennbar. An einem weiteren Geldautomat sowie an einem Kontoauszugsdrucker waren die Bildschirme besch\u00e4digt.<\/p>\n\n\n\n<h4 class=\"wp-block-heading\">Der T\u00e4ter konnte im Rahmen einer sofortigen Fahndung nicht mehr angetroffen werden. Der unbekannte T\u00e4ter wird wie folgt beschrieben:<\/h4>\n\n\n\n<ul><li><strong>Dunkel gekleidet<\/strong><\/li><li><strong>Dunkler Rucksack auf dem R\u00fccken<\/strong><\/li><li><strong>Dunkle Basecap ins Gesicht gezogen<\/strong><\/li><\/ul>\n\n\n\n<p>Weitere Zeugen, die verd\u00e4chtige Wahrnehmungen gemacht haben und sachdienliche Hinweise zum T\u00e4ter geben k\u00f6nnen, werden gebeten, sich beim Kriminaldauerdienst der Kriminalpolizeidirektion Heidelberg, Tel.: 0621\/174-4444 zu melden.<\/p>\n\n\n\n<h2 class=\"wp-block-heading\">(Heidelberg-Kirchheim) &#8211; Alkoholisierter Autofahrer versucht vor Polizei zu fl\u00fcchten und verursacht Unfall.<\/h2>\n\n\n\n<p>Ein betrunkener Autofahrer versuchte am Samstagabend im Stadtteil Kirchheim vor einer Polizeikontrolle zu fl\u00fcchten und verursachte dabei einen Unfall. Der 36-j\u00e4hrige Mann fiel einer Polizeistreife gegen 18.30 Uhr in der Pleikartsf\u00f6rster Stra\u00dfe auf, weil er beim Erkennen des Polizeifahrzeugs seinen 3er-BMW deutlich beschleunigte und mit nicht angepasster Geschwindigkeit an den Beamten vorbeifuhr. Die Polizisten folgten dem Fahrzeug und gaben deuliche Anhaltesignale mit Blaulicht und Leuchtschrift. Diese ignorierte der 36-J\u00e4hrige und fuhr weiter mit hoher Geschwindigkeit durch mehrere Stra\u00dfen in Kirchheim, bevor er schlie\u00dflich beim Einbiegen von der Marienburger Stra\u00dfe in die Elbinger Stra\u00dfe die Kontrolle \u00fcber seinen BMW verlor und einem am Fahrbahnrand geparkten Mercedes auffuhr. Diesen schob er gegen einen davor abgestellten VW. Der BMW wurde so stark besch\u00e4digt, dass er abgeschleppt werden musste. Derzeit l\u00e4sst sich der Sachschaden noch nicht absch\u00e4tzen.<\/p>\n\n\n\n<p>Der Fahrer des BMW zog sich leichte Verletzungen zu und musste zur Behandlung in ein Krankenhaus eingeliefert werden. Ein dort durchgef\u00fchrter Alkoholtest ergab einen Wert von fast 1,5 Promille. Ihm wurde daraufhin eine Blutprobe entnommen.<\/p>\n\n\n\n<p>Gegen den Mann wird nun wegen Stra\u00dfenverkehrsgef\u00e4hrdung ermittelt. Er muss mit dem Entzug seiner Fahrerlaubnis rechnen.<\/p>\n\n\n\n<h2 class=\"wp-block-heading\">(A 6 \/ Sinsheim \/ Rhein-Neckar-Kreis) &#8211; Unfall aufgrund Aquaplanings<\/h2>\n\n\n\n<p>Aufgrund Aquaplanings ereignete sich am Samstagabend auf der A 6 bei Sinsheim ein Verkehrsunfall, bei dem Sachschaden in H\u00f6he von fast 10.000 Euro entstand. Ein 20-j\u00e4hriger Mann war kurz vor Mitternacht mit seinem 3er-BMW auf der A 6 in Richtung Heilbronn unterwegs. Aufgrund starken Regens hatte sich zwischen den Anschlussstellen Wiesloch\/Rauenberg und Sinsheim Wasser auf der Fahrbahn gesammelt. Der 20-J\u00e4hrige fuhr mit nicht angepasster Geschwindigkeit \u00fcber diese Wasseransammlung hinweg und verlor dabei die Kontrolle \u00fcber sein Fahrzeug. Er kam nach rechts von der Fahrbahn ab und prallte in die Leitplanken. Dabei wurden sein Fahrzeug sowie mehrere Leitplankenelemente besch\u00e4digt. Der junge Mann wurde am Unfallort von Rettungskr\u00e4ften medizinisch versorgt, blieb jedoch unverletzt. Andere Verkehrsteilnehmer wurden nicht gef\u00e4hrdet.<\/p>\n\n\n\n<h2 class=\"wp-block-heading\">(A 659, zwischen ABK Viernheim und Anschlusstelle Viernheim \/ S\u00fcdhessen) &#8211; Verkehrsunfall mit zwei beteiligten Fahrzeugen<\/h2>\n\n\n\n<p>Am 11.07.21 gegen 19.34 Uhr verunfallten zwei Fahrzeuge auf der BAB 659 unmittelbar nach dem Autobahnkreuz Viernheim. Rettungskr\u00e4fte und Polizei sind vor Ort. Der mittlere und der linke Fahrstreifen m\u00fcssen w\u00e4hrend der Unfallaufnahme gesperrt werden. Nach bisherigem Kenntnisstand wurde die beteiligten Fahrzeugf\u00fchrer nur leicht verletzt. Es wird nachberichtet.<\/p>\n\n\n\n<h2 class=\"wp-block-heading\">(A 659, zwischen ABK Viernheim und Anschlusstelle Viernheim \/ S\u00fcdhessen) &#8211; Verkehrsunfall mit zwei beteiligten Fahrzeugen<\/h2>\n\n\n\n<h3 class=\"has-text-align-center wp-block-heading\">2. Pressemeldung:<\/h3>\n\n\n\n<p>Am 11.07.2021, gegen 19.34 Uhr wechselte der 34-j\u00e4hrige Fahrer eines Daimler-Benz Sprinter vom rechten auf den linken Fahrstreifen ohne auf den nachfolgenden Verkehr zu achten. Ein 29-j\u00e4hriger VW Golf Fahrer konnte aufgrund des pl\u00f6tzlichen Fahrstreifenwechsel nicht mehr rechtzeitig abbremsen und fuhr auf den Sprinter auf. Durch den Aufprall wurde der Fahrer des Golfs leicht verletzt, musste aber nicht in ein Krankenhaus verbracht werden. W\u00e4hrend der Unfallaufnahme wurde der linke Fahrstreifen und der Beschleunigungsstreifen gesperrt. Es bildete sich ein R\u00fcckstau von etwa 1 Km. Um 21.30 Uhr war die Unfallstelle komplett ger\u00e4umt und der Verkehr konnte wieder ungehindert flie\u00dfen.<\/p>\n","protected":false},"excerpt":{"rendered":"<div class=\"mh-excerpt\"><p>Polizeimeldungen vom Sonntag (11.07.2021) (B\u00f6hl-Iggelheim) &#8211; Sachbesch\u00e4digung am Ger\u00e4tehaus der Feuerwehr In der Nacht von Freitag 19:00 Uhr auf Samstag 08:30 Uhr wurde eine Scheibe am Ger\u00e4tehaus der Freiwilligen Feuerwehr in B\u00f6hl-Iggelheim besch\u00e4digt. Die \u00e4u\u00dfere <a class=\"mh-excerpt-more\" href=\"https:\/\/speyer24news.com\/?p=38815\" title=\"Polizei\">[&#8230;]<\/a><\/p>\n<\/div>","protected":false},"author":3,"featured_media":26162,"comment_status":"open","ping_status":"open","sticky":false,"template":"","format":"standard","meta":{"_monsterinsights_skip_tracking":false,"_monsterinsights_sitenote_active":false,"_monsterinsights_sitenote_note":"","_monsterinsights_sitenote_category":0,"footnotes":""},"categories":[12],"tags":[3614,702,61,2555,6955,6986,6263,63,105,11150,6987,53,4854,4683,1548,102,213,55,5261,103,106,2803,2423,427,2625,380,62,104,979,1565],"aioseo_notices":[],"amp_enabled":true,"_links":{"self":[{"href":"https:\/\/speyer24news.com\/index.php?rest_route=\/wp\/v2\/posts\/38815"}],"collection":[{"href":"https:\/\/speyer24news.com\/index.php?rest_route=\/wp\/v2\/posts"}],"about":[{"href":"https:\/\/speyer24news.com\/index.php?rest_route=\/wp\/v2\/types\/post"}],"author":[{"embeddable":true,"href":"https:\/\/speyer24news.com\/index.php?rest_route=\/wp\/v2\/users\/3"}],"replies":[{"embeddable":true,"href":"https:\/\/speyer24news.com\/index.php?rest_route=%2Fwp%2Fv2%2Fcomments&post=38815"}],"version-history":[{"count":1,"href":"https:\/\/speyer24news.com\/index.php?rest_route=\/wp\/v2\/posts\/38815\/revisions"}],"predecessor-version":[{"id":38819,"href":"https:\/\/speyer24news.com\/index.php?rest_route=\/wp\/v2\/posts\/38815\/revisions\/38819"}],"wp:featuredmedia":[{"embeddable":true,"href":"https:\/\/speyer24news.com\/index.php?rest_route=\/wp\/v2\/media\/26162"}],"wp:attachment":[{"href":"https:\/\/speyer24news.com\/index.php?rest_route=%2Fwp%2Fv2%2Fmedia&parent=38815"}],"wp:term":[{"taxonomy":"category","embeddable":true,"href":"https:\/\/speyer24news.com\/index.php?rest_route=%2Fwp%2Fv2%2Fcategories&post=38815"},{"taxonomy":"post_tag","embeddable":true,"href":"https:\/\/speyer24news.com\/index.php?rest_route=%2Fwp%2Fv2%2Ftags&post=38815"}],"curies":[{"name":"wp","href":"https:\/\/api.w.org\/{rel}","templated":true}]}}