{"id":38904,"date":"2021-07-14T07:08:28","date_gmt":"2021-07-14T06:08:28","guid":{"rendered":"https:\/\/speyer24news.com\/?p=38904"},"modified":"2021-07-16T05:54:34","modified_gmt":"2021-07-16T04:54:34","slug":"polizei-637","status":"publish","type":"post","link":"https:\/\/speyer24news.com\/?p=38904","title":{"rendered":"Polizei"},"content":{"rendered":"<style type=\"text\/css\">\r\n\t.ads_top_disp{}\r\n\t.ads_top_corner_disp{ float:left; margin:0px 10px 10px 0px; }\r\n\t.ads_first_p_disp{}\r\n\t.ads_bottom_disp{}\r\n\t<\/style>\n<h2 class=\"wp-block-heading\">Polizeimeldungen vom Dienstag (13.07.2021)<\/h2>\n\n\n\n<div class=\"wp-block-image\"><figure class=\"aligncenter size-large\"><img decoding=\"async\" src=\"https:\/\/speyer24news.com\/wp-content\/uploads\/2019\/11\/Aktuelles-Polizeilogo.jpg\" alt=\"\" class=\"wp-image-21845\"\/><\/figure><\/div>\n\n\n\n<h2 class=\"wp-block-heading\">(Speyer) &#8211; Unfall mit alkoholisiertem Radfahrer<\/h2>\n\n\n\n<p>Knapp 3 Promille d\u00fcrfte der Grund f\u00fcr das St\u00fcrzen eines Radfahrers am Montag kurz vor Mitternacht gewesen sein. Der 34-J\u00e4hrige war in der Wormser Landstra\u00dfe in Richtung Innenstadt unterwegs, als er beim Fahren \u00fcber eine Bordsteinkante zu Fall kam. Der Radfahrer war sichtlich alkoholisiert, was ein Alkoholtest best\u00e4tigte. Der Mann kam zur Untersuchung seiner leichten Verletzungen in ein Krankenhaus. Dem 34-J\u00e4hrigen wurde eine Blutprobe entnommen und ein Strafverfahren gegen ihn eingeleitet<\/p>\n\n\n\n<h4 class=\"wp-block-heading\">Die Polizei weist daraufhin:<\/h4>\n\n\n\n<p>Auch f\u00fcr alkoholisierte Radfahrer und Pedalec &#8211; Fahrer kann es Sanktionen geben. Je nach festgestelltem Blutalkoholwert drohen Bu\u00dfgelder, Strafanzeigen, Punkte in Flensburg oder auch der F\u00fchrerscheinentzug. Die Promillegrenze auf dem Fahrrad liegt in Deutschland bei einem Wert von 1,6. Wenn Sie als Radfahrer durch ihre unsichere Fahrweise auffallen, andere gef\u00e4hrden andere oder einen Unfall verursachen, machen Sie sich bereits ab 0,3 Promille strafbar.<\/p>\n\n\n\n<h2 class=\"wp-block-heading\">(Speyer) &#8211; Sch\u00fclerausflug endet mit K\u00f6rperverletzung<\/h2>\n\n\n\n<p>Streitigkeiten zwischen zwei Sch\u00fclergruppen waren am Montag um 13:15 Uhr der Ausl\u00f6ser f\u00fcr eine K\u00f6rperverletzung. Die Sch\u00fclergruppen aus den Orten Eppelborn und Odernheim trafen bei einem Ausflug im Technik Museum aufeinander und gerieten in Streitigkeiten. Diese nahm ein 17-J\u00e4hriger aus Odernheim zum Anlass einem 16-J\u00e4hrigen aus Eppelborn einen Kopfsto\u00df zu verpassen. Als ihm sein 15 Jahre alter Mitsch\u00fcler zur Hilfe eilte, wurde auch dieser durch einen Faustschlag des 17-J\u00e4hrigen attackiert und hierdurch leicht verletzt. Die Erziehungsberechtigten wurden informiert und eine Strafanzeige wegen K\u00f6rperverletzung gegen den 17-J\u00e4hrigen eingeleitet.<\/p>\n\n\n\n<h2 class=\"wp-block-heading\">(Otterstadt) &#8211; Bekannte Betrugsmasche &#8222;Falscher Polizeibeamter&#8220; gescheitert<\/h2>\n\n\n\n<p>Ein unbekannter Anrufer behauptete gestern um 14:45 Uhr gegen\u00fcber einer 86-J\u00e4hrigen, Polizist zu sein und versuchte entweder an ihre pers\u00f6nlichen Bankdaten und\/oder an ihr Bargeld zu gelangen. Hierzu gab der Betr\u00fcger vor, dass es in der Nachbarschaft zu einem Einbruch gekommen w\u00e4re. Man h\u00e4tte bei den festgenommenen T\u00e4tern einen Zettel mit ihren pers\u00f6nlichen Daten gefunden. Die Seniorin erkannte sofort die Betrugsmasche und beendete das Gespr\u00e4ch.<\/p>\n\n\n\n<h4 class=\"wp-block-heading\">Die Polizei r\u00e4t:<\/h4>\n\n\n\n<ul><li><strong>Seien Sie bei solchen Anrufen immer misstrauisch. Das Ziel der  Betr\u00fcger ist es, das Vertrauen der Opfer mit erfundenen Geschichten  zu erschleichen und sie unter Druck zu setzen. Diese Verbrecher &#8211;  getarnt als Polizeibeamte &#8211; m\u00f6chten, dass Sie Ihr Bargeld, Schmuck  und Wertgegenst\u00e4nde herausgeben.<\/strong><\/li><li><strong>Denken Sie daran: Die Polizei wird Sie niemals um Geldbetr\u00e4ge  bitten oder dazu auffordern, Geld oder Wertsachen herauszugeben.<\/strong><\/li><li><strong>Wenden Sie sich bei dem geringsten Zweifel an Ihre \u00f6rtliche Polizei. Benutzen Sie dabei nicht die R\u00fcckruftaste, da Sie sonst m\u00f6glicherweise wieder bei den Betr\u00fcgern landen, sondern suchen Sie die Nummer selbst heraus.<\/strong><\/li><\/ul>\n\n\n\n<h2 class=\"wp-block-heading\">(Limburgerhof) &#8211; Verkehrsunfall mit leicht verletztem Autofahrer<\/h2>\n\n\n\n<p>Am Dienstagmorgen, gegen 09:00 Uhr, ereignete sich an der Einm\u00fcndung Speyerer Stra\u00dfe \/ Wiesenstra\u00dfe ein Unfall, bei dem ein 26-j\u00e4hriger Autofahrer leicht verletzt wurde. Ein 51-j\u00e4hriger Fahrzeugf\u00fchrer bog von der Wiesenstra\u00dfe nach rechts in die Speyerer Stra\u00dfe ab. Hierbei missachtete er die Vorfahrt des 26-j\u00e4hrigen Fahrzeugf\u00fchrers und stie\u00df mit diesem zusammen. Durch den Zusammensto\u00df verletzte sich der 26-J\u00e4hrige leicht. Dessen Fahrzeug war nicht mehr fahrbereit und wurde abgeschleppt.<\/p>\n\n\n\n<h2 class=\"wp-block-heading\">(R\u00f6merberg-Heiligenstein) &#8211; Alkoholisierter 18-J\u00e4hriger beleidigt Partyg\u00e4ste und Polizei<\/h2>\n\n\n\n<p>\u00c4u\u00dferst aggressiv verhielt sich am fr\u00fchen Dienstagmorgen um 04:45 Uhr ein 18-J\u00e4hriger, der auf einer Party in R\u00f6merberg-Heiligenstein zu Gast war. Nachdem er mit anderen G\u00e4sten in Streit geraten war, beleidigte er diese und ging mit seiner Kr\u00fccke gegen sie vor. Verletzt wurde hierbei niemand. Auch nach Eintreffen der Polizei verhielt sich der junge Mann weiterhin aggressiv und beleidigte die Beamtinnen -und beamten. Er musste letztlich in Gewahrsam genommen werden. Ein Strafverfahren wegen Beleidigung wurde eingeleitet<\/p>\n\n\n\n<h2 class=\"wp-block-heading\">(R\u00f6merberg) &#8211; Beim Abbiegen Unfall verursacht<\/h2>\n\n\n\n<p>Einen Unfall verursacht hat am Montag um 08:45 Uhr ein 79-J\u00e4hriger, der mit seinem PKW von der Lingenfelder Stra\u00dfe nach links in die Querstra\u00dfe abbiegen wollte und hierbei das entgegenkommende Motorrad eines 19-J\u00e4hrigen \u00fcbersah. Der junge Mann st\u00fcrzte und erlitt leichte Verletzungen.<\/p>\n\n\n\n<h2 class=\"wp-block-heading\">(B 272 \/ Schwegenheim) &#8211; Verkehrsbeeintr\u00e4chtigungen aufgrund Vollsperrung<\/h2>\n\n\n\n<div class=\"wp-block-image\"><figure class=\"aligncenter size-large\"><img decoding=\"async\" loading=\"lazy\" width=\"800\" height=\"600\" src=\"https:\/\/speyer24news.com\/wp-content\/uploads\/2021\/07\/VUB272.jpg\" alt=\"\" class=\"wp-image-38905\" srcset=\"https:\/\/speyer24news.com\/wp-content\/uploads\/2021\/07\/VUB272.jpg 800w, https:\/\/speyer24news.com\/wp-content\/uploads\/2021\/07\/VUB272-300x225.jpg 300w, https:\/\/speyer24news.com\/wp-content\/uploads\/2021\/07\/VUB272-768x576.jpg 768w, https:\/\/speyer24news.com\/wp-content\/uploads\/2021\/07\/VUB272-678x509.jpg 678w, https:\/\/speyer24news.com\/wp-content\/uploads\/2021\/07\/VUB272-326x245.jpg 326w, https:\/\/speyer24news.com\/wp-content\/uploads\/2021\/07\/VUB272-80x60.jpg 80w\" sizes=\"(max-width: 800px) 100vw, 800px\" \/><\/figure><\/div>\n\n\n\n<p>Zu erheblichen Verkehrsbeeintr\u00e4chtigungen kam es am Dienstagnachmittag rund um Schwegenheim. Kurz vor 14 Uhr kam es zu einem Verkehrsunfall auf der B 272 zwischen Weingarten und Schwegenheim. Der 37-j\u00e4hriger Fahrer eines Vans verlor aus bislang ungekl\u00e4rter Ursache die Kontrolle \u00fcber sein Fahrzeug und kollidierte in der Folge mit einem Lastwagen im Gegenverkehr. An beiden Fahrzeugen entstand Sachschaden. Nach polizeilichen Sch\u00e4tzungen betr\u00e4gt die Gesamtschadensh\u00f6he ca. 80.000 EUR. Aufgrund ausgelaufener Betriebsstoffe musste die Bundesstra\u00dfe bis 19 Uhr in beide Richtungen voll gesperrt werden. Der Unfallverursacher hatte Gl\u00fcck im Ungl\u00fcck &#8211; er wurde nur leicht verletzt<\/p>\n\n\n\n<h2 class=\"wp-block-heading\">(Germersheim) &#8211; Kontrollen im Dienstgebiet<\/h2>\n\n\n\n<p>Montagmorgen f\u00fchrten Polizisten mehrere Kontrollen mit unterschiedlichen Zielrichtungen durch. Bei einer Laserkontrolle konnten am alten Hafen in Germersheim insgesamt sieben Geschwindigkeitsverst\u00f6\u00dfe festgestellt werden.<\/p>\n\n\n\n<p>Bei der anschlie\u00dfenden Laserkontrolle in der Mozartstra\u00dfe waren zehn Autofahrer zu schnell<\/p>\n\n\n\n<p>Es folgte eine weitere Kontrolle in der Hamburger Stra\u00dfe. Hier nahmen die Beamten den Schwerverkehr ins Visier. Das Ergebnis: Zwei Brummi-Fahrer waren nicht angeschnallt und einer telefonierte w\u00e4hrend der Fahrt mit einem Mobiltelefon.<\/p>\n\n\n\n<h2 class=\"wp-block-heading\">(Landau) &#8211; 5-j\u00e4hriges Kind bei Unfall leicht verletzt<\/h2>\n\n\n\n<p>Bei einem Verkehrsunfall am Montagmittag in Landau wurde ein 5-j\u00e4hriges Kind leicht verletzt. Das Kind war gegen 15:20 Uhr in der Klaus-von-Klitzing Stra\u00dfe ohne auf den Verkehr zu achten, auf die Stra\u00dfe gerannt. Hier kam es zur Kollision mit einem 50-j\u00e4hrigen Autofahrer. Das Kind stie\u00df gegen den Au\u00dfenspiegel des Autos, st\u00fcrzte zu Boden und zog sich hierbei Sch\u00fcrfwunden zu. Der 5-J\u00e4hrige wurde zur Untersuchung in ein Krankenhaus gebracht, konnte das Krankenhaus aber noch am selben Tag wieder verlassen.<\/p>\n\n\n\n<h2 class=\"wp-block-heading\">(Landau) &#8211; Geschwindigkeitskontrollen im Horstring<\/h2>\n\n\n\n<p>Am Montagmorgen wurden im Horstring in Landau Geschwindigkeitskontrollen durchgef\u00fchrt. Bei einer erlaubten H\u00f6chstgeschwindigkeit von 50 km\/h waren 12 der 64 gemessenen Autofahrer zu schnell unterwegs. Der Spitzenreiter wurde mit einer Geschwindigkeit von 88km\/h gemessen.<\/p>\n\n\n\n<h2 class=\"wp-block-heading\">(Landau) &#8211; LKW-Fahrer im Horststra\u00dfe mehrfach ausgebremst<\/h2>\n\n\n\n<p>Am Montagmorgen gegen 9.00 Uhr bremste ein bislang unbekannter Autofahrer einen LKW-Fahrer in der Horststra\u00dfe mehrfach aus und zwang ihn hierbei bis zum Stillstand abzubremsen. Zuvor hatte der LKW-Fahrer am Stra\u00dfenrand angehalten und einen Passanten nach dem Weg gefragt. Als der Passant seinen Weg fortsetzen und die Stra\u00dfe \u00fcberqueren wollte, habe der Fahrer eines schwarzen Kleinwagens den LKW \u00fcberholt. Hierbei sei es beinahe zum Zusammensto\u00df zwischen dem Fu\u00dfg\u00e4nger und dem Autofahrer gekommen. In der Folge bremste der Autofahrer des schwarzen Kleinwagens den LKW-Fahrer mehrfach aus, weshalb dieser bei der Polizei Anzeige erstattete. Die Polizei bittet den Fu\u00dfg\u00e4nger, der beinahe mit dem Autofahrer zusammengesto\u00dfen w\u00e4re sich telefonisch unter 06341\/2870 oder per Email an&nbsp;<a href=\"mailto:pilandau@polizei.rlpe.de\">pilandau@polizei.rlpe.de<\/a>&nbsp;bei der Polizeiinspektion Landau zu melden.<\/p>\n\n\n\n<h2 class=\"wp-block-heading\">(Annweiler) &#8211; E-Scooter Fahrer unter Drogeneinfluss<\/h2>\n\n\n\n<p>Zwei E-Scooter Fahrer gerieten am Montagabend in der Landauer Stra\u00dfe in Annweiler in eine Verkehrskontrolle. Bei einem der Beiden, einem 16-j\u00e4hrigen aus der Verbandsgemeine Landau-Land stellten die Beamten w\u00e4hrend der Kontrolle Auff\u00e4lligkeiten fest. Ein Drogenvortest best\u00e4tigte den Verdacht, dass der junge Mann unter dem Einfluss von Bet\u00e4ubungsmitteln stand. Ihm wurde eine Blutprobe entnommen und ein Strafverfahren wegen Trunkenheit im Verkehr wurde eingeleitet.<\/p>\n\n\n\n<h2 class=\"wp-block-heading\">(Kleinfischlingen) &#8211; Zwist zwischen Auto- und Rennradfahrer<\/h2>\n\n\n\n<p>Die Polizei sucht weitere Zeugen, die am Montag (12.07.2021, 15.18 Uhr) in der Hauptstra\u00dfe einen Vorfall zwischen einem Auto- und einem Rennradfahrer beobachtet haben. Beide passierten eine Engstelle, woraufhin der 51 Jahre alte Radfahrer auf das entgegenkommende Fahrzeug spuckte. Der 38-j\u00e4hrige Autofahrer wendete daraufhin sein Fahrzeug, um den Radfahrer zur Rede zu stellen. Dabei soll der Autofahrer den Zweiradfahrer von der Stra\u00dfe gedr\u00e4ngt haben. Im Anschluss daran sei der Radfahrer dem Autofahrer an den Hals gesprungen und habe versucht, auf ihn einzuschlagen. Gegen beide Verkehrsteilnehmer wurde eine Strafanzeige erstattet. Zeugen, die Angaben zu dem Vorfall geben k\u00f6nnen, werden gebeten, sich mit der Polizei unter der Rufnummer 06323 9550 in Verbindung zu setzen.<\/p>\n\n\n\n<h2 class=\"wp-block-heading\">(Gro\u00dffischlingen) &#8211; STOP-Schild missachtet<\/h2>\n\n\n\n<p>Zu einem Verkehrsunfall kam es am Montag (12.07.2021, 16.11. Uhr) an der Kreuzung L507\/L542 bei Gro\u00dffischlingen, weil eine 19 Jahre alte Autofahrerin die Vorfahrt eines 61 Jahre alten Radfahrers \u00fcbersah, der von Essingen in Richtung Gro\u00dffischlingen unterwegs war. Durch den Zusammensto\u00df st\u00fcrzte der Mann, zog sich dabei Kopfverletzungen zu und musste in ein Krankenhaus eingeliefert werden. Am Fahrrad sowie am Fahrzeug der 19-J\u00e4hrigen entstand leichter Sachschaden. Bereits in der Vergangenheit kam es an dieser \u00d6rtlichkeit immer wieder zu schweren Verkehrsunf\u00e4llen, da die Verkehrsteilnehmer ungebremst \u00fcber den Kreuzungsbereich fuhren. Stoppschilder sollen Unf\u00e4lle an vielbefahrenen oder schlecht einsehbaren Kreuzungen verhindern.<\/p>\n\n\n\n<h2 class=\"wp-block-heading\">(Edenkoben) &#8211; Bestpreisangebot<\/h2>\n\n\n\n<p>Ein Mann erstattete am Montag (12.07.2021) eine Strafanzeige wegen Betrugs, weil er auf einer Internetplattform hochwertige Markenkopfh\u00f6rer zu einem Bestpreis angeboten bekam. Per Sofort\u00fcberweisung wurden die Ohrh\u00f6rer bezahlt. Vom Verk\u00e4ufer war ab diesem Zeitpunkt nichts mehr zu h\u00f6ren. Die Polizei warnt vor solchen Betrugsmaschen. Oftmals stecken hinter &#8222;Bestpreisanbietern&#8220; Ganoven, die leichtfertig ihr Geld ziehen. Bei ungew\u00f6hnlich g\u00fcnstigen Angeboten sollte immer die Seriosit\u00e4t des Anbieters gepr\u00fcft werden. Wenn Sie Opfer eines solchen Betruges geworden sind, sollten Sie umgehend Ihre Bank auffordern, die erfolgte Zahlung r\u00fcckg\u00e4ngig zu machen. Sammeln und sichern Sie alle Belege f\u00fcr die Online-Bestellung. Dazu geh\u00f6ren Kaufvertrag, Bestellbest\u00e4tigung, Emails und ein Screenshot des Angebots. Erstatten Sie in jedem Fall Strafanzeige!<\/p>\n\n\n\n<h2 class=\"wp-block-heading\">(Edenkoben) &#8211; In Wohnhaus eingebrochen<\/h2>\n\n\n\n<p>Unbekannte haben \u00fcbers zur\u00fcckliegende Wochenende an einem Wohnhaus in der Schillerstra\u00dfe die Scheibe eines Kellerfensters eingeschlagen und sich Zugang zum Innern verschafft. S\u00e4mtliche R\u00e4umlichkeiten wurden angegangen und durchw\u00fchlt. Was genau entwendet wurde, ist derzeit Gegenstand der kriminalpolizeilichen Ermittlungen. Die Polizei sucht Zeugen, die Hinweise geben k\u00f6nnen oder sonstige verd\u00e4chtige Wahrnehmungen am vergangenen Wochenende gemacht haben. Diese sollen sich mit der Polizei Edenkoben unter der Telefonnummer 06323 9550 oder mit der Kriminalpolizei Landau unter 06341 2870 in Verbindung setzen.<\/p>\n\n\n\n<h2 class=\"wp-block-heading\">(Neustadt) &#8211; Fahrgast ohne Geld \/ Taxifahrer ohne F\u00fchrerschein<\/h2>\n\n\n\n<p>Ein 46-j\u00e4hriger Mann speiste am Abend des 12.07.2021 in einem Restaurant in Neustadt und konnte seinen Verzehr nicht bezahlen. Anschlie\u00dfend lie\u00df er sich von einem Taxifahrer durch Neustadt fahren und stieg letztlich in der Exterstra\u00dfe aus. Die Fahrtkosten in H\u00f6he von ca. 200 Euro konnte der Mann ebenfalls nicht bezahlen, weshalb die Polizei zu Hilfe gerufen wurde. Da bei dem 46-J\u00e4hrigen Hinweise auf eine psychische Erkrankung auftraten, wurde er in \u00e4rztliche Obhut gebracht. Bei der Sachverhaltsaufnahme stellten die Beamten fest, dass der 26-j\u00e4hrige Taxifahrer nicht im Besitz eines g\u00fcltigen F\u00fchrerscheines war. Auch f\u00fcr ihn war die Weiterfahrt mit dem Taxi erledigt.<\/p>\n\n\n\n<h2 class=\"wp-block-heading\">(Neustadt-Mu\u00dfbach) &#8211; Verkehrsunfallflucht<\/h2>\n\n\n\n<p>Am Sonntag, den 11.07.2021, stellte ein Mu\u00dfbacher seine schwarze Mercedes C-Klasse gegen 23:00Uhr auf einem Parkplatz in der Hermann-L\u00f6ns-Stra\u00dfe ab. Als er am n\u00e4chsten Morgen zu seinem Fahrzeug zur\u00fcckkam, stellte er einen frischen Streifschaden im Bereich des linken, vorderen Kotfl\u00fcgels fest. Der Verursacher hatte sich jedoch von der Unfallstelle entfernt, ohne zuvor seiner Verpflichtung zur Schadensregulierung nachzukommen. Entsprechend wurde durch die Polizei Neustadt ein Ermittlungsverfahren wegen des unerlaubten Entfernens vom Unfallort eingeleitet. Anwohner und Zeugen, welche sachdienliche Hinweise bez\u00fcglich des Unfallverursachers geben k\u00f6nnen werden gebeten, sich mit der Polizeiinspektion Neustadt (Tel.: 06321 854-0; E-Mail:&nbsp;<a href=\"mailto:pineustadt@polizei.rlp.de\">pineustadt@polizei.rlp.de<\/a>) in Verbindung zu setzen.<\/p>\n\n\n\n<h2 class=\"wp-block-heading\">(Wachenheim) &#8211; Unfallflucht \/ Zeugen gesucht<\/h2>\n\n\n\n<p>Zu einer Verkehrsunfallflucht kam es am 10.07.2021 im Zeitraum zwischen ca. 06:30 Uhr und 12:30 Uhr in der Burgstra\u00dfe in Wachenheim. Demnach hatte die Gesch\u00e4digte ihren PKW, einen wei\u00dfen BMW 1er, auf H\u00f6he der Hausnummer 36 am Fahrbahnrand geparkt. Bei R\u00fcckkehr zum Fahrzeug bemerkte diese einen Schaden im Bereich des Sto\u00dff\u00e4ngers auf der Fahrerseite vorne, sodass davon auszugehen ist, dass ein derzeit unbekannter Fahrzeugf\u00fchrer beim Ein-\/Ausparken das Fahrzeug touchiert und sich danach, ohne sich um den entstandenen Schaden zu k\u00fcmmern, von der Unfallstelle entfernt hat. Es entstand ein Sachschaden in H\u00f6he von ca. 500EUR. Hinweise bitte an die Polizeiinspektion Bad D\u00fcrkheim, Tel. 06322\/963-0, oder&nbsp;<a href=\"mailto:pibadduerkheim@polizei.rlp.de\">pibadduerkheim@polizei.rlp.de<\/a><\/p>\n\n\n\n<h2 class=\"wp-block-heading\">(Bad D\u00fcrkheim) &#8211; Drogenfahrt endet in Wingertszeile<\/h2>\n\n\n\n<div class=\"wp-block-image\"><figure class=\"aligncenter size-large\"><img decoding=\"async\" loading=\"lazy\" width=\"800\" height=\"600\" src=\"https:\/\/speyer24news.com\/wp-content\/uploads\/2021\/07\/IMG_20210713_143122_resized_20210713_023336447.jpg\" alt=\"\" class=\"wp-image-38906\" srcset=\"https:\/\/speyer24news.com\/wp-content\/uploads\/2021\/07\/IMG_20210713_143122_resized_20210713_023336447.jpg 800w, https:\/\/speyer24news.com\/wp-content\/uploads\/2021\/07\/IMG_20210713_143122_resized_20210713_023336447-300x225.jpg 300w, https:\/\/speyer24news.com\/wp-content\/uploads\/2021\/07\/IMG_20210713_143122_resized_20210713_023336447-768x576.jpg 768w, https:\/\/speyer24news.com\/wp-content\/uploads\/2021\/07\/IMG_20210713_143122_resized_20210713_023336447-678x509.jpg 678w, https:\/\/speyer24news.com\/wp-content\/uploads\/2021\/07\/IMG_20210713_143122_resized_20210713_023336447-326x245.jpg 326w, https:\/\/speyer24news.com\/wp-content\/uploads\/2021\/07\/IMG_20210713_143122_resized_20210713_023336447-80x60.jpg 80w\" sizes=\"(max-width: 800px) 100vw, 800px\" \/><\/figure><\/div>\n\n\n\n<p>Ein 45-j\u00e4hriger Ludwigshafener befuhr mit seinem Fiat die Bundesstra\u00dfe 37 aus Richtung BAB 650 kommend in Fahrtrichtung Bad D\u00fcrkheim. Zwischen der Abfahrt von der Autobahn und der M\u00fclldeponie kam der Pkw aus bislang ungekl\u00e4rter Ursache auf gerader Strecke nach links von der Fahrbahn ab und landete in den dortigen Wingertszeilen. An dem Pkw entstand Totalschaden (5.000 EUR). Dieser musste durch einen Kran geborgen werden. Der Fahrer blieb unverletzt. Bei der anschlie\u00dfenden \u00dcberpr\u00fcfung der Fahrt\u00fcchtigkeit konnte beim Fahrer drogentypische Auffallerscheinungen festgestellt werden. Der Fahrer r\u00e4umte den Drogenkonsum ein. Im Fahrzeug konnten auch Drogen gefunden und sichergestellt werden. Dem Beschuldigten wurde eine Blutprobe entnommen. Weiterhin wurde der F\u00fchrerschein sichergestellt.<\/p>\n\n\n\n<p>Den Beschuldigten erwartet eine Strafanzeige wegen Stra\u00dfenverkehrsgef\u00e4hrdung sowie einen F\u00fchrerscheinentzug.<\/p>\n\n\n\n<p>Der Gesch\u00e4digte Winzer der Wingertszeilen wird gebeten sich bei der Polizei Bad D\u00fcrkheim (06322-963-0) zu melden.<\/p>\n\n\n\n<h2 class=\"wp-block-heading\">(Bad D\u00fcrkheim) &#8211; Verkehrsbehinderungen nach Verkehrsunfall auf der B37<\/h2>\n\n\n\n<p>Derzeit (13.07.2021 \u2013 13:50) kommt es nach einem Verkehrsunfall auf der B37 im Bereich der Anschlussstelle BAB 650, Fahrtrichtung Ludwigshafen, zu erheblichen Verkehrsbehinderungen. Ortskundige werden gebeten, das Gebiet weitr\u00e4umig zu umfahren. Es wird nachberichtet.<\/p>\n\n\n\n<h2 class=\"wp-block-heading\">(Bad D\u00fcrkheim) &#8211; Unbekannte zerkratzen PKW<\/h2>\n\n\n\n<p>Am 12.07.2021 im Zeitraum von ca. 09:00 Uhr bis 11:00 Uhr wurde im Ortsteil Hardenburg durch Unbekannte ein geparkter PKW zerkratzt. Bei dem Fahrzeug handelt es sich um einen blauen VW Golf, der am Fahrbahnrand in der Stra\u00dfe &#8222;In den Hammerwiesen&#8220; ordnungsgem\u00e4\u00df geparkt war. Die Polizeiinspektion Bad D\u00fcrkheim bittet unter Tel. 06322-9630 oder per Mail an&nbsp;<a href=\"mailto:pibadduerkheim@polizei.rlp.de\">pibadduerkheim@polizei.rlp.de<\/a>&nbsp;um Zeugenhinweise zu genanntem Sachverhalt.<\/p>\n\n\n\n<h2 class=\"wp-block-heading\">(Lambsheim) &#8211; Verkehrsunfallflucht<\/h2>\n\n\n\n<p>Der Gesch\u00e4digte stellte seinen Pkw VW Golf in der Zeit von 09.07.2021, 18.00 Uhr, bis 10.07.2021, 22.00 Uhr, in der Paul-M\u00fcnch-Stra\u00dfe, H\u00f6he Hausnummer 1, ab. Als er wieder zu seinem Fahrzeug kam, musste er feststellen, dass dieses durch einen bislang unbekannten Verkehrsteilnehmer, vermutlich ein Fahrradfahrer, am vorderen linken Radkasten besch\u00e4digt wurde. Der Schaden wird auf etwa 500 Euro gesch\u00e4tzt.<\/p>\n\n\n\n<p>Zeugen werden gebeten sich an die Polizeiinspektion Frankenthal unter der Tel.-Nr.: 06233\/313-0 oder an die Polizeiwache Maxdorf unter der Tel.-Nr.: 06237\/934-1100 zu wenden. Gerne nehmen wir Ihre Hinweise auch per E-Mail unter&nbsp;<a href=\"mailto:pifrankenthal@polizei.rlp.de\">pifrankenthal@polizei.rlp.de<\/a>&nbsp;entgegen.<\/p>\n\n\n\n<h2 class=\"wp-block-heading\">(Frankenthal) &#8211; R\u00e4uberischer Diebstahl<\/h2>\n\n\n\n<p>Am 12.07.2021, gegen 16.49 Uhr, wurde die Mitarbeiterin eines Drogeriemarktes in der Wormser Stra\u00dfe in Frankenthal auf einen Mann aufmerksam, der mehrere Parf\u00fcmflaschen aus der Warenauslage entnahm und sich in die Hosentasche steckte. Die Mitarbeiterin sprach den Mann auf den Diebstahl an, der daraufhin sofort zu Fu\u00df die Flucht ergriff und aus dem Laden rannte. Ein 23-J\u00e4hriger Fu\u00dfg\u00e4nger wurde durch Schreie der Mitarbeiterin auf den Dieb aufmerksam, schritt beherzt ein und versuchte den Dieb festzuhalten. Nachdem beide M\u00e4nner zu Boden fielen gelang es dem Dieb sich durch Schl\u00e4ge und Tritte zu befreien, im Besitz des Diebesgutes zu bleiben und erfolgreich zu fl\u00fcchten. Der beherzte Fu\u00dfg\u00e4nger wurde durch den Dieb leicht am Unterarm verletzt. Die H\u00f6he des Diebesgutes konnte bisher noch nicht abschlie\u00dfend beziffert werden.<\/p>\n\n\n\n<p>Zeugen werden gebeten sich an die Polizeiinspektion Frankenthal unter der Tel.-Nr.: 06233\/313-0 oder an die Polizeiwache Maxdorf unter der Tel.-Nr.: 06237\/934-1100 zu wenden. Gerne nehmen wir Ihre Hinweise auch per E-Mail unter&nbsp;<a href=\"mailto:pifrankenthal@polizei.rlp.de\">pifrankenthal@polizei.rlp.de<\/a>&nbsp;entgegen.<\/p>\n\n\n\n<h2 class=\"wp-block-heading\">(Frankenthal) &#8211; Sachbesch\u00e4digung an Pkw<\/h2>\n\n\n\n<p>In der Zeit von 10.07.2021, 20.30 Uhr, bis 12.07.2021, 08.00, besch\u00e4digten bislang unbekannte T\u00e4ter in der Stra\u00dfe Am Strandbad, H\u00f6he Hausnummer 1, den dort abgestellten Pkw Audi A3 der Gesch\u00e4digten, indem sie alle 4 Reifen plattstachen. Der Schaden wird auf etwa 500 Euro gesch\u00e4tzt.<\/p>\n\n\n\n<p>Zeugen werden gebeten sich an die Polizeiinspektion Frankenthal unter der Tel.-Nr.: 06233\/313-0 oder an die Polizeiwache Maxdorf unter der Tel.-Nr.: 06237\/934-1100 zu wenden. Gerne nehmen wir Ihre Hinweise auch per E-Mail unter&nbsp;<a href=\"mailto:pifrankenthal@polizei.rlp.de\">pifrankenthal@polizei.rlp.de<\/a>&nbsp;entgegen.<\/p>\n\n\n\n<h2 class=\"wp-block-heading\">(Frankenthal) &#8211; Sachbesch\u00e4digung an Pkw<\/h2>\n\n\n\n<p>Am 12.07.2021, gegen 03.00 Uhr, stellte der Gesch\u00e4digte von seinem Balkon aus fest, dass ein bislang unbekannter T\u00e4ter in der Lucas-CranachStra\u00dfe, H\u00f6he Hausnummer 1, auf dem darunterliegenden Parkplatz seinen Pkw Mercedes-Benz besch\u00e4digte. Auf Zuruf fl\u00fcchtete der T\u00e4ter, zu welchem nur bekannt ist, dass er dunkel gekleidet war. Der Schaden wird auf 1000 Euro gesch\u00e4tzt.<\/p>\n\n\n\n<p>Zeugen werden gebeten sich an die Polizeiinspektion Frankenthal unter der Tel.-Nr.: 06233\/313-0 oder an die Polizeiwache Maxdorf unter der Tel.-Nr.: 06237\/934-1100 zu wenden. Gerne nehmen wir Ihre Hinweise auch per E-Mail unter&nbsp;<a href=\"mailto:pifrankenthal@polizei.rlp.de\">pifrankenthal@polizei.rlp.de<\/a>&nbsp;entgegen.<\/p>\n\n\n\n<h2 class=\"wp-block-heading\">(Frankenthal) &#8211; Sachbesch\u00e4digung an Pkw<\/h2>\n\n\n\n<p>In der Zeit von 10.07.2021, 19.00 Uhr, bis 11.07.2021, 12.30 Uhr, besch\u00e4digten bislang unbekannte T\u00e4ter in der Gabelsberger Stra\u00dfe, H\u00f6he Hausnummer 4, den Pkw BMW X1 des Gesch\u00e4digten indem sie die linke Hintert\u00fcr zerkratzten. Der Schaden wird auf etwa 400 Euro gesch\u00e4tzt.<\/p>\n\n\n\n<p>Zeugen werden gebeten sich an die Polizeiinspektion Frankenthal unter der Tel.-Nr.: 06233\/313-0 oder an die Polizeiwache Maxdorf unter der Tel.-Nr.: 06237\/934-1100 zu wenden. Gerne nehmen wir Ihre Hinweise auch per E-Mail unter&nbsp;<a href=\"mailto:pifrankenthal@polizei.rlp.de\">pifrankenthal@polizei.rlp.de<\/a>&nbsp;entgegen.<\/p>\n\n\n\n<h2 class=\"wp-block-heading\">(Ludwigshafen) &#8211; Unfall mit Radfahrerin<\/h2>\n\n\n\n<p>Am 12.07.2021, gegen 10:00 Uhr, fuhr ein 67-J\u00e4hriger mit seinem Auto auf der Rohrlachstra\u00dfe in Richtung Hartmannstra\u00dfe. Als zur gleichen Zeit eine 40-J\u00e4hrige mit ihrem Fahrrad an der Einm\u00fcndung Goerdelerplatz in Richtung Seilerstra\u00dfe den dortigen Fu\u00dfg\u00e4nger\u00fcberweg \u00fcberqueren wollte, wurde sie von dem Autofahrer angefahren. Durch die Kollision st\u00fcrzte sie vom Fahrrad und verletzte sich. Sie wurde ins Krankenhaus gebracht. Ihr Fahrrad rutschte bei dem Sturz gegen ein Auto, das am linken Fahrbahnrand geparkt war. Beide Autos und das Fahrrad wurden leicht besch\u00e4digt.<\/p>\n\n\n\n<h2 class=\"wp-block-heading\">(Ludwigshafen) &#8211; Katalysator von Auto gestohlen<\/h2>\n\n\n\n<p>In der Zeit zwischen dem 11.07.2021, gegen 23:45 Uhr und dem 12.07.2021, gegen 09:45 Uhr, stahlen unbekannte T\u00e4ter den Katalysator eines Autos, das am Goerdeler Platz geparkt war.<\/p>\n\n\n\n<p>Sachdienliche Hinweise bitte an die Polizeiinspektion Ludwigshafen 2, Telefonnummer 0621 963-2222 oder per E-Mail&nbsp;<a href=\"mailto:piludwigshafen2@polizei.rlp.de\">piludwigshafen2@polizei.rlp.de<\/a>&nbsp;.<\/p>\n\n\n\n<h2 class=\"wp-block-heading\">(Ludwigshafen) &#8211; Katalysator von Mercedes gestohlen<\/h2>\n\n\n\n<p>In der Zeit zwischen dem 11.07.2021, gegen 20:30 Uhr und dem 12.07.2021, gegen 07:15 Uhr, stahlen unbekannte T\u00e4ter den Katalysator eines Mercedes, der auf dem Parkplatz unter der Hochstra\u00dfe in der B\u00fcrgermeister-Kutterer-Stra\u00dfe abgestellt war.<\/p>\n\n\n\n<p>Wer Hinweise zu den T\u00e4tern geben kann, wird gebeten, sich bei der Polizeiinspektion Ludwigshafen 1, Telefonnummer 0621 963-2122 oder per E-Mail&nbsp;<a href=\"mailto:piludwigshafen1@polizei.rlp.de\">piludwigshafen1@polizei.rlp.de<\/a>&nbsp;zu melden.<\/p>\n\n\n\n<h2 class=\"wp-block-heading\">(Mannheim \/ Rhein-Neckar-Kreis) &#8211; Unwetter verursacht Sch\u00e4den in Mannheim und im Rhein-Neckar-Kreis<\/h2>\n\n\n\n<div class=\"wp-block-image\"><figure class=\"aligncenter size-large\"><img decoding=\"async\" loading=\"lazy\" width=\"800\" height=\"600\" src=\"https:\/\/speyer24news.com\/wp-content\/uploads\/2021\/07\/Unwetter-Mannheim-13.07-4.jpg\" alt=\"\" class=\"wp-image-38907\" srcset=\"https:\/\/speyer24news.com\/wp-content\/uploads\/2021\/07\/Unwetter-Mannheim-13.07-4.jpg 800w, https:\/\/speyer24news.com\/wp-content\/uploads\/2021\/07\/Unwetter-Mannheim-13.07-4-300x225.jpg 300w, https:\/\/speyer24news.com\/wp-content\/uploads\/2021\/07\/Unwetter-Mannheim-13.07-4-768x576.jpg 768w, https:\/\/speyer24news.com\/wp-content\/uploads\/2021\/07\/Unwetter-Mannheim-13.07-4-678x509.jpg 678w, https:\/\/speyer24news.com\/wp-content\/uploads\/2021\/07\/Unwetter-Mannheim-13.07-4-326x245.jpg 326w, https:\/\/speyer24news.com\/wp-content\/uploads\/2021\/07\/Unwetter-Mannheim-13.07-4-80x60.jpg 80w\" sizes=\"(max-width: 800px) 100vw, 800px\" \/><\/figure><\/div>\n\n\n\n<p>Das Unwetter, das am fr\u00fchen Nachmittag \u00fcber die Region hinwegzog, sorgte beim Polizeipr\u00e4sidium Mannheim f\u00fcr insgesamt 19 Polizeieins\u00e4tze. In den Mannheimer Stadtteilen Lindenhof und Wallstadt st\u00fcrzten B\u00e4ume auf geparkte Fahrzeuge. Hierbei wurden mehrere PKW besch\u00e4digt. Verletzt wurde hierbei niemand. Die genaue H\u00f6he des hierbei entstandenen Sachschadens ist derzeit noch nicht bekannt.<\/p>\n\n\n\n<p>Mehrere Stra\u00dfen wurden aufgrund der zum Teil starken Niederschl\u00e4ge \u00fcberflutet und mussten teilweise gesperrt werden.<\/p>\n\n\n\n<p>Die <strong>B 37\/ Wilhelm-Varnholt-Allee<\/strong> musste zeitweise im Bereich der \u00dcberf\u00fchrung Hermsheimer Stra\u00dfe, ab der Einm\u00fcndung Fahrlachstra\u00dfe in Richtung Heidelberg gesperrt werden. Zwei PKWs wurden durch eingedrungenes Wasser besch\u00e4digt und mussten durch einen Abschleppdienst geborgen werden. Die Feuerwehr war im Einsatz und konnte das Wasser von der Fahrbahn pumpen. Aufgrund ausgetretener Betriebsstoffe aus einem der Fahrzeuge, musste die Fahrbahn im Anschluss gereinigt werden.<\/p>\n\n\n\n<p>Im Bereich der B 44 im Bereich der Frankenthaler Stra\u00dfe im Stadtteil <strong>Mannheim-Sandhofen<\/strong> musste der rechte Fahrstreifen der B 44 in Richtung Lampertheim ebenfalls wegen \u00dcberflutung kurzzeitig gesperrt werden.<\/p>\n\n\n\n<p>In <strong>Hockenheim<\/strong> kam es im Bereich der Stra\u00dfe &#8222;Hinter den Bergen&#8220; zu einer Wasseransammlung, in welcher zwei PKW bei dem Versuch diese zu durchfahren besch\u00e4digt wurden. Auch diese waren nicht mehr fahrbereit und mussten geborgen werden. Der Feuerwehr Hockenheim, sowie der Bauhof der Stadt Hockenheim waren hier zur Absicherung bzw. Fahrbahnreinigung eingesetzt.<\/p>\n\n\n\n<p>In <strong>Heidelberg<\/strong> kam es im Bereich der B 37 unterhalb der Ernst-Walz-Br\u00fccke im Bereich Iqbal-Ufer zu kurzzeitigen Behinderungen durch angestautes Wasser auf der Fahrbahn. Hier wurden jedoch keine Sch\u00e4den bekannt. Aufgrund des nachlassenden Niederschlages war diese \u00dcberflutung nur von kurzer Dauer.<\/p>\n\n\n\n<p>In <strong>Mannheim-Luzenberg<\/strong> kam es im Bereich der Diffenestra\u00dfe\/ Unterf\u00fchrung der B 44 zu einer \u00dcberflutung, bei welcher ebenfalls ein Fahrzeug durch eingetretenes Wasser besch\u00e4digt wurde. Der Verkehrsdienst Mannheim sicherte diese Gefahrenstelle bis zum Eintreffen eines Abschleppdienstes und dem R\u00fcckgang des Wassers ab.<\/p>\n\n\n\n<p>Wie auch bei den vorgenannten Sch\u00e4den durch umgest\u00fcrzte B\u00e4ume, kam es durch die \u00dcberflutungen ebenfalls nur zu Sachsch\u00e4den in bislang unbekannter H\u00f6he. Personen wurden nicht verletzt.<\/p>\n\n\n\n<h2 class=\"wp-block-heading\">(Mannheim-Innenstadt) &#8211; Betrunken gegen Ampelmast gefahren und Radfahrerin verletzt<\/h2>\n\n\n\n<p>\u00dcber 3 Promille Alkohol hatte am Dienstagabend ein Opel-Fahrer intus, als er gegen 20.00 Uhr von der Kurpfalzbr\u00fccke in die Marktstra\u00dfe einbiegen wollte. Hierbei stie\u00df er gegen eine Fu\u00dfg\u00e4ngerampel, die dadurch umknickte und eine Fahrradfahrerin, die dahinter stand und wartete, zum Gl\u00fcck nur leicht am Arm verletzte. Der 32-j\u00e4hrige Verursacher wollte anschlie\u00dfend seine Fahrt fortsetzen, konnte aber von der Verletzten nach ca. 100 m gestoppt werden. Die zwischenzeitlich eingetroffenen Beamten des Innenstadt-Reviers nahmen ihn daraufhin fest. Auf der Wache wurde ihm wegen der Alkoholbeeinflussung und auch wegen eines positiven Drogentests eine Blutprobe entnommen. Sein F\u00fchererschein kam zu den Akten. Die verletzte 54-j\u00e4hrige Radfahrerin wurde nach Erstbehandlung vor Ort zur ambulanten Weiterbehandlung in ein Krankenhaus eingeliefert. Um die besch\u00e4digte Ampel k\u00fcmmerte sich ein Notdienst. Hier d\u00fcrfte der Sachschaden bei ca. 5000,- Euro liegen. Am PKW des Verursachers entstand Sachschaden in H\u00f6he von ca. 2000,- Euro. Aufgrund seiner Alkoholisierung musste der 32-j\u00e4hrige die Nacht im Polizeigewahrsam verbringen. Gegen ihn wird nun wegen Stra\u00dfenverkehrsgef\u00e4hrdung ermittelt.<\/p>\n\n\n\n<h2 class=\"wp-block-heading\">(Mannheim-Innenstadt) &#8211; 31-j\u00e4hriger Mann stellt unsittlich zur Schau \/ Polizei sucht Zeugen und weitere Gesch\u00e4digte<\/h2>\n\n\n\n<p>Ein 31-j\u00e4hriger Mann stellte sich am Samstagabend in einem Modegesch\u00e4ft in der Mannheimer Innenstadt zumindest zwei weiblichen Jugendlichen unsittlich zur Schau. Die beiden Jugendlichen im Alter von 15 und 16 Jahren befanden sich kurz vor 18 Uhr in der Damenabteilung des Bekleidungsfachgesch\u00e4fts im Quadrat Q 6. Als sie die Umkleidekabinen aufsuchten, bemerkten sie den 31-J\u00e4hrigen, der nur mit einem Damenslip bekleidet, in einer offenstehenden Kabine stand. Als die beiden Jugendlichen erneut die Umkleidekabine passierten, sahen sie, dass der Mann nun zwischenzeitlich sein Geschlechtsteil entbl\u00f6\u00dft hatte, und daran herumspielte. Er setzte sein Tun weiterhin fort und blickte die Jugendlichen an. Diese informierten schlie\u00dflich Mitarbeiter des Gesch\u00e4fts, die den 31-J\u00e4hrigen bis zum Eintreffen einer Polizeistreife festhielten. Er wurde zun\u00e4chst zum Polizeirevier Mannheim-Innenstadt gebracht. Nach erkennungsdienstlicher Behandlung wurde er wieder auf freien Fu\u00df entlassen.<\/p>\n\n\n\n<p>Da nicht auszuschlie\u00dfen ist, dass sich der Mann auch weiteren Personen in unsittlicher Art und Weise gezeigt hat, sucht die Polizei weitere Gesch\u00e4digte sowie Zeugen, die sachdienliche Hinweise zum Verhalten des 31-J\u00e4hrigen geben k\u00f6nnen. Diese werden gebeten, sich beim Kriminaldauerdienst der Kriminalpolizeidirektion Heidelberg, Tel.: 0621\/174-4444 zu melden.<\/p>\n\n\n\n<h2 class=\"wp-block-heading\">(Mannheim-Schwetzingerstadt) &#8211; Haust\u00fcr manipuliert um Einbruch vorzubereiten \/ Polizei sucht Zeugen<\/h2>\n\n\n\n<p>Am Montag wurde in der Krappm\u00fchlstra\u00dfe zwischen 13:15 Uhr und 14:15 Uhr ein T\u00fcrschloss der Haupteingangst\u00fcr eines Mehrfamilienhauses manipuliert. Offenbar wollte sich ein Unbekannter zu einem sp\u00e4teren Zeitpunkt Zugang zum Haus verschaffen. Bislang unbekannter, vermutlich m\u00e4nnlicher, T\u00e4ter klingelte bei s\u00e4mtlichen Wohnungen und gab sich an der Gegensprechanlage bei einer Bewohnerin als Postbote aus, sodass er dadurch Zutritt zum Haus bekam. Anschlie\u00dfend manipulierte der unbekannte Mann die Haust\u00fcre, indem er zwei Papierk\u00fcgelchen in die Falle des T\u00fcrschlosses stecke, sodass diese nicht mehr schlie\u00dfen konnte. Ein Diebstahl- bzw. Sachschaden entstand nicht.<\/p>\n\n\n\n<p>Die Polizei weist darauf hin, insbesondere in Mehrfamilienh\u00e4usern, nicht ohne Weiteres die Haust\u00fcre auf Klingeln eines Unbekannten zu \u00f6ffnen, wenn man nicht sicher wei\u00df, wer und aus welchem Grund sich Zugang zum Haus verschaffen will.<\/p>\n\n\n\n<p>Zeugen, die verd\u00e4chtige Wahrnehmungen gemacht haben und \/ oder Hinweise auf den T\u00e4ter geben k\u00f6nnen, werden gebeten sich beim Polizeirevier Mannheim-Oststadt, unter der Telefonnummer 0621-1743310, zu melden.<\/p>\n\n\n\n<h2 class=\"wp-block-heading\">(Mannheim-Luzenberg) &#8211; Vorfahrt missachtet und Unfall verursacht \/ 13.000EUR Sachschaden<\/h2>\n\n\n\n<p>Zu einem Verkehrsunfall kam es am Montag gegen 10:30 Uhr an der Kreuzung Eisenstra\u00dfe\/Stolberger Stra\u00dfe. Eine 22-J\u00e4hrige Mercedes-Fahrerin war auf der Stolberger Stra\u00dfe in Fahrtrichtung Sandhofer Stra\u00dfe unterwegs, als sie an der Kreuzung zur Eisenstra\u00dfe eine vorfahrtsberechtigte 46-J\u00e4hrige Mercedes-Fahrerin \u00fcbersah und mit dieser kollidierte. Beide Fahrerinnen, sowie ein Beifahrer blieben gl\u00fccklicherweise unverletzt. Beide Fahrzeuge waren nicht mehr fahrbereit und mussten abgeschleppt werden. Der Sachschaden betr\u00e4gt rund 13.000EUR.<\/p>\n\n\n\n<h2 class=\"wp-block-heading\">(Mannheim-Neckarstadt) &#8211; Gegen illegale Sperrm\u00fcllentsorgung \/ Eine gemeinsame Aktion mit der Stadt Mannheim<\/h2>\n\n\n\n<p>In Zusammenarbeit zwischen dem Stadtraumservice der Stadt Mannheim, dem Polizeipr\u00e4sidium Einsatz und dem Polizeipr\u00e4sidium Mannheim fand am Montag, 12. Juli 2021, eine weitere Aktion gegen illegale Abfalllagerungen im Bereich der Neckarstadt-West statt.<\/p>\n\n\n\n<p>Die eingesetzten Polizeibeamte waren gemeinsam mit einem Mitarbeiter der Abfallwirtschaft von 8:00 bis 11:00 unterwegs, um gegen die Verunreinigung des \u00f6ffentlichen Raumes durch illegale Sperrm\u00fclllagerungen vorzugehen und diese zu sanktionieren.<\/p>\n\n\n\n<p>Neben den offiziell angemeldeten 59 Sperrm\u00fcllentsorgungsterminen privater Haushalte konnten zus\u00e4tzlich sieben nicht angemeldete und somit illegale Sperrm\u00fcllablagerungen mit insgesamt \u00fcber 24 m\u00b3 festgestellt werden.<\/p>\n\n\n\n<p>Durch Befragungen der Anwohner und der systematischen Suche nach Indizien gelang es den eingesetzten Beamten bei sechs dieser illegalen M\u00fcllentsorgungen R\u00fcckschl\u00fcsse auf die jeweiligen Verursacher zu ziehen. Dank dieser Arbeit konnten letztendlich 23 m\u00b3 von 24 m\u00b3 des illegal entsorgten Sperrm\u00fclls seinen Verursachern zugeordnet werden. Diese m\u00fcssen nach Abschluss der Ermittlungen mit einem Bu\u00dfgeld rechnen. Grunds\u00e4tzlich beginnen Geldbu\u00dfen f\u00fcr illegale M\u00fcllablagerungen ab 250 Euro und sind abh\u00e4ngig von der festgestellten Menge und der Art der Abf\u00e4lle.<\/p>\n\n\n\n<h2 class=\"wp-block-heading\">(Mannheim-Neckarstadt) &#8211; Auf Stra\u00dfe niedergeschlagen und ausgeraubt \/ Wer hat etwas beobachtet?<\/h2>\n\n\n\n<p>Zwei Stunden lag ein 29-J\u00e4hriger bewusstlos auf dem Gehweg, sein Geldbeutel leerger\u00e4umt neben ihm &#8211; was genau Geschehen ist, ist bislang unklar.<\/p>\n\n\n\n<p>Der Mann war gegen 6.40 Uhr am Freitag, den 09.07.2021, auf dem Weg zur Arbeit als er zu Fu\u00df von der Riedfeldstra\u00dfe in die Lortzingstra\u00dfe abbiegt. Etwa 20 Meter weiter versp\u00fcrt der 29-J\u00e4hrige pl\u00f6tzlich einen Schmerz im Nacken, verliert das Bewusstsein und bleibt b\u00e4uchlings auf dem Gehweg liegen. Als er zu sich kommt zeigt seine Uhr 8.45 Uhr, neben ihm sein Geldbeutel aus dem \u00fcber 100 Euro Bargeld und seine EC-Karte entwendet wurden.<\/p>\n\n\n\n<p>Das Kriminalkommissariat Mannheim hat die Ermittlungen aufgenommen und sucht zur Aufkl\u00e4rung dringend Zeugen. Ob der 29-J\u00e4hrige niedergeschlagen oder auf andere Art und Weise zu Boden gebracht wurde, ist derzeit Ermittlungssache.<\/p>\n\n\n\n<p>Personen, die den \u00dcbergriff beobachteten, Hinweise zum Geschehen geben k\u00f6nnen oder den Mann auf dem Gehweg liegen sahen, werden gebeten, sich unter 0621 174-4444 an Ermittler zu wenden.<\/p>\n\n\n\n<h2 class=\"wp-block-heading\">(Mannheim-Sch\u00f6nau) &#8211; Unbekannter setzt Fahrzeug in Brand \/ Polizei sucht Zeugen<\/h2>\n\n\n\n<p>Ein unbekannter T\u00e4ter setzte am Montagnachmittag im Stadtteil Sch\u00f6nau ein geparktes Auto in Brand. Der Unbekannte war gegen 17 Uhr einen brennenden Molotow-Cocktail gegen einen Opel, der auf einem Parkplatz in der Lilienthalstra\u00dfe abgestellt war. Die Flasche zerbarst auf dem Fahrzeugdach, sodass sich der brennende Inhalt \u00fcber das Fahrzeug ergoss. Durch eine verst\u00e4ndigte Polizeistreife konnten die Flammen mit einem Feuerl\u00f6scher rasch gel\u00f6scht werden, sodass ein \u00dcbergreifen der Flammen auf andere Fahrzeuge verhindert wurde und an dem Fahrzeug nur \u00e4u\u00dferlicher Schaden entstand.<\/p>\n\n\n\n<p>Durch einen Zeugen wurde kurz darauf ein unbekannter Mann beobachtet, der sich eilig von dem Fahrzeug entfernte und schlie\u00dflich zwischen den H\u00e4userzeilen in der Lilienthalstra\u00dfe verschwand. <\/p>\n\n\n\n<h4 class=\"wp-block-heading\">Er wird wie folgt beschrieben:<\/h4>\n\n\n\n<ul><li><strong>Ca. 60 Jahre alt<\/strong><\/li><li><strong>170 bis 175 cm gro\u00df<\/strong><\/li><li><strong>Trug ein schwarzes T-Shirt<\/strong><\/li><li><strong>War dunkel gekleidet<\/strong><\/li><\/ul>\n\n\n\n<p>Die weiteren Ermittlungen des Fachdezernats des Kriminalkommissariats Mannheim bei der Kriminalpolizeidirektion Heidelberg dauern an.<\/p>\n\n\n\n<p>Zeugen, die auf den Vorfall aufmerksam geworden sind und sachdienliche Hinweise zum T\u00e4ter geben k\u00f6nnen, werden gebeten, sich beim Kriminaldauerdienst der Kriminalpolizeidirektion Heidelberg, Tel.: 0621\/174-4444 zu melden.<\/p>\n\n\n\n<h2 class=\"wp-block-heading\">(Mannheim-K\u00e4fertal) &#8211; Einbruch in Kinderhaus \/ Polizei sucht Zeugen<\/h2>\n\n\n\n<p>Unbekannte T\u00e4ter brachen in der Zeit zwischen Freitagabend, 09.07.2021 und Montagmorgen, 12.07.2021 in ein Kinderhaus im Stadtteil &#8222;Im Rott&#8220; ein. Die Einbrecher hebelten zun\u00e4chst das Fenster zur Mitarbeiterk\u00fcche der Kindertageseinrichtung im Ida-Dehmel-Ring auf und drangen so in die R\u00e4umlichkeiten ein. Im Inneren hebelten sie die Wertf\u00e4cher der Erzieher auf und entwendeten daraus mehrere Digitalkameras mit Speicherkarten, Tablet-PCs, zwei Notebooks sowie ein Mobiltelefon. Der Diebstahlschaden wird auf fast 7.000 Euro gesch\u00e4tzt, der Sachschaden bel\u00e4uft sich auf rund 1.000 Euro.<\/p>\n\n\n\n<p>Hinweise zu den T\u00e4tern konnten bislang nicht erlangt werden, nach derzeitigem Erkenntnisstand ist jedoch davon auszugehen, dass zumindest zwei T\u00e4ter in die Einrichtung eingedrungen waren.<\/p>\n\n\n\n<p>Im gleichen Zeitraum suchten Einbrecher ein weiteres Kinderhaus im Zwickauer Weg im Stadtteil Vogelstang heim. Die T\u00e4ter hebelten das Fenster eines Gruppenraums auf und stiegen in die R\u00e4ume ein. Im Inneren brachen sie mehrere verschlossene T\u00fcren und Schr\u00e4nke auf. Sie lie\u00dfen einen M\u00f6beltresor Bargeld, ein Notebook und ein Mobiltelefon mitgehen. Der entstandene Schaden kann bislang noch nicht abgesch\u00e4tzt werden.<\/p>\n\n\n\n<p>Inwiefern ein Zusammenhang zwischen den beiden Taten besteht, ist Gegenstand der weiteren Ermittlungen.<\/p>\n\n\n\n<p>Zeugen, die verd\u00e4chtige Wahrnehmungen gemacht haben und sachdienliche Hinweise zu den T\u00e4tern geben k\u00f6nnen, werden gebeten, sich beim Polizeirevier Mannheim-K\u00e4fertal, Tel.: 0621\/71849-0 zu melden.<\/p>\n\n\n\n<h2 class=\"wp-block-heading\">(Heidelberg-Bergheim) &#8211; &#8222;Falsche Polizeibeamte&#8220; leider erfolgreich \/ Kriminalpolizei sucht Zeugen!<\/h2>\n\n\n\n<p>Unter dem Vorwand, Kriminalpolizist zu sein, kontaktierte ein bislang unbekannter Mann telefonisch eine Seniorin in Heidelberg. Durch geschickte Gespr\u00e4chsf\u00fchrung gelang es dem Betr\u00fcger die Dame von angeblichen Machenschaften ihrer Hausbank zu \u00fcberzeugen, sodass diese ihr Geld in Gefahr sah. Der falsche Polizeibeamte dr\u00e4ngte die Frau in mehreren Telefonaten dazu einen hohen Geldbetrag von ihrem Konto abzuheben, den sie letztlich am vergangen Freitag einem Abholer \u00fcbergab, der sich ebenfalls als Polizeibeamter ausgab. Als der Betr\u00fcger hiernach wieder telefonisch Kontakt aufnahm, versuchte er die Seniorin zum Abheben eines weiteren Geldbetrags zu bewegen. Dank aufmerksamer Bankmitarbeiter konnte die Frau sensibilisiert werden, sodass es zu keiner weiteren \u00dcbergabe von Bargeld kam.<\/p>\n\n\n\n<p>Die Kriminalpolizei Heidelberg hat die Ermittlungen aufgenommen und sucht in diesem Zusammenhang dringend nach Zeugen, die die Geld\u00fcbergabe beobachteten oder Hinweise geben k\u00f6nnen. Der sogenannte Abholer soll demnach am Freitag, zu einem nicht n\u00e4her zu bestimmenden Zeitraum, das Geld in der Mannheimer Stra\u00dfe entgegengenommen haben und kann wie folgt beschrieben werden: M\u00e4nnlich, ca. 30 Jahre alt, zwischen 1,80 bis 1,85 m gro\u00df, kr\u00e4ftige Statur, k\u00fcrzere dunkle Haare, bekleidet mit einer langen dunklen Weste. Hinweisgeber, werden gebeten, sich unter 0621 174-4444 an die Kriminalbeamten zu wenden.<\/p>\n\n\n\n<h4 class=\"wp-block-heading\">Die Polizei gibt nachfolgende Hinweise &#8211; bitte informieren Sie ihre Familienmitglieder, vor allem Seniorinnen und Senioren:<\/h4>\n\n\n\n<ul><li><strong>Geben Sie am Telefon keine Ausk\u00fcnfte \u00fcber Besitzverh\u00e4ltnisse oder Bargeld.<\/strong><\/li><li><strong>Beenden Sie umgehend solche Gespr\u00e4che und alarmieren die Polizei unter 110.<\/strong><\/li><li><strong>Werden Sie misstrauisch bei Anrufen von Verwandten\/Personen, deren Stimme sie nicht erkennen.<\/strong><\/li><li><strong>H\u00e4ndigen Sie kein Geld an Unbekannte aus oder vereinbaren Treffen.<\/strong><\/li><li><strong>Wer Opfer eines falschen Polizeibeamten oder anderer Trickbetr\u00fcgereien geworden ist, sollte dies auf jeden Fall der       Polizei melden.<\/strong><\/li><li><strong>Lassen Sie sich nicht unter Druck setzen.<\/strong><\/li><li><strong>Pr\u00fcfen Sie ihren Eintrag im Telefonbuch und lassen Sie ihren Vornamen l\u00f6schen oder nur Anfangsbuchstaben eintragen.<\/strong><\/li><\/ul>\n\n\n\n<h2 class=\"wp-block-heading\">(Heidelberg-Wieblingen) &#8211; Schaufenster eingeschlagen \/ Zeugen gesucht<\/h2>\n\n\n\n<p>Im Zeitraum von Sonntag, 14 Uhr, bis Montag, 6 Uhr, schlug oder warf ein oder mehrere T\u00e4ter die Schaufensterscheibe eines Fahrradhandels Am Taubenfeld ein &#8211; das Tatwerkzeug wurde sichergestellt, von den T\u00e4ter fehlt bislang jede weitere Spur. Aus dem Ladengesch\u00e4ft selbst wurde nichts entwendet, ob die T\u00e4ter m\u00f6glicherweise bei der Tat gest\u00f6rt wurden ermittelt nun das Polizeirevier Heidelberg-S\u00fcd. Der entstandene Sachschaden l\u00e4sst sich bislang nicht beziffern, allerdings wurden neben der Scheibe auch ausgestellte Fahrr\u00e4der besch\u00e4digt und betr\u00e4gt mindestens mehrere tausend Euro. Zeugen, die Verd\u00e4chtiges beobachteten oder h\u00f6rten, werden gebeten, sich unter 06221 34180.<\/p>\n\n\n\n<h2 class=\"wp-block-heading\">(Plankstadt \/ Rhein-Neckar-Kreis) &#8211; Verkehrsunfall auf Supermarktparkplatz \/ 9.000EUR Sachschaden<\/h2>\n\n\n\n<p>Zu einem Verkehrsunfall kam es am Sonntag gegen 20:05 Uhr auf dem Parkplatz des Supermarktes &#8222;Netto&#8220; in der Oftersheimer Landstra\u00dfe. Eine 19-J\u00e4hrige BMW-Fahrerin war auf der Eisenbahnstra\u00dfe unterwegs, als sie auf H\u00f6he der Einfahrt zum Supermarktparkplatz links auf diesen abbiegen will. Hierbei verwechselt die junge Frau vermutlich die Fahrspuren zur Ein- bzw. Ausfahrt auf den Parkplatz und kollidiert frontal mit einem 26-J\u00e4hrigen Seat-Fahrer, der den Parkplatz auf der Linksabbiegerspur in Fahrtrichtung Eisenbahnstra\u00dfe verlassen wollte. Verletzt wurde gl\u00fccklicherweise niemand, der Sachschaden betr\u00e4gt rund 9.000EUR.<\/p>\n\n\n\n<h2 class=\"wp-block-heading\">(Sandhausen \/ Rhein-Neckar-Kreis) &#8211; E-Bike entwendet \/ Zeugen gesucht<\/h2>\n\n\n\n<p>Am Samstag wurde zwischen 19:30 Uhr und 23:00 Uhr ein E-Bike in der Hauptstra\u00dfe entwendet. Das abgeschlossene E-Bike war beim Alten Feuerwehrhaus abgestellt, als bislang unbekannte T\u00e4ter es entwendeten und anschlie\u00dfend in unbekannte Richtung fl\u00fcchteten.<\/p>\n\n\n\n<p>Bei dem neuwertigen E-Bike handelt es sich um das Modell Kalkhoff Endeavour 7 B aus 2021. Es ist schwarz\/grau und ein Herren 58 XL-Rad mit festinstalliertem Aufbaukoffer. Der Neupreis liegt bei rund 4.800EUR.<\/p>\n\n\n\n<p>Zeugen, die verd\u00e4chtige Wahrnehmungen gemacht haben, werden gebeten sich beim Polizeirevier Wiesloch, unter der Telefonummer 06222-57090, zu melden.<\/p>\n\n\n\n<h2 class=\"wp-block-heading\">(Nu\u00dfloch \/ Rhein-Neckar-Kreis) &#8211; Zwei leicht verletzte Personen nach Verkehrsunfall<\/h2>\n\n\n\n<p>Zwei verletzte Personen und erheblicher Sachschaden sind die Bilanz eines Verkehrsunfalls am Montagnachmittag in Nu\u00dfloch. Eine 87-j\u00e4hrige Frau war kurz vor 16 Uhr mit ihrem Hyundai in der Hildastra\u00dfe in Richtung Massengasse unterwegs. An der Einm\u00fcndung zur Massengasse fuhr sie aus bislang unklarer Ursache \u00fcber die Fahrbahn der Massengasse hinweg geradeaus gegen eine Steinmauer. Dabei wurden beide Airbags ausgel\u00f6st. Die 87-J\u00e4hrige sowie ihr 15-j\u00e4hriger Enkel, der sich auf dem Beifahrersitz befand, zogen sich leichte Verletzungen zu und wurden zur ambulanten Behandlung in Krankenh\u00e4user eingeliefert.<\/p>\n\n\n\n<p>Der Hyundai war so stark besch\u00e4digt, dass er abgeschleppt werden musste. Der Sachschaden wird auf fast 10.000 Euro gesch\u00e4tzt.<\/p>\n\n\n\n<h2 class=\"wp-block-heading\">(Walldorf \/ Rhein-Neckar-Kreis) &#8211; Alkoholisierter Autofahrer verursacht mehrere Unf\u00e4lle \/ Zeugen gesucht<\/h2>\n\n\n\n<p>Ein 37-J\u00e4hriger ist am Montag um etwa 11.45 Uhr in Walldorf die Josef-Reiert-Stra\u00dfe in s\u00fcdliche Richtung entlanggefahren. Vermutlich aufgrund von Alkoholeinfluss steuerte der Mann mit seinem Audi Q5 im Kreisverkehr geradeaus auf den Bordstein und stie\u00df gegen den Zaun der Autobahnmeisterei Walldorf. Dabei besch\u00e4digte er zwei Zaunelemente und fuhr trotzdem weiter Richtung Autobahn. Ein Zeuge beobachtete dies und verst\u00e4ndigte die Polizei. Wenige Minuten sp\u00e4ter gingen weitere Notrufe ein, wonach ein Audi in auff\u00e4lliger Fahrweise auf der A5 in Richtung Norden unterwegs ist. Um 11.56 Uhr entdeckten Kollegen der Bundesautobahn-Fahndung das Fahrzeug und hielt es zur Kontrolle an. Die Beamten fanden in dem Wagen eine zu dreiviertel geleerte Flasche Wein und stellten starken Alkoholeinfluss fest, der Fahrer verweigerte aber einen Atemalkoholtest. Deshalb brachten ihn die Polizisten aufs Polizeirevier Wiesloch und ordneten eine Blutprobe an. Sein F\u00fchrerschein wurde beschlagnahmt und der Fahrzeugschl\u00fcssel sichergestellt. Da das Fahrzeug des Beschuldigten auf der rechten Fahrzeugseite weitere erhebliche Sch\u00e4den aufwies, war davon auszugehen, dass der Beschuldigte einen weiteren Unfall an einem unbekannten Ort verursacht hat. Die Streckenabschnitte im Zust\u00e4ndigkeitsbereich der A 5 (Walldorf und Karlsruhe) wurden \u00fcberpr\u00fcft. Hierbei konnten jeweils an unterschiedlichen Stellen zwei frische Streifsch\u00e4den festgestellt werden. Allerdings entstand kein Sachschaden. Den 37-J\u00e4hrigen erwartet nun unter anderem eine Anzeige wegen Stra\u00dfenverkehrsgef\u00e4hrdung und Unfallflucht. Wer weitere Unf\u00e4lle mit dem Audi beobachtet hat, meldet sich bitte beim Polizeirevier Wiesloch unter Telefon 06222\/5709-0.<\/p>\n\n\n\n<h2 class=\"wp-block-heading\">(Gem. St. Leon-Rot \/ A 6 \/ Rhein-Neckar-Kreis) &#8211; Schwerer Lkw-Unfall auf A6 Fahrtrichtung Mannheim; Vollsperrung<\/h2>\n\n\n\n<h3 class=\"has-text-align-center wp-block-heading\">Pressemitteilung Nr. 1<\/h3>\n\n\n\n<p>Zwischen der Anschlussstelle Wiesloch\/Rauenberg und dem Walldorfer Kreuz, Fahrtrichtung Mannheim, kam es am Dienstagmorgen gegen 7.15 Uhr zu einem schweren Lkw-Unfall. \u00dcber den Unfallhergang und das Ausma\u00df liegen noch keine Erkenntnisse vor. Die Fahrbahn in Richtung Mannheim ist derzeit voll gesperrt.<\/p>\n\n\n\n<h2 class=\"wp-block-heading\">(Gem. St. Leon-Rot \/ A 6 \/ Rhein-Neckar-Kreis) &#8211; Schwerer Lkw-Unfall auf A6 Fahrtrichtung Mannheim; Vollsperrung dauert mehrere Stunden<\/h2>\n\n\n\n<h3 class=\"has-text-align-center wp-block-heading\">Pressemitteilung Nr. 2<\/h3>\n\n\n\n<p>Aus bislang unbekannter Ursache fuhr ein Lkw-Fahrer zwischen der Anschlussstelle Wiesloch\/Rauenberg und dem Walldorfer Kreuz auf einen vorausfahrenden Lkw auf und wurde in seinem F\u00fchreraus eingeklemmt.<\/p>\n\n\n\n<p>Die Fahrbahn in Richtung Mannheim ist derzeit voll gesperrt. Ein Rettungshubschrauber ist gelandet.<\/p>\n\n\n\n<p>Die Feuerwehr Walldorf ist zur Sicherung der Unfallstelle und zur Bergung des eingeklemmten Fahrers im Einsatz.<\/p>\n\n\n\n<p>Der R\u00fcckstau betr\u00e4gt derzeit ca. acht Kilometer. Der Verkehr wird an der Anschlussstelle ausgeleitet. Die Umleitungsstrecken sind aufgrund des Berufsverkehrs derzeit \u00fcberlastet.<\/p>\n\n\n\n<p>Es wird empfohlen, bereits ab der Anschlussstelle Sinsheim die A 6 zu verlassen und den Unfallbereich weitr\u00e4umig zu umfahren.<\/p>\n\n\n\n<p>Die Sperrung wird nach derzeitiger Einsch\u00e4tzung noch mehrere Stunden andauern.<\/p>\n\n\n\n<h2 class=\"wp-block-heading\">(Gem. St. Leon-Rot \/ A 6 \/ Rhein-Neckar-Kreis) &#8211; Schwerer Lkw-Unfall auf A6 Fahrtrichtung Mannheim; Vollsperrung; lange Staus; Feuerwehr Wiesloch im Einsatz; Sachverst\u00e4ndiger beauftragt<\/h2>\n\n\n\n<h3 class=\"has-text-align-center wp-block-heading\">Pressemitteilung Nr. 3<\/h3>\n\n\n\n<p>Derzeit finden immer noch die Bergungsarbeiten nach dem schweren Verkehrsunfall auf der A6 statt. Die Fahrbahn in Richtung Mannheim ist nach wie vor voll gesperrt.<\/p>\n\n\n\n<p>Die Feuerwehr Wiesloch ist mit \u00fcber 20 Kr\u00e4ften zur Absicherung und Bergung im Einsatz.<\/p>\n\n\n\n<p>Ein Sachverst\u00e4ndiger wird zur Unfallrekonstruktion hinzugezogen.<\/p>\n\n\n\n<p>Der R\u00fcckstau betr\u00e4gt f\u00fcr den Pkw-Verkehr \u00fcber zehn Kilometer L\u00e4nge; der Lkw-Stau bel\u00e4uft sich auf rund 15 Kilometer L\u00e4nge.<\/p>\n\n\n\n<h2 class=\"wp-block-heading\">(Gem. St. Leon-Rot \/ A 6 \/ Rhein-Neckar-Kreis) &#8211; Schwerer Lkw-Unfall auf A6 Fahrtrichtung Mannheim; 43-Lkw-Fahrer verstirbt noch an Unfallstelle<\/h2>\n\n\n\n<h3 class=\"has-text-align-center wp-block-heading\">Pressemitteilung Nr. 4<\/h3>\n\n\n\n<div class=\"wp-block-image\"><figure class=\"aligncenter size-large\"><img decoding=\"async\" loading=\"lazy\" width=\"800\" height=\"533\" src=\"https:\/\/speyer24news.com\/wp-content\/uploads\/2021\/01\/Ruhe-in-Frieden.jpg\" alt=\"\" class=\"wp-image-32361\" srcset=\"https:\/\/speyer24news.com\/wp-content\/uploads\/2021\/01\/Ruhe-in-Frieden.jpg 800w, https:\/\/speyer24news.com\/wp-content\/uploads\/2021\/01\/Ruhe-in-Frieden-300x200.jpg 300w, https:\/\/speyer24news.com\/wp-content\/uploads\/2021\/01\/Ruhe-in-Frieden-768x512.jpg 768w\" sizes=\"(max-width: 800px) 100vw, 800px\" \/><\/figure><\/div>\n\n\n\n<p>Der 43-j\u00e4hrige Lkw-Fahrer, der am Dienstagmorgen, gegen 7.15 Uhr, bei einem Auffahrunfall auf der A6 in seinem F\u00fchrerhaus eingeklemmt wurde, ist noch an der Unfallstelle seinen schweren Verletzungen erlegen.<\/p>\n\n\n\n<p>Derzeit sind noch die rechte und die mittlere Spur blockiert. Der Verkehr, der sich immer noch auf mehr als zehn Kilometer zur\u00fcckstaut, wird \u00fcber den linken Fahrstreifen an der Unfallstelle vorbeigef\u00fchrt.<\/p>\n\n\n\n<p>Die Aufr\u00e4umarbeiten sowie das Abschleppen beider Fahrzeuge werden noch l\u00e4ngere Zeit in Anspruch nehmen.<\/p>\n\n\n\n<h2 class=\"wp-block-heading\">(Gem. St. Leon-Rot \/ A 6 \/ Rhein-Neckar-Kreis) &#8211; Schwerer Lkw-Unfall auf A6 Fahrtrichtung Mannheim; Bergungsarbeiten dauern noch mehrere Stunden<\/h2>\n\n\n\n<h3 class=\"has-text-align-center wp-block-heading\">Pressemitteilung Nr. 5<\/h3>\n\n\n\n<p>Die Bergungsarbeiten nach dem schweren Verkehrsunfall auf der A6, bei dem der 43-j\u00e4hrige Fahrer eines Sattelzuges am Dienstagmorgen noch an der Unfallstelle verstarb, sind nach wie vor in vollem Gange.<\/p>\n\n\n\n<p>Derzeit wird die Landung auf ein anderes Fahrzeug umgeladen. Anschlie\u00dfend erfolgen das Abschleppen des 40 Tonnen schweren Fahrzeuges und die Reinigung der Fahrbahn mit Unterst\u00fctzung einer Fachfirma.<\/p>\n\n\n\n<p>Die Arbeiten werden voraussichtlich noch mehrere Stunden andauern. Solange werden der mittlere und der rechte Fahrstreifen gesperrt bleiben.<\/p>\n\n\n\n<p>Der Verkehr wird \u00fcber die linke Spur an der Unfallstelle vorbeigeleitet.<\/p>\n\n\n\n<h2 class=\"wp-block-heading\">(Gem. St. Leon-Rot \/ A 6 \/ Rhein-Neckar-Kreis) &#8211; Schwerer Lkw-Unfall auf A6 Fahrtrichtung Mannheim; Bergungsarbeiten dauern noch an<\/h2>\n\n\n\n<h3 class=\"has-text-align-center wp-block-heading\">Pressemitteilung Nr. 6<\/h3>\n\n\n\n<p>Bei dem Auffahrunfall zweier Sattelz\u00fcge, bei dem am Dienstagmorgen ein 43-j\u00e4hrger Lkw-Fahrer ums Leben kam, entstand ein Sachschaden von rund 250.000.- Euro.<\/p>\n\n\n\n<p>Der 43-j\u00e4hrige Deutsche, der auf seinem 40 Tonner Lebensmittel geladen hatte, \u00fcbersah kurz vor dem Walldorfer kruez in Richtung Mannheim offenbar ein Stauende und fuhr auf den Sattelzug eines 59-j\u00e4hrigen Bosniers auf, der f\u00fcr eine tschechische Firma fuhr. Der 59-J\u00e4hrige wurde zum Gl\u00fcck nur leicht verletzt.<\/p>\n\n\n\n<p>Durch die Wucht des Aufpralls verteilte sich die Ladung des 43-J\u00e4hrige teilweise \u00fcber s\u00e4mtliche Spuren der A6. Die Autobahn in Richtung Mannheim war bis kurz nach 12 Uhr voll gesperrt. Danach wurde der Verkehr auf der linken Spur an der Unfallstelle vorbeigeleitet.<\/p>\n\n\n\n<p>Mit Stand 16 Uhr soll der mittlere Fahrstreifen gegen 17 Uhr wieder freigegeben werden. Gegen 18 Uhr soll die Autobahn wieder frei befahrbar sein.<\/p>\n\n\n\n<p>Der R\u00fcckstau war immens und hat nach wie vor ein gro\u00dfes Ausma\u00df. In der Spitze staute sich der Lkw-Verkehr auf einer L\u00e4nge von 27 Kilometern bis zum Parkplatz Bauernwald, zwischen den Anschlussstellen Sinsheim-Steinsfurt und Bad Rappenau zur\u00fcck. Der Pkw-Verkehr staute sich auf rund zehn Kilometern L\u00e4nge.<\/p>\n\n\n\n<p>Derzeit, Stand 16 Uhr betr\u00e4gt der Lkw-Stau immer noch 17 Kilometer. Der Pkw-Stau ist gleichbleibend bei zehn Kilometern.<\/p>\n\n\n\n<p>Im Stau gab es zwei weitere Auffahrunf\u00e4lle, die jedoch glimpflich verliefen. Kurz nach der Anschlussstelle Sinsheim kollidierten gegen 12.10 Uhr zwei Lkws bei geringer Geschwindigkeit miteinander. Es blieb beim Sachschaden. Weiter in Richtung Mannheim ereignete sich wenig sp\u00e4ter ein Auffahrunfall zweier Autos. Auch hier blieb es beim Blechschaden.<\/p>\n\n\n\n<p>Probleme bei der Anfahrt von Rettungskr\u00e4ften zur Unfallstelle bereiteten r\u00fccksichtlose Lkw-Fahrer. Um schneller vorw\u00e4rts zu kommen, fuhren sie verbotenerweise auf dem linken Fahrstreifen und stellten dann beim Einrichten und Einhalten der Rettungsgasse erhebliche Behinderungen dar. Nur durch polizeilich organisiertes Rangieren konnte die Rettungsgasse wieder freigemacht werden. Gegen sechs Lkw-Fahrer wurden die Ermittlungen eingeleitet.<\/p>\n\n\n\n<p>Der Sattelzug des 43-J\u00e4hrigen ist beschlagnahmt und soll gutachterlich untersucht werden. Ein Sachverst\u00e4ndiger ist bereits in die Unfallrekonstruktion eingebunden.<\/p>\n\n\n\n<h2 class=\"wp-block-heading\">(Gem. St. Leon-Rot \/ A 6 \/ Rhein-Neckar-Kreis) &#8211; Schwerer LKW-Unfall auf A6 Fahrtrichtung Mannheim, Fahrbahn wieder frei<\/h2>\n\n\n\n<h3 class=\"has-text-align-center wp-block-heading\">Pressemitteilung Nr. 7<\/h3>\n\n\n\n<p>Gegen 19.30 Uhr waren die Reinigungsarbeiten beendet, so dass die Fahrbahn wieder komplett freigegeben werden konnte. Die Ermittlungen dauern an.<\/p>\n\n\n\n<h2 class=\"wp-block-heading\">(St. Leon-Rot \/ Rhein-Neckar-Kreis) &#8211; Motorradfahrer bei Unfall verletzt<\/h2>\n\n\n\n<p>Zu einem Verkehrsunfall kam es am Sonntag gegen 17:30 Uhr auf der K4152. Ein 59-J\u00e4hriger Motorradfahrer war von Kirrlach kommend in Fahrtrichtung St. Leon-Rot unterwegs, als zwei Autofahrer kurz vor dem Wasserschutzgebiet vor ihm stark abbremsten. Der Motorradfahrer erkannte die Situation zu sp\u00e4t und wollte noch nach rechts ausweichen um eine Kollision zu vermeiden, was allerdings misslang, sodass er das voranfahrende Auto touchiert und nach recht abgelenkt wurde. Hier kam er im Gr\u00fcnstreifen zu Fall und wurde verletzt. Der 59-J\u00e4hrige wurde mit einem Rettungswagen in ein Krankenhaus gebracht. Das voranfahrende Auto, sowie das Motorrad waren nicht mehr fahrbereit und mussten abgeschleppt werden. Der genaue Sachschaden ist noch Gegenstand der Ermittlungen.<\/p>\n\n\n\n<p>Zeugen, die weitere Hinweise, auch zu dem bislang unbekannten Autofahrer geben k\u00f6nnen, werden gebeten sich beim Polizeirevier Wiesloch, unter der Telefonnummer 06222-57090, zu melden.<\/p>\n\n\n\n<h2 class=\"wp-block-heading\">(Waibstadt \/ Rhein-Neckar-Kreis) &#8211; B 292 zwischen Waibstadt und Helmstadt-Bargen nach schwerem Verkehrsunfall vollgesperrt<\/h2>\n\n\n\n<h3 class=\"has-text-align-center wp-block-heading\">Pressemitteilung Nr. 1<\/h3>\n\n\n\n<p>Am Montag gegen 18:10 Uhr meldeten mehrere Verkehrsteilnehmer einen Verkehrsunfall auf der B 292 zwischen Waibstadt und Helmstadt-Bargen. Nach ersten Angaben sei ein Lastkraftwagen im Bereich der dortigen B\u00f6schung verunfallt. Feuerwehr, Rettungsdienst und Polizei sind vor Ort im Einsatz.<\/p>\n\n\n\n<h2 class=\"wp-block-heading\">(Waibstadt \/ Rhein-Neckar-Kreis) &#8211; Schwerer Verkehrsunfall auf der B292 mit t\u00f6dlichem Ausgang<\/h2>\n\n\n\n<h3 class=\"has-text-align-center wp-block-heading\">Pressemitteilung Nr. 2<\/h3>\n\n\n\n<div class=\"wp-block-image\"><figure class=\"aligncenter size-large\"><img decoding=\"async\" loading=\"lazy\" width=\"800\" height=\"533\" src=\"https:\/\/speyer24news.com\/wp-content\/uploads\/2021\/02\/candle-2038736_1920.jpg\" alt=\"\" class=\"wp-image-33582\" srcset=\"https:\/\/speyer24news.com\/wp-content\/uploads\/2021\/02\/candle-2038736_1920.jpg 800w, https:\/\/speyer24news.com\/wp-content\/uploads\/2021\/02\/candle-2038736_1920-300x200.jpg 300w, https:\/\/speyer24news.com\/wp-content\/uploads\/2021\/02\/candle-2038736_1920-768x512.jpg 768w\" sizes=\"(max-width: 800px) 100vw, 800px\" \/><\/figure><\/div>\n\n\n\n<p>Am 12.07.2021 ereignete sich gegen 18:10 Uhr auf der B 292 zwischen Helmstadt-Bargen und Waibstadt ein schwerer Verkehrsunfall. Nach bisherigem Ermittlungsstand befuhr eine Kehrmaschine eines privaten Unternehmens die B 292 in Richtung Waibstadt. In einer Linkskurve kam das Fahrzeug ohne Fremdeinwirkung nach rechts von der Stra\u00dfe ab, st\u00fcrzte die B\u00f6schung hinab und kollidierte frontal mit einem Baum. Der Fahrer der Arbeitsmaschine, ein 87-j\u00e4hriger Mann, wurde durch den Aufprall eingeklemmt und konnte nur noch tot geborgen werden. Der Verkehrsdienst Heidelberg hat unter Hinzuziehung eines Sachverst\u00e4ndigen die Ermittlungen zu dem Unfall aufgenommen. Die B 292 musste f\u00fcr die Unfallaufnahme und Bergung zeitweise voll gesperrt werden.<\/p>\n\n\n\n<h2 class=\"wp-block-heading\">(Sinsheim \/ Rhein-Neckar-Kreis) &#8211; BAB 6 nach Verkehrsunfall in Fahrtrichtung Heilbronn vollgesperrt<\/h2>\n\n\n\n<h3 class=\"has-text-align-center wp-block-heading\">Pressemitteilung Nr. 1<\/h3>\n\n\n\n<p>Am Mittwoch gegen 04:45 Uhr wurde ein Verkehrsunfall auf der BAB 6 in Fahrtrichtung Heilbronn gemeldet. Nach bisherigen Erkenntnissen verlor der 36-j\u00e4hrige Fahrer eines PKW BMW mit franz\u00f6sischer Zulassung aus bislang ungekl\u00e4rter Ursache im Bereich der Anschlussstelle Sinsheim die Kontrolle \u00fcber sein Fahrzeug und prallt in die dortige Betonleitwand. Durch den Unfall wurde diese im dortigen Baustellenbereich auf die linke Spur der Gegenfahrbahn verschoben. Feuerwehr, Rettungsdienst und Polizei sind vor Ort im Einsatz. Dadurch ist die Richtungsfahrbahn Heilbronn zurzeit vollgesperrt. Aktuell kommt es in diesem Bereich zu einem R\u00fcckstau von 4 Kilometer L\u00e4nge in Fahrtrichtung Heilbronn. Da die linke Fahrspur der Richtungsfahrbahn Heilbronn-Mannheim ebenfalls gesperrt werden musste, betr\u00e4gt der R\u00fcckstau hier aktuell 2 Kilometer. Bei dem Unfall wurde nach ersten Erkenntnissen niemand verletzt. Die H\u00f6he des Sachschadens betr\u00e4gt nach ersten Ermittlungen ca. 15.000 Euro. Die Autobahnpolizei Walldorf hat die Ermittlungen \u00fcbernommen.<\/p>\n\n\n\n<h2 class=\"wp-block-heading\">(Sinsheim \/ Rhein-Neckar-Kreis) &#8211; BAB 6 nach Verkehrsunfall in Fahrtrichtung Heilbronn wieder frei; in Fahrtrichtung Mannheim nur einspurig befahrbar<\/h2>\n\n\n\n<h3 class=\"has-text-align-center wp-block-heading\">Pressemitteilung Nr. 2<\/h3>\n\n\n\n<p>Die A6 in Fahrtrichtung Heilbronn ist wieder frei. Daf\u00fcr sind in der Gegenrichtung, in Richtung Mannheim, durch verschobene Betonleitw\u00e4nde zwei Spuren blockiert, sodass der Verkehr nur \u00fcber einen Fahrstreifen abgewickelt werden kann. Es kommt dadurch zu erheblichen Verkehrsbehinderungen im Berufsverkehr in Richtung Mannheim. Der R\u00fcckstau betr\u00e4gt derzeit schon drei Kilometer.<\/p>\n\n\n\n<h2 class=\"wp-block-heading\">(Sinsheim \/ Rhein-Neckar-Kreis) &#8211; Seit sieben Jahren Fahrerlaubnis entzogen; 44-j\u00e4hrige Autofahrerin bei Kontrolle aufgefallen<\/h2>\n\n\n\n<p>Eine Fahrzeugkontrolle in der Nacht von Montag auf Dienstag brachte es an den Tag. Eine 44-j\u00e4hrige Frau war mit ihrem Auto unterwegs, obwohl sie bereits im M\u00e4rz 2014 ihre Fahrerlaubnis entzogen bekommen hatte. Eine neue hatte sie bislang noch nicht beantragt.<\/p>\n\n\n\n<p>Einer Streife war auf das Auto der Frau aufmerksam geworden und kontrollierte sie um 1.20 Uhr in der Hauptstra\u00dfe. Bei der \u00dcberpr\u00fcfung ihrer F\u00fchrerscheindaten wurde der Entzug der Fahrerlaubnis deutlich. Die Frau hatte behauptet, den F\u00fchrerschein zuhause vergessen zu haben.<\/p>\n\n\n\n<p>Sie kann sich nun darauf einstellen, so schnell nicht wieder die Fahrerlaubnis beantragen zu k\u00f6nnen. Die Fortsetzung der Sperre d\u00fcrfte deutlich ausfallen.<\/p>\n\n\n\n<h2 class=\"wp-block-heading\">(Sinsheim \/ Rhein-Neckar-Kreis) &#8211; Smart von der Fahrbahn abgekommen \/ L 550 derzeit gesperrt<\/h2>\n\n\n\n<p>Aus bislang unbekannter Ursache verlor am Montag gegen 18.00 Uhr der Fahrer eines Smart die Kontrolle \u00fcber sein Fahrzeug, krachte durch die Leitplanke und flog die B\u00f6schung hinunter. Hierdurch wurde der Fahrer verletzt. Derzeit ist die L 550 zwischen Sinsheim und Weiler aufgrund der Bergungsarbeiten voll gesperrt.<\/p>\n\n\n\n<h2 class=\"wp-block-heading\">(Sinsheim \/ Rhein-Neckar-Kreis) &#8211; Smart von der Fahrbahn abgekommen L 550 derzeit gesperrt<\/h2>\n\n\n\n<h3 class=\"has-text-align-center wp-block-heading\">Pressemeldung Nr. 2<\/h3>\n\n\n\n<p>Nachdem der 19-j\u00e4hrige Autofahrer am Montagabend in H\u00f6he des Ilvesbaches verunfallt war, wurde er nach not\u00e4rztlicher Versorgung vor Ort in ein Krankenhaus transportiert. Bis zur Bergung des Pkw und der S\u00e4uberung der Unfallstelle war die L 550 bis gegen 20:00 Uhr gesperrt.&nbsp;<\/p>\n\n\n\n<h2 class=\"wp-block-heading\">(Sinsheim \/ Rhein-Neckar-Kreis) &#8211; Firmeneinbruch; Zusammenhang mit Einbruch in der &#8222;Breiten Seite&#8220; wird gepr\u00fcft; Zeugen gesucht<\/h2>\n\n\n\n<p>In der Nacht von Sonntag auf Montag wurde in eine Firma in der Stra\u00dfe &#8222;Am Leitzelbach&#8220; im Ortsteil D\u00fchren eingebrochen. Entwendet wurde nach derzeitigen Erkenntnissen nichts.<\/p>\n\n\n\n<p>Interessant f\u00fcr die Ermittler ist jedoch der Umstand, dass in einer Lagerhalle ein Gabelstapler benutzt wurde, um ein Tor aufzubrechen. Kratzspurenspuren an diesem Tor waren zu erkennen.<\/p>\n\n\n\n<p>Weshalb die T\u00e4ter von der weiteren Tatbegehung absahen, ist nicht bekannt.<\/p>\n\n\n\n<p>Ob die Tat im Zusammenhang mit einem Firmeneinbruch in der Stra\u00dfe &#8222;Breite Seite&#8220; steht, bei dem in der Nacht zum Sonntag 84 Paletten Kupferrollen mit einem Gewicht von rund 25 Tonnen und einem Wert von \u00fcber 150.000.- Euro entwendet wurden und ein Gabelstapler eine rolle spielte, ist Gegenstand weiterer Ermittlungen.<\/p>\n\n\n\n<p>Zeugen, die Hinweise zur Tat und oder den T\u00e4tern geben k\u00f6nnen werden gebeten, sich beim Polizeirevier Sinsheim, Tel.: 07261\/690-0 zu melden.<\/p>\n\n\n\n<h2 class=\"wp-block-heading\">(Sinsheim \/ Rhein-Neckar-Kreis) &#8211; Illegale M\u00fcllentsorgung im Wald \/ Wer hat etwas beobachtet?<\/h2>\n\n\n\n<div class=\"wp-block-image\"><figure class=\"aligncenter size-large\"><img decoding=\"async\" loading=\"lazy\" width=\"800\" height=\"450\" src=\"https:\/\/speyer24news.com\/wp-content\/uploads\/2021\/07\/EternitEntsorgung.jpg\" alt=\"\" class=\"wp-image-38909\" srcset=\"https:\/\/speyer24news.com\/wp-content\/uploads\/2021\/07\/EternitEntsorgung.jpg 800w, https:\/\/speyer24news.com\/wp-content\/uploads\/2021\/07\/EternitEntsorgung-300x169.jpg 300w, https:\/\/speyer24news.com\/wp-content\/uploads\/2021\/07\/EternitEntsorgung-768x432.jpg 768w, https:\/\/speyer24news.com\/wp-content\/uploads\/2021\/07\/EternitEntsorgung-678x381.jpg 678w\" sizes=\"(max-width: 800px) 100vw, 800px\" \/><figcaption>Illegal entsorgte Eternitplatten\n\nPP Mannheim<\/figcaption><\/figure><\/div>\n\n\n\n<p>Bislang noch unbekannte T\u00e4ter entsorgten im Waldgel\u00e4nde zwischen Sinsheim-Rohrbach und Sinsheim-Adersbach am dortigen Neuwiesenweg insgesamt f\u00fcnf Eternitplatten und weitere acht Abdeckungen aus Eternit. Dem Umfang nach stammt das Material von einem kleineren Geb\u00e4ude, wie einem Schuppen oder einer Garage.<\/p>\n\n\n\n<p>Der dort zust\u00e4ndige Jagdp\u00e4chter wurde auf die illegale Entsorgung aufmerksam, weshalb die Tatzeit auf die Nacht vom 09. auf den 10. Juni 2021 eingegrenzt werden kann.<\/p>\n\n\n\n<p>Zeugen, die Verd\u00e4chtiges beobachtet haben und sachdienliche Hinweise zum Verursacher geben k\u00f6nnen, werden gebeten, sich beim Polizeirevier Sinsheim, Tel.: 07261 690-0 zu melden.<\/p>\n\n\n\n<h2 class=\"wp-block-heading\">(Sinsheim-Hoffenheim \/ Rhein-Neckar-Kreis) &#8211; Radfahrer bei Verkehrsunfall schwer verletzt; Rettungshubschrauber im Einsatz<\/h2>\n\n\n\n<p>Bei einem Verkehrsunfall am Dienstagmorgen im Ortsteil Hoffenheim erlitt ein 56-j\u00e4hriger Radfahrer schwere Verletzungen.<\/p>\n\n\n\n<p>Nach den derzeitigen Erkenntnissen der Unfallermittler der Verkehrspolizei Heidelberg bog ein 22-j\u00e4hriger Mercedes-Fahrer gegen 6.40 Uhr von der Eschelbacher Stra\u00dfe nach links in die Stra\u00dfe &#8222;Gro\u00dfe Minke&#8220; ein, fuhr dabei m\u00f6glicherweise einen zu engen Radius und streifte den 56-J\u00e4hrigen. Der Mann hatte sich offenbar zur Mitte der Fahrbahn hin eingeordnet, um seinerseits anschlie\u00dfend nach links in die Eschelbacher Stra\u00dfe abzubiegen. Er st\u00fcrzte in der Folge zu Boden, wobei er sich dadurch schwere, aber, nach derzeitigen Informationen, keine lebensgef\u00e4hrlichen Kopfverletzungen zuzog.<\/p>\n\n\n\n<p>Nach seiner not\u00e4rztlichen Behandlung wurde er mit einem Rettungshubschrauber in eine Klinik geflogen.<\/p>\n\n\n\n<p>Der Gesamtschaden ist gering.<\/p>\n\n\n\n<p>Die Ermittlungen der Verkehrspolizei Heidelberg dauern an.<\/p>\n\n\n\n<h2 class=\"wp-block-heading\">(Weinheim \/ Rhein-Neckar-Kreis) &#8211; Verkehrsunfall mit Unfallflucht \/ Polizei sucht Zeugen!<\/h2>\n\n\n\n<p>Zu einem Verkehrsunfall kam es am Sonntag gegen 19:50 Uhr in der Roten Turmstra\u00dfe auf H\u00f6he der Bushaltestelle Hermannshof. Ein bislang unbekannter Mann fuhr beim Ausparken mit seinem wei\u00dfen Transporter r\u00fcckw\u00e4rts gegen einen dort geparkten wei\u00dfen Mercedes. Anschlie\u00dfend stieg der Unfallverursacher kurz aus, entfernte sich dann aber unerlaubt vom Unfallort. Der Sachschaden betr\u00e4gt rund 6.000EUR.<\/p>\n\n\n\n<p>Bei dem unfallverursachenden Fahrzeug handelt es sich vermutlich um einen Transporter mit G\u00f6ppinger Kennzeichen. Der Fahrer wird wie folgt beschrieben: m\u00e4nnlich, ca. 35 Jahre, kurze blonde Haare, schmale Statur und schmales Gesicht, ca. 180cm, kein Bart, graue Kleidung, osteurop\u00e4isches Erscheinungsbild.<\/p>\n\n\n\n<p>Zeugen, die sachdienliche Hinweise zum Unfallverursacher und\/ oder dessen Fahrzeug geben k\u00f6nnen, werden gebeten sich beim Polizeirevier Weinheim, unter der Telefonnummer 06201-10030, zu melden.<\/p>\n\n\n\n<h2 class=\"wp-block-heading\">(Laudenbach \/ Rhein-Neckar-Kreis) &#8211; Motorradfahrer st\u00fcrzt alleinbeteiligt und verletzt sich dabei<\/h2>\n\n\n\n<p>Zu einem Verkehrsunfall kam es am Montag gegen 15:40 Uhr auf der B3. Ein 74-J\u00e4hriger Motorradfahrer war auf der B3 von Heppenheim kommend in Richtung Laudenbach unterwegs, als er am Kreisel kurz vor dem Ortseingang Laudenbach bei der Einfahrt zu nah an den Bordstein kommt und daraufhin st\u00fcrzte. Der Mann wurde verletzt und mit einem Rettungswagen in ein Krankenhaus gebracht. Das Motorrad war nicht mehr fahrbereit und musste abgeschleppt werden, der Sachschaden betr\u00e4gt rund 2.000EUR.<\/p>\n","protected":false},"excerpt":{"rendered":"<div class=\"mh-excerpt\"><p>Polizeimeldungen vom Dienstag (13.07.2021) (Speyer) &#8211; Unfall mit alkoholisiertem Radfahrer Knapp 3 Promille d\u00fcrfte der Grund f\u00fcr das St\u00fcrzen eines Radfahrers am Montag kurz vor Mitternacht gewesen sein. Der 34-J\u00e4hrige war in der Wormser Landstra\u00dfe <a class=\"mh-excerpt-more\" href=\"https:\/\/speyer24news.com\/?p=38904\" title=\"Polizei\">[&#8230;]<\/a><\/p>\n<\/div>","protected":false},"author":3,"featured_media":26162,"comment_status":"open","ping_status":"open","sticky":false,"template":"","format":"standard","meta":{"_monsterinsights_skip_tracking":false,"_monsterinsights_sitenote_active":false,"_monsterinsights_sitenote_note":"","_monsterinsights_sitenote_category":0,"footnotes":""},"categories":[12],"tags":[3614,702,61,2555,6955,6986,6263,63,105,11150,6987,53,4854,4683,1548,102,213,55,5261,103,106,2803,2423,427,2625,380,62,104,979,1565],"aioseo_notices":[],"amp_enabled":true,"_links":{"self":[{"href":"https:\/\/speyer24news.com\/index.php?rest_route=\/wp\/v2\/posts\/38904"}],"collection":[{"href":"https:\/\/speyer24news.com\/index.php?rest_route=\/wp\/v2\/posts"}],"about":[{"href":"https:\/\/speyer24news.com\/index.php?rest_route=\/wp\/v2\/types\/post"}],"author":[{"embeddable":true,"href":"https:\/\/speyer24news.com\/index.php?rest_route=\/wp\/v2\/users\/3"}],"replies":[{"embeddable":true,"href":"https:\/\/speyer24news.com\/index.php?rest_route=%2Fwp%2Fv2%2Fcomments&post=38904"}],"version-history":[{"count":4,"href":"https:\/\/speyer24news.com\/index.php?rest_route=\/wp\/v2\/posts\/38904\/revisions"}],"predecessor-version":[{"id":38974,"href":"https:\/\/speyer24news.com\/index.php?rest_route=\/wp\/v2\/posts\/38904\/revisions\/38974"}],"wp:featuredmedia":[{"embeddable":true,"href":"https:\/\/speyer24news.com\/index.php?rest_route=\/wp\/v2\/media\/26162"}],"wp:attachment":[{"href":"https:\/\/speyer24news.com\/index.php?rest_route=%2Fwp%2Fv2%2Fmedia&parent=38904"}],"wp:term":[{"taxonomy":"category","embeddable":true,"href":"https:\/\/speyer24news.com\/index.php?rest_route=%2Fwp%2Fv2%2Fcategories&post=38904"},{"taxonomy":"post_tag","embeddable":true,"href":"https:\/\/speyer24news.com\/index.php?rest_route=%2Fwp%2Fv2%2Ftags&post=38904"}],"curies":[{"name":"wp","href":"https:\/\/api.w.org\/{rel}","templated":true}]}}