{"id":38948,"date":"2021-07-14T09:18:20","date_gmt":"2021-07-14T08:18:20","guid":{"rendered":"https:\/\/speyer24news.com\/?p=38948"},"modified":"2021-07-14T09:18:22","modified_gmt":"2021-07-14T08:18:22","slug":"hassloch-108","status":"publish","type":"post","link":"https:\/\/speyer24news.com\/?p=38948","title":{"rendered":"Ha\u00dfloch"},"content":{"rendered":"<style type=\"text\/css\">\r\n\t.ads_top_disp{}\r\n\t.ads_top_corner_disp{ float:left; margin:0px 10px 10px 0px; }\r\n\t.ads_first_p_disp{}\r\n\t.ads_bottom_disp{}\r\n\t<\/style>\n<h2 class=\"wp-block-heading\">60 Jahre Partnerschaft zwischen Ha\u00dfloch und Viroflay<\/h2>\n\n\n\n<h3 class=\"wp-block-heading\">Partnerschaftsreise im Oktober<\/h3>\n\n\n\n<div class=\"wp-block-image\"><figure class=\"aligncenter size-large\"><img decoding=\"async\" loading=\"lazy\" width=\"800\" height=\"256\" src=\"https:\/\/speyer24news.com\/wp-content\/uploads\/2019\/10\/Ha\u00dfloch-Viroflay.jpg\" alt=\"\" class=\"wp-image-21044\" srcset=\"https:\/\/speyer24news.com\/wp-content\/uploads\/2019\/10\/Ha\u00dfloch-Viroflay.jpg 800w, https:\/\/speyer24news.com\/wp-content\/uploads\/2019\/10\/Ha\u00dfloch-Viroflay-300x96.jpg 300w, https:\/\/speyer24news.com\/wp-content\/uploads\/2019\/10\/Ha\u00dfloch-Viroflay-768x246.jpg 768w\" sizes=\"(max-width: 800px) 100vw, 800px\" \/><\/figure><\/div>\n\n\n\n<p>im Mai bzw. Juni 1961 wurde zun\u00e4chst in Ha\u00dfloch und danach in Viroflay die Partnerschaft zwischen beiden Kommunen offiziell besiegelt. Die Verbr\u00fcderung liegt nun schon 60 Jahre zur\u00fcck und soll im Oktober 2021 mit diversen Veranstaltungen in beiden Kommunen gefeiert werden. Vom 08. bis 10. Oktober 2021 wird daher auf Einladung unserer franz\u00f6sischen Freunde eine Ha\u00dflocher Delegation unter Leitung von B\u00fcrgermeister Tobias Meyer nach Viroflay reisen. Interessierte B\u00fcrger*innen k\u00f6nnen sich der Partnerschaftsreise anschlie\u00dfen und d\u00fcrfen sich vor Ort auf ein buntes Unterhaltungsprogramm anl\u00e4sslich der Jubil\u00e4umsfeierlichkeiten freuen. Bereits eine Woche zuvor wird eine Delegation aus Viroflay in Ha\u00dfloch zu Gast sein.<\/p>\n\n\n\n<div class=\"wp-block-image\"><figure class=\"aligncenter size-large\"><img decoding=\"async\" loading=\"lazy\" width=\"800\" height=\"612\" src=\"https:\/\/speyer24news.com\/wp-content\/uploads\/2020\/01\/Partnerschaft-Ha\u00dfloch-Viroflay-Kolokani.png\" alt=\"\" class=\"wp-image-24003\" srcset=\"https:\/\/speyer24news.com\/wp-content\/uploads\/2020\/01\/Partnerschaft-Ha\u00dfloch-Viroflay-Kolokani.png 800w, https:\/\/speyer24news.com\/wp-content\/uploads\/2020\/01\/Partnerschaft-Ha\u00dfloch-Viroflay-Kolokani-300x230.png 300w, https:\/\/speyer24news.com\/wp-content\/uploads\/2020\/01\/Partnerschaft-Ha\u00dfloch-Viroflay-Kolokani-768x588.png 768w, https:\/\/speyer24news.com\/wp-content\/uploads\/2020\/01\/Partnerschaft-Ha\u00dfloch-Viroflay-Kolokani-80x60.png 80w\" sizes=\"(max-width: 800px) 100vw, 800px\" \/><\/figure><\/div>\n\n\n\n<p>Die Partnerschaftsreise nach Viroflay beginnt am 08. Oktober auf dem Pfalzplatz in Ha\u00dfloch. Die Ankunft vor Ort erfolgt am sp\u00e4ten Nachmittag. Der Tag endet mit einem Empfang sowie einem Imbiss im Rathaus von Viroflay. Am Samstagvormittag (09. Oktober) steht ein umfangreiches Unterhaltungsprogramm auf dem Markt in Viroflay auf dem Programm. Der Nachmittag bietet Spiel und Spa\u00df im Parc Bon Repos an diversen St\u00e4nden, darunter eine Weinprobe mit der Deutschen Weinprinzessin Anna-Maria L\u00f6ffler. Der Tag endet mit einem Festakt sowie einem Abendessen in feierlichem Rahmen. F\u00fcr den Sonntagvormittag (10. Oktober) haben die Franzosen sportliche Aktivit\u00e4ten geplant. Nach einem Imbiss zur Mittagszeit erfolgt die R\u00fcckfahrt am fr\u00fchen Nachmittag, sodass mit einer Ankunft gegen 19 bzw. 20 Uhr in Ha\u00dfloch zu rechnen ist. Selbstverst\u00e4ndlich unterliegt die Reise den im Oktober g\u00fcltigen Hygienevorschriften und findet nur dann statt, wenn es die aktuellen Umst\u00e4nde rund um die Pandemie zulassen.<\/p>\n\n\n\n<div class=\"wp-block-image\"><figure class=\"aligncenter size-large\"><img decoding=\"async\" loading=\"lazy\" width=\"341\" height=\"437\" src=\"https:\/\/speyer24news.com\/wp-content\/uploads\/2019\/10\/Viroflay-Wappen-1.jpg\" alt=\"\" class=\"wp-image-21045\" srcset=\"https:\/\/speyer24news.com\/wp-content\/uploads\/2019\/10\/Viroflay-Wappen-1.jpg 341w, https:\/\/speyer24news.com\/wp-content\/uploads\/2019\/10\/Viroflay-Wappen-1-234x300.jpg 234w\" sizes=\"(max-width: 341px) 100vw, 341px\" \/><\/figure><\/div>\n\n\n\n<p>Die Fahrt wird mit einem Reisebus durchgef\u00fchrt, wobei je nach Auslastung des Fahrzeugs mit Kosten in H\u00f6he von etwa 50 \u20ac pro Person zu rechnen ist. Wahlweise erfolgt die Unterbringung privat oder im Hotel. F\u00fcr die \u00dcbernachtung mit Fr\u00fchst\u00fcck kommen f\u00fcr 2 \u00dcbernachtungen in der Regel etwa 200 \u20ac hinzu, wobei die Einzel- bzw. Doppelbelegung des Zimmers dabei meist keine Rolle spielt. Interessierte Personen k\u00f6nnen sich dazu gerne mit der Koordinatorin f\u00fcr St\u00e4dtepartnerschaften, Frau Judith Fuhrmann unter <a href=\"mailto:judith.fuhrmann@hassloch.de\">judith.fuhrmann@hassloch.de<\/a> bzw. 06324\/935-248 in Verbindung setzen.<\/p>\n\n\n\n<p><em>Gemeindeverwaltung Ha\u00dfloch<br>14.07.2021<\/em><\/p>\n\n\n\n<h2 class=\"wp-block-heading\">Eltern-Kind-Kurse an der Musikschule starten wieder<\/h2>\n\n\n\n<div class=\"wp-block-image\"><figure class=\"aligncenter size-large\"><img decoding=\"async\" loading=\"lazy\" width=\"400\" height=\"242\" src=\"https:\/\/speyer24news.com\/wp-content\/uploads\/2019\/12\/Hassloch-Musikschule.png\" alt=\"\" class=\"wp-image-23475\" srcset=\"https:\/\/speyer24news.com\/wp-content\/uploads\/2019\/12\/Hassloch-Musikschule.png 400w, https:\/\/speyer24news.com\/wp-content\/uploads\/2019\/12\/Hassloch-Musikschule-300x182.png 300w\" sizes=\"(max-width: 400px) 100vw, 400px\" \/><\/figure><\/div>\n\n\n\n<p>Mit den derzeit greifenden Lockerungen kann eine Vielzahl der Musikschulangebote unter Beachtung der Abstands- und Hygieneregeln wieder in Pr\u00e4senz stattfinden. Ab September sollen dann auch die Eltern-Kind-Kurse zur\u00fcckkehren, f\u00fcr die sich interessierte Eltern ab sofort anmelden k\u00f6nnen.<\/p>\n\n\n\n<h3 class=\"wp-block-heading\">Musikschulm\u00e4use<\/h3>\n\n\n\n<p>Bereits 18 Wochen nach der Geburt ist das Ohr vollst\u00e4ndig ausgebildet. Darum m\u00f6chte die Musikschule auch den ganz Kleinen schon von Anfang an viel Musik mitgeben. Durch das gemeinsame Singen und Musizieren in verschiedenen Tonalit\u00e4ten, im Spiel mit T\u00fcchern und Rasseln und beim Lauschen in der Geborgenheit der Eltern werden alle Sinne der Musikschulm\u00e4use angeregt. Der Kurs startet am 06. September um 11:45 Uhr. Kursleiterin ist Rie Mattil. Das Angebot der Musikschulm\u00e4use richtet sich an Kinder ab sechs Monaten bis eineinhalb Jahren (gemeinsam mit einer Bezugsperson). Die Kosten pro Eltern-Kind-Paar liegen bei 55 Euro.<\/p>\n\n\n\n<h3 class=\"wp-block-heading\">Musikschulzwerge<\/h3>\n\n\n\n<p>Das Konzept und die Zielsetzung f\u00fcr die Musikschulzwerge ist identisch zu den Musikschulm\u00e4usen: Die Kinder sollen durch altersgerechte Spiele und \u00dcbungen f\u00fcr Musik sensibilisiert werden. Das Kursangebot der Musikschulzwerge gibt es f\u00fcr Kinder ab eineinhalb bis zwei Jahren sowie f\u00fcr Kinder von zwei bis drei Jahren. Beide Kurse starten ebenfalls am 06. September und werden durch Rie Mattil geleitet. Der Kurs f\u00fcr Kids ab eineinhalb Jahren beginnt um 12:45 Uhr, f\u00fcr die 2- bis 3-J\u00e4hrigen geht es um 13:50 Uhr los. Die Kosten pro Eltern-Kind-Paar liegen ebenfalls bei 55 Euro.<\/p>\n\n\n\n<p>Anmeldungen sind formlos per E-Mail an <a href=\"mailto:musikschule@hassloch.de\">musikschule@hassloch.de<\/a> m\u00f6glich. Ben\u00f6tigt werden Name und Geburtsdatum des Kindes, die Adresse sowie eine Telefonnummer. Alternativ findet man auf der Homepage <a href=\"http:\/\/www.musikschule-hassloch.de\">www.musikschule-hassloch.de<\/a> entsprechende Anmeldeformulare. Bei Fragen steht das Team der Musikschule auch telefonisch unter 06324\/935-190 zur Verf\u00fcgung.<\/p>\n\n\n\n<p>Gemeindeverwaltung Ha\u00dfloch \/ Musikschule Ha\u00dfloch<br>14.07.2021<\/p>\n","protected":false},"excerpt":{"rendered":"<div class=\"mh-excerpt\"><p>60 Jahre Partnerschaft zwischen Ha\u00dfloch und Viroflay Partnerschaftsreise im Oktober im Mai bzw. Juni 1961 wurde zun\u00e4chst in Ha\u00dfloch und danach in Viroflay die Partnerschaft zwischen beiden Kommunen offiziell besiegelt. Die Verbr\u00fcderung liegt nun schon <a class=\"mh-excerpt-more\" href=\"https:\/\/speyer24news.com\/?p=38948\" title=\"Ha\u00dfloch\">[&#8230;]<\/a><\/p>\n<\/div>","protected":false},"author":3,"featured_media":25888,"comment_status":"open","ping_status":"open","sticky":false,"template":"","format":"standard","meta":{"_monsterinsights_skip_tracking":false,"_monsterinsights_sitenote_active":false,"_monsterinsights_sitenote_note":"","_monsterinsights_sitenote_category":0,"footnotes":""},"categories":[235],"tags":[4092,180,291,3184,12444,331],"aioseo_notices":[],"amp_enabled":true,"_links":{"self":[{"href":"https:\/\/speyer24news.com\/index.php?rest_route=\/wp\/v2\/posts\/38948"}],"collection":[{"href":"https:\/\/speyer24news.com\/index.php?rest_route=\/wp\/v2\/posts"}],"about":[{"href":"https:\/\/speyer24news.com\/index.php?rest_route=\/wp\/v2\/types\/post"}],"author":[{"embeddable":true,"href":"https:\/\/speyer24news.com\/index.php?rest_route=\/wp\/v2\/users\/3"}],"replies":[{"embeddable":true,"href":"https:\/\/speyer24news.com\/index.php?rest_route=%2Fwp%2Fv2%2Fcomments&post=38948"}],"version-history":[{"count":1,"href":"https:\/\/speyer24news.com\/index.php?rest_route=\/wp\/v2\/posts\/38948\/revisions"}],"predecessor-version":[{"id":38949,"href":"https:\/\/speyer24news.com\/index.php?rest_route=\/wp\/v2\/posts\/38948\/revisions\/38949"}],"wp:featuredmedia":[{"embeddable":true,"href":"https:\/\/speyer24news.com\/index.php?rest_route=\/wp\/v2\/media\/25888"}],"wp:attachment":[{"href":"https:\/\/speyer24news.com\/index.php?rest_route=%2Fwp%2Fv2%2Fmedia&parent=38948"}],"wp:term":[{"taxonomy":"category","embeddable":true,"href":"https:\/\/speyer24news.com\/index.php?rest_route=%2Fwp%2Fv2%2Fcategories&post=38948"},{"taxonomy":"post_tag","embeddable":true,"href":"https:\/\/speyer24news.com\/index.php?rest_route=%2Fwp%2Fv2%2Ftags&post=38948"}],"curies":[{"name":"wp","href":"https:\/\/api.w.org\/{rel}","templated":true}]}}