{"id":38988,"date":"2021-07-16T08:06:55","date_gmt":"2021-07-16T07:06:55","guid":{"rendered":"https:\/\/speyer24news.com\/?p=38988"},"modified":"2021-07-17T05:33:51","modified_gmt":"2021-07-17T04:33:51","slug":"corona-virus-speyer-25","status":"publish","type":"post","link":"https:\/\/speyer24news.com\/?p=38988","title":{"rendered":"Corona-Virus Speyer"},"content":{"rendered":"<style type=\"text\/css\">\r\n\t.ads_top_disp{}\r\n\t.ads_top_corner_disp{ float:left; margin:0px 10px 10px 0px; }\r\n\t.ads_first_p_disp{}\r\n\t.ads_bottom_disp{}\r\n\t<\/style>\n<h2 class=\"wp-block-heading\">Tagesaktuelle Fallzahlen f\u00fcr die Stadt Speyer<\/h2>\n\n\n\n<figure class=\"wp-block-image\"><img decoding=\"async\" loading=\"lazy\" width=\"800\" height=\"400\" src=\"https:\/\/speyer24news.com\/wp-content\/uploads\/2020\/05\/virus-1812092_1920.jpg\" alt=\"\" class=\"wp-image-26778\" srcset=\"https:\/\/speyer24news.com\/wp-content\/uploads\/2020\/05\/virus-1812092_1920.jpg 800w, https:\/\/speyer24news.com\/wp-content\/uploads\/2020\/05\/virus-1812092_1920-300x150.jpg 300w, https:\/\/speyer24news.com\/wp-content\/uploads\/2020\/05\/virus-1812092_1920-768x384.jpg 768w\" sizes=\"(max-width: 800px) 100vw, 800px\" \/><\/figure>\n\n\n\n<h2 class=\"wp-block-heading\">Donnerstag (15.07.2021)<\/h2>\n\n\n\n<p>Anzahl best\u00e4tigter F\u00e4lle von Coronavirus (SARS-CoV-2)-Infektionen in der Stadt Speyer:&nbsp;2867 ( + 2 )<br>Davon bereits genesen:&nbsp;2769<br>Todesf\u00e4lle: 84 ( unver\u00e4ndert )<br>Gemeldete F\u00e4lle der letzten sieben Tage pro 100.000 Einwohner*innen (Inzidenz gem\u00e4\u00df LUA): 13,8 ( unver\u00e4ndert )<\/p>\n\n\n\n<h3 class=\"wp-block-heading\">Mittwoch (14.07.21)<\/h3>\n\n\n\n<p>Anzahl best\u00e4tigter F\u00e4lle von Coronavirus (SARS-CoV-2)-Infektionen in der Stadt Speyer:&nbsp;2865 ( + 3 ) <br>Davon bereits genesen:&nbsp;2769<br>Todesf\u00e4lle: 84 ( unver\u00e4ndert )<br>Gemeldete F\u00e4lle der letzten sieben Tage pro 100.000 Einwohner*innen (Inzidenz gem\u00e4\u00df LUA): 13,8 ( unver\u00e4ndert )<\/p>\n\n\n\n<p><em>Landesuntersuchungsamt (LUA) Rheinland-Pfalz<br>16.07.2021<\/em><\/p>\n\n\n\n<h2 class=\"wp-block-heading\"><strong>Entwicklung des Inzidenzwerts in den letzten sieben Tagen in Speyer<\/strong><\/h2>\n\n\n\n<figure class=\"wp-block-image\"><img decoding=\"async\" loading=\"lazy\" width=\"800\" height=\"533\" src=\"https:\/\/speyer24news.com\/wp-content\/uploads\/2020\/02\/coronavirus-4810201_1920.jpg\" alt=\"\" class=\"wp-image-25125\" srcset=\"https:\/\/speyer24news.com\/wp-content\/uploads\/2020\/02\/coronavirus-4810201_1920.jpg 800w, https:\/\/speyer24news.com\/wp-content\/uploads\/2020\/02\/coronavirus-4810201_1920-300x200.jpg 300w, https:\/\/speyer24news.com\/wp-content\/uploads\/2020\/02\/coronavirus-4810201_1920-768x512.jpg 768w\" sizes=\"(max-width: 800px) 100vw, 800px\" \/><\/figure>\n\n\n\n<figure class=\"wp-block-table\"><table><tbody><tr><td>Donnerstag, 15. Juli 2021<\/td><td>17,8<\/td><\/tr><tr><td>Mittwoch, 14. Juli 2021<\/td><td>13,8<\/td><\/tr><tr><td>Dienstag, 13. Juli 2021<\/td><td>5,9<\/td><\/tr><tr><td>Montag, 12. Juli 2021<\/td><td>9,9<\/td><\/tr><tr><td>Sonntag, 11. Juli 2021<\/td><td>9,9<\/td><\/tr><tr><td>Samstag, 10. Juli 2021<\/td><td>9,9<\/td><\/tr><tr><td>Freitag, 9. Juli 2021<\/td><td>5,9<\/td><\/tr><\/tbody><\/table><\/figure>\n\n\n\n<p><em>Robert-Koch-Institut (RKI)<br>16.07.2021<\/em><\/p>\n\n\n\n<h2 class=\"wp-block-heading\">Impfbericht Stadt Speyer<\/h2>\n\n\n\n<div class=\"wp-block-image\"><figure class=\"aligncenter size-large\"><img decoding=\"async\" loading=\"lazy\" width=\"800\" height=\"450\" src=\"https:\/\/speyer24news.com\/wp-content\/uploads\/2021\/07\/15-07-2021-Impfbericht.jpg\" alt=\"\" class=\"wp-image-39008\" srcset=\"https:\/\/speyer24news.com\/wp-content\/uploads\/2021\/07\/15-07-2021-Impfbericht.jpg 800w, https:\/\/speyer24news.com\/wp-content\/uploads\/2021\/07\/15-07-2021-Impfbericht-300x169.jpg 300w, https:\/\/speyer24news.com\/wp-content\/uploads\/2021\/07\/15-07-2021-Impfbericht-768x432.jpg 768w, https:\/\/speyer24news.com\/wp-content\/uploads\/2021\/07\/15-07-2021-Impfbericht-678x381.jpg 678w\" sizes=\"(max-width: 800px) 100vw, 800px\" \/><\/figure><\/div>\n\n\n\n<p><em>Stadtverwaltung Speyer<br>16.07.2021<\/em><\/p>\n\n\n\n<p><a href=\"https:\/\/speyer24news.com\/?p=38925&amp;fbclid=IwAR3hi3-7ZvpUrekQhJvTDBV166YE4kVges5A8CLQFvW40nyldft5VEw4Fk0#\"><\/a><\/p>\n","protected":false},"excerpt":{"rendered":"<div class=\"mh-excerpt\"><p>Tagesaktuelle Fallzahlen f\u00fcr die Stadt Speyer Donnerstag (15.07.2021) Anzahl best\u00e4tigter F\u00e4lle von Coronavirus (SARS-CoV-2)-Infektionen in der Stadt Speyer:&nbsp;2867 ( + 2 )Davon bereits genesen:&nbsp;2769Todesf\u00e4lle: 84 ( unver\u00e4ndert )Gemeldete F\u00e4lle der letzten sieben Tage pro 100.000 <a class=\"mh-excerpt-more\" href=\"https:\/\/speyer24news.com\/?p=38988\" title=\"Corona-Virus Speyer\">[&#8230;]<\/a><\/p>\n<\/div>","protected":false},"author":3,"featured_media":25126,"comment_status":"open","ping_status":"open","sticky":false,"template":"","format":"standard","meta":{"_monsterinsights_skip_tracking":false,"_monsterinsights_sitenote_active":false,"_monsterinsights_sitenote_note":"","_monsterinsights_sitenote_category":0,"footnotes":""},"categories":[11613],"tags":[6401,8404,6367,9176,9247,6940,6359,6370,5904,6358,7003,5801,6342,11848,6],"aioseo_notices":[],"amp_enabled":true,"_links":{"self":[{"href":"https:\/\/speyer24news.com\/index.php?rest_route=\/wp\/v2\/posts\/38988"}],"collection":[{"href":"https:\/\/speyer24news.com\/index.php?rest_route=\/wp\/v2\/posts"}],"about":[{"href":"https:\/\/speyer24news.com\/index.php?rest_route=\/wp\/v2\/types\/post"}],"author":[{"embeddable":true,"href":"https:\/\/speyer24news.com\/index.php?rest_route=\/wp\/v2\/users\/3"}],"replies":[{"embeddable":true,"href":"https:\/\/speyer24news.com\/index.php?rest_route=%2Fwp%2Fv2%2Fcomments&post=38988"}],"version-history":[{"count":2,"href":"https:\/\/speyer24news.com\/index.php?rest_route=\/wp\/v2\/posts\/38988\/revisions"}],"predecessor-version":[{"id":39009,"href":"https:\/\/speyer24news.com\/index.php?rest_route=\/wp\/v2\/posts\/38988\/revisions\/39009"}],"wp:featuredmedia":[{"embeddable":true,"href":"https:\/\/speyer24news.com\/index.php?rest_route=\/wp\/v2\/media\/25126"}],"wp:attachment":[{"href":"https:\/\/speyer24news.com\/index.php?rest_route=%2Fwp%2Fv2%2Fmedia&parent=38988"}],"wp:term":[{"taxonomy":"category","embeddable":true,"href":"https:\/\/speyer24news.com\/index.php?rest_route=%2Fwp%2Fv2%2Fcategories&post=38988"},{"taxonomy":"post_tag","embeddable":true,"href":"https:\/\/speyer24news.com\/index.php?rest_route=%2Fwp%2Fv2%2Ftags&post=38988"}],"curies":[{"name":"wp","href":"https:\/\/api.w.org\/{rel}","templated":true}]}}