{"id":39191,"date":"2021-07-19T08:09:58","date_gmt":"2021-07-19T07:09:58","guid":{"rendered":"https:\/\/speyer24news.com\/?p=39191"},"modified":"2021-07-19T08:11:29","modified_gmt":"2021-07-19T07:11:29","slug":"wirtschaft-finazen-rente","status":"publish","type":"post","link":"https:\/\/speyer24news.com\/?p=39191","title":{"rendered":"Wirtschaft \/ Finanzen \/ Rente"},"content":{"rendered":"<style type=\"text\/css\">\r\n\t.ads_top_disp{}\r\n\t.ads_top_corner_disp{ float:left; margin:0px 10px 10px 0px; }\r\n\t.ads_first_p_disp{}\r\n\t.ads_bottom_disp{}\r\n\t<\/style>\n<h2 class=\"has-text-align-center wp-block-heading\">Sparkasse Vorderpfalz<\/h2>\n\n\n\n<div class=\"wp-block-image\"><figure class=\"aligncenter size-large\"><img decoding=\"async\" loading=\"lazy\" width=\"800\" height=\"229\" src=\"https:\/\/speyer24news.com\/wp-content\/uploads\/2021\/07\/Sparkasse-Vorderpfalz-Logo.png\" alt=\"\" class=\"wp-image-38515\" srcset=\"https:\/\/speyer24news.com\/wp-content\/uploads\/2021\/07\/Sparkasse-Vorderpfalz-Logo.png 800w, https:\/\/speyer24news.com\/wp-content\/uploads\/2021\/07\/Sparkasse-Vorderpfalz-Logo-300x86.png 300w, https:\/\/speyer24news.com\/wp-content\/uploads\/2021\/07\/Sparkasse-Vorderpfalz-Logo-768x220.png 768w\" sizes=\"(max-width: 800px) 100vw, 800px\" \/><\/figure><\/div>\n\n\n\n<h2 class=\"wp-block-heading\">Schulpreis Bildende Kunst: Au\u00dfergew\u00f6hnliche Arbeiten im Kunstunterricht gef\u00f6rdert<\/h2>\n\n\n\n<div class=\"wp-block-image\"><figure class=\"aligncenter size-large\"><img decoding=\"async\" loading=\"lazy\" width=\"500\" height=\"705\" src=\"https:\/\/speyer24news.com\/wp-content\/uploads\/2021\/07\/Antonia-Eichler-Leistungskurs-12.jpg\" alt=\"\" class=\"wp-image-39198\" srcset=\"https:\/\/speyer24news.com\/wp-content\/uploads\/2021\/07\/Antonia-Eichler-Leistungskurs-12.jpg 500w, https:\/\/speyer24news.com\/wp-content\/uploads\/2021\/07\/Antonia-Eichler-Leistungskurs-12-213x300.jpg 213w\" sizes=\"(max-width: 500px) 100vw, 500px\" \/><figcaption><strong>Antonia Eichler<\/strong>&nbsp;(Leistungskurs 12) \/ Nikolaus-von-Weis Gymnasium \/ Zeichnerische \u00dcbung zum Thema Portrait, Bleistift \/ Skizzenbuch: siehe Anhang \u201eAntonia Eichler (Leistungskurs 12)\u201c.<\/figcaption><\/figure><\/div>\n\n\n\n<p><strong>Speyer &#8211; <\/strong>Am diesj\u00e4hrigen &#8222;Schulpreis Bildende Kunst&#8220; beteiligten sich 9 Schulen verschiedener Jahrgangsstufen und Schulformen aus Speyer und dem s\u00fcdlichen Rhein-Pfalz-Kreis. Wegen den Abstands- und Hygieneregelungen wird es auch in diesem Jahr keine \u00dcbergabeveranstaltung mit B\u00fcrgermeisterin Monika Kabs und Sparkassenvorstand Oliver Kolb geben. Deshalb ist eine Auswahl der Sch\u00fclerarbeiten&nbsp;im Magazin&nbsp;der Sparkasse unter&nbsp;<a href=\"https:\/\/deref-web.de\/mail\/client\/yHjC8ksEPhg\/dereferrer\/?redirectUrl=http%3A%2F%2Fwww.sparkasse-vorderpfalz.de%2Fschulpreis\" target=\"_blank\" rel=\"noreferrer noopener\">www.sparkasse-vorderpfalz.de\/schulpreis<\/a>&nbsp;in der Zeit vom 16. Juli bis 13. August &nbsp;zu sehen.&nbsp;Oliver Kolb betont: &#8222;Die gezeigten Arbeiten zeugen auch in diesem Jahr von Begabung und Geschick und den enormen M\u00f6glichkeiten, mit verschiedenen Materialien und Kunstformen umzugehen. Die au\u00dfergew\u00f6hnlichen Leistungen der Sch\u00fclerinnen und Sch\u00fcler beim Schulpreis Bildende Kunst verdienen es unterst\u00fctzt und gef\u00f6rdert zu werden&#8220;.<\/p>\n\n\n\n<div class=\"wp-block-image\"><figure class=\"aligncenter size-large\"><img decoding=\"async\" loading=\"lazy\" width=\"500\" height=\"721\" src=\"https:\/\/speyer24news.com\/wp-content\/uploads\/2021\/07\/Luna-Wohlwend-Grundkurs-Kunst-12.jpg\" alt=\"\" class=\"wp-image-39197\" srcset=\"https:\/\/speyer24news.com\/wp-content\/uploads\/2021\/07\/Luna-Wohlwend-Grundkurs-Kunst-12.jpg 500w, https:\/\/speyer24news.com\/wp-content\/uploads\/2021\/07\/Luna-Wohlwend-Grundkurs-Kunst-12-208x300.jpg 208w\" sizes=\"(max-width: 500px) 100vw, 500px\" \/><figcaption><strong>Luna Wohlwend<\/strong>&nbsp;(Grundkurs Kunst 12) \/ Niklaus-v.-Weis Gymnasium \/ Material: Papier, Bleistift, R\u00f6telkreide \/ Selbstportrait: siehe Anhang \u201eLuna Wohlwend (Grundkurs Kunst 12)\u201c<\/figcaption><\/figure><\/div>\n\n\n\n<h4 class=\"wp-block-heading\">Hintergrund zum Schulpreis Bildende Kunst<\/h4>\n\n\n\n<p>Ziel des j\u00e4hrlich neu aufgelegten Schulpreises ist es, der k\u00fcnstlerisch-\u00e4sthetischen Erziehungsarbeit in den Schulen neue Impulse zu verleihen und auf herausragende Arbeiten und Leistungen im Kunstunterricht aufmerksam zu machen. Zur Ausrichtung des Schulpreises erh\u00e4lt jede Schule eine 500-Euro-F\u00f6rderung von der Sparkasse Vorderpfalz. Mit insgesamt 4.500 Euro unterst\u00fctzt die Sparkasse den Schulpreis Bildende Kunst 2021.<\/p>\n\n\n\n<h4 class=\"wp-block-heading\">Am Schulpreis Bildende Kunst 2021 haben teilgenommen:<\/h4>\n\n\n\n<ul><li><strong>Edith-Stein-Gymnasium (Speyer)<\/strong><\/li><li><strong>Edith-Stein-Realschule Plus (Speyer)<\/strong><\/li><li><strong>Friedrich-Magnus-Schwerd-Gymnasium (Speyer)<\/strong><\/li><li><strong>IGS Georg-Friedrich-Kolb Speyer<\/strong><\/li><li><strong>Nikolaus-von-Weis-Gymnasium (Speyer)<\/strong><\/li><li><strong>Nikolaus-Von-Weis-Realschule Plus (Speyer)<\/strong><\/li><li><strong>Realschule plus Dudenhofen<\/strong><\/li><li><strong>Staatl. Gymnasiums am Kaiserdom (Speyer)<\/strong><\/li><li><strong>Staatl. Hans-Purrmann-Gymnasium (Speyer)<\/strong><\/li><\/ul>\n\n\n\n<p><em>Sparkasse Vorderpfalz<br>19.07.2021<\/em><\/p>\n\n\n\n<h2 class=\"wp-block-heading\">Mit Apple Pay und der girocard jetzt auch im E-Commerce bezahlen<\/h2>\n\n\n\n<div class=\"wp-block-image\"><figure class=\"aligncenter size-large\"><img decoding=\"async\" loading=\"lazy\" width=\"800\" height=\"533\" src=\"https:\/\/speyer24news.com\/wp-content\/uploads\/2021\/07\/05_iPad-Screen-Tisch.jpg\" alt=\"\" class=\"wp-image-39196\" srcset=\"https:\/\/speyer24news.com\/wp-content\/uploads\/2021\/07\/05_iPad-Screen-Tisch.jpg 800w, https:\/\/speyer24news.com\/wp-content\/uploads\/2021\/07\/05_iPad-Screen-Tisch-300x200.jpg 300w, https:\/\/speyer24news.com\/wp-content\/uploads\/2021\/07\/05_iPad-Screen-Tisch-768x512.jpg 768w\" sizes=\"(max-width: 800px) 100vw, 800px\" \/><figcaption>Ab sofort k\u00f6nnen Kundinnen und Kunden der Sparkasse Vorderpfalz \u00fcber Apple Pay mit ihrer digitalen girocard in Apps und im Internet einfach, sicher und vertraulich bezahlen.<\/figcaption><\/figure><\/div>\n\n\n\n<p>Die Sparkasse Vorderpfalz baut das Leis\u00adtungsspektrum von Apple Pay weiter aus. Ab sofort k\u00f6nnen Kundinnen und Kunden der Sparkasse \u00fcber Apple Pay mit ihrer digitalen girocard in Apps und im Internet einfach, sicher und vertraulich bezahlen.&nbsp;<\/p>\n\n\n\n<p>Es ist das erste Mal, dass deutsche Nutzer die girocard direkt im Online-Shopping einsetzen k\u00f6nnen. Mit dieser Innovation erm\u00f6glicht es die Sparkasse Vorderpfalz ihren Kundinnen und Kunden, ihre Eink\u00e4ufe online genauso schnell und unkompliziert zu bezahlen wie an der Ladenkasse \u2013 ohne dass sie ein Kundenkonto anlegen oder ihre Zahlungs-, Rechnungs- oder Versandinformationen mehrfach eingeben m\u00fcssen. Die girocard \u2013 das f\u00fchrende bargeldlose Zahlverfahren in Deutschland \u2013 kommt bisher ausschlie\u00dflich f\u00fcr Kartenzahlungen im station\u00e4ren Handel zum Einsatz. Mit Apple Pay kann man die girocard nun auch einfacher zum Beispiel zum Bezahlen von Lebensmittellieferungen, beim Shopping im Internet, im Personennahverkehr oder beim Parken einsetzen.<\/p>\n\n\n\n<p>\u201eMit der E-Commerce-F\u00e4higkeit der digitalen girocard in Apple Pay untermauert die Sparkasse Vorderpfalz einmal mehr ihre Innovationsf\u00fchrerschaft bei Mobile Payment-Produkten, die sie mit dem Marktstart von Apple Pay Ende 2019 und der Integration der girocard im August 2020 eindrucksvoll unter Beweis gestellt hat\u201c, betont Oliver Kolb, Vorstandsmitglied der Sparkasse Vorderpfalz, den n\u00e4chsten Meilenstein im Apple Pay-Projekt der Sparkassen sowie den Leistungsausbau der girocard. \u201eBezahlen mit der Sparkasse \u2013 \u00fcberall, mit allen Medien, f\u00fcr alle Kunden \u2013 das Sparkassen-Girokonto bietet unseren Kunden daf\u00fcr jetzt noch mehr Optionen.\u201c<\/p>\n\n\n\n<p>Als weitere Produktinnovation bietet die Sparkasse Vorderpfalz einen Online-K\u00e4uferschutz f\u00fcr Zahlungen mit der girocard an, der einen vergleichbaren Leistungsumfang wie der anderer gebr\u00e4uchlicher Online-Zahlverfahren aufweist. Die Kunden erhalten bei jeder girocard-Zahlung in Apps und im Internet mit Apple Pay automatisch diesen K\u00e4uferschutz ohne Zusatzkosten.<\/p>\n\n\n\n<div class=\"wp-block-image\"><figure class=\"aligncenter size-large\"><img decoding=\"async\" loading=\"lazy\" width=\"500\" height=\"628\" src=\"https:\/\/speyer24news.com\/wp-content\/uploads\/2021\/05\/csm_Kolb_Oliver_1_7bffdb4594.jpg\" alt=\"\" class=\"wp-image-37103\" srcset=\"https:\/\/speyer24news.com\/wp-content\/uploads\/2021\/05\/csm_Kolb_Oliver_1_7bffdb4594.jpg 500w, https:\/\/speyer24news.com\/wp-content\/uploads\/2021\/05\/csm_Kolb_Oliver_1_7bffdb4594-239x300.jpg 239w\" sizes=\"(max-width: 500px) 100vw, 500px\" \/><figcaption>Oliver Kolb, Vorstandsmitglied der Sparkasse Vorderpfalz betont: \u201eBezahlen mit der Sparkasse \u2013 \u00fcberall, mit allen Medien, f\u00fcr alle Kunden \u2013 das Sparkassen-Girokonto bietet unseren Kunden daf\u00fcr jetzt noch mehr Optionen.\u201c<\/figcaption><\/figure><\/div>\n\n\n\n<p>Vom Start an akzeptieren Flixbus, MediaMarkt, Bolt, Wolt, TooGoodToGo, GetYourGuide und Lieferando girocard-Zahlungen \u00fcber Apple Pay in ihren Apps und Online-Shops. Ebenfalls von Beginn an dabei sind mehrere Nahverkehrsunternehmen, darunter der M\u00fcnchner Verkehrs- und Tarifverbund (MVV), der Nahverkehrsverbund Schleswig-Holstein (NAH.SH) sowie die VAG N\u00fcrnberg. Unter anderem Booking.com, der Juwelier Christ, Cyberport, der dm Drogerie Markt und die Berliner Verkehrsbetriebe (BVG) werden die Funktion im Sommer aktivieren. F\u00fcr Online-H\u00e4ndler ist die girocard mit ihrer hohen Verbreitung und der Zahlungsgarantie eine attraktive Erg\u00e4nzung des Zahlungsmix in ihren Apps oder Web-Shops. Alleine 46 Millionen girocards der Sparkassen-Finanzgruppe sind bundesweit im Umlauf.<\/p>\n\n\n\n<p>Die enge Zusammenarbeit zwischen der Sparkassen-Finanzgruppe und Apple ist eine echte Erfolgsgeschichte. Seit Dezember 2019 bieten die Sparkassen ihren Kunden das mobile Bezahlen mit Apple Pay an, zun\u00e4chst mit Sparkassen-Kreditkarten. Am 25. August 2020 integrierten die Sparkassen als erste und bislang einzige Institutsgruppe der Deutschen Kreditwirtschaft die girocard in Apple Pay \u2013 eine der erfolgreichsten Produkteinf\u00fchrungen der Sparkassen in den letzten Jahren.<\/p>\n\n\n\n<p>Apple Pay l\u00e4sst sich leicht einrichten. Auf dem iPhone m\u00fcssen Kunden lediglich die Wallet App \u00f6ffnen, auf \u201eKarte hinzuf\u00fcgen\u201c tippen und dann die Anweisungen zum Hinzuf\u00fcgen der&nbsp;Sparkassen-Card befolgen. Nach dem Hinzuf\u00fcgen einer Karte k\u00f6nnen die Kunden Apple Pay sofort auf dem iPhone, der Apple Watch und dem iPad nutzen. Die Kunden erhalten weiterhin alle mit der Sparkassen-Card verbundenen Vorteile.<\/p>\n\n\n\n<p>Sicherheit und Vertraulichkeit haben bei Apple Pay h\u00f6chste Priorit\u00e4t. Bei der Verwen\u00addung einer Sparkassen-Card mit Apple Pay werden die tats\u00e4chlichen Kartennummern weder im Ger\u00e4t, noch auf den Apple-Servern gespeichert. Stattdessen wird ihnen eine eindeutige Ger\u00e4tekontonummer zugewiesen, die verschl\u00fcsselt und sicher im Secure-Element des Ger\u00e4ts gespeichert wird. Jeder App- oder Online-Einkauf ist sicher, denn die Authentifizierung erfolgt entweder \u00fcber Face ID (Gesichtserkennung), Touch ID (Fingerabdruck) oder den Code des Ger\u00e4ts. Weitere Informationen zu Apple Pay, gibt es unter:&nbsp;<a href=\"https:\/\/deref-web.de\/mail\/client\/k1GKT20lLgM\/dereferrer\/?redirectUrl=http%3A%2F%2Fwww.apple.com%2Fde%2Fapple-pay%2F\" target=\"_blank\" rel=\"noreferrer noopener\">http:\/\/www.apple.com\/de\/apple-pay\/<\/a>&nbsp;und&nbsp;<a href=\"https:\/\/deref-web.de\/mail\/client\/9IsIiGiDG4c\/dereferrer\/?redirectUrl=http%3A%2F%2Fwww.sparkasse.de%2Fapplepay\" target=\"_blank\" rel=\"noreferrer noopener\">www.sparkasse.de\/applepay<\/a><\/p>\n\n\n\n<p><em>Sparkasse Vorderpfalz<br>19.07.2021<\/em><\/p>\n\n\n\n<h2 class=\"wp-block-heading\"><strong>LBS-Immobilienpreisspiegel f\u00fcr mehr als 1.000 St\u00e4dte jetzt online<\/strong><\/h2>\n\n\n\n<h3 class=\"wp-block-heading\">Freie Recherche in umfangreicher Datenbank zum Wohnungsmarkt m\u00f6glich \u2013 Mit Coronavirus-Fokus<\/h3>\n\n\n\n<div class=\"wp-block-image\"><figure class=\"aligncenter size-large\"><img decoding=\"async\" loading=\"lazy\" width=\"800\" height=\"627\" src=\"https:\/\/speyer24news.com\/wp-content\/uploads\/2021\/07\/LBS-Immobilienpreisspiegel_2021.jpg\" alt=\"\" class=\"wp-image-39194\" srcset=\"https:\/\/speyer24news.com\/wp-content\/uploads\/2021\/07\/LBS-Immobilienpreisspiegel_2021.jpg 800w, https:\/\/speyer24news.com\/wp-content\/uploads\/2021\/07\/LBS-Immobilienpreisspiegel_2021-300x235.jpg 300w, https:\/\/speyer24news.com\/wp-content\/uploads\/2021\/07\/LBS-Immobilienpreisspiegel_2021-768x602.jpg 768w\" sizes=\"(max-width: 800px) 100vw, 800px\" \/><figcaption>Der LBS-Immobilienpreisspiegel 2021 ist online unter der Adresse&nbsp;<a href=\"https:\/\/deref-web.de\/mail\/client\/SPL8vs8VTvA\/dereferrer\/?redirectUrl=http%3A%2F%2Fwww.lbs-markt-fuer-wohnimmobilien.de\" target=\"_blank\" rel=\"noreferrer noopener\">www.lbs-markt-fuer-wohnimmobilien.de<\/a>&nbsp;abrufbar. <br><em>Foto: LBS<\/em><\/figcaption><\/figure><\/div>\n\n\n\n<p>Der LBS-Immobilienpreisspiegel 2021, der ein umfassendes Bild \u00fcber die Wohnungsmarktsituation in Deutschland gibt, ist ab sofort online abrufbar. Das teilt die Sparkasse Vorderpfalz mit. Unter der Adresse&nbsp;<a href=\"https:\/\/deref-web.de\/mail\/client\/SPL8vs8VTvA\/dereferrer\/?redirectUrl=http%3A%2F%2Fwww.lbs-markt-fuer-wohnimmobilien.de\" target=\"_blank\" rel=\"noreferrer noopener\">www.lbs-markt-fuer-wohnimmobilien.de<\/a>&nbsp;k\u00f6nnen typische Preise f\u00fcr Eigenheime, Eigentumswohnungen und Bauland in mehr als 1.000 St\u00e4dten und Gemeinden eingesehen werden, darunter auch Ludwigshafen, Speyer und Schifferstadt. Such- und Filterfunktionen erm\u00f6glichen es, nach zahlreichen Kriterien im Preisspiegel zu recherchieren. Die Preisdaten werden jeweils im Fr\u00fchjahr bei den Immobilienmarktexperten von LBS und Sparkassen erhoben. Erg\u00e4nzt wurde die Befragung um eine neuerliche Einsch\u00e4tzung der Auswirkungen der Virus-Pandemie auf den Immobilienmarkt.<\/p>\n\n\n\n<p>Neben den Preisinformationen f\u00fcr neue und gebrauchte Objekte k\u00f6nnen Interessenten auch kurze Analysen zur Baut\u00e4tigkeit, zum Wohnungs- und Verm\u00f6gensbestand sowie zur Wohneigentumsbildung abrufen. Eine eigene Rubrik befasst sich mit dem Thema \u201eWohneigentum und Klimaschutz\u201c. Grafisch aufbereitet und mit kurzen Erl\u00e4uterungstexten versehen sind au\u00dferdem die relevanten gesamtwirtschaftlichen Einflussgr\u00f6\u00dfen, etwa die Entwicklung von Einkommen und Sparquote sowie Baupreisen und Mieten. Zahlreiche statistische \u00dcbersichten liegen als \u201elange Reihen\u201c vor und zeigen die Entwicklungen \u00fcber einen Zehn-Jahres-Zeitraum hinaus.<\/p>\n\n\n\n<p>Preis-Recherchen sind bequem \u00fcber eine Deutschlandkarte mit \u201eMouseover- und Zoom-Funktion\u201c m\u00f6glich. Mit zus\u00e4tzlichen Such- und Filterfunktionen kann nach den preiswertesten St\u00e4dten in ganz Deutschland, in einzelnen Bundesl\u00e4ndern oder mittels eines individuellen St\u00e4dtevergleichs gesucht werden \u2013 jeweils selektierbar nach Grundst\u00fccken, Eigentumswohnungen oder Eigenheimen. Zudem k\u00f6nnen auch die Ver\u00e4nderungsraten zu den Vorjahren abgerufen werden. Auch diese Ergebnisse stehen zum Download zur Verf\u00fcgung. Texte und Grafiken k\u00f6nnen \u00fcber die g\u00e4ngigen Instrumente getweetet, gepostet oder geteilt werden.<\/p>\n\n\n\n<h4 class=\"wp-block-heading\">\u00dcber die Sparkasse Vorderpfalz<\/h4>\n\n\n\n<p>Die Sparkasse Vorderpfalz unterst\u00fctzt ihre Kunden, Wirtschaft, Kultur und soziale Einrichtungen gleicherma\u00dfen. Sie steht f\u00fcr pers\u00f6nliche, individuelle und nachhaltige Finanzl\u00f6sungen. Ihre Kunden begleitet sie, wo und wann sie es w\u00fcnschen: ob pers\u00f6nlich in der Gesch\u00e4ftsstelle oder beim Kunden zu Hause, telefonisch im KundenDialogCenter unter 062159920, online unter sparkasse-vorderpfalz.de oder mobil \u00fcber die Sparkassen-App oder WhatsApp. Die Zufriedenheit ihrer Kunden, die N\u00e4he zum Berater sowie eine ergebnisoffene Beratung ist f\u00fcr die Sparkasse Vorderpfalz Ma\u00dfstab und Antrieb zugleich.<\/p>\n\n\n\n<h4 class=\"wp-block-heading\">Gesellschaftlich engagiert: Das macht die Sparkasse Vorderpfalz aus<\/h4>\n\n\n\n<p>Als \u00f6ffentlich-rechtliche, kommunal getragene und regional verankerte Sparkasse geh\u00f6rt es zu ihrer unternehmerischen Identit\u00e4t, gesellschaftliches und wirtschaftliches Leben in ihrem Gesch\u00e4ftsgebiet zu unterst\u00fctzen. Ein gro\u00dfer Teil der erwirtschafteten Ertr\u00e4ge flie\u00dft wieder in Form von Spenden und Sponsoring sowie \u00fcber ihre f\u00fcnf selbst\u00e4ndigen Stiftungen an Vereine, Schulen, Institutionen und ehrenamtlich wirkende B\u00fcrgerinnen und B\u00fcrger zur\u00fcck. Allein im zur\u00fcckliegenden Gesch\u00e4ftsjahr sind F\u00f6rdergelder in H\u00f6he von \u00fcber 917.000 Euro geflossen. Damit hat sie in Ludwigshafen, Speyer und dem Rhein-Pfalz-Kreis 924 soziale, kulturelle, gesellschaftliche, wissenschaftliche und sportliche Projekte begleitet. Daneben ist die Sparkasse Vorderpfalz ein wichtiger Steuerzahler, Investor, Ausbilder und Arbeitgeber.<\/p>\n\n\n\n<p><em>Text: Sparkasse Vorderpfalz Foto: LBS<br>19.07.2021<\/em><\/p>\n\n\n\n<h1 class=\"has-text-align-center wp-block-heading\">Industriegewerkschaft Bauen-Agrar-Umwelt, Bezirksverband Rheinhessen-Vorderpfalz<\/h1>\n\n\n\n<div class=\"wp-block-image\"><figure class=\"aligncenter size-large\"><img decoding=\"async\" loading=\"lazy\" width=\"600\" height=\"242\" src=\"https:\/\/speyer24news.com\/wp-content\/uploads\/2020\/04\/IG-Bauen-Agragr-Umwelt-Logo.png\" alt=\"\" class=\"wp-image-26509\" srcset=\"https:\/\/speyer24news.com\/wp-content\/uploads\/2020\/04\/IG-Bauen-Agragr-Umwelt-Logo.png 600w, https:\/\/speyer24news.com\/wp-content\/uploads\/2020\/04\/IG-Bauen-Agragr-Umwelt-Logo-300x121.png 300w\" sizes=\"(max-width: 600px) 100vw, 600px\" \/><\/figure><\/div>\n\n\n\n<h2 class=\"wp-block-heading\"><u>\u201e450-Euro-Stellen nicht krisenfest\u201c | IG BAU fordert Reform<\/u><\/h2>\n\n\n\n<h3 class=\"wp-block-heading\">Speyer: 600 Minijobs im Corona-Jahr verloren gegangen<\/h3>\n\n\n\n<div class=\"wp-block-image\"><figure class=\"aligncenter size-large\"><img decoding=\"async\" loading=\"lazy\" width=\"800\" height=\"568\" src=\"https:\/\/speyer24news.com\/wp-content\/uploads\/2021\/07\/Gebaeudereiniger.jpg\" alt=\"\" class=\"wp-image-39195\" srcset=\"https:\/\/speyer24news.com\/wp-content\/uploads\/2021\/07\/Gebaeudereiniger.jpg 800w, https:\/\/speyer24news.com\/wp-content\/uploads\/2021\/07\/Gebaeudereiniger-300x213.jpg 300w, https:\/\/speyer24news.com\/wp-content\/uploads\/2021\/07\/Gebaeudereiniger-768x545.jpg 768w\" sizes=\"(max-width: 800px) 100vw, 800px\" \/><figcaption>In der Geb\u00e4udereinigung sind Minijobs besonders stark verbreitet \u2013 und werden f\u00fcr die Betroffenen h\u00e4ufig zur Armutsfalle. Die IG BAU fordert, 450-Euro-Stellen sozialversicherungspflichtig zu machen. <br><em>Foto: IG BAU<\/em><\/figcaption><\/figure><\/div>\n\n\n\n<p>Wenn der Minijob zur Falle wird: In Speyer sind im vergangenen Jahr rund 600&nbsp;geringf\u00fcgig entlohnte Arbeitsverh\u00e4ltnisse weggefallen. Innerhalb von zw\u00f6lf&nbsp;Monaten sank ihre Zahl um neun Prozent auf zuletzt 5.700, wie die Industriegewerkschaft Bauen-Agrar-Umwelt mitteilt. Die IG BAU beruft sich hierbei auf neue Zahlen der Bundesagentur f\u00fcr Arbeit. \u201eDer R\u00fcckgang zeigt, dass Minijobs alles andere als krisenfest sind. In unsicheren Zeiten k\u00fcrzen Firmen zuerst bei den 450-Euro-Kr\u00e4ften, die allerdings weder Anspruch auf das Kurzarbeiter- noch auf das Arbeitslosengeld haben\u201c, kritisiert R\u00fcdiger Wunderlich. Der Bezirksvorsitzende der IG BAU Rheinhessen-Vorderpfalz fordert, Lehren aus der Pandemie zu ziehen und Betroffene besser zu sch\u00fctzen. Minijobs m\u00fcssten ab dem ersten Euro sozialversicherungspflichtig werden.<\/p>\n\n\n\n<p>\u201eDie Politik setzt mit den abgabenfreien Minijobs schon seit Jahren falsche Anreize. Die Corona-Krise hat klargemacht, dass diese Stellen eine arbeitsmarktpolitische Sackgasse sind. Es ist h\u00f6chste Zeit, die Sozialversicherungsfreiheit f\u00fcr 450-Euro-Jobs abzuschaffen\u201c, so Wunderlich. Nur wenn f\u00fcr die Besch\u00e4ftigten k\u00fcnftig Beitr\u00e4ge zur Arbeitslosen-, Kranken-, Pflege- und Rentenversicherung gezahlt w\u00fcrden, k\u00f6nnten sie wirksam gesch\u00fctzt werden. In der Geb\u00e4udereinigung seien prek\u00e4re Arbeitsverh\u00e4ltnisse besonders stark verbreitet und w\u00fcrden insbesondere f\u00fcr Frauen zum Karriere- und Armutsrisiko. Die IG BAU r\u00e4t Besch\u00e4ftigten, die w\u00e4hrend der Pandemie ihren Minijob verloren haben oder um dessen Verlust f\u00fcrchten, Hilfe bei der Gewerkschaft zu suchen.<\/p>\n\n\n\n<p>Es sei zu begr\u00fc\u00dfen, dass sich auch SPD, Gr\u00fcne und Linke f\u00fcr eine grundlegende Reform der Minijobs einsetzten. Die n\u00e4chste Bundesregierung m\u00fcsse das Thema dringend anpacken. Die von der Union geforderte Anhebung der Verdienstgrenze auf 550 Euro sei hingegen der falsche Weg und w\u00fcrde die prek\u00e4re Besch\u00e4ftigung ausbauen, statt sie einzud\u00e4mmen, warnt die IG BAU.<\/p>\n\n\n\n<p>Nach einer Studie der Bertelsmann-Stiftung sind im Zuge der Corona-Pandemie bundesweit 870.000 Minijobs verloren gegangen. Die Autoren pl\u00e4dieren daf\u00fcr, solche Stellen in die Sozialversicherungspflicht einzubeziehen und gleichzeitig niedrige Einkommen deutlich geringer zu besteuern. Damit k\u00f6nnten bis zum Jahr 2030 knapp 170.000 zus\u00e4tzliche Teilzeit-Jobs entstehen.<\/p>\n\n\n\n<p><em>Industriegewerkschaft Bauen-Agrar-Umwelt, Bezirksverband Rheinhessen-Vorderpfalz<br>19.07.2021<\/em><\/p>\n\n\n\n<h1 class=\"has-text-align-center wp-block-heading\">Gewerkschaft Nahrung-Genuss-Gastst\u00e4tten (NGG), Region Pfalz<\/h1>\n\n\n\n<div class=\"wp-block-image\"><figure class=\"aligncenter size-large\"><img decoding=\"async\" loading=\"lazy\" width=\"600\" height=\"152\" src=\"https:\/\/speyer24news.com\/wp-content\/uploads\/2020\/12\/NGG-Logo.jpg\" alt=\"\" class=\"wp-image-31542\" srcset=\"https:\/\/speyer24news.com\/wp-content\/uploads\/2020\/12\/NGG-Logo.jpg 600w, https:\/\/speyer24news.com\/wp-content\/uploads\/2020\/12\/NGG-Logo-300x76.jpg 300w\" sizes=\"(max-width: 600px) 100vw, 600px\" \/><\/figure><\/div>\n\n\n\n<h2 class=\"wp-block-heading\"><strong><u>Gewerkschaft fordert bessere Arbeitsbedingungen in Hotels und Gastst\u00e4tten<\/u><\/strong><\/h2>\n\n\n\n<h3 class=\"wp-block-heading\">Speyerer Gastgewerbe: Jeder F\u00fcnfte hat Branche im Corona-Jahr verlassen<\/h3>\n\n\n\n<p><strong>Supermarktkasse statt Biertheke: Im Zuge der Corona-Pandemie verzeichnen die Speyerer Hotels und Gastst\u00e4tten eine dramatische Abwanderung von Fachkr\u00e4ften. Innerhalb des vergangenen Jahres haben in der Stadt rund 300 K\u00f6che, Servicekr\u00e4fte und Hotelangestellte dem Gastgewerbe den R\u00fccken gekehrt \u2013 das ist jeder f\u00fcnfte Besch\u00e4ftigte der Branche, wie die Gewerkschaft Nahrung-Genuss-Gastst\u00e4tten (NGG) unter Berufung auf j\u00fcngste Zahlen der Arbeitsagentur mitteilt.<\/strong><\/p>\n\n\n\n<div class=\"wp-block-image\"><figure class=\"aligncenter size-large\"><img decoding=\"async\" loading=\"lazy\" width=\"800\" height=\"533\" src=\"https:\/\/speyer24news.com\/wp-content\/uploads\/2021\/07\/Servicekraft-Gaststaette-Corona-Maske.jpg\" alt=\"\" class=\"wp-image-39192\" srcset=\"https:\/\/speyer24news.com\/wp-content\/uploads\/2021\/07\/Servicekraft-Gaststaette-Corona-Maske.jpg 800w, https:\/\/speyer24news.com\/wp-content\/uploads\/2021\/07\/Servicekraft-Gaststaette-Corona-Maske-300x200.jpg 300w, https:\/\/speyer24news.com\/wp-content\/uploads\/2021\/07\/Servicekraft-Gaststaette-Corona-Maske-768x512.jpg 768w\" sizes=\"(max-width: 800px) 100vw, 800px\" \/><figcaption>Servicekraft h\u00e4nderingend gesucht: Viele Hotels und Gastst\u00e4tten finden aktuell kein Personal \u2013 weil w\u00e4hrend der Lockdowns ein gro\u00dfer Teil der Besch\u00e4ftigten die Branche verlassen hat. Die Gewerkschaft NGG fordert, die Arbeit im Gastgewerbe attraktiver zu machen.<\/figcaption><\/figure><\/div>\n\n\n\n<p>Angesichts weiterer Lockdowns bis in den Mai hinein d\u00fcrfte sich der Personal-Schwund bis heute nochmals zugespitzt haben, bef\u00fcrchtet Holger Winkow, Gesch\u00e4ftsf\u00fchrer der NGG-Region Pfalz. \u201eViele Menschen sch\u00e4tzen es, nach langen Entbehrungen endlich wieder essen zu gehen oder zu reisen. Aber ausgerechnet in der Sommersaison fehlt einem Gro\u00dfteil der Betriebe schlicht das Personal, um die G\u00e4ste bewirten zu k\u00f6nnen\u201c, so Winkow. F\u00fcr die Lage macht der Gewerkschafter insbesondere die Einkommenseinbu\u00dfen durch die Kurzarbeit verantwortlich: \u201eGastro- und Hotel-Besch\u00e4ftigte arbeiten sowieso meist zu geringen L\u00f6hnen. Wenn es dann nur noch das deutlich niedrigere Kurzarbeitergeld gibt, wissen viele nicht, wie sie \u00fcber die Runden kommen sollen.\u201c<\/p>\n\n\n\n<p>Wenn die gut ausgebildeten Fachkr\u00e4fte in Anwalts- oder Arztpraxen die B\u00fcroorganisation \u00fcbernehmen oder in Superm\u00e4rkten zwei Euro mehr pro Stunde verdienen als in Hotels und Gastst\u00e4tten, d\u00fcrfe es niemanden \u00fcberraschen, dass sich die Menschen neu orientierten. \u201eSchon vor Corona stand das Gastgewerbe nicht gerade f\u00fcr rosige Arbeitsbedingungen. Unbezahlte \u00dcberstunden, ein rauer Umgangston und eine hohe Abbruchquote unter Azubis sind nur einige strukturelle Probleme. Die Unternehmen haben es \u00fcber Jahre vers\u00e4umt, die Arbeit attraktiver zu machen. Das r\u00e4cht sich jetzt\u201c, kritisiert Winkow.<\/p>\n\n\n\n<p>Wirte und Hoteliers h\u00e4tten nun die Chance, die Branche neu aufzustellen. Zwar seien viele Firmen nach wie vor schwer durch die Pandemie getroffen. Doch wer k\u00fcnftig \u00fcberhaupt noch Fachleute gewinnen wolle, m\u00fcsse jetzt umdenken und sich zu armutsfesten L\u00f6hnen und besseren Arbeitsbedingungen bekennen. Dazu seien Tarifvertr\u00e4ge unverzichtbar, unterstreicht Winkow: \u201eAm Ende geht es um einen Kulturwandel. Auch Servicekr\u00e4fte haben ein Recht darauf, vor dem Dienst zu wissen, wann Feierabend ist. Sie haben Anspruch auf eine anst\u00e4ndige Bezahlung \u2013 unabh\u00e4ngig vom Trinkgeld. Und auf eine faire Behandlung durch den Chef.\u201c<\/p>\n\n\n\n<p>Gastronomen, die das Mittagessen so g\u00fcnstig anb\u00f6ten, dass sie davon das Personal nicht mehr bezahlen k\u00f6nnten, machten ohnehin grunds\u00e4tzlich etwas falsch. \u201eViele G\u00e4ste sind durchaus bereit, ein paar Cent mehr f\u00fcr die Tasse Kaffee zu bezahlen \u2013 gerade jetzt, wo den Menschen bewusst geworden ist, dass der Besuch im Stammlokal ein entscheidendes St\u00fcck Lebensqualit\u00e4t ist\u201c, so Winkow.<\/p>\n\n\n\n<p>Die Gewerkschaft NGG verweist zudem auf die umfassenden Finanzhilfen des Staates f\u00fcr angeschlagene Betriebe. So k\u00f6nnen sich Hotels und Gastst\u00e4tten im Rahmen der \u00dcberbr\u00fcckungshilfen in diesem Monat bis zu 60 Prozent der Personalkosten bezuschussen lassen, wenn sie Angestellte aus der Kurzarbeit zur\u00fcckholen (Restart-Pr\u00e4mie). \u201eKlar ist: K\u00f6chinnen, Kellner &amp; Co. freuen sich darauf, endlich wieder G\u00e4ste empfangen zu k\u00f6nnen. Viele arbeiten mit gro\u00dfer Leidenschaft im Service. Auf diese Motiviation k\u00f6nnen die Betriebe bauen \u2013 und sollten das Personal nicht erneut durch prek\u00e4re L\u00f6hne und schlechte Arbeitszeiten verprellen\u201c, so Winkow weiter.<\/p>\n\n\n\n<p>Nach Angaben der Bundesagentur f\u00fcr Arbeit besch\u00e4ftigte das Hotel- und Gastst\u00e4ttengewerbe in Speyer zum Jahreswechsel 1.225 Menschen. Genau ein Jahr zuvor \u2013 vor Ausbruch der Coronavirus-Pandemie \u2013 waren es noch 1.556. Damit haben innerhalb von zw\u00f6lf Monaten 21&nbsp;Prozent der Besch\u00e4ftigten die Branche verlassen.<\/p>\n\n\n\n<p><em>Gewerkschaft Nahrung-Genuss-Gastst\u00e4tten (NGG), Region Pfalz<br>19.07.2021<\/em><\/p>\n\n\n\n<h1 class=\"has-text-align-center wp-block-heading\">Verband der Immobilienverwalter Rheinland-Pfalz\/Saarland e.V.<\/h1>\n\n\n\n<div class=\"wp-block-image\"><figure class=\"aligncenter size-large\"><img decoding=\"async\" loading=\"lazy\" width=\"800\" height=\"405\" src=\"https:\/\/speyer24news.com\/wp-content\/uploads\/2021\/04\/VDIV-Logo.png\" alt=\"\" class=\"wp-image-35855\" srcset=\"https:\/\/speyer24news.com\/wp-content\/uploads\/2021\/04\/VDIV-Logo.png 800w, https:\/\/speyer24news.com\/wp-content\/uploads\/2021\/04\/VDIV-Logo-300x152.png 300w, https:\/\/speyer24news.com\/wp-content\/uploads\/2021\/04\/VDIV-Logo-768x389.png 768w\" sizes=\"(max-width: 800px) 100vw, 800px\" \/><\/figure><\/div>\n\n\n\n<h2 class=\"wp-block-heading\">Wissenswertes rund um Fahrstuhlanlagen in Mehrfamilienh\u00e4usern<\/h2>\n\n\n\n<div class=\"wp-block-image\"><figure class=\"aligncenter size-large\"><img decoding=\"async\" loading=\"lazy\" width=\"800\" height=\"533\" src=\"https:\/\/speyer24news.com\/wp-content\/uploads\/2021\/07\/Fahrstuhl.jpg\" alt=\"\" class=\"wp-image-39193\" srcset=\"https:\/\/speyer24news.com\/wp-content\/uploads\/2021\/07\/Fahrstuhl.jpg 800w, https:\/\/speyer24news.com\/wp-content\/uploads\/2021\/07\/Fahrstuhl-300x200.jpg 300w, https:\/\/speyer24news.com\/wp-content\/uploads\/2021\/07\/Fahrstuhl-768x512.jpg 768w\" sizes=\"(max-width: 800px) 100vw, 800px\" \/><\/figure><\/div>\n\n\n\n<p>In gr\u00f6\u00dferen Wohnanlagen oder mehrst\u00f6ckigen Mehrfamilienh\u00e4usern verbessert ein Aufzug den Wohnkomfort; der Lift erleichtert die Mobilit\u00e4t f\u00fcr bewegungseingeschr\u00e4nkte Personen oder den m\u00fchsamen Transport von Eink\u00e4ufen und Getr\u00e4nkekisten in h\u00f6here Etagen. Aufz\u00fcge in einem Mehrfamilienhaus z\u00e4hlen nach Wohnungseigentumsrecht zum Gemeinschaftseigentum, sie sind f\u00fcr den gemeinschaftlichen Gebrauch von Bewohnern vorgesehen. Laut Verband der Immobilienverwalter Rheinland-Pfalz\/Saarland e.V. (VDIV-RPS) kann eine wartungs- und reparaturintensive Bewirtschaftung des Fahrstuhls innerhalb einer Eigent\u00fcmergemeinschaft auch zu Konflikten f\u00fchren, da die entstehenden Kosten nach Miteigentumsanteilen zun\u00e4chst einmal auf alle Wohnungsbesitzer umgelegt werden. <\/p>\n\n\n\n<p>Dr. iur. Oliver Martin, Vorstandsvorsitzender des VDIV-RPS: \u201eViele sch\u00e4tzen den Mehrwert einer funktionsf\u00e4higen Aufzugsanlage, f\u00fcr die Kosten von Betrieb, Wartung oder Reparatur aufkommen m\u00f6chten allerdings die wenigsten. Bewohner von Erdgeschosswohnungen begr\u00fcnden diese Haltung mit einer geringeren Nutzung oder der intensiveren Ger\u00e4uschkulisse im Treppenhausbereich beim Ein- und Ausstieg im Vergleich zu Hausbewohnern h\u00f6herer Etagen.\u201c Die Wohnungseigent\u00fcmergemeinschaft kann in derartigen F\u00e4llen nach&nbsp;\u00a7 16 Abs. 2 Satz 2 WEG mehrheitlich beschlie\u00dfen, die f\u00fcr den Aufzug anfallenden Betriebs- oder Instandsetzungskosten nach einem neuen, der Gemeinschaftsordnung abweichenden, Verteilschl\u00fcssel umzulegen. Mit diesem Schritt ist es m\u00f6glich, einzelne Bewohner von den Geb\u00fchren f\u00fcr die Aufzugsanlage zu befreien oder anfallende Kosten, gestaffelt nach Etagen, neu zu verteilen. Wesentlich komplexer als der Unterhalt einer bestehenden Anlage ist der nachtr\u00e4gliche Einbau eines Fahrstuhls. Da es sich um eine Modernisierung bzw. eine bauliche Ver\u00e4nderung am Gemeinschaftseigentum handelt, sind bei einer Entscheidung besondere Mehrheitsverh\u00e4ltnisse hinsichtlich der gemeinschaftlichen Kostentragung nach \u00a7&nbsp;21&nbsp;Abs.&nbsp;2&nbsp;WEG notwendig. In diesem Falle erfordert die Beschlussfassung ein doppeltes Quorum: mehr als zwei Drittel der abgegebenen Stimmen und mehr als die H\u00e4lfte aller Miteigentumsanteile m\u00fcssten zustimmen. Dr. iur. Oliver Martin: \u201eDie Anschaffungskosten sind dann gemeinschaftlich nach Miteigentumsanteilen umzulegen, jeder Eigent\u00fcmer erh\u00e4lt daf\u00fcr im Gegenzug das uneingeschr\u00e4nkte Nutzungsrecht am neu geschaffenen Gemeinschaftseigentum. Denkbar w\u00e4re auch eine Aufzugsinstallation etwa nur f\u00fcr einzelne Nutzer bzw. Stockwerke, wenn sich diese Eigent\u00fcmer dar\u00fcber einig w\u00e4ren, dass auch die Kosten entsprechend nur von diesen Eigent\u00fcmern zu tragen w\u00e4ren; dies ist seit der WEG-Reform durch die ge\u00e4nderten \u00a7\u00a7 20 und 21 WEG seit 1.12.2020 m\u00f6glich.\u201c&nbsp;<\/p>\n\n\n\n<p>Ein einzelner Eigent\u00fcmer hat im Falle mangelnder Mobilit\u00e4t nun auch einen Anspruch auf die Montage einer Fahrstuhlanlage auf Fl\u00e4chen des gemeinschaftlichen Eigentums nach \u00a7 20 Abs. 2 Satz 1 Nr. 1 WEG, wobei die Eigent\u00fcmer \u00fcber die Durchf\u00fchrung der Ma\u00dfnahme, also die Art der genauen Ausgestaltung, durch Mehrheitsbeschluss zu entscheiden haben (\u00a7&nbsp;20&nbsp;Abs.&nbsp;2&nbsp;Satz&nbsp;2&nbsp;WEG).&nbsp;Die Kosten einer solchen baulichen Ver\u00e4nderung hat der einzelne antragsstellende Eigent\u00fcmer zu tragen, wobei ihm dann auch bis auf weiteres die alleinige Nutzung zusteht (\u00a7&nbsp;21&nbsp;Abs.&nbsp;1&nbsp;WEG). Die Antr\u00e4ge einzelner Eigent\u00fcmer scheiterten fr\u00fcher oft an den notwendigen Mehrheitsverh\u00e4ltnissen, doch die Umsetzungschancen sind jetzt weitaus h\u00f6her, wenn innerhalb einer Wohnungseigent\u00fcmergemeinschaft (z.B. mit vielen \u00e4lteren Hausbewohnern) bei einem oder mehreren Eigent\u00fcmern das berechtigte Interesse an der Installation einer Aufzuganlage besteht. Die Fahrstuhlanlage eines Mehrfamilienhauses erfordert im j\u00e4hrlichen Wechsel fachgerechte Haupt- und Zwischen\u00fcberpr\u00fcfungen. Diese sind laut VDIV-RPS von zentraler Bedeutung, schlie\u00dflich geht es neben der Gew\u00e4hrleistung der Funktionsf\u00e4higkeit auch um m\u00f6gliche Haftungsfragen bei Unf\u00e4llen. Da bei nicht sachgem\u00e4\u00df durchgef\u00fchrter Wartung die Wohnungseigent\u00fcmergemeinschaft haftbar gemacht werden kann, ist zur Kontrolle der Funktionsf\u00e4higkeit die Beauftragung einer fachgerechten Wartungsfirma oder eines bekannten Pr\u00fcfinstituts gesetzlich vorgeschrieben.&nbsp;Bei Fragen zu diesen oder andere Themen steht der Verband der Immobilienverwalter Rheinland-Pfalz-Saarland e.V. gerne&nbsp;per Mail an&nbsp;<a href=\"mailto:office@vdiv-rps.de\" target=\"_blank\" rel=\"noreferrer noopener\">office@vdiv-rps.de<\/a>&nbsp;zur Verf\u00fcgung. Allgemeine Informationen rund um Immobilien erhalten Interessierte auch im Internet unter&nbsp;<a href=\"https:\/\/deref-web.de\/mail\/client\/Y24ftJjaoL8\/dereferrer\/?redirectUrl=http%3A%2F%2Fwww.vdiv-rps.de\" target=\"_blank\" rel=\"noreferrer noopener\">www.vdiv-rps.de<\/a>&nbsp;oder bei&nbsp;<a href=\"https:\/\/deref-web.de\/mail\/client\/GVWOXTm6D4Q\/dereferrer\/?redirectUrl=http%3A%2F%2Fwww.facebook.com%2Fvdivrps\" target=\"_blank\" rel=\"noreferrer noopener\">www.facebook.com\/vdivrps<\/a>.<\/p>\n\n\n\n<p><em>Verband der Immobilienverwalter Rheinland-Pfalz\/Saarland e. V.<br>19.07.2021<\/em><\/p>\n","protected":false},"excerpt":{"rendered":"<div class=\"mh-excerpt\"><p>Sparkasse Vorderpfalz Schulpreis Bildende Kunst: Au\u00dfergew\u00f6hnliche Arbeiten im Kunstunterricht gef\u00f6rdert Speyer &#8211; Am diesj\u00e4hrigen &#8222;Schulpreis Bildende Kunst&#8220; beteiligten sich 9 Schulen verschiedener Jahrgangsstufen und Schulformen aus Speyer und dem s\u00fcdlichen Rhein-Pfalz-Kreis. Wegen den Abstands- und <a class=\"mh-excerpt-more\" href=\"https:\/\/speyer24news.com\/?p=39191\" title=\"Wirtschaft \/ Finanzen \/ Rente\">[&#8230;]<\/a><\/p>\n<\/div>","protected":false},"author":3,"featured_media":30614,"comment_status":"open","ping_status":"open","sticky":false,"template":"","format":"standard","meta":{"_monsterinsights_skip_tracking":false,"_monsterinsights_sitenote_active":false,"_monsterinsights_sitenote_note":"","_monsterinsights_sitenote_category":0,"footnotes":""},"categories":[29],"tags":[12489,12500,12501,1088,6612,8991,8992,12490,12496,12497,6449,6613,12498,12499,1313,12491,12492,11045,1859,12494,12495,301,303,12493,9143,1087,4698,12488,6539],"aioseo_notices":[],"amp_enabled":true,"_links":{"self":[{"href":"https:\/\/speyer24news.com\/index.php?rest_route=\/wp\/v2\/posts\/39191"}],"collection":[{"href":"https:\/\/speyer24news.com\/index.php?rest_route=\/wp\/v2\/posts"}],"about":[{"href":"https:\/\/speyer24news.com\/index.php?rest_route=\/wp\/v2\/types\/post"}],"author":[{"embeddable":true,"href":"https:\/\/speyer24news.com\/index.php?rest_route=\/wp\/v2\/users\/3"}],"replies":[{"embeddable":true,"href":"https:\/\/speyer24news.com\/index.php?rest_route=%2Fwp%2Fv2%2Fcomments&post=39191"}],"version-history":[{"count":2,"href":"https:\/\/speyer24news.com\/index.php?rest_route=\/wp\/v2\/posts\/39191\/revisions"}],"predecessor-version":[{"id":39202,"href":"https:\/\/speyer24news.com\/index.php?rest_route=\/wp\/v2\/posts\/39191\/revisions\/39202"}],"wp:featuredmedia":[{"embeddable":true,"href":"https:\/\/speyer24news.com\/index.php?rest_route=\/wp\/v2\/media\/30614"}],"wp:attachment":[{"href":"https:\/\/speyer24news.com\/index.php?rest_route=%2Fwp%2Fv2%2Fmedia&parent=39191"}],"wp:term":[{"taxonomy":"category","embeddable":true,"href":"https:\/\/speyer24news.com\/index.php?rest_route=%2Fwp%2Fv2%2Fcategories&post=39191"},{"taxonomy":"post_tag","embeddable":true,"href":"https:\/\/speyer24news.com\/index.php?rest_route=%2Fwp%2Fv2%2Ftags&post=39191"}],"curies":[{"name":"wp","href":"https:\/\/api.w.org\/{rel}","templated":true}]}}