{"id":39204,"date":"2021-07-19T08:43:47","date_gmt":"2021-07-19T07:43:47","guid":{"rendered":"https:\/\/speyer24news.com\/?p=39204"},"modified":"2021-07-19T08:43:49","modified_gmt":"2021-07-19T07:43:49","slug":"gesundheit-27","status":"publish","type":"post","link":"https:\/\/speyer24news.com\/?p=39204","title":{"rendered":"Gesundheit"},"content":{"rendered":"<style type=\"text\/css\">\r\n\t.ads_top_disp{}\r\n\t.ads_top_corner_disp{ float:left; margin:0px 10px 10px 0px; }\r\n\t.ads_first_p_disp{}\r\n\t.ads_bottom_disp{}\r\n\t<\/style>\n<h1 class=\"has-text-align-center wp-block-heading\">Diakonissen Speyer &#8211; Mannheim<\/h1>\n\n\n\n<div class=\"wp-block-image\"><figure class=\"aligncenter size-large\"><img decoding=\"async\" loading=\"lazy\" width=\"330\" height=\"229\" src=\"https:\/\/speyer24news.com\/wp-content\/uploads\/2020\/03\/Diakonissen-Logo.png\" alt=\"\" class=\"wp-image-25899\" srcset=\"https:\/\/speyer24news.com\/wp-content\/uploads\/2020\/03\/Diakonissen-Logo.png 330w, https:\/\/speyer24news.com\/wp-content\/uploads\/2020\/03\/Diakonissen-Logo-300x208.png 300w\" sizes=\"(max-width: 330px) 100vw, 330px\" \/><\/figure><\/div>\n\n\n\n<h2 class=\"wp-block-heading\">\u201eHerausforderung angenommen\u201c \u2013 Erzieher und Sozialassistenten feiern Abschluss<\/h2>\n\n\n\n<h3 class=\"wp-block-heading\">F\u00fcr 138 Auszubildende der Diakonissen Fachschule f\u00fcr Sozialwesen gab es in dieser Woche Grund zu feiern: Sie schlossen erfolgreich ihre Ausbildung in den Bildungsg\u00e4ngen Sozialp\u00e4dagogik und H\u00f6here Berufsfachschule Sozialassistenz ab.<\/h3>\n\n\n\n<div class=\"wp-block-image\"><figure class=\"aligncenter size-large\"><img decoding=\"async\" loading=\"lazy\" width=\"800\" height=\"485\" src=\"https:\/\/speyer24news.com\/wp-content\/uploads\/2021\/07\/20210716_Absolventen-Sozialassistenz.jpg\" alt=\"\" class=\"wp-image-39209\" srcset=\"https:\/\/speyer24news.com\/wp-content\/uploads\/2021\/07\/20210716_Absolventen-Sozialassistenz.jpg 800w, https:\/\/speyer24news.com\/wp-content\/uploads\/2021\/07\/20210716_Absolventen-Sozialassistenz-300x182.jpg 300w, https:\/\/speyer24news.com\/wp-content\/uploads\/2021\/07\/20210716_Absolventen-Sozialassistenz-768x466.jpg 768w\" sizes=\"(max-width: 800px) 100vw, 800px\" \/><figcaption>Die frisch examinierten Sozialassistentinnen und -assistenten mit Lehrkr\u00e4ften sowie Schulleiter Pfarrer Matthias Kreiter (vorn Mitte).<br><em>Foto: \u00a9Diakonissen Speyer<\/em><\/figcaption><\/figure><\/div>\n\n\n\n<p>95 Erzieherinnen und Erzieher haben am 13. Juli ihr Examen an der Diakonissen Fachschule f\u00fcr Sozialwesen gefeiert, einen Tag zuvor erhielten 43 staatlich gepr\u00fcfte Sozialassistentinnen und<br>-assistenten ihre Zeugnisse. 13 von ihnen haben zugleich ihre Fachhochschulreife erlangt.<\/p>\n\n\n\n<p>\u201eDie so wichtige Projektarbeit, insbesondere deren praktische Umsetzung mit Kindern und Jugendlichen, hat Sie in Pandemiezeiten vor gro\u00dfe Herausforderungen gestellt. Aber Sie haben diese Herausforderungen angenommen und auf wunderbar kreative Art und Weise bew\u00e4ltigt\u201c, res\u00fcmierte Schulleiter Pfarrer Matthias Kreiter mit Blick auf das vergangene, coronabedingt etwas andere Ausbildungsjahr.<\/p>\n\n\n\n<div class=\"wp-block-image\"><figure class=\"aligncenter size-large\"><img decoding=\"async\" loading=\"lazy\" width=\"800\" height=\"503\" src=\"https:\/\/speyer24news.com\/wp-content\/uploads\/2021\/07\/20210716_Absolventen-Erzieher-Gruppe-A.jpg\" alt=\"\" class=\"wp-image-39210\" srcset=\"https:\/\/speyer24news.com\/wp-content\/uploads\/2021\/07\/20210716_Absolventen-Erzieher-Gruppe-A.jpg 800w, https:\/\/speyer24news.com\/wp-content\/uploads\/2021\/07\/20210716_Absolventen-Erzieher-Gruppe-A-300x189.jpg 300w, https:\/\/speyer24news.com\/wp-content\/uploads\/2021\/07\/20210716_Absolventen-Erzieher-Gruppe-A-768x483.jpg 768w\" sizes=\"(max-width: 800px) 100vw, 800px\" \/><figcaption>Die Erzieherinnen und Erzieher mit Lehrkr\u00e4ften und Schulleiter Pfarrer Matthias Kreiter (vorne Mitte) der Gruppe A<br><em>Foto: \u00a9Diakonissen Speyer<\/em><\/figcaption><\/figure><\/div>\n\n\n\n<p>Anl\u00e4sslich der Abschlussfeiern im Diakonissen-Mutterhaus wurden in bew\u00e4hrter Tradition insgesamt neun Auszubildende f\u00fcr ihre herausragenden Leistungen ausgezeichnet. Die Auszeichnung wurde gestiftet vom F\u00f6rderverein der Fachschule. Zugleich nahm Kreiter die Feierlichkeiten zum Anlass, die stellvertretende Schulleitung und Lehrerin Serena Doerr in den Ruhestand zu verabschieden und ihr f\u00fcr ihr langj\u00e4hriges Engagement zu danken: \u201eMit ihrem unerm\u00fcdlichen Einsatz hat sie daf\u00fcr gesorgt, dass Schule das in den Blick nehmen kann, was f\u00fcr sozialp\u00e4dagogische Berufe von entscheidender Bedeutung ist: Gegenseitige Unterst\u00fctzung, Hilfe und F\u00fcrsorge f\u00fcr andere.\u201c<\/p>\n\n\n\n<div class=\"wp-block-image\"><figure class=\"aligncenter size-large\"><img decoding=\"async\" loading=\"lazy\" width=\"800\" height=\"481\" src=\"https:\/\/speyer24news.com\/wp-content\/uploads\/2021\/07\/20210716_Absolventen-Erzieher-Gruppe-B.jpg\" alt=\"\" class=\"wp-image-39211\" srcset=\"https:\/\/speyer24news.com\/wp-content\/uploads\/2021\/07\/20210716_Absolventen-Erzieher-Gruppe-B.jpg 800w, https:\/\/speyer24news.com\/wp-content\/uploads\/2021\/07\/20210716_Absolventen-Erzieher-Gruppe-B-300x180.jpg 300w, https:\/\/speyer24news.com\/wp-content\/uploads\/2021\/07\/20210716_Absolventen-Erzieher-Gruppe-B-768x462.jpg 768w\" sizes=\"(max-width: 800px) 100vw, 800px\" \/><figcaption>Die Erzieherinnen und Erzieher mit Lehrkr\u00e4ften und Schulleiter Pfarrer Matthias Kreiter (vorne Mitte) der Gruppe B<br><em>Foto: \u00a9Diakonissen Speyer<\/em><\/figcaption><\/figure><\/div>\n\n\n\n<p>Gl\u00fcckw\u00fcnsche im Namen des Vorstandes der Diakonissen Speyer \u00fcberbrachte Vorstandsmitglied Dr. Dietmar Kauderer in seinem Gru\u00dfwort an die Absolventinnen und Absolventen: \u201eSie machen den Unterschied, f\u00fcr die Kinder, die Sie auf Ihrem Weg ins Leben, bei ihren ersten selbstst\u00e4ndigen und dann mehr und mehr auch selbstbestimmten Schritten begleiten\u201c, so Kauderer und erg\u00e4nzte: \u201eDarum bleiben Sie offen, bleiben Sie neugierig, bleiben Sie nicht stehen, entwickeln Sie sich und das, was Sie hier gelernt haben, weiter.\u201c<\/p>\n\n\n\n<p><em>Diakonissen Speyer<br>19.07.2021<\/em><\/p>\n\n\n\n<h2 class=\"wp-block-heading\">Ein Stadtf\u00fchrer f\u00fcr alle: \u201eEinfach Speyer\u201c f\u00fchrt inklusiv durch die Domstadt<\/h2>\n\n\n\n<h3 class=\"wp-block-heading\">Besch\u00e4ftigte der Maudacher Werkstatt der Diakonissen Speyer haben mit einer Expertin f\u00fcr leichte Sprache einen Stadtf\u00fchrer erstellt, der Menschen mit Behinderung erm\u00f6glicht, selbstst\u00e4ndig die Stadt zu erkunden.<\/h3>\n\n\n\n<div class=\"wp-block-image\"><figure class=\"aligncenter size-large\"><img decoding=\"async\" loading=\"lazy\" width=\"800\" height=\"651\" src=\"https:\/\/speyer24news.com\/wp-content\/uploads\/2021\/07\/20210715_Stadtfuehrer_Einfach_Speyer_3451.jpg\" alt=\"\" class=\"wp-image-39208\" srcset=\"https:\/\/speyer24news.com\/wp-content\/uploads\/2021\/07\/20210715_Stadtfuehrer_Einfach_Speyer_3451.jpg 800w, https:\/\/speyer24news.com\/wp-content\/uploads\/2021\/07\/20210715_Stadtfuehrer_Einfach_Speyer_3451-300x244.jpg 300w, https:\/\/speyer24news.com\/wp-content\/uploads\/2021\/07\/20210715_Stadtfuehrer_Einfach_Speyer_3451-768x625.jpg 768w\" sizes=\"(max-width: 800px) 100vw, 800px\" \/><figcaption>B\u00fcrgermeisterin Monika Kabs nimmt aus den H\u00e4nden von Miriam, Mitarbeiterin der Maudercher Werkstatt der Diakonissen Speyer, ein Exemplar des inklusiven Stadtf\u00fchrers \u201eEinfach Speyer\u201c entgegen.<br>v.l.: Gerald Kramer, Projektleitung Yvette Wagner, B\u00fcrgermeisterin Monika Kabs, Miriam Ritter, Simon Enenkel, Julian Gahn, Werkstattleitung Andreas Canali und Rebecca Bohrmann im Rollstuhl<br><em>Foto: Diakonissen Speyer<\/em><\/figcaption><\/figure><\/div>\n\n\n\n<p>\u201eDer Stadtf\u00fchrer \u201eEinfach Speyer\u201c ist eine wichtige Erg\u00e4nzung unseres touristischen Angebots\u201c, betont B\u00fcrgermeisterin Monika Kabs bei der Vorstellung der Brosch\u00fcre im Rathaus. \u201eEr ist ein verst\u00e4ndlicher und hilfreicher Leitfaden, mit dem sich Menschen mit Behinderung selbstst\u00e4ndig durch unsere Stadt bewegen und Speyer kennenlernen k\u00f6nnen.\u201c<\/p>\n\n\n\n<p>Die Bedeutung des inklusiven Stadtf\u00fchrers f\u00fcr eine selbstbestimmte Teilhabe unterstreicht auch Rebecca Bohrmann. Sie geh\u00f6rt zum Projektteam aus f\u00fcnf Besch\u00e4ftigten der Maudacher Werkstatt der Diakonissen Speyer, das unter der Leitung der freien Journalistin Yvette Wagner die Brosch\u00fcre er- stellte. \u201eEs ist wichtig, dass Menschen mit Behinderung in Speyer eingebunden sind. In unserem Stadtf\u00fchrer kann jeder alles verst\u00e4ndlich nachlesen, egal welche Einschr\u00e4nkung man hat\u201c, so Bohrmann. Wichtig ist der Projektgruppe auch, dass \u201eEinfach Speyer\u201c sich an alle Menschen richtet \u2013 ob mit oder ohne Behinderung. \u201eWir haben einen tollen Stadtf\u00fchrer gemacht, den jeder versteht\u201c, bringt es Bohrmann auf den Punkt.<\/p>\n\n\n\n<p>\u201eEinfach Speyer\u201c ist einem Spaziergang nachempfunden und gibt in leichter Sprache Auskunft \u00fcber Geschichte, Sehensw\u00fcrdigkeiten und Museen der Stadt. Projektleiterin Yvette Wagner ist Expertin f\u00fcr leichte Sprache und erl\u00e4utert deren Besonderheiten: \u201eW\u00f6rter und S\u00e4tze sind so kurz wie m\u00f6glich, lange oder unbekannte W\u00f6rter werden mit Hilfe eines Punkts optisch getrennt, Begriffe wie \u201eRitual\u201c werden eigens erkl\u00e4rt.\u201c Eine gro\u00dfe Schrift sowie eine farbige Legende sorgen zudem f\u00fcr eine gute Orientierung im Heft.<\/p>\n\n\n\n<p>Der Stadtf\u00fchrer ber\u00fccksichtigt bewusst verschiedene Beeintr\u00e4chtigungen: So gibt es zu jeder Station einen Kasten mit Serviceinformationen, z.B. zu Tastmodellen, Induktionsschleifen oder Rampen.<\/p>\n\n\n\n<p>\u201eAlle Texte des Stadtf\u00fchrers kann man au\u00dferdem als Audioversion anh\u00f6ren, wenn man die QR- Codes auf den Seiten scannt\u201c, erg\u00e4nzt Wagner. Auch besondere Angebote oder m\u00f6gliche Hindernisse f\u00fcr Menschen mit Behinderung finden Erw\u00e4hnung \u2013 oft basierend auf Erfahrungen, die die Projektgruppe bei ihren Recherchen selbst gemacht hat.<\/p>\n\n\n\n<p>Seit einigen Jahren leitet Yvette Wagner in der Maudacher Werkstatt das Redaktionsteam der Werkstattzeitung, im Gespr\u00e4ch mit den Besch\u00e4ftigten kam dort die Idee zum inklusiven Stadtf\u00fchrer auf. Die f\u00fcnfk\u00f6pfige Projektgruppe unter Wagners Leitung setzte sich aus Besch\u00e4ftigten aus Speyer und Ludwigshafen zusammen. So brachte das Team die Innen- und Au\u00dfensicht auf die Stadt ein. Die Journalistin und Werkstattleiter Andreas Canali stellten den Kontakt zur Stadt her, wo das Projekt begr\u00fc\u00dft und von Beginn an unterst\u00fctzt wurde. Nach einer Stadtf\u00fchrung im Februar 2020 verbrachte die Gruppe zwei Projekttage damit, Inhalte festzulegen, Texte zu schreiben und Bilder auszuw\u00e4hlen \u2013 neben eigenen Fotografien stellten auch die Stadt und die besuchten Einrichtungen Bildmaterial zur Verf\u00fcgung.<\/p>\n\n\n\n<p>\u201eF\u00fcr die Projektgruppe war es wichtig, dass ihr eigener Blick auf die Stadt dargestellt wird und nicht nur vorhandene Texte in leichte Sprache \u00fcbersetzt werden\u201c, erkl\u00e4rt Werkstattleiter Canali. Deshalb sind auch pers\u00f6nliche Tipps der Besch\u00e4ftigten zum Besuch in Speyer \u00fcber das Heft verteilt.<\/p>\n\n\n\n<p>Die Maudacher Werkstatt hat \u2013 wie der Name besagt \u2013 ihren Stammsitz in Ludwigshafen-Maudach. Dennoch besteht eine weitreichende Beziehung zur Domstadt. \u201eWir sind nicht nur \u00fcber die Diakonissen als Tr\u00e4ger eng mit Speyer verbunden, sondern haben seit 2008 bereits vier Arbeitsgruppen vor Ort aufgebaut, die in verschiedenen Bereichen t\u00e4tig sind \u2013 von der Montage \u00fcber unseren B\u00fcgelservice bis zur Gartengruppe\u201c, f\u00fchrt Canali aus.<\/p>\n\n\n\n<p>Die Fertigstellung und Ver\u00f6ffentlichung des inklusiven Stadtf\u00fchrers wurde durch die Pandemie immer wieder verz\u00f6gert, jetzt da aber wieder mehr Bewegungsfreiheit und Reisen m\u00f6glich sind, steht das Heft allen Interessierten kostenlos zur Verf\u00fcgung, z.B. in der st\u00e4dtischen Tourist-Info. Neben der Stadt Speyer halfen auch die Lipoid Stiftung, die Kulturstiftung Speyer und Round Table 63 Speyer als Sponsoren bei der Finanzierung des Projekts.<\/p>\n\n\n\n<p><em>Text: Stadt Speyer und Maudacher Werkstatt der Diakonissen Speyer <em>Foto: Diakonissen Speyer<\/em><br>19.07.2021<\/em><\/p>\n\n\n\n<h2 class=\"wp-block-heading\">F\u00fcr Angeh\u00f6rige von Menschen mit Demenz: Autorisiertes Zentrum f\u00fcr Validation bietet Validationsseminar im Seniorenzentrum Haus am Germansberg\u00a0<\/h2>\n\n\n\n<p><strong>Das Autorisierte Zentrum f\u00fcr Validation der Diakonissen Speyer bietet Angeh\u00f6rigen von Menschen mit Demenz in Zusammenarbeit mit dem Pflegest\u00fctzpunkt Speyer II und der Krankenkasse Barmer ab 22. Juli 202, im Haus am Germansberg ein Validationsseminar mit vier Modulen an. Christiane Gr\u00fcnewald, zertifizierte Validationsausbilderin, f\u00fchrt in die von der amerikanischen Gerontologin Naomi Feil begr\u00fcndete Kommunikationsform ein. Bei Rollenspielen und \u00dcbungen trainieren die Teilnehmer die praktische Umsetzung.<\/strong><\/p>\n\n\n\n<div class=\"wp-block-image\"><figure class=\"aligncenter size-large\"><img decoding=\"async\" loading=\"lazy\" width=\"800\" height=\"375\" src=\"https:\/\/speyer24news.com\/wp-content\/uploads\/2021\/07\/Demenz-Gedaechtnis.jpg\" alt=\"\" class=\"wp-image-39207\" srcset=\"https:\/\/speyer24news.com\/wp-content\/uploads\/2021\/07\/Demenz-Gedaechtnis.jpg 800w, https:\/\/speyer24news.com\/wp-content\/uploads\/2021\/07\/Demenz-Gedaechtnis-300x141.jpg 300w, https:\/\/speyer24news.com\/wp-content\/uploads\/2021\/07\/Demenz-Gedaechtnis-768x360.jpg 768w\" sizes=\"(max-width: 800px) 100vw, 800px\" \/><\/figure><\/div>\n\n\n\n<p>Validation ist eine Form des Umgangs mit desorientierten, sehr alten Menschen und bedeutet w\u00f6rtlich \u201eWertsch\u00e4tzung\u201c des anderen. Die amerikanische Gerontologin Naomi Feil hat diesen Weg des w\u00fcrdevollen Miteinanders Anfang der 70er Jahre entwickelt. \u201eValidation ist nicht nur f\u00fcr Pflegefachkr\u00e4fte eine wichtige Grundlage f\u00fcr den Umgang mit Menschen mit Demenz und wird in vielen unserer Seniorenzentren angewandt\u201c, betont Hedwig Neu. \u201eAuch Familienmitgliedern hilft Validation dabei, mit ihren Angeh\u00f6rigen mit Demenz erfolgreich zu kommunizieren \u2013 auch, wenn die Desorientierung weit fortgeschritten ist. Das bedeutet f\u00fcr beide Seiten mehr Lebensqualit\u00e4t.\u201c<\/p>\n\n\n\n<p>Das Seminar umfasst vier jeweils dreieinhalbst\u00fcndige Module. An vier Abenden tauschen sich die Seminarteilnehmerinnen und -teilnehmer mit anderen Angeh\u00f6rigen und der Seminarleitung \u00fcber ihre Erfahrungen im Umgang mit desorientierten Verwandten aus. Das Auftaktreferat erkl\u00e4rt, warum sich Menschen mit Altersdemenz desorientiert verhalten, und erl\u00e4utert die Grundz\u00fcge der Validation. Wie die Kommunikationsform im Pflegealltag funktioniert, zeigen Videos aus der Anwenderpraxis. Bei den \u00dcbungen lernen die Seminarteilnehmer unter anderem, eigene Bed\u00fcrfnisse von denen des betroffenen Angeh\u00f6rigen besser zu unterscheiden. Auch Diskussionen und ein Erfahrungsaustausch sind eingeplant.<\/p>\n\n\n\n<p>Der Kurs ist als Pr\u00e4senzveranstaltung geplant. Sollte dies&nbsp;Corona bedingt nicht m\u00f6glich sein, wird der Angeh\u00f6rigenkurs digital angeboten. Technische Voraussetzungen f\u00fcr die Teilnahme sind&nbsp;eine leistungsstrakte Internetverbindung, ein PC oder Laptop ausgestattet mit Kamera und Lautsprecher sowie die Installation der kostenlose App MS Teams.<\/p>\n\n\n\n<h4 class=\"wp-block-heading\">Die Seminartermine im \u00dcberblick: <\/h4>\n\n\n\n<ul><li><strong>Do., 22.07.2021, <\/strong><\/li><li><strong>Do., 05.08.2021, <\/strong><\/li><li><strong>Do., 12.08.2021 und <\/strong><\/li><li><strong>Do., 19.08.2021, <\/strong><\/li><\/ul>\n\n\n\n<p>jeweils 17.30 bis 21.00 Uhr im Seniorenzentrum \u201eHaus am Germansberg\u201c, Else-Krieg-Stra\u00dfe 2, 67346 Speyer<strong>.<\/strong>\u00a0<\/p>\n\n\n\n<p>Dank der Unterst\u00fctzung durch die Krankenkasse Barmer ist die Teilnahme kostenlos. Anmeldungen sind unter Telefon 06322 9423-734, Fax 06322 9423-731 oder E-Mail:\u00a0<a href=\"mailto:validation@diakonissen.de\" target=\"_blank\" rel=\"noreferrer noopener\">validation@diakonissen.de<\/a>\u00a0 m\u00f6glich.<\/p>\n\n\n\n<p><em>Diakonissen Speyer<br>19.07.2021<\/em><\/p>\n\n\n\n<h2 class=\"wp-block-heading\">Diakonissen Speyer: Vorsitzende der Mitarbeitervertretungen im Amt best\u00e4tigt<\/h2>\n\n\n\n<div class=\"wp-block-image\"><figure class=\"aligncenter size-large\"><img decoding=\"async\" loading=\"lazy\" width=\"800\" height=\"494\" src=\"https:\/\/speyer24news.com\/wp-content\/uploads\/2021\/07\/MAV-Baum_Querformat01.jpg\" alt=\"\" class=\"wp-image-39206\" srcset=\"https:\/\/speyer24news.com\/wp-content\/uploads\/2021\/07\/MAV-Baum_Querformat01.jpg 800w, https:\/\/speyer24news.com\/wp-content\/uploads\/2021\/07\/MAV-Baum_Querformat01-300x185.jpg 300w, https:\/\/speyer24news.com\/wp-content\/uploads\/2021\/07\/MAV-Baum_Querformat01-768x474.jpg 768w\" sizes=\"(max-width: 800px) 100vw, 800px\" \/><figcaption>v.l.: Kathrin Harnisch, Michael Hemmerich, Carmen Becker<\/figcaption><\/figure><\/div>\n\n\n\n<p>Michael Hemmerich wurde sowohl als Vorsitzender der Mitarbeitervertretungen (MAV) der Evangelischen Diakonissenanstalt Speyer als auch der Gesamtmitarbeitervertretung (GMAV) der Diakonissen Speyer im Amt best\u00e4tigt. Die Gremien der insgesamt sieben Mitarbeitervertretungen des diakonischen Komplextr\u00e4gers werden turnusm\u00e4\u00dfig alle vier Jahre gew\u00e4hlt. An der Spitze der Mitarbeitervertretung des Diakonissen-Stiftungs-Krankenhauses wurde Kathrin Harnisch erneut das Vertrauen ausgesprochen. Carmen Becker engagiert sich weiterhin als Vorsitzende der MAV der Servicegesellschaft der Evangelischen Diakonissenanstalt Speyer.<\/p>\n\n\n\n<p>Die Vorsitzenden freuen sich, dass es 2021 gelungen ist, auch junge Kolleginnen und Kollegen f\u00fcr die Gremienarbeit gewinnen zu k\u00f6nnen. Pandemiebedingt war die Stimmabgabe neben dem Urnengang auch per Briefwahl m\u00f6glich. \u201eDieses Angebot wurde sehr gut angenommen\u201c, unterstreicht Michael Hemmerich f\u00fcr das gesamte Unternehmen.<\/p>\n\n\n\n<p>\u201eDer Druck am Gesundheitsmarkt wird weiter steigen\u201c ist Hemmerich \u00fcberzeugt. Gemeinsam mit der Unternehmensleitung werden die MAV an unterschiedlichen Standorten und im Verbund der GMAV sich f\u00fcr die Arbeitsplatzsicherung eintreten und daf\u00fcr sorgen, \u201edass Patienten und Bewohner in unseren Einrichtungen gut versorgt werden\u201c, k\u00fcndigt Hemmerich an. Auch Vorstandvorsitzende Oberin Sr. Isabelle Wien dankt s\u00e4mtlichen Mitarbeitenden, die sich zur Wahl haben aufstellen lassen und bereit waren, f\u00fcr die wichtigen Gremien zu kandidieren. \u201eWir sch\u00e4tzen alles Engagement in unserem Unternehmen in der Mitarbeitervertretung f\u00fcr die Belange der Kolleginnen und Kollegen\u201c, betont die Diakonisse an der Unternehmensspitze.<\/p>\n\n\n\n<h4 class=\"wp-block-heading\">Hintergrund<\/h4>\n\n\n\n<p>Die\u00a0<strong>Evangelische Diakonissenanstalt Speyer-Mannheim-Bad D\u00fcrkheim\u00a0K.d.\u00f6.R. <\/strong>ist ein<strong>\u00a0<\/strong>sozialdiakonisches Unternehmen, das Krankenh\u00e4user in Speyer und Bad D\u00fcrkheim, das Medizinische Versorgungszentrum Rhein-Haardt, Seniorenzentren, ambulante Pflegedienste, Einrichtungen f\u00fcr Menschen mit Behinderung, Kinder und Jugendliche sowie Schulen, drei Hospize, zwei ambulante Hospiz- und Palliativberatungen und das Palliativnetzt Vorderpfalz betreibt. Hervorgegangen aus der Tradition der Diakonissen, die 1859 in Speyer und 1884 in Mannheim ihre pflegerische und soziale Arbeit begonnen haben, besch\u00e4ftigen die Diakonissen Speyer-Mannheim in ihren Einrichtungen in Rheinland-Pfalz und dem Saarland heute nahezu 5.500 Mitarbeitende. In den Einrichtungen und Diensten der Diakonissen Speyer engagieren sich zudem rund 580 ehrenamtliche Mitarbeiterinnen und Mitarbeiter.<\/p>\n\n\n\n<p><em>Diakonissen Speyer<br>19.07.2021<\/em><\/p>\n\n\n\n<h2 class=\"wp-block-heading\">Diakonissen-Stiftungs-Krankenhaus ist \u201eBester Ausbildungsbetrieb 2021\u201c<\/h2>\n\n\n\n<h3 class=\"wp-block-heading\">Das Diakonissen-Stiftungs-Krankenhaus Speyer wurde von Focus Money im Deutschland-Test als \u201eBester Ausbildungsbetrieb 2021\u201c im Bereich Gemeinn\u00fctzige Kliniken ausgezeichnet.<\/h3>\n\n\n\n<div class=\"wp-block-image\"><figure class=\"aligncenter size-large\"><img decoding=\"async\" loading=\"lazy\" width=\"800\" height=\"534\" src=\"https:\/\/speyer24news.com\/wp-content\/uploads\/2021\/07\/20210625_Physiotherapieschule-Neustadt_Praktische-Uebungen.jpg\" alt=\"\" class=\"wp-image-39205\" srcset=\"https:\/\/speyer24news.com\/wp-content\/uploads\/2021\/07\/20210625_Physiotherapieschule-Neustadt_Praktische-Uebungen.jpg 800w, https:\/\/speyer24news.com\/wp-content\/uploads\/2021\/07\/20210625_Physiotherapieschule-Neustadt_Praktische-Uebungen-300x200.jpg 300w, https:\/\/speyer24news.com\/wp-content\/uploads\/2021\/07\/20210625_Physiotherapieschule-Neustadt_Praktische-Uebungen-768x513.jpg 768w\" sizes=\"(max-width: 800px) 100vw, 800px\" \/><\/figure><\/div>\n\n\n\n<p>In den drei Fachschulen des Krankenhauses \u2013 der Diakonissen Pflegeschule Speyer, der Hebammenschule Speyer und der Physiotherapieschule Neustadt \u2013 steht eine hochwertige Ausbildung mit starkem Praxisbezug im Mittelpunkt. \u201eDie Auszeichnung w\u00fcrdigt unseren hohen Anspruch an die Ausbildung von Nachwuchskr\u00e4ften im Gesundheitsbereich\u201c, so Jonas Sewing, Gesch\u00e4ftsf\u00fchrer des Diakonissen-Stiftungs-Krankenhauses. \u201eVon der Ausbildungsqualit\u00e4t profitieren alle Beteiligten: Junge Menschen erhalten eine fundierte Berufsausbildung mit vielen Weiterentwicklungsm\u00f6glichkeiten und wir als Krankenhaus haben die Chance, nach erfolgreichem Abschluss neue, sehr gut ausgebildete Kolleginnen und Kollegen zu gewinnen.\u201c<\/p>\n\n\n\n<p>Neben der Ausbildung zur Pflegefachfrau\/zum Pflegefachmann sowie zur Gesundheits- und Krankenpflegehilfe k\u00f6nnen Interessenten den Beruf Physiotherapeut erlernen oder Hebamme werden. Zentrales Element jeder Ausbildung am Diakonissen-Stiftungs-Krankenhaus ist die praktische Anleitung. Zum einen stehen freigestellte Praxisanleiter zur Verf\u00fcgung, zum anderen vertiefen die Auszubildenden die theoretischen Inhalte in vielf\u00e4ltigen praktischen Eins\u00e4tzen \u2013 im Krankenhaus selbst oder bei Kooperationspartnern der Schulen.<\/p>\n\n\n\n<p>Innovative Lernr\u00e4ume erm\u00f6glichen zus\u00e4tzlich die Verkn\u00fcpfung von Theorie und Praxis: \u201eIn unserem Simulationskrei\u00dfsaal trainieren unsere Hebammenauszubildenden unter anderem Notfallsituationen rund um die Geburt. Das gibt Sicherheit f\u00fcr den sp\u00e4teren Berufsalltag\u201c, erl\u00e4utert Jutta Breichler, Schulleitung der Hebammenschule Speyer. Die Schule bietet neben dem dualen Bachelor-Studium Hebammenwissenschaft noch bis 2022 die fachschulische Ausbildung an.<\/p>\n\n\n\n<p>Angehende Physiotherapeuten k\u00f6nnen an der Physiotherapieschule Neustadt auf Wunsch ebenfalls ein ausbildungsbegleitendes Bachelorstudium absolvieren. Und die Ausbildung ist generell sehr gefragt: \u201eUnsere Kurse f\u00fcr 2021 sind bereits voll belegt. Das best\u00e4tigt die hohe Attraktivit\u00e4t dieses Berufes und die ausgezeichnete Ausbildungsqualit\u00e4t unserer Schule\u201c, zeigt sich Schulleitung Markus Bien \u00fcberzeugt.<\/p>\n\n\n\n<p>Alle drei Schulen orientieren sich am diakonischen Leitbild, das sich vor allem im Verh\u00e4ltnis von Lehrpersonal und Auszubildenden zeigt: \u201eDer wertsch\u00e4tzende Umgang miteinander und der pers\u00f6nliche Austausch zeichnen uns aus\u201c, best\u00e4tigt Tanja Schaller, Schulleitung der Diakonissen Pflegeschule Speyer.<\/p>\n\n\n\n<p><em>Diakonissen Speyer<br>19.07.2021<\/em><\/p>\n","protected":false},"excerpt":{"rendered":"<div class=\"mh-excerpt\"><p>Diakonissen Speyer &#8211; Mannheim \u201eHerausforderung angenommen\u201c \u2013 Erzieher und Sozialassistenten feiern Abschluss F\u00fcr 138 Auszubildende der Diakonissen Fachschule f\u00fcr Sozialwesen gab es in dieser Woche Grund zu feiern: Sie schlossen erfolgreich ihre Ausbildung in den <a class=\"mh-excerpt-more\" href=\"https:\/\/speyer24news.com\/?p=39204\" title=\"Gesundheit\">[&#8230;]<\/a><\/p>\n<\/div>","protected":false},"author":3,"featured_media":26330,"comment_status":"open","ping_status":"open","sticky":false,"template":"","format":"standard","meta":{"_monsterinsights_skip_tracking":false,"_monsterinsights_sitenote_active":false,"_monsterinsights_sitenote_note":"","_monsterinsights_sitenote_category":0,"footnotes":""},"categories":[5462],"tags":[6602,12511,244,1189,9079,12510,12504,1892,12503,1891,12502,5100,5657,12506,12507,12509,8853,955,956,6,12505,8428,12508],"aioseo_notices":[],"amp_enabled":true,"_links":{"self":[{"href":"https:\/\/speyer24news.com\/index.php?rest_route=\/wp\/v2\/posts\/39204"}],"collection":[{"href":"https:\/\/speyer24news.com\/index.php?rest_route=\/wp\/v2\/posts"}],"about":[{"href":"https:\/\/speyer24news.com\/index.php?rest_route=\/wp\/v2\/types\/post"}],"author":[{"embeddable":true,"href":"https:\/\/speyer24news.com\/index.php?rest_route=\/wp\/v2\/users\/3"}],"replies":[{"embeddable":true,"href":"https:\/\/speyer24news.com\/index.php?rest_route=%2Fwp%2Fv2%2Fcomments&post=39204"}],"version-history":[{"count":1,"href":"https:\/\/speyer24news.com\/index.php?rest_route=\/wp\/v2\/posts\/39204\/revisions"}],"predecessor-version":[{"id":39212,"href":"https:\/\/speyer24news.com\/index.php?rest_route=\/wp\/v2\/posts\/39204\/revisions\/39212"}],"wp:featuredmedia":[{"embeddable":true,"href":"https:\/\/speyer24news.com\/index.php?rest_route=\/wp\/v2\/media\/26330"}],"wp:attachment":[{"href":"https:\/\/speyer24news.com\/index.php?rest_route=%2Fwp%2Fv2%2Fmedia&parent=39204"}],"wp:term":[{"taxonomy":"category","embeddable":true,"href":"https:\/\/speyer24news.com\/index.php?rest_route=%2Fwp%2Fv2%2Fcategories&post=39204"},{"taxonomy":"post_tag","embeddable":true,"href":"https:\/\/speyer24news.com\/index.php?rest_route=%2Fwp%2Fv2%2Ftags&post=39204"}],"curies":[{"name":"wp","href":"https:\/\/api.w.org\/{rel}","templated":true}]}}