{"id":39218,"date":"2021-07-20T05:11:04","date_gmt":"2021-07-20T04:11:04","guid":{"rendered":"https:\/\/speyer24news.com\/?p=39218"},"modified":"2021-07-20T05:11:06","modified_gmt":"2021-07-20T04:11:06","slug":"polizei-642","status":"publish","type":"post","link":"https:\/\/speyer24news.com\/?p=39218","title":{"rendered":"Polizei"},"content":{"rendered":"<style type=\"text\/css\">\r\n\t.ads_top_disp{}\r\n\t.ads_top_corner_disp{ float:left; margin:0px 10px 10px 0px; }\r\n\t.ads_first_p_disp{}\r\n\t.ads_bottom_disp{}\r\n\t<\/style>\n<h2 class=\"wp-block-heading\">Polizeimeldungen vom Montag (19.07.2021)<\/h2>\n\n\n\n<div class=\"wp-block-image\"><figure class=\"aligncenter size-large\"><img decoding=\"async\" src=\"https:\/\/speyer24news.com\/wp-content\/uploads\/2019\/11\/Aktuelles-Polizeilogo.jpg\" alt=\"\" class=\"wp-image-21845\"\/><\/figure><\/div>\n\n\n\n<h2 class=\"wp-block-heading\">(Speyer) &#8211; Bei Fu\u00dfstreife Drogen aufgefunden<\/h2>\n\n\n\n<p>Bei einer Fu\u00dfstreife am Sonntagabend durch den Sch\u00fctzenpark bemerkte eine Polizeistreife gegen 21:00 Uhr leichten Marihuana Geruch. Die Spur f\u00fchrte sie letztlich zu einem 40-J\u00e4hrigen, der eine geringe Menge an Cannabis unter seiner Decke versteckte. Die Drogen wurden beschlagnahmt und ein Strafverfahren eingeleitet.<\/p>\n\n\n\n<h2 class=\"wp-block-heading\">(Schifferstadt) &#8211; Gest\u00fcrzter Radfahrer<\/h2>\n\n\n\n<p>Am Sonntagabend, gegen 17:00 Uhr, teilen Passanten einen verletzten Radfahrer am K\u00e4the-Kollwitz-Platz mit. Nach den Schilderungen des 84-j\u00e4hrigen Radfahrers habe er sein Fahrrad geschoben und sei aufgrund k\u00f6rperlichen Unwohlseins gest\u00fcrzt. Durch den Sturz zog sich der Radfahrer Sch\u00fcrfwunden am Kopf zu. Der 84-J\u00e4hrige wurde an der Unfallstelle durch den Rettungsdienst behandelt.<\/p>\n\n\n\n<h2 class=\"wp-block-heading\">(Schifferstadt) &#8211; Verkehrsunfall mit verletzter Radfahrerin<\/h2>\n\n\n\n<p>Verkehrsunfall mit verletzter Radfahrerin Schifferstadt Am Sonntag, gegen 16:00 Uhr, teilt ein Anwohner eine verletzte Frau in seiner Hofeinfahrt in der Iggelheimer Stra\u00dfe mit. Die 47-J\u00e4hrige klagte \u00fcber Schmerzen am Fu\u00df und Ellenbogen. Nach den Angaben der 47-J\u00e4hrigen befuhr diese mit ihrem Fahrrad die Iggelheimer Stra\u00dfe. Hierbei sei ihr unwohl geworden und sie haben einen schattigen Platz aufsuchen wollen. Da das Fahrrad leichte Besch\u00e4digungen aufwies, wird nach bisherigen Ermittlungen davon ausgegangen, dass die Radfahrerin ohne Fremdeinwirkung beim Absteigen gest\u00fcrzt ist. Die verletzte Radfahrerin wurde durch den Rettungsdienst in ein Krankenhaus gebracht. Zeugen, die Angaben zu dem Unfallgeschehen geben k\u00f6nnen, werden gebeten, sich mit der Polizeiinspektion Schifferstadt unter 06235 495-0 oder\u00a0<a href=\"mailto:pischifferstadt@polizei.rlp.de\">pischifferstadt@polizei.rlp.de<\/a>\u00a0in Verbindung zu setzen.<\/p>\n\n\n\n<h2 class=\"wp-block-heading\">(Hanhofen) &#8211; Pedelec-Fahrer schwer verletzt<\/h2>\n\n\n\n<p>Schwere Verletzungen erlitt am Sonntag gegen 19:00 Uhr ein 73-j\u00e4hriger Pedelec-Fahrer, der eine \u00dcberf\u00fchrung der B 39 in Richtung Iggelheimer Stra\u00dfe in Hanhofen befuhr. In einer folgenden Rechtskurve kam es zur Kollision mit einem entgegenkommenden PKW eines 59-J\u00e4hrigen. Der Radfahrer, der keinen Helm trug, kam zu Fall und musste in ein Krankenhaus verbracht werden. Sowohl die Unfallursache als auch die Schadensh\u00f6he muss derzeit noch ermittelt werden.<\/p>\n\n\n\n<p>Auch wenn f\u00fcr Radfahrer\/-innen keine Helmpflicht besteht, empfiehlt die Polizei jedem Zweiradfahrer bzw. jeder Zweiradfahrerin sich selbst durch Tragen eines Helms zu sch\u00fctzen. Schlimmere Kopfverletzungen, welche im schlimmsten Fall zum Tod f\u00fchren k\u00f6nnten, k\u00f6nnen hierdurch verhindert werden. Die Geschwindigkeiten von Pedelecs sollten alle Verkehrsteilnehmer und Verkehrsteilnehmerinnen zudem nicht untersch\u00e4tzten. Auch Autofahrer sollten dies beachten, aufmerksam sein und sich besonders in den warmen Monaten auf eine Vielzahl von Radfahrerinnen und Radfahrern einstellen.<\/p>\n\n\n\n<h2 class=\"wp-block-heading\">(Lingenfeld) &#8211; Auff\u00e4lliger geht kaum&#8230;<\/h2>\n\n\n\n<p>Wenn eine Frau w\u00e4hrend der Fahrt st\u00e4ndig durch das Panorama Dach eines PKWs auf und ab h\u00fcpft, dann kann eine Verkehrskontrolle nicht lange auf sich warten lassen. Genau so wurde am Sonntag ein Streifenteam der Polizei Germersheim auf das besagte Fahrzeug aufmerksam. Bei der anschlie\u00dfenden Kontrolle stellte sich heraus, dass sowohl die Fahrerin als auch die gut gelaunte Beifahrerin stark alkoholisiert waren. Mit knapp 1,6 Promille war der &#8222;Ausflug&#8220; f\u00fcr die 26-j\u00e4hrige Autofahrerin beendet. Ihr F\u00fchrerschein wurde sichergestellt und eine Blutprobe entnommen. Ein entsprechendes Strafverfahren wurde eingeleitet.<\/p>\n\n\n\n<h2 class=\"wp-block-heading\">(Germersheim) &#8211; Palme angez\u00fcndet, gefl\u00fcchtet, erwischt<\/h2>\n\n\n\n<p>Am 20. Juli 2021 wurde der Polizei Germersheim kurz nach Mitternacht eine brennende Palme am Paradeplatz in Germersheim gemeldet.<\/p>\n\n\n\n<p>Durch Jugendliche war eine Kokosmatte, mit welcher der Palmenstamm umwickelt war, in Brand gesetzt worden. Durch die Feuerwehr Germersheim erfolgen L\u00f6scharbeiten.<\/p>\n\n\n\n<p>Aufgrund von Zeugenhinweisen konnten die fraglichen T\u00e4ter im Bereich des Stadtparks Fronte Lamotte festgestellt werden. Wenig erfreut \u00fcber das Erscheinen der Polizei versuchten diese zu fl\u00fcchten, konnten aber im Bereich August-Keiler-Stra\u00dfe gestellt werden.<\/p>\n\n\n\n<p>Es handelte sich um einen 15- bzw. 16-J\u00e4hrigen aus Germersheim. Ein Strafverfahren wurde eingeleitet.<\/p>\n\n\n\n<h2 class=\"wp-block-heading\">(Germersheim) &#8211; Durchfahrtsverbot \u00fcberwacht<\/h2>\n\n\n\n<p>Insbesondere am Wochenende missachten Verkehrsteilnehmer das Durchfahrtsverbot bei der &#8222;Insel Gr\u00fcn&#8220; in Germersheim. Bei einer Kontrolle stellten die Beamten Sonntagabend insgesamt vier Autofahrer fest, die verbotenerweise den dortigen Weg befahren haben. Auf sie kam ein entsprechendes Verwarnungsgeld zu.<\/p>\n\n\n\n<h2 class=\"wp-block-heading\">(Kapellen-Drusweiler) &#8211; Einbrecher entwenden Blumenerde<\/h2>\n\n\n\n<p>Am 17.07.21, zwischen 22:40 und 23:00 Uhr, drangen bislang unbekannte T\u00e4ter \u00fcber einen Zaun in den Au\u00dfenbereich eines Baumarktes in Kapellen-Drusweiler ein. Dort entwendeten sie mehrere S\u00e4cke mit Blumenerde. Der Abtransport d\u00fcrfte mit einem Fahrzeug erfolgt sein. Zeugen werden gebeten sich unter 06343\/93340 oder per Email unter&nbsp;<a href=\"mailto:pibadbergzabern@polizei.rlp.de\">pibadbergzabern@polizei.rlp.de<\/a>&nbsp;mit der Polizeiinspektion Bad Bergzabern in Verbindung zu setzen.<\/p>\n\n\n\n<h2 class=\"wp-block-heading\">(Silz \/ Gossweiler-Stein \/ Birkenh\u00f6rdt) &#8211; Zweiradfahrer bei Verkehrsunf\u00e4llen verletzt<\/h2>\n\n\n\n<p>Am Sonntag, 18.07.2021, wurden gleich 3 Zweiradfahrer bei Verkehrsunf\u00e4llen verletzt. <\/p>\n\n\n\n<p>Gegen 12:20Uhr, befuhr eine 53-J\u00e4hrige aus dem Kreis S\u00fcdliche Weinstra\u00dfe mit ihrem Mofa die L493 von Silz in Richtung Vorderweidenthal. Kurz nach der Einm\u00fcndung zum Sportplatz st\u00fcrzte die Fahrerin beim Wechsel auf den Fahrradweg. Die Verletzte wurde mit dem Rettungshubschrauber in ein Krankenhaus geflogen. Zur Landung des Hubschraubers musste die Landstra\u00dfe gesperrt werden. <\/p>\n\n\n\n<p>Auf der L 494 zwischen Gossersweiler-Stein und Silz wurde zwei Kradfahrer verletzt. Ein 32-j\u00e4hriger Fahrer einer Yamaha befuhr gegen 16:40 Uhr die Landstra\u00dfe in Richtung Silz und wollte auf H\u00f6he einer Kapelle nach links abbiegen. Der nachfolgende 26-j\u00e4hrige Kradfahrer \u00fcbersah den Abbiegevorgang und konnte nicht mehr rechtzeitig abbremsen. Beim Ausweichen nach links kam es zur Kollision der beiden Kradfahrer. Die Verletzten wurden durch den Rettungsdienst in ein Krankenhaus verbracht. An den Kraftr\u00e4dern entstand ein Sachschaden in H\u00f6he von mehreren Hundert Euro. <\/p>\n\n\n\n<p>Um 17:20 Uhr befuhr ein 17-J\u00e4hriger fuhr mit seinem KRAD die Kreisstra\u00dfe 11 von Birkenh\u00f6rdt kommend in Richtung Bethof. In einer Linkskurve kam der Fahrer aufgrund nicht angepasster Geschwindigkeit nach rechts von der Fahrbahn ab und fuhr in die B\u00f6schung. Der Zweiradfahrer zog sich leichte Verletzungen zu und wurde in ein Krankenhaus verbracht. An dem Kraftrad entstand ein Sachschaden in H\u00f6he von 2500.- Euro.<\/p>\n\n\n\n<h2 class=\"wp-block-heading\">(Edesheim) &#8211; Langfinger auf dem K\u00fcnstlermarkt<\/h2>\n\n\n\n<p>Auf dem K\u00fcnstlermarkt in der Luitpoldstra\u00dfe waren am Sonntag (18.07.2021, 18 Uhr bis 19 Uhr) Langfinger unterwegs. Einem Standbetreiber wurden angeblich aus dem Fahrzeug Schmuck und Edelsteine von mehreren tausend Euro entwendet, als dieser mit Aufr\u00e4umarbeiten besch\u00e4ftigt war. Die Polizei sucht Zeugen, die Hinweise zu den Unbekannten geben k\u00f6nnen oder sonstige verd\u00e4chtige Wahrnehmungen gemacht haben. Diese werden gebeten, sich unter der Telefonnummer 06323 9550 zu melden.<\/p>\n\n\n\n<h2 class=\"wp-block-heading\">(Edenkoben) &#8211; Alkohol macht 48-J\u00e4hrigen aggressiv<\/h2>\n\n\n\n<p>Der betrunkene Streit wird immer zum schlimmsten Streit. So kam es am fr\u00fchen Sonntagmorgen (18.07.2021, 02.15 Uhr), zwischen zwei stark alkoholisierten M\u00e4nnern in einer Lokalit\u00e4t in der Luitpoldstra\u00dfe zu einer handfesten Auseinandersetzung, bei der ein 48 Jahre alter Mann mit 1,9 Promille einen 36-j\u00e4hrigen Gast mit 4,4 Promille am Hals packte und ihn in ein Geb\u00fcsch warf. Warum es zu dem Handgemenge kam, steht derzeit nicht fest. Zeugen, die die Streitigkeiten mitbekommen haben, werden gebeten, sich mit der Polizei Edenkoben unter der Telefonnummer 06323 9550 in Verbindung zu setzen.<\/p>\n\n\n\n<h2 class=\"wp-block-heading\">(Neustadt) &#8211; Gullideckel ausgehoben \/ Zeugen gesucht<\/h2>\n\n\n\n<p>Am 19.07.2021 gegen 00:40 Uhr teilten Verkehrsteilnehmer der Polizei mit, dass ein Mann in einem wei\u00dfen T-Shirt und Basecap mehrere Gullideckel in der Talstra\u00dfe ausheben w\u00fcrden. Vor Ort lagen teilweise Gullideckel mitten auf der Stra\u00dfe, teilweise wurden Gullideckel auch von Unbeteiligten wieder eingesetzt. Ein Gullideckel lag auf dem Dach eines geparkten Fahrzeuges. Die Fahndung nach dem Unbekannten blieb in der Nacht erfolglos. Die Polizei bittet um Zeugenhinweise telefonisch unter 06321 854-0 oder per E-Mail unter\u00a0<a href=\"mailto:pineustadt@polizei.rlp.de\">pineustadt@polizei.rlp.de<\/a><\/p>\n\n\n\n<h2 class=\"wp-block-heading\">(Ha\u00dfloch) &#8211; Unbekannter Verkehrsunfallgesch\u00e4digter<\/h2>\n\n\n\n<p>Am Samstag, den 17.07.2021, kam es gegen 16:15 Uhr in Ha\u00dfloch zu einem Verkehrsunfall mit Sachschaden. Eine 27-J\u00e4hrige PKW-F\u00fchrerin befuhr die Lindenstra\u00dfe in Fahrtrichtung Rennbahnstra\u00dfe und touchierte mit ihrem rechten Au\u00dfenspiegel einen am rechten Fahrbahnrand geparkten PKW. Aufgrund der Verkehrslage konnte sie nicht direkt anhalten und kam erst mit leichter Verz\u00f6gerung zur Unfallstelle zur\u00fcck. Da sie den geparkten PKW nicht mehr ausfindig machen konnte, informierte sie die Polizei Ha\u00dfloch. Zeugen, die Hinweise zu dem gesch\u00e4digten PKW geben k\u00f6nnen, sollen sich bitte bei der Polizei Ha\u00dfloch unter der Telefonnummer 06324-9330 oder per Mail an\u00a0<a href=\"mailto:pihassloch@polizei.rlp.de\">pihassloch@polizei.rlp.de<\/a>\u00a0melden.<\/p>\n\n\n\n<h2 class=\"wp-block-heading\">(Ha\u00dfloch) &#8211; Autoreifen besch\u00e4digt<\/h2>\n\n\n\n<p>Am Samstag, den 17.07.2021, kam es zwischen 15:15 Uhr und 16:00 Uhr, auf dem Bauhaus-Parkplatz in Ha\u00dfloch, zur Sachbesch\u00e4digung an einem geparkten PKW. Durch unbekannte T\u00e4terschaft wurde der linke Vorderreifen eines schwarzen Mercedes aufgeschlitzt. Der Sachschaden wurde auf 200EUR beziffert. Sachdienliche Hinweise nimmt die Polizeiinspektion Ha\u00dfloch unter 06324-9330 oder\u00a0<a href=\"mailto:pihassloch@polizei.rlp.de\">pihassloch@polizei.rlp.de<\/a>\u00a0entgegen.<\/p>\n\n\n\n<h2 class=\"wp-block-heading\">(Bad D\u00fcrkheim) &#8211; Unfallflucht in der Kirchstra\u00dfe<\/h2>\n\n\n\n<p>Ein in der Kirchenstra\u00dfe, H\u00f6he Hausnummer 33, ordnungsgem\u00e4\u00df geparkter PKW VW Golf wurde im Zeitraum vom 17.07.2021 auf den 18.07.2021 besch\u00e4digt. Das Fahrzeug war gegen 22:45 Uhr abgestellt worden, als der Halter am Morgen gegen 07:00 Uhr zum PKW zur\u00fcckkehrte, musste er feststellen, dass dieser offensichtlich durch ein vorbeifahrendes Fahrzeug gestreift und am Au\u00dfenspiegel besch\u00e4digt worden war. Es entstand Sachschaden in H\u00f6he von ca. 250EUR. Hinweise zum Unfallgeschehen nimmt die Polizeiinspektion Bad D\u00fcrkheim unter Tel. 06322-9630 oder per Mail an\u00a0<a href=\"mailto:pibadduerkheim@polizei.rlp.de\">pibadduerkheim@polizei.rlp.de<\/a><\/p>\n\n\n\n<h2 class=\"wp-block-heading\">(Erpolzheim) &#8211; Zusammensto\u00df zweier Radfahrer<\/h2>\n\n\n\n<p>Zum Zusammensto\u00df zweier Radfahrer kam es am 18.07.2021 gegen 13:35 Uhr im Bereich der Kreuzung Freinsheimer Stra\u00dfe \/ Raiffeisenstra\u00dfe in Erpolzheim. Demnach befuhren beide Radfahrer den Kreuzungsbereich, wobei es beim Abbiegen des einen Radfahrers aus Unachtsamkeit zur Kollision mit dem zweiten Radfahrer kam. Beide kamen hierbei zu Fall, verletzten sich jedoch lediglich leicht. An beiden Fahrr\u00e4dern entstand Sachschaden in Gesamth\u00f6he von ca. 500EUR.<\/p>\n\n\n\n<h2 class=\"wp-block-heading\">(Kirchheim) &#8211; Unter Drogeneinwirkung am Steuer<\/h2>\n\n\n\n<p>Bei der Kontrolle eines 22-J\u00e4hrigen aus Carlsberg bemerkten die Beamten Montagfr\u00fch Auff\u00e4lligkeiten, die auf Rauschgifteinwirkung hindeuteten. Auf Nachfrage gab der junge Mann zu, k\u00fcrzlich gekifft zu haben. Ein Test best\u00e4tigte dies. Der 22-J\u00e4hrige wurde mit zur Blutprobe genommen.<\/p>\n\n\n\n<h2 class=\"wp-block-heading\">(Gr\u00fcnstadt) &#8211; 18-J\u00e4hriger leistet Widerstand gegen Polizeibeamte<\/h2>\n\n\n\n<p>Die Besatzung eines Rettungswagens forderte Unterst\u00fctzung zu einem Feldweg am Stadtpark von Gr\u00fcnstadt an. Ein 18-J\u00e4hriger aus Frankenthal befand sich Sonntagfr\u00fch in einer hilflosen Lage und zeigte sich aggressiv gegen\u00fcber den Sanit\u00e4tern. Beim Eintreffen der Streife wollte der junge Mann in den angrenzenden Wald fl\u00fcchten, woran er von einem Polizeibeamten gehindert wurde. Der 18-J\u00e4hrige wollte sich partout nicht behandeln lassen. Er schrie herum und schlug und trat wild um sich. Dabei traf er auch einen Beamten im Gesicht (leicht verletzt). Der 18-J\u00e4hrige wurde gefesselt und ins Krankenhaus gebracht. Hier konnte er auch von seiner Mutter nicht beruhigt werden. W\u00e4hrend der Blutentnahme beleidigte er die Beamten mit \u00fcblen Schimpfworten. Im Anschluss wurde der junge Mann aufgrund Eigen- und Fremdgef\u00e4hrdung in eine Klinik verbracht.<\/p>\n\n\n\n<h2 class=\"wp-block-heading\">(Wattenheim) &#8211; Amphetamin bei Personenkontrolle sichergestellt<\/h2>\n\n\n\n<p>Beamte der PI Gr\u00fcnstadt waren einer Meldung \u00fcber eine Sachbesch\u00e4digung am Wattenheimer Sportplatz unterwegs, als sie Samstagnacht in der Speyerer Stra\u00dfe auf drei junge M\u00e4nner an einer Parkbank aufmerksam wurden. Bei der Kontrolle entdeckten sie unter der Bank ein Handy mit Amphetamin (Lines) und eine Teppichmesserklinge. Im Rahmen der Durchsuchung fanden die Beamten in der Bauchtasche des 20-J\u00e4hrigen noch ein T\u00fctchen mit wei\u00dfen Pulver. Der 20-J\u00e4hrige ist der Polizei bereits hinl\u00e4nglich bekannt.<\/p>\n\n\n\n<h2 class=\"wp-block-heading\">(Kindenheim) &#8211; Verpuffung in einem Wohnhaus<\/h2>\n\n\n\n<h3 class=\"wp-block-heading\">Gemeinsame Presseerkl\u00e4rung der Staatsanwaltschaft Frankenthal und des Polizeipr\u00e4sidium Rheinpfalz<\/h3>\n\n\n\n<p>In Kindenheim kam es am fr\u00fchen Sonntagmittag, gegen 11:25 Uhr, zu einer Verpuffung in einem Wohnhaus. Zur Ereigniszeit befanden sich zwei Personen in diesem Wohnhaus. Eine Person erlitt Verletzungen und wird in einem Krankenhaus behandelt. Die zweite Person blieb unverletzt. Zu den Umst\u00e4nden, wie es zu der Verpuffung kam, k\u00f6nnen aktuell keine Aussagen getroffen werden. Die Kriminalpolizei hat die Ermittlungen aufgenommen.<\/p>\n\n\n\n<h2 class=\"wp-block-heading\">(Frankenthal) &#8211; Verkehrsunfallflucht auf der B9<\/h2>\n\n\n\n<p>Der Gesch\u00e4digte befuhr am 18.07.2021, gegen 18.40 Uhr, mit seinem Pkw VW Passat die B9 von Frankenthal kommend in Richtung Worms auf der linken Spur. Etwa in H\u00f6he der Ausfahrt Rheinufer 2 wurde er von einem bislang unbekannten Fahrzeugf\u00fchrer zun\u00e4chst rechts \u00fcberholt, dann zog der Fahrer seinen Pkw auf die linke Spur, sodass der Gesch\u00e4digte stark abbremsen musste und die Kontrolle \u00fcber seinen Pkw verlor und im Abfahrtsbereich mit der Leitplanke kollidierte. Hierbei entstand ein gesch\u00e4tzter Schaden von etwa 5000 Euro. Der bislang unbekannte Fahrzeugf\u00fchrer fuhr mit einem gr\u00fcnen VW Golf weiter in Richtung Worms.<\/p>\n\n\n\n<p>Zeugen werden gebeten sich an die Polizeiinspektion Frankenthal unter der Tel.-Nr.: 06233\/313-0 oder an die Polizeiwache Maxdorf unter der Tel.-Nr.: 06237\/934-1100 zu wenden. Gerne nehmen wir Ihre Hinweise auch per E-Mail unter\u00a0<a href=\"mailto:pifrankenthal@polizei.rlp.de\">pifrankenthal@polizei.rlp.de<\/a>\u00a0entgegen.<\/p>\n\n\n\n<h2 class=\"wp-block-heading\">(Frankenthal) &#8211; Verkehrsunfallflucht<\/h2>\n\n\n\n<p>Der Gesch\u00e4digte stellte seinen Pkw Audi A4 in der Zeit von 17.07.2021, 16.00 Uhr, bis 18.07.2021, 12.20 Uhr, in der Stra\u00dfe Am Nu\u00dfbaum, H\u00f6he Hausnummer 44a, ab. Als er wieder zu seinem Fahrzeug kam, musste er feststellen, dass dieses durch einen bislang unbekannten Fahrzeugf\u00fchrer im Bereich des Hecks besch\u00e4digt wurde. Der Schaden wird auf etwa 200 Euro gesch\u00e4tzt.<\/p>\n\n\n\n<p>Zeugen werden gebeten sich an die Polizeiinspektion Frankenthal unter der Tel.-Nr.: 06233\/313-0 oder an die Polizeiwache Maxdorf unter der Tel.-Nr.: 06237\/934-1100 zu wenden. Gerne nehmen wir Ihre Hinweise auch per E-Mail unter\u00a0<a href=\"mailto:pifrankenthal@polizei.rlp.de\">pifrankenthal@polizei.rlp.de<\/a>\u00a0entgegen.<\/p>\n\n\n\n<h2 class=\"wp-block-heading\">(Frankenthal) &#8211; Sachbesch\u00e4digung an Pkw<\/h2>\n\n\n\n<p>Der Gesch\u00e4digte stellte seinen Pkw VW Passat in der Zeit von 17.07.2021, 22.00 Uhr, bis 18.07.2021, 09.00 Uhr, in der Vierlingstra\u00dfe ab. Als er wieder zu seinem Fahrzeug kam, musste er feststellen, dass dieser durch einen bislang unbekannten T\u00e4ter am rechten Au\u00dfenspiegel besch\u00e4digt wurde. Der Schaden wird auf etwa 200 Euro gesch\u00e4tzt.<\/p>\n\n\n\n<p>Zeugen werden gebeten sich an die Polizeiinspektion Frankenthal unter der Tel.-Nr.: 06233\/313-0 oder an die Polizeiwache Maxdorf unter der Tel.-Nr.: 06237\/934-1100 zu wenden. Gerne nehmen wir Ihre Hinweise auch per E-Mail unter\u00a0<a href=\"mailto:pifrankenthal@polizei.rlp.de\">pifrankenthal@polizei.rlp.de<\/a>\u00a0entgegen.<\/p>\n\n\n\n<h2 class=\"wp-block-heading\">(Ludwigshafen) &#8211; Unfall mit Motorradfahrer \/ Zeuginnen und Zeugen gesucht<\/h2>\n\n\n\n<p>Ein 49-j\u00e4hriger Motorradfahrer wurde am Sonntag (18.07.2021) aufgrund eines Unfalls mit einem PKW leicht verletzt. Gegen 14.30 Uhr \u00fcbersah ein 43-j\u00e4hriger PKW-Fahrer im Kreuzungsbereich Bergmann-\/Pettenkoferstra\u00dfe den von rechts kommenden Motorradfahrer. Beide Fahrzeuge kollidierten. Insgesamt entstand ein Sachschaden in H\u00f6he von 2500 Euro. Die Polizei sucht nun Zeuginnen und Zeugen, die Unfall beobachtet haben k\u00f6nnten. Sachdienliche Hinweise bitte an die Polizeiinspektion Ludwigshafen 2, Telefonnummer 0621 963-2222 oder per E-Mail&nbsp;<a href=\"mailto:piludwigshafen2@polizei.rlp.de\">piludwigshafen2@polizei.rlp.de<\/a>&nbsp;.<\/p>\n\n\n\n<h2 class=\"wp-block-heading\">(Ludwigshafen) &#8211; Unter Drogeneinfluss mit E-Scooter erwischt<\/h2>\n\n\n\n<p>Ein 20-J\u00e4hriger wurde am Sonntag (18.07.2021), gegen 12.40 Uhr, in der Bismarckstra\u00dfe dabei erwischt, wie mit einer weiteren Person auf einem E-Scooter fuhr. W\u00e4hrend der Kontrolle fiel den Polizeibeamten drogentypische Auffallerscheinungen bei dem 20-J\u00e4hrigen auf. Der 20-J\u00e4hrige wurde zu einer Polizeidienststelle gebracht, wo ihm eine Blutprobe entnommen wurde. Den F\u00fchrerschein stellte die Polizei sicher.<\/p>\n\n\n\n<h2 class=\"wp-block-heading\">(Ludwigshafen) &#8211; Unfall verursacht \/ Radfahrer gesucht<\/h2>\n\n\n\n<p>Weil ein unbekannter Fahrradfahrer am Sonntag (18.07.2021) \u00fcber eine rote Ampel fuhr, kollidierten zwei Fahrzeuge. Zwei PKW waren gegen 10 Uhr im Bereich der Saarlandstra\u00dfe unterwegs, als im Kreuzungsbereich zum Sch\u00e4nzeldamms pl\u00f6tzlich ein Radfahrer bei Rot die Fahrbahn \u00fcberquerte. Um eine Kollision mit dem Fahrradfahrer zu vermeiden, musste eine 42-j\u00e4hrige PKW-Fahrerin stark bremsen. Ein hinter ihr fahrender PKW konnte nicht mehr rechtzeitig bremsen und fuhr auf die 42-J\u00e4hrige auf. Durch den Unfall entstand ein Sachschaden in H\u00f6he von 2200 Euro. Der Radfahrer fuhr unbeirrt weiter. <\/p>\n\n\n\n<h4 class=\"wp-block-heading\">Der m\u00e4nnliche Radfahrer war:<\/h4>\n\n\n\n<ul><li><strong>circa 1,85m gro\u00df<\/strong><\/li><li><strong>circa 60 Jahre alt <\/strong><\/li><li><strong>hatte graue Haare<\/strong><\/li><li><strong>Er fuhr ein blaues Mountainbike. <\/strong><\/li><\/ul>\n\n\n\n<p>Die Polizei sucht nun den fl\u00fcchtigen Radfahrer. Sachdienliche Hinweise bitte an die Polizeiinspektion Ludwigshafen 1, Telefonnummer 0621 963-2122 oder per E-Mail\u00a0<a href=\"mailto:piludwigshafen1@polizei.rlp.de\">piludwigshafen1@polizei.rlp.de<\/a>\u00a0.<\/p>\n\n\n\n<h2 class=\"wp-block-heading\">(Ludwigshafen) &#8211; 39-J\u00e4hriger unter Drogeneinfluss unterwegs<\/h2>\n\n\n\n<p>Ein 39-j\u00e4hriger PKW-Fahrer geriet am Sonntagmorgen (18.07.2021) in eine Verkehrskontrolle in der Raschigstra\u00dfe. W\u00e4hrend der Kontrolle fiel den Polizeibeamten drogentypische Auffallerscheinungen bei dem Mann auf. Ein Schnelltest reagierte positiv auf Bet\u00e4ubungsmittel. Der 39-J\u00e4hrige wurde zu einer Polizeidienststelle gebracht, wo ihm eine Blutprobe entnommen wurde. Der Fahrzeugschl\u00fcssel sowie der F\u00fchrerschein stellte die Polizei sicher.<\/p>\n\n\n\n<h2 class=\"wp-block-heading\">(Mannheim) &#8211; Brand einer Gartenlaube im Bereich Mannheim-Neuhermsheim<\/h2>\n\n\n\n<h3 class=\"has-text-align-center wp-block-heading\">Pressemitteilung Nr. 1<\/h3>\n\n\n\n<p>Am Montag gegen 03:00 Uhr wurde ein Brand in einer Gartenlaube im Stadtteil Neuhermsheim gemeldet. Einsatzkr\u00e4fte von Feuerwehr und Polizei sind im Einsatz. Bereits beim Eintreffen der ersten Einsatzkr\u00e4fte stand eine Gartenlaube im Vollbrand. Die L\u00f6scharbeiten dauern an.<\/p>\n\n\n\n<h2 class=\"wp-block-heading\">(Mannheim) &#8211; Brand einer Gartenlaube im Bereich Mannheim-Neuhermsheim<\/h2>\n\n\n\n<h3 class=\"has-text-align-center wp-block-heading\">Pressemitteilung Nr. 2<\/h3>\n\n\n\n<p>Nachdem die Feuerwehr Mannheim gegen 03:40 Uhr vermelden konnte, dass der Brand gel\u00f6scht sei, \u00fcbernahmen die Beamten des Polizeireviers Mannheim-Oststadt zusammen mit Kollegen der Kriminalpolizei Heidelberg die ersten Ermittlungen zur Brandursache, welche bislang noch nicht abschlie\u00dfend gekl\u00e4rt werden konnte. Personen kamen bei dem Brand nicht zu schaden, die H\u00f6he des entstandenen Sachschadens an dem gemauerten Gartenhaus wird aktuell auf ca. 20.000 Euro gesch\u00e4tzt.<\/p>\n\n\n\n<h2 class=\"wp-block-heading\">(Mannheim-Innenstadt) &#8211; Fu\u00dfg\u00e4nger von Fahrzeug erfasst und verletzt<\/h2>\n\n\n\n<h3 class=\"has-text-align-center wp-block-heading\">Pressemitteilung Nr. 2<\/h3>\n\n\n\n<p>Ersten Ermittlungen zufolge trat der 32-j\u00e4hrige Fu\u00dfg\u00e4nger unachtsam vom Gehweg auf die Fahrbahn und wurde hierbei vom Au\u00dfenspiegel eines heranfahrenden Citroen mit Anh\u00e4nger erfasst. Hierbei kam der Fu\u00dfg\u00e4nger zu Fall und zog sich schwere, aber nicht lebensgef\u00e4hrliche Verletzungen zu. Der Fu\u00dfg\u00e4nger wurde nach erfolgter Erstversorgung am Unfallort mit einem Rettungswagen in ein Mannheimer Krankenhaus verbracht. W\u00e4hrend der Unfallaufnahme musste kurzzeitig der Luisenring in Fahrtrichtung Parkring gesperrt werden. Am Gespann des 40-j\u00e4hrigen Citroen-Fahrers entstand ein Sachschaden in H\u00f6he von ca. 1.500 Euro. Der Verkehrsdienst Mannheim hat die Ermittlungen aufgenommen.<\/p>\n\n\n\n<h2 class=\"wp-block-heading\">(Mannheim-Oststadt) &#8211; Zusammensto\u00df von zwei betrunkenen Fahrradfahrern<\/h2>\n\n\n\n<p>Ein aufmerksamer Passant verst\u00e4ndigte am Montag gegen 02:25 Uhr telefonisch die Polizei, nachdem er zwei sichtlich alkoholisierte Fahrradfahrer auf der Roonstra\u00dfe festgestellt hatte, die durch ihre unsichere Fahrweise auffielen.<\/p>\n\n\n\n<p>Kurz nachdem der Mann das Telefongespr\u00e4ch beendet hatte, stie\u00dfen die beiden Radfahrer zusammen und st\u00fcrzten gemeinsam auf die Fahrbahn. Dort blieben die 26-J\u00e4hrige sowie der 29-J\u00e4hrige verletzt und ineinander verkeilt liegen. Die Beamten des Polizeireviers Mannheim-Oststadt sowie ein Rettungswagen trafen nur wenig sp\u00e4ter an der \u00d6rtlichkeit ein und befreiten die Beiden. W\u00e4hrend ein freiwilliger Atemalkoholtest bei der 26-J\u00e4hrigen rund 2 Promille ergab, konnte der Wert des Atemalkohols bei dem sichtlich alkoholisierten 29-J\u00e4hrigen nicht bestimmt werden. Beide Radfahrer wurden mit einem Rettungswagen in eine naheliegende Klinik gebracht, wo ihnen auch eine Blutprobe entnommen wurde. Derzeit ist nicht bekannt, ob an den Fahrr\u00e4dern ein Sachschaden entstanden ist. Die Beamten des Polizeireviers Mannheim-Oststadt ermitteln nun wegen Verdachts der Stra\u00dfenverkehrsgef\u00e4hrdung.<\/p>\n\n\n\n<h2 class=\"wp-block-heading\">(Heidelberg \/ Dossenheim \/ B 3) &#8211; 29-J\u00e4hriger auf offener Stra\u00dfe \u00fcberfallen \/ Polizei sucht dringend Zeugen<\/h2>\n\n\n\n<div class=\"wp-block-image\"><figure class=\"aligncenter size-large\"><img decoding=\"async\" loading=\"lazy\" width=\"801\" height=\"600\" src=\"https:\/\/speyer24news.com\/wp-content\/uploads\/2020\/05\/Zeugen-gesucht-Neutral.jpg\" alt=\"\" class=\"wp-image-26598\" srcset=\"https:\/\/speyer24news.com\/wp-content\/uploads\/2020\/05\/Zeugen-gesucht-Neutral.jpg 801w, https:\/\/speyer24news.com\/wp-content\/uploads\/2020\/05\/Zeugen-gesucht-Neutral-300x225.jpg 300w, https:\/\/speyer24news.com\/wp-content\/uploads\/2020\/05\/Zeugen-gesucht-Neutral-768x575.jpg 768w, https:\/\/speyer24news.com\/wp-content\/uploads\/2020\/05\/Zeugen-gesucht-Neutral-678x509.jpg 678w, https:\/\/speyer24news.com\/wp-content\/uploads\/2020\/05\/Zeugen-gesucht-Neutral-326x245.jpg 326w, https:\/\/speyer24news.com\/wp-content\/uploads\/2020\/05\/Zeugen-gesucht-Neutral-80x60.jpg 80w\" sizes=\"(max-width: 801px) 100vw, 801px\" \/><\/figure><\/div>\n\n\n\n<p>Ein 29-J\u00e4hriger war am Sonntag gegen 02:45 Uhr zu Fu\u00df in Richtung Dossenheim unterwegs, als er auf dem Gehweg entlang der B3 von drei Unbekannten angesprochen und \u00fcberfallen wurde.<\/p>\n\n\n\n<p>Nach Passieren des Ortsausgangs Heidelberg kamen ihm auf H\u00f6he einer dortigen Kneipe drei M\u00e4nner entgegen. Einer von diesen z\u00fcckte sofort ein Messer und forderte den 29-J\u00e4hrigen auf, seine Wertsachen auszuh\u00e4ndigen. Daraufhin \u00fcbergab dieser den T\u00e4tern eine Schachtel Zigaretten sowie seine Autoschl\u00fcssel. Die Unbekannten nahmen die Gegenst\u00e4nde an sich und fl\u00fcchteten sofort zu Fu\u00df in Richtung Heidelberg. Der unverletzte 29-J\u00e4hrige verst\u00e4ndigte zun\u00e4chst Angeh\u00f6rige und im Anschluss die Polizei. Trotz den sofort eingeleiteten Fahndungsma\u00dfnahmen konnten die T\u00e4ter bislang nicht gefasst werden. Den Unbekannten gelang es nicht das Fahrzeug des 29-J\u00e4hrigen ausfindig zu machen. Ein weiterer Schaden entstand demzufolge nicht. Das Raubdezernat der Kriminalpolizeidirektion Heidelberg hat die Ermittlungen aufgenommen und sucht dringend Zeugen, die Angaben zu den T\u00e4tern sowie deren Fluchtrichtung machen k\u00f6nnen.<\/p>\n\n\n\n<h4 class=\"wp-block-heading\">Die drei T\u00e4ter werden wie folgt beschrieben: <\/h4>\n\n\n\n<ul><li><strong>M\u00e4nnlich<\/strong><\/li><li><strong>ca. 20-25 Jahre alt <\/strong><\/li><li><strong>ca. 180 cm gro\u00df<\/strong><\/li><li><strong>Die drei Unbekannten waren dunkel gekleidet und trugen helle Schuhe. <\/strong><\/li><li><strong>Zwei der drei T\u00e4ter fielen zudem durch eine Basecap auf.<\/strong><\/li><\/ul>\n\n\n\n<p>Zeugen werden gebeten, sich unter dem kriminalpolizeilichen Hinweistelefon unter der Tel.: 0621 174 4444 zu melden.<\/p>\n\n\n\n<h2 class=\"wp-block-heading\">(Heidelberg-Pfaffengrund) &#8211; Verkehrszeichen umgefahren und abgehauen \/ Polizei sucht Zeugen<\/h2>\n\n\n\n<p>Die Polizei sucht Zeugen eines Verkehrsunfalls, der sich bereits am 13.07.2021 im Stadtteil Pfaffengrund ereignet hat. Eine Zeugin meldete gegen 16.45 Uhr, dass in der Eppelheimer Stra\u00dfe in H\u00f6he der Kreuzung zum Diebsweg ein Verkehrszeichen auf dem Radweg liegt. Eine Polizeistreife konnte an der Unfallstelle feststellen, dass das Verkehrszeichen tats\u00e4chlich komplett abgeknickt quer \u00fcber dem Radweg lag. Offenbar hatte es ein Lastwagenfahrer bei einem Abbiegevorgang \u00fcberfahren und anschlie\u00dfend seinen Weg einfach fortgesetzt. An der Unfallstelle konnte noch das Fahrzeugteil eines Lastwagens aufgefunden werden.<\/p>\n\n\n\n<p>Die durch das abgeknickte Verkehrszeichen entstandene Boden\u00f6ffnung wurde durch Mitarbeiter der Stadt Heidelberg abgesichert und das Verkehrszeichen entfernt.<\/p>\n\n\n\n<p>Zeugen, die den Unfall beobachtet haben und sachdienliche Hinweise zum Unfallverursacher geben k\u00f6nnen, werden gebeten, sich beim Polizeirevier Heidelberg-S\u00fcd, Tel.: 06221\/3418-0 zu melden.<\/p>\n\n\n\n<h2 class=\"wp-block-heading\">(Sch\u00f6nbrunn \/ L 595  \/ Rhein-Neckar-Kreis) &#8211; Frontalzusammensto\u00df zweier Fahrzeuge. Rettungshubschrauber im Einsatz. Vollsperrung der L 595 zwischen Allem\u00fchl und Sch\u00f6nbrunn.<\/h2>\n\n\n\n<h3 class=\"has-text-align-center wp-block-heading\">Pressemeldung Nr. 1<\/h3>\n\n\n\n<p>Am Montagabend gegen 17.20 Uhr kam es zu einem Frontalzusammensto\u00df zweier Fahrzeuge auf der L595 zwischen Allem\u00fchl und Sch\u00f6nbrunn. Die Strecke ist derzeit voll gesperrt. Ein Rettungshubschrauber ist im Einsatz. Der Verkehr wird \u00f6rtlich umgeleitet.<\/p>\n\n\n\n<h2 class=\"wp-block-heading\">(Sch\u00f6nbrunn \/ L 595 \/ Rhein-Neckar-Kreis) &#8211; Frontalzusammensto\u00df zweier Fahrzeuge \/ Rettungshubschrauber im Einsatz \/ Vollsperrung der L 595 zwischen Allem\u00fchl und Sch\u00f6nbrunn<\/h2>\n\n\n\n<h3 class=\"has-text-align-center wp-block-heading\">Pressemeldung Nr. 2<\/h3>\n\n\n\n<p>Ersten Ermittlungen zufolge befuhr am 19.07.2021, gegen 17.20 Uhr, ein 36-j\u00e4hriger Mercedes-Fahrer die L 595 von Allem\u00fchl kommend in Richtung Sch\u00f6nbrunn. Beim \u00dcberholen eines Fahrradfahrers geriet er hierbei auf die Gegenfahrbahn und kollidierte mit einem entgegenkommenden Fiat Panda, der von einem 23-J\u00e4hrigen gef\u00fchrt wurde. Hierdurch wurde der Fiat Panda nach rechts von der Fahrbahn abgewiesen und kam auf der Fahrerseite an der abfallenden B\u00f6schung zum Liegen. Durch den Verkehrsunfall wurden beide Fahrzeugf\u00fchrer schwer, aber nicht lebensgef\u00e4hrlich verletzt. Beide Personen wurden mit einem Rettungshubschrauber bzw. einem Rettungswagen in umliegende Krankenh\u00e4user verbracht. W\u00e4hrend der Unfallaufnahme wurde die Landesstra\u00dfe bis zur Freigabe gegen 20.20 Uhr voll gesperrt. Durch den Aufprall wurden beide Fahrzeuge erheblich besch\u00e4digt und mussten abgeschleppt werden. Der Gesamtschaden an den Fahrzeugen betr\u00e4gt ca. 40.000 Euro. Der Verkehrsdienst Heidelberg hat die Ermittlungen aufgenommen.<\/p>\n\n\n\n<h2 class=\"wp-block-heading\">(Sch\u00f6nbrunn \/ K 4105 \/ Rhein-Neckar-Kreis) &#8211; Gest\u00fcrzter Motorradfahrer zwischenzeitlich verstorben<\/h2>\n\n\n\n<h3 class=\"has-text-align-center wp-block-heading\">Pressemitteilung Nr. 2<\/h3>\n\n\n\n<div class=\"wp-block-image\"><figure class=\"aligncenter size-large\"><img decoding=\"async\" loading=\"lazy\" width=\"800\" height=\"533\" src=\"https:\/\/speyer24news.com\/wp-content\/uploads\/2021\/01\/Ruhe-in-Frieden.jpg\" alt=\"\" class=\"wp-image-32361\" srcset=\"https:\/\/speyer24news.com\/wp-content\/uploads\/2021\/01\/Ruhe-in-Frieden.jpg 800w, https:\/\/speyer24news.com\/wp-content\/uploads\/2021\/01\/Ruhe-in-Frieden-300x200.jpg 300w, https:\/\/speyer24news.com\/wp-content\/uploads\/2021\/01\/Ruhe-in-Frieden-768x512.jpg 768w\" sizes=\"(max-width: 800px) 100vw, 800px\" \/><\/figure><\/div>\n\n\n\n<p>Nach dem bisherigen Kenntnisstand befuhr der 20-j\u00e4hrige Fahrer einer Suzuki die K 4105 von Mossbrunn in Richtung Hirschhorn. Beim Befahren einer Rechtskurve verlor er die Kontrolle \u00fcber sein Motorrad, st\u00fcrzte und geriet in den Gegenverkehr, wo er mit einem PKW Dacia zusammenstie\u00df und schwer verletzt wurde. Trotz eingeleiteter Reanimationsma\u00dfnahmen erlag der 20-j\u00e4hrige noch an der Unfallstelle seinen Verletzungen. Ein Rettungshubschrauber stand bereits zum Abtransport des Verletzten bereit, kam aber nicht mehr zum Einsatz. Die Dacia-Fahrerin erlitt einen Schock. Zur Unfallaufnahme wurde ein Sachverst\u00e4ndiger hinzugezogen. Die Fahrbahn war Sonntag bis gegen 19.30 Uhr voll gesperrt. Beide Fahrzeuge wurden abgeschleppt. Der Sachschaden wird auf ca. 11.000,- Euro gesch\u00e4tzt.<\/p>\n\n\n\n<h2 class=\"wp-block-heading\">(Sinsheim \/ A 6 <strong>\/ Rhein-Neckar-Kreis) &#8211;<\/strong> Auffahrunfall mit drei beteiligten Fahrzeugen \/ Zeugen gesucht<\/h2>\n\n\n\n<p>Bei einem Auffahrunfall auf der A 6 bei Sinsheim wurde eine 37-j\u00e4hrige Beteiligte leicht verletzt. Die 37-J\u00e4hrige war am Sonntag kurz vor 16 Uhr mit ihrem Audi auf der A 6 in Richtung Heilbronn unterwegs. In H\u00f6he der Anschlussstelle Sinsheim musste sie verkehrsbedingt wegen R\u00fcckstaus bis zum Stillstand abbremsen. Auch der nachfolgende 55-j\u00e4hrige Alfa-Romeo-Fahrer kam rechtzeitig zum Stehen. Ein dahinter herannahender Sattelzugfahrer hupte noch und fuhr anschlie\u00dfend dem 55-J\u00e4hrigen auf und schob diesen gegen den Audi. Sowohl der Fahrer des Alfa-Romeo als auch die Audi-Fahrerin steuerten anschlie\u00dfend zur Unfallaufnahme den Standstreifen an, der Fahrer des Sattelzugs hingegen fuhr einfach weiter.<\/p>\n\n\n\n<p>Durch den Aufprall erlitt die 37-j\u00e4hrige Fahrerin des Audi leichte Verletzungen und begab sich selbst\u00e4ndig in \u00e4rztliche Behandlung. \u00dcber Art und Schwere ihrer Verletzungen liegen keinen n\u00e4heren Informationen vor.<\/p>\n\n\n\n<p>Die beiden Pkw blieben fahrbereit, es war nur geringf\u00fcgiger Sachschaden entstanden.<\/p>\n\n\n\n<p>Eine Beschreibung des unfallverursachenden Sattelzugs sowie dessen Fahrers konnte bislang nicht erlangt werden.<\/p>\n\n\n\n<p>Zeugen, die auf dem Unfall aufmerksam geworden sind und sachdienliche Hinweise geben k\u00f6nnen, werden gebeten, sich bei der Autobahnpolizei Walldorf, Tel.: 06227\/35829-0 zu melden.<\/p>\n\n\n\n<h2 class=\"wp-block-heading\">(Sinsheim \/ Rhein-Neckar-Kreis) &#8211; R\u00fccksichtsloser Autofahrer gef\u00e4hrdet andere Verkehrsteilnehmer \/ Zeugen und weitere Gesch\u00e4digte gesucht<\/h2>\n\n\n\n<p>Ein unbekannter Autofahrer war am fr\u00fchen Sonntagnachmittag in r\u00fccksichtsloser Fahrweise auf einem Feldweg in Sinsheim unterwegs. Der Unbekannte war gegen 13.30 Uhr mit einem Audi auf dem Feldweg entlang des Bahndamms vom Haltepunkt &#8222;Sinsheim Museum\/Arena&#8220; in Richtung Schwimmbadweg unterwegs. Dabei fuhr er, trotz hohen Fu\u00dfg\u00e4ngeraufkommens mit gleichbleibend nicht angepasster Geschwindigkeit. Dabei hupte er fortw\u00e4hrend. Mehrere Fu\u00dfg\u00e4nger wichen dem Audi aus, machten dessen Fahrer auf seine r\u00fccksichtslose Fahrweise aufmerksam und versuchten erfolglos zum Reduzieren der Geschwindigkeit zu bringen. Im weiteren Verlauf seiner Fahrt passierte er eine 62-j\u00e4hrige Radfahrerin, die in gleicher Richtung unterwegs war, mit einem Abstand von nur wenigen Zentimetern. Die 62-J\u00e4hrige meldete den Vorfall anschlie\u00dfend der Polizei.<\/p>\n\n\n\n<p>Laut Angaben von Zeugen sollen an dem Audi HD-Kennzeichen angebracht gewesen sein und im Fahrzeuginneren befanden sich zwei junge M\u00e4nner.<\/p>\n\n\n\n<p>Die weiteren Ermittlungen wegen Stra\u00dfenverkehrsgef\u00e4hrdung durch das Polizeirevier Sinsheim dauern an.<\/p>\n\n\n\n<p>Zeugen, die sachdienliche Hinweise zum Fahrer des Audi geben k\u00f6nnen und weitere Gesch\u00e4digte, die durch das Verhalten des Audi-Fahrers gef\u00e4hrdet wurden, werden gebeten, sich beim Polizeirevier Sinsheim, Tel.: 07261\/690-0 zu melden.<\/p>\n\n\n\n<h2 class=\"wp-block-heading\">(Hemsbach \/ A 5 \/ Rhein-Neckar-Kreis) &#8211; Brand eines Getreidefeldes \/ Polizei und Feuerwehr im Einsatz<\/h2>\n\n\n\n<h3 class=\"has-text-align-center wp-block-heading\">Pressemitteilung Nr.1<\/h3>\n\n\n\n<p>Derzeit (19.07.2021 \u2013 15:52) befinden sich Polizei und Feuerwehr aufgrund eines Brandes auf einem Getreidefeld nahe der A5 im Einsatz. Mehrere hundert Quadratmeter des Feldes sowie mehrere Strohballen gerieten aus bislang ungekl\u00e4rter Ursache in Flammen.<\/p>\n\n\n\n<p>Aufgrund des Feuers kommt es derzeit im Bereich zwischen Hemsbach und der Anschlussstelle Hemsbach (A5) zu starker Rauchentwicklung. Der Verkehr ist bislang nicht beeintr\u00e4chtigt.<\/p>\n","protected":false},"excerpt":{"rendered":"<div class=\"mh-excerpt\"><p>Polizeimeldungen vom Montag (19.07.2021) (Speyer) &#8211; Bei Fu\u00dfstreife Drogen aufgefunden Bei einer Fu\u00dfstreife am Sonntagabend durch den Sch\u00fctzenpark bemerkte eine Polizeistreife gegen 21:00 Uhr leichten Marihuana Geruch. Die Spur f\u00fchrte sie letztlich zu einem 40-J\u00e4hrigen, <a class=\"mh-excerpt-more\" href=\"https:\/\/speyer24news.com\/?p=39218\" title=\"Polizei\">[&#8230;]<\/a><\/p>\n<\/div>","protected":false},"author":3,"featured_media":26162,"comment_status":"open","ping_status":"open","sticky":false,"template":"","format":"standard","meta":{"_monsterinsights_skip_tracking":false,"_monsterinsights_sitenote_active":false,"_monsterinsights_sitenote_note":"","_monsterinsights_sitenote_category":0,"footnotes":""},"categories":[12],"tags":[3614,702,61,2555,6955,6986,6263,63,105,11150,6987,53,4854,4683,1548,102,213,55,5261,103,106,2803,2423,427,2625,380,62,104,979,1565],"aioseo_notices":[],"amp_enabled":true,"_links":{"self":[{"href":"https:\/\/speyer24news.com\/index.php?rest_route=\/wp\/v2\/posts\/39218"}],"collection":[{"href":"https:\/\/speyer24news.com\/index.php?rest_route=\/wp\/v2\/posts"}],"about":[{"href":"https:\/\/speyer24news.com\/index.php?rest_route=\/wp\/v2\/types\/post"}],"author":[{"embeddable":true,"href":"https:\/\/speyer24news.com\/index.php?rest_route=\/wp\/v2\/users\/3"}],"replies":[{"embeddable":true,"href":"https:\/\/speyer24news.com\/index.php?rest_route=%2Fwp%2Fv2%2Fcomments&post=39218"}],"version-history":[{"count":1,"href":"https:\/\/speyer24news.com\/index.php?rest_route=\/wp\/v2\/posts\/39218\/revisions"}],"predecessor-version":[{"id":39219,"href":"https:\/\/speyer24news.com\/index.php?rest_route=\/wp\/v2\/posts\/39218\/revisions\/39219"}],"wp:featuredmedia":[{"embeddable":true,"href":"https:\/\/speyer24news.com\/index.php?rest_route=\/wp\/v2\/media\/26162"}],"wp:attachment":[{"href":"https:\/\/speyer24news.com\/index.php?rest_route=%2Fwp%2Fv2%2Fmedia&parent=39218"}],"wp:term":[{"taxonomy":"category","embeddable":true,"href":"https:\/\/speyer24news.com\/index.php?rest_route=%2Fwp%2Fv2%2Fcategories&post=39218"},{"taxonomy":"post_tag","embeddable":true,"href":"https:\/\/speyer24news.com\/index.php?rest_route=%2Fwp%2Fv2%2Ftags&post=39218"}],"curies":[{"name":"wp","href":"https:\/\/api.w.org\/{rel}","templated":true}]}}