{"id":39280,"date":"2021-07-21T07:24:03","date_gmt":"2021-07-21T06:24:03","guid":{"rendered":"https:\/\/speyer24news.com\/?p=39280"},"modified":"2021-07-21T07:24:05","modified_gmt":"2021-07-21T06:24:05","slug":"hochwasser-speyer-5","status":"publish","type":"post","link":"https:\/\/speyer24news.com\/?p=39280","title":{"rendered":"Hochwasser Speyer"},"content":{"rendered":"<style type=\"text\/css\">\r\n\t.ads_top_disp{}\r\n\t.ads_top_corner_disp{ float:left; margin:0px 10px 10px 0px; }\r\n\t.ads_first_p_disp{}\r\n\t.ads_bottom_disp{}\r\n\t<\/style>\n<h2 class=\"wp-block-heading\"><strong>Informationen zur Hochwasserlage: Sperrung der Industriestra\u00dfe H\u00f6he Joachim-Becher-Stra\u00dfe und H\u00f6he Deichmeisterei<\/strong><\/h2>\n\n\n\n<div class=\"wp-block-image\"><figure class=\"aligncenter size-large\"><img decoding=\"async\" loading=\"lazy\" width=\"800\" height=\"600\" src=\"https:\/\/speyer24news.com\/wp-content\/uploads\/2021\/07\/Hochwasser-Sperrung-2.jpg\" alt=\"\" class=\"wp-image-38935\" srcset=\"https:\/\/speyer24news.com\/wp-content\/uploads\/2021\/07\/Hochwasser-Sperrung-2.jpg 800w, https:\/\/speyer24news.com\/wp-content\/uploads\/2021\/07\/Hochwasser-Sperrung-2-300x225.jpg 300w, https:\/\/speyer24news.com\/wp-content\/uploads\/2021\/07\/Hochwasser-Sperrung-2-768x576.jpg 768w, https:\/\/speyer24news.com\/wp-content\/uploads\/2021\/07\/Hochwasser-Sperrung-2-678x509.jpg 678w, https:\/\/speyer24news.com\/wp-content\/uploads\/2021\/07\/Hochwasser-Sperrung-2-326x245.jpg 326w, https:\/\/speyer24news.com\/wp-content\/uploads\/2021\/07\/Hochwasser-Sperrung-2-80x60.jpg 80w\" sizes=\"(max-width: 800px) 100vw, 800px\" \/><\/figure><\/div>\n\n\n\n<p>Die Stadtverwaltung informiert, dass die Industriestra\u00dfe in H\u00f6he Joachim-Becher-Stra\u00dfe und H\u00f6he Deichmeisterei in der Nacht zum Dienstag, 20. Juli 2021 wegen vollst\u00e4ndiger \u00dcberflutung der Fahrbahn voll gesperrt wurde.<\/p>\n\n\n\n<p>Im Bereich der Industriestra\u00dfe \/ Heinkelstra\u00dfe ist eine Vorsperre und eine Umleitung \u00fcber die Heinkelstra\u00dfe \u2013 Am Neuen Rheinhafen ins Pleiad Gebiet aufgebaut. Des Weiteren wurde im Bereich Industriestra\u00dfe \/ Rheinh\u00e4user Stra\u00dfe eine Vollsperre ohne Wendem\u00f6glichkeit f\u00fcr LKW eingerichtet.<\/p>\n\n\n\n<p>Da die Stra\u00dfenverkehrsbeh\u00f6rde mehrfach Verst\u00f6\u00dfe gegen die Sperrungen feststellen musste und unter anderem die Absperrungen eigenh\u00e4ndig ge\u00f6ffnet und nicht wieder verschlossen wurden, bittet die Stadtverwaltung dringend, die Absperrma\u00dfnahmen zu befolgen.<\/p>\n\n\n\n<p><em>Text: Stadtverwaltung Speyer Foto: Speyer 24\/7 News<br>21.07.2021<\/em><\/p>\n\n\n\n<h2 class=\"wp-block-heading\">Wasserstand am Pegel Speyer<\/h2>\n\n\n\n<h3 class=\"wp-block-heading\">Am 21.07.21 um 8 Uhr nur noch 7,48 m &#8211; Tendenz weiter stark fallend<\/h3>\n\n\n\n<div class=\"wp-block-image\"><figure class=\"aligncenter size-large\"><img decoding=\"async\" loading=\"lazy\" width=\"800\" height=\"490\" src=\"https:\/\/speyer24news.com\/wp-content\/uploads\/2021\/07\/Hochwasser-21.07.21.png\" alt=\"\" class=\"wp-image-39281\" srcset=\"https:\/\/speyer24news.com\/wp-content\/uploads\/2021\/07\/Hochwasser-21.07.21.png 800w, https:\/\/speyer24news.com\/wp-content\/uploads\/2021\/07\/Hochwasser-21.07.21-300x184.png 300w, https:\/\/speyer24news.com\/wp-content\/uploads\/2021\/07\/Hochwasser-21.07.21-768x470.png 768w\" sizes=\"(max-width: 800px) 100vw, 800px\" \/><\/figure><\/div>\n\n\n\n<h4 class=\"wp-block-heading\">Aktuelle Messungen und Entwicklungen zum Pegelstand Speyer finden sie unter: <a href=\"https:\/\/www.hochwasser-rlp.de\/karte\/einzelpegel\/flussgebiet\/rhein\/teilgebiet\/oberrhein\/pegel\/SPEYER\">Hochwassermeldedienst &#8211; Landesamt f\u00fcr Umwelt Rheinland-Pfalz (hochwasser-rlp.de)<\/a><\/h4>\n\n\n\n<p><em>Landesamt f\u00fcr Umwelt Rheinland-Pfalz<br>21.07.2021<\/em><\/p>\n","protected":false},"excerpt":{"rendered":"<div class=\"mh-excerpt\"><p>Informationen zur Hochwasserlage: Sperrung der Industriestra\u00dfe H\u00f6he Joachim-Becher-Stra\u00dfe und H\u00f6he Deichmeisterei Die Stadtverwaltung informiert, dass die Industriestra\u00dfe in H\u00f6he Joachim-Becher-Stra\u00dfe und H\u00f6he Deichmeisterei in der Nacht zum Dienstag, 20. Juli 2021 wegen vollst\u00e4ndiger \u00dcberflutung der <a class=\"mh-excerpt-more\" href=\"https:\/\/speyer24news.com\/?p=39280\" title=\"Hochwasser Speyer\">[&#8230;]<\/a><\/p>\n<\/div>","protected":false},"author":3,"featured_media":38933,"comment_status":"open","ping_status":"open","sticky":false,"template":"","format":"standard","meta":{"_monsterinsights_skip_tracking":false,"_monsterinsights_sitenote_active":false,"_monsterinsights_sitenote_note":"","_monsterinsights_sitenote_category":0,"footnotes":""},"categories":[9],"tags":[2826,9726,12436,2827,9557,12445,12473,12446],"aioseo_notices":[],"amp_enabled":true,"_links":{"self":[{"href":"https:\/\/speyer24news.com\/index.php?rest_route=\/wp\/v2\/posts\/39280"}],"collection":[{"href":"https:\/\/speyer24news.com\/index.php?rest_route=\/wp\/v2\/posts"}],"about":[{"href":"https:\/\/speyer24news.com\/index.php?rest_route=\/wp\/v2\/types\/post"}],"author":[{"embeddable":true,"href":"https:\/\/speyer24news.com\/index.php?rest_route=\/wp\/v2\/users\/3"}],"replies":[{"embeddable":true,"href":"https:\/\/speyer24news.com\/index.php?rest_route=%2Fwp%2Fv2%2Fcomments&post=39280"}],"version-history":[{"count":1,"href":"https:\/\/speyer24news.com\/index.php?rest_route=\/wp\/v2\/posts\/39280\/revisions"}],"predecessor-version":[{"id":39282,"href":"https:\/\/speyer24news.com\/index.php?rest_route=\/wp\/v2\/posts\/39280\/revisions\/39282"}],"wp:featuredmedia":[{"embeddable":true,"href":"https:\/\/speyer24news.com\/index.php?rest_route=\/wp\/v2\/media\/38933"}],"wp:attachment":[{"href":"https:\/\/speyer24news.com\/index.php?rest_route=%2Fwp%2Fv2%2Fmedia&parent=39280"}],"wp:term":[{"taxonomy":"category","embeddable":true,"href":"https:\/\/speyer24news.com\/index.php?rest_route=%2Fwp%2Fv2%2Fcategories&post=39280"},{"taxonomy":"post_tag","embeddable":true,"href":"https:\/\/speyer24news.com\/index.php?rest_route=%2Fwp%2Fv2%2Ftags&post=39280"}],"curies":[{"name":"wp","href":"https:\/\/api.w.org\/{rel}","templated":true}]}}