{"id":39284,"date":"2021-07-21T07:35:43","date_gmt":"2021-07-21T06:35:43","guid":{"rendered":"https:\/\/speyer24news.com\/?p=39284"},"modified":"2021-07-21T07:36:52","modified_gmt":"2021-07-21T06:36:52","slug":"historisches-museum-der-pfalz-speyer-14","status":"publish","type":"post","link":"https:\/\/speyer24news.com\/?p=39284","title":{"rendered":"Historisches Museum der Pfalz Speyer"},"content":{"rendered":"<style type=\"text\/css\">\r\n\t.ads_top_disp{}\r\n\t.ads_top_corner_disp{ float:left; margin:0px 10px 10px 0px; }\r\n\t.ads_first_p_disp{}\r\n\t.ads_bottom_disp{}\r\n\t<\/style>\n<div class=\"wp-block-image\"><figure class=\"aligncenter size-large\"><img decoding=\"async\" loading=\"lazy\" width=\"800\" height=\"600\" src=\"https:\/\/speyer24news.com\/wp-content\/uploads\/2020\/12\/Historisches-Museum-vom-Dom.jpg\" alt=\"\" class=\"wp-image-31877\" srcset=\"https:\/\/speyer24news.com\/wp-content\/uploads\/2020\/12\/Historisches-Museum-vom-Dom.jpg 800w, https:\/\/speyer24news.com\/wp-content\/uploads\/2020\/12\/Historisches-Museum-vom-Dom-300x225.jpg 300w, https:\/\/speyer24news.com\/wp-content\/uploads\/2020\/12\/Historisches-Museum-vom-Dom-768x576.jpg 768w, https:\/\/speyer24news.com\/wp-content\/uploads\/2020\/12\/Historisches-Museum-vom-Dom-678x509.jpg 678w, https:\/\/speyer24news.com\/wp-content\/uploads\/2020\/12\/Historisches-Museum-vom-Dom-326x245.jpg 326w, https:\/\/speyer24news.com\/wp-content\/uploads\/2020\/12\/Historisches-Museum-vom-Dom-80x60.jpg 80w\" sizes=\"(max-width: 800px) 100vw, 800px\" \/><\/figure><\/div>\n\n\n\n<h2 class=\"wp-block-heading\">Prominenter Besuch im Historischen Museum der Pfalz<\/h2>\n\n\n\n<div class=\"wp-block-image\"><figure class=\"aligncenter size-large\"><img decoding=\"async\" loading=\"lazy\" width=\"800\" height=\"533\" src=\"https:\/\/speyer24news.com\/wp-content\/uploads\/2021\/07\/Rendezvous_Vogel2.jpg\" alt=\"\" class=\"wp-image-39285\" srcset=\"https:\/\/speyer24news.com\/wp-content\/uploads\/2021\/07\/Rendezvous_Vogel2.jpg 800w, https:\/\/speyer24news.com\/wp-content\/uploads\/2021\/07\/Rendezvous_Vogel2-300x200.jpg 300w, https:\/\/speyer24news.com\/wp-content\/uploads\/2021\/07\/Rendezvous_Vogel2-768x512.jpg 768w\" sizes=\"(max-width: 800px) 100vw, 800px\" \/><figcaption>Ministerpr\u00e4sident a.D. Bernhard Vogel (l.) mit Museumsdirektor Alexander Schubert in der Rendezvous-Ausstellung im Historischen Museum der Pfalz.<br><em>Foto: Historisches Museum der Pfalz Speyer \/ Sabrina Albers<\/em><\/figcaption><\/figure><\/div>\n\n\n\n<p>Prominenten Besuch empfing Museumsdirektor Alexander Schubert im Historischen Museum der Pfalz Speyer. Der ehemalige Ministerpr\u00e4sident von Rheinland-Pfalz und Th\u00fcringen Bernhard Vogel kam in Begleitung des fr\u00fcheren politischen Chefreporters der Tageszeitung \u201eDie Welt\u201c Peter Schmalz, um sich die neu er\u00f6ffnete Ausstellung \u201eRendezvous. Frankreichs Milit\u00e4r in der Pfalz 1945 \u2013 1999\u201c zeigen zu lassen. <\/p>\n\n\n\n<p>Die Schau thematisiert die spannende Zeit nach dem Zweiten Weltkrieg, als die dauerhafte Auss\u00f6hnung der \u201aErbfeinde\u2018 Frankreich und Deutschland gelang. Bernhard Vogel war nicht nur Zeitzeuge dieser bedeutenden \u00c4ra der V\u00f6lkerverst\u00e4ndigung, sondern selbst ma\u00dfgeblicher Akteur. Von 1979 bis 1983 war er als rheinland-pf\u00e4lzischer Ministerpr\u00e4sident zugleich Bevollm\u00e4chtigter der Bundesrepublik Deutschland f\u00fcr kulturelle Angelegenheiten im Rahmen des Vertrages \u00fcber die deutsch-franz\u00f6sische Zusammenarbeit und damit Frankreichs deutscher Ansprechpartner f\u00fcr alle Fragen der Kultur und Bildung. Mit entsprechend gro\u00dfem Interesse vollzog Vogel die in der Ausstellung gezeigte Chronologie der Ereignisse nach und lie\u00df sich von den vielen, zum Teil sehr pers\u00f6nlichen Zeitzeugnissen beeindrucken. \u201eKompakt, inhaltsstark und sehr gut gemacht\u201c, lautete am Ende des einst\u00fcndigen Rundgangs das Fazit des Ministerpr\u00e4sidenten a.D., der dem Museumsdirektor eine \u201egl\u00fcckliche Hand bei der Themenauswahl\u201c attestierte.<\/p>\n\n\n\n<div class=\"wp-block-image\"><figure class=\"aligncenter size-large\"><img decoding=\"async\" loading=\"lazy\" width=\"800\" height=\"533\" src=\"https:\/\/speyer24news.com\/wp-content\/uploads\/2021\/07\/Rendezvous_Vogel1.jpg\" alt=\"\" class=\"wp-image-39286\" srcset=\"https:\/\/speyer24news.com\/wp-content\/uploads\/2021\/07\/Rendezvous_Vogel1.jpg 800w, https:\/\/speyer24news.com\/wp-content\/uploads\/2021\/07\/Rendezvous_Vogel1-300x200.jpg 300w, https:\/\/speyer24news.com\/wp-content\/uploads\/2021\/07\/Rendezvous_Vogel1-768x512.jpg 768w\" sizes=\"(max-width: 800px) 100vw, 800px\" \/><figcaption>Ministerpr\u00e4sident a.D. Bernhard Vogel (l.) mit Museumsdirektor Alexander Schubert in der Rendezvous-Ausstellung im Historischen Museum der Pfalz.<br><em>Foto: Historisches Museum der Pfalz Speyer \/ Sabrina Albers<\/em><\/figcaption><\/figure><\/div>\n\n\n\n<p>Die Ausstellung \u201eRendezvous. Frankreichs Milit\u00e4r in der Pfalz 1945 \u2013 1999\u201c ist noch bis 29. Januar 2022 t\u00e4glich, au\u00dfer montags von 10 bis 18 Uhr im Historischen Museum der Pfalz zu sehen. &nbsp;WeitereInformationen unter&nbsp;<a href=\"https:\/\/deref-web.de\/mail\/client\/O8hjddZLn4E\/dereferrer\/?redirectUrl=http%3A%2F%2Fwww.museum.speyer.de\" target=\"_blank\" rel=\"noreferrer noopener\">www.museum.speyer.de<\/a><\/p>\n\n\n\n<p><em>Text: Historisches Museum der Pfalz Speyer Foto: Historisches Museum der Pfalz Speyer \/ Sabrina Albers<br>21.07.2021<\/em><\/p>\n","protected":false},"excerpt":{"rendered":"<div class=\"mh-excerpt\"><p>Prominenter Besuch im Historischen Museum der Pfalz Prominenten Besuch empfing Museumsdirektor Alexander Schubert im Historischen Museum der Pfalz Speyer. Der ehemalige Ministerpr\u00e4sident von Rheinland-Pfalz und Th\u00fcringen Bernhard Vogel kam in Begleitung des fr\u00fcheren politischen Chefreporters <a class=\"mh-excerpt-more\" href=\"https:\/\/speyer24news.com\/?p=39284\" title=\"Historisches Museum der Pfalz Speyer\">[&#8230;]<\/a><\/p>\n<\/div>","protected":false},"author":3,"featured_media":31878,"comment_status":"open","ping_status":"open","sticky":false,"template":"","format":"standard","meta":{"_monsterinsights_skip_tracking":false,"_monsterinsights_sitenote_active":false,"_monsterinsights_sitenote_note":"","_monsterinsights_sitenote_category":0,"footnotes":""},"categories":[14],"tags":[52,861,1191,540,577,2200,12524],"aioseo_notices":[],"amp_enabled":true,"_links":{"self":[{"href":"https:\/\/speyer24news.com\/index.php?rest_route=\/wp\/v2\/posts\/39284"}],"collection":[{"href":"https:\/\/speyer24news.com\/index.php?rest_route=\/wp\/v2\/posts"}],"about":[{"href":"https:\/\/speyer24news.com\/index.php?rest_route=\/wp\/v2\/types\/post"}],"author":[{"embeddable":true,"href":"https:\/\/speyer24news.com\/index.php?rest_route=\/wp\/v2\/users\/3"}],"replies":[{"embeddable":true,"href":"https:\/\/speyer24news.com\/index.php?rest_route=%2Fwp%2Fv2%2Fcomments&post=39284"}],"version-history":[{"count":2,"href":"https:\/\/speyer24news.com\/index.php?rest_route=\/wp\/v2\/posts\/39284\/revisions"}],"predecessor-version":[{"id":39288,"href":"https:\/\/speyer24news.com\/index.php?rest_route=\/wp\/v2\/posts\/39284\/revisions\/39288"}],"wp:featuredmedia":[{"embeddable":true,"href":"https:\/\/speyer24news.com\/index.php?rest_route=\/wp\/v2\/media\/31878"}],"wp:attachment":[{"href":"https:\/\/speyer24news.com\/index.php?rest_route=%2Fwp%2Fv2%2Fmedia&parent=39284"}],"wp:term":[{"taxonomy":"category","embeddable":true,"href":"https:\/\/speyer24news.com\/index.php?rest_route=%2Fwp%2Fv2%2Fcategories&post=39284"},{"taxonomy":"post_tag","embeddable":true,"href":"https:\/\/speyer24news.com\/index.php?rest_route=%2Fwp%2Fv2%2Ftags&post=39284"}],"curies":[{"name":"wp","href":"https:\/\/api.w.org\/{rel}","templated":true}]}}