{"id":39292,"date":"2021-07-21T10:34:12","date_gmt":"2021-07-21T09:34:12","guid":{"rendered":"https:\/\/speyer24news.com\/?p=39292"},"modified":"2021-07-21T10:34:14","modified_gmt":"2021-07-21T09:34:14","slug":"boehl-iggelheim-6","status":"publish","type":"post","link":"https:\/\/speyer24news.com\/?p=39292","title":{"rendered":"B\u00f6hl-Iggelheim"},"content":{"rendered":"<style type=\"text\/css\">\r\n\t.ads_top_disp{}\r\n\t.ads_top_corner_disp{ float:left; margin:0px 10px 10px 0px; }\r\n\t.ads_first_p_disp{}\r\n\t.ads_bottom_disp{}\r\n\t<\/style>\n<h2 class=\"wp-block-heading\"><strong>Das Pixelprojekt_B\u00f6hl-Iggelheim geht in den Endspurt!<\/strong><\/h2>\n\n\n\n<div class=\"wp-block-image\"><figure class=\"aligncenter size-large\"><img decoding=\"async\" loading=\"lazy\" width=\"800\" height=\"573\" src=\"https:\/\/speyer24news.com\/wp-content\/uploads\/2021\/06\/Pixel-Projekt-Vorder.png\" alt=\"\" class=\"wp-image-37663\" srcset=\"https:\/\/speyer24news.com\/wp-content\/uploads\/2021\/06\/Pixel-Projekt-Vorder.png 800w, https:\/\/speyer24news.com\/wp-content\/uploads\/2021\/06\/Pixel-Projekt-Vorder-300x215.png 300w, https:\/\/speyer24news.com\/wp-content\/uploads\/2021\/06\/Pixel-Projekt-Vorder-768x550.png 768w\" sizes=\"(max-width: 800px) 100vw, 800px\" \/><\/figure><\/div>\n\n\n\n<p>Mit gro\u00dfem Interesse begutachtet die Jury des Fotowettbewerbes die ersten eingereichten Fotos. Bis\u00a0<strong>13. August 2021<\/strong>\u00a0k\u00f6nnen\u00a0Profis, Amateure und Jugend\u00a0noch ihre kreativen Schnappsch\u00fcsse bei der Gemeindeverwaltung unter\u00a0<a href=\"mailto:pixelprojekt@boehl-iggelheim.de\" target=\"_blank\" rel=\"noreferrer noopener\">pixelprojekt@boehl-iggelheim.de<\/a>\u00a0einreichen.<\/p>\n\n\n\n<p>Ber\u00fccksichtigt werden allerlei Fotografien, die Schaupl\u00e4tze der Gemeinde B\u00f6hl-Iggelheim zeigen. Dies k\u00f6nnen\u00a0historische Geb\u00e4ude, Denkm\u00e4ler und Wahrzeichen sein, jedoch auch Wald-, Tier- und Naturlandschaften oder Motive, die mit Sport oder dem Gemeinde- bzw. Vereinsleben im Zusammenhang stehen.<\/p>\n\n\n\n<div class=\"wp-block-image\"><figure class=\"aligncenter size-large\"><img decoding=\"async\" loading=\"lazy\" width=\"800\" height=\"420\" src=\"https:\/\/speyer24news.com\/wp-content\/uploads\/2021\/07\/14.06.2021_Rheinpfalz_Das-Dorf-in-Pixeln.jpg\" alt=\"\" class=\"wp-image-39293\" srcset=\"https:\/\/speyer24news.com\/wp-content\/uploads\/2021\/07\/14.06.2021_Rheinpfalz_Das-Dorf-in-Pixeln.jpg 800w, https:\/\/speyer24news.com\/wp-content\/uploads\/2021\/07\/14.06.2021_Rheinpfalz_Das-Dorf-in-Pixeln-300x158.jpg 300w, https:\/\/speyer24news.com\/wp-content\/uploads\/2021\/07\/14.06.2021_Rheinpfalz_Das-Dorf-in-Pixeln-768x403.jpg 768w\" sizes=\"(max-width: 800px) 100vw, 800px\" \/><figcaption>Beitrag in &#8222;Der Rheinpfalz&#8220; \u00fcber den Fotowettbewerb von Julia K\u00f6ller<br><em>Foto: Lenz<\/em><\/figcaption><\/figure><\/div>\n\n\n\n<p>Also Vereine, Profis, Amateure und Jugend: Ran an die Kamera! Werdet kreativ und zeigt uns was B\u00f6hl-Iggelheim ausmacht!<\/p>\n\n\n\n<h4 class=\"wp-block-heading\">Weitere Infos zum Fotowettbewerb finden Sie unter\u00a0<a href=\"https:\/\/deref-web.de\/mail\/client\/gBxbUUPll-g\/dereferrer\/?redirectUrl=https%3A%2F%2Fwww.boehl-iggelheim.de%2Fgv_boehl_iggelheim%2FAktuelles%2FPixelprojekt_B%25C3%25B6hl-Iggelheim%2F\" target=\"_blank\" rel=\"noreferrer noopener\">https:\/\/www.boehl-iggelheim.de\/gv_boehl_iggelheim\/Aktuelles\/Pixelprojekt_B%C3%B6hl-Iggelheim\/<\/a>.<\/h4>\n\n\n\n<p><em>B\u00f6hl-Iggelheim<br>21.07.2021<\/em><\/p>\n","protected":false},"excerpt":{"rendered":"<div class=\"mh-excerpt\"><p>Das Pixelprojekt_B\u00f6hl-Iggelheim geht in den Endspurt! Mit gro\u00dfem Interesse begutachtet die Jury des Fotowettbewerbes die ersten eingereichten Fotos. Bis\u00a013. August 2021\u00a0k\u00f6nnen\u00a0Profis, Amateure und Jugend\u00a0noch ihre kreativen Schnappsch\u00fcsse bei der Gemeindeverwaltung unter\u00a0pixelprojekt@boehl-iggelheim.de\u00a0einreichen. Ber\u00fccksichtigt werden allerlei Fotografien, <a class=\"mh-excerpt-more\" href=\"https:\/\/speyer24news.com\/?p=39292\" title=\"B\u00f6hl-Iggelheim\">[&#8230;]<\/a><\/p>\n<\/div>","protected":false},"author":3,"featured_media":25640,"comment_status":"open","ping_status":"open","sticky":false,"template":"","format":"standard","meta":{"_monsterinsights_skip_tracking":false,"_monsterinsights_sitenote_active":false,"_monsterinsights_sitenote_note":"","_monsterinsights_sitenote_category":0,"footnotes":""},"categories":[10],"tags":[6330,220,94,12067,6331,12066,12065],"aioseo_notices":[],"amp_enabled":true,"_links":{"self":[{"href":"https:\/\/speyer24news.com\/index.php?rest_route=\/wp\/v2\/posts\/39292"}],"collection":[{"href":"https:\/\/speyer24news.com\/index.php?rest_route=\/wp\/v2\/posts"}],"about":[{"href":"https:\/\/speyer24news.com\/index.php?rest_route=\/wp\/v2\/types\/post"}],"author":[{"embeddable":true,"href":"https:\/\/speyer24news.com\/index.php?rest_route=\/wp\/v2\/users\/3"}],"replies":[{"embeddable":true,"href":"https:\/\/speyer24news.com\/index.php?rest_route=%2Fwp%2Fv2%2Fcomments&post=39292"}],"version-history":[{"count":1,"href":"https:\/\/speyer24news.com\/index.php?rest_route=\/wp\/v2\/posts\/39292\/revisions"}],"predecessor-version":[{"id":39294,"href":"https:\/\/speyer24news.com\/index.php?rest_route=\/wp\/v2\/posts\/39292\/revisions\/39294"}],"wp:featuredmedia":[{"embeddable":true,"href":"https:\/\/speyer24news.com\/index.php?rest_route=\/wp\/v2\/media\/25640"}],"wp:attachment":[{"href":"https:\/\/speyer24news.com\/index.php?rest_route=%2Fwp%2Fv2%2Fmedia&parent=39292"}],"wp:term":[{"taxonomy":"category","embeddable":true,"href":"https:\/\/speyer24news.com\/index.php?rest_route=%2Fwp%2Fv2%2Fcategories&post=39292"},{"taxonomy":"post_tag","embeddable":true,"href":"https:\/\/speyer24news.com\/index.php?rest_route=%2Fwp%2Fv2%2Ftags&post=39292"}],"curies":[{"name":"wp","href":"https:\/\/api.w.org\/{rel}","templated":true}]}}