{"id":39322,"date":"2021-07-21T11:29:48","date_gmt":"2021-07-21T10:29:48","guid":{"rendered":"https:\/\/speyer24news.com\/?p=39322"},"modified":"2021-07-21T11:29:50","modified_gmt":"2021-07-21T10:29:50","slug":"hassloch-109","status":"publish","type":"post","link":"https:\/\/speyer24news.com\/?p=39322","title":{"rendered":"Ha\u00dfloch"},"content":{"rendered":"<style type=\"text\/css\">\r\n\t.ads_top_disp{}\r\n\t.ads_top_corner_disp{ float:left; margin:0px 10px 10px 0px; }\r\n\t.ads_first_p_disp{}\r\n\t.ads_bottom_disp{}\r\n\t<\/style>\n<h2 class=\"wp-block-heading\">Neuer Ukulele-Kurs an der Musikschule<\/h2>\n\n\n\n<h3 class=\"wp-block-heading\">Auch das neue Semester ab Oktober bietet noch freie Pl\u00e4tze<\/h3>\n\n\n\n<div class=\"wp-block-image\"><figure class=\"aligncenter size-large\"><img decoding=\"async\" loading=\"lazy\" width=\"400\" height=\"242\" src=\"https:\/\/speyer24news.com\/wp-content\/uploads\/2019\/12\/Hassloch-Musikschule.png\" alt=\"\" class=\"wp-image-23475\" srcset=\"https:\/\/speyer24news.com\/wp-content\/uploads\/2019\/12\/Hassloch-Musikschule.png 400w, https:\/\/speyer24news.com\/wp-content\/uploads\/2019\/12\/Hassloch-Musikschule-300x182.png 300w\" sizes=\"(max-width: 400px) 100vw, 400px\" \/><\/figure><\/div>\n\n\n\n<p>Am <strong>30. August 2021<\/strong> startet an der Musikschule Ha\u00dfloch ein neuer Ukulele-Kurs f\u00fcr Anf\u00e4nger (Erwachsene). Der Spa\u00df am gemeinsamen Musizieren und das Lernen ohne Zwang in einer sympathischen Gruppe von Gleichgesinnten stehen hierbei im Vordergrund. Vorkenntnisse sind nicht erforderlich. Ein Leihinstrument wird bei Bedarf zur Verf\u00fcgung gestellt.<\/p>\n\n\n\n<p>Der Kurs umfasst sechs Termine. Die Unterrichtseinheiten haben eine L\u00e4nge von jeweils 60 Minuten. Los geht es am 30. August um 19:00 Uhr im Kammermusiksaal der Ha\u00dflocher Musikschule. Die Kursleitung \u00fcbernimmt Heiko Seiberth. Die Kosten pro Teilnehmer liegen bei 55,00 Euro (inkl. Leihgeb\u00fchr). Eine Anmeldung ist erforderlich und ab sofort m\u00f6glich. Anmeldungen sind telefonisch unter 06324\/935-191 sowie per Mail an <a href=\"mailto:musikschule@hassloch.de\">musikschule@hassloch.de<\/a> m\u00f6glich.<\/p>\n\n\n\n<p>Im September starten au\u00dferdem neue Eltern-Kind-Kurse. Durch das gemeinsame Singen und Musizieren in verschiedenen Tonalit\u00e4ten, im Spiel mit T\u00fcchern und Rasseln und beim Lauschen in der Geborgenheit der Eltern wird schon den ganz Kleinen fr\u00fch Musik mit auf den Weg gegeben. Das Angebot der Musikschulm\u00e4use richtet an Kinder ab sechs Monaten. Beginn ist am <strong>06. September<\/strong>. Am selben Tag starten auch die Musikschulzwerge f\u00fcr Kinder ab eineinhalb Jahren. Die Kurse werden durch Rie Mattil geleitet.<\/p>\n\n\n\n<p>Zum <strong>01. Oktober<\/strong> beginnt dar\u00fcber hinaus das neue Semester, welches Unterrichtsangebote f\u00fcr alle Instrumente und Altersklassen vorh\u00e4lt. Die Musikschule macht darauf aufmerksam, dass in vielen Kursen noch Pl\u00e4tze zu vergeben sind. F\u00fcr Erwachsene gibt es au\u00dferdem die M\u00f6glichkeit, eine 10er-Karte zu buchen. Ebenso kann ein Schnuppermonat gebucht werden. Fragen hierzu beantwortet die Musikschule telefonisch unter 06324\/935-191 oder per Mail an <a href=\"mailto:musikschule@hassloch.de\">musikschule@hassloch.de<\/a>.<\/p>\n\n\n\n<p><em>Gemeindeverwaltung Ha\u00dfloch<br>21.07.2021<\/em><\/p>\n\n\n\n<h2 class=\"wp-block-heading\">Die W\u00e4rmeEffizienzKampagne (WEK) Ha\u00dfloch geht in die dritte Runde<\/h2>\n\n\n\n<h3 class=\"wp-block-heading\">Vortrag: Cleveres Heizen und L\u00fcften<\/h3>\n\n\n\n<p>Am 05. August 2021 um 19:00 Uhr findet der dritte Online-Vortrag der Reihe \u201eWelche Heizung passt zu meinem Haus?\u201c im Rahmen der W\u00e4rmeEffizienzKampagne in der Gemeinde Ha\u00dfloch statt. Der dritte Vortrag vermittelt interessierten B\u00fcrger\/innen Informationen, wie man mit geringen Anpassungen des eigenen Verhaltens ohne Komfortverlust effizienter heizen kann. Im zweiten Teil des Vortrags werden au\u00dferdem Tipps zum Betrieb und zur Wartung der bestehenden und der neuen Heizungsanlage gegeben und es k\u00f6nnen Fragen an Fachexperten gestellt werden. <\/p>\n\n\n\n<p>Ob der eigene Energieverbrauch zu hoch ist, wird vor allem im Vergleich mit \u00e4hnlichen Geb\u00e4uden deutlich. Richtig Heizen und L\u00fcften kann zu einer deutlichen Reduzierung des Energieverbrauchs und der damit verbundenen Kosten f\u00fchren. Bereits bei einer Verringerung der Raumtemperatur um ein Grad Celsius k\u00f6nnen sechs Prozent Energie eingespart werden. Auch bei der Warmwasserbereitung, die oft zentral \u00fcber die Heizung erfolgt, l\u00e4sst sich mit einfachen Ma\u00dfnahmen Energie einsparen. Der Unterschied zwischen einer Nachtabsenkung und -abschaltung und wie sinnvoll diese sind, wird ebenfalls Programmpunkt im dritten Online-Vortrag der Reihe \u201eWelche Heizung passt zu meinem Haus?\u201c sein. Die Gemeinde Ha\u00dfloch ist Gastgeberin der Online-Veranstaltung.<strong> Anmeldungen sind bis 05.August 2021<\/strong> um 16:00 Uhr unter <a href=\"http:\/\/www.earlp.de\/wekh3\">www.earlp.de\/wekh3<\/a> m\u00f6glich. Die Teilnahme ist kostenfrei. <\/p>\n\n\n\n<p>Der Vortrag ist Teil der landesweiten W\u00e4rmeEffizienzKampagne (WEK) der Energieagentur Rheinland-Pfalz und ihrer Kooperationspartner (Verbraucherzentrale Rheinland-Pfalz, Handwerkskammer sowie die SHK Fachverb\u00e4nde in Rheinland-Pfalz). Die WEK Ha\u00dfloch ist am 24. Juni 2021 mit 34 Teilnehmer\/innen erfolgreich gestartet und verschaffte den Teilnehmenden einen \u00dcberblick \u00fcber verschiedene Heizsysteme. Der zweite Vortrag stellte das Heizen mit W\u00e4rmepumpen in den Mittelpunkt und stie\u00df am 15. Juli ebenfalls auf reges Interesse. Die dritte Veranstaltung am 05. August 2021 ist gleichzeitig die letzte im Rahmen der Vortragsreihe.<\/p>\n\n\n\n<p><em>Gemeindeverwaltung Ha\u00dfloch<br>21.07.2021<\/em><\/p>\n","protected":false},"excerpt":{"rendered":"<div class=\"mh-excerpt\"><p>Neuer Ukulele-Kurs an der Musikschule Auch das neue Semester ab Oktober bietet noch freie Pl\u00e4tze Am 30. August 2021 startet an der Musikschule Ha\u00dfloch ein neuer Ukulele-Kurs f\u00fcr Anf\u00e4nger (Erwachsene). Der Spa\u00df am gemeinsamen Musizieren <a class=\"mh-excerpt-more\" href=\"https:\/\/speyer24news.com\/?p=39322\" title=\"Ha\u00dfloch\">[&#8230;]<\/a><\/p>\n<\/div>","protected":false},"author":3,"featured_media":25888,"comment_status":"open","ping_status":"open","sticky":false,"template":"","format":"standard","meta":{"_monsterinsights_skip_tracking":false,"_monsterinsights_sitenote_active":false,"_monsterinsights_sitenote_note":"","_monsterinsights_sitenote_category":0,"footnotes":""},"categories":[235],"tags":[180,291,3184,1633,12538,12537,12539],"aioseo_notices":[],"amp_enabled":true,"_links":{"self":[{"href":"https:\/\/speyer24news.com\/index.php?rest_route=\/wp\/v2\/posts\/39322"}],"collection":[{"href":"https:\/\/speyer24news.com\/index.php?rest_route=\/wp\/v2\/posts"}],"about":[{"href":"https:\/\/speyer24news.com\/index.php?rest_route=\/wp\/v2\/types\/post"}],"author":[{"embeddable":true,"href":"https:\/\/speyer24news.com\/index.php?rest_route=\/wp\/v2\/users\/3"}],"replies":[{"embeddable":true,"href":"https:\/\/speyer24news.com\/index.php?rest_route=%2Fwp%2Fv2%2Fcomments&post=39322"}],"version-history":[{"count":1,"href":"https:\/\/speyer24news.com\/index.php?rest_route=\/wp\/v2\/posts\/39322\/revisions"}],"predecessor-version":[{"id":39323,"href":"https:\/\/speyer24news.com\/index.php?rest_route=\/wp\/v2\/posts\/39322\/revisions\/39323"}],"wp:featuredmedia":[{"embeddable":true,"href":"https:\/\/speyer24news.com\/index.php?rest_route=\/wp\/v2\/media\/25888"}],"wp:attachment":[{"href":"https:\/\/speyer24news.com\/index.php?rest_route=%2Fwp%2Fv2%2Fmedia&parent=39322"}],"wp:term":[{"taxonomy":"category","embeddable":true,"href":"https:\/\/speyer24news.com\/index.php?rest_route=%2Fwp%2Fv2%2Fcategories&post=39322"},{"taxonomy":"post_tag","embeddable":true,"href":"https:\/\/speyer24news.com\/index.php?rest_route=%2Fwp%2Fv2%2Ftags&post=39322"}],"curies":[{"name":"wp","href":"https:\/\/api.w.org\/{rel}","templated":true}]}}