{"id":39326,"date":"2021-07-21T11:56:33","date_gmt":"2021-07-21T10:56:33","guid":{"rendered":"https:\/\/speyer24news.com\/?p=39326"},"modified":"2021-07-21T11:56:34","modified_gmt":"2021-07-21T10:56:34","slug":"hockenheim-82","status":"publish","type":"post","link":"https:\/\/speyer24news.com\/?p=39326","title":{"rendered":"Hockenheim"},"content":{"rendered":"<style type=\"text\/css\">\r\n\t.ads_top_disp{}\r\n\t.ads_top_corner_disp{ float:left; margin:0px 10px 10px 0px; }\r\n\t.ads_first_p_disp{}\r\n\t.ads_bottom_disp{}\r\n\t<\/style>\n<h2 class=\"wp-block-heading\">Kreis-Impfung geht in die zweite Runde<\/h2>\n\n\n\n<div class=\"wp-block-image\"><figure class=\"aligncenter size-large\"><img decoding=\"async\" loading=\"lazy\" width=\"800\" height=\"533\" src=\"https:\/\/speyer24news.com\/wp-content\/uploads\/2020\/11\/vaccination-2722937_1920.jpg\" alt=\"\" class=\"wp-image-31275\" srcset=\"https:\/\/speyer24news.com\/wp-content\/uploads\/2020\/11\/vaccination-2722937_1920.jpg 800w, https:\/\/speyer24news.com\/wp-content\/uploads\/2020\/11\/vaccination-2722937_1920-300x200.jpg 300w, https:\/\/speyer24news.com\/wp-content\/uploads\/2020\/11\/vaccination-2722937_1920-768x512.jpg 768w\" sizes=\"(max-width: 800px) 100vw, 800px\" \/><\/figure><\/div>\n\n\n\n<p>Insgesamt knapp 1600 Personen erhielten in der zweiten Juniwoche (8. bis 12. Juni) in der Stadthalle Hockenheim eine Corona-Impfung mit dem mRNA-Impfstoff der Firma Moderna. Das f\u00fcr die Impfaktion verantwortliche Organisationsteam der Stadtverwaltung Hockenheim weist darauf hin, dass die zweite Impfung f\u00fcr diese Personen in der Woche zwischen Dienstag, 20. Juli und Samstag, 24. Juli, in der Stadthalle Hockenheim stattfindet. Die betroffenen Personen bekamen die individuellen Impftermine bereits im Rahmen der Erstimpfung mitgeteilt.<\/p>\n\n\n\n<p>Eine Verlegung der bekanntgegebenen Termine auf einen sp\u00e4teren Zeitpunkt ist leider nicht m\u00f6glich, weil das ausf\u00fchrende Mobile Impf-Team des Rhein-Neckar-Kreises nur in der kommenden Woche in Hockenheim sein wird. Bei Fragen rund um die zweite Impfung oder bei Personen, die den Termin der Zweitimpfung vergessen haben, stehen auch in der Woche Mitarbeiter per E-Mail unter <a href=\"mailto:impfung@stadthalle-hockenheim.de\">impfung@stadthalle-hockenheim.de<\/a> oder \u00fcber die Impf-Hotline unter 06205 21-334 bei Fragen zur Verf\u00fcgung.<\/p>\n\n\n\n<p><em>Stadtverwaltung Hockenheim<br>21.07.2021<\/em><\/p>\n\n\n\n<h2 class=\"wp-block-heading\">Digital denken und handeln<\/h2>\n\n\n\n<div class=\"wp-block-image\"><figure class=\"aligncenter size-large\"><img decoding=\"async\" loading=\"lazy\" width=\"800\" height=\"433\" src=\"https:\/\/speyer24news.com\/wp-content\/uploads\/2021\/07\/2021-07-16-Verwaltung_Digitalisierung-und-Ausbildung.jpg\" alt=\"\" class=\"wp-image-39328\" srcset=\"https:\/\/speyer24news.com\/wp-content\/uploads\/2021\/07\/2021-07-16-Verwaltung_Digitalisierung-und-Ausbildung.jpg 800w, https:\/\/speyer24news.com\/wp-content\/uploads\/2021\/07\/2021-07-16-Verwaltung_Digitalisierung-und-Ausbildung-300x162.jpg 300w, https:\/\/speyer24news.com\/wp-content\/uploads\/2021\/07\/2021-07-16-Verwaltung_Digitalisierung-und-Ausbildung-768x416.jpg 768w\" sizes=\"(max-width: 800px) 100vw, 800px\" \/><figcaption>Treiben die Digitalisierung der Stadtverwaltung Hockenheim voran: Christian Schleyer, Viola Settegast (beide IT-Abteilung), OB Marcus Zeitler, Judith B\u00f6seke und Christian Stalf (beide Kommunikation) im B\u00fcrgersaal mit digitalen Endger\u00e4ten und Zertifikaten (v.l.). <br><em>Foto: Stadtverwaltung Hockenheim \/ Fotografen Lenhardt<\/em><\/figcaption><\/figure><\/div>\n\n\n\n<p>Die Digitalisierung der Stadtverwaltung Hockenheim und ihrer Einrichtungen geht immer weiter voran. In den letzten zwei Jahren konnten einige Neuerungen eingef\u00fchrt werden. F\u00fcr Oberb\u00fcrgermeister Marcus Zeitler ist das ein Herzensanliegen. Denn: Viele Verwaltungsvorg\u00e4nge und Anliegen k\u00f6nnen so bequem von zu Hause aus erledigt werden \u2013 eine echte Hilfe w\u00e4hrend der Corona-Zeit und dar\u00fcber hinaus auch noch kunden- und b\u00fcrgerfreundlich dazu. Diese Ver\u00e4nderungen setzen auch entsprechende Weiterbildungen voraus. Aus diesem Grund haben die Social Media-Redakteurin der Stadt Hockenheim, Judith B\u00f6seke, und Pressesprecher Christian Stalf jetzt eine Weiterbildung zum Strategen f\u00fcr Digitale Kommunikation bei der Deutschen Gesellschaft f\u00fcr Public Relations (DAPR) absolviert.<\/p>\n\n\n\n<p>Namhafte Referenten vermittelten in der einmonatigen Online-Schulung fundiertes theoretisches Wissen in Kombination mit praxisorientierten \u00dcbungen rund um die digitale Kommunikation. Als Inhalte wurden beispielsweise Analyse, F\u00fchrung und Umsetzung bei digitalen Prozesse, mobiles Marketing und Suchmaschinen-Marketing sowie Optimierung in der Praxis vermittelt. Im Anschluss legten Christian Stalf und Judith B\u00f6seke beide erfolgreich die Pr\u00fcfung zum \u201eDigital Strategist\u201c (DAPR) ab. \u201eEine interessante Erfahrung und wichtiges Wissen f\u00fcr die Stadt Hockenheim\u201c, sind sich B\u00f6seke und Stalf im Nachhinein einig.<\/p>\n\n\n\n<h4 class=\"wp-block-heading\">Digitalisierungsschub im Rathaus und an den Schulen<\/h4>\n\n\n\n<p>Neben dieser Weiterbildung konnten in der Stadtverwaltung Hockenheim in letzter Zeit einige weitere wichtige digitale Projekte angesto\u00dfen und erfolgreich umgesetzt werden. 2020 f\u00fchrte die Stadt Hockenheim mit dem Unternehmen vialytics GmbH im Rahmen des F\u00f6rderprogramms InKoMo 4.0 ein automatisiertes System zur Erfassung von Stra\u00dfensch\u00e4den ein. Das Vorhaben wird vom Ministerium des Inneren, f\u00fcr Digitalisierung und Kommunen Baden-W\u00fcrttemberg mit 251.816 Euro gef\u00f6rdert. Au\u00dferdem wurden von der IT-Abteilung und den betroffenen Fachbereichen digitale B\u00fcrgerbeteiligungsverfahren f\u00fcr die Gemeindeentwicklung durchgef\u00fchrt, ein neues Leitsystem im Rathaus installiert sowie ein B\u00fcrgerchat auf der Internetseite der Stadtverwaltung Hockenheim auf den Weg gebracht.<\/p>\n\n\n\n<p>Der B\u00fcrgersaal des Gemeinderats als ein weiteres gro\u00dfes Projekt ist mittlerweile voll digital und fit f\u00fcr die politischen Beratungen der Zukunft. Hinzu kamen auch ein digitales Baumkataster, die Einf\u00fchrung einer \u201ehausmeister\u201c-App zur Verwaltung der st\u00e4dtischen Geb\u00e4ude und eine digitale B\u00fcrgerbeteiligungsplattform. Im Steuer- und Ausl\u00e4nderamt wird eine digitale Akte eingef\u00fchrt, die Bauakte wird in den kommenden Monaten folgen.<\/p>\n\n\n\n<h4 class=\"wp-block-heading\">Schulen im Fokus<\/h4>\n\n\n\n<p>In diesem Jahr lag ein gro\u00dfer Schwerpunkt auf der digitalen Weiterentwicklung im Bildungsbereich: Im Januar f\u00fchrte die Stadt mit \u201eSdui\u201c eine Cloud-L\u00f6sung an den kommunalen Schulen ein. Sie erlaubt den Sch\u00fclern, Lehrern und Eltern das digitale Teilen von Unterrichtsmaterial, Hausaufgaben, Elternbriefe und anderen Dokumenten digital erm\u00f6glicht. Vor wenigen Wochen stellte die Stadtverwaltung Hockenheim auch allen Lehrern der kommunalen Schulen 158 digitale Endger\u00e4te f\u00fcr den Unterricht zur Verf\u00fcgung. Das digitale \u201ePaket\u201c besteht jeweils aus einem Tablet mit zentral verwalteter Software, anforderungsspezifischen Apps, Tastatur und Stift.<\/p>\n\n\n\n<p>\u201eIm Bereich der Digitalisierung ist uns bereits viel gelungen, aber weitere Projekte stehen uns bevor. Daf\u00fcr ben\u00f6tigen wir auch weiterhin digital ausgebildete Mitarbeiter, die wie in unserem IT-Bereich mit viel Engagement solche Projekte umsetzen\u201c, sagt Oberb\u00fcrgermeister Marcus Zeitler. Schlie\u00dflich laute ein altes Sprichwort: \u201eWer nicht mit der Zeit geht, geht mit der Zeit.\u201c Deshalb befinden sich auch weitere digitale Vorhaben in der st\u00e4dtischen Pipeline. \u201eWir werden im Rathaus noch einige Dinge umsetzen. Der n\u00e4chste Schritt sieht vor, die Prozesse in unserem Bauhof weiter zu digitalisieren\u201c, erg\u00e4nzt Marcus Zeitler.<\/p>\n\n\n\n<p><em>Text: Stadtverwaltung Hockenheim Foto: Stadtverwaltung Hockenheim \/ Fotografen Lenhardt<br>21.07.2021<\/em><\/p>\n\n\n\n<h2 class=\"wp-block-heading\">Vorsicht vor Trickbetr\u00fcgern<\/h2>\n\n\n\n<div class=\"wp-block-image\"><figure class=\"aligncenter size-large\"><img decoding=\"async\" loading=\"lazy\" width=\"594\" height=\"400\" src=\"https:\/\/speyer24news.com\/wp-content\/uploads\/2021\/01\/Achtung-Wichtig.png\" alt=\"\" class=\"wp-image-32274\" srcset=\"https:\/\/speyer24news.com\/wp-content\/uploads\/2021\/01\/Achtung-Wichtig.png 594w, https:\/\/speyer24news.com\/wp-content\/uploads\/2021\/01\/Achtung-Wichtig-300x202.png 300w\" sizes=\"(max-width: 594px) 100vw, 594px\" \/><\/figure><\/div>\n\n\n\n<p>Die Stadtwerke Hockenheim erhalten im Moment wieder vermehrt R\u00fcckmeldungen, dass Trickbetr\u00fcger unterwegs sind. Sie geben sich am Telefon und auch direkt beim Kunden als Mitarbeiter der Stadtwerke aus. Sie motivieren ihr Gegen\u00fcber durch Angabe falscher Tatsachen zur Herausgabe von Kundendaten, beispielsweise Z\u00e4hler- oder Kundennummer. Mit diesen Daten werden dann\u00a0 Vertr\u00e4ge bei anderen Lieferanten geschlossen. \u201eWir werden solche Daten nicht telefonisch abfragen und Mitarbeiter k\u00f6nnen sich vor Ort immer durch einen Dienstausweis legitimieren\u201c, sagt Markus Link von den Stadtwerken Hockenheim.<\/p>\n\n\n\n<div class=\"wp-block-image\"><figure class=\"aligncenter size-large\"><img decoding=\"async\" loading=\"lazy\" width=\"640\" height=\"213\" src=\"https:\/\/speyer24news.com\/wp-content\/uploads\/2020\/05\/Stadtwerke-Hockenheim-Logo.png\" alt=\"\" class=\"wp-image-27263\" srcset=\"https:\/\/speyer24news.com\/wp-content\/uploads\/2020\/05\/Stadtwerke-Hockenheim-Logo.png 640w, https:\/\/speyer24news.com\/wp-content\/uploads\/2020\/05\/Stadtwerke-Hockenheim-Logo-300x100.png 300w\" sizes=\"(max-width: 640px) 100vw, 640px\" \/><\/figure><\/div>\n\n\n\n<p>Mehr Informationen auf der Internetseite unter <a href=\"http:\/\/www.stadtwerke-hockenheim.de\">http:\/\/www.stadtwerke-hockenheim.de<\/a> in den Kategorien \u201eService\u201c, \u201eKeine Haust\u00fcrgesch\u00e4fte\u201c.<\/p>\n\n\n\n<p><em>Stadtwerke Hockenheim<br>21.07.2021<\/em><\/p>\n\n\n\n<h2 class=\"wp-block-heading\">Noch wenige Karten zu haben<\/h2>\n\n\n\n<div class=\"wp-block-image\"><figure class=\"aligncenter size-large\"><img decoding=\"async\" loading=\"lazy\" width=\"800\" height=\"600\" src=\"https:\/\/speyer24news.com\/wp-content\/uploads\/2021\/02\/Pumpwerk-Hockenheim.jpg\" alt=\"\" class=\"wp-image-33385\" srcset=\"https:\/\/speyer24news.com\/wp-content\/uploads\/2021\/02\/Pumpwerk-Hockenheim.jpg 800w, https:\/\/speyer24news.com\/wp-content\/uploads\/2021\/02\/Pumpwerk-Hockenheim-300x225.jpg 300w, https:\/\/speyer24news.com\/wp-content\/uploads\/2021\/02\/Pumpwerk-Hockenheim-768x576.jpg 768w, https:\/\/speyer24news.com\/wp-content\/uploads\/2021\/02\/Pumpwerk-Hockenheim-678x509.jpg 678w, https:\/\/speyer24news.com\/wp-content\/uploads\/2021\/02\/Pumpwerk-Hockenheim-326x245.jpg 326w, https:\/\/speyer24news.com\/wp-content\/uploads\/2021\/02\/Pumpwerk-Hockenheim-80x60.jpg 80w\" sizes=\"(max-width: 800px) 100vw, 800px\" \/><\/figure><\/div>\n\n\n\n<p>Im Kultursommer-Programm des Pumpwerks Hockenheim sind f\u00fcr zwei Veranstaltungen derzeit noch wenige Karten verf\u00fcgbar. Wer Interesse hat, kann bei der Ron Prinz-Kombo am <strong>Freitag, 23. Juli, 20 Uhr<\/strong>, mit von der Partie sein. Sie pr\u00e4sentieren dann ihr Programm mit dem Namen \u201eWelthits uff kurpf\u00e4lzisch\u201c \u2013 nicht nur f\u00fcr Heimatliebhaber. Auch bei der Lesung \u201eElwenfels 4 &#8211; Der Mythos lebt\u201c von Britta und Christan \u201eChako\u201c Habekost am <strong>Freitag, 13. August,<\/strong> 20 Uhr, sind noch wenige Pl\u00e4tze zu haben. Die beiden Autoren lesen mit verteilten Rollen und einer Vielzahl von verschiedenen Stimmen aus ihrer fantastischen Geschichte. Das Ergebnis ist Lesung, Performance, H\u00f6rspiel, spannend, dialektisch, comedyantisch.<\/p>\n\n\n\n<div class=\"wp-block-image\"><figure class=\"aligncenter size-large\"><img decoding=\"async\" loading=\"lazy\" width=\"640\" height=\"462\" src=\"https:\/\/speyer24news.com\/wp-content\/uploads\/2021\/07\/2021-07-20-Pumpwerk_Ron-Prinz-Kombo.jpg\" alt=\"\" class=\"wp-image-39329\" srcset=\"https:\/\/speyer24news.com\/wp-content\/uploads\/2021\/07\/2021-07-20-Pumpwerk_Ron-Prinz-Kombo.jpg 640w, https:\/\/speyer24news.com\/wp-content\/uploads\/2021\/07\/2021-07-20-Pumpwerk_Ron-Prinz-Kombo-300x217.jpg 300w\" sizes=\"(max-width: 640px) 100vw, 640px\" \/><\/figure><\/div>\n\n\n\n<h4 class=\"wp-block-heading\">Veranstaltungshinweise<\/h4>\n\n\n\n<p>Die G\u00e4ste bei allen genannten Veranstaltungen werden gebeten, einen aktuellen Corona-Test (nicht \u00e4lter als 24 Stunden) mitzubringen. Dies gilt nicht f\u00fcr vollst\u00e4ndig geimpfte Personen (14 Tage nach Zweitimpfung) oder von einer Corona-Infektion genesene Menschen. Ein entsprechender Nachweis muss in diesen beiden F\u00e4llen mitgef\u00fchrt werden.<\/p>\n\n\n\n<div class=\"wp-block-image\"><figure class=\"aligncenter size-large\"><img decoding=\"async\" loading=\"lazy\" width=\"800\" height=\"600\" src=\"https:\/\/speyer24news.com\/wp-content\/uploads\/2021\/07\/Chako-Habekost-03.07-31.jpg\" alt=\"\" class=\"wp-image-38596\" srcset=\"https:\/\/speyer24news.com\/wp-content\/uploads\/2021\/07\/Chako-Habekost-03.07-31.jpg 800w, https:\/\/speyer24news.com\/wp-content\/uploads\/2021\/07\/Chako-Habekost-03.07-31-300x225.jpg 300w, https:\/\/speyer24news.com\/wp-content\/uploads\/2021\/07\/Chako-Habekost-03.07-31-768x576.jpg 768w, https:\/\/speyer24news.com\/wp-content\/uploads\/2021\/07\/Chako-Habekost-03.07-31-678x509.jpg 678w, https:\/\/speyer24news.com\/wp-content\/uploads\/2021\/07\/Chako-Habekost-03.07-31-326x245.jpg 326w, https:\/\/speyer24news.com\/wp-content\/uploads\/2021\/07\/Chako-Habekost-03.07-31-80x60.jpg 80w\" sizes=\"(max-width: 800px) 100vw, 800px\" \/><\/figure><\/div>\n\n\n\n<p>Auf dem Au\u00dfengel\u00e4nde des Kulturhauses Pumpwerk Hockenheim darf bei der Veranstaltung auf dem eigenen Sitzplatz die Mund- und Nasenbedeckung abgenommen werden. Sie muss beim Betreten und Verlassen des Geb\u00e4udes sowie auf dem Weg zu den Toiletten getragen werden. Die Sitzpl\u00e4tze d\u00fcrfen w\u00e4hrend der Veranstaltung nur zur Toilettennutzung und auf dem Weg zum gastronomischen Angebot verlassen werden. Die erforderlichen Mindestabst\u00e4nde sollen aus hygienischen Gr\u00fcnden eingehalten werden. Die Besucher werden auch darum gebeten, entsprechende Kleidung und Regenschutz mitzubringen. Alle genannten Veranstaltungen finden unter freiem Himmel statt.<\/p>\n\n\n\n<h4 class=\"wp-block-heading\">Mehr Informationen zum Programm und zum Kartenverkauf: <a href=\"http:\/\/www.pumpwerk-hockenheim.de\">www.pumpwerk-hockenheim.de<\/a>.<\/h4>\n\n\n\n<p><em>Stadtverwaltung Hockenheim \/ Pumpwerk Hockenheim<br>21.07.2021<\/em><\/p>\n\n\n\n<h2 class=\"wp-block-heading\">S\u00fc\u00dfes f\u00fcr die Kasse<\/h2>\n\n\n\n<div class=\"wp-block-image\"><figure class=\"aligncenter size-large\"><img decoding=\"async\" loading=\"lazy\" width=\"500\" height=\"648\" src=\"https:\/\/speyer24news.com\/wp-content\/uploads\/2021\/07\/2021-07-13-Kindergaerten_Marmeladenverkauf-Park-Kiga.jpg\" alt=\"\" class=\"wp-image-39327\" srcset=\"https:\/\/speyer24news.com\/wp-content\/uploads\/2021\/07\/2021-07-13-Kindergaerten_Marmeladenverkauf-Park-Kiga.jpg 500w, https:\/\/speyer24news.com\/wp-content\/uploads\/2021\/07\/2021-07-13-Kindergaerten_Marmeladenverkauf-Park-Kiga-231x300.jpg 231w\" sizes=\"(max-width: 500px) 100vw, 500px\" \/><\/figure><\/div>\n\n\n\n<p>Der Elternbeirat des Park-Kindergartens m\u00f6chte in diesem Jahr mit einem Marmeladenverkauf etwas Geld in die Kindergartenkasse bringen. In der Vergangenheit konnte der Elternbeirat durch einen j\u00e4hrlichen Flohmarkt Gelder sammeln, was letztes Jahr aufgrund der Corona-Pandemie nicht m\u00f6glich war. Mit dem eingenommenen Geld werden Veranstaltungen f\u00fcr die Kinder und auch neue Spielger\u00e4te finanziert. Der Marmeladenverkauf findet am <strong>Freitag, den 23. Juli, von 13 bis 18 Uhr<\/strong> unter der Lamellenhalle des Park-Kindergartens in der Dresdener Stra\u00dfe 1 statt.<\/p>\n\n\n\n<p>Die selbstgemachte Marmelade kostet drei Euro das Glas und ist in leckeren sommerlichen Sorten wie Erdbeere, Kirsch, Himbeer-Vanille, Erdbeer-Johannisbeere, Erdbeer-Rosmarin und Aprikose erh\u00e4ltlich. Bei der Vielfalt an Sorten ist f\u00fcr jeden Geschmack etwas dabei. Der Elternbeirat wird mit einer Spende von Elvin&#8217;s Schreib- und Spielwaren, Globus Hockenheim, Vitamingarten und Etiketten von Weinmann &#8211; Ihr Druck und Medienpartner unterst\u00fctzt. Daf\u00fcr bedankt sich der Elternbeirat herzlich. Der Elternbeirat freut sich auf alle, die beim Marmeladenverkauf vorbeischauen.<\/p>\n\n\n\n<p><em>Text: Stadtverwaltung Hockenheim \/ Park-Kindergarten Foto: Park-Kindergarten Hockenheim<br>21.07.2021<\/em><\/p>\n\n\n\n<h1 class=\"has-text-align-center wp-block-heading\">Verkehrsnotiz<\/h1>\n\n\n\n<div class=\"wp-block-image\"><figure class=\"aligncenter size-large\"><img decoding=\"async\" loading=\"lazy\" width=\"800\" height=\"565\" src=\"https:\/\/speyer24news.com\/wp-content\/uploads\/2020\/01\/Baustelle-2.jpg\" alt=\"\" class=\"wp-image-23900\" srcset=\"https:\/\/speyer24news.com\/wp-content\/uploads\/2020\/01\/Baustelle-2.jpg 800w, https:\/\/speyer24news.com\/wp-content\/uploads\/2020\/01\/Baustelle-2-300x212.jpg 300w, https:\/\/speyer24news.com\/wp-content\/uploads\/2020\/01\/Baustelle-2-768x542.jpg 768w\" sizes=\"(max-width: 800px) 100vw, 800px\" \/><\/figure><\/div>\n\n\n\n<h2 class=\"wp-block-heading\">Karlsruher Stra\u00dfe 14 gesperrt<\/h2>\n\n\n\n<p>Die Karlsruher Stra\u00dfe in H\u00f6he der Hausnummer 14 ist <strong>von Montag, 26. Juli, bis voraussichtlich 9. August<\/strong>, wegen Bauarbeiten f\u00fcr den Stra\u00dfenverkehr gesperrt. Der Verkehr wird in diesem Zeitraum \u00fcber die Karlsruher Stra\u00dfe in die Ludwig-Grein-Stra\u00dfe und Schubertstra\u00dfe umgeleitet. Der Anliegerverkehr bleibt m\u00f6glich.<\/p>\n\n\n\n<p><em>Stadtverwaltung Hockenheim<br>21.07.2021<\/em><\/p>\n","protected":false},"excerpt":{"rendered":"<div class=\"mh-excerpt\"><p>Kreis-Impfung geht in die zweite Runde Insgesamt knapp 1600 Personen erhielten in der zweiten Juniwoche (8. bis 12. Juni) in der Stadthalle Hockenheim eine Corona-Impfung mit dem mRNA-Impfstoff der Firma Moderna. Das f\u00fcr die Impfaktion <a class=\"mh-excerpt-more\" href=\"https:\/\/speyer24news.com\/?p=39326\" title=\"Hockenheim\">[&#8230;]<\/a><\/p>\n<\/div>","protected":false},"author":3,"featured_media":33076,"comment_status":"open","ping_status":"open","sticky":false,"template":"","format":"standard","meta":{"_monsterinsights_skip_tracking":false,"_monsterinsights_sitenote_active":false,"_monsterinsights_sitenote_note":"","_monsterinsights_sitenote_category":0,"footnotes":""},"categories":[489],"tags":[12540,12542,12541,934,7190,108,5607,12544,12543,1287,5280,196,492,11733,11734,7474],"aioseo_notices":[],"amp_enabled":true,"_links":{"self":[{"href":"https:\/\/speyer24news.com\/index.php?rest_route=\/wp\/v2\/posts\/39326"}],"collection":[{"href":"https:\/\/speyer24news.com\/index.php?rest_route=\/wp\/v2\/posts"}],"about":[{"href":"https:\/\/speyer24news.com\/index.php?rest_route=\/wp\/v2\/types\/post"}],"author":[{"embeddable":true,"href":"https:\/\/speyer24news.com\/index.php?rest_route=\/wp\/v2\/users\/3"}],"replies":[{"embeddable":true,"href":"https:\/\/speyer24news.com\/index.php?rest_route=%2Fwp%2Fv2%2Fcomments&post=39326"}],"version-history":[{"count":1,"href":"https:\/\/speyer24news.com\/index.php?rest_route=\/wp\/v2\/posts\/39326\/revisions"}],"predecessor-version":[{"id":39330,"href":"https:\/\/speyer24news.com\/index.php?rest_route=\/wp\/v2\/posts\/39326\/revisions\/39330"}],"wp:featuredmedia":[{"embeddable":true,"href":"https:\/\/speyer24news.com\/index.php?rest_route=\/wp\/v2\/media\/33076"}],"wp:attachment":[{"href":"https:\/\/speyer24news.com\/index.php?rest_route=%2Fwp%2Fv2%2Fmedia&parent=39326"}],"wp:term":[{"taxonomy":"category","embeddable":true,"href":"https:\/\/speyer24news.com\/index.php?rest_route=%2Fwp%2Fv2%2Fcategories&post=39326"},{"taxonomy":"post_tag","embeddable":true,"href":"https:\/\/speyer24news.com\/index.php?rest_route=%2Fwp%2Fv2%2Ftags&post=39326"}],"curies":[{"name":"wp","href":"https:\/\/api.w.org\/{rel}","templated":true}]}}