{"id":39333,"date":"2021-07-22T08:00:25","date_gmt":"2021-07-22T07:00:25","guid":{"rendered":"https:\/\/speyer24news.com\/?p=39333"},"modified":"2021-07-22T08:04:30","modified_gmt":"2021-07-22T07:04:30","slug":"polizei-644","status":"publish","type":"post","link":"https:\/\/speyer24news.com\/?p=39333","title":{"rendered":"Polizei"},"content":{"rendered":"<style type=\"text\/css\">\r\n\t.ads_top_disp{}\r\n\t.ads_top_corner_disp{ float:left; margin:0px 10px 10px 0px; }\r\n\t.ads_first_p_disp{}\r\n\t.ads_bottom_disp{}\r\n\t<\/style>\n<h2 class=\"wp-block-heading\">Polizeimeldungen vom Mittwoch (21.07.2021)<\/h2>\n\n\n\n<div class=\"wp-block-image\"><figure class=\"aligncenter size-large\"><img decoding=\"async\" src=\"https:\/\/speyer24news.com\/wp-content\/uploads\/2019\/11\/Aktuelles-Polizeilogo.jpg\" alt=\"\" class=\"wp-image-21845\"\/><\/figure><\/div>\n\n\n\n<h2 class=\"wp-block-heading\">(Speyer) &#8211; Zwei Verletzte nach Abbiegeunfall<\/h2>\n\n\n\n<p>Beim Linksabbiegen von der Landwehrstra\u00dfe in die Brunckstra\u00dfe \u00fcbersah am Dienstag um 19:36 Uhr ein 52-j\u00e4hriger PKW-Fahrer ein aus Richtung Kurt-Schumacher-Stra\u00dfe kommendes Mofa. Als die beiden Fahrzeuge im Einm\u00fcndungsbereich kollidierten, kamen der 17-j\u00e4hrige Mofafahrer sowie sein ebenfalls 17 Jahre alter Sozius zu Fall und verletzten sich hierbei. Sie wurden zur weiteren Behandlung in ein Krankenhaus verbracht. Die Schadensh\u00f6he muss noch ermittelt werden.<\/p>\n\n\n\n<h2 class=\"wp-block-heading\">(Speyer) &#8211; Brems- und Gaspedal verwechselt: Fahranf\u00e4nger l\u00f6st Kettenreaktion aus<\/h2>\n\n\n\n<p>Das Brems- und Gaspedal verwechselt hat am Dienstag gegen 16:30 Uhr ein 18-j\u00e4hriger PKW-Fahrer, als er im Wilhelm-Busch-Weg in einer Parkbucht einparken wollte. In der Folge wurde eine Kettenreaktion ausgel\u00f6st: Der Fahranf\u00e4nger kollidierte zun\u00e4chst mit einem links neben ihm geparkten PKW, fuhr dann \u00fcber einen Mauervorsprung, kollidierte mit M\u00fclltonnen, welche wiederum auf einen weiteren parkendenden PKW fielen. Die gesch\u00e4tzte Schadensh\u00f6he bel\u00e4uft sich 7000 Euro.<\/p>\n\n\n\n<h2 class=\"wp-block-heading\">(Speyer) &#8211; Geldb\u00f6rse aus Handtasche entwendet<\/h2>\n\n\n\n<p>Zu einem sogenannten Taschendiebstahl kam es am Dienstag zwischen 14:30 Uhr und 15:00 Uhr, vermutlich in der Speyerer Innenstadt. Als eine 38-J\u00e4hrige in einem Bekleidungsgesch\u00e4ft am Postplatz bezahlen wollte, musste sie feststellen, dass ihre Geldb\u00f6rse aus ihrer Umh\u00e4ngetasche gestohlen wurde.<\/p>\n\n\n\n<h2 class=\"wp-block-heading\">(Speyer) &#8211; Einbruch in Baustellencontainer<\/h2>\n\n\n\n<p>Unbekannte verschafften sich im Zeitraum von 16.07.2021-20.07.2021 Zutritt zu einem Baustellengel\u00e4nde in der Petronia-Steiner-Stra\u00dfe und entwendeten aus einem verschlossenen Container mehrere Gegenst\u00e4nde im Wert von sch\u00e4tzungsweise 4000-5000 Euro.<\/p>\n\n\n\n<p>Die Polizei sucht Zeugen, die im Tatzeitraum im Bereich der Petronia-Steiner-Stra\u00dfe verd\u00e4chtige Personen oder Fahrzeuge gesehen haben. Hinweise nimmt die Polizei Speyer unter der Tel. 06232\/137-0 oder per Email (<a href=\"mailto:pispeyer@polizei.rlp.de\">pispeyer@polizei.rlp.de<\/a>) entgegen.<\/p>\n\n\n\n<h2 class=\"wp-block-heading\">(Limburgerhof) &#8211; Radfahrer st\u00fcrzt nach Schreck<\/h2>\n\n\n\n<p>Am vergangenen Wochenende in der Nacht zum Sonntag, etwa gegen 03:00 Uhr fr\u00fch, ist ein 26-j\u00e4hriger Radfahrer in der Speyerer Stra\u00dfe von einem 26-j\u00e4hrigen und einem 24-j\u00e4hrigen Mann erschreckt worden, als diese hinter einer Treppe hervorsprangen. Durch den Schreck st\u00fcrzte der Radfahrer und verletzte sich leicht am Knie, den Armen und im Gesicht, Au\u00dferdem ist sein Fahrrad, sein Handy, seine Uhr und seine Musikbox besch\u00e4digt worden. Gegen die beiden Tatverd\u00e4chtigen wird nun wegen des gef\u00e4hrlichen Eingriffs in den Stra\u00dfenverkehr ermittelt.<\/p>\n\n\n\n<h2 class=\"wp-block-heading\">(Mutterstadt) &#8211; Unfall zwischen E-Bike und E-Scooter<\/h2>\n\n\n\n<p>Am Dienstagabend gegen 21:00 Uhr kollidierten in der Waldstra\u00dfe ein E-Bike und vermutlich ein E-Scooter miteinander. Der E-Bike-Fahrer gab an, er sei die Waldstra\u00dfe entlanggefahren, als ihm vermutlich ein E-Scooter mit hoher Geschwindigkeit entgegengekommen und frontal mit ihm kollidiert sei. Beide Fahrer st\u00fcrzten, der Nutzer des E-Scooter habe sich jedoch schnell wieder aufgerappelt und weggefahren. Der E-Bike-Fahrer zog sich eine Wunde am Arm zu, die gen\u00e4ht werden musste. Er beschrieb den Unfallverursacher als etwa 12 Jahre alt mit schwarzen, schulterlangen Haaren und etwa 140 cm gro\u00df. Zeugen, die Angaben zu dem Unfallhergang oder dem fl\u00fcchtigen E-Scooter-Fahrer machen k\u00f6nnen, werden gebeten, sich mit der Polizeinspektion Schifferstadt unter 06235 495-0 oder&nbsp;<a href=\"mailto:pischifferstadt@polizei.rlp.de\">pischifferstadt@polizei.rlp.de<\/a>&nbsp;in Verbindung zu setzen.<\/p>\n\n\n\n<h2 class=\"wp-block-heading\">(Mutterstadt) &#8211; M\u00e4nnlicher Exhibitionist<\/h2>\n\n\n\n<div class=\"wp-block-image\"><figure class=\"aligncenter size-large\"><img decoding=\"async\" loading=\"lazy\" width=\"801\" height=\"600\" src=\"https:\/\/speyer24news.com\/wp-content\/uploads\/2020\/05\/Zeugen-gesucht-Neutral.jpg\" alt=\"\" class=\"wp-image-26598\" srcset=\"https:\/\/speyer24news.com\/wp-content\/uploads\/2020\/05\/Zeugen-gesucht-Neutral.jpg 801w, https:\/\/speyer24news.com\/wp-content\/uploads\/2020\/05\/Zeugen-gesucht-Neutral-300x225.jpg 300w, https:\/\/speyer24news.com\/wp-content\/uploads\/2020\/05\/Zeugen-gesucht-Neutral-768x575.jpg 768w, https:\/\/speyer24news.com\/wp-content\/uploads\/2020\/05\/Zeugen-gesucht-Neutral-678x509.jpg 678w, https:\/\/speyer24news.com\/wp-content\/uploads\/2020\/05\/Zeugen-gesucht-Neutral-326x245.jpg 326w, https:\/\/speyer24news.com\/wp-content\/uploads\/2020\/05\/Zeugen-gesucht-Neutral-80x60.jpg 80w\" sizes=\"(max-width: 801px) 100vw, 801px\" \/><\/figure><\/div>\n\n\n\n<p>In Mutterstadt kam es am sp\u00e4ten Dienstagnachmittag zwischen 17:50 und 18:20 Uhr zu zwei Vorf\u00e4llen mit einem Exhibitionisten. Er war offenbar mit einem Fahrrad unterwegs und sprach zuerst eine Radfahrerin an, die die L 524 zwischen dem Kreisverkehr und der neuen Anschlussstelle zur B 9 befuhr. Er h\u00e4tte sich nicht aggressiv verhalten, sondern gefragt, ob sie sein Geschlechtsteil anfassen wolle. <\/p>\n\n\n\n<h4 class=\"wp-block-heading\">Sie beschrieb den Mann als:<\/h4>\n\n\n\n<ul><li><strong>etwa 17 Jahre alt<\/strong><\/li><li><strong>mit gebr\u00e4unter Haut und <\/strong><\/li><li><strong>dunklen Haaren<\/strong><\/li><li><strong>er sprach akzentfreies Hochdeutsch und <\/strong><\/li><li><strong>war bekleidet mit einem wei\u00dfen T-Shirt, einer kurzen dunkeln Sporthosen, wei\u00dfen Socken und blauen Badeschuhen.<\/strong><\/li><li><strong>Das Fahrrad w\u00e4re alt und grau gewesen.<\/strong><\/li><\/ul>\n\n\n\n<p>Kurze Zeit darauf erhielt die Polizei eine Mitteilung \u00fcber eine Person, auf die diese Beschreibung passte und die sich am Ende einer Br\u00fccke auf einem Feldweg zwischen B 9 und Pfalzring befand. Eine weitere Radfahrerin berichtete, dass der junge Mann seine Hose heruntergezogen h\u00e4tte, als sie die Br\u00fccke herunterkam und dadurch sein Geschlechtsteil entbl\u00f6\u00dfte. Angesprochen habe er sie nicht. Er sei anschlie\u00dfen auf sein Rad gestiegen und \u00fcber die Br\u00fccke davongefahren. Der Mann konnte weder im Bereich Mutterstadt noch Maudach angetroffen werden. Zeugen, die weitere Angaben dazu machen k\u00f6nnen, werden gebeten, sich mit der Polizeinspektion Schifferstadt unter 06235 495-0 oder&nbsp;<a href=\"mailto:pischifferstadt@polizei.rlp.de\">pischifferstadt@polizei.rlp.de<\/a>&nbsp;in Verbindung zu setzen.<\/p>\n\n\n\n<h2 class=\"wp-block-heading\">(Mutterstadt) &#8211; Unfallflucht nach Parkrempler<\/h2>\n\n\n\n<p>Am Dienstagnachmittag gegen 15:40 Uhr streifte ein Pkw-Fahrer beim Ausparken ein anderes geparktes Fahrzeug. Der Fahrer entfernte sich danach unerlaubt vom Unfallort, er wurde aber dabei beobachtet. Die hinzugerufene Polizei konnte den 55-j\u00e4hrigen mutma\u00dflichen Unfallverursache bei sich zu Hause antreffen. Sein Wagen wies frische Unfallsch\u00e4den auf. Er r\u00e4umte zwar ein, am Unfallort gewesen zu sein, ein Fahrzeug habe er aber nicht besch\u00e4digt. W\u00e4hrend der Befragung bemerkten die Beamten deutlichen Atemalkoholgeruch. Er musste daher mit zur Dienststelle kommen, wo ihm eine Blutprobe entnommen wurde. Ihn erwartet nun ein Strafverfahren wegen Gef\u00e4hrdung des Stra\u00dfenverkehrs und unerlaubtem Entfernen vom Unfallort. Die Polizei hat seinen F\u00fchrerschein beschlagnahmt und die F\u00fchrerscheinstelle \u00fcber den Vorfall informiert.<\/p>\n\n\n\n<h2 class=\"wp-block-heading\">(Dannstadt-Schauernheim) &#8211; Unfall zwischen sich begegnenden Radfahrern<\/h2>\n\n\n\n<p>Am Dienstagmittag ereignete sich auf dem Radweg entlang der L 454 zwischen Fu\u00dfg\u00f6nheim und Dannstadt-Schauernheim ein Unfall zwischen Radfahrern. Ein 15-j\u00e4hriger Jugendlicher rutschte w\u00e4hrend der Fahrt vom Pedal ab, kam ins Schleudern und stie\u00df mit einem entgegenkommenden Radfahrer (47 Jahre) zusammen. Beide verletzten sich leicht. Der 47-J\u00e4hrige ist vorsorglich auch in ein Krankenhaus gebracht worden. Der Jugendliche wurde von seiner Schwester abgeholt.<\/p>\n\n\n\n<h2 class=\"wp-block-heading\">(Germersheim) &#8211; Warnung vor &#8222;Benzinbettlern&#8220;<\/h2>\n\n\n\n<p>Aktuell kommt es insbesondere in Germersheim und R\u00fclzheim immer wieder zu Meldungen \u00fcber sogenannte Benzinbettler. Wir warnen in diesem Zusammenhang vor einer g\u00e4ngigen Betrugsmasche, bei der eine Notsituation vorget\u00e4uscht wird, um die vermeintlichen Helfer dann zu betr\u00fcgen oder zu bestehlen. Seien Sie wachsam und lassen sich auf keine dubiosen &#8222;Gesch\u00e4fte&#8220; ein.<\/p>\n\n\n\n<h2 class=\"wp-block-heading\">(Leimersheim) &#8211; Zechbetr\u00fcger mit schlechtem Gewissen<\/h2>\n\n\n\n<p>Am Dienstag informierte der Wirt einer Gastst\u00e4tte in Leimersheim die Polizei \u00fcber vier M\u00e4nner, die ihre Zeche nicht bezahlten und mit einem PKW weggefahren seien. Der n\u00fcchterne Fahrer und seine drei oberk\u00f6rperfreien sowie alkoholisierten Mitfahrer konnten im Rahmen einer Fahndung an einer Tankstelle angetroffen werden. Offenbar haben die internen Absprachen der M\u00e4nnerrunde nicht funktioniert, sodass jeder davon ausgegangen ist, dass die Rechnung von dem jeweils anderen beglichen wurde. Sie bekamen ein schlechtes Gewissen, fuhren zur\u00fcck an die Gastst\u00e4tte und bezahlten den noch offenen Betrag. Ein entsprechendes Strafverfahren wurde eingeleitet.<\/p>\n\n\n\n<h2 class=\"wp-block-heading\">(Steinfeld) &#8211; Unfallflucht auf der L 545 \/ Mercedes gesucht<\/h2>\n\n\n\n<p>Ein Pkw Skoda befuhr am gestrigen Dienstag, 20.07.2021, gegen 13:00 Uhr, die Landstra\u00dfe von Steinfeld kommend in Fahrtrichtung Bienwaldm\u00fchle. Etwa 2 km nach der Ortsausfahrt Steinfeld kam es zwischen dem Skoda und einem bislang noch unbekannten Mercedes zu einer Spiegelber\u00fchrung. Der Fahrer des Mercedes setzte seine Fahrt unbeirrt fort, ohne sich um den entstanden Sachschaden in H\u00f6he von 250.- Euro zu k\u00fcmmern. Zeugen werden gebeten sich bei der PI Bad Bergzabern, Tel.: 0634393340 oder per E-Mail:&nbsp;<a href=\"mailto:pibadbergzabern@polizei.rlp.de\">pibadbergzabern@polizei.rlp.de<\/a>&nbsp;zu melden.<\/p>\n\n\n\n<h2 class=\"wp-block-heading\">(D\u00f6rrenbach) &#8211; Unfallflucht \/ Roter BMW besch\u00e4digt<\/h2>\n\n\n\n<p>Ein roter Pkw BMW, 3er Modell, wurde Mittwoch, 21.07.2021, zwischen 13:00 Uhr und 17:15 Uhr, in einer Parkbucht in der Hauptstra\u00dfe, H\u00f6he Hausnummer 85, besch\u00e4digt. Ein bislang unbekannter Fahrzeugf\u00fchrer verursachte, vermutlich im Vorbeifahren, einen Sachschaden in H\u00f6he von 500.- Euro und entfernte sich anschlie\u00dfend unerlaubt von der Unfallstelle. Zeugen des Unfalls werden gebeten sich bei Polizeiinspektion Bad Bergzabern, unter 0634393340 oder per E-Mail unter&nbsp;<a href=\"mailto:pibadbergzabern@polizei.rlp.de\">pibadbergzabern@polizei.rlp.de<\/a>&nbsp;zu melden.<\/p>\n\n\n\n<h2 class=\"wp-block-heading\">(Neustadt) &#8211; Ohne F\u00fchrerschein auf Roller unterwegs<\/h2>\n\n\n\n<p>Am 20.07.21 gegen 16:40 Uhr wurde in der Talstra\u00dfe in Neustadt ein 57-j\u00e4hriger Rollerfahrer kontrolliert, der mit seinem Mofa ca. 40km\/h fuhr. Der 57-J\u00e4hrige ist allerdings nicht im Besitz einer Fahrerlaubnis. Die Weiterfahrt wurde untersagt.<\/p>\n\n\n\n<h2 class=\"wp-block-heading\">(Neustadt) &#8211; Radfahrer bei Unfall leicht verletzt<\/h2>\n\n\n\n<p>Bei einem Verkehrsunfall am 19.07.2021 gegen 15:20 Uhr wurde ein 41-j\u00e4hriger Radfahrer an der Hand leicht verletzt. Der Radfahrer befuhr die Vogelsangstra\u00dfe in Richtung Rittergartenstra\u00dfe. Ihm kam ein 18-j\u00e4hriger Autofahrer entgegen, der an rechts geparkten Fahrzeugen vorbeifuhr und mit dem linken Au\u00dfenspiegel den Lenker des Rades streifte. Der Radfahrer erlitt eine Sch\u00fcrfwunde.<\/p>\n\n\n\n<h2 class=\"wp-block-heading\">(Wachenheim) &#8211; PKW zerkratzt, Zeugen gesucht<\/h2>\n\n\n\n<p>Ein in der Burgstra\u00dfe H\u00f6he Hausnummer 20 abgestellter PKW Jaguar wurde am 18.07.2021 im Zeitraum von ca. 11:00 bis 13:00 Uhr durch Unbekannte besch\u00e4digt. Der\/Die T\u00e4ter zerkratzen demnach die Fahrert\u00fcr auf einer L\u00e4nge von ca. 30cm &#8211; zudem wurde der linke Au\u00dfenspiegel verbogen. Es entstand ein Sachschaden in H\u00f6he von ca. 550 EUR. Hinweise zum Sachverhalt nimmt die Polizeiinspektion Bad D\u00fcrkheim unter Tel. 06322-9630 oder per Mail an&nbsp;<a href=\"mailto:pibadduerkheim@polizei.rlp.de\">pibadduerkheim@polizei.rlp.de<\/a>&nbsp;entgegen.<\/p>\n\n\n\n<h2 class=\"wp-block-heading\">(Bad D\u00fcrkheim \/ Frankenstein) &#8211; Vollsperrung B37<\/h2>\n\n\n\n<p>Derzeit (21.07.2021 \u2013 15:21) kommt es aufgrund einer Unfallaufnahme und damit einhergehender Vollsperrung der B37 im Bereich zwischen Bad D\u00fcrkheim und Frankenstein zu Verkehrsbehinderungen. Ortskundige werden gebeten, das Gebiet weitr\u00e4umig zu umfahren. Es wird nachberichtet.<\/p>\n\n\n\n<h3 class=\"has-text-align-center wp-block-heading\">Nachtragsmeldung<\/h3>\n\n\n\n<p>Am 21.07.2021 gegen 13:55 Uhr befuhr ein 27-j\u00e4hriger Motorradfahrer aus dem Rhein-Neckar-Kreis die B37 von Bad D\u00fcrkheim nach Frankenstein. Kurz vor dem Ortseingang Frankenstein verlor der Motorradfahrer auf Grund nicht angepasster Geschwindigkeit die Kontrolle \u00fcber sein Fahrzeug und kam nach rechts von der Fahrbahn ab und kollidierte mit der Schutzplanke. Anschlie\u00dfend kam der Motorradfahrer auf der Fahrbahn zu Fall. Durch den Sturz wurde der Fahrer an der Hand verletzt und musste ambulant im Krankenhaus behandelt werden. Durch den Verkehrsunfall entstand eine \u00d6lspur im Kurvenbereich. Aus diesem Grund musste die B37 zweitweise vollgesperrt werden. Es entstand ein Sachschaden von circa 1000 Euro und die Fahrbahn musste durch eine Fachfirma gereinigt werden. Gegen den verantwortlichen Motorradfahrer wird nun im Rahmen des Ordnungswidrigkeitenverfahren ermittelt.<\/p>\n\n\n\n<h2 class=\"wp-block-heading\">(Gr\u00fcnstadt) &#8211; Wohnungseinbruch<\/h2>\n\n\n\n<p>Am Dienstag kam es um die Mittagszeit in Gr\u00fcnstadt zu einem Wohnungseinbruch. Die Schwester des Gesch\u00e4digten stellte fest, dass der Glaseinsatz an der Haust\u00fcr eingeschlagen war und eine sonst verschlossene Zwischent\u00fcr offen stand. Der T\u00e4ter hatte das Anwesen bereits wieder verlassen. Dieser hatte es mutma\u00dflich zielgerichtet auf ein Versteck im Wohnzimmerschrank abgesehen und daraus mehrere Hundert Euro Bargeld, sowie eine Playstation4 entwendet.<\/p>\n\n\n\n<h2 class=\"wp-block-heading\">(Gro\u00dfkarlbach \/ L 455) &#8211; Unfall mit schwer verletztem Fahrradfahrer<\/h2>\n\n\n\n<p>Nach jetzigem Ermittlungsstand fuhr am Dienstagmorgen eine 52-J\u00e4hrige mit ihrem PKW auf der L 455 von Gro\u00dfkarlbach Richtung Freinsheim. Ein 19-J\u00e4hriger fuhr mit seinem Fahrrad auf einem Feldweg aus Richtung Dackenheim kommend und wollte die L 455 \u00fcberqueren. Hierbei missachtete er die Vorfahrt der PKW-Fahrerin. Beim Zusammensto\u00df wurde der Radfahrer schwer verletzt (Frakturen) und mit einem Rettungshubschrauber in die BGU geflogen.<\/p>\n\n\n\n<h2 class=\"wp-block-heading\">(Frankenthal) &#8211; Ladendiebstahl<\/h2>\n\n\n\n<p>Am 20.07.2021, gegen 13.45 Uhr, wird durch den Ladendetektiv eines Modehauses in der Speyerer Stra\u00dfe mitgeteilt, dass er eine Ladendiebin festgestellt h\u00e4tte. Bei Eintreffen der Beamten gab die 15-j\u00e4hrige Frankenthalerin zu, 2 Ringe in dem Modehaus gestohlen zu haben. Bei der Durchsuchung ihrer mitgef\u00fchrten Gegenst\u00e4nde konnte weitere, bislang noch nicht zugeordnete gestohlene Gegenst\u00e4nde aufgefunden werden. Die Polizei sucht in diesem Zusammenhang nach einem bislang unbekannten Zeugen, welcher gegen\u00fcber dem Ladendetektiv angab, dass er das M\u00e4dchen kurz zuvor bei einem Diebstahl in einem Drogeriemarkt in der Wormser Stra\u00dfe gesehen habe. Gegen das M\u00e4dchen werden nun mehrere Strafnazeigen erstellt, sie wurde nach Abschluss der Ma\u00dfnahmen ihren Eltern \u00fcbergeben.<\/p>\n\n\n\n<p>Zeugen werden gebeten sich an die Polizeiinspektion Frankenthal unter der Tel.-Nr.: 06233\/313-0 oder an die Polizeiwache Maxdorf unter der Tel.-Nr.: 06237\/934-1100 zu wenden. Gerne nehmen wir Ihre Hinweise auch per E-Mail unter&nbsp;<a href=\"mailto:pifrankenthal@polizei.rlp.de\">pifrankenthal@polizei.rlp.de<\/a>&nbsp;entgegen.<\/p>\n\n\n\n<h2 class=\"wp-block-heading\">(Ludwigshafen) &#8211; Radfahrer bei Sturz verletzt \/ Zeugen gesucht<\/h2>\n\n\n\n<p>Am 21.07.2021, gegen 08:10 Uhr, fuhr ein 59-J\u00e4hriger mit seinem Fahrrad auf der Comeniusstra\u00dfe und bog nach links in die Bertolt-Brecht-Stra\u00dfe ab. Als er auf den sich rechts befindlichen Fahrradweg der Bertolt-Brecht-Stra\u00dfe wollte, st\u00fcrzte er. Zwei bislang unbekannte Passanten eilten ihm zu Hilfe. Er verletzte sich und wurde zun\u00e4chst vor Ort \u00e4rztlich versorgt. Als die hinzugerufenen Polizeibeamten eintrafen und ihn befragen wollten, stellten sie Alkoholgeruch fest. Zudem erkl\u00e4rte er, dass er Medikamente eingenommen habe. Er wurde ins Krankenhaus gebracht. Dort wurde ihm eine Blutprobe entnommen.<\/p>\n\n\n\n<p>Die Polizei bittet die beiden unbekannten Zeugen, die dem 59-J\u00e4hrigen halfen und auch andere Zeugen, die den Vorfall beobachtet haben, sich bei der Polizeiwache Oggersheim unter Tel. 0621 963 &#8211; 2403 oder per Mail&nbsp;<a href=\"mailto:pwoggersheim@polizei.rlp.de\">pwoggersheim@polizei.rlp.de<\/a>&nbsp;zu melden.<\/p>\n\n\n\n<h2 class=\"wp-block-heading\">(Ludwigshafen) &#8211; Unfall an der Kreuzung Maudacher Stra\u00dfe \/ Tiroler Stra\u00dfe<\/h2>\n\n\n\n<p>Am 20.07.2021, gegen 06:50 Uhr, fuhr ein 27-J\u00e4hriger mit seinem Auto auf der Maudacher Stra\u00dfe in Richtung Bruchwiesenstra\u00dfe. Zur gleichen Zeit fuhr eine 63-J\u00e4hrige mit ihrem Auto auf der Tiroler Stra\u00dfe in Richtung Hochfeldstra\u00dfe. An der Kreuzung Maudacher Stra\u00dfe \/ Tiroler Stra\u00dfe kam es zum Zusammensto\u00df zwischen beiden Autos. Die 63-J\u00e4hrige wurde vorsorglich ins Krankenhaus gebracht. Der 27-J\u00e4hrige erlitt leichte Verletzungen und wurde vor Ort behandelt. An den Autos entstand ein Sachschaden von insgesamt etwa 14.000 Euro. Die Fahrzeuge waren nicht mehr fahrbereit und wurden abgeschleppt.<\/p>\n\n\n\n<h2 class=\"wp-block-heading\">(Mannheim-Innenstadt) &#8211; R\u00fccksichtsloser Raser in der Innenstadt<\/h2>\n\n\n\n<p>Ein r\u00fccksichtsloser Raser war am fr\u00fchen Mittwochmorgen in der Mannheimer Innenstadt unterwegs. Der Mann fiel einer Polizeistreife des Polizeireviers Mannheim-Oststadt kurz nach 1 Uhr auf, als er mit seinem Audi TT mit deutlich \u00fcberh\u00f6hter Geschwindigkeit die Bismarckstra\u00dfe vom Hauptbahnhof kommend in Richtung Konrad-Adenauer-Br\u00fccke raste. Die Beamten folgten dem Audi, der zun\u00e4chst weiter beschleunigte. Er erreichte dabei eine Endgeschwindigkeit von \u00fcber 100 km\/h und passierte mehrere Kreuzungen und Einm\u00fcndungen, ohne auf den querenden Verkehr zu achten. Erst als die Beamten das Blaulicht einschalteten, reduzierte er sein Tempo und konnte schlie\u00dflich in H\u00f6he des Quadrats A 3 gestoppt werden. Bei der Kontrolle wurde festgestellt, dass sich neben dem 40-j\u00e4hrigen Fahrer noch eine 20-j\u00e4hrige schwangere Frau im Fahrzeug befand. Au\u00dferdem bemerkten die Beamten, dass der Mann bereits seit l\u00e4ngerer Zeit \u00fcber einen festen Wohnsitz im Bundesgebiet verf\u00fcgt, sein Fahrzeug jedoch noch \u00fcber eine ausl\u00e4ndische Zulassung verf\u00fcgt. Zudem konnte er keinen F\u00fchrerschein vorweisen.<\/p>\n\n\n\n<p>Gegen den Mann wird nun wegen der Teilnahme an einem verbotenen Kraftfahrzeugrennen ermittelt. Zudem besteht der Verdacht der Verst\u00f6\u00dfe gegen das Pflichtversicherungsgesetz sowie die Abgabenordnung und das Kraftfahrzeugsteuergesetz. Inwiefern der Mann im Besitz einer g\u00fcltigen Fahrerlaubnis ist, bedarf weiterer Ermittlungen. Das Fahrzeug wurde zur Vorbereitung der Einziehung beschlagnahmt.<\/p>\n\n\n\n<h2 class=\"wp-block-heading\">(Mannheim-Oststadt) &#8211; Unbekannter bel\u00e4stigt 16-J\u00e4hrige \/ Polizei sucht Zeugen<\/h2>\n\n\n\n<div class=\"wp-block-image\"><figure class=\"aligncenter size-large\"><img decoding=\"async\" loading=\"lazy\" width=\"801\" height=\"600\" src=\"https:\/\/speyer24news.com\/wp-content\/uploads\/2020\/05\/Zeugen-gesucht-Neutral.jpg\" alt=\"\" class=\"wp-image-26598\" srcset=\"https:\/\/speyer24news.com\/wp-content\/uploads\/2020\/05\/Zeugen-gesucht-Neutral.jpg 801w, https:\/\/speyer24news.com\/wp-content\/uploads\/2020\/05\/Zeugen-gesucht-Neutral-300x225.jpg 300w, https:\/\/speyer24news.com\/wp-content\/uploads\/2020\/05\/Zeugen-gesucht-Neutral-768x575.jpg 768w, https:\/\/speyer24news.com\/wp-content\/uploads\/2020\/05\/Zeugen-gesucht-Neutral-678x509.jpg 678w, https:\/\/speyer24news.com\/wp-content\/uploads\/2020\/05\/Zeugen-gesucht-Neutral-326x245.jpg 326w, https:\/\/speyer24news.com\/wp-content\/uploads\/2020\/05\/Zeugen-gesucht-Neutral-80x60.jpg 80w\" sizes=\"(max-width: 801px) 100vw, 801px\" \/><\/figure><\/div>\n\n\n\n<p>Eine 16-J\u00e4hrige verpasste am Dienstagabend gegen 20:00 Uhr ihren Zug nach Hause und wollte telefonisch ihre Mutter informieren. Da das Mobiltelefon der Jugendlichen nicht funktionierte, bat sie eine Passantin auf dem Bahnhofsvorplatz um Hilfe. Diese stellte ihr Handy kurzerhand zur Verf\u00fcgung. Kurz darauf wurde die 16-J\u00e4hrige von einem ihr unbekannten Mann angesprochen, der offenbar auf die Situation aufmerksam wurde und ihr ebenfalls sein Handy anbot. In der Folge unterhielt sich der Mann mit der Jugendlichen und gab vor, ihr etwas zeigen zu wollen. Hierzu bat er die 16-J\u00e4hrige zu einer in der N\u00e4he befindlichen Parkbank. Die Jugendliche kam der Aufforderung nichtsahnend nach. Daraufhin ber\u00fchrte der Mann die 16-J\u00e4hrige pl\u00f6tzlich an den Armen sowie am Oberschenkel. Die Jugendliche stand sofort auf und suchte eine naheliegende Stra\u00dfenbahnhaltestelle auf, wo sie sich einer weiteren Passantin anvertraute. Die 37-J\u00e4hrige begleitete die 16-J\u00e4hrige zum Bundespolizeirevier Mannheim, wo die Jugendliche schlie\u00dflich Anzeige erstattete. Der Unbekannte ergriff zwischenzeitlich die Flucht.<\/p>\n\n\n\n<p>Das Kriminalkommissariat Mannheim hat die weiteren Ermittlungen aufgenommen und bittet Zeugen, die den Vorfall beobachtet haben sowie Hinweise zur Fluchtrichtung des T\u00e4ters geben k\u00f6nnen, sich unter der dem kriminalpolizeilichen Hinweistelefon, 0621 174 4444 zu melden.<\/p>\n\n\n\n<h4 class=\"wp-block-heading\">Der T\u00e4ter kann wie folgt beschrieben werden: <\/h4>\n\n\n\n<ul><li><strong>m\u00e4nnlich<\/strong><\/li><li><strong>ca. 175-180 cm gro\u00df<\/strong><\/li><li><strong>ca.40 Jahre alt<\/strong><\/li><li><strong>dunkle Haare<\/strong><\/li><li><strong>s\u00fcdl\u00e4ndisches Erscheinungsbild<\/strong><\/li><li><strong>schlank<\/strong><\/li><li><strong>Der Gesuchte soll zudem auffallend hervortretende Augen gehabt haben sowie ein wei\u00dfes T-shirt getragen und ein Fahrrad mit sich gef\u00fchrt haben.<\/strong><\/li><\/ul>\n\n\n\n<h2 class=\"wp-block-heading\">(Mannheim-Neuostheim) &#8211; Fahrzeug verliert Bremsscheibe \/ Zwei nachfolgende Fahrzeuge besch\u00e4digt<\/h2>\n\n\n\n<p>Ein bislang unbekannter Fahrzeugf\u00fchrer verlor am Dienstag gegen 13:55 Uhr auf der Auffahrt der Will-Sohl-Stra\u00dfe zur B38a seine Bremsscheibe. Eine 20-J\u00e4hrige Mini-Fahrerin, sowie eine 35-J\u00e4hrige Peugeot-Fahrerin \u00fcberfuhren die lose liegende Bremsscheibe. Hierbei wurde an beiden Fahrzeugen jeweils ein Reifen besch\u00e4digt. Der Unfallverursacher hatte sich zu diesem Zeitpunkt bereits vom Unfallort entfernt.<\/p>\n\n\n\n<p>Aufgrund der Gr\u00f6\u00dfe der Bremsscheibe k\u00f6nnte es sich bei dem gesuchten Fahrzeug um einen LKW handeln.<\/p>\n\n\n\n<p>Zeugen, die sachdienliche Hinweise auf das verursachende Fahrzeug, sowie dessen Fahrer geben k\u00f6nnen, werden gebeten sich beim Polizeirevier Mannheim-Oststadt, unter der Telefonnummer 0621-1743310, zu melden.<\/p>\n\n\n\n<h2 class=\"wp-block-heading\">(A 6 \/ Mannheim \/ Schwetzingen) &#8211; Fahrzeugbrand<\/h2>\n\n\n\n<h3 class=\"has-text-align-center wp-block-heading\">Pressemitteilung Nr.1<\/h3>\n\n\n\n<p>Derzeit (21.07.2021 \u2013 08:48) kommt es aufgrund eines Fahrzeugbrands auf der A6 Heilbronn in Richtung Mannheim, zwischen Schwetzingen\/Hockenheim und Mannheim\/Schwetzingen zu Sicht- und Verkehrsbehinderungen durch ein brennendes Fahrzeug auf dem Standstreifen. Aktuell staut sich der Verkehr auf rund 4 km. Der rechte Fahrstreifen ist derzeit gesperrt. Einsatzkr\u00e4fte sind im Einsatz.<\/p>\n\n\n\n<h2 class=\"wp-block-heading\">(A 6 \/ Mannheim \/ Schwetzingen) &#8211; Fahrzeugbrand<\/h2>\n\n\n\n<h3 class=\"has-text-align-center wp-block-heading\">Pressemitteilung Nr.2<\/h3>\n\n\n\n<p>Am Dienstagmorgen gegen 08:25 Uhr geriet das Auto einer 42-J\u00e4hrigen in Brand, als diese auf der A6 von Heilbronn in Fahrtrichtung Mannheim unterwegs war. Die Autofahrerin konnte ihren Peugeot an der Anschlussstelle Schwetzingen noch auf den Standstreifen fahren und sich sowie ihr Beifahrer in Sicherheit bringen. Kurz darauf stand der PKW bereits in Vollbrand. Polizei und Feuerwehr waren vor Ort. Der rechte Fahrstreifen musste f\u00fcr rund 2 Stunden vollgesperrt werden. Es kam zu Sicht-und Verkehrsbehinderungen sowie zu rund 4 km Stau. Gegen 12:00 Uhr war der Brand gel\u00f6scht und die Fahrbahn wieder freigegeben. Verletzt wurde niemand. Nach derzeitigem Ermittlungsstand gehen die Beamten des Verkehrsdienstes Mannheim von einem technischen Defekt aus. Wie hoch der entstandene Sachschaden ist, ist bislang nicht bekannt.<\/p>\n\n\n\n<h2 class=\"wp-block-heading\">(Heidelberg \/ Rhein-Neckar-Kreis) &#8211; Betr\u00fcgerische Nachrichten im Zusammenhang mit Online-Banking \/ Warnhinweise der Polizei<\/h2>\n\n\n\n<div class=\"wp-block-image\"><figure class=\"aligncenter size-large\"><img decoding=\"async\" loading=\"lazy\" width=\"800\" height=\"452\" src=\"https:\/\/speyer24news.com\/wp-content\/uploads\/2020\/05\/Datenklau2.jpg\" alt=\"\" class=\"wp-image-27113\" srcset=\"https:\/\/speyer24news.com\/wp-content\/uploads\/2020\/05\/Datenklau2.jpg 800w, https:\/\/speyer24news.com\/wp-content\/uploads\/2020\/05\/Datenklau2-300x170.jpg 300w, https:\/\/speyer24news.com\/wp-content\/uploads\/2020\/05\/Datenklau2-768x434.jpg 768w\" sizes=\"(max-width: 800px) 100vw, 800px\" \/><\/figure><\/div>\n\n\n\n<p>Das Polizeipr\u00e4sidium Mannheim warnt vor einer bundesweit bekannten Betrugsmasche im Zusammenhang mit dem Versenden von betr\u00fcgerischen SMS, wonach den Bank-Kunden vorgegaukelt wird, dass ihre Push-TAN-Registrierung bald ablaufen und umgehend erneuert werden m\u00fcsse.<\/p>\n\n\n\n<p>Die Betroffenen erhalten in der Regel eine SMS mit einem Link. Wird dieser anklickt, werden die Betroffenen auf ein t\u00e4uschend echt aussehendes Onlinebanking-Portal weitergeleitet. Nichtsahnend geben die Bank-Kunden dort die Zugangsdaten ein, w\u00e4hrend die Betr\u00fcger sich mit den hierbei ausgesp\u00e4hten Daten parallel anmelden und in der Folge versuchen TANs (Transaktionsnummern) zu erfragen. Hierzu erhalten die Betroffenen meist umgehend einen Telefonanruf einer unbekannten Person, die sich f\u00e4lschlicherweise als Bank-Mitarbeiter ausgibt und unter einem Vorwand versucht an TANs zu gelangen.<\/p>\n\n\n\n<p>Erst am Samstagnachmittag gegen 14 Uhr erhielt eine 55-J\u00e4hrige im Stadtteil Heidelberg-Neuenheim wieder eine dieser merkw\u00fcrdigen SMS. Angeblich wurde diese von ihrer Hausbank verschickt, die eine Best\u00e4tigung ihrer Kundin f\u00fcr das sogenannte PushTAN-Verfahren ben\u00f6tigen w\u00fcrde. Die 55-J\u00e4hrige, die tats\u00e4chlich \u00fcber einen Online-Banking-Zugang verf\u00fcgt, war \u00fcberzeugt, dass es sich um eine echte Nachricht des Geldinstituts handelte und klickte auf den Link. Sofort wurde sie auf eine falsche Internetseite weitergeleitet, wo sie schlie\u00dflich ihre Zugangsdaten eingab. Unmittelbar im Anschluss erhielt die Frau eine zweite SMS mit einer TAN-Zahlenfolge, welche sie ebenfalls einpflegte. Nachdem sie kurz darauf einen Telefonanruf einer ihr unbekannten m\u00e4nnlichen Person erhielt, der sich als Mitarbeiter der Bank vorstellte und nach der TAN fragte, wurde die 55-J\u00e4hrige allerdings stutzig. Sie erinnerte sich daran, dass die Bank niemals derart sensible Daten erfragen w\u00fcrde und beendete sofort das Gespr\u00e4ch. Parallel hatten die Betr\u00fcger aber bereits eine Abbuchung eines niedrigen vierstelligen Betrags vom Konto der Frau vorgenommen. Die Cyberkriminalisten der Kriminalpolizeidirektion Heidelberg haben die Ermittlungen aufgenommen.<\/p>\n\n\n\n<h4 class=\"wp-block-heading\">Die Polizei gibt folgende Warnhinweise:<\/h4>\n\n\n\n<ul><li><strong>Vertrauen Sie keinen (SMS-\/Messenger-) Nachrichten von unbekannten Absendern<\/strong><\/li><li><strong>Klicken Sie niemals auf Links von Ihnen unbekannten Quellen<\/strong><\/li><li><strong>Rufen Sie im Zweifelsfall manuell die Internetseite Ihrer Bank auf<\/strong><\/li><li><strong>Rufen Sie den Anrufer zur\u00fcck. Lassen Sie sich hierzu \u00fcber die Zentrale verbinden<\/strong><\/li><li><strong>Halten Sie im Zweifelsfall R\u00fccksprache mit Ihrem pers\u00f6nlichen Ansprechpartner bei der Bank<\/strong><\/li><li><strong>Geben Sie niemals TANs oder Kennw\u00f6rter preis<\/strong><\/li><li><strong>Seien Sie bei Anrufen grunds\u00e4tzlich misstrauisch. Durchwahlnummern k\u00f6nnen verf\u00e4lscht werden<\/strong><\/li><li><strong>\u00c4ndern Sie in jedem Fall ihr Kennwort\/Passwort, wenn Sie eine solch fragw\u00fcrdige Nachricht erhalten haben<\/strong><\/li><\/ul>\n\n\n\n<h2 class=\"wp-block-heading\">(Heidelberg) &#8211; Autofahrer \u00fcbersieht Motorradfahrer \/ Eine leicht verletzte Person<\/h2>\n\n\n\n<p>Zu einem Verkehrsunfall kam es am Dienstag gegen 10:20 Uhr auf der Czernybr\u00fccke. Ein 43-J\u00e4hriger Mercedes-Fahrer befuhr die Czernybr\u00fccke in Fahrtrichtung Eppelheimer Stra\u00dfe, als er auf H\u00f6he der Kreuzung bei Gr\u00fcnlicht \u00fcber die Linksabbiegerspur wendete um die Czernybr\u00fccke in entgegengesetzter Fahrtrichtung zu befahren. Dabei \u00fcbersah der 43-J\u00e4hrige einen 66-J\u00e4hrigen Motorradfahrer, der bei Gr\u00fcnlicht vom Czernyring nach rechts auf die Czernybr\u00fccke abbog. Beide Fahrzeuge kollidierten miteinander, der Motorradfahrer kam dabei zu Fall und verletzte sich leicht. Er wurde in ein Krankenhaus gebracht. Das Motorrad war nicht mehr fahrbereit und musste abgeschleppt werden, der Sachschaden betr\u00e4gt rund 2.500 EUR.<\/p>\n\n\n\n<h2 class=\"wp-block-heading\">(Walldorf \/ A 6 \/ Rhein-Neckar-Kreis) &#8211; Schwerer Unfall mit mehreren Fahrzeugen<\/h2>\n\n\n\n<h3 class=\"has-text-align-center wp-block-heading\">Pressemitteilung Nr.1<\/h3>\n\n\n\n<p>Ein Unfall mit mehreren beteiligten Fahrzeugen sorgt derzeit f\u00fcr erhebliche Verkehrsbehinderung auf der A6 in Fahrtrichtung Heilbronn.<\/p>\n\n\n\n<p>Bei dem Unfall, der sich gegen 16.50 Uhr zwischen dem Dreieck Hockenheim und dem Kreuz Walldorf (H\u00f6he Walldorf) ereignete, sind mindestens drei Pkw beteiligt. Mehrere leichtverletzte Personen werden derzeit von den alarmierten Rettungskr\u00e4ften vor Ort versorgt.<\/p>\n\n\n\n<p>Aufgrund der andauernden Unfallaufnahme sowie der anschlie\u00dfenden Bergungs- und Reinigungsarbeiten sind der mittlere und linke Fahrstreifen gesperrt. Der stockende Verkehr wird an der Unfallstelle vorbeigef\u00fchrt.<\/p>\n\n\n\n<h2 class=\"wp-block-heading\">(Hockenheim \/ Rhein-Neckar-Kreis) &#8211; Verkehrsunfall mit Verletzten \/ Rettungskr\u00e4fte im Einsatz<\/h2>\n\n\n\n<h3 class=\"has-text-align-center wp-block-heading\">Pressemeldung Nr. 1<\/h3>\n\n\n\n<p>Am Mittwoch gegen 06.36 Uhr ereignete sich im Bereich der Lussheimer Stra\u00dfe in Hockenheim ein Verkehrsunfall zwischen zwei Pkw. Hierbei wurden drei Insassen verletzt. Einsatzkr\u00e4fte von Polizei, Feuerwehr und Rettungsdienst sind aktuell im Einsatz. Der Lussheimer Stra\u00dfe ist derzeit gesperrt. Weitere Informationen liegen im Moment noch nicht vor<\/p>\n\n\n\n<h2 class=\"wp-block-heading\">(Wiesloch \/ Rhein-Neckar-Kreis) &#8211; Vorfahrt genommen, Unfall verursacht und gefl\u00fcchtet \/ Zeugen gesucht!<\/h2>\n\n\n\n<p>Am Dienstagmorgen missachtete ein bislang unbekannter Fahrer eines Pkw die Vorfahrt einer 31-j\u00e4hrigen Seat-Fahrerin im Kreuzungsbereich der Baiertaler Stra\u00dfe und Im Kleegarten in Richtung Zentrum. Diese konnte noch rechtzeitig bremsen um einen Zusammensto\u00df zu verhindern, allerdings bemerkte ein 29-J\u00e4hrige die Situation zu sp\u00e4ter und fuhr auf den Seat auf. Der eigentliche Verursacher, der zuvor die Vorfahrt missachtete, fl\u00fcchtete kurzerhand. Bei dem Unfall, der sich um 6.50 Uhr ereignete, entstand ein Sachschaden von \u00fcber 13.000 Euro. Zudem wurde die 31-J\u00e4hrige dabei leicht verletzt.<\/p>\n\n\n\n<p>Zeugen, die den Unfall beobachteten oder sachdienliche Hinweise geben k\u00f6nnen, werden gebeten, sich unter 06222 57090 an die Beamten des Polizeireviers Wieslich zu melden.<\/p>\n\n\n\n<h2 class=\"wp-block-heading\">(Sinsheim \/ A 6 \/ Rhein-Neckar-Kreis) &#8211; Schwerer Lkw-Unfall am Stauende<\/h2>\n\n\n\n<h3 class=\"has-text-align-center wp-block-heading\">Pressemitteilung Nr. 1<\/h3>\n\n\n\n<p>Aufgrund eines schweren Lkw-Unfalls kommt es auf der Autobahn 6 in Fahrtrichtung Mannheim derzeit (21.07.2021 \u2013 16:27) zu erheblichen Verkehrsbehinderungen.<\/p>\n\n\n\n<p>Der Fahrer eines Sattelzugs fuhr auf einen vor ihm, am Stauende zwischen der Rastst\u00e4tte Sinsheim und der Ausfahrt Sinsheim, fahrenden Lkw auf. Dabei entstand ein Sachschaden von mindestes 100.000 Euro. Der Unfallverursacher wurde gl\u00fccklicherweise nur leicht verletzt und wird derzeit vor Ort medizinisch versorgt.<\/p>\n\n\n\n<p>Aufgrund der anhaltenden Unfallaufnahme und der anschlie\u00dfenden Bergungs- und Reingungsarbeiten sind derzeit der mittlere und rechte Fahrstreifen gesperrt. Es bildete sich mittlerweile ein Stau von mehreren Kilometern l\u00e4nge. Verkehrsteilnehmern wird emfpohlen den Bereich zu umfahren.<\/p>\n\n\n\n<h2 class=\"wp-block-heading\">(Sinsheim \/ A 6 \/ Rhein-Neckar-Kreis) &#8211; Schwerer Verkehrsunfall am Stauende<\/h2>\n\n\n\n<h3 class=\"has-text-align-center wp-block-heading\">Pressemitteilung Nr. 2<\/h3>\n\n\n\n<p>Wie bereits berichtet ereignete sich auf der BAB 6, zwischen der Rastst\u00e4tte Sinsheim und der Ausfahrt Sinsheim, in Fahrtrichtung Mannheim, ein schwerer Verkehrsunfall zwischen zwei Sattelz\u00fcgen. Hier \u00fcbersah der 20-j\u00e4hriger F\u00fchrer eines Sattelzuges infolge Unachtsamkeit einen, am Stauende stehenden, weiteren Sattelzug und fuhr diesem auf. Durch den Aufprall wurde der Unfallverursacher leicht verletzt und zur ambulanten Behandlung in eine umliegende Klinik verbracht. Die 35-j\u00e4hrige Fahrerin des zweiten Sattelzuges blieb unverletzt. Der entstandene Sachschaden an beiden Sattelz\u00fcgen bel\u00e4uft sich auf ca. 140 000,- Euro. Im Zeitraum der Unfallaufnahme, der Bergungs- wie auch Reinigungsma\u00dfnahmen wurden der rechte und der mittlere Fahrstreifen gesperrt. Der Nachfolgende Verkehr wurde \u00fcber die linke der drei Fahrbahnen an der Unfallstelle vorbeigeleitet. Dadurch ergaben sich erhebliche Verkehrsbeeintr\u00e4chtigungen und ein R\u00fcckstau in maximaler L\u00e4nge von 8 km. Die Sperrungen konnten um 19.45 Uhr wieder aufgehoben werden. Das Autobahnpolizeirevier Walldorf hat die Ermittlungen aufgenommen.<\/p>\n\n\n\n<h2 class=\"wp-block-heading\">(Ladenburg \/ Rhein-Neckar-Kreis) &#8211; Verkehrsunfall mit vier verletzten Personen und erheblichem Sachschaden<\/h2>\n\n\n\n<p>Vier verletzte Personen und erheblicher Sachschaden sind das Ergebnis eines Verkehrsunfalls am Mittwochvormittag auf der L 597 bei Ladenburg. Ein 29-j\u00e4hriger Mann war kurz nach 9 Uhr mit seinem Ford auf der L 597 von Mannheim in Richtung Schriesheim unterwegs. An der Abzweigung Ladenburg-West missachtete er das Rotlicht der dortigen Ampel. Er versuchte noch, einem bei Gr\u00fcnlicht auf die L 597 in Richtung Mannheim abbiegenden 53-j\u00e4hrigen BMW-Fahrer auszuweichen, streifte ihn jedoch, geriet in den Gegenverkehr und stie\u00df dort schlie\u00dflich frontal mit dem Mercedes eins 56-J\u00e4hrigen zusammen, der in Richtung Mannheim fuhr. Alle drei Fahrer sowie die 38-j\u00e4hrige Beifahrerin im Ford erlitten leichte Verletzungen und wurden zur Untersuchung und Behandlung in nahegelegenen Krankenh\u00e4user eingeliefert. Die drei beteiligten Fahrzeuge waren nicht mehr fahrbereit und mussten abgeschleppt werden. Es entstand Sachschaden von rund 30.000 Euro.<\/p>\n\n\n\n<p>W\u00e4hrend der Unfallaufnahme wurde der Verkehr an der Unfallstelle vorbeigeleitet. Es ergaben sich keine nennenswerten Verkehrsbeeintr\u00e4chtigungen.<\/p>\n\n\n\n<h2 class=\"wp-block-heading\">(Weinheim \/ Schriesheim \/ Rhein-Neckar-Kreis) &#8211; Raser verursacht mehrere Unf\u00e4lle, gef\u00e4hrdet Fu\u00dfg\u00e4nger und fl\u00fcchtet vor Polizei \/ Festnahme &#8211; weitere Gesch\u00e4digte und Zeugen dringend gesucht<\/h2>\n\n\n\n<p>Mit 137 Km\/h in einer 50er-Zone wurde am Dienstagnachmittag ein 23-j\u00e4hriger BMW-Fahrer durch Beamte der Stadt Weinheim bei einer Geschwindigkeitskontrolle auf der Westtangente erfasst. Eine sofortige \u00dcberpr\u00fcfung durch Beamte des Polizeireviers Weinheim ergab, dass die abgelesenen Kennzeichen vor mehr als einem Monat entwendet worden waren, woraufhin sofort eine Fahndung nach dem fl\u00fcchtigen Raser eingeleitet wurde.<\/p>\n\n\n\n<p>Kurz darauf wurde eine Polizeistreife zwischen Schriesheim und Weinheim auf den BMW aufmerksam und wollte diesen einer Kontrolle unterziehen. Ein Beamter, der dem Fahrer zum Anhalten aufforderte, konnte sich in letzter Sekunde nur durch einen Sprung auf die Seite retten. Der 23-J\u00e4hrige raste ungeachtet dessen in Richtung Gro\u00dfsachsen weiter, wo er einen Blumenk\u00fcbel besch\u00e4digte und wenig sp\u00e4ter \u00fcber eine rote Ampel fuhr &#8211; eine Fu\u00dfg\u00e4ngerin konnte sich ebenfalls nur durch einen Sprung zur Seite vor einem Zusammensto\u00df retten. Bei einer anschlie\u00dfenden Verfolgung durch mehrere Streifenwagen fuhr der junge Mann nach Gro\u00dfsachsen, L\u00fctzelsachsen und Weinheim, wo er am OEG-Bahnhof mit einem Gitter kollidierte, zur\u00fccksetzte, einen Streifenwagen rammte und kurzerhand auf einen Feldweg nahe der B3 fuhr. Aufgrund seiner \u00fcberh\u00f6hten Geschwindigkeit verlor der Fahrer in einer Rechtskurve am Hammerweg die Kontrolle und prallte gegen ein Br\u00fcckengel\u00e4nder. Durch die Beamten wurden die Insassen, der Fahrer und sein Beifahrer, aufgefordert das Fahrzeug zu verlassen, was sie auch taten. Der 23-J\u00e4hrige wurde hieraufhin festgenommen, wobei er hiergegen Widerstand leistete.<\/p>\n\n\n\n<p>Der Fahrer des BMW sowie der 18-j\u00e4hrige Beifahrer erlitten bei der Kollision mit dem Br\u00fcckengel\u00e4nder schwere Verletzungen und wurden zur Behandlung in Krankenh\u00e4user eingeliefert.<\/p>\n\n\n\n<p>Da es Hinweise auf Drogenbeeinflussung bei dem 23-J\u00e4hrigen gab, wurde ihm im Krankenhaus eine Blutprobe entnommen.<\/p>\n\n\n\n<p>Im Zuge weiterer Ermittlungen stellte sich heraus, dass an dem BMW gestohlene Kennzeichen angebracht waren und das Fahrzeug selbst nicht zugelassen war. Zudem ist der 23-J\u00e4hrige nicht im Besitz der erforderlichen Fahrerlaubnis und wird mit Haftbefehl gesucht.<\/p>\n\n\n\n<p>Gegen den Mann wird nun wegen Teilnahme an einem verbotenen Kraftfahrzeugrennen, Unfallflucht, Fahrens ohne Fahrerlaubnis und Widerstands gegen Polizeibeamte und Verdachts der Verst\u00f6\u00dfe gegen das Pflichtversicherungsgesetz, die Abgabenordnung und das Kraftfahrzeugsteuergesetz sowie weiterer Verst\u00f6\u00dfe ermittelt. Der BMW wurde zur Vorbereitung der Einziehung beschlagnahmt.<\/p>\n\n\n\n<p>Die Ermittler der Verkehrspolizei Mannheim suchen weitere Gesch\u00e4digte, die durch den 23-J\u00e4hrigen gef\u00e4hrdet worden waren, sowie Zeugen, die sachdienliche Hinweise zur Fahrweise des jungen Mannes geben k\u00f6nnen. Diese werden gebeten, sich bei der Verkehrspolizei Mannheim, Tel.: 0621\/174-4222 zu melden.<\/p>\n\n\n\n<h2 class=\"wp-block-heading\">(Hemsbach \/ Rhein-Neckar-Kreis) &#8211; 57-J\u00e4hrige wird Opfer einer Taschendiebin \/ Polizei sucht Zeugen<\/h2>\n\n\n\n<p>Eine 57-j\u00e4hrige Frau wurde am Dienstagnachmittag in einem Lebensmittelmarkt in Hemsbach Opfer einer 31-j\u00e4hrigen Taschendiebin. Die 57-J\u00e4hrige befand sich kurz vor 15 Uhr in den Verkaufsr\u00e4umen eines Lebensmitteldiscounters in der Berliner Stra\u00dfe. Dort wurde diese durch die 31-j\u00e4hrige Frau abgelenkt, wodurch es deren bislang noch unbekannten Mitt\u00e4ter gelang, der Gesch\u00e4digten den Geldbeutel aus der Handtasche zu entwenden. Das Opfer bemerkte die Tat und verfolgte die 31-J\u00e4hrige, die das Gesch\u00e4ft nun eiligst verlie\u00df. Auf dem Parkplatz warf die T\u00e4terin ihre eigene Handtasche der 57-J\u00e4hrigen vor die F\u00fc\u00dfe und rollte davonrennen. Engagierte Zeugen wurden auf den Vorfall aufmerksam, verfolgten die Fl\u00fcchtende und konnten sie schlie\u00dflich bis zum Eintreffen einer Polizeistreife festhalten. Die 31-J\u00e4hrige wurde zun\u00e4chst zum Polizeiposten Hemsbach gebracht. Die Geldb\u00f6rse der Gesch\u00e4digten konnte bei der Frau nicht aufgefunden werden. Nach Erhebung einer Sicherheitsleistung und Abschluss der polizeilichen Ma\u00dfnahmen wurde die bereits mehrfach einschl\u00e4gig in Erscheinung getretene Frau wieder auf freien Fu\u00df entlassen. Sie sieht nun einer weiteren Strafanzeige wegen Diebstahls entgegen.<\/p>\n\n\n\n<p>Weitere Zeugen, die auf die Tat aufmerksam geworden sind und sachdienliche Hinweise zum fl\u00fcchtigen Mitt\u00e4ter geben k\u00f6nnen, werden gebeten, sich beim Polizeirevier Weinheim, Tel.: 06201\/1003-0 zu melden.<\/p>\n","protected":false},"excerpt":{"rendered":"<div class=\"mh-excerpt\"><p>Polizeimeldungen vom Mittwoch (21.07.2021) (Speyer) &#8211; Zwei Verletzte nach Abbiegeunfall Beim Linksabbiegen von der Landwehrstra\u00dfe in die Brunckstra\u00dfe \u00fcbersah am Dienstag um 19:36 Uhr ein 52-j\u00e4hriger PKW-Fahrer ein aus Richtung Kurt-Schumacher-Stra\u00dfe kommendes Mofa. Als die <a class=\"mh-excerpt-more\" href=\"https:\/\/speyer24news.com\/?p=39333\" title=\"Polizei\">[&#8230;]<\/a><\/p>\n<\/div>","protected":false},"author":3,"featured_media":26162,"comment_status":"open","ping_status":"open","sticky":false,"template":"","format":"standard","meta":{"_monsterinsights_skip_tracking":false,"_monsterinsights_sitenote_active":false,"_monsterinsights_sitenote_note":"","_monsterinsights_sitenote_category":0,"footnotes":""},"categories":[12],"tags":[3614,702,61,2555,6955,6986,6263,63,105,11150,6987,53,4854,4683,1548,102,213,55,5261,103,106,2803,2423,427,2625,380,62,104,979,1565],"aioseo_notices":[],"amp_enabled":true,"_links":{"self":[{"href":"https:\/\/speyer24news.com\/index.php?rest_route=\/wp\/v2\/posts\/39333"}],"collection":[{"href":"https:\/\/speyer24news.com\/index.php?rest_route=\/wp\/v2\/posts"}],"about":[{"href":"https:\/\/speyer24news.com\/index.php?rest_route=\/wp\/v2\/types\/post"}],"author":[{"embeddable":true,"href":"https:\/\/speyer24news.com\/index.php?rest_route=\/wp\/v2\/users\/3"}],"replies":[{"embeddable":true,"href":"https:\/\/speyer24news.com\/index.php?rest_route=%2Fwp%2Fv2%2Fcomments&post=39333"}],"version-history":[{"count":2,"href":"https:\/\/speyer24news.com\/index.php?rest_route=\/wp\/v2\/posts\/39333\/revisions"}],"predecessor-version":[{"id":39336,"href":"https:\/\/speyer24news.com\/index.php?rest_route=\/wp\/v2\/posts\/39333\/revisions\/39336"}],"wp:featuredmedia":[{"embeddable":true,"href":"https:\/\/speyer24news.com\/index.php?rest_route=\/wp\/v2\/media\/26162"}],"wp:attachment":[{"href":"https:\/\/speyer24news.com\/index.php?rest_route=%2Fwp%2Fv2%2Fmedia&parent=39333"}],"wp:term":[{"taxonomy":"category","embeddable":true,"href":"https:\/\/speyer24news.com\/index.php?rest_route=%2Fwp%2Fv2%2Fcategories&post=39333"},{"taxonomy":"post_tag","embeddable":true,"href":"https:\/\/speyer24news.com\/index.php?rest_route=%2Fwp%2Fv2%2Ftags&post=39333"}],"curies":[{"name":"wp","href":"https:\/\/api.w.org\/{rel}","templated":true}]}}