{"id":39432,"date":"2021-07-24T09:29:26","date_gmt":"2021-07-24T08:29:26","guid":{"rendered":"https:\/\/speyer24news.com\/?p=39432"},"modified":"2021-07-24T09:29:28","modified_gmt":"2021-07-24T08:29:28","slug":"wilhelma-zoologisch-botanischer-garten-stuttgart-freizeit","status":"publish","type":"post","link":"https:\/\/speyer24news.com\/?p=39432","title":{"rendered":"Wilhelma &#8211; Zoologisch-Botanischer Garten Stuttgart \/ Freizeit"},"content":{"rendered":"<style type=\"text\/css\">\r\n\t.ads_top_disp{}\r\n\t.ads_top_corner_disp{ float:left; margin:0px 10px 10px 0px; }\r\n\t.ads_first_p_disp{}\r\n\t.ads_bottom_disp{}\r\n\t<\/style>\n<div class=\"wp-block-image\"><figure class=\"aligncenter size-large\"><img decoding=\"async\" loading=\"lazy\" width=\"800\" height=\"600\" src=\"https:\/\/speyer24news.com\/wp-content\/uploads\/2020\/09\/IMG_20200828_112835.jpg\" alt=\"\" class=\"wp-image-30180\" srcset=\"https:\/\/speyer24news.com\/wp-content\/uploads\/2020\/09\/IMG_20200828_112835.jpg 800w, https:\/\/speyer24news.com\/wp-content\/uploads\/2020\/09\/IMG_20200828_112835-300x225.jpg 300w, https:\/\/speyer24news.com\/wp-content\/uploads\/2020\/09\/IMG_20200828_112835-768x576.jpg 768w, https:\/\/speyer24news.com\/wp-content\/uploads\/2020\/09\/IMG_20200828_112835-678x509.jpg 678w, https:\/\/speyer24news.com\/wp-content\/uploads\/2020\/09\/IMG_20200828_112835-326x245.jpg 326w, https:\/\/speyer24news.com\/wp-content\/uploads\/2020\/09\/IMG_20200828_112835-80x60.jpg 80w\" sizes=\"(max-width: 800px) 100vw, 800px\" \/><\/figure><\/div>\n\n\n\n<p><\/p>\n\n\n\n<h2 class=\"wp-block-heading\">Hauptbl\u00fctezeit im Maurischen Garten<\/h2>\n\n\n\n<h3 class=\"wp-block-heading\">Tropische Seerosen-Divas gedeihen in exotischem Ambiente<\/h3>\n\n\n\n<div class=\"wp-block-image\"><figure class=\"aligncenter size-large\"><img decoding=\"async\" loading=\"lazy\" width=\"800\" height=\"600\" src=\"https:\/\/speyer24news.com\/wp-content\/uploads\/2021\/07\/KW-29a-Bluete-der-tropischen-Seerosen-21.07.2021-Bild-02.jpg\" alt=\"\" class=\"wp-image-39440\" srcset=\"https:\/\/speyer24news.com\/wp-content\/uploads\/2021\/07\/KW-29a-Bluete-der-tropischen-Seerosen-21.07.2021-Bild-02.jpg 800w, https:\/\/speyer24news.com\/wp-content\/uploads\/2021\/07\/KW-29a-Bluete-der-tropischen-Seerosen-21.07.2021-Bild-02-300x225.jpg 300w, https:\/\/speyer24news.com\/wp-content\/uploads\/2021\/07\/KW-29a-Bluete-der-tropischen-Seerosen-21.07.2021-Bild-02-768x576.jpg 768w, https:\/\/speyer24news.com\/wp-content\/uploads\/2021\/07\/KW-29a-Bluete-der-tropischen-Seerosen-21.07.2021-Bild-02-678x509.jpg 678w, https:\/\/speyer24news.com\/wp-content\/uploads\/2021\/07\/KW-29a-Bluete-der-tropischen-Seerosen-21.07.2021-Bild-02-326x245.jpg 326w, https:\/\/speyer24news.com\/wp-content\/uploads\/2021\/07\/KW-29a-Bluete-der-tropischen-Seerosen-21.07.2021-Bild-02-80x60.jpg 80w\" sizes=\"(max-width: 800px) 100vw, 800px\" \/><figcaption>Das Seerosenbecken im Maurischen Garten ums\u00e4umen spektakul\u00e4re Lotosblumen.<br><em>Foto: Wilhelma Stuttgart<\/em><\/figcaption><\/figure><\/div>\n\n\n\n<p>Der Sommer strahlt, der Urlaub steht bevor, aber die Reiseziele fehlen w\u00e4hrend der Pandemie? Die Wilhelma in Stuttgart stillt das Fernweh mit ihrer eigenen Exotik. Im Maurischen Garten entfalten sich in diesen Wochen die Reize ferner L\u00e4nder von ihrer sch\u00f6nsten Seite rund um die Bl\u00fcte der tropischen Seerosen. Baden im Mineralwasser der eigenen Quelle bei einer Wassertemperatur von 28 Grad, w\u00e4hrend sich auf der Oberfl\u00e4che des 650 Quadratmeter gro\u00dfen Pools die verspielte Ornamentik orientalischer Architektur spiegelt: Die Diven unter den Wasserpflanzen haben es gut im Zoologisch-Botanischen Garten. Rund 40 Arten und Sorten der Gattung Nymphaea sind zu einem Motiv arrangiert, wie es dem impressionistischen Maler Claude Monet zu Ehren gereicht h\u00e4tte. Von Mitte Juli bis Ende September ist es am prachtvollsten zu erleben.<\/p>\n\n\n\n<div class=\"wp-block-image\"><figure class=\"aligncenter size-large\"><img decoding=\"async\" loading=\"lazy\" width=\"800\" height=\"600\" src=\"https:\/\/speyer24news.com\/wp-content\/uploads\/2021\/07\/KW-29a-Bluete-der-tropischen-Seerosen-21.07.2021-Bild-03.jpg\" alt=\"\" class=\"wp-image-39441\" srcset=\"https:\/\/speyer24news.com\/wp-content\/uploads\/2021\/07\/KW-29a-Bluete-der-tropischen-Seerosen-21.07.2021-Bild-03.jpg 800w, https:\/\/speyer24news.com\/wp-content\/uploads\/2021\/07\/KW-29a-Bluete-der-tropischen-Seerosen-21.07.2021-Bild-03-300x225.jpg 300w, https:\/\/speyer24news.com\/wp-content\/uploads\/2021\/07\/KW-29a-Bluete-der-tropischen-Seerosen-21.07.2021-Bild-03-768x576.jpg 768w, https:\/\/speyer24news.com\/wp-content\/uploads\/2021\/07\/KW-29a-Bluete-der-tropischen-Seerosen-21.07.2021-Bild-03-678x509.jpg 678w, https:\/\/speyer24news.com\/wp-content\/uploads\/2021\/07\/KW-29a-Bluete-der-tropischen-Seerosen-21.07.2021-Bild-03-326x245.jpg 326w, https:\/\/speyer24news.com\/wp-content\/uploads\/2021\/07\/KW-29a-Bluete-der-tropischen-Seerosen-21.07.2021-Bild-03-80x60.jpg 80w\" sizes=\"(max-width: 800px) 100vw, 800px\" \/><\/figure><\/div>\n\n\n\n<p>Ausgew\u00e4hlt sind die Natursch\u00f6nheiten nicht nur nach der Palette ihrer Farben, sondern auch der Abfolge ihrer Bl\u00fcte. Nachtbl\u00fcher mit zumeist wei\u00dfen oder r\u00f6tlichen Bl\u00fcten bleiben bis in den Vormittag offen. Dagegen \u00f6ffnen sich Tagbl\u00fcher mittags bis in den sp\u00e4teren Nachmittag. Sie zeigen auch gelbe und blaue T\u00f6ne. So \u00e4ndert sich das Erscheinungsbild in einem t\u00e4glichen Reigen.<\/p>\n\n\n\n<p>Eintauchen in das verlockende Becken d\u00fcrfen allerdings ausschlie\u00dflich die G\u00e4rtnerinnen und G\u00e4rtner. Sie tun dies nicht zum eigenen Vergn\u00fcgen, sondern als Servicepersonal der anspruchsvollen botanischen Badeg\u00e4ste. Zweimal pro Woche steigen daf\u00fcr Marcus Hoffmann und Jasmin Langhammer in die Fluten, denn \u2013 anders als die rosa leuchtenden Lotosblumen am Beckenrand \u2013 ist der Seerosenteich nicht selbstreinigend. Die beiden entfernen dann verwelkte Bl\u00e4tter, schneiden ausladende Pflanzen zur\u00fcck, damit alle Seerosen genug Platz haben, und fischen Algen heraus. Das ist nicht ohne T\u00fccken. Nicht sichtbar unter den vielen Bl\u00e4ttern m\u00fcssen sie die 71 Pflanztr\u00f6ge umgehen und \u00fcber das Heizgest\u00e4nge steigen, welches das Becken durchzieht, damit f\u00fcr die Tropengew\u00e4chse immer \u201eWarmbadetag\u201c ist. Gut 800.000 Liter Wasser gilt es, auf Temperatur halten. Bei der Arbeit kommen Hoffmann und Langhammer kr\u00e4ftig ins Schwitzen, denn, um sich vor den Stacheln der Victorien zu sch\u00fctzen, tragen sie trotz des warmen Wassers Neoprenanz\u00fcge.<\/p>\n\n\n\n<div class=\"wp-block-image\"><figure class=\"aligncenter size-large\"><img decoding=\"async\" loading=\"lazy\" width=\"800\" height=\"600\" src=\"https:\/\/speyer24news.com\/wp-content\/uploads\/2021\/07\/KW-29a-Bluete-der-tropischen-Seerosen-21.07.2021-Bild-07.jpg\" alt=\"\" class=\"wp-image-39445\" srcset=\"https:\/\/speyer24news.com\/wp-content\/uploads\/2021\/07\/KW-29a-Bluete-der-tropischen-Seerosen-21.07.2021-Bild-07.jpg 800w, https:\/\/speyer24news.com\/wp-content\/uploads\/2021\/07\/KW-29a-Bluete-der-tropischen-Seerosen-21.07.2021-Bild-07-300x225.jpg 300w, https:\/\/speyer24news.com\/wp-content\/uploads\/2021\/07\/KW-29a-Bluete-der-tropischen-Seerosen-21.07.2021-Bild-07-768x576.jpg 768w, https:\/\/speyer24news.com\/wp-content\/uploads\/2021\/07\/KW-29a-Bluete-der-tropischen-Seerosen-21.07.2021-Bild-07-678x509.jpg 678w, https:\/\/speyer24news.com\/wp-content\/uploads\/2021\/07\/KW-29a-Bluete-der-tropischen-Seerosen-21.07.2021-Bild-07-326x245.jpg 326w, https:\/\/speyer24news.com\/wp-content\/uploads\/2021\/07\/KW-29a-Bluete-der-tropischen-Seerosen-21.07.2021-Bild-07-80x60.jpg 80w\" sizes=\"(max-width: 800px) 100vw, 800px\" \/><figcaption>G\u00e4rtner Marcus Hoffmann musste nach dem Unwetter die riesigen Bl\u00e4tter der Victorien zur\u00fcckklappen, damit sie nicht absterben.<br><em>Foto: Wilhelma Stuttgart<\/em><\/figcaption><\/figure><\/div>\n\n\n\n<p>Zu diesen als Riesenseerosen bekannten Victorien musste Hoffmann vor kurzem zu einem Sondereinsatz ausr\u00fccken. Der gro\u00dfe Sturm im Juni hatte den Teich aufgepeitscht und es geschafft, die wagenradgro\u00dfen Bl\u00e4tter, die dank ihrer kr\u00e4ftigen Struktur eine Tragkraft von \u00fcber 40 Kilo haben, von der Wasseroberfl\u00e4che anzuheben und zusammenzufalten. Ohne sie zur\u00fcckzuklappen, w\u00e4ren sie f\u00fcr die Photosynthese verloren gewesen und w\u00e4ren abgestorben.<\/p>\n\n\n\n<h3 class=\"wp-block-heading\">Sehen sie hier das Fotoalbum zur Seerosenbl\u00fcte:<\/h3>\n\n\n\n<figure class=\"wp-block-gallery columns-2 is-cropped wp-block-gallery-1 is-layout-flex wp-block-gallery-is-layout-flex\"><ul class=\"blocks-gallery-grid\"><li class=\"blocks-gallery-item\"><figure><img decoding=\"async\" loading=\"lazy\" width=\"800\" height=\"600\" src=\"https:\/\/speyer24news.com\/wp-content\/uploads\/2021\/07\/KW-29a-Bluete-der-tropischen-Seerosen-21.07.2021-Bild-01.jpg\" alt=\"\" data-id=\"39439\" data-full-url=\"https:\/\/speyer24news.com\/wp-content\/uploads\/2021\/07\/KW-29a-Bluete-der-tropischen-Seerosen-21.07.2021-Bild-01.jpg\" data-link=\"https:\/\/speyer24news.com\/?attachment_id=39439\" class=\"wp-image-39439\" srcset=\"https:\/\/speyer24news.com\/wp-content\/uploads\/2021\/07\/KW-29a-Bluete-der-tropischen-Seerosen-21.07.2021-Bild-01.jpg 800w, https:\/\/speyer24news.com\/wp-content\/uploads\/2021\/07\/KW-29a-Bluete-der-tropischen-Seerosen-21.07.2021-Bild-01-300x225.jpg 300w, https:\/\/speyer24news.com\/wp-content\/uploads\/2021\/07\/KW-29a-Bluete-der-tropischen-Seerosen-21.07.2021-Bild-01-768x576.jpg 768w, https:\/\/speyer24news.com\/wp-content\/uploads\/2021\/07\/KW-29a-Bluete-der-tropischen-Seerosen-21.07.2021-Bild-01-678x509.jpg 678w, https:\/\/speyer24news.com\/wp-content\/uploads\/2021\/07\/KW-29a-Bluete-der-tropischen-Seerosen-21.07.2021-Bild-01-326x245.jpg 326w, https:\/\/speyer24news.com\/wp-content\/uploads\/2021\/07\/KW-29a-Bluete-der-tropischen-Seerosen-21.07.2021-Bild-01-80x60.jpg 80w\" sizes=\"(max-width: 800px) 100vw, 800px\" \/><figcaption class=\"blocks-gallery-item__caption\">Das Wasserbecken mit den tropischen Seerosen zeigt sich im Maurischen Garten der Wilhelma in Stuttgart derzeit von seiner sch\u00f6nsten Seite.<\/figcaption><\/figure><\/li><li class=\"blocks-gallery-item\"><figure><img decoding=\"async\" loading=\"lazy\" width=\"800\" height=\"600\" src=\"https:\/\/speyer24news.com\/wp-content\/uploads\/2021\/07\/KW-29a-Bluete-der-tropischen-Seerosen-21.07.2021-Bild-02.jpg\" alt=\"\" data-id=\"39440\" data-full-url=\"https:\/\/speyer24news.com\/wp-content\/uploads\/2021\/07\/KW-29a-Bluete-der-tropischen-Seerosen-21.07.2021-Bild-02.jpg\" data-link=\"https:\/\/speyer24news.com\/?attachment_id=39440\" class=\"wp-image-39440\" srcset=\"https:\/\/speyer24news.com\/wp-content\/uploads\/2021\/07\/KW-29a-Bluete-der-tropischen-Seerosen-21.07.2021-Bild-02.jpg 800w, https:\/\/speyer24news.com\/wp-content\/uploads\/2021\/07\/KW-29a-Bluete-der-tropischen-Seerosen-21.07.2021-Bild-02-300x225.jpg 300w, https:\/\/speyer24news.com\/wp-content\/uploads\/2021\/07\/KW-29a-Bluete-der-tropischen-Seerosen-21.07.2021-Bild-02-768x576.jpg 768w, https:\/\/speyer24news.com\/wp-content\/uploads\/2021\/07\/KW-29a-Bluete-der-tropischen-Seerosen-21.07.2021-Bild-02-678x509.jpg 678w, https:\/\/speyer24news.com\/wp-content\/uploads\/2021\/07\/KW-29a-Bluete-der-tropischen-Seerosen-21.07.2021-Bild-02-326x245.jpg 326w, https:\/\/speyer24news.com\/wp-content\/uploads\/2021\/07\/KW-29a-Bluete-der-tropischen-Seerosen-21.07.2021-Bild-02-80x60.jpg 80w\" sizes=\"(max-width: 800px) 100vw, 800px\" \/><figcaption class=\"blocks-gallery-item__caption\">Das Wasserbecken mit den tropischen Seerosen zeigt sich im Maurischen Garten der Wilhelma in Stuttgart derzeit von seiner sch\u00f6nsten Seite. Das Becken ums\u00e4umen Lotosblumen.<\/figcaption><\/figure><\/li><li class=\"blocks-gallery-item\"><figure><img decoding=\"async\" loading=\"lazy\" width=\"800\" height=\"600\" src=\"https:\/\/speyer24news.com\/wp-content\/uploads\/2021\/07\/KW-29a-Bluete-der-tropischen-Seerosen-21.07.2021-Bild-03.jpg\" alt=\"\" data-id=\"39441\" data-full-url=\"https:\/\/speyer24news.com\/wp-content\/uploads\/2021\/07\/KW-29a-Bluete-der-tropischen-Seerosen-21.07.2021-Bild-03.jpg\" data-link=\"https:\/\/speyer24news.com\/?attachment_id=39441\" class=\"wp-image-39441\" srcset=\"https:\/\/speyer24news.com\/wp-content\/uploads\/2021\/07\/KW-29a-Bluete-der-tropischen-Seerosen-21.07.2021-Bild-03.jpg 800w, https:\/\/speyer24news.com\/wp-content\/uploads\/2021\/07\/KW-29a-Bluete-der-tropischen-Seerosen-21.07.2021-Bild-03-300x225.jpg 300w, https:\/\/speyer24news.com\/wp-content\/uploads\/2021\/07\/KW-29a-Bluete-der-tropischen-Seerosen-21.07.2021-Bild-03-768x576.jpg 768w, https:\/\/speyer24news.com\/wp-content\/uploads\/2021\/07\/KW-29a-Bluete-der-tropischen-Seerosen-21.07.2021-Bild-03-678x509.jpg 678w, https:\/\/speyer24news.com\/wp-content\/uploads\/2021\/07\/KW-29a-Bluete-der-tropischen-Seerosen-21.07.2021-Bild-03-326x245.jpg 326w, https:\/\/speyer24news.com\/wp-content\/uploads\/2021\/07\/KW-29a-Bluete-der-tropischen-Seerosen-21.07.2021-Bild-03-80x60.jpg 80w\" sizes=\"(max-width: 800px) 100vw, 800px\" \/><figcaption class=\"blocks-gallery-item__caption\">Das Wasserbecken mit den tropischen Seerosen im Maurischen Garten der Wilhelma in Stuttgart ums\u00e4umen Lotosblumen.<\/figcaption><\/figure><\/li><li class=\"blocks-gallery-item\"><figure><img decoding=\"async\" loading=\"lazy\" width=\"800\" height=\"600\" src=\"https:\/\/speyer24news.com\/wp-content\/uploads\/2021\/07\/KW-29a-Bluete-der-tropischen-Seerosen-21.07.2021-Bild-04.jpg\" alt=\"\" data-id=\"39442\" data-full-url=\"https:\/\/speyer24news.com\/wp-content\/uploads\/2021\/07\/KW-29a-Bluete-der-tropischen-Seerosen-21.07.2021-Bild-04.jpg\" data-link=\"https:\/\/speyer24news.com\/?attachment_id=39442\" class=\"wp-image-39442\" srcset=\"https:\/\/speyer24news.com\/wp-content\/uploads\/2021\/07\/KW-29a-Bluete-der-tropischen-Seerosen-21.07.2021-Bild-04.jpg 800w, https:\/\/speyer24news.com\/wp-content\/uploads\/2021\/07\/KW-29a-Bluete-der-tropischen-Seerosen-21.07.2021-Bild-04-300x225.jpg 300w, https:\/\/speyer24news.com\/wp-content\/uploads\/2021\/07\/KW-29a-Bluete-der-tropischen-Seerosen-21.07.2021-Bild-04-768x576.jpg 768w, https:\/\/speyer24news.com\/wp-content\/uploads\/2021\/07\/KW-29a-Bluete-der-tropischen-Seerosen-21.07.2021-Bild-04-678x509.jpg 678w, https:\/\/speyer24news.com\/wp-content\/uploads\/2021\/07\/KW-29a-Bluete-der-tropischen-Seerosen-21.07.2021-Bild-04-326x245.jpg 326w, https:\/\/speyer24news.com\/wp-content\/uploads\/2021\/07\/KW-29a-Bluete-der-tropischen-Seerosen-21.07.2021-Bild-04-80x60.jpg 80w\" sizes=\"(max-width: 800px) 100vw, 800px\" \/><figcaption class=\"blocks-gallery-item__caption\">Das Wasserbecken mit den tropischen Seerosen zeigt sich im Maurischen Garten der Wilhelma in Stuttgart derzeit von seiner sch\u00f6nsten Seite.<\/figcaption><\/figure><\/li><li class=\"blocks-gallery-item\"><figure><img decoding=\"async\" loading=\"lazy\" width=\"800\" height=\"600\" src=\"https:\/\/speyer24news.com\/wp-content\/uploads\/2021\/07\/KW-29a-Bluete-der-tropischen-Seerosen-21.07.2021-Bild-05.jpg\" alt=\"\" data-id=\"39443\" data-full-url=\"https:\/\/speyer24news.com\/wp-content\/uploads\/2021\/07\/KW-29a-Bluete-der-tropischen-Seerosen-21.07.2021-Bild-05.jpg\" data-link=\"https:\/\/speyer24news.com\/?attachment_id=39443\" class=\"wp-image-39443\" srcset=\"https:\/\/speyer24news.com\/wp-content\/uploads\/2021\/07\/KW-29a-Bluete-der-tropischen-Seerosen-21.07.2021-Bild-05.jpg 800w, https:\/\/speyer24news.com\/wp-content\/uploads\/2021\/07\/KW-29a-Bluete-der-tropischen-Seerosen-21.07.2021-Bild-05-300x225.jpg 300w, https:\/\/speyer24news.com\/wp-content\/uploads\/2021\/07\/KW-29a-Bluete-der-tropischen-Seerosen-21.07.2021-Bild-05-768x576.jpg 768w, https:\/\/speyer24news.com\/wp-content\/uploads\/2021\/07\/KW-29a-Bluete-der-tropischen-Seerosen-21.07.2021-Bild-05-678x509.jpg 678w, https:\/\/speyer24news.com\/wp-content\/uploads\/2021\/07\/KW-29a-Bluete-der-tropischen-Seerosen-21.07.2021-Bild-05-326x245.jpg 326w, https:\/\/speyer24news.com\/wp-content\/uploads\/2021\/07\/KW-29a-Bluete-der-tropischen-Seerosen-21.07.2021-Bild-05-80x60.jpg 80w\" sizes=\"(max-width: 800px) 100vw, 800px\" \/><figcaption class=\"blocks-gallery-item__caption\">Das Wasserbecken mit den tropischen Seerosen zeigt sich im Maurischen Garten der Wilhelma in Stuttgart derzeit von seiner sch\u00f6nsten Seite.<\/figcaption><\/figure><\/li><li class=\"blocks-gallery-item\"><figure><img decoding=\"async\" loading=\"lazy\" width=\"800\" height=\"600\" src=\"https:\/\/speyer24news.com\/wp-content\/uploads\/2021\/07\/KW-29a-Bluete-der-tropischen-Seerosen-21.07.2021-Bild-06.jpg\" alt=\"\" data-id=\"39444\" data-full-url=\"https:\/\/speyer24news.com\/wp-content\/uploads\/2021\/07\/KW-29a-Bluete-der-tropischen-Seerosen-21.07.2021-Bild-06.jpg\" data-link=\"https:\/\/speyer24news.com\/?attachment_id=39444\" class=\"wp-image-39444\" srcset=\"https:\/\/speyer24news.com\/wp-content\/uploads\/2021\/07\/KW-29a-Bluete-der-tropischen-Seerosen-21.07.2021-Bild-06.jpg 800w, https:\/\/speyer24news.com\/wp-content\/uploads\/2021\/07\/KW-29a-Bluete-der-tropischen-Seerosen-21.07.2021-Bild-06-300x225.jpg 300w, https:\/\/speyer24news.com\/wp-content\/uploads\/2021\/07\/KW-29a-Bluete-der-tropischen-Seerosen-21.07.2021-Bild-06-768x576.jpg 768w, https:\/\/speyer24news.com\/wp-content\/uploads\/2021\/07\/KW-29a-Bluete-der-tropischen-Seerosen-21.07.2021-Bild-06-678x509.jpg 678w, https:\/\/speyer24news.com\/wp-content\/uploads\/2021\/07\/KW-29a-Bluete-der-tropischen-Seerosen-21.07.2021-Bild-06-326x245.jpg 326w, https:\/\/speyer24news.com\/wp-content\/uploads\/2021\/07\/KW-29a-Bluete-der-tropischen-Seerosen-21.07.2021-Bild-06-80x60.jpg 80w\" sizes=\"(max-width: 800px) 100vw, 800px\" \/><figcaption class=\"blocks-gallery-item__caption\">Das Wasserbecken mit den tropischen Seerosen zeigt sich im Maurischen Garten der Wilhelma in Stuttgart derzeit von seiner sch\u00f6nsten Seite. Auch Insekten, wie Bienen und Libellen (oben links im Bild) haben ihre Freude daran.<\/figcaption><\/figure><\/li><li class=\"blocks-gallery-item\"><figure><img decoding=\"async\" loading=\"lazy\" width=\"800\" height=\"600\" src=\"https:\/\/speyer24news.com\/wp-content\/uploads\/2021\/07\/KW-29a-Bluete-der-tropischen-Seerosen-21.07.2021-Bild-07.jpg\" alt=\"\" data-id=\"39445\" data-full-url=\"https:\/\/speyer24news.com\/wp-content\/uploads\/2021\/07\/KW-29a-Bluete-der-tropischen-Seerosen-21.07.2021-Bild-07.jpg\" data-link=\"https:\/\/speyer24news.com\/?attachment_id=39445\" class=\"wp-image-39445\" srcset=\"https:\/\/speyer24news.com\/wp-content\/uploads\/2021\/07\/KW-29a-Bluete-der-tropischen-Seerosen-21.07.2021-Bild-07.jpg 800w, https:\/\/speyer24news.com\/wp-content\/uploads\/2021\/07\/KW-29a-Bluete-der-tropischen-Seerosen-21.07.2021-Bild-07-300x225.jpg 300w, https:\/\/speyer24news.com\/wp-content\/uploads\/2021\/07\/KW-29a-Bluete-der-tropischen-Seerosen-21.07.2021-Bild-07-768x576.jpg 768w, https:\/\/speyer24news.com\/wp-content\/uploads\/2021\/07\/KW-29a-Bluete-der-tropischen-Seerosen-21.07.2021-Bild-07-678x509.jpg 678w, https:\/\/speyer24news.com\/wp-content\/uploads\/2021\/07\/KW-29a-Bluete-der-tropischen-Seerosen-21.07.2021-Bild-07-326x245.jpg 326w, https:\/\/speyer24news.com\/wp-content\/uploads\/2021\/07\/KW-29a-Bluete-der-tropischen-Seerosen-21.07.2021-Bild-07-80x60.jpg 80w\" sizes=\"(max-width: 800px) 100vw, 800px\" \/><figcaption class=\"blocks-gallery-item__caption\">Wilhelma-G\u00e4rtner Marcus Hoffmann musste nach dem Unwetter in Stuttgart die vom Sturm umgefalteten riesigen Bl\u00e4tter der Victorien zur\u00fcckklappen, damit sie nicht absterben.<\/figcaption><\/figure><\/li><\/ul><\/figure>\n\n\n\n<p><em>Wilhelma &#8211; Zoologisch-Botanischer Garten Stuttgart<br>24.07.2021<\/em><\/p>\n\n\n\n<h2 class=\"wp-block-heading\">Junge Tierart auf neuer Huftieranlage<\/h2>\n\n\n\n<h3 class=\"wp-block-heading\">Erstmalige Geburt von K\u00e4lbern bei den Yaks der Wilhelma<\/h3>\n\n\n\n<div class=\"wp-block-image\"><figure class=\"aligncenter size-large\"><img decoding=\"async\" loading=\"lazy\" width=\"800\" height=\"600\" src=\"https:\/\/speyer24news.com\/wp-content\/uploads\/2021\/07\/KW-28b-Erstmals-Kaelber-bei-Yaks-in-Wilhelma-geboren-16.07.2021-Bild-5.jpg\" alt=\"\" class=\"wp-image-39437\" srcset=\"https:\/\/speyer24news.com\/wp-content\/uploads\/2021\/07\/KW-28b-Erstmals-Kaelber-bei-Yaks-in-Wilhelma-geboren-16.07.2021-Bild-5.jpg 800w, https:\/\/speyer24news.com\/wp-content\/uploads\/2021\/07\/KW-28b-Erstmals-Kaelber-bei-Yaks-in-Wilhelma-geboren-16.07.2021-Bild-5-300x225.jpg 300w, https:\/\/speyer24news.com\/wp-content\/uploads\/2021\/07\/KW-28b-Erstmals-Kaelber-bei-Yaks-in-Wilhelma-geboren-16.07.2021-Bild-5-768x576.jpg 768w, https:\/\/speyer24news.com\/wp-content\/uploads\/2021\/07\/KW-28b-Erstmals-Kaelber-bei-Yaks-in-Wilhelma-geboren-16.07.2021-Bild-5-678x509.jpg 678w, https:\/\/speyer24news.com\/wp-content\/uploads\/2021\/07\/KW-28b-Erstmals-Kaelber-bei-Yaks-in-Wilhelma-geboren-16.07.2021-Bild-5-326x245.jpg 326w, https:\/\/speyer24news.com\/wp-content\/uploads\/2021\/07\/KW-28b-Erstmals-Kaelber-bei-Yaks-in-Wilhelma-geboren-16.07.2021-Bild-5-80x60.jpg 80w\" sizes=\"(max-width: 800px) 100vw, 800px\" \/><figcaption>Yak-Kuh Tara hat Tashima am 1. Juli auf der vor einem Jahr er\u00f6ffneten Anlage geboren.<br><em>Foto: Wilhelma Stuttgart<\/em><\/figcaption><\/figure><\/div>\n\n\n\n<p>Die neue Anlage f\u00fcr asiatische Huftiere hat gefruchtet. Erstmals in der Geschichte der Wilhelma sind Yaks in dem Zoologisch-Botanischen Garten in Stuttgart geboren worden. Vor einem Jahr waren im Juni 2020 die Yaks und die Kamele in das neue Gemeinschaftsgehege eingezogen. Nun haben beide K\u00fche dieser Grunzochsen K\u00e4lber geboren. Da die urigen Hochgebirgsrinder erst seit kurzem im Bestand der Wilhelma sind, handelt es sich bei dem Nachwuchs um eine Premiere in Stuttgart.<\/p>\n\n\n\n<p>Originell ist dabei, dass die schwarz-braune Kuh Salome mit Sonam ein schwarz-wei\u00dfes Kalb bekam, dagegen die schwarz-wei\u00dfe Kuh Tara mit Tashima ein ganz schwarzes Kalb in die Welt setzte. Vater ist in beiden F\u00e4llen der schwarz-wei\u00dfe Bulle Skunk. Die Vererbungsgenetik macht es m\u00f6glich. F\u00fcr Skunk und Salome, die beide als Jungtiere aus dem M\u00fcnchner Tierpark Hellabrunn gekommen waren, sind es die ersten Nachkommen. Tara, die aus G\u00f6rlitz nach Schwaben kam, hatte ihren Erstling Tarek beim Einzug in die Wilhelma dabei. Er ist im vergangenen Herbst in den Tierpark Cottbus weitergegeben worden. Hoffnung auf erste K\u00e4lber keimte auf, als Skunk im September beim Decken der K\u00fche beobachtet wurde. Und p\u00fcnktlich neun Monate sp\u00e4ter war es so weit: Den Anfang machte der kleine Sonam am 27. Juni, seine Halbschwester Tashima folgte schon am 1. Juli. Ihre M\u00fctter brachten die K\u00e4lber jeweils ohne Probleme auf der Anlage zur Welt.<\/p>\n\n\n\n<div class=\"wp-block-image\"><figure class=\"aligncenter size-large\"><img decoding=\"async\" loading=\"lazy\" width=\"600\" height=\"683\" src=\"https:\/\/speyer24news.com\/wp-content\/uploads\/2021\/07\/KW-28b-Erstmals-Kaelber-bei-Yaks-in-Wilhelma-geboren-16.07.2021-Bild-2.jpg\" alt=\"\" class=\"wp-image-39434\" srcset=\"https:\/\/speyer24news.com\/wp-content\/uploads\/2021\/07\/KW-28b-Erstmals-Kaelber-bei-Yaks-in-Wilhelma-geboren-16.07.2021-Bild-2.jpg 600w, https:\/\/speyer24news.com\/wp-content\/uploads\/2021\/07\/KW-28b-Erstmals-Kaelber-bei-Yaks-in-Wilhelma-geboren-16.07.2021-Bild-2-264x300.jpg 264w\" sizes=\"(max-width: 600px) 100vw, 600px\" \/><figcaption>Das Yak-Kalb Sonam wagt sich schon in die Gesellschaft der Trampeltiere.<br><em>Foto: Wilhelma Stuttgart<\/em><\/figcaption><\/figure><\/div>\n\n\n\n<p>Auch f\u00fcr die Kamele ist der Nachwuchs auf der Anlage ein Novum. So lie\u00df sich die erstmalige Mutter Salome anfangs etwas irritieren, als die neugierigen Kamele Interesse an dem K\u00e4lbchen zeigten. Sie hat sich aber rasch in ihre Mutterrolle gut eingefunden. Und die vier Trampeltiere lassen sich ihrerseits nicht aus der Ruhe bringen, wenn ihnen Sonam als das quirligere der beiden K\u00e4lber um die Beine springt. Auf der 4000 Quadratmeter gro\u00dfen Fl\u00e4che gibt es aber auch genug Platz, um sich bei Bedarf aus dem Weg zu gehen.<\/p>\n\n\n\n<p>In der Natur leben Yaks im Himalaya in H\u00f6hen bis \u00fcber 4000 Meter. Ihre Schulterh\u00f6he betr\u00e4gt bei K\u00fchen zirka 1,10 Meter, bei Bullen bis zu 1,80 Meter. Beide Geschlechter verf\u00fcgen \u00fcber geschwungene H\u00f6rner, die bis zu einen Meter lang werden. Im Hochgebirge dienen Yaks den Bergbauern als vielseitige Lieferanten von Milch, Wolle, Leder und Fleisch. Getrocknet eignet sich ihr Dung als Brennstoff. Zudem finden sie als Reit- und Tragtiere Verwendung.<\/p>\n\n\n\n<h3 class=\"wp-block-heading\">Sehen sie hier das Fotoalbum zu den Yak-K\u00e4lbern:<\/h3>\n\n\n\n<figure class=\"wp-block-gallery columns-2 is-cropped wp-block-gallery-3 is-layout-flex wp-block-gallery-is-layout-flex\"><ul class=\"blocks-gallery-grid\"><li class=\"blocks-gallery-item\"><figure><img decoding=\"async\" loading=\"lazy\" width=\"800\" height=\"600\" src=\"https:\/\/speyer24news.com\/wp-content\/uploads\/2021\/07\/KW-28b-Erstmals-Kaelber-bei-Yaks-in-Wilhelma-geboren-16.07.2021-Bild-1.jpg\" alt=\"\" data-id=\"39433\" data-full-url=\"https:\/\/speyer24news.com\/wp-content\/uploads\/2021\/07\/KW-28b-Erstmals-Kaelber-bei-Yaks-in-Wilhelma-geboren-16.07.2021-Bild-1.jpg\" data-link=\"https:\/\/speyer24news.com\/?attachment_id=39433\" class=\"wp-image-39433\" srcset=\"https:\/\/speyer24news.com\/wp-content\/uploads\/2021\/07\/KW-28b-Erstmals-Kaelber-bei-Yaks-in-Wilhelma-geboren-16.07.2021-Bild-1.jpg 800w, https:\/\/speyer24news.com\/wp-content\/uploads\/2021\/07\/KW-28b-Erstmals-Kaelber-bei-Yaks-in-Wilhelma-geboren-16.07.2021-Bild-1-300x225.jpg 300w, https:\/\/speyer24news.com\/wp-content\/uploads\/2021\/07\/KW-28b-Erstmals-Kaelber-bei-Yaks-in-Wilhelma-geboren-16.07.2021-Bild-1-768x576.jpg 768w, https:\/\/speyer24news.com\/wp-content\/uploads\/2021\/07\/KW-28b-Erstmals-Kaelber-bei-Yaks-in-Wilhelma-geboren-16.07.2021-Bild-1-678x509.jpg 678w, https:\/\/speyer24news.com\/wp-content\/uploads\/2021\/07\/KW-28b-Erstmals-Kaelber-bei-Yaks-in-Wilhelma-geboren-16.07.2021-Bild-1-326x245.jpg 326w, https:\/\/speyer24news.com\/wp-content\/uploads\/2021\/07\/KW-28b-Erstmals-Kaelber-bei-Yaks-in-Wilhelma-geboren-16.07.2021-Bild-1-80x60.jpg 80w\" sizes=\"(max-width: 800px) 100vw, 800px\" \/><figcaption class=\"blocks-gallery-item__caption\">Die schwarz-braune Yak-Kuh Salome hat mit Sonam in der Wilhelma in Stuttgart ihr erstes Kalb geboren, Es ist schwarz-wei\u00df wie sein Vater Skunk.<\/figcaption><\/figure><\/li><li class=\"blocks-gallery-item\"><figure><img decoding=\"async\" loading=\"lazy\" width=\"600\" height=\"683\" src=\"https:\/\/speyer24news.com\/wp-content\/uploads\/2021\/07\/KW-28b-Erstmals-Kaelber-bei-Yaks-in-Wilhelma-geboren-16.07.2021-Bild-2.jpg\" alt=\"\" data-id=\"39434\" data-full-url=\"https:\/\/speyer24news.com\/wp-content\/uploads\/2021\/07\/KW-28b-Erstmals-Kaelber-bei-Yaks-in-Wilhelma-geboren-16.07.2021-Bild-2.jpg\" data-link=\"https:\/\/speyer24news.com\/?attachment_id=39434\" class=\"wp-image-39434\" srcset=\"https:\/\/speyer24news.com\/wp-content\/uploads\/2021\/07\/KW-28b-Erstmals-Kaelber-bei-Yaks-in-Wilhelma-geboren-16.07.2021-Bild-2.jpg 600w, https:\/\/speyer24news.com\/wp-content\/uploads\/2021\/07\/KW-28b-Erstmals-Kaelber-bei-Yaks-in-Wilhelma-geboren-16.07.2021-Bild-2-264x300.jpg 264w\" sizes=\"(max-width: 600px) 100vw, 600px\" \/><figcaption class=\"blocks-gallery-item__caption\">Das erste Yak-Kalb der Wilhelma-Geschichte, Sonam, wagt sich auch schon in die Gesellschaft der Trampeltiere.<\/figcaption><\/figure><\/li><li class=\"blocks-gallery-item\"><figure><img decoding=\"async\" loading=\"lazy\" width=\"600\" height=\"557\" src=\"https:\/\/speyer24news.com\/wp-content\/uploads\/2021\/07\/KW-28b-Erstmals-Kaelber-bei-Yaks-in-Wilhelma-geboren-16.07.2021-Bild-3.jpg\" alt=\"\" data-id=\"39435\" data-full-url=\"https:\/\/speyer24news.com\/wp-content\/uploads\/2021\/07\/KW-28b-Erstmals-Kaelber-bei-Yaks-in-Wilhelma-geboren-16.07.2021-Bild-3.jpg\" data-link=\"https:\/\/speyer24news.com\/?attachment_id=39435\" class=\"wp-image-39435\" srcset=\"https:\/\/speyer24news.com\/wp-content\/uploads\/2021\/07\/KW-28b-Erstmals-Kaelber-bei-Yaks-in-Wilhelma-geboren-16.07.2021-Bild-3.jpg 600w, https:\/\/speyer24news.com\/wp-content\/uploads\/2021\/07\/KW-28b-Erstmals-Kaelber-bei-Yaks-in-Wilhelma-geboren-16.07.2021-Bild-3-300x279.jpg 300w\" sizes=\"(max-width: 600px) 100vw, 600px\" \/><figcaption class=\"blocks-gallery-item__caption\">Nicht nur f\u00fcr Salome ist Sonam ihr Erstgeborener, auch f\u00fcr die Wilhelma in Stuttgart ist es das allererste Yak-Kalb.<\/figcaption><\/figure><\/li><li class=\"blocks-gallery-item\"><figure><img decoding=\"async\" loading=\"lazy\" width=\"800\" height=\"600\" src=\"https:\/\/speyer24news.com\/wp-content\/uploads\/2021\/07\/KW-28b-Erstmals-Kaelber-bei-Yaks-in-Wilhelma-geboren-16.07.2021-Bild-4.jpg\" alt=\"\" data-id=\"39436\" data-full-url=\"https:\/\/speyer24news.com\/wp-content\/uploads\/2021\/07\/KW-28b-Erstmals-Kaelber-bei-Yaks-in-Wilhelma-geboren-16.07.2021-Bild-4.jpg\" data-link=\"https:\/\/speyer24news.com\/?attachment_id=39436\" class=\"wp-image-39436\" srcset=\"https:\/\/speyer24news.com\/wp-content\/uploads\/2021\/07\/KW-28b-Erstmals-Kaelber-bei-Yaks-in-Wilhelma-geboren-16.07.2021-Bild-4.jpg 800w, https:\/\/speyer24news.com\/wp-content\/uploads\/2021\/07\/KW-28b-Erstmals-Kaelber-bei-Yaks-in-Wilhelma-geboren-16.07.2021-Bild-4-300x225.jpg 300w, https:\/\/speyer24news.com\/wp-content\/uploads\/2021\/07\/KW-28b-Erstmals-Kaelber-bei-Yaks-in-Wilhelma-geboren-16.07.2021-Bild-4-768x576.jpg 768w, https:\/\/speyer24news.com\/wp-content\/uploads\/2021\/07\/KW-28b-Erstmals-Kaelber-bei-Yaks-in-Wilhelma-geboren-16.07.2021-Bild-4-678x509.jpg 678w, https:\/\/speyer24news.com\/wp-content\/uploads\/2021\/07\/KW-28b-Erstmals-Kaelber-bei-Yaks-in-Wilhelma-geboren-16.07.2021-Bild-4-326x245.jpg 326w, https:\/\/speyer24news.com\/wp-content\/uploads\/2021\/07\/KW-28b-Erstmals-Kaelber-bei-Yaks-in-Wilhelma-geboren-16.07.2021-Bild-4-80x60.jpg 80w\" sizes=\"(max-width: 800px) 100vw, 800px\" \/><figcaption class=\"blocks-gallery-item__caption\">Als erstes Yak-Kalb der Geschichte der Wilhelma in Stuttgart kam Sonam am 27. Juni auf die Welt.<\/figcaption><\/figure><\/li><li class=\"blocks-gallery-item\"><figure><img decoding=\"async\" loading=\"lazy\" width=\"800\" height=\"600\" src=\"https:\/\/speyer24news.com\/wp-content\/uploads\/2021\/07\/KW-28b-Erstmals-Kaelber-bei-Yaks-in-Wilhelma-geboren-16.07.2021-Bild-5.jpg\" alt=\"\" data-id=\"39437\" data-full-url=\"https:\/\/speyer24news.com\/wp-content\/uploads\/2021\/07\/KW-28b-Erstmals-Kaelber-bei-Yaks-in-Wilhelma-geboren-16.07.2021-Bild-5.jpg\" data-link=\"https:\/\/speyer24news.com\/?attachment_id=39437\" class=\"wp-image-39437\" srcset=\"https:\/\/speyer24news.com\/wp-content\/uploads\/2021\/07\/KW-28b-Erstmals-Kaelber-bei-Yaks-in-Wilhelma-geboren-16.07.2021-Bild-5.jpg 800w, https:\/\/speyer24news.com\/wp-content\/uploads\/2021\/07\/KW-28b-Erstmals-Kaelber-bei-Yaks-in-Wilhelma-geboren-16.07.2021-Bild-5-300x225.jpg 300w, https:\/\/speyer24news.com\/wp-content\/uploads\/2021\/07\/KW-28b-Erstmals-Kaelber-bei-Yaks-in-Wilhelma-geboren-16.07.2021-Bild-5-768x576.jpg 768w, https:\/\/speyer24news.com\/wp-content\/uploads\/2021\/07\/KW-28b-Erstmals-Kaelber-bei-Yaks-in-Wilhelma-geboren-16.07.2021-Bild-5-678x509.jpg 678w, https:\/\/speyer24news.com\/wp-content\/uploads\/2021\/07\/KW-28b-Erstmals-Kaelber-bei-Yaks-in-Wilhelma-geboren-16.07.2021-Bild-5-326x245.jpg 326w, https:\/\/speyer24news.com\/wp-content\/uploads\/2021\/07\/KW-28b-Erstmals-Kaelber-bei-Yaks-in-Wilhelma-geboren-16.07.2021-Bild-5-80x60.jpg 80w\" sizes=\"(max-width: 800px) 100vw, 800px\" \/><figcaption class=\"blocks-gallery-item__caption\">Yak-Kuh Tara hat Tashima am 1. Juli auf der vor einem Jahr in der Wilhelma in Stuttgart er\u00f6ffneten Anlage f\u00fcr asiatische Huftiere geboren.<\/figcaption><\/figure><\/li><li class=\"blocks-gallery-item\"><figure><img decoding=\"async\" loading=\"lazy\" width=\"800\" height=\"600\" src=\"https:\/\/speyer24news.com\/wp-content\/uploads\/2021\/07\/KW-28b-Erstmals-Kaelber-bei-Yaks-in-Wilhelma-geboren-16.07.2021-Bild-6.jpg\" alt=\"\" data-id=\"39438\" data-full-url=\"https:\/\/speyer24news.com\/wp-content\/uploads\/2021\/07\/KW-28b-Erstmals-Kaelber-bei-Yaks-in-Wilhelma-geboren-16.07.2021-Bild-6.jpg\" data-link=\"https:\/\/speyer24news.com\/?attachment_id=39438\" class=\"wp-image-39438\" srcset=\"https:\/\/speyer24news.com\/wp-content\/uploads\/2021\/07\/KW-28b-Erstmals-Kaelber-bei-Yaks-in-Wilhelma-geboren-16.07.2021-Bild-6.jpg 800w, https:\/\/speyer24news.com\/wp-content\/uploads\/2021\/07\/KW-28b-Erstmals-Kaelber-bei-Yaks-in-Wilhelma-geboren-16.07.2021-Bild-6-300x225.jpg 300w, https:\/\/speyer24news.com\/wp-content\/uploads\/2021\/07\/KW-28b-Erstmals-Kaelber-bei-Yaks-in-Wilhelma-geboren-16.07.2021-Bild-6-768x576.jpg 768w, https:\/\/speyer24news.com\/wp-content\/uploads\/2021\/07\/KW-28b-Erstmals-Kaelber-bei-Yaks-in-Wilhelma-geboren-16.07.2021-Bild-6-678x509.jpg 678w, https:\/\/speyer24news.com\/wp-content\/uploads\/2021\/07\/KW-28b-Erstmals-Kaelber-bei-Yaks-in-Wilhelma-geboren-16.07.2021-Bild-6-326x245.jpg 326w, https:\/\/speyer24news.com\/wp-content\/uploads\/2021\/07\/KW-28b-Erstmals-Kaelber-bei-Yaks-in-Wilhelma-geboren-16.07.2021-Bild-6-80x60.jpg 80w\" sizes=\"(max-width: 800px) 100vw, 800px\" \/><figcaption class=\"blocks-gallery-item__caption\">Obwohl ihre Eltern Tara und Skunk beide schwarz-wei\u00df sind, hat das Yak-Kalb Tashima in der Wilhelma in Stuttgart durchgehend schwarzes Fell.<\/figcaption><\/figure><\/li><\/ul><\/figure>\n\n\n\n<p><em>Wilhelma &#8211; Zoologisch-Botanischer Garten Stuttgart<br>24.07.2021<\/em><\/p>\n","protected":false},"excerpt":{"rendered":"<div class=\"mh-excerpt\"><p>Hauptbl\u00fctezeit im Maurischen Garten Tropische Seerosen-Divas gedeihen in exotischem Ambiente Der Sommer strahlt, der Urlaub steht bevor, aber die Reiseziele fehlen w\u00e4hrend der Pandemie? Die Wilhelma in Stuttgart stillt das Fernweh mit ihrer eigenen Exotik. <a class=\"mh-excerpt-more\" href=\"https:\/\/speyer24news.com\/?p=39432\" title=\"Wilhelma &#8211; Zoologisch-Botanischer Garten Stuttgart \/ Freizeit\">[&#8230;]<\/a><\/p>\n<\/div>","protected":false},"author":3,"featured_media":30171,"comment_status":"open","ping_status":"open","sticky":false,"template":"","format":"standard","meta":{"_monsterinsights_skip_tracking":false,"_monsterinsights_sitenote_active":false,"_monsterinsights_sitenote_note":"","_monsterinsights_sitenote_category":0,"footnotes":""},"categories":[11],"tags":[8421,8422,12576,12577,12579,12578,8419,8420,10083,11544,11418,12573,12575,12574,12572,8811,6716,8418],"aioseo_notices":[],"amp_enabled":true,"_links":{"self":[{"href":"https:\/\/speyer24news.com\/index.php?rest_route=\/wp\/v2\/posts\/39432"}],"collection":[{"href":"https:\/\/speyer24news.com\/index.php?rest_route=\/wp\/v2\/posts"}],"about":[{"href":"https:\/\/speyer24news.com\/index.php?rest_route=\/wp\/v2\/types\/post"}],"author":[{"embeddable":true,"href":"https:\/\/speyer24news.com\/index.php?rest_route=\/wp\/v2\/users\/3"}],"replies":[{"embeddable":true,"href":"https:\/\/speyer24news.com\/index.php?rest_route=%2Fwp%2Fv2%2Fcomments&post=39432"}],"version-history":[{"count":1,"href":"https:\/\/speyer24news.com\/index.php?rest_route=\/wp\/v2\/posts\/39432\/revisions"}],"predecessor-version":[{"id":39446,"href":"https:\/\/speyer24news.com\/index.php?rest_route=\/wp\/v2\/posts\/39432\/revisions\/39446"}],"wp:featuredmedia":[{"embeddable":true,"href":"https:\/\/speyer24news.com\/index.php?rest_route=\/wp\/v2\/media\/30171"}],"wp:attachment":[{"href":"https:\/\/speyer24news.com\/index.php?rest_route=%2Fwp%2Fv2%2Fmedia&parent=39432"}],"wp:term":[{"taxonomy":"category","embeddable":true,"href":"https:\/\/speyer24news.com\/index.php?rest_route=%2Fwp%2Fv2%2Fcategories&post=39432"},{"taxonomy":"post_tag","embeddable":true,"href":"https:\/\/speyer24news.com\/index.php?rest_route=%2Fwp%2Fv2%2Ftags&post=39432"}],"curies":[{"name":"wp","href":"https:\/\/api.w.org\/{rel}","templated":true}]}}