{"id":39485,"date":"2021-07-26T06:24:11","date_gmt":"2021-07-26T05:24:11","guid":{"rendered":"https:\/\/speyer24news.com\/?p=39485"},"modified":"2021-07-26T06:24:14","modified_gmt":"2021-07-26T05:24:14","slug":"polizei-646","status":"publish","type":"post","link":"https:\/\/speyer24news.com\/?p=39485","title":{"rendered":"Polizei"},"content":{"rendered":"<style type=\"text\/css\">\r\n\t.ads_top_disp{}\r\n\t.ads_top_corner_disp{ float:left; margin:0px 10px 10px 0px; }\r\n\t.ads_first_p_disp{}\r\n\t.ads_bottom_disp{}\r\n\t<\/style>\n<h2 class=\"wp-block-heading\">Polizeimeldungen vom Wochenende (24.07. &amp; 25.07.2021)<\/h2>\n\n\n\n<div class=\"wp-block-image\"><figure class=\"aligncenter size-large\"><img decoding=\"async\" src=\"https:\/\/speyer24news.com\/wp-content\/uploads\/2019\/11\/Aktuelles-Polizeilogo.jpg\" alt=\"\" class=\"wp-image-21845\"\/><\/figure><\/div>\n\n\n\n<h2 class=\"wp-block-heading\">(Speyer) &#8211; Aufgrund lauter Musik Fensterscheibe besch\u00e4digt<\/h2>\n\n\n\n<p>Ein 58-j\u00e4hriger aus Speyer st\u00f6rte sich Sonntagfr\u00fch \u00fcber laute Musik ausgehend von seinem 26-j\u00e4hrigen Nachbarn. Da der 26-j\u00e4hrige die Musik trotz Gespr\u00e4chs nicht leiser drehte, schmiss der Beschuldigte mit mehreren Kieselsteinen gegen das Fenster der Wohnung. Dieses wurde an mehreren Stellen besch\u00e4digt.<\/p>\n\n\n\n<h2 class=\"wp-block-heading\">(Speyer) &#8211; Randalierer in der Bahnhofstra\u00dfe<\/h2>\n\n\n\n<p>Samstagnachmittag gingen bei der Polizei Speyer mehrere Notrufe \u00fcber eine randalierende Person im Bereich des Hauptbahnhofs Speyer ein. Vor dem Denns Biomarkt konnte ein 25-j\u00e4hriger Mann aus R\u00f6merberg angetroffen werden, welcher lautstark herumschrie und dem Alkohol sichtlich zugesprochen hatte. Ein freiwillig durchgef\u00fchrter Atemalkoholtest ergab einen Wert von 3,55 Promille. Der Mann hatte einen kleinen Baum herausgerissen und diesen auf dem Gr\u00fcnstreifen abgelegt. Im Streifenwagen beruhigte sich dieser, entschuldigte sich f\u00fcr sein Benehmen und gab an nun ruhig zu bleiben. Da der Mann trotz seiner Alkoholisierung uneingeschr\u00e4nkt Wegef\u00e4hig war, wurde er anschlie\u00dfend nach Hause entlassen.<\/p>\n\n\n\n<h2 class=\"wp-block-heading\">(Speyer) &#8211; Beim Einparken vom Bremspedal abgerutscht und 3 andere PKW besch\u00e4digt<\/h2>\n\n\n\n<p>Eine 51-j\u00e4hrige Frau aus Speyer wollte am Samstag um 14:29 Uhr auf dem Parkplatz des Dehner in der Auestra\u00dfe einparken und rutschte hierbei vom Bremspedal ab. In Folge dessen besch\u00e4digte Sie den neben ihr parkenden PKW, sowie die 2 vor ihr parkenden PKW. Die gesch\u00e4tzte Schadensh\u00f6he bel\u00e4uft sich auf 9500 Euro.<\/p>\n\n\n\n<h2 class=\"wp-block-heading\">(Speyer) &#8211; Auch auf dem Fahrrad und dem E-Scooter sollte man n\u00fcchtern sein&#8230; <\/h2>\n\n\n\n<p>Bei Kontrollen zogen die Speyerer Polizisten am Freitag gleich drei Personen aus dem Verkehr da sie nicht n\u00fcchtern waren. Am Vormittag wurde in der Wormser Landstra\u00dfe ein E-Scooter  kontrolliert, bei welchem der 20-j\u00e4hrige Fahrer deutliche Anzeichen  auf einen aktuellen Drogeneinfluss aufwies. Dieser r\u00e4umte letztlich  ein, vor kurzem Marihuana konsumiert zu haben. Um 23.45 Uhr teilten Verkehrsteilnehmer mit, dass sich auf der  Bundesstra\u00dfe 39, in H\u00f6he von Dudenhofen, ein Fahrradfahrer befinden  w\u00fcrde, welcher in Schlangenlinien fahren w\u00fcrde. Nachdem der  31-j\u00e4hrige Mann beim Erblicken der Polizei versuchte \u00fcber das  naheliegende Feld zu fl\u00fcchten, konnte er nach kurzer Verfolgung  gestellt und festgenommen werden. Ein Atemalkoholtest zeigte  schlie\u00dflich einen Wert von 1,83 Promille an. Ein weiterer E-Scooter wurde gegen Mitternacht ebenfalls in der  Wormser Landstra\u00dfe einer Kontrolle unterzogen. Hier konnte bei dem  38-j\u00e4hrigen Fahrer deutlicher Atemalkoholgeruch festgestellt werden.  Ein Atemalkoholtest best\u00e4tigte den Verdacht: 1,46 Promille. Allen drei Verkehrsteilnehmern wurde eine Blutprobe entnommen und sie erwartet nun unter anderem ein Verfahren wegen Trunkenheit im  Verkehr.<\/p>\n\n\n\n<h2 class=\"wp-block-heading\">(Harthausen \/ Speyer) &#8211; K\u00f6rperverletzung, Diebstahl, Drogenbesitz und einiges mehr<\/h2>\n\n\n\n<p>Wie erst am Freitagnachmittag der Polizei bekannt wurde, kam es am fr\u00fchen  Freitagmorgen in Harthausen zwischen einem 43-j\u00e4hrigen Mann und  seiner 44-j\u00e4hrigen Lebensgef\u00e4hrtin zu einem Streit, in dessen Verlauf die Frau mehrfach geschlagen, getreten und mit dem Tode bedroht  wurde. Hiernach verlie\u00df der Mann das Anwesen, nahm jedoch zuvor das  Motorrad und die Geldb\u00f6rse seiner Freundin an sich.  Kurz danach hob er widerrechtlich einen gr\u00f6\u00dferen Geldbetrag von deren Konto ab und fuhr zun\u00e4chst unerkannt mit ihrem Motorrad davon. <\/p>\n\n\n\n<p>Gegen 18.00 Uhr meldete schlie\u00dflich eine Zeugin, dass auf dem  Parkplatz eines Einkaufmarktes in Speyer ein Mann mit einem Motorrad  w\u00e4re, bei welchem sie zuf\u00e4llig gesehen h\u00e4tte, dass dieser eine  Schusswaffe im Rucksack bei sich h\u00e4tte. Durch die Streife konnte nun  der 43-j\u00e4hrige Beschuldigte neben dem Motorrad seiner Freundin  festgestellt und kontrolliert werden. Hierbei stellte sich heraus, dass es sich bei der Schusswaffe um eine Luftpistole handelte. Weiterhin f\u00fchrte er Kokain und Cannabis mit  sich und r\u00e4umte auch den Konsum von Drogen und Alkohol ein. <\/p>\n\n\n\n<p>Dem Mann  &#8211; der nicht im Besitz einer Fahrerlaubnis ist &#8211; wurde in der Folge  eine Blutprobe entnommen, er wurde erkennungsdienstlich behandelt und es wurde eine Sicherheitsleistung erhoben. Ihn erwarten nun eine Vielzahl an Strafverfahren, unter anderem auch  wegen Trunkenheit im Verkehr, Fahren ohne Fahrerlaubnis und Versto\u00df  gegen das Waffengesetz.<\/p>\n\n\n\n<h2 class=\"wp-block-heading\">(Otterstadt) &#8211; Unfall zwischen Pferdekutsche und Roller<\/h2>\n\n\n\n<p>Ein 30j\u00e4hriger Rollerfahrer befuhr Sonntagmorgen die K23 von Otterstadt kommend in Richtung Rinkenbergerhof. Der 73j\u00e4hrige Kutscher fuhr mit seiner Kutsche gezogen von zwei Pferden von einem parallel verlaufenden Feldweg auf die Kreisstra\u00dfe auf um in gleiche Richtung wie der Rollerfahrer weiter zu fahren. Aus noch ungekl\u00e4rten Ursache kam es zum Zusammensto\u00df, der Rollerfahrer kam zu Fall und blieb auf dem Gr\u00fcnstreifen liegen. Er wurde durch Ersthelfer vor Ort betreut und musste durch einen hinzugerufenen Rettungshubschrauber ins Krankenhaus gebracht werden. Wie schwer er verletzt wurde, ist noch nicht bekannt. Weiterhin wurde ein Pferd verletzt, welches ebenfalls behandelt werden muss. Der Kutscher und die Insassen der Kutsche wurden nicht verletzt. Zeugen, die den Unfall beobachtet haben oder Angaben zum Unfallhergang machen k\u00f6nnen, werden gebeten sich bei der Polizei Speyer unter der Tel. 06232\/137-0 oder per Email an\u00a0<a href=\"mailto:pispeyer@polizei.rlp.de\">pispeyer@polizei.rlp.de<\/a>\u00a0zu melden.<\/p>\n\n\n\n<h2 class=\"wp-block-heading\">(Schifferstadt) &#8211; Diebstahl aus PKW<\/h2>\n\n\n\n<p>Am Samstag, um ca. 11:30 Uhr, wurden in der Waldseer Stra\u00dfe in Schifferstadt durch einen unbekannten T\u00e4ter aus einem Porsche u.a. ein gr\u00f6\u00dferer Bargeldbetrag und Kreditkarten gestohlen. Zeugen, die Hinweise zur Tat oder Tatverd\u00e4chtigen machen k\u00f6nnen, werden gebeten, sich mit der Polizeiinspektion Schifferstadt unter 06235 495-0 oder&nbsp;<a href=\"mailto:pischifferstadt@polizei.rlp.de\">pischifferstadt@polizei.rlp.de<\/a>&nbsp;in Verbindung zu setzen.<\/p>\n\n\n\n<h2 class=\"wp-block-heading\">(B\u00f6hl-Iggelheim) &#8211; Beleidigung von Polizeibeamten<\/h2>\n\n\n\n<p>Am fr\u00fchen Sonntagmorgen konnte w\u00e4hrend einer Anzeigenaufnahme am Niederwiesenweiher durch Beamte aus einiger Entfernung beobachtet werden, wie ein 22-J\u00e4hriger aus R\u00f6dersheim-Gronau gegen einen Funkstreifenwagen der Polizeiinspektion Schifferstadt trat und anschlie\u00dfend fl\u00fcchtete. Dieser konnte dann durch die Polizeibeamten in einem Geb\u00fcsch versteckt liegend aufgefunden werden. Aufgrund des Umstandes, dass der alkoholisierte 22-J\u00e4hrige w\u00e4hrend der nachfolgenden Sachverhaltsaufnahme zus\u00e4tzlich die Beamten noch mehrfach beleidigte, wurden gegen diesen mehrere Strafverfahren eingeleitet.<\/p>\n\n\n\n<h2 class=\"wp-block-heading\">(B\u00f6hl-Iggelheim) &#8211; Unfall auf der L528<\/h2>\n\n\n\n<p>Am sp\u00e4ten Freitagnachmittag kam es auf der L528 zu einem Verkehrsunfall, als ein 25-J\u00e4hriger BMW-Fahrer aus Unachtsamkeit auf einen abbiegenden PKW VW auffuhr. Beide Fahrzeuge waren hierdurch nicht mehr fahrbereit und mussten abgeschleppt werden. Zur Beseitigung auslaufender Betriebsstoffe musste die Fahrbahn zeitweise komplett gesperrt werden.<\/p>\n\n\n\n<h2 class=\"wp-block-heading\">(R\u00f6merberg) &#8211; Neue Betrugsmasche &#8222;Falscher Microsoftmitarbeiter&#8220;<\/h2>\n\n\n\n<p>Ein unbekannter Anrufer behauptete am Freitag gegen 14:00 Uhr gegen\u00fcber einem 65-J\u00e4hrigen aus R\u00f6merberg, Microsoft-Mitarbeiter zu sein. Er gab weiter an, dass der Laptop gehakt wurde und er nun mittels dem Programm Team-Viewer darauf zugreifen m\u00fcsse. Der Gesch\u00e4digte hielt dies f\u00fcr plausibel und folgte den Anweisungen. Im anschlie\u00dfenden 6-st\u00fcndigen Gespr\u00e4ch hatte der Unbekannte Zugriff auf den Laptop und es wurden viele Daten abgegriffen. Als der Gesch\u00e4digte den Laptop danach herunterfuhr, wurde er erneut angerufen und gebeten, diesen wieder anzuschalten. Erst jetzt wurde der Gesch\u00e4digte misstrauisch und stellte fest, dass insgesamt 17.000 Euro von seinem Konto abgebucht wurden.<\/p>\n\n\n\n<h2 class=\"wp-block-heading\">(Schwegenheim) &#8211; Mit Kleinkraftrad unter dem Einfluss von Bet\u00e4ubungsmitteln und ohne F\u00fchrerschein auf B 9 unterwegs<\/h2>\n\n\n\n<p>Auf dem R\u00fcckweg eines Einsatzes am Samstagmittag konnten Beamte der PI Speyer in H\u00f6he Schwegenheim ein Kleinkraftrad auf der B 9 feststellen, welches diese mit 50 km\/h befuhr. Bei der anschlie\u00dfenden Kontrolle des 36-j\u00e4hrigen Fahrers aus Philippsburg auf dem Tankhof Schwegenheim, zeigte er Auff\u00e4lligkeiten, die auf den Konsum von Bet\u00e4ubungsmittel hinwiesen. Ein freiwillig durchgef\u00fchrter Urintest reagierte positiv auf Kokain und Cannabis. Weiter gab der Beschuldigte an keine g\u00fcltige Fahrerlaubnis zu besitzen. Es wurde eine Blutprobe entnommen und der Fahrzeugschl\u00fcssel sichergestellt. Ihn erwarten nun eine Anzeige wegen Trunkenheit im Verkehr und Fahren ohne Fahrerlaubnis.<\/p>\n\n\n\n<h2 class=\"wp-block-heading\">(Germersheim) &#8211; Betrunkener Autofahrer<\/h2>\n\n\n\n<p>Samstagnacht gegen 02:30 Uhr wurde ein schlangenlinienfahrender und unbeleuchteter PKW in Germersheim gemeldet. Der 28-j\u00e4hrige Fahrer konnte durch die Polizeibeamten kontrolliert werden. Ein freiwillig durchgef\u00fchrter Atemalkoholtest ergab 1,84 Promille. Au\u00dferdem war der Mann nicht im Besitz eines F\u00fchrerscheins. Die Fahrt war f\u00fcr den 28-J\u00e4hrigen beendet und ihm wurde anschlie\u00dfend eine Blutprobe entnommen.<\/p>\n\n\n\n<h2 class=\"wp-block-heading\">(R\u00fclzheim) &#8211; Auch Radfahrer m\u00fcssen n\u00fcchtern sein!!!<\/h2>\n\n\n\n<p>Am Freitagabend (23.07.21) wurde der Polizei eine gest\u00fcrzte Fahrradfahrerin in R\u00fclzheim gemeldet. Durch die Beamten konnte die 55-j\u00e4hrige Frau im Krankenwagen angetroffen werden. Da ein starker Alkoholgeruch festgestellt werden konnte, wurde ein Atemalkoholtest durchgef\u00fchrt, welcher einen Wert von 3,35 Promille aufwies.<\/p>\n\n\n\n<p>Die Fahrradfahrerin wurde aufgrund des Verdachts einer Fraktur im Kn\u00f6chel, zur weiteren Behandlung ins Krankenhaus verbracht. Ein Strafverfahren wegen der Trunkenheit im Verkehr wurde eingeleitet.<\/p>\n\n\n\n<p>Selbst bei geringen Werten, kann eine relative Fahrunt\u00fcchtigkeit eintreten. Um schwere Unfallfolgen zu vermeiden, sollte man also auch beim Fahrradfahren auf N\u00fcchternheit achten.<\/p>\n\n\n\n<h2 class=\"wp-block-heading\">(Bad Bergzabern) &#8211; Gef\u00e4hrliches \u00dcberholman\u00f6ver<\/h2>\n\n\n\n<p>Am 23.07.21, kam es um 16.15 Uhr, auf der L 545, der Steinfelder Stra\u00dfe, zwischen Bad Bergzabern und Steinfeld, zu einem riskanten \u00dcberholman\u00f6ver. Im Kurvenbereich \u00fcberholte ein \u00e4lterer, wei\u00dfer Ford Transit trotz Gegenverkehr und gef\u00e4hrdete dabei das \u00fcberholte Fahrzeug als auch das Fahrzeug im Gegenverkehr. Um einen Frontalzusammensto\u00df mit dem Ford Transit zu vermeiden, musste die 59 j\u00e4hrige Pkw-Fahrerin im Gegenverkehr stark abbremsen und nach rechts in den Gr\u00fcnstreifen ausweichen. Auch das \u00fcberholte Fahrzeug musste stark abbremsen und nach rechts ausweichen. Zeugen von dem \u00dcberholman\u00f6ver und Personen, die Hinweise zu dem \u00e4lteren, wei\u00dfen Ford Transit machen k\u00f6nnen, werden gebeten, sich mit der Polizei Bad Bergzabern, Tel.: 06343 \/ 93340, in Verbindung zu setzen.<\/p>\n\n\n\n<h2 class=\"wp-block-heading\">(Landau) &#8211; Einbruch in Juweliergesch\u00e4ft<\/h2>\n\n\n\n<p>Wiederholt wurde am fr\u00fchen Sonntagmorgen gegen 06:30 Uhr durch einen bislang unbekannten T\u00e4ter in ein Juweliergesch\u00e4ft im Bereich des &#8222;Kleinen Platzes&#8220; in Landau eingebrochen. Die Polizei sucht derzeit Zeugen, die Hinweise zur Ergreifung des T\u00e4ters geben k\u00f6nnen.<\/p>\n\n\n\n<h4 class=\"wp-block-heading\">Der T\u00e4ter wurde bei der Tat durch einen Zeugen beobachtet und wird wie folgt beschrieben: <\/h4>\n\n\n\n<ul><li><strong>165-170 cm gro\u00df<\/strong><\/li><li><strong>schlank<\/strong><\/li><li><strong>trug zur Tatzeit einen schwarzen Kapuzenpullover \u00fcber einem wei\u00dfen T-Shirt und f\u00fchrte eine blaue OP-Maske<\/strong><\/li><li><strong>sowie ein &#8222;Schlagwerkzeug&#8220; oder einen \u00e4hnlichen Gegenstand bei sich. Es ist anzunehmen, dass der T\u00e4ter diesen Gegenstand zur Tatausf\u00fchrung und in der Nachtatphase mitgef\u00fchrt und diesen auch sichtbar bei sich getragen oder unmittelbar danach entsorgt hat. Der Schaden wird auf mehrere tausend Euro gesch\u00e4tzt.<\/strong><\/li><\/ul>\n\n\n\n<p>Wem ist Sonntagmorgen im Bereich der Innenstadt \/ Marktplatz in Landau eine Person aufgefallen, die auf diese Beschreibung zutreffen k\u00f6nnte? Bitte melden Sie sich f\u00fcr Zeugenhinweise bei der Polizei in Landau unter der Telefonnummer 06341 287-0 oder per E-Mail unter\u00a0<a href=\"mailto:pilandau@polizei.rlp.de\">pilandau@polizei.rlp.de<\/a>.<\/p>\n\n\n\n<h2 class=\"wp-block-heading\">(Landau) &#8211; Falschfahrer auf der A65 unterwegs<\/h2>\n\n\n\n<p>Am Samstagmorgen, den 24.07.2021, gingen gegen 06:30 Uhr mehrere Notrufe bei der Polizeiinspektion Landau wegen eines Falschfahrers ein. Hierbei soll ein roter Kleinbus bei Landau-Nord auf die Richtungsfahrbahn Neustadt aufgefahren und entgegen der Fahrtrichtung nach Karlsruhe gefahren sein.<\/p>\n\n\n\n<p>Durch die Streifen konnte der Falschfahrer nicht mehr festgestellt werden.<\/p>\n\n\n\n<p>Eine Strafanzeige wegen Stra\u00dfenverkehrsgef\u00e4hrdung wurde aufgenommen.<\/p>\n\n\n\n<p>Zeugen die den Vorfall beobachten konnten bzw. Personen die hierbei gef\u00e4hrdet wurden, werden gebeten sich bei der Polizeiinspektion Edenkoben unter der 06323-955-0 oder per Mail&nbsp;<a href=\"mailto:piedenkoben@polizei.rlp.de\">piedenkoben@polizei.rlp.de<\/a>&nbsp;zu melden.<\/p>\n\n\n\n<h2 class=\"wp-block-heading\">(Landau) &#8211; Betrunken und ohne F\u00fchrerschein unterwegs<\/h2>\n\n\n\n<p>Ohne Fahrerlaubnis wurde am Freitagnacht gegen 23:30 Uhr eine 35 Jahre alte Landauerin im Innenstadtbereich mit ihrem PKW kontrolliert. Dem nicht genug &#8211; bei einer \u00dcberpr\u00fcfung der Fahrt\u00fcchtigkeit konnten Hinweise auf einen kurzfristigen Konsum von Bet\u00e4ubungsmittel erlangt werden. Da ein Drogenvortest positiv auf Amphetamine verlief, wurde ihr durch einen Arzt eine Blutprobe entnommen. Gegen die Frau wurde nun ein Ermittlungsverfahren wegen Trunkenheit im Verkehr und Fahren ohne Fahrerlaubnis eingeleitet.<\/p>\n\n\n\n<h2 class=\"wp-block-heading\">(Landau \/ Queichheim) &#8211; Betrunken das Auto kaputtgefahren<\/h2>\n\n\n\n<p>Mit 1,73 Promille wurde am Freitagmittag gegen 15:00 Uhr ein 60 Jahre alter Autofahrer festgestellt. Zuvor wurde durch aufmerksame Zeugen gemeldet, dass der PKW-Fahrer mit einem stark besch\u00e4digten Fahrzeug durch die Queichheimer Hauptstra\u00dfe f\u00e4hrt. Tats\u00e4chlich konnten die Polizeibeamten erkennen, dass vermutlich die Achse des Fahrzeugs gebrochen war und dieses noch diverse andere frische Besch\u00e4digungen aufwies. Der Fahrer erkl\u00e4rte, lediglich gegen die Bordsteinkante gefahren zu sein. Dem Mann wurde nach Beendigung der Ma\u00dfnahme eine Blutprobe entnommen. Seinen F\u00fchrerschein musste er abgeben.<\/p>\n\n\n\n<p>Ob weitere Fahrzeuge besch\u00e4digt wurden, ist derzeit unklar. Zeugen oder Gesch\u00e4digte werden gebeten, sich bei der Polizei Landau unter der Telefonnummer 06341 2870 oder per E-Mail unter\u00a0<a href=\"mailto:pilandau@polizei.rlp.de\">pilandau@polizei.rlp.de<\/a>, zu melden.<\/p>\n\n\n\n<h2 class=\"wp-block-heading\">(Annweiler am Trifels) &#8211; Verkehrsunfall mit Personenschaden<\/h2>\n\n\n\n<p>Vier mittelschwerverletzte Personen und ein Sachschaden von etwa 15 000 Euro waren das Resultat eines Verkehrsunfalls, welcher sich am Samstagvormittag gegen 11:30 Uhr auf der Bundesstra\u00dfe 10 im Barbarossatunnel zugetragen hat. Der 18 Jahre alte Unfallverursacher aus dem Raum Worms kam nach derzeitigem Ermittlungsstand in der leichten Rechtskurve in Folge von Unachtsamkeit nach links von seinem Fahrstreifen ab und kollidierte mit einem Fahrzeug des Gegenverkehrs. Durch den Zusammensto\u00df wurden beide Fahrzeuge derart besch\u00e4digt, dass sie durch Abschleppunternehmen geborgen werden mussten. Durch die Abschleppma\u00dfnahmen musste die Stra\u00dfenmeisterei Annweiler den Tunnel f\u00fcr etwa 60 Minuten voll sperren. Der Verkehr wurde durch Annweiler umgeleitet, weswegen es lediglich zu kleineren Verkehrsbehinderungen kam. Die beteiligten Personen wurden durch den Rettungsdienst in umliegende Krankenh\u00e4user verbracht.<\/p>\n\n\n\n<h2 class=\"wp-block-heading\">(Annweiler am Trifels) &#8211; Verkehrsunfall mit Personenschaden<\/h2>\n\n\n\n<p>Leicht verletzt wurde am 23.07.2021 gegen 22:00 Uhr ein 31 Jahre alter Verkehrsteilnehmer aus dem Raum S\u00fcdliche Weinstra\u00dfe. Der junge Mann fuhr unter dem Einfluss von Alkohol und Bet\u00e4ubungsmitteln die Bundesstra\u00dfe 48 von Annweiler kommend in Richtung Wernersberg. Aufgrund von \u00fcberh\u00f6hter Geschwindigkeit und einer zus\u00e4tzlichen Alkoholisierung \u00fcber 1,90 Promille, kam er nach rechts von der Fahrbahn an, \u00fcberschlug sich und kam auf dem Fahrzeugdach zum Stehen. Neben einem engfristigen Konsum von Cannabis r\u00e4umte er zudem ein, \u00fcberhaupt keine Fahrerlaubnis zu besitzen. Der PKW des Fahrers erlitt einen Totalschaden. Der Fremdschaden wird auf etwa 1000 Euro gesch\u00e4tzt.<\/p>\n\n\n\n<p>Der junge Mann wurde mit diversen Prellungen in ein nahegelegenes Krankenhaus gebracht. Gegen ihn wurde ein Ermittlungsverfahren wegen Gef\u00e4hrdung des Stra\u00dfenverkehrs und Fahren ohne Fahrerlaubnis eingeleitet.<\/p>\n\n\n\n<h2 class=\"wp-block-heading\">(Neustadt) &#8211; T\u00f6dlicher Verkehrsunfall<\/h2>\n\n\n\n<div class=\"wp-block-image\"><figure class=\"aligncenter size-large\"><img decoding=\"async\" loading=\"lazy\" width=\"800\" height=\"533\" src=\"https:\/\/speyer24news.com\/wp-content\/uploads\/2021\/01\/Ruhe-in-Frieden.jpg\" alt=\"\" class=\"wp-image-32361\" srcset=\"https:\/\/speyer24news.com\/wp-content\/uploads\/2021\/01\/Ruhe-in-Frieden.jpg 800w, https:\/\/speyer24news.com\/wp-content\/uploads\/2021\/01\/Ruhe-in-Frieden-300x200.jpg 300w, https:\/\/speyer24news.com\/wp-content\/uploads\/2021\/01\/Ruhe-in-Frieden-768x512.jpg 768w\" sizes=\"(max-width: 800px) 100vw, 800px\" \/><\/figure><\/div>\n\n\n\n<p>Am Samstag (24.07.2021), ereignete sich gegen 15.30 h auf der Bundesstra\u00dfe 39 zwischen Neustadt an der Weinstra\u00dfe und Speyer ein schwerer Verkehrsunfall bei dem eine Person t\u00f6dlich verletzt wurde. Aus bislang nicht gekl\u00e4rter Ursache geriet der 53j\u00e4hrige Fahrer eines VW Golf zwischen der Anschlussstelle Neustadt-S\u00fcd und Neustadt-Geinsheim auf den linken Fahrstreifen und kollidierte hier mit einem entgegenkommenden Traktor, welcher von einer 19j\u00e4hrigen gesteuert wurde. Durch den Zusammenprall erlitt der Fahrzeugf\u00fchrer des Pkw t\u00f6dliche Verletzungen, die Fahrerin des landwirtschaftlichen Fahrzeuges wurde leicht verletzt. An den beiden Fahrzeugen entstand wirtschaftlicher Totalschaden. Ein weiteres Fahrzeug wurde durch Fahrzeugteile besch\u00e4digt. Die Bundesstra\u00dfe 39 war zur Unfallaufnahme und Reinigung der Fahrbahn bis ca. 19.45 h voll gesperrt.<\/p>\n\n\n\n<h2 class=\"wp-block-heading\">(Neustadt) &#8211; Ladendieb mit Bet\u00e4ubungsmitteln erwischt<\/h2>\n\n\n\n<p>Am Samstag, 24.07.21, gegen 13.20 Uhr wurde durch den Ladendetektiv eines Verbrauchermarktes in der Adolf-Kolping-Stra\u00dfe in Neustadt ein Ladendiebstahl gemeldet. Durch einen 23-j\u00e4hrigen Mann wurden mehrere Kosmetikartikel im Wert von ca. 50 Euro eingesteckt. Hiernach verlie\u00df er das Gesch\u00e4ft ohne zu Bezahlen. Durch den Ladendetektiv wurde zudem festgestellt, dass der Mann beim Einstecken der Kosmetikartikel ein kleines T\u00fctchen mit Marihuana verlor. Dieses konnte in der Folge sichergestellt werden.<\/p>\n\n\n\n<p>Da der Beschuldigte ohne festen Wohnsitz in Deutschland ist, wurde eine Sicherheitsleistung in H\u00f6he von 1000 Euro erhoben.<\/p>\n\n\n\n<p>Der Beschuldigte muss sich nun wegen Ladendiebstahls und Versto\u00dfes gegen das Bet\u00e4ubungsmittelgesetzes verantworten.<\/p>\n\n\n\n<h2 class=\"wp-block-heading\">(Neustadt) &#8211; Unter Einfluss von Bet\u00e4ubungsmittel auf Kleinkraftrad unterwegs<\/h2>\n\n\n\n<p>Am Freitag, den 23.07.2021, wurde gegen 19:55 Uhr ein 57-j\u00e4hriger aus Neustadt, mit seinem Kleinkraftrad, in der Schillerstra\u00dfe einer Verkehrskontrolle unterzogen. Im Rahmen der Kontrolle konnten bei dem 57- j\u00e4hrigen Fahrer deutliche Hinweise auf einen Bet\u00e4ubungsmitteleinfluss festgestellt werden. Ein Drogenvortest best\u00e4tige den Verdacht, weshalb ihm in der Dienstelle durch einen Arzt eine Blutprobe entnommen wurde.<\/p>\n\n\n\n<p>Der Fahrzeugf\u00fchrer muss sich bez\u00fcglich des Versto\u00dfes gegen das Bet\u00e4ubungsmittelgesetz, sowie der Trunkenheit im Verkehr verantworten.<\/p>\n\n\n\n<h2 class=\"wp-block-heading\">(Neustadt \/ Edenkoben) &#8211; Mit riskanten Fahrman\u00f6vern unterwegs \/ Verkehrsgef\u00e4hrdung &#8211; Zeugenaufruf<\/h2>\n\n\n\n<p>Mit riskanten Fahrman\u00f6vern hat ein 29.-j\u00e4hriger Pkw-Fahrer aus dem Raum Neustadt a.d.W. am Freitag andere Verkehrsteilnehmer auf der BAB 65, Fahrtrichtung Karlsruhe, im Bereich Neustadt gef\u00e4hrdet und gen\u00f6tigt.<\/p>\n\n\n\n<p>Der Pkw-Fahrer war am Freitagmittag in der Zeit von 14:00 &#8211; 14:30 Uhr auf der BAB 65 von Ludwigshafen aus kommend unterwegs, als bei der PI Neustadt mehrfach Anrufe \u00fcber einen &#8222;Dr\u00e4ngler&#8220; eingingen. Nur durch Gl\u00fcck kam es durch die Fahrman\u00f6ver zu keinem Verkehrsunfall.<\/p>\n\n\n\n<p>Durch Zeugen konnte das Kennzeichen abgelesen und der verantwortliche Fahrer ermittelt werden.<\/p>\n\n\n\n<p>Weitere Zeugen die den Vorfall beobachten konnten bzw. Personen die hierbei gef\u00e4hrdet wurden, werden gebeten sich bei der Polizeiinspektion Edenkoben unter der Tel.: 06323-955-0 oder per Mail:\u00a0<a href=\"mailto:piedenkoben@polizei.rlp.de\">piedenkoben@polizei.rlp.de<\/a>\u00a0zu melden.<\/p>\n\n\n\n<h2 class=\"wp-block-heading\">(Neustadt) &#8211; Ohne g\u00fcltige Fahrerlaubnis unterwegs<\/h2>\n\n\n\n<p>Am Freitag, den 23.07.2021, wurde gegen 08:15 Uhr ein 26-j\u00e4hriger mit einem PKW und doppelachsigem Anh\u00e4nger, in der G\u00e4ustra\u00dfe einer Verkehrskontrolle unterzogen. Hierbei stellte sich heraus, dass der Mann nicht im Besitz der erforderlichen Fahrerlaubnisklasse BE ist, sondern lediglich die Fahrerlaubnisklasse B besitzt. Die Weiterfahrt mit dem Anh\u00e4nger wurde ihm untersagt. Der 26-j\u00e4hrige muss sich bez\u00fcglich des Fahrens ohne Fahrerlaubnis verantworten.<\/p>\n\n\n\n<h2 class=\"wp-block-heading\">(Lambrecht) &#8211; Unter Bet\u00e4ubungsmitteleinfluss und ohne F\u00fchrerschein unterwegs<\/h2>\n\n\n\n<p>Am Freitag, den 23.07.2021, wurde gegen 09:00 Uhr ein 23-j\u00e4hriger mit seinem Kleinkraftrad, aufgrund des fehlenden Helmes, in der Hauptstra\u00dfe einer Verkehrskontrolle unterzogen. Der 23-j\u00e4hrige r\u00e4umte direkt ein, keine g\u00fcltige Fahrerlaubnis zu besitzen, sowie vor zwei Tagen einen Joint geraucht zu haben. Ein durchgef\u00fchrter Drogenvortest best\u00e4tigte die Angaben des Mannes. Der 23- j\u00e4hrige musste die Polizeibeamten auf die Dienststelle begleiten, wo ihm durch einen Arzt eine Blutprobe entnommen wurde.<\/p>\n\n\n\n<p>Der Fahrzeugf\u00fchrer muss sich unter anderem bez\u00fcglich des Versto\u00dfes gegen das Bet\u00e4ubungsmittelgesetz, Fahren ohne Fahrerlaubnis, sowie der Trunkenheit im Verkehr verantworten.<\/p>\n\n\n\n<h2 class=\"wp-block-heading\">(Ha\u00dfloch) &#8211; Fahrradfahrer durch Unfall schwer verletzt<\/h2>\n\n\n\n<p>Am Freitag, den 23.07.2021, kam es gegen 11:50 Uhr in Ha\u00dfloch zu einem Verkehrsunfall mit Personenschaden. Eine 57-J\u00e4hrige PKW-F\u00fchrerin befuhr die Martin-Luther-Stra\u00dfe in Fahrtrichtung Schie\u00dfmauer. An der kreuzenden Ohliggasse missachtete sie die Vorfahrt eines von rechts kommenden 81-J\u00e4hrigen Fahrradfahrers, welcher durch den Zusammensto\u00df zu Boden st\u00fcrzte. Der Fahrradfahrer wurde aufgrund einer Platzwunde am Kopf durch den Rettungsdienst vor Ort versorgt. Anschlie\u00dfend erfolgte der Transport in ein Krankenhaus, wo er zur weiteren Behandlung verblieb. Eine Lebensgefahr konnte nach \u00e4rztlicher Versorgung ausgeschlossen werden. Am Fahrzeug der Unfallverursacherin entstand Sachschaden in H\u00f6he von 1000EUR.<\/p>\n\n\n\n<h2 class=\"wp-block-heading\">(Wachenheim an der Weinstra\u00dfe) &#8211; Falscher Pflegedienstmitarbeiter<\/h2>\n\n\n\n<p>Am Freitag, 23.07.2021, um 16:55 Uhr, rief ein unbekannter Mann bei einer 55-j\u00e4hrigen Frau in Wachenheim an der Weinstra\u00dfe an und gab sich als Mitarbeiter eines Pflegehilfeservices aus. Er fragte nach pflegebed\u00fcrftigen Personen, wollte aber keine Angaben zu dem angeblichen Pflegedienst machen. Da die Angerufene Nachfragen stellte, legte der Mann schlie\u00dflich auf. Es ist zu vermuten, dass es sich hier m\u00f6glicherweise um einen versuchten Betrug handeln k\u00f6nnte. In diesem Zusammenhang r\u00e4t die Polizei zu folgenden Verhaltensweisen:<\/p>\n\n\n\n<p>Tipps Ihrer Polizei gegen unterschiedliche Betrugsmaschen finden sich unter&nbsp;<a target=\"_blank\" href=\"https:\/\/www.polizei-beratung.de\/themen-und-tipps\/betrug\/\" rel=\"noreferrer noopener\">https:\/\/www.polizei-beratung.de\/themen-und-tipps\/betrug\/<\/a>. Auf dieser Internetseite der Polizeilichen Kriminalpr\u00e4vention der L\u00e4nder und des Bundes (ProPK) besteht die M\u00f6glichkeit, sich \u00fcber verschiedene Vorgehensweisen m\u00f6glicher Betr\u00fcger und geeignete Verhaltensweisen und Vorsichtsma\u00dfnahmen zu informieren.<\/p>\n\n\n\n<h4 class=\"wp-block-heading\">Grunds\u00e4tzlich gilt bei Vorf\u00e4llen wie dem o. g. geschilderten:<\/h4>\n\n\n\n<ul><li><strong>Seien Sie misstrauisch, wenn sich Anrufer am Telefon nicht selber mit Namen melden.<\/strong><\/li><li><strong>Geben Sie keine Details zu Ihren famili\u00e4ren und finanziellen Verh\u00e4ltnissen preis.<\/strong><\/li><li><strong>Lassen Sie sich nicht dr\u00e4ngen und unter Druck setzen. Nehmen Sie sich Zeit, um die Angaben des Anrufers zu \u00fcberpr\u00fcfen.<\/strong><\/li><li><strong>Seri\u00f6se Unternehmen nehmen nicht unaufgefordert Kontakt zu ihren Kunden auf. Sollte sich ein Servicemitarbeiter bei Ihnen melden, ohne dass Sie darum gebeten haben: Legen Sie einfach den H\u00f6rer auf.<\/strong><\/li><li><strong>Geben Sie auf keinen Fall private Daten, z.B. Bankkonto- oder Kreditkartendaten, oder Zugangsdaten zu Kundenkonten (z.B. PayPal) heraus.<\/strong><\/li><li><strong>Lassen Sie Ihren Vornamen im Telefonbuch abk\u00fcrzen (aus Herta Schmidt wird beispielsweise H. Schmidt). So k\u00f6nnen die T\u00e4ter Sie gar nicht mehr ausfindig machen. Zum \u00c4ndern eines Telefonbucheintrags wenden Sie sich an die Telekom.<\/strong><\/li><\/ul>\n\n\n\n<h2 class=\"wp-block-heading\">(Wachenheim an der Weinstra\u00dfe) &#8211; Verkehrsunfall im Einm\u00fcndungsbereich<\/h2>\n\n\n\n<p>Am Freitag, 23.07.2021, um 11:35 Uhr, bog eine 78-J\u00e4hrige aus Wachenheim an der Weinstra\u00dfe mit ihrem Pkw in Wachenheim an der Weinstra\u00dfe im Kreuzungsbereich der Raiffeisen-\/Bahnhofstra\u00dfe nach rechts ab. Hierbei geriet sie zu weit nach links und kollidierte mit dem Pkw einer ihr entgegenkommenden 53-J\u00e4hrigen aus Freinsheim. Hierbei wurden beide Pkw besch\u00e4digt, verletzt wurde niemand.<\/p>\n\n\n\n<h2 class=\"wp-block-heading\">(Bad D\u00fcrkheim) &#8211; Fahrrad entwendet<\/h2>\n\n\n\n<p>Am Freitag, 23.07.2021, zwischen 10:00 und 19:30 Uhr, entwendeten Unbekannte ein Fahrrad vom Wurstmarktplatz. Das schwarze BMX-Rad der Marke Sunday Blueprint 20 war im Bereich des Trafogeb\u00e4udes an einem Baum festgemacht. M\u00f6gliche Zeugen werden gebeten, sich bei der Polizei in Bad D\u00fcrkheim unter 06322 9630 oder per E-Mail an&nbsp;<a href=\"mailto:pibadduerkheim@polizei.rlp.de\">pibadduerkheim@polizei.rlp.de<\/a>&nbsp;zu melden.<\/p>\n\n\n\n<h2 class=\"wp-block-heading\">(Bad D\u00fcrkheim) &#8211; Geparkten Pkw besch\u00e4digt und gefl\u00fcchtet<\/h2>\n\n\n\n<p>Am Freitag, 23.07.2021, in der Zeit zwischen 14:45 und 16:15 Uhr, wurde der auf einem Parkplatz am Stadtplatz abgestellte Pkw BMW einer 61-j\u00e4hrigen Frau aus Aachen durch einen anderen, unbekannten Pkw besch\u00e4digt. Der Fahrer oder die Fahrerin des unbekannten Pkw besch\u00e4digte den BMW vermutlich beim Ein- oder Ausparken an der hinteren linken Fahrzeugecke und entfernte sich anschlie\u00dfend von der Unfallstelle, ohne sich um den Schaden zu k\u00fcmmern. An dem BMW entstand ein Schaden in H\u00f6he von gesch\u00e4tzt 1.500,- Euro. M\u00f6gliche Zeugen werden gebeten, sich bei der Polizei in Bad D\u00fcrkheim unter 06322 9630 oder per E-Mail an&nbsp;<a href=\"mailto:pibadduerkheim@polizei.rlp.de\">pibadduerkheim@polizei.rlp.de<\/a>&nbsp;zu melden.<\/p>\n\n\n\n<h2 class=\"wp-block-heading\">(Bad D\u00fcrkheim) &#8211; Verkehrsunfall im Einm\u00fcndungsbereich<\/h2>\n\n\n\n<p>Am Freitag, 23.07.2021, um 09:45 Uhr, wollte ein 81-J\u00e4hriger aus Chemnitz mit seinem Pkw in Bad D\u00fcrkheim von der Stra\u00dfe Am Obstmarkt nach rechts in die Philipp-Fauth-Stra\u00dfe abbiegen. Hierbei \u00fcbersah er den Pkw eines vorfahrtberechtigten 35-J\u00e4hrigen aus Bad D\u00fcrkheim. Die beiden Fahrzeuge kollidierten im Einm\u00fcndungsbereich und wurden besch\u00e4digt. Verletzt wurde keiner der beiden Beteiligten.<\/p>\n\n\n\n<h2 class=\"wp-block-heading\">(Fu\u00dfg\u00f6nheim) &#8211; Versuchter PKW-Einbruch<\/h2>\n\n\n\n<p>Am 24.07.2021 im Zeitraum von 14:30 Uhr -17:20 Uhr versuchte ein unbekannter T\u00e4ter in Fu\u00dfg\u00f6nheim einen geparkten wei\u00dfen Maserati aufzubrechen. Hierbei wurde versucht das Beifahrerfenster aufzuhebeln. Dies misslang dem T\u00e4ter. Am Maserati entstand ein Sachschaden von etwa 500EUR. Auto-Einbrecher haben es in der Regel besonders auf Navigationsger\u00e4te, Autoradios, Mobiltelefone, Notebooks sowie sonstige zur\u00fcckgelassene Wertsachen wie Handtaschen oder Kleidung mit Scheckkarten, Papieren und Bargeld abgesehen. Es ist davon auszugehen, dass die T\u00e4ter die Parkpl\u00e4tze beobachten und kurz nach Abstellen eines Pkw sofort agieren. Aus diesem Grund ist besonders in der dunklen Jahreszeit in den Abendstunden erh\u00f6hte Sorgfalt beim Abstellen und Verlassen des eigenen Fahrzeugs geboten. Verschlie\u00dfen sie ihr Fahrzeug auch bei kurzer Parkdauer und \u00fcberpr\u00fcfen sie den Schlie\u00dfzustand. Achten sie beim Verlassen des Fahrzeugs auf Personen in ihrem Umkreis, die sie gegebenenfalls beobachten. Lassen sie insbesondere keinerlei Wertgegenst\u00e4nde sichtbar im Fahrzeug zur\u00fcck. Selbst bei Kleinstgegenst\u00e4nden, ergibt sich ein Anreiz f\u00fcr den T\u00e4ter.<\/p>\n\n\n\n<p>Weiterf\u00fchrende Informationen zu diesem und auch anderen Themen finden Sie auf der Internetpr\u00e4senz der polizeilichen Kriminalpr\u00e4vention unter&nbsp;<a target=\"_blank\" href=\"http:\/\/www.polizei-beratung.de\/\" rel=\"noreferrer noopener\">www.polizei-beratung.de<\/a>.<\/p>\n\n\n\n<p>Wir wollen, dass Sie sicher Leben &#8211; ihre Polizei Frankenthal.<\/p>\n\n\n\n<h2 class=\"wp-block-heading\">(Beindersheim ) &#8211; Versuchter Einbruchsdiebstahl<\/h2>\n\n\n\n<p>Am 24.07.2021, gegen 01:30 Uhr, wurden durch Anwohner mehrere Jugendliche auf dem Dach der Grundschule in Beindersheim gemeldet. Die Jugendlichen fl\u00fcchteten, als die Streifen vor Ort eintrafen und konnten nicht mehr angetroffen werden. Bei der anschlie\u00dfenden Begehung des Objekts konnte festgestellt werden, dass die unbekannten T\u00e4ter versucht hatten, eine der T\u00fcren des Schulgeb\u00e4udes aufzuhebeln. Die T\u00e4ter gelangten jedoch nicht in das Geb\u00e4ude. Entwendet wurde nichts.<\/p>\n\n\n\n<p>Zeugen werden gebeten sich an die Polizeiinspektion Frankenthal unter der Tel.-Nr.: 06233\/313-0 oder an die Polizeiwache Maxdorf unter der Tel.-Nr.: 06237\/934-1100 zu wenden. Gerne nehmen wir Ihre Hinweise auch per E-Mail unter&nbsp;<a href=\"mailto:pifrankenthal@polizei.rlp.de\">pifrankenthal@polizei.rlp.de<\/a>&nbsp;entgegen.<\/p>\n\n\n\n<h2 class=\"wp-block-heading\">(Frankenthal) &#8211; Versuchter Raub<\/h2>\n\n\n\n<p>Am 24.07.2021, gegen 20:30 Uhr wurde ein 14-J\u00e4hriger Jugendlicher von insgesamt 4 anderen Jugendlichen auf Kleingeld angesprochen. Als der 14-J\u00e4hrige dies verneinte, wurde dieser von einem der vierk\u00f6pfigen Gruppe geschlagen. Anschlie\u00dfend durchsuchte die Gruppe den 14-J\u00e4hrigen und konnte tats\u00e4chlich kein Geld finden. Daraufhin lie\u00dfen sie von ihm ab und rannten in Richtung Innenstadt davon. Der 14-J\u00e4hrige trug leichte Verletzungen davon. Die Jugendlichen w\u00e4ren allesamt ca. 16 Jahre alt schlank und ca. 170cm gro\u00df. Hinweise auf die unbekannten Jugendlichen gibt es aktuell nicht.<\/p>\n\n\n\n<h2 class=\"wp-block-heading\">(Frankenthal) &#8211; Besch\u00e4digtes Fenster<\/h2>\n\n\n\n<p>In der Nacht vom 23.07.2021 auf den 24.07.2021 wurde an einem Schreibwarenladen in Innenstadt Frankenthals eine Fensterscheibe besch\u00e4digt. Bislang unbekannte T\u00e4ter warfen einen Stein gegen ein Fenster, sodass dieses teilweise zerbrach. Der Schaden d\u00fcrfte sich auf etwa 200EUR belaufen.<\/p>\n\n\n\n<h2 class=\"wp-block-heading\">(Frankenthal) &#8211; Versuchter Einbruch<\/h2>\n\n\n\n<p>In der Nacht vom 23.07.2021 auf den 24.07.2021 wurde in der Innenstadt Frankenthals versucht in einen Imbiss einzubrechen. Bislang unbekannte T\u00e4ter versuchten die Glaselemente der Bestelltheke aufzudr\u00fccken. Dies gelang dem T\u00e4ter nicht. Durch das Aufschieben entstanden mehrere Risse im Glas und somit ein Schaden in H\u00f6he von etwa 500. Am Fenster konnten mehrere Spuren gesichert werden. Aktuell liegen keine Hinweise auf den unbekannten T\u00e4ter vor. Die Ermittlungen dauern an.<\/p>\n\n\n\n<h2 class=\"wp-block-heading\">(Frankenthal) &#8211; Trunkenheit im Verkehr<\/h2>\n\n\n\n<p>Am 23.07.2021, gegen 17:30 Uhr, wurde durch eine Streife ein Pkw mit auff\u00e4lliger Fahrweise festgestellt. Der Pkw befuhr die B9 in Fahrtrichtung Frankenthal in Schlangenlinien und mit deutlich verringerter Geschwindigkeit. Der Pkw wurde in Frankenthal schlie\u00dflich einer Verkehrskontrolle unterzogen. W\u00e4hrend der Verkehrskontrolle konnte bei dem 41-j\u00e4hrigen Fahrer Alkoholgeruch festgestellt werden. Daraufhin wurde ein Atemalkoholtest durchgef\u00fchrt. Dieser ergab 2,31 Promille. Dem Fahrer wurde anschlie\u00dfend eine Blutprobe entnommen und sein F\u00fchrerschein wurde sichergestellt. Gegen den 41 Jahre alten Fahrer wurde eine Strafanzeige wegen Trunkenheit im Verkehr erfasst.<\/p>\n\n\n\n<h2 class=\"wp-block-heading\">(Frankenthal) &#8211; Verkehrsunfallflucht mit verletzter Fahrradfahrerin<\/h2>\n\n\n\n<p>Am 23.07.2021, gegen 15:30 Uhr, ereignete sich in der Erzbergerstra\u00dfe in Frankenthal ein Verkehrsunfall, bei dem eine Fahrradfahrerin leicht verletzt wurde. Die Fahrerin eines blauen Peugeot touchierte beim Abbiegen die am Fahrbahnrand stehende 40-j\u00e4hrige Fahrradfahrerin aus Frankenthal. Die Fahrradfahrerin st\u00fcrzte dadurch und verletzte sich leicht am Handgelenk. Die Fahrerin des blauen Peugeot entfernte sich ohne anzuhalten von der Unfall\u00f6rtlichkeit. Zeugen konnten den Verkehrsunfall beobachten und das Kennzeichen des blauen Peugeot ablesen.<\/p>\n\n\n\n<p>Zeugen werden gebeten sich an die Polizeiinspektion Frankenthal unter der Tel.-Nr.: 06233\/313-0 oder an die Polizeiwache Maxdorf unter der Tel.-Nr.: 06237\/934-1100 zu wenden. Gerne nehmen wir Ihre Hinweise auch per E-Mail unter\u00a0<a href=\"mailto:pifrankenthal@polizei.rlp.de\">pifrankenthal@polizei.rlp.de<\/a>\u00a0entgegen.<\/p>\n\n\n\n<h2 class=\"wp-block-heading\">(Frankenthal) &#8211; Taschendiebstahl<\/h2>\n\n\n\n<p>Am 23.07.2021, gegen 10:30 Uhr, kaufte die 60-j\u00e4hrige Gesch\u00e4digte im Kaufland in Frankenthal ein. Als sie ihren Einkauf beendet hatte, stellte sie fest, dass sich ihr Geldbeutel nicht mehr in ihrer Tasche befand. Es ist davon auszugehen, dass der Geldbeutel w\u00e4hrend des Einkaufs aus der Tasche der Gesch\u00e4digten entwendet wurde. Immer wieder werden Menschen Opfer von Diebst\u00e4hlen und Betr\u00fcgereien.<\/p>\n\n\n\n<h2 class=\"wp-block-heading\">(Frankenthal) &#8211; Sachbesch\u00e4digung an Pkw<\/h2>\n\n\n\n<p>Zwischen dem Abend des 20.07.2021 und dem Morgen des 22.07.2021 wurde im Foltzring in Frankenthal ein Pkw durch unbekannte T\u00e4ter mit Steinen beworfen. Hierdurch entstand ein Schaden von ca. 700EUR an dem Pkw.<\/p>\n\n\n\n<p>Zeugen werden gebeten sich an die Polizeiinspektion Frankenthal unter der Tel.-Nr.: 06233\/313-0 oder an die Polizeiwache Maxdorf unter der Tel.-Nr.: 06237\/934-1100 zu wenden. Gerne nehmen wir Ihre Hinweise auch per E-Mail unter\u00a0<a href=\"mailto:pifrankenthal@polizei.rlp.de\">pifrankenthal@polizei.rlp.de<\/a>\u00a0entgegen.<\/p>\n\n\n\n<h2 class=\"wp-block-heading\">(Bobenheim-Roxheim) &#8211; Zerstochene Reifen am PKW<\/h2>\n\n\n\n<p>In der Nacht vom 23.07.2021 auf den 24.07.2021 wurden in der K\u00f6nigsberger Stra\u00dfe in Bobenheim-Roxheim die Reifen eines berechtigt auf einem Behindertenparkplatz geparkten Fahrzeugs besch\u00e4digt. Bislang unbekannte T\u00e4ter zerstachen zwei Reifen und verursachten einen Schaden von etwa 100EUR. Hinweise auf die T\u00e4ter gibt es aktuell nicht.<\/p>\n\n\n\n<h2 class=\"wp-block-heading\">(Ludwigshafen) &#8211; Festnahmen nach gef\u00e4hrlicher K\u00f6rperverletzung<\/h2>\n\n\n\n<div class=\"wp-block-image\"><figure class=\"aligncenter size-large\"><img decoding=\"async\" loading=\"lazy\" width=\"800\" height=\"533\" src=\"https:\/\/speyer24news.com\/wp-content\/uploads\/2020\/06\/Zelle.jpg\" alt=\"\" class=\"wp-image-28203\" srcset=\"https:\/\/speyer24news.com\/wp-content\/uploads\/2020\/06\/Zelle.jpg 800w, https:\/\/speyer24news.com\/wp-content\/uploads\/2020\/06\/Zelle-300x200.jpg 300w, https:\/\/speyer24news.com\/wp-content\/uploads\/2020\/06\/Zelle-768x512.jpg 768w\" sizes=\"(max-width: 800px) 100vw, 800px\" \/><\/figure><\/div>\n\n\n\n<p>In der Nacht von Samstag, den 24.07.2021, auf Sonntag kam es gegen 22:30 h im Bereich Mundenheim &#8211; entlang der S-Bahnlinie &#8211; zu einem K\u00f6rperverletzungsdelikt mit Messereinsatz, in dessen Verlauf ein 36-j\u00e4hriger Ludwigshafener verletzt wurde, was eine ambulante Behandlung im Krankenhaus zur Folge hatte. Im Rahmen von umfangreichen Ermittlungen und Fahndungsma\u00dfnahmen konnten letztendlich 2 Tatverd\u00e4chtige ebenfalls aus Ludwigshafen Mundenheim (29- und 41 Jahre alt) ermittelt und vorl\u00e4ufig festgenommen werden. Die weiteren Ermittlungen erfolgen durch die Polizeiinspektion Ludwigshafen 1 und die Kriminalpolizei Ludwigshafen.<\/p>\n\n\n\n<h2 class=\"wp-block-heading\">(Ludwigshafen) &#8211; Verkehrsunfall mit Flucht \/ Zeugen gesucht<\/h2>\n\n\n\n<p>Am 23.07.2021, gegen 21:50 Uhr, kam es in der Paul-M\u00fcnch-Stra\u00dfe in Ludwigshafen zu einer Verkehrsunfallflucht. Der unbekannte Verkehrsunfallverursacher streifte beim Vorbeifahren mit der rechten Fahrzeugseite den ordnungsgem\u00e4\u00df abgestellten Mercedes-Benz. Es entstand Sachschaden in H\u00f6he von etwa 1.000 Euro an der linken Fahrzeugseite des Mercedes-Benz. Der Gesch\u00e4digte konnte beobachten, dass sich ein blauer Volkswagen Lupo von der Unfall\u00f6rtlichkeit entfernte. Inwieweit dieses Fahrzeug im Zusammenhang mit der Verkehrsunfallflucht steht, konnte bislang nicht gekl\u00e4rt werden.<\/p>\n\n\n\n<p>Zeugen und Hinweisgeber werden gebeten sich bei der Polizeiwache Oggersheim unter der Telefonnummer 0621-963 2403 zu melden.<\/p>\n\n\n\n<h2 class=\"wp-block-heading\">(Ludwigshafen) &#8211; Verkehrsunfall mit Flucht \/ Zeugen gesucht<\/h2>\n\n\n\n<p>Am 23.07.2021, zwischen 08:35 Uhr und 09:00 Uhr, kam es auf dem Goerdelerplatz in Ludwigshafen zu einer Verkehrsunfallflucht. Der unbekannte Verkehrsunfallverursacher streifte beim Ein- oder Ausparken einen geparkten Mercedes-Benz. An diesem entstand Sachschaden in H\u00f6he von ca. 2.500 Euro an der linken Fahrzeugseite. Der Gesch\u00e4digte stellte fest, dass zuvor ein schwarzer PKW, \u00e4hnlich einem SUV, unmittelbar daneben geparkt war. Inwieweit dieses Fahrzeug im Zusammenhang mit der Verkehrsunfallflucht steht, konnte bislang nicht gekl\u00e4rt werden.<\/p>\n\n\n\n<p>Zeugen und Hinweisgeber werden gebeten, sich bei der Polizeiinspektion Ludwigshafen 2 unter der Telefonnummer 0621 963-2222 zu melden.<\/p>\n\n\n\n<h2 class=\"wp-block-heading\">(Ludwigshafen) &#8211; Verkehrsunfallflucht \/ Zeugen gesucht<\/h2>\n\n\n\n<p>Am Dienstag, 20.07.2021, kam es zwischen 11:45 Uhr und 12:00 Uhr im Bereich Sch\u00fctzenstra\u00dfe\/Rottstra\u00dfe in Ludwigshafen am Rhein zu einem Verkehrsunfall. Eine 85-j\u00e4hrige Radfahrerin befuhr die Sch\u00fctzenstra\u00dfe in Fahrtrichtung Wittelsbachstra\u00dfe. Als die Radfahrerin rechts in die Rottstra\u00dfe einbiegen wollte \u00fcberholte sie ein m\u00e4nnlicher Radfahrer und ber\u00fchrte dabei das Hinterrad der Frau. Die Radfahrerin kam hierbei zu Fall. Sie verletzte sich durch das Unfallgeschehen schwer und ist derzeit noch im Krankenhaus. Der unbekannte m\u00e4nnliche Radfahrer entfernte sich im Anschluss, ohne nach der Gesch\u00e4digten zu schauen, unerlaubt vom Unfallort. Es wird deshalb auf diesem Weg darum gebeten, dass sich die vor Ort anwesenden Helfer und andere Zeugen bei der Polizeiinspektion Ludwigshafen 1 unter der 0621\/963-2122 melden.<\/p>\n\n\n\n<h2 class=\"wp-block-heading\">(Mannheim) &#8211; Mann mit Machete in Stra\u00dfenbahn unterwegs<\/h2>\n\n\n\n<p>Per Notruf verst\u00e4ndigten mehrere Zeugen am sp\u00e4ten Freitagabend die Polizei, die gegen 22.30 Uhr auf einen Mann im innerst\u00e4dtischen Bereich und kurz darauf an der Stra\u00dfenbahnhaltestelle Ulmenweg aufmerksam wurden, der eine Machete mit sich f\u00fchrte. An der Haltestelle Ulmenweg stieg er in eine Stra\u00dfenbahn der Linie 4, wo er Fahrg\u00e4ste verbal bel\u00e4stigt haben soll. Als er die hinzugerufenen Beamten des Polizeireviers Mannheim-Sandhofen, die ihn an der Haltestelle Hessische Stra\u00dfe im Stadtteil Waldhof einer Kontrolle unterziehen wollten, erblickte, schlug er mit einem Nothammer eine Scheibe der Bahn ein und fl\u00fcchtete aus dieser. Die Machete warf er dabei weg. Diese wurde sichergestellt, der unbekannte Mann konnte unerkannt fl\u00fcchten. Personen wurden nicht verletzt. Zeugen, die den Vorfall beobachtet haben oder dem Mann bereits vorher begegnet sind und sich noch nicht gemeldet haben, werden gebeten, sich mit dem Polizeirevier Mannheim-Sandhofen, Tel. 0621 77769-0 in Verbindung zu setzen.<\/p>\n\n\n\n<h2 class=\"wp-block-heading\">(Mannheim-Innenstadt) &#8211; R\u00fccksichtsloser Raser gestoppt \/ Auto beschlagnahmt; weitere Zeugen gesucht<\/h2>\n\n\n\n<p>Zwei Mercedes-Fahrer lieferten sich am Freitagabend in der Mannheimer-Innenstadt ein verbotenes Kraftfahrzeugrennen &#8211; ein Fahrer wurde gestoppt, einem gelang die Flucht.<\/p>\n\n\n\n<p>Beamte des Polizeireviers Mannheim-Innenstadt wurden gegen 21.30 Uhr am Luisenring im Bereich der Auffahrt der Kurt-Schumacher-Br\u00fccke auf zwei hochmotorisierte Mercedes aufmerksam, die \u00fcber eine Strecke von mehr als 500 Metern extrem beschleunigten. Als beide Fahrer aufgrund des herrschenden Verkehrs abbremsen mussten, scherten diese pl\u00f6tzlich und ruckartig aus um die Fahrspur zu wechseln. Dabei verfehlte einer der beiden, ein 25-J\u00e4hriger, mit seinem hellblauen AMG nur knapp einen neben ihm fahrenden Pkw. Der Fahrer des Pkw konnte einen Zusammensto\u00df nur durch eine Gefahrenbremsung verhindern. Ungeachtet dessen gaben die beiden Mercedes-Fahrer wieder &#8222;Vollgas&#8220; und fuhren in Richtung Ludwigshafen davon. Die Beamten nahmen umgehend die Verfolgung auf, wobei sie teilweise auf \u00fcber 140 km\/h beschleunigten mussten. Kurz vor der Abfahrt zu einem bekannten Ludwigshafener Einkaufszentrum wurde der 25-J\u00e4hrige durch die Streife gestoppt und einer Kontrolle unterzogen. Dem zweiten Mercedes-Fahrer gelang die Flucht.<\/p>\n\n\n\n<p>Das hochmotorisierte Auto des 25-J\u00e4hrigen wurde beschlagnahmt und mit einem Abschleppfahrzeug zur Dienststelle der Verkehrspolizei Mannheim gebracht. Der Fahrer selbst hatte keinen F\u00fchrerschein bei sich. Ob dieser \u00fcberhaupt im Besitz einer Fahrerlaubnis ist, muss nun ermittelt werden. Der junge Mann gelangt wegen der Teilnahme an einem verbotenen Kraftfahrzeugrennen mit Gef\u00e4hrdung zur Anzeige.<\/p>\n\n\n\n<p>Das Polizeirevier Mannheim-Innenstadt sucht in diesem Zusammenhang nach weiteren Zeugen des Geschehens, insbesondere Verkehrsteilnehmer die durch das r\u00fccksichtslose Fahrverhalten gef\u00e4hrdet wurden oder Angaben zum fl\u00fcchtigen wei\u00dfen Mercedes machen k\u00f6nnen. Diese werden gebeten sich unter 0621 12580 an die Beamten zu wenden.<\/p>\n\n\n\n<h2 class=\"wp-block-heading\">(Mannheim-Neckarstadt) &#8211; Verkehrsunfall mit zwei schwer verletzten Personen<\/h2>\n\n\n\n<h3 class=\"has-text-align-center wp-block-heading\">Pressemitteilung Nr. 1<\/h3>\n\n\n\n<p>Nach einem Verkehrsunfall sind derzeit die Feudenheimer Stra\u00dfe ab der Einm\u00fcndung Dudenstra\u00dfe stadteinw\u00e4rts und die Dudenstra\u00dfe zwischen Feudenheimer Stra\u00dfe und Gutenbergstra\u00dfe voll gesperrt. Nach bisherigem Ermittlungsstand fuhr der Verursacher mit \u00fcberh\u00f6hter Geschwindigkeit auf der Feudenheimer Stra\u00dfe in Richtung Neckarstadt und fuhr bei Rot in den Kreuzungsbereich, wobei er die Vorfahrt eines aus der Dudenstra\u00dfe kommenden PKW missachtete. Das Fahrzeug des Verursachers \u00fcberschlug sich mehrfach und beide Insassen wurden schwer verletzt. Die Rettungskr\u00e4fte sind derzeit vor Ort. Die Unfallaufnahme wird noch mehrere Stunden andauern.<\/p>\n\n\n\n<h2 class=\"wp-block-heading\">(Mannheim-Neckarstadt) &#8211; Verkehrsunfall mit verletzten Personen<\/h2>\n\n\n\n<h3 class=\"has-text-align-center wp-block-heading\">Pressemitteilung Nr. 2<\/h3>\n\n\n\n<p>Am 24.07.2021, gegen 03.45 Uhr, befuhr ein 38-j\u00e4hriger Alfa Romeo-Fahrer mit seiner 25-j\u00e4hrigen Beifahrerin die Feudenheimer Stra\u00dfe in Fahrtrichtung Mannheim-Neckarstadt mit \u00fcberh\u00f6hter Geschwindigkeit. An der Kreuzung zur Dudenstra\u00dfe \u00fcbersah er die rotlichtzeigende Ampel und kollidierte dort mit einer 60-j\u00e4hrigen Renault-Fahrerin, die von der Dudenstra\u00dfe kommend nach links in Richtung Feudenheim fahren wollte. Durch die Wucht des Aufpralls wurde der Alfa Romeo \u00fcber den dortigen Rad- und Fu\u00dfweg an einen Baum und Strommasten geschleudert, \u00fcberschlug sich mehrfach und kam auf der Fahrbahn wieder zum Stehen. Durch den Unfall wurden die drei beteiligten Personen leicht verletzt, zwei davon wurden in ein Krankenhaus eingeliefert. An den Fahrzeugen, welche beide abgeschleppt wurden, entstand Sachschaden in H\u00f6he von ca. 30.000 Euro. Die Fahrbahn musste zur Unfallaufnahme gesperrt werden und wurde erst um 08.15 Uhr wieder frei gegeben. Der Verkehrsdienst Mannheim hat die Ermittlungen aufgenommen.<\/p>\n\n\n\n<h2 class=\"wp-block-heading\">(Mannheim-Rheinau) &#8211; Kellerbrand nach technischem Defekt<\/h2>\n\n\n\n<p>Am Samstagmorgen, gegen 06.27 Uhr, kam es im Bereich der Mannheimer Relaisstra\u00dfe zu einem Kellerbrand in einem Mehrfamilienhaus. Einsatzkr\u00e4fte von Feuerwehr, Rettungsdienst und Polizei waren unverz\u00fcglich vor Ort. Die Feuerwehr konnte den Brand in dem stark verrauchten Kellerr\u00e4umlichkeiten schnell l\u00f6schen und dabei feststellen, dass ein Stromverteilerkasten, vermutlich aufgrund eines technischen Defekts, in Brand geraten war. Die Anwohner hatten das Anwesen bis zum Eintreffen der Rettungskr\u00e4fte bereits verlassen bzw. befanden sich in einem ungef\u00e4hrdeten Bereich. Personen wurden bei dem Brand nicht verletzt. Nachdem das Geb\u00e4ude durch die Feuerwehr gel\u00fcftet war, konnten alle Anwohner wieder in ihre Wohnungen zur\u00fcckkehren. Der entstandene Sachschaden bel\u00e4uft sich auf ca. 30.000EUR. Die MVV ist zur Wiederherstellung der Stromversorgung vor Ort.<\/p>\n\n\n\n<h2 class=\"wp-block-heading\">(Mannheim-K\u00e4fertal) &#8211; Fahrzeugbrand am Exerzierplatz<\/h2>\n\n\n\n<p>Am fr\u00fchen Freitagabend gegen 17.00 Uhr geriet &#8211; vermutlich aufgrund eines technischen Defekts &#8211; ein Ford w\u00e4hrend der Fahrt auf der Friedrich-Ebert-Stra\u00dfe in Brand. Das Feuer brach im Motorraum aus. Der Fahrer konnte das Fahrzeug noch auf dem rechten Fahrstreifen stoppen und fl\u00fcchtete sich mit seiner Beifahrerin aus dem Fahrzeug. Beide blieben gl\u00fccklicherweise unverletzt. Das zur\u00fcckgelassene Fahrzeug brannte jedoch v\u00f6llig aus. Es kam zu Knallger\u00e4uschen und umherfliegenden Fahrzeugteilen. Aus diesem Grund musste die inzwischen hinzugerufene Polizeistreife die Friedrich-Ebert-Stra\u00dfe kurzzeitig voll sperren. Mittels Lautsprecherdurchsagen wurden au\u00dferdem Anwohner zu ihrer Sicherheit aufgefordert in ihren Wohnungen zu bleiben und aufgrund der starken Rauchentwicklung die Fenster zu schlie\u00dfen. Durch den eintreffenden L\u00f6schzug der Feuerwehr konnte der Brand gel\u00f6scht werden. Aufgrund der Stra\u00dfensperrung f\u00fcr die Dauer des Einsatzes und die Fahrbahnreinigung durch eine Spezialfirma kam es zu Verkehrsbeeintr\u00e4chtigungen.<\/p>\n\n\n\n<h2 class=\"wp-block-heading\">(Mannheim \/ Heidelberg) &#8211; Uneinsichtige E-Scooter-Fahrer fahren betrunken durch die Nacht<\/h2>\n\n\n\n<p><strong>In Heidelberg<\/strong> sollte in der Nacht von Freitag auf Samstag gegen 02.00 Uhr ein 20-j\u00e4hriger E-Scooter-Fahrer auf der Kurf\u00fcrstenanlage zwischen R\u00f6merkreis und Hauptbahnhof kontrolliert werden. Die mehrmalige Aufforderung und Anhaltezeichen der Polizeistreife ignorierte er und versuchte sich durch Wenden der Kontrolle zu entziehen. Als durch die Kollegen eine fu\u00dfl\u00e4ufige Verfolgung aufgenommen wurde, entschied er sich offenbar ebenfalls seine Flucht zu Fu\u00df fortzusetzen. Beim Versuch vom E-Scooter zu springen und diesen in einem Geb\u00fcsch &#8222;abzustellen&#8220;, st\u00fcrzte er jedoch b\u00e4uchlings zu Boden und wurde festgenommen. Aufgrund deutlichen Alkoholgeruchs im Atem kann von einer Trunkenheitsfahrt ausgegangen werden &#8211; dies best\u00e4tigte sich wenig sp\u00e4ter bei einem Alkoholtest. Der junge Mann hatte \u00fcber 2 Promille Alkohol in seiner Atemluft. Auf Unwissenheit was die Promillegrenzen beim E-Scooter-Fahren anbelangt &#8211; im \u00dcbrigen dieselben wie beim Autofahren &#8211; kann sich der Beschuldigte nicht berufen: Bei seiner Belehrung hinsichtlich des bevorstehenden Alkoholtests gab er an, das ganze &#8222;Prozedere&#8220; bereits im vergangenen Herbst mitgemacht zu haben.<\/p>\n\n\n\n<p><strong>In Mannheim<\/strong> fiel ein 25-j\u00e4hriger E-Scooter-Fahrer auf, weil er im Jungbusch kurz nach 03.00 Uhr f\u00fcr seine Fahrt in Schlangenlinien auch noch gleich mehrere Fahrstreifen des Luisenrings sowie zeitweise auch den Gehweg ben\u00f6tigte. Beim Abbiegen in die Jungbuschstra\u00dfe k\u00fcmmerten ihn die zahlreichen dort noch flanierenden Passanten auch nicht. Nach dem Abstellen in der Beilstra\u00dfe verneinte er beim Ansprechen durch eine Polizeistreife zun\u00e4chst, den E-Scooter \u00fcberhaupt gefahren zu haben. Aufgrund der zuvor beobachteten Fahrweise, seines Kommunikations- und Gesamtverhalten bei der Kontrolle eine Blutprobe zur Feststellung von Alkoholbeeinflussung und etwaiger anderer berauschender Mittel angeordnet. Sein F\u00fchrerschein wurde zun\u00e4chst beschlagnahmt.<\/p>\n\n\n\n<p>Der Beschuldigte im ersten Fall wusste ja bereits Bescheid &#8211; die Polizei weist jedoch nochmals daraufhin: Auch wenn f\u00fcr das F\u00fchren eines E-Scooters kein F\u00fchrerschein ben\u00f6tigt wird &#8211; ein E-Scooter ist kein Spielzeug sondern ein Kraftfahrzeug! Es gelten dieselben Alkoholgrenzen wie beim F\u00fchren eines Kraftfahrzeugs. Wer betrunken auf dem E-Scooter erwischt wird, hat daher ebenfalls mit f\u00fchrerscheinrechtlichen Konsequenzen zu rechnen!<\/p>\n\n\n\n<h2 class=\"wp-block-heading\">(Heidelberg-Kirchheim) &#8211; Unfallverursacher zeigt sich selbst an \/ Gesch\u00e4digter gesucht<\/h2>\n\n\n\n<p>Als ein 93-J\u00e4hriger am Freitagmittag mit seinem VW im Bereich der Schwetzinger Stra\u00dfe und Alstater Stra\u00dfe unterwegs war, bemerkte er gegen 14.30 Uhr ein Knall, fuhr aber zun\u00e4chst weiter. Zu Hause angekommen bemerkte er jedoch, dass sein Au\u00dfenspiegel besch\u00e4digt war und kontaktierte daraufhin die Polizei. Trotz einer Absuche im fraglichen Bereich konnte bislang kein besch\u00e4digtes Fahrzeug festgestellt werden. Das Polizeirevier Heidelberg-S\u00fcd hat nun die Ermittlungen aufgenommen und sucht in diesem Zusammenhang nach Zeugen des Unfallgeschehens und den m\u00f6glichweise gesch\u00e4digten Fahrzeughalter. Hinweise werden unter 06221 34180 entgegengenommen.<\/p>\n\n\n\n<h2 class=\"wp-block-heading\">(Leimen \/ L 594 \/ Rhein-Neckar-Kreis) &#8211; Verkehrsunfall zwischen Rollerfahrer und PKW \/ Vollsperrung<\/h2>\n\n\n\n<h3 class=\"has-text-align-center wp-block-heading\">Pressemitteilung Nr. 1<\/h3>\n\n\n\n<p>Nach einem Verkehrsunfall, zwischen dem F\u00fchrer eines Kleinkraftrollers und eines PKW, ist die L594 (Rohrbacher Stra\u00dfe) im Stadtgebiet Leimen, im Bereich der Einm\u00fcndung Schwetzinger Stra\u00dfe, seit Sonntag 22:15 Uhr in beiden Fahrtrichtungen vollgesperrt. Der Verkehr wird \u00f6rtlich umgeleitet. Rettungsdienst und Polizei sind vor Ort im Einsatz. Das Polizeirevier Wiesloch, sowie die Autobahnpolizei Walldorf haben die Ermittlungen aufgenommen.<\/p>\n\n\n\n<h2 class=\"wp-block-heading\">(Leimen \/ L 594 \/ Rhein-Neckar-Kreis) &#8211; Fahrbahn nach Verkehrsunfall zwischen Rollerfahrer und PKW wieder frei<\/h2>\n\n\n\n<h3 class=\"has-text-align-center wp-block-heading\">Pressemitteilung Nr. 2<\/h3>\n\n\n\n<p>Nach Abschluss der Unfallaufnahme und der Reinigungsarbeiten vor Ort, ist die Rohrbacher Stra\u00dfe seit 01:00 Uhr wieder in beide Fahrtrichtungen frei befahrbar. Nach bisherigen Ermittlungen befuhr der 48-j\u00e4hrige Fahrer eines PKW Suzuki die Rohrbacher Stra\u00dfe aus Richtung Wiesloch kommend in Fahrtrichtung Heidelberg und wollte im Bereich der Kreuzung Schwetzinger Stra\u00dfe nach links abbiegen. Hierbei missachtete er den Vorrang des entgegenkommenden 18-j\u00e4hrigen Fahrers eines Kleinkraftrollers. Der 18-j\u00e4hrige wurde bei dem Aufprall mit dem PKW schwer, jedoch nicht lebensgef\u00e4hrlich verletzt und nach Erstversorgung vor Ort in eine Heidelberger Klinik verbracht. Nach ersten Untersuchungen trug er bei dem Unfall mehrere Frakturen davon. Der Sachschaden an Roller und PKW betr\u00e4gt nach ersten Sch\u00e4tzungen ca. 8000 Euro. Beide Fahrzeuge wurden zur Kl\u00e4rung des Unfallhergangs, bzw. Ausschluss m\u00f6glicher technischer M\u00e4ngel, vor Ort beschlagnahmt. Zeugen welche Angaben zum Unfallhergang machen k\u00f6nnen, werden gebeten sich mit dem Verkehrsdienst Heidelberg unter Tel.: 0621\/174-4111 in Verbindung zu setzen.<\/p>\n\n\n\n<h2 class=\"wp-block-heading\">(St. Leon \/ A 5 \/ Rhein-Neckar-Kreis) &#8211; Pkw nach Verkehrsunfall \u00fcberschlagen \/ Eine Person verletzt<\/h2>\n\n\n\n<p>Am fr\u00fchen Samstagmorgen, gg. 06.29 Uhr, ereignete sich auf der BAB 5, Fahrtrichtung Norden, H\u00f6he St. Leon, ein Verkehrsunfall mit zwei Pkw. Dabei \u00fcberschlug sich ein Pkw und blieb im Baustellenbereich liegen. Einsatzkr\u00e4fte von Polizei und Rettungsdienst sind aktuell vor Ort. Bislang wurde eine verletzte Person bekannt. Weitere Informationen liegen derzeit nicht vor.<\/p>\n\n\n\n<h2 class=\"wp-block-heading\">(St. Leon \/ A 5 \/ Rhein-Neckar-Kreis) &#8211; Verkehrsunfall mit zwei beteiligten Fahrzeugen \/ drei Personen verletzt<\/h2>\n\n\n\n<h3 class=\"has-text-align-center wp-block-heading\">Pressemeldung Nr. 2<\/h3>\n\n\n\n<p>Am fr\u00fchen Samstagmorgen, gegen 06.29 Uhr, ereignete sich auf der BAB 5 in Fahrtrichtung Norden, H\u00f6he St. Leon, ein Verkehrsunfall mit zwei beteiligten Fahrzeugen. Ersten Ermittlungen zufolge befuhr ein 64-J\u00e4hriger mit seinem Seat die Baustelle, als pl\u00f6tzlich unvermittelt ein 21-J\u00e4hriger mit seinem Peugeot auffuhr. Durch den Unfall wurden beide Fahrzeuge zun\u00e4chst in die Betonleitwand abgewiesen, der Seat kam daraufhin auf dem Standstreifen zum Stehen, der Peugeot drehte sich durch den Aufprall zu Seite und blieb nach wenigen Metern auf der Seite liegen. Bei dem Unfall wurde sowohl der 64-J\u00e4hrige, dessen Beifahrer, sowie der 21-j\u00e4hrige Unfallverursacher leicht verletzt. Sie kamen zur weiteren Untersuchung in ein nahegelegenes Krankenhaus. An den Fahrzeugen entstand ein Gesamtschaden von ca. 23.000 EUR. W\u00e4hrend der Unfallaufnahme erh\u00e4rtete sich der Verdacht, dass der 21-J\u00e4hrige zuvor Alkohol konsumiert hatte. Ein vor Ort durchgef\u00fchrter Alkoholtest ergab einen Wert von \u00fcber zwei Promille. Zu gr\u00f6\u00dferen Verkehrsbeeintr\u00e4chtigungen kam es nicht.<\/p>\n\n\n\n<h2 class=\"wp-block-heading\">(M\u00fchlhausen-Rettigheim \/ Rhein-Neckar-Kreis) &#8211; Verkehrsunfall mit schwerverletzer Radfahrerin<\/h2>\n\n\n\n<h3 class=\"has-text-align-center wp-block-heading\">Pressemitteilung Nr. 1<\/h3>\n\n\n\n<p>Nach einem schweren Verkehrsunfall, bei dem eine Radfahrerin aus bislang unbekannter Ursache zu Fall kam, kommt es durch Rettungsma\u00dfnahmen und die Unfallaufnahme zu Verkehrsbehinderungen im Bereich der Malscher Stra\u00dfe im Ortsteil Rettigheim. Das Polizeirevier Wiesloch, sowie die Autobahnpolizei Walldorf haben vor Ort die Ermittlungen aufgenommen. Rettungsdienst, sowie ein Rettungshubschrauber sind im Einsatz.<\/p>\n\n\n\n<h2 class=\"wp-block-heading\">(M\u00fchlhausen-Rettigheim \/ Rhein-Neckar-Kreis) &#8211; Verkehrsunfall mit schwerverletzer Radfahrerin<\/h2>\n\n\n\n<h3 class=\"has-text-align-center wp-block-heading\">Pressemitteilung Nr. 2<\/h3>\n\n\n\n<p>Nach ersten Ermittlungen der Beamten der Autobahnpolizei Walldorf befuhr eine 38-j\u00e4hrige Radfahrerin die Malscher Stra\u00dfe in Richtung Ortsmitte Rettigheim. Kurz vor der Einm\u00fcndung Silcherstra\u00dfe kam sie aus bislang unbekannter Ursache ins Schlingern, im weiteren Verlauf nach links von der Fahrbahn ab und st\u00fcrzte im Bereich der dortigen Bordsteinkante zu Boden. Hierbei zog sich die 38-J\u00e4hrige, die bei dem Unfall keinen Schutzhelm trug, schwere Kopfverletzungen zu und wurde zur weiteren Behandlung, durch einen Rettungshubschrauber in eine Heidelberger Klinik verbracht. Das nahezu unbesch\u00e4digte Fahrrad der Verunfallten wurde sichergestellt. Zeugen, die den Unfallhergang beobachtet haben, werden gebeten sich mit dem Verkehrsdienst Heidelberg unter 0621\/174-4110 in Verbindung zu setzen.<\/p>\n","protected":false},"excerpt":{"rendered":"<div class=\"mh-excerpt\"><p>Polizeimeldungen vom Wochenende (24.07. &amp; 25.07.2021) (Speyer) &#8211; Aufgrund lauter Musik Fensterscheibe besch\u00e4digt Ein 58-j\u00e4hriger aus Speyer st\u00f6rte sich Sonntagfr\u00fch \u00fcber laute Musik ausgehend von seinem 26-j\u00e4hrigen Nachbarn. Da der 26-j\u00e4hrige die Musik trotz Gespr\u00e4chs <a class=\"mh-excerpt-more\" href=\"https:\/\/speyer24news.com\/?p=39485\" title=\"Polizei\">[&#8230;]<\/a><\/p>\n<\/div>","protected":false},"author":3,"featured_media":26162,"comment_status":"open","ping_status":"open","sticky":false,"template":"","format":"standard","meta":{"_monsterinsights_skip_tracking":false,"_monsterinsights_sitenote_active":false,"_monsterinsights_sitenote_note":"","_monsterinsights_sitenote_category":0,"footnotes":""},"categories":[12],"tags":[3614,702,61,2555,6955,6986,6263,63,105,11150,6987,53,4854,4683,1548,102,213,55,5261,103,106,2803,2423,427,2625,380,62,104,979,1565],"aioseo_notices":[],"amp_enabled":true,"_links":{"self":[{"href":"https:\/\/speyer24news.com\/index.php?rest_route=\/wp\/v2\/posts\/39485"}],"collection":[{"href":"https:\/\/speyer24news.com\/index.php?rest_route=\/wp\/v2\/posts"}],"about":[{"href":"https:\/\/speyer24news.com\/index.php?rest_route=\/wp\/v2\/types\/post"}],"author":[{"embeddable":true,"href":"https:\/\/speyer24news.com\/index.php?rest_route=\/wp\/v2\/users\/3"}],"replies":[{"embeddable":true,"href":"https:\/\/speyer24news.com\/index.php?rest_route=%2Fwp%2Fv2%2Fcomments&post=39485"}],"version-history":[{"count":1,"href":"https:\/\/speyer24news.com\/index.php?rest_route=\/wp\/v2\/posts\/39485\/revisions"}],"predecessor-version":[{"id":39486,"href":"https:\/\/speyer24news.com\/index.php?rest_route=\/wp\/v2\/posts\/39485\/revisions\/39486"}],"wp:featuredmedia":[{"embeddable":true,"href":"https:\/\/speyer24news.com\/index.php?rest_route=\/wp\/v2\/media\/26162"}],"wp:attachment":[{"href":"https:\/\/speyer24news.com\/index.php?rest_route=%2Fwp%2Fv2%2Fmedia&parent=39485"}],"wp:term":[{"taxonomy":"category","embeddable":true,"href":"https:\/\/speyer24news.com\/index.php?rest_route=%2Fwp%2Fv2%2Fcategories&post=39485"},{"taxonomy":"post_tag","embeddable":true,"href":"https:\/\/speyer24news.com\/index.php?rest_route=%2Fwp%2Fv2%2Ftags&post=39485"}],"curies":[{"name":"wp","href":"https:\/\/api.w.org\/{rel}","templated":true}]}}