{"id":39523,"date":"2021-07-27T16:52:32","date_gmt":"2021-07-27T15:52:32","guid":{"rendered":"https:\/\/speyer24news.com\/?p=39523"},"modified":"2021-07-28T05:32:19","modified_gmt":"2021-07-28T04:32:19","slug":"unesco-welterbe-schum-staetten","status":"publish","type":"post","link":"https:\/\/speyer24news.com\/?p=39523","title":{"rendered":"Unesco-Welterbe SchUM-St\u00e4tten"},"content":{"rendered":"<style type=\"text\/css\">\r\n\t.ads_top_disp{}\r\n\t.ads_top_corner_disp{ float:left; margin:0px 10px 10px 0px; }\r\n\t.ads_first_p_disp{}\r\n\t.ads_bottom_disp{}\r\n\t<\/style>\n<h2 class=\"wp-block-heading\">SchUM-St\u00e4tten sind erstes j\u00fcdisches Unesco-Welterbe Deutschlands<\/h2>\n\n\n\n<div class=\"wp-block-image\"><figure class=\"aligncenter size-large\"><img decoding=\"async\" loading=\"lazy\" width=\"800\" height=\"600\" src=\"https:\/\/speyer24news.com\/wp-content\/uploads\/2021\/07\/Welterbe.jpeg\" alt=\"\" class=\"wp-image-39528\" srcset=\"https:\/\/speyer24news.com\/wp-content\/uploads\/2021\/07\/Welterbe.jpeg 800w, https:\/\/speyer24news.com\/wp-content\/uploads\/2021\/07\/Welterbe-300x225.jpeg 300w, https:\/\/speyer24news.com\/wp-content\/uploads\/2021\/07\/Welterbe-768x576.jpeg 768w, https:\/\/speyer24news.com\/wp-content\/uploads\/2021\/07\/Welterbe-678x509.jpeg 678w, https:\/\/speyer24news.com\/wp-content\/uploads\/2021\/07\/Welterbe-326x245.jpeg 326w, https:\/\/speyer24news.com\/wp-content\/uploads\/2021\/07\/Welterbe-80x60.jpeg 80w\" sizes=\"(max-width: 800px) 100vw, 800px\" \/><figcaption><em>v.l.: <\/em>Vorsitzender des Landesverbandes der J\u00fcdischen Gemeinden von RLP\u00a0Avadislav Avadiev,\u00a0Innenminister Roger Lewentz,\u00a0Oberb\u00fcrgermeisterin\u00a0und Vorsitzende des SchUM-St\u00e4dte e.V.\u00a0Stefanie Seiler, Vorsitzende der J\u00fcdischen Gemeinden Mainz und Worms Anna Kischner, Oberb\u00fcrgermeister der Stadt Worms Adolf Kessel, Oberb\u00fcrgermeister der Stadt Mainz Michael Ebling.<br><em>Foto: <em>\u00a9 Stadt Speyer\u00a0<\/em><\/em><\/figcaption><\/figure><\/div>\n\n\n\n<p>Die SchUM-St\u00e4tten Speyer, Worms und Mainz sind durch das Unesco-Komitee zum Welterbe erkl\u00e4rt worden. Sie sind damit das erste j\u00fcdische Welterbe Deutschlands. Mit der Eintragung in die Welterbeliste findet ein mehr als 15 Jahre langer Bewerbungsprozess unter Federf\u00fchrung des Landes und unter enger Beteiligung der St\u00e4dte Speyer, Worms und Mainz sowie der J\u00fcdischen Gemeinde Mainz seinen Abschluss.<\/p>\n\n\n\n<p>\u201eIch freue mich aus tiefstem Herzen \u00fcber diese wichtige Entscheidung der Unesco f\u00fcr unser Land: Die SchUM-St\u00e4tten in Speyer, Worms und Mainz sind Weltkulturerbe! Dieses Votum ist von unsch\u00e4tzbarem Wert f\u00fcr die kulturelle und historische Vielfalt in Rheinland-Pfalz. Die Denkm\u00e4ler der SchUM-St\u00e4dte sind nicht nur steinerne Zeitzeugen einer au\u00dfergew\u00f6hnlich reichen j\u00fcdischen Geschichte in unserem Land, sie stehen auch f\u00fcr den Kulturtransfer zwischen Christentum und Judentum und mahnen uns, dies als gemeinsame, gro\u00dfe Chance zu sehen\u201c, so&nbsp;<strong>Ministerpr\u00e4sidentin Malu Dreyer<\/strong>. Sie danke allen, die an der Welterbe-Antragsstellung mitgearbeitet und so dazu beigetragen h\u00e4tten, Bewusstsein f\u00fcr die umfassende Bedeutung des j\u00fcdischen Erbes zu schaffen.<\/p>\n\n\n\n<div class=\"wp-block-image\"><figure class=\"aligncenter size-large\"><img decoding=\"async\" loading=\"lazy\" width=\"450\" height=\"410\" src=\"https:\/\/speyer24news.com\/wp-content\/uploads\/2020\/01\/SchUM-Logo.png\" alt=\"\" class=\"wp-image-24183\" srcset=\"https:\/\/speyer24news.com\/wp-content\/uploads\/2020\/01\/SchUM-Logo.png 450w, https:\/\/speyer24news.com\/wp-content\/uploads\/2020\/01\/SchUM-Logo-300x273.png 300w\" sizes=\"(max-width: 450px) 100vw, 450px\" \/><\/figure><\/div>\n\n\n\n<p>\u201eDie Anerkennung als Welterbe unterstreicht die Bedeutung der SchUM-St\u00e4tten in Speyer, Worms und Mainz als einzigartige Monumente der tausendj\u00e4hrigen Geschichte von Juden n\u00f6rdlich der Alpen. Sie sind au\u00dfergew\u00f6hnliche Zeugnisse christlich-j\u00fcdischer Begegnungen. Wir sind stolz, dass dieses herausragende j\u00fcdische Erbe Teil unserer kulturellen Identit\u00e4t in Rheinland-Pfalz ist\u201c, sagte der f\u00fcr das kulturelle Erbe des Landes zust\u00e4ndige&nbsp;<strong>Innenminister Roger Lewentz<\/strong>. \u201eDie Anerkennung als Welterbe wird dazu beitragen, den Schutz und Erhalt der Monumente f\u00fcr k\u00fcnftige Generationen sicherzustellen und das Bewusstsein f\u00fcr die lange deutsch-j\u00fcdische Geschichte mit all ihren Licht- und Schattenseiten wachzuhalten\u201c, so Lewentz.<\/p>\n\n\n\n<div class=\"wp-block-image\"><figure class=\"aligncenter size-large\"><img decoding=\"async\" loading=\"lazy\" width=\"600\" height=\"270\" src=\"https:\/\/speyer24news.com\/wp-content\/uploads\/2021\/04\/SchUm-Definition-1.png\" alt=\"\" class=\"wp-image-35759\" srcset=\"https:\/\/speyer24news.com\/wp-content\/uploads\/2021\/04\/SchUm-Definition-1.png 600w, https:\/\/speyer24news.com\/wp-content\/uploads\/2021\/04\/SchUm-Definition-1-300x135.png 300w\" sizes=\"(max-width: 600px) 100vw, 600px\" \/><\/figure><\/div>\n\n\n\n<p>\u201eDies ist ein Tag gro\u00dfer Freude. Oft genug, wenn ich in den letzten Jahren zu den Vorbereitungen eingeladen war, konnte ich selbst miterleben, wie viel sorgf\u00e4ltige Arbeit, welcher Enthusiasmus hinter einem Antrag zur Anerkennung als UNESCO Weltkulturerbe steht. Ich begl\u00fcckw\u00fcnsche alle Beteiligten und alle Verantwortlichen zu ihrem gro\u00dfen Erfolg. Auch im Namen der Gemeindemitglieder spreche ich Dank und Hochachtung aus\u201c, so&nbsp;<strong>Anna Kischner, die Vorsitzende der J\u00fcdischen Gemeinde Mainz<\/strong>&nbsp;und Worms. \u201eDie J\u00fcdische Gemeinde ist stolz darauf, dass wir Juden zum weltweiten Ansehen von Rheinland-Pfalz beitragen k\u00f6nnen. M\u00f6gen die Blicke der Touristinnen und Touristen angesichts der mittelalterlichen Verm\u00e4chtnisse geweitet werden f\u00fcr die Sch\u00f6nheit unserer Kultur, m\u00f6gen sie die Zusammenh\u00e4nge erkennen und Botschafter werden nicht nur f\u00fcr die mittelalterlichen SchUM-Gemeinden, sondern auch f\u00fcr uns, f\u00fcr die j\u00fcdischen Leute, die heute hier am Rhein leben\u201c, so Kischner.<\/p>\n\n\n\n<p>\u201eSpeyer freut sich \u00fcber die Aufnahme der SchUM-St\u00e4tten in die Welterbeliste. Sie belegen einen Jahrhunderte w\u00e4hrenden geistigen, kulturellen und wirtschaftlichen Austausch zwischen Christen und Juden, an den wir heute noch ankn\u00fcpfen k\u00f6nnen. Besonders stolz sind wir, dass 40 Jahre nach dem Kaiserdom nun eine zweite Welterbest\u00e4tte nach Speyer kommt und damit das friedliche Miteinander verschiedener Religionen in unserer Stadt hervorgehoben wird\u201c, sagte die&nbsp;<strong>Oberb\u00fcrgermeisterin von Speyer, Stefanie Seiler.&nbsp;&nbsp;&nbsp;&nbsp;<\/strong><\/p>\n\n\n\n<p>\u201eVon heute an wird unsere Stadt eine andere sein: in ihr wird das reiche j\u00fcdische Erbe wieder sichtbar und lebendig werden. Und zwar nicht nur f\u00fcr die j\u00fcdische Welt, da war SchUM ja stets pr\u00e4sent, sondern f\u00fcr die gesamte Menschheit&#8220;, betonte&nbsp;<strong>Michael Ebling, Oberb\u00fcrgermeister der Landeshauptstadt Mainz<\/strong>. \u201eDas Kulturdenkmal, mit dem sich die Stadt Mainz am Unesco-Antrag beteiligt hat, ist der Alte j\u00fcdische Friedhof auf dem Judensand. Wer ihn besucht, kann sich seiner Aura kaum entziehen. Dieser einzigartige Ort ist jetzt offiziell Welterbe. Gef\u00fchlt war er es schon immer, denn der Friedhof auf dem Judensand birgt nicht nur die \u00e4ltesten Grabsteine Mitteleuropas, er war seinerzeit auch der gr\u00f6\u00dfte seiner Art in Aschkenas\u201c, so Ebling.<\/p>\n\n\n\n<div class=\"wp-block-image\"><figure class=\"aligncenter size-large\"><img decoding=\"async\" loading=\"lazy\" width=\"600\" height=\"600\" src=\"https:\/\/speyer24news.com\/wp-content\/uploads\/2021\/07\/1200px-Welterbe.svg_.png\" alt=\"\" class=\"wp-image-39524\" srcset=\"https:\/\/speyer24news.com\/wp-content\/uploads\/2021\/07\/1200px-Welterbe.svg_.png 600w, https:\/\/speyer24news.com\/wp-content\/uploads\/2021\/07\/1200px-Welterbe.svg_-300x300.png 300w, https:\/\/speyer24news.com\/wp-content\/uploads\/2021\/07\/1200px-Welterbe.svg_-150x150.png 150w\" sizes=\"(max-width: 600px) 100vw, 600px\" \/><\/figure><\/div>\n\n\n\n<p>\u201eWir k\u00f6nnen heute mit gro\u00dfem Stolz sagen, dass die Stadt Worms zusammen mit Speyer und Mainz Heimat eines Unesco-Weltkulturerbes ist. Diese W\u00fcrdigung bedeutet unserer Stadt sehr viel, weil wir mit den j\u00fcdischen St\u00e4tten, dem mittelalterlichen Gemeindezentrum mit Synagoge, der Frauenschul, der Mikwe und dem ehemaligem Gemeindehaus sowie dem alten j\u00fcdischen Friedhof \u201eHeiliger Sand\u201c in Hochachtung verbunden sind. Das Vertrauen der J\u00fcdischen Gemeinde als Inhaberin nahezu aller dieser Monumente hat uns bei allen Fragen und Abstimmungen angeleitet und unser Handeln bestimmt. Die Unesco hat diesen besonderen St\u00e4tten mit dem Titel Weltkulturerbe nun eine unvergleichliche W\u00fcrdigung verliehen\u201c, sagte&nbsp;<strong>der Wormser Oberb\u00fcrgermeister Adolf Kessel.<\/strong><\/p>\n\n\n\n<p>Mit der Aufnahme der SchUM-St\u00e4tten in Speyer, Worms und Mainz in die Welterbeliste wird der au\u00dfergew\u00f6hnliche universelle Wert der SchUM-St\u00e4tten mit ihren Synagogen, Fraunschuln, Mikwaot und Friedh\u00f6fen anerkannt. Das Unesco-Welterbekomitee, ein Gremium aus 21 gew\u00e4hlten Vertreterinnen und Vertretern der Mitgliedstaaten, begr\u00fcndet die Eintragung in die Welterbliste damit, dass es sich bei den SchUM-St\u00e4tten um richtungsweisende j\u00fcdische Gemeindezentren und Friedh\u00f6fe handele, deren Form und Gestaltung die j\u00fcdische Architektur, Ritualbauten und die Bestattungskultur in ganz Mitteleuropa n\u00f6rdlich der Alpen, in Nordfrankreich und England ma\u00dfgeblich beeinflussten. An keinem anderen Ort k\u00f6nne ein vergleichbares Spektrum j\u00fcdischer Gemeindezentren und Friedh\u00f6fe die kulturellen Leistungen europ\u00e4ischer J\u00fcdinnen und Juden in der Formationsphase der lebendigen Tradition des aschkenasischen Judentums bezeugen.<\/p>\n\n\n\n<p><em>Gemeinsame Medieninformation des Ministeriums des Innern und f\u00fcr Sport des Landes Rheinland-Pfalz und der St\u00e4dte Speyer, Worms und Mainz<br>27.07.2021<\/em><\/p>\n","protected":false},"excerpt":{"rendered":"<div class=\"mh-excerpt\"><p>SchUM-St\u00e4tten sind erstes j\u00fcdisches Unesco-Welterbe Deutschlands Die SchUM-St\u00e4tten Speyer, Worms und Mainz sind durch das Unesco-Komitee zum Welterbe erkl\u00e4rt worden. Sie sind damit das erste j\u00fcdische Welterbe Deutschlands. Mit der Eintragung in die Welterbeliste findet <a class=\"mh-excerpt-more\" href=\"https:\/\/speyer24news.com\/?p=39523\" title=\"Unesco-Welterbe SchUM-St\u00e4tten\">[&#8230;]<\/a><\/p>\n<\/div>","protected":false},"author":3,"featured_media":0,"comment_status":"open","ping_status":"open","sticky":false,"template":"","format":"standard","meta":{"_monsterinsights_skip_tracking":false,"_monsterinsights_sitenote_active":false,"_monsterinsights_sitenote_note":"","_monsterinsights_sitenote_category":0,"footnotes":""},"categories":[14],"tags":[178,3361,12604,5550,6,7178,3016,5533,2304],"aioseo_notices":[],"amp_enabled":true,"_links":{"self":[{"href":"https:\/\/speyer24news.com\/index.php?rest_route=\/wp\/v2\/posts\/39523"}],"collection":[{"href":"https:\/\/speyer24news.com\/index.php?rest_route=\/wp\/v2\/posts"}],"about":[{"href":"https:\/\/speyer24news.com\/index.php?rest_route=\/wp\/v2\/types\/post"}],"author":[{"embeddable":true,"href":"https:\/\/speyer24news.com\/index.php?rest_route=\/wp\/v2\/users\/3"}],"replies":[{"embeddable":true,"href":"https:\/\/speyer24news.com\/index.php?rest_route=%2Fwp%2Fv2%2Fcomments&post=39523"}],"version-history":[{"count":2,"href":"https:\/\/speyer24news.com\/index.php?rest_route=\/wp\/v2\/posts\/39523\/revisions"}],"predecessor-version":[{"id":39530,"href":"https:\/\/speyer24news.com\/index.php?rest_route=\/wp\/v2\/posts\/39523\/revisions\/39530"}],"wp:attachment":[{"href":"https:\/\/speyer24news.com\/index.php?rest_route=%2Fwp%2Fv2%2Fmedia&parent=39523"}],"wp:term":[{"taxonomy":"category","embeddable":true,"href":"https:\/\/speyer24news.com\/index.php?rest_route=%2Fwp%2Fv2%2Fcategories&post=39523"},{"taxonomy":"post_tag","embeddable":true,"href":"https:\/\/speyer24news.com\/index.php?rest_route=%2Fwp%2Fv2%2Ftags&post=39523"}],"curies":[{"name":"wp","href":"https:\/\/api.w.org\/{rel}","templated":true}]}}