{"id":39547,"date":"2021-07-28T08:26:01","date_gmt":"2021-07-28T07:26:01","guid":{"rendered":"https:\/\/speyer24news.com\/?p=39547"},"modified":"2021-07-28T08:26:01","modified_gmt":"2021-07-28T07:26:01","slug":"schwetzinger-mozartfest","status":"publish","type":"post","link":"https:\/\/speyer24news.com\/?p=39547","title":{"rendered":"Schwetzinger Mozartfest"},"content":{"rendered":"<style type=\"text\/css\">\r\n\t.ads_top_disp{}\r\n\t.ads_top_corner_disp{ float:left; margin:0px 10px 10px 0px; }\r\n\t.ads_first_p_disp{}\r\n\t.ads_bottom_disp{}\r\n\t<\/style>\n<h2 class=\"wp-block-heading\">Mozart Klarinettenkonzert im Rokokotheater<\/h2>\n\n\n\n<h3 class=\"wp-block-heading\">Die Rokokotheater-Konzerte des Schwetzinger Mozartfestes starten in den Vorverkauf<\/h3>\n\n\n\n<div class=\"wp-block-image\"><figure class=\"aligncenter size-large\"><img decoding=\"async\" loading=\"lazy\" width=\"800\" height=\"552\" src=\"https:\/\/speyer24news.com\/wp-content\/uploads\/2021\/07\/SWDKO-10-Foto-Wolfgang-Schmidt-Ammerbuch_1.jpg\" alt=\"\" class=\"wp-image-39548\" srcset=\"https:\/\/speyer24news.com\/wp-content\/uploads\/2021\/07\/SWDKO-10-Foto-Wolfgang-Schmidt-Ammerbuch_1.jpg 800w, https:\/\/speyer24news.com\/wp-content\/uploads\/2021\/07\/SWDKO-10-Foto-Wolfgang-Schmidt-Ammerbuch_1-300x207.jpg 300w, https:\/\/speyer24news.com\/wp-content\/uploads\/2021\/07\/SWDKO-10-Foto-Wolfgang-Schmidt-Ammerbuch_1-768x530.jpg 768w\" sizes=\"(max-width: 800px) 100vw, 800px\" \/><figcaption>S\u00dcDWESTDEUTSCHES KAMMERORCHESTER PFORZHEIM<br><em>Foto: Wolfgang Schmidt Ammerbuch<\/em><\/figcaption><\/figure><\/div>\n\n\n\n<p>Endlich wieder Mozartkl\u00e4nge im Rokokotheater! Nachdem das Mozartfest im vergangenen Jahr ohne Veranstaltungen im Rokokotheater von statten gehen musste, war auch die diesj\u00e4hrige Saison in Bezug auf Veranstaltungen in Schwetzingens Schmuckk\u00e4stchen lange Zeit ungewiss. Die Kammerkonzerte, die bereits seit April im Vorverkauf sind, sind bereits gut belegt und nun kann der Konzertreigen aufgrund der aktuellen Lockerungen endlich durch die langersehnten Konzerte im Rokokotheater erg\u00e4nzt werden. Zur Auff\u00fchrung kommen die Konzerte, die bereits f\u00fcr den vergangenen Herbst vorgesehen waren. Das Mozartfest wird folglich am 24. September vom S\u00fcdwestdeutschen Kammerorchester aus Pforzheim er\u00f6ffnet. Als Solist wird Nikolaus Friedrich mit Mozarts beliebtem Klarinettenkonzert die Zuh\u00f6rerinnen und Zuh\u00f6rer begl\u00fccken. Des Weiteren erklingen Werke vom \u201eOdenw\u00e4lder Mozart\u201c Joseph Martin Kraus und von Luigi Boccherini.<\/p>\n\n\n\n<div class=\"wp-block-image\"><figure class=\"aligncenter size-large\"><img decoding=\"async\" loading=\"lazy\" width=\"800\" height=\"450\" src=\"https:\/\/speyer24news.com\/wp-content\/uploads\/2021\/07\/Charlotte-Stickel.jpg\" alt=\"\" class=\"wp-image-39549\" srcset=\"https:\/\/speyer24news.com\/wp-content\/uploads\/2021\/07\/Charlotte-Stickel.jpg 800w, https:\/\/speyer24news.com\/wp-content\/uploads\/2021\/07\/Charlotte-Stickel-300x169.jpg 300w, https:\/\/speyer24news.com\/wp-content\/uploads\/2021\/07\/Charlotte-Stickel-768x432.jpg 768w, https:\/\/speyer24news.com\/wp-content\/uploads\/2021\/07\/Charlotte-Stickel-678x381.jpg 678w\" sizes=\"(max-width: 800px) 100vw, 800px\" \/><figcaption>Die Bratschistin Charlotte Stickel<\/figcaption><\/figure><\/div>\n\n\n\n<p>Auch f\u00fcr die Stipendiaten der J\u00fcrgen-Ponto-Stiftung hat das lange Warten ein Ende. Das bereits 2020 geplante Konzert gemeinsam mit dem Philharmonischen Orchester der Stadt Heidelberg findet nun am 1. Oktober um 20 Uhr statt. Programmatisch dreht sich alles um die Mannheimer Schule. Das Schwetzinger Forschungszentrum Hof|Musik|Stadt hat hierf\u00fcr Noten von Wilhelm Cramer, Ignaz Holzbauer und Anton Fils aufbereitet, denen sich die Violinistin Morgane Voisin, die Bratschistin Charlotte Stickel und der Cellist Philipp Schupelius widmen.<\/p>\n\n\n\n<div class=\"wp-block-image\"><figure class=\"aligncenter size-large\"><img decoding=\"async\" loading=\"lazy\" width=\"800\" height=\"533\" src=\"https:\/\/speyer24news.com\/wp-content\/uploads\/2021\/07\/philipp-schupelius_c-Thomas-Raggam.jpg\" alt=\"\" class=\"wp-image-39550\" srcset=\"https:\/\/speyer24news.com\/wp-content\/uploads\/2021\/07\/philipp-schupelius_c-Thomas-Raggam.jpg 800w, https:\/\/speyer24news.com\/wp-content\/uploads\/2021\/07\/philipp-schupelius_c-Thomas-Raggam-300x200.jpg 300w, https:\/\/speyer24news.com\/wp-content\/uploads\/2021\/07\/philipp-schupelius_c-Thomas-Raggam-768x512.jpg 768w\" sizes=\"(max-width: 800px) 100vw, 800px\" \/><figcaption>Der Cellist Philipp Schupelius<br><em>Foto: (c) Thomas Raggam<\/em><\/figcaption><\/figure><\/div>\n\n\n\n<p>Einziger Wermutstropfen in diesem Jahr d\u00fcrfte sein, dass eine Opernauff\u00fchrung \u2013 dieses Jahr stend ein Don Giovanni-Gastspiel aus Plauen-Zwickau auf dem Spielplan \u2013 nach wie vor nichtstattfinden kann, was den beengten Verh\u00e4ltnissen im Orchestergraben zu Schulden ist.<\/p>\n\n\n\n<div class=\"wp-block-image\"><figure class=\"aligncenter size-large\"><img decoding=\"async\" loading=\"lazy\" width=\"500\" height=\"649\" src=\"https:\/\/speyer24news.com\/wp-content\/uploads\/2021\/07\/Morgane-Voisin-c-Jann-Wilken.jpg\" alt=\"\" class=\"wp-image-39551\" srcset=\"https:\/\/speyer24news.com\/wp-content\/uploads\/2021\/07\/Morgane-Voisin-c-Jann-Wilken.jpg 500w, https:\/\/speyer24news.com\/wp-content\/uploads\/2021\/07\/Morgane-Voisin-c-Jann-Wilken-231x300.jpg 231w\" sizes=\"(max-width: 500px) 100vw, 500px\" \/><figcaption>Die Violinistin Morgane Voisin<br><em>Foto: (c) Jann Wilken<\/em><\/figcaption><\/figure><\/div>\n\n\n\n<div class=\"wp-block-image\"><figure class=\"alignleft size-large\"><img decoding=\"async\" loading=\"lazy\" width=\"250\" height=\"188\" src=\"https:\/\/speyer24news.com\/wp-content\/uploads\/2021\/07\/csm_MZT_Key_Visual_01_web_e626dad3a8.jpg\" alt=\"\" class=\"wp-image-39552\" srcset=\"https:\/\/speyer24news.com\/wp-content\/uploads\/2021\/07\/csm_MZT_Key_Visual_01_web_e626dad3a8.jpg 250w, https:\/\/speyer24news.com\/wp-content\/uploads\/2021\/07\/csm_MZT_Key_Visual_01_web_e626dad3a8-80x60.jpg 80w\" sizes=\"(max-width: 250px) 100vw, 250px\" \/><\/figure><\/div>\n\n\n\n<p>F\u00fcr den Besuch s\u00e4mtlicher Konzerte des Schwetzinger Mozartfestes ist nach der aktuellen Corona-Verordnung ein 3G-Nachweis (geimpft\/genesen\/getestet) n\u00f6tig!<\/p>\n\n\n\n<h4 class=\"wp-block-heading\">Weitere Informationen und Tickets unter <a href=\"http:\/\/www.mozartgesellschaft-schwetzingen.de\">www.mozartgesellschaft-schwetzingen.de<\/a>, telefonisch unter 01806-700733 sowie bei allen bekannten Vorverkaufsstellen vor Ort.<\/h4>\n\n\n\n<p><em>Text: Mozartgesellschaft Schwetzingen e.V. Foto: (1) Wolfgang Schmidt Ammerbuch; (2) privat; (3) Thomas Raggam; (4) Jann Wilken<br>28.07.2021<\/em><\/p>\n","protected":false},"excerpt":{"rendered":"<div class=\"mh-excerpt\"><p>Mozart Klarinettenkonzert im Rokokotheater Die Rokokotheater-Konzerte des Schwetzinger Mozartfestes starten in den Vorverkauf Endlich wieder Mozartkl\u00e4nge im Rokokotheater! Nachdem das Mozartfest im vergangenen Jahr ohne Veranstaltungen im Rokokotheater von statten gehen musste, war auch die <a class=\"mh-excerpt-more\" href=\"https:\/\/speyer24news.com\/?p=39547\" title=\"Schwetzinger Mozartfest\">[&#8230;]<\/a><\/p>\n<\/div>","protected":false},"author":3,"featured_media":0,"comment_status":"open","ping_status":"open","sticky":false,"template":"","format":"standard","meta":{"_monsterinsights_skip_tracking":false,"_monsterinsights_sitenote_active":false,"_monsterinsights_sitenote_note":"","_monsterinsights_sitenote_category":0,"footnotes":""},"categories":[14,13],"tags":[577,12612,12610,12611,1628,1630,4503],"aioseo_notices":[],"amp_enabled":true,"_links":{"self":[{"href":"https:\/\/speyer24news.com\/index.php?rest_route=\/wp\/v2\/posts\/39547"}],"collection":[{"href":"https:\/\/speyer24news.com\/index.php?rest_route=\/wp\/v2\/posts"}],"about":[{"href":"https:\/\/speyer24news.com\/index.php?rest_route=\/wp\/v2\/types\/post"}],"author":[{"embeddable":true,"href":"https:\/\/speyer24news.com\/index.php?rest_route=\/wp\/v2\/users\/3"}],"replies":[{"embeddable":true,"href":"https:\/\/speyer24news.com\/index.php?rest_route=%2Fwp%2Fv2%2Fcomments&post=39547"}],"version-history":[{"count":1,"href":"https:\/\/speyer24news.com\/index.php?rest_route=\/wp\/v2\/posts\/39547\/revisions"}],"predecessor-version":[{"id":39553,"href":"https:\/\/speyer24news.com\/index.php?rest_route=\/wp\/v2\/posts\/39547\/revisions\/39553"}],"wp:attachment":[{"href":"https:\/\/speyer24news.com\/index.php?rest_route=%2Fwp%2Fv2%2Fmedia&parent=39547"}],"wp:term":[{"taxonomy":"category","embeddable":true,"href":"https:\/\/speyer24news.com\/index.php?rest_route=%2Fwp%2Fv2%2Fcategories&post=39547"},{"taxonomy":"post_tag","embeddable":true,"href":"https:\/\/speyer24news.com\/index.php?rest_route=%2Fwp%2Fv2%2Ftags&post=39547"}],"curies":[{"name":"wp","href":"https:\/\/api.w.org\/{rel}","templated":true}]}}