{"id":39578,"date":"2021-07-28T09:44:37","date_gmt":"2021-07-28T08:44:37","guid":{"rendered":"https:\/\/speyer24news.com\/?p=39578"},"modified":"2021-07-28T09:44:39","modified_gmt":"2021-07-28T08:44:39","slug":"wilhelma-zoologisch-botanischer-garten-stuttgart-28","status":"publish","type":"post","link":"https:\/\/speyer24news.com\/?p=39578","title":{"rendered":"Wilhelma \u2013 Zoologisch-Botanischer Garten Stuttgart"},"content":{"rendered":"<style type=\"text\/css\">\r\n\t.ads_top_disp{}\r\n\t.ads_top_corner_disp{ float:left; margin:0px 10px 10px 0px; }\r\n\t.ads_first_p_disp{}\r\n\t.ads_bottom_disp{}\r\n\t<\/style>\n<div class=\"wp-block-image\"><figure class=\"aligncenter size-large\"><img decoding=\"async\" loading=\"lazy\" width=\"800\" height=\"600\" src=\"https:\/\/speyer24news.com\/wp-content\/uploads\/2020\/09\/IMG_20200828_112835.jpg\" alt=\"\" class=\"wp-image-30180\" srcset=\"https:\/\/speyer24news.com\/wp-content\/uploads\/2020\/09\/IMG_20200828_112835.jpg 800w, https:\/\/speyer24news.com\/wp-content\/uploads\/2020\/09\/IMG_20200828_112835-300x225.jpg 300w, https:\/\/speyer24news.com\/wp-content\/uploads\/2020\/09\/IMG_20200828_112835-768x576.jpg 768w, https:\/\/speyer24news.com\/wp-content\/uploads\/2020\/09\/IMG_20200828_112835-678x509.jpg 678w, https:\/\/speyer24news.com\/wp-content\/uploads\/2020\/09\/IMG_20200828_112835-326x245.jpg 326w, https:\/\/speyer24news.com\/wp-content\/uploads\/2020\/09\/IMG_20200828_112835-80x60.jpg 80w\" sizes=\"(max-width: 800px) 100vw, 800px\" \/><\/figure><\/div>\n\n\n\n<h2 class=\"wp-block-heading\">Neuzugang und Nachwuchs bei den Robben<\/h2>\n\n\n\n<h3 class=\"wp-block-heading\">Nalu und Hollo vergr\u00f6\u00dfern die Seel\u00f6wen-Familie der Wilhelma<\/h3>\n\n\n\n<div class=\"wp-block-image\"><figure class=\"aligncenter size-large\"><img decoding=\"async\" loading=\"lazy\" width=\"800\" height=\"600\" src=\"https:\/\/speyer24news.com\/wp-content\/uploads\/2021\/07\/KW-29b-Neues-Duo-bei-den-Seeloewen-23.07.2021-Bild-1.jpg\" alt=\"\" class=\"wp-image-39590\" srcset=\"https:\/\/speyer24news.com\/wp-content\/uploads\/2021\/07\/KW-29b-Neues-Duo-bei-den-Seeloewen-23.07.2021-Bild-1.jpg 800w, https:\/\/speyer24news.com\/wp-content\/uploads\/2021\/07\/KW-29b-Neues-Duo-bei-den-Seeloewen-23.07.2021-Bild-1-300x225.jpg 300w, https:\/\/speyer24news.com\/wp-content\/uploads\/2021\/07\/KW-29b-Neues-Duo-bei-den-Seeloewen-23.07.2021-Bild-1-768x576.jpg 768w, https:\/\/speyer24news.com\/wp-content\/uploads\/2021\/07\/KW-29b-Neues-Duo-bei-den-Seeloewen-23.07.2021-Bild-1-678x509.jpg 678w, https:\/\/speyer24news.com\/wp-content\/uploads\/2021\/07\/KW-29b-Neues-Duo-bei-den-Seeloewen-23.07.2021-Bild-1-326x245.jpg 326w, https:\/\/speyer24news.com\/wp-content\/uploads\/2021\/07\/KW-29b-Neues-Duo-bei-den-Seeloewen-23.07.2021-Bild-1-80x60.jpg 80w\" sizes=\"(max-width: 800px) 100vw, 800px\" \/><figcaption>Seel\u00f6win Evi mit ihrem Jungtier Hollo, das dank der Muttermilch schnell w\u00e4chst.<br><em>Foto: Wilhelma Stuttgart<\/em><\/figcaption><\/figure><\/div>\n\n\n\n<p>Lautstark, intelligent und verspielt: Von den gro\u00dfen Lieblingen vieler Wilhelma-Fans gibt es statt drei nun f\u00fcnf Tiere. Bei den Kalifornischen Seel\u00f6wen, die meist schon am Haupteingang des Zoologisch-Botanischen Gartens in Stuttgart zu h\u00f6ren sind, ist in den vergangenen Wochen ein jungdynamisches Duo hinzugekommen. Mit Nalu erg\u00e4nzt ein einj\u00e4hriges Weibchen aus dem Gr\u00fcnen Zoo Wuppertal seit Mai den Harem um den Seel\u00f6wenbullen Unesco. Im Juni kam dann mit Hollo ein Eigengew\u00e4chs zur Welt, das ab jetzt f\u00fcr G\u00e4ste gut sichtbar ist. \u201eBeide Neulinge machen sich sehr gut\u201c, berichtet Revierleiter Markus Kapp. \u201eNalu arbeitet beim t\u00e4glichen Training schon sehr gut mit. Sie braucht aber noch etwas, bis sie voll ausgewachsen ist. Mit drei bis vier Jahren sind die Weibchen gro\u00df und schwer genug, um selbst Nachwuchs zu bekommen.\u201c<\/p>\n\n\n\n<div class=\"wp-block-image\"><figure class=\"aligncenter size-large\"><img decoding=\"async\" loading=\"lazy\" width=\"800\" height=\"533\" src=\"https:\/\/speyer24news.com\/wp-content\/uploads\/2021\/07\/KW-29b-Neues-Duo-bei-den-Seeloewen-23.07.2021-Bild-3.jpg\" alt=\"\" class=\"wp-image-39592\" srcset=\"https:\/\/speyer24news.com\/wp-content\/uploads\/2021\/07\/KW-29b-Neues-Duo-bei-den-Seeloewen-23.07.2021-Bild-3.jpg 800w, https:\/\/speyer24news.com\/wp-content\/uploads\/2021\/07\/KW-29b-Neues-Duo-bei-den-Seeloewen-23.07.2021-Bild-3-300x200.jpg 300w, https:\/\/speyer24news.com\/wp-content\/uploads\/2021\/07\/KW-29b-Neues-Duo-bei-den-Seeloewen-23.07.2021-Bild-3-768x512.jpg 768w\" sizes=\"(max-width: 800px) 100vw, 800px\" \/><figcaption>Der kleine Seel\u00f6wen-Bulle Hollo ist am 7. Juni 2021 als Sohn von Evi und Unesco in der Wilhelma in Stuttgart zur Welt gekommen.<\/figcaption><\/figure><\/div>\n\n\n\n<p>Die 20-j\u00e4hrige Evi hat damit viel Erfahrung. Sie ist die Mutter von Hollo, der das Seel\u00f6wenbecken bereits gerne nutzt. Der kleine Bulle schwimmt schon flei\u00dfig, unterbricht aber immer wieder seine Spielereien, um zu schlafen und zu trinken. Mindestens ein halbes Jahr s\u00e4ugt ihn seine Mutter. Ab dann beginnen die Jungtiere, zus\u00e4tzlich etwas Fisch zu fressen. Die Milch der Seel\u00f6wen hat es in sich. Sie ist besonders fett und nahrhaft. So wachsen die Seel\u00f6wenjungen schnell und verdoppeln allein im ersten Monat ihr Gewicht. \u201eMit ungef\u00e4hr einem Jahr m\u00fcssen alle Jungtiere die Gruppe verlassen\u201c, berichtet Kapp. \u201eSie w\u00fcrden sich mit dem jeweiligen Haremschef, bei uns also Unesco, nicht vertragen und werden dann in einem anderen Zoo unterkommen.\u201c Deswegen ist auch Nalu aus Wuppertal gekommen und aus dem Grund war die F\u00fcnfte im Bunde, Heaven, als Heranwachsende 2019 aus dem Tiergarten N\u00fcrnberg nach Stuttgart gewechselt.<\/p>\n\n\n\n<div class=\"wp-block-image\"><figure class=\"aligncenter size-large\"><img decoding=\"async\" loading=\"lazy\" width=\"800\" height=\"533\" src=\"https:\/\/speyer24news.com\/wp-content\/uploads\/2021\/07\/KW-29b-Neues-Duo-bei-den-Seeloewen-23.07.2021-Bild-6.jpg\" alt=\"\" class=\"wp-image-39595\" srcset=\"https:\/\/speyer24news.com\/wp-content\/uploads\/2021\/07\/KW-29b-Neues-Duo-bei-den-Seeloewen-23.07.2021-Bild-6.jpg 800w, https:\/\/speyer24news.com\/wp-content\/uploads\/2021\/07\/KW-29b-Neues-Duo-bei-den-Seeloewen-23.07.2021-Bild-6-300x200.jpg 300w, https:\/\/speyer24news.com\/wp-content\/uploads\/2021\/07\/KW-29b-Neues-Duo-bei-den-Seeloewen-23.07.2021-Bild-6-768x512.jpg 768w\" sizes=\"(max-width: 800px) 100vw, 800px\" \/><figcaption>Seel\u00f6win Nalu (links) hat sich als Neuank\u00f6mmling bereits mit Evi bekannt gemacht.<br><em>Foto: Jana M\u00fcller<\/em><\/figcaption><\/figure><\/div>\n\n\n\n<p>Aktuell ist Unesco besonders aufgeregt, denn die Paarungszeit ist in vollem Gange. Der \u00fcber 250 Kilo schwere Bulle buhlt in der Zeit kurz nach der Geburt der Jungtiere um die Gunst der Weibchen. In der Phase frisst er nur wenig und bewacht seinen Harem. In der Wilhelma hat er allerdings keine Konkurrenz zu f\u00fcrchten. Die Tragzeit von Seel\u00f6wen dauert ziemlich genau elf Monate. Dies ist der Grund daf\u00fcr, dass alle Seel\u00f6wen-Jungtiere jeweils im Juni zur Welt kommen.<\/p>\n\n\n\n<p>Kalifornische Seel\u00f6wen sind an der Pazifikk\u00fcste Nordamerikas verbreitet. Von Mexiko bis Kalifornien leben sie in gro\u00dfen Kolonien, in denen sie ihre Jungtiere zur Welt bringen. Au\u00dferhalb der Fortpflanzungszeit im Juni und Juli wandern sie bis hinauf nach Kanada. Sie sind besonders schnelle und elegante Schwimmer. H\u00f6chstgeschwindigkeiten von 40 Kilometern pro Stunde helfen ihnen bei der Jagd nach Fisch. Noch vor rund 100 Jahren waren Kalifornische Seel\u00f6wen so gut wie ausgestorben. Dank konsequenter Schutzbem\u00fchungen gilt ihr Bestand aber heute als gesichert.<\/p>\n\n\n\n<h3 class=\"wp-block-heading\">Fotoalbum:<\/h3>\n\n\n\n<figure class=\"wp-block-gallery columns-2 is-cropped wp-block-gallery-1 is-layout-flex wp-block-gallery-is-layout-flex\"><ul class=\"blocks-gallery-grid\"><li class=\"blocks-gallery-item\"><figure><img decoding=\"async\" loading=\"lazy\" width=\"800\" height=\"600\" src=\"https:\/\/speyer24news.com\/wp-content\/uploads\/2021\/07\/KW-29b-Neues-Duo-bei-den-Seeloewen-23.07.2021-Bild-1.jpg\" alt=\"\" data-id=\"39590\" data-full-url=\"https:\/\/speyer24news.com\/wp-content\/uploads\/2021\/07\/KW-29b-Neues-Duo-bei-den-Seeloewen-23.07.2021-Bild-1.jpg\" data-link=\"https:\/\/speyer24news.com\/?attachment_id=39590\" class=\"wp-image-39590\" srcset=\"https:\/\/speyer24news.com\/wp-content\/uploads\/2021\/07\/KW-29b-Neues-Duo-bei-den-Seeloewen-23.07.2021-Bild-1.jpg 800w, https:\/\/speyer24news.com\/wp-content\/uploads\/2021\/07\/KW-29b-Neues-Duo-bei-den-Seeloewen-23.07.2021-Bild-1-300x225.jpg 300w, https:\/\/speyer24news.com\/wp-content\/uploads\/2021\/07\/KW-29b-Neues-Duo-bei-den-Seeloewen-23.07.2021-Bild-1-768x576.jpg 768w, https:\/\/speyer24news.com\/wp-content\/uploads\/2021\/07\/KW-29b-Neues-Duo-bei-den-Seeloewen-23.07.2021-Bild-1-678x509.jpg 678w, https:\/\/speyer24news.com\/wp-content\/uploads\/2021\/07\/KW-29b-Neues-Duo-bei-den-Seeloewen-23.07.2021-Bild-1-326x245.jpg 326w, https:\/\/speyer24news.com\/wp-content\/uploads\/2021\/07\/KW-29b-Neues-Duo-bei-den-Seeloewen-23.07.2021-Bild-1-80x60.jpg 80w\" sizes=\"(max-width: 800px) 100vw, 800px\" \/><figcaption class=\"blocks-gallery-item__caption\">Die Kalifornische Seel\u00f6win Evi mit ihrem Jungtier Hollo, das dank der Muttermilch schnell w\u00e4chst. Der kleine Bulle ist am 7. Juni 2021 in der Wilhelma in Stuttgart zur Welt gekommen. <em>Foto: Wilhelma Stuttgart<\/em><\/figcaption><\/figure><\/li><li class=\"blocks-gallery-item\"><figure><img decoding=\"async\" loading=\"lazy\" width=\"800\" height=\"600\" src=\"https:\/\/speyer24news.com\/wp-content\/uploads\/2021\/07\/KW-29b-Neues-Duo-bei-den-Seeloewen-23.07.2021-Bild-2.jpg\" alt=\"\" data-id=\"39591\" data-full-url=\"https:\/\/speyer24news.com\/wp-content\/uploads\/2021\/07\/KW-29b-Neues-Duo-bei-den-Seeloewen-23.07.2021-Bild-2.jpg\" data-link=\"https:\/\/speyer24news.com\/?attachment_id=39591\" class=\"wp-image-39591\" srcset=\"https:\/\/speyer24news.com\/wp-content\/uploads\/2021\/07\/KW-29b-Neues-Duo-bei-den-Seeloewen-23.07.2021-Bild-2.jpg 800w, https:\/\/speyer24news.com\/wp-content\/uploads\/2021\/07\/KW-29b-Neues-Duo-bei-den-Seeloewen-23.07.2021-Bild-2-300x225.jpg 300w, https:\/\/speyer24news.com\/wp-content\/uploads\/2021\/07\/KW-29b-Neues-Duo-bei-den-Seeloewen-23.07.2021-Bild-2-768x576.jpg 768w, https:\/\/speyer24news.com\/wp-content\/uploads\/2021\/07\/KW-29b-Neues-Duo-bei-den-Seeloewen-23.07.2021-Bild-2-678x509.jpg 678w, https:\/\/speyer24news.com\/wp-content\/uploads\/2021\/07\/KW-29b-Neues-Duo-bei-den-Seeloewen-23.07.2021-Bild-2-326x245.jpg 326w, https:\/\/speyer24news.com\/wp-content\/uploads\/2021\/07\/KW-29b-Neues-Duo-bei-den-Seeloewen-23.07.2021-Bild-2-80x60.jpg 80w\" sizes=\"(max-width: 800px) 100vw, 800px\" \/><figcaption class=\"blocks-gallery-item__caption\">Der neugeborene Kalifornische Seel\u00f6we Hollo trinkt bei seiner Mutter Evi. Er ist am 7. Juni 2021 in der Wilhelma in Stuttgart zur Welt gekommen. <em>Foto: Wilhelma Stuttgart<\/em><\/figcaption><\/figure><\/li><li class=\"blocks-gallery-item\"><figure><img decoding=\"async\" loading=\"lazy\" width=\"800\" height=\"533\" src=\"https:\/\/speyer24news.com\/wp-content\/uploads\/2021\/07\/KW-29b-Neues-Duo-bei-den-Seeloewen-23.07.2021-Bild-3.jpg\" alt=\"\" data-id=\"39592\" data-full-url=\"https:\/\/speyer24news.com\/wp-content\/uploads\/2021\/07\/KW-29b-Neues-Duo-bei-den-Seeloewen-23.07.2021-Bild-3.jpg\" data-link=\"https:\/\/speyer24news.com\/?attachment_id=39592\" class=\"wp-image-39592\" srcset=\"https:\/\/speyer24news.com\/wp-content\/uploads\/2021\/07\/KW-29b-Neues-Duo-bei-den-Seeloewen-23.07.2021-Bild-3.jpg 800w, https:\/\/speyer24news.com\/wp-content\/uploads\/2021\/07\/KW-29b-Neues-Duo-bei-den-Seeloewen-23.07.2021-Bild-3-300x200.jpg 300w, https:\/\/speyer24news.com\/wp-content\/uploads\/2021\/07\/KW-29b-Neues-Duo-bei-den-Seeloewen-23.07.2021-Bild-3-768x512.jpg 768w\" sizes=\"(max-width: 800px) 100vw, 800px\" \/><figcaption class=\"blocks-gallery-item__caption\">Der kleine Seel\u00f6wen-Bulle Hollo ist am 7. Juni 2021 als Sohn von Evi und Unesco in der Wilhelma in Stuttgart zur Welt gekommen.<em> Foto: Wilhelma Stuttgart<\/em><\/figcaption><\/figure><\/li><li class=\"blocks-gallery-item\"><figure><img decoding=\"async\" loading=\"lazy\" width=\"800\" height=\"600\" src=\"https:\/\/speyer24news.com\/wp-content\/uploads\/2021\/07\/KW-29b-Neues-Duo-bei-den-Seeloewen-23.07.2021-Bild-4.jpg\" alt=\"\" data-id=\"39593\" data-full-url=\"https:\/\/speyer24news.com\/wp-content\/uploads\/2021\/07\/KW-29b-Neues-Duo-bei-den-Seeloewen-23.07.2021-Bild-4.jpg\" data-link=\"https:\/\/speyer24news.com\/?attachment_id=39593\" class=\"wp-image-39593\" srcset=\"https:\/\/speyer24news.com\/wp-content\/uploads\/2021\/07\/KW-29b-Neues-Duo-bei-den-Seeloewen-23.07.2021-Bild-4.jpg 800w, https:\/\/speyer24news.com\/wp-content\/uploads\/2021\/07\/KW-29b-Neues-Duo-bei-den-Seeloewen-23.07.2021-Bild-4-300x225.jpg 300w, https:\/\/speyer24news.com\/wp-content\/uploads\/2021\/07\/KW-29b-Neues-Duo-bei-den-Seeloewen-23.07.2021-Bild-4-768x576.jpg 768w, https:\/\/speyer24news.com\/wp-content\/uploads\/2021\/07\/KW-29b-Neues-Duo-bei-den-Seeloewen-23.07.2021-Bild-4-678x509.jpg 678w, https:\/\/speyer24news.com\/wp-content\/uploads\/2021\/07\/KW-29b-Neues-Duo-bei-den-Seeloewen-23.07.2021-Bild-4-326x245.jpg 326w, https:\/\/speyer24news.com\/wp-content\/uploads\/2021\/07\/KW-29b-Neues-Duo-bei-den-Seeloewen-23.07.2021-Bild-4-80x60.jpg 80w\" sizes=\"(max-width: 800px) 100vw, 800px\" \/><figcaption class=\"blocks-gallery-item__caption\">Der kleine Seel\u00f6wen-Bulle Hollo ist am 7. Juni 2021 als Sohn von Evi und Unesco in der Wilhelma in Stuttgart zur Welt gekommen. <em>Foto: Jana M\u00fcller<\/em><\/figcaption><\/figure><\/li><li class=\"blocks-gallery-item\"><figure><img decoding=\"async\" loading=\"lazy\" width=\"800\" height=\"533\" src=\"https:\/\/speyer24news.com\/wp-content\/uploads\/2021\/07\/KW-29b-Neues-Duo-bei-den-Seeloewen-23.07.2021-Bild-5.jpg\" alt=\"\" data-id=\"39594\" data-full-url=\"https:\/\/speyer24news.com\/wp-content\/uploads\/2021\/07\/KW-29b-Neues-Duo-bei-den-Seeloewen-23.07.2021-Bild-5.jpg\" data-link=\"https:\/\/speyer24news.com\/?attachment_id=39594\" class=\"wp-image-39594\" srcset=\"https:\/\/speyer24news.com\/wp-content\/uploads\/2021\/07\/KW-29b-Neues-Duo-bei-den-Seeloewen-23.07.2021-Bild-5.jpg 800w, https:\/\/speyer24news.com\/wp-content\/uploads\/2021\/07\/KW-29b-Neues-Duo-bei-den-Seeloewen-23.07.2021-Bild-5-300x200.jpg 300w, https:\/\/speyer24news.com\/wp-content\/uploads\/2021\/07\/KW-29b-Neues-Duo-bei-den-Seeloewen-23.07.2021-Bild-5-768x512.jpg 768w\" sizes=\"(max-width: 800px) 100vw, 800px\" \/><figcaption class=\"blocks-gallery-item__caption\">Die Kalifornische Seel\u00f6win Nalu ist ein Neuzang der Wilhelma in Stuttgart, der im Mai aus dem Gr\u00fcnen Zoo Wuppertal eingezogen ist. <em>Foto: Jana M\u00fcller<\/em><\/figcaption><\/figure><\/li><li class=\"blocks-gallery-item\"><figure><img decoding=\"async\" loading=\"lazy\" width=\"800\" height=\"533\" src=\"https:\/\/speyer24news.com\/wp-content\/uploads\/2021\/07\/KW-29b-Neues-Duo-bei-den-Seeloewen-23.07.2021-Bild-6.jpg\" alt=\"\" data-id=\"39595\" data-full-url=\"https:\/\/speyer24news.com\/wp-content\/uploads\/2021\/07\/KW-29b-Neues-Duo-bei-den-Seeloewen-23.07.2021-Bild-6.jpg\" data-link=\"https:\/\/speyer24news.com\/?attachment_id=39595\" class=\"wp-image-39595\" srcset=\"https:\/\/speyer24news.com\/wp-content\/uploads\/2021\/07\/KW-29b-Neues-Duo-bei-den-Seeloewen-23.07.2021-Bild-6.jpg 800w, https:\/\/speyer24news.com\/wp-content\/uploads\/2021\/07\/KW-29b-Neues-Duo-bei-den-Seeloewen-23.07.2021-Bild-6-300x200.jpg 300w, https:\/\/speyer24news.com\/wp-content\/uploads\/2021\/07\/KW-29b-Neues-Duo-bei-den-Seeloewen-23.07.2021-Bild-6-768x512.jpg 768w\" sizes=\"(max-width: 800px) 100vw, 800px\" \/><figcaption class=\"blocks-gallery-item__caption\">Die Kalifornische Seel\u00f6win Nalu (links) hat sich als Neuank\u00f6mmling aus dem Gr\u00fcnen Zoo Wuppertal bereits mit Evi in der Wilhelma in Stuttgart bekannt gemacht. <em>Foto: Jana M\u00fcller<\/em><\/figcaption><\/figure><\/li><\/ul><\/figure>\n\n\n\n<p><em>Text: Wilhelma, Zoologisch-Botanischer Garten Stuttgart Foto: (1-3) Wilhelma, Zoologisch-Botanischer Garten Stuttgart; (4-6) Jana M\u00fcller<br>28.07.2021<\/em><\/p>\n\n\n\n<h2 class=\"wp-block-heading\">Erste Botanikschau 2021, die G\u00e4sten nicht verborgen bleibt<\/h2>\n\n\n\n<h3 class=\"wp-block-heading\">Fuchsien bl\u00fchen in Wilhelma rechtzeitig zur Wiederer\u00f6ffnung<\/h3>\n\n\n\n<div class=\"wp-block-image\"><figure class=\"aligncenter size-large\"><img decoding=\"async\" loading=\"lazy\" width=\"800\" height=\"600\" src=\"https:\/\/speyer24news.com\/wp-content\/uploads\/2021\/07\/KW-28a-Fuchsienbluete-passend-zur-Wiedereroeffnung-14.07.2021-Bild-1.jpg\" alt=\"\" class=\"wp-image-39582\" srcset=\"https:\/\/speyer24news.com\/wp-content\/uploads\/2021\/07\/KW-28a-Fuchsienbluete-passend-zur-Wiedereroeffnung-14.07.2021-Bild-1.jpg 800w, https:\/\/speyer24news.com\/wp-content\/uploads\/2021\/07\/KW-28a-Fuchsienbluete-passend-zur-Wiedereroeffnung-14.07.2021-Bild-1-300x225.jpg 300w, https:\/\/speyer24news.com\/wp-content\/uploads\/2021\/07\/KW-28a-Fuchsienbluete-passend-zur-Wiedereroeffnung-14.07.2021-Bild-1-768x576.jpg 768w, https:\/\/speyer24news.com\/wp-content\/uploads\/2021\/07\/KW-28a-Fuchsienbluete-passend-zur-Wiedereroeffnung-14.07.2021-Bild-1-678x509.jpg 678w, https:\/\/speyer24news.com\/wp-content\/uploads\/2021\/07\/KW-28a-Fuchsienbluete-passend-zur-Wiedereroeffnung-14.07.2021-Bild-1-326x245.jpg 326w, https:\/\/speyer24news.com\/wp-content\/uploads\/2021\/07\/KW-28a-Fuchsienbluete-passend-zur-Wiedereroeffnung-14.07.2021-Bild-1-80x60.jpg 80w\" sizes=\"(max-width: 800px) 100vw, 800px\" \/><figcaption>Rund 550 Fuchsien aus 230 Arten und Sorten zeigt die Wilhelma in Stuttgart bis September in dem Wechselschauhaus ihrer historischen Gew\u00e4chshauszeile.<\/figcaption><\/figure><\/div>\n\n\n\n<p>Das Timing k\u00f6nnte nicht besser sein. Gef\u00fchlt waren die Gew\u00e4chsh\u00e4user in der Wilhelma in Stuttgart coronabedingt eine halbe Ewigkeit geschlossen. Doch passend zu deren Wiederer\u00f6ffnung im Juli zeigt sich die Fuchsienschau jetzt von ihrer sch\u00f6nsten Seite. Im Wechselschauhaus der historischen Gew\u00e4chshauszeile pr\u00e4sentieren sich Bl\u00fcten \u00fcber Bl\u00fcten, wohin man auch schaut: An nicht weniger als 550 Pflanzen aus 230 Arten und Sorten der vielseitigen Gattung baumeln bunte Gl\u00f6ckchen, schlenkern kleine Trompeten und tanzen dazu grazile Ballerinas. Jede Bl\u00fcte ist nach ihrer Farbe und Form ein Hingucker. Hier bet\u00f6ren strahlendes Wei\u00df und zartes Pastell, dort beindrucken leuchtendes Orange, intensives Rot und sattes Lila \u2013 pur oder kombiniert.<\/p>\n\n\n\n<p>\u201eEs ist ein Gl\u00fccksfall in ungl\u00fccklichen Zeiten, dass unsere G\u00e4ste diesen Lichtblick jetzt erleben k\u00f6nnen\u201c, sagt Wilhelma-Direktor Dr. Thomas K\u00f6lpin. \u201eVon den traditionellen H\u00f6hepunkten unserer botanischen Schauen mussten dieses Jahr leider die Bl\u00fctezeiten der Kamelien, der Azaleen und die Hauptbl\u00fcte der Magnolien alle ohne Publikum bleiben. Aber jede Jahreszeit hat ihre Reize \u2013 die Fuchsien sind gerade besonders reizvoll.\u201c<\/p>\n\n\n\n<div class=\"wp-block-image\"><figure class=\"aligncenter size-large\"><img decoding=\"async\" loading=\"lazy\" width=\"800\" height=\"600\" src=\"https:\/\/speyer24news.com\/wp-content\/uploads\/2021\/07\/KW-28a-Fuchsienbluete-passend-zur-Wiedereroeffnung-14.07.2021-Bild-5.jpg\" alt=\"\" class=\"wp-image-39586\" srcset=\"https:\/\/speyer24news.com\/wp-content\/uploads\/2021\/07\/KW-28a-Fuchsienbluete-passend-zur-Wiedereroeffnung-14.07.2021-Bild-5.jpg 800w, https:\/\/speyer24news.com\/wp-content\/uploads\/2021\/07\/KW-28a-Fuchsienbluete-passend-zur-Wiedereroeffnung-14.07.2021-Bild-5-300x225.jpg 300w, https:\/\/speyer24news.com\/wp-content\/uploads\/2021\/07\/KW-28a-Fuchsienbluete-passend-zur-Wiedereroeffnung-14.07.2021-Bild-5-768x576.jpg 768w, https:\/\/speyer24news.com\/wp-content\/uploads\/2021\/07\/KW-28a-Fuchsienbluete-passend-zur-Wiedereroeffnung-14.07.2021-Bild-5-678x509.jpg 678w, https:\/\/speyer24news.com\/wp-content\/uploads\/2021\/07\/KW-28a-Fuchsienbluete-passend-zur-Wiedereroeffnung-14.07.2021-Bild-5-326x245.jpg 326w, https:\/\/speyer24news.com\/wp-content\/uploads\/2021\/07\/KW-28a-Fuchsienbluete-passend-zur-Wiedereroeffnung-14.07.2021-Bild-5-80x60.jpg 80w\" sizes=\"(max-width: 800px) 100vw, 800px\" \/><\/figure><\/div>\n\n\n\n<p>Diese Gattung der Familie der Nachtkerzengew\u00e4chse geht auf etwa 120 bekannte Wildformen zur\u00fcck. Die erste Art entdeckte der franz\u00f6sische Botaniker Charles Plumier Ende des 17. Jahrhunderts auf der Antilleninsel Hispaniola und benannte sie nach dem T\u00fcbinger Ahnvater der Pflanzenkunde Leonhart Fuchs. Die meisten Wildarten stammen aus den Bergw\u00e4ldern in Mittel- und S\u00fcdamerika. Zu finden sind sie dort auf Bergh\u00e4ngen in bis zu 3000 Metern H\u00f6he und in den Randgebieten des tropischen Regenwalds. Von Natur aus ben\u00f6tigen Fuchsien luftige und zugleich schattige Standorte, die \u00fcber ausreichend Feuchtigkeit und N\u00e4hrstoffe verf\u00fcgen.<\/p>\n\n\n\n<p>Sie lassen sich relativ leicht kreuzen. So fanden ab dem 19. Jahrhundert immer mehr Z\u00fcchter in Europa Gefallen an ihr. Von den f\u00fcr Garten und Balkon beliebten Zierpflanzen sind inzwischen mehr als 12.000 Z\u00fcchtungen registriert. Zu sehen ist die Schau im Zoologisch-Botanischen Garten noch bis September.<\/p>\n\n\n\n<h3 class=\"wp-block-heading\">Fotogalerie:<\/h3>\n\n\n\n<figure class=\"wp-block-gallery columns-2 is-cropped wp-block-gallery-3 is-layout-flex wp-block-gallery-is-layout-flex\"><ul class=\"blocks-gallery-grid\"><li class=\"blocks-gallery-item\"><figure><img decoding=\"async\" loading=\"lazy\" width=\"800\" height=\"600\" src=\"https:\/\/speyer24news.com\/wp-content\/uploads\/2021\/07\/KW-28a-Fuchsienbluete-passend-zur-Wiedereroeffnung-14.07.2021-Bild-1.jpg\" alt=\"\" data-id=\"39582\" data-full-url=\"https:\/\/speyer24news.com\/wp-content\/uploads\/2021\/07\/KW-28a-Fuchsienbluete-passend-zur-Wiedereroeffnung-14.07.2021-Bild-1.jpg\" data-link=\"https:\/\/speyer24news.com\/?attachment_id=39582\" class=\"wp-image-39582\" srcset=\"https:\/\/speyer24news.com\/wp-content\/uploads\/2021\/07\/KW-28a-Fuchsienbluete-passend-zur-Wiedereroeffnung-14.07.2021-Bild-1.jpg 800w, https:\/\/speyer24news.com\/wp-content\/uploads\/2021\/07\/KW-28a-Fuchsienbluete-passend-zur-Wiedereroeffnung-14.07.2021-Bild-1-300x225.jpg 300w, https:\/\/speyer24news.com\/wp-content\/uploads\/2021\/07\/KW-28a-Fuchsienbluete-passend-zur-Wiedereroeffnung-14.07.2021-Bild-1-768x576.jpg 768w, https:\/\/speyer24news.com\/wp-content\/uploads\/2021\/07\/KW-28a-Fuchsienbluete-passend-zur-Wiedereroeffnung-14.07.2021-Bild-1-678x509.jpg 678w, https:\/\/speyer24news.com\/wp-content\/uploads\/2021\/07\/KW-28a-Fuchsienbluete-passend-zur-Wiedereroeffnung-14.07.2021-Bild-1-326x245.jpg 326w, https:\/\/speyer24news.com\/wp-content\/uploads\/2021\/07\/KW-28a-Fuchsienbluete-passend-zur-Wiedereroeffnung-14.07.2021-Bild-1-80x60.jpg 80w\" sizes=\"(max-width: 800px) 100vw, 800px\" \/><\/figure><\/li><li class=\"blocks-gallery-item\"><figure><img decoding=\"async\" loading=\"lazy\" width=\"500\" height=\"667\" src=\"https:\/\/speyer24news.com\/wp-content\/uploads\/2021\/07\/KW-28a-Fuchsienbluete-passend-zur-Wiedereroeffnung-14.07.2021-Bild-2.jpg\" alt=\"\" data-id=\"39583\" data-full-url=\"https:\/\/speyer24news.com\/wp-content\/uploads\/2021\/07\/KW-28a-Fuchsienbluete-passend-zur-Wiedereroeffnung-14.07.2021-Bild-2.jpg\" data-link=\"https:\/\/speyer24news.com\/?attachment_id=39583\" class=\"wp-image-39583\" srcset=\"https:\/\/speyer24news.com\/wp-content\/uploads\/2021\/07\/KW-28a-Fuchsienbluete-passend-zur-Wiedereroeffnung-14.07.2021-Bild-2.jpg 500w, https:\/\/speyer24news.com\/wp-content\/uploads\/2021\/07\/KW-28a-Fuchsienbluete-passend-zur-Wiedereroeffnung-14.07.2021-Bild-2-225x300.jpg 225w\" sizes=\"(max-width: 500px) 100vw, 500px\" \/><\/figure><\/li><li class=\"blocks-gallery-item\"><figure><img decoding=\"async\" loading=\"lazy\" width=\"800\" height=\"600\" src=\"https:\/\/speyer24news.com\/wp-content\/uploads\/2021\/07\/KW-28a-Fuchsienbluete-passend-zur-Wiedereroeffnung-14.07.2021-Bild-3.jpg\" alt=\"\" data-id=\"39584\" data-full-url=\"https:\/\/speyer24news.com\/wp-content\/uploads\/2021\/07\/KW-28a-Fuchsienbluete-passend-zur-Wiedereroeffnung-14.07.2021-Bild-3.jpg\" data-link=\"https:\/\/speyer24news.com\/?attachment_id=39584\" class=\"wp-image-39584\" srcset=\"https:\/\/speyer24news.com\/wp-content\/uploads\/2021\/07\/KW-28a-Fuchsienbluete-passend-zur-Wiedereroeffnung-14.07.2021-Bild-3.jpg 800w, https:\/\/speyer24news.com\/wp-content\/uploads\/2021\/07\/KW-28a-Fuchsienbluete-passend-zur-Wiedereroeffnung-14.07.2021-Bild-3-300x225.jpg 300w, https:\/\/speyer24news.com\/wp-content\/uploads\/2021\/07\/KW-28a-Fuchsienbluete-passend-zur-Wiedereroeffnung-14.07.2021-Bild-3-768x576.jpg 768w, https:\/\/speyer24news.com\/wp-content\/uploads\/2021\/07\/KW-28a-Fuchsienbluete-passend-zur-Wiedereroeffnung-14.07.2021-Bild-3-678x509.jpg 678w, https:\/\/speyer24news.com\/wp-content\/uploads\/2021\/07\/KW-28a-Fuchsienbluete-passend-zur-Wiedereroeffnung-14.07.2021-Bild-3-326x245.jpg 326w, https:\/\/speyer24news.com\/wp-content\/uploads\/2021\/07\/KW-28a-Fuchsienbluete-passend-zur-Wiedereroeffnung-14.07.2021-Bild-3-80x60.jpg 80w\" sizes=\"(max-width: 800px) 100vw, 800px\" \/><\/figure><\/li><li class=\"blocks-gallery-item\"><figure><img decoding=\"async\" loading=\"lazy\" width=\"800\" height=\"600\" src=\"https:\/\/speyer24news.com\/wp-content\/uploads\/2021\/07\/KW-28a-Fuchsienbluete-passend-zur-Wiedereroeffnung-14.07.2021-Bild-4.jpg\" alt=\"\" data-id=\"39585\" data-full-url=\"https:\/\/speyer24news.com\/wp-content\/uploads\/2021\/07\/KW-28a-Fuchsienbluete-passend-zur-Wiedereroeffnung-14.07.2021-Bild-4.jpg\" data-link=\"https:\/\/speyer24news.com\/?attachment_id=39585\" class=\"wp-image-39585\" srcset=\"https:\/\/speyer24news.com\/wp-content\/uploads\/2021\/07\/KW-28a-Fuchsienbluete-passend-zur-Wiedereroeffnung-14.07.2021-Bild-4.jpg 800w, https:\/\/speyer24news.com\/wp-content\/uploads\/2021\/07\/KW-28a-Fuchsienbluete-passend-zur-Wiedereroeffnung-14.07.2021-Bild-4-300x225.jpg 300w, https:\/\/speyer24news.com\/wp-content\/uploads\/2021\/07\/KW-28a-Fuchsienbluete-passend-zur-Wiedereroeffnung-14.07.2021-Bild-4-768x576.jpg 768w, https:\/\/speyer24news.com\/wp-content\/uploads\/2021\/07\/KW-28a-Fuchsienbluete-passend-zur-Wiedereroeffnung-14.07.2021-Bild-4-678x509.jpg 678w, https:\/\/speyer24news.com\/wp-content\/uploads\/2021\/07\/KW-28a-Fuchsienbluete-passend-zur-Wiedereroeffnung-14.07.2021-Bild-4-326x245.jpg 326w, https:\/\/speyer24news.com\/wp-content\/uploads\/2021\/07\/KW-28a-Fuchsienbluete-passend-zur-Wiedereroeffnung-14.07.2021-Bild-4-80x60.jpg 80w\" sizes=\"(max-width: 800px) 100vw, 800px\" \/><\/figure><\/li><li class=\"blocks-gallery-item\"><figure><img decoding=\"async\" loading=\"lazy\" width=\"800\" height=\"600\" src=\"https:\/\/speyer24news.com\/wp-content\/uploads\/2021\/07\/KW-28a-Fuchsienbluete-passend-zur-Wiedereroeffnung-14.07.2021-Bild-5.jpg\" alt=\"\" data-id=\"39586\" data-full-url=\"https:\/\/speyer24news.com\/wp-content\/uploads\/2021\/07\/KW-28a-Fuchsienbluete-passend-zur-Wiedereroeffnung-14.07.2021-Bild-5.jpg\" data-link=\"https:\/\/speyer24news.com\/?attachment_id=39586\" class=\"wp-image-39586\" srcset=\"https:\/\/speyer24news.com\/wp-content\/uploads\/2021\/07\/KW-28a-Fuchsienbluete-passend-zur-Wiedereroeffnung-14.07.2021-Bild-5.jpg 800w, https:\/\/speyer24news.com\/wp-content\/uploads\/2021\/07\/KW-28a-Fuchsienbluete-passend-zur-Wiedereroeffnung-14.07.2021-Bild-5-300x225.jpg 300w, https:\/\/speyer24news.com\/wp-content\/uploads\/2021\/07\/KW-28a-Fuchsienbluete-passend-zur-Wiedereroeffnung-14.07.2021-Bild-5-768x576.jpg 768w, https:\/\/speyer24news.com\/wp-content\/uploads\/2021\/07\/KW-28a-Fuchsienbluete-passend-zur-Wiedereroeffnung-14.07.2021-Bild-5-678x509.jpg 678w, https:\/\/speyer24news.com\/wp-content\/uploads\/2021\/07\/KW-28a-Fuchsienbluete-passend-zur-Wiedereroeffnung-14.07.2021-Bild-5-326x245.jpg 326w, https:\/\/speyer24news.com\/wp-content\/uploads\/2021\/07\/KW-28a-Fuchsienbluete-passend-zur-Wiedereroeffnung-14.07.2021-Bild-5-80x60.jpg 80w\" sizes=\"(max-width: 800px) 100vw, 800px\" \/><\/figure><\/li><li class=\"blocks-gallery-item\"><figure><img decoding=\"async\" loading=\"lazy\" width=\"500\" height=\"667\" src=\"https:\/\/speyer24news.com\/wp-content\/uploads\/2021\/07\/KW-28a-Fuchsienbluete-passend-zur-Wiedereroeffnung-14.07.2021-Bild-6.jpg\" alt=\"\" data-id=\"39587\" data-full-url=\"https:\/\/speyer24news.com\/wp-content\/uploads\/2021\/07\/KW-28a-Fuchsienbluete-passend-zur-Wiedereroeffnung-14.07.2021-Bild-6.jpg\" data-link=\"https:\/\/speyer24news.com\/?attachment_id=39587\" class=\"wp-image-39587\" srcset=\"https:\/\/speyer24news.com\/wp-content\/uploads\/2021\/07\/KW-28a-Fuchsienbluete-passend-zur-Wiedereroeffnung-14.07.2021-Bild-6.jpg 500w, https:\/\/speyer24news.com\/wp-content\/uploads\/2021\/07\/KW-28a-Fuchsienbluete-passend-zur-Wiedereroeffnung-14.07.2021-Bild-6-225x300.jpg 225w\" sizes=\"(max-width: 500px) 100vw, 500px\" \/><\/figure><\/li><li class=\"blocks-gallery-item\"><figure><img decoding=\"async\" loading=\"lazy\" width=\"800\" height=\"600\" src=\"https:\/\/speyer24news.com\/wp-content\/uploads\/2021\/07\/KW-28a-Fuchsienbluete-passend-zur-Wiedereroeffnung-14.07.2021-Bild-7.jpg\" alt=\"\" data-id=\"39588\" data-full-url=\"https:\/\/speyer24news.com\/wp-content\/uploads\/2021\/07\/KW-28a-Fuchsienbluete-passend-zur-Wiedereroeffnung-14.07.2021-Bild-7.jpg\" data-link=\"https:\/\/speyer24news.com\/?attachment_id=39588\" class=\"wp-image-39588\" srcset=\"https:\/\/speyer24news.com\/wp-content\/uploads\/2021\/07\/KW-28a-Fuchsienbluete-passend-zur-Wiedereroeffnung-14.07.2021-Bild-7.jpg 800w, https:\/\/speyer24news.com\/wp-content\/uploads\/2021\/07\/KW-28a-Fuchsienbluete-passend-zur-Wiedereroeffnung-14.07.2021-Bild-7-300x225.jpg 300w, https:\/\/speyer24news.com\/wp-content\/uploads\/2021\/07\/KW-28a-Fuchsienbluete-passend-zur-Wiedereroeffnung-14.07.2021-Bild-7-768x576.jpg 768w, https:\/\/speyer24news.com\/wp-content\/uploads\/2021\/07\/KW-28a-Fuchsienbluete-passend-zur-Wiedereroeffnung-14.07.2021-Bild-7-678x509.jpg 678w, https:\/\/speyer24news.com\/wp-content\/uploads\/2021\/07\/KW-28a-Fuchsienbluete-passend-zur-Wiedereroeffnung-14.07.2021-Bild-7-326x245.jpg 326w, https:\/\/speyer24news.com\/wp-content\/uploads\/2021\/07\/KW-28a-Fuchsienbluete-passend-zur-Wiedereroeffnung-14.07.2021-Bild-7-80x60.jpg 80w\" sizes=\"(max-width: 800px) 100vw, 800px\" \/><\/figure><\/li><li class=\"blocks-gallery-item\"><figure><img decoding=\"async\" loading=\"lazy\" width=\"800\" height=\"600\" src=\"https:\/\/speyer24news.com\/wp-content\/uploads\/2021\/07\/KW-28a-Fuchsienbluete-passend-zur-Wiedereroeffnung-14.07.2021-Bild-8.jpg\" alt=\"\" data-id=\"39589\" data-full-url=\"https:\/\/speyer24news.com\/wp-content\/uploads\/2021\/07\/KW-28a-Fuchsienbluete-passend-zur-Wiedereroeffnung-14.07.2021-Bild-8.jpg\" data-link=\"https:\/\/speyer24news.com\/?attachment_id=39589\" class=\"wp-image-39589\" srcset=\"https:\/\/speyer24news.com\/wp-content\/uploads\/2021\/07\/KW-28a-Fuchsienbluete-passend-zur-Wiedereroeffnung-14.07.2021-Bild-8.jpg 800w, https:\/\/speyer24news.com\/wp-content\/uploads\/2021\/07\/KW-28a-Fuchsienbluete-passend-zur-Wiedereroeffnung-14.07.2021-Bild-8-300x225.jpg 300w, https:\/\/speyer24news.com\/wp-content\/uploads\/2021\/07\/KW-28a-Fuchsienbluete-passend-zur-Wiedereroeffnung-14.07.2021-Bild-8-768x576.jpg 768w, https:\/\/speyer24news.com\/wp-content\/uploads\/2021\/07\/KW-28a-Fuchsienbluete-passend-zur-Wiedereroeffnung-14.07.2021-Bild-8-678x509.jpg 678w, https:\/\/speyer24news.com\/wp-content\/uploads\/2021\/07\/KW-28a-Fuchsienbluete-passend-zur-Wiedereroeffnung-14.07.2021-Bild-8-326x245.jpg 326w, https:\/\/speyer24news.com\/wp-content\/uploads\/2021\/07\/KW-28a-Fuchsienbluete-passend-zur-Wiedereroeffnung-14.07.2021-Bild-8-80x60.jpg 80w\" sizes=\"(max-width: 800px) 100vw, 800px\" \/><\/figure><\/li><\/ul><\/figure>\n\n\n\n<p><em>Wilhelma, Zoologisch-Botanischer Garten Stuttgart<br>28.07.2021<\/em><\/p>\n","protected":false},"excerpt":{"rendered":"<div class=\"mh-excerpt\"><p>Neuzugang und Nachwuchs bei den Robben Nalu und Hollo vergr\u00f6\u00dfern die Seel\u00f6wen-Familie der Wilhelma Lautstark, intelligent und verspielt: Von den gro\u00dfen Lieblingen vieler Wilhelma-Fans gibt es statt drei nun f\u00fcnf Tiere. Bei den Kalifornischen Seel\u00f6wen, <a class=\"mh-excerpt-more\" href=\"https:\/\/speyer24news.com\/?p=39578\" title=\"Wilhelma \u2013 Zoologisch-Botanischer Garten Stuttgart\">[&#8230;]<\/a><\/p>\n<\/div>","protected":false},"author":3,"featured_media":30171,"comment_status":"open","ping_status":"open","sticky":false,"template":"","format":"standard","meta":{"_monsterinsights_skip_tracking":false,"_monsterinsights_sitenote_active":false,"_monsterinsights_sitenote_note":"","_monsterinsights_sitenote_category":0,"footnotes":""},"categories":[11],"tags":[12629,12628,8421,8422,12626,12630,12627,12624,12625,7198,8678,8569,8419,8420,10083,11544,11418,8811,6716,8418],"aioseo_notices":[],"amp_enabled":true,"_links":{"self":[{"href":"https:\/\/speyer24news.com\/index.php?rest_route=\/wp\/v2\/posts\/39578"}],"collection":[{"href":"https:\/\/speyer24news.com\/index.php?rest_route=\/wp\/v2\/posts"}],"about":[{"href":"https:\/\/speyer24news.com\/index.php?rest_route=\/wp\/v2\/types\/post"}],"author":[{"embeddable":true,"href":"https:\/\/speyer24news.com\/index.php?rest_route=\/wp\/v2\/users\/3"}],"replies":[{"embeddable":true,"href":"https:\/\/speyer24news.com\/index.php?rest_route=%2Fwp%2Fv2%2Fcomments&post=39578"}],"version-history":[{"count":1,"href":"https:\/\/speyer24news.com\/index.php?rest_route=\/wp\/v2\/posts\/39578\/revisions"}],"predecessor-version":[{"id":39597,"href":"https:\/\/speyer24news.com\/index.php?rest_route=\/wp\/v2\/posts\/39578\/revisions\/39597"}],"wp:featuredmedia":[{"embeddable":true,"href":"https:\/\/speyer24news.com\/index.php?rest_route=\/wp\/v2\/media\/30171"}],"wp:attachment":[{"href":"https:\/\/speyer24news.com\/index.php?rest_route=%2Fwp%2Fv2%2Fmedia&parent=39578"}],"wp:term":[{"taxonomy":"category","embeddable":true,"href":"https:\/\/speyer24news.com\/index.php?rest_route=%2Fwp%2Fv2%2Fcategories&post=39578"},{"taxonomy":"post_tag","embeddable":true,"href":"https:\/\/speyer24news.com\/index.php?rest_route=%2Fwp%2Fv2%2Ftags&post=39578"}],"curies":[{"name":"wp","href":"https:\/\/api.w.org\/{rel}","templated":true}]}}