{"id":39599,"date":"2021-07-28T10:00:36","date_gmt":"2021-07-28T09:00:36","guid":{"rendered":"https:\/\/speyer24news.com\/?p=39599"},"modified":"2021-07-28T10:00:37","modified_gmt":"2021-07-28T09:00:37","slug":"kirche-99","status":"publish","type":"post","link":"https:\/\/speyer24news.com\/?p=39599","title":{"rendered":"Kirche"},"content":{"rendered":"<style type=\"text\/css\">\r\n\t.ads_top_disp{}\r\n\t.ads_top_corner_disp{ float:left; margin:0px 10px 10px 0px; }\r\n\t.ads_first_p_disp{}\r\n\t.ads_bottom_disp{}\r\n\t<\/style>\n<h2 class=\"wp-block-heading\">Bistum und Domkapitel gratulieren SchUM-St\u00e4dten zur Aufnahme ins UNESCO-Weltkulturerbe<\/h2>\n\n\n\n<h3 class=\"wp-block-heading\">Weihbischof Otto Georgens: \u201eGemeinsam ein Beispiel f\u00fcr ein von Respekt und Verst\u00e4ndnis gepr\u00e4gtes Zusammenleben geben\u201c<\/h3>\n\n\n\n<div class=\"wp-block-image\"><figure class=\"aligncenter size-large\"><img decoding=\"async\" loading=\"lazy\" width=\"500\" height=\"648\" src=\"https:\/\/speyer24news.com\/wp-content\/uploads\/2021\/07\/UNESCO-Welterbetag_WelterbeVerbindet_2021-05-20_23-32-46.jpg\" alt=\"\" class=\"wp-image-39602\" srcset=\"https:\/\/speyer24news.com\/wp-content\/uploads\/2021\/07\/UNESCO-Welterbetag_WelterbeVerbindet_2021-05-20_23-32-46.jpg 500w, https:\/\/speyer24news.com\/wp-content\/uploads\/2021\/07\/UNESCO-Welterbetag_WelterbeVerbindet_2021-05-20_23-32-46-231x300.jpg 231w\" sizes=\"(max-width: 500px) 100vw, 500px\" \/><figcaption><em>Kapitel an der Zwerggalerie des Doms und Ornament am Fenster der Mikwe in Speyer (Fotomontage)<br>Fotos: Domkapitel Speyer \/ Historisches Museum der Pfalz Speyer<\/em><\/figcaption><\/figure><\/div>\n\n\n\n<p>Die SchUM-St\u00e4dte Speyer, Worms und Mainz sind am 27.07.21 in die Liste des UNESCO-Weltkulturerbes aufgenommen worden. Weihbischof und Dompropst Otto Georgens \u00fcbermittelt den SchUM-St\u00e4dten Speyer, Worms und Mainz die Gl\u00fcckw\u00fcnsche des Bistums Speyer und des Domkapitels:<\/p>\n\n\n\n<p>\u201eWir gratulieren den SchUM-St\u00e4dten Speyer, Worms und Mainz sehr herzlich zur Anerkennung als UNESCO-Weltkulturerbe. Die SchUM-St\u00e4dte geben Zeugnis von dem reichen j\u00fcdischen Erbe in unserer Region. Das Privileg von 1084, mit dem Bischof R\u00fcdiger die erste Ansiedlung von J\u00fcdinnen und Juden in Speyer gew\u00e4hrt hatte, war f\u00fcr die Stadt der Anfang dieser gemeinsamen Geschichte. Dass neben dem Dom, der bereits seit 40 Jahren in der Liste des UNESCO-Weltkulturerbes gef\u00fchrt wird, jetzt auch die fast zeitgleich erbaute Mikwe, das j\u00fcdische Ritualbad, sowie das Ensemble des Judenhofes zum Weltkulturerbe z\u00e4hlen, ist f\u00fcr uns trotz der wechselvollen Geschichte Ausdruck der gro\u00dfen N\u00e4he zwischen Judentum und Christentum. Juden und Christen haben gemeinsame Wurzeln und sind im Glauben an den einen Gott miteinander verbunden. So pflegt das Bistum Speyer seit vielen Jahren enge freundschaftliche Kontakte zur J\u00fcdischen Kultusgemeinde der Rheinpfalz. Gemeinsam mit unseren j\u00fcdischen Geschwistern wollen wir uns gegen jede Form von Diskriminierung und Antisemitismus einsetzen und ein Beispiel daf\u00fcr geben, wie ein von Respekt und Verst\u00e4ndnis gepr\u00e4gtes Zusammenleben von Menschen unterschiedliche religi\u00f6ser \u00dcberzeugungen und Lebensweisen gelingen kann.\u201c<\/p>\n\n\n\n<p><em>Text: Bistum Speyer Foto: Domkapitel Speyer \/ Historisches Museum der Pfalz Speyer<br>28.07.2021<\/em><\/p>\n\n\n\n<h2 class=\"wp-block-heading\">Terminkalender des Bistum Speyer im August 2021<\/h2>\n\n\n\n<figure class=\"wp-block-image size-large\"><img decoding=\"async\" loading=\"lazy\" width=\"800\" height=\"375\" src=\"https:\/\/speyer24news.com\/wp-content\/uploads\/2021\/07\/Bistum-Speyer.png\" alt=\"\" class=\"wp-image-39601\" srcset=\"https:\/\/speyer24news.com\/wp-content\/uploads\/2021\/07\/Bistum-Speyer.png 800w, https:\/\/speyer24news.com\/wp-content\/uploads\/2021\/07\/Bistum-Speyer-300x141.png 300w, https:\/\/speyer24news.com\/wp-content\/uploads\/2021\/07\/Bistum-Speyer-768x360.png 768w\" sizes=\"(max-width: 800px) 100vw, 800px\" \/><\/figure>\n\n\n\n<h4 class=\"wp-block-heading\"><strong>Ein Hinweis:<\/strong><\/h4>\n\n\n\n<p>Aufgrund der aktuellen Corona-Pandemie k\u00f6nnen Termine kurzfristig ausfallen. Alle Veranstaltungen die stattfinden, werden unter Ber\u00fccksichtigung der geltenden Hygieneregeln durchgef\u00fchrt.<\/p>\n\n\n\n<figure class=\"wp-block-table\"><table><tbody><tr><td><strong>1.8.<\/strong><strong><\/strong><\/td><td>Gedenktag des Hl. Petrus Faber (Tod vor 475 Jahren)<\/td><\/tr><tr><td><strong>2.8.<\/strong><strong><\/strong><\/td><td>Gedenktag und Todestag des Hl. Stephan I. (Reliquie in Katharinenkapelle, Stephan-Portal, Schraudolph-Fesken im Kaisersaal im Dom zu Speyer)<\/td><\/tr><tr><td><strong>7.8.<\/strong><strong><\/strong><\/td><td>Gedenktag und Festtag der Hl. Afra (1096 erwarb Kaiser Heinrich IV. eine Reliquie der Hl. Afra f\u00fcr den Dom)<\/td><\/tr><tr><td><strong>7.8.<\/strong><strong><\/strong><\/td><td>17 Uhr Lichtermesse der Saliergesellschaft im Speyerer Dom.<\/td><\/tr><tr><td><strong>9.8.<\/strong><strong><\/strong><\/td><td>Fest und Todestag der Hl. Edith Stein (Reliquie in der Katharinenkapelle im Dom zu Speyer)<\/td><\/tr><tr><td><strong>9. \u2013 15.8.<\/strong><strong><\/strong><\/td><td>Youth-Week im Jugendhaus St. Christophorus in Bad D\u00fcrkheim. BDKJ-Sommeraktion f\u00fcr Junge Erwachsene 2021<\/td><\/tr><tr><td><strong>14.8.<\/strong><strong><\/strong><\/td><td>19.30 Uhr Orgelkonzert im Rahmen des \u201eInternationalen Orgelzyklus\u201c im Speyerer Dom.<\/td><\/tr><tr><td><strong>15.8.<\/strong><strong><\/strong><\/td><td>Fest Mari\u00e4 Himmelfahrt. Patronatsfest des Domes und der Di\u00f6zese Speyer. 10 Uhr Pontifikalamt mit Weihbischof Otto Georgens im Speyerer Dom. 16.30 Uhr Pontifikalvesper mit Weihbischof Otto Georgens im Speyerer Dom. 20 Uhr Rosenkranzgebet 20.30 Uhr Marienfeier<\/td><\/tr><tr><td><strong>16. \u2013 20.8.<\/strong><strong><\/strong><\/td><td>Sommerwoche f\u00fcr Kinder mit dem BDKJ im Jugendhaus St. Christophorus in Bad D\u00fcrkheim. T\u00e4glich von 9 Uhr bis 17.30 Uhr. F\u00fcr Kinder von 6 bis 12 Jahren.<\/td><\/tr><tr><td><strong>20.8.<\/strong><strong><\/strong><\/td><td>Gedenktag und Todestag des Hl. Bernhard von Clairvaux (Bernhard-Portal, Darstellung \u00fcber dem Hauptportal au\u00dfen und auf dem Hauptportal innen, Dom zu Speyer).<\/td><\/tr><tr><td><strong>24.8.<\/strong><strong><\/strong><\/td><td>Studienfahrt des Dombauvereins Speyer zu den Kl\u00f6stern Sch\u00f6ntal und Bronnbach.<\/td><\/tr><tr><td><strong>29.8.<\/strong><strong><\/strong><\/td><td>\u201eToccaTag\u201c \u2013 \u00d6kumenische Aktion des Bistums Speyer und der Evangelischen Kirche der Pfalz zur Orgel als Instrument des Jahres. Veranstaltungen an vielen Orten in Pfalz und Saarpfalz. 17.30 Uhr 15-min\u00fctiges Kurzkonzert im Speyerer Dom mit Domorganist Markus Eichenlaub<\/td><\/tr><\/tbody><\/table><\/figure>\n\n\n\n<h2 class=\"wp-block-heading\">Unabh\u00e4ngige Aufarbeitungskommission f\u00fcr das Bistum Speyer beginnt zu arbeiten<\/h2>\n\n\n\n<div class=\"wp-block-image\"><figure class=\"aligncenter size-large\"><img decoding=\"async\" loading=\"lazy\" width=\"800\" height=\"450\" src=\"https:\/\/speyer24news.com\/wp-content\/uploads\/2021\/07\/Aufarbeitungskommsssioncsm_AdobeStock_315291359_5e9bf1dedf.jpg\" alt=\"\" class=\"wp-image-39600\" srcset=\"https:\/\/speyer24news.com\/wp-content\/uploads\/2021\/07\/Aufarbeitungskommsssioncsm_AdobeStock_315291359_5e9bf1dedf.jpg 800w, https:\/\/speyer24news.com\/wp-content\/uploads\/2021\/07\/Aufarbeitungskommsssioncsm_AdobeStock_315291359_5e9bf1dedf-300x169.jpg 300w, https:\/\/speyer24news.com\/wp-content\/uploads\/2021\/07\/Aufarbeitungskommsssioncsm_AdobeStock_315291359_5e9bf1dedf-768x432.jpg 768w, https:\/\/speyer24news.com\/wp-content\/uploads\/2021\/07\/Aufarbeitungskommsssioncsm_AdobeStock_315291359_5e9bf1dedf-678x381.jpg 678w\" sizes=\"(max-width: 800px) 100vw, 800px\" \/><\/figure><\/div>\n\n\n\n<p>Die Unabh\u00e4ngige Aufarbeitungskommission f\u00fcr das Bistum Speyer&nbsp;zur Untersuchung des sexuellen Missbrauchs&nbsp;traf sich im Juli auf Einladung von Generalvikar Andreas Sturm im Bisch\u00f6flichen Ordinariat zu ihrer zweiten Sitzung. Dabei besuchte sie das Bistumsarchiv, in dem die Personalakten der verstorbenen Priester und Diakone der Di\u00f6zese aufbewahrt sind.<\/p>\n\n\n\n<p>Pfarrer Matthias K\u00f6ller, Mitarbeiter im Archiv, erl\u00e4uterte die Aufarbeitung der Personalakten f\u00fcr die gro\u00dfe sogenannte MHG-Studie, die von der Deutschen Bischofskonferenz zum sexuellen Missbrauch in Auftrag gegeben und&nbsp; 2018 ver\u00f6ffentlicht wurde.&nbsp;Im Rahmen dieser Studie wurden deutschlandweit 38.156 Personal- und Handakten aus 27 Di\u00f6zesen aus den Jahren 1946 bis 2014 durchgesehen. Bei 1.670 Klerikern fanden sich Hinweise auf Beschuldigungen des sexuellen Missbrauchs Minderj\u00e4hriger. F\u00fcr Speyer wurde von 89 mutma\u00dflichen T\u00e4tern (\u201esuspected persons\u201c) ausgegangen. Es gab 23 staatliche und 54 kirchliche Verfahren.&nbsp;Etwa je zur H\u00e4lfte endeten sowohl die staatlichen wie die kirchlichen Verfahren mit einer Bestrafung. \u00dcber diese Zahlen hinaus ist von einer Dunkelziffer auszugehen.<\/p>\n\n\n\n<p>Die Ergebnisse dieser MHG-Studie werden Grundlage f\u00fcr die Arbeit der Unabh\u00e4ngigen Aufarbeitungskommission f\u00fcr das Bistum Speyer sein. Die Deutsche Bischofskonferenz hatte sich im letzten Jahr in einer Gemeinsamen Erkl\u00e4rung mit Johannes-Wilhelm R\u00f6rig, dem Unabh\u00e4ngigen Beauftragten f\u00fcr Fragen des sexuellen Kindesmissbrauchs der Bundesregierung auf verbindliche Kriterien und Standards f\u00fcr eine unabh\u00e4ngige Aufarbeitung von sexuellen Missbrauch in der katholischen Kirche in Deutschland verst\u00e4ndigt. Zentrales Instrument sind Unabh\u00e4ngige Kommissionen.<\/p>\n\n\n\n<p>Die\u00a0<strong>Unabh\u00e4ngige Kommission f\u00fcr das Bistum Speyer<\/strong>\u00a0besteht aus<\/p>\n\n\n\n<ul><li><strong>Wolfgang Becker<\/strong>, ehemaliger Pr\u00e4sident des Amtsgerichts Saarbr\u00fccken, benannt von der saarl\u00e4ndischen Landesregierung,<\/li><li><strong>Bernd Held<\/strong>, Sprecher des Betroffenenbeirates und einer weiteren vom Betroffenenbeirat benannten Person,<\/li><li><strong>Dr. Karl Kunzmann<\/strong>, benannt vom Katholikenrat Speyer,<\/li><li><strong>PD Dr. Sonja Levsen<\/strong>, Historikerin an der Universit\u00e4t Freiburg, die zur Geschichte von Erziehung, Gewalt und Kindheit forscht,<\/li><li><strong>Mareike Ott<\/strong>, Diplom-Psychologin in einer Fachstelle gegen Sexualisierte Gewalt an Frauen und M\u00e4dchen, und<\/li><li><strong>Bernhard Scholten<\/strong>, Ministerialdirigent a.D. im rheinland-pf\u00e4lzischen Sozialministerium, benannt von der Landesregierung Rheinland-Pfalz.<\/li><\/ul>\n\n\n\n<p>Die beiden unabh\u00e4ngigen Ansprechpersonen des Bistums f\u00fcr Verdachtsf\u00e4lle auf sexuellen Missbrauch, Dorothea K\u00fcppers-Lehmann und Ansgar Schreiner, die beiden Pr\u00e4ventionsbeauftragten, Christine Lormes und Olaf von Knobelsdorff und Hanna Wachter, die als Juristin die Gesch\u00e4fte der unabh\u00e4ngigen Ansprechpersonen und der Unabh\u00e4ngigen Aufarbeitungskommission f\u00fchrt, sind st\u00e4ndige G\u00e4ste der Kommission. Die Kommission kann weitere G\u00e4ste zu ihren Sitzungen einladen.<\/p>\n\n\n\n<p>Nach dem Einblick ins Bistumsarchiv erl\u00e4uterte Ordinariatsdirektorin Christine Lambrich, Personalleiterin, der Kommission den Aufbau der aktuellen Personalakte f\u00fcr Priester und Diakone, denn ein Ergebnis der MHG-Studie war, dass die Akten in den Bist\u00fcmern unsystematisch gef\u00fchrt wurden und damit kaum miteinander vergleichbar waren. Schlie\u00dflich gaben Marcus W\u00fcstefeld, Justiziar, und Hanna Wachter, die als Juristin die Gesch\u00e4fte der beiden unabh\u00e4ngigen Ansprechpersonen des Bistums f\u00fcr Betroffene sexuellen Missbrauchs f\u00fchrt, einen Einblick in die aktuellen Fallakten. Wenn eine Person einem der beiden Ansprechpersonen berichtet, dass sie missbraucht wurde, wird eine Fallakte angelegt. Somit sind alle dem Bistum bekannten F\u00e4lle im Detail dokumentiert.<\/p>\n\n\n\n<p>Diese Fallakten geben Hinweise, an welchen Orten Kinder und Jugendliche Missbrauch und Gewalt erfahren haben, sie geben Hinweise auf beschuldigte Personen. Die Personalakten k\u00f6nnen dann Aufschluss dar\u00fcber geben, ob dieses Ereignis auch dokumentiert wurde; dabei geben die aktuellen Akten Auskunft \u00fcber lebende Personen, im Bistumsarchiv finden sich Akten zu den Verstorbenen.<\/p>\n\n\n\n<p>Zentrales Ziel der Kommissionsarbeit wird es sein, anhand der bekannten F\u00e4lle die Strukturen und Mechanismen innerhalb der katholischen Kirche im Bistum Speyer offen zu legen, die sexualisierte Gewalt erm\u00f6glichen. Damit nichts ohne Betroffene \u00fcber Betroffene verhandelt wird, verst\u00e4ndigte sich die Kommission darauf, dass sie in Abwesenheit der vom Betroffenenbeirat benannten Personen keine Beschl\u00fcsse fassen wird. Grunds\u00e4tzlich strebt die Kommission an, Beschl\u00fcsse im Konsens zu treffen, wobei in strittigen Fragen auch Minderheitsvoten m\u00f6glich sind.<\/p>\n\n\n\n<p>Die Kommission w\u00e4hlte in ihrer 2. Sitzung Bernhard Scholten als Vorsitzenden und Mareike Ott als Stellvertreterin. F\u00fcr das Jahr 2021 vereinbarten die Kommissionsmitglieder drei weitere Sitzungstermine.<\/p>\n\n\n\n<h4 class=\"wp-block-heading\">Schritte zur Aufarbeitung des Missbrauchs und zur Verbesserung der Pr\u00e4vention im Bistum Speyer:<\/h4>\n\n\n\n<p><a href=\"https:\/\/www.bistum-speyer.de\/rat-und-hilfe\/hilfe-und-praevention-von-missbrauch\/dokumentation\/?print=234\">https:\/\/www.bistum-speyer.de\/rat-und-hilfe\/hilfe-und-praevention-von-missbrauch\/dokumentation\/?print=234<\/a><\/p>\n\n\n\n<p><em>Text: Bistum Speyer Foto: Adobe Stock<br>28.07.2021<\/em><\/p>\n","protected":false},"excerpt":{"rendered":"<div class=\"mh-excerpt\"><p>Bistum und Domkapitel gratulieren SchUM-St\u00e4dten zur Aufnahme ins UNESCO-Weltkulturerbe Weihbischof Otto Georgens: \u201eGemeinsam ein Beispiel f\u00fcr ein von Respekt und Verst\u00e4ndnis gepr\u00e4gtes Zusammenleben geben\u201c Die SchUM-St\u00e4dte Speyer, Worms und Mainz sind am 27.07.21 in die <a class=\"mh-excerpt-more\" href=\"https:\/\/speyer24news.com\/?p=39599\" title=\"Kirche\">[&#8230;]<\/a><\/p>\n<\/div>","protected":false},"author":3,"featured_media":26096,"comment_status":"open","ping_status":"open","sticky":false,"template":"","format":"standard","meta":{"_monsterinsights_skip_tracking":false,"_monsterinsights_sitenote_active":false,"_monsterinsights_sitenote_note":"","_monsterinsights_sitenote_category":0,"footnotes":""},"categories":[120],"tags":[12632,122,174,10422,9693,121,4865,3015,6,3100,2537,7178,3364,3016,5533,12631],"aioseo_notices":[],"amp_enabled":true,"_links":{"self":[{"href":"https:\/\/speyer24news.com\/index.php?rest_route=\/wp\/v2\/posts\/39599"}],"collection":[{"href":"https:\/\/speyer24news.com\/index.php?rest_route=\/wp\/v2\/posts"}],"about":[{"href":"https:\/\/speyer24news.com\/index.php?rest_route=\/wp\/v2\/types\/post"}],"author":[{"embeddable":true,"href":"https:\/\/speyer24news.com\/index.php?rest_route=\/wp\/v2\/users\/3"}],"replies":[{"embeddable":true,"href":"https:\/\/speyer24news.com\/index.php?rest_route=%2Fwp%2Fv2%2Fcomments&post=39599"}],"version-history":[{"count":1,"href":"https:\/\/speyer24news.com\/index.php?rest_route=\/wp\/v2\/posts\/39599\/revisions"}],"predecessor-version":[{"id":39603,"href":"https:\/\/speyer24news.com\/index.php?rest_route=\/wp\/v2\/posts\/39599\/revisions\/39603"}],"wp:featuredmedia":[{"embeddable":true,"href":"https:\/\/speyer24news.com\/index.php?rest_route=\/wp\/v2\/media\/26096"}],"wp:attachment":[{"href":"https:\/\/speyer24news.com\/index.php?rest_route=%2Fwp%2Fv2%2Fmedia&parent=39599"}],"wp:term":[{"taxonomy":"category","embeddable":true,"href":"https:\/\/speyer24news.com\/index.php?rest_route=%2Fwp%2Fv2%2Fcategories&post=39599"},{"taxonomy":"post_tag","embeddable":true,"href":"https:\/\/speyer24news.com\/index.php?rest_route=%2Fwp%2Fv2%2Ftags&post=39599"}],"curies":[{"name":"wp","href":"https:\/\/api.w.org\/{rel}","templated":true}]}}