{"id":39611,"date":"2021-07-29T08:01:06","date_gmt":"2021-07-29T07:01:06","guid":{"rendered":"https:\/\/speyer24news.com\/?p=39611"},"modified":"2021-07-29T08:01:08","modified_gmt":"2021-07-29T07:01:08","slug":"polizei-649","status":"publish","type":"post","link":"https:\/\/speyer24news.com\/?p=39611","title":{"rendered":"Polizei"},"content":{"rendered":"<style type=\"text\/css\">\r\n\t.ads_top_disp{}\r\n\t.ads_top_corner_disp{ float:left; margin:0px 10px 10px 0px; }\r\n\t.ads_first_p_disp{}\r\n\t.ads_bottom_disp{}\r\n\t<\/style>\n<h2 class=\"wp-block-heading\">Polizeimeldungen vom Mittwoch (28.07.2021)<\/h2>\n\n\n\n<div class=\"wp-block-image\"><figure class=\"aligncenter size-large\"><img decoding=\"async\" src=\"https:\/\/speyer24news.com\/wp-content\/uploads\/2019\/11\/Aktuelles-Polizeilogo.jpg\" alt=\"\" class=\"wp-image-21845\"\/><\/figure><\/div>\n\n\n\n<h2 class=\"wp-block-heading\">(Speyer) &#8211; Drogen in der Handtasche<\/h2>\n\n\n\n<p>Mit einer geringen Menge Drogen in der Tasche hielt sich am Dienstag eine 24-J\u00e4hrige im Woogbachpark auf. Zwei Polizeistreifen befanden sich um 18:15 Uhr auf Fu\u00dfstreife als sie in dem Park auf ein die junge Frau aus Speyer mit ihren zwei Begleitern trafen. Bei einer Personenkontrolle fanden die Beamtinnen bzw. Beamten in der Handtasche der Frau ein P\u00e4ckchen mit wei\u00dfen Pulver, was sich als Amfetamin herausstellte. Die Drogen wurden beschlagnahmt und ein Strafverfahren eingeleitet<\/p>\n\n\n\n<h2 class=\"wp-block-heading\">(Speyer) &#8211; Fahrraddiebst\u00e4hle \/ So sch\u00fctzen Sie ihr Rad vor Wegnahme<\/h2>\n\n\n\n<div class=\"wp-block-image\"><figure class=\"aligncenter size-large\"><img decoding=\"async\" loading=\"lazy\" width=\"500\" height=\"667\" src=\"https:\/\/speyer24news.com\/wp-content\/uploads\/2021\/07\/Fahrrad-Schloss-Diebstahlsicherung.jpg\" alt=\"\" class=\"wp-image-39612\" srcset=\"https:\/\/speyer24news.com\/wp-content\/uploads\/2021\/07\/Fahrrad-Schloss-Diebstahlsicherung.jpg 500w, https:\/\/speyer24news.com\/wp-content\/uploads\/2021\/07\/Fahrrad-Schloss-Diebstahlsicherung-225x300.jpg 225w\" sizes=\"(max-width: 500px) 100vw, 500px\" \/><figcaption>Doppelt h\u00e4lt manchmal doch besser \ud83d\ude09<\/figcaption><\/figure><\/div>\n\n\n\n<p>Immer wieder kommt es zu Fahrraddiebst\u00e4hlen, da die Gesch\u00e4digten ihre R\u00e4der unverschlossen abstellen oder es lediglich mit einem einfachen Schloss verschlie\u00dfen. So war es beispielsweise am 24.07.2021 in der Auestra\u00dfe sowie am 25.07.2021 in der Bernatzstra\u00dfe der Fall. W\u00e4hrend eine 27-J\u00e4hrige ihr Rad unverschlossen vor einen Supermarkt abstellte, wollte eine 24-J\u00e4hrige mit einem Schloss ihr Rad gegen Wegnahme sichern. Beide R\u00e4der wurden jedoch gestohlen. Gelegenheit macht Diebe. Die Polizei r\u00e4t daher allen Radfahrerinnen und Radfahrern ein Schloss mit ausreichender Qualit\u00e4t zu verwenden und das Fahrrad immer an einem festen Gegenstand anzuschlie\u00dfen. Im besten Fall nutzen Sie zudem ein Zweitschloss, mit einem anderen Schloss-und Schlie\u00dftyp. So kann zumindest ein einfaches Wegtragen verhindert werden. Legen Sie sich einen Fahrradpass an. Dieser ist auch als App verf\u00fcgbar. Die wichtigsten Daten werden notiert und k\u00f6nnen dazu beitragen, dass ein Fahrrad nach einem Diebstahl wieder zugeordnet werden kann. Beachten Sie bitte, dass die Daten zus\u00e4tzlich in Ihren Unterlagen vermerkt sein sollten, falls Ihr Smartphone abhandenkommt oder ein Programm auf Ihrem Ger\u00e4t nicht einwandfrei funktioniert.<\/p>\n\n\n\n<p>Weitere Tipps k\u00f6nnen auf der Homepage\u00a0<a target=\"_blank\" href=\"http:\/\/www.poilizei-beratung.de\/\" rel=\"noreferrer noopener\">www.poilizei-beratung.de<\/a>\u00a0nachgelesen werden.<\/p>\n\n\n\n<h2 class=\"wp-block-heading\">(Hagenbach) &#8211; Unfallverursacher gefl\u00fcchtet<\/h2>\n\n\n\n<p>Wie bei der Polizeiinspektion W\u00f6rth jetzt erst angezeigt wurde besch\u00e4digte am Samstag, dem 24.07.2021, zwischen 10 und 16 Uhr ein bislang unbekanntes Fahrzeug einen in der Friedenstra\u00dfe geparkten, schwarzen, Hyundai und entfernte sich von der Unfallstelle. Die Schadensh\u00f6he wird auf etwa 2500 Euro gesch\u00e4tzt. Zeugen werden gebeten sich mit der Polizei in Verbindung zu setzen.<\/p>\n\n\n\n<h2 class=\"wp-block-heading\">(Berg) &#8211; Ohne Fahrerlaubnis erwischt<\/h2>\n\n\n\n<p>Im Verlauf einer Verkehrskontrolle in der Hagenbacher Stra\u00dfe wurde am Dienstag, dem 27.07.2021, um 17.20 Uhr, ein franz\u00f6sischer Staatsb\u00fcrger mit seinem Auto angehalten. Der 34-J\u00e4hrige f\u00fchrte keine Papiere mit sich und gestand seit Februar 2021 wegen diverser Verkehrsverst\u00f6\u00dfe nicht mehr im Besitz einer Fahrerlaubnis zu sein. Die Weiterfahrt durch ihn wurde unterbunden bis eine Bekannte sein Auto wegfahren konnte.<\/p>\n\n\n\n<h2 class=\"wp-block-heading\">(Berg) &#8211; Verkehrskontrolle am Grenz\u00fcbergang Neulauterburg<\/h2>\n\n\n\n<p>Am Montag, dem 26.07.2021, von 16.30 &#8211; 19.00 Uhr, f\u00fchrten Beamte der Polizeiinspektion W\u00f6rth in der Hagenbacher Stra\u00dfe nahe des Grenz\u00fcbergangs eine Verkehrskontrolle durch. Neben einer Fahrt unter Drogeneinfluss ergaben sich eine Ordnungswidrigkeitenanzeige und zwei M\u00e4ngelberichte.<\/p>\n\n\n\n<h2 class=\"wp-block-heading\">(Berg) &#8211; Fahrt unter Drogeneinfluss<\/h2>\n\n\n\n<p>Am Montag, dem 26.07.2021, um 16.50 Uhr, wurde in der Hagenbacher Stra\u00dfe ein 56j\u00e4hriger Autofahrer kontrolliert, bei dem die Polizeibeamten drogentypische Auff\u00e4lligkeiten feststellten. Ein Drogentest ergab Hinweise auf den Konsum von Cannabisprodukten, weshalb dem 56-j\u00e4hrigen Autofahrer eine Blutprobe entnommen und sein F\u00fchrerschein sichergestellt wurde.<\/p>\n\n\n\n<h2 class=\"wp-block-heading\">(Berg) &#8211; K\u00f6rperverletzung nach illegalem Autorennen<\/h2>\n\n\n\n<p>Ein Anwohner der Hagenbacher Stra\u00dfe in Berg zeigte bei der Polizeiinspektion W\u00f6rth eine K\u00f6rperverletzung an, die ihm durch den Beifahrer eines Autos mit franz\u00f6sischer Zulassung zugef\u00fcgt wurde. Nach seiner Schilderung fuhren am Samstag, dem 24.07.2021, um 01.30 Uhr, zwei nicht n\u00e4her beschriebene Autos mit franz\u00f6sischer Zulassung vom Grenz\u00fcbergang kommend mit hoher Geschwindigkeit auf den Kreisverkehrsplatz zu und f\u00fchrten eine Vollbremsung durch. Nach der Durchfahrt des Kreisverkehrs fuhren beide wieder in Richtung Lauterburg und f\u00fchrten ein \u00dcberholman\u00f6ver durch. Der Gesch\u00e4digte, 62 Jahre alt, gestikulierte und rief den Fahrzeugen hinterher. Das \u00fcberholte Auto wurde abgebremst, wendete und fuhr zum Gesch\u00e4digten zur\u00fcck, wo ihm der Beifahrer eine Getr\u00e4nkedose ins Gesicht warf, die an der Unterlippe eine kleine Platzwunde verursachte, die keine \u00e4rztliche Versorgung erforderte. Anschlie\u00dfend fuhr das Auto wieder in Richtung Lauterburg davon. Die Polizeiinspektion W\u00f6rth ermittelt wegen gef\u00e4hrlicher K\u00f6rperverletzung und des Verdachts des illegalen Autorennens. Zeugen werden gebeten sich mit der Polizeiinspektion W\u00f6rth in Verbindung zu setzen. Aufgrund der bislang vorliegenden Hinweise auf illegale Autorennen werden in n\u00e4chster Zeit vermehrt Polizeikontrollen im Grenzbereich durchgef\u00fchrt.<\/p>\n\n\n\n<h2 class=\"wp-block-heading\">(Edenkoben) &#8211; Sachbesch\u00e4digung<\/h2>\n\n\n\n<div class=\"wp-block-image\"><figure class=\"aligncenter size-large\"><img decoding=\"async\" loading=\"lazy\" width=\"800\" height=\"571\" src=\"https:\/\/speyer24news.com\/wp-content\/uploads\/2021\/07\/20210728_Bushaltestelle.jpg\" alt=\"\" class=\"wp-image-39613\" srcset=\"https:\/\/speyer24news.com\/wp-content\/uploads\/2021\/07\/20210728_Bushaltestelle.jpg 800w, https:\/\/speyer24news.com\/wp-content\/uploads\/2021\/07\/20210728_Bushaltestelle-300x214.jpg 300w, https:\/\/speyer24news.com\/wp-content\/uploads\/2021\/07\/20210728_Bushaltestelle-768x548.jpg 768w\" sizes=\"(max-width: 800px) 100vw, 800px\" \/><\/figure><\/div>\n\n\n\n<p>An der Bushaltestelle in der Radeburgerstra\u00dfe zerst\u00f6rten Dienstagmorgen (27.07.2021) zwischen 05.30 Uhr und 6 Uhr unbekannte T\u00e4ter das seitliche Sicherheitsglas der Bushaltestelle. Hinweise zu den Unbekannten nimmt die Polizei Edenkoben unter der Rufnummer 06323 9550 entgegen. Der Gesamtschaden liegt bei 3000 Euro.<\/p>\n\n\n\n<h2 class=\"wp-block-heading\">(Edenkoben) &#8211; Charaktersache<\/h2>\n\n\n\n<p>Bereits am vergangenen Sonntag (25.07.2021, 15.30 Uhr) musste ein 37 Jahre alter Autofahrer in der Klosterstra\u00dfe wegen Gegenverkehr abbremsen, als er von einem folgenden Motorradfahrer rechts \u00fcberholt wurde. Bei dem \u00dcberholvorgang zeigte dieser dem Autofahrer den ausgestreckten Mittelfinger. Anhand des Kennzeichens wird nun der 58-j\u00e4hrige Fahrzeughalter in K\u00fcrze einen Besuch von der Polizei erhalten, denn gegen den Motorradfahrer wurde \u00fcber die Onlineanzeigeplattform eine Strafanzeige wegen Beleidigung erstattet. Zudem wird die F\u00fchrerscheinstelle in Kenntnis gesetzt, die bei dem Kradfahrer die charakterliche Eignung zum F\u00fchren eines Kraftfahrzeugs im \u00f6ffentlichen Stra\u00dfenverkehr pr\u00fcft. In dem Zusammenhang wird darauf hingewiesen, dass polizeilich relevante Sachverhalte bzw. Strafanzeigen jederzeit unter dem Link\u00a0<a target=\"_blank\" href=\"https:\/\/www.polizei.rlp.de\/de\/onlinewache\/\" rel=\"noreferrer noopener\">https:\/\/www.polizei.rlp.de\/de\/onlinewache\/<\/a>\u00a0aufgegeben werden k\u00f6nnen.<\/p>\n\n\n\n<h2 class=\"wp-block-heading\">(Maikammer) &#8211; Rennradfahrer \u00fcbersehen<\/h2>\n\n\n\n<div class=\"wp-block-image\"><figure class=\"aligncenter size-large\"><img decoding=\"async\" loading=\"lazy\" width=\"800\" height=\"538\" src=\"https:\/\/speyer24news.com\/wp-content\/uploads\/2021\/07\/20210727_VUMaikammer.jpg\" alt=\"\" class=\"wp-image-39614\" srcset=\"https:\/\/speyer24news.com\/wp-content\/uploads\/2021\/07\/20210727_VUMaikammer.jpg 800w, https:\/\/speyer24news.com\/wp-content\/uploads\/2021\/07\/20210727_VUMaikammer-300x202.jpg 300w, https:\/\/speyer24news.com\/wp-content\/uploads\/2021\/07\/20210727_VUMaikammer-768x516.jpg 768w\" sizes=\"(max-width: 800px) 100vw, 800px\" \/><\/figure><\/div>\n\n\n\n<p>Weil eine 22 Jahre alte Autofahrerin wegen Unaufmerksamkeit und fehlendem Sicherheitsabstand Dienstagabend (27.07.2021) gegen 17.30 Uhr im Kreisel bei Maikammer einen vor ihr fahrenden Rennradfahrer \u00fcbersah, kam es zu einem Verkehrsunfall. Durch den Zusammensto\u00df st\u00fcrzte der 26-j\u00e4hrige Radfahrer auf die Fahrbahn, wobei an seinem Rennrad die Schaltung, Bremshebel und das Hinterrad besch\u00e4digt wurden. Er selbst blieb unverletzt. Die Gesamtschadensh\u00f6he liegt bei 1000 Euro.<\/p>\n\n\n\n<h2 class=\"wp-block-heading\">(Bad D\u00fcrkheim) &#8211; Fahren unter Drogeneinfluss ohne F\u00fchrerschein mit fremdem Auto<\/h2>\n\n\n\n<p>Am 27.07.21, gegen 09.15 Uhr, wurde ein 60-j\u00e4hriger aus Gr\u00fcnstadt einer Verkehrskontrolle unterzogen, nachdem er zuvor mit einem Audi die Wasserhohl in Bad D\u00fcrkheim befahren hatte. Bei der Kontrolle stellte sich heraus, dass er nicht im Besitz einer g\u00fcltigen Fahrerlaubnis ist. Des Weiteren konnten bei ihm Hinweise auf einen Bet\u00e4ubungsmitteleinfluss festgestellt werden, weshalb ihm eine Blutprobe entnommen wurde. Hinsichtlich des Audis stellte sich heraus, dass es sich um ein Kundenfahrzeug handelt, welches bei ihm zur Reparatur abgegeben worden war. Dieses hatte er dazu benutzt, um damit zu seinem Hausarzt zu fahren. Das Fahrzeug wurde an der Kontroll\u00f6rtlichkeit abgestellt und die Fahrzeugschl\u00fcssel dem rechtm\u00e4\u00dfigen Eigent\u00fcmer ausgeh\u00e4ndigt. Gegen den Mann werden nun mehrere Verfahren gef\u00fchrt, unter anderem wegen &#8222;Fahren ohne Fahrerlaubnis&#8220; sowie der &#8222;Unbefugte Gebrauch eines Kraftwagens&#8220;.<\/p>\n\n\n\n<h2 class=\"wp-block-heading\">(Lambsheim) &#8211; Vandalismus \/ Zeugen gesucht<\/h2>\n\n\n\n<p>In den Abend- und Nachtstunden vom 27.07. auf den 28.07.2021 kam es an der KiTa Lambiland und in der M\u00fchltorstra\u00dfe in Lambsheim zu Vandalismus. Auf dem KiTa-Gel\u00e4nde wurden Glasflaschen zertr\u00fcmmert und Unrat hinterlassen. Ein Briefkasten und ein M\u00fclleimer wurden aus den Verankerungen gerissen und in den Gartenbereich bef\u00f6rdert.<\/p>\n\n\n\n<p>In der M\u00fchltorstra\u00dfe wurde ebenfalls ein \u00f6ffentlicher M\u00fclleimer aus der Verankerung gerissen und auf ein Grundst\u00fcck geworfen. DNA-Spuren wurden gesichert.<\/p>\n\n\n\n<p>Wer kann Angaben zu den T\u00e4tern machen oder hat etwas Auff\u00e4lliges beobachtet?<\/p>\n\n\n\n<p>Wer sachdienliche Hinweise zu dem genannten Fall geben kann, wird gebeten sich mit der Polizeiwache Maxdorf unter der Rufnummer 06237 \/ 934-1100 oder der Polizeiinspektion Frankenthal unter der Rufnummer 06233 \/ 313-0 in Verbindung zu setzen. Hinweise k\u00f6nnen auch per E-Mail unter&nbsp;<a href=\"mailto:pwmaxdorf@polizei.rlp.de\">pwmaxdorf@polizei.rlp.de<\/a>&nbsp;\u00fcbermittelt werden.<\/p>\n\n\n\n<h2 class=\"wp-block-heading\">(Frankenthal) &#8211; Diebstahl aus Pkw<\/h2>\n\n\n\n<p>Der Gesch\u00e4digte stellte seinen Pkw Ford Mondeo in der Zeit von 28.07.2021, 21.00 Uhr, bis 29.07.2021, 03.15 Uhr, in der Vierlingstra\u00dfe, H\u00f6he Hausnummer 7, ab. Als er wieder zu seinem Pkw kam, stellte er den offenstehenden Kofferraumdeckel fest. Bei seiner Nachschau musste er feststellen, dass bislang unbekannte T\u00e4ter aus dem Inneren des Pkw Bargeld, pers\u00f6nliche Dokumente und einen Laptop entwendet hatten. Der Schaden wird auf etwa 500 Euro gesch\u00e4tzt.<\/p>\n\n\n\n<p>Zeugen werden gebeten sich an die Polizeiinspektion Frankenthal unter der Tel.-Nr.: 06233\/313-0 oder an die Polizeiwache Maxdorf unter der Tel.-Nr.: 06237\/934-1100 zu wenden. Gerne nehmen wir Ihre Hinweise auch per E-Mail unter&nbsp;<a href=\"mailto:pifrankenthal@polizei.rlp.de\">pifrankenthal@polizei.rlp.de<\/a>&nbsp;entgegen.<\/p>\n\n\n\n<h2 class=\"wp-block-heading\">(Frankenthal) &#8211; Verkehrsunfallflucht<\/h2>\n\n\n\n<p>Der Gesch\u00e4digte stellte seinen Pkw Fiat 500 in der Zeit von 27.07.2021, 18.00 Uhr, bis 28.07.2021, 07.30 Uhr, in der Benderstra\u00dfe, H\u00f6he Hausnummer 26, ab. Als er wieder zu seinem Fahrzeug kam, musste er feststellen, dass dieser durch einen bislang unbekannten Fahrzeugf\u00fchrer am linken Au\u00dfenspiegel besch\u00e4digt wurde. Der Schaden wird auf etwa 150 Euro gesch\u00e4tzt.<\/p>\n\n\n\n<p>Zeugen werden gebeten sich an die Polizeiinspektion Frankenthal unter der Tel.-Nr.: 06233\/313-0 oder an die Polizeiwache Maxdorf unter der Tel.-Nr.: 06237\/934-1100 zu wenden. Gerne nehmen wir Ihre Hinweise auch per E-Mail unter\u00a0<a href=\"mailto:pifrankenthal@polizei.rlp.de\">pifrankenthal@polizei.rlp.de<\/a>\u00a0entgegen.<\/p>\n\n\n\n<h2 class=\"wp-block-heading\">(Bobenheim-Roxheim) &#8211; Verkehrsunfallflucht<\/h2>\n\n\n\n<p>Der Gesch\u00e4digte stellte seinen Pkw Ford Ka am 27.07.2021, in der Zeit von 10.45 Uhr bis 16.00 Uhr, in der Berliner Stra\u00dfe, H\u00f6he Hausnummer 2, ab. Als er wieder zu seinem Fahrzeug kam, musste er feststellen, dass dieses durch einen bislang unbekannten Fahrzeugf\u00fchrer am linken Au\u00dfenspiegel und der linken Fahrzeugseite besch\u00e4digt wurde. Der Schaden wird auf etwa 500 Euro gesch\u00e4tzt.<\/p>\n\n\n\n<p>Zeugen werden gebeten sich an die Polizeiinspektion Frankenthal unter der Tel.-Nr.: 06233\/313-0 oder an die Polizeiwache Maxdorf unter der Tel.-Nr.: 06237\/934-1100 zu wenden. Gerne nehmen wir Ihre Hinweise auch per E-Mail unter&nbsp;<a href=\"mailto:pifrankenthal@polizei.rlp.de\">pifrankenthal@polizei.rlp.de<\/a>&nbsp;entgegen.<\/p>\n\n\n\n<h2 class=\"wp-block-heading\">(Bobenheim-Roxheim) &#8211; Sachbesch\u00e4digung an Pkw<\/h2>\n\n\n\n<p>In der Zeit von 22.07.2021, 00.00 Uhr, bis 26.07.2021, 12.00 Uhr, besch\u00e4digten bislang unbekannte T\u00e4ter den Pkw Fiat der Gesch\u00e4digten, welcher in der Allensteiner Stra\u00dfe abgestellt war, mutma\u00dflich durch \u00dcberlaufen, wodurch entsprechende Dellen entstanden. Der Schaden wird auf etwa 3500 Euro gesch\u00e4tzt.<\/p>\n\n\n\n<p>Zeugen werden gebeten sich an die Polizeiinspektion Frankenthal unter der Tel.-Nr.: 06233\/313-0 oder an die Polizeiwache Maxdorf unter der Tel.-Nr.: 06237\/934-1100 zu wenden. Gerne nehmen wir Ihre Hinweise auch per E-Mail unter&nbsp;<a href=\"mailto:pifrankenthal@polizei.rlp.de\">pifrankenthal@polizei.rlp.de<\/a>&nbsp;entgegen.<\/p>\n\n\n\n<h2 class=\"wp-block-heading\">(Autobahnpolizei Ruchheim) &#8211; Tuningkontrolle f\u00fchrt zu Sicherstellung von gleich zwei F\u00fchrerscheinen<\/h2>\n\n\n\n<p>Am 28.07.2021 gegen 16:30 Uhr fiel einer Streife der Autobahnpolizei Ruchheim ein offensichtlich getuntes Fahrzeug auf der B9 in Richtung Speyer auf. Der BMW der 3er-Reihe wurde daraufhin am Ortseingang Oggersheim einer Verkehrskontrolle unterzogen. Bei dem Fahrzeug konnten durch die Beamten bauliche Ver\u00e4nderungen, sowie nicht eingetragene Felgen festgestellt werden, weswegen die Betriebserlaubnis des Fahrzeugs erloschen war. Bei der \u00dcberpr\u00fcfung des 25-j\u00e4hrigen Fahrzeugf\u00fchrers konnte zudem festgestellt werden, dass diesem bereits im Jahre 2016 die Fahrerlaubnis entzogen worden war. Der F\u00fchrerschein war zus\u00e4tzlich zur Fahndung ausgeschrieben und wurde durch die Beamten vor Ort sichergestellt. Gegen den Fahrzeugf\u00fchrer, als auch dessen Mutter, die Halterin des Fahrzeugs ist, werden dementsprechende Strafanzeigen eingeleitet. Der BMW-Fahrer aus dem Rhein-Pfalz-Kreis rief im Rahmen der Kontrolle einen Bekannten an, der ihn und sein Fahrzeug an der Kontroll\u00f6rtlichkeit nun abholen solle. Kurz darauf erschien ein 53-j\u00e4hriger Ludwigshafener vor Ort, der das Fahrzeug zur Wohnanschrift bzw. Werkstatt fahren wollte. Bei der \u00dcberpr\u00fcfung des Ersatzfahrers wurde festgestellt, dass dessen F\u00fchrerschein ebenfalls zur Fahndung ausgeschrieben war. Aufgrund mehrerer zur\u00fcckliegender Verkehrsverst\u00f6\u00dfe wurde ihm 2019 die Fahrerlaubnis entzogen. Der Aufforderung seinen F\u00fchrerschein abzugeben, kam er jedoch niemals nach. Nun mussten beide Personen ihre Heimreise ohne jeweiligen F\u00fchrerschein und ohne den BMW antreten.<\/p>\n\n\n\n<h2 class=\"wp-block-heading\">(A 650 \/ Gemarkung Ludwigshafen) &#8211; Unglaubliche Ergebnisse bei Geschwindigkeitskontrollen auf der BAB 650 \/ Messfehler ausgeschlossen<\/h2>\n\n\n\n<div class=\"wp-block-image\"><figure class=\"aligncenter size-large\"><img decoding=\"async\" loading=\"lazy\" width=\"800\" height=\"481\" src=\"https:\/\/speyer24news.com\/wp-content\/uploads\/2021\/07\/ZVD2.jpg\" alt=\"\" class=\"wp-image-39615\" srcset=\"https:\/\/speyer24news.com\/wp-content\/uploads\/2021\/07\/ZVD2.jpg 800w, https:\/\/speyer24news.com\/wp-content\/uploads\/2021\/07\/ZVD2-300x180.jpg 300w, https:\/\/speyer24news.com\/wp-content\/uploads\/2021\/07\/ZVD2-768x462.jpg 768w\" sizes=\"(max-width: 800px) 100vw, 800px\" \/><\/figure><\/div>\n\n\n\n<p>Am 22.07.2021 &#8211; 27.07.2021 f\u00fchrte der Geschwindigkeitsmesstrupp der Zentralen Verkehrsdienste der Polizeidirektion Neustadt auf der BAB 650, Gemarkung Ludwigshafen, in Fahrtrichtung Ludwigshafen, eine Geschwindigkeitsmessung mittels teilstation\u00e4rer Geschwindigkeitsmessanlage durch. In der ersten Nacht konnten die absoluten Spitzenreiter festgestellt werden. Es handelt sich um zwei junge Fahrzeugf\u00fchrer aus dem Rhein-Pfalz Kreis, die mit ihren hochmotorisierten Fahrzeugen, BMW M4 und Mercedes AMG, die zul\u00e4ssige Geschwindigkeit um 159 km\/h und 135 km\/h \u00fcberschritten. Sie wurden mit 249 km\/h und 225 km\/h geblitzt! Die Verst\u00f6\u00dfe wurden durch das Messsystem innerhalb einer Sekunde festgestellt und abgelichtet, sodass von einem verbotenem Kraftfahrzeugrennen ausgegangen wird. Zwei Strafanzeigen nach \u00a7 315 d StGB wurden gegen die Fahrer erstattet. Ob der Halter beider Fahrzeuge, ein 22j\u00e4hriger aus dem Rhein-Pfalz-Kreis, ein Fahrzeug auch selbst gesteuert hat, ist Gegenstand der laufenden Ermittlungen. In diesem Zeitraum passierten 72048 Kraftfahrzeuge die Messstelle wovon 3142 Fahrzeugf\u00fchrer schneller als die erlaubten 90 km\/h waren.<\/p>\n\n\n\n<h2 class=\"wp-block-heading\">(Ludwigshafen) &#8211; 20-J\u00e4hriger f\u00e4hrt gegen Leitplanke<\/h2>\n\n\n\n<p>Am 28.07.2021, gegen 00:00 Uhr, fuhr ein 18-J\u00e4hriger auf der Kaiser-Wilhelm-Stra\u00dfe aus Richtung Heinigstra\u00dfe kommend in Richtung B37 (Pylon). Aufgrund witterungsbedingter nicht angepasster Geschwindigkeit verlor er auf regennasser Fahrbahn in der Kurve die Kontrolle \u00fcber sein Auto, fuhr links in die Leitplanke und zur\u00fcck auf die Fahrbahn. Das Auto war nicht mehr fahrbereit und wurde abgeschleppt. Der Schaden am Auto bel\u00e4uft sich auf etwa 5.000 Euro, der Schaden an der Leitplanke auf etwa 2.000 Euro.<\/p>\n\n\n\n<h2 class=\"wp-block-heading\">(Ludwigshafen) &#8211; 76-J\u00e4hriger wird von LKW-Fahrer angefahren<\/h2>\n\n\n\n<p>Am 27.07.2021, gegen 14:00 Uhr, kam ein 76-J\u00e4hriger vom Alwin-Mittasch-Platz und wollte die Hohenzollernstra\u00dfe \u00fcberqueren. Dort wurde er aus bisher ungekl\u00e4rten Gr\u00fcnden von einem LKW Fahrer erfasst. Dadurch st\u00fcrzte der 76-J\u00e4hrige und fiel mit dem Hinterkopf auf den Pflasterstein. Er verletzte sich schwer und wurde sofort ins Krankenhaus gebracht.<\/p>\n\n\n\n<h2 class=\"wp-block-heading\">(Ludwigshafen) &#8211; Exhibitionist auf der Hannelore-Kohl-Promenade<\/h2>\n\n\n\n<p>Am 27.07.2021, gegen 13:00 Uhr, entbl\u00f6\u00dfte ein unbekannter Mann sein Glied vor einer 28-J\u00e4hrigen im Bereich der Hannelore-Kohl-Promenade. <\/p>\n\n\n\n<h4 class=\"wp-block-heading\">Der Mann war:<\/h4>\n\n\n\n<ul><li><strong>etwa 1,70 cm gro\u00df und <\/strong><\/li><li><strong>hatte einen Dreitagebart<\/strong><\/li><li><strong>Er trug ein dunkelblaues Shirt und eine dunkelblaue kurze Hose.<\/strong><\/li><li><strong>Zudem hatte er einen Rucksack dabei.<\/strong><\/li><\/ul>\n\n\n\n<p>Wer Angaben zu dem unbekannten Mann machen kann, wird gebeten, sich bei der Kriminalpolizei Ludwigshafen unter der Telefonnummer 0621\/963-2773 oder per E-Mail&nbsp;<a href=\"mailto:kiludwigshafen.k1.kdd@polizei.rlp.de\">kiludwigshafen.k1.kdd@polizei.rlp.de<\/a>&nbsp;zu melden.<\/p>\n\n\n\n<h2 class=\"wp-block-heading\">(Ludwigshafen) &#8211; Einbruch in ein Caf\u00e9<\/h2>\n\n\n\n<p>In der Zeit zwischen dem 26.07.2021, gegen 17:00 Uhr und dem 27.07.2021, gegen 08.45 Uhr, brachen unbekannte T\u00e4ter in ein Caf\u00e9 im Donnersbergweg ein. Sie stahlen mehrere hundert Euro Bargeld.<\/p>\n\n\n\n<p>Sachdienliche Hinweise nimmt die Kriminalpolizei Ludwigshafen unter der Telefonnummer 0621\/963-2773 oder per E-Mail\u00a0<a href=\"mailto:kiludwigshafen.k1.kdd@polizei.rlp.de\">kiludwigshafen.k1.kdd@polizei.rlp.de<\/a>\u00a0entgegen.<\/p>\n\n\n\n<h2 class=\"wp-block-heading\">(Ludwigshafen) &#8211; Einbruch in ein Haus<\/h2>\n\n\n\n<p>In der Zeit zwischen dem 25.07.2021, gegen 21:00 Uhr und dem 27.07.2021, gegen 07.55 Uhr, brachen unbekannte T\u00e4ter in ein Haus im Saumgartenweg ein. Sie stahlen mehrere tausend Euro Bargeld und Schmuck in unbekannter H\u00f6he.<\/p>\n\n\n\n<p>Sachdienliche Hinweise nimmt die Kriminalpolizei Ludwigshafen unter der Telefonnummer 0621\/963-2773 oder per E-Mail\u00a0<a href=\"mailto:kiludwigshafen.k1.kdd@polizei.rlp.de\">kiludwigshafen.k1.kdd@polizei.rlp.de<\/a>\u00a0entgegen.<\/p>\n\n\n\n<h2 class=\"wp-block-heading\">(Ludwigshafen) -Bagger besch\u00e4digt<\/h2>\n\n\n\n<p>In der Zeit zwischen dem 26.07.2021, gegen 16.30 Uhr und dem 27.07.2021, gegen 07:00 Uhr, zerst\u00f6rten unbekannte T\u00e4ter die Verglasung der Fahrerkabine eines in der Schlesier Stra\u00dfe abgestellten Baggers.<\/p>\n\n\n\n<p>Sachdienliche Hinweise bitte an die Polizeiinspektion Ludwigshafen 1, Telefonnummer 0621 963-2122 oder per E-Mail\u00a0<a href=\"mailto:piludwigshafen1@polizei.rlp.de\">piludwigshafen1@polizei.rlp.de<\/a>\u00a0.<\/p>\n\n\n\n<h2 class=\"wp-block-heading\">(Mannheim-Waldhof) &#8211; K\u00fcchenbrand \/ Feuerwehr auf der Anfahrt<\/h2>\n\n\n\n<h3 class=\"has-text-align-center wp-block-heading\">Pressemitteilung Nr. 1<\/h3>\n\n\n\n<p>Am Mittwochabend wurde gegen 17.45 Uhr ein K\u00fcchenbrand, ausgehend von einer Wohnung im 1. OG in der R\u00fcsselsheimer Stra\u00dfe gemeldet. Polizei, Rettungskr\u00e4fte und Feuerwehr sind vor Ort und haben mit den L\u00f6sch- und Rettungsarbeiten begonnen.<\/p>\n\n\n\n<h2 class=\"wp-block-heading\">(Mannheim-K\u00e4fertal) &#8211; Unfall in Kreisverkehr \/ Verkehrsbehinderungen<\/h2>\n\n\n\n<p>Am Dienstagvormittag kam es im Kreisverkehr der Brandenburger Stra\u00dfe und der Koblenzer Stra\u00dfe zu einem Unfall. Ein Fahrzeug musste abgeschleppt werden, weshalb es auch zu Verkehrsbehinderungen im Stra\u00dfenbahnverkehr kam. Ein 57-J\u00e4hriger fuhr gegen den Bordstein im Kreisverkehr, wobei die Vorderachse seines VW brach. Der man\u00f6vrierunf\u00e4hige Pkw fuhr anschlie\u00dfend entgegen der Fahrtrichtung. Trotz eines Ausweichversuchs, gelang es einem 35-j\u00e4hrigen BMW-Fahrer nicht, einen Zusammensto\u00df zu verhindern. Der VW-Fahrer kam vorsorglich zur weiteren Untersuchung in ein Krankenhaus, der BMW-Fahrer blieb unverletzt. Der man\u00f6vrierunf\u00e4hige VW wurde abgeschleppt.<\/p>\n\n\n\n<h2 class=\"wp-block-heading\">(Mannheim \/ Heidelberg \/ Rhein-Neckar-Kreis) &#8211; Erneuter Anstieg von Microsoft-Betrugsf\u00e4llen \/ Polizei warnt!<\/h2>\n\n\n\n<div class=\"wp-block-image\"><figure class=\"aligncenter size-large\"><img decoding=\"async\" loading=\"lazy\" width=\"640\" height=\"427\" src=\"https:\/\/speyer24news.com\/wp-content\/uploads\/2021\/03\/Cybercrime.jpg\" alt=\"\" class=\"wp-image-33792\" srcset=\"https:\/\/speyer24news.com\/wp-content\/uploads\/2021\/03\/Cybercrime.jpg 640w, https:\/\/speyer24news.com\/wp-content\/uploads\/2021\/03\/Cybercrime-300x200.jpg 300w\" sizes=\"(max-width: 640px) 100vw, 640px\" \/><\/figure><\/div>\n\n\n\n<p>&#8222;Falsche Microsoft-Mitarbeiter&#8220;, ein Betrugsph\u00e4nomen das bereits seit geraumer Zeit bekannt ist und bundesweit immer wieder in den Fokus kriminalpolizeilicher Ermittlungen ger\u00e4t.<\/p>\n\n\n\n<p>Auch in der Metropolregion rissen die Betrugsf\u00e4lle durch angebliche Microsoft-Mitarbeiter nie ganz ab. Besonders in den letzten Wochen konnten die Cyberkriminalisten der Kriminalpolizeidirektion Heidelberg wieder einen Anstieg solcher &#8222;Microsoft-Support-Calls&#8220; in Mannheim, Heidelberg und dem Rhein-Neckar-Kreis feststellen. Nicht in allen F\u00e4llen blieb es hier allerdings bei einem Versuch.<\/p>\n\n\n\n<p>Die Masche ist gleichgeblieben: Unbekannte rufen von Callcentern aus, meist aus dem Ausland, bei den Betroffenen an und \u00fcberreden sie, in englischer, aber auch in guter deutscher Sprache, durch geschickte Gespr\u00e4chsf\u00fchrung eine Fernsoftware herunterzuladen. Meist geben sie vor, dass der Rechner des Betroffenen einen Fehler aufweist oder von Viren befallen ist. Ein angeblich neues Sicherheitszertifikat soll dann die einzige L\u00f6sung sein. Tats\u00e4chlich erlangen die T\u00e4ter durch das Herunterladen der Software aber Fernzugriff auf die PC-Systeme ihres Opfers, wodurch die Betr\u00fcger unbemerkt sensible Daten wie Passw\u00f6rter oder Bank-Zugangsdaten aussp\u00e4hen k\u00f6nnen. In einigen F\u00e4llen verlangen die Betr\u00fcger dann auch noch eine Geb\u00fchr f\u00fcr ihre angeblichen Serviceleistungen. Weigern sich die Betroffenen den Betrag zu bezahlen, wird ihnen die Sperrung des Rechners sowie der Verlust von Daten angedroht. Nicht selten gelingt es den T\u00e4tern so, an horrende Geldsummen zu gelangen.<\/p>\n\n\n\n<p>Die Betr\u00fcger haben es hier nicht immer nur auf \u00e4ltere Mitmenschen abgesehen. Jeder kann betroffen sein!<\/p>\n\n\n\n<h4 class=\"wp-block-heading\">Es muss damit gerechnet werden, dass falsche Microsoft-Mitarbeiter auch in den n\u00e4chsten Wochen versuchen werden, betr\u00fcgerisch an Geld zu gelangen. Die Polizei r\u00e4t in solchen F\u00e4llen:<\/h4>\n\n\n\n<ul><li><strong>Die Firma Microsoft f\u00fchrt solche Anrufe nicht durch (Hinweise hierzu auch auf der Microsoft-Homepage).<\/strong><\/li><li><strong>Nicht auf Anrufe von angeblichen Microsoft-Mitarbeitern eingehen und sofort auflegen.<\/strong><\/li><li><strong>Auf keinen Fall pers\u00f6nliche Daten, Bankkonto- oder Kreditkartendaten oder Zahlungsdaten wie PINs oder TANs an die Anrufer herausgeben.<\/strong><\/li><li><strong>Keine Software installieren oder installieren lassen.<\/strong><\/li><\/ul>\n\n\n\n<h4 class=\"wp-block-heading\">Wurde man bereits Opfer?<\/h4>\n\n\n\n<ul><li><strong>Rechner sofort vom Internet trennen und herunterfahren.<\/strong><\/li><li><strong>\u00dcber einen anderen nicht infizierten Rechner unverz\u00fcglich betroffene Passw\u00f6rter \u00e4ndern.<\/strong><\/li><li><strong>Rechner \u00fcberpr\u00fcfen lassen und evtl. Fernwartungsprogramm auf dem Rechner l\u00f6schen.<\/strong><\/li><li><strong>Sofort Kontakt zu den Zahlungsdiensten und Unternehmen aufnehmen, deren Zugangsdaten in den Besitz der T\u00e4ter gelangt sind.<\/strong><\/li><li><strong>Vom Geldinstitut beraten lassen, ob bereits get\u00e4tigte Zahlungen zur\u00fcckgeholt werden k\u00f6nnen.<\/strong><\/li><li><strong>Schnellstm\u00f6glich Anzeige bei der Polizei erstatten!<\/strong><\/li><\/ul>\n\n\n\n<p>Weitere Informationen zum Betrugsph\u00e4nomen finden Sie auch unter dem nachfolgenden Link der Polizeilichen Kriminalpr\u00e4vention:\u00a0<a target=\"_blank\" href=\"http:\/\/www.polizei-beratung.de\/themen-und-tipps\/betrug\/falsche-microsoft-mitarbeiter\/\" rel=\"noreferrer noopener\">www.polizei-beratung.de\/themen-und-tipps\/betrug\/falsche-microsoft-mitarbeiter\/<\/a><\/p>\n\n\n\n<h2 class=\"wp-block-heading\">(Heidelberg) &#8211; Unbekannter bel\u00e4stigt Kind in der Stra\u00dfenbahn \/ Polizei sucht Zeugen<\/h2>\n\n\n\n<div class=\"wp-block-image\"><figure class=\"aligncenter size-large\"><img decoding=\"async\" loading=\"lazy\" width=\"801\" height=\"600\" src=\"https:\/\/speyer24news.com\/wp-content\/uploads\/2020\/05\/Zeugen-gesucht-Neutral.jpg\" alt=\"\" class=\"wp-image-26598\" srcset=\"https:\/\/speyer24news.com\/wp-content\/uploads\/2020\/05\/Zeugen-gesucht-Neutral.jpg 801w, https:\/\/speyer24news.com\/wp-content\/uploads\/2020\/05\/Zeugen-gesucht-Neutral-300x225.jpg 300w, https:\/\/speyer24news.com\/wp-content\/uploads\/2020\/05\/Zeugen-gesucht-Neutral-768x575.jpg 768w, https:\/\/speyer24news.com\/wp-content\/uploads\/2020\/05\/Zeugen-gesucht-Neutral-678x509.jpg 678w, https:\/\/speyer24news.com\/wp-content\/uploads\/2020\/05\/Zeugen-gesucht-Neutral-326x245.jpg 326w, https:\/\/speyer24news.com\/wp-content\/uploads\/2020\/05\/Zeugen-gesucht-Neutral-80x60.jpg 80w\" sizes=\"(max-width: 801px) 100vw, 801px\" \/><\/figure><\/div>\n\n\n\n<p>Ein bislang unbekannter Mann bel\u00e4stigte am Dienstag in der Zeit von 18:00 Uhr bis 18:15 Uhr einen 12-j\u00e4hrigen Jungen in der Stra\u00dfenbahnlinie 24 in Richtung Rohrbach zwischen der Haltestelle Hans-Thoma-Platz\/ Handschuhsheim und der Haltestelle Bahnhof Weststadt\/S\u00fcdstadt.<\/p>\n\n\n\n<p>Der Unbekannte setzte sich in der Stra\u00dfenbahn auf den Platz neben den 12-J\u00e4hrigen und nutzte offenbar den Umstand, dass sich zum genannten Zeitpunkt nur wenige Fahrg\u00e4ste in der Bahn befanden. In der Folge versuchte der Mann das Kind in ein Gespr\u00e4ch zu verwickeln und griff hierbei mehrfach nach der Hand des Jungen. Als der Unbekannte den 12-J\u00e4hrigen dann am Oberschenkel ber\u00fchrte, gelang es diesem schlie\u00dflich die Hand des Mannes wegzuschlagen. Daraufhin lie\u00df der Unbekannte von dem Kind ab, stieg fluchtartig an der Haltestelle Bahnhof Weststadt\/S\u00fcdstadt aus und entfernte sich im Anschluss in unbekannte Richtung. Zuhause vertraute sich der 12-J\u00e4hrige seiner Mutter an, die sofort die Polizei verst\u00e4ndigte.<\/p>\n\n\n\n<p>Die Kriminalpolizeidirektion Heidelberg hat die weiteren Ermittlungen aufgenommen. Zeugen, die den Unbekannten gesehen haben sowie weitere sachdienliche Hinweise zu dem T\u00e4ter, dessen Fluchtrichtung sowie zur Situation in der Stra\u00dfenbahn geben k\u00f6nnen, werden gebeten, sich unter dem kriminalpolizeilichen Hinweistelefon, Tel.: 0621 174 4444 zu melden.<\/p>\n\n\n\n<p>Bislang ist nur bekannt, dass der Mann vermutlich keinen Mund-und Nasenschutz in der Stra\u00dfenbahn getragen hatte.<\/p>\n\n\n\n<h2 class=\"wp-block-heading\">(Heidelberg-Altstadt) &#8211; Mehrere Au\u00dfenspiegel besch\u00e4digt \/ Zeugen gesucht<\/h2>\n\n\n\n<p>In der Nacht von Montag auf Dienstag besch\u00e4digte ein bislang unbekannter T\u00e4ter gleich mehrere Au\u00dfenspiegel geparkter Fahrzeuge in der Kettengasse. Insgesamt wurden f\u00fcnf Autos besch\u00e4digt. Der Sachschaden bel\u00e4uft sich auf mindestens 1.000 Euro. Das Polizeirevier Heidelberg-Mitte hat die Ermittlungen aufgenommen. In diesem Zusammenhang suchen die Ermittler nach Zeugen. Diese werden gebeten, sich unter 06221 99-1700 zu melden.<\/p>\n\n\n\n<h2 class=\"wp-block-heading\">(Heidelberg-Handschuhsheim) &#8211; Liegeradfahrer bei Verkehrsunfall leicht verletzt \/ Verursacher fl\u00fcchtet &#8211; Zeugen gesucht<\/h2>\n\n\n\n<p>Einen Verkehrsunfall verursachte am Dienstagmorgen ein unbekannter Fahrradfahrer im Stadtteil Handschuhsheim. Ein 57-j\u00e4hriger Mann war kurz nach 8 Uhr mit seinem Liegefahrrad im Angelweg in Richtung Feldgebiet unterwegs. Zwischen Zeppelinstra\u00dfe und Andreas-Hofer-Weg fuhr ein unbekannter Fahrradfahrer aus einem Stichweg unvermittelt auf die Fahrbahn und stie\u00df mit dem Liegeradfahrer zusammen. Der 57-J\u00e4hrige st\u00fcrzte auf die Fahrbahn und zog sich leichte Verletzungen in Form von Hautabsch\u00fcrfungen zu. Der Unbekannte fuhr, ohne anzuhalten, einfach weiter.<\/p>\n\n\n\n<h4 class=\"wp-block-heading\">Folgende Beschreibung des unbekannten Fahrradfahrers konnte erlangt werden:<\/h4>\n\n\n\n<ul><li><strong>M\u00e4nnliche Person<\/strong><\/li><li><strong>Ca. 14 bis 15 Jahre alt<\/strong><\/li><li><strong>S\u00fcd- bis s\u00fcdosteurop\u00e4isches Erscheinungsbild<\/strong><\/li><li><strong>Dickliche Figur<\/strong><\/li><li><strong>Kurze schwarze Haare<\/strong><\/li><li><strong>Trug ein T-Shirt und eine schwarze lange Hose<\/strong><\/li><\/ul>\n\n\n\n<p>Zeugen, die den Unfall beobachtet haben und sachdienliche Hinweise zum Unfallverursacher geben k\u00f6nnen, werden gebeten, sich beim Polizeirevier Heidelberg-Nord, Tel.: 06221\/4569-0 zu melden.<\/p>\n\n\n\n<h2 class=\"wp-block-heading\">(Heidelberg-Wieblingen) &#8211; Polizei nimmt Exhibitionisten fest \/ Bislang unbekannte, weitere Gesch\u00e4digte gesucht<\/h2>\n\n\n\n<div class=\"wp-block-image\"><figure class=\"aligncenter size-large\"><img decoding=\"async\" loading=\"lazy\" width=\"800\" height=\"533\" src=\"https:\/\/speyer24news.com\/wp-content\/uploads\/2020\/06\/Zelle.jpg\" alt=\"\" class=\"wp-image-28203\" srcset=\"https:\/\/speyer24news.com\/wp-content\/uploads\/2020\/06\/Zelle.jpg 800w, https:\/\/speyer24news.com\/wp-content\/uploads\/2020\/06\/Zelle-300x200.jpg 300w, https:\/\/speyer24news.com\/wp-content\/uploads\/2020\/06\/Zelle-768x512.jpg 768w\" sizes=\"(max-width: 800px) 100vw, 800px\" \/><\/figure><\/div>\n\n\n\n<p>Weil er sich am Dienstag gegen 17:40 Uhr in der \u00d6ffentlichkeit in unsittlicher Weise entbl\u00f6\u00dft hatte, nahm die Polizei einen 32-J\u00e4hrigen fest.<\/p>\n\n\n\n<p>Eine 31-j\u00e4hrige Radfahrerin verst\u00e4ndigte die Polizei, nachdem sie den Mann im Bereich Neckarhamm, dortiger Fu\u00dfweg entlang des Neckars, auf einer Parkbank sitzend festgestellt hatte, wie dieser sich selbst befriedigte. Als die 31-J\u00e4hrige an dem Mann vorbeifuhr, suchte dieser gezielt den Blick der Frau, die daraufhin schnell weiterfuhr. Die 31-J\u00e4hrige gab an, dass sie kurz danach von einer ihr unbekannten Joggerin angesprochen wurde, welche die Handlungen des 32-J\u00e4hrigen ebenfalls beobachten konnte. Diese habe sich aber noch vor Eintreffen der Polizei von der \u00d6rtlichkeit entfernt.<\/p>\n\n\n\n<p>Der 32-J\u00e4hrige wurde im Rahmen der sofort eingeleiteten Fahndungsma\u00dfnahmen in der N\u00e4he des Neckarhamms kontrolliert und festgenommen. Anschlie\u00dfend musste der Mann die Beamten auf das Polizeirevier begleiten. Nach Beendigung der polizeilichen Ma\u00dfnahmen wurde der Mann schlie\u00dflich auf freien Fu\u00df gesetzt.<\/p>\n\n\n\n<p>Die Kriminalpolizeidirektion Heidelberg hat die weiteren Ermittlungen aufgenommen und bittet insbesondere die Joggerin, welche die Handlungen ebenfalls beobachten konnte, sich unter dem kriminalpolizeilichen Hinweistelefon, Tel.: 0621 174 4444 zu melden.<\/p>\n\n\n\n<h2 class=\"wp-block-heading\">(Heidelberg-Schlierbach \/ B 37) &#8211; Schwerer Verkehrsunfall in Fahrtrichtung Neckargem\u00fcnd<\/h2>\n\n\n\n<h3 class=\"has-text-align-center wp-block-heading\">Pressemitteilung Nr. 1<\/h3>\n\n\n\n<p>Am Mittwoch gegen 19:15 Uhr wurde ein Verkehrsunfall auf der Bundesstra\u00dfe 37 \/ Schlierbacher Landstra\u00dfe in Fahrtrichtung Neckargem\u00fcnd gemeldet. Rettungskr\u00e4fte und Polizei sind vor Ort. Die Richtungsfahrbahn Heidelberg-Neckargem\u00fcnd ist derzeit vollgesperrt. Der Verkehr wird an der Unfallstelle vorbeigeleitet. Bislang liegen keine Erkenntnisse zu Unfallursache und Schwere der Verletzungen der Beteiligten vor.<\/p>\n\n\n\n<h2 class=\"wp-block-heading\">(Heidelberg-Schlierbach \/ B 37) &#8211; Schwerer Verkehrsunfall in Fahrtrichtung Neckargem\u00fcnd<\/h2>\n\n\n\n<h3 class=\"has-text-align-center wp-block-heading\">Pressemitteilung Nr. 2<\/h3>\n\n\n\n<p>Seit 21:05 Uhr sind Unfallaufnahme und Bergungsarbeiten abgeschlossen, die Fahrbahn in beide Richtungen wieder frei befahrbar. Die Beamten des Verkehrsdienstes Heidelberg haben die Ermittlungen zur Unfallursache aufgenommen. Nach bisherigen Erkenntnissen befuhr ein 67-j\u00e4hriger Fahrer eines PKW VW die B 37 in Fahrtrichtung Neckargem\u00fcnd, kam aus bislang unbekannter Ursache im Bereich der Schlierbacher Landstra\u00dfe nach rechts von der Fahrbahn ab und kollidierte im weiteren Verlauf nahezu ungebremst mit einer Hauswand. Der 67-J\u00e4hrige, sowie sein 48-j\u00e4hriger Beifahrer wurden bei dem Unfall schwer, jedoch nicht lebensgef\u00e4hrlich verletzt und wurden durch den Rettungsdienst zur weiteren Behandlung in umliegende Krankenh\u00e4user verbracht. Die Sch\u00e4den an Fahrzeug und Hauswand werden insgesamt auf ca. 20.000 Euro gesch\u00e4tzt.<\/p>\n\n\n\n<h2 class=\"wp-block-heading\">(Hockenheim \/ Rhein-Neckar-Kreis) &#8211; Volltrunkener Mann beleidigt und bedroht Polizeibeamte<\/h2>\n\n\n\n<div class=\"wp-block-image\"><figure class=\"aligncenter size-large\"><img decoding=\"async\" loading=\"lazy\" width=\"640\" height=\"480\" src=\"https:\/\/speyer24news.com\/wp-content\/uploads\/2021\/04\/Alkohol.jpg\" alt=\"\" class=\"wp-image-35158\" srcset=\"https:\/\/speyer24news.com\/wp-content\/uploads\/2021\/04\/Alkohol.jpg 640w, https:\/\/speyer24news.com\/wp-content\/uploads\/2021\/04\/Alkohol-300x225.jpg 300w, https:\/\/speyer24news.com\/wp-content\/uploads\/2021\/04\/Alkohol-326x245.jpg 326w, https:\/\/speyer24news.com\/wp-content\/uploads\/2021\/04\/Alkohol-80x60.jpg 80w\" sizes=\"(max-width: 640px) 100vw, 640px\" \/><\/figure><\/div>\n\n\n\n<p>Ein volltrunkener Mann beleidigte und bedrohte am Dienstagmittag in Hockenheim zwei Polizeibeamte. Zeugen verst\u00e4ndigten kurz nach 12 Uhr die Polizei, da am Messplatz in Hockenheim eine m\u00e4nnliche Person, Passanten anp\u00f6beln w\u00fcrde. Beim Eintreffen einer Polizeistreife begann der 37-J\u00e4hrige sofort damit, die Beamten zu beleidigen und ihnen zu drohen. Zudem k\u00fcndigte er an, die Scheiben des Streifenfahrzeugs einzuschlagen. Obwohl er augenscheinlich nicht mehr dazu in der Lage war, wollte er sich mit seinem Fahrrad von der \u00d6rtlichkeit entfernen. Nach eigenen Angaben war er zuvor bereits mit dem Fahrrad gest\u00fcrzt. Eine Hautabsch\u00fcrfung am Kinn best\u00e4tigte dies. Um weiteren Schaden von ihm abzuwenden, wurde er zun\u00e4chst in Gewahrsam genommen. Bei einem Alkoholtest im Polizeirevier Hockenheim konnte ein Wert von fast 3,3 Promille ermittelt werden. Nach Abschluss der polizeilichen Ma\u00dfnahmen wurde er in die Obhut seiner Mutter gegeben.<\/p>\n\n\n\n<p>Gegen den Mann wird nun wegen Vollrausch und des Verdachts der Beleidigung und Bedrohung ermittelt.<\/p>\n\n\n\n<h2 class=\"wp-block-heading\">(A 6 bei Sinsheim \/ Rhein-Neckar-Kreis) &#8211; PKW kracht in Leitplanke \/ Fahrbahn in Richtung Heilbronn derzeit voll gesperrt<\/h2>\n\n\n\n<p>Vermutlich aufgrund nicht angepasster Geschwindigkeit auf regennasser Fahrbahn verlor am Mittwoch kurz vor 21.30 Uhr ein PKW-F\u00fchrer die Kontrolle \u00fcber sein Fahrzeug und krachte gegen die Leitplanke. Verletzt wurde niemand. Aufgrund herumliegender Fahrzeugteile wird die Fahrbahn in Richtung Heilbronn derzeit voll gesperrt.<\/p>\n\n\n\n<h2 class=\"wp-block-heading\">(A 6 bei Sinsheim \/ Rhein-Neckar-Kreis) &#8211; PKW kracht in Leitplanke \/ 3 PKW beteiligt &#8211; 4 verletzte Personen<\/h2>\n\n\n\n<h3 class=\"has-text-align-center wp-block-heading\">2. Pressemeldung<\/h3>\n\n\n\n<p>Am Mittwoch kurz vor 21.30 Uhr kam der Fahrer eines BMW aufgrund Aquaplaning ins Schleudern, prallte gegen die Betongleitwand von der er abgewiesen wurde und stie\u00df im Anschluss mit einem PKW Nissan zusammen. Die beiden PKW wurden dadurch gegen die Leitplanke geschleudert und kamen schlie\u00dflich auf der Fahrbahn zum Stehen. Ein nachfolgender Chrysler wurde in der Folge durch \u00dcberfahren herumliegender Fahrzeugteile besch\u00e4digt. Die Insassen des Nissan konnten ihr Fahrzeug nicht ohne Hilfe verlassen, da sie zwischen Leitplanke und BMW eingeklemmt waren. Nachdem sie durch die Beamten befreit werden konnten, wurden der 63-j\u00e4hrige Fahrer sowie seine 58-j\u00e4hrige Ehefrau mit leichten Verletzungen in ein Krankenhaus eingeliefert. Auch der 18-j\u00e4hrige Fahrer des BMW und sein gleichaltriger Beifahrer erlitten leichte Verletzungen und kamen ebenfalls in ein Krankenhaus. Der Fahrer des Chrysler blieb unverletzt. Aufgrund herumliegender Fahrzeugteile musste zun\u00e4chst die Fahrbahn in Richtung Heilbronn voll gesperrt werden. Nach ca. 30 min wurde der linke Fahrstreifen wieder frei gegeben. Gegen 00.45 Uhr war die Unfallaufnahme beendet und die Sperrung wurde aufgehoben. Der BMW und der Nissan mussten abegeschleppt werden. Die H\u00f6he des Sachschadens wird auf ca. 30.000,- Euro gesch\u00e4tzt.<\/p>\n\n\n\n<h2 class=\"wp-block-heading\">(Heddesheim \/ Rhein-Neckar-Kreis) &#8211; Einbruch bemerkt \/ Bewohner nehmen T\u00e4ter fest<\/h2>\n\n\n\n<p>Damit hatte ein 32-J\u00e4hriger wohl nicht gerechnet, als er am Dienstagabend versuchte in ein Haus im Ulmenweg einzubrechen: gleich mehrere Nachbarn und die Eigent\u00fcmer selbst wurden auf seinen Einbruchsversuch aufmerksam und hielten ihn bis zum Eintreffen der alarmierten Polizeibeamten fest. Zuvor hatte der T\u00e4ter die Garage des Hauses betreten und daraus einen Hammer und einen Meisel entwendet mit dem er anschlie\u00dfend versuchte die Hauseingangst\u00fcre aufzustemmen. Der Mann wurde an Ort und Stelle festgenommen &#8211; verletzt wurde niemand. Die aufmerksamen An- und Bewohner umringten den Mann, sodass dieser nicht fl\u00fcchten konnte. Gegen ihn ermittelt nun die Kriminalpolizeidirektion wegen Einbruchs.<\/p>\n","protected":false},"excerpt":{"rendered":"<div class=\"mh-excerpt\"><p>Polizeimeldungen vom Mittwoch (28.07.2021) (Speyer) &#8211; Drogen in der Handtasche Mit einer geringen Menge Drogen in der Tasche hielt sich am Dienstag eine 24-J\u00e4hrige im Woogbachpark auf. Zwei Polizeistreifen befanden sich um 18:15 Uhr auf <a class=\"mh-excerpt-more\" href=\"https:\/\/speyer24news.com\/?p=39611\" title=\"Polizei\">[&#8230;]<\/a><\/p>\n<\/div>","protected":false},"author":3,"featured_media":26162,"comment_status":"open","ping_status":"open","sticky":false,"template":"","format":"standard","meta":{"_monsterinsights_skip_tracking":false,"_monsterinsights_sitenote_active":false,"_monsterinsights_sitenote_note":"","_monsterinsights_sitenote_category":0,"footnotes":""},"categories":[12],"tags":[3614,702,61,2555,6955,6986,6263,63,105,11150,6987,53,4854,4683,1548,102,213,55,5261,103,106,2803,2423,427,2625,380,62,104,979,1565],"aioseo_notices":[],"amp_enabled":true,"_links":{"self":[{"href":"https:\/\/speyer24news.com\/index.php?rest_route=\/wp\/v2\/posts\/39611"}],"collection":[{"href":"https:\/\/speyer24news.com\/index.php?rest_route=\/wp\/v2\/posts"}],"about":[{"href":"https:\/\/speyer24news.com\/index.php?rest_route=\/wp\/v2\/types\/post"}],"author":[{"embeddable":true,"href":"https:\/\/speyer24news.com\/index.php?rest_route=\/wp\/v2\/users\/3"}],"replies":[{"embeddable":true,"href":"https:\/\/speyer24news.com\/index.php?rest_route=%2Fwp%2Fv2%2Fcomments&post=39611"}],"version-history":[{"count":1,"href":"https:\/\/speyer24news.com\/index.php?rest_route=\/wp\/v2\/posts\/39611\/revisions"}],"predecessor-version":[{"id":39616,"href":"https:\/\/speyer24news.com\/index.php?rest_route=\/wp\/v2\/posts\/39611\/revisions\/39616"}],"wp:featuredmedia":[{"embeddable":true,"href":"https:\/\/speyer24news.com\/index.php?rest_route=\/wp\/v2\/media\/26162"}],"wp:attachment":[{"href":"https:\/\/speyer24news.com\/index.php?rest_route=%2Fwp%2Fv2%2Fmedia&parent=39611"}],"wp:term":[{"taxonomy":"category","embeddable":true,"href":"https:\/\/speyer24news.com\/index.php?rest_route=%2Fwp%2Fv2%2Fcategories&post=39611"},{"taxonomy":"post_tag","embeddable":true,"href":"https:\/\/speyer24news.com\/index.php?rest_route=%2Fwp%2Fv2%2Ftags&post=39611"}],"curies":[{"name":"wp","href":"https:\/\/api.w.org\/{rel}","templated":true}]}}